{"id":8108,"date":"2024-04-07T18:41:22","date_gmt":"2024-04-07T18:41:22","guid":{"rendered":"https:\/\/kofe.hu\/parola\/?p=8108"},"modified":"2024-04-10T16:29:35","modified_gmt":"2024-04-10T16:29:35","slug":"eloszo-helyett","status":"publish","type":"post","link":"https:\/\/kofe.hu\/parola\/parola-folyoirat\/eloszo-helyett\/","title":{"rendered":"El\u0151sz\u00f3 helyett"},"content":{"rendered":"<p>Ebben a sz\u00e1munkban egy \u00e9rdekes k\u00eds\u00e9rletre v\u00e1llalkoztunk azzal a c\u00e9llal, hogy a polg\u00e1ri \u00f6ntev\u00e9kenys\u00e9gr\u0151l (\u00e1tt\u00e9telesen a polg\u00e1rias magatart\u00e1sr\u00f3l is) \u00edrjunk.<br \/>\nSzerkeszt\u0151s\u00e9g\u00fcnk \u00fagy d\u00f6nt\u00f6tt, hogy ez\u00fattal err\u0151l a t\u00e9m\u00e1r\u00f3l nem tudom\u00e1nyos essz\u00e9t, nem is veretes szakirodalmat kutatunk, nem riportban sz\u00e1molunk be egy (vagy t\u00f6bb) figyelemre m\u00e9lt\u00f3 gyakorlati esettanulm\u00e1nyban, hanem vill\u00e1minterj\u00fak kereteiben egy nyilatkozat-l\u00e1ncolatot \u00e1ll\u00edtunk \u00f6ssze.<br \/>\nUgyanazt a k\u00e9rd\u00e9st tett\u00fck fel a k\u00f6rnyezet\u00fcnkben vagy t\u0151l\u00fcnk t\u00e1volabb l\u00e9v\u0151, k\u00fcl\u00f6nb\u00f6z\u0151 foglalkoz\u00e1s\u00fa, kor\u00fa, elt\u00e9r\u0151 tapasztalatokkal \u00e9s h\u00e1tt\u00e9rrel rendelkez\u0151 embereknek. \u00c9l\u0151sz\u00f3ban, telefonon vagy \u00edr\u00e1sban.<\/p>\n<p>Ett\u0151l sokf\u00e9le megfogalmaz\u00e1s\u00fa n\u00e9z\u0151pontot rem\u00e9lt\u00fcnk \u2013 \u00e9s val\u00f3ban ilyen v\u00e1laszokat kaptunk. Ezek hossz\u00fas\u00e1gban, r\u00f6gt\u00f6nz\u00f6tt- vagy elm\u00e9ly\u00fclt megfogalmaz\u00e1saikban, a t\u00e9m\u00e1hoz val\u00f3 kapcsol\u00f3d\u00e1saikban is nagyon k\u00fcl\u00f6nb\u00f6z\u0151ek lettek. Ezeket a v\u00e1laszokat gy\u0171jt\u00f6tt\u00fck egy csokorba \u00e9s minden reflexi\u00f3 n\u00e9lk\u00fcl sorakoztatjuk most f\u00f6l a kedves olvas\u00f3knak.<\/p>\n<p style=\"text-align: right;\"><em>Dudok D\u00e1vid \u00e9s P\u00e9terfi Ferenc<br \/>\n<\/em>szerkeszt\u0151k<\/p>\n<p><strong>Mit jelent sz\u00e1modra a polg\u00e1ri \u00f6ntev\u00e9kenys\u00e9g?<\/strong><\/p>\n<p>&#8211; Most nem tudn\u00e9k egy nagyon alapos v\u00e1laszt adni r\u00e1, ami hirtelen eszembe tud jutni: szerintem az \u00e1llampolg\u00e1ri cselekv\u0151k\u00e9pess\u00e9g, hogy <span style=\"text-decoration: underline; color: #993300;\"><strong>nem azt v\u00e1rjuk el, hogy az \u00e1llam tesz \u00e9rt\u00fcnk<\/strong><\/span>, hanem magunk szervezz\u00fck. Ak\u00e1r a helyi k\u00f6z\u00f6ss\u00e9gekben, lak\u00f3hely\u00fcnk\u00f6n olyan \u00fcgyek megold\u00e1s\u00e1t keress\u00fck, amelyek sz\u00e1munkra el\u0151j\u00f6nnek, kih\u00edv\u00e1st jelentenek, \u00e9s nem v\u00e1runk arra, hogy ezt valaki megoldja, hanem mi <span style=\"text-decoration: underline; color: #993300;\"><strong>magunk cseleksz\u00fcnk<\/strong><\/span> az\u00e9rt, hogy ezek a kih\u00edv\u00e1sok vagy probl\u00e9m\u00e1k megold\u00e1st tal\u00e1ljanak. Ez, hogy szervezz\u00fck magunkat, szervezz\u00fck a k\u00f6z\u00f6ss\u00e9g\u00fcnket, sz\u00e1momra legink\u00e1bb \u00edgy els\u0151re hirtelen ez az, ami eszembe jut a polg\u00e1ri \u00f6ntev\u00e9kenys\u00e9gr\u0151l.<br \/>\nHogy kinek a dolga lehet ezt tan\u00edtani, megszervezni? Ez v\u00e1ltozott az elm\u00falt \u00e9vtizedekben, most m\u00e1r magunkt\u00f3l is nagyon sok olyan technik\u00e1t el tudunk saj\u00e1t\u00edtani, r\u00e1 tudunk keresni, ami mondjuk 20-30 \u00e9vvel ezel\u0151tt nehezebb volt, mert egy k\u00f6nyvt\u00e1rban is nagyon nehezen tudtuk, hogy melyik polchoz menj\u00fcnk, \u00e9s milyen k\u00f6nyvet emelj\u00fcnk le. Sokat hozz\u00e1 lehet ma olvasni, ha mondjuk az ember az internetet haszn\u00e1lja. Legink\u00e1bb szerintem <span style=\"text-decoration: underline; color: #993300;\"><strong>egym\u00e1st\u00f3l tudunk tapasztalatcser\u00e9n kereszt\u00fcl tanulni<\/strong><\/span>. Teh\u00e1t az ember, amikor egy ilyen k\u00f6z\u00f6ss\u00e9gbe beker\u00fcl, vagy r\u00e1keres olyan k\u00f6z\u00f6ss\u00e9gekre, akikr\u0151l tudja, hogy helyi \u00fcgyek, probl\u00e9m\u00e1k, valamif\u00e9le <span style=\"text-decoration: underline; color: #993300;\"><strong>t\u00e1rsadalmi \u00fcgy megold\u00e1s\u00e1n<\/strong><\/span> dolgoznak, akkor vel\u00fck val\u00f3 tapasztalatcser\u00e9n kereszt\u00fcl. Szerintem ez tud lenni a leghat\u00e9konyabb.<br \/>\n(K\u00f6z\u00e9pkor\u00fa f\u00e9rfi, f\u0151v\u00e1rosi k\u00f6z\u00f6ss\u00e9gi szervezet vezet\u0151je)<\/p>\n<p>&#8211; Nekem az jutott r\u00f3la eszembe, hogy <span style=\"text-decoration: underline; color: #993300;\"><strong>valamilyen \u00fcgy mellett vagy ellen az<\/strong><\/span> \u00e1llampolg\u00e1rok szervez\u0151dnek, \u00e9s hogy sz\u00e1momra az lenne az ide\u00e1lis, hogyha ennek nem lenne valamilyen politikai er\u0151 \u00e1ltali szervez\u00e9se, teh\u00e1t nem a helyi k\u00e9pvisel\u0151 kezden\u00e9 el \u00f6sszegy\u0171jteni az embereket, hanem saj\u00e1t magukt\u00f3l ismern\u00e9k fel a probl\u00e9m\u00e1t. Nekem a z\u00f6ld dolgok ugranak be r\u00f3la, igaz\u00e1b\u00f3l egy t\u00fcntet\u00e9s vagy egy demonstr\u00e1ci\u00f3 is annak sz\u00e1m\u00edt.<br \/>\n(Budapesti egyetemista)<\/p>\n<p>&#8211; Mind a c\u00e9ges m\u0171k\u00f6d\u00e9sben, mind a csal\u00e1dban \u00e9s a k\u00f6z\u00f6ss\u00e9geimben nagyon fontos \u00e9rt\u00e9k \u00e9s norma sz\u00e1momra. Igaz\u00e1n j\u00f3l azokban a szervezetekben \u00e9s csoportokban \u00e9reztem magam, ahol az emberek nagy r\u00e9sz\u00e9n\u00e9l jelen volt valamennyire ez a viselked\u00e9si m\u00f3d. Azonban nem lehetek olyan naiv, hogy kijelentsem, hogy rendszeresen megjelent. Ahol igen, ott egyre ink\u00e1bb ez lett a norm\u00e1lis, ott a proakt\u00edv 3-4 ember mag\u00e1val vitte a csapatot, amennyiben volt energi\u00e1ja \u00e9s t\u00fcrelme hozz\u00e1 az els\u0151 id\u0151szakban. Lok\u00e1lisan szepar\u00e1lt helyzetekben m\u0171k\u00f6d\u00f6tt igaz\u00e1n, ahol <span style=\"text-decoration: underline; color: #993300;\"><strong>rendszeresen tal\u00e1lkoztak az emberek<\/strong><\/span>, volt szem\u00e9lyes kapcsolat. Nagyobb k\u00f6z\u00f6ss\u00e9gben csak akkor m\u0171k\u00f6d\u00f6tt, ha volt m\u00faltunk, vagy egy\u00fctt tanultunk valahol, vagy egy\u00fctt dolgoztunk valahol, vagy hosszan bar\u00e1tkoztunk.<br \/>\nNagyon fontos a k\u00f6zeg, ha valaki nem foglalkozik professzion\u00e1lisan k\u00f6z\u00f6ss\u00e9g szervez\u00e9s\u00e9vel, akkor ott <span style=\"text-decoration: underline; color: #993300;\"><strong>\u00e1ltal\u00e1ban valamilyen hi\u00e1ny vagy sz\u00fcks\u00e9glet induk\u00e1lja<\/strong><\/span> a r\u00e9szv\u00e9telt. Annak megtapasztal\u00e1sa, hogy k\u00f6z\u00f6sen valami megy, s\u0151t sokkal jobban megy, mint egyed\u00fcl, nagyon fontos. Amennyiben valaki \u00fagy n\u0151 fel, hogy majdnem mindent k\u00e9szen kap, vagy soha nem kap seg\u00edts\u00e9get, nagyon neh\u00e9z \u00e9rz\u00e9keny\u00edteni a felel\u0151ss\u00e9gre, a proaktivit\u00e1sra.<\/p>\n<p>Volt olyan munkahelyem, ahol munk\u00e1b\u00f3l kies\u0151, neh\u00e9z k\u00f6r\u00fclm\u00e9nyek k\u00f6z\u00f6tt \u00e9l\u0151 munkat\u00e1rsunkat seg\u00e9lyezt\u00fck (anyagilag) egy bizonyos ideig. A gyerekemn\u00e9l\u00a0a\u00a0sz\u00fcl\u0151k \u00f6sszefogtak, hogy ne unalmas teremben tanuljanak a gyerekek, ny\u00e1ron bolyg\u00f3kkal kifestett szuper termet var\u00e1zsoltunk bel\u0151le, ami m\u00e9g 15 \u00e9v m\u00falva is\u00a0ugyan\u00fagy v\u00e1rta a kicsiket. \u00d6nk\u00e9ntesk\u00e9nt erd\u00e9lyi gyerekeket korrepet\u00e1lunk online. Zar\u00e1ndoklatot szerveznek \u00f6nk\u00e9ntesek rendszeresen \u00e9vek \u00f3ta, amin csak r\u00e9szt veszek. Erd\u0151takar\u00edt\u00e1s a lak\u00f3helyen.<br \/>\n(Megyesz\u00e9khelyen \u00e9l\u0151<strong>, <\/strong>58<strong>\u00a0<\/strong>\u00e9ves n\u0151)<\/p>\n<p>&#8211; P\u00e9ld\u00e1ul <span style=\"text-decoration: underline; color: #993300;\"><strong>egy adott telep\u00fcl\u00e9snek a lakosai egy \u00fcgyben<\/strong> <strong>\u00f6sszefognak, hogy csin\u00e1ljanak valamit<\/strong><\/span>, p\u00e9ld\u00e1ul a k\u00f6zterek takar\u00edt\u00e1sa vagy a foly\u00f3part megtiszt\u00edt\u00e1sa. Teh\u00e1t van egy probl\u00e9ma, \u00e9s akkor azt \u0151k meg szeretn\u00e9k oldani, mert nincs megold\u00e1s mondjuk az \u00f6nkorm\u00e1nyzat r\u00e9sz\u00e9r\u0151l vagy b\u00e1rmilyen hat\u00f3s\u00e1g r\u00e9sz\u00e9r\u0151l. Ami p\u00e9ld\u00e1t eml\u00edtettem, k\u00f6rnyezetv\u00e9delmi akci\u00f3k. Amikor \u00f6nk\u00e9ntes voltam, akkor p\u00e9ld\u00e1ul t\u00f6bbsz\u00f6r volt, hogy szervezt\u00fcnk ilyen kl\u00edmaakci\u00f3t, \u00e9s a foly\u00f3partot tiszt\u00edtottuk meg. De p\u00e9ld\u00e1ul ilyen \u00f6nszervez\u0151d\u00e9s volt a saj\u00e1t telep\u00fcl\u00e9semen is, amikor fel\u00faj\u00edtottuk egy \u00e1sv\u00e1nyv\u00edzforr\u00e1snak a k\u00f6rny\u00e9k\u00e9t, mert az is polg\u00e1ri kezdem\u00e9nyez\u00e9s volt, \u00e9s akkor \u00fagy \u00fcltek k\u00f6r\u00e9 a t\u00f6bbiek, ilyesmi.<br \/>\n(Budapesti egyetemista)<\/p>\n<p>&#8211; Mag\u00e1r\u00f3l a kifejez\u00e9sr\u0151l, hogy polg\u00e1ri \u00f6ntev\u00e9kenys\u00e9g az, jut eszembe, hogy ez egy humbug.<br \/>\nUgyanis mi k\u00f6ze a polg\u00e1rs\u00e1gnak az \u00f6ntev\u00e9kenys\u00e9ghez? Pontosabban mi\u00e9rt kellene ezt kiemelni? <span style=\"text-decoration: underline; color: #993300;\"><strong>\u00d6ntev\u00e9keny lehet b\u00e1rki<\/strong><\/span>. Az a falugazd\u00e1sz, aki a kukoric\u00e1j\u00e1t egyengeti; lehet az, aki egyetemen tan\u00edt, t\u00f6k mindegy, sz\u00f3val \u00f6ntev\u00e9kenys\u00e9ge is k\u00e9ne. A polg\u00e1ri kifejez\u00e9s nyilv\u00e1n valami c\u00e9llal van odat\u00e9ve. Ilyenkor elgondolkodom, hogy ez vajon valami k\u00f6z\u00e9poszt\u00e1lynak sz\u00e1nt tev\u00e9kenys\u00e9gi kateg\u00f3ria lehet? Nem tudom, nem tal\u00e1lom \u00e9rtelmesen a kifejez\u00e9st mag\u00e1t.<br \/>\nHogyha elfogadom azt a megk\u00f6zel\u00edt\u00e9st, amit az abszol\u00fat j\u00f3 sz\u00e1nd\u00e9k vez\u00e9rel, akkor onnan indulok ki, hogy ez azt jelenti, hogy <span style=\"text-decoration: underline; color: #993300;\"><strong>nem v\u00e1r fels\u0151 utas\u00edt\u00e1sra<\/strong><\/span>, vagy nem v\u00e1r t\u00f6rv\u00e9nyi el\u0151\u00edr\u00e1sokra az illet\u0151, aki csin\u00e1l valamit, hanem valamit j\u00f3nak \u00e9s helyesnek l\u00e1t, \u00e9s \u00fagy gondolja, hogy <span style=\"text-decoration: underline; color: #993300;\"><strong>tesz \u00e9rte valamit<\/strong><\/span>. \u00c9s ez ilyen egyszer\u0171, \u00e9s adott esetben lehet egy kultur\u00e1lis l\u00e9p\u00e9s, lehet egy sportl\u00e9p\u00e9s, ak\u00e1r politikai l\u00e9p\u00e9s is lehet, teljesen mindegy.<br \/>\nHogy m\u00e1sokkal egy\u00fctt csin\u00e1lni valamit, \u0151ket is bevonni \u2013 ez m\u00e1r szerintem t\u00fall\u00e9p az \u00f6ntev\u00e9kenys\u00e9g keretein. Az \u00f6ntev\u00e9kenys\u00e9g az, amit \u0151 maga csin\u00e1l, amit \u0151 maga akar csin\u00e1lni. Ha m\u00e1sokat is bevon, az m\u00e1r szervez\u00e9si tev\u00e9kenys\u00e9g, az m\u00e1r szerintem m\u00e1s kateg\u00f3ria. Az m\u00e1r nem az \u00f6ntev\u00e9kenys\u00e9g.<br \/>\n(Pest megy\u00e9ben \u00e9l\u0151, nyugd\u00edjas m\u00e9rn\u00f6k)<\/p>\n<p>&#8211; Ebben mindenk\u00e9ppen van valami akt\u00edv munk\u00e1ja valakiknek, akik elind\u00edtj\u00e1k.<br \/>\nAk\u00e1r az, hogy h\u00e1zr\u00f3l h\u00e1zra j\u00e1rni, ak\u00e1r az, hogy valahol valamit ki\u00edrni, vagy \u00f6sszeh\u00edvni valami gy\u00fclekez\u00e9st, \u00e9s akkor ott megvitatni valamit. B\u00e1r szerintem k\u00f6nnyebben elj\u00f6nnek az emberek egy ilyen f\u00f3rumra, hogyha m\u00e1r ismerik a szervez\u0151t. Szerintem egy\u00e9bk\u00e9nt vannak az\u00e9rt ilyen \u00f6nszervez\u0151d\u00e9sek, vannak mindenf\u00e9le egyes\u00fcletek, alap\u00edtv\u00e1nyok, sz\u00f6vetkezetek.<br \/>\n(F\u0151v\u00e1rosi egyetemista)<\/p>\n<p>&#8211; Az ilyen \u00f6ntev\u00e9kenys\u00e9gre <span style=\"text-decoration: underline; color: #993300;\"><strong>j\u00f3 keretet k\u00edn\u00e1l<\/strong><\/span> az Egyes\u00fcl\u00e9sr\u0151l sz\u00f3l\u00f3 t\u00f6rv\u00e9nynek az a paragrafusa, amelyben a hagyom\u00e1nyosabb szervezeti form\u00e1k \u2013 az egyes\u00fcletek, alap\u00edtv\u00e1nyok, sz\u00f6vets\u00e9gek \u2013 mellett megtal\u00e1lhat\u00f3 a civil t\u00e1rsas\u00e1g mint szab\u00e1lyozott jogi forma is.<br \/>\nEz sokkal rugalmasabb a hagyom\u00e1nyosakn\u00e1l, vannak olyan \u00f6ntev\u00e9keny szervez\u0151d\u00e9sek, amelyekre ezt a keretet tipikusan haszn\u00e1lj\u00e1k.<a href=\"#_ftn1\" name=\"_ftnref1\"><sup>[1]<\/sup><\/a><br \/>\nUgyan\u00edgy, a civil t\u00e1rsas\u00e1gok egy m\u00e1sik gyakori form\u00e1ja az asztalt\u00e1rsas\u00e1g, amely t\u00f6bbnyire vitak\u00f6r\u00f6knek \u00e9s hasonl\u00f3 \u00f6sszefog\u00e1sokhoz szint\u00e9n nagy szabads\u00e1got biztos\u00edt az \u00f6ntev\u00e9kenys\u00e9gnek.<br \/>\n(Pest megy\u00e9ben \u00e9l\u0151, nyugd\u00edjas k\u00f6zigazgat\u00e1si \u00e9s v\u00e1laszt\u00e1si szak\u00e9rt\u0151)<\/p>\n<p>&#8211; Valami <span style=\"text-decoration: underline; color: #993300;\"><strong>\u00fcgy ment\u00e9n \u00f6ssze\u00e1llnak emberek \u00e9s valamit tesznek<\/strong><\/span>. Ami eszembe jutott el\u0151sz\u00f6r, hogy p\u00e9ld\u00e1ul van egy olyan szervezet, ahol \u00f6ssze\u00fclnek emberek \u00e9s f\u0151znek, \u00e9s azt\u00e1n kiosztj\u00e1k a kaj\u00e1t. \u00c9s \u00fagy \u00e9rzem, hogy ez egy nagyon j\u00f3 p\u00e9ld\u00e1ja ennek.<br \/>\nMeg nekem is a t\u00fcntet\u00e9s jutott eszembe, meg mondjuk a lak\u00e1smenet.<br \/>\n(Budapesti egyetemista)<\/p>\n<p>&#8211; Kor\u00e1bban azt mondtam volna, hogy ez ilyen polg\u00e1ri huncuts\u00e1g, amit m\u00e1sok csin\u00e1lnak. De most pedig m\u00e1r azt gondolom err\u0151l, hogy polg\u00e1ri \u00f6ntev\u00e9kenys\u00e9g az is, hogy \u00e9n b\u00e1rmit a h\u00e9tk\u00f6znapokban fontosnak tartok, \u00e9s az\u00e9rt teszek. P\u00e9ld\u00e1ul, hogy itt vagyok a Civil R\u00e1di\u00f3ban, vagy p\u00e9ld\u00e1ul, hogy a Parola sz\u00e1m\u00e1t szerkesztem, vagy p\u00e9ld\u00e1ul \u00fagy gondolom, hogy az egyetemen v\u00e9gzett tev\u00e9kenys\u00e9gem el\u00e9gg\u00e9 fontos sz\u00e1momra. Sz\u00f3val szerintem ennek a kifejez\u00e9snek igaz\u00e1b\u00f3l k\u00e9t l\u00e1ba van. Az egyik pontosan ez a <em>polg\u00e1ri<\/em>, hogy legyen valami olyan benyom\u00e1sunk vagy attit\u0171d\u00fcnk, megl\u00e1t\u00e1sunk saj\u00e1t magunkr\u00f3l, hogy <span style=\"text-decoration: underline; color: #993300;\"><strong>k\u00e9pesek vagyunk valamire<\/strong><\/span>, \u00e9s mi <span style=\"text-decoration: underline; color: #993300;\"><strong>ez\u00e9rt tenni tudunk valamit, \u00e9s ezt nem m\u00e1sok csin\u00e1lj\u00e1k, hanem mi vagy \u00e9n csin\u00e1lom<\/strong><\/span>. \u00c9s igen, az \u00f6nbizalom ennek egy nagyon fontos jellemz\u0151je.<br \/>\nA m\u00e1sik, hogy \u00f6ntev\u00e9kenys\u00e9g. Ez azt jelenti, hogy \u00e9n a saj\u00e1t id\u0151mb\u0151l, a <span style=\"text-decoration: underline; color: #993300;\"><strong>saj\u00e1t akaratomb\u00f3l \u00e9s a saj\u00e1t energiaforr\u00e1saimb\u00f3l vagy er\u0151forr\u00e1saimb\u00f3l haszn\u00e1lok fel hozz\u00e1 valamit<\/strong><\/span>, mert fontosnak gondolom ezeket a dolgokat, fontosnak gondolom azt, hogy tegyek valamit ak\u00e1r magam\u00e9rt, ak\u00e1r a k\u00f6z\u00f6ss\u00e9gem\u00e9rt.<br \/>\n(Kom\u00e1rom-Esztergom v\u00e1rmegy\u00e9ben \u00e9l\u0151, egyetemi tan\u00e1r, harmincas f\u00e9rfi)<\/p>\n<p>&#8211; Szerintem az embereknek manaps\u00e1g Magyarorsz\u00e1gon nincs sok kedve ehhez. Sokszor m\u00e1s alapvet\u0151 ig\u00e9nyek h\u00e1tt\u00e9rbe helyezik a polg\u00e1ri \u00f6ntev\u00e9kenys\u00e9get. Itt, Pesten egy\u00e9bk\u00e9nt szerintem el\u00e9g sok ilyen van. Nekem r\u00f6gt\u00f6n a legut\u00f3bbi tapasztalatom a TASZ-szal volt ezzel kapcsolatban, t\u0151l\u00fck tanultam \u00e9s tudtam meg dolgokat.<br \/>\n(Budapesti egyetemista)<\/p>\n<p>&#8211; P\u00e9ld\u00e1ul a Zs\u00e1mboki Biokert az egy olyan szervez\u0151d\u00e9s, nem tudom, hogy ez \u00edgy \u00f6nszervez\u0151d\u00e9snek sz\u00e1m\u00edt-e, de szerintem igen. Onnan szoktam venni a z\u00f6lds\u00e9get, \u00fagyhogy p\u00e9ld\u00e1ul ez jut eszembe.<br \/>\n(Budapesten tanul\u00f3 egyetemista)<\/p>\n<p>&#8211; A polg\u00e1ri \u00f6ntev\u00e9kenys\u00e9g oka lehet egyr\u00e9szt az, hogy az ember hasonsz\u0151r\u0171ekkel tal\u00e1lkozhasson, mert nyilv\u00e1n az \u00f6ntev\u00e9kenys\u00e9geink sor\u00e1n fogunk olyanokkal \u00f6sszej\u00f6nni, akik hasonl\u00f3an gondolkodnak, mint mi. M\u00e1sr\u00e9szt pedig, hogy olyan hi\u00e1nyokat p\u00f3toljunk, amik szervezett vagy m\u00e1s szint\u0171 keretek k\u00f6z\u00f6tt nem tudnak megold\u00f3dni.<br \/>\nTeh\u00e1t akkor lesz ez \u00e9letk\u00e9pes, ha nyilv\u00e1nval\u00f3 k\u00fcls\u0151 sz\u00fcks\u00e9gletekre is reag\u00e1l. De ugyanakkor szerintem ez <span style=\"text-decoration: underline; color: #993300;\"><strong>a tev\u00e9kenys\u00e9g bels\u0151 lelki sz\u00fcks\u00e9gleteket is jelent<\/strong><\/span>.<br \/>\nSz\u00f3val, \u00fagy gondolom, hogy igen, van egy csom\u00f3 feladat, amik r\u00e9szfeladatok, meg nem \u00f3ri\u00e1s horderej\u0171ek, de m\u00e9gis fontosak. \u00c9s ezeken a ter\u00fcleteken <strong><span style=\"text-decoration: underline; color: #993300;\">az ember \u00fajra fontosnak \u00e9rezheti mag\u00e1t<\/span>.<br \/>\n<\/strong>(Nyugd\u00edjas, k\u00e9zm\u0171vess\u00e9ggel \u00e9s k\u00f6z\u00f6ss\u00e9gekkel foglalkoz\u00f3 szakember)<\/p>\n<p>&#8211; Most \u00edgy hirtelen \u00f6nk\u00e9ntes t\u0171zolt\u00f3 egyes\u00fclet jutott eszembe, nem tudom, mi\u00e9rt, de az ilyenekre tudn\u00e9k gondolni<strong>. <\/strong><span style=\"text-decoration: underline; color: #993300;\"><strong>\u00d6nk\u00e9ntes alapon<\/strong><\/span>, t\u0171zolt\u00f3k, rend\u0151r\u00f6k, helyi biztons\u00e1gi fel\u00fcgyel\u0151k.<\/p>\n<p>&#8211; Az egy\u00fcttm\u0171k\u00f6d\u00e9s a szerepl\u0151k k\u00f6z\u00f6tt, a partners\u00e9g, a probl\u00e9m\u00e1kra adott kompromisszumos v\u00e1laszok a polg\u00e1rok k\u00f6z\u00f6tt \u2013 ez jellemzi.<br \/>\n(A f\u0151v\u00e1rosban tanul\u00f3 egyetemist\u00e1k)<\/p>\n<p>-Polg\u00e1ri \u00f6nszervez\u0151d\u00e9s: Egy m\u0171velt \u00e9s egzisztenci\u00e1lisan (viszonylag) f\u00fcggetlen t\u00e1rsadalmi r\u00e9teg (polg\u00e1rs\u00e1g) ebben a form\u00e1ban\u00a0el\u00e9g\u00edti ki a k\u00f6z\u00f6ss\u00e9gi gondolkod\u00e1s \u00e9s cselekv\u00e9s ir\u00e1nti ig\u00e9ny\u00e9t.<br \/>\nR\u00e9szt venni a k\u00f6z\u00f6s \u00fcgyeink rendez\u00e9s\u00e9ben a <span style=\"text-decoration: underline;\"><strong><span style=\"color: #993300; text-decoration: underline;\">szubszidiarit\u00e1<\/span>s<\/strong> <\/span>alapelvei szerint. Auton\u00f3m cselekv\u00e9sben az egy\u00e9n, csoport, k\u00f6z\u00f6ss\u00e9g maga d\u00f6nthet \u00e9s cselekedhet a k\u00f6zvetlen\u00fcl \u0151t \u00e9rint\u0151 k\u00e9rd\u00e9sekben (pl. egy iskola \u00e9let\u00e9nek szervez\u00e9se \u00e9s ir\u00e1ny\u00edt\u00e1sa a helyi sz\u00fcl\u0151k, pedag\u00f3gusok, di\u00e1kok r\u00e9szv\u00e9tel\u00e9vel).<br \/>\nL\u00e1tom a hazai k\u00f6z\u00f6ss\u00e9gszervez\u0151k munk\u00e1j\u00e1t \u00e9s eredm\u00e9nyeit, tal\u00e1lkozom j\u00f3 gyakorlatokkal. Valami van, de nem az igazi. Magyarorsz\u00e1gon nem alakult ki az a polg\u00e1rs\u00e1g, amelyik megteremtette \u00e9s fenntartotta volna a val\u00f3di polg\u00e1ri \u00f6nszervez\u0151d\u00e9st.<br \/>\nA m\u0171k\u00f6d\u0151 j\u00f3 gyakorlatok \u2013 a k\u00f6z\u00f6ss\u00e9gszervez\u00e9s term\u00e9szet\u00e9nek megfelel\u0151en \u2013 <span style=\"text-decoration: underline; color: #993300;\"><strong>k\u00f6zvetlen \u00e9rdekalap\u00fa szervez\u0151d\u00e9sek<\/strong><\/span>, amelyek f\u0151k\u00e9nt v\u00e9szhelyzetekre reag\u00e1lnak t\u00f6bb-kevesebb sikerrel (Tatai-t\u00f3, akkugy\u00e1rak).<br \/>\nNemigen l\u00e1tok olyan <span style=\"text-decoration: underline; color: #993300;\"><strong>\u00e9rt\u00e9kalap\u00fa k\u00f6z\u00f6ss\u00e9gi szervez\u0151d\u00e9seket<\/strong><\/span>, amelyek k\u00f6z\u00e9p- \u00e9s hossz\u00fat\u00e1von is \u00e9letk\u00e9pesek lenn\u00e9nek. Ezeket a kezdem\u00e9nyez\u00e9seket t\u00f6bbnyire r\u00f6vid id\u0151n bel\u00fcl sz\u00e9tzil\u00e1lja az egy\u00e9ni \u00e9rdekek harca. Mintha hi\u00e1nyozna az egy\u00e9bk\u00e9nt kamp\u00e1nyszer\u0171en felizz\u00f3 szolidarit\u00e1s, az \u00e1ldozatv\u00e1llal\u00e1s \u00e9s a felel\u0151ss\u00e9gv\u00e1llal\u00e1s. Nincs egy szil\u00e1rd erk\u00f6lcsi talapzat, amire az \u00f6nszervez\u0151d\u00e9s fel\u00e9p\u00edthet\u0151.<br \/>\n(64 \u00e9ves, f\u00e9rfi, dr\u00e1matan\u00e1r, k\u00f6z\u00f6ss\u00e9gszervez\u0151, aki egy 70 lelkes telep\u00fcl\u00e9sen \u00e9l, Zal\u00e1ban)<\/p>\n<p>&#8211; \u00c9n az <span style=\"text-decoration: underline; color: #993300;\"><strong>\u00e9rdek\u00e9rv\u00e9nyes\u00edt\u00e9st<\/strong><\/span> emeln\u00e9m ki.\u00a0 Most legutolj\u00e1ra p\u00e9ld\u00e1ul ez a t\u00fcntet\u00e9s (a gyermekek v\u00e9delm\u00e9\u00e9rt), amit influenszerek szerveztek, szerintem az tekinthet\u0151 polg\u00e1ri \u00f6nszervez\u0151d\u00e9snek.<\/p>\n<p>&#8211; Nem valaki \u00e1ltal j\u00f6nnek \u00f6ssze a szem\u00e9lyek, hanem egy <span style=\"text-decoration: underline; color: #993300;\"><strong>saj\u00e1t c\u00e9l \u00e9rdek\u00e9ben, saj\u00e1t m\u00f3don megszervezve<\/strong>, <strong>nem egy int\u00e9zm\u00e9ny vagy egy fels\u0151bb hatalom \u00e1ltal<\/strong><\/span>.<br \/>\n(A f\u0151v\u00e1rosban tanul\u00f3 egyetemist\u00e1k)<\/p>\n<p>&#8211; Az \u00f6nszervez\u0151d\u00e9s, a r\u00e9szv\u00e9telis\u00e9g \u00e9s az auton\u00f3mia h\u00e1rom nagyon szorosan \u00f6sszef\u00fcgg\u0151 cselekv\u00e9s.\u00a0 Sz\u00e1momra els\u0151dlegesen k\u00f6z\u00f6ss\u00e9get felt\u00e9teleznek a gyakorl\u00e1s\u00e1hoz.<\/p>\n<p><em>Cs\u00e1nyi Vilmos<\/em> szerint \u201ea k\u00f6z\u00f6ss\u00e9g hi\u00e1nyzik az \u00e9let\u00fcnkb\u0151l, nem az \u00e1llam.\u201d<br \/>\nAz egy\u00e9nek \u00e9s \u00e9n magam is <span style=\"text-decoration: underline; color: #993300;\"><strong>k\u00fcl\u00f6nb\u00f6z\u0151 \u00fcgyek ment\u00e9n<\/strong><\/span>, amelyr\u0151l hasonl\u00f3an gondolkodunk, illetve, <span style=\"text-decoration: underline; color: #993300;\"><strong>amelyet fontosnak tartunk, \u00f6sszekapcsol\u00f3dunk<\/strong><\/span> \u00e9s egy k\u00f6z\u00f6sen meghat\u00e1rozott rendszer szerint \u2013 <em>\u00f6nszervez\u0151d\u00e9ssel <\/em>&#8211; alulr\u00f3l \u00e9p\u00edtkez\u0151 kezdem\u00e9nyez\u00e9sk\u00e9nt, k\u00f6z\u00f6sen cseleksz\u00fcnk.<br \/>\nAz \u00f6nszervez\u0151d\u00e9s bizonyos t\u00e9m\u00e1k ment\u00e9n t\u00f6rt\u00e9nhet k\u00f6z\u00f6ss\u00e9gekben, pl. civil szervezetekben, \u00e9s t\u00f6rt\u00e9nhet bizonyos <span style=\"text-decoration: underline; color: #993300;\"><strong>akci\u00f3k melletti ki\u00e1ll\u00e1st<\/strong><\/span> er\u0151s\u00edtve egy\u00e9nileg is.<br \/>\nEgy t\u00e1rsadalomban \u2013 ami, mi magunk vagyunk \u2013 nem \u00e9lhet\u00fcnk \u00fagy felel\u0151sen, hogy nem kapcsol\u00f3dunk \u00fcgyekhez, \u00e9s minden csak \u00fagy megt\u00f6rt\u00e9nik vel\u00fcnk.<br \/>\nAkt\u00edv vagy passz\u00edv tagja vagyok a t\u00e1rsadalomnak? Gyakorlom-e r\u00e9szv\u00e9telis\u00e9get auton\u00f3m cselekv\u00e9ssel?<br \/>\nAz <em>auton\u00f3m cselekv\u00e9sig<\/em> \u00fagy v\u00e9lem auton\u00f3m szem\u00e9lyesig \u00e9r el.\u00a0\u00a0Innen ny\u00edlik az \u00f6nszervez\u0151d\u00e9s \u00e9s innen ny\u00edlik a r\u00e9szv\u00e9telis\u00e9g gyakorl\u00e1sa.<br \/>\nKulcssz\u00f3 lehet az auton\u00f3m szem\u00e9lyis\u00e9g? Ilyen egyszer\u0171 lenne?<br \/>\nAmi biztos, hogy passz\u00edv er\u0151vel csak helyt\u00e1llni lehet, de gy\u0151zni, azaz \u00e9rdeket \u00e9rv\u00e9nyes\u00edteni, \u00e1llampolg\u00e1ri r\u00e9szv\u00e9telt gyakorolni mondhatom, hogy soha.<\/p>\n<p>\u00c1lljon itt egy \u00f6r\u00f6k\u00e9rv\u00e9ny\u0171 gondolat, <em>Slawomir Mrozek<\/em> Mulats\u00e1g c\u00edm\u0171 \u00edr\u00e1s\u00e1b\u00f3l.<br \/>\n\u201eH\u00e1rom leg\u00e9ny elindul a b\u00e1lba. \u00dagy hallott\u00e1k, mulats\u00e1g lesz. Ki\u00f6lt\u00f6znek: \u00f6lt\u00f6ny, \u00faj cip\u0151, lenyalt haj, vir\u00e1g. A b\u00e1lterem z\u00e1rva. Bet\u00f6rik, mert bentr\u0151l hangokat hallanak. A terem \u00fcres. <span style=\"text-decoration: underline;\"><strong><span style=\"color: #993300; text-decoration: underline;\">Most akkor lesz mulats\u00e1g vagy nem lesz<\/span>?<\/strong><\/span> \u00c9s ha lesz, kit\u0151l lesz? M\u00e1sokt\u00f3l? Magukt\u00f3l? Mit kell tenni, hogy mulats\u00e1g legyen? Hogy muzsika legyen. Hogy igazi legyen.<br \/>\nEz a k\u00e9rd\u00e9s. Egy \u00e9leten \u00e1t.\u201d<br \/>\n(64 \u00e9ves, n\u0151, vid\u00e9kfejleszt\u0151, rendezv\u00e9nyszervez\u0151, egy 770 lelkes telep\u00fcl\u00e9sen \u00e9l Zal\u00e1ban)<\/p>\n<p>&nbsp;<\/p>\n<p><a href=\"#_ftnref1\" name=\"_ftn1\"><sup>[1]<\/sup><\/a>\u00a0\u00a0\u00a0\u00a0\u00a0\u00a0\u00a0\u00a0\u00a0\u00a0\u00a0\u00a0\u00a0 A k\u00f6zigazgat\u00e1si \u00e9s v\u00e1laszt\u00e1si jogokban k\u00fcl\u00f6n\u00f6sen j\u00e1ratos nyilatkoz\u00f3nk \u2013 k\u00e9t olvas\u00f3k\u00f6rt is eml\u00edt, az egyik Buda\u00f6rs\u00f6n tal\u00e1lhat\u00f3, s a m\u00e1sikkal egy\u00fctt ezeket <em>Iv\u00e1nyi G\u00e1borral<\/em> k\u00f6z\u00f6sen m\u0171k\u00f6dtetik. \u201eOlvassunk \u00e9s f\u0151zz\u00fcnk!\u201d \u2013 ezzel a c\u00edmmel ketten a tapasztalataikat is le\u00edrt\u00e1k az olvas\u00f3k\u00f6r\u00f6k m\u0171k\u00f6dtet\u00e9s\u00e9r\u0151l, hogy m\u00e1s hasonl\u00f3 kezdem\u00e9nyez\u00e9sek tanulhassanak az \u0151 gyakorlatukb\u00f3l. (<em>A szerk.)<\/em><\/p>\n","protected":false},"excerpt":{"rendered":"<p>Ebben a sz\u00e1munkban egy \u00e9rdekes k\u00eds\u00e9rletre v\u00e1llalkoztunk azzal a c\u00e9llal, hogy a polg\u00e1ri \u00f6ntev\u00e9kenys\u00e9gr\u0151l (\u00e1tt\u00e9telesen a polg\u00e1rias magatart\u00e1sr\u00f3l is) \u00edrjunk. Szerkeszt\u0151s\u00e9g\u00fcnk \u00fagy d\u00f6nt\u00f6tt, hogy ez\u00fattal err\u0151l a t\u00e9m\u00e1r\u00f3l nem tudom\u00e1nyos essz\u00e9t, nem is veretes szakirodalmat kutatunk, nem riportban sz\u00e1molunk be egy (vagy t\u00f6bb) figyelemre m\u00e9lt\u00f3 gyakorlati esettanulm\u00e1nyban, hanem vill\u00e1minterj\u00fak kereteiben egy nyilatkozat-l\u00e1ncolatot \u00e1ll\u00edtunk \u00f6ssze. Ugyanazt [&hellip;]<\/p>\n","protected":false},"author":15,"featured_media":8111,"comment_status":"open","ping_status":"open","sticky":false,"template":"","format":"standard","meta":{"_acf_changed":false,"footnotes":""},"categories":[1428,8,7],"tags":[728],"coauthors":[23,718],"class_list":["post-8108","post","type-post","status-publish","format-standard","has-post-thumbnail","hentry","category-parola-2024-1","category-parola-folyoirat","category-repertorium","tag-eloszo"],"acf":[],"yoast_head":"<!-- This site is optimized with the Yoast SEO plugin v26.7 - https:\/\/yoast.com\/wordpress\/plugins\/seo\/ -->\n<title>El\u0151sz\u00f3 helyett - Parola Foly\u00f3irat<\/title>\n<meta name=\"robots\" content=\"index, follow, max-snippet:-1, max-image-preview:large, max-video-preview:-1\" \/>\n<link rel=\"canonical\" href=\"https:\/\/kofe.hu\/parola\/parola-folyoirat\/eloszo-helyett\/\" \/>\n<meta property=\"og:locale\" content=\"hu_HU\" \/>\n<meta property=\"og:type\" content=\"article\" \/>\n<meta property=\"og:title\" content=\"El\u0151sz\u00f3 helyett - Parola Foly\u00f3irat\" \/>\n<meta property=\"og:description\" content=\"Ebben a sz\u00e1munkban egy \u00e9rdekes k\u00eds\u00e9rletre v\u00e1llalkoztunk azzal a c\u00e9llal, hogy a polg\u00e1ri \u00f6ntev\u00e9kenys\u00e9gr\u0151l (\u00e1tt\u00e9telesen a polg\u00e1rias magatart\u00e1sr\u00f3l is) \u00edrjunk. Szerkeszt\u0151s\u00e9g\u00fcnk \u00fagy d\u00f6nt\u00f6tt, hogy ez\u00fattal err\u0151l a t\u00e9m\u00e1r\u00f3l nem tudom\u00e1nyos essz\u00e9t, nem is veretes szakirodalmat kutatunk, nem riportban sz\u00e1molunk be egy (vagy t\u00f6bb) figyelemre m\u00e9lt\u00f3 gyakorlati esettanulm\u00e1nyban, hanem vill\u00e1minterj\u00fak kereteiben egy nyilatkozat-l\u00e1ncolatot \u00e1ll\u00edtunk \u00f6ssze. Ugyanazt [&hellip;]\" \/>\n<meta property=\"og:url\" content=\"https:\/\/kofe.hu\/parola\/parola-folyoirat\/eloszo-helyett\/\" \/>\n<meta property=\"og:site_name\" content=\"Parola Foly\u00f3irat\" \/>\n<meta property=\"article:published_time\" content=\"2024-04-07T18:41:22+00:00\" \/>\n<meta property=\"article:modified_time\" content=\"2024-04-10T16:29:35+00:00\" \/>\n<meta property=\"og:image\" content=\"https:\/\/kofe.hu\/parola\/wp-content\/uploads\/2024\/04\/P1240821.jpg\" \/>\n\t<meta property=\"og:image:width\" content=\"700\" \/>\n\t<meta property=\"og:image:height\" content=\"467\" \/>\n\t<meta property=\"og:image:type\" content=\"image\/jpeg\" \/>\n<meta name=\"author\" content=\"P\u00e9terfi Ferenc, Dudok D\u00e1vid\" \/>\n<meta name=\"twitter:card\" content=\"summary_large_image\" \/>\n<meta name=\"twitter:label1\" content=\"Szerz\u0151:\" \/>\n\t<meta name=\"twitter:data1\" content=\"P\u00e9terfi Ferenc\" \/>\n\t<meta name=\"twitter:label2\" content=\"Becs\u00fclt olvas\u00e1si id\u0151\" \/>\n\t<meta name=\"twitter:data2\" content=\"15 perc\" \/>\n\t<meta name=\"twitter:label3\" content=\"Written by\" \/>\n\t<meta name=\"twitter:data3\" content=\"P\u00e9terfi Ferenc, Dudok D\u00e1vid\" \/>\n<script type=\"application\/ld+json\" class=\"yoast-schema-graph\">{\"@context\":\"https:\/\/schema.org\",\"@graph\":[{\"@type\":\"Article\",\"@id\":\"https:\/\/kofe.hu\/parola\/parola-folyoirat\/eloszo-helyett\/#article\",\"isPartOf\":{\"@id\":\"https:\/\/kofe.hu\/parola\/parola-folyoirat\/eloszo-helyett\/\"},\"author\":{\"name\":\"P\u00e9terfi Ferenc\",\"@id\":\"https:\/\/kofe.hu\/parola\/#\/schema\/person\/46297a12b269c035523fdcd019f91711\"},\"headline\":\"El\u0151sz\u00f3 helyett\",\"datePublished\":\"2024-04-07T18:41:22+00:00\",\"dateModified\":\"2024-04-10T16:29:35+00:00\",\"mainEntityOfPage\":{\"@id\":\"https:\/\/kofe.hu\/parola\/parola-folyoirat\/eloszo-helyett\/\"},\"wordCount\":3076,\"commentCount\":0,\"image\":{\"@id\":\"https:\/\/kofe.hu\/parola\/parola-folyoirat\/eloszo-helyett\/#primaryimage\"},\"thumbnailUrl\":\"https:\/\/kofe.hu\/parola\/wp-content\/uploads\/2024\/04\/P1240821.jpg\",\"keywords\":[\"el\u0151sz\u00f3\"],\"articleSection\":[\"Parola 2024\/1\",\"Parola Foly\u00f3irat\",\"Repert\u00f3rium\"],\"inLanguage\":\"hu\",\"potentialAction\":[{\"@type\":\"CommentAction\",\"name\":\"Comment\",\"target\":[\"https:\/\/kofe.hu\/parola\/parola-folyoirat\/eloszo-helyett\/#respond\"]}]},{\"@type\":\"WebPage\",\"@id\":\"https:\/\/kofe.hu\/parola\/parola-folyoirat\/eloszo-helyett\/\",\"url\":\"https:\/\/kofe.hu\/parola\/parola-folyoirat\/eloszo-helyett\/\",\"name\":\"El\u0151sz\u00f3 helyett - Parola Foly\u00f3irat\",\"isPartOf\":{\"@id\":\"https:\/\/kofe.hu\/parola\/#website\"},\"primaryImageOfPage\":{\"@id\":\"https:\/\/kofe.hu\/parola\/parola-folyoirat\/eloszo-helyett\/#primaryimage\"},\"image\":{\"@id\":\"https:\/\/kofe.hu\/parola\/parola-folyoirat\/eloszo-helyett\/#primaryimage\"},\"thumbnailUrl\":\"https:\/\/kofe.hu\/parola\/wp-content\/uploads\/2024\/04\/P1240821.jpg\",\"datePublished\":\"2024-04-07T18:41:22+00:00\",\"dateModified\":\"2024-04-10T16:29:35+00:00\",\"author\":{\"@id\":\"https:\/\/kofe.hu\/parola\/#\/schema\/person\/46297a12b269c035523fdcd019f91711\"},\"breadcrumb\":{\"@id\":\"https:\/\/kofe.hu\/parola\/parola-folyoirat\/eloszo-helyett\/#breadcrumb\"},\"inLanguage\":\"hu\",\"potentialAction\":[{\"@type\":\"ReadAction\",\"target\":[\"https:\/\/kofe.hu\/parola\/parola-folyoirat\/eloszo-helyett\/\"]}]},{\"@type\":\"ImageObject\",\"inLanguage\":\"hu\",\"@id\":\"https:\/\/kofe.hu\/parola\/parola-folyoirat\/eloszo-helyett\/#primaryimage\",\"url\":\"https:\/\/kofe.hu\/parola\/wp-content\/uploads\/2024\/04\/P1240821.jpg\",\"contentUrl\":\"https:\/\/kofe.hu\/parola\/wp-content\/uploads\/2024\/04\/P1240821.jpg\",\"width\":700,\"height\":467},{\"@type\":\"BreadcrumbList\",\"@id\":\"https:\/\/kofe.hu\/parola\/parola-folyoirat\/eloszo-helyett\/#breadcrumb\",\"itemListElement\":[{\"@type\":\"ListItem\",\"position\":1,\"name\":\"Home\",\"item\":\"https:\/\/kofe.hu\/parola\/\"},{\"@type\":\"ListItem\",\"position\":2,\"name\":\"El\u0151sz\u00f3 helyett\"}]},{\"@type\":\"WebSite\",\"@id\":\"https:\/\/kofe.hu\/parola\/#website\",\"url\":\"https:\/\/kofe.hu\/parola\/\",\"name\":\"Parola Foly\u00f3irat\",\"description\":\"\",\"potentialAction\":[{\"@type\":\"SearchAction\",\"target\":{\"@type\":\"EntryPoint\",\"urlTemplate\":\"https:\/\/kofe.hu\/parola\/?s={search_term_string}\"},\"query-input\":{\"@type\":\"PropertyValueSpecification\",\"valueRequired\":true,\"valueName\":\"search_term_string\"}}],\"inLanguage\":\"hu\"},{\"@type\":\"Person\",\"@id\":\"https:\/\/kofe.hu\/parola\/#\/schema\/person\/46297a12b269c035523fdcd019f91711\",\"name\":\"P\u00e9terfi Ferenc\",\"image\":{\"@type\":\"ImageObject\",\"inLanguage\":\"hu\",\"@id\":\"https:\/\/kofe.hu\/parola\/#\/schema\/person\/image\/d173d0cf20d3d8748a6819cd4d17d68c\",\"url\":\"https:\/\/secure.gravatar.com\/avatar\/523e0b801b986785c16f8e37b642a318cb28abdc4915fa26e5b257b5a3902afc?s=96&d=mm&r=g\",\"contentUrl\":\"https:\/\/secure.gravatar.com\/avatar\/523e0b801b986785c16f8e37b642a318cb28abdc4915fa26e5b257b5a3902afc?s=96&d=mm&r=g\",\"caption\":\"P\u00e9terfi Ferenc\"},\"url\":\"https:\/\/kofe.hu\/parola\/szerzok\/peterfi-ferenc\/\"}]}<\/script>\n<!-- \/ Yoast SEO plugin. -->","yoast_head_json":{"title":"El\u0151sz\u00f3 helyett - Parola Foly\u00f3irat","robots":{"index":"index","follow":"follow","max-snippet":"max-snippet:-1","max-image-preview":"max-image-preview:large","max-video-preview":"max-video-preview:-1"},"canonical":"https:\/\/kofe.hu\/parola\/parola-folyoirat\/eloszo-helyett\/","og_locale":"hu_HU","og_type":"article","og_title":"El\u0151sz\u00f3 helyett - Parola Foly\u00f3irat","og_description":"Ebben a sz\u00e1munkban egy \u00e9rdekes k\u00eds\u00e9rletre v\u00e1llalkoztunk azzal a c\u00e9llal, hogy a polg\u00e1ri \u00f6ntev\u00e9kenys\u00e9gr\u0151l (\u00e1tt\u00e9telesen a polg\u00e1rias magatart\u00e1sr\u00f3l is) \u00edrjunk. Szerkeszt\u0151s\u00e9g\u00fcnk \u00fagy d\u00f6nt\u00f6tt, hogy ez\u00fattal err\u0151l a t\u00e9m\u00e1r\u00f3l nem tudom\u00e1nyos essz\u00e9t, nem is veretes szakirodalmat kutatunk, nem riportban sz\u00e1molunk be egy (vagy t\u00f6bb) figyelemre m\u00e9lt\u00f3 gyakorlati esettanulm\u00e1nyban, hanem vill\u00e1minterj\u00fak kereteiben egy nyilatkozat-l\u00e1ncolatot \u00e1ll\u00edtunk \u00f6ssze. Ugyanazt [&hellip;]","og_url":"https:\/\/kofe.hu\/parola\/parola-folyoirat\/eloszo-helyett\/","og_site_name":"Parola Foly\u00f3irat","article_published_time":"2024-04-07T18:41:22+00:00","article_modified_time":"2024-04-10T16:29:35+00:00","og_image":[{"width":700,"height":467,"url":"https:\/\/kofe.hu\/parola\/wp-content\/uploads\/2024\/04\/P1240821.jpg","type":"image\/jpeg"}],"author":"P\u00e9terfi Ferenc, Dudok D\u00e1vid","twitter_card":"summary_large_image","twitter_misc":{"Szerz\u0151:":"P\u00e9terfi Ferenc","Becs\u00fclt olvas\u00e1si id\u0151":"15 perc","Written by":"P\u00e9terfi Ferenc, Dudok D\u00e1vid"},"schema":{"@context":"https:\/\/schema.org","@graph":[{"@type":"Article","@id":"https:\/\/kofe.hu\/parola\/parola-folyoirat\/eloszo-helyett\/#article","isPartOf":{"@id":"https:\/\/kofe.hu\/parola\/parola-folyoirat\/eloszo-helyett\/"},"author":{"name":"P\u00e9terfi Ferenc","@id":"https:\/\/kofe.hu\/parola\/#\/schema\/person\/46297a12b269c035523fdcd019f91711"},"headline":"El\u0151sz\u00f3 helyett","datePublished":"2024-04-07T18:41:22+00:00","dateModified":"2024-04-10T16:29:35+00:00","mainEntityOfPage":{"@id":"https:\/\/kofe.hu\/parola\/parola-folyoirat\/eloszo-helyett\/"},"wordCount":3076,"commentCount":0,"image":{"@id":"https:\/\/kofe.hu\/parola\/parola-folyoirat\/eloszo-helyett\/#primaryimage"},"thumbnailUrl":"https:\/\/kofe.hu\/parola\/wp-content\/uploads\/2024\/04\/P1240821.jpg","keywords":["el\u0151sz\u00f3"],"articleSection":["Parola 2024\/1","Parola Foly\u00f3irat","Repert\u00f3rium"],"inLanguage":"hu","potentialAction":[{"@type":"CommentAction","name":"Comment","target":["https:\/\/kofe.hu\/parola\/parola-folyoirat\/eloszo-helyett\/#respond"]}]},{"@type":"WebPage","@id":"https:\/\/kofe.hu\/parola\/parola-folyoirat\/eloszo-helyett\/","url":"https:\/\/kofe.hu\/parola\/parola-folyoirat\/eloszo-helyett\/","name":"El\u0151sz\u00f3 helyett - Parola Foly\u00f3irat","isPartOf":{"@id":"https:\/\/kofe.hu\/parola\/#website"},"primaryImageOfPage":{"@id":"https:\/\/kofe.hu\/parola\/parola-folyoirat\/eloszo-helyett\/#primaryimage"},"image":{"@id":"https:\/\/kofe.hu\/parola\/parola-folyoirat\/eloszo-helyett\/#primaryimage"},"thumbnailUrl":"https:\/\/kofe.hu\/parola\/wp-content\/uploads\/2024\/04\/P1240821.jpg","datePublished":"2024-04-07T18:41:22+00:00","dateModified":"2024-04-10T16:29:35+00:00","author":{"@id":"https:\/\/kofe.hu\/parola\/#\/schema\/person\/46297a12b269c035523fdcd019f91711"},"breadcrumb":{"@id":"https:\/\/kofe.hu\/parola\/parola-folyoirat\/eloszo-helyett\/#breadcrumb"},"inLanguage":"hu","potentialAction":[{"@type":"ReadAction","target":["https:\/\/kofe.hu\/parola\/parola-folyoirat\/eloszo-helyett\/"]}]},{"@type":"ImageObject","inLanguage":"hu","@id":"https:\/\/kofe.hu\/parola\/parola-folyoirat\/eloszo-helyett\/#primaryimage","url":"https:\/\/kofe.hu\/parola\/wp-content\/uploads\/2024\/04\/P1240821.jpg","contentUrl":"https:\/\/kofe.hu\/parola\/wp-content\/uploads\/2024\/04\/P1240821.jpg","width":700,"height":467},{"@type":"BreadcrumbList","@id":"https:\/\/kofe.hu\/parola\/parola-folyoirat\/eloszo-helyett\/#breadcrumb","itemListElement":[{"@type":"ListItem","position":1,"name":"Home","item":"https:\/\/kofe.hu\/parola\/"},{"@type":"ListItem","position":2,"name":"El\u0151sz\u00f3 helyett"}]},{"@type":"WebSite","@id":"https:\/\/kofe.hu\/parola\/#website","url":"https:\/\/kofe.hu\/parola\/","name":"Parola Foly\u00f3irat","description":"","potentialAction":[{"@type":"SearchAction","target":{"@type":"EntryPoint","urlTemplate":"https:\/\/kofe.hu\/parola\/?s={search_term_string}"},"query-input":{"@type":"PropertyValueSpecification","valueRequired":true,"valueName":"search_term_string"}}],"inLanguage":"hu"},{"@type":"Person","@id":"https:\/\/kofe.hu\/parola\/#\/schema\/person\/46297a12b269c035523fdcd019f91711","name":"P\u00e9terfi Ferenc","image":{"@type":"ImageObject","inLanguage":"hu","@id":"https:\/\/kofe.hu\/parola\/#\/schema\/person\/image\/d173d0cf20d3d8748a6819cd4d17d68c","url":"https:\/\/secure.gravatar.com\/avatar\/523e0b801b986785c16f8e37b642a318cb28abdc4915fa26e5b257b5a3902afc?s=96&d=mm&r=g","contentUrl":"https:\/\/secure.gravatar.com\/avatar\/523e0b801b986785c16f8e37b642a318cb28abdc4915fa26e5b257b5a3902afc?s=96&d=mm&r=g","caption":"P\u00e9terfi Ferenc"},"url":"https:\/\/kofe.hu\/parola\/szerzok\/peterfi-ferenc\/"}]}},"_links":{"self":[{"href":"https:\/\/kofe.hu\/parola\/wp-json\/wp\/v2\/posts\/8108","targetHints":{"allow":["GET"]}}],"collection":[{"href":"https:\/\/kofe.hu\/parola\/wp-json\/wp\/v2\/posts"}],"about":[{"href":"https:\/\/kofe.hu\/parola\/wp-json\/wp\/v2\/types\/post"}],"author":[{"embeddable":true,"href":"https:\/\/kofe.hu\/parola\/wp-json\/wp\/v2\/users\/15"}],"replies":[{"embeddable":true,"href":"https:\/\/kofe.hu\/parola\/wp-json\/wp\/v2\/comments?post=8108"}],"version-history":[{"count":5,"href":"https:\/\/kofe.hu\/parola\/wp-json\/wp\/v2\/posts\/8108\/revisions"}],"predecessor-version":[{"id":8118,"href":"https:\/\/kofe.hu\/parola\/wp-json\/wp\/v2\/posts\/8108\/revisions\/8118"}],"wp:featuredmedia":[{"embeddable":true,"href":"https:\/\/kofe.hu\/parola\/wp-json\/wp\/v2\/media\/8111"}],"wp:attachment":[{"href":"https:\/\/kofe.hu\/parola\/wp-json\/wp\/v2\/media?parent=8108"}],"wp:term":[{"taxonomy":"category","embeddable":true,"href":"https:\/\/kofe.hu\/parola\/wp-json\/wp\/v2\/categories?post=8108"},{"taxonomy":"post_tag","embeddable":true,"href":"https:\/\/kofe.hu\/parola\/wp-json\/wp\/v2\/tags?post=8108"},{"taxonomy":"author","embeddable":true,"href":"https:\/\/kofe.hu\/parola\/wp-json\/wp\/v2\/coauthors?post=8108"}],"curies":[{"name":"wp","href":"https:\/\/api.w.org\/{rel}","templated":true}]}}