{"id":7778,"date":"2023-12-18T17:10:19","date_gmt":"2023-12-18T17:10:19","guid":{"rendered":"https:\/\/kofe.hu\/parola\/?p=7778"},"modified":"2023-12-18T17:11:43","modified_gmt":"2023-12-18T17:11:43","slug":"korulottunk-a-vilag","status":"publish","type":"post","link":"https:\/\/kofe.hu\/parola\/parola-folyoirat\/korulottunk-a-vilag\/","title":{"rendered":"K\u00f6r\u00fcl\u00f6tt\u00fcnk a vil\u00e1g\u2026."},"content":{"rendered":"<p><i><span style=\"font-weight: 400;\">\u201eAmi l\u00e9tezik a vil\u00e1gon, az k\u00f6rbe vesz t\u00e9ged meg engem, n\u00e9ha forog, n\u00e9ha \u00e1ll&#8221;<br \/>\n<\/span><\/i><i><span style=\"font-weight: 400;\">(Knyih\u00e1r Borb\u00e1la R\u00f3za 4 \u00e9ves \u00e9s 10 h\u00f3napos unok\u00e1m b\u00f6lcsess\u00e9ge)<\/span><\/i><\/p>\n<p>&nbsp;<\/p>\n<p><span style=\"font-weight: 400;\">F\u00f6ldi l\u00e9t\u00fcnk sor\u00e1n a legmeghat\u00e1roz\u00f3bb tapasztal\u00e1sok, tud\u00e1sok az \u00e1ltalunk ki\u00e9p\u00edtett kapcsolatokb\u00f3l \u00e9s meg\u00e9lt k\u00f6z\u00f6ss\u00e9gi \u00e9lm\u00e9nyekb\u0151l erednek. Azt, hogy \u00e9let\u00fcnk sor\u00e1n milyen k\u00f6z\u00f6ss\u00e9gekhez csatlakozunk, sok minden befoly\u00e1solja. M\u00falhat egy v\u00e9letlen tal\u00e1lkoz\u00e1son, egy v\u00e1ratlan \u00e9lethelyzeten, de lehet egy nagyon tudatos keresg\u00e9l\u00e9s eredm\u00e9nye.<\/span><\/p>\n<p><span style=\"font-weight: 400;\">Fiatal sz\u00fcl\u0151k\u00e9nt f\u00e9rjemmel saj\u00e1t lak\u00f3k\u00f6z\u00f6ss\u00e9g\u00fcnk form\u00e1l\u00e1s\u00e1ba tudatosan, nagy \u00f6r\u00f6mmel \u00e9s szeretettel sok-sok energi\u00e1t fektett\u00fcnk. Kezdetekt\u0151l t\u00f6rekedt\u00fcnk a j\u00f3 szomsz\u00e9di viszony kialak\u00edt\u00e1s\u00e1ra, bar\u00e1ti kapcsolataink \u00e1pol\u00e1s\u00e1ra, a helyi k\u00f6z\u00f6ss\u00e9gi \u00e9let szervez\u00e9s\u00e9vel kapcsolatos tev\u00e9kenys\u00e9gekbe val\u00f3 bekapcsol\u00f3d\u00e1sra.\u00a0<\/span><\/p>\n<p><span style=\"font-weight: 400;\">M\u00e1ra gyermekeink \u00e9s kort\u00e1rs bar\u00e1taik feln\u0151ttek, \u0151k is sz\u00fcl\u0151v\u00e9 v\u00e1ltak, \u00e9s hasonl\u00f3an r\u00e9gi \u00f6nmagunkhoz, keresik \u00fatjukat, agg\u00f3dnak gyermekeik, a mi kis unok\u00e1ink j\u00f6v\u0151j\u00e9\u00e9rt. Megnyugtat\u00f3 \u00e9rz\u00e9s l\u00e1tni, hogy \u00e9rt\u00e9kk\u00e9nt viszik tov\u00e1bb a nyitotts\u00e1got, a term\u00e9szet szeretet\u00e9t, a t\u00e1mogat\u00f3 \u00e9s \u00f6sszetart\u00f3 k\u00f6z\u00f6ss\u00e9g szeml\u00e9let\u00e9nek fontoss\u00e1g\u00e1t. Komoly elk\u00e9pzel\u00e9seik, t\u00f6rekv\u00e9seik vannak arra vonatkoz\u00f3an, hogy jobban hat\u00e1ssal legyenek saj\u00e1t \u00e9let\u00fckre, sorsukra, \u00e9s hogy val\u00f3ban t\u00e1mogat\u00f3, alkot\u00f3 \u00e9s megtart\u00f3 k\u00f6z\u00f6ss\u00e9get \u00e9p\u00edtsenek maguknak.<\/span><\/p>\n<p><span style=\"font-weight: 400;\">1997 \u00f3ta tart\u00f3 k\u00f6z\u00f6ss\u00e9gszervez\u0151i munk\u00e1ss\u00e1gomban voltak k\u00fcl\u00f6nb\u00f6z\u0151 korszakaim. Kezd\u0151d\u00f6tt egy nagyon \u00f6szt\u00f6n\u00f6s \u00e9rdek\u00e9rv\u00e9nyes\u00edt\u00e9ssel, amikor vesz\u00e9lyben \u00e9reztem nyugodt \u00e9letemet, gyermekeim iskol\u00e1j\u00e1t, a helyi k\u00f6z\u00f6ss\u00e9gi h\u00e1zat. Ezt egy nagyon tudatos korszak k\u00f6vette, egyetemi tanulm\u00e1nnyal, szakmai tov\u00e1bbk\u00e9pz\u00e9sekkel, j\u00f3 gyakorlatok, m\u00f3dszerek megismer\u00e9s\u00e9vel. Hihetetlen elsz\u00e1nts\u00e1ggal szippantottam magamba az inform\u00e1ci\u00f3kat, elm\u00e9leteket, \u00e9rteni \u00e9s hat\u00e1ssal akartam lenni a t\u00e1rsadalmi folyamatokra.\u00a0<\/span><\/p>\n<p><span style=\"font-weight: 400;\">58 \u00e9vesen m\u00e1r hivat\u00e1som a k\u00f6z\u00f6ss\u00e9gi szoci\u00e1lis munka, az \u201e\u00f6szt\u00f6n\u00f6s\u201d cselekv\u00e9s tudatos \u201eszakmais\u00e1gg\u00e1\u201d n\u0151tte ki mag\u00e1t. Nyitott szemmel\/f\u00fcllel \u00e9s nem utols\u00f3sorban sz\u00edvvel figyelem a mai fiatalokat, mik\u00e9nt szervezik k\u00f6z\u00f6ss\u00e9geiket, \u00e9s ha megk\u00e9rnek nagy \u00f6r\u00f6mmel kapcsol\u00f3dok hozz\u00e1juk, \u00e9s izgatottan figyelek\u2026<\/span><\/p>\n<p><span style=\"font-weight: 400;\">A k\u00e9t helysz\u00edn, ahonnan ilyen kapcsol\u00f3d\u00e1sok kapcs\u00e1n \u201e\u00e9letmorzs\u00e1kat\u201d villantan\u00e9k fel, a baranyai Vok\u00e1ny \u00e9s Kist\u00f3tfalu, mely telep\u00fcl\u00e9seken az ut\u00f3bbi \u00e9vekben egyre t\u00f6bb gyermekes csal\u00e1d kik\u00f6lt\u00f6z\u00e9se keltette fel a figyelmemet.\u00a0<\/span><\/p>\n<p><span style=\"font-weight: 400;\">Besz\u00e9lget\u0151 partnereim: B\u00e1lint Zsoltn\u00e9 (Iza), a vok\u00e1nyi m\u0171vel\u0151d\u00e9si h\u00e1z vezet\u0151je 2014 \u00f3ta \u00e9s Mucsi Georgina (Gina) <\/span><span style=\"font-weight: 400;\">szoci\u00e1lis munk\u00e1s, egyetemi adjunktus \u00e9s a H\u00e9t\u00e1gfa Egyes\u00fclet akt\u00edv tagja.<\/span><\/p>\n<p><span style=\"font-weight: 400;\">Iza mosolyogva \u00e9s nagy szeretettel mes\u00e9l a telep\u00fcl\u00e9sen zajl\u00f3 k\u00f6z\u00f6ss\u00e9gi \u00e9letr\u0151l. R\u00e9g\u00f3ta ismerj\u00fck egym\u00e1st, \u00edgy \u00e9n m\u00e1r szem\u00e9lyesen is megtapasztalhattam, hogy a vok\u00e1nyi k\u00f6z\u00f6ss\u00e9gi h\u00e1zban a helyi ig\u00e9nyeket figyelembe v\u00e9ve \u00e9s a helyi tud\u00e1sokat felt\u00e1rva igen sz\u00ednes programok, \u00f6nszervez\u0151d\u0151 csoportok v\u00e1rj\u00e1k a helyi lakosokat. A f\u0151leg id\u0151sebb koroszt\u00e1llyal m\u0171k\u00f6d\u0151 csoportok k\u00f6z\u00f6tt megtal\u00e1lhatjuk a k\u00e9zimunkaklubot, a 9 \u00e9ve m\u0171k\u00f6d\u0151 gy\u00f3gytornacsoportot, valamint szervez\u0151d\u00f6tt j\u00f3gaklub \u00e9s baba-mama klub.\u00a0<\/span><\/p>\n<p><span style=\"font-weight: 400;\">A p\u00e1r \u00e9ve m\u0171k\u00f6d\u0151, minden koroszt\u00e1lyban n\u00e9pszer\u0171 T\u00e9sztagy\u00e1r hidat igyekszik \u00e9p\u00edteni a gener\u00e1ci\u00f3k k\u00f6z\u00f6tt azzal, hogy<\/span><span style=\"font-weight: 400;\"> kiakn\u00e1zz\u00e1k az id\u0151sekben rejl\u0151 tud\u00e1st. Tov\u00e1bbi c\u00e9l, hogy a T\u00e9sztagy\u00e1rban szorgoskod\u00f3kat egy akt\u00edv \u00e9s \u00f6n\u00e1ll\u00f3an tev\u00e9kenyked\u0151 k\u00f6z\u00f6ss\u00e9gg\u00e9 form\u00e1lj\u00e1k.\u00a0<\/span><\/p>\n<p><span style=\"font-weight: 400;\">A legfrissebb kezdem\u00e9nyez\u00e9s az \u201e\u00d6koklub\u201d, mely klub, kiemelten a t\u00e9ma k\u00f6r\u00e9 szervez\u0151d\u0151 besz\u00e9lget\u00e9seihez m\u00e1r t\u00f6bb helyi \u00e9s a k\u00f6zelben \u00e9l\u0151, f\u0151leg fiatal, gyermekes csal\u00e1d is csatlakozott. A tud\u00e1st megoszt\u00f3 besz\u00e9lget\u00e9sek a tudatos t\u00e1pl\u00e1lkoz\u00e1sr\u00f3l, fenntarthat\u00f3s\u00e1gr\u00f3l, a vid\u00e9ki \u00e9let adta el\u0151ny\u00f6kr\u0151l \u00e9s kih\u00edv\u00e1sokr\u00f3l, \u00f6nfenntart\u00e1sr\u00f3l \u00e9s meg\u00e9lt tapasztalatokr\u00f3l sz\u00f3lnak. A klub \u00f6tlete onnan j\u00f6tt, hogy egyre t\u00f6bb a v\u00e1rosokb\u00f3l kistelep\u00fcl\u00e9sekre \u00e9rkez\u0151 csal\u00e1d, akik els\u0151sorban a vid\u00e9ki \u00e9let el\u0151nyei v\u00e9gett v\u00e1lasztott\u00e1k a vid\u00e9kre k\u00f6lt\u00f6z\u00e9st. Szeretn\u00e9nek az \u00f6nell\u00e1t\u00e1s fel\u00e9 elmozdulni, eg\u00e9szs\u00e9gesebben \u00e9s term\u00e9szetk\u00f6zelibb m\u00f3don tervezik gyermekeikkel az \u00e9letet. Tov\u00e1bbi fontos szempontk\u00e9nt jelenik meg a gazdas\u00e1goss\u00e1g, a hasonl\u00f3 gondolkod\u00e1ssal, \u00e9rt\u00e9kekkel rendelkez\u0151 t\u00e1rsak, k\u00f6z\u00f6ss\u00e9g megtal\u00e1l\u00e1s\u00e1val val\u00f3 k\u00f6z\u00f6s boldogul\u00e1s. A klubban egy\u00fctt \u00f6tletelnek, csereber\u00e9lnek, (magb\u00f6rze, cserebere b\u00f6rze, egy\u00e9b barter megold\u00e1sok).\u00a0<\/span><\/p>\n<p><span style=\"font-weight: 400;\">Iza Vok\u00e1nyban n\u0151tt fel, er\u0151s k\u00f6t\u0151d\u00e9se van a telep\u00fcl\u00e9shez. Nagyon szeret adni, l\u00e9trehozni, \u00e9s a legnagyobb sikerk\u00e9nt \u00e9li meg, ha valami k\u00f6z\u00f6s er\u0151fesz\u00edt\u00e9ssel l\u00e9trej\u00f6n \u00e9s m\u0171k\u00f6dik. Sok kedves eml\u00e9k, \u00e9lm\u00e9ny, tapasztalat birtokosa, aki meggy\u0151z\u0151d\u00e9ssel hisz a k\u00f6z\u00f6ss\u00e9gben, annak aktiviz\u00e1l\u00f3 \u00e9s t\u00e1mogat\u00f3 erej\u00e9ben. Sokkal fontosabbnak tartja a helyi er\u0151forr\u00e1sok felt\u00e1r\u00e1s\u00e1val a helyiek megmozgat\u00e1s\u00e1t: \u201eRakjuk \u00f6ssze, amink van, j\u00f6jjenek a rokonok \u00e9s a bar\u00e1tok! Ebben van ez er\u0151!\u201d <\/span><span style=\"font-weight: 400;\">\u2013 <\/span><span style=\"font-weight: 400;\">vallja.<\/span><\/p>\n<p><span style=\"font-weight: 400;\">\u200b<\/span><span style=\"font-weight: 400;\">A\u00a0H\u00e9t\u00e1gfa Egyes\u00fclet ink\u00e1bb k\u00f6z\u00f6ss\u00e9g, mint \u201ehivatalos egyes\u00fclet\u201d. Legfontosabb c\u00e9lkit\u0171z\u00e9se a k\u00f6z\u00f6ss\u00e9gnek az \u00e9lhet\u0151bb \u00e9let\u00e9rt tett\u00a0szeml\u00e9letform\u00e1l\u00e1sa.\u00a0 2014 \u00f3ta zajl\u00f3 p\u00e9csi programjaik mellett elkezdt\u00e9k\u00a0fel\u00e9p\u00edteni b\u00e1zisukat\u00a0a \u201evil\u00e1gv\u00e9gi\u201d term\u00e9szetben, P\u00e9cst\u0151l nem messze,\u00a0Kist\u00f3tfaluban, a Vill\u00e1nyi-hegys\u00e9g \u00e9szaki oldal\u00e1n. Azt vallj\u00e1k, hogy a term\u00e9szet magasabb szint\u0171 megismer\u00e9se el sem k\u00e9pzelhet\u0151 a f\u00f6ld m\u0171vel\u00e9se, kert\u00e9szked\u00e9s n\u00e9lk\u00fcl, ez\u00e9rt 2016-ban egy \u00f6kokertet alak\u00edtottak ki. Ez a gy\u00f6ny\u00f6r\u0171 k\u00f6rnyezetben megb\u00fav\u00f3\u00a0k\u00f6z\u00f6ss\u00e9gi kert\u00a0a\u00a0H\u00e9t\u00e1gfa Liget, amely egy p\u00e1ly\u00e1zati forr\u00e1s seg\u00edts\u00e9g\u00e9vel egy jurt\u00e1val is kieg\u00e9sz\u00fclt, ahol k\u00fcl\u00f6nb\u00f6z\u0151 programok tudnak megval\u00f3sulni, pl. fejleszt\u0151 gyermekprogramok, kerti workshopok, ehet\u0151 term\u00e9szet m\u0171helyek, alkot\u00f3s csal\u00e1di napok, Mesekert.<\/span><\/p>\n<p><span style=\"font-weight: 400;\">Szint\u00e9n erre vezet az \u00faj, speci\u00e1lis tematik\u00e1j\u00fa, szint\u00e9n p\u00e1ly\u00e1zati p\u00e9nzb\u0151l megval\u00f3sul\u00f3 H\u00e9t\u00e1gfa tan\u00f6sv\u00e9ny, mely speci\u00e1lis tan\u00f6sv\u00e9ny<\/span><b>\u00a0<\/b><span style=\"font-weight: 400;\">interakt\u00edv \u00e1llom\u00e1sai a term\u00e9szettel val\u00f3\u00a0tudatos\u00a0kapcsol\u00f3d\u00e1st seg\u00edtik.\u00a0Napjainkban a tan\u00f6sv\u00e9ny \u201e\u00f6nj\u00e1r\u00f3\u201d \u00e9s nagyon n\u00e9pszer\u0171 a k\u00f6rny\u00e9kbeliek k\u00f6r\u00e9ben.<\/span><\/p>\n<p><span style=\"font-weight: 400;\">Aki m\u00e1r j\u00e1rt a meseszer\u0171 helyen, megtapasztalhatta, hogy egy pozit\u00edv, nyitott, befogad\u00f3 kis k\u00f6z\u00f6ss\u00e9g hozott l\u00e9tre egy olyan rugalmas teret, ahol megf\u00e9r a j\u00f3ga, a fenntarthat\u00f3s\u00e1g, \u00f6kogazd\u00e1lkod\u00e1s, medit\u00e1ci\u00f3, spiritualit\u00e1s, term\u00e9szetb\u00fav\u00e1rkod\u00e1s.\u00a0<\/span><\/p>\n<p><span style=\"font-weight: 400;\">A tagok al\u00e1bbi gondolatai t\u00fckr\u00f6zik a legjobban a komoly sz\u00e1nd\u00e9kot \u00e9s az egym\u00e1s ir\u00e1nti felel\u0151ss\u00e9g\u00e9rzetet:<\/span><\/p>\n<p><span style=\"font-weight: 400;\">\u201eC\u00e9lul t\u0171zt\u00fck ki, hogy fejlessz\u00fck-emelj\u00fck-inspir\u00e1ljuk egym\u00e1st; hogy vil\u00e1gn\u00e9zetileg egy ir\u00e1nyt k\u00e9pviselve s a k\u00f6z\u00f6s munk\u00e1nkon kereszt\u00fcl szabadnak \u00e9rezhess\u00fck magunkat egy\u00fctt \u00e9s a mag\u00e1n\u00e9letben.\u201d (Iv\u00e1nyi Emese \u2013 egyes\u00fcleti tag)<\/span><\/p>\n<p><span style=\"font-weight: 400;\">\u201eK\u00e9t k\u00f6zponti k\u00e9rd\u00e9s foglalkoztat: hogyan lehet kiegyens\u00falyozottabb, b\u00e9k\u00e9sebb kapcsolatokat, emberi-t\u00e1rsadalmi viszonyokat kialak\u00edtani, tenni sz\u0171kebb \u00e9s t\u00e1gabb (t\u00e1rsadalmi) k\u00f6rnyezet\u00fcnk\u00e9rt, \u00e9s hogy mik\u00e9nt lehet megmenteni a f\u00f6ld\u00fcnket a k\u00f6vetkez\u0151 gener\u00e1ci\u00f3k sz\u00e1m\u00e1ra (vagy legal\u00e1bb az es\u00e9lyt megadni a sz\u00e1mukra)\u201d.\u00a0(Berta J\u00e1nos \u2013 egyes\u00fcleti tag)<\/span><\/p>\n<p><span style=\"font-weight: 400;\">\u201eA vil\u00e1g boldogabb hely lenne, ha mindenki saj\u00e1t feladat\u00e1t v\u00e9gezn\u00e9 az \u00e1ltala kit\u0171z\u00f6tt c\u00e9lok ment\u00e9n, idej\u00e9t \u00e9s energi\u00e1j\u00e1t az \u00e9let szolg\u00e1lat\u00e1ra ford\u00edtan\u00e1, \u00e9s t\u00e1rsas l\u00e9nyk\u00e9nt megtanuln\u00e1nk k\u00f6z\u00f6sen cselekedni, egy\u00fcttm\u0171k\u00f6dni. Mi ezt gyakoroljuk \u00e9s tessz\u00fck a H\u00e9t\u00e1gf\u00e1ban\u201d (Mucsi Georgina \u2013 egyes\u00fcleti tag)<\/span><\/p>\n<p><span style=\"font-weight: 400;\">Gina lelkesen \u00e9s szint\u00e9n nagy szeretettel mes\u00e9li el, hogy a H\u00e9t\u00e1gfa Egyes\u00fclet 2014-ben j\u00f6tt l\u00e9tre azzal a c\u00e9llal, hogy term\u00e9szetbe vigye az embereket. Els\u0151 nagy k\u00e9rd\u00e9s\u00fck az volt: de hogyan? Az hamar egy\u00e9rtelm\u0171v\u00e9 v\u00e1lt, hogy kev\u00e9s volt a v\u00e1rosban egy teremben err\u0151l \u201ecsak\u201d besz\u00e9lni. Ez\u00e9rt elindultak saj\u00e1t ter\u00fcletet szerezni a cselekv\u00e9shez. Szempontjaik a k\u00f6vetkez\u0151ek voltak: kell\u0151en v\u00e9dett hely, de annyira az\u00e9rt ne legyen messze a v\u00e1rost\u00f3l, valamint kistelep\u00fcl\u00e9s legyen \u00e9s term\u00e9szetesen sz\u00e9p.\u00a0 Barany\u00e1ban mindent felkerestek, felkutattak, \u00edgy tal\u00e1ltak r\u00e1 Kist\u00f3tfalura. Kev\u00e9s p\u00e9nz\u00fck volt, egy lepukkant pr\u00e9sh\u00e1zra egy k\u00f6zeli sz\u0151l\u0151hegyen, j\u00f3 bent az erd\u0151ben, pont el\u00e9g.\u00a0 <\/span><span style=\"font-weight: 400;\">\u263a<\/span><span style=\"font-weight: 400;\">\u00a0 K\u00f6z\u00f6s er\u0151vel, bar\u00e1tokkal fel\u00faj\u00edtgatt\u00e1k, p\u00e1ly\u00e1zati p\u00e9nzb\u0151l jurt\u00e1t \u00e9p\u00edtettek, elkezdt\u00e9k a k\u00f6z\u00f6ss\u00e9gi kert\u00e9szked\u00e9st.\u00a0<\/span><\/p>\n<p><span style=\"font-weight: 400;\">V\u00e9g\u00fcl egy \u00e9ve Gin\u00e1\u00e9k vettek egy h\u00e1zat a faluban \u00e9s \u00e9letvitelszer\u0171en is kik\u00f6lt\u00f6ztek, mivel megtapasztalt\u00e1k, hogy nem ment a \u201ecsak\u201d h\u00e9tv\u00e9gi kert\u00e9szked\u00e9s, abbahagyni viszont nem akart\u00e1k. Munkahely\u00fck m\u00e9g P\u00e9csett van, egyfajta \u201e\u00e1tmeneti\u201d id\u0151szakot \u00e9lnek meg, a helyiek csodabog\u00e1rnak tartj\u00e1k \u0151ket, kevesen \u00e9rtik ezt a \u201enagy romantikus kik\u00f6lt\u00f6z\u00e9st\u201d.\u00a0 Legt\u00f6bben menek\u00fcln\u00e9nek a kistelep\u00fcl\u00e9sr\u0151l a v\u00e1rosba.<\/span><\/p>\n<p><span style=\"font-weight: 400;\">Igyekeznek tudatosan szervezni a programjaikat, mely programokban fontos szempont a fenntarthat\u00f3s\u00e1g, az ismeret \u00e9s \u00e9rt\u00e9k\u00e1tad\u00e1s. Neh\u00e9z az emberek bevon\u00e1sa, de b\u00edznak benne, hogy a folyamatban l\u00e9v\u0151 v\u00e1lyog\u00e9p\u00edt\u00e9si, kert\u00e9szeti programok, valamint a \u201eT\u00fal\u00e9l\u0151\u201d t\u00e1borok \u00e9s egy\u00e9b sz\u00ednes k\u00f6z\u00f6ss\u00e9gi programok j\u00f3 lehet\u0151s\u00e9get adnak mindenkinek, hogy megtapasztalj\u00e1k a vid\u00e9ki \u00e9let kih\u00edv\u00e1sait \u00e9s egy inspir\u00e1l\u00f3 k\u00f6z\u00f6ss\u00e9g erej\u00e9t. Legt\u00f6bb szeml\u00e9l\u0151d\u0151, szimpatiz\u00e1ns egy\u00e9bk\u00e9nt a v\u00e1rosb\u00f3l \u00e9rkezik, csal\u00e1dalap\u00edt\u00e1s el\u0151tt \u00e1ll\u00f3 fiatalok \u00e9s kisgyermekes csal\u00e1dok.<\/span><\/p>\n<p><span style=\"font-weight: 400;\">Mindketten legt\u00f6bbet arr\u00f3l mes\u00e9ltek, hogy a legnagyobb kih\u00edv\u00e1s megsz\u00f3l\u00edtani, bevonni az embereket, f\u0151leg hosszabb t\u00e1von. Iza szerint a kamaszok sz\u00fclei a legjobban leterheltek, Gina a korl\u00e1tozott munkav\u00e1llal\u00e1si lehet\u0151s\u00e9geket eml\u00edtette neh\u00e9zs\u00e9gk\u00e9nt.\u00a0<\/span><\/p>\n<p><span style=\"font-weight: 400;\">Legnagyobb er\u0151forr\u00e1suknak a saj\u00e1t kapcsolati t\u0151k\u00e9j\u00fclet eml\u00edtett\u00e9k, \u00e9s a k\u00f6z\u00f6ss\u00e9gi kapcsol\u00f3d\u00e1sokban, a k\u00f6z\u00f6ss\u00e9g erej\u00e9ben l\u00e1tj\u00e1k a j\u00f6v\u0151t, konkr\u00e9t programokra, esem\u00e9nyekre gy\u0171jtik a forr\u00e1sokat, kis p\u00e1ly\u00e1zatokra \u201el\u0151nek\u201d.\u00a0<\/span><\/p>\n<p><span style=\"font-weight: 400;\">Iz\u00e1nak a m\u0171vel\u0151d\u00e9si h\u00e1zhoz nincs saj\u00e1t elk\u00fcl\u00f6n\u00edtett forr\u00e1sa, az \u00f6nkorm\u00e1nyzatt\u00f3l kap ad hoc jelleggel a programjaihoz p\u00e9nz\u00fcgyi t\u00e1mogat\u00e1st. Nem szereti a p\u00e1ly\u00e1zatokat, szerinte nagy f\u00fcgg\u0151s\u00e9get jelentenek \u00e9s meggy\u0151z\u0151d\u00e9se, hogy a sok p\u00e9nzb\u0151l l\u00e9trehozott szolg\u00e1ltat\u00e1sok, programok legt\u00f6bb esetben sosem lesznek \u00f6nj\u00e1r\u00f3ak, valamint hatalmas energi\u00e1t vesznek el az embert\u0151l a lebonyol\u00edt\u00e1ssal kapcsolatos adminisztrat\u00edv teend\u0151k, bonyolult elsz\u00e1mol\u00e1sok.\u00a0<\/span><\/p>\n<p><span style=\"font-weight: 400;\">Gin\u00e1\u00e9k hossz\u00fa t\u00e1von szeretn\u00e9nek olyan k\u00f6z\u00f6ss\u00e9gi megold\u00e1sokat tal\u00e1lni, ami helyben munkalehet\u0151s\u00e9geket biztos\u00edt \u00e9s fenntarthat\u00f3 minden szempontb\u00f3l.<\/span><\/p>\n<p>(Fot\u00f3: Wikip\u00e9dia)<\/p>\n<p>&nbsp;<\/p>\n<p><b>Szerz\u0151:<\/b><\/p>\n<p><span style=\"font-weight: 400;\"><strong><img loading=\"lazy\" decoding=\"async\" class=\"alignright wp-image-7780\" src=\"https:\/\/kofe.hu\/parola\/wp-content\/uploads\/2023\/12\/2023-4-16-01.jpg\" alt=\"\" width=\"150\" height=\"140\" \/>Knyih\u00e1r \u00c9va<\/strong> 1965-ben sz\u00fcletett P\u00e9csett. Szoci\u00e1lis munk\u00e1s, k\u00f6z\u00f6ss\u00e9gfejleszt\u0151. Alap\u00edt\u00f3 kur\u00e1tora a P\u00e9csi K\u00f6z\u00f6ss\u00e9gi Alap\u00edtv\u00e1nynak. 2011 \u00f3ta a p\u00e9csi\u00a0Civil K\u00f6z\u00f6ss\u00e9gek H\u00e1za civil szak\u00e9rt\u0151je. F\u00e9rje asztalosmester, h\u00e1rom fiuk: Bence (35), B\u00e1lint (32), Andr\u00e1s (29) \u00e9s h\u00e1rom le\u00e1nyunok\u00e1juk van.<\/span><\/p>\n<p><span style=\"font-weight: 400;\">\u00a0<\/span><\/p>\n<p>&nbsp;<\/p>\n","protected":false},"excerpt":{"rendered":"<p>\u201eAmi l\u00e9tezik a vil\u00e1gon, az k\u00f6rbe vesz t\u00e9ged meg engem, n\u00e9ha forog, n\u00e9ha \u00e1ll&#8221; (Knyih\u00e1r Borb\u00e1la R\u00f3za 4 \u00e9ves \u00e9s 10 h\u00f3napos unok\u00e1m b\u00f6lcsess\u00e9ge) &nbsp; F\u00f6ldi l\u00e9t\u00fcnk sor\u00e1n a legmeghat\u00e1roz\u00f3bb tapasztal\u00e1sok, tud\u00e1sok az \u00e1ltalunk ki\u00e9p\u00edtett kapcsolatokb\u00f3l \u00e9s meg\u00e9lt k\u00f6z\u00f6ss\u00e9gi \u00e9lm\u00e9nyekb\u0151l erednek. Azt, hogy \u00e9let\u00fcnk sor\u00e1n milyen k\u00f6z\u00f6ss\u00e9gekhez csatlakozunk, sok minden befoly\u00e1solja. M\u00falhat egy v\u00e9letlen tal\u00e1lkoz\u00e1son, [&hellip;]<\/p>\n","protected":false},"author":410,"featured_media":7782,"comment_status":"open","ping_status":"open","sticky":false,"template":"","format":"standard","meta":{"_acf_changed":false,"footnotes":""},"categories":[1322,8,7],"tags":[1349,1351,1347,1350,1346,1348],"coauthors":[546],"class_list":["post-7778","post","type-post","status-publish","format-standard","has-post-thumbnail","hentry","category-parola-2023-4","category-parola-folyoirat","category-repertorium","tag-hetagfa-egyesulet","tag-hetagfa-liget","tag-kistotfalu","tag-kozossegi-kert","tag-vokany","tag-vokanyi-muvelodesi-haz"],"acf":[],"yoast_head":"<!-- This site is optimized with the Yoast SEO plugin v26.7 - https:\/\/yoast.com\/wordpress\/plugins\/seo\/ -->\n<title>K\u00f6r\u00fcl\u00f6tt\u00fcnk a vil\u00e1g\u2026. - Parola Foly\u00f3irat<\/title>\n<meta name=\"robots\" content=\"index, follow, max-snippet:-1, max-image-preview:large, max-video-preview:-1\" \/>\n<link rel=\"canonical\" href=\"https:\/\/kofe.hu\/parola\/parola-folyoirat\/korulottunk-a-vilag\/\" \/>\n<meta property=\"og:locale\" content=\"hu_HU\" \/>\n<meta property=\"og:type\" content=\"article\" \/>\n<meta property=\"og:title\" content=\"K\u00f6r\u00fcl\u00f6tt\u00fcnk a vil\u00e1g\u2026. - Parola Foly\u00f3irat\" \/>\n<meta property=\"og:description\" content=\"\u201eAmi l\u00e9tezik a vil\u00e1gon, az k\u00f6rbe vesz t\u00e9ged meg engem, n\u00e9ha forog, n\u00e9ha \u00e1ll&#8221; (Knyih\u00e1r Borb\u00e1la R\u00f3za 4 \u00e9ves \u00e9s 10 h\u00f3napos unok\u00e1m b\u00f6lcsess\u00e9ge) &nbsp; F\u00f6ldi l\u00e9t\u00fcnk sor\u00e1n a legmeghat\u00e1roz\u00f3bb tapasztal\u00e1sok, tud\u00e1sok az \u00e1ltalunk ki\u00e9p\u00edtett kapcsolatokb\u00f3l \u00e9s meg\u00e9lt k\u00f6z\u00f6ss\u00e9gi \u00e9lm\u00e9nyekb\u0151l erednek. Azt, hogy \u00e9let\u00fcnk sor\u00e1n milyen k\u00f6z\u00f6ss\u00e9gekhez csatlakozunk, sok minden befoly\u00e1solja. M\u00falhat egy v\u00e9letlen tal\u00e1lkoz\u00e1son, [&hellip;]\" \/>\n<meta property=\"og:url\" content=\"https:\/\/kofe.hu\/parola\/parola-folyoirat\/korulottunk-a-vilag\/\" \/>\n<meta property=\"og:site_name\" content=\"Parola Foly\u00f3irat\" \/>\n<meta property=\"article:published_time\" content=\"2023-12-18T17:10:19+00:00\" \/>\n<meta property=\"article:modified_time\" content=\"2023-12-18T17:11:43+00:00\" \/>\n<meta property=\"og:image\" content=\"https:\/\/kofe.hu\/parola\/wp-content\/uploads\/2023\/12\/1920px-Vokany_templom_a_Kossuth_utcaban.jpg\" \/>\n\t<meta property=\"og:image:width\" content=\"1920\" \/>\n\t<meta property=\"og:image:height\" content=\"1080\" \/>\n\t<meta property=\"og:image:type\" content=\"image\/jpeg\" \/>\n<meta name=\"author\" content=\"Knyih\u00e1r \u00c9va\" \/>\n<meta name=\"twitter:card\" content=\"summary_large_image\" \/>\n<meta name=\"twitter:label1\" content=\"Szerz\u0151:\" \/>\n\t<meta name=\"twitter:data1\" content=\"Knyih\u00e1r \u00c9va\" \/>\n\t<meta name=\"twitter:label2\" content=\"Becs\u00fclt olvas\u00e1si id\u0151\" \/>\n\t<meta name=\"twitter:data2\" content=\"11 perc\" \/>\n\t<meta name=\"twitter:label3\" content=\"Written by\" \/>\n\t<meta name=\"twitter:data3\" content=\"Knyih\u00e1r \u00c9va\" \/>\n<script type=\"application\/ld+json\" class=\"yoast-schema-graph\">{\"@context\":\"https:\/\/schema.org\",\"@graph\":[{\"@type\":\"Article\",\"@id\":\"https:\/\/kofe.hu\/parola\/parola-folyoirat\/korulottunk-a-vilag\/#article\",\"isPartOf\":{\"@id\":\"https:\/\/kofe.hu\/parola\/parola-folyoirat\/korulottunk-a-vilag\/\"},\"author\":{\"name\":\"Knyih\u00e1r \u00c9va\",\"@id\":\"https:\/\/kofe.hu\/parola\/#\/schema\/person\/349979a33838c6c087f7444e419aec7d\"},\"headline\":\"K\u00f6r\u00fcl\u00f6tt\u00fcnk a vil\u00e1g\u2026.\",\"datePublished\":\"2023-12-18T17:10:19+00:00\",\"dateModified\":\"2023-12-18T17:11:43+00:00\",\"mainEntityOfPage\":{\"@id\":\"https:\/\/kofe.hu\/parola\/parola-folyoirat\/korulottunk-a-vilag\/\"},\"wordCount\":2148,\"commentCount\":0,\"image\":{\"@id\":\"https:\/\/kofe.hu\/parola\/parola-folyoirat\/korulottunk-a-vilag\/#primaryimage\"},\"thumbnailUrl\":\"https:\/\/kofe.hu\/parola\/wp-content\/uploads\/2023\/12\/1920px-Vokany_templom_a_Kossuth_utcaban.jpg\",\"keywords\":[\"H\u00e9t\u00e1gfa Egyes\u00fclet\",\"H\u00e9t\u00e1gfa Liget\",\"Kist\u00f3tfalu\",\"k\u00f6z\u00f6ss\u00e9gi kert\",\"Vok\u00e1ny\",\"Vok\u00e1nyi M\u0171vel\u0151d\u00e9si H\u00e1z\"],\"articleSection\":[\"Parola 2023\/4\",\"Parola Foly\u00f3irat\",\"Repert\u00f3rium\"],\"inLanguage\":\"hu\",\"potentialAction\":[{\"@type\":\"CommentAction\",\"name\":\"Comment\",\"target\":[\"https:\/\/kofe.hu\/parola\/parola-folyoirat\/korulottunk-a-vilag\/#respond\"]}]},{\"@type\":\"WebPage\",\"@id\":\"https:\/\/kofe.hu\/parola\/parola-folyoirat\/korulottunk-a-vilag\/\",\"url\":\"https:\/\/kofe.hu\/parola\/parola-folyoirat\/korulottunk-a-vilag\/\",\"name\":\"K\u00f6r\u00fcl\u00f6tt\u00fcnk a vil\u00e1g\u2026. - Parola Foly\u00f3irat\",\"isPartOf\":{\"@id\":\"https:\/\/kofe.hu\/parola\/#website\"},\"primaryImageOfPage\":{\"@id\":\"https:\/\/kofe.hu\/parola\/parola-folyoirat\/korulottunk-a-vilag\/#primaryimage\"},\"image\":{\"@id\":\"https:\/\/kofe.hu\/parola\/parola-folyoirat\/korulottunk-a-vilag\/#primaryimage\"},\"thumbnailUrl\":\"https:\/\/kofe.hu\/parola\/wp-content\/uploads\/2023\/12\/1920px-Vokany_templom_a_Kossuth_utcaban.jpg\",\"datePublished\":\"2023-12-18T17:10:19+00:00\",\"dateModified\":\"2023-12-18T17:11:43+00:00\",\"author\":{\"@id\":\"https:\/\/kofe.hu\/parola\/#\/schema\/person\/349979a33838c6c087f7444e419aec7d\"},\"breadcrumb\":{\"@id\":\"https:\/\/kofe.hu\/parola\/parola-folyoirat\/korulottunk-a-vilag\/#breadcrumb\"},\"inLanguage\":\"hu\",\"potentialAction\":[{\"@type\":\"ReadAction\",\"target\":[\"https:\/\/kofe.hu\/parola\/parola-folyoirat\/korulottunk-a-vilag\/\"]}]},{\"@type\":\"ImageObject\",\"inLanguage\":\"hu\",\"@id\":\"https:\/\/kofe.hu\/parola\/parola-folyoirat\/korulottunk-a-vilag\/#primaryimage\",\"url\":\"https:\/\/kofe.hu\/parola\/wp-content\/uploads\/2023\/12\/1920px-Vokany_templom_a_Kossuth_utcaban.jpg\",\"contentUrl\":\"https:\/\/kofe.hu\/parola\/wp-content\/uploads\/2023\/12\/1920px-Vokany_templom_a_Kossuth_utcaban.jpg\",\"width\":1920,\"height\":1080},{\"@type\":\"BreadcrumbList\",\"@id\":\"https:\/\/kofe.hu\/parola\/parola-folyoirat\/korulottunk-a-vilag\/#breadcrumb\",\"itemListElement\":[{\"@type\":\"ListItem\",\"position\":1,\"name\":\"Home\",\"item\":\"https:\/\/kofe.hu\/parola\/\"},{\"@type\":\"ListItem\",\"position\":2,\"name\":\"K\u00f6r\u00fcl\u00f6tt\u00fcnk a vil\u00e1g\u2026.\"}]},{\"@type\":\"WebSite\",\"@id\":\"https:\/\/kofe.hu\/parola\/#website\",\"url\":\"https:\/\/kofe.hu\/parola\/\",\"name\":\"Parola Foly\u00f3irat\",\"description\":\"\",\"potentialAction\":[{\"@type\":\"SearchAction\",\"target\":{\"@type\":\"EntryPoint\",\"urlTemplate\":\"https:\/\/kofe.hu\/parola\/?s={search_term_string}\"},\"query-input\":{\"@type\":\"PropertyValueSpecification\",\"valueRequired\":true,\"valueName\":\"search_term_string\"}}],\"inLanguage\":\"hu\"},{\"@type\":\"Person\",\"@id\":\"https:\/\/kofe.hu\/parola\/#\/schema\/person\/349979a33838c6c087f7444e419aec7d\",\"name\":\"Knyih\u00e1r \u00c9va\",\"image\":{\"@type\":\"ImageObject\",\"inLanguage\":\"hu\",\"@id\":\"https:\/\/kofe.hu\/parola\/#\/schema\/person\/image\/07751c54163b98bbb3d5d29230fe00cb\",\"url\":\"https:\/\/secure.gravatar.com\/avatar\/e3db824f07a46dfa52a87856c2403e54e6fe6521ab37370c0c47b73aaf1f5d35?s=96&d=mm&r=g\",\"contentUrl\":\"https:\/\/secure.gravatar.com\/avatar\/e3db824f07a46dfa52a87856c2403e54e6fe6521ab37370c0c47b73aaf1f5d35?s=96&d=mm&r=g\",\"caption\":\"Knyih\u00e1r \u00c9va\"},\"url\":\"https:\/\/kofe.hu\/parola\/szerzok\/knyihar-eva\/\"}]}<\/script>\n<!-- \/ Yoast SEO plugin. -->","yoast_head_json":{"title":"K\u00f6r\u00fcl\u00f6tt\u00fcnk a vil\u00e1g\u2026. - Parola Foly\u00f3irat","robots":{"index":"index","follow":"follow","max-snippet":"max-snippet:-1","max-image-preview":"max-image-preview:large","max-video-preview":"max-video-preview:-1"},"canonical":"https:\/\/kofe.hu\/parola\/parola-folyoirat\/korulottunk-a-vilag\/","og_locale":"hu_HU","og_type":"article","og_title":"K\u00f6r\u00fcl\u00f6tt\u00fcnk a vil\u00e1g\u2026. - Parola Foly\u00f3irat","og_description":"\u201eAmi l\u00e9tezik a vil\u00e1gon, az k\u00f6rbe vesz t\u00e9ged meg engem, n\u00e9ha forog, n\u00e9ha \u00e1ll&#8221; (Knyih\u00e1r Borb\u00e1la R\u00f3za 4 \u00e9ves \u00e9s 10 h\u00f3napos unok\u00e1m b\u00f6lcsess\u00e9ge) &nbsp; F\u00f6ldi l\u00e9t\u00fcnk sor\u00e1n a legmeghat\u00e1roz\u00f3bb tapasztal\u00e1sok, tud\u00e1sok az \u00e1ltalunk ki\u00e9p\u00edtett kapcsolatokb\u00f3l \u00e9s meg\u00e9lt k\u00f6z\u00f6ss\u00e9gi \u00e9lm\u00e9nyekb\u0151l erednek. Azt, hogy \u00e9let\u00fcnk sor\u00e1n milyen k\u00f6z\u00f6ss\u00e9gekhez csatlakozunk, sok minden befoly\u00e1solja. M\u00falhat egy v\u00e9letlen tal\u00e1lkoz\u00e1son, [&hellip;]","og_url":"https:\/\/kofe.hu\/parola\/parola-folyoirat\/korulottunk-a-vilag\/","og_site_name":"Parola Foly\u00f3irat","article_published_time":"2023-12-18T17:10:19+00:00","article_modified_time":"2023-12-18T17:11:43+00:00","og_image":[{"width":1920,"height":1080,"url":"https:\/\/kofe.hu\/parola\/wp-content\/uploads\/2023\/12\/1920px-Vokany_templom_a_Kossuth_utcaban.jpg","type":"image\/jpeg"}],"author":"Knyih\u00e1r \u00c9va","twitter_card":"summary_large_image","twitter_misc":{"Szerz\u0151:":"Knyih\u00e1r \u00c9va","Becs\u00fclt olvas\u00e1si id\u0151":"11 perc","Written by":"Knyih\u00e1r \u00c9va"},"schema":{"@context":"https:\/\/schema.org","@graph":[{"@type":"Article","@id":"https:\/\/kofe.hu\/parola\/parola-folyoirat\/korulottunk-a-vilag\/#article","isPartOf":{"@id":"https:\/\/kofe.hu\/parola\/parola-folyoirat\/korulottunk-a-vilag\/"},"author":{"name":"Knyih\u00e1r \u00c9va","@id":"https:\/\/kofe.hu\/parola\/#\/schema\/person\/349979a33838c6c087f7444e419aec7d"},"headline":"K\u00f6r\u00fcl\u00f6tt\u00fcnk a vil\u00e1g\u2026.","datePublished":"2023-12-18T17:10:19+00:00","dateModified":"2023-12-18T17:11:43+00:00","mainEntityOfPage":{"@id":"https:\/\/kofe.hu\/parola\/parola-folyoirat\/korulottunk-a-vilag\/"},"wordCount":2148,"commentCount":0,"image":{"@id":"https:\/\/kofe.hu\/parola\/parola-folyoirat\/korulottunk-a-vilag\/#primaryimage"},"thumbnailUrl":"https:\/\/kofe.hu\/parola\/wp-content\/uploads\/2023\/12\/1920px-Vokany_templom_a_Kossuth_utcaban.jpg","keywords":["H\u00e9t\u00e1gfa Egyes\u00fclet","H\u00e9t\u00e1gfa Liget","Kist\u00f3tfalu","k\u00f6z\u00f6ss\u00e9gi kert","Vok\u00e1ny","Vok\u00e1nyi M\u0171vel\u0151d\u00e9si H\u00e1z"],"articleSection":["Parola 2023\/4","Parola Foly\u00f3irat","Repert\u00f3rium"],"inLanguage":"hu","potentialAction":[{"@type":"CommentAction","name":"Comment","target":["https:\/\/kofe.hu\/parola\/parola-folyoirat\/korulottunk-a-vilag\/#respond"]}]},{"@type":"WebPage","@id":"https:\/\/kofe.hu\/parola\/parola-folyoirat\/korulottunk-a-vilag\/","url":"https:\/\/kofe.hu\/parola\/parola-folyoirat\/korulottunk-a-vilag\/","name":"K\u00f6r\u00fcl\u00f6tt\u00fcnk a vil\u00e1g\u2026. - Parola Foly\u00f3irat","isPartOf":{"@id":"https:\/\/kofe.hu\/parola\/#website"},"primaryImageOfPage":{"@id":"https:\/\/kofe.hu\/parola\/parola-folyoirat\/korulottunk-a-vilag\/#primaryimage"},"image":{"@id":"https:\/\/kofe.hu\/parola\/parola-folyoirat\/korulottunk-a-vilag\/#primaryimage"},"thumbnailUrl":"https:\/\/kofe.hu\/parola\/wp-content\/uploads\/2023\/12\/1920px-Vokany_templom_a_Kossuth_utcaban.jpg","datePublished":"2023-12-18T17:10:19+00:00","dateModified":"2023-12-18T17:11:43+00:00","author":{"@id":"https:\/\/kofe.hu\/parola\/#\/schema\/person\/349979a33838c6c087f7444e419aec7d"},"breadcrumb":{"@id":"https:\/\/kofe.hu\/parola\/parola-folyoirat\/korulottunk-a-vilag\/#breadcrumb"},"inLanguage":"hu","potentialAction":[{"@type":"ReadAction","target":["https:\/\/kofe.hu\/parola\/parola-folyoirat\/korulottunk-a-vilag\/"]}]},{"@type":"ImageObject","inLanguage":"hu","@id":"https:\/\/kofe.hu\/parola\/parola-folyoirat\/korulottunk-a-vilag\/#primaryimage","url":"https:\/\/kofe.hu\/parola\/wp-content\/uploads\/2023\/12\/1920px-Vokany_templom_a_Kossuth_utcaban.jpg","contentUrl":"https:\/\/kofe.hu\/parola\/wp-content\/uploads\/2023\/12\/1920px-Vokany_templom_a_Kossuth_utcaban.jpg","width":1920,"height":1080},{"@type":"BreadcrumbList","@id":"https:\/\/kofe.hu\/parola\/parola-folyoirat\/korulottunk-a-vilag\/#breadcrumb","itemListElement":[{"@type":"ListItem","position":1,"name":"Home","item":"https:\/\/kofe.hu\/parola\/"},{"@type":"ListItem","position":2,"name":"K\u00f6r\u00fcl\u00f6tt\u00fcnk a vil\u00e1g\u2026."}]},{"@type":"WebSite","@id":"https:\/\/kofe.hu\/parola\/#website","url":"https:\/\/kofe.hu\/parola\/","name":"Parola Foly\u00f3irat","description":"","potentialAction":[{"@type":"SearchAction","target":{"@type":"EntryPoint","urlTemplate":"https:\/\/kofe.hu\/parola\/?s={search_term_string}"},"query-input":{"@type":"PropertyValueSpecification","valueRequired":true,"valueName":"search_term_string"}}],"inLanguage":"hu"},{"@type":"Person","@id":"https:\/\/kofe.hu\/parola\/#\/schema\/person\/349979a33838c6c087f7444e419aec7d","name":"Knyih\u00e1r \u00c9va","image":{"@type":"ImageObject","inLanguage":"hu","@id":"https:\/\/kofe.hu\/parola\/#\/schema\/person\/image\/07751c54163b98bbb3d5d29230fe00cb","url":"https:\/\/secure.gravatar.com\/avatar\/e3db824f07a46dfa52a87856c2403e54e6fe6521ab37370c0c47b73aaf1f5d35?s=96&d=mm&r=g","contentUrl":"https:\/\/secure.gravatar.com\/avatar\/e3db824f07a46dfa52a87856c2403e54e6fe6521ab37370c0c47b73aaf1f5d35?s=96&d=mm&r=g","caption":"Knyih\u00e1r \u00c9va"},"url":"https:\/\/kofe.hu\/parola\/szerzok\/knyihar-eva\/"}]}},"_links":{"self":[{"href":"https:\/\/kofe.hu\/parola\/wp-json\/wp\/v2\/posts\/7778","targetHints":{"allow":["GET"]}}],"collection":[{"href":"https:\/\/kofe.hu\/parola\/wp-json\/wp\/v2\/posts"}],"about":[{"href":"https:\/\/kofe.hu\/parola\/wp-json\/wp\/v2\/types\/post"}],"author":[{"embeddable":true,"href":"https:\/\/kofe.hu\/parola\/wp-json\/wp\/v2\/users\/410"}],"replies":[{"embeddable":true,"href":"https:\/\/kofe.hu\/parola\/wp-json\/wp\/v2\/comments?post=7778"}],"version-history":[{"count":3,"href":"https:\/\/kofe.hu\/parola\/wp-json\/wp\/v2\/posts\/7778\/revisions"}],"predecessor-version":[{"id":7784,"href":"https:\/\/kofe.hu\/parola\/wp-json\/wp\/v2\/posts\/7778\/revisions\/7784"}],"wp:featuredmedia":[{"embeddable":true,"href":"https:\/\/kofe.hu\/parola\/wp-json\/wp\/v2\/media\/7782"}],"wp:attachment":[{"href":"https:\/\/kofe.hu\/parola\/wp-json\/wp\/v2\/media?parent=7778"}],"wp:term":[{"taxonomy":"category","embeddable":true,"href":"https:\/\/kofe.hu\/parola\/wp-json\/wp\/v2\/categories?post=7778"},{"taxonomy":"post_tag","embeddable":true,"href":"https:\/\/kofe.hu\/parola\/wp-json\/wp\/v2\/tags?post=7778"},{"taxonomy":"author","embeddable":true,"href":"https:\/\/kofe.hu\/parola\/wp-json\/wp\/v2\/coauthors?post=7778"}],"curies":[{"name":"wp","href":"https:\/\/api.w.org\/{rel}","templated":true}]}}