{"id":7336,"date":"2023-04-01T20:13:54","date_gmt":"2023-04-01T20:13:54","guid":{"rendered":"https:\/\/kofe.hu\/parola\/?p=7336"},"modified":"2023-04-01T20:13:54","modified_gmt":"2023-04-01T20:13:54","slug":"szerkesztoi-eloszo-7","status":"publish","type":"post","link":"https:\/\/kofe.hu\/parola\/parola-folyoirat\/szerkesztoi-eloszo-7\/","title":{"rendered":"Szerkeszt\u0151i el\u0151sz\u00f3"},"content":{"rendered":"<p>Kedves Olvas\u00f3!<\/p>\n<p>Parola foly\u00f3iratunknak ebben a sz\u00e1m\u00e1ban egy saj\u00e1tos tematik\u00e1t v\u00e1lasztottunk: a helyi nyilv\u00e1noss\u00e1ggal kapcsolatos gondolatokat \u00e9s gyakorlatokat igyeksz\u00fcnk viszonylag sz\u00e9lesk\u00f6r\u0171en bemutatni.<\/p>\n<p>M\u00e1r a 90-es \u00e9vek elej\u00e9n sokat foglalkoztunk a nyilv\u00e1noss\u00e1ggal \u2013 annak is lok\u00e1lis vonatkoz\u00e1s\u00e1val \u2013 elm\u00e9leti szinten, de a gyakorlatban is. A rendszerv\u00e1lt\u00e1s ut\u00e1n a szabads\u00e1g, a telep\u00fcl\u00e9si \u00f6n\u00e1ll\u00f3s\u00e1g \u00e9s a helyi k\u00f6z\u00f6ss\u00e9g r\u00e9szv\u00e9tel\u00e9nek egyik fontos seg\u00edt\u0151je volt, ha telep\u00fcl\u00e9si k\u00f6z\u00f6ss\u00e9g \u00e1ltal \u00edrt \u00e9s szerkesztett helyi \u00fajs\u00e1gok, a helyi t\u00f6rt\u00e9nelemmel kapcsolatos k\u00f6z\u00f6ss\u00e9gi kutat\u00e1sok \u00e9s kiadv\u00e1nyok \u2013 gyakran k\u00f6z\u00f6ss\u00e9gi kalend\u00e1riumok sz\u00fclettek, de a 90-es \u00e9vekben indultak el olyan szabad r\u00e1di\u00f3k, telev\u00edzi\u00f3s m\u0171sorok \u00e9s csatorn\u00e1k, amelyek szint\u00e9n erre a jelens\u00e9gre h\u00edvt\u00e1k fel a figyelmet.<\/p>\n<p>K\u00f6z\u00f6ss\u00e9gfejleszt\u0151 munk\u00e1nknak szinte minden p\u00e9ld\u00e1j\u00e1ban megjelent ez a n\u00e9z\u0151pont: mennyire tudnak a helyi polg\u00e1rok r\u00e9szt k\u00e9rni vagy \u00e9ppen k\u00f6vetelni a helyi nyilv\u00e1noss\u00e1gb\u00f3l, hogy kifejthess\u00e9k akarataikat, v\u00e9lem\u00e9nyeiket. Sz\u00f3val fontos r\u00e9sze volt a szakmai \u00fajj\u00e1\u00e9led\u00e9snek ez a ter\u00fclet.<\/p>\n<p>Ezt a fontoss\u00e1got nem vesz\u00edtette el az \u00e9vek sor\u00e1n sem \u2013 b\u00e1r lehet, n\u00e9ha a figyelm\u00fcnk elterel\u0151d\u00f6tt m\u00e1s jelent\u0151s r\u00e9szletk\u00e9rd\u00e9sekre is. De azt tudhattuk \u00e9s ma ism\u00e9t ennek k\u00edv\u00e1nunk er\u0151teljes hangot, nyomat\u00e9kot adni, hogy a helyi nyilv\u00e1noss\u00e1g \u2013 mert tartalm\u00e1ban t\u00e1gultak is az eszk\u00f6zei, csatorn\u00e1i \u2013 mindenf\u00e9le k\u00f6z\u00f6ss\u00e9gi \u00e9rdek\u00e9rv\u00e9nyes\u00edt\u00e9si, r\u00e9szv\u00e9teli folyamatnak meghat\u00e1roz\u00f3 eleme.<\/p>\n<p>K\u00fcl\u00f6n \u00e9rdekess\u00e9g, hogy \u2013 az eredeti \u201ef\u0151 ir\u00e1nyok\u201d a helyi lapokon, majd a berobban\u00f3 internetes fel\u00fcleteken t\u00fal is \u2013 m\u00e1ra milyen sokf\u00e9le megjelen\u00e9se, megnyilv\u00e1nul\u00e1sa, milyen terei alakultak ki a helyben zajl\u00f3 dial\u00f3gusoknak, r\u00e9szv\u00e9teli form\u00e1knak, teh\u00e1t a helyi nyilv\u00e1noss\u00e1gnak a gyakorlatunkban. Ezt illusztr\u00e1lja ennek a sz\u00e1mnak a tematikai anyaga is.<\/p>\n<p>K\u00f6z\u00f6ss\u00e9gfejleszt\u0151k\u00e9nt kiemelj\u00fck, hogy megfigyel\u00e9sek, tapasztalati t\u00e9nyek is azt igazolj\u00e1k, hogy a helyi diskurzusnak t\u00f6bbnyire hi\u00e1nyoznak a fizikai \u00e9s a virtu\u00e1lis terei, vagy ha l\u00e9teznek, azt \u2013 sokf\u00e9le okb\u00f3l \u2013 ritk\u00e1n haszn\u00e1lj\u00e1k a helyi k\u00f6z\u00f6ss\u00e9g tagjai.<br \/>\nEz\u00e9rt k\u00edn\u00e1lunk most sokfel\u00e9 el\u00e1gaz\u00f3 p\u00e9ld\u00e1kkal viszonylag gazdag gyakorlati p\u00e9ldat\u00e1rat, azt vallva, hogy <strong>a k\u00f6z\u00f6ss\u00e9gi munk\u00e1ban a p\u00e1rbesz\u00e9d, a diskurzus tereinek megtal\u00e1l\u00e1sa, fejleszt\u00e9se \u00e9s rendszeres haszn\u00e1lata a helyi nyilv\u00e1noss\u00e1g kiemelked\u0151en fontos kulcsk\u00e9rd\u00e9se lehet.<\/strong><\/p>\n<p>P\u00e9terfi Ferenc<\/p>\n","protected":false},"excerpt":{"rendered":"<p>Kedves Olvas\u00f3! Parola foly\u00f3iratunknak ebben a sz\u00e1m\u00e1ban egy saj\u00e1tos tematik\u00e1t v\u00e1lasztottunk: a helyi nyilv\u00e1noss\u00e1ggal kapcsolatos gondolatokat \u00e9s gyakorlatokat igyeksz\u00fcnk viszonylag sz\u00e9lesk\u00f6r\u0171en bemutatni. M\u00e1r a 90-es \u00e9vek elej\u00e9n sokat foglalkoztunk a nyilv\u00e1noss\u00e1ggal \u2013 annak is lok\u00e1lis vonatkoz\u00e1s\u00e1val \u2013 elm\u00e9leti szinten, de a gyakorlatban is. A rendszerv\u00e1lt\u00e1s ut\u00e1n a szabads\u00e1g, a telep\u00fcl\u00e9si \u00f6n\u00e1ll\u00f3s\u00e1g \u00e9s a helyi k\u00f6z\u00f6ss\u00e9g [&hellip;]<\/p>\n","protected":false},"author":15,"featured_media":7319,"comment_status":"open","ping_status":"open","sticky":false,"template":"","format":"standard","meta":{"_acf_changed":false,"footnotes":""},"categories":[1143,8,7],"tags":[728],"coauthors":[23],"class_list":["post-7336","post","type-post","status-publish","format-standard","has-post-thumbnail","hentry","category-parola-2023-1","category-parola-folyoirat","category-repertorium","tag-eloszo"],"acf":[],"yoast_head":"<!-- This site is optimized with the Yoast SEO plugin v26.7 - https:\/\/yoast.com\/wordpress\/plugins\/seo\/ -->\n<title>Szerkeszt\u0151i el\u0151sz\u00f3 - Parola Foly\u00f3irat<\/title>\n<meta name=\"robots\" content=\"index, follow, max-snippet:-1, max-image-preview:large, max-video-preview:-1\" \/>\n<link rel=\"canonical\" href=\"https:\/\/kofe.hu\/parola\/parola-folyoirat\/szerkesztoi-eloszo-7\/\" \/>\n<meta property=\"og:locale\" content=\"hu_HU\" \/>\n<meta property=\"og:type\" content=\"article\" \/>\n<meta property=\"og:title\" content=\"Szerkeszt\u0151i el\u0151sz\u00f3 - Parola Foly\u00f3irat\" \/>\n<meta property=\"og:description\" content=\"Kedves Olvas\u00f3! Parola foly\u00f3iratunknak ebben a sz\u00e1m\u00e1ban egy saj\u00e1tos tematik\u00e1t v\u00e1lasztottunk: a helyi nyilv\u00e1noss\u00e1ggal kapcsolatos gondolatokat \u00e9s gyakorlatokat igyeksz\u00fcnk viszonylag sz\u00e9lesk\u00f6r\u0171en bemutatni. M\u00e1r a 90-es \u00e9vek elej\u00e9n sokat foglalkoztunk a nyilv\u00e1noss\u00e1ggal \u2013 annak is lok\u00e1lis vonatkoz\u00e1s\u00e1val \u2013 elm\u00e9leti szinten, de a gyakorlatban is. A rendszerv\u00e1lt\u00e1s ut\u00e1n a szabads\u00e1g, a telep\u00fcl\u00e9si \u00f6n\u00e1ll\u00f3s\u00e1g \u00e9s a helyi k\u00f6z\u00f6ss\u00e9g [&hellip;]\" \/>\n<meta property=\"og:url\" content=\"https:\/\/kofe.hu\/parola\/parola-folyoirat\/szerkesztoi-eloszo-7\/\" \/>\n<meta property=\"og:site_name\" content=\"Parola Foly\u00f3irat\" \/>\n<meta property=\"article:published_time\" content=\"2023-04-01T20:13:54+00:00\" \/>\n<meta property=\"og:image\" content=\"https:\/\/kofe.hu\/parola\/wp-content\/uploads\/2023\/04\/2023-1-2-1.jpg\" \/>\n\t<meta property=\"og:image:width\" content=\"700\" \/>\n\t<meta property=\"og:image:height\" content=\"525\" \/>\n\t<meta property=\"og:image:type\" content=\"image\/jpeg\" \/>\n<meta name=\"author\" content=\"P\u00e9terfi Ferenc\" \/>\n<meta name=\"twitter:card\" content=\"summary_large_image\" \/>\n<meta name=\"twitter:label1\" content=\"Szerz\u0151:\" \/>\n\t<meta name=\"twitter:data1\" content=\"P\u00e9terfi Ferenc\" \/>\n\t<meta name=\"twitter:label2\" content=\"Becs\u00fclt olvas\u00e1si id\u0151\" \/>\n\t<meta name=\"twitter:data2\" content=\"2 perc\" \/>\n\t<meta name=\"twitter:label3\" content=\"Written by\" \/>\n\t<meta name=\"twitter:data3\" content=\"P\u00e9terfi Ferenc\" \/>\n<script type=\"application\/ld+json\" class=\"yoast-schema-graph\">{\"@context\":\"https:\/\/schema.org\",\"@graph\":[{\"@type\":\"Article\",\"@id\":\"https:\/\/kofe.hu\/parola\/parola-folyoirat\/szerkesztoi-eloszo-7\/#article\",\"isPartOf\":{\"@id\":\"https:\/\/kofe.hu\/parola\/parola-folyoirat\/szerkesztoi-eloszo-7\/\"},\"author\":{\"name\":\"P\u00e9terfi Ferenc\",\"@id\":\"https:\/\/kofe.hu\/parola\/#\/schema\/person\/46297a12b269c035523fdcd019f91711\"},\"headline\":\"Szerkeszt\u0151i el\u0151sz\u00f3\",\"datePublished\":\"2023-04-01T20:13:54+00:00\",\"mainEntityOfPage\":{\"@id\":\"https:\/\/kofe.hu\/parola\/parola-folyoirat\/szerkesztoi-eloszo-7\/\"},\"wordCount\":495,\"commentCount\":0,\"image\":{\"@id\":\"https:\/\/kofe.hu\/parola\/parola-folyoirat\/szerkesztoi-eloszo-7\/#primaryimage\"},\"thumbnailUrl\":\"https:\/\/kofe.hu\/parola\/wp-content\/uploads\/2023\/04\/2023-1-2-1.jpg\",\"keywords\":[\"el\u0151sz\u00f3\"],\"articleSection\":[\"Parola 2023\/1\",\"Parola Foly\u00f3irat\",\"Repert\u00f3rium\"],\"inLanguage\":\"hu\",\"potentialAction\":[{\"@type\":\"CommentAction\",\"name\":\"Comment\",\"target\":[\"https:\/\/kofe.hu\/parola\/parola-folyoirat\/szerkesztoi-eloszo-7\/#respond\"]}]},{\"@type\":\"WebPage\",\"@id\":\"https:\/\/kofe.hu\/parola\/parola-folyoirat\/szerkesztoi-eloszo-7\/\",\"url\":\"https:\/\/kofe.hu\/parola\/parola-folyoirat\/szerkesztoi-eloszo-7\/\",\"name\":\"Szerkeszt\u0151i el\u0151sz\u00f3 - Parola Foly\u00f3irat\",\"isPartOf\":{\"@id\":\"https:\/\/kofe.hu\/parola\/#website\"},\"primaryImageOfPage\":{\"@id\":\"https:\/\/kofe.hu\/parola\/parola-folyoirat\/szerkesztoi-eloszo-7\/#primaryimage\"},\"image\":{\"@id\":\"https:\/\/kofe.hu\/parola\/parola-folyoirat\/szerkesztoi-eloszo-7\/#primaryimage\"},\"thumbnailUrl\":\"https:\/\/kofe.hu\/parola\/wp-content\/uploads\/2023\/04\/2023-1-2-1.jpg\",\"datePublished\":\"2023-04-01T20:13:54+00:00\",\"author\":{\"@id\":\"https:\/\/kofe.hu\/parola\/#\/schema\/person\/46297a12b269c035523fdcd019f91711\"},\"breadcrumb\":{\"@id\":\"https:\/\/kofe.hu\/parola\/parola-folyoirat\/szerkesztoi-eloszo-7\/#breadcrumb\"},\"inLanguage\":\"hu\",\"potentialAction\":[{\"@type\":\"ReadAction\",\"target\":[\"https:\/\/kofe.hu\/parola\/parola-folyoirat\/szerkesztoi-eloszo-7\/\"]}]},{\"@type\":\"ImageObject\",\"inLanguage\":\"hu\",\"@id\":\"https:\/\/kofe.hu\/parola\/parola-folyoirat\/szerkesztoi-eloszo-7\/#primaryimage\",\"url\":\"https:\/\/kofe.hu\/parola\/wp-content\/uploads\/2023\/04\/2023-1-2-1.jpg\",\"contentUrl\":\"https:\/\/kofe.hu\/parola\/wp-content\/uploads\/2023\/04\/2023-1-2-1.jpg\",\"width\":700,\"height\":525},{\"@type\":\"BreadcrumbList\",\"@id\":\"https:\/\/kofe.hu\/parola\/parola-folyoirat\/szerkesztoi-eloszo-7\/#breadcrumb\",\"itemListElement\":[{\"@type\":\"ListItem\",\"position\":1,\"name\":\"Home\",\"item\":\"https:\/\/kofe.hu\/parola\/\"},{\"@type\":\"ListItem\",\"position\":2,\"name\":\"Szerkeszt\u0151i el\u0151sz\u00f3\"}]},{\"@type\":\"WebSite\",\"@id\":\"https:\/\/kofe.hu\/parola\/#website\",\"url\":\"https:\/\/kofe.hu\/parola\/\",\"name\":\"Parola Foly\u00f3irat\",\"description\":\"\",\"potentialAction\":[{\"@type\":\"SearchAction\",\"target\":{\"@type\":\"EntryPoint\",\"urlTemplate\":\"https:\/\/kofe.hu\/parola\/?s={search_term_string}\"},\"query-input\":{\"@type\":\"PropertyValueSpecification\",\"valueRequired\":true,\"valueName\":\"search_term_string\"}}],\"inLanguage\":\"hu\"},{\"@type\":\"Person\",\"@id\":\"https:\/\/kofe.hu\/parola\/#\/schema\/person\/46297a12b269c035523fdcd019f91711\",\"name\":\"P\u00e9terfi Ferenc\",\"image\":{\"@type\":\"ImageObject\",\"inLanguage\":\"hu\",\"@id\":\"https:\/\/kofe.hu\/parola\/#\/schema\/person\/image\/d173d0cf20d3d8748a6819cd4d17d68c\",\"url\":\"https:\/\/secure.gravatar.com\/avatar\/523e0b801b986785c16f8e37b642a318cb28abdc4915fa26e5b257b5a3902afc?s=96&d=mm&r=g\",\"contentUrl\":\"https:\/\/secure.gravatar.com\/avatar\/523e0b801b986785c16f8e37b642a318cb28abdc4915fa26e5b257b5a3902afc?s=96&d=mm&r=g\",\"caption\":\"P\u00e9terfi Ferenc\"},\"url\":\"https:\/\/kofe.hu\/parola\/szerzok\/peterfi-ferenc\/\"}]}<\/script>\n<!-- \/ Yoast SEO plugin. -->","yoast_head_json":{"title":"Szerkeszt\u0151i el\u0151sz\u00f3 - Parola Foly\u00f3irat","robots":{"index":"index","follow":"follow","max-snippet":"max-snippet:-1","max-image-preview":"max-image-preview:large","max-video-preview":"max-video-preview:-1"},"canonical":"https:\/\/kofe.hu\/parola\/parola-folyoirat\/szerkesztoi-eloszo-7\/","og_locale":"hu_HU","og_type":"article","og_title":"Szerkeszt\u0151i el\u0151sz\u00f3 - Parola Foly\u00f3irat","og_description":"Kedves Olvas\u00f3! Parola foly\u00f3iratunknak ebben a sz\u00e1m\u00e1ban egy saj\u00e1tos tematik\u00e1t v\u00e1lasztottunk: a helyi nyilv\u00e1noss\u00e1ggal kapcsolatos gondolatokat \u00e9s gyakorlatokat igyeksz\u00fcnk viszonylag sz\u00e9lesk\u00f6r\u0171en bemutatni. M\u00e1r a 90-es \u00e9vek elej\u00e9n sokat foglalkoztunk a nyilv\u00e1noss\u00e1ggal \u2013 annak is lok\u00e1lis vonatkoz\u00e1s\u00e1val \u2013 elm\u00e9leti szinten, de a gyakorlatban is. A rendszerv\u00e1lt\u00e1s ut\u00e1n a szabads\u00e1g, a telep\u00fcl\u00e9si \u00f6n\u00e1ll\u00f3s\u00e1g \u00e9s a helyi k\u00f6z\u00f6ss\u00e9g [&hellip;]","og_url":"https:\/\/kofe.hu\/parola\/parola-folyoirat\/szerkesztoi-eloszo-7\/","og_site_name":"Parola Foly\u00f3irat","article_published_time":"2023-04-01T20:13:54+00:00","og_image":[{"width":700,"height":525,"url":"https:\/\/kofe.hu\/parola\/wp-content\/uploads\/2023\/04\/2023-1-2-1.jpg","type":"image\/jpeg"}],"author":"P\u00e9terfi Ferenc","twitter_card":"summary_large_image","twitter_misc":{"Szerz\u0151:":"P\u00e9terfi Ferenc","Becs\u00fclt olvas\u00e1si id\u0151":"2 perc","Written by":"P\u00e9terfi Ferenc"},"schema":{"@context":"https:\/\/schema.org","@graph":[{"@type":"Article","@id":"https:\/\/kofe.hu\/parola\/parola-folyoirat\/szerkesztoi-eloszo-7\/#article","isPartOf":{"@id":"https:\/\/kofe.hu\/parola\/parola-folyoirat\/szerkesztoi-eloszo-7\/"},"author":{"name":"P\u00e9terfi Ferenc","@id":"https:\/\/kofe.hu\/parola\/#\/schema\/person\/46297a12b269c035523fdcd019f91711"},"headline":"Szerkeszt\u0151i el\u0151sz\u00f3","datePublished":"2023-04-01T20:13:54+00:00","mainEntityOfPage":{"@id":"https:\/\/kofe.hu\/parola\/parola-folyoirat\/szerkesztoi-eloszo-7\/"},"wordCount":495,"commentCount":0,"image":{"@id":"https:\/\/kofe.hu\/parola\/parola-folyoirat\/szerkesztoi-eloszo-7\/#primaryimage"},"thumbnailUrl":"https:\/\/kofe.hu\/parola\/wp-content\/uploads\/2023\/04\/2023-1-2-1.jpg","keywords":["el\u0151sz\u00f3"],"articleSection":["Parola 2023\/1","Parola Foly\u00f3irat","Repert\u00f3rium"],"inLanguage":"hu","potentialAction":[{"@type":"CommentAction","name":"Comment","target":["https:\/\/kofe.hu\/parola\/parola-folyoirat\/szerkesztoi-eloszo-7\/#respond"]}]},{"@type":"WebPage","@id":"https:\/\/kofe.hu\/parola\/parola-folyoirat\/szerkesztoi-eloszo-7\/","url":"https:\/\/kofe.hu\/parola\/parola-folyoirat\/szerkesztoi-eloszo-7\/","name":"Szerkeszt\u0151i el\u0151sz\u00f3 - Parola Foly\u00f3irat","isPartOf":{"@id":"https:\/\/kofe.hu\/parola\/#website"},"primaryImageOfPage":{"@id":"https:\/\/kofe.hu\/parola\/parola-folyoirat\/szerkesztoi-eloszo-7\/#primaryimage"},"image":{"@id":"https:\/\/kofe.hu\/parola\/parola-folyoirat\/szerkesztoi-eloszo-7\/#primaryimage"},"thumbnailUrl":"https:\/\/kofe.hu\/parola\/wp-content\/uploads\/2023\/04\/2023-1-2-1.jpg","datePublished":"2023-04-01T20:13:54+00:00","author":{"@id":"https:\/\/kofe.hu\/parola\/#\/schema\/person\/46297a12b269c035523fdcd019f91711"},"breadcrumb":{"@id":"https:\/\/kofe.hu\/parola\/parola-folyoirat\/szerkesztoi-eloszo-7\/#breadcrumb"},"inLanguage":"hu","potentialAction":[{"@type":"ReadAction","target":["https:\/\/kofe.hu\/parola\/parola-folyoirat\/szerkesztoi-eloszo-7\/"]}]},{"@type":"ImageObject","inLanguage":"hu","@id":"https:\/\/kofe.hu\/parola\/parola-folyoirat\/szerkesztoi-eloszo-7\/#primaryimage","url":"https:\/\/kofe.hu\/parola\/wp-content\/uploads\/2023\/04\/2023-1-2-1.jpg","contentUrl":"https:\/\/kofe.hu\/parola\/wp-content\/uploads\/2023\/04\/2023-1-2-1.jpg","width":700,"height":525},{"@type":"BreadcrumbList","@id":"https:\/\/kofe.hu\/parola\/parola-folyoirat\/szerkesztoi-eloszo-7\/#breadcrumb","itemListElement":[{"@type":"ListItem","position":1,"name":"Home","item":"https:\/\/kofe.hu\/parola\/"},{"@type":"ListItem","position":2,"name":"Szerkeszt\u0151i el\u0151sz\u00f3"}]},{"@type":"WebSite","@id":"https:\/\/kofe.hu\/parola\/#website","url":"https:\/\/kofe.hu\/parola\/","name":"Parola Foly\u00f3irat","description":"","potentialAction":[{"@type":"SearchAction","target":{"@type":"EntryPoint","urlTemplate":"https:\/\/kofe.hu\/parola\/?s={search_term_string}"},"query-input":{"@type":"PropertyValueSpecification","valueRequired":true,"valueName":"search_term_string"}}],"inLanguage":"hu"},{"@type":"Person","@id":"https:\/\/kofe.hu\/parola\/#\/schema\/person\/46297a12b269c035523fdcd019f91711","name":"P\u00e9terfi Ferenc","image":{"@type":"ImageObject","inLanguage":"hu","@id":"https:\/\/kofe.hu\/parola\/#\/schema\/person\/image\/d173d0cf20d3d8748a6819cd4d17d68c","url":"https:\/\/secure.gravatar.com\/avatar\/523e0b801b986785c16f8e37b642a318cb28abdc4915fa26e5b257b5a3902afc?s=96&d=mm&r=g","contentUrl":"https:\/\/secure.gravatar.com\/avatar\/523e0b801b986785c16f8e37b642a318cb28abdc4915fa26e5b257b5a3902afc?s=96&d=mm&r=g","caption":"P\u00e9terfi Ferenc"},"url":"https:\/\/kofe.hu\/parola\/szerzok\/peterfi-ferenc\/"}]}},"_links":{"self":[{"href":"https:\/\/kofe.hu\/parola\/wp-json\/wp\/v2\/posts\/7336","targetHints":{"allow":["GET"]}}],"collection":[{"href":"https:\/\/kofe.hu\/parola\/wp-json\/wp\/v2\/posts"}],"about":[{"href":"https:\/\/kofe.hu\/parola\/wp-json\/wp\/v2\/types\/post"}],"author":[{"embeddable":true,"href":"https:\/\/kofe.hu\/parola\/wp-json\/wp\/v2\/users\/15"}],"replies":[{"embeddable":true,"href":"https:\/\/kofe.hu\/parola\/wp-json\/wp\/v2\/comments?post=7336"}],"version-history":[{"count":2,"href":"https:\/\/kofe.hu\/parola\/wp-json\/wp\/v2\/posts\/7336\/revisions"}],"predecessor-version":[{"id":7339,"href":"https:\/\/kofe.hu\/parola\/wp-json\/wp\/v2\/posts\/7336\/revisions\/7339"}],"wp:featuredmedia":[{"embeddable":true,"href":"https:\/\/kofe.hu\/parola\/wp-json\/wp\/v2\/media\/7319"}],"wp:attachment":[{"href":"https:\/\/kofe.hu\/parola\/wp-json\/wp\/v2\/media?parent=7336"}],"wp:term":[{"taxonomy":"category","embeddable":true,"href":"https:\/\/kofe.hu\/parola\/wp-json\/wp\/v2\/categories?post=7336"},{"taxonomy":"post_tag","embeddable":true,"href":"https:\/\/kofe.hu\/parola\/wp-json\/wp\/v2\/tags?post=7336"},{"taxonomy":"author","embeddable":true,"href":"https:\/\/kofe.hu\/parola\/wp-json\/wp\/v2\/coauthors?post=7336"}],"curies":[{"name":"wp","href":"https:\/\/api.w.org\/{rel}","templated":true}]}}