{"id":7317,"date":"2023-04-01T19:59:23","date_gmt":"2023-04-01T19:59:23","guid":{"rendered":"https:\/\/kofe.hu\/parola\/?p=7317"},"modified":"2023-04-26T06:25:32","modified_gmt":"2023-04-26T06:25:32","slug":"helyben-nyilvanosan-a-helyi-nyilvanossag-elmeleti-megkozelitese-jelentosegenek-osszefoglalasa","status":"publish","type":"post","link":"https:\/\/kofe.hu\/parola\/parola-folyoirat\/helyben-nyilvanosan-a-helyi-nyilvanossag-elmeleti-megkozelitese-jelentosegenek-osszefoglalasa\/","title":{"rendered":"Helyben, nyilv\u00e1nosan &#8211; A helyi nyilv\u00e1noss\u00e1g elm\u00e9leti megk\u00f6zel\u00edt\u00e9se, jelent\u0151s\u00e9g\u00e9nek \u00f6sszefoglal\u00e1sa"},"content":{"rendered":"<p><strong>Nyilv\u00e1noss\u00e1g, nyilv\u00e1nos t\u00e9r, nyilv\u00e1nos k\u00f6zl\u00e9s, nyilv\u00e1nos p\u00e1rbesz\u00e9d \u2013 hogyan is \u00e9rtelmezz\u00fck ezt a gyakran haszn\u00e1lt fogalmat?<\/strong><!--more--><\/p>\n<p>Angelusz R\u00f3bert a 90-es \u00e9vekben \u00edrt Kommunik\u00e1l\u00f3 t\u00e1rsadalom c\u00edm\u0171 k\u00f6nyv\u00e9ben <strong>tipikus kommunik\u00e1ci\u00f3s csatorn\u00e1kk\u00e9nt<\/strong> a k\u00f6vetkez\u0151ket jel\u00f6li meg: a szem\u00e9lyes kommunik\u00e1ci\u00f3 p\u00e1ly\u00e1i, a f\u00f3rum jelleg\u0171 csoportos eszmecsere lehet\u0151s\u00e9g\u00e9t biztos\u00edt\u00f3 p\u00e1ly\u00e1k \u00e9s a t\u00f6megkommunik\u00e1ci\u00f3s eszk\u00f6z\u00f6k.<a href=\"#_ftn1\" name=\"_ftnref1\"><sup>[1]<\/sup><\/a><br \/>\nAz ut\u00f3bbi \u00e9vtizedekben a t\u00f6megkommunik\u00e1ci\u00f3s csatorn\u00e1k mell\u00e9 (vagy \u00e9pen azokon bel\u00fcl) domin\u00e1ns ter\u00fcletk\u00e9nt kialakult a social m\u00e9dia\u00a0 eszk\u00f6zeinek, digit\u00e1lis platformjainak a sokf\u00e9le haszn\u00e1lata is.<br \/>\n\u00c1m a t\u00e1rsadalmi nyilv\u00e1noss\u00e1g \u00e9rtelmez\u00e9s\u00e9hez \u2013 a fenti defin\u00edci\u00f3val \u00f6sszhangban \u2013 m\u00e1sf\u00e9le m\u00f3don is k\u00f6zel\u00edthet\u00fcnk, ha annak a megval\u00f3sul\u00e1st k\u00edn\u00e1l\u00f3 k\u00fcl\u00f6nf\u00e9le konkr\u00e9t tereit \u2013 legyenek azok fizikai, virtu\u00e1lis vagy \u00e9ppen digit\u00e1lis terek \u2013 vizsg\u00e1ljuk.<\/p>\n<p>Ha m\u00e9g sz\u00e9lesebb \u00e9rtelmez\u00e9sen szeretn\u00e9nk a fogalmat megragadni, a t\u00e1rsadalmi nyilv\u00e1noss\u00e1got tekinthetj\u00fck a kommunik\u00e1ci\u00f3 kereteit szolg\u00e1l\u00f3 t\u00e9rnek, adott k\u00f6z\u00f6ss\u00e9gnek\u00a0, szervezetts\u00e9gi szintnek, a megk\u00f6zel\u00edthet\u0151s\u00e9g-bekapcsol\u00f3d\u00e1s lehet\u0151s\u00e9g\u00e9nek, a politikai \u00e1llam \u00e9s a t\u00e1rsadalom viszonyszerkezet\u00e9nek, s tal\u00e1n kiss\u00e9 kit\u00e1g\u00edtva, de le is egyszer\u0171s\u00edtve, a t\u00e1rsadalmi kapcsolatok rendszer\u00e9nek.<br \/>\n<strong>A nyilv\u00e1noss\u00e1g teret ny\u00fajt a legk\u00fcl\u00f6nb\u00f6z\u0151bb v\u00e9lem\u00e9nycser\u00e9knek, inform\u00e1ci\u00f3khoz juttat, illetve seg\u00edthet az inform\u00e1ci\u00f3k k\u00f6z\u00f6tti eligazod\u00e1sban, az \u00f6ntudatosabb\u00e1 v\u00e1l\u00e1sban<\/strong>. (A nyilv\u00e1noss\u00e1got taglal\u00f3 szakirodalom nagy klasszikusa szerint ezt a \u201ek\u00f6z\u00f6ns\u00e9gg\u00e9 \u00f6sszevegy\u00fclt mag\u00e1nemberek vil\u00e1gak\u00e9nt foghatjuk fel.\u201d<a href=\"#_ftn2\" name=\"_ftnref2\"><sup>[2]<\/sup><\/a>) Hozz\u00e1j\u00e1rulhat az \u00f6nkifejez\u00e9s \u00e9s az \u00f6nmeghat\u00e1roz\u00e1s kifejl\u0151d\u00e9s\u00e9hez, az \u00f6nszervez\u0151d\u00e9s \u00e9s az egy\u00fcttm\u0171k\u00f6d\u00e9s felt\u00e9tele, biztos\u00edthatja a k\u00f6zmegegyez\u00e9s, a racion\u00e1lisabb d\u00f6nt\u00e9s l\u00e9trej\u00f6tt\u00e9t.<\/p>\n<p><strong><img loading=\"lazy\" decoding=\"async\" class=\"aligncenter wp-image-7322 size-full\" src=\"https:\/\/kofe.hu\/parola\/wp-content\/uploads\/2023\/04\/2023-1-2-4.jpg\" alt=\"\" width=\"700\" height=\"467\" srcset=\"https:\/\/kofe.hu\/parola\/wp-content\/uploads\/2023\/04\/2023-1-2-4.jpg 700w, https:\/\/kofe.hu\/parola\/wp-content\/uploads\/2023\/04\/2023-1-2-4-300x200.jpg 300w, https:\/\/kofe.hu\/parola\/wp-content\/uploads\/2023\/04\/2023-1-2-4-10x7.jpg 10w\" sizes=\"auto, (max-width: 700px) 100vw, 700px\" \/><\/strong><\/p>\n<p><strong>A HELYI nyilv\u00e1noss\u00e1got<\/strong> a mi mostani megk\u00f6zel\u00edt\u00e9s\u00fcnkben a t\u00e1rsadalmi kereteknek <strong>egy sz\u0171kebben k\u00f6r\u00fclhat\u00e1rolhat\u00f3, t\u00f6bbnyire bel\u00e1that\u00f3 \u2013 \u00e1t\u00e9lhet\u0151 ter\u00fcleti egys\u00e9g\u00e9ben megval\u00f3sul\u00f3 viszonyrendszernek \u00e9rtelmezz\u00fck<\/strong>: a lokalit\u00e1sban, a helyi t\u00e1rsadalomban vagy m\u00e9g sz\u0171kebb ter\u00fcleti \u00e9rtelmez\u00e9sben a telep\u00fcl\u00e9si \u00e9s v\u00e1rosr\u00e9szi, illetve a szomsz\u00e9ds\u00e1gi k\u00f6zegben.<\/p>\n<p>Ennek a szerepl\u0151i, alak\u00edt\u00f3i a civil t\u00e1rsadalom \u2013 annak helyi k\u00f6z\u00f6ss\u00e9gei, s \u00e1ltal\u00e1ban a helyi polg\u00e1rok \u00e9s term\u00e9szetesen a helyi form\u00e1lis int\u00e9zm\u00e9nyek is. M\u00e1r a t\u00f6rt\u00e9nelem korai id\u0151szakaszaiban, a <strong>t\u00e1rsadalmi cser\u00e9knek<\/strong> a sor\u00e1n kialakultak <strong>a helyi nyilv\u00e1noss\u00e1g funkci\u00f3i<\/strong> \u2013 \u00edgy ide \u00e9rtj\u00fck az \u00e1ruk, a szolg\u00e1ltat\u00e1sok \u00e9s term\u00e9kek cser\u00e9j\u00e9t (ennek egyik kulcsfontoss\u00e1g\u00fa terei a piacok voltak); a h\u00edreknek \u00e9s inform\u00e1ci\u00f3knak a cser\u00e9j\u00e9t, de a tapasztalatoknak, v\u00e1gyaknak, es\u00e9lyeknek, er\u0151forr\u00e1soknak a cser\u00e9j\u00e9t is. Kicsit t\u00e1gabban \u00e9rtelmezve a nyilv\u00e1noss\u00e1g r\u00e9szeinek tekinthetj\u00fck a helyi szok\u00e1sokat. Keretet &#8211; teret adhat az \u00faj innov\u00e1ci\u00f3k &#8211; v\u00e1ltoz\u00e1sok \u2019bevezet\u00e9s\u00e9nek\u2019 is.<\/p>\n<p>A nyilv\u00e1noss\u00e1g \u2013 f\u0151k\u00e9nt a helyi nyilv\u00e1noss\u00e1g \u2013 jelent\u0151s\u00e9ge a fentieken t\u00fal az is, hogy az embereknek lehet\u0151s\u00e9get k\u00edn\u00e1l arra, hogy a helyi t\u00e1rsadalmon bel\u00fcl, de a t\u00e1rsadalom \u00e9s az \u00e1llam k\u00f6z\u00f6tt is valamilyen m\u00f3don <strong>kontroll\u00e1lj\u00e1k a k\u00f6zhatalmat<\/strong>. A j\u00f3l m\u0171k\u00f6d\u0151 nyilv\u00e1noss\u00e1g a hatalom \u00e9rdeke is, hiszen \u00e1ltala javul a r\u00e1l\u00e1t\u00e1sa a polg\u00e1rok \u00e9rdekeire, probl\u00e9m\u00e1ira.<\/p>\n<p>A j\u00f3l m\u0171k\u00f6d\u0151 helyi nyilv\u00e1noss\u00e1g megtestes\u00edti a k\u00f6zpolg\u00e1r \u2013 a citizen \u2013 saj\u00e1tos viszony\u00e1t, a civil t\u00e1rsadalomba val\u00f3 beilleszked\u00e9s\u00e9t, akt\u00edv szerepv\u00e1llal\u00e1s\u00e1nak es\u00e9ly\u00e9t. Ehhez ide\u00e1lisnak t\u0171nik a lokalit\u00e1s szintje, ahol a viszonyok az egyes emberek sz\u00e1m\u00e1ra m\u00e9g \u00e1tl\u00e1that\u00f3ak, k\u00f6vethet\u0151ek, s ezekb\u0151l ered\u0151en a v\u00e1ltoztat\u00e1s es\u00e9lyeit hordozz\u00e1k.<\/p>\n<p><img loading=\"lazy\" decoding=\"async\" class=\"aligncenter wp-image-7320 size-full\" src=\"https:\/\/kofe.hu\/parola\/wp-content\/uploads\/2023\/04\/2023-1-2-2.jpg\" alt=\"\" width=\"700\" height=\"373\" srcset=\"https:\/\/kofe.hu\/parola\/wp-content\/uploads\/2023\/04\/2023-1-2-2.jpg 700w, https:\/\/kofe.hu\/parola\/wp-content\/uploads\/2023\/04\/2023-1-2-2-300x160.jpg 300w, https:\/\/kofe.hu\/parola\/wp-content\/uploads\/2023\/04\/2023-1-2-2-10x5.jpg 10w\" sizes=\"auto, (max-width: 700px) 100vw, 700px\" \/><\/p>\n<p>\u00c9rdemes az elm\u00e9leti meghat\u00e1roz\u00e1son t\u00fal a k\u00f6z\u00f6ss\u00e9gi munka gyakorlat\u00e1b\u00f3l n\u00e9h\u00e1ny k\u00e9rd\u00e9sen elgondolkodni. P\u00e9ld\u00e1ul, hogy <strong>mit\u0151l f\u00fcgg, alakul a helyi nyilv\u00e1nos\u00e1gnak a szerkezete helyben? <\/strong>Mi zajlik a nyilv\u00e1noss\u00e1g kereteiben? Mi f\u00fcgghet, mi befoly\u00e1sol\u00f3dhat egy telep\u00fcl\u00e9si k\u00f6z\u00f6ss\u00e9gben a helyi nyilv\u00e1noss\u00e1g \u00e1ltal?<br \/>\nBiztosak lehet\u00fcnk abban, hogy egyik alapvet\u0151en meghat\u00e1roz\u00f3 adotts\u00e1ga a helyi k\u00f6z\u00e9rzetet is er\u0151sen befoly\u00e1sol\u00f3 <strong>k\u00f6zbizalom<\/strong> \u2013 az emberek \u00e9s a helyi int\u00e9zm\u00e9nyek egym\u00e1shoz val\u00f3 viszonya. (Ennek hazai alakul\u00e1s\u00e1r\u00f3l 10 \u00e9ven kereszt\u00fcl &#8211; 2019-ig -, rendszeres kutat\u00e1si tapasztalatokr\u00f3l sz\u00e1molt be a K\u00f6z\u00f6ss\u00e9gfejleszt\u0151k Egyes\u00fclete.) De ilyen a bel\u00e1that\u00f3s\u00e1g, az \u00e1ttekinthet\u0151s\u00e9g \u00e9s \u00e1tl\u00e1that\u00f3s\u00e1g \u2013 s \u00edgy az ellen\u0151rizhet\u0151s\u00e9g megteremt\u0151d\u00e9se. Mindezek az egy\u00e9ni vagy\/\u00e9s a k\u00f6z\u00f6ss\u00e9gi cselekv\u00e9seknek is relev\u00e1ns felt\u00e9telei.<\/p>\n<p>Jellemzi (seg\u00edti, vagy \u00e9ppen korl\u00e1tozza) helyben is a hanger\u0151, a k\u00f6z\u00e9letben \u00e9s <strong>a k\u00f6zbesz\u00e9dben tapasztalhat\u00f3 \u201ezaj\u201d \u00e1llapota, a nyelvezet <\/strong>(durvas\u00e1g, illetve k\u00f6z\u00e9rthet\u0151s\u00e9g) \u00e9s a helyi nyilv\u00e1noss\u00e1g ki\u00e9p\u00edthet\u0151s\u00e9g\u00e9nek \u00e9s alak\u00edthat\u00f3s\u00e1g\u00e1nak szempontj\u00e1b\u00f3l meghat\u00e1roz\u00f3i a <strong>nyilv\u00e1nos p\u00e1rbesz\u00e9dnek<\/strong> az adott helyen kialakult hagyom\u00e1nyai is. \u00a0Fontos itt kijelenteni, a p\u00e1rbesz\u00e9dben nem a m\u00e1sik f\u00e9l legy\u0151z\u00e9se, hatalm\u00e1ba ker\u00edt\u00e9se a c\u00e9l, hanem annak a meg\u00e9rt\u00e9se, a befogad\u00e1s \u00e9s a k\u00f6z\u00f6s pontok megtal\u00e1l\u00e1s\u00e1t k\u00f6vet\u0151 esetleg lehets\u00e9ges kooper\u00e1ci\u00f3.<\/p>\n<p><img loading=\"lazy\" decoding=\"async\" class=\"aligncenter size-full wp-image-7324\" src=\"https:\/\/kofe.hu\/parola\/wp-content\/uploads\/2023\/04\/2023-1-2-6.jpg\" alt=\"\" width=\"700\" height=\"525\" srcset=\"https:\/\/kofe.hu\/parola\/wp-content\/uploads\/2023\/04\/2023-1-2-6.jpg 700w, https:\/\/kofe.hu\/parola\/wp-content\/uploads\/2023\/04\/2023-1-2-6-300x225.jpg 300w, https:\/\/kofe.hu\/parola\/wp-content\/uploads\/2023\/04\/2023-1-2-6-10x8.jpg 10w\" sizes=\"auto, (max-width: 700px) 100vw, 700px\" \/><\/p>\n<p>Ha egy telep\u00fcl\u00e9si k\u00f6z\u00f6ss\u00e9gben elindul vagy \u00e9ppen feler\u0151s\u00f6dik a nyilv\u00e1nos megsz\u00f3lal\u00e1sok, p\u00e1rbesz\u00e9dek rendszere, az a helyi nyilv\u00e1noss\u00e1g elm\u00e9ly\u00fcl\u00e9s\u00e9t, kiterjedtebb\u00e9 v\u00e1l\u00e1s\u00e1t s \u00edgy r\u00e9szben int\u00e9zm\u00e9nyes\u00fcl\u00e9s\u00e9t is eredm\u00e9nyezheti. <strong>Az int\u00e9zm\u00e9ny \u2013 int\u00e9zm\u00e9nyes\u00fcl\u00e9s<\/strong><em> \u00e9rtelmez\u00e9se<\/em> e hely\u00fctt magyar\u00e1zatra szorul. Int\u00e9zm\u00e9nyes\u00fcl\u00e9s: egyebek mellett egyfajta gyakoris\u00e1got, tart\u00f3ss\u00e1got \u00e9s felel\u0151ss\u00e9get is felt\u00e9telez\u0151 szervez\u0151d\u00e9st jelent. Teh\u00e1t nem \u00e9p\u00fcletet, hivatali b\u00fcrokr\u00e1ci\u00e1t, hanem ink\u00e1bb jelenti az \u00fcgyek menet\u00e9nek valamif\u00e9le rendj\u00e9t, biztons\u00e1g\u00e1t, kisz\u00e1m\u00edthat\u00f3s\u00e1g\u00e1t, begyakorlotts\u00e1g\u00e1t \u00e9s egy k\u00f6r\u00fclhat\u00e1rolts\u00e1got. Az int\u00e9zm\u00e9ny egyik \u00e9rtelmez\u00e9se a megegyez\u00e9sek \u2013 norm\u00e1k rendszere, hogy a dolgok int\u00e9z\u00e9se valamif\u00e9le kisz\u00e1m\u00edthat\u00f3, biztons\u00e1gos keretekben \u00e9s k\u00f6z\u00f6ss\u00e9gileg elfogadott szab\u00e1lyok szerint t\u00f6rt\u00e9nik.<\/p>\n<p>Itt egy kis kit\u00e9r\u0151 erej\u00e9ig jelzem, hogy a szab\u00e1lyok nem felt\u00e9tlen\u00fck a szabv\u00e1nyokban \u00f6ltenek testet. A besz\u00e9d\u00fcnk, a viselked\u00e9seink, a magatart\u00e1sunk, a reag\u00e1l\u00e1saink gyakran k\u00edv\u00fclr\u0151l megfogalmazott (r\u00e1nk k\u00e9nyszer\u00edtett), de m\u00e9g ink\u00e1bb valahonnan ut\u00e1nzott, <strong>rutinszer\u0171<\/strong>, elhaszn\u00e1lt sztereot\u00edpi\u00e1kban, \u00edgy \u00fcres sz\u00f3lamokban is jelentkezhetnek. Ezek a rosszul m\u0171k\u00f6d\u0151 szabv\u00e1nyok gyakran ki\u00fcresedett emberi kapcsolatokat, viszonylatokat, \u0151szint\u00e9tlen p\u00e1rbesz\u00e9deket \u00e9s ezekhez k\u00f6t\u0151d\u0151 inadekv\u00e1t viselked\u00e9seket eredm\u00e9nyeznek \u2013 ezzel lepuszt\u00edtva az igazi v\u00e9lem\u00e9nyek, \u00e1ll\u00e1spontok, eredeti felismer\u00e9sek kialakul\u00e1s\u00e1t\u00a0. A szabv\u00e1nyok ilyen alkalmaz\u00e1sa ki\u00fcresedett, g\u00e9pies monol\u00f3gokat, dial\u00f3gusokat vagy \u00e9ppen tartalmatlan p\u00e1rbesz\u00e9deket eredm\u00e9nyezhet. <strong>Elvesz\u00edtik<\/strong> az emberek \u00e9s k\u00f6z\u00f6ss\u00e9gek, az ilyen besz\u00e9dekben \u00e9s megnyilatkoz\u00e1sokban <strong>az eredeti &#8211; saj\u00e1t hangjukat<\/strong>. De egy j\u00f3l m\u0171k\u00f6d\u0151 helyi nyilv\u00e1noss\u00e1gban \u00e9ppen ezekt\u0151l a b\u00e9kly\u00f3kt\u00f3l (kim\u00f3dolt szabv\u00e1nyokt\u00f3l) lehet megszabadulni; m\u00e1sk\u00e9ppen \u2013 tal\u00e1n \u0151szint\u00e9bben, a helyben \u00e9rintettek nyelvezet\u00e9n \u2013, mindenesetre soksz\u00edn\u0171bben \u00e9s sokkal szabadabban tudunk besz\u00e9lni, \u00edrni, kapcsolatokat alak\u00edtani.<br \/>\n\u201eA k\u00f6zpolg\u00e1r \u2013 a citizen \u2013 saj\u00e1tos viszony\u00e1t, a civil t\u00e1rsadalomba val\u00f3 beilleszked\u00e9s\u00e9t, akt\u00edv szerepv\u00e1llal\u00e1s\u00e1t hangs\u00falyozzuk. Olyan magatart\u00e1st \u00e9s olyan k\u00f6z\u00f6ss\u00e9gi rendszert, amelyekben az \u00e9rintettek bekapcsol\u00f3dnak a szab\u00e1lyok megvitat\u00e1s\u00e1ba, megv\u00e1laszt\u00e1s\u00e1ba \u00e9s az ezekb\u0151l ered\u0151 felel\u0151ss\u00e9gv\u00e1llal\u00e1sba is. Ezek a r\u00e9szv\u00e9tel elemi megval\u00f3sul\u00e1sai.\u201d<a href=\"#_ftn3\" name=\"_ftnref3\"><sup>[3]<\/sup><\/a><\/p>\n<p>Ide\u00e1lis esetben olyan eszk\u00f6zz\u00e9 v\u00e1lhat a helyi nyilv\u00e1noss\u00e1g, amely seg\u00edthet az \u00e9rintetteknek abban, hogy val\u00f3di hat\u00e1ssal lehessenek a k\u00f6rnyezet\u00fckre. \u201eA helyi szf\u00e9ra auton\u00f3m t\u00e9rr\u00e9 v\u00e1lik, ahonnan ki\u00e9p\u00fcl a \u2019lehet, vagy nem megv\u00e1ltoztatni az \u00e9letet\u2019; olyan helly\u00e9, ahol a konkr\u00e9t probl\u00e9m\u00e1k megl\u00e9te lehet\u0151v\u00e9 teszi a t\u00e1rsadalmi v\u00e1ltoz\u00e1s mozgat\u00f3er\u0151i sz\u00e1m\u00e1ra a gyakorlati beavatkoz\u00e1st.\u201d<a href=\"#_ftn4\" name=\"_ftnref4\"><sup>[4]<\/sup><\/a><br \/>\nA <em>diskurzus<\/em> mindennapiv\u00e1 v\u00e1l\u00e1s\u00e1val a k\u00f6z\u00e9let helyi szintjein val\u00f3di szerepl\u0151kk\u00e9 v\u00e1lhatnak a helyi polg\u00e1rok \u00e9s k\u00f6z\u00f6ss\u00e9geik, r\u00e9szt vehetnek a saj\u00e1t er\u0151forr\u00e1saikkal annak alak\u00edt\u00e1s\u00e1ban, a probl\u00e9m\u00e1k k\u00f6z\u00f6ss\u00e9gi megold\u00e1s\u00e1ban. Komoly jelent\u0151s\u00e9ggel b\u00edr ilyen c\u00e9lokkal a helyi nyilv\u00e1noss\u00e1g.<\/p>\n<p>Fontos lenne, hogy az \u00faj kommunik\u00e1ci\u00f3s t\u00e9r ne puszt\u00e1n vagy els\u0151sorban ne fogyaszt\u00e1si, hanem aktivit\u00e1si t\u00e9r legyen, azz\u00e1 v\u00e1ljon. (Erre utal az el\u0151bb hivatkozott szerz\u0151 <em>Pierre Delaspre <\/em>\u00edr\u00e1s\u00e1nak c\u00edme: Kommunik\u00e1ci\u00f3 \u2013 fogyaszt\u00e1s vagy emancip\u00e1ci\u00f3) Ez, valamint a hozz\u00e1f\u00e9r\u00e9s \u201ebesz\u00e9dhelyzetbe\u201d hozhatja a helyi embereket, bekapcsolhatja \u0151ket a p\u00e1rbesz\u00e9dbe.<\/p>\n<p><strong><img loading=\"lazy\" decoding=\"async\" class=\"aligncenter size-full wp-image-7325\" src=\"https:\/\/kofe.hu\/parola\/wp-content\/uploads\/2023\/04\/2023-1-2-7.jpg\" alt=\"\" width=\"700\" height=\"525\" srcset=\"https:\/\/kofe.hu\/parola\/wp-content\/uploads\/2023\/04\/2023-1-2-7.jpg 700w, https:\/\/kofe.hu\/parola\/wp-content\/uploads\/2023\/04\/2023-1-2-7-300x225.jpg 300w, https:\/\/kofe.hu\/parola\/wp-content\/uploads\/2023\/04\/2023-1-2-7-10x8.jpg 10w\" sizes=\"auto, (max-width: 700px) 100vw, 700px\" \/><\/strong><\/p>\n<p><strong>Milyen es\u00e9lyeink, eszk\u00f6zeink \u00e9s gyakorlati l\u00e9p\u00e9sei vannak\/lehetnek a helyi nyilv\u00e1noss\u00e1g fejleszt\u00e9s\u00e9re?<\/strong><\/p>\n<p>Ha a helyi nyilv\u00e1noss\u00e1g m\u0171k\u00f6d\u00e9s\u00e9t szeretn\u00e9nk gazdag\u00edtani, a felt\u00e9telek seg\u00edt\u00e9se lehet az egyik fontos ir\u00e1ny: a <em>helyi csatorn\u00e1k megteremt\u00e9se<\/em>, a nyilv\u00e1noss\u00e1g \u2013 a <strong>nyilv\u00e1nos diskurzus <\/strong>(gyakran hi\u00e1nyz\u00f3)<strong> &#8222;tereinek&#8221; a ki\u00e9p\u00edt\u00e9se<\/strong>, sz\u00e9les\u00edt\u00e9se.<br \/>\nPallai Katalin egy tanulm\u00e1ny\u00e1ban<a href=\"#_ftn5\" name=\"_ftnref5\"><sup>[5]<\/sup><\/a>\u00a0 \u201er\u00e9szv\u00e9teli int\u00e9zm\u00e9ny\u00e9p\u00edt\u00e9snek\u201d nevezi azt a folyamatot, amelyben a helyi \u00f6nkorm\u00e1nyzat tudatosan olyan <strong>kommunik\u00e1ci\u00f3s<\/strong> csatorn\u00e1kat, r\u00e9szv\u00e9teli form\u00e1kat, eszk\u00f6z\u00f6k rendszer\u00e9t alak\u00edtja ki, amelyek a folyamatos t\u00e1j\u00e9koztat\u00e1st, a t\u00e1rsadalmi p\u00e1rbesz\u00e9d fenntart\u00e1s\u00e1t, az akt\u00edvabb r\u00e9szv\u00e9telt szolg\u00e1lj\u00e1k. Ezeknek a c\u00e9lja: a spont\u00e1n besz\u00e9lget\u00e9sek \u00e9s a hivatalos p\u00e1rbesz\u00e9d k\u00f6z\u00f6tti stabil kapcsolat l\u00e9trehoz\u00e1sa. Ez egy <strong>folyamat<\/strong>, amely sor\u00e1n egyes \u00fcgyek felmer\u00fclnek, n\u00e9z\u0151pontok alakulnak \u00e9s fogalmaz\u00f3dnak meg, \u00e9s felmer\u00fcl, hogy egyes \u00fcgyekben valamilyen k\u00f6z\u00f6ss\u00e9gi cselekv\u00e9sre lenne sz\u00fcks\u00e9g.<br \/>\nEz a folyamat p\u00e1rhuzamosan zajlik a besz\u00e9lget\u00e9sekben, a m\u00e9di\u00e1ban, nyilv\u00e1nos vit\u00e1kban \u00e9s sok m\u00e1s szint\u00e9ren.<br \/>\n<strong>Ehhez<\/strong> \u2013 teh\u00e1t a helyi nyilv\u00e1noss\u00e1g, a t\u00e1rsadalmi p\u00e1rbesz\u00e9d kibontakoz\u00e1s\u00e1ra <strong>c\u00e9lzott tereket kell alkotni<\/strong>. Meg kell tal\u00e1lni, hogy hol vannak azok a <strong>helyek, terek<\/strong>, ahol k\u00fcl\u00f6nb\u00f6z\u0151 csoportok tal\u00e1lkoznak. Itt \u00e9rnek \u00f6ssze a szem\u00e9lyes kapcsolati h\u00e1l\u00f3k r\u00e9szei. Ugyancsak Pallai h\u00edvja fel a figyelmet, hogy \u201en<em>em elfoglalni kell<\/em> ezeket a tereket, hanem id\u0151nk\u00e9nt \u00e9s <em>tapintattal haszn\u00e1lni\u201d<a href=\"#_ftn6\" name=\"_ftnref6\"><sup><strong>[6]<\/strong><\/sup><\/a>.<\/em><\/p>\n<p><strong>Kik \u00e9s hogyan tudj\u00e1k haszn\u00e1lni a helyi nyilv\u00e1noss\u00e1got, az arra l\u00e9trehozott tereket?<\/strong><\/p>\n<p>Abban a k\u00f6z\u00f6ss\u00e9gi folyamatban, amelyet a helyi nyilv\u00e1noss\u00e1g kereteiben a helyben \u00e9rintetteket seg\u00edtve szeretn\u00e9nk l\u00e9trehozni, a cselekv\u0151k\u00e9pes embereket, azok k\u00f6z\u00f6ss\u00e9geit felt\u00e9telezz\u00fck.<br \/>\nEhhez sz\u00fcks\u00e9ges a helyi polg\u00e1rok akarat\u00e1nak a kibont\u00e1sa, hogy sz\u00e1nd\u00e9kuk\/akaratuk \u00e9s b\u00e1tors\u00e1guk legyen a saj\u00e1t k\u00f6z\u00f6ss\u00e9g\u00fck \u00fcgyeinek a nyilv\u00e1nos befoly\u00e1sol\u00e1s\u00e1ra.<br \/>\nGyakran itt olyan folyamatok es\u00e9lye k\u00edn\u00e1lkozik, amelyhez k\u00fcls\u0151 szakemberek seg\u00edts\u00e9g\u00e9re is sz\u00fcks\u00e9g lehet. A helyi polg\u00e1rok <strong>k\u00e9pess\u00e9 v\u00e1l\u00e1s\u00e1nak a seg\u00edt\u00e9s\u00e9r\u0151l<\/strong> van sz\u00f3 arra vonatkoz\u00f3lag, hogy meg\u00e9rts\u00e9k a k\u00f6r\u00fcl\u00f6tt\u00fck zajl\u00f3 jelens\u00e9geket \u00e9s hogy meg\u00e9rtess\u00e9k a t\u00f6bbiekkel a saj\u00e1t n\u00e9z\u0151pontjukat, tov\u00e1bb\u00e1, hogy egy\u00fctt tal\u00e1ljanak k\u00f6z\u00f6ss\u00e9gi \u00e9rdekeket. Hogy legyen helyi dial\u00f3gus, amelyben \u00f6nmaguk is r\u00e9szt vehetnek, \u00edgy a p\u00e1rbesz\u00e9d seg\u00edts\u00e9g\u00e9vel a k\u00f6z\u00f6s v\u00e9lem\u00e9ny kialakul\u00e1s\u00e1nak teremt\u0151dik meg a lehet\u0151s\u00e9ge.<\/p>\n<p>\u00c9s itt, a kor\u00e1bbi gyakorlathoz k\u00e9pest (amely t\u00f6bbnyire a helyi m\u00e9diacsatorn\u00e1kra \u00e9s internetes platformokra utal), mi a helyi nyilv\u00e1noss\u00e1g \u00e9rtelmez\u00e9s\u00e9t jelent\u0151sen kit\u00e1g\u00edtjuk, \u00e9s egyebek mellett a k\u00f6z\u00f6ss\u00e9gi terek haszn\u00e1lat\u00e1t, a helyi p\u00e1rbesz\u00e9d k\u00fcl\u00f6nf\u00e9le form\u00e1it s a nyilv\u00e1noss\u00e1g mindenf\u00e9le konkr\u00e9t sz\u00edntereit is \u00e9rtelmezz\u00fck.<\/p>\n<p><img loading=\"lazy\" decoding=\"async\" class=\"aligncenter size-full wp-image-7328\" src=\"https:\/\/kofe.hu\/parola\/wp-content\/uploads\/2023\/04\/2023-1-2-10.jpg\" alt=\"\" width=\"700\" height=\"394\" srcset=\"https:\/\/kofe.hu\/parola\/wp-content\/uploads\/2023\/04\/2023-1-2-10.jpg 700w, https:\/\/kofe.hu\/parola\/wp-content\/uploads\/2023\/04\/2023-1-2-10-300x169.jpg 300w, https:\/\/kofe.hu\/parola\/wp-content\/uploads\/2023\/04\/2023-1-2-10-10x6.jpg 10w\" sizes=\"auto, (max-width: 700px) 100vw, 700px\" \/><br \/>\n<strong>A helyi nyilv\u00e1noss\u00e1g a k\u00f6z\u00f6ss\u00e9gi r\u00e9szv\u00e9telnek az egyik legalapvet\u0151bb felt\u00e9tele. \u00c9s annak is, hogy ennek k\u00f6z\u00f6s cselekv\u00e9s lehessen az eredm\u00e9nye<\/strong>\u00a0Ezeknek a jegy\u00e9ben \u00e9rdemes k\u00fcl\u00f6nf\u00e9le helyi programokat szervezni, elindul\u00e1skor ak\u00e1r tapasztalatok n\u00e9lk\u00fcli kezd\u0151\u00a0, esetenk\u00e9nt kisebb k\u00f6z\u00f6ss\u00e9gek nyilv\u00e1noss\u00e1got alak\u00edt\u00f3, befoly\u00e1sol\u00f3 es\u00e9lyeinek az er\u0151s\u00edt\u00e9s\u00e9re is.<\/p>\n<p><strong>Gyakorlati p\u00e9ld\u00e1kkal<\/strong><br \/>\nutalunk arra, hogy a helyi nyilv\u00e1noss\u00e1g r\u00e9szeik\u00e9nt milyen keretek, megval\u00f3s\u00edt\u00e1si form\u00e1k \u00e9s tartalmak m\u0171k\u00f6dnek sokfel\u00e9. Megteremt\u00e9s\u00fck ennek a m\u0171k\u00f6d\u00e9s\u00e9t ind\u00edthatja el, m\u00e1s esetekben szolg\u00e1lhat arra, hogy kiteljesedjenek a helyi t\u00e1rsadalomban a nyilv\u00e1nos cselekv\u00e9sek.<\/p>\n<p>A <strong>hagyom\u00e1nyos kommunik\u00e1ci\u00f3s eszk\u00f6z\u00f6k<\/strong> m\u0171k\u00f6d\u00e9se, m\u0171k\u00f6dtet\u00e9se: helyi lapok, k\u00f6z\u00f6ss\u00e9gi r\u00e1di\u00f3k, egy\u00e9b k\u00f6z\u00f6ss\u00e9gi kiadv\u00e1nyok print- vagy elektronikus k\u00f6zz\u00e9t\u00e9tele. Ezekben a m\u00e9diacsatorn\u00e1kban mi a szabad, f\u00fcggetlen, k\u00f6z\u00f6ss\u00e9gi keretekben m\u0171k\u00f6d\u0151 org\u00e1numokat tartjuk fontosnak (vagy legal\u00e1bbis amelyek jelent\u0151s k\u00f6z\u00f6ss\u00e9gek \u00e1ltali befoly\u00e1ssal rendelkeznek).<br \/>\n<strong>Helyi FB csoportok<\/strong> alap\u00edt\u00e1sa, megl\u00e9v\u0151k m\u0171k\u00f6d\u00e9s\u00e9nek a helyi \u00fcgyek megold\u00e1s\u00e1ra t\u00f6rt\u00e9n\u0151 orient\u00e1l\u00e1sa, k\u00f6z\u00f6ss\u00e9gi \u00fcgyeikr\u0151l weboldalak, h\u00edrlevelek l\u00e9trej\u00f6tte.<br \/>\nKonkr\u00e9t fizikai (\u00e9s virtu\u00e1lis<strong>) k\u00f6z\u00f6ss\u00e9gi terek l\u00e9trej\u00f6tte<\/strong> helyben, ahol a nyilv\u00e1nos tal\u00e1lkoz\u00f3k \u00e9s a p\u00e1rbesz\u00e9dek sz\u00e1m\u00e1ra, de az alkalmi tal\u00e1lkoz\u00e1sok \u00e9s v\u00e9lem\u00e9nycser\u00e9knek is terepet k\u00edn\u00e1lnak.<br \/>\nAlkalmi vagy rendszeres <strong>r\u00e1di\u00f3s \u00e9s vide\u00f3s tartalmak el\u0151\u00e1ll\u00edt\u00e1sa<\/strong> (interj\u00fak, kerekasztalok, \u00e9l\u0151 tud\u00f3s\u00edt\u00e1sok) k\u00e9sz\u00edt\u00e9se. Ezek <strong>nyilv\u00e1nos k\u00f6zvet\u00edt\u00e9se<\/strong>: interneten, FB-on, youtube csatorn\u00e1n. Blogban val\u00f3 megjelen\u00edt\u00e9s\u00fck, <strong>podcastok<\/strong> k\u00e9sz\u00edt\u00e9se.<br \/>\nHelyi \u00fcgyekr\u0151l szervezett alkalmi vagy sorozatban l\u00e9trej\u00f6v\u0151 <strong>f\u00f3rumok, workshopok kezdem\u00e9nyez\u00e9se<\/strong>.<br \/>\n<strong>K\u00f6z\u00f6ss\u00e9gi \u00e9rdek\u00e9rv\u00e9nyes\u00edt\u00e9si<\/strong> kezdem\u00e9nyez\u00e9sek, akci\u00f3k \u2013 ezek koal\u00edci\u00f3ban val\u00f3 \u00f6sszefog\u00e1sai.<br \/>\nNyilv\u00e1nos, <strong>\u00e9l\u0151 p\u00e1rbesz\u00e9dek, vitasorozatok<\/strong> elind\u00edt\u00e1sa; folyamatos m\u0171k\u00f6d\u00e9s\u0171 <strong>k\u00f6z\u00e9leti kerekasztalok<\/strong> alap\u00edt\u00e1sa.<br \/>\nK\u00f6z\u00f6ss\u00e9gi keretekben rendszeresen m\u0171k\u00f6d\u0151 <strong>telep\u00fcl\u00e9si\/v\u00e1rosr\u00e9szi vitaklubok, p\u00e1rbesz\u00e9dk\u00f6r\u00f6k<\/strong> l\u00e9trehoz\u00e1sa.<br \/>\n<strong>K\u00f6z\u00f6ss\u00e9gi,<\/strong> <strong>r\u00e9szv\u00e9teli tervez\u00e9ssel<\/strong> alakul\u00f3 helyi d\u00f6nt\u00e9sek sz\u00fclet\u00e9se.<br \/>\nM\u00e1sf\u00e9le, <strong>nem csak verb\u00e1lis term\u00e9szet\u0171 &#8211; m\u0171faj\u00fa esem\u00e9nyek<\/strong> szervez\u00e9se a helyi k\u00f6z\u00f6ss\u00e9ghez \u00e9s k\u00f6z\u00e9lethez kapcsol\u00f3d\u00f3 t\u00e9m\u00e1kban: ki\u00e1ll\u00edt\u00e1sok, filmvet\u00edt\u00e9sek, aktivit\u00e1sra \u00e9p\u00fcl\u0151 m\u0171v\u00e9szeti esem\u00e9nyek (pl. performanszok) rendez\u00e9se.<\/p>\n<p><img loading=\"lazy\" decoding=\"async\" class=\"aligncenter wp-image-7321 size-full\" src=\"https:\/\/kofe.hu\/parola\/wp-content\/uploads\/2023\/04\/2023-1-2-3.jpg\" alt=\"\" width=\"700\" height=\"394\" srcset=\"https:\/\/kofe.hu\/parola\/wp-content\/uploads\/2023\/04\/2023-1-2-3.jpg 700w, https:\/\/kofe.hu\/parola\/wp-content\/uploads\/2023\/04\/2023-1-2-3-300x169.jpg 300w, https:\/\/kofe.hu\/parola\/wp-content\/uploads\/2023\/04\/2023-1-2-3-10x6.jpg 10w\" sizes=\"auto, (max-width: 700px) 100vw, 700px\" \/><\/p>\n<p>Meggy\u0151z\u0151d\u00e9s\u00fcnk, hogy a fentiek \u00e9s ezekhez hasonl\u00f3 l\u00e9p\u00e9sek alkalmasak egy-egy telep\u00fcl\u00e9sen, v\u00e1rosr\u00e9szben a helyi nyilv\u00e1noss\u00e1g kereteinek kibont\u00e1s\u00e1ra, megteremt\u00e9s\u00e9re, b\u0151v\u00edt\u00e9s\u00e9re. <em>A t\u00e1rsadalmi diskurzus helyi csatorn\u00e1i<\/em>, s k\u00fcl\u00f6n\u00f6sen a <em>k\u00f6z\u00f6ss\u00e9gi terei<\/em> a legt\u00f6bbsz\u00f6r hi\u00e1nyoznak \u2013 ezek tudatos \u00e9s k\u00f6z\u00f6s ki\u00e9p\u00edt\u00e9se nagy el\u0151re lep\u00e9seket jelenthet a helyi nyilv\u00e1noss\u00e1g fejleszt\u00e9se tekintet\u00e9ben.<\/p>\n<p>K\u00f6z\u00f6ss\u00e9gfejleszt\u0151kk\u00e9nt ez\u00e9rt k\u00fcl\u00f6n\u00f6sen fontosnak tartjuk, hogy a helyi t\u00e1rsadalom \u00e9s \u00e1ltal\u00e1ban a helyi r\u00e9szv\u00e9tel fejleszt\u00e9se \u00e9rdek\u00e9ben ezzel a k\u00e9rd\u00e9ssel \u00e9rdemben \u00e9s szakszer\u0171en foglalkozzunk<\/p>\n<p><strong>\u00a0<\/strong><\/p>\n<p><strong>Szerz\u0151:<\/strong><\/p>\n<p><strong><img loading=\"lazy\" decoding=\"async\" class=\"alignright size-thumbnail wp-image-7026\" src=\"https:\/\/kofe.hu\/parola\/wp-content\/uploads\/2022\/12\/2022-14-1b-150x150.jpg\" alt=\"\" width=\"150\" height=\"150\" \/>P\u00e9terfi Ferenc<\/strong>\u00a0eredetileg \u00dajpalot\u00e1n n\u00e9pm\u0171vel\u0151, majd k\u00f6z\u00f6ss\u00e9gfejleszt\u0151. K\u00e9s\u0151bb az NMI \u00e9s jogel\u0151djeinek a K\u00f6z\u00f6ss\u00e9gfejleszt\u0151i Oszt\u00e1ly\u00e1n dolgozott, majd az oszt\u00e1ly vezet\u0151je lett.<br \/>\nFalusi \u00e9s v\u00e1rosi terepmunk\u00e1kban vett r\u00e9szt, egyetemi, szakmai \u00e9s civil k\u00e9pz\u00e9sek oktat\u00f3ja, konferenci\u00e1k szervez\u0151je. A Parola foly\u00f3irat alap\u00edt\u00f3 f\u0151szerkeszt\u0151je, \u00e9vekig a K\u00f6z\u00f6ss\u00e9gfejleszt\u0151k Egyes\u00fclet\u00e9nek titk\u00e1ra, majd eln\u00f6ke volt.<\/p>\n<p>&nbsp;<\/p>\n<p><strong>V\u00e9gjegyzetek:<\/strong><\/p>\n<p><a href=\"#_ftnref1\" name=\"_ftn1\"><sup>[1]<\/sup><\/a>\u00a0\u00a0\u00a0\u00a0\u00a0\u00a0\u00a0\u00a0\u00a0\u00a0\u00a0\u00a0\u00a0 <em>Angelusz R\u00f3bert<\/em>: Kommunik\u00e1l\u00f3 t\u00e1rsadalom Ferenczy Kiad\u00f3 Bp. 1995<em>. <\/em>36-37. oldalon kifejtve<\/p>\n<p><a href=\"#_ftnref2\" name=\"_ftn2\"><sup>[2]<\/sup><\/a>\u00a0\u00a0\u00a0\u00a0\u00a0\u00a0\u00a0\u00a0\u00a0\u00a0\u00a0\u00a0\u00a0 J\u00fcrgen Habermas: A t\u00e1rsadalmi nyilv\u00e1noss\u00e1g szerkezetv\u00e1ltoz\u00e1sa Bp. 1971. 44. old.<\/p>\n<p><a href=\"#_ftnref3\" name=\"_ftn3\"><sup>[3]<\/sup><\/a>\u00a0\u00a0\u00a0\u00a0\u00a0\u00a0\u00a0\u00a0\u00a0\u00a0\u00a0\u00a0\u00a0 <em>P\u00e9terfi Anna \u2013 P\u00e9terfi Ferenc: <\/em>Hogy r\u00e1tal\u00e1ljunk a helyi k\u00f6z\u00f6ss\u00e9gek hangj\u00e1ra Kiadja az Alkalmazott Kommunik\u00e1ci\u00f3tudom\u00e1nyi Int\u00e9zet Bp. 2009. 10. old.<\/p>\n<p><a href=\"#_ftnref4\" name=\"_ftn4\"><sup>[4]<\/sup><\/a>\u00a0\u00a0\u00a0\u00a0\u00a0\u00a0\u00a0\u00a0\u00a0\u00a0\u00a0\u00a0\u00a0 <em>Pierre Delaspre<\/em>: Kommunik\u00e1ci\u00f3 \u2013 fogyaszt\u00e1s vagy emancip\u00e1ci\u00f3 (k\u00e9zirat) 22.o.<\/p>\n<p><a href=\"#_ftnref5\" name=\"_ftn5\"><sup>[5]<\/sup><\/a>\u00a0\u00a0\u00a0\u00a0\u00a0\u00a0\u00a0\u00a0\u00a0\u00a0\u00a0\u00a0\u00a0 \u00a0 Pallai Katalin: T\u00e1rsadalmi r\u00e9szv\u00e9tel Kiadja a Telep\u00fcl\u00e9si \u00d6nkorm\u00e1nyzatok Orsz\u00e1gos Sz\u00f6vets\u00e9ge 2010.<\/p>\n<p><a href=\"#_ftnref6\" name=\"_ftn6\"><sup>[6]<\/sup><\/a>\u00a0\u00a0\u00a0\u00a0\u00a0\u00a0\u00a0\u00a0\u00a0\u00a0\u00a0\u00a0\u00a0 uott. 35. old.<\/p>\n<p>&nbsp;<\/p>\n","protected":false},"excerpt":{"rendered":"<p>Nyilv\u00e1noss\u00e1g, nyilv\u00e1nos t\u00e9r, nyilv\u00e1nos k\u00f6zl\u00e9s, nyilv\u00e1nos p\u00e1rbesz\u00e9d \u2013 hogyan is \u00e9rtelmezz\u00fck ezt a gyakran haszn\u00e1lt fogalmat?<\/p>\n","protected":false},"author":15,"featured_media":7323,"comment_status":"open","ping_status":"open","sticky":false,"template":"","format":"standard","meta":{"_acf_changed":false,"footnotes":""},"categories":[1143,8,7],"tags":[1184,1166,1187,805,1185,1186,1183,871],"coauthors":[23],"class_list":["post-7317","post","type-post","status-publish","format-standard","has-post-thumbnail","hentry","category-parola-2023-1","category-parola-folyoirat","category-repertorium","tag-diskurzus","tag-helyi-nyilvanossag","tag-kommunikacios-csatornak","tag-kozossegi-reszvetel","tag-nyilvanos-kozles","tag-nyilvanos-parbeszed","tag-nyilvanos-ter","tag-nyilvanossag"],"acf":[],"yoast_head":"<!-- This site is optimized with the Yoast SEO plugin v26.7 - https:\/\/yoast.com\/wordpress\/plugins\/seo\/ -->\n<title>Helyben, nyilv\u00e1nosan - A helyi nyilv\u00e1noss\u00e1g elm\u00e9leti megk\u00f6zel\u00edt\u00e9se, jelent\u0151s\u00e9g\u00e9nek \u00f6sszefoglal\u00e1sa - Parola Foly\u00f3irat<\/title>\n<meta name=\"robots\" content=\"index, follow, max-snippet:-1, max-image-preview:large, max-video-preview:-1\" \/>\n<link rel=\"canonical\" href=\"https:\/\/kofe.hu\/parola\/parola-folyoirat\/helyben-nyilvanosan-a-helyi-nyilvanossag-elmeleti-megkozelitese-jelentosegenek-osszefoglalasa\/\" \/>\n<meta property=\"og:locale\" content=\"hu_HU\" \/>\n<meta property=\"og:type\" content=\"article\" \/>\n<meta property=\"og:title\" content=\"Helyben, nyilv\u00e1nosan - A helyi nyilv\u00e1noss\u00e1g elm\u00e9leti megk\u00f6zel\u00edt\u00e9se, jelent\u0151s\u00e9g\u00e9nek \u00f6sszefoglal\u00e1sa - Parola Foly\u00f3irat\" \/>\n<meta property=\"og:description\" content=\"Nyilv\u00e1noss\u00e1g, nyilv\u00e1nos t\u00e9r, nyilv\u00e1nos k\u00f6zl\u00e9s, nyilv\u00e1nos p\u00e1rbesz\u00e9d \u2013 hogyan is \u00e9rtelmezz\u00fck ezt a gyakran haszn\u00e1lt fogalmat?\" \/>\n<meta property=\"og:url\" content=\"https:\/\/kofe.hu\/parola\/parola-folyoirat\/helyben-nyilvanosan-a-helyi-nyilvanossag-elmeleti-megkozelitese-jelentosegenek-osszefoglalasa\/\" \/>\n<meta property=\"og:site_name\" content=\"Parola Foly\u00f3irat\" \/>\n<meta property=\"article:published_time\" content=\"2023-04-01T19:59:23+00:00\" \/>\n<meta property=\"article:modified_time\" content=\"2023-04-26T06:25:32+00:00\" \/>\n<meta property=\"og:image\" content=\"https:\/\/kofe.hu\/parola\/wp-content\/uploads\/2023\/04\/2023-1-2-5.jpg\" \/>\n\t<meta property=\"og:image:width\" content=\"700\" \/>\n\t<meta property=\"og:image:height\" content=\"467\" \/>\n\t<meta property=\"og:image:type\" content=\"image\/jpeg\" \/>\n<meta name=\"author\" content=\"P\u00e9terfi Ferenc\" \/>\n<meta name=\"twitter:card\" content=\"summary_large_image\" \/>\n<meta name=\"twitter:label1\" content=\"Szerz\u0151:\" \/>\n\t<meta name=\"twitter:data1\" content=\"P\u00e9terfi Ferenc\" \/>\n\t<meta name=\"twitter:label2\" content=\"Becs\u00fclt olvas\u00e1si id\u0151\" \/>\n\t<meta name=\"twitter:data2\" content=\"15 perc\" \/>\n\t<meta name=\"twitter:label3\" content=\"Written by\" \/>\n\t<meta name=\"twitter:data3\" content=\"P\u00e9terfi Ferenc\" \/>\n<script type=\"application\/ld+json\" class=\"yoast-schema-graph\">{\"@context\":\"https:\/\/schema.org\",\"@graph\":[{\"@type\":\"Article\",\"@id\":\"https:\/\/kofe.hu\/parola\/parola-folyoirat\/helyben-nyilvanosan-a-helyi-nyilvanossag-elmeleti-megkozelitese-jelentosegenek-osszefoglalasa\/#article\",\"isPartOf\":{\"@id\":\"https:\/\/kofe.hu\/parola\/parola-folyoirat\/helyben-nyilvanosan-a-helyi-nyilvanossag-elmeleti-megkozelitese-jelentosegenek-osszefoglalasa\/\"},\"author\":{\"name\":\"P\u00e9terfi Ferenc\",\"@id\":\"https:\/\/kofe.hu\/parola\/#\/schema\/person\/46297a12b269c035523fdcd019f91711\"},\"headline\":\"Helyben, nyilv\u00e1nosan &#8211; A helyi nyilv\u00e1noss\u00e1g elm\u00e9leti megk\u00f6zel\u00edt\u00e9se, jelent\u0151s\u00e9g\u00e9nek \u00f6sszefoglal\u00e1sa\",\"datePublished\":\"2023-04-01T19:59:23+00:00\",\"dateModified\":\"2023-04-26T06:25:32+00:00\",\"mainEntityOfPage\":{\"@id\":\"https:\/\/kofe.hu\/parola\/parola-folyoirat\/helyben-nyilvanosan-a-helyi-nyilvanossag-elmeleti-megkozelitese-jelentosegenek-osszefoglalasa\/\"},\"wordCount\":3119,\"commentCount\":0,\"image\":{\"@id\":\"https:\/\/kofe.hu\/parola\/parola-folyoirat\/helyben-nyilvanosan-a-helyi-nyilvanossag-elmeleti-megkozelitese-jelentosegenek-osszefoglalasa\/#primaryimage\"},\"thumbnailUrl\":\"https:\/\/kofe.hu\/parola\/wp-content\/uploads\/2023\/04\/2023-1-2-5.jpg\",\"keywords\":[\"diskurzus\",\"helyi nyilv\u00e1noss\u00e1g\",\"kommunik\u00e1ci\u00f3s csatorn\u00e1k\",\"k\u00f6z\u00f6ss\u00e9gi r\u00e9szv\u00e9tel\",\"nyilv\u00e1nos k\u00f6zl\u00e9s\",\"nyilv\u00e1nos p\u00e1rbesz\u00e9d\",\"nyilv\u00e1nos t\u00e9r\",\"nyilv\u00e1noss\u00e1g\"],\"articleSection\":[\"Parola 2023\/1\",\"Parola Foly\u00f3irat\",\"Repert\u00f3rium\"],\"inLanguage\":\"hu\",\"potentialAction\":[{\"@type\":\"CommentAction\",\"name\":\"Comment\",\"target\":[\"https:\/\/kofe.hu\/parola\/parola-folyoirat\/helyben-nyilvanosan-a-helyi-nyilvanossag-elmeleti-megkozelitese-jelentosegenek-osszefoglalasa\/#respond\"]}]},{\"@type\":\"WebPage\",\"@id\":\"https:\/\/kofe.hu\/parola\/parola-folyoirat\/helyben-nyilvanosan-a-helyi-nyilvanossag-elmeleti-megkozelitese-jelentosegenek-osszefoglalasa\/\",\"url\":\"https:\/\/kofe.hu\/parola\/parola-folyoirat\/helyben-nyilvanosan-a-helyi-nyilvanossag-elmeleti-megkozelitese-jelentosegenek-osszefoglalasa\/\",\"name\":\"Helyben, nyilv\u00e1nosan - A helyi nyilv\u00e1noss\u00e1g elm\u00e9leti megk\u00f6zel\u00edt\u00e9se, jelent\u0151s\u00e9g\u00e9nek \u00f6sszefoglal\u00e1sa - Parola Foly\u00f3irat\",\"isPartOf\":{\"@id\":\"https:\/\/kofe.hu\/parola\/#website\"},\"primaryImageOfPage\":{\"@id\":\"https:\/\/kofe.hu\/parola\/parola-folyoirat\/helyben-nyilvanosan-a-helyi-nyilvanossag-elmeleti-megkozelitese-jelentosegenek-osszefoglalasa\/#primaryimage\"},\"image\":{\"@id\":\"https:\/\/kofe.hu\/parola\/parola-folyoirat\/helyben-nyilvanosan-a-helyi-nyilvanossag-elmeleti-megkozelitese-jelentosegenek-osszefoglalasa\/#primaryimage\"},\"thumbnailUrl\":\"https:\/\/kofe.hu\/parola\/wp-content\/uploads\/2023\/04\/2023-1-2-5.jpg\",\"datePublished\":\"2023-04-01T19:59:23+00:00\",\"dateModified\":\"2023-04-26T06:25:32+00:00\",\"author\":{\"@id\":\"https:\/\/kofe.hu\/parola\/#\/schema\/person\/46297a12b269c035523fdcd019f91711\"},\"breadcrumb\":{\"@id\":\"https:\/\/kofe.hu\/parola\/parola-folyoirat\/helyben-nyilvanosan-a-helyi-nyilvanossag-elmeleti-megkozelitese-jelentosegenek-osszefoglalasa\/#breadcrumb\"},\"inLanguage\":\"hu\",\"potentialAction\":[{\"@type\":\"ReadAction\",\"target\":[\"https:\/\/kofe.hu\/parola\/parola-folyoirat\/helyben-nyilvanosan-a-helyi-nyilvanossag-elmeleti-megkozelitese-jelentosegenek-osszefoglalasa\/\"]}]},{\"@type\":\"ImageObject\",\"inLanguage\":\"hu\",\"@id\":\"https:\/\/kofe.hu\/parola\/parola-folyoirat\/helyben-nyilvanosan-a-helyi-nyilvanossag-elmeleti-megkozelitese-jelentosegenek-osszefoglalasa\/#primaryimage\",\"url\":\"https:\/\/kofe.hu\/parola\/wp-content\/uploads\/2023\/04\/2023-1-2-5.jpg\",\"contentUrl\":\"https:\/\/kofe.hu\/parola\/wp-content\/uploads\/2023\/04\/2023-1-2-5.jpg\",\"width\":700,\"height\":467},{\"@type\":\"BreadcrumbList\",\"@id\":\"https:\/\/kofe.hu\/parola\/parola-folyoirat\/helyben-nyilvanosan-a-helyi-nyilvanossag-elmeleti-megkozelitese-jelentosegenek-osszefoglalasa\/#breadcrumb\",\"itemListElement\":[{\"@type\":\"ListItem\",\"position\":1,\"name\":\"Home\",\"item\":\"https:\/\/kofe.hu\/parola\/\"},{\"@type\":\"ListItem\",\"position\":2,\"name\":\"Helyben, nyilv\u00e1nosan &#8211; A helyi nyilv\u00e1noss\u00e1g elm\u00e9leti megk\u00f6zel\u00edt\u00e9se, jelent\u0151s\u00e9g\u00e9nek \u00f6sszefoglal\u00e1sa\"}]},{\"@type\":\"WebSite\",\"@id\":\"https:\/\/kofe.hu\/parola\/#website\",\"url\":\"https:\/\/kofe.hu\/parola\/\",\"name\":\"Parola Foly\u00f3irat\",\"description\":\"\",\"potentialAction\":[{\"@type\":\"SearchAction\",\"target\":{\"@type\":\"EntryPoint\",\"urlTemplate\":\"https:\/\/kofe.hu\/parola\/?s={search_term_string}\"},\"query-input\":{\"@type\":\"PropertyValueSpecification\",\"valueRequired\":true,\"valueName\":\"search_term_string\"}}],\"inLanguage\":\"hu\"},{\"@type\":\"Person\",\"@id\":\"https:\/\/kofe.hu\/parola\/#\/schema\/person\/46297a12b269c035523fdcd019f91711\",\"name\":\"P\u00e9terfi Ferenc\",\"image\":{\"@type\":\"ImageObject\",\"inLanguage\":\"hu\",\"@id\":\"https:\/\/kofe.hu\/parola\/#\/schema\/person\/image\/d173d0cf20d3d8748a6819cd4d17d68c\",\"url\":\"https:\/\/secure.gravatar.com\/avatar\/523e0b801b986785c16f8e37b642a318cb28abdc4915fa26e5b257b5a3902afc?s=96&d=mm&r=g\",\"contentUrl\":\"https:\/\/secure.gravatar.com\/avatar\/523e0b801b986785c16f8e37b642a318cb28abdc4915fa26e5b257b5a3902afc?s=96&d=mm&r=g\",\"caption\":\"P\u00e9terfi Ferenc\"},\"url\":\"https:\/\/kofe.hu\/parola\/szerzok\/peterfi-ferenc\/\"}]}<\/script>\n<!-- \/ Yoast SEO plugin. -->","yoast_head_json":{"title":"Helyben, nyilv\u00e1nosan - A helyi nyilv\u00e1noss\u00e1g elm\u00e9leti megk\u00f6zel\u00edt\u00e9se, jelent\u0151s\u00e9g\u00e9nek \u00f6sszefoglal\u00e1sa - Parola Foly\u00f3irat","robots":{"index":"index","follow":"follow","max-snippet":"max-snippet:-1","max-image-preview":"max-image-preview:large","max-video-preview":"max-video-preview:-1"},"canonical":"https:\/\/kofe.hu\/parola\/parola-folyoirat\/helyben-nyilvanosan-a-helyi-nyilvanossag-elmeleti-megkozelitese-jelentosegenek-osszefoglalasa\/","og_locale":"hu_HU","og_type":"article","og_title":"Helyben, nyilv\u00e1nosan - A helyi nyilv\u00e1noss\u00e1g elm\u00e9leti megk\u00f6zel\u00edt\u00e9se, jelent\u0151s\u00e9g\u00e9nek \u00f6sszefoglal\u00e1sa - Parola Foly\u00f3irat","og_description":"Nyilv\u00e1noss\u00e1g, nyilv\u00e1nos t\u00e9r, nyilv\u00e1nos k\u00f6zl\u00e9s, nyilv\u00e1nos p\u00e1rbesz\u00e9d \u2013 hogyan is \u00e9rtelmezz\u00fck ezt a gyakran haszn\u00e1lt fogalmat?","og_url":"https:\/\/kofe.hu\/parola\/parola-folyoirat\/helyben-nyilvanosan-a-helyi-nyilvanossag-elmeleti-megkozelitese-jelentosegenek-osszefoglalasa\/","og_site_name":"Parola Foly\u00f3irat","article_published_time":"2023-04-01T19:59:23+00:00","article_modified_time":"2023-04-26T06:25:32+00:00","og_image":[{"width":700,"height":467,"url":"https:\/\/kofe.hu\/parola\/wp-content\/uploads\/2023\/04\/2023-1-2-5.jpg","type":"image\/jpeg"}],"author":"P\u00e9terfi Ferenc","twitter_card":"summary_large_image","twitter_misc":{"Szerz\u0151:":"P\u00e9terfi Ferenc","Becs\u00fclt olvas\u00e1si id\u0151":"15 perc","Written by":"P\u00e9terfi Ferenc"},"schema":{"@context":"https:\/\/schema.org","@graph":[{"@type":"Article","@id":"https:\/\/kofe.hu\/parola\/parola-folyoirat\/helyben-nyilvanosan-a-helyi-nyilvanossag-elmeleti-megkozelitese-jelentosegenek-osszefoglalasa\/#article","isPartOf":{"@id":"https:\/\/kofe.hu\/parola\/parola-folyoirat\/helyben-nyilvanosan-a-helyi-nyilvanossag-elmeleti-megkozelitese-jelentosegenek-osszefoglalasa\/"},"author":{"name":"P\u00e9terfi Ferenc","@id":"https:\/\/kofe.hu\/parola\/#\/schema\/person\/46297a12b269c035523fdcd019f91711"},"headline":"Helyben, nyilv\u00e1nosan &#8211; A helyi nyilv\u00e1noss\u00e1g elm\u00e9leti megk\u00f6zel\u00edt\u00e9se, jelent\u0151s\u00e9g\u00e9nek \u00f6sszefoglal\u00e1sa","datePublished":"2023-04-01T19:59:23+00:00","dateModified":"2023-04-26T06:25:32+00:00","mainEntityOfPage":{"@id":"https:\/\/kofe.hu\/parola\/parola-folyoirat\/helyben-nyilvanosan-a-helyi-nyilvanossag-elmeleti-megkozelitese-jelentosegenek-osszefoglalasa\/"},"wordCount":3119,"commentCount":0,"image":{"@id":"https:\/\/kofe.hu\/parola\/parola-folyoirat\/helyben-nyilvanosan-a-helyi-nyilvanossag-elmeleti-megkozelitese-jelentosegenek-osszefoglalasa\/#primaryimage"},"thumbnailUrl":"https:\/\/kofe.hu\/parola\/wp-content\/uploads\/2023\/04\/2023-1-2-5.jpg","keywords":["diskurzus","helyi nyilv\u00e1noss\u00e1g","kommunik\u00e1ci\u00f3s csatorn\u00e1k","k\u00f6z\u00f6ss\u00e9gi r\u00e9szv\u00e9tel","nyilv\u00e1nos k\u00f6zl\u00e9s","nyilv\u00e1nos p\u00e1rbesz\u00e9d","nyilv\u00e1nos t\u00e9r","nyilv\u00e1noss\u00e1g"],"articleSection":["Parola 2023\/1","Parola Foly\u00f3irat","Repert\u00f3rium"],"inLanguage":"hu","potentialAction":[{"@type":"CommentAction","name":"Comment","target":["https:\/\/kofe.hu\/parola\/parola-folyoirat\/helyben-nyilvanosan-a-helyi-nyilvanossag-elmeleti-megkozelitese-jelentosegenek-osszefoglalasa\/#respond"]}]},{"@type":"WebPage","@id":"https:\/\/kofe.hu\/parola\/parola-folyoirat\/helyben-nyilvanosan-a-helyi-nyilvanossag-elmeleti-megkozelitese-jelentosegenek-osszefoglalasa\/","url":"https:\/\/kofe.hu\/parola\/parola-folyoirat\/helyben-nyilvanosan-a-helyi-nyilvanossag-elmeleti-megkozelitese-jelentosegenek-osszefoglalasa\/","name":"Helyben, nyilv\u00e1nosan - A helyi nyilv\u00e1noss\u00e1g elm\u00e9leti megk\u00f6zel\u00edt\u00e9se, jelent\u0151s\u00e9g\u00e9nek \u00f6sszefoglal\u00e1sa - Parola Foly\u00f3irat","isPartOf":{"@id":"https:\/\/kofe.hu\/parola\/#website"},"primaryImageOfPage":{"@id":"https:\/\/kofe.hu\/parola\/parola-folyoirat\/helyben-nyilvanosan-a-helyi-nyilvanossag-elmeleti-megkozelitese-jelentosegenek-osszefoglalasa\/#primaryimage"},"image":{"@id":"https:\/\/kofe.hu\/parola\/parola-folyoirat\/helyben-nyilvanosan-a-helyi-nyilvanossag-elmeleti-megkozelitese-jelentosegenek-osszefoglalasa\/#primaryimage"},"thumbnailUrl":"https:\/\/kofe.hu\/parola\/wp-content\/uploads\/2023\/04\/2023-1-2-5.jpg","datePublished":"2023-04-01T19:59:23+00:00","dateModified":"2023-04-26T06:25:32+00:00","author":{"@id":"https:\/\/kofe.hu\/parola\/#\/schema\/person\/46297a12b269c035523fdcd019f91711"},"breadcrumb":{"@id":"https:\/\/kofe.hu\/parola\/parola-folyoirat\/helyben-nyilvanosan-a-helyi-nyilvanossag-elmeleti-megkozelitese-jelentosegenek-osszefoglalasa\/#breadcrumb"},"inLanguage":"hu","potentialAction":[{"@type":"ReadAction","target":["https:\/\/kofe.hu\/parola\/parola-folyoirat\/helyben-nyilvanosan-a-helyi-nyilvanossag-elmeleti-megkozelitese-jelentosegenek-osszefoglalasa\/"]}]},{"@type":"ImageObject","inLanguage":"hu","@id":"https:\/\/kofe.hu\/parola\/parola-folyoirat\/helyben-nyilvanosan-a-helyi-nyilvanossag-elmeleti-megkozelitese-jelentosegenek-osszefoglalasa\/#primaryimage","url":"https:\/\/kofe.hu\/parola\/wp-content\/uploads\/2023\/04\/2023-1-2-5.jpg","contentUrl":"https:\/\/kofe.hu\/parola\/wp-content\/uploads\/2023\/04\/2023-1-2-5.jpg","width":700,"height":467},{"@type":"BreadcrumbList","@id":"https:\/\/kofe.hu\/parola\/parola-folyoirat\/helyben-nyilvanosan-a-helyi-nyilvanossag-elmeleti-megkozelitese-jelentosegenek-osszefoglalasa\/#breadcrumb","itemListElement":[{"@type":"ListItem","position":1,"name":"Home","item":"https:\/\/kofe.hu\/parola\/"},{"@type":"ListItem","position":2,"name":"Helyben, nyilv\u00e1nosan &#8211; A helyi nyilv\u00e1noss\u00e1g elm\u00e9leti megk\u00f6zel\u00edt\u00e9se, jelent\u0151s\u00e9g\u00e9nek \u00f6sszefoglal\u00e1sa"}]},{"@type":"WebSite","@id":"https:\/\/kofe.hu\/parola\/#website","url":"https:\/\/kofe.hu\/parola\/","name":"Parola Foly\u00f3irat","description":"","potentialAction":[{"@type":"SearchAction","target":{"@type":"EntryPoint","urlTemplate":"https:\/\/kofe.hu\/parola\/?s={search_term_string}"},"query-input":{"@type":"PropertyValueSpecification","valueRequired":true,"valueName":"search_term_string"}}],"inLanguage":"hu"},{"@type":"Person","@id":"https:\/\/kofe.hu\/parola\/#\/schema\/person\/46297a12b269c035523fdcd019f91711","name":"P\u00e9terfi Ferenc","image":{"@type":"ImageObject","inLanguage":"hu","@id":"https:\/\/kofe.hu\/parola\/#\/schema\/person\/image\/d173d0cf20d3d8748a6819cd4d17d68c","url":"https:\/\/secure.gravatar.com\/avatar\/523e0b801b986785c16f8e37b642a318cb28abdc4915fa26e5b257b5a3902afc?s=96&d=mm&r=g","contentUrl":"https:\/\/secure.gravatar.com\/avatar\/523e0b801b986785c16f8e37b642a318cb28abdc4915fa26e5b257b5a3902afc?s=96&d=mm&r=g","caption":"P\u00e9terfi Ferenc"},"url":"https:\/\/kofe.hu\/parola\/szerzok\/peterfi-ferenc\/"}]}},"_links":{"self":[{"href":"https:\/\/kofe.hu\/parola\/wp-json\/wp\/v2\/posts\/7317","targetHints":{"allow":["GET"]}}],"collection":[{"href":"https:\/\/kofe.hu\/parola\/wp-json\/wp\/v2\/posts"}],"about":[{"href":"https:\/\/kofe.hu\/parola\/wp-json\/wp\/v2\/types\/post"}],"author":[{"embeddable":true,"href":"https:\/\/kofe.hu\/parola\/wp-json\/wp\/v2\/users\/15"}],"replies":[{"embeddable":true,"href":"https:\/\/kofe.hu\/parola\/wp-json\/wp\/v2\/comments?post=7317"}],"version-history":[{"count":4,"href":"https:\/\/kofe.hu\/parola\/wp-json\/wp\/v2\/posts\/7317\/revisions"}],"predecessor-version":[{"id":7352,"href":"https:\/\/kofe.hu\/parola\/wp-json\/wp\/v2\/posts\/7317\/revisions\/7352"}],"wp:featuredmedia":[{"embeddable":true,"href":"https:\/\/kofe.hu\/parola\/wp-json\/wp\/v2\/media\/7323"}],"wp:attachment":[{"href":"https:\/\/kofe.hu\/parola\/wp-json\/wp\/v2\/media?parent=7317"}],"wp:term":[{"taxonomy":"category","embeddable":true,"href":"https:\/\/kofe.hu\/parola\/wp-json\/wp\/v2\/categories?post=7317"},{"taxonomy":"post_tag","embeddable":true,"href":"https:\/\/kofe.hu\/parola\/wp-json\/wp\/v2\/tags?post=7317"},{"taxonomy":"author","embeddable":true,"href":"https:\/\/kofe.hu\/parola\/wp-json\/wp\/v2\/coauthors?post=7317"}],"curies":[{"name":"wp","href":"https:\/\/api.w.org\/{rel}","templated":true}]}}