{"id":7291,"date":"2023-04-01T08:51:05","date_gmt":"2023-04-01T08:51:05","guid":{"rendered":"https:\/\/kofe.hu\/parola\/?p=7291"},"modified":"2023-04-01T08:51:05","modified_gmt":"2023-04-01T08:51:05","slug":"civil-iroda-nyilt-esztergomban","status":"publish","type":"post","link":"https:\/\/kofe.hu\/parola\/parola-folyoirat\/civil-iroda-nyilt-esztergomban\/","title":{"rendered":"Civil iroda ny\u00edlt Esztergomban"},"content":{"rendered":"<p><strong>2023. janu\u00e1r 30-\u00e1n Nemesk\u00e9ri Kl\u00e1r\u00e1val, az Esztergomi CLLD p\u00e1ly\u00e1zathoz kapcsol\u00f3d\u00f3 helyi akci\u00f3csoport projektkoordin\u00e1tor\u00e1val besz\u00e9lgettem az Esztergom-Kertv\u00e1rosban ny\u00edlt Civil irod\u00e1r\u00f3l. Ez a k\u00f6z\u00f6ss\u00e9gi kezdem\u00e9nyez\u00e9s j\u00f3 lehet\u0151s\u00e9get k\u00edn\u00e1lhat a helyieknek arra, hogy az \u0151ket \u00e9rint\u0151, \u00e9rdekl\u0151 t\u00e9m\u00e1k ment\u00e9n tal\u00e1lkozhassanak \u00e9s besz\u00e9lgessenek egym\u00e1ssal. Kl\u00e1ra a kezdeti neh\u00e9zs\u00e9gek ellen\u00e9re is bizakod\u00f3, rem\u00e9nyei szerint meg tudja vetni a l\u00e1b\u00e1t egy ilyen iroda a helyi k\u00f6z\u00f6ss\u00e9gben.<\/strong><!--more--><\/p>\n<p><em>Mi volt az a nagy projekt Esztergomban, aminek a keret\u00e9ben l\u00e9trej\u00f6tt a Civil iroda?<\/em><\/p>\n<p>A Civil iroda a <a href=\"https:\/\/www.esztergomikozosseg.hu\/\">k\u00f6z\u00f6ss\u00e9gvez\u00e9relt helyi fejleszt\u00e9seket megval\u00f3s\u00edt\u00f3 (CLLD) eur\u00f3pai uni\u00f3s p\u00e1ly\u00e1zat<\/a> keret\u00e9ben val\u00f3sul meg<em>.<\/em> A mintegy 400 milli\u00f3 forintos projektnek t\u00f6bb eleme is volt. Egyr\u00e9szt l\u00e9trehoztak egy helyi k\u00f6z\u00f6ss\u00e9gi fejleszt\u00e9si strat\u00e9gi\u00e1t (HKFS) a kultur\u00e1lis \u00e9s k\u00f6z\u00f6ss\u00e9gi terek infrastruktur\u00e1lis fejleszt\u00e9s\u00e9re \u00e9s az esztergomi v\u00e1rosi egy\u00fcttm\u0171k\u00f6d\u00e9sek er\u0151s\u00edt\u00e9s\u00e9re. Ennek alapj\u00e1n \u00e9letre h\u00edvtak egy 12 szervezetb\u0151l \u00e1ll\u00f3 konzorciumot, amelyben azonos s\u00fallyal kaptak helyet civil szervezetek, v\u00e1llalkoz\u00e1sok \u00e9s int\u00e9zm\u00e9nyek. Tov\u00e1bb\u00e1 l\u00e9trehoztak egy helyi munkacsoportot is, ennek lettem \u00e9n a projektmenedzsere. A strat\u00e9gi\u00e1ban \u00e9s a ki\u00edr\u00e1sban is szigor\u00fa szab\u00e1lyok szerint lehetett elk\u00f6lteni a rendelkez\u00e9sre \u00e1ll\u00f3 forr\u00e1sokat, p\u00e9ld\u00e1ul a p\u00e9nz k\u00e9tharmad\u00e1b\u00f3l k\u00f6z\u00f6ss\u00e9gi tereket kellett l\u00e9trehozni, a fennmarad\u00f3 r\u00e9szb\u0151l pedig k\u00f6z\u00f6ss\u00e9gi programokat val\u00f3s\u00edtottunk meg n\u00e9gy t\u00e9ma ment\u00e9n. (1) \u00c9rt\u00e9ktudatos v\u00e1ros (t\u00f6rt\u00e9nelmi \u00e9rt\u00e9kek moderniz\u00e1l\u00e1sa, terjeszt\u00e9se); (2) Teret a fiataloknak; (3) Mindenki sz\u00e1m\u00edt (programok fogyat\u00e9kkal \u00e9l\u0151k, a cig\u00e1nys\u00e1g, id\u0151sek \u00e9s kismam\u00e1k sz\u00e1m\u00e1ra); \u00e9s (4) \u00d6nszervez\u0151d\u0151, \u00f6nfenntart\u00f3 k\u00f6z\u00f6ss\u00e9gek. Ez ut\u00f3bbit a p\u00e1ly\u00e1z\u00f3k nehezen tudt\u00e1k megfogalmazni a p\u00e1ly\u00e1zataikban, v\u00e9g\u00fcl 8 helyi civil szervezet \u00e9s v\u00e1llalkoz\u00e1s bevon\u00e1s\u00e1val szervezetfejleszt\u00e9si folyamat, valamint t\u00f6bb tud\u00e1s- \u00e9s j\u00f3gyakorlat \u00e1tad\u00e1s val\u00f3sult meg. A k\u00f6z\u00f6ss\u00e9gi tereket \u00e9rint\u0151 projektelemhez kapcsol\u00f3dva Esztergom v\u00e1rosr\u00e9szeiben egy-egy k\u00f6z\u00f6ss\u00e9gi \u00fcnnepl\u00e9sre alkalmas teret alak\u00edtottunk ki. Ezek k\u00f6z\u00fcl egy nagyobb beruh\u00e1z\u00e1s val\u00f3sult meg Esztergom-Kertv\u00e1rosban, amibe jelent\u0151s korm\u00e1nyzati forr\u00e1s is ker\u00fclt az Orsz\u00e1gos Birk\u00f3z\u00f3 Sz\u00f6vets\u00e9g r\u00e9v\u00e9n. Egy edz\u0151komplexumot alak\u00edtottak ki, ahol a kapcsol\u00f3d\u00f3 kiszolg\u00e1l\u00f3helyis\u00e9gek k\u00f6z\u00f6tt kapott helyet az Esztergomi K\u00f6z\u00f6ss\u00e9gi Civil iroda. Ebben a helyis\u00e9gben 4 munka\u00e1llom\u00e1st alak\u00edtottunk ki, ide j\u00f6hetnek civilek, illetve helyi k\u00f6z\u00f6ss\u00e9gi programoknak, szakk\u00f6r\u00f6knek, \u00f6nszervez\u0151d\u00e9seknek is helyet ad a kis iroda most, hogy a k\u00f6z\u00f6ss\u00e9gi helyek z\u00e1rva tartanak az energiav\u00e1ls\u00e1g miatt.<\/p>\n<p><em>Hogy k\u00e9pzelj\u00fck el a Civil iroda m\u0171k\u00f6d\u00e9s\u00e9t?<\/em><\/p>\n<p>Most indult n\u00e9gy h\u00f3napja, az lenne a terv, hogy inkub\u00e1torh\u00e1zk\u00e9nt is m\u0171k\u00f6dhessen, illetve kimondottan civil \u00e9s v\u00e1llalkoz\u00f3i \u00e9rdekk\u00e9pviseletet szeretn\u00e9nk itt megval\u00f3s\u00edtani. Aktu\u00e1lis helyi \u00fcgyeket, t\u00e9m\u00e1kat dolgozn\u00e1nk fel, besz\u00e9ln\u00e9nk meg k\u00f6z\u00f6sen. Nagy k\u00e9rd\u00e9s, hogy partnerk\u00e9nt fogad-e minket az \u00f6nkorm\u00e1nyzat, ennek f\u00fcggv\u00e9ny\u00e9ben, vagy mellett\u00fck p\u00e1rhuzamosan, vagy partners\u00e9gben vel\u00fck fogunk dolgozni.<\/p>\n<figure id=\"attachment_7293\" aria-describedby=\"caption-attachment-7293\" style=\"width: 700px\" class=\"wp-caption aligncenter\"><img loading=\"lazy\" decoding=\"async\" class=\"wp-image-7293 size-full\" src=\"https:\/\/kofe.hu\/parola\/wp-content\/uploads\/2023\/04\/Esztergom1.jpg\" alt=\"\" width=\"700\" height=\"525\" srcset=\"https:\/\/kofe.hu\/parola\/wp-content\/uploads\/2023\/04\/Esztergom1.jpg 700w, https:\/\/kofe.hu\/parola\/wp-content\/uploads\/2023\/04\/Esztergom1-300x225.jpg 300w, https:\/\/kofe.hu\/parola\/wp-content\/uploads\/2023\/04\/Esztergom1-10x8.jpg 10w\" sizes=\"auto, (max-width: 700px) 100vw, 700px\" \/><figcaption id=\"caption-attachment-7293\" class=\"wp-caption-text\">Az esztergom-kertv\u00e1rosi Civil iroda els\u0151 csoportos esem\u00e9nye 2022. okt\u00f3ber 26. Nemezel\u0151 m\u0171helyfoglalkoz\u00e1s (forr\u00e1s: facebook.com)<\/figcaption><\/figure>\n<p><em>Elk\u00e9pzelhet\u0151nek tartod, hogy itt p\u00e1rbesz\u00e9d alakuljon ki egy-egy k\u00f6z\u00f6ss\u00e9get \u00e9rint\u0151 t\u00e9m\u00e1ban az emberek k\u00f6z\u00f6tt?<\/em><\/p>\n<p>Igen, att\u00f3l f\u00fcgg, hogy mi a t\u00e9ma. P\u00e9ld\u00e1ul most \u00e9p\u00fcl az Esztergom \u00e9s Esztergom-Kertv\u00e1ros k\u00f6z\u00f6tti ker\u00e9kp\u00e1r\u00fat, amelyet m\u00e1r r\u00e9g\u00f3ta v\u00e1rnak a helyiek. A p\u00e1ly\u00e1zati p\u00e9nz rendelkez\u00e9sre \u00e1ll, a Palatinus-t\u00f3hoz kapcsol\u00f3d\u00f3 projektb\u0151l val\u00f3s\u00edtja meg ezt az \u00f6nkorm\u00e1nyzat, de nem sokat lehet r\u00f3la tudni. Ha lenne megfelel\u0151 mennyis\u00e9g\u0171 ember, akkor a mellett\u00fcnk l\u00e9v\u0151 iskola d\u00edszterm\u00e9ben \u00f6ssze tudn\u00e1nk gy\u0171lni, \u00e9s a k\u00e9t helyi \u00f6nkorm\u00e1nyzati k\u00e9pvisel\u0151 r\u00e9szv\u00e9tel\u00e9vel (akik ott voltak a Civil iroda megnyit\u00f3j\u00e1n is) lakoss\u00e1gi t\u00e1j\u00e9koztat\u00f3t szervezn\u00e9nk. Civil \u00f6sszehangolt v\u00e9lem\u00e9nyt is szeretn\u00e9nk kialak\u00edtani ezzel kapcsolatban, az lenne a j\u00f3, ha el\u0151re tudn\u00e1nk dolgozni ebben az \u00fcgyben \u00e9s m\u00e1r egy k\u00e9sz lakoss\u00e1gi v\u00e9lem\u00e9nnyel mehetn\u00e9nk az \u00f6nkorm\u00e1nyzat el\u00e9. Partners\u00e9get tal\u00e1n \u00edgy tudn\u00e1nk a leghat\u00e9konyabban kialak\u00edtani.<\/p>\n<p><em>Ez egy teljesen \u00faj dolog Kertv\u00e1rosban. Mennyire nyitottak az emberek erre, hogy \u00e9ritek el \u0151ket?<\/em><\/p>\n<p>H\u00e1t igen\u2026 tal\u00e1n \u00fagy, hogy a probl\u00e9m\u00e1ik megold\u00e1s\u00e1t helyezz\u00fck el\u0151t\u00e9rbe, hangs\u00falyozzuk, hogy \u00e9rdek\u00fckben \u00e1ll a r\u00e9szv\u00e9tel. Vannak olyan fut\u00f3 projekt, hogy az itt \u00e9l\u0151k szakmai tud\u00e1s\u00e1t becsatorn\u00e1zzuk a CLLD \u00e9s m\u00e1s helyi projektekbe. Ehhez persze az kell, hogy az \u00f6nkorm\u00e1nyzat partnerk\u00e9nt tekintsen a kertv\u00e1rosiakra, de ha a szaktud\u00e1sukon kereszt\u00fcl tudunk valamit ny\u00fajtani az \u00f6nkorm\u00e1nyzat \u00e9s partnerei fel\u00e9, akkor tal\u00e1n jobb helyzetbe ker\u00fclhetnek az itt \u00e9l\u0151k.<\/p>\n<p><em>Milyen forr\u00e1saitok lesznek erre? Csak adom\u00e1nyokb\u00f3l m\u0171k\u00f6dhet az iroda?<\/em><\/p>\n<p>Egyel\u0151re a Birk\u00f3z\u00f3 Sz\u00f6vets\u00e9ghez kapcsol\u00f3dik az iroda, ha vel\u00fck lehet valamit p\u00e1ly\u00e1zni, akkor az egy j\u00f3 forr\u00e1slehet\u0151s\u00e9g, de t\u00fal sok rem\u00e9nyt nem f\u0171z\u00f6k ehhez. Pr\u00f3b\u00e1lkozunk. Szerintem az alulr\u00f3l szervez\u0151d\u00e9sben van a j\u00f6v\u0151, abban, hogy egym\u00e1snak szolg\u00e1ltassunk, egym\u00e1snak termelj\u00fcnk, egym\u00e1s er\u0151forr\u00e1sait eg\u00e9sz\u00edts\u00fck ki. \u00c9s a klasszikus: keress\u00fcnk olyan helyieket, akik seg\u00edteni tudnak egy-egy ter\u00fcleten m\u00e1soknak. \u00c9n \u00fagy l\u00e1tom, hogy a cserekereskedelemben, kapcsolatokban kell er\u0151s\u00edteni magunkat. Azt\u00e1n hogy mit lehet kialak\u00edtani, az nagyon neh\u00e9z. Te is tudod, hogy nem igaz\u00e1n k\u00f6z\u00f6ss\u00e9gi gondolkod\u00e1s\u00faak a helyiek, egy-egy projektbe lehet befogni \u0151ket. De azokban nagyon j\u00f3k! Ha l\u00e1tj\u00e1k, hogy valakinek sz\u00fcks\u00e9ge van valamire, akkor mell\u00e9 \u00e1llnak, seg\u00edtenek a bajban. Van is egy\u00e9bk\u00e9nt m\u00e9g a p\u00e1ly\u00e1zatb\u00f3l egy olyan projekt\u00fcnk, ami a helyi szakm\u00e1k katal\u00f3gus\u00e1nak kialak\u00edt\u00e1s\u00e1t, form\u00e1lis \u00e9s nem form\u00e1lis szaktud\u00e1sok \u00f6ssze\u00edr\u00e1s\u00e1t c\u00e9lozza Esztergomban. Val\u00f3sz\u00edn\u0171leg a saj\u00e1t forr\u00e1sunkat nek\u00fcnk kell majd megteremteni, \u00e9s a m\u00e9g most rendelkez\u00e9sre \u00e1ll\u00f3 3-4 milli\u00f3 forint elk\u00f6lt\u00e9se ut\u00e1n saj\u00e1t l\u00e1bra kell \u00e1llnunk. A szolg\u00e1ltat\u00e1sainkat kifel\u00e9 is szeretn\u00e9nk l\u00e1that\u00f3v\u00e1 tenni, k\u00f6z\u00f6ss\u00e9gi v\u00e1llalkoz\u00e1sba kezden\u00e9nk.<\/p>\n<p><em>Teh\u00e1t az ebb\u0151l sz\u00e1rmaz\u00f3 bev\u00e9teleket visszaforgatni az iroda m\u0171k\u00f6d\u00e9s\u00e9be\u2026<\/em><\/p>\n<p>Nem eg\u00e9szen, mert ez a k\u00f6z\u00f6ss\u00e9gi forr\u00e1sfelhalmoz\u00e1st szolg\u00e1ln\u00e1 ink\u00e1bb \u00fagy, hogy szaktev\u00e9kenys\u00e9geket, p\u00e9ld\u00e1ul marketinget, h\u00edrterjeszt\u00e9st, adminisztr\u00e1ci\u00f3t felv\u00e1llalva valamilyen m\u00f3don stabil bev\u00e9telhez juthasson az iroda, p\u00e9ld\u00e1ul tagd\u00edj, hozz\u00e1j\u00e1rul\u00e1s form\u00e1j\u00e1ban. Teh\u00e1t mi azt v\u00e1llaln\u00e1nk, hogy rekl\u00e1mozzuk, adminisztr\u00e1ci\u00f3val, \u00fcgyint\u00e9z\u00e9ssel seg\u00edtj\u00fck a helyiek k\u00f6r\u00e9ben a szaktud\u00e1ssal rendelkez\u0151 v\u00e1llalkoz\u00f3kat, akik ez\u00e9rt fizetnek nek\u00fcnk. Ebb\u0151l m\u0171k\u00f6dne az iroda.<\/p>\n<figure id=\"attachment_7294\" aria-describedby=\"caption-attachment-7294\" style=\"width: 700px\" class=\"wp-caption aligncenter\"><img loading=\"lazy\" decoding=\"async\" class=\"size-full wp-image-7294\" src=\"https:\/\/kofe.hu\/parola\/wp-content\/uploads\/2023\/04\/Esztergom2.jpg\" alt=\"\" width=\"700\" height=\"394\" srcset=\"https:\/\/kofe.hu\/parola\/wp-content\/uploads\/2023\/04\/Esztergom2.jpg 700w, https:\/\/kofe.hu\/parola\/wp-content\/uploads\/2023\/04\/Esztergom2-300x169.jpg 300w, https:\/\/kofe.hu\/parola\/wp-content\/uploads\/2023\/04\/Esztergom2-10x6.jpg 10w\" sizes=\"auto, (max-width: 700px) 100vw, 700px\" \/><figcaption id=\"caption-attachment-7294\" class=\"wp-caption-text\">A Civil irod\u00e1ban 4 munka\u00e1llom\u00e1st alak\u00edtottak ki civil szervezetek, k\u00f6z\u00f6ss\u00e9gek r\u00e9sz\u00e9re. (forr\u00e1s: facebook.com)<\/figcaption><\/figure>\n<p><em>Szerinted mi kellene ahhoz, hogy ez egy k\u00f6z\u00f6ss\u00e9gi alapon m\u0171k\u00f6d\u0151 hely legyen?<\/em><\/p>\n<p>Az egyik ir\u00e1ny, hogy ezt a k\u00f6z\u00f6ss\u00e9gi projektet j\u00f3l fejezz\u00fck be. De \u00e9n el\u0151r\u00e9bb is gondolkodom a helyi k\u00f6z\u00f6ss\u00e9gi szolg\u00e1ltat\u00e1sok ter\u00e9n, \u00e9s m\u00e1r kikrist\u00e1lyos\u00edtottam egy olyan dolgot, hogy helyi p\u00e9nzhelyettes\u00edt\u0151t lehetne l\u00e9trehozni, azon kereszt\u00fcl elsz\u00e1molni egym\u00e1ssal egy bizonyos mennyis\u00e9g\u0171 szolg\u00e1ltat\u00e1s\u00e9rt cser\u00e9be. Ez \u00fagy m\u0171k\u00f6dhetne, mint egy nagyv\u00e1llalaton bel\u00fcl a bels\u0151 elsz\u00e1mol\u00e1s. Ennek a r\u00e9sznek nem lenne ad\u00f3vonzata, mert z\u00e1rt k\u00f6r\u00f6n bel\u00fcl cser\u00e9ln\u00e9nk a szolg\u00e1ltat\u00e1sokat \u00e9s term\u00e9keket. Ebb\u0151l sok minden kialakulhatna szerintem, ez egy ilyen PILOT-dolog, aminek az iroda lenne a mozgat\u00f3ja. Ez a t\u00e1vlati terv. Most viszont a helyi inform\u00e1ci\u00f3szolg\u00e1ltat\u00e1s lenne az iroda f\u0151 tev\u00e9kenys\u00e9ge, egy helyi tud\u00e1sk\u00f6zpontot szeretn\u00e9nk l\u00e9trehozni. Azt\u00e1n egy-egy t\u00e9m\u00e1t is konkr\u00e9tan k\u00f6r\u00fclj\u00e1runk. P\u00e9ld\u00e1ul a kl\u00edmav\u00e1ltoz\u00e1st, mert erre vannak nagy p\u00e9nzek eur\u00f3pai uni\u00f3s forr\u00e1sb\u00f3l. Csak ezekr\u0151l \u00e9n azt gondolom, hogy sz\u00f3rja az ember mindenre, l\u00e1tszata meg nem sok van, \u00e9s csak nagy l\u00e9pt\u00e9kben lehet ezzel foglalkozni. M\u00e1sr\u00e9szr\u0151l pedig emberi er\u0151forr\u00e1sokat fejlesztenek az \u00faj EU-s ciklusban, ebben lehet, hogy tal\u00e1lunk valamilyen forr\u00e1st, mert van j\u00f3 helyi partner\u00fcnk. A helyi roma k\u00e9pvisel\u0151 az orsz\u00e1gos roma k\u00e9pvisel\u0151 is egyben, itt lakik \u00e9s tesz is a helyi k\u00f6z\u00f6ss\u00e9g\u00e9rt, gyakorlott p\u00e1ly\u00e1z\u00f3k az egyes\u00fclet\u00fckkel. Tal\u00e1n az \u0151 seg\u00edts\u00e9g\u00fckkel siker\u00fclhet forr\u00e1sokat bevonni. De ez mindig nagyon neh\u00e9zkes, mert azt a tapasztalatom, hogy mindig m\u00e1s c\u00e9lt kell produk\u00e1lni egy ilyen p\u00e1ly\u00e1zatokban, mint ami a val\u00f3s fejl\u0151d\u00e9s\u00fcnk ir\u00e1nya, de ezt m\u00e1r megszoktuk.<\/p>\n<p><em>Az iroda m\u0171k\u00f6dhetne valamilyen k\u00f6z\u00f6ss\u00e9gi alap\u00fa sz\u00f6vetkezetk\u00e9nt a j\u00f6v\u0151ben?<\/em><\/p>\n<p>A sz\u00f6vetkezet j\u00f3 gondolat, mert valamilyen form\u00e1t fel kell majd v\u00e1llaljunk, hogy t\u00e9nyleg beindulhassanak ezek a szakmacser\u00e9k \u00e9s k\u00f6z\u00f6s marketing. Mert nagyon sokan vannak olyanok, akik nem v\u00e1llalkoznak, de tehets\u00e9gesek, nekik munk\u00e1t is tudn\u00e1nk adni optim\u00e1lis esetben. Persze vannak v\u00e1llalkoz\u00e1sok, de azok meg elvannak magukban, sz\u00f3val nem lesz k\u00f6nny\u0171 \u00f6sszehangolni ezeket a tev\u00e9kenys\u00e9geket. Az egyik, ami Kertv\u00e1rosban nagyon megy, az a pal\u00e1ntanevel\u00e9s, a kor\u00e1bbi mez\u0151gazdas\u00e1gi sz\u00f6vetkezetekre is lehetne \u00e9p\u00edteni. K\u00e9t helyen is van Esztergomban nagyon n\u00edv\u00f3s kertm\u0171vel\u0151 k\u00f6z\u00f6ss\u00e9g, \u0151ket mindenk\u00e9ppen \u00e9rdemes lenne megsz\u00f3l\u00edtani \u00e9s meger\u0151s\u00edteni a tev\u00e9kenys\u00e9g\u00fcket. Nagy kih\u00edv\u00e1s az is, hogy be tudj\u00e1k vonni a k\u00f6vetkez\u0151 nemzed\u00e9keket, a fiatalokat. A p\u00e1ly\u00e1zatban is sokat k\u00fczd\u00f6tt\u00fcnk a gener\u00e1ci\u00f3s szakad\u00e9kok \u00e1thidal\u00e1s\u00e1val. P\u00e9ld\u00e1ul a klasszikus szakm\u00e1k \u00e1tad\u00e1s\u00e1nak nincs meg a kult\u00far\u00e1ja, ink\u00e1bb a fialtok tan\u00edtj\u00e1k az id\u0151seket pl. a sz\u00e1m\u00edt\u00f3g\u00e9p-haszn\u00e1latra.<\/p>\n<p><em>Elk\u00e9pzelhet\u0151-e az, hogy valaki betoppan ebbe az irod\u00e1ba egy \u00f6tlettel, \u00e9s ti t\u00e1mogat\u00e1st adtok neki?<\/em><\/p>\n<p>A p\u00e1ly\u00e1zatokat tudn\u00e1nk megn\u00e9zni, hogy lenne-e olyan, amihez kapcsol\u00f3dhatnak. Az inform\u00e1ci\u00f3\u00e1tad\u00e1s egym\u00e1sr\u00f3l nagyon fontos r\u00e9sze ennek a folyamatnak, mert sokszor el\u0151fordul, hogy m\u00e9g a saj\u00e1t szomsz\u00e9diakr\u00f3l sem tudnak az emberek. Ha \u00f6tletekkel \u00e9rkeznek, akkor partnereket tudn\u00e1nk aj\u00e1nlani a megval\u00f3s\u00edt\u00e1shoz \u00e9s szakseg\u00edts\u00e9get A f\u0151 vonal a helyi inform\u00e1ci\u00f3k gy\u0171jt\u00e9se, tud\u00e1smegoszt\u00e1s \u00e9s a marketing.<\/p>\n<p><em>Milyen most az iroda napi m\u0171k\u00f6d\u00e9se?<\/em><\/p>\n<p>Egyel\u0151re abban az \u00e9p\u00fcletr\u00e9szben nincs f\u0171t\u00e9s, teh\u00e1t most csak egy h\u00e9ten egyszer megy\u00fcnk be, keddenk\u00e9nt a nemezel\u0151 szakk\u00f6r idej\u00e9re. Ekkor van nyitva az iroda, szem\u00e9lyesen is ezen a napon lehet \u00e9rdekl\u0151dni n\u00e1lunk, de online mindig el\u00e9rhet\u0151ek vagyunk. \u00dagy vagyok vele, hogy ha fontos dolgokat akarnak az emberek, akkor \u00fagyis j\u00f6nnek. Sajnos nem csin\u00e1lhatom ezt teljes \u00e1ll\u00e1sban, \u00edgy egyens\u00falyra kell t\u00f6rekedni a m\u0171k\u00f6dtet\u00e9sben. A decemberi hivatalos megnyit\u00f3 alkalm\u00e1b\u00f3l az \u00f6nkorm\u00e1nyzatnak is megmutattuk, hogy vagyunk \u00e9s elindultunk, de nem nagyon \u00e9rdekel senkit gyakorlatilag\u2026 Szerintem alapvet\u00e9s lenne, hogy az emberek tudjanak, \u00e9rtes\u00fcljenek a leend\u0151 v\u00e1rosi d\u00f6nt\u00e9sekr\u0151l, de ez itt sokszor nem val\u00f3sul meg. Csak olyan \u00fcgyekkel foglalkozik az \u00f6nkorm\u00e1nyzati test\u00fclet, amik fel\u0151l er\u0151s t\u00e1rsadalmi nyom\u00e1st mutatkozik \u2013 mondjuk ezt a nyom\u00e1st meg lehetne er\u0151s\u00edteni alulr\u00f3l. K\u00f6r\u00fclbel\u00fcl \u00edgy \u00e1llunk.<\/p>\n<figure id=\"attachment_7295\" aria-describedby=\"caption-attachment-7295\" style=\"width: 700px\" class=\"wp-caption aligncenter\"><img loading=\"lazy\" decoding=\"async\" class=\"size-full wp-image-7295\" src=\"https:\/\/kofe.hu\/parola\/wp-content\/uploads\/2023\/04\/Esztergom3.jpg\" alt=\"\" width=\"700\" height=\"394\" srcset=\"https:\/\/kofe.hu\/parola\/wp-content\/uploads\/2023\/04\/Esztergom3.jpg 700w, https:\/\/kofe.hu\/parola\/wp-content\/uploads\/2023\/04\/Esztergom3-300x169.jpg 300w, https:\/\/kofe.hu\/parola\/wp-content\/uploads\/2023\/04\/Esztergom3-10x6.jpg 10w\" sizes=\"auto, (max-width: 700px) 100vw, 700px\" \/><figcaption id=\"caption-attachment-7295\" class=\"wp-caption-text\">Az esztergom-kertv\u00e1rosi Civil irod\u00e1t egy r\u00e9gi iskola\u00e9p\u00fcletben alak\u00edtott\u00e1k ki. (forr\u00e1s: facebook.com)<\/figcaption><\/figure>\n<p><em>Lehetne teh\u00e1t c\u00e9lja ennek az irod\u00e1nak, hogy kialakuljon egy olyan b\u00e1zis, amit partnerk\u00e9nt kezel az \u00f6nkorm\u00e1nyzat. Megk\u00e9rdezhetn\u00e9k az irod\u00e1n kereszt\u00fcl a helyieket\u2026<\/em><\/p>\n<p>Erre a c\u00e9lra ott lenne a kertv\u00e1rosi \u00f6nkorm\u00e1nyzati kirendelts\u00e9g, de \u0151k szinte mindig z\u00e1rva vannak. \u00cdgy nagyon neh\u00e9z. Mi sz\u00edvesen v\u00e1llaln\u00e1nk a helyi t\u00e1rsadalom t\u00e1j\u00e9koztat\u00e1s\u00e1t, mert ezzel cs\u00f6kkenthet\u0151 lenne a bizonytalans\u00e1g az \u00e9rintettek k\u00f6r\u00e9ben. Most \u00e9ppen egy k\u00e9pz\u00e9sen veszek r\u00e9szt, amely azt mutatja be, hogy milyen szintjei vannak az \u00f6nkorm\u00e1nyzattal val\u00f3 egy\u00fcttm\u0171k\u00f6d\u00e9snek. Nagyon izgalmas, hogy \u00edgy tudatosabban r\u00e1l\u00e1thatok arra, hogy mi a helyzet. Az \u00f6nkorm\u00e1nyzatot nem lehet megker\u00fclni, el lehet kezdeni sok dolgot, de egy id\u0151 ut\u00e1n valamilyen szinten kapcsol\u00f3dni kell hozz\u00e1. A CLLD projektben tervezett civil h\u00e1z sajnos nem val\u00f3sult meg, mert az \u00f6nkorm\u00e1nyzattal nem tal\u00e1ltunk r\u00e1 megfelel\u0151, fel\u00faj\u00edthat\u00f3 ingatlant a v\u00e1rosban. A helyi v\u00e1rosvezet\u00e9s sokszor saj\u00e1t hat\u00e1sk\u00f6rben d\u00f6nt minim\u00e1lis lakoss\u00e1gi t\u00e1j\u00e9koztat\u00e1ssal, a t\u00e1rsadalmas\u00edt\u00e1s szempontj\u00e1b\u00f3l el\u00e9g rossz a helyzet. \u00c9s szerintem ez\u00e9rt van az, hogy az emberek \u00e1lland\u00f3an csak panaszkodnak, minden d\u00f6nt\u00e9st csak elszenvednek, nincsenek d\u00f6nt\u00e9si poz\u00edci\u00f3ban, \u00e9s ez frusztr\u00e1lja \u0151ket. Ugyanakkor vannak \u00e9rdekes sz\u00ednfoltok ebben a v\u00e1rosban, \u00e9s az emberekben nagyon er\u0151s az egym\u00e1s ir\u00e1nti seg\u00edts\u00e9gny\u00fajt\u00e1s v\u00e1gya. Erre \u00e9p\u00edtve lehetne v\u00e1ltoz\u00e1st el\u00e9rni a helyi t\u00e1rsadalomban. Az \u00f6nszervez\u0151d\u00e9st kell most felv\u00e1llalnunk, hogy ne vesszenek el a CLLD p\u00e1ly\u00e1zatban ki\u00e9p\u00fclt kapcsol\u00f3d\u00e1sok a helyiek k\u00f6z\u00f6tt.<\/p>\n<p><em>K\u00f6sz\u00f6n\u00f6m sz\u00e9pen a besz\u00e9lget\u00e9st, sok sikert, minden j\u00f3t k\u00edv\u00e1nok!<\/em><\/p>\n<p><em>\u00a0<\/em><\/p>\n<p><strong>A szerz\u0151:<\/strong> Dudok D\u00e1vid<\/p>\n<p><img loading=\"lazy\" decoding=\"async\" class=\"alignright size-thumbnail wp-image-6959\" src=\"https:\/\/kofe.hu\/parola\/wp-content\/uploads\/2022\/10\/2022-3-04-1-150x150.jpg\" alt=\"\" width=\"150\" height=\"150\" srcset=\"https:\/\/kofe.hu\/parola\/wp-content\/uploads\/2022\/10\/2022-3-04-1-150x150.jpg 150w, https:\/\/kofe.hu\/parola\/wp-content\/uploads\/2022\/10\/2022-3-04-1-300x300.jpg 300w, https:\/\/kofe.hu\/parola\/wp-content\/uploads\/2022\/10\/2022-3-04-1-10x10.jpg 10w, https:\/\/kofe.hu\/parola\/wp-content\/uploads\/2022\/10\/2022-3-04-1-500x500.jpg 500w, https:\/\/kofe.hu\/parola\/wp-content\/uploads\/2022\/10\/2022-3-04-1.jpg 605w\" sizes=\"auto, (max-width: 150px) 100vw, 150px\" \/>A szerz\u0151 2018-ban szerzett oklevelet az ELTE K\u00f6z\u00f6ss\u00e9gi \u00e9s civil tanulm\u00e1nyok mesterk\u00e9pz\u00e9s\u00e9n, mindig \u00e9rdekl\u0151dve figyelte a helyi k\u00f6z\u00f6ss\u00e9gi kezdem\u00e9nyez\u00e9seket. Sz\u00fcl\u0151v\u00e1ros\u00e1ban, Esztergomban imm\u00e1r 15 \u00e9ve tagja egy kis sz\u00ednj\u00e1tsz\u00f3 k\u00f6rnek, melyet 2020-ban egyes\u00fclett\u00e9 alak\u00edtottak bar\u00e1taival. Jelenleg az ELTE Szociol\u00f3gia Doktori Iskola Szoci\u00e1lpolitika programj\u00e1nak harmad\u00e9ves PhD-hallgat\u00f3ja, kutat\u00e1si ter\u00fclete a k\u00f6z\u00f6ss\u00e9gi kultur\u00e1lis int\u00e9zm\u00e9nyek t\u00e1rsadalmias\u00edtott m\u0171k\u00f6d\u00e9si m\u00f3dja. Azokat az \u00e9rdekes pontokat keresi, ahol a helyi civil kezdem\u00e9nyez\u00e9sek kapcsol\u00f3dni tudnak a t\u00e1rsadalmi innov\u00e1ci\u00f3kra nyitott k\u00f6zm\u0171vel\u0151d\u00e9si int\u00e9zm\u00e9nyek programjaihoz.<\/p>\n<p>&nbsp;<\/p>\n<p><strong>Az interj\u00faalany:<\/strong> Nemesk\u00e9ri Kl\u00e1ra<\/p>\n<p>Okleveles h\u00edrk\u00f6zl\u00e9si m\u00e9rn\u00f6k-k\u00f6zgazd\u00e1sz, k\u00f6z\u00f6ss\u00e9gszervez\u0151 \u00e9s EU p\u00e1ly\u00e1zati menedzser.<\/p>\n<p>Moszkv\u00e1ban, nemzetk\u00f6zi k\u00f6rnyezetben v\u00e9gezte egyetemi tanulm\u00e1nyait \u00e9s sokfel\u00e9 megfordult a vil\u00e1gban, mindig nyitott szemmel figyelte meg a j\u00f3 k\u00f6z\u00f6ss\u00e9gi gyakorlatokat, amiket \u00f6sszegy\u0171jtve \u00e1t\u00fcltetne Esztergomba is. V\u00e9rbeli k\u00f6z\u00f6ss\u00e9g\u00e9p\u00edt\u0151, akinek m\u00e1r a nagysz\u00fclei \u00e9s a sz\u00fclei is k\u00f6z\u00f6ss\u00e9geik \u00f6sszekov\u00e1csol\u00f3i voltak. A projektvezet\u00e9s mellett egy esztergomi renesz\u00e1nsz zenei egy\u00fcttesben csell\u00f3zik, a helyi Vigy\u00e1z\u00f3k m\u0171v\u00e9szcsoport tagja \u00e9s a Civil Iroda mellett nemezel\u0151 szakk\u00f6rt is vezet a cikkben szerepl\u0151 int\u00e9zm\u00e9nyben. T\u00f6bb civil szervezetnek is \u00f6nk\u00e9ntese \u00e9s a helyi programok kitart\u00f3 terjeszt\u0151je az online t\u00e9rben,<\/p>\n","protected":false},"excerpt":{"rendered":"<p>2023. janu\u00e1r 30-\u00e1n Nemesk\u00e9ri Kl\u00e1r\u00e1val, az Esztergomi CLLD p\u00e1ly\u00e1zathoz kapcsol\u00f3d\u00f3 helyi akci\u00f3csoport projektkoordin\u00e1tor\u00e1val besz\u00e9lgettem az Esztergom-Kertv\u00e1rosban ny\u00edlt Civil irod\u00e1r\u00f3l. Ez a k\u00f6z\u00f6ss\u00e9gi kezdem\u00e9nyez\u00e9s j\u00f3 lehet\u0151s\u00e9get k\u00edn\u00e1lhat a helyieknek arra, hogy az \u0151ket \u00e9rint\u0151, \u00e9rdekl\u0151 t\u00e9m\u00e1k ment\u00e9n tal\u00e1lkozhassanak \u00e9s besz\u00e9lgessenek egym\u00e1ssal. Kl\u00e1ra a kezdeti neh\u00e9zs\u00e9gek ellen\u00e9re is bizakod\u00f3, rem\u00e9nyei szerint meg tudja vetni a l\u00e1b\u00e1t egy [&hellip;]<\/p>\n","protected":false},"author":537,"featured_media":7293,"comment_status":"open","ping_status":"open","sticky":false,"template":"","format":"standard","meta":{"_acf_changed":false,"footnotes":""},"categories":[1143,8,7],"tags":[1175,1176,1174,1177],"coauthors":[718],"class_list":["post-7291","post","type-post","status-publish","format-standard","has-post-thumbnail","hentry","category-parola-2023-1","category-parola-folyoirat","category-repertorium","tag-civil-iroda","tag-clld","tag-esztergom","tag-esztergom-kertvaros"],"acf":[],"yoast_head":"<!-- This site is optimized with the Yoast SEO plugin v26.7 - https:\/\/yoast.com\/wordpress\/plugins\/seo\/ -->\n<title>Civil iroda ny\u00edlt Esztergomban - Parola Foly\u00f3irat<\/title>\n<meta name=\"robots\" content=\"index, follow, max-snippet:-1, max-image-preview:large, max-video-preview:-1\" \/>\n<link rel=\"canonical\" href=\"https:\/\/kofe.hu\/parola\/parola-folyoirat\/civil-iroda-nyilt-esztergomban\/\" \/>\n<meta property=\"og:locale\" content=\"hu_HU\" \/>\n<meta property=\"og:type\" content=\"article\" \/>\n<meta property=\"og:title\" content=\"Civil iroda ny\u00edlt Esztergomban - Parola Foly\u00f3irat\" \/>\n<meta property=\"og:description\" content=\"2023. janu\u00e1r 30-\u00e1n Nemesk\u00e9ri Kl\u00e1r\u00e1val, az Esztergomi CLLD p\u00e1ly\u00e1zathoz kapcsol\u00f3d\u00f3 helyi akci\u00f3csoport projektkoordin\u00e1tor\u00e1val besz\u00e9lgettem az Esztergom-Kertv\u00e1rosban ny\u00edlt Civil irod\u00e1r\u00f3l. Ez a k\u00f6z\u00f6ss\u00e9gi kezdem\u00e9nyez\u00e9s j\u00f3 lehet\u0151s\u00e9get k\u00edn\u00e1lhat a helyieknek arra, hogy az \u0151ket \u00e9rint\u0151, \u00e9rdekl\u0151 t\u00e9m\u00e1k ment\u00e9n tal\u00e1lkozhassanak \u00e9s besz\u00e9lgessenek egym\u00e1ssal. Kl\u00e1ra a kezdeti neh\u00e9zs\u00e9gek ellen\u00e9re is bizakod\u00f3, rem\u00e9nyei szerint meg tudja vetni a l\u00e1b\u00e1t egy [&hellip;]\" \/>\n<meta property=\"og:url\" content=\"https:\/\/kofe.hu\/parola\/parola-folyoirat\/civil-iroda-nyilt-esztergomban\/\" \/>\n<meta property=\"og:site_name\" content=\"Parola Foly\u00f3irat\" \/>\n<meta property=\"article:published_time\" content=\"2023-04-01T08:51:05+00:00\" \/>\n<meta property=\"og:image\" content=\"https:\/\/kofe.hu\/parola\/wp-content\/uploads\/2023\/04\/Esztergom1.jpg\" \/>\n\t<meta property=\"og:image:width\" content=\"700\" \/>\n\t<meta property=\"og:image:height\" content=\"525\" \/>\n\t<meta property=\"og:image:type\" content=\"image\/jpeg\" \/>\n<meta name=\"author\" content=\"Dudok D\u00e1vid\" \/>\n<meta name=\"twitter:card\" content=\"summary_large_image\" \/>\n<meta name=\"twitter:label1\" content=\"Szerz\u0151:\" \/>\n\t<meta name=\"twitter:data1\" content=\"Dudok D\u00e1vid\" \/>\n\t<meta name=\"twitter:label2\" content=\"Becs\u00fclt olvas\u00e1si id\u0151\" \/>\n\t<meta name=\"twitter:data2\" content=\"14 perc\" \/>\n\t<meta name=\"twitter:label3\" content=\"Written by\" \/>\n\t<meta name=\"twitter:data3\" content=\"Dudok D\u00e1vid\" \/>\n<script type=\"application\/ld+json\" class=\"yoast-schema-graph\">{\"@context\":\"https:\/\/schema.org\",\"@graph\":[{\"@type\":\"Article\",\"@id\":\"https:\/\/kofe.hu\/parola\/parola-folyoirat\/civil-iroda-nyilt-esztergomban\/#article\",\"isPartOf\":{\"@id\":\"https:\/\/kofe.hu\/parola\/parola-folyoirat\/civil-iroda-nyilt-esztergomban\/\"},\"author\":{\"name\":\"Dudok D\u00e1vid\",\"@id\":\"https:\/\/kofe.hu\/parola\/#\/schema\/person\/fa7673d920ffe6466ba80fc740ecc01b\"},\"headline\":\"Civil iroda ny\u00edlt Esztergomban\",\"datePublished\":\"2023-04-01T08:51:05+00:00\",\"mainEntityOfPage\":{\"@id\":\"https:\/\/kofe.hu\/parola\/parola-folyoirat\/civil-iroda-nyilt-esztergomban\/\"},\"wordCount\":2858,\"commentCount\":0,\"image\":{\"@id\":\"https:\/\/kofe.hu\/parola\/parola-folyoirat\/civil-iroda-nyilt-esztergomban\/#primaryimage\"},\"thumbnailUrl\":\"https:\/\/kofe.hu\/parola\/wp-content\/uploads\/2023\/04\/Esztergom1.jpg\",\"keywords\":[\"civil iroda\",\"CLLD\",\"Esztergom\",\"Esztergom-Kertv\u00e1ros\"],\"articleSection\":[\"Parola 2023\/1\",\"Parola Foly\u00f3irat\",\"Repert\u00f3rium\"],\"inLanguage\":\"hu\",\"potentialAction\":[{\"@type\":\"CommentAction\",\"name\":\"Comment\",\"target\":[\"https:\/\/kofe.hu\/parola\/parola-folyoirat\/civil-iroda-nyilt-esztergomban\/#respond\"]}]},{\"@type\":\"WebPage\",\"@id\":\"https:\/\/kofe.hu\/parola\/parola-folyoirat\/civil-iroda-nyilt-esztergomban\/\",\"url\":\"https:\/\/kofe.hu\/parola\/parola-folyoirat\/civil-iroda-nyilt-esztergomban\/\",\"name\":\"Civil iroda ny\u00edlt Esztergomban - Parola Foly\u00f3irat\",\"isPartOf\":{\"@id\":\"https:\/\/kofe.hu\/parola\/#website\"},\"primaryImageOfPage\":{\"@id\":\"https:\/\/kofe.hu\/parola\/parola-folyoirat\/civil-iroda-nyilt-esztergomban\/#primaryimage\"},\"image\":{\"@id\":\"https:\/\/kofe.hu\/parola\/parola-folyoirat\/civil-iroda-nyilt-esztergomban\/#primaryimage\"},\"thumbnailUrl\":\"https:\/\/kofe.hu\/parola\/wp-content\/uploads\/2023\/04\/Esztergom1.jpg\",\"datePublished\":\"2023-04-01T08:51:05+00:00\",\"author\":{\"@id\":\"https:\/\/kofe.hu\/parola\/#\/schema\/person\/fa7673d920ffe6466ba80fc740ecc01b\"},\"breadcrumb\":{\"@id\":\"https:\/\/kofe.hu\/parola\/parola-folyoirat\/civil-iroda-nyilt-esztergomban\/#breadcrumb\"},\"inLanguage\":\"hu\",\"potentialAction\":[{\"@type\":\"ReadAction\",\"target\":[\"https:\/\/kofe.hu\/parola\/parola-folyoirat\/civil-iroda-nyilt-esztergomban\/\"]}]},{\"@type\":\"ImageObject\",\"inLanguage\":\"hu\",\"@id\":\"https:\/\/kofe.hu\/parola\/parola-folyoirat\/civil-iroda-nyilt-esztergomban\/#primaryimage\",\"url\":\"https:\/\/kofe.hu\/parola\/wp-content\/uploads\/2023\/04\/Esztergom1.jpg\",\"contentUrl\":\"https:\/\/kofe.hu\/parola\/wp-content\/uploads\/2023\/04\/Esztergom1.jpg\",\"width\":700,\"height\":525},{\"@type\":\"BreadcrumbList\",\"@id\":\"https:\/\/kofe.hu\/parola\/parola-folyoirat\/civil-iroda-nyilt-esztergomban\/#breadcrumb\",\"itemListElement\":[{\"@type\":\"ListItem\",\"position\":1,\"name\":\"Home\",\"item\":\"https:\/\/kofe.hu\/parola\/\"},{\"@type\":\"ListItem\",\"position\":2,\"name\":\"Civil iroda ny\u00edlt Esztergomban\"}]},{\"@type\":\"WebSite\",\"@id\":\"https:\/\/kofe.hu\/parola\/#website\",\"url\":\"https:\/\/kofe.hu\/parola\/\",\"name\":\"Parola Foly\u00f3irat\",\"description\":\"\",\"potentialAction\":[{\"@type\":\"SearchAction\",\"target\":{\"@type\":\"EntryPoint\",\"urlTemplate\":\"https:\/\/kofe.hu\/parola\/?s={search_term_string}\"},\"query-input\":{\"@type\":\"PropertyValueSpecification\",\"valueRequired\":true,\"valueName\":\"search_term_string\"}}],\"inLanguage\":\"hu\"},{\"@type\":\"Person\",\"@id\":\"https:\/\/kofe.hu\/parola\/#\/schema\/person\/fa7673d920ffe6466ba80fc740ecc01b\",\"name\":\"Dudok D\u00e1vid\",\"image\":{\"@type\":\"ImageObject\",\"inLanguage\":\"hu\",\"@id\":\"https:\/\/kofe.hu\/parola\/#\/schema\/person\/image\/4a209a9bd52212046152b246e530f5cd\",\"url\":\"https:\/\/secure.gravatar.com\/avatar\/5b7260a12c15abe0afe57b58da11b08539896ee41973329b44e620f77e7e4dc8?s=96&d=mm&r=g\",\"contentUrl\":\"https:\/\/secure.gravatar.com\/avatar\/5b7260a12c15abe0afe57b58da11b08539896ee41973329b44e620f77e7e4dc8?s=96&d=mm&r=g\",\"caption\":\"Dudok D\u00e1vid\"},\"url\":\"https:\/\/kofe.hu\/parola\/szerzok\/dudok-david\/\"}]}<\/script>\n<!-- \/ Yoast SEO plugin. -->","yoast_head_json":{"title":"Civil iroda ny\u00edlt Esztergomban - Parola Foly\u00f3irat","robots":{"index":"index","follow":"follow","max-snippet":"max-snippet:-1","max-image-preview":"max-image-preview:large","max-video-preview":"max-video-preview:-1"},"canonical":"https:\/\/kofe.hu\/parola\/parola-folyoirat\/civil-iroda-nyilt-esztergomban\/","og_locale":"hu_HU","og_type":"article","og_title":"Civil iroda ny\u00edlt Esztergomban - Parola Foly\u00f3irat","og_description":"2023. janu\u00e1r 30-\u00e1n Nemesk\u00e9ri Kl\u00e1r\u00e1val, az Esztergomi CLLD p\u00e1ly\u00e1zathoz kapcsol\u00f3d\u00f3 helyi akci\u00f3csoport projektkoordin\u00e1tor\u00e1val besz\u00e9lgettem az Esztergom-Kertv\u00e1rosban ny\u00edlt Civil irod\u00e1r\u00f3l. Ez a k\u00f6z\u00f6ss\u00e9gi kezdem\u00e9nyez\u00e9s j\u00f3 lehet\u0151s\u00e9get k\u00edn\u00e1lhat a helyieknek arra, hogy az \u0151ket \u00e9rint\u0151, \u00e9rdekl\u0151 t\u00e9m\u00e1k ment\u00e9n tal\u00e1lkozhassanak \u00e9s besz\u00e9lgessenek egym\u00e1ssal. Kl\u00e1ra a kezdeti neh\u00e9zs\u00e9gek ellen\u00e9re is bizakod\u00f3, rem\u00e9nyei szerint meg tudja vetni a l\u00e1b\u00e1t egy [&hellip;]","og_url":"https:\/\/kofe.hu\/parola\/parola-folyoirat\/civil-iroda-nyilt-esztergomban\/","og_site_name":"Parola Foly\u00f3irat","article_published_time":"2023-04-01T08:51:05+00:00","og_image":[{"width":700,"height":525,"url":"https:\/\/kofe.hu\/parola\/wp-content\/uploads\/2023\/04\/Esztergom1.jpg","type":"image\/jpeg"}],"author":"Dudok D\u00e1vid","twitter_card":"summary_large_image","twitter_misc":{"Szerz\u0151:":"Dudok D\u00e1vid","Becs\u00fclt olvas\u00e1si id\u0151":"14 perc","Written by":"Dudok D\u00e1vid"},"schema":{"@context":"https:\/\/schema.org","@graph":[{"@type":"Article","@id":"https:\/\/kofe.hu\/parola\/parola-folyoirat\/civil-iroda-nyilt-esztergomban\/#article","isPartOf":{"@id":"https:\/\/kofe.hu\/parola\/parola-folyoirat\/civil-iroda-nyilt-esztergomban\/"},"author":{"name":"Dudok D\u00e1vid","@id":"https:\/\/kofe.hu\/parola\/#\/schema\/person\/fa7673d920ffe6466ba80fc740ecc01b"},"headline":"Civil iroda ny\u00edlt Esztergomban","datePublished":"2023-04-01T08:51:05+00:00","mainEntityOfPage":{"@id":"https:\/\/kofe.hu\/parola\/parola-folyoirat\/civil-iroda-nyilt-esztergomban\/"},"wordCount":2858,"commentCount":0,"image":{"@id":"https:\/\/kofe.hu\/parola\/parola-folyoirat\/civil-iroda-nyilt-esztergomban\/#primaryimage"},"thumbnailUrl":"https:\/\/kofe.hu\/parola\/wp-content\/uploads\/2023\/04\/Esztergom1.jpg","keywords":["civil iroda","CLLD","Esztergom","Esztergom-Kertv\u00e1ros"],"articleSection":["Parola 2023\/1","Parola Foly\u00f3irat","Repert\u00f3rium"],"inLanguage":"hu","potentialAction":[{"@type":"CommentAction","name":"Comment","target":["https:\/\/kofe.hu\/parola\/parola-folyoirat\/civil-iroda-nyilt-esztergomban\/#respond"]}]},{"@type":"WebPage","@id":"https:\/\/kofe.hu\/parola\/parola-folyoirat\/civil-iroda-nyilt-esztergomban\/","url":"https:\/\/kofe.hu\/parola\/parola-folyoirat\/civil-iroda-nyilt-esztergomban\/","name":"Civil iroda ny\u00edlt Esztergomban - Parola Foly\u00f3irat","isPartOf":{"@id":"https:\/\/kofe.hu\/parola\/#website"},"primaryImageOfPage":{"@id":"https:\/\/kofe.hu\/parola\/parola-folyoirat\/civil-iroda-nyilt-esztergomban\/#primaryimage"},"image":{"@id":"https:\/\/kofe.hu\/parola\/parola-folyoirat\/civil-iroda-nyilt-esztergomban\/#primaryimage"},"thumbnailUrl":"https:\/\/kofe.hu\/parola\/wp-content\/uploads\/2023\/04\/Esztergom1.jpg","datePublished":"2023-04-01T08:51:05+00:00","author":{"@id":"https:\/\/kofe.hu\/parola\/#\/schema\/person\/fa7673d920ffe6466ba80fc740ecc01b"},"breadcrumb":{"@id":"https:\/\/kofe.hu\/parola\/parola-folyoirat\/civil-iroda-nyilt-esztergomban\/#breadcrumb"},"inLanguage":"hu","potentialAction":[{"@type":"ReadAction","target":["https:\/\/kofe.hu\/parola\/parola-folyoirat\/civil-iroda-nyilt-esztergomban\/"]}]},{"@type":"ImageObject","inLanguage":"hu","@id":"https:\/\/kofe.hu\/parola\/parola-folyoirat\/civil-iroda-nyilt-esztergomban\/#primaryimage","url":"https:\/\/kofe.hu\/parola\/wp-content\/uploads\/2023\/04\/Esztergom1.jpg","contentUrl":"https:\/\/kofe.hu\/parola\/wp-content\/uploads\/2023\/04\/Esztergom1.jpg","width":700,"height":525},{"@type":"BreadcrumbList","@id":"https:\/\/kofe.hu\/parola\/parola-folyoirat\/civil-iroda-nyilt-esztergomban\/#breadcrumb","itemListElement":[{"@type":"ListItem","position":1,"name":"Home","item":"https:\/\/kofe.hu\/parola\/"},{"@type":"ListItem","position":2,"name":"Civil iroda ny\u00edlt Esztergomban"}]},{"@type":"WebSite","@id":"https:\/\/kofe.hu\/parola\/#website","url":"https:\/\/kofe.hu\/parola\/","name":"Parola Foly\u00f3irat","description":"","potentialAction":[{"@type":"SearchAction","target":{"@type":"EntryPoint","urlTemplate":"https:\/\/kofe.hu\/parola\/?s={search_term_string}"},"query-input":{"@type":"PropertyValueSpecification","valueRequired":true,"valueName":"search_term_string"}}],"inLanguage":"hu"},{"@type":"Person","@id":"https:\/\/kofe.hu\/parola\/#\/schema\/person\/fa7673d920ffe6466ba80fc740ecc01b","name":"Dudok D\u00e1vid","image":{"@type":"ImageObject","inLanguage":"hu","@id":"https:\/\/kofe.hu\/parola\/#\/schema\/person\/image\/4a209a9bd52212046152b246e530f5cd","url":"https:\/\/secure.gravatar.com\/avatar\/5b7260a12c15abe0afe57b58da11b08539896ee41973329b44e620f77e7e4dc8?s=96&d=mm&r=g","contentUrl":"https:\/\/secure.gravatar.com\/avatar\/5b7260a12c15abe0afe57b58da11b08539896ee41973329b44e620f77e7e4dc8?s=96&d=mm&r=g","caption":"Dudok D\u00e1vid"},"url":"https:\/\/kofe.hu\/parola\/szerzok\/dudok-david\/"}]}},"_links":{"self":[{"href":"https:\/\/kofe.hu\/parola\/wp-json\/wp\/v2\/posts\/7291","targetHints":{"allow":["GET"]}}],"collection":[{"href":"https:\/\/kofe.hu\/parola\/wp-json\/wp\/v2\/posts"}],"about":[{"href":"https:\/\/kofe.hu\/parola\/wp-json\/wp\/v2\/types\/post"}],"author":[{"embeddable":true,"href":"https:\/\/kofe.hu\/parola\/wp-json\/wp\/v2\/users\/537"}],"replies":[{"embeddable":true,"href":"https:\/\/kofe.hu\/parola\/wp-json\/wp\/v2\/comments?post=7291"}],"version-history":[{"count":2,"href":"https:\/\/kofe.hu\/parola\/wp-json\/wp\/v2\/posts\/7291\/revisions"}],"predecessor-version":[{"id":7297,"href":"https:\/\/kofe.hu\/parola\/wp-json\/wp\/v2\/posts\/7291\/revisions\/7297"}],"wp:featuredmedia":[{"embeddable":true,"href":"https:\/\/kofe.hu\/parola\/wp-json\/wp\/v2\/media\/7293"}],"wp:attachment":[{"href":"https:\/\/kofe.hu\/parola\/wp-json\/wp\/v2\/media?parent=7291"}],"wp:term":[{"taxonomy":"category","embeddable":true,"href":"https:\/\/kofe.hu\/parola\/wp-json\/wp\/v2\/categories?post=7291"},{"taxonomy":"post_tag","embeddable":true,"href":"https:\/\/kofe.hu\/parola\/wp-json\/wp\/v2\/tags?post=7291"},{"taxonomy":"author","embeddable":true,"href":"https:\/\/kofe.hu\/parola\/wp-json\/wp\/v2\/coauthors?post=7291"}],"curies":[{"name":"wp","href":"https:\/\/api.w.org\/{rel}","templated":true}]}}