{"id":7280,"date":"2023-04-01T08:40:53","date_gmt":"2023-04-01T08:40:53","guid":{"rendered":"https:\/\/kofe.hu\/parola\/?p=7280"},"modified":"2023-04-01T08:43:26","modified_gmt":"2023-04-01T08:43:26","slug":"kali-hirado-egy-kezzel-irott-tersegi-ujsag","status":"publish","type":"post","link":"https:\/\/kofe.hu\/parola\/parola-folyoirat\/kali-hirado-egy-kezzel-irott-tersegi-ujsag\/","title":{"rendered":"K\u00e1li H\u00edrad\u00f3 &#8211; egy k\u00e9zzel \u00edrott t\u00e9rs\u00e9gi \u00fajs\u00e1g"},"content":{"rendered":"<p><strong>A helyi nyilv\u00e1noss\u00e1ggal foglalkoz\u00f3 sz\u00e1munkban t\u00f6bb helyi, k\u00f6z\u00f6ss\u00e9gi alapon m\u0171k\u00f6d\u0151 sajt\u00f3term\u00e9ket mutatunk be, \u00edgy felt\u00e9tlen fontosnak tartottam h\u00edrt adni arr\u00f3l, hogy a K\u00e1li-medenc\u00e9ben Somogyi Gy\u0151z\u0151<\/strong> <strong>Kossuth-d\u00edjas lek\u00f6lt\u00f6z\u00f6tt grafikus \u00edr, szerkeszt \u00e9s rajzol saj\u00e1t kez\u00e9vel \u00fajs\u00e1got, mely a helyben aktu\u00e1lis h\u00edrekr\u0151l tud\u00f3s\u00edt m\u00e1r t\u00f6bb \u00e9vtizede igaz\u00e1n egyed\u00fcl\u00e1ll\u00f3 form\u00e1ban.<\/strong><!--more--><\/p>\n<p><img loading=\"lazy\" decoding=\"async\" class=\"alignright size-full wp-image-7285\" src=\"https:\/\/kofe.hu\/parola\/wp-content\/uploads\/2023\/04\/2023-1-7-3.png\" alt=\"\" width=\"141\" height=\"295\" srcset=\"https:\/\/kofe.hu\/parola\/wp-content\/uploads\/2023\/04\/2023-1-7-3.png 141w, https:\/\/kofe.hu\/parola\/wp-content\/uploads\/2023\/04\/2023-1-7-3-5x10.png 5w\" sizes=\"auto, (max-width: 141px) 100vw, 141px\" \/>A kiadv\u00e1ny a K\u00e1li- Medence K\u00f6rnyezetv\u00e9delmi T\u00e1rsas\u00e1g k\u00f6tel\u00e9k\u00e9ben jelenik meg, \u00e9s a T\u00e1rsas\u00e1g honlapj\u00e1n t\u00f6bb lapsz\u00e1m is megtekinthet\u0151 az elm\u00falt \u00e9vekb\u0151l: <a href=\"https:\/\/www.kalihirado.hu\/\">https:\/\/www.kalihirado.hu<\/a>\u00a0 A T\u00e1rsas\u00e1g maga nagy m\u00faltra tekint vissza, m\u00e9g a rendszerv\u00e1lt\u00e1s el\u0151tti id\u0151kben alakult K\u00e1li Vid\u00e9k Bar\u00e1ti K\u00f6re n\u00e9ven, majd tagjai r\u00e9szt vettek a kezdeti z\u00f6ld mozgalmak szervez\u00e9s\u00e9ben \u00e9s a Duna K\u00f6r tev\u00e9kenys\u00e9g\u00e9ben. A tags\u00e1gban t\u00f6bb jeles m\u0171v\u00e9sz, zen\u00e9sz \u00e9s \u00e9p\u00edt\u00e9sz k\u00e9pviselteti mag\u00e1t, akik a K\u00e1li-medenc\u00e9be ir\u00e1nyul\u00f3 els\u0151 lek\u00f6lt\u00f6z\u00e9si hull\u00e1mmal \u00e9rkeztek a t\u00e9rs\u00e9gbe, \u00e9s kezdt\u00e9k azt \u00fajra \u00e9lettel megt\u00f6lteni \u00e9s a saj\u00e1t k\u00f6reikben min\u00e9l \u00e9l\u0151bb kapcsolatokat \u00e9p\u00edteni. Tal\u00e1n nem t\u00falz\u00e1s azt mondani, hogy n\u00e9lk\u00fcl\u00fck ma nem olyan lenne a K\u00e1li-medence, mint amilyennek azt ma ismerj\u00fck.<\/p>\n<p>A K\u00e1li H\u00edrad\u00f3 1985 \u00f3ta jelenik meg, kezdetben a T\u00e1rsas\u00e1g tagjai kapt\u00e1k post\u00e1n, ma m\u00e1r online is el\u00e9rhet\u0151. Az \u00fajs\u00e1g rendszeresen tud\u00f3s\u00edt a K\u00e1li-medence neves halottjair\u00f3l, papok kinevez\u00e9s\u00e9r\u0151l, aktu\u00e1lis esem\u00e9nyekr\u0151l \u00e9s a t\u00e9rs\u00e9get \u00e9rint\u0151 politikai \u00e9s k\u00f6z\u00e9leti k\u00e9rd\u00e9sekr\u0151l. Emellett a Balaton-felvid\u00e9k jellemz\u0151 \u00e9p\u00fcleteinek egyes r\u00e9szleteit, homlokzatait mutatja be, teh\u00e1t n\u00e9prajzi \u00e9s n\u00e9pi \u00e9p\u00edt\u00e9szeti \u00e9rt\u00e9kek megjelen\u00edt\u00e9s\u00e9re is szolg\u00e1l az aktu\u00e1lis h\u00edrek ismertet\u00e9se mellett.<\/p>\n<p><img loading=\"lazy\" decoding=\"async\" class=\"aligncenter wp-image-7284 size-full\" src=\"https:\/\/kofe.hu\/parola\/wp-content\/uploads\/2023\/04\/2023-1-7-2.png\" alt=\"\" width=\"456\" height=\"289\" srcset=\"https:\/\/kofe.hu\/parola\/wp-content\/uploads\/2023\/04\/2023-1-7-2.png 456w, https:\/\/kofe.hu\/parola\/wp-content\/uploads\/2023\/04\/2023-1-7-2-300x190.png 300w, https:\/\/kofe.hu\/parola\/wp-content\/uploads\/2023\/04\/2023-1-7-2-10x6.png 10w\" sizes=\"auto, (max-width: 456px) 100vw, 456px\" \/><\/p>\n<p>A K\u00e1li Arck\u00e9pcsarnok pedig a helyben \u00e9l\u0151 jelent\u0151s szem\u00e9lyek, m\u0171v\u00e9szek, kult\u00faracsin\u00e1l\u00f3k \u00e9s vezet\u0151k arck\u00e9peit tartalmazza, szint\u00e9n Somogyi Gy\u0151z\u0151 toll\u00e1b\u00f3l, n\u00e9ha kicsit karikaturisztikusan, a jellegzetes von\u00e1sokat felnagy\u00edtva, ami csak m\u00e9g szem\u00e9lyesebb\u00e9 teszi ezeket a portr\u00e9kat.<\/p>\n<p>A lap besz\u00e1mol a K\u00e1li-medence t\u00f6bb telep\u00fcl\u00e9s\u00e9nek aktu\u00e1lis esem\u00e9nyeir\u0151l, ez pedig azt felt\u00e9telezi, hogy a telep\u00fcl\u00e9sek k\u00f6z\u00f6tt van \u00e1tj\u00e1r\u00e1s, \u00e9s az esem\u00e9nyeket nem \u201cmindenki megszervezi mag\u00e1nak\u201d, hanem az \u00e9v \u00fcnnepk\u00f6r\u00e9t egy\u00fctt k\u00f6vetik le a telep\u00fcl\u00e9sek, \u00e1tl\u00e1togatnak egym\u00e1shoz a szomsz\u00e9dos falvakban \u00e9l\u0151k, \u00e9s t\u00e9rs\u00e9gi szint\u0171 kapcsolatok is m\u0171k\u00f6dnek a medenc\u00e9ben.<\/p>\n<p><img loading=\"lazy\" decoding=\"async\" class=\"size-full wp-image-7283 alignleft\" src=\"https:\/\/kofe.hu\/parola\/wp-content\/uploads\/2023\/04\/2023-1-7-1.png\" alt=\"\" width=\"465\" height=\"249\" srcset=\"https:\/\/kofe.hu\/parola\/wp-content\/uploads\/2023\/04\/2023-1-7-1.png 465w, https:\/\/kofe.hu\/parola\/wp-content\/uploads\/2023\/04\/2023-1-7-1-300x161.png 300w, https:\/\/kofe.hu\/parola\/wp-content\/uploads\/2023\/04\/2023-1-7-1-10x5.png 10w\" sizes=\"auto, (max-width: 465px) 100vw, 465px\" \/><\/p>\n<p>Aj\u00e1nlom a lapot mindazoknak, akik egy igaz\u00e1n egyedi helyi sajt\u00f3term\u00e9ket szeretn\u00e9nek megismerni, mind a K\u00e1li-medence k\u00f6z\u00e9lete ir\u00e1nt \u00e9rdekl\u0151d\u0151knek, mert az arch\u00edv p\u00e9ld\u00e1nyok \u00e1ttekint\u00e9se sz\u00e9p k\u00e9pet rajzol a v\u00e1ltoz\u00e1sokr\u00f3l \u00e9s azokr\u00f3l a k\u00e9rd\u00e9sekr\u0151l, melyek a helyben \u00e9l\u0151ket id\u0151r\u0151l-id\u0151re foglalkoztatt\u00e1k.<\/p>\n<p>A cikkben haszn\u00e1lt k\u00e9pek a K\u00e1li H\u00edrad\u00f3 2022-es \u00e9s 2021-es \u00e9s 2019-es lapsz\u00e1maib\u00f3l ker\u00fcltek kiemel\u00e9sre, azok Somogyi Gy\u0151z\u0151 munk\u00e1i.<\/p>\n<p>&nbsp;<\/p>\n<p><strong>Szerz\u0151:<\/strong><\/p>\n<p><strong><img loading=\"lazy\" decoding=\"async\" class=\"alignright size-full wp-image-6668\" src=\"https:\/\/kofe.hu\/parola\/wp-content\/uploads\/2022\/04\/2022-1-2-7.jpg\" alt=\"\" width=\"150\" height=\"150\" srcset=\"https:\/\/kofe.hu\/parola\/wp-content\/uploads\/2022\/04\/2022-1-2-7.jpg 150w, https:\/\/kofe.hu\/parola\/wp-content\/uploads\/2022\/04\/2022-1-2-7-10x10.jpg 10w\" sizes=\"auto, (max-width: 150px) 100vw, 150px\" \/>Hern\u00e1di Anna Borb\u00e1la<\/strong>\u00a0andrag\u00f3gus, leend\u0151 hum\u00e1n\u00f6kol\u00f3gus, 2018 \u00f3ta a K\u00f3spallagi (\u00f6ko)T\u00e1jh\u00e1z Projekt \u00f6nk\u00e9ntese, 2020 \u00f3ta a K\u00d6FE tagja. C\u00e9lja min\u00e9l jobban ismerni \u00e9s \u00e9rteni a magyarorsz\u00e1gi kistelep\u00fcl\u00e9sek vil\u00e1g\u00e1t, egy nap pedig ebben a k\u00f6rnyezetben tev\u00e9kenykedni. Az ELTE Hum\u00e1n\u00f6kol\u00f3gia mesterszakos hallgat\u00f3jak\u00e9nt\u00a0\u00daNKP \u00f6szt\u00f6nd\u00edjban r\u00e9szes\u00fclt, \u00e9s a Kistelep\u00fcl\u00e9si k\u00f6zm\u0171vel\u0151d\u00e9si int\u00e9zm\u00e9nyek \u00e9s az \u00f6ko-lokalizmus kapcsolat\u00e1t kutatta.<\/p>\n<p>&nbsp;<\/p>\n<p>&nbsp;<\/p>\n","protected":false},"excerpt":{"rendered":"<p>A helyi nyilv\u00e1noss\u00e1ggal foglalkoz\u00f3 sz\u00e1munkban t\u00f6bb helyi, k\u00f6z\u00f6ss\u00e9gi alapon m\u0171k\u00f6d\u0151 sajt\u00f3term\u00e9ket mutatunk be, \u00edgy felt\u00e9tlen fontosnak tartottam h\u00edrt adni arr\u00f3l, hogy a K\u00e1li-medenc\u00e9ben Somogyi Gy\u0151z\u0151 Kossuth-d\u00edjas lek\u00f6lt\u00f6z\u00f6tt grafikus \u00edr, szerkeszt \u00e9s rajzol saj\u00e1t kez\u00e9vel \u00fajs\u00e1got, mely a helyben aktu\u00e1lis h\u00edrekr\u0151l tud\u00f3s\u00edt m\u00e1r t\u00f6bb \u00e9vtizede igaz\u00e1n egyed\u00fcl\u00e1ll\u00f3 form\u00e1ban.<\/p>\n","protected":false},"author":546,"featured_media":7282,"comment_status":"open","ping_status":"open","sticky":false,"template":"","format":"standard","meta":{"_acf_changed":false,"footnotes":""},"categories":[1143,8,7],"tags":[1173,1170,1172,1171],"coauthors":[769],"class_list":["post-7280","post","type-post","status-publish","format-standard","has-post-thumbnail","hentry","category-parola-2023-1","category-parola-folyoirat","category-repertorium","tag-kali-arckepcsarnok","tag-kali-hirado","tag-kali-medence-kornyezetvedelmi-tarsasag","tag-somogyi-gyozo"],"acf":[],"yoast_head":"<!-- This site is optimized with the Yoast SEO plugin v26.7 - https:\/\/yoast.com\/wordpress\/plugins\/seo\/ -->\n<title>K\u00e1li H\u00edrad\u00f3 - egy k\u00e9zzel \u00edrott t\u00e9rs\u00e9gi \u00fajs\u00e1g - Parola Foly\u00f3irat<\/title>\n<meta name=\"robots\" content=\"index, follow, max-snippet:-1, max-image-preview:large, max-video-preview:-1\" \/>\n<link rel=\"canonical\" href=\"https:\/\/kofe.hu\/parola\/parola-folyoirat\/kali-hirado-egy-kezzel-irott-tersegi-ujsag\/\" \/>\n<meta property=\"og:locale\" content=\"hu_HU\" \/>\n<meta property=\"og:type\" content=\"article\" \/>\n<meta property=\"og:title\" content=\"K\u00e1li H\u00edrad\u00f3 - egy k\u00e9zzel \u00edrott t\u00e9rs\u00e9gi \u00fajs\u00e1g - Parola Foly\u00f3irat\" \/>\n<meta property=\"og:description\" content=\"A helyi nyilv\u00e1noss\u00e1ggal foglalkoz\u00f3 sz\u00e1munkban t\u00f6bb helyi, k\u00f6z\u00f6ss\u00e9gi alapon m\u0171k\u00f6d\u0151 sajt\u00f3term\u00e9ket mutatunk be, \u00edgy felt\u00e9tlen fontosnak tartottam h\u00edrt adni arr\u00f3l, hogy a K\u00e1li-medenc\u00e9ben Somogyi Gy\u0151z\u0151 Kossuth-d\u00edjas lek\u00f6lt\u00f6z\u00f6tt grafikus \u00edr, szerkeszt \u00e9s rajzol saj\u00e1t kez\u00e9vel \u00fajs\u00e1got, mely a helyben aktu\u00e1lis h\u00edrekr\u0151l tud\u00f3s\u00edt m\u00e1r t\u00f6bb \u00e9vtizede igaz\u00e1n egyed\u00fcl\u00e1ll\u00f3 form\u00e1ban.\" \/>\n<meta property=\"og:url\" content=\"https:\/\/kofe.hu\/parola\/parola-folyoirat\/kali-hirado-egy-kezzel-irott-tersegi-ujsag\/\" \/>\n<meta property=\"og:site_name\" content=\"Parola Foly\u00f3irat\" \/>\n<meta property=\"article:published_time\" content=\"2023-04-01T08:40:53+00:00\" \/>\n<meta property=\"article:modified_time\" content=\"2023-04-01T08:43:26+00:00\" \/>\n<meta property=\"og:image\" content=\"https:\/\/kofe.hu\/parola\/wp-content\/uploads\/2023\/04\/2023-1-7-1.jpeg\" \/>\n\t<meta property=\"og:image:width\" content=\"700\" \/>\n\t<meta property=\"og:image:height\" content=\"501\" \/>\n\t<meta property=\"og:image:type\" content=\"image\/jpeg\" \/>\n<meta name=\"author\" content=\"Hern\u00e1di Anna Borb\u00e1la\" \/>\n<meta name=\"twitter:card\" content=\"summary_large_image\" \/>\n<meta name=\"twitter:label1\" content=\"Szerz\u0151:\" \/>\n\t<meta name=\"twitter:data1\" content=\"Hern\u00e1di Anna Borb\u00e1la\" \/>\n\t<meta name=\"twitter:label2\" content=\"Becs\u00fclt olvas\u00e1si id\u0151\" \/>\n\t<meta name=\"twitter:data2\" content=\"3 perc\" \/>\n\t<meta name=\"twitter:label3\" content=\"Written by\" \/>\n\t<meta name=\"twitter:data3\" content=\"Hern\u00e1di Anna Borb\u00e1la\" \/>\n<script type=\"application\/ld+json\" class=\"yoast-schema-graph\">{\"@context\":\"https:\/\/schema.org\",\"@graph\":[{\"@type\":\"Article\",\"@id\":\"https:\/\/kofe.hu\/parola\/parola-folyoirat\/kali-hirado-egy-kezzel-irott-tersegi-ujsag\/#article\",\"isPartOf\":{\"@id\":\"https:\/\/kofe.hu\/parola\/parola-folyoirat\/kali-hirado-egy-kezzel-irott-tersegi-ujsag\/\"},\"author\":{\"name\":\"Hern\u00e1di Anna Borb\u00e1la\",\"@id\":\"https:\/\/kofe.hu\/parola\/#\/schema\/person\/3dede537b706d1743b1374bab8b12c27\"},\"headline\":\"K\u00e1li H\u00edrad\u00f3 &#8211; egy k\u00e9zzel \u00edrott t\u00e9rs\u00e9gi \u00fajs\u00e1g\",\"datePublished\":\"2023-04-01T08:40:53+00:00\",\"dateModified\":\"2023-04-01T08:43:26+00:00\",\"mainEntityOfPage\":{\"@id\":\"https:\/\/kofe.hu\/parola\/parola-folyoirat\/kali-hirado-egy-kezzel-irott-tersegi-ujsag\/\"},\"wordCount\":705,\"commentCount\":0,\"image\":{\"@id\":\"https:\/\/kofe.hu\/parola\/parola-folyoirat\/kali-hirado-egy-kezzel-irott-tersegi-ujsag\/#primaryimage\"},\"thumbnailUrl\":\"https:\/\/kofe.hu\/parola\/wp-content\/uploads\/2023\/04\/2023-1-7-1.jpeg\",\"keywords\":[\"K\u00e1li Arck\u00e9pcsarnok\",\"K\u00e1li H\u00edrad\u00f3\",\"K\u00e1li-Medence K\u00f6rnyezetv\u00e9delmi T\u00e1rsas\u00e1g\",\"Somogyi Gy\u0151z\u0151\"],\"articleSection\":[\"Parola 2023\/1\",\"Parola Foly\u00f3irat\",\"Repert\u00f3rium\"],\"inLanguage\":\"hu\",\"potentialAction\":[{\"@type\":\"CommentAction\",\"name\":\"Comment\",\"target\":[\"https:\/\/kofe.hu\/parola\/parola-folyoirat\/kali-hirado-egy-kezzel-irott-tersegi-ujsag\/#respond\"]}]},{\"@type\":\"WebPage\",\"@id\":\"https:\/\/kofe.hu\/parola\/parola-folyoirat\/kali-hirado-egy-kezzel-irott-tersegi-ujsag\/\",\"url\":\"https:\/\/kofe.hu\/parola\/parola-folyoirat\/kali-hirado-egy-kezzel-irott-tersegi-ujsag\/\",\"name\":\"K\u00e1li H\u00edrad\u00f3 - egy k\u00e9zzel \u00edrott t\u00e9rs\u00e9gi \u00fajs\u00e1g - Parola Foly\u00f3irat\",\"isPartOf\":{\"@id\":\"https:\/\/kofe.hu\/parola\/#website\"},\"primaryImageOfPage\":{\"@id\":\"https:\/\/kofe.hu\/parola\/parola-folyoirat\/kali-hirado-egy-kezzel-irott-tersegi-ujsag\/#primaryimage\"},\"image\":{\"@id\":\"https:\/\/kofe.hu\/parola\/parola-folyoirat\/kali-hirado-egy-kezzel-irott-tersegi-ujsag\/#primaryimage\"},\"thumbnailUrl\":\"https:\/\/kofe.hu\/parola\/wp-content\/uploads\/2023\/04\/2023-1-7-1.jpeg\",\"datePublished\":\"2023-04-01T08:40:53+00:00\",\"dateModified\":\"2023-04-01T08:43:26+00:00\",\"author\":{\"@id\":\"https:\/\/kofe.hu\/parola\/#\/schema\/person\/3dede537b706d1743b1374bab8b12c27\"},\"breadcrumb\":{\"@id\":\"https:\/\/kofe.hu\/parola\/parola-folyoirat\/kali-hirado-egy-kezzel-irott-tersegi-ujsag\/#breadcrumb\"},\"inLanguage\":\"hu\",\"potentialAction\":[{\"@type\":\"ReadAction\",\"target\":[\"https:\/\/kofe.hu\/parola\/parola-folyoirat\/kali-hirado-egy-kezzel-irott-tersegi-ujsag\/\"]}]},{\"@type\":\"ImageObject\",\"inLanguage\":\"hu\",\"@id\":\"https:\/\/kofe.hu\/parola\/parola-folyoirat\/kali-hirado-egy-kezzel-irott-tersegi-ujsag\/#primaryimage\",\"url\":\"https:\/\/kofe.hu\/parola\/wp-content\/uploads\/2023\/04\/2023-1-7-1.jpeg\",\"contentUrl\":\"https:\/\/kofe.hu\/parola\/wp-content\/uploads\/2023\/04\/2023-1-7-1.jpeg\",\"width\":700,\"height\":501},{\"@type\":\"BreadcrumbList\",\"@id\":\"https:\/\/kofe.hu\/parola\/parola-folyoirat\/kali-hirado-egy-kezzel-irott-tersegi-ujsag\/#breadcrumb\",\"itemListElement\":[{\"@type\":\"ListItem\",\"position\":1,\"name\":\"Home\",\"item\":\"https:\/\/kofe.hu\/parola\/\"},{\"@type\":\"ListItem\",\"position\":2,\"name\":\"K\u00e1li H\u00edrad\u00f3 &#8211; egy k\u00e9zzel \u00edrott t\u00e9rs\u00e9gi \u00fajs\u00e1g\"}]},{\"@type\":\"WebSite\",\"@id\":\"https:\/\/kofe.hu\/parola\/#website\",\"url\":\"https:\/\/kofe.hu\/parola\/\",\"name\":\"Parola Foly\u00f3irat\",\"description\":\"\",\"potentialAction\":[{\"@type\":\"SearchAction\",\"target\":{\"@type\":\"EntryPoint\",\"urlTemplate\":\"https:\/\/kofe.hu\/parola\/?s={search_term_string}\"},\"query-input\":{\"@type\":\"PropertyValueSpecification\",\"valueRequired\":true,\"valueName\":\"search_term_string\"}}],\"inLanguage\":\"hu\"},{\"@type\":\"Person\",\"@id\":\"https:\/\/kofe.hu\/parola\/#\/schema\/person\/3dede537b706d1743b1374bab8b12c27\",\"name\":\"Hern\u00e1di Anna Borb\u00e1la\",\"image\":{\"@type\":\"ImageObject\",\"inLanguage\":\"hu\",\"@id\":\"https:\/\/kofe.hu\/parola\/#\/schema\/person\/image\/4946219ea3d492d68a6ea7819b3ed15c\",\"url\":\"https:\/\/secure.gravatar.com\/avatar\/3b2cbd2ba332abfd115f553e28a5128ebf6798e4f9dce2429e53944976781742?s=96&d=mm&r=g\",\"contentUrl\":\"https:\/\/secure.gravatar.com\/avatar\/3b2cbd2ba332abfd115f553e28a5128ebf6798e4f9dce2429e53944976781742?s=96&d=mm&r=g\",\"caption\":\"Hern\u00e1di Anna Borb\u00e1la\"},\"url\":\"https:\/\/kofe.hu\/parola\/szerzok\/hernadi-anna-borbala\/\"}]}<\/script>\n<!-- \/ Yoast SEO plugin. -->","yoast_head_json":{"title":"K\u00e1li H\u00edrad\u00f3 - egy k\u00e9zzel \u00edrott t\u00e9rs\u00e9gi \u00fajs\u00e1g - Parola Foly\u00f3irat","robots":{"index":"index","follow":"follow","max-snippet":"max-snippet:-1","max-image-preview":"max-image-preview:large","max-video-preview":"max-video-preview:-1"},"canonical":"https:\/\/kofe.hu\/parola\/parola-folyoirat\/kali-hirado-egy-kezzel-irott-tersegi-ujsag\/","og_locale":"hu_HU","og_type":"article","og_title":"K\u00e1li H\u00edrad\u00f3 - egy k\u00e9zzel \u00edrott t\u00e9rs\u00e9gi \u00fajs\u00e1g - Parola Foly\u00f3irat","og_description":"A helyi nyilv\u00e1noss\u00e1ggal foglalkoz\u00f3 sz\u00e1munkban t\u00f6bb helyi, k\u00f6z\u00f6ss\u00e9gi alapon m\u0171k\u00f6d\u0151 sajt\u00f3term\u00e9ket mutatunk be, \u00edgy felt\u00e9tlen fontosnak tartottam h\u00edrt adni arr\u00f3l, hogy a K\u00e1li-medenc\u00e9ben Somogyi Gy\u0151z\u0151 Kossuth-d\u00edjas lek\u00f6lt\u00f6z\u00f6tt grafikus \u00edr, szerkeszt \u00e9s rajzol saj\u00e1t kez\u00e9vel \u00fajs\u00e1got, mely a helyben aktu\u00e1lis h\u00edrekr\u0151l tud\u00f3s\u00edt m\u00e1r t\u00f6bb \u00e9vtizede igaz\u00e1n egyed\u00fcl\u00e1ll\u00f3 form\u00e1ban.","og_url":"https:\/\/kofe.hu\/parola\/parola-folyoirat\/kali-hirado-egy-kezzel-irott-tersegi-ujsag\/","og_site_name":"Parola Foly\u00f3irat","article_published_time":"2023-04-01T08:40:53+00:00","article_modified_time":"2023-04-01T08:43:26+00:00","og_image":[{"width":700,"height":501,"url":"https:\/\/kofe.hu\/parola\/wp-content\/uploads\/2023\/04\/2023-1-7-1.jpeg","type":"image\/jpeg"}],"author":"Hern\u00e1di Anna Borb\u00e1la","twitter_card":"summary_large_image","twitter_misc":{"Szerz\u0151:":"Hern\u00e1di Anna Borb\u00e1la","Becs\u00fclt olvas\u00e1si id\u0151":"3 perc","Written by":"Hern\u00e1di Anna Borb\u00e1la"},"schema":{"@context":"https:\/\/schema.org","@graph":[{"@type":"Article","@id":"https:\/\/kofe.hu\/parola\/parola-folyoirat\/kali-hirado-egy-kezzel-irott-tersegi-ujsag\/#article","isPartOf":{"@id":"https:\/\/kofe.hu\/parola\/parola-folyoirat\/kali-hirado-egy-kezzel-irott-tersegi-ujsag\/"},"author":{"name":"Hern\u00e1di Anna Borb\u00e1la","@id":"https:\/\/kofe.hu\/parola\/#\/schema\/person\/3dede537b706d1743b1374bab8b12c27"},"headline":"K\u00e1li H\u00edrad\u00f3 &#8211; egy k\u00e9zzel \u00edrott t\u00e9rs\u00e9gi \u00fajs\u00e1g","datePublished":"2023-04-01T08:40:53+00:00","dateModified":"2023-04-01T08:43:26+00:00","mainEntityOfPage":{"@id":"https:\/\/kofe.hu\/parola\/parola-folyoirat\/kali-hirado-egy-kezzel-irott-tersegi-ujsag\/"},"wordCount":705,"commentCount":0,"image":{"@id":"https:\/\/kofe.hu\/parola\/parola-folyoirat\/kali-hirado-egy-kezzel-irott-tersegi-ujsag\/#primaryimage"},"thumbnailUrl":"https:\/\/kofe.hu\/parola\/wp-content\/uploads\/2023\/04\/2023-1-7-1.jpeg","keywords":["K\u00e1li Arck\u00e9pcsarnok","K\u00e1li H\u00edrad\u00f3","K\u00e1li-Medence K\u00f6rnyezetv\u00e9delmi T\u00e1rsas\u00e1g","Somogyi Gy\u0151z\u0151"],"articleSection":["Parola 2023\/1","Parola Foly\u00f3irat","Repert\u00f3rium"],"inLanguage":"hu","potentialAction":[{"@type":"CommentAction","name":"Comment","target":["https:\/\/kofe.hu\/parola\/parola-folyoirat\/kali-hirado-egy-kezzel-irott-tersegi-ujsag\/#respond"]}]},{"@type":"WebPage","@id":"https:\/\/kofe.hu\/parola\/parola-folyoirat\/kali-hirado-egy-kezzel-irott-tersegi-ujsag\/","url":"https:\/\/kofe.hu\/parola\/parola-folyoirat\/kali-hirado-egy-kezzel-irott-tersegi-ujsag\/","name":"K\u00e1li H\u00edrad\u00f3 - egy k\u00e9zzel \u00edrott t\u00e9rs\u00e9gi \u00fajs\u00e1g - Parola Foly\u00f3irat","isPartOf":{"@id":"https:\/\/kofe.hu\/parola\/#website"},"primaryImageOfPage":{"@id":"https:\/\/kofe.hu\/parola\/parola-folyoirat\/kali-hirado-egy-kezzel-irott-tersegi-ujsag\/#primaryimage"},"image":{"@id":"https:\/\/kofe.hu\/parola\/parola-folyoirat\/kali-hirado-egy-kezzel-irott-tersegi-ujsag\/#primaryimage"},"thumbnailUrl":"https:\/\/kofe.hu\/parola\/wp-content\/uploads\/2023\/04\/2023-1-7-1.jpeg","datePublished":"2023-04-01T08:40:53+00:00","dateModified":"2023-04-01T08:43:26+00:00","author":{"@id":"https:\/\/kofe.hu\/parola\/#\/schema\/person\/3dede537b706d1743b1374bab8b12c27"},"breadcrumb":{"@id":"https:\/\/kofe.hu\/parola\/parola-folyoirat\/kali-hirado-egy-kezzel-irott-tersegi-ujsag\/#breadcrumb"},"inLanguage":"hu","potentialAction":[{"@type":"ReadAction","target":["https:\/\/kofe.hu\/parola\/parola-folyoirat\/kali-hirado-egy-kezzel-irott-tersegi-ujsag\/"]}]},{"@type":"ImageObject","inLanguage":"hu","@id":"https:\/\/kofe.hu\/parola\/parola-folyoirat\/kali-hirado-egy-kezzel-irott-tersegi-ujsag\/#primaryimage","url":"https:\/\/kofe.hu\/parola\/wp-content\/uploads\/2023\/04\/2023-1-7-1.jpeg","contentUrl":"https:\/\/kofe.hu\/parola\/wp-content\/uploads\/2023\/04\/2023-1-7-1.jpeg","width":700,"height":501},{"@type":"BreadcrumbList","@id":"https:\/\/kofe.hu\/parola\/parola-folyoirat\/kali-hirado-egy-kezzel-irott-tersegi-ujsag\/#breadcrumb","itemListElement":[{"@type":"ListItem","position":1,"name":"Home","item":"https:\/\/kofe.hu\/parola\/"},{"@type":"ListItem","position":2,"name":"K\u00e1li H\u00edrad\u00f3 &#8211; egy k\u00e9zzel \u00edrott t\u00e9rs\u00e9gi \u00fajs\u00e1g"}]},{"@type":"WebSite","@id":"https:\/\/kofe.hu\/parola\/#website","url":"https:\/\/kofe.hu\/parola\/","name":"Parola Foly\u00f3irat","description":"","potentialAction":[{"@type":"SearchAction","target":{"@type":"EntryPoint","urlTemplate":"https:\/\/kofe.hu\/parola\/?s={search_term_string}"},"query-input":{"@type":"PropertyValueSpecification","valueRequired":true,"valueName":"search_term_string"}}],"inLanguage":"hu"},{"@type":"Person","@id":"https:\/\/kofe.hu\/parola\/#\/schema\/person\/3dede537b706d1743b1374bab8b12c27","name":"Hern\u00e1di Anna Borb\u00e1la","image":{"@type":"ImageObject","inLanguage":"hu","@id":"https:\/\/kofe.hu\/parola\/#\/schema\/person\/image\/4946219ea3d492d68a6ea7819b3ed15c","url":"https:\/\/secure.gravatar.com\/avatar\/3b2cbd2ba332abfd115f553e28a5128ebf6798e4f9dce2429e53944976781742?s=96&d=mm&r=g","contentUrl":"https:\/\/secure.gravatar.com\/avatar\/3b2cbd2ba332abfd115f553e28a5128ebf6798e4f9dce2429e53944976781742?s=96&d=mm&r=g","caption":"Hern\u00e1di Anna Borb\u00e1la"},"url":"https:\/\/kofe.hu\/parola\/szerzok\/hernadi-anna-borbala\/"}]}},"_links":{"self":[{"href":"https:\/\/kofe.hu\/parola\/wp-json\/wp\/v2\/posts\/7280","targetHints":{"allow":["GET"]}}],"collection":[{"href":"https:\/\/kofe.hu\/parola\/wp-json\/wp\/v2\/posts"}],"about":[{"href":"https:\/\/kofe.hu\/parola\/wp-json\/wp\/v2\/types\/post"}],"author":[{"embeddable":true,"href":"https:\/\/kofe.hu\/parola\/wp-json\/wp\/v2\/users\/546"}],"replies":[{"embeddable":true,"href":"https:\/\/kofe.hu\/parola\/wp-json\/wp\/v2\/comments?post=7280"}],"version-history":[{"count":5,"href":"https:\/\/kofe.hu\/parola\/wp-json\/wp\/v2\/posts\/7280\/revisions"}],"predecessor-version":[{"id":7290,"href":"https:\/\/kofe.hu\/parola\/wp-json\/wp\/v2\/posts\/7280\/revisions\/7290"}],"wp:featuredmedia":[{"embeddable":true,"href":"https:\/\/kofe.hu\/parola\/wp-json\/wp\/v2\/media\/7282"}],"wp:attachment":[{"href":"https:\/\/kofe.hu\/parola\/wp-json\/wp\/v2\/media?parent=7280"}],"wp:term":[{"taxonomy":"category","embeddable":true,"href":"https:\/\/kofe.hu\/parola\/wp-json\/wp\/v2\/categories?post=7280"},{"taxonomy":"post_tag","embeddable":true,"href":"https:\/\/kofe.hu\/parola\/wp-json\/wp\/v2\/tags?post=7280"},{"taxonomy":"author","embeddable":true,"href":"https:\/\/kofe.hu\/parola\/wp-json\/wp\/v2\/coauthors?post=7280"}],"curies":[{"name":"wp","href":"https:\/\/api.w.org\/{rel}","templated":true}]}}