{"id":7168,"date":"2023-03-31T10:10:21","date_gmt":"2023-03-31T10:10:21","guid":{"rendered":"https:\/\/kofe.hu\/parola\/?p=7168"},"modified":"2023-04-05T08:52:40","modified_gmt":"2023-04-05T08:52:40","slug":"a-haz-a-kunbabonyi-kozossegi-haz-es-kepzesi-kozpont-letrehozasa-mukodtetese-es-folyamatos-megujitasanak-kozossegi-tortenete","status":"publish","type":"post","link":"https:\/\/kofe.hu\/parola\/parola-folyoirat\/a-haz-a-kunbabonyi-kozossegi-haz-es-kepzesi-kozpont-letrehozasa-mukodtetese-es-folyamatos-megujitasanak-kozossegi-tortenete\/","title":{"rendered":"A H\u00c1Z &#8211; A Kunb\u00e1bonyi K\u00f6z\u00f6ss\u00e9gi H\u00e1z \u00e9s K\u00e9pz\u00e9si K\u00f6zpont l\u00e9trehoz\u00e1sa, m\u0171k\u00f6dtet\u00e9se \u00e9s folyamatos meg\u00faj\u00edt\u00e1s\u00e1nak k\u00f6z\u00f6ss\u00e9gi t\u00f6rt\u00e9nete"},"content":{"rendered":"<p><strong>Arra gondoltunk Zsuzs\u00e1val, hogy egyszer v\u00e9gre meg kell \u00edrnunk a kunb\u00e1bonyi K\u00f6z\u00f6ss\u00e9gi H\u00e1z \u00e9s K\u00e9pz\u00e9si K\u00f6zpont k\u00f6z\u00f6ss\u00e9gi t\u00f6rt\u00e9net\u00e9t, azt, amelyik nem a k\u00f6z\u00f6ss\u00e9gi munka k\u00e9pz\u00e9seir\u0151l \u00e9s programokr\u00f3l, szakmafejleszt\u00e9sr\u0151l sz\u00f3l, hanem az ezek megval\u00f3sul\u00e1s\u00e1t lehet\u0151v\u00e9 tev\u0151 k\u00f6rnyezet fizikai kialak\u00edt\u00e1s\u00e1r\u00f3l, fenntart\u00e1s\u00e1r\u00f3l \u00e9s fejl\u0151d\u00e9s\u00e9r\u0151l gondoskod\u00f3 <em>emberekr\u0151l<\/em>. <\/strong><!--more--><\/p>\n<p>Aki el\u0151sz\u00f6r j\u00e1r Kunb\u00e1bonyban, annak minden mag\u00e1t\u00f3l \u00e9rtet\u0151d\u0151, jelenbeli adotts\u00e1g \u2013 sokunknak viszont fejl\u0151d\u00e9st\u00f6rt\u00e9net is. Ir\u00e1ny\u00edtsuk most teh\u00e1t figyelm\u00fcnket a k\u00f6rnyezetet alak\u00edt\u00f3 emberekre. Nem az alap\u00edt\u00f3 szem\u00e9lyekre, a programvezet\u0151kre, az innov\u00e1torokra gondolunk most els\u0151sorban \u2013 az \u0151 munk\u00e1ss\u00e1guk m\u00e1r ismert \u00e9s publik\u00e1lt \u2013, hanem azokra, akik az \u0151 elk\u00e9pzel\u00e9seiket meg is val\u00f3s\u00edtott\u00e1k, mik\u00f6zben nem egyszer maguk is kezdem\u00e9nyez\u0151kk\u00e9 v\u00e1ltak. Megihlette \u0151ket a hely szelleme, a H\u00e1zban, a Parkban, a Kertben s\u00fcrg\u00f6l\u0151d\u0151 emberek v\u00e9lem\u00e9nye, szolg\u00e1latk\u00e9szs\u00e9ge, akik nem egyszer be is sz\u00e1lltak egy-egy munkafeladat megval\u00f3s\u00edt\u00e1s\u00e1ba. Mindny\u00e1junkat, ak\u00e1rhanyadszor is vagyunk Kunb\u00e1bonyban, mindig mag\u00e1val ragad az a k\u00f6z\u00f6ss\u00e9gis\u00e9g, ami ezt a helyet jellemzi.<\/p>\n<p>K\u00f6vetkezz\u00e9k most kett\u0151nk visszaeml\u00e9kez\u00e9se!<\/p>\n<p><img loading=\"lazy\" decoding=\"async\" class=\"aligncenter wp-image-7181 size-full\" src=\"https:\/\/kofe.hu\/parola\/wp-content\/uploads\/2023\/03\/20231_17-8.jpg\" alt=\"\" width=\"700\" height=\"525\" srcset=\"https:\/\/kofe.hu\/parola\/wp-content\/uploads\/2023\/03\/20231_17-8.jpg 700w, https:\/\/kofe.hu\/parola\/wp-content\/uploads\/2023\/03\/20231_17-8-300x225.jpg 300w, https:\/\/kofe.hu\/parola\/wp-content\/uploads\/2023\/03\/20231_17-8-10x8.jpg 10w\" sizes=\"auto, (max-width: 700px) 100vw, 700px\" \/><\/p>\n<p><em>Vercseg Ilona:<\/em><\/p>\n<p>Sattler Anna bar\u00e1tn\u0151nk \u00edgy eml\u00e9kezett meg Tam\u00e1sr\u00f3l \u2013 <strong>Varga A. Tam\u00e1s<\/strong> \u2013, kinek makacs elsz\u00e1nts\u00e1g\u00e1nak k\u00f6sz\u00f6nhet\u0151, hogy l\u00e9tre tudtuk hozni \u00e9s m\u0171k\u00f6dtetni vagyunk k\u00e9pesek ezt a H\u00e1zat \u00e9s k\u00f6rnyezet\u00e9t. Ancsa \u00edgy gondolt r\u00e1 az \u0150 eml\u00e9k\u00e9re rendezett konferenci\u00e1n, 2002. szeptember 5-\u00e9n Kunb\u00e1bonyban: <em>\u201eLondonban, a Szent P\u00e1l-sz\u00e9kesegyh\u00e1zban van Cristopher Wren eltemetve. \u0150 az, aki a templomot tervezte, \u00e9s a s\u00edrj\u00e1n a saj\u00e1t maga \u00e1ltal k\u00e9sz\u00edtett felirat azt mondja, hogy aki meg akar engem ismerni, az n\u00e9zzen itt k\u00f6r\u00fcl! <\/em><\/p>\n<p><em>Ez jutott nekem most eszembe. Egyr\u00e9szt a ti k\u00f6z\u00f6ss\u00e9getekben kell k\u00f6r\u00fcln\u00e9zni, ha meg akarjuk Tam\u00e1st ismerni, m\u00e1sr\u00e9szt itt, Kunb\u00e1bonyban. \u00c9n, aki sokat j\u00e1rtam itt m\u00e1r mindenf\u00e9le alkalommal \u2013 ez alatt a k\u00e9t nap alatt az id\u0151j\u00e1r\u00e1s is nagyon vel\u00fcnk volt \u2013, ilyen sz\u00e9pnek \u00e9s ilyen harmonikusnak nem l\u00e1ttam m\u00e9g ezt a helyet. \u00c9s t\u00e9nyleg, ahogy mondj\u00e1tok, a h\u00e1znak minden szeglet\u00e9ben ott l\u00e1tom a Tam\u00e1s gondoskod\u00f3 keze nyom\u00e1t.\u201d<\/em><\/p>\n<p>Mit v\u00e9gzett Tam\u00e1s \u00e9s az ut\u00e1na j\u00f6v\u0151k gondoskod\u00f3 keze? A b\u00fatorokt\u00f3l az \u00e1gynem\u0171ig, az ev\u0151eszk\u00f6z\u00f6kt\u0151l a f\u0171t\u0151testekig \u00e9s kedvez\u0151 \u00e1ron beszerezhet\u0151 \u00e9p\u00edt\u0151anyagokig szinte mindent a k\u00f6z\u00f6ss\u00e9gfejleszt\u00e9st akkoriban kezdem\u00e9nyez\u0151, <strong>Koll\u00e9gium<\/strong>nak nevezett orsz\u00e1gos test\u00fclete adott \u00f6ssze \u00e9s int\u00e9zett \u2013 k\u00f6z\u00fcl\u00fck <strong>Kecskem\u00e9thyn\u00e9 Sedivi Lill\u00e1ra, Keresztesi J\u00f3sk\u00e1ra, Markolt (Endre) Bandira \u00e9s P\u00e9terfi Ferire <\/strong>eml\u00e9kszem k\u00fcl\u00f6n\u00f6sebben \u2013 m\u00e1rmint Kunb\u00e1bony vonatkoz\u00e1s\u00e1ban, mert egy\u00e9bk\u00e9nt sz\u00e1mos m\u00e1s \u00fcgyben is egy\u00fctt dolgozunk. K\u00f6zben folyamatosan zajlott a t\u00e1mogat\u00e1sok szervez\u00e9se, melyben <strong>Huszerl J\u00f3ska<\/strong> \u00e9s j\u00f3magam j\u00e1rtunk \u00e9len.<\/p>\n<p><img loading=\"lazy\" decoding=\"async\" class=\"aligncenter wp-image-7178 size-full\" src=\"https:\/\/kofe.hu\/parola\/wp-content\/uploads\/2023\/03\/20231_17-6.jpg\" alt=\"\" width=\"700\" height=\"525\" srcset=\"https:\/\/kofe.hu\/parola\/wp-content\/uploads\/2023\/03\/20231_17-6.jpg 700w, https:\/\/kofe.hu\/parola\/wp-content\/uploads\/2023\/03\/20231_17-6-300x225.jpg 300w, https:\/\/kofe.hu\/parola\/wp-content\/uploads\/2023\/03\/20231_17-6-10x8.jpg 10w\" sizes=\"auto, (max-width: 700px) 100vw, 700px\" \/><\/p>\n<p>Az egykori elemi iskol\u00e1ra <strong>Poly\u00e1k Albert<\/strong> tiszak\u00e9cskei, Kecskem\u00e9ten dolgoz\u00f3 n\u00e9pm\u0171vel\u0151 bar\u00e1tunk h\u00edvta fel Tam\u00e1s figyelm\u00e9t. A <strong>M\u00f3zes Ern\u0151<\/strong>-vezette Kunszentmikl\u00f3si \u00d6nkorm\u00e1nyzat eladn\u00e1 nek\u00fcnk a h\u00e1zat, ha az k\u00f6z\u00f6ss\u00e9gi c\u00e9lok megval\u00f3sul\u00e1s\u00e1t szolg\u00e1ln\u00e1 tov\u00e1bbra is \u00e9s a helyi emberek is haszn\u00e1lhatn\u00e1k \u2013 mondta Berci. \u201eH\u00e1zt\u0171zn\u00e9z\u0151\u201d \u00e9s t\u00e1rgyal\u00e1sok ut\u00e1n megsz\u00fcletett az egyezs\u00e9g \u00e9s megsz\u00fcletett a Civil Koll\u00e9gium Alap\u00edtv\u00e1ny Tam\u00e1s, J\u00f3ska \u00e9s Feri b\u00e1b\u00e1skod\u00e1s\u00e1val.<\/p>\n<p>A mai \u00e9p\u00fcletet <strong>Csernyus L\u0151rinc<\/strong> \u00e9p\u00edt\u00e9sz tervezte, Tam\u00e1s \u00fatmutat\u00e1sait vegy\u00edtve saj\u00e1t elk\u00e9pzel\u00e9seivel. Tam\u00e1s addigra m\u00e1r kitanulta a \u201ekunb\u00e1bonyis\u00e1got\u201d a helyiek megismer\u00e9s\u00e9t\u0151l az avar kag\u00e1nig \u00e9s a helyben honos kemenc\u00e9kig. Nem akarta megv\u00e1ltoztatni az \u00e9p\u00fclet strukt\u00far\u00e1j\u00e1t (az\u00e9rt is h\u00edvjuk a szob\u00e1kba vezet\u0151 folyos\u00f3k bej\u00e1rat\u00e1t I. \u00e9s II. lak\u00e1snak, mert azok az egys\u00e9gek val\u00f3ban a tan\u00edt\u00f3k lak\u00e1sai voltak). Tam\u00e1s \u00e9s Menyus (Csernyus L\u0151rinc) moderniz\u00e1l\u00e1sban gondolkodott (foly\u00f3v\u00edz bevezet\u00e9se, f\u00fcrd\u0151szob\u00e1k kialak\u00edt\u00e1sa, g\u00e1zf\u0171t\u00e9s, \u00faj ny\u00edl\u00e1sz\u00e1r\u00f3k \u00e9s egy fedett k\u00fcls\u0151 folyos\u00f3\/torn\u00e1c meg\u00e9p\u00edt\u00e9se). Olyan moderniz\u00e1ci\u00f3ban gondolkodtak, amelyik megtartja \u00e9s tov\u00e1bb \u00e9lteti a hely szellem\u00e9t.<\/p>\n<p>A <strong>Kunszentmikl\u00f3si \u00d6nkorm\u00e1nyzat<\/strong> jelent\u0151s seg\u00edts\u00e9get ny\u00fajtott a fel\u00faj\u00edt\u00e1sban. A kivitelez\u00e9s <strong>Siroki S\u00e1ndor<\/strong> vezet\u00e9s\u00e9vel val\u00f3sult meg, aki akkoriban az \u00f6nkorm\u00e1nyzat kivitelez\u0151-karbantart\u00f3 kht-j\u00e1t vezette, s akivel nagyszer\u0171 volt egy\u00fcttm\u0171k\u00f6dni.<\/p>\n<p>A H\u00e1z elk\u00e9sz\u00fclt, a k\u00e9pz\u00e9sek 1997-ben megkezd\u0151dtek, de nem volt cseng\u0151, amely a parkban szertesz\u00e9t k\u00f3sz\u00e1l\u00f3 embereket munk\u00e1ra h\u00edvta volna. Cseng\u0151 ma sincs, mert <strong>Sebesty\u00e9n S\u00e1ndor<\/strong> szobr\u00e1szm\u0171v\u00e9sz bar\u00e1tunk szerint az t\u00fal rideg lett volna, \u0151 ink\u00e1bb egy harangot k\u00e9sz\u00edtett nek\u00fcnk 1999-ben, melyet az\u00f3ta is haszn\u00e1lunk, \u00e9s nagy becsben tartunk.<\/p>\n<p>Ekkort\u00e1jt ker\u00fclt sor a kunb\u00e1bonyi n\u00e9pi \u00e9p\u00edt\u00e9szetet is jelk\u00e9pez\u0151, de j\u00f3 szolg\u00e1latot is tev\u0151 <strong>kemence<\/strong> l\u00e9trehoz\u00e1s\u00e1ra is, amelyet egy kecskem\u00e9ti civil bar\u00e1tunk, <strong>T\u00f3th Istv\u00e1n<\/strong> \u00e9p\u00edtett fel, az \u0151 t\u00e9nyked\u00e9s\u00e9t figyel\u0151k k\u00f6r\u00e9b\u0151l j\u00f6v\u0151 jelent\u0151s verb\u00e1lis \u00e9s fizikai k\u00f6zrem\u0171k\u00f6d\u00e9ssel (akik ki is tanult\u00e1k k\u00f6zben a kemence\u00e9p\u00edt\u00e9s cs\u00ednj\u00e1t-b\u00ednj\u00e1t).<\/p>\n<p>A <strong>Park<\/strong>ot Tam\u00e1s kezdte el form\u00e1lni 2000-ben, egy\u00fctt a <strong>Gy\u00fcm\u00f6lcs\u00f6skert<\/strong>tel (mert rendes tan\u00edt\u00f3knak ugyeb\u00e1r j\u00e1rt gy\u00fcm\u00f6lcs\u00f6skert is\u2026), ekkor m\u00e1r <strong>Varga M\u00e1t\u00e9<\/strong>val egy\u00fctt.<\/p>\n<p>\u00c9s h\u00e1t kellett egy <strong>TET\u0150<\/strong> is az egy\u00fcttl\u00e9t f\u00f6l\u00e9. <strong>Sattler Anna \u00e9s Gergely Zsolt <\/strong>\u00e9p\u00edt\u00e9sz bar\u00e1taink sz\u00edvesen meg is tervezt\u00e9k a mi k\u00f6zkedvelt ny\u00e1ri egy\u00fcttl\u00e9teink feletti tet\u0151t, melyet <strong>Sebesty\u00e9n Istv\u00e1n<\/strong> \u00e1cs \u00e9s asztalosmester val\u00f3s\u00edtott meg.<\/p>\n<p>A tov\u00e1bbiakban k\u00e9ts\u00e9gtelen\u00fcl a Kom\u00e1romb\u00f3l huszonh\u00e1rom \u00e9ve ide telep\u00fcl\u0151, itt \u00e9p\u00edtkez\u0151 \u00e9s \u00e9l\u0151 t\u00e1rsunk, bar\u00e1tunk, <strong>M\u00e9sz\u00e1ros Zsuzsa<\/strong> az, aki ugyanebben a k\u00f6z\u00f6ss\u00e9gi szellemis\u00e9gben seg\u00edtette Kunb\u00e1bonyt m\u0171k\u00f6dtetni, kil\u00e1balni a probl\u00e9m\u00e1kb\u00f3l \u00e9s folytonosan meg\u00faj\u00edtani. \u0150 k\u00fczd\u00f6tt meg azzal a tengernyi gonddal, amit egy ekkora \u00e9p\u00fclet fenntart\u00e1sa \u00e9s rendeltet\u00e9sszer\u0171 m\u0171k\u00f6dtet\u00e9se jelent \u2013 gyakran p\u00e9nz n\u00e9lk\u00fcl. Anyagilag nagyon neh\u00e9z \u00e9vek voltak a 2000-res \u00e9vek v\u00e9gi, 2010-t\u0151l kezd\u0151d\u0151 id\u0151szak\u00e9 az \u00e1llami t\u00e1mogat\u00e1sok visszatart\u00e1sa miatt. Nem volt m\u00e1s lehet\u0151s\u00e9g\u00fcnk, mint az \u00f6nseg\u00edt\u00e9s. Zsuzsa, aki sz\u00e1mos szakm\u00e1ja mellett sz\u00f6vetkezetfejleszt\u00e9st is tanult, \u00e9s a k\u00f6z\u00f6ss\u00e9gi alap\u00fa gazdas\u00e1gfejleszt\u00e9s egyik vez\u00e9regy\u00e9nis\u00e9g\u00e9v\u00e9 is v\u00e1lt az orsz\u00e1gban, elkezdte gyakorlatba \u00fcltetni elk\u00e9pzel\u00e9seit. Kor\u00e1bban, m\u00e9g Tam\u00e1ssal, sz\u00f6vetkezetfejleszt\u00e9si k\u00e9pz\u00e9st szerveztek a H\u00e1zban kunb\u00e1bonyi lakosoknak, amelyet 16-an el is v\u00e9geztek, \u00e9s meg is indult n\u00e9h\u00e1ny sz\u00f6vetkezeti kezdem\u00e9nyez\u00e9s. A mag teh\u00e1t el volt vetve.<\/p>\n<p><em><img loading=\"lazy\" decoding=\"async\" class=\"aligncenter size-full wp-image-7180\" src=\"https:\/\/kofe.hu\/parola\/wp-content\/uploads\/2023\/03\/20231_17-7.jpg\" alt=\"\" width=\"700\" height=\"494\" srcset=\"https:\/\/kofe.hu\/parola\/wp-content\/uploads\/2023\/03\/20231_17-7.jpg 700w, https:\/\/kofe.hu\/parola\/wp-content\/uploads\/2023\/03\/20231_17-7-300x212.jpg 300w, https:\/\/kofe.hu\/parola\/wp-content\/uploads\/2023\/03\/20231_17-7-10x7.jpg 10w\" sizes=\"auto, (max-width: 700px) 100vw, 700px\" \/>M\u00e9sz\u00e1ros Zsuzsa:<\/em><\/p>\n<p>A t\u00e9rs\u00e9gben 1997 \u00f3ta foly\u00f3 k\u00f6z\u00f6ss\u00e9gfejleszt\u0151 munka sor\u00e1n 2011-ben szoci\u00e1lis sz\u00f6vetkezetet alap\u00edtottunk, ahogyan azt le is \u00edrtam a Parola legut\u00f3bbi, 2022\/4. sz\u00e1m\u00e1ban.<a href=\"#_ftn1\" name=\"_ftnref1\">[1]<\/a> A sz\u00f6vetkezet egy\u00fcttm\u0171k\u00f6d\u00e9s\u00e9t a Civil Koll\u00e9gium Alap\u00edtv\u00e1nnyal l\u00e1sd ugyanebben a cikkben, \u00e9s ugyanott a fordulatot hoz\u00f3 LeMat K\u00e1v\u00e9z\u00f3 \u00e9s sz\u00e1ll\u00e1shely kialak\u00edt\u00e1s\u00e1nak \u00e9s m\u0171k\u00f6d\u00e9s\u00e9nek le\u00edr\u00e1s\u00e1t is, csak\u00fagy, mint a K\u00f6z\u00f6ss\u00e9gi \u00d6ngy\u00f3gy\u00edt\u00f3 Kert \u00e9s a permakult\u00fara kialakul\u00e1s\u00e1nak t\u00f6rt\u00e9net\u00e9t \u00e9s a tanteremmel \u00e9s f\u0151z\u00e9ssel kapcsolatos korszer\u0171s\u00edt\u00e9seket.<\/p>\n<p>Abban a cikkben n\u00e9v szerint nem eml\u00edtettem azokat a nagyszer\u0171 embereket, akik ak\u00e1r a sz\u00f6vetkezet tagjak\u00e9nt, ak\u00e1r munkav\u00e1llal\u00f3k\u00e9nt, ak\u00e1r bar\u00e1tk\u00e9nt r\u00e9szt vettek a fizikai k\u00f6rnyezet alak\u00edt\u00e1s\u00e1ban, az \u00e9p\u00fclet bels\u0151 ter\u00e9nek korszer\u0171s\u00edt\u00e9s\u00e9ben, \u00faj szolg\u00e1ltat\u00e1sok l\u00e9trehoz\u00e1s\u00e1ban \u00e9s a k\u00fcls\u0151 k\u00f6rnyezet fenntarthat\u00f3s\u00e1got szolg\u00e1l\u00f3 \u00e9s bemutat\u00f3 elemeinek meg\u00e9p\u00edt\u00e9s\u00e9ben.<\/p>\n<p>Akik pedig mindig \u00e9s mindenben r\u00e9szt vesznek, a k\u00f6vetkez\u0151k: <strong>Vars\u00e1nyi Lajos, Kapolcsin\u00e9 Antal Ter\u00e9zia, Mikulesz K\u00e1rolyn\u00e9, T\u00f3th G\u00e9z\u00e1n\u00e9, Mikulesz K\u00e1roly, Garamszegi Bal\u00e1zs, Kapolcsi Gyula, Vars\u00e1nyin\u00e9 Kalam\u00e1n Julianna.<\/strong><\/p>\n<p>Akik csatlakoztak hozz\u00e1nk \u00e9s tehets\u00e9g\u00fckkel egy-egy r\u00e9szt seg\u00edtettek nek\u00fcnk szebb\u00e9 tenni: <strong>Barna Betti, Cserna Krisztina, Sipos Bal\u00e1zs, Varga M\u00e1t\u00e9, Szak\u00e1cs Bence, Janovics Ferenc, Gecse Eszter, Gyemi Ildik\u00f3.<\/strong><\/p>\n<p>Terveztek \u00e9s \u00faj ter\u00fcleteket hoztak az \u00e9let\u00fcnkbe a \u201eKisk\u00f6z\u00f6ss\u00e9gek \u00c1talakul\u00f3ban\u201d projekt r\u00e9sztvev\u0151i <strong>Tracey Wheatley<\/strong> vezet\u00e9s\u00e9vel. A komposzt-toalettet <strong>T\u0151gyi Bal\u00e1zs<\/strong> tervezte. A kivitelez\u00e9sben egy Erasmus projekt keret\u00e9ben 50 k\u00fclf\u00f6ldi r\u00e9sztvev\u0151 munk\u00e1lkodott. A kerti zuhanyz\u00f3t <strong>Radev Gerg\u0151<\/strong> tervezte.<\/p>\n<p>A permakult\u00far\u00e1t <strong>M\u00e1rkuly Istv\u00e1n<\/strong> \u00e9s az <strong>\u00c9letfa Permakult\u00fara Csopor<\/strong>t hozta el hozz\u00e1nk, amelynek eredm\u00e9nyek\u00e9nt a kert \u00fajj\u00e1\u00e9p\u00fclt, \u00e9s tavat \u00e9p\u00edtett\u00fcnk.<\/p>\n<p>A LeMat k\u00e1v\u00e9z\u00f3 2016-ban j\u00f6tt l\u00e9tre (ismertet\u00e9s\u00e9t ld. a m\u00e1r eml\u00edtett kor\u00e1bbi cikkben!). A tervez\u00e9sben \u00e9s kialak\u00edt\u00e1sban r\u00e9sztvev\u0151k: <strong>Barna Betti<\/strong> (sz\u00ednek, text\u00edli\u00e1k tervez\u00e9se),\u00a0<strong>Garamszegi Bal\u00e1zs<\/strong> (b\u00fatorok \u00e1talak\u00edt\u00e1s\u00e1nak tervez\u00e9se, kivitelez\u00e9se a k\u00e1v\u00e9z\u00f3ban \u00e9s sz\u00e1ll\u00e1shely), <strong>Cserna Krisztina<\/strong> (tervez\u00e9s, kialak\u00edt\u00e1s), az akkor m\u00e9g Adacs-B\u00e1bony Szoci\u00e1lis Sz\u00f6vetkezet tagjai, a kialak\u00edt\u00e1sban, \u00e1talak\u00edt\u00e1sban, berendez\u00e9sben, k\u00f6zrem\u0171k\u00f6d\u0151k: <strong>Vars\u00e1nyi Lajos<\/strong>, <strong>T\u00f3th G\u00e9z\u00e1n\u00e9, Mikulesz K\u00e1rolyn\u00e9, Kapolcsin\u00e9 Antal Ter\u00e9zia<\/strong>. \u00c9n \u00f6tleletad\u00f3 voltam, \u00e9s a kivitelez\u00e9sben is r\u00e9szt vettem.<\/p>\n<p><img loading=\"lazy\" decoding=\"async\" class=\"aligncenter wp-image-7173 size-full\" src=\"https:\/\/kofe.hu\/parola\/wp-content\/uploads\/2023\/03\/20231_17-3.jpg\" alt=\"\" width=\"700\" height=\"525\" srcset=\"https:\/\/kofe.hu\/parola\/wp-content\/uploads\/2023\/03\/20231_17-3.jpg 700w, https:\/\/kofe.hu\/parola\/wp-content\/uploads\/2023\/03\/20231_17-3-300x225.jpg 300w, https:\/\/kofe.hu\/parola\/wp-content\/uploads\/2023\/03\/20231_17-3-10x8.jpg 10w\" sizes=\"auto, (max-width: 700px) 100vw, 700px\" \/><\/p>\n<p>A K\u00f6z\u00f6ss\u00e9gi \u00d6ngy\u00f3gy\u00edt\u00f3 Kertet 2012-ben kezdte el kialak\u00edtani a sz\u00f6vetkezet, kialak\u00edt\u00e1s\u00e1ban k\u00f6z\u00fcl\u00fck k\u00f6zrem\u0171k\u00f6dtek: <strong>Sipos Bal\u00e1zs, Vars\u00e1nyi Lajos, T\u00f3th G\u00e9z\u00e1n\u00e9 \u00e9s Mikulesz K\u00e1rolyn\u00e9.<\/strong> Az \u00dcvegh\u00e1zat 2015-ben \u00e9p\u00edtett\u00fck. Kivitelez\u0151k: <strong>Kapolcsi Gyula, Vars\u00e1nyi Lajos, Mikulesz K\u00e1roly, Garamszegi Bal\u00e1zs, Kapolcsin\u00e9 Antal Ter\u00e9zia, Mikulesz K\u00e1rolyn\u00e9 \u00e9s T\u00f3th G\u00e9z\u00e1n\u00e9.<\/strong><\/p>\n<p>2015-ben a h\u00e1z ny\u00edl\u00e1sz\u00e1r\u00f3inak cser\u00e9je t\u00f6rt\u00e9nt meg az <strong>EMMI <\/strong>t\u00e1mogat\u00e1s\u00e1val. Kivitelez\u0151 a <strong>Feh\u00e9r Ablak Kft<\/strong> volt. Ugyanebben az \u00e9vben, 2015-ben k\u00e9sz\u00fclt a <strong>kerti konyha<\/strong> \u00e9s a <strong>komposzt-toalett<\/strong> k\u00fclf\u00f6ldi r\u00e9sztvev\u0151k k\u00f6zrem\u0171k\u00f6d\u00e9s\u00e9vel, <strong>Garamszegi Bal\u00e1zs<\/strong> \u00e9s<strong> T\u0151gyi Bal\u00e1zs<\/strong> vezet\u00e9s\u00e9vel.<\/p>\n<p>A kerti zuhanyz\u00f3t 2016?-ban <strong>Radev Gerg\u0151<\/strong> \u00e9p\u00edt\u00e9sz tervezte. A kivitelez\u00e9sben k\u00f6zrem\u0171k\u00f6d\u00f6tt <strong>Varga M\u00e1t\u00e9, Garamszegi Bal\u00e1zs, Vars\u00e1nyi Lajos, Szak\u00e1cs Bence, Janovics Ferenc<\/strong> \u00e9s m\u00e9g m\u00e1sok.<\/p>\n<p><img loading=\"lazy\" decoding=\"async\" class=\"size-full wp-image-7174 aligncenter\" src=\"https:\/\/kofe.hu\/parola\/wp-content\/uploads\/2023\/03\/20231_17-4.jpg\" alt=\"\" width=\"700\" height=\"472\" srcset=\"https:\/\/kofe.hu\/parola\/wp-content\/uploads\/2023\/03\/20231_17-4.jpg 700w, https:\/\/kofe.hu\/parola\/wp-content\/uploads\/2023\/03\/20231_17-4-300x202.jpg 300w, https:\/\/kofe.hu\/parola\/wp-content\/uploads\/2023\/03\/20231_17-4-10x7.jpg 10w\" sizes=\"auto, (max-width: 700px) 100vw, 700px\" \/><\/p>\n<p>A kerti konyha \u00e1talak\u00edt\u00e1sa 2018?-ban t\u00f6rt\u00e9nt <strong><u>Garden Cafe<\/u><\/strong> -v\u00e9. Tervezte \u00e9s a kivitelez\u00e9st vezette <strong>Garamszegi Bal\u00e1zs.<\/strong> Kivitelez\u0151k: <strong>Varj\u00fa Ferenc, Vars\u00e1nyin\u00e9 Kalam\u00e1n Julianna, Kapolcsin\u00e9 Antal Ter\u00e9zia, Gecse Eszter, T\u00f3th G\u00e9z\u00e1n\u00e9, Mikulesz K\u00e1rolyn\u00e9, Mikulesz K\u00e1roly \u00e9s Vars\u00e1nyi Lajos<\/strong><\/p>\n<p>A H\u00e1zban 2018-ban vagy 2019-ben k\u00e9sz\u00fclt el az akad\u00e1lymentes\u00edt\u00e9s k\u00e9t f\u00fcrd\u0151szob\u00e1ban, r\u00e1mpa k\u00e9sz\u00fclt a l\u00e9pcs\u0151re a h\u00e1zhoz val\u00f3 bejut\u00e1shoz. E munk\u00e1kat a Sz\u00f6vetkezet val\u00f3s\u00edtotta meg.<\/p>\n<p>2022-ben alak\u00edtottuk ki a Veget\u00e1ri\u00e1nus Konyh\u00e1t.<\/p>\n<p>Magamat nem \u00edrom mindenhov\u00e1 oda, de mindenbe belekotyogtam\u2026<\/p>\n<p>Ugye j\u00f3 t\u00f6rt\u00e9net ez is?<\/p>\n<p>&nbsp;<\/p>\n<p><strong>Szerz\u0151k:<\/strong><\/p>\n<p><strong><img loading=\"lazy\" decoding=\"async\" class=\"alignright size-full wp-image-7176\" src=\"https:\/\/kofe.hu\/parola\/wp-content\/uploads\/2023\/03\/mzs.jpg\" alt=\"\" width=\"150\" height=\"150\" srcset=\"https:\/\/kofe.hu\/parola\/wp-content\/uploads\/2023\/03\/mzs.jpg 150w, https:\/\/kofe.hu\/parola\/wp-content\/uploads\/2023\/03\/mzs-10x10.jpg 10w\" sizes=\"auto, (max-width: 150px) 100vw, 150px\" \/>M\u00e9sz\u00e1ros Zsuzsa<\/strong> k\u00f6z\u00f6ss\u00e9gfejleszt\u0151, sz\u00f6vetkezetfejleszt\u0151, tan\u00e1r. 1992-ben ismerkedett meg a k\u00f6z\u00f6ss\u00e9gfejleszt\u00e9ssel, majd hamarosan kapcsolatba ker\u00fclt angliai sz\u00f6vetkezetfejleszt\u0151kkel, ami j\u00f3 alapot adott sz\u00e1m\u00e1ra a tov\u00e1bbi tanul\u00e1shoz. A k\u00f6z\u00f6ss\u00e9gfejleszt\u0151k k\u00f6z\u00f6tt a sz\u00f6vetkezetis\u00e9g \u00e1llhatatos k\u00e9pvisel\u0151j\u00e9v\u00e9 v\u00e1lt. Orsz\u00e1gszerte sok k\u00f6z\u00f6ss\u00e9get seg\u00edtett a k\u00f6z\u00f6ss\u00e9gi v\u00e1llalkoz\u00e1sr\u00f3l val\u00f3 gondolkod\u00e1sban. 1997 \u00f3ta dolgozik a Fels\u0151-Kiskuns\u00e1gban, ahol az ut\u00f3bbi 10 \u00e9vben Kunb\u00e1bonyban, a Civil Koll\u00e9gium fenntart\u00e1s\u00e1nak, fejl\u0151d\u00e9s\u00e9nek motorja, a helyi sz\u00f6vetkezet eln\u00f6ke. A K\u00f6z\u00f6ss\u00e9gfejleszt\u0151k Egyes\u00fclet\u00e9nek tagja 1993 \u00f3ta.<\/p>\n<p><strong><img loading=\"lazy\" decoding=\"async\" class=\"alignright wp-image-5674 size-thumbnail\" src=\"https:\/\/kofe.hu\/parola\/wp-content\/uploads\/2020\/11\/2020-2-VI-150x150.jpg\" alt=\"\" width=\"150\" height=\"150\" \/>Vercseg Ilona<\/strong>\u00a0a K\u00f6z\u00f6ss\u00e9gfejleszt\u0151k Egyes\u00fclete tiszteletbeli eln\u00f6ke \u00e9s az ELTE T\u00e1rsadalomtudom\u00e1nyi Kara K\u00f6z\u00f6ss\u00e9gi \u00e9s Civil Tanulm\u00e1nyok MA szak\u00e1nak egyik alap\u00edt\u00f3ja \u00e9s oktat\u00f3ja. P\u00e1lyafut\u00e1s\u00e1t a k\u00f6z\u00f6ss\u00e9gfejleszt\u00e9s elm\u00e9leti \u00e9s gyakorlati elm\u00e9leti vonatkoz\u00e1sai hat\u00e1rozz\u00e1k meg, ezek az ir\u00e1nyt\u0171i helyi fejleszt\u00e9sekben, elemz\u00e9sekben \u00e9s publik\u00e1ci\u00f3kban, a feln\u0151ttk\u00e9pz\u00e9sben \u00e9s a fels\u0151oktat\u00e1si k\u00e9pz\u00e9sben, s az eur\u00f3pai nemzetk\u00f6zi munk\u00e1ban.<\/p>\n<p><strong>V\u00e9gjegyzet:<\/strong><\/p>\n<p><a href=\"#_ftnref1\" name=\"_ftn1\">[1]<\/a> M\u00e9sz\u00e1ros Zsuzsa (2022): T\u00edz \u00e9ve sz\u00f6vetkezt\u00fcnk \u2013 a Kunb\u00e1bonyi T\u00edzek K\u00f6z\u00f6ss\u00e9gi Sz\u00f6vetkezet \u00e9s a Civil Koll\u00e9gium. https:\/\/kofe.hu\/parola\/repertorium\/meszaros-zsuzsa-tiz-eve-szovetkezunk-a-kunbabonyi-tizek-kozossegi-szovetkezet-es-a-civil-kollegium\/<\/p>\n<p>&nbsp;<\/p>\n","protected":false},"excerpt":{"rendered":"<p>Arra gondoltunk Zsuzs\u00e1val, hogy egyszer v\u00e9gre meg kell \u00edrnunk a kunb\u00e1bonyi K\u00f6z\u00f6ss\u00e9gi H\u00e1z \u00e9s K\u00e9pz\u00e9si K\u00f6zpont k\u00f6z\u00f6ss\u00e9gi t\u00f6rt\u00e9net\u00e9t, azt, amelyik nem a k\u00f6z\u00f6ss\u00e9gi munka k\u00e9pz\u00e9seir\u0151l \u00e9s programokr\u00f3l, szakmafejleszt\u00e9sr\u0151l sz\u00f3l, hanem az ezek megval\u00f3sul\u00e1s\u00e1t lehet\u0151v\u00e9 tev\u0151 k\u00f6rnyezet fizikai kialak\u00edt\u00e1s\u00e1r\u00f3l, fenntart\u00e1s\u00e1r\u00f3l \u00e9s fejl\u0151d\u00e9s\u00e9r\u0151l gondoskod\u00f3 emberekr\u0151l.<\/p>\n","protected":false},"author":30,"featured_media":7172,"comment_status":"open","ping_status":"open","sticky":false,"template":"","format":"standard","meta":{"_acf_changed":false,"footnotes":""},"categories":[1143,8,7],"tags":[1100,1145,1147,1144,1148,1146,38],"coauthors":[30,21],"class_list":["post-7168","post","type-post","status-publish","format-standard","has-post-thumbnail","hentry","category-parola-2023-1","category-parola-folyoirat","category-repertorium","tag-civil-kollegium","tag-kozossegi-alapu-gazdasagfejlesztes","tag-kozossegi-ongyogyito-kert","tag-kunbabonyi-kozossegi-haz","tag-kunbabonyi-tizek-kozossegi-szovetkezet","tag-lemat-kavezo","tag-permakultura"],"acf":[],"yoast_head":"<!-- This site is optimized with the Yoast SEO plugin v26.7 - https:\/\/yoast.com\/wordpress\/plugins\/seo\/ -->\n<title>A H\u00c1Z - A Kunb\u00e1bonyi K\u00f6z\u00f6ss\u00e9gi H\u00e1z \u00e9s K\u00e9pz\u00e9si K\u00f6zpont l\u00e9trehoz\u00e1sa, m\u0171k\u00f6dtet\u00e9se \u00e9s folyamatos meg\u00faj\u00edt\u00e1s\u00e1nak k\u00f6z\u00f6ss\u00e9gi t\u00f6rt\u00e9nete - Parola Foly\u00f3irat<\/title>\n<meta name=\"robots\" content=\"index, follow, max-snippet:-1, max-image-preview:large, max-video-preview:-1\" \/>\n<link rel=\"canonical\" href=\"https:\/\/kofe.hu\/parola\/parola-folyoirat\/a-haz-a-kunbabonyi-kozossegi-haz-es-kepzesi-kozpont-letrehozasa-mukodtetese-es-folyamatos-megujitasanak-kozossegi-tortenete\/\" \/>\n<meta property=\"og:locale\" content=\"hu_HU\" \/>\n<meta property=\"og:type\" content=\"article\" \/>\n<meta property=\"og:title\" content=\"A H\u00c1Z - A Kunb\u00e1bonyi K\u00f6z\u00f6ss\u00e9gi H\u00e1z \u00e9s K\u00e9pz\u00e9si K\u00f6zpont l\u00e9trehoz\u00e1sa, m\u0171k\u00f6dtet\u00e9se \u00e9s folyamatos meg\u00faj\u00edt\u00e1s\u00e1nak k\u00f6z\u00f6ss\u00e9gi t\u00f6rt\u00e9nete - Parola Foly\u00f3irat\" \/>\n<meta property=\"og:description\" content=\"Arra gondoltunk Zsuzs\u00e1val, hogy egyszer v\u00e9gre meg kell \u00edrnunk a kunb\u00e1bonyi K\u00f6z\u00f6ss\u00e9gi H\u00e1z \u00e9s K\u00e9pz\u00e9si K\u00f6zpont k\u00f6z\u00f6ss\u00e9gi t\u00f6rt\u00e9net\u00e9t, azt, amelyik nem a k\u00f6z\u00f6ss\u00e9gi munka k\u00e9pz\u00e9seir\u0151l \u00e9s programokr\u00f3l, szakmafejleszt\u00e9sr\u0151l sz\u00f3l, hanem az ezek megval\u00f3sul\u00e1s\u00e1t lehet\u0151v\u00e9 tev\u0151 k\u00f6rnyezet fizikai kialak\u00edt\u00e1s\u00e1r\u00f3l, fenntart\u00e1s\u00e1r\u00f3l \u00e9s fejl\u0151d\u00e9s\u00e9r\u0151l gondoskod\u00f3 emberekr\u0151l.\" \/>\n<meta property=\"og:url\" content=\"https:\/\/kofe.hu\/parola\/parola-folyoirat\/a-haz-a-kunbabonyi-kozossegi-haz-es-kepzesi-kozpont-letrehozasa-mukodtetese-es-folyamatos-megujitasanak-kozossegi-tortenete\/\" \/>\n<meta property=\"og:site_name\" content=\"Parola Foly\u00f3irat\" \/>\n<meta property=\"article:published_time\" content=\"2023-03-31T10:10:21+00:00\" \/>\n<meta property=\"article:modified_time\" content=\"2023-04-05T08:52:40+00:00\" \/>\n<meta property=\"og:image\" content=\"https:\/\/kofe.hu\/parola\/wp-content\/uploads\/2023\/03\/20231_17-2.jpg\" \/>\n\t<meta property=\"og:image:width\" content=\"700\" \/>\n\t<meta property=\"og:image:height\" content=\"525\" \/>\n\t<meta property=\"og:image:type\" content=\"image\/jpeg\" \/>\n<meta name=\"author\" content=\"M\u00e9sz\u00e1ros Zsuzsa, Vercseg Ilona\" \/>\n<meta name=\"twitter:card\" content=\"summary_large_image\" \/>\n<meta name=\"twitter:label1\" content=\"Szerz\u0151:\" \/>\n\t<meta name=\"twitter:data1\" content=\"M\u00e9sz\u00e1ros Zsuzsa\" \/>\n\t<meta name=\"twitter:label2\" content=\"Becs\u00fclt olvas\u00e1si id\u0151\" \/>\n\t<meta name=\"twitter:data2\" content=\"12 perc\" \/>\n\t<meta name=\"twitter:label3\" content=\"Written by\" \/>\n\t<meta name=\"twitter:data3\" content=\"M\u00e9sz\u00e1ros Zsuzsa, Vercseg Ilona\" \/>\n<script type=\"application\/ld+json\" class=\"yoast-schema-graph\">{\"@context\":\"https:\/\/schema.org\",\"@graph\":[{\"@type\":\"Article\",\"@id\":\"https:\/\/kofe.hu\/parola\/parola-folyoirat\/a-haz-a-kunbabonyi-kozossegi-haz-es-kepzesi-kozpont-letrehozasa-mukodtetese-es-folyamatos-megujitasanak-kozossegi-tortenete\/#article\",\"isPartOf\":{\"@id\":\"https:\/\/kofe.hu\/parola\/parola-folyoirat\/a-haz-a-kunbabonyi-kozossegi-haz-es-kepzesi-kozpont-letrehozasa-mukodtetese-es-folyamatos-megujitasanak-kozossegi-tortenete\/\"},\"author\":{\"name\":\"M\u00e9sz\u00e1ros Zsuzsa\",\"@id\":\"https:\/\/kofe.hu\/parola\/#\/schema\/person\/1b6db5cf12776157324bae6924ca9bd0\"},\"headline\":\"A H\u00c1Z &#8211; A Kunb\u00e1bonyi K\u00f6z\u00f6ss\u00e9gi H\u00e1z \u00e9s K\u00e9pz\u00e9si K\u00f6zpont l\u00e9trehoz\u00e1sa, m\u0171k\u00f6dtet\u00e9se \u00e9s folyamatos meg\u00faj\u00edt\u00e1s\u00e1nak k\u00f6z\u00f6ss\u00e9gi t\u00f6rt\u00e9nete\",\"datePublished\":\"2023-03-31T10:10:21+00:00\",\"dateModified\":\"2023-04-05T08:52:40+00:00\",\"mainEntityOfPage\":{\"@id\":\"https:\/\/kofe.hu\/parola\/parola-folyoirat\/a-haz-a-kunbabonyi-kozossegi-haz-es-kepzesi-kozpont-letrehozasa-mukodtetese-es-folyamatos-megujitasanak-kozossegi-tortenete\/\"},\"wordCount\":2419,\"commentCount\":0,\"image\":{\"@id\":\"https:\/\/kofe.hu\/parola\/parola-folyoirat\/a-haz-a-kunbabonyi-kozossegi-haz-es-kepzesi-kozpont-letrehozasa-mukodtetese-es-folyamatos-megujitasanak-kozossegi-tortenete\/#primaryimage\"},\"thumbnailUrl\":\"https:\/\/kofe.hu\/parola\/wp-content\/uploads\/2023\/03\/20231_17-2.jpg\",\"keywords\":[\"Civil Koll\u00e9gium\",\"k\u00f6z\u00f6ss\u00e9gi alap\u00fa gazdas\u00e1gfejleszt\u00e9s\",\"K\u00f6z\u00f6ss\u00e9gi \u00d6ngy\u00f3gy\u00edt\u00f3 Kert\",\"kunb\u00e1bonyi K\u00f6z\u00f6ss\u00e9gi H\u00e1z\",\"Kunb\u00e1bonyi T\u00edzek K\u00f6z\u00f6ss\u00e9gi Sz\u00f6vetkezet\",\"LeMat K\u00e1v\u00e9z\u00f3\",\"permakult\u00fara\"],\"articleSection\":[\"Parola 2023\/1\",\"Parola Foly\u00f3irat\",\"Repert\u00f3rium\"],\"inLanguage\":\"hu\",\"potentialAction\":[{\"@type\":\"CommentAction\",\"name\":\"Comment\",\"target\":[\"https:\/\/kofe.hu\/parola\/parola-folyoirat\/a-haz-a-kunbabonyi-kozossegi-haz-es-kepzesi-kozpont-letrehozasa-mukodtetese-es-folyamatos-megujitasanak-kozossegi-tortenete\/#respond\"]}]},{\"@type\":\"WebPage\",\"@id\":\"https:\/\/kofe.hu\/parola\/parola-folyoirat\/a-haz-a-kunbabonyi-kozossegi-haz-es-kepzesi-kozpont-letrehozasa-mukodtetese-es-folyamatos-megujitasanak-kozossegi-tortenete\/\",\"url\":\"https:\/\/kofe.hu\/parola\/parola-folyoirat\/a-haz-a-kunbabonyi-kozossegi-haz-es-kepzesi-kozpont-letrehozasa-mukodtetese-es-folyamatos-megujitasanak-kozossegi-tortenete\/\",\"name\":\"A H\u00c1Z - A Kunb\u00e1bonyi K\u00f6z\u00f6ss\u00e9gi H\u00e1z \u00e9s K\u00e9pz\u00e9si K\u00f6zpont l\u00e9trehoz\u00e1sa, m\u0171k\u00f6dtet\u00e9se \u00e9s folyamatos meg\u00faj\u00edt\u00e1s\u00e1nak k\u00f6z\u00f6ss\u00e9gi t\u00f6rt\u00e9nete - Parola Foly\u00f3irat\",\"isPartOf\":{\"@id\":\"https:\/\/kofe.hu\/parola\/#website\"},\"primaryImageOfPage\":{\"@id\":\"https:\/\/kofe.hu\/parola\/parola-folyoirat\/a-haz-a-kunbabonyi-kozossegi-haz-es-kepzesi-kozpont-letrehozasa-mukodtetese-es-folyamatos-megujitasanak-kozossegi-tortenete\/#primaryimage\"},\"image\":{\"@id\":\"https:\/\/kofe.hu\/parola\/parola-folyoirat\/a-haz-a-kunbabonyi-kozossegi-haz-es-kepzesi-kozpont-letrehozasa-mukodtetese-es-folyamatos-megujitasanak-kozossegi-tortenete\/#primaryimage\"},\"thumbnailUrl\":\"https:\/\/kofe.hu\/parola\/wp-content\/uploads\/2023\/03\/20231_17-2.jpg\",\"datePublished\":\"2023-03-31T10:10:21+00:00\",\"dateModified\":\"2023-04-05T08:52:40+00:00\",\"author\":{\"@id\":\"https:\/\/kofe.hu\/parola\/#\/schema\/person\/1b6db5cf12776157324bae6924ca9bd0\"},\"breadcrumb\":{\"@id\":\"https:\/\/kofe.hu\/parola\/parola-folyoirat\/a-haz-a-kunbabonyi-kozossegi-haz-es-kepzesi-kozpont-letrehozasa-mukodtetese-es-folyamatos-megujitasanak-kozossegi-tortenete\/#breadcrumb\"},\"inLanguage\":\"hu\",\"potentialAction\":[{\"@type\":\"ReadAction\",\"target\":[\"https:\/\/kofe.hu\/parola\/parola-folyoirat\/a-haz-a-kunbabonyi-kozossegi-haz-es-kepzesi-kozpont-letrehozasa-mukodtetese-es-folyamatos-megujitasanak-kozossegi-tortenete\/\"]}]},{\"@type\":\"ImageObject\",\"inLanguage\":\"hu\",\"@id\":\"https:\/\/kofe.hu\/parola\/parola-folyoirat\/a-haz-a-kunbabonyi-kozossegi-haz-es-kepzesi-kozpont-letrehozasa-mukodtetese-es-folyamatos-megujitasanak-kozossegi-tortenete\/#primaryimage\",\"url\":\"https:\/\/kofe.hu\/parola\/wp-content\/uploads\/2023\/03\/20231_17-2.jpg\",\"contentUrl\":\"https:\/\/kofe.hu\/parola\/wp-content\/uploads\/2023\/03\/20231_17-2.jpg\",\"width\":700,\"height\":525,\"caption\":\"cof\"},{\"@type\":\"BreadcrumbList\",\"@id\":\"https:\/\/kofe.hu\/parola\/parola-folyoirat\/a-haz-a-kunbabonyi-kozossegi-haz-es-kepzesi-kozpont-letrehozasa-mukodtetese-es-folyamatos-megujitasanak-kozossegi-tortenete\/#breadcrumb\",\"itemListElement\":[{\"@type\":\"ListItem\",\"position\":1,\"name\":\"Home\",\"item\":\"https:\/\/kofe.hu\/parola\/\"},{\"@type\":\"ListItem\",\"position\":2,\"name\":\"A H\u00c1Z &#8211; A Kunb\u00e1bonyi K\u00f6z\u00f6ss\u00e9gi H\u00e1z \u00e9s K\u00e9pz\u00e9si K\u00f6zpont l\u00e9trehoz\u00e1sa, m\u0171k\u00f6dtet\u00e9se \u00e9s folyamatos meg\u00faj\u00edt\u00e1s\u00e1nak k\u00f6z\u00f6ss\u00e9gi t\u00f6rt\u00e9nete\"}]},{\"@type\":\"WebSite\",\"@id\":\"https:\/\/kofe.hu\/parola\/#website\",\"url\":\"https:\/\/kofe.hu\/parola\/\",\"name\":\"Parola Foly\u00f3irat\",\"description\":\"\",\"potentialAction\":[{\"@type\":\"SearchAction\",\"target\":{\"@type\":\"EntryPoint\",\"urlTemplate\":\"https:\/\/kofe.hu\/parola\/?s={search_term_string}\"},\"query-input\":{\"@type\":\"PropertyValueSpecification\",\"valueRequired\":true,\"valueName\":\"search_term_string\"}}],\"inLanguage\":\"hu\"},{\"@type\":\"Person\",\"@id\":\"https:\/\/kofe.hu\/parola\/#\/schema\/person\/1b6db5cf12776157324bae6924ca9bd0\",\"name\":\"M\u00e9sz\u00e1ros Zsuzsa\",\"image\":{\"@type\":\"ImageObject\",\"inLanguage\":\"hu\",\"@id\":\"https:\/\/kofe.hu\/parola\/#\/schema\/person\/image\/bf04ecebddb26c65c5a2e5766159e39e\",\"url\":\"https:\/\/secure.gravatar.com\/avatar\/d4a4ba16dcc949be5321019ea5b3555cb23cbfa014209f2a9bbb02f700a829d2?s=96&d=mm&r=g\",\"contentUrl\":\"https:\/\/secure.gravatar.com\/avatar\/d4a4ba16dcc949be5321019ea5b3555cb23cbfa014209f2a9bbb02f700a829d2?s=96&d=mm&r=g\",\"caption\":\"M\u00e9sz\u00e1ros Zsuzsa\"},\"url\":\"https:\/\/kofe.hu\/parola\/szerzok\/meszaros-zsuzsa\/\"}]}<\/script>\n<!-- \/ Yoast SEO plugin. -->","yoast_head_json":{"title":"A H\u00c1Z - A Kunb\u00e1bonyi K\u00f6z\u00f6ss\u00e9gi H\u00e1z \u00e9s K\u00e9pz\u00e9si K\u00f6zpont l\u00e9trehoz\u00e1sa, m\u0171k\u00f6dtet\u00e9se \u00e9s folyamatos meg\u00faj\u00edt\u00e1s\u00e1nak k\u00f6z\u00f6ss\u00e9gi t\u00f6rt\u00e9nete - Parola Foly\u00f3irat","robots":{"index":"index","follow":"follow","max-snippet":"max-snippet:-1","max-image-preview":"max-image-preview:large","max-video-preview":"max-video-preview:-1"},"canonical":"https:\/\/kofe.hu\/parola\/parola-folyoirat\/a-haz-a-kunbabonyi-kozossegi-haz-es-kepzesi-kozpont-letrehozasa-mukodtetese-es-folyamatos-megujitasanak-kozossegi-tortenete\/","og_locale":"hu_HU","og_type":"article","og_title":"A H\u00c1Z - A Kunb\u00e1bonyi K\u00f6z\u00f6ss\u00e9gi H\u00e1z \u00e9s K\u00e9pz\u00e9si K\u00f6zpont l\u00e9trehoz\u00e1sa, m\u0171k\u00f6dtet\u00e9se \u00e9s folyamatos meg\u00faj\u00edt\u00e1s\u00e1nak k\u00f6z\u00f6ss\u00e9gi t\u00f6rt\u00e9nete - Parola Foly\u00f3irat","og_description":"Arra gondoltunk Zsuzs\u00e1val, hogy egyszer v\u00e9gre meg kell \u00edrnunk a kunb\u00e1bonyi K\u00f6z\u00f6ss\u00e9gi H\u00e1z \u00e9s K\u00e9pz\u00e9si K\u00f6zpont k\u00f6z\u00f6ss\u00e9gi t\u00f6rt\u00e9net\u00e9t, azt, amelyik nem a k\u00f6z\u00f6ss\u00e9gi munka k\u00e9pz\u00e9seir\u0151l \u00e9s programokr\u00f3l, szakmafejleszt\u00e9sr\u0151l sz\u00f3l, hanem az ezek megval\u00f3sul\u00e1s\u00e1t lehet\u0151v\u00e9 tev\u0151 k\u00f6rnyezet fizikai kialak\u00edt\u00e1s\u00e1r\u00f3l, fenntart\u00e1s\u00e1r\u00f3l \u00e9s fejl\u0151d\u00e9s\u00e9r\u0151l gondoskod\u00f3 emberekr\u0151l.","og_url":"https:\/\/kofe.hu\/parola\/parola-folyoirat\/a-haz-a-kunbabonyi-kozossegi-haz-es-kepzesi-kozpont-letrehozasa-mukodtetese-es-folyamatos-megujitasanak-kozossegi-tortenete\/","og_site_name":"Parola Foly\u00f3irat","article_published_time":"2023-03-31T10:10:21+00:00","article_modified_time":"2023-04-05T08:52:40+00:00","og_image":[{"width":700,"height":525,"url":"https:\/\/kofe.hu\/parola\/wp-content\/uploads\/2023\/03\/20231_17-2.jpg","type":"image\/jpeg"}],"author":"M\u00e9sz\u00e1ros Zsuzsa, Vercseg Ilona","twitter_card":"summary_large_image","twitter_misc":{"Szerz\u0151:":"M\u00e9sz\u00e1ros Zsuzsa","Becs\u00fclt olvas\u00e1si id\u0151":"12 perc","Written by":"M\u00e9sz\u00e1ros Zsuzsa, Vercseg Ilona"},"schema":{"@context":"https:\/\/schema.org","@graph":[{"@type":"Article","@id":"https:\/\/kofe.hu\/parola\/parola-folyoirat\/a-haz-a-kunbabonyi-kozossegi-haz-es-kepzesi-kozpont-letrehozasa-mukodtetese-es-folyamatos-megujitasanak-kozossegi-tortenete\/#article","isPartOf":{"@id":"https:\/\/kofe.hu\/parola\/parola-folyoirat\/a-haz-a-kunbabonyi-kozossegi-haz-es-kepzesi-kozpont-letrehozasa-mukodtetese-es-folyamatos-megujitasanak-kozossegi-tortenete\/"},"author":{"name":"M\u00e9sz\u00e1ros Zsuzsa","@id":"https:\/\/kofe.hu\/parola\/#\/schema\/person\/1b6db5cf12776157324bae6924ca9bd0"},"headline":"A H\u00c1Z &#8211; A Kunb\u00e1bonyi K\u00f6z\u00f6ss\u00e9gi H\u00e1z \u00e9s K\u00e9pz\u00e9si K\u00f6zpont l\u00e9trehoz\u00e1sa, m\u0171k\u00f6dtet\u00e9se \u00e9s folyamatos meg\u00faj\u00edt\u00e1s\u00e1nak k\u00f6z\u00f6ss\u00e9gi t\u00f6rt\u00e9nete","datePublished":"2023-03-31T10:10:21+00:00","dateModified":"2023-04-05T08:52:40+00:00","mainEntityOfPage":{"@id":"https:\/\/kofe.hu\/parola\/parola-folyoirat\/a-haz-a-kunbabonyi-kozossegi-haz-es-kepzesi-kozpont-letrehozasa-mukodtetese-es-folyamatos-megujitasanak-kozossegi-tortenete\/"},"wordCount":2419,"commentCount":0,"image":{"@id":"https:\/\/kofe.hu\/parola\/parola-folyoirat\/a-haz-a-kunbabonyi-kozossegi-haz-es-kepzesi-kozpont-letrehozasa-mukodtetese-es-folyamatos-megujitasanak-kozossegi-tortenete\/#primaryimage"},"thumbnailUrl":"https:\/\/kofe.hu\/parola\/wp-content\/uploads\/2023\/03\/20231_17-2.jpg","keywords":["Civil Koll\u00e9gium","k\u00f6z\u00f6ss\u00e9gi alap\u00fa gazdas\u00e1gfejleszt\u00e9s","K\u00f6z\u00f6ss\u00e9gi \u00d6ngy\u00f3gy\u00edt\u00f3 Kert","kunb\u00e1bonyi K\u00f6z\u00f6ss\u00e9gi H\u00e1z","Kunb\u00e1bonyi T\u00edzek K\u00f6z\u00f6ss\u00e9gi Sz\u00f6vetkezet","LeMat K\u00e1v\u00e9z\u00f3","permakult\u00fara"],"articleSection":["Parola 2023\/1","Parola Foly\u00f3irat","Repert\u00f3rium"],"inLanguage":"hu","potentialAction":[{"@type":"CommentAction","name":"Comment","target":["https:\/\/kofe.hu\/parola\/parola-folyoirat\/a-haz-a-kunbabonyi-kozossegi-haz-es-kepzesi-kozpont-letrehozasa-mukodtetese-es-folyamatos-megujitasanak-kozossegi-tortenete\/#respond"]}]},{"@type":"WebPage","@id":"https:\/\/kofe.hu\/parola\/parola-folyoirat\/a-haz-a-kunbabonyi-kozossegi-haz-es-kepzesi-kozpont-letrehozasa-mukodtetese-es-folyamatos-megujitasanak-kozossegi-tortenete\/","url":"https:\/\/kofe.hu\/parola\/parola-folyoirat\/a-haz-a-kunbabonyi-kozossegi-haz-es-kepzesi-kozpont-letrehozasa-mukodtetese-es-folyamatos-megujitasanak-kozossegi-tortenete\/","name":"A H\u00c1Z - A Kunb\u00e1bonyi K\u00f6z\u00f6ss\u00e9gi H\u00e1z \u00e9s K\u00e9pz\u00e9si K\u00f6zpont l\u00e9trehoz\u00e1sa, m\u0171k\u00f6dtet\u00e9se \u00e9s folyamatos meg\u00faj\u00edt\u00e1s\u00e1nak k\u00f6z\u00f6ss\u00e9gi t\u00f6rt\u00e9nete - Parola Foly\u00f3irat","isPartOf":{"@id":"https:\/\/kofe.hu\/parola\/#website"},"primaryImageOfPage":{"@id":"https:\/\/kofe.hu\/parola\/parola-folyoirat\/a-haz-a-kunbabonyi-kozossegi-haz-es-kepzesi-kozpont-letrehozasa-mukodtetese-es-folyamatos-megujitasanak-kozossegi-tortenete\/#primaryimage"},"image":{"@id":"https:\/\/kofe.hu\/parola\/parola-folyoirat\/a-haz-a-kunbabonyi-kozossegi-haz-es-kepzesi-kozpont-letrehozasa-mukodtetese-es-folyamatos-megujitasanak-kozossegi-tortenete\/#primaryimage"},"thumbnailUrl":"https:\/\/kofe.hu\/parola\/wp-content\/uploads\/2023\/03\/20231_17-2.jpg","datePublished":"2023-03-31T10:10:21+00:00","dateModified":"2023-04-05T08:52:40+00:00","author":{"@id":"https:\/\/kofe.hu\/parola\/#\/schema\/person\/1b6db5cf12776157324bae6924ca9bd0"},"breadcrumb":{"@id":"https:\/\/kofe.hu\/parola\/parola-folyoirat\/a-haz-a-kunbabonyi-kozossegi-haz-es-kepzesi-kozpont-letrehozasa-mukodtetese-es-folyamatos-megujitasanak-kozossegi-tortenete\/#breadcrumb"},"inLanguage":"hu","potentialAction":[{"@type":"ReadAction","target":["https:\/\/kofe.hu\/parola\/parola-folyoirat\/a-haz-a-kunbabonyi-kozossegi-haz-es-kepzesi-kozpont-letrehozasa-mukodtetese-es-folyamatos-megujitasanak-kozossegi-tortenete\/"]}]},{"@type":"ImageObject","inLanguage":"hu","@id":"https:\/\/kofe.hu\/parola\/parola-folyoirat\/a-haz-a-kunbabonyi-kozossegi-haz-es-kepzesi-kozpont-letrehozasa-mukodtetese-es-folyamatos-megujitasanak-kozossegi-tortenete\/#primaryimage","url":"https:\/\/kofe.hu\/parola\/wp-content\/uploads\/2023\/03\/20231_17-2.jpg","contentUrl":"https:\/\/kofe.hu\/parola\/wp-content\/uploads\/2023\/03\/20231_17-2.jpg","width":700,"height":525,"caption":"cof"},{"@type":"BreadcrumbList","@id":"https:\/\/kofe.hu\/parola\/parola-folyoirat\/a-haz-a-kunbabonyi-kozossegi-haz-es-kepzesi-kozpont-letrehozasa-mukodtetese-es-folyamatos-megujitasanak-kozossegi-tortenete\/#breadcrumb","itemListElement":[{"@type":"ListItem","position":1,"name":"Home","item":"https:\/\/kofe.hu\/parola\/"},{"@type":"ListItem","position":2,"name":"A H\u00c1Z &#8211; A Kunb\u00e1bonyi K\u00f6z\u00f6ss\u00e9gi H\u00e1z \u00e9s K\u00e9pz\u00e9si K\u00f6zpont l\u00e9trehoz\u00e1sa, m\u0171k\u00f6dtet\u00e9se \u00e9s folyamatos meg\u00faj\u00edt\u00e1s\u00e1nak k\u00f6z\u00f6ss\u00e9gi t\u00f6rt\u00e9nete"}]},{"@type":"WebSite","@id":"https:\/\/kofe.hu\/parola\/#website","url":"https:\/\/kofe.hu\/parola\/","name":"Parola Foly\u00f3irat","description":"","potentialAction":[{"@type":"SearchAction","target":{"@type":"EntryPoint","urlTemplate":"https:\/\/kofe.hu\/parola\/?s={search_term_string}"},"query-input":{"@type":"PropertyValueSpecification","valueRequired":true,"valueName":"search_term_string"}}],"inLanguage":"hu"},{"@type":"Person","@id":"https:\/\/kofe.hu\/parola\/#\/schema\/person\/1b6db5cf12776157324bae6924ca9bd0","name":"M\u00e9sz\u00e1ros Zsuzsa","image":{"@type":"ImageObject","inLanguage":"hu","@id":"https:\/\/kofe.hu\/parola\/#\/schema\/person\/image\/bf04ecebddb26c65c5a2e5766159e39e","url":"https:\/\/secure.gravatar.com\/avatar\/d4a4ba16dcc949be5321019ea5b3555cb23cbfa014209f2a9bbb02f700a829d2?s=96&d=mm&r=g","contentUrl":"https:\/\/secure.gravatar.com\/avatar\/d4a4ba16dcc949be5321019ea5b3555cb23cbfa014209f2a9bbb02f700a829d2?s=96&d=mm&r=g","caption":"M\u00e9sz\u00e1ros Zsuzsa"},"url":"https:\/\/kofe.hu\/parola\/szerzok\/meszaros-zsuzsa\/"}]}},"_links":{"self":[{"href":"https:\/\/kofe.hu\/parola\/wp-json\/wp\/v2\/posts\/7168","targetHints":{"allow":["GET"]}}],"collection":[{"href":"https:\/\/kofe.hu\/parola\/wp-json\/wp\/v2\/posts"}],"about":[{"href":"https:\/\/kofe.hu\/parola\/wp-json\/wp\/v2\/types\/post"}],"author":[{"embeddable":true,"href":"https:\/\/kofe.hu\/parola\/wp-json\/wp\/v2\/users\/30"}],"replies":[{"embeddable":true,"href":"https:\/\/kofe.hu\/parola\/wp-json\/wp\/v2\/comments?post=7168"}],"version-history":[{"count":4,"href":"https:\/\/kofe.hu\/parola\/wp-json\/wp\/v2\/posts\/7168\/revisions"}],"predecessor-version":[{"id":7350,"href":"https:\/\/kofe.hu\/parola\/wp-json\/wp\/v2\/posts\/7168\/revisions\/7350"}],"wp:featuredmedia":[{"embeddable":true,"href":"https:\/\/kofe.hu\/parola\/wp-json\/wp\/v2\/media\/7172"}],"wp:attachment":[{"href":"https:\/\/kofe.hu\/parola\/wp-json\/wp\/v2\/media?parent=7168"}],"wp:term":[{"taxonomy":"category","embeddable":true,"href":"https:\/\/kofe.hu\/parola\/wp-json\/wp\/v2\/categories?post=7168"},{"taxonomy":"post_tag","embeddable":true,"href":"https:\/\/kofe.hu\/parola\/wp-json\/wp\/v2\/tags?post=7168"},{"taxonomy":"author","embeddable":true,"href":"https:\/\/kofe.hu\/parola\/wp-json\/wp\/v2\/coauthors?post=7168"}],"curies":[{"name":"wp","href":"https:\/\/api.w.org\/{rel}","templated":true}]}}