{"id":7132,"date":"2022-12-26T11:14:10","date_gmt":"2022-12-26T11:14:10","guid":{"rendered":"https:\/\/kofe.hu\/parola\/?p=7132"},"modified":"2023-01-11T20:22:07","modified_gmt":"2023-01-11T20:22:07","slug":"szerkesztoi-eloszo-a-parola-kozossegi-folyoirat-2022-4-szamahoz","status":"publish","type":"post","link":"https:\/\/kofe.hu\/parola\/parola-folyoirat\/szerkesztoi-eloszo-a-parola-kozossegi-folyoirat-2022-4-szamahoz\/","title":{"rendered":"Szerkeszt\u0151i el\u0151sz\u00f3 a Parola K\u00f6z\u00f6ss\u00e9gi Foly\u00f3irat 2022\/4. sz\u00e1m\u00e1hoz"},"content":{"rendered":"<p>A Parola 2022-es 4. sz\u00e1m\u00e1nak nagyobbik fel\u00e9ben az idei \u00e9v egyik kulcsesem\u00e9ny\u00e9vel, a K\u00f6z\u00f6ss\u00e9g Konferenci\u00e1val foglalkozunk, melyre novemberben, Kunb\u00e1bonyban ker\u00fclt sor.<\/p>\n<p>Ezen t\u00fal a feln\u0151ttkori tanul\u00e1st seg\u00edt\u0151 programot, a feln\u0151ttk\u00e9pz\u00e9st \u2013 f\u0151k\u00e9nt annak k\u00f6z\u00f6ss\u00e9gi tartalm\u00fa lehet\u0151s\u00e9geit \u2013 k\u00f6z\u00f6ss\u00e9gfejleszt\u00e9si vonatkoz\u00e1sait, mutatja be t\u00f6bb \u00edr\u00e1sunk.<\/p>\n<p>Olvashatnak a dr\u00e1matan\u00edt\u00e1s k\u00f6z\u00f6ss\u00e9gi jelent\u0151s\u00e9g\u00e9r\u0151l, az \u00f6kol\u00f3giai k\u00f6z\u00f6ss\u00e9g, hum\u00e1n\u00f6kol\u00f3gia k\u00e9rd\u00e9s\u00e9r\u0151l, rendszeresen \u2013 \u00edgy most is \u2013 k\u00f6zl\u00fcnk \u00f6sszegy\u0171jt\u00f6tt aj\u00e1nl\u00f3t k\u00fcl\u00f6nf\u00e9le k\u00f6z\u00f6ss\u00e9gi megold\u00e1sokr\u00f3l.<\/p>\n<p>Ahogy fentebb jelezt\u00fck, a Kunb\u00e1bonyban tartott \u00e9ves K\u00f6z\u00f6ss\u00e9g Konferencia el\u0151ad\u00e1sait tekintj\u00fck \u00e1t, \u00edgy Schiffer Andr\u00e1s, Pog\u00e1tsa Zolt\u00e1n \u00e9s Pataki Gy\u00f6rgy gondolatait ismerhetj\u00fck meg a jelen t\u00e1rsadalmi folyamatainak \u00e9s k\u00f6z\u00f6ss\u00e9gfejleszt\u00e9si kil\u00e1t\u00e1sainak t\u00fckr\u00e9ben.<\/p>\n<p>J\u00f3 tall\u00f3z\u00e1st, olvas\u00e1st k\u00edv\u00e1n a szerkeszt\u0151bizotts\u00e1g nev\u00e9ben<\/p>\n<p>&nbsp;<\/p>\n<p><img loading=\"lazy\" decoding=\"async\" class=\"alignright size-full wp-image-6668\" src=\"https:\/\/kofe.hu\/parola\/wp-content\/uploads\/2022\/04\/2022-1-2-7.jpg\" alt=\"\" width=\"150\" height=\"150\" srcset=\"https:\/\/kofe.hu\/parola\/wp-content\/uploads\/2022\/04\/2022-1-2-7.jpg 150w, https:\/\/kofe.hu\/parola\/wp-content\/uploads\/2022\/04\/2022-1-2-7-10x10.jpg 10w\" sizes=\"auto, (max-width: 150px) 100vw, 150px\" \/>Hern\u00e1di Anna Borb\u00e1la<\/p>\n<p>kor\u00e1bban m\u0171vel\u0151d\u00e9sszervez\u0151 Ferencv\u00e1rosban, \u00f6nk\u00e9ntes K\u00f3spallagon, elk\u00f6telezett a fenntarthat\u00f3s\u00e1g \u00fcgye mellett, a magyar vid\u00e9k szerelmese. Szeretne min\u00e9l t\u00f6bbet l\u00e1tni, tapasztalni \u00e9s \u00e9rteni a vil\u00e1gb\u00f3l.<\/p>\n","protected":false},"excerpt":{"rendered":"<p>A Parola 2022-es 4. sz\u00e1m\u00e1nak nagyobbik fel\u00e9ben az idei \u00e9v egyik kulcsesem\u00e9ny\u00e9vel, a K\u00f6z\u00f6ss\u00e9g Konferenci\u00e1val foglalkozunk, melyre novemberben, Kunb\u00e1bonyban ker\u00fclt sor. Ezen t\u00fal a feln\u0151ttkori tanul\u00e1st seg\u00edt\u0151 programot, a feln\u0151ttk\u00e9pz\u00e9st \u2013 f\u0151k\u00e9nt annak k\u00f6z\u00f6ss\u00e9gi tartalm\u00fa lehet\u0151s\u00e9geit \u2013 k\u00f6z\u00f6ss\u00e9gfejleszt\u00e9si vonatkoz\u00e1sait, mutatja be t\u00f6bb \u00edr\u00e1sunk. Olvashatnak a dr\u00e1matan\u00edt\u00e1s k\u00f6z\u00f6ss\u00e9gi jelent\u0151s\u00e9g\u00e9r\u0151l, az \u00f6kol\u00f3giai k\u00f6z\u00f6ss\u00e9g, hum\u00e1n\u00f6kol\u00f3gia k\u00e9rd\u00e9s\u00e9r\u0151l, rendszeresen \u2013 [&hellip;]<\/p>\n","protected":false},"author":546,"featured_media":7133,"comment_status":"open","ping_status":"open","sticky":false,"template":"","format":"standard","meta":{"_acf_changed":false,"footnotes":""},"categories":[1092,8,7],"tags":[728],"coauthors":[769],"class_list":["post-7132","post","type-post","status-publish","format-standard","has-post-thumbnail","hentry","category-parola-2022-4-parola-folyoirat","category-parola-folyoirat","category-repertorium","tag-eloszo"],"acf":[],"yoast_head":"<!-- This site is optimized with the Yoast SEO plugin v26.7 - https:\/\/yoast.com\/wordpress\/plugins\/seo\/ -->\n<title>Szerkeszt\u0151i el\u0151sz\u00f3 a Parola K\u00f6z\u00f6ss\u00e9gi Foly\u00f3irat 2022\/4. sz\u00e1m\u00e1hoz - Parola Foly\u00f3irat<\/title>\n<meta name=\"robots\" content=\"index, follow, max-snippet:-1, max-image-preview:large, max-video-preview:-1\" \/>\n<link rel=\"canonical\" href=\"https:\/\/kofe.hu\/parola\/parola-folyoirat\/szerkesztoi-eloszo-a-parola-kozossegi-folyoirat-2022-4-szamahoz\/\" \/>\n<meta property=\"og:locale\" content=\"hu_HU\" \/>\n<meta property=\"og:type\" content=\"article\" \/>\n<meta property=\"og:title\" content=\"Szerkeszt\u0151i el\u0151sz\u00f3 a Parola K\u00f6z\u00f6ss\u00e9gi Foly\u00f3irat 2022\/4. sz\u00e1m\u00e1hoz - Parola Foly\u00f3irat\" \/>\n<meta property=\"og:description\" content=\"A Parola 2022-es 4. sz\u00e1m\u00e1nak nagyobbik fel\u00e9ben az idei \u00e9v egyik kulcsesem\u00e9ny\u00e9vel, a K\u00f6z\u00f6ss\u00e9g Konferenci\u00e1val foglalkozunk, melyre novemberben, Kunb\u00e1bonyban ker\u00fclt sor. Ezen t\u00fal a feln\u0151ttkori tanul\u00e1st seg\u00edt\u0151 programot, a feln\u0151ttk\u00e9pz\u00e9st \u2013 f\u0151k\u00e9nt annak k\u00f6z\u00f6ss\u00e9gi tartalm\u00fa lehet\u0151s\u00e9geit \u2013 k\u00f6z\u00f6ss\u00e9gfejleszt\u00e9si vonatkoz\u00e1sait, mutatja be t\u00f6bb \u00edr\u00e1sunk. Olvashatnak a dr\u00e1matan\u00edt\u00e1s k\u00f6z\u00f6ss\u00e9gi jelent\u0151s\u00e9g\u00e9r\u0151l, az \u00f6kol\u00f3giai k\u00f6z\u00f6ss\u00e9g, hum\u00e1n\u00f6kol\u00f3gia k\u00e9rd\u00e9s\u00e9r\u0151l, rendszeresen \u2013 [&hellip;]\" \/>\n<meta property=\"og:url\" content=\"https:\/\/kofe.hu\/parola\/parola-folyoirat\/szerkesztoi-eloszo-a-parola-kozossegi-folyoirat-2022-4-szamahoz\/\" \/>\n<meta property=\"og:site_name\" content=\"Parola Foly\u00f3irat\" \/>\n<meta property=\"article:published_time\" content=\"2022-12-26T11:14:10+00:00\" \/>\n<meta property=\"article:modified_time\" content=\"2023-01-11T20:22:07+00:00\" \/>\n<meta property=\"og:image\" content=\"https:\/\/kofe.hu\/parola\/wp-content\/uploads\/2022\/12\/P1210075.jpg\" \/>\n\t<meta property=\"og:image:width\" content=\"700\" \/>\n\t<meta property=\"og:image:height\" content=\"467\" \/>\n\t<meta property=\"og:image:type\" content=\"image\/jpeg\" \/>\n<meta name=\"author\" content=\"Hern\u00e1di Anna Borb\u00e1la\" \/>\n<meta name=\"twitter:card\" content=\"summary_large_image\" \/>\n<meta name=\"twitter:label1\" content=\"Szerz\u0151:\" \/>\n\t<meta name=\"twitter:data1\" content=\"Hern\u00e1di Anna Borb\u00e1la\" \/>\n\t<meta name=\"twitter:label2\" content=\"Becs\u00fclt olvas\u00e1si id\u0151\" \/>\n\t<meta name=\"twitter:data2\" content=\"1 perc\" \/>\n\t<meta name=\"twitter:label3\" content=\"Written by\" \/>\n\t<meta name=\"twitter:data3\" content=\"Hern\u00e1di Anna Borb\u00e1la\" \/>\n<script type=\"application\/ld+json\" class=\"yoast-schema-graph\">{\"@context\":\"https:\/\/schema.org\",\"@graph\":[{\"@type\":\"Article\",\"@id\":\"https:\/\/kofe.hu\/parola\/parola-folyoirat\/szerkesztoi-eloszo-a-parola-kozossegi-folyoirat-2022-4-szamahoz\/#article\",\"isPartOf\":{\"@id\":\"https:\/\/kofe.hu\/parola\/parola-folyoirat\/szerkesztoi-eloszo-a-parola-kozossegi-folyoirat-2022-4-szamahoz\/\"},\"author\":{\"name\":\"Hern\u00e1di Anna Borb\u00e1la\",\"@id\":\"https:\/\/kofe.hu\/parola\/#\/schema\/person\/3dede537b706d1743b1374bab8b12c27\"},\"headline\":\"Szerkeszt\u0151i el\u0151sz\u00f3 a Parola K\u00f6z\u00f6ss\u00e9gi Foly\u00f3irat 2022\/4. sz\u00e1m\u00e1hoz\",\"datePublished\":\"2022-12-26T11:14:10+00:00\",\"dateModified\":\"2023-01-11T20:22:07+00:00\",\"mainEntityOfPage\":{\"@id\":\"https:\/\/kofe.hu\/parola\/parola-folyoirat\/szerkesztoi-eloszo-a-parola-kozossegi-folyoirat-2022-4-szamahoz\/\"},\"wordCount\":255,\"commentCount\":0,\"image\":{\"@id\":\"https:\/\/kofe.hu\/parola\/parola-folyoirat\/szerkesztoi-eloszo-a-parola-kozossegi-folyoirat-2022-4-szamahoz\/#primaryimage\"},\"thumbnailUrl\":\"https:\/\/kofe.hu\/parola\/wp-content\/uploads\/2022\/12\/P1210075.jpg\",\"keywords\":[\"el\u0151sz\u00f3\"],\"articleSection\":[\"Parola 2022\/4\",\"Parola Foly\u00f3irat\",\"Repert\u00f3rium\"],\"inLanguage\":\"hu\",\"potentialAction\":[{\"@type\":\"CommentAction\",\"name\":\"Comment\",\"target\":[\"https:\/\/kofe.hu\/parola\/parola-folyoirat\/szerkesztoi-eloszo-a-parola-kozossegi-folyoirat-2022-4-szamahoz\/#respond\"]}]},{\"@type\":\"WebPage\",\"@id\":\"https:\/\/kofe.hu\/parola\/parola-folyoirat\/szerkesztoi-eloszo-a-parola-kozossegi-folyoirat-2022-4-szamahoz\/\",\"url\":\"https:\/\/kofe.hu\/parola\/parola-folyoirat\/szerkesztoi-eloszo-a-parola-kozossegi-folyoirat-2022-4-szamahoz\/\",\"name\":\"Szerkeszt\u0151i el\u0151sz\u00f3 a Parola K\u00f6z\u00f6ss\u00e9gi Foly\u00f3irat 2022\/4. sz\u00e1m\u00e1hoz - Parola Foly\u00f3irat\",\"isPartOf\":{\"@id\":\"https:\/\/kofe.hu\/parola\/#website\"},\"primaryImageOfPage\":{\"@id\":\"https:\/\/kofe.hu\/parola\/parola-folyoirat\/szerkesztoi-eloszo-a-parola-kozossegi-folyoirat-2022-4-szamahoz\/#primaryimage\"},\"image\":{\"@id\":\"https:\/\/kofe.hu\/parola\/parola-folyoirat\/szerkesztoi-eloszo-a-parola-kozossegi-folyoirat-2022-4-szamahoz\/#primaryimage\"},\"thumbnailUrl\":\"https:\/\/kofe.hu\/parola\/wp-content\/uploads\/2022\/12\/P1210075.jpg\",\"datePublished\":\"2022-12-26T11:14:10+00:00\",\"dateModified\":\"2023-01-11T20:22:07+00:00\",\"author\":{\"@id\":\"https:\/\/kofe.hu\/parola\/#\/schema\/person\/3dede537b706d1743b1374bab8b12c27\"},\"breadcrumb\":{\"@id\":\"https:\/\/kofe.hu\/parola\/parola-folyoirat\/szerkesztoi-eloszo-a-parola-kozossegi-folyoirat-2022-4-szamahoz\/#breadcrumb\"},\"inLanguage\":\"hu\",\"potentialAction\":[{\"@type\":\"ReadAction\",\"target\":[\"https:\/\/kofe.hu\/parola\/parola-folyoirat\/szerkesztoi-eloszo-a-parola-kozossegi-folyoirat-2022-4-szamahoz\/\"]}]},{\"@type\":\"ImageObject\",\"inLanguage\":\"hu\",\"@id\":\"https:\/\/kofe.hu\/parola\/parola-folyoirat\/szerkesztoi-eloszo-a-parola-kozossegi-folyoirat-2022-4-szamahoz\/#primaryimage\",\"url\":\"https:\/\/kofe.hu\/parola\/wp-content\/uploads\/2022\/12\/P1210075.jpg\",\"contentUrl\":\"https:\/\/kofe.hu\/parola\/wp-content\/uploads\/2022\/12\/P1210075.jpg\",\"width\":700,\"height\":467},{\"@type\":\"BreadcrumbList\",\"@id\":\"https:\/\/kofe.hu\/parola\/parola-folyoirat\/szerkesztoi-eloszo-a-parola-kozossegi-folyoirat-2022-4-szamahoz\/#breadcrumb\",\"itemListElement\":[{\"@type\":\"ListItem\",\"position\":1,\"name\":\"Home\",\"item\":\"https:\/\/kofe.hu\/parola\/\"},{\"@type\":\"ListItem\",\"position\":2,\"name\":\"Szerkeszt\u0151i el\u0151sz\u00f3 a Parola K\u00f6z\u00f6ss\u00e9gi Foly\u00f3irat 2022\/4. sz\u00e1m\u00e1hoz\"}]},{\"@type\":\"WebSite\",\"@id\":\"https:\/\/kofe.hu\/parola\/#website\",\"url\":\"https:\/\/kofe.hu\/parola\/\",\"name\":\"Parola Foly\u00f3irat\",\"description\":\"\",\"potentialAction\":[{\"@type\":\"SearchAction\",\"target\":{\"@type\":\"EntryPoint\",\"urlTemplate\":\"https:\/\/kofe.hu\/parola\/?s={search_term_string}\"},\"query-input\":{\"@type\":\"PropertyValueSpecification\",\"valueRequired\":true,\"valueName\":\"search_term_string\"}}],\"inLanguage\":\"hu\"},{\"@type\":\"Person\",\"@id\":\"https:\/\/kofe.hu\/parola\/#\/schema\/person\/3dede537b706d1743b1374bab8b12c27\",\"name\":\"Hern\u00e1di Anna Borb\u00e1la\",\"image\":{\"@type\":\"ImageObject\",\"inLanguage\":\"hu\",\"@id\":\"https:\/\/kofe.hu\/parola\/#\/schema\/person\/image\/4946219ea3d492d68a6ea7819b3ed15c\",\"url\":\"https:\/\/secure.gravatar.com\/avatar\/3b2cbd2ba332abfd115f553e28a5128ebf6798e4f9dce2429e53944976781742?s=96&d=mm&r=g\",\"contentUrl\":\"https:\/\/secure.gravatar.com\/avatar\/3b2cbd2ba332abfd115f553e28a5128ebf6798e4f9dce2429e53944976781742?s=96&d=mm&r=g\",\"caption\":\"Hern\u00e1di Anna Borb\u00e1la\"},\"url\":\"https:\/\/kofe.hu\/parola\/szerzok\/hernadi-anna-borbala\/\"}]}<\/script>\n<!-- \/ Yoast SEO plugin. -->","yoast_head_json":{"title":"Szerkeszt\u0151i el\u0151sz\u00f3 a Parola K\u00f6z\u00f6ss\u00e9gi Foly\u00f3irat 2022\/4. sz\u00e1m\u00e1hoz - Parola Foly\u00f3irat","robots":{"index":"index","follow":"follow","max-snippet":"max-snippet:-1","max-image-preview":"max-image-preview:large","max-video-preview":"max-video-preview:-1"},"canonical":"https:\/\/kofe.hu\/parola\/parola-folyoirat\/szerkesztoi-eloszo-a-parola-kozossegi-folyoirat-2022-4-szamahoz\/","og_locale":"hu_HU","og_type":"article","og_title":"Szerkeszt\u0151i el\u0151sz\u00f3 a Parola K\u00f6z\u00f6ss\u00e9gi Foly\u00f3irat 2022\/4. sz\u00e1m\u00e1hoz - Parola Foly\u00f3irat","og_description":"A Parola 2022-es 4. sz\u00e1m\u00e1nak nagyobbik fel\u00e9ben az idei \u00e9v egyik kulcsesem\u00e9ny\u00e9vel, a K\u00f6z\u00f6ss\u00e9g Konferenci\u00e1val foglalkozunk, melyre novemberben, Kunb\u00e1bonyban ker\u00fclt sor. Ezen t\u00fal a feln\u0151ttkori tanul\u00e1st seg\u00edt\u0151 programot, a feln\u0151ttk\u00e9pz\u00e9st \u2013 f\u0151k\u00e9nt annak k\u00f6z\u00f6ss\u00e9gi tartalm\u00fa lehet\u0151s\u00e9geit \u2013 k\u00f6z\u00f6ss\u00e9gfejleszt\u00e9si vonatkoz\u00e1sait, mutatja be t\u00f6bb \u00edr\u00e1sunk. Olvashatnak a dr\u00e1matan\u00edt\u00e1s k\u00f6z\u00f6ss\u00e9gi jelent\u0151s\u00e9g\u00e9r\u0151l, az \u00f6kol\u00f3giai k\u00f6z\u00f6ss\u00e9g, hum\u00e1n\u00f6kol\u00f3gia k\u00e9rd\u00e9s\u00e9r\u0151l, rendszeresen \u2013 [&hellip;]","og_url":"https:\/\/kofe.hu\/parola\/parola-folyoirat\/szerkesztoi-eloszo-a-parola-kozossegi-folyoirat-2022-4-szamahoz\/","og_site_name":"Parola Foly\u00f3irat","article_published_time":"2022-12-26T11:14:10+00:00","article_modified_time":"2023-01-11T20:22:07+00:00","og_image":[{"width":700,"height":467,"url":"https:\/\/kofe.hu\/parola\/wp-content\/uploads\/2022\/12\/P1210075.jpg","type":"image\/jpeg"}],"author":"Hern\u00e1di Anna Borb\u00e1la","twitter_card":"summary_large_image","twitter_misc":{"Szerz\u0151:":"Hern\u00e1di Anna Borb\u00e1la","Becs\u00fclt olvas\u00e1si id\u0151":"1 perc","Written by":"Hern\u00e1di Anna Borb\u00e1la"},"schema":{"@context":"https:\/\/schema.org","@graph":[{"@type":"Article","@id":"https:\/\/kofe.hu\/parola\/parola-folyoirat\/szerkesztoi-eloszo-a-parola-kozossegi-folyoirat-2022-4-szamahoz\/#article","isPartOf":{"@id":"https:\/\/kofe.hu\/parola\/parola-folyoirat\/szerkesztoi-eloszo-a-parola-kozossegi-folyoirat-2022-4-szamahoz\/"},"author":{"name":"Hern\u00e1di Anna Borb\u00e1la","@id":"https:\/\/kofe.hu\/parola\/#\/schema\/person\/3dede537b706d1743b1374bab8b12c27"},"headline":"Szerkeszt\u0151i el\u0151sz\u00f3 a Parola K\u00f6z\u00f6ss\u00e9gi Foly\u00f3irat 2022\/4. sz\u00e1m\u00e1hoz","datePublished":"2022-12-26T11:14:10+00:00","dateModified":"2023-01-11T20:22:07+00:00","mainEntityOfPage":{"@id":"https:\/\/kofe.hu\/parola\/parola-folyoirat\/szerkesztoi-eloszo-a-parola-kozossegi-folyoirat-2022-4-szamahoz\/"},"wordCount":255,"commentCount":0,"image":{"@id":"https:\/\/kofe.hu\/parola\/parola-folyoirat\/szerkesztoi-eloszo-a-parola-kozossegi-folyoirat-2022-4-szamahoz\/#primaryimage"},"thumbnailUrl":"https:\/\/kofe.hu\/parola\/wp-content\/uploads\/2022\/12\/P1210075.jpg","keywords":["el\u0151sz\u00f3"],"articleSection":["Parola 2022\/4","Parola Foly\u00f3irat","Repert\u00f3rium"],"inLanguage":"hu","potentialAction":[{"@type":"CommentAction","name":"Comment","target":["https:\/\/kofe.hu\/parola\/parola-folyoirat\/szerkesztoi-eloszo-a-parola-kozossegi-folyoirat-2022-4-szamahoz\/#respond"]}]},{"@type":"WebPage","@id":"https:\/\/kofe.hu\/parola\/parola-folyoirat\/szerkesztoi-eloszo-a-parola-kozossegi-folyoirat-2022-4-szamahoz\/","url":"https:\/\/kofe.hu\/parola\/parola-folyoirat\/szerkesztoi-eloszo-a-parola-kozossegi-folyoirat-2022-4-szamahoz\/","name":"Szerkeszt\u0151i el\u0151sz\u00f3 a Parola K\u00f6z\u00f6ss\u00e9gi Foly\u00f3irat 2022\/4. sz\u00e1m\u00e1hoz - Parola Foly\u00f3irat","isPartOf":{"@id":"https:\/\/kofe.hu\/parola\/#website"},"primaryImageOfPage":{"@id":"https:\/\/kofe.hu\/parola\/parola-folyoirat\/szerkesztoi-eloszo-a-parola-kozossegi-folyoirat-2022-4-szamahoz\/#primaryimage"},"image":{"@id":"https:\/\/kofe.hu\/parola\/parola-folyoirat\/szerkesztoi-eloszo-a-parola-kozossegi-folyoirat-2022-4-szamahoz\/#primaryimage"},"thumbnailUrl":"https:\/\/kofe.hu\/parola\/wp-content\/uploads\/2022\/12\/P1210075.jpg","datePublished":"2022-12-26T11:14:10+00:00","dateModified":"2023-01-11T20:22:07+00:00","author":{"@id":"https:\/\/kofe.hu\/parola\/#\/schema\/person\/3dede537b706d1743b1374bab8b12c27"},"breadcrumb":{"@id":"https:\/\/kofe.hu\/parola\/parola-folyoirat\/szerkesztoi-eloszo-a-parola-kozossegi-folyoirat-2022-4-szamahoz\/#breadcrumb"},"inLanguage":"hu","potentialAction":[{"@type":"ReadAction","target":["https:\/\/kofe.hu\/parola\/parola-folyoirat\/szerkesztoi-eloszo-a-parola-kozossegi-folyoirat-2022-4-szamahoz\/"]}]},{"@type":"ImageObject","inLanguage":"hu","@id":"https:\/\/kofe.hu\/parola\/parola-folyoirat\/szerkesztoi-eloszo-a-parola-kozossegi-folyoirat-2022-4-szamahoz\/#primaryimage","url":"https:\/\/kofe.hu\/parola\/wp-content\/uploads\/2022\/12\/P1210075.jpg","contentUrl":"https:\/\/kofe.hu\/parola\/wp-content\/uploads\/2022\/12\/P1210075.jpg","width":700,"height":467},{"@type":"BreadcrumbList","@id":"https:\/\/kofe.hu\/parola\/parola-folyoirat\/szerkesztoi-eloszo-a-parola-kozossegi-folyoirat-2022-4-szamahoz\/#breadcrumb","itemListElement":[{"@type":"ListItem","position":1,"name":"Home","item":"https:\/\/kofe.hu\/parola\/"},{"@type":"ListItem","position":2,"name":"Szerkeszt\u0151i el\u0151sz\u00f3 a Parola K\u00f6z\u00f6ss\u00e9gi Foly\u00f3irat 2022\/4. sz\u00e1m\u00e1hoz"}]},{"@type":"WebSite","@id":"https:\/\/kofe.hu\/parola\/#website","url":"https:\/\/kofe.hu\/parola\/","name":"Parola Foly\u00f3irat","description":"","potentialAction":[{"@type":"SearchAction","target":{"@type":"EntryPoint","urlTemplate":"https:\/\/kofe.hu\/parola\/?s={search_term_string}"},"query-input":{"@type":"PropertyValueSpecification","valueRequired":true,"valueName":"search_term_string"}}],"inLanguage":"hu"},{"@type":"Person","@id":"https:\/\/kofe.hu\/parola\/#\/schema\/person\/3dede537b706d1743b1374bab8b12c27","name":"Hern\u00e1di Anna Borb\u00e1la","image":{"@type":"ImageObject","inLanguage":"hu","@id":"https:\/\/kofe.hu\/parola\/#\/schema\/person\/image\/4946219ea3d492d68a6ea7819b3ed15c","url":"https:\/\/secure.gravatar.com\/avatar\/3b2cbd2ba332abfd115f553e28a5128ebf6798e4f9dce2429e53944976781742?s=96&d=mm&r=g","contentUrl":"https:\/\/secure.gravatar.com\/avatar\/3b2cbd2ba332abfd115f553e28a5128ebf6798e4f9dce2429e53944976781742?s=96&d=mm&r=g","caption":"Hern\u00e1di Anna Borb\u00e1la"},"url":"https:\/\/kofe.hu\/parola\/szerzok\/hernadi-anna-borbala\/"}]}},"_links":{"self":[{"href":"https:\/\/kofe.hu\/parola\/wp-json\/wp\/v2\/posts\/7132","targetHints":{"allow":["GET"]}}],"collection":[{"href":"https:\/\/kofe.hu\/parola\/wp-json\/wp\/v2\/posts"}],"about":[{"href":"https:\/\/kofe.hu\/parola\/wp-json\/wp\/v2\/types\/post"}],"author":[{"embeddable":true,"href":"https:\/\/kofe.hu\/parola\/wp-json\/wp\/v2\/users\/546"}],"replies":[{"embeddable":true,"href":"https:\/\/kofe.hu\/parola\/wp-json\/wp\/v2\/comments?post=7132"}],"version-history":[{"count":3,"href":"https:\/\/kofe.hu\/parola\/wp-json\/wp\/v2\/posts\/7132\/revisions"}],"predecessor-version":[{"id":7158,"href":"https:\/\/kofe.hu\/parola\/wp-json\/wp\/v2\/posts\/7132\/revisions\/7158"}],"wp:featuredmedia":[{"embeddable":true,"href":"https:\/\/kofe.hu\/parola\/wp-json\/wp\/v2\/media\/7133"}],"wp:attachment":[{"href":"https:\/\/kofe.hu\/parola\/wp-json\/wp\/v2\/media?parent=7132"}],"wp:term":[{"taxonomy":"category","embeddable":true,"href":"https:\/\/kofe.hu\/parola\/wp-json\/wp\/v2\/categories?post=7132"},{"taxonomy":"post_tag","embeddable":true,"href":"https:\/\/kofe.hu\/parola\/wp-json\/wp\/v2\/tags?post=7132"},{"taxonomy":"author","embeddable":true,"href":"https:\/\/kofe.hu\/parola\/wp-json\/wp\/v2\/coauthors?post=7132"}],"curies":[{"name":"wp","href":"https:\/\/api.w.org\/{rel}","templated":true}]}}