{"id":7036,"date":"2022-12-21T08:35:37","date_gmt":"2022-12-21T08:35:37","guid":{"rendered":"https:\/\/kofe.hu\/parola\/?p=7036"},"modified":"2023-01-03T19:30:36","modified_gmt":"2023-01-03T19:30:36","slug":"meszaros-zsuzsa-tiz-eve-szovetkezunk-a-kunbabonyi-tizek-kozossegi-szovetkezet-es-a-civil-kollegium","status":"publish","type":"post","link":"https:\/\/kofe.hu\/parola\/repertorium\/meszaros-zsuzsa-tiz-eve-szovetkezunk-a-kunbabonyi-tizek-kozossegi-szovetkezet-es-a-civil-kollegium\/","title":{"rendered":"T\u00edz \u00e9ve sz\u00f6vetkez\u00fcnk &#8211; A Kunb\u00e1bonyi T\u00edzek K\u00f6z\u00f6ss\u00e9gi Sz\u00f6vetkezet \u00e9s a Civil Koll\u00e9gium"},"content":{"rendered":"<p><strong>Egy kitart\u00f3, k\u00f6vetkezetes k\u00f6z\u00f6ss\u00e9gfejleszt\u0151 munka \u00e9s folyamat tal\u00e1lkozhatunk Kunb\u00e1bonyban. A helyi er\u0151forr\u00e1sok felhaszn\u00e1l\u00e1s\u00e1val egy m\u00e1ssal \u00f6ssze nem hasonl\u00edthat\u00f3, kisug\u00e1rz\u00e1s\u00e1val sokakat rabul ejt\u0151 hely ut\u00f3bbi t\u00edz \u00e9v\u00e9nek t\u00f6rt\u00e9nete.<\/strong><!--more--><\/p>\n<p>T\u00f6bb alkalommal, ismer\u0151s\u00f6knek \u00e9s ismeretleneknek, k\u00f6z\u00f6ss\u00e9geknek \u00e9s mag\u00e1nszem\u00e9lyeknek mes\u00e9ltem, el\u0151adtam, besz\u00e9lgettem a Fels\u0151-Kiskuns\u00e1gban foly\u00f3 k\u00f6z\u00f6ss\u00e9gfejleszt\u0151 munk\u00e1r\u00f3l az elm\u00falt 25 \u00e9vben. Amikor k\u00f6z\u00f6ss\u00e9gfejleszt\u00e9st kezdtem tanulni azt hallottam, hogy Angli\u00e1ban egy-egy ter\u00fcleten 20-25 \u00e9vig is tart a k\u00f6z\u00f6ss\u00e9gfejleszt\u0151 munka. Ezt el se tudtam k\u00e9pzelni, t\u00fal sok id\u0151nek t\u0171nt. Mi\u00e9rt is lenne ilyen hossz\u00fa ideig sz\u00fcks\u00e9g k\u00f6z\u00f6ss\u00e9gfejleszt\u0151i beavatkoz\u00e1sra? Mivel m\u00e9g mindig benne \u00e9lek, itt \u00e9lek a Fels\u0151-Kiskuns\u00e1gban, tal\u00e1n nem is tudom racion\u00e1lisan felm\u00e9rni, hogy ez vajon m\u00e9g mindig annak a folyamatnak a r\u00e9sze, amely 1997-ben kezd\u0151d\u00f6tt? Nem kezdem az elej\u00e9r\u0151l, hisz a Parola olvas\u00f3i ismerik m\u00e1r ezt.<a href=\"#_ftn1\" name=\"_ftnref1\"><sup>[1]<\/sup><\/a><\/p>\n<p>A k\u00f6z\u00f6ss\u00e9gfejleszt\u00e9si folyamat sor\u00e1n a legnagyobb \u00e9rdekl\u0151d\u00e9st szakmai k\u00f6rben az a kritikus id\u0151szak v\u00e1ltotta ki, amikor a k\u00f6z\u00f6ss\u00e9gi int\u00e9zm\u00e9nyek megsz\u00fcntet\u00e9se ker\u00fclt napirendre \u00e9s ezzel egy\u00fctt a Magyarorsz\u00e1gon el\u0151sz\u00f6r l\u00e9trej\u00f6tt k\u00f6z\u00f6ss\u00e9gi munk\u00e1s h\u00e1l\u00f3zat \u00e1ltal alak\u00edtott egyes\u00fclet megsz\u0171n\u00e9se. Folytassuk, kezdj\u00fck el\u00f6lr\u0151l, csin\u00e1ljunk valami m\u00e1st?- k\u00e9rdezt\u00fck mi, akik r\u00e9szesei voltunk a folyamatban fent \u00e9s lent egyar\u00e1nt. K\u00e9rdezt\u00e9k t\u0151l\u00fcnk, hogy mi mit szeretn\u00e9nk? A legegy\u00e9rtelm\u0171bb volt azok sz\u00e1m\u00e1ra, akik er\u0151s k\u00f6z\u00f6ss\u00e9get \u00e9reztek egym\u00e1ssal, hogy egy\u00fctt kell maradni \u00e9s k\u00f6z\u00f6sen l\u00e9trehozni valamit.\u00a0 Sz\u00fcks\u00e9g volt a k\u00f6z\u00f6s tev\u00e9kenys\u00e9gre, az egym\u00e1shoz tartoz\u00e1sra \u00e9s persze arra is, hogy legyen valami j\u00f6vedelem mindenki sz\u00e1m\u00e1ra. Az egyes\u00fcletet elhagytuk \u00e9s szoci\u00e1lis sz\u00f6vetkezetet alap\u00edtottunk 2011-ben. \u00dagy \u00e9rezt\u00fck ez a szervezeti forma \u00e1ll legk\u00f6zelebb az \u00e9rt\u00e9krend\u00fcnkh\u00f6z \u00e9s mindahhoz, amit a j\u00f6v\u0151r\u0151l elk\u00e9pzelt\u00fcnk.<\/p>\n<p>A k\u00edv\u00fclr\u0151l j\u00f6tt k\u00f6z\u00f6ss\u00e9gfejleszt\u0151 egyszer csak elkezd \u201emi\u201d r\u00f3lunk besz\u00e9lni. K\u00fcl\u00f6n tanulm\u00e1nyt k\u00edv\u00e1nna annak elemz\u00e9se, hogy hogy lesz a k\u00fcls\u0151 szakember bels\u0151v\u00e9, hogy alakul \u00e1t, \u00e9s hogy marad meg a szerep\u00e9ben.<\/p>\n<p>T\u00e9rj\u00fcnk vissza a sz\u00f6vetkezethez, amely nem csak az\u00e9rt sz\u00fcletett, mert a kor\u00e1bbi k\u00f6z\u00f6ss\u00e9g tagjai egy\u00fctt akartak maradni, hanem az\u00e9rt is, mert megl\u00e1ttunk egy olyan hi\u00e1nyt \u00e9s sz\u00fcks\u00e9gletet, amelynek kiel\u00e9g\u00edt\u00e9s\u00e9re k\u00e9pesnek \u00e9s felk\u00e9sz\u00fcltnek \u00e9rezt\u00fck magukat.\u00a0 Kunb\u00e1bonyban a Civil Koll\u00e9giumban nem volt saj\u00e1t konyha, az oda \u00e9rkez\u0151k \u00e9tteremb\u0151l hozott men\u00fct fogyasztottak. Ez azonban nem volt mindig kiel\u00e9g\u00edt\u0151, illetve l\u00e1tszott, hogy ha egy saj\u00e1t konyha j\u00f6nne l\u00e9tre, akkor az jobban tudna alkalmazkodni az ig\u00e9nyekhez. Ez volt a legfizet\u0151k\u00e9pesebb \u00f6tlet az \u00f6sszes k\u00f6z\u00fcl, amelyet v\u00e9giggondoltunk.\u00a0 A t\u00f6rt\u00e9net v\u00e9g\u00e9re kider\u00fcl, hogy ez az akkori \u00e1lom hogyan is val\u00f3sult meg a v\u00e1ltoz\u00f3 k\u00f6r\u00fclm\u00e9nyek t\u00e1mogat\u00e1sa \u00e1ltal.<\/p>\n<p><strong>Az egy\u00fcttm\u0171k\u00f6d\u00e9s kezdete<\/strong><\/p>\n<p>A Civil Koll\u00e9gium Alap\u00edtv\u00e1ny 2012-ben megb\u00edzta az akkor m\u00e9g Adacs-B\u00e1bony Szoci\u00e1lis Sz\u00f6vetkezetet a Civil Koll\u00e9gium kunb\u00e1bonyi k\u00e9pz\u00e9si k\u00f6zpontj\u00e1nak \u00fczemeltet\u00e9s\u00e9vel.\u00a0 Eleinte csak v\u00e1s\u00e1rolt szolg\u00e1ltat\u00e1sk\u00e9nt fizette meg az Alap\u00edtv\u00e1ny a sz\u00f6vetkezet munk\u00e1j\u00e1t (takar\u00edt\u00e1s, kiszolg\u00e1l\u00e1s, z\u00f6ldter\u00fclet gondoz\u00e1s), majd ahogy l\u00e1tszott, hogy a sz\u00f6vetkezet egyre t\u00f6bb ter\u00fcleten kezdem\u00e9nyez \u00faj szolg\u00e1ltat\u00e1sokat, kezdi a h\u00e1zat j\u00f3 gondnokk\u00e9nt kezelni, \u00fagy v\u00e1ltozott a gazdas\u00e1gi egy\u00fcttm\u0171k\u00f6d\u00e9s kerete. El\u0151sz\u00f6r a sz\u00e1ll\u00e1shely bev\u00e9tele, majd az \u00e9tkez\u00e9sb\u0151l sz\u00e1rmaz\u00f3 bev\u00e9tel, ut\u00e1na a teremb\u00e9r, k\u00e9s\u0151bb minden bev\u00e9tel a sz\u00f6vetkezethez futott be. Ezzel egyidej\u0171leg a k\u00f6lts\u00e9gek fedez\u00e9se is a befoly\u00f3 bev\u00e9telekb\u0151l ker\u00fclt kiegyenl\u00edt\u00e9sre. Mi kellett ehhez? Els\u0151sorban bizalom, de volt n\u00e9h\u00e1ny praktikus oldala is. A k\u00f6z\u00fczemi sz\u00e1ml\u00e1kat \u00e1t kellett \u00edratni a sz\u00f6vetkezet nev\u00e9re. A sz\u00f6vetkezet k\u00f6t\u00f6tt meg\u00e1llapod\u00e1st a besz\u00e1ll\u00edt\u00f3val a f\u0171t\u00e9shez haszn\u00e1latos tart\u00e1lyos g\u00e1z mennyis\u00e9g\u00e9r\u0151l, a szennyv\u00edz \u00e9s szem\u00e9t elsz\u00e1ll\u00edt\u00e1s\u00e1r\u00f3l, majd a meleg \u00e9tel besz\u00e1ll\u00edt\u00e1s\u00e1r\u00f3l stb. Ez term\u00e9szetesen nem ment ilyen egyszer\u0171en \u00e9s egyenesvonal\u00faan. \u00c1lland\u00f3an azon kellett gondolkodni, hogy hogyan is tudjuk vonzani a r\u00e9sztvev\u0151ket, ezzel megfelel\u0151 bev\u00e9telt realiz\u00e1lni. Vagyis hogyan tudunk hozz\u00e1j\u00e1rulni a h\u00e1z fenntarthat\u00f3s\u00e1g\u00e1hoz \u00e9s ugyanakkor olyan szolg\u00e1ltat\u00e1sokat ny\u00fajtani, amelyek vonz\u00f3v\u00e1 teszik az ideszervezett k\u00e9pz\u00e9seket, tal\u00e1lkoz\u00f3kat.<\/p>\n<p><strong>Az els\u0151 \u00faj szolg\u00e1ltat\u00e1s, amely megv\u00e1ltoztatta a k\u00f6r\u00fclm\u00e9nyeket<\/strong><\/p>\n<p><strong>LeMat K\u00e1v\u00e9z\u00f3 \u00e9s sz\u00e1ll\u00e1shely<\/strong><\/p>\n<p>Fordulatot 2016-ban a LeMat k\u00e1v\u00e9z\u00f3 megnyit\u00e1sa jelentette. Messzire ny\u00falnak ennek gy\u00f6kerei. 1997-ben r\u00e9szt vettem egy sz\u00f6vetkezeti tanulm\u00e1ny\u00faton Sv\u00e9dorsz\u00e1gban, ahol megismerkedtem a sz\u00f6vetkezetfejleszt\u0151 \u00fcgyn\u00f6ks\u00e9g (CDA) elk\u00f6telezett vezet\u0151j\u00e9vel Elisabet Abrahamssonnal. Elisabet 10 \u00e9v m\u00falva megl\u00e1togatott \u00e9s azt javasolta, hogy nyissunk egy LeMat-ot. De mi is ez? A LeMat Olaszorsz\u00e1gb\u00f3l indult fejleszt\u0151 munka eredm\u00e9nye. A trieszti pszichi\u00e1triai int\u00e9zet felsz\u00e1mol\u00e1sa sor\u00e1n a fejleszt\u0151 szakemberek \u00fagy gondolt\u00e1k, hogy a gondozottak kik\u00f6lt\u00f6z\u00e9s\u00e9vel az \u00e9let\u00fck m\u00e9g nem old\u00f3dik meg, sz\u00e1mukra megfelel\u0151 \u00e9letmin\u0151s\u00e9g el\u00e9r\u00e9s\u00e9hez sz\u00fcks\u00e9ges olyan k\u00f6r\u00fclm\u00e9nyeket el\u0151seg\u00edteni, amelyben k\u00f6z\u00f6ss\u00e9g tagjai lesznek, munk\u00e1hoz jutnak, karrier lehet\u0151s\u00e9g\u00fck van. A LeMat franchise alapj\u00e1t olyan sz\u00f6vetkezet alkotja, amelyben egyenrang\u00faak a tagok, legyenek b\u00e1r fogyat\u00e9kkal \u00e9l\u0151k, szenved\u00e9lybetegs\u00e9gb\u0151l gy\u00f3gyul\u00f3k, vagy m\u00e1s h\u00e1tr\u00e1nnyal k\u00fczd\u0151k \u00e9s ak\u00e1r mentorok, szoci\u00e1lis szakemberek. A tev\u00e9kenys\u00e9g pedig olyan kis sz\u00e1ll\u00e1shelyek megnyit\u00e1sa, ahol csal\u00e1dias k\u00f6rnyezetben sz\u00e1llhatnak meg a turist\u00e1k, ahol emberk\u00f6zeli a kapcsolat a vend\u00e9g \u00e9s a kiszolg\u00e1l\u00f3 szem\u00e9lyzet k\u00f6z\u00f6tt, ahol mindenkinek jut munka, megbecs\u00fcl\u00e9s \u00e9s j\u00f6vedelem is. A d\u00f6nt\u00e9sekben egyenrang\u00fak\u00e9nt vesznek r\u00e9sz a tagok.\u00a0 F\u0151k\u00e9nt Olaszorsz\u00e1gban, de m\u00e1s orsz\u00e1gokban is ny\u00edltak a LeMat szeml\u00e9let\u00e9vel \u2013 igen magas min\u0151s\u00e9g\u0171- sz\u00e1ll\u00e1shelyek.\u00a0 L\u00e9trej\u00f6tt a LeMat Europa h\u00e1l\u00f3zat is, amelynek tagjai szoci\u00e1lis v\u00e1llalkoz\u00e1sok, akik a fenti elveken alapul\u00f3 gyakorlatot folytatj\u00e1k. Elk\u00e9sz\u00fclt n\u00e9gy k\u00e9zik\u00f6nyv, amely minden sz\u00fcks\u00e9ges r\u00e9szletet tartalmaz.<\/p>\n<p>Elisabet \u00e9s a franchise fejleszt\u0151je, Renate Georgen ell\u00e1togatott hozz\u00e1nk 2015-ben \u00e9s bemutatta a sz\u00f6vetkezet \u00e9s a CKA tagjainak a LeMat rendszer\u00e9t. Az alapok nem \u00e1lltak t\u00e1vol t\u0151l\u00fcnk, hiszen a mi sz\u00f6vetkezet\u00fcnk is \u00edgy szervez\u0151d\u00f6tt \u00e9s m\u0171k\u00f6d\u00f6tt. N\u00e1lunk ugyan, a tagokn\u00e1l nem a fentiekben le\u00edrt h\u00e1tr\u00e1nyok voltak jellemz\u0151k, hanem az eg\u00e9szs\u00e9g\u00fcgyi probl\u00e9m\u00e1k, az els\u0151dleges munkaer\u0151piacon val\u00f3 elhelyezked\u00e9s neh\u00e9zs\u00e9ge, a kistelep\u00fcl\u00e9si lak\u00f3hely. Ez azonban hasonl\u00f3an nagy neh\u00e9zs\u00e9get jelent az egy\u00e9ni \u00e9letekben. A mi sz\u00f6vetkezet\u00fcnk megel\u0151z\u0151 5 \u00e9ve bizony\u00edtotta, hogy megfelel\u0151 szervez\u0151d\u00e9s a sz\u00f6vetkezet arra, hogy az egy\u00e9ni \u00e9letekben \u00e9letmin\u0151s\u00e9gbeli v\u00e1ltoz\u00e1s t\u00f6rt\u00e9njen. Emellett ott \u00e1llt rendelkez\u00e9s\u00fcnkre a Civil Koll\u00e9gium, amelynek kihaszn\u00e1lts\u00e1ga a k\u00e9pz\u00e9seken t\u00fal a szabadid\u0151s c\u00e9llal \u00e9rkez\u0151k sz\u00e1m\u00e1ra is tud megfelel\u0151 helysz\u00ednt biztos\u00edtani. A LeMat megalap\u00edt\u00e1s\u00e1hoz teh\u00e1t minden felt\u00e9tel rendelkez\u00e9sre \u00e1llt.<\/p>\n<p>A m\u00f3dszertani k\u00e9zik\u00f6nyvek ford\u00edt\u00e1sa, majd tanulm\u00e1nyoz\u00e1s\u00e1t k\u00f6vet\u0151en nagy kih\u00edv\u00e1sk\u00e9nt \u00e9lt\u00fck meg, hogy a szolg\u00e1ltat\u00e1sainkat b\u0151v\u00edteni kellene, illetve a sz\u00e1ll\u00e1shelyre is r\u00e1f\u00e9r egy kis \u00faj\u00edt\u00e1s. Els\u0151 l\u00e9p\u00e9sk\u00e9nt az eb\u00e9dl\u0151t rendezt\u00fck \u00e1t \u00fagy, hogy a k\u00e1v\u00e9z\u00f3 elf\u00e9rjen. Ez hirtelen hozott egy \u00e1t\u00fct\u0151 v\u00e1ltoz\u00e1st.<\/p>\n<p>A LeMat-nak r\u00e9sze az is, hogy j\u00f3 kapcsolatokat alak\u00edtson ki a k\u00f6rnyezet\u00e9ben \u00e9l\u0151 mag\u00e1nszem\u00e9lyekkel \u00e9s v\u00e1llalkoz\u00e1sokkal. A kialak\u00edt\u00e1s r\u00f6vid t\u00f6rt\u00e9nete mutatja azt, hogy mennyire szemf\u00fclesnek kell lenni a helyben l\u00e9v\u0151 er\u0151forr\u00e1sok megfelel\u0151 haszn\u00e1lat\u00e1ban. A megel\u0151z\u0151 \u00e9vekben egy esk\u00fcv\u0151t rendeztek a h\u00e1zban, ahol k\u00fcl\u00f6nlegesen sz\u00e9p \u00e9s harmonikus dekor\u00e1ci\u00f3t k\u00e9sz\u00edtett egy \u00f3v\u00f3n\u0151. \u0150t kerest\u00fck fel \u00e9s k\u00e9rt\u00fck meg, hogy egy \u00faj design-t tervezzen az eb\u00e9dl\u0151be. V\u00e9giggondoltuk azt is, hogy kik azok, akik seg\u00edthetnek a megval\u00f3s\u00edt\u00e1sban. Nem csak a b\u00fatorok, hanem a textilek, k\u00e1rpitok \u00e9s sz\u00ednek \u00f6sszhangj\u00e1t szerett\u00fck volna el\u0151\u00e1ll\u00edtani mindamellett, hogy praktikusnak, haszn\u00e1lhat\u00f3nak kellett lennie a helynek az ott dolgoz\u00f3k \u00e9s a vend\u00e9gek sz\u00e1m\u00e1ra is. Ehhez m\u00e9g hozz\u00e1j\u00f6tt a kis k\u00f6nyvt\u00e1r gondolata is, amelyhez nagyszer\u0171 k\u00f6nyvadom\u00e1nyokat \u00e9s m\u00e9g polcot is kaptunk. Ezut\u00e1n sok rajzol\u00e1s, tervez\u00e9s ut\u00e1n neki\u00e1lltunk a b\u00fatorok \u00e1talak\u00edt\u00e1s\u00e1nak, fest\u00e9s\u00e9nek, k\u00e1rpitoz\u00e1s\u00e1nak \u00e9s az \u00e1ltalunk el\u0151 nem \u00e1ll\u00edthat\u00f3 textilek beszerz\u00e9s\u00e9nek.<\/p>\n<p>A hivatalos \u00fat maradt m\u00e9g h\u00e1tra, amely a HACCP rendszer elk\u00e9sz\u00edttet\u00e9s\u00e9t, az enged\u00e9lyek megszerz\u00e9s\u00e9t, a t\u0171zbiztons\u00e1g, a higi\u00e9niai k\u00f6vetelm\u00e9nyek kialak\u00edt\u00e1s\u00e1t, a besz\u00e1ll\u00edt\u00f3k megtal\u00e1l\u00e1s\u00e1t, p\u00e9nzt\u00e1rg\u00e9p v\u00e1s\u00e1rl\u00e1s\u00e1t (k\u00e9s\u0151bb a k\u00e1rty\u00e1s fizet\u00e9s lehet\u0151s\u00e9g\u00e9nek megteremt\u00e9s\u00e9t) \u00e9s m\u00e9g sok-sok apr\u00f3 tennival\u00f3t jelentett. Term\u00e9szetesen sokat kellett tanulni ehhez a folyamathoz. Egyr\u00e9szt a szervez\u00e9s, kivitelez\u00e9s sor\u00e1n m\u00e1sr\u00e9szt pedig m\u0171k\u00f6dtet\u00e9shez. A megnyit\u00f3ra megh\u00edvtuk a helyi bar\u00e1tainkat, seg\u00edt\u0151inket, \u00e9rdekl\u0151d\u0151ket, majd a messzir\u0151l \u00e9rkez\u0151 vend\u00e9gek sz\u00e1m\u00e1ra is \u00e1tadtuk az \u00faj k\u00e1v\u00e9z\u00f3t \u00e9s eb\u00e9dl\u0151t.<\/p>\n<p><img loading=\"lazy\" decoding=\"async\" class=\"aligncenter wp-image-7046\" src=\"https:\/\/kofe.hu\/parola\/wp-content\/uploads\/2022\/12\/2022-4-12-2.jpg\" alt=\"\" width=\"701\" height=\"374\" srcset=\"https:\/\/kofe.hu\/parola\/wp-content\/uploads\/2022\/12\/2022-4-12-2.jpg 913w, https:\/\/kofe.hu\/parola\/wp-content\/uploads\/2022\/12\/2022-4-12-2-300x160.jpg 300w, https:\/\/kofe.hu\/parola\/wp-content\/uploads\/2022\/12\/2022-4-12-2-768x410.jpg 768w, https:\/\/kofe.hu\/parola\/wp-content\/uploads\/2022\/12\/2022-4-12-2-10x5.jpg 10w\" sizes=\"auto, (max-width: 701px) 100vw, 701px\" \/><\/p>\n<p>A k\u00e1v\u00e9z\u00f3 egy \u00fajabb lehet\u0151s\u00e9get jelentett a fenntarthat\u00f3s\u00e1g \u00fatj\u00e1n, hiszen munk\u00e1t adott az itt dolgoz\u00f3knak \u2013 nem csak sz\u00f6vetkezeti tagoknak, hanem t\u00f6bb helyben \u00e9l\u0151 embernek is, valamint n\u00e9mi bev\u00e9telt is hozott els\u0151sorban a likvidit\u00e1s fenntart\u00e1s\u00e1hoz. Ezut\u00e1n m\u00e1r csak egy apr\u00f3 ugr\u00e1s \u00e9s a kerti konyh\u00e1t \u00e1talak\u00edtottuk (haszn\u00e1lt anyagokb\u00f3l pl.: filmd\u00edszletb\u0151l \u201elamb\u00e9ria\u201d, v\u00e1jlingb\u00f3l l\u00e1mpab\u00fara) st\u00edlusos kerti k\u00e1v\u00e9z\u00f3v\u00e1, hogy a ny\u00e1ri egyetemek r\u00e9sztvev\u0151i is megfelel\u0151 sz\u00ednvonal\u00fa szolg\u00e1ltat\u00e1shoz jussanak.<\/p>\n<p><img loading=\"lazy\" decoding=\"async\" class=\"wp-image-7047 alignright\" src=\"https:\/\/kofe.hu\/parola\/wp-content\/uploads\/2022\/12\/2022-4-12-3.jpg\" alt=\"\" width=\"213\" height=\"142\" srcset=\"https:\/\/kofe.hu\/parola\/wp-content\/uploads\/2022\/12\/2022-4-12-3.jpg 189w, https:\/\/kofe.hu\/parola\/wp-content\/uploads\/2022\/12\/2022-4-12-3-10x7.jpg 10w\" sizes=\"auto, (max-width: 213px) 100vw, 213px\" \/><\/p>\n<p>A sz\u00e1ll\u00e1shelyet bejelentett\u00fck a hivataln\u00e1l \u00e9s \u00edgy m\u00e1r term\u00e9szetesen annak k\u00f6vetelm\u00e9nyeit is teljes\u00edteni kellett. \u00c9vr\u0151l \u00e9vre \u2013 ahogy az anyagi lehet\u0151s\u00e9gek engedt\u00e9k- fejlesztett\u00fck a sz\u00e1ll\u00e1shely min\u0151s\u00e9g\u00e9t is. Meszelt\u00fcnk, festett\u00fcnk, b\u00fatorokat rendezt\u00fcnk \u00e1t, k\u00e1rpitoztunk, f\u00fcgg\u00f6ny\u00f6ket cser\u00e9lt\u00fcnk, \u00faj \u00e1gynem\u0171ket v\u00e1s\u00e1roltunk. Tetszet\u0151s megjelen\u00e9st alak\u00edtottunk ki.<\/p>\n<p>A covid v\u00e1ltoz\u00e1st hozott az ide \u00e9rkez\u0151k ig\u00e9nyeiben. M\u00e1r kevesebben szeretn\u00e9nek egy szob\u00e1ban aludni, \u00edgy lecs\u00f6kkentett\u00fck az \u00e1gysz\u00e1mot, amelynek k\u00f6vetkezt\u00e9ben t\u00e1gasabb\u00e1 v\u00e1ltak a szob\u00e1k. Az\u00f3ta, legt\u00f6bbsz\u00f6r el is f\u00e9rnek a r\u00e9sztvev\u0151k, mivel a csoportok l\u00e9tsz\u00e1ma is cs\u00f6kkent. Ha m\u00e9gsem, akkor is tal\u00e1lunk megold\u00e1st.<\/p>\n<p><img loading=\"lazy\" decoding=\"async\" class=\"size-full wp-image-7048 alignleft\" src=\"https:\/\/kofe.hu\/parola\/wp-content\/uploads\/2022\/12\/2022-4-12-4.jpg\" alt=\"\" width=\"223\" height=\"167\" srcset=\"https:\/\/kofe.hu\/parola\/wp-content\/uploads\/2022\/12\/2022-4-12-4.jpg 223w, https:\/\/kofe.hu\/parola\/wp-content\/uploads\/2022\/12\/2022-4-12-4-10x7.jpg 10w\" sizes=\"auto, (max-width: 223px) 100vw, 223px\" \/>A legnagyobb \u00faj\u00edt\u00e1s \u00e9s a r\u00e9sztvev\u0151k k\u00f6r\u00e9nek b\u0151v\u00fcl\u00e9se megk\u00edv\u00e1nta, hogy akad\u00e1lymentes\u00edts\u00fck a h\u00e1zat, majd a f\u00fcrd\u0151szob\u00e1kb\u00f3l is legal\u00e1bb kett\u0151t. El\u0151sz\u00f6r vett\u00fcnk egy r\u00e1mp\u00e1t, majd elhat\u00e1roztuk, hogy meg\u00e9p\u00edt\u00fcnk egy \u201e\u00f6r\u00f6k\u00f6s\u201d akad\u00e1lymentes utat a h\u00e1zhoz. Sok k\u00eds\u00e9rletez\u00e9s\u00fcnk m\u00e9g most is tart, de j\u00e1rhat\u00f3 kerekessz\u00e9kkel az \u00fat. A bej\u00e1ratokn\u00e1l pedig kapukat \u00e9p\u00edtett\u00fcnk a biztons\u00e1gos k\u00f6zleked\u00e9s \u00e9rdek\u00e9ben. Ha m\u00e1r j\u00e1rd\u00e1nak nekifogtunk, akkor a hossz\u00fa \u00e9vekig kul\u00e9kaviccsal lesz\u00f3rt \u201etet\u0151\u201d alatti teret is lebetonoztuk. A kerti konyha\/k\u00e1v\u00e9z\u00f3 is praktikusabbnak l\u00e1tszott beton aljzattal. Ez m\u00e1r nem bizonyult a legjobb d\u00f6nt\u00e9snek, hiszen a k\u00e9s\u0151bbi tervekben szerepl\u0151 verem elk\u00e9sz\u00edt\u00e9s\u00e9nek lehet\u0151s\u00e9g\u00e9t is betonba \u00f6nt\u00f6tt\u00fck. \u00d3, de ez m\u00e1r csak j\u00f3val k\u00e9s\u0151bb jutott esz\u00fcnkbe, amikor a z\u00f6lds\u00e9g rakt\u00e1roz\u00e1sra nem tal\u00e1ltunk helyet.<\/p>\n<p><strong>K\u00f6z\u00f6ss\u00e9gi \u00f6ngy\u00f3gy\u00edt\u00f3 kert \u00e9s permakult\u00fara<\/strong><\/p>\n<p><img loading=\"lazy\" decoding=\"async\" class=\"size-full wp-image-7037 alignright\" src=\"https:\/\/kofe.hu\/parola\/wp-content\/uploads\/2022\/12\/2022-4-12-5.jpg\" alt=\"\" width=\"206\" height=\"154\" srcset=\"https:\/\/kofe.hu\/parola\/wp-content\/uploads\/2022\/12\/2022-4-12-5.jpg 206w, https:\/\/kofe.hu\/parola\/wp-content\/uploads\/2022\/12\/2022-4-12-5-10x7.jpg 10w\" sizes=\"auto, (max-width: 206px) 100vw, 206px\" \/><\/p>\n<p>\u00c1t is t\u00e9rhet\u00fcnk a kertre. Amikor elkezdt\u00fck a h\u00e1zat \u00fczemeltetni, elhat\u00e1rozott sz\u00e1nd\u00e9kunk volt, hogy egy kis z\u00f6lds\u00e9geskertet is l\u00e9trehozunk. A h\u00e1z h\u00e1ta m\u00f6g\u00f6tti mag\u00e1nter\u00fcletet sz\u00edvess\u00e9gi haszn\u00e1latba megkaptuk. A f\u00f6ld\/homok nem volt a legjobb min\u0151s\u00e9g\u0171, \u00edgy tr\u00e1gy\u00e1z\u00e1ssal kezdt\u00fck, majd hossz\u00fa vetem\u00e9ny sorokat alak\u00edtottunk ki n\u00f6v\u00e9nyt\u00e1rs\u00edt\u00e1ssal. A kert gondoz\u00e1sa cseppet sem volt k\u00f6nny\u0171. J\u00f6ttek mentek a vend\u00e9gek, \u0151ket is el kellett l\u00e1tni, \u00e9tellel, tiszta szob\u00e1val,\u00a0 a k\u00f6rnyezetet gondozni kellett. A kert megk\u00edv\u00e1nta a folyamatos locsol\u00e1st, ez\u00e9rt erre is rendszert alak\u00edtottunk ki, majd amikor a h\u00e1z ablakait kicser\u00e9lt\u00fck, akkor a bontott ablakokb\u00f3l \u00fcvegh\u00e1z \u00e9p\u00edt\u00e9se term\u00e9szetesen j\u00f6tt. Az \u00c1talakul\u00f3 Kisk\u00f6z\u00f6ss\u00e9gek program tagjaik\u00e9nt kisebb t\u00e1mogat\u00e1sra is szert tett\u00fcnk. Ez a program adott lehet\u0151s\u00e9get arra is, hogy az eml\u00edtett kerti konyha \u00e9s a komposzt wc meg\u00e9p\u00fclj\u00f6n.<\/p>\n<p><img loading=\"lazy\" decoding=\"async\" class=\"size-full wp-image-7038 alignleft\" src=\"https:\/\/kofe.hu\/parola\/wp-content\/uploads\/2022\/12\/2022-4-12-6.jpg\" alt=\"\" width=\"207\" height=\"155\" srcset=\"https:\/\/kofe.hu\/parola\/wp-content\/uploads\/2022\/12\/2022-4-12-6.jpg 207w, https:\/\/kofe.hu\/parola\/wp-content\/uploads\/2022\/12\/2022-4-12-6-10x7.jpg 10w\" sizes=\"auto, (max-width: 207px) 100vw, 207px\" \/><\/p>\n<p>A kert folyamatos v\u00e1ltoz\u00e1son ment \u00e1t. Hol egy nagy f\u0171szerkertet \u00e9p\u00edtett\u00fcnk, hol mulcsoltunk, hol f\u00f3li\u00e1val bor\u00edtott, csepegtet\u0151rendszerrel ell\u00e1tott eper\u00fcltetv\u00e9nyt alak\u00edtottunk ki, hol magas\u00e1gy\u00e1st \u00e9p\u00edtett\u00fcnk, de vegyszert sosem alkalmaztunk. Elnevezt\u00fck K\u00f6z\u00f6ss\u00e9gi \u00d6ngy\u00f3gy\u00edt\u00f3 Kertnek. A term\u00e9s ugyan nem volt mennyis\u00e9gileg piack\u00e9pes egyik z\u00f6lds\u00e9gf\u00e9l\u00e9b\u0151l sem, de jutott a tagoknak \u00e9s a vend\u00e9g reggelikhez is adott alapanyagot.<\/p>\n<p>Mindezen el\u0151k\u00e9sz\u00fcletek hozz\u00e1j\u00e1rultak ahhoz, hogy permakult\u00fara szak\u00e9rt\u0151k fant\u00e1zi\u00e1t l\u00e1ssanak egy permakult\u00fara elvei szerint kialak\u00edtott kert megval\u00f3s\u00edt\u00e1s\u00e1ban. Az \u00c9letfa csoport 2-3 \u00e9vre \u201ebek\u00f6lt\u00f6z\u00f6tt\u201d hozz\u00e1nk. Gyakorlati k\u00e9pz\u00e9s keret\u00e9ben, t\u00f6bb alkalommal legal\u00e1bb 100 ember megfordult itt, akik a kertet, majd a tavat kialak\u00edtott\u00e1k. M\u00e9g, hogy nek\u00fcnk egy tavunk is legyen! H\u00e1t ezt kor\u00e1bban el se tudtuk k\u00e9pzelni. A kert \u00e9lni kezdett, buja n\u00f6v\u00e9nyzettel, sokf\u00e9le \u00e9l\u0151l\u00e9nnyel \u00e9s persze sokkal kevesebb munk\u00e1val. A fenntart\u00e1s most is er\u0151fesz\u00edt\u00e9st ig\u00e9nyel, de nem bolygatjuk a talajt, hanem \u00e9p\u00edtj\u00fck. Nem \u00e1sunk, nem kap\u00e1lunk, hanem vet\u00fcnk \u00e9s aratunk. Ugye milyen sz\u00e9p ez! (<em>b\u0151vebben is olvashatsz r\u00f3la a Parol\u00e1ban<a href=\"#_ftn2\" name=\"_ftnref2\"><sup><strong>[2]<\/strong><\/sup><\/a> )<\/em><\/p>\n<p><strong>K\u00e9pz\u00e9sek helysz\u00edne<\/strong><\/p>\n<p>K\u00f6zben a h\u00e1z tov\u00e1bbi sz\u00e9p\u00edt\u00e9s\u00e9t \u00e9s korszer\u0171s\u00edt\u00e9s\u00e9t sem hagytuk abba. A tanterem k\u00f6vetkezett. Komoly fejt\u00f6r\u00e9st okozott, hogy hogyan is lehetne ezt meg\u00faj\u00edtani. T\u00f6bb, mint 20 \u00e9vig ugyanolyan praktikus volt, j\u00f3l haszn\u00e1lhat\u00f3. Mit is kellene itt akkor v\u00e1ltoztatni? A fal mellett h\u00faz\u00f3dott egy-egy hossz\u00fa pult, amely alatt Varga A. Tam\u00e1s \u00e1ltal tervezett \u201ekont\u00e9nerek\u201d helyezkedtek el. A kezdetekkor ezek m\u00e9g sz\u00e1m\u00edt\u00f3g\u00e9peket rejtettek, azt\u00e1n ahogy a laptopok elterjedtek, majd az okostelefon, amelyet minden r\u00e9sztvev\u0151 hozott mag\u00e1val, okafogyott\u00e1 v\u00e1ltak a m\u00e1r egy\u00e9bk\u00e9nt is korszer\u0171tlenn\u00e9 v\u00e1lt sz\u00e1m\u00edt\u00f3g\u00e9pek. A kont\u00e9nerekben dosszi\u00e9k, \u00e9s \u201emindenf\u00e9les\u00e9g\u201d kapott helyet, de ezek t\u00e1rol\u00e1s\u00e1ra nem volt praktikus. Egyre gy\u0171lt az elhelyeznival\u00f3, \u00edgy f\u00e1j\u00f3 sz\u00edvvel ugyan, de a pultok lebont\u00e1sa mellett d\u00f6nt\u00f6tt\u00fcnk \u00e9s hely\u00e9be szekr\u00e9nyeket k\u00e9sz\u00edttett\u00fcnk. Ezzel egyidej\u0171leg a falikarokat is kicser\u00e9lt\u00fck, hogy a sokszor f\u00e9lhom\u00e1lyba vesz\u0151 tanterem rendesen megvil\u00e1g\u00edtott legyen. Azt mondanom sem kell, hogy mindehol energiatakar\u00e9kos \u00e9g\u0151ket szerelt\u00fcnk be. A Civil Koll\u00e9gium Alap\u00edtv\u00e1ny okost\u00e1bl\u00e1t v\u00e1s\u00e1rolt, \u00edgy m\u00e1r elmondhatjuk, hogy igaz\u00e1n korszer\u0171 tanteremmel rendelkez\u00fcnk.<\/p>\n<p><strong>A konyh\u00e1r\u00f3l <\/strong><\/p>\n<p>T\u00f6bbsz\u00f6r felteszik a k\u00e9rd\u00e9st nek\u00fcnk: \u00e9s h\u00e1nyan voltatok, vagytok mindehhez? T\u00edz \u00e9v el\u00e9g hossz\u00fa id\u0151 ahhoz, hogy k\u00f6zben ne t\u00f6rt\u00e9njen v\u00e1ltoz\u00e1s az egyes emberek szem\u00e9lyes \u00e9let\u00e9ben.\u00a0 Arr\u00f3l nem is besz\u00e9lve, hogy a t\u00e1rsadalmi \u00e9s gazdas\u00e1gi k\u00f6rnyezet is megv\u00e1ltozott. A bevont helyi fiatalok felcserperedtek, \u00f6n\u00e1ll\u00f3 \u00e9letp\u00e1ly\u00e1ra l\u00e9ptek, amely sajnos nem a mi er\u0151inket gyarap\u00edtotta. Az akt\u00edv kor\u00fa tagjaink a meg\u00e9lhet\u00e9s \u00e9rdek\u00e9ben \u00faj munkahelyet kerestek.\u00a0 Az alkalmi munk\u00e1t v\u00e1llal\u00f3k k\u00f6z\u00fcl t\u00f6bben jobb kereseti lehet\u0151s\u00e9g ut\u00e1n n\u00e9ztek, vagy nem v\u00e1llaltak tov\u00e1bb munk\u00e1t eg\u00e9szs\u00e9gi \u00e1llapotuk, csal\u00e1di helyzet\u00fck v\u00e1ltoz\u00e1sa miatt. De sokan vel\u00fcnk voltak a folyamatos v\u00e1ltoz\u00e1s k\u00f6zepette. T\u00f6bb, mint 50 embernek adtunk munk\u00e1t a 10 \u00e9v alatt \u00e9s ny\u00fajtottuk az idetartoz\u00e1s \u00e9rz\u00e9s\u00e9t. A 6-7 f\u0151s mag kitart a mai napig is. De amellett, hogy alkalmank\u00e9nt bevonunk helyi vagy szomsz\u00e9d telep\u00fcl\u00e9sr\u0151l munkat\u00e1rsakat, t\u00f6bb ter\u00fcleten v\u00e1ltoztatni kellett.<\/p>\n<p>A munka megk\u00f6nny\u00edt\u00e9s\u00e9re el\u0151sz\u00f6r lehoztuk a padl\u00e1sr\u00f3l\u00a0 a mos\u00f3g\u00e9pet, majd vasal\u00f3g\u00e9pet vett\u00fcnkaz \u00e1gynem\u0171k \u00e9s text\u00edli\u00e1k rendben tart\u00e1s\u00e1ra, de ma m\u00e1r patyolatba<\/p>\n<p>vissz\u00fck a ruh\u00e1kat. Igaz a forgalom is megn\u0151tt, nem csak emberi kapacit\u00e1ssal, de id\u0151ben sem gy\u0151zt\u00fck a sz\u00e1ll\u00e1shely kiszolg\u00e1l\u00e1s\u00e1t. P\u00e1r h\u00f3napja \u00fagy d\u00f6nt\u00f6tt\u00fcnk, hogy a csoportok ut\u00e1ni takar\u00edt\u00e1st is kiszervezz\u00fck egy k\u00f6zelben l\u00e9v\u0151 kis takar\u00edt\u00f3 v\u00e1llalkoz\u00e1snak, ezzel nekik is munk\u00e1t \u00e9s j\u00f6vedelmet ny\u00fajtva.<\/p>\n<p>H\u00e1t akkor mit csin\u00e1lunk mi? \u00daj utakat kerest\u00fcnk \u00e9s r\u00e9gi v\u00e1gyunkat v\u00e1ltottuk val\u00f3ra. Saj\u00e1t konyh\u00e1t nyitottunk, amelynek szint\u00e9n megvolt a sora, mint mindennek a t\u00f6rt\u00e9net\u00fcnkben.<\/p>\n<p><img loading=\"lazy\" decoding=\"async\" class=\"aligncenter size-full wp-image-7049\" src=\"https:\/\/kofe.hu\/parola\/wp-content\/uploads\/2022\/12\/2022-4-12-10.jpg\" alt=\"\" width=\"712\" height=\"195\" srcset=\"https:\/\/kofe.hu\/parola\/wp-content\/uploads\/2022\/12\/2022-4-12-10.jpg 712w, https:\/\/kofe.hu\/parola\/wp-content\/uploads\/2022\/12\/2022-4-12-10-300x82.jpg 300w, https:\/\/kofe.hu\/parola\/wp-content\/uploads\/2022\/12\/2022-4-12-10-10x3.jpg 10w\" sizes=\"auto, (max-width: 712px) 100vw, 712px\" \/><\/p>\n<p>\u00dagy kezd\u0151d\u00f6tt t\u00edz \u00e9vvel ezel\u0151tt, hogy l\u00e1ttuk a Civil Koll\u00e9gium sz\u00fcks\u00e9glet\u00e9t a helyben k\u00e9sz\u00fcl\u0151 \u00e9telekre. Amikor m\u00e1r m\u0171k\u00f6dtett\u00fck a h\u00e1zat, m\u00e9g mindig \u00e9tteremb\u0151l hozatott \u00e9telekkel, apr\u00e1nk\u00e9nt j\u00f6ttek az \u00faj\u00a0 ig\u00e9nyek \u00e9s sz\u00fcks\u00e9gletek. Egyre elterjedtebb\u00e9 v\u00e1lt a veget\u00e1ri\u00e1nus \u00e9s veg\u00e1n \u00e9tkez\u00e9s, nem besz\u00e9lve a k\u00fcl\u00f6nb\u00f6z\u0151 \u00e9rz\u00e9kenys\u00e9gekr\u0151l. Ezt az \u00e9tterem nehezen vagy egy\u00e1ltal\u00e1n nem tudta kiszolg\u00e1lni. K\u00e9t \u00e9ve el\u0151sz\u00f6r a ny\u00e1ri egyetemeken pr\u00f3b\u00e1lkoztunk meg a saj\u00e1t veg\u00e1n konyh\u00e1val, majd lassank\u00e9nt becsemp\u00e9szt\u00fck a mindennapokba, n\u00e9mi ellen\u00e1ll\u00e1ssal bel\u00fclr\u0151l \u00e9s k\u00edv\u00fclr\u0151l is. Van, aki azt mondta, hogy nem lehet h\u00fas n\u00e9lk\u00fcl el\u00e9g t\u00e1pl\u00e1l\u00f3 \u00e9s \u00edzletes \u00e9telt k\u00e9sz\u00edteni, van, aki hivatkozott arra, hogy \u0151 a hagyom\u00e1nyos \u00e9tkez\u00e9s h\u00edve, van, aki att\u00f3l tartott, hogy a veget\u00e1ri\u00e1nus konyha elriasztja a r\u00e9sztvev\u0151ket. Azt\u00e1n egyszer csak azt vett\u00fck \u00e9szre, hogy mindenkinek \u00edzlik a sz\u00e9pen t\u00e1lalt veget\u00e1ri\u00e1nus \u00e9s veg\u00e1n \u00e9tel, nem marad \u00e9hes, m\u00e9g \u00e9lm\u00e9nny\u00e9 is v\u00e1lik a kunb\u00e1bonyi konyha term\u00e9ke. Sokkal k\u00f6nnyebb az \u00e9tel\u00e9rz\u00e9kenys\u00e9geket is kezelni. Persze tov\u00e1bbra is lesznek, akik h\u00fasos \u00e9telt szeretn\u00e9nek fogyasztani, de rem\u00e9lj\u00fck, hogy m\u00e1r \u0151k is pozit\u00edvabban gondokodnak a veget\u00e1ri\u00e1nusokr\u00f3l.<\/p>\n<p><strong>Z\u00f6ldter\u00fcletek \u00e9s a technikai h\u00e1tt\u00e9r gondoz\u00e1sa<\/strong><\/p>\n<p>Egy meglehet\u0151sen nagy parkos\u00edtott ter\u00fclet \u00e1ll rendelkez\u00e9s\u00fcnkre a h\u00e1z el\u0151tt, ahol nagyobb rendezv\u00e9nyeket is lehet szervezni. A k\u00f6z\u00f6ss\u00e9gfejleszt\u0151 ny\u00e1ri egyetemek, a nemzetk\u00f6zi \u00c1llampolg\u00e1ri R \u00e9szv\u00e9tel egyetem\u00e9nek (CPU), az Orsz\u00e1gos k\u00f6z\u00f6ss\u00e9gszervez\u0151 tal\u00e1lkoz\u00f3nak helysz\u00edne. A nagyobb l\u00e9tsz\u00e1m kiszolg\u00e1l\u00e1s\u00e1hoz udvari zuhanyz\u00f3 is sz\u00fcks\u00e9ges. Az els\u0151 t\u00edz \u00e9vben ezt hozatott kont\u00e9nerrel oldott\u00e1k meg, ami meglehet\u0151sen k\u00f6lts\u00e9ges megold\u00e1s volt, nem besz\u00e9lve a k\u00f6rnyezeti terhel\u00e9sr\u0151l. El\u0151sz\u00f6r egy n\u00e1dsz\u00f6vettel k\u00f6rbeker\u00edtett zuhanyz\u00f3t \u00e9p\u00edtett\u00fcnk, majd ezt lecser\u00e9lt\u00fck sz\u00e9p f\u00e1b\u00f3l \u00e9p\u00edtett zuhanyz\u00f3h\u00e1zzal, ahol a g\u00f6mb\u00f6ly\u0171 kavicsokon taposva a csillagos \u00e9g alatt lehet zuhanyozni a nap \u00e1ltal felmeleg\u00edtett v\u00edzzel. A komposzt wc-t m\u00e9g az \u00c1talakul\u00f3 k\u00f6z\u00f6ss\u00e9gek nemzetk\u00f6zi t\u00e1bor\u00e1ban \u00e9p\u00edtett\u00fck, mint ahogy a kerti konyh\u00e1t is. Ezekben az \u00e9p\u00edtm\u00e9nyek a sz\u00fcks\u00e9gletekre reag\u00e1ltak, egyben szeml\u00e9letform\u00e1l\u00f3 is lett, nem csak sz\u00e1munkra, hanem az ide \u00e9rkez\u0151k sz\u00e1m\u00e1ra is. A komfortoss\u00e1g nem hogy cs\u00f6kkent volna, hanem n\u00f6vekedett \u00e1ltaluk.\u00a0 A gy\u00fcm\u00f6lcs\u00f6sben kaptak helyet a ny\u00e1ri programok idej\u00e9n a lak\u00f3s\u00e1trak, ahol rem\u00e9nyeink szerint a j\u00f6v\u0151ben kicsi, 2-3 szem\u00e9lyes h\u00e1zak (tiny house) veszik \u00e1t az \u00e9venk\u00e9nt fel\u00e1ll\u00edt\u00e1sra ker\u00fcl\u0151 s\u00e1trak hely\u00e9t.<\/p>\n<p>Nem csak az \u00e9p\u00edtm\u00e9nyek, hanem z\u00f6ldfel\u00fcletek is folyamatos gondoz\u00e1st ig\u00e9nyelnek. Ehhez sz\u00fcks\u00e9g volt f\u0171kasz\u00e1ra, kistraktorra is. Hossz\u00fa \u00e9vekig a r\u00e9gi eszk\u00f6z\u00f6ket jav\u00edtgattuk nem kis kreativit\u00e1ssal, m\u00edg v\u00e9g\u00fcl \u00fajat v\u00e1s\u00e1roltuk, amikor m\u00e1r sokkal t\u00f6bb energi\u00e1t vett ig\u00e9nybe a sokszor csak r\u00f6vid ideig \u00e9letk\u00e9pes jav\u00edtgat\u00e1s. Nem egyszer a tagjaink eszk\u00f6zeinek bevet\u00e9s\u00e9re is sz\u00fcks\u00e9g van. Ezeket mindenki \u00f6nzetlen\u00fcl bocs\u00e1tja rendelkez\u00e9sre a k\u00f6z\u00f6s \u00e9s ak\u00e1r a szem\u00e9lyes dolgainkhoz is.<\/p>\n<p>A f\u0171t\u00e9s, a melegv\u00edz korszer\u0171bb eszk\u00f6z\u00f6kkel val\u00f3 ell\u00e1t\u00e1sa els\u0151sorban anyagi r\u00e1ford\u00edt\u00e1st ig\u00e9nyelt. Tart\u00e1lyos g\u00e1zzal tudunk csak f\u0171teni, hiszen itt a tanyavil\u00e1gban nincs vezet\u00e9kes g\u00e1z, a kaz\u00e1nok elhelyez\u00e9s\u00e9re is csak a padl\u00e1son volt lehet\u0151s\u00e9g. Alternat\u00edv f\u0171t\u0151berendez\u00e9sek (pl.: fa) elhelyez\u00e9s\u00e9t mell\u00e9k\u00e9p\u00fcletek hi\u00e1ny\u00e1ban nem tudtuk megval\u00f3s\u00edtani. A r\u00e9gi g\u00e1zkaz\u00e1nokat kondenz\u00e1ci\u00f3s g\u00e1zkaz\u00e1nokra cser\u00e9lt\u00fck, hogy legal\u00e1bb a hat\u00e9konys\u00e1gon jav\u00edtani tudjuk. A g\u00e1zf\u0171t\u00e9s\u0171 bojlereket pedig villanybojlerekre, hogy ny\u00e1ron ne kelljen g\u00e1zt v\u00e1s\u00e1rolni. Szeretn\u00e9nk meg\u00fajul\u00f3 energi\u00e1t haszn\u00e1lni, de ezek felt\u00e9telei olyan m\u00e9rt\u00e9k\u0171 kih\u00edv\u00e1st jelentenek, amelyet eddig nem tudtunk biztos\u00edtani.<\/p>\n<p>A villanyh\u00e1l\u00f3zat, v\u00edzvezet\u00e9k ki\u00e9p\u00edt\u00e9se az udvaron \u00e9s a h\u00e1zban a biztons\u00e1gos m\u0171k\u00f6d\u00e9s egyik felt\u00e9tele, amelyet \u00e9vr\u0151l \u00e9vre a sz\u00fcks\u00e9gleteknek megfelel\u0151en val\u00f3s\u00edtottunk meg.<\/p>\n<p>Az ut\u00f3bbi 5-6 \u00e9vben m\u00e1r el\u00e9rt\u00fck, hogy a h\u00e1z kitermeli az \u00fczemeltet\u00e9shez sz\u00fcks\u00e9ges k\u00f6lts\u00e9geket. T\u00f6reksz\u00fcnk arra, hogy takar\u00e9kosan, de a fejleszt\u00e9sre mindig k\u00e9szen gazd\u00e1lkodjunk. A fejleszt\u00e9s nem csak a t\u00e1rgyi eszk\u00f6z\u00f6k, \u00e9p\u00edtm\u00e9nyek, korszer\u0171s\u00edt\u00e9st jelenti, hanem az itt dolgoz\u00f3k munk\u00e1j\u00e1nak megfizet\u00e9s\u00e9t is, ami \u00e9vr\u0151l \u00e9vre, m\u00e9g ha minim\u00e1lis m\u00e9rt\u00e9kben is, de emelkedett. Mindaz, amit e cikkben le\u00edrtam persze nem \u00fagy j\u00f6tt l\u00e9tre, hogy minden munk\u00e1t p\u00e9nzben megfizett\u00fcnk. Kellett ehhez a kreativit\u00e1s, a sokr\u00e9t\u0171 gyakorlati tud\u00e1s, az \u00f6tletek \u00e9s legels\u0151sorban az \u00f6sszefog\u00e1s. Minden d\u00f6nt\u00e9s\u00fcnket k\u00f6z\u00f6sen hoztunk meg.<\/p>\n<p>Sok olyan apr\u00f3 dologr\u00f3l nem esett sz\u00f3 ebben a cikkben, ami ahhoz sz\u00fcks\u00e9ges, hogy egy k\u00f6z\u00f6ss\u00e9gi hely \u00e9s a k\u00f6z\u00f6ss\u00e9g maga is folyamatosan \u201e\u00fczemk\u00e9pes\u201d legyen. Az enn\u00e9l m\u00e9lyebb r\u00e9szleteket sz\u00edvesen megosztjuk azokkal, akik ide l\u00e1togatnak hozz\u00e1nk, ak\u00e1r k\u00e9pz\u00e9sre, ak\u00e1r ny\u00e1ri egyetemre, ak\u00e1r \u201ecsak \u00fagy\u201d erre j\u00e1rnak.<\/p>\n<p><strong>V\u00e9gjegyzetek:<\/strong><\/p>\n<p><a href=\"#_ftnref1\" name=\"_ftn1\"><sup>[1]<\/sup><\/a> https:\/\/kofe.hu\/parola\/parola-folyoirat\/a-felso-kiskunsagi-kozossegfejlesztoi-folyamat-eredmenyei-es-nehezsegei\/<\/p>\n<p><a href=\"#_ftnref2\" name=\"_ftn2\"><sup>[2]<\/sup><\/a> https:\/\/kofe.hu\/parola\/parola-folyoirat\/a-kunbabonyi-kozossegi-ongyogyito-kert-es-a-permakultura\/<\/p>\n<p><strong>Szerz\u0151:<\/strong><\/p>\n<p><img loading=\"lazy\" decoding=\"async\" class=\"alignright size-thumbnail wp-image-7154\" src=\"https:\/\/kofe.hu\/parola\/wp-content\/uploads\/2022\/12\/mzs-150x150.jpg\" alt=\"\" width=\"150\" height=\"150\" srcset=\"https:\/\/kofe.hu\/parola\/wp-content\/uploads\/2022\/12\/mzs-150x150.jpg 150w, https:\/\/kofe.hu\/parola\/wp-content\/uploads\/2022\/12\/mzs-10x10.jpg 10w\" sizes=\"auto, (max-width: 150px) 100vw, 150px\" \/><\/p>\n<p><span style=\"font-weight: 400;\">M\u00e9sz\u00e1ros Zsuzsa k\u00f6z\u00f6ss\u00e9gfejleszt\u0151, sz\u00f6vetkezetfejleszt\u0151, tan\u00e1r. 1992-ben ismerkedett meg a k\u00f6z\u00f6ss\u00e9gfejleszt\u00e9ssel, majd hamarosan kapcsolatba ker\u00fclt angliai sz\u00f6vetkezetfejleszt\u0151kkel, ami j\u00f3 alapot adott sz\u00e1m\u00e1ra a tov\u00e1bbi tanul\u00e1shoz. A k\u00f6z\u00f6ss\u00e9gfejleszt\u0151k k\u00f6z\u00f6tt a sz\u00f6vetkezetis\u00e9g \u00e1llhatatos k\u00e9pvisel\u0151j\u00e9v\u00e9 v\u00e1lt. Orsz\u00e1gszerte sok k\u00f6z\u00f6ss\u00e9get seg\u00edtett a k\u00f6z\u00f6ss\u00e9gi v\u00e1llalkoz\u00e1sr\u00f3l val\u00f3 gondolkod\u00e1sban. 1997 \u00f3ta dolgozik a Fels\u0151-Kiskuns\u00e1gban, ahol az ut\u00f3bbi 10 \u00e9vben Kunb\u00e1bonyban, a Civil Koll\u00e9gium fenntart\u00e1s\u00e1nak, fejl\u0151d\u00e9s\u00e9nek motorja, a helyi sz\u00f6vetkezet eln\u00f6ke. A K\u00f6z\u00f6ss\u00e9gfejleszt\u0151k Egyes\u00fclet\u00e9nek tagja 1993 \u00f3ta.<\/span><\/p>\n","protected":false},"excerpt":{"rendered":"<p>Egy kitart\u00f3, k\u00f6vetkezetes k\u00f6z\u00f6ss\u00e9gfejleszt\u0151 munka \u00e9s folyamat tal\u00e1lkozhatunk Kunb\u00e1bonyban. A helyi er\u0151forr\u00e1sok felhaszn\u00e1l\u00e1s\u00e1val egy m\u00e1ssal \u00f6ssze nem hasonl\u00edthat\u00f3, kisug\u00e1rz\u00e1s\u00e1val sokakat rabul ejt\u0151 hely ut\u00f3bbi t\u00edz \u00e9v\u00e9nek t\u00f6rt\u00e9nete.<\/p>\n","protected":false},"author":30,"featured_media":7044,"comment_status":"open","ping_status":"open","sticky":false,"template":"","format":"standard","meta":{"_acf_changed":false,"footnotes":""},"categories":[1092,8,7],"tags":[1100,784,946,1099,38,1101],"coauthors":[30],"class_list":["post-7036","post","type-post","status-publish","format-standard","has-post-thumbnail","hentry","category-parola-2022-4-parola-folyoirat","category-parola-folyoirat","category-repertorium","tag-civil-kollegium","tag-kozossegfejlesztes","tag-kunbabony","tag-kunbabonyi-tizek-szovetkezet","tag-permakultura","tag-szovetkezet"],"acf":[],"yoast_head":"<!-- This site is optimized with the Yoast SEO plugin v26.7 - https:\/\/yoast.com\/wordpress\/plugins\/seo\/ -->\n<title>T\u00edz \u00e9ve sz\u00f6vetkez\u00fcnk - A Kunb\u00e1bonyi T\u00edzek K\u00f6z\u00f6ss\u00e9gi Sz\u00f6vetkezet \u00e9s a Civil Koll\u00e9gium - Parola Foly\u00f3irat<\/title>\n<meta name=\"robots\" content=\"index, follow, max-snippet:-1, max-image-preview:large, max-video-preview:-1\" \/>\n<link rel=\"canonical\" href=\"https:\/\/kofe.hu\/parola\/repertorium\/meszaros-zsuzsa-tiz-eve-szovetkezunk-a-kunbabonyi-tizek-kozossegi-szovetkezet-es-a-civil-kollegium\/\" \/>\n<meta property=\"og:locale\" content=\"hu_HU\" \/>\n<meta property=\"og:type\" content=\"article\" \/>\n<meta property=\"og:title\" content=\"T\u00edz \u00e9ve sz\u00f6vetkez\u00fcnk - A Kunb\u00e1bonyi T\u00edzek K\u00f6z\u00f6ss\u00e9gi Sz\u00f6vetkezet \u00e9s a Civil Koll\u00e9gium - Parola Foly\u00f3irat\" \/>\n<meta property=\"og:description\" content=\"Egy kitart\u00f3, k\u00f6vetkezetes k\u00f6z\u00f6ss\u00e9gfejleszt\u0151 munka \u00e9s folyamat tal\u00e1lkozhatunk Kunb\u00e1bonyban. A helyi er\u0151forr\u00e1sok felhaszn\u00e1l\u00e1s\u00e1val egy m\u00e1ssal \u00f6ssze nem hasonl\u00edthat\u00f3, kisug\u00e1rz\u00e1s\u00e1val sokakat rabul ejt\u0151 hely ut\u00f3bbi t\u00edz \u00e9v\u00e9nek t\u00f6rt\u00e9nete.\" \/>\n<meta property=\"og:url\" content=\"https:\/\/kofe.hu\/parola\/repertorium\/meszaros-zsuzsa-tiz-eve-szovetkezunk-a-kunbabonyi-tizek-kozossegi-szovetkezet-es-a-civil-kollegium\/\" \/>\n<meta property=\"og:site_name\" content=\"Parola Foly\u00f3irat\" \/>\n<meta property=\"article:published_time\" content=\"2022-12-21T08:35:37+00:00\" \/>\n<meta property=\"article:modified_time\" content=\"2023-01-03T19:30:36+00:00\" \/>\n<meta property=\"og:image\" content=\"https:\/\/kofe.hu\/parola\/wp-content\/uploads\/2022\/12\/2022-4-12b-3.jpg\" \/>\n\t<meta property=\"og:image:width\" content=\"2040\" \/>\n\t<meta property=\"og:image:height\" content=\"1530\" \/>\n\t<meta property=\"og:image:type\" content=\"image\/jpeg\" \/>\n<meta name=\"author\" content=\"M\u00e9sz\u00e1ros Zsuzsa\" \/>\n<meta name=\"twitter:card\" content=\"summary_large_image\" \/>\n<meta name=\"twitter:label1\" content=\"Szerz\u0151:\" \/>\n\t<meta name=\"twitter:data1\" content=\"M\u00e9sz\u00e1ros Zsuzsa\" \/>\n\t<meta name=\"twitter:label2\" content=\"Becs\u00fclt olvas\u00e1si id\u0151\" \/>\n\t<meta name=\"twitter:data2\" content=\"23 perc\" \/>\n\t<meta name=\"twitter:label3\" content=\"Written by\" \/>\n\t<meta name=\"twitter:data3\" content=\"M\u00e9sz\u00e1ros Zsuzsa\" \/>\n<script type=\"application\/ld+json\" class=\"yoast-schema-graph\">{\"@context\":\"https:\/\/schema.org\",\"@graph\":[{\"@type\":\"Article\",\"@id\":\"https:\/\/kofe.hu\/parola\/repertorium\/meszaros-zsuzsa-tiz-eve-szovetkezunk-a-kunbabonyi-tizek-kozossegi-szovetkezet-es-a-civil-kollegium\/#article\",\"isPartOf\":{\"@id\":\"https:\/\/kofe.hu\/parola\/repertorium\/meszaros-zsuzsa-tiz-eve-szovetkezunk-a-kunbabonyi-tizek-kozossegi-szovetkezet-es-a-civil-kollegium\/\"},\"author\":{\"name\":\"M\u00e9sz\u00e1ros Zsuzsa\",\"@id\":\"https:\/\/kofe.hu\/parola\/#\/schema\/person\/1b6db5cf12776157324bae6924ca9bd0\"},\"headline\":\"T\u00edz \u00e9ve sz\u00f6vetkez\u00fcnk &#8211; A Kunb\u00e1bonyi T\u00edzek K\u00f6z\u00f6ss\u00e9gi Sz\u00f6vetkezet \u00e9s a Civil Koll\u00e9gium\",\"datePublished\":\"2022-12-21T08:35:37+00:00\",\"dateModified\":\"2023-01-03T19:30:36+00:00\",\"mainEntityOfPage\":{\"@id\":\"https:\/\/kofe.hu\/parola\/repertorium\/meszaros-zsuzsa-tiz-eve-szovetkezunk-a-kunbabonyi-tizek-kozossegi-szovetkezet-es-a-civil-kollegium\/\"},\"wordCount\":4551,\"commentCount\":0,\"image\":{\"@id\":\"https:\/\/kofe.hu\/parola\/repertorium\/meszaros-zsuzsa-tiz-eve-szovetkezunk-a-kunbabonyi-tizek-kozossegi-szovetkezet-es-a-civil-kollegium\/#primaryimage\"},\"thumbnailUrl\":\"https:\/\/kofe.hu\/parola\/wp-content\/uploads\/2022\/12\/2022-4-12b-3.jpg\",\"keywords\":[\"Civil Koll\u00e9gium\",\"k\u00f6z\u00f6ss\u00e9gfejleszt\u00e9s\",\"Kunb\u00e1bony\",\"Kunb\u00e1bonyi T\u00edzek Sz\u00f6vetkezet\",\"permakult\u00fara\",\"sz\u00f6vetkezet\"],\"articleSection\":[\"Parola 2022\/4\",\"Parola Foly\u00f3irat\",\"Repert\u00f3rium\"],\"inLanguage\":\"hu\",\"potentialAction\":[{\"@type\":\"CommentAction\",\"name\":\"Comment\",\"target\":[\"https:\/\/kofe.hu\/parola\/repertorium\/meszaros-zsuzsa-tiz-eve-szovetkezunk-a-kunbabonyi-tizek-kozossegi-szovetkezet-es-a-civil-kollegium\/#respond\"]}]},{\"@type\":\"WebPage\",\"@id\":\"https:\/\/kofe.hu\/parola\/repertorium\/meszaros-zsuzsa-tiz-eve-szovetkezunk-a-kunbabonyi-tizek-kozossegi-szovetkezet-es-a-civil-kollegium\/\",\"url\":\"https:\/\/kofe.hu\/parola\/repertorium\/meszaros-zsuzsa-tiz-eve-szovetkezunk-a-kunbabonyi-tizek-kozossegi-szovetkezet-es-a-civil-kollegium\/\",\"name\":\"T\u00edz \u00e9ve sz\u00f6vetkez\u00fcnk - A Kunb\u00e1bonyi T\u00edzek K\u00f6z\u00f6ss\u00e9gi Sz\u00f6vetkezet \u00e9s a Civil Koll\u00e9gium - Parola Foly\u00f3irat\",\"isPartOf\":{\"@id\":\"https:\/\/kofe.hu\/parola\/#website\"},\"primaryImageOfPage\":{\"@id\":\"https:\/\/kofe.hu\/parola\/repertorium\/meszaros-zsuzsa-tiz-eve-szovetkezunk-a-kunbabonyi-tizek-kozossegi-szovetkezet-es-a-civil-kollegium\/#primaryimage\"},\"image\":{\"@id\":\"https:\/\/kofe.hu\/parola\/repertorium\/meszaros-zsuzsa-tiz-eve-szovetkezunk-a-kunbabonyi-tizek-kozossegi-szovetkezet-es-a-civil-kollegium\/#primaryimage\"},\"thumbnailUrl\":\"https:\/\/kofe.hu\/parola\/wp-content\/uploads\/2022\/12\/2022-4-12b-3.jpg\",\"datePublished\":\"2022-12-21T08:35:37+00:00\",\"dateModified\":\"2023-01-03T19:30:36+00:00\",\"author\":{\"@id\":\"https:\/\/kofe.hu\/parola\/#\/schema\/person\/1b6db5cf12776157324bae6924ca9bd0\"},\"breadcrumb\":{\"@id\":\"https:\/\/kofe.hu\/parola\/repertorium\/meszaros-zsuzsa-tiz-eve-szovetkezunk-a-kunbabonyi-tizek-kozossegi-szovetkezet-es-a-civil-kollegium\/#breadcrumb\"},\"inLanguage\":\"hu\",\"potentialAction\":[{\"@type\":\"ReadAction\",\"target\":[\"https:\/\/kofe.hu\/parola\/repertorium\/meszaros-zsuzsa-tiz-eve-szovetkezunk-a-kunbabonyi-tizek-kozossegi-szovetkezet-es-a-civil-kollegium\/\"]}]},{\"@type\":\"ImageObject\",\"inLanguage\":\"hu\",\"@id\":\"https:\/\/kofe.hu\/parola\/repertorium\/meszaros-zsuzsa-tiz-eve-szovetkezunk-a-kunbabonyi-tizek-kozossegi-szovetkezet-es-a-civil-kollegium\/#primaryimage\",\"url\":\"https:\/\/kofe.hu\/parola\/wp-content\/uploads\/2022\/12\/2022-4-12b-3.jpg\",\"contentUrl\":\"https:\/\/kofe.hu\/parola\/wp-content\/uploads\/2022\/12\/2022-4-12b-3.jpg\",\"width\":2040,\"height\":1530},{\"@type\":\"BreadcrumbList\",\"@id\":\"https:\/\/kofe.hu\/parola\/repertorium\/meszaros-zsuzsa-tiz-eve-szovetkezunk-a-kunbabonyi-tizek-kozossegi-szovetkezet-es-a-civil-kollegium\/#breadcrumb\",\"itemListElement\":[{\"@type\":\"ListItem\",\"position\":1,\"name\":\"Home\",\"item\":\"https:\/\/kofe.hu\/parola\/\"},{\"@type\":\"ListItem\",\"position\":2,\"name\":\"T\u00edz \u00e9ve sz\u00f6vetkez\u00fcnk &#8211; A Kunb\u00e1bonyi T\u00edzek K\u00f6z\u00f6ss\u00e9gi Sz\u00f6vetkezet \u00e9s a Civil Koll\u00e9gium\"}]},{\"@type\":\"WebSite\",\"@id\":\"https:\/\/kofe.hu\/parola\/#website\",\"url\":\"https:\/\/kofe.hu\/parola\/\",\"name\":\"Parola Foly\u00f3irat\",\"description\":\"\",\"potentialAction\":[{\"@type\":\"SearchAction\",\"target\":{\"@type\":\"EntryPoint\",\"urlTemplate\":\"https:\/\/kofe.hu\/parola\/?s={search_term_string}\"},\"query-input\":{\"@type\":\"PropertyValueSpecification\",\"valueRequired\":true,\"valueName\":\"search_term_string\"}}],\"inLanguage\":\"hu\"},{\"@type\":\"Person\",\"@id\":\"https:\/\/kofe.hu\/parola\/#\/schema\/person\/1b6db5cf12776157324bae6924ca9bd0\",\"name\":\"M\u00e9sz\u00e1ros Zsuzsa\",\"image\":{\"@type\":\"ImageObject\",\"inLanguage\":\"hu\",\"@id\":\"https:\/\/kofe.hu\/parola\/#\/schema\/person\/image\/bf04ecebddb26c65c5a2e5766159e39e\",\"url\":\"https:\/\/secure.gravatar.com\/avatar\/d4a4ba16dcc949be5321019ea5b3555cb23cbfa014209f2a9bbb02f700a829d2?s=96&d=mm&r=g\",\"contentUrl\":\"https:\/\/secure.gravatar.com\/avatar\/d4a4ba16dcc949be5321019ea5b3555cb23cbfa014209f2a9bbb02f700a829d2?s=96&d=mm&r=g\",\"caption\":\"M\u00e9sz\u00e1ros Zsuzsa\"},\"url\":\"https:\/\/kofe.hu\/parola\/szerzok\/meszaros-zsuzsa\/\"}]}<\/script>\n<!-- \/ Yoast SEO plugin. -->","yoast_head_json":{"title":"T\u00edz \u00e9ve sz\u00f6vetkez\u00fcnk - A Kunb\u00e1bonyi T\u00edzek K\u00f6z\u00f6ss\u00e9gi Sz\u00f6vetkezet \u00e9s a Civil Koll\u00e9gium - Parola Foly\u00f3irat","robots":{"index":"index","follow":"follow","max-snippet":"max-snippet:-1","max-image-preview":"max-image-preview:large","max-video-preview":"max-video-preview:-1"},"canonical":"https:\/\/kofe.hu\/parola\/repertorium\/meszaros-zsuzsa-tiz-eve-szovetkezunk-a-kunbabonyi-tizek-kozossegi-szovetkezet-es-a-civil-kollegium\/","og_locale":"hu_HU","og_type":"article","og_title":"T\u00edz \u00e9ve sz\u00f6vetkez\u00fcnk - A Kunb\u00e1bonyi T\u00edzek K\u00f6z\u00f6ss\u00e9gi Sz\u00f6vetkezet \u00e9s a Civil Koll\u00e9gium - Parola Foly\u00f3irat","og_description":"Egy kitart\u00f3, k\u00f6vetkezetes k\u00f6z\u00f6ss\u00e9gfejleszt\u0151 munka \u00e9s folyamat tal\u00e1lkozhatunk Kunb\u00e1bonyban. A helyi er\u0151forr\u00e1sok felhaszn\u00e1l\u00e1s\u00e1val egy m\u00e1ssal \u00f6ssze nem hasonl\u00edthat\u00f3, kisug\u00e1rz\u00e1s\u00e1val sokakat rabul ejt\u0151 hely ut\u00f3bbi t\u00edz \u00e9v\u00e9nek t\u00f6rt\u00e9nete.","og_url":"https:\/\/kofe.hu\/parola\/repertorium\/meszaros-zsuzsa-tiz-eve-szovetkezunk-a-kunbabonyi-tizek-kozossegi-szovetkezet-es-a-civil-kollegium\/","og_site_name":"Parola Foly\u00f3irat","article_published_time":"2022-12-21T08:35:37+00:00","article_modified_time":"2023-01-03T19:30:36+00:00","og_image":[{"width":2040,"height":1530,"url":"https:\/\/kofe.hu\/parola\/wp-content\/uploads\/2022\/12\/2022-4-12b-3.jpg","type":"image\/jpeg"}],"author":"M\u00e9sz\u00e1ros Zsuzsa","twitter_card":"summary_large_image","twitter_misc":{"Szerz\u0151:":"M\u00e9sz\u00e1ros Zsuzsa","Becs\u00fclt olvas\u00e1si id\u0151":"23 perc","Written by":"M\u00e9sz\u00e1ros Zsuzsa"},"schema":{"@context":"https:\/\/schema.org","@graph":[{"@type":"Article","@id":"https:\/\/kofe.hu\/parola\/repertorium\/meszaros-zsuzsa-tiz-eve-szovetkezunk-a-kunbabonyi-tizek-kozossegi-szovetkezet-es-a-civil-kollegium\/#article","isPartOf":{"@id":"https:\/\/kofe.hu\/parola\/repertorium\/meszaros-zsuzsa-tiz-eve-szovetkezunk-a-kunbabonyi-tizek-kozossegi-szovetkezet-es-a-civil-kollegium\/"},"author":{"name":"M\u00e9sz\u00e1ros Zsuzsa","@id":"https:\/\/kofe.hu\/parola\/#\/schema\/person\/1b6db5cf12776157324bae6924ca9bd0"},"headline":"T\u00edz \u00e9ve sz\u00f6vetkez\u00fcnk &#8211; A Kunb\u00e1bonyi T\u00edzek K\u00f6z\u00f6ss\u00e9gi Sz\u00f6vetkezet \u00e9s a Civil Koll\u00e9gium","datePublished":"2022-12-21T08:35:37+00:00","dateModified":"2023-01-03T19:30:36+00:00","mainEntityOfPage":{"@id":"https:\/\/kofe.hu\/parola\/repertorium\/meszaros-zsuzsa-tiz-eve-szovetkezunk-a-kunbabonyi-tizek-kozossegi-szovetkezet-es-a-civil-kollegium\/"},"wordCount":4551,"commentCount":0,"image":{"@id":"https:\/\/kofe.hu\/parola\/repertorium\/meszaros-zsuzsa-tiz-eve-szovetkezunk-a-kunbabonyi-tizek-kozossegi-szovetkezet-es-a-civil-kollegium\/#primaryimage"},"thumbnailUrl":"https:\/\/kofe.hu\/parola\/wp-content\/uploads\/2022\/12\/2022-4-12b-3.jpg","keywords":["Civil Koll\u00e9gium","k\u00f6z\u00f6ss\u00e9gfejleszt\u00e9s","Kunb\u00e1bony","Kunb\u00e1bonyi T\u00edzek Sz\u00f6vetkezet","permakult\u00fara","sz\u00f6vetkezet"],"articleSection":["Parola 2022\/4","Parola Foly\u00f3irat","Repert\u00f3rium"],"inLanguage":"hu","potentialAction":[{"@type":"CommentAction","name":"Comment","target":["https:\/\/kofe.hu\/parola\/repertorium\/meszaros-zsuzsa-tiz-eve-szovetkezunk-a-kunbabonyi-tizek-kozossegi-szovetkezet-es-a-civil-kollegium\/#respond"]}]},{"@type":"WebPage","@id":"https:\/\/kofe.hu\/parola\/repertorium\/meszaros-zsuzsa-tiz-eve-szovetkezunk-a-kunbabonyi-tizek-kozossegi-szovetkezet-es-a-civil-kollegium\/","url":"https:\/\/kofe.hu\/parola\/repertorium\/meszaros-zsuzsa-tiz-eve-szovetkezunk-a-kunbabonyi-tizek-kozossegi-szovetkezet-es-a-civil-kollegium\/","name":"T\u00edz \u00e9ve sz\u00f6vetkez\u00fcnk - A Kunb\u00e1bonyi T\u00edzek K\u00f6z\u00f6ss\u00e9gi Sz\u00f6vetkezet \u00e9s a Civil Koll\u00e9gium - Parola Foly\u00f3irat","isPartOf":{"@id":"https:\/\/kofe.hu\/parola\/#website"},"primaryImageOfPage":{"@id":"https:\/\/kofe.hu\/parola\/repertorium\/meszaros-zsuzsa-tiz-eve-szovetkezunk-a-kunbabonyi-tizek-kozossegi-szovetkezet-es-a-civil-kollegium\/#primaryimage"},"image":{"@id":"https:\/\/kofe.hu\/parola\/repertorium\/meszaros-zsuzsa-tiz-eve-szovetkezunk-a-kunbabonyi-tizek-kozossegi-szovetkezet-es-a-civil-kollegium\/#primaryimage"},"thumbnailUrl":"https:\/\/kofe.hu\/parola\/wp-content\/uploads\/2022\/12\/2022-4-12b-3.jpg","datePublished":"2022-12-21T08:35:37+00:00","dateModified":"2023-01-03T19:30:36+00:00","author":{"@id":"https:\/\/kofe.hu\/parola\/#\/schema\/person\/1b6db5cf12776157324bae6924ca9bd0"},"breadcrumb":{"@id":"https:\/\/kofe.hu\/parola\/repertorium\/meszaros-zsuzsa-tiz-eve-szovetkezunk-a-kunbabonyi-tizek-kozossegi-szovetkezet-es-a-civil-kollegium\/#breadcrumb"},"inLanguage":"hu","potentialAction":[{"@type":"ReadAction","target":["https:\/\/kofe.hu\/parola\/repertorium\/meszaros-zsuzsa-tiz-eve-szovetkezunk-a-kunbabonyi-tizek-kozossegi-szovetkezet-es-a-civil-kollegium\/"]}]},{"@type":"ImageObject","inLanguage":"hu","@id":"https:\/\/kofe.hu\/parola\/repertorium\/meszaros-zsuzsa-tiz-eve-szovetkezunk-a-kunbabonyi-tizek-kozossegi-szovetkezet-es-a-civil-kollegium\/#primaryimage","url":"https:\/\/kofe.hu\/parola\/wp-content\/uploads\/2022\/12\/2022-4-12b-3.jpg","contentUrl":"https:\/\/kofe.hu\/parola\/wp-content\/uploads\/2022\/12\/2022-4-12b-3.jpg","width":2040,"height":1530},{"@type":"BreadcrumbList","@id":"https:\/\/kofe.hu\/parola\/repertorium\/meszaros-zsuzsa-tiz-eve-szovetkezunk-a-kunbabonyi-tizek-kozossegi-szovetkezet-es-a-civil-kollegium\/#breadcrumb","itemListElement":[{"@type":"ListItem","position":1,"name":"Home","item":"https:\/\/kofe.hu\/parola\/"},{"@type":"ListItem","position":2,"name":"T\u00edz \u00e9ve sz\u00f6vetkez\u00fcnk &#8211; A Kunb\u00e1bonyi T\u00edzek K\u00f6z\u00f6ss\u00e9gi Sz\u00f6vetkezet \u00e9s a Civil Koll\u00e9gium"}]},{"@type":"WebSite","@id":"https:\/\/kofe.hu\/parola\/#website","url":"https:\/\/kofe.hu\/parola\/","name":"Parola Foly\u00f3irat","description":"","potentialAction":[{"@type":"SearchAction","target":{"@type":"EntryPoint","urlTemplate":"https:\/\/kofe.hu\/parola\/?s={search_term_string}"},"query-input":{"@type":"PropertyValueSpecification","valueRequired":true,"valueName":"search_term_string"}}],"inLanguage":"hu"},{"@type":"Person","@id":"https:\/\/kofe.hu\/parola\/#\/schema\/person\/1b6db5cf12776157324bae6924ca9bd0","name":"M\u00e9sz\u00e1ros Zsuzsa","image":{"@type":"ImageObject","inLanguage":"hu","@id":"https:\/\/kofe.hu\/parola\/#\/schema\/person\/image\/bf04ecebddb26c65c5a2e5766159e39e","url":"https:\/\/secure.gravatar.com\/avatar\/d4a4ba16dcc949be5321019ea5b3555cb23cbfa014209f2a9bbb02f700a829d2?s=96&d=mm&r=g","contentUrl":"https:\/\/secure.gravatar.com\/avatar\/d4a4ba16dcc949be5321019ea5b3555cb23cbfa014209f2a9bbb02f700a829d2?s=96&d=mm&r=g","caption":"M\u00e9sz\u00e1ros Zsuzsa"},"url":"https:\/\/kofe.hu\/parola\/szerzok\/meszaros-zsuzsa\/"}]}},"_links":{"self":[{"href":"https:\/\/kofe.hu\/parola\/wp-json\/wp\/v2\/posts\/7036","targetHints":{"allow":["GET"]}}],"collection":[{"href":"https:\/\/kofe.hu\/parola\/wp-json\/wp\/v2\/posts"}],"about":[{"href":"https:\/\/kofe.hu\/parola\/wp-json\/wp\/v2\/types\/post"}],"author":[{"embeddable":true,"href":"https:\/\/kofe.hu\/parola\/wp-json\/wp\/v2\/users\/30"}],"replies":[{"embeddable":true,"href":"https:\/\/kofe.hu\/parola\/wp-json\/wp\/v2\/comments?post=7036"}],"version-history":[{"count":5,"href":"https:\/\/kofe.hu\/parola\/wp-json\/wp\/v2\/posts\/7036\/revisions"}],"predecessor-version":[{"id":7156,"href":"https:\/\/kofe.hu\/parola\/wp-json\/wp\/v2\/posts\/7036\/revisions\/7156"}],"wp:featuredmedia":[{"embeddable":true,"href":"https:\/\/kofe.hu\/parola\/wp-json\/wp\/v2\/media\/7044"}],"wp:attachment":[{"href":"https:\/\/kofe.hu\/parola\/wp-json\/wp\/v2\/media?parent=7036"}],"wp:term":[{"taxonomy":"category","embeddable":true,"href":"https:\/\/kofe.hu\/parola\/wp-json\/wp\/v2\/categories?post=7036"},{"taxonomy":"post_tag","embeddable":true,"href":"https:\/\/kofe.hu\/parola\/wp-json\/wp\/v2\/tags?post=7036"},{"taxonomy":"author","embeddable":true,"href":"https:\/\/kofe.hu\/parola\/wp-json\/wp\/v2\/coauthors?post=7036"}],"curies":[{"name":"wp","href":"https:\/\/api.w.org\/{rel}","templated":true}]}}