{"id":6800,"date":"2022-07-15T14:45:51","date_gmt":"2022-07-15T14:45:51","guid":{"rendered":"https:\/\/kofe.hu\/parola\/?p=6800"},"modified":"2022-07-15T14:45:51","modified_gmt":"2022-07-15T14:45:51","slug":"szerkesztok-eloszava","status":"publish","type":"post","link":"https:\/\/kofe.hu\/parola\/parola-folyoirat\/szerkesztok-eloszava\/","title":{"rendered":"Szerkeszt\u0151k el\u0151szava"},"content":{"rendered":"<p>Manaps\u00e1g ism\u00e9t egyre t\u00f6bbet hallhatunk v\u00e1ls\u00e1gr\u00f3l gazdas\u00e1gban, politik\u00e1ban, t\u00e1rsadalomban. De mit tehet\u00fcnk, mit tehet a k\u00f6z\u00f6ss\u00e9gi-, t\u00e1rsadalomfejleszt\u0151 szakma ilyen k\u00f6rnyezetben? Ha az \u00e9rdekl\u0151d\u0151 olvas\u00f3 kinyitja a Parola friss sz\u00e1m\u00e1t, l\u00e1thatja, nem keveset.<\/p>\n<p>A Civil Koll\u00e9gium Alap\u00edtv\u00e1ny (CKA) j\u00f3 k\u00e9t \u00e9vvel ezel\u0151tt egy \u00faj k\u00eds\u00e9rletbe fogott a k\u00f6z\u00f6ss\u00e9gszervez\u00e9sen bel\u00fcl, a hitalap\u00fa k\u00f6z\u00f6ss\u00e9gszervez\u00e9s szeml\u00e9let\u00e9vel v\u00e9gzett eddigi munka \u00e1ttekint\u00e9s\u00e9r\u0151l sz\u00f3l a Parola els\u0151 fele. Megismerhetj\u00fck a CKA L\u00e1ncreakci\u00f3 projektje keret\u00e9ben l\u00e9trej\u00f6tt Kov\u00e1sz K\u00f6z\u00f6ss\u00e9g t\u00f6rt\u00e9net\u00e9t \u00e9s c\u00e9ljait<em>, <\/em>illetve eddigi eredm\u00e9nyeit \u00e9s k\u00f6vetkeztet\u00e9seit a magyarorsz\u00e1gi lehet\u0151s\u00e9gek kapcs\u00e1n. <em>\u00a0<\/em>Nagy K\u00e1roly Zsolt<em>, <\/em>a Kov\u00e1sz teol\u00f3giai munkacsoportj\u00e1nak vezet\u0151je ugyanezzel foglalkozik a reform\u00e1tus teol\u00f3gia \u00e9s egyh\u00e1zi val\u00f3s\u00e1g lencs\u00e9j\u00e9n kereszt\u00fcl, \u00e9s azt is megmutatja, hogy a k\u00f6z\u00f6ss\u00e9gszervez\u00e9s hogyan n\u0151tt ki az egyh\u00e1z t\u00e1rsadalmi felel\u0151ss\u00e9gv\u00e1llal\u00e1s\u00e1b\u00f3l, \u00e9s hogy illeszkedhet be \u00fajra. Elolvashatjuk emellett a Kov\u00e1sz egyh\u00e1zfinansz\u00edroz\u00e1sr\u00f3l \u00e9s az egyh\u00e1zak anyagi fogs\u00e1g\u00e1r\u00f3l sz\u00f3l\u00f3 online kerekasztal\u00e1r\u00f3l \u00edrt besz\u00e1mol\u00f3t Farkas Zsuzsanna toll\u00e1b\u00f3l<em>. <\/em>Bolba M\u00e1rta nemr\u00e9giben Salvadorban j\u00e1rt, \u00fati besz\u00e1mol\u00f3j\u00e1b\u00f3l kider\u00fcl, mik\u00e9ppen lehet igazs\u00e1gtalans\u00e1gokat elszenved\u0151 k\u00f6z\u00f6ss\u00e9geket a katolikus egyh\u00e1z \u00e9gisze alatt megszervezni.<\/p>\n<p>A lok\u00e1lis munka jelent\u0151s\u00e9ge nem v\u00e1ltozik v\u00e1ls\u00e1gok idej\u00e9n sem, a murakereszt\u00fari polg\u00e1rmester interj\u00faj\u00e1b\u00f3l megtudhatjuk, hogyan f\u00fcgg \u00e9s nem f\u00fcgg \u00f6ssze egy telep\u00fcl\u00e9sen a papi hivat\u00e1s \u00e9s az \u00f6nkorm\u00e1nyzati munka.<\/p>\n<p>K\u00f6z\u00f6ss\u00e9gszervez\u00e9sr\u0151l van sz\u00f3 egy izgalmas, baranyai telep\u00fcl\u00e9seken zajl\u00f3 folyamatban is, ahol fiatalok, gyerekek ismerkednek meg a k\u00f6z\u00f6ss\u00e9gi m\u0171v\u00e9szetek \u00e9s a k\u00f6z\u00f6ss\u00e9gszervez\u00e9s \u00f6sszekapcsol\u00e1s\u00e1val a demokratikus d\u00f6nt\u00e9shozatal lehet\u0151s\u00e9geivel, m\u00f3dszereivel.<\/p>\n<p>A ny\u00edregyh\u00e1zi Labor Caf\u00e9 egy\u00a0kellemes k\u00f6z\u00f6ss\u00e9gi k\u00e1v\u00e9z\u00f3 volt, m\u00edgnem az orosz agresszi\u00f3 teremtette ukr\u00e1n menek\u00fclthull\u00e1m nyom\u00e1n \u00e1t nem \u00e1lltak a seg\u00edt\u0151k\u00e9sz \u00e1llampolg\u00e1rok adom\u00e1nyainak gy\u0171jt\u00e9s\u00e9re \u00e9s eloszt\u00e1s\u00e1ra. Arr\u00f3l olvashatunk, a\u00a0 felaj\u00e1nl\u00e1sok mennyis\u00e9ge \u00e9s a sz\u00fcks\u00e9gletek k\u00f6z\u00f6tti diszharm\u00f3ni\u00e1ban egy egyszer\u0171 \u00e9s nagyszer\u0171 innov\u00e1ci\u00f3, a Helpcekker, hogyan jelent hat\u00e9kony megold\u00e1st.<\/p>\n<p>Az \u00e9v els\u0151 h\u00f3napjaiban az orsz\u00e1g k\u00fcl\u00f6nb\u00f6z\u0151 telep\u00fcl\u00e9sein val\u00f3sultak meg f\u00f3rumok, mely a CKA \u00e9s a K\u00f6z\u00f6ss\u00e9gfejleszt\u0151k Egyes\u00fclete programszint\u0171 szakmai elk\u00e9pzel\u00e9se a helyi szint\u0171 \u00f6nrendelkez\u00e9s meg-, illetve visszaszerz\u00e9s\u00e9r\u0151l. Kider\u00fcl, mi az a h\u00e9t l\u00e9p\u00e9s, amire sz\u00fcks\u00e9g van egy tetter\u0151s k\u00f6z\u00f6ss\u00e9g l\u00e9trej\u00f6tt\u00e9hez.<\/p>\n<p>Tudtad? Egy milli\u00f3 magyar \u00e9l olyan v\u00e1rosban vagy ker\u00fcletben, ahol k\u00f6z\u00f6ss\u00e9gi alap\u00edtv\u00e1ny m\u0171k\u00f6dik. Az ut\u00f3bbi k\u00e9t \u00e9vben r\u00e1ad\u00e1sul \u00faj lend\u00fcletet kapott l\u00e9trej\u00f6tt\u00fck, err\u0151l a folyamatr\u00f3l \u00e9s egy friss \u00f3budai p\u00e9ld\u00e1r\u00f3l sz\u00f3l egy-egy \u00edr\u00e1s.<\/p>\n<p>\u00c1lland\u00f3 rovatunkban, a Civil R\u00e1di\u00f3b\u00f3l \u00fczenve, most egy olyan fiatal l\u00e1nyt \u00e9s munk\u00e1j\u00e1t mutatjuk be, akit gimnazista kora \u00f3ta Afrika foglalkoztat. Fiatal feln\u0151ttk\u00e9nt azt\u00e1n lehet\u0151s\u00e9ge ny\u00edlt szem\u00e9lyesen az afrikai nyomornegyedekben dolgozni, megtudhatjuk, mi az a v\u00edzmaffia, szanit\u00e1ci\u00f3s k\u00f6zpont,repatri\u00e1ci\u00f3s program \u00e9s mi a jelent\u0151s\u00e9ge a hitnek, a k\u00f6z\u00f6ss\u00e9gnek mindezekben.<\/p>\n<p>Sz\u00f3 esik m\u00e9g a foly\u00f3iratunkban k\u00f6zterek k\u00f6z\u00f6ss\u00e9gi m\u0171v\u00e9szeti meg\u00faj\u00edt\u00e1sr\u00f3l, k\u00e9t sz\u00fclet\u00e9snapr\u00f3l, egy d\u00edjr\u00f3l \u00e9s elmaradhatatlan a k\u00f6z\u00f6ss\u00e9gi megold\u00e1sok aj\u00e1nl\u00f3ja.<\/p>\n<p>Ak\u00e1r egy dupla Parola sz\u00e1mot kitesz a sok izgalmas olvasnival\u00f3, b\u00edzunk benne, el\u00e9g mun\u00edci\u00f3t jelent a h\u00e1tralev\u0151 ny\u00e1ri hetekre!<\/p>\n<p>&nbsp;<\/p>\n<p>&nbsp;<\/p>\n","protected":false},"excerpt":{"rendered":"<p>Manaps\u00e1g ism\u00e9t egyre t\u00f6bbet hallhatunk v\u00e1ls\u00e1gr\u00f3l gazdas\u00e1gban, politik\u00e1ban, t\u00e1rsadalomban. De mit tehet\u00fcnk, mit tehet a k\u00f6z\u00f6ss\u00e9gi-, t\u00e1rsadalomfejleszt\u0151 szakma ilyen k\u00f6rnyezetben? Ha az \u00e9rdekl\u0151d\u0151 olvas\u00f3 kinyitja a Parola friss sz\u00e1m\u00e1t, l\u00e1thatja, nem keveset. A Civil Koll\u00e9gium Alap\u00edtv\u00e1ny (CKA) j\u00f3 k\u00e9t \u00e9vvel ezel\u0151tt egy \u00faj k\u00eds\u00e9rletbe fogott a k\u00f6z\u00f6ss\u00e9gszervez\u00e9sen bel\u00fcl, a hitalap\u00fa k\u00f6z\u00f6ss\u00e9gszervez\u00e9s szeml\u00e9let\u00e9vel v\u00e9gzett eddigi munka [&hellip;]<\/p>\n","protected":false},"author":14,"featured_media":6801,"comment_status":"open","ping_status":"open","sticky":false,"template":"","format":"standard","meta":{"_acf_changed":false,"footnotes":""},"categories":[986,8,7],"tags":[728],"coauthors":[22,845],"class_list":["post-6800","post","type-post","status-publish","format-standard","has-post-thumbnail","hentry","category-parola-2022-2","category-parola-folyoirat","category-repertorium","tag-eloszo"],"acf":[],"yoast_head":"<!-- This site is optimized with the Yoast SEO plugin v26.7 - https:\/\/yoast.com\/wordpress\/plugins\/seo\/ -->\n<title>Szerkeszt\u0151k el\u0151szava - Parola Foly\u00f3irat<\/title>\n<meta name=\"robots\" content=\"index, follow, max-snippet:-1, max-image-preview:large, max-video-preview:-1\" \/>\n<link rel=\"canonical\" href=\"https:\/\/kofe.hu\/parola\/parola-folyoirat\/szerkesztok-eloszava\/\" \/>\n<meta property=\"og:locale\" content=\"hu_HU\" \/>\n<meta property=\"og:type\" content=\"article\" \/>\n<meta property=\"og:title\" content=\"Szerkeszt\u0151k el\u0151szava - Parola Foly\u00f3irat\" \/>\n<meta property=\"og:description\" content=\"Manaps\u00e1g ism\u00e9t egyre t\u00f6bbet hallhatunk v\u00e1ls\u00e1gr\u00f3l gazdas\u00e1gban, politik\u00e1ban, t\u00e1rsadalomban. De mit tehet\u00fcnk, mit tehet a k\u00f6z\u00f6ss\u00e9gi-, t\u00e1rsadalomfejleszt\u0151 szakma ilyen k\u00f6rnyezetben? Ha az \u00e9rdekl\u0151d\u0151 olvas\u00f3 kinyitja a Parola friss sz\u00e1m\u00e1t, l\u00e1thatja, nem keveset. A Civil Koll\u00e9gium Alap\u00edtv\u00e1ny (CKA) j\u00f3 k\u00e9t \u00e9vvel ezel\u0151tt egy \u00faj k\u00eds\u00e9rletbe fogott a k\u00f6z\u00f6ss\u00e9gszervez\u00e9sen bel\u00fcl, a hitalap\u00fa k\u00f6z\u00f6ss\u00e9gszervez\u00e9s szeml\u00e9let\u00e9vel v\u00e9gzett eddigi munka [&hellip;]\" \/>\n<meta property=\"og:url\" content=\"https:\/\/kofe.hu\/parola\/parola-folyoirat\/szerkesztok-eloszava\/\" \/>\n<meta property=\"og:site_name\" content=\"Parola Foly\u00f3irat\" \/>\n<meta property=\"article:published_time\" content=\"2022-07-15T14:45:51+00:00\" \/>\n<meta property=\"og:image\" content=\"https:\/\/kofe.hu\/parola\/wp-content\/uploads\/2022\/07\/IMG_20191022_144112.jpg\" \/>\n\t<meta property=\"og:image:width\" content=\"700\" \/>\n\t<meta property=\"og:image:height\" content=\"525\" \/>\n\t<meta property=\"og:image:type\" content=\"image\/jpeg\" \/>\n<meta name=\"author\" content=\"Giczey P\u00e9ter, Tarcsay Tibor\" \/>\n<meta name=\"twitter:card\" content=\"summary_large_image\" \/>\n<meta name=\"twitter:label1\" content=\"Szerz\u0151:\" \/>\n\t<meta name=\"twitter:data1\" content=\"Giczey P\u00e9ter\" \/>\n\t<meta name=\"twitter:label2\" content=\"Becs\u00fclt olvas\u00e1si id\u0151\" \/>\n\t<meta name=\"twitter:data2\" content=\"4 perc\" \/>\n\t<meta name=\"twitter:label3\" content=\"Written by\" \/>\n\t<meta name=\"twitter:data3\" content=\"Giczey P\u00e9ter, Tarcsay Tibor\" \/>\n<script type=\"application\/ld+json\" class=\"yoast-schema-graph\">{\"@context\":\"https:\/\/schema.org\",\"@graph\":[{\"@type\":\"Article\",\"@id\":\"https:\/\/kofe.hu\/parola\/parola-folyoirat\/szerkesztok-eloszava\/#article\",\"isPartOf\":{\"@id\":\"https:\/\/kofe.hu\/parola\/parola-folyoirat\/szerkesztok-eloszava\/\"},\"author\":{\"name\":\"Giczey P\u00e9ter\",\"@id\":\"https:\/\/kofe.hu\/parola\/#\/schema\/person\/932a87aae65150b668ddda8579aeb6be\"},\"headline\":\"Szerkeszt\u0151k el\u0151szava\",\"datePublished\":\"2022-07-15T14:45:51+00:00\",\"mainEntityOfPage\":{\"@id\":\"https:\/\/kofe.hu\/parola\/parola-folyoirat\/szerkesztok-eloszava\/\"},\"wordCount\":735,\"commentCount\":0,\"image\":{\"@id\":\"https:\/\/kofe.hu\/parola\/parola-folyoirat\/szerkesztok-eloszava\/#primaryimage\"},\"thumbnailUrl\":\"https:\/\/kofe.hu\/parola\/wp-content\/uploads\/2022\/07\/IMG_20191022_144112.jpg\",\"keywords\":[\"el\u0151sz\u00f3\"],\"articleSection\":[\"Parola 2022\/2\",\"Parola Foly\u00f3irat\",\"Repert\u00f3rium\"],\"inLanguage\":\"hu\",\"potentialAction\":[{\"@type\":\"CommentAction\",\"name\":\"Comment\",\"target\":[\"https:\/\/kofe.hu\/parola\/parola-folyoirat\/szerkesztok-eloszava\/#respond\"]}]},{\"@type\":\"WebPage\",\"@id\":\"https:\/\/kofe.hu\/parola\/parola-folyoirat\/szerkesztok-eloszava\/\",\"url\":\"https:\/\/kofe.hu\/parola\/parola-folyoirat\/szerkesztok-eloszava\/\",\"name\":\"Szerkeszt\u0151k el\u0151szava - Parola Foly\u00f3irat\",\"isPartOf\":{\"@id\":\"https:\/\/kofe.hu\/parola\/#website\"},\"primaryImageOfPage\":{\"@id\":\"https:\/\/kofe.hu\/parola\/parola-folyoirat\/szerkesztok-eloszava\/#primaryimage\"},\"image\":{\"@id\":\"https:\/\/kofe.hu\/parola\/parola-folyoirat\/szerkesztok-eloszava\/#primaryimage\"},\"thumbnailUrl\":\"https:\/\/kofe.hu\/parola\/wp-content\/uploads\/2022\/07\/IMG_20191022_144112.jpg\",\"datePublished\":\"2022-07-15T14:45:51+00:00\",\"author\":{\"@id\":\"https:\/\/kofe.hu\/parola\/#\/schema\/person\/932a87aae65150b668ddda8579aeb6be\"},\"breadcrumb\":{\"@id\":\"https:\/\/kofe.hu\/parola\/parola-folyoirat\/szerkesztok-eloszava\/#breadcrumb\"},\"inLanguage\":\"hu\",\"potentialAction\":[{\"@type\":\"ReadAction\",\"target\":[\"https:\/\/kofe.hu\/parola\/parola-folyoirat\/szerkesztok-eloszava\/\"]}]},{\"@type\":\"ImageObject\",\"inLanguage\":\"hu\",\"@id\":\"https:\/\/kofe.hu\/parola\/parola-folyoirat\/szerkesztok-eloszava\/#primaryimage\",\"url\":\"https:\/\/kofe.hu\/parola\/wp-content\/uploads\/2022\/07\/IMG_20191022_144112.jpg\",\"contentUrl\":\"https:\/\/kofe.hu\/parola\/wp-content\/uploads\/2022\/07\/IMG_20191022_144112.jpg\",\"width\":700,\"height\":525,\"caption\":\"dav\"},{\"@type\":\"BreadcrumbList\",\"@id\":\"https:\/\/kofe.hu\/parola\/parola-folyoirat\/szerkesztok-eloszava\/#breadcrumb\",\"itemListElement\":[{\"@type\":\"ListItem\",\"position\":1,\"name\":\"Home\",\"item\":\"https:\/\/kofe.hu\/parola\/\"},{\"@type\":\"ListItem\",\"position\":2,\"name\":\"Szerkeszt\u0151k el\u0151szava\"}]},{\"@type\":\"WebSite\",\"@id\":\"https:\/\/kofe.hu\/parola\/#website\",\"url\":\"https:\/\/kofe.hu\/parola\/\",\"name\":\"Parola Foly\u00f3irat\",\"description\":\"\",\"potentialAction\":[{\"@type\":\"SearchAction\",\"target\":{\"@type\":\"EntryPoint\",\"urlTemplate\":\"https:\/\/kofe.hu\/parola\/?s={search_term_string}\"},\"query-input\":{\"@type\":\"PropertyValueSpecification\",\"valueRequired\":true,\"valueName\":\"search_term_string\"}}],\"inLanguage\":\"hu\"},{\"@type\":\"Person\",\"@id\":\"https:\/\/kofe.hu\/parola\/#\/schema\/person\/932a87aae65150b668ddda8579aeb6be\",\"name\":\"Giczey P\u00e9ter\",\"image\":{\"@type\":\"ImageObject\",\"inLanguage\":\"hu\",\"@id\":\"https:\/\/kofe.hu\/parola\/#\/schema\/person\/image\/de3d937ebcac502c441a6acbeb794be9\",\"url\":\"https:\/\/secure.gravatar.com\/avatar\/d615af9767360703f605ac31143a5229edec3e8bc2e30c9d12021a7d8df36d68?s=96&d=mm&r=g\",\"contentUrl\":\"https:\/\/secure.gravatar.com\/avatar\/d615af9767360703f605ac31143a5229edec3e8bc2e30c9d12021a7d8df36d68?s=96&d=mm&r=g\",\"caption\":\"Giczey P\u00e9ter\"},\"url\":\"https:\/\/kofe.hu\/parola\/szerzok\/giczey-peter\/\"}]}<\/script>\n<!-- \/ Yoast SEO plugin. -->","yoast_head_json":{"title":"Szerkeszt\u0151k el\u0151szava - Parola Foly\u00f3irat","robots":{"index":"index","follow":"follow","max-snippet":"max-snippet:-1","max-image-preview":"max-image-preview:large","max-video-preview":"max-video-preview:-1"},"canonical":"https:\/\/kofe.hu\/parola\/parola-folyoirat\/szerkesztok-eloszava\/","og_locale":"hu_HU","og_type":"article","og_title":"Szerkeszt\u0151k el\u0151szava - Parola Foly\u00f3irat","og_description":"Manaps\u00e1g ism\u00e9t egyre t\u00f6bbet hallhatunk v\u00e1ls\u00e1gr\u00f3l gazdas\u00e1gban, politik\u00e1ban, t\u00e1rsadalomban. De mit tehet\u00fcnk, mit tehet a k\u00f6z\u00f6ss\u00e9gi-, t\u00e1rsadalomfejleszt\u0151 szakma ilyen k\u00f6rnyezetben? Ha az \u00e9rdekl\u0151d\u0151 olvas\u00f3 kinyitja a Parola friss sz\u00e1m\u00e1t, l\u00e1thatja, nem keveset. A Civil Koll\u00e9gium Alap\u00edtv\u00e1ny (CKA) j\u00f3 k\u00e9t \u00e9vvel ezel\u0151tt egy \u00faj k\u00eds\u00e9rletbe fogott a k\u00f6z\u00f6ss\u00e9gszervez\u00e9sen bel\u00fcl, a hitalap\u00fa k\u00f6z\u00f6ss\u00e9gszervez\u00e9s szeml\u00e9let\u00e9vel v\u00e9gzett eddigi munka [&hellip;]","og_url":"https:\/\/kofe.hu\/parola\/parola-folyoirat\/szerkesztok-eloszava\/","og_site_name":"Parola Foly\u00f3irat","article_published_time":"2022-07-15T14:45:51+00:00","og_image":[{"width":700,"height":525,"url":"https:\/\/kofe.hu\/parola\/wp-content\/uploads\/2022\/07\/IMG_20191022_144112.jpg","type":"image\/jpeg"}],"author":"Giczey P\u00e9ter, Tarcsay Tibor","twitter_card":"summary_large_image","twitter_misc":{"Szerz\u0151:":"Giczey P\u00e9ter","Becs\u00fclt olvas\u00e1si id\u0151":"4 perc","Written by":"Giczey P\u00e9ter, Tarcsay Tibor"},"schema":{"@context":"https:\/\/schema.org","@graph":[{"@type":"Article","@id":"https:\/\/kofe.hu\/parola\/parola-folyoirat\/szerkesztok-eloszava\/#article","isPartOf":{"@id":"https:\/\/kofe.hu\/parola\/parola-folyoirat\/szerkesztok-eloszava\/"},"author":{"name":"Giczey P\u00e9ter","@id":"https:\/\/kofe.hu\/parola\/#\/schema\/person\/932a87aae65150b668ddda8579aeb6be"},"headline":"Szerkeszt\u0151k el\u0151szava","datePublished":"2022-07-15T14:45:51+00:00","mainEntityOfPage":{"@id":"https:\/\/kofe.hu\/parola\/parola-folyoirat\/szerkesztok-eloszava\/"},"wordCount":735,"commentCount":0,"image":{"@id":"https:\/\/kofe.hu\/parola\/parola-folyoirat\/szerkesztok-eloszava\/#primaryimage"},"thumbnailUrl":"https:\/\/kofe.hu\/parola\/wp-content\/uploads\/2022\/07\/IMG_20191022_144112.jpg","keywords":["el\u0151sz\u00f3"],"articleSection":["Parola 2022\/2","Parola Foly\u00f3irat","Repert\u00f3rium"],"inLanguage":"hu","potentialAction":[{"@type":"CommentAction","name":"Comment","target":["https:\/\/kofe.hu\/parola\/parola-folyoirat\/szerkesztok-eloszava\/#respond"]}]},{"@type":"WebPage","@id":"https:\/\/kofe.hu\/parola\/parola-folyoirat\/szerkesztok-eloszava\/","url":"https:\/\/kofe.hu\/parola\/parola-folyoirat\/szerkesztok-eloszava\/","name":"Szerkeszt\u0151k el\u0151szava - Parola Foly\u00f3irat","isPartOf":{"@id":"https:\/\/kofe.hu\/parola\/#website"},"primaryImageOfPage":{"@id":"https:\/\/kofe.hu\/parola\/parola-folyoirat\/szerkesztok-eloszava\/#primaryimage"},"image":{"@id":"https:\/\/kofe.hu\/parola\/parola-folyoirat\/szerkesztok-eloszava\/#primaryimage"},"thumbnailUrl":"https:\/\/kofe.hu\/parola\/wp-content\/uploads\/2022\/07\/IMG_20191022_144112.jpg","datePublished":"2022-07-15T14:45:51+00:00","author":{"@id":"https:\/\/kofe.hu\/parola\/#\/schema\/person\/932a87aae65150b668ddda8579aeb6be"},"breadcrumb":{"@id":"https:\/\/kofe.hu\/parola\/parola-folyoirat\/szerkesztok-eloszava\/#breadcrumb"},"inLanguage":"hu","potentialAction":[{"@type":"ReadAction","target":["https:\/\/kofe.hu\/parola\/parola-folyoirat\/szerkesztok-eloszava\/"]}]},{"@type":"ImageObject","inLanguage":"hu","@id":"https:\/\/kofe.hu\/parola\/parola-folyoirat\/szerkesztok-eloszava\/#primaryimage","url":"https:\/\/kofe.hu\/parola\/wp-content\/uploads\/2022\/07\/IMG_20191022_144112.jpg","contentUrl":"https:\/\/kofe.hu\/parola\/wp-content\/uploads\/2022\/07\/IMG_20191022_144112.jpg","width":700,"height":525,"caption":"dav"},{"@type":"BreadcrumbList","@id":"https:\/\/kofe.hu\/parola\/parola-folyoirat\/szerkesztok-eloszava\/#breadcrumb","itemListElement":[{"@type":"ListItem","position":1,"name":"Home","item":"https:\/\/kofe.hu\/parola\/"},{"@type":"ListItem","position":2,"name":"Szerkeszt\u0151k el\u0151szava"}]},{"@type":"WebSite","@id":"https:\/\/kofe.hu\/parola\/#website","url":"https:\/\/kofe.hu\/parola\/","name":"Parola Foly\u00f3irat","description":"","potentialAction":[{"@type":"SearchAction","target":{"@type":"EntryPoint","urlTemplate":"https:\/\/kofe.hu\/parola\/?s={search_term_string}"},"query-input":{"@type":"PropertyValueSpecification","valueRequired":true,"valueName":"search_term_string"}}],"inLanguage":"hu"},{"@type":"Person","@id":"https:\/\/kofe.hu\/parola\/#\/schema\/person\/932a87aae65150b668ddda8579aeb6be","name":"Giczey P\u00e9ter","image":{"@type":"ImageObject","inLanguage":"hu","@id":"https:\/\/kofe.hu\/parola\/#\/schema\/person\/image\/de3d937ebcac502c441a6acbeb794be9","url":"https:\/\/secure.gravatar.com\/avatar\/d615af9767360703f605ac31143a5229edec3e8bc2e30c9d12021a7d8df36d68?s=96&d=mm&r=g","contentUrl":"https:\/\/secure.gravatar.com\/avatar\/d615af9767360703f605ac31143a5229edec3e8bc2e30c9d12021a7d8df36d68?s=96&d=mm&r=g","caption":"Giczey P\u00e9ter"},"url":"https:\/\/kofe.hu\/parola\/szerzok\/giczey-peter\/"}]}},"_links":{"self":[{"href":"https:\/\/kofe.hu\/parola\/wp-json\/wp\/v2\/posts\/6800","targetHints":{"allow":["GET"]}}],"collection":[{"href":"https:\/\/kofe.hu\/parola\/wp-json\/wp\/v2\/posts"}],"about":[{"href":"https:\/\/kofe.hu\/parola\/wp-json\/wp\/v2\/types\/post"}],"author":[{"embeddable":true,"href":"https:\/\/kofe.hu\/parola\/wp-json\/wp\/v2\/users\/14"}],"replies":[{"embeddable":true,"href":"https:\/\/kofe.hu\/parola\/wp-json\/wp\/v2\/comments?post=6800"}],"version-history":[{"count":2,"href":"https:\/\/kofe.hu\/parola\/wp-json\/wp\/v2\/posts\/6800\/revisions"}],"predecessor-version":[{"id":6803,"href":"https:\/\/kofe.hu\/parola\/wp-json\/wp\/v2\/posts\/6800\/revisions\/6803"}],"wp:featuredmedia":[{"embeddable":true,"href":"https:\/\/kofe.hu\/parola\/wp-json\/wp\/v2\/media\/6801"}],"wp:attachment":[{"href":"https:\/\/kofe.hu\/parola\/wp-json\/wp\/v2\/media?parent=6800"}],"wp:term":[{"taxonomy":"category","embeddable":true,"href":"https:\/\/kofe.hu\/parola\/wp-json\/wp\/v2\/categories?post=6800"},{"taxonomy":"post_tag","embeddable":true,"href":"https:\/\/kofe.hu\/parola\/wp-json\/wp\/v2\/tags?post=6800"},{"taxonomy":"author","embeddable":true,"href":"https:\/\/kofe.hu\/parola\/wp-json\/wp\/v2\/coauthors?post=6800"}],"curies":[{"name":"wp","href":"https:\/\/api.w.org\/{rel}","templated":true}]}}