{"id":6789,"date":"2022-07-15T14:34:39","date_gmt":"2022-07-15T14:34:39","guid":{"rendered":"https:\/\/kofe.hu\/parola\/?p=6789"},"modified":"2022-07-15T14:35:53","modified_gmt":"2022-07-15T14:35:53","slug":"hitalapon-felekezeti-keretek-kozott","status":"publish","type":"post","link":"https:\/\/kofe.hu\/parola\/parola-folyoirat\/hitalapon-felekezeti-keretek-kozott\/","title":{"rendered":"Hitalapon, felekezeti keretek k\u00f6z\u00f6tt"},"content":{"rendered":"<p><strong>A hitalap\u00fa k\u00f6z\u00f6ss\u00e9gszervez\u00e9s mozgalom \u00e9s\/vagy gyakorlat az USA-b\u00f3l indulva \u00e9rkezett el Magyarorsz\u00e1gra, a Kov\u00e1sz k\u00f6z\u00f6ss\u00e9g munk\u00e1ja a magyarorsz\u00e1gi honos\u00edt\u00e1si k\u00eds\u00e9rlet r\u00e9sze. L\u00e9tezett m\u00e1r kor\u00e1bban is k\u00f6z\u00f6ss\u00e9gszervez\u0151 k\u00e9pz\u00e9s, \u00edgy S\u00e1rospatakon is, de \u00e9rdemes megvizsg\u00e1lni a k\u00fcl\u00f6nb\u00f6z\u0151s\u00e9geket \u00e9s az egyez\u0151s\u00e9geket a felekezeti k\u00e9pz\u00e9s \u00e9s a k\u00e9t \u00e9ve indult gyakorlat k\u00f6z\u00f6tt.<\/strong><\/p>\n<p>El\u00f6lj\u00e1r\u00f3ban n\u00e9h\u00e1ny sz\u00f3ban szeretn\u00e9m megvil\u00e1g\u00edtani azt a saj\u00e1tos poz\u00edci\u00f3t, melyb\u0151l most \u00edrni fogok. Egyr\u00e9szt a S\u00e1rospataki Reform\u00e1tus Teol\u00f3giai Akad\u00e9mia (tov\u00e1bbiakban: SRTA) tan\u00e1rak\u00e9nt a kezdetekt\u0151l fogva r\u00e9szt veszek a Reform\u00e1tus felekezeti k\u00f6z\u00f6ss\u00e9gszervez\u0151 alapk\u00e9pz\u00e9si szak (tov\u00e1bbiakban: RK) kulcst\u00e1rgyainak oktat\u00e1s\u00e1ban \u00e9s az akkredit\u00e1ci\u00f3 alatt \u00e1ll\u00f3 RK mester szak szakfelel\u0151sek\u00e9nt annak kidolgoz\u00e1s\u00e1ban, s egyik feladatom az, hogy az olvas\u00f3nak bemutassam ezt a k\u00e9pz\u00e9st, annak alapelveit \u00e9s f\u0151bb tapasztalatait. M\u00e1sr\u00e9szt azonban az is feladatom, hogy a Kov\u00e1sz K\u00f6z\u00f6ss\u00e9g teol\u00f3giai munkacsoportj\u00e1nak vezet\u0151jek\u00e9nt arr\u00f3l \u00edrjak, hogy a K\u00f6z\u00f6ss\u00e9gben hogyan gondolkodunk \u2013 \u00e9s cseleksz\u00fcnk \u2013 annak \u00e9rdek\u00e9ben, hogy az Amerikai Egyes\u00fclt \u00c1llamokban megfogalmaz\u00f3dott <em>hitalap\u00fa k\u00f6z\u00f6ss\u00e9gszervez\u00e9s<\/em> elveit \u00e9s gyakorlat\u00e1t a magyarorsz\u00e1gi viszonyokra alkalmazzuk. \u00d6nmag\u00e1ban ez a k\u00e9t perspekt\u00edva nem \u00e1ll szemben egym\u00e1ssal \u2013 s\u0151t, nem is szabad, hogy szemben \u00e1lljanak \u2013 ugyanakkor van k\u00f6z\u00f6tt\u00fck n\u00e9mi fesz\u00fclts\u00e9g. Az RK szakon v\u00e9gzett munk\u00e1nk ugyanis hat\u00e1rozottan felekezeti k\u00f6t\u0151d\u00e9s\u0171, m\u00edg a Kov\u00e1sz K\u00f6z\u00f6ss\u00e9g munk\u00e1j\u00e1ban nagyon hangs\u00falyos a felekezetk\u00f6zis\u00e9g, vagyis az a c\u00e9lunk, hogy a magyarorsz\u00e1gi kereszty\u00e9n k\u00f6z\u00f6ss\u00e9gekben k\u00e9pviselj\u00fcnk egy olyan reflex\u00edv gondolkod\u00e1st \u00e9s magatart\u00e1st, melynek f\u00f3kusz\u00e1ban egyr\u00e9szt a t\u00e1rsadalmi igazs\u00e1goss\u00e1ggal, szolidarit\u00e1ssal \u00e9s az irgalommal kapcsolatos krisztusi tan\u00edt\u00e1s \u00e1ll, m\u00e1sr\u00e9szt az a felel\u0151ss\u00e9g, melyet mint az \u0151 \u201eig\u00e1j\u00e1t\u201d<a href=\"#_ftn1\" name=\"_ftnref1\"><sup>[1]<\/sup><\/a> Krisztus minden \u0151t k\u00f6vet\u0151 h\u00edv\u0151re terhel, ami ezeknek a tan\u00edt\u00e1soknak mindennapi tettekre v\u00e1lt\u00e1s\u00e1t jelenti. Ez a krisztusi tan\u00edt\u00e1s pedig m\u00e1s-m\u00e1s gyakorlati megval\u00f3sul\u00e1sokkal, de minden kereszty\u00e9n felekezeteben megtal\u00e1lhat\u00f3. Ezt m\u00e1sk\u00e9ppen \u00fagy is megfogalmazhatn\u00e1m, hogy a felekezetis\u00e9g l\u00e9nyeg\u00e9ben nem m\u00e1s, mint ennek a krisztusi tan\u00edt\u00e1snak saj\u00e1tos hagyom\u00e1nyok \u00e1ltal k\u00f6zvet\u00edtett kultur\u00e1lis form\u00e1kban t\u00f6rt\u00e9n\u0151 megjelen\u00edt\u00e9se. Innen n\u00e9zve pedig a k\u00e9t perspekt\u00edva szemben\u00e1ll\u00e1sa is feloldhat\u00f3, hiszen m\u00edg az RK k\u00e9pz\u00e9sben \u201ebel\u00fclr\u0151l\u201d reflekt\u00e1lunk ezekre a kultur\u00e1lis form\u00e1kra \u00e9s hagyom\u00e1nyokra, addig a Kov\u00e1szban \u201ek\u00edv\u00fclr\u0151l\u201d tessz\u00fck ezt.<\/p>\n<p>Ez a \u201ek\u00fcls\u0151\u201d poz\u00edci\u00f3 persze nem azt jelenti, hogy a Kov\u00e1sz k\u00f6z\u00f6ss\u00e9g tagjai felekezeten k\u00edv\u00fcliek lenn\u00e9nek vagy felekezetek f\u00f6l\u00f6ttik\u00e9nt gondoln\u00e1nk el saj\u00e1t n\u00e9z\u0151pontunkat. \u00dagy t\u0171nik, hogy felekezeteken k\u00edv\u00fcli kereszty\u00e9ns\u00e9g nem l\u00e9tezik, hiszen a kereszty\u00e9ns\u00e9g l\u00e9nyege a krisztusi tan\u00edt\u00e1s meg\u00e9l\u00e9se egy adott szociokultur\u00e1lis kontextusban. Az ut\u00f3bbi pedig hat\u00e1ssal van az el\u0151bbire: minden kereszty\u00e9n k\u00f6z\u00f6ss\u00e9g reflekt\u00e1l arra a t\u00e1rsadalmi k\u00f6rnyezetre, melyben \u00e9l \u00e9s jelent\u0151s r\u00e9szben annak kultur\u00e1lis form\u00e1i seg\u00edts\u00e9g\u00e9vel alak\u00edtja ki a saj\u00e1t m\u0171k\u00f6d\u00e9s\u00e9t.<\/p>\n<p>A k\u00f6vetkez\u0151kben, mik\u00f6zben n\u00e9h\u00e1ny alapfogalom tiszt\u00e1z\u00e1s\u00e1ra is k\u00eds\u00e9rletet teszek, itt is ezt a megk\u00f6zel\u00edt\u00e9st fogom alkalmazni, vagyis el\u0151sz\u00f6r a pataki k\u00e9pz\u00e9sr\u0151l, majd a Kov\u00e1sz koncepci\u00f3ir\u00f3l fogok \u00edrni.<\/p>\n<p><strong>1. Reform\u00e1tus k\u00f6z\u00f6ss\u00e9gszervez\u0151 k\u00e9pz\u00e9s S\u00e1rospatakon<\/strong><\/p>\n<p>Az SRTA 2010-ben akkredit\u00e1lta a Reform\u00e1tus k\u00f6z\u00f6ss\u00e9gszervez\u0151 alapk\u00e9pz\u00e9si szakot. A szakot eredetileg az Orsz\u00e1gos Rabbik\u00e9pz\u0151-Zsid\u00f3 Egyetem alap\u00edtotta, s ezt a strukt\u00far\u00e1t vette \u00e1t, \u00e9s \u2013 a MAB \u00e1ltal enged\u00e9lyezett keretek k\u00f6z\u00f6tt \u2013 alak\u00edtotta protest\u00e1ns meghat\u00e1rozotts\u00e1gok alapj\u00e1n az int\u00e9zm\u00e9ny. Hit\u00e9leti, de nem egyh\u00e1zi alkalmazotti k\u00e9pz\u00e9sr\u0151l van sz\u00f3, ami praktikusan azt jelenti, hogy a szak k\u00e9pz\u00e9si \u00e9s kimeneti k\u00f6vetelm\u00e9nyeit (KKK) az \u00e1llam csak alapvonalaiban hat\u00e1rozza meg, s a r\u00e9szletek szab\u00e1lyoz\u00e1sban a fenntart\u00f3nak t\u00e1g mozg\u00e1steret biztos\u00edt, ugyanakkor a diploma nem csak egyh\u00e1zi k\u00f6zegben haszn\u00e1lhat\u00f3.<\/p>\n<p>A szak megnevez\u00e9se n\u00e9mileg f\u00e9lrevezet\u0151, ami abb\u00f3l k\u00f6vetkezik, hogy ind\u00edt\u00e1sa idej\u00e9n volt m\u00e9g n\u00e9mi zavar a k\u00f6z\u00f6ss\u00e9gi munka k\u00fcl\u00f6nb\u00f6z\u0151 ir\u00e1nyainak megnevez\u00e9s\u00e9ben. \u00c9rtelmez\u00e9s\u00fcnkben a ma m\u00e1r egy\u00e9rtelm\u0171en k\u00f6z\u00f6ss\u00e9gfejleszt\u00e9snek (community development) nevezett tev\u00e9kenys\u00e9g \u00e1ll a k\u00e9pz\u00e9s f\u00f3kusz\u00e1ban, vagyis els\u0151sorban telep\u00fcl\u00e9sek, t\u00e9rs\u00e9gek, szomsz\u00e9ds\u00e1gok \u2013 \u00e9s eset\u00fcnkben kimondottan: egyh\u00e1zk\u00f6zs\u00e9gek \u00e9s egyh\u00e1zi k\u00f6z\u00f6ss\u00e9gek \u2013 k\u00f6z\u00f6ss\u00e9gi kezdem\u00e9nyez\u0151- \u00e9s cselekv\u0151k\u00e9pess\u00e9g\u00e9nek fejleszt\u00e9s\u00e9re k\u00e9sz\u00edtj\u00fck fel a hallgat\u00f3kat.<a href=\"#_ftn2\" name=\"_ftnref2\"><sup>[2]<\/sup><\/a> Fontos ugyanakkor, hogy a mai \u00e9rtelemben vett k\u00f6z\u00f6ss\u00e9gszervez\u00e9s (community organizing) \u2013 vagyis \u201eaz a folyamat, amely sor\u00e1n az egym\u00e1s k\u00f6zel\u00e9ben \u00e9l\u0151 vagy azonos \u00f6n\u00e9rdekkel rendelkez\u0151 emberek csoportot alap\u00edtanak, hogy v\u00e1ltoz\u00e1st \u00e9rjenek el a k\u00f6z\u00f6ss\u00e9g sz\u00e1m\u00e1ra fontos \u00fcgyekben\u201d<a href=\"#_ftn3\" name=\"_ftnref3\"><sup>[3]<\/sup><\/a> \u2013 mint perspekt\u00edva szint\u00e9n jelen van a k\u00e9pz\u00e9sben, noha nem ez a hangs\u00falyos. Ennek h\u00e1rom oka van.<\/p>\n<ul>\n<li>Az egyik ok elm\u00e9leti: a k\u00f6z\u00f6ss\u00e9gszervez\u00e9s a -fejleszt\u00e9sre \u00e9p\u00fcl. Ahhoz, hogy v\u00e1ltoz\u00e1sok el\u00e9r\u00e9s\u00e9re k\u00e9pes csoportok j\u00f6jjenek l\u00e9tre a t\u00e1rsadalomban, el\u0151sz\u00f6r arra van sz\u00fcks\u00e9g, hogy egy-egy szomsz\u00e9ds\u00e1g alkot\u00f3i felismerj\u00e9k egym\u00e1srautalts\u00e1gukat, helyzetelemz\u0151, probl\u00e9mafelismer\u0151 kompetenci\u00e1ik fejl\u0151djenek, s \u00edgy er\u0151s\u00f6dj\u00f6n kezdem\u00e9nyez\u0151- \u00e9s cselekv\u0151k\u00e9pess\u00e9g\u00fck is. A k\u00e9t tev\u00e9kenys\u00e9gi forma teh\u00e1t egy folyamatot alkot, amit nem kezdhet\u00fcnk a v\u00e9g\u00e9n, k\u00fcl\u00f6n\u00f6sen olyan k\u00f6z\u00f6ss\u00e9gekben, melyek hossz\u00fa ideje elszoktak att\u00f3l, hogy cselekv\u0151 r\u00e9szesei legyenek saj\u00e1t \u00e9let\u00fck, sorsuk alak\u00edt\u00e1s\u00e1nak.<\/li>\n<li>Ez fokozottan \u00e9rv\u00e9nyes az egyh\u00e1zi k\u00f6z\u00f6ss\u00e9gekre. Nem, vagy legal\u00e1bbis nem csup\u00e1n az\u00e9rt, mert az egyh\u00e1zak \u2013 m\u00e9g a sokszor demokratikus berendezked\u00e9s\u0171nek tekintett protest\u00e1ns felekezetek \u2013 m\u0171k\u00f6d\u00e9se jelent\u0151s m\u00e9rt\u00e9kben \u00e9p\u00edt a tekint\u00e9ly k\u00fcl\u00f6nb\u00f6z\u0151 form\u00e1ira. A helyzetnek t\u00f6rt\u00e9neti okai is vannak, hiszen az egyh\u00e1zi k\u00f6z\u00f6ss\u00e9gek a kommunista diktat\u00fara hossz\u00fa \u00e9vtizedein kereszt\u00fcl arra szocializ\u00e1l\u00f3dtak, hogy lemondjanak \u00f6nkorm\u00e1nyzatis\u00e1gukr\u00f3l \u2013 s ez k\u00fcl\u00f6n\u00f6sen \u00e9rv\u00e9nyes a protest\u00e1ns egyh\u00e1zakra, melyeket a rendszer \u00e9pp a k\u00f6z\u00f6ss\u00e9gi identit\u00e1sukban jelent\u0151s szerepet j\u00e1tsz\u00f3 demokratikus hagyom\u00e1nyaik miatt, els\u0151 sz\u00e1m\u00fa ellens\u00e9gnek tekintett. Mondhatn\u00e1nk, persze, hogy a rendszerv\u00e1lt\u00e1s ut\u00e1n harminc \u00e9vvel a kommunizmusra hivatkozni nem kimondottan eleg\u00e1ns. A helyzet azonban az, hogy k\u00fcl\u00f6n\u00f6sen abban a vid\u00e9ki t\u00e1rsadalomban, melyre az SRTA k\u00e9pz\u00e9sei is \u00e9p\u00edtenek, az elm\u00falt h\u00e1rom \u00e9vtized k\u00f6z\u00e9leti, politikai folyamatai nem a diktat\u00fara hat\u00e1sainak gy\u00f3gyul\u00e1s\u00e1t, hanem \u00fajratermel\u0151d\u00e9s\u00e9t \u00e9s elm\u00e9ly\u00fcl\u00e9s\u00e9t eredm\u00e9nyezt\u00e9k.<\/li>\n<li>A harmadik ok egy \u00f6sszetett teol\u00f3giai probl\u00e9ma, mely egyr\u00e9szt legal\u00e1bb annyira hozz\u00e1j\u00e1rul ahhoz, hogy a protest\u00e1ns egyh\u00e1zak a k\u00f6z\u00f6ss\u00e9gszervez\u00e9ssel szemben a k\u00f6z\u00f6ss\u00e9gfejleszt\u00e9st r\u00e9szes\u00edtik el\u0151nyben, mint ahhoz, hogy a k\u00f6z\u00f6ss\u00e9gfejleszt\u00e9sr\u0151l m\u00e9gis a k\u00f6z\u00f6ss\u00e9gszervez\u00e9s perspekt\u00edv\u00e1j\u00e1ban gondolkodnak. Ez a probl\u00e9ma r\u00e1ad\u00e1sul a hitalap\u00fa k\u00f6z\u00f6ss\u00e9gszervez\u00e9s \u00f6sszef\u00fcgg\u00e9s\u00e9ben is fontos, \u00edgy \u00e9rdemes r\u00f6viden t\u00e1rgyalni. A kereszty\u00e9ns\u00e9g \u00e1ltal\u00e1ban \u00f6sszetett m\u00f3don l\u00e1tja a kereszty\u00e9n ember t\u00e1rsadalmi helyzet\u00e9t \u00e9s viszony\u00e1t a hatalomhoz. Kereszty\u00e9nk\u00e9nt k\u00e9t \u201ebirodalom\u201d polg\u00e1rai vagyunk egyszerre: az egyik az Isten orsz\u00e1ga, a m\u00e1sik viszont az a konkr\u00e9t f\u00f6ldi t\u00e1rsadalom, melybe sz\u00fclett\u00fcnk illetve tartozunk. Ut\u00f3bbi term\u00e9szetes, el\u0151bbire Krisztushoz tartoz\u00e1sunkon kereszt\u00fcl tesz\u00fcnk szert. A kereszty\u00e9n embernek mindig Istennek kell ink\u00e1bb engedni, mint az embernek, vagyis \u201emennyei polg\u00e1rjoga\u201d \u00e9s ebb\u0151l ered\u0151 \u201ek\u00f6telezetts\u00e9gei\u201d er\u0151sebbek, mint f\u00f6ldi polg\u00e1rjoga. Ugyanakkor a kereszty\u00e9ns\u00e9g egy\u00f6ntet\u0171 biblia\u00e9rtelmez\u00e9se szerint a f\u00f6ldi hatalmak nem f\u00fcggetlenek Isten hatalm\u00e1t\u00f3l, s\u0151t minden evil\u00e1gi hatalom Istent\u0151l van, m\u00e9gpedig az\u00e9rt, hogy az isteni t\u00f6rv\u00e9nyt \u00e9rv\u00e9nyes\u00edtse ebben a vil\u00e1gban azokkal a saj\u00e1tos eszk\u00f6z\u00f6kkel, melyek csak sz\u00e1m\u00e1ra el\u00e9rhet\u0151ek. A k\u00e9rd\u00e9s az, hogy mikor, milyen k\u00f6r\u00fclm\u00e9nyek k\u00f6z\u00f6tt lehet ellen\u00e1llni a hatalomnak? A v\u00e1lasz \u2013 \u00e9s ennek r\u00e9szletez\u00e9s\u00e9ben az egyes felekezetek elt\u00e9rnek \u2013 az, hogy abban az esetben van lehet\u0151s\u00e9g a hatalommal szembeni engedetlens\u00e9gnek, ellen\u00e1ll\u00e1snak vagy \u00e9rdek\u00e9rv\u00e9nyes\u00edt\u00e9snek, ha a hatalom egy\u00e9rtelm\u0171 jel\u00e9t adja annak, hogy semmibe veszi Isten t\u00f6rv\u00e9ny\u00e9t, s\u0151t, Isten hely\u00e9re \u00f3hajtja helyezni mag\u00e1t. Az ellen\u00e1ll\u00e1s azonban sosem lehet \u00f6nc\u00e9l\u00fa, vagyis nem egyszer\u0171en a k\u00f6z\u00f6ss\u00e9gi \u00e9rdeken alapszik, hanem annak felismer\u00e9s\u00e9n, hogy a hatalom elt\u00e9r az Isten \u00e1ltal sz\u00e1m\u00e1ra kirendelt m\u0171k\u00f6d\u00e9si m\u00f3dt\u00f3l \u00e9s alapelvekt\u0151l, s a c\u00e9l ennek helyre\u00e1ll\u00edt\u00e1sa. A kereszty\u00e9ns\u00e9g teh\u00e1t ebben az \u00f6sszef\u00fcgg\u00e9sben ink\u00e1bb j\u00e1rul hozz\u00e1 a hatalmi strukt\u00far\u00e1k konzerv\u00e1l\u00e1s\u00e1hoz, mint a megv\u00e1ltoztat\u00e1sukhoz, s ez\u00e9rt is van az, hogy a k\u00f6z\u00f6ss\u00e9gszervez\u00e9sben megnyilv\u00e1nul\u00f3 t\u00e1rsadalmi aktivizmus nem igaz\u00e1n rokonszenves az egyh\u00e1zak sz\u00e1m\u00e1ra. Fontos ugyanakkor, hogy ebb\u0151l a teol\u00f3giai alap\u00e1ll\u00e1sb\u00f3l az is k\u00f6vetkezik, hogy a kereszty\u00e9n egyh\u00e1zaknak folyamatos \u00e9s akt\u00edv t\u00e1rsadalom- \u00e9s hatalomkritikai tev\u00e9kenys\u00e9get kell folytatniuk. Folyamatosan \u0151rk\u00f6dni\u00fck kell azon, hogy a hatalom nem helyezi-e mag\u00e1t Isten hely\u00e9be, s a t\u00e1rsadalom m\u0171k\u00f6d\u00e9se nem t\u00e9r-e le az Isten t\u00f6rv\u00e9ny\u00e9ben \u2013 s ezalatt \u00e9ppen\u00fagy \u00e9rtend\u0151 a t\u00edzparancsolat \u00e9s az abb\u00f3l k\u00f6vetkez\u0151 szeml\u00e9let, mint az \u201eevang\u00e9lium t\u00f6rv\u00e9nye\u201d vagyis a krisztusi szeretet gyakorl\u00e1sa \u2013 kijel\u00f6lt \u00fatr\u00f3l. A reform\u00e1tus teol\u00f3gia ezen a ponton k\u00fcl\u00f6n\u00f6sen t\u00e1gas teret nyit az egy\u00e9ni kezdem\u00e9nyez\u00e9s sz\u00e1m\u00e1ra \u2013 no nem a l\u00e1zad\u00e1s, hanem az egy\u00e9ni \u00e9s k\u00f6z\u00f6ss\u00e9gi cselekv\u00e9s \u00f6sszef\u00fcgg\u00e9s\u00e9ben. A reform\u00e1tus ember \u00e9let\u00e9nek c\u00e9lja ugyanis az Isten dics\u0151s\u00e9g\u00e9nek szolg\u00e1lata. Ez roppant elvont \u00e9s \u00e9letidegen fogalomnak hangzik, de a val\u00f3s\u00e1gban egy\u00e1ltal\u00e1n nem az. Isten dics\u0151s\u00e9ge ugyanis \u00fagy szolg\u00e1lhat\u00f3, ha az \u0150 akarat\u00e1nak, t\u00f6rv\u00e9ny\u00e9nek \u00e9rv\u00e9nyes\u00fcl\u00e9s\u00e9t seg\u00edtj\u00fck el\u0151 az \u00e9let minden ter\u00fclet\u00e9n, hiszen ezzel dics\u0151\u00edtj\u00fck \u0151t legink\u00e1bb, ezzel nyilv\u00e1n\u00edtjuk ki ugyanis, hogy \u0150 a legf\u0151bb \u00far a vil\u00e1gban. Ebb\u0151l az alapelvb\u0151l k\u00f6vetkezik, hogy a reform\u00e1tus emberek \u00e9s k\u00f6z\u00f6ss\u00e9gek a 16. sz\u00e1zadt\u00f3l kezdve a gazdas\u00e1gt\u00f3l a szoci\u00e1lis szf\u00e9r\u00e1n kereszt\u00fcl a kult\u00far\u00e1n \u00e1t eg\u00e9szen a politik\u00e1ig (gondoljunk a reform\u00e1tuss\u00e1g \u00f6sszefon\u00f3d\u00e1s\u00e1ra a szabadelv\u0171s\u00e9ggel vagy a Bocskai szabads\u00e1gharcra, de gondolhatunk a sz\u00e1mos szoci\u00e1lis int\u00e9zm\u00e9ny \u00e9s szervezet l\u00e9trehoz\u00e1s\u00e1ra \u00e9s m\u0171k\u00f6dtet\u00e9s\u00e9re \u00fagy orsz\u00e1gos, mint helyi szinteken) a t\u00e1rsadalmi v\u00e1ltoz\u00e1sok, a nyugati modernit\u00e1s ir\u00e1ny\u00e1ba t\u00f6rt\u00e9n\u0151 fejl\u0151d\u00e9s akt\u00edv munk\u00e1l\u00f3i voltak. Az, hogy mindebb\u0151l ma mi l\u00e1that\u00f3, m\u00e1r m\u00e1s k\u00e9rd\u00e9s, ahogy az is, hogy a reform\u00e1tusok \u00e1ltal is szorgalmazott moderniz\u00e1ci\u00f3s folyamatoknak nem csak pozit\u00edv hat\u00e1sai voltak. Az azonban nagyon fontos, hogy ebb\u0151l a teol\u00f3giai alapelvb\u0151l az is k\u00f6vetkezik, hogy a k\u00f6z\u00f6ss\u00e9g \u00e9rdeke, c\u00e9ljai, elgondol\u00e1sa arr\u00f3l, hogy mi j\u00f3 neki, \u00f6nmag\u00e1ban nem \u00e9rt\u00e9k \u00e9s az ebb\u0151l fakad\u00f3 \u00e9rdekek \u00e9rv\u00e9nyes\u00edt\u00e9se nem c\u00e9l vagy \u00fcgy. \u00dagy lesz \u00e9rt\u00e9k, c\u00e9l \u00e9s \u00fcgy, ha egybeesik az isteni c\u00e9lokkal.<\/li>\n<\/ul>\n<p>Ezekb\u0151l az okokb\u00f3l \u00e9rthet\u0151en k\u00f6vetkeznek a reform\u00e1tus k\u00f6z\u00f6ss\u00e9gszervez\u0151 k\u00e9pz\u00e9s hangs\u00falyai \u2013 melyeket egy\u00e9b, p\u00e9ld\u00e1ul a felekezeti k\u00f6z\u00f6ss\u00e9g t\u00f6rt\u00e9neti identit\u00e1s\u00e1ban gy\u00f6kerez\u0151 okok is kieg\u00e9sz\u00edtenek, de ezek r\u00e9szletez\u00e9s\u00e9re itt nincs lehet\u0151s\u00e9g\u00fcnk \u2013 ugyanakkor ezek a szempontok jelent\u0151sen befoly\u00e1solj\u00e1k azt is, hogy mik\u00e9nt gondolhat\u00f3 el a hazai egyh\u00e1zi-t\u00e1rsadalmi k\u00f6rnyezetben a hitalap\u00fa k\u00f6z\u00f6ss\u00e9gszervez\u00e9s alkalmaz\u00e1sa. Erre a k\u00e9s\u0151bbiekben m\u00e9g visszat\u00e9rek.<\/p>\n<p>Az elm\u00falt tizenk\u00e9t \u00e9vben az RK szak az int\u00e9zm\u00e9ny tal\u00e1n legn\u00e9pszer\u0171bb k\u00e9pz\u00e9s\u00e9v\u00e9 v\u00e1lt, az ut\u00f3bbi \u00e9vekben az els\u0151 \u00e9vfolyamok harminc f\u0151 f\u00f6l\u00f6tti l\u00e9tsz\u00e1mmal indulnak. Ennek egyik oka minden bizonnyal a hit\u00e9leti k\u00e9pz\u00e9sre val\u00f3 felv\u00e9tel viszonylag kedvez\u0151 felt\u00e9teleiben jel\u00f6lhet\u0151 meg, ugyanakkor a \u2013 min\u0151s\u00e9gbiztos\u00edt\u00e1s keret\u00e9ben rendszeresen v\u00e9gzett felm\u00e9r\u00e9seken alapul\u00f3 \u2013 visszajelz\u00e9sek szerint k\u00e9ts\u00e9gtelen, hogy a v\u00e9gzett hallgat\u00f3k \u00fagy \u00e9rzik, a k\u00e9pz\u00e9s sor\u00e1n hasznos tud\u00e1sokhoz jutottak, \u00e9s a diploma megszerz\u00e9se nem csak karrierszempontb\u00f3l v\u00e1lt hasznukra, de szakmai el\u0151menetel\u00fcket is el\u0151mozd\u00edtotta. A szak hallgat\u00f3i nagyon k\u00fcl\u00f6nb\u00f6z\u0151 munkater\u00fcletekr\u0151l \u00e9s motiv\u00e1ci\u00f3kkal \u00e9rkeznek. Vannak, akik m\u00e1r tulajdonk\u00e9ppen k\u00f6z\u00f6ss\u00e9gfejleszt\u0151 munk\u00e1t v\u00e9geznek, kultur\u00e1lis esetleg szoci\u00e1lis int\u00e9zm\u00e9nyekn\u00e9l, \u00f6nkorm\u00e1nyzatokban, egyh\u00e1zakn\u00e1l vagy civil szervezetekn\u00e9l dolgoznak, \u00e9s a munk\u00e1jukat szeretn\u00e9k szakmailag megalapozottabb\u00e1 tenni. Ebben a csoportban k\u00fcl\u00f6n\u00f6sen fontosak sz\u00e1munkra azok a hallgat\u00f3k, akik h\u00e1tr\u00e1nyos helyzet\u0171 telep\u00fcl\u00e9sekr\u0151l \u00e9rkeznek, ahol gyakorlatilag egyszem\u00e9lyes int\u00e9zm\u00e9nyk\u00e9nt pr\u00f3b\u00e1lj\u00e1k menteni a menthet\u0151t, \u00f6sszefogni a helyi k\u00f6z\u00f6ss\u00e9get. Minden \u00e9vfolyamban jelent\u0151s azoknak a sz\u00e1ma, akik els\u0151sorban karrierj\u00fck el\u0151mozd\u00edt\u00e1sa \u00e9rdek\u00e9ben szeretn\u00e9nek diplom\u00e1hoz jutni, ugyanakkor egyre jellemz\u0151bb az is, hogy ez a szempont \u00f6tv\u00f6z\u0151dik a munkav\u00e9gz\u00e9s szakmai megalapoz\u00e1s\u00e1nak szempontj\u00e1val. Ebben a hallgat\u00f3i csoportban visszat\u00e9r\u0151 tapasztalatunk, hogy m\u00edg a k\u00e9pz\u00e9s elej\u00e9n sokan nem mutatnak t\u00fal nagy \u00e9rdekl\u0151d\u00e9st a k\u00e9pz\u00e9s tartalma ir\u00e1nt, \u00fagy kezelik az anyagot, mint az el\u0151rejut\u00e1s \u00e9rdek\u00e9ben lek\u00fczdend\u0151 \u201esz\u00fcks\u00e9ges rosszat\u201d, addig a k\u00e9pz\u00e9s v\u00e9g\u00e9re \u00e9rve meg\u00e9rinti \u0151ket a k\u00f6z\u00f6ss\u00e9gfejleszt\u00e9s m\u00f6g\u00f6tt \u00e1ll\u00f3 szellemis\u00e9g, fontosakk\u00e1 v\u00e1lnak sz\u00e1mukra azok a szempontok \u2013 alapvet\u0151en a k\u00f6z\u00f6ss\u00e9gis\u00e9g \u2013, melyet a k\u00e9pz\u00e9s sor\u00e1n sokszor \u00e9s sokf\u00e9lek\u00e9ppen hangs\u00falyozunk. A hallgat\u00f3k t\u00f6bbs\u00e9ge ebbe a k\u00e9t nagy csoportba sorolhat\u00f3. Rajtuk k\u00edv\u00fcl vannak olyanok, akik egy-egy v\u00e1ls\u00e1gos \u00e9lethelyzetb\u0151l val\u00f3 kil\u00e1bal\u00e1s sor\u00e1n igyekeznek \u00fajat kezdeni: munkan\u00e9lk\u00fclis\u00e9g, GYES, betegs\u00e9g vagy \u00e9pp nyugd\u00edjba vonul\u00e1s ut\u00e1n keresik a hely\u00fcket \u00e9s ezt a k\u00f6z\u00f6ss\u00e9g\u00e9rt v\u00e9gzett munk\u00e1ban l\u00e1tj\u00e1k. V\u00e9g\u00fcl vannak olyanok is, akik alapvet\u0151en nem tudnak mit kezdeni magukkal, k\u00f6zvetlen\u00fcl \u00e9retts\u00e9gi ut\u00e1n nem l\u00e1tj\u00e1k, hogy merre vezet az \u00fatjuk, \u00e9s \u201eszerencs\u00e9t pr\u00f3b\u00e1lni\u201d j\u00f6nnek a szakra.<\/p>\n<p>Amint fentebb \u00edrtam, a szak fel\u00e9p\u00edt\u00e9s\u00e9ben a felekezetis\u00e9gre \u00fagy tekint\u00fcnk, mint a krisztusi tan\u00edt\u00e1s saj\u00e1tos hagyom\u00e1nyok \u00e1ltal k\u00f6zvet\u00edtett kultur\u00e1lis form\u00e1kban t\u00f6rt\u00e9n\u0151 megjelen\u00edt\u00e9s\u00e9re. J\u00f3llehet a szak elnevez\u00e9s\u00e9ben reform\u00e1tus k\u00f6z\u00f6ss\u00e9gszervez\u0151 k\u00e9pz\u00e9sr\u0151l van sz\u00f3, gyakorlatban a k\u00e9pz\u00e9s ink\u00e1bb \u00f6kumenikus, vagyis azzal egy\u00fctt, hogy val\u00f3ban \u00e9rv\u00e9nyes\u00fcl egyfajta protest\u00e1ns szeml\u00e9let, m\u00e1s hazai felekezetek szempontjaira, hagyom\u00e1nyaira \u00e9s kultur\u00e1lis tud\u00e1s\u00e1ra is \u00e9p\u00edt\u00fcnk. A k\u00e9pz\u00e9s tartalm\u00e1nak kialak\u00edt\u00e1s\u00e1ban ugyanakkor az is fontos, hogy nem egyh\u00e1zi alkalmazottakat k\u00e9pez\u00fcnk, teh\u00e1t azok is megtal\u00e1lj\u00e1k a hely\u00fcket a k\u00e9pz\u00e9sben, akik nem kereszty\u00e9nek vagy egy\u00e1ltal\u00e1n nem vall\u00e1sosak. A hallgat\u00f3k olyan tud\u00e1sokra tehetnek ugyanis szert a vall\u00e1s m\u0171k\u00f6d\u00e9s\u00e9vel, t\u00e1rsadalmi szerep\u00e9vel kapcsolatosan, melyek minden olyan k\u00f6z\u00f6ss\u00e9g \u00f6sszef\u00fcgg\u00e9s\u00e9ben haszn\u00e1lhat\u00f3ak, melyek eset\u00e9ben a vall\u00e1s nem mell\u0151zhet\u0151 szempont. Ez a koncepci\u00f3 szerencs\u00e9sen illeszkedik a hallgat\u00f3k felekezet vagy vall\u00e1soss\u00e1g szerinti megoszl\u00e1s\u00e1hoz: az \u00e9vfolyamok k\u00f6zel fele \u00e1ltal\u00e1ban reform\u00e1tus vall\u00e1s\u00fa, a m\u00e1sik fele t\u00f6bbs\u00e9g\u00e9ben r\u00f3mai vagy g\u00f6r\u00f6g katolikus, evang\u00e9likus, ortodox \u00e9s unit\u00e1rius, illetve minden \u00e9vfolyamban vannak hallgat\u00f3k, akik felekezeten k\u00edv\u00fcliek vagy nem vall\u00e1sosak.<\/p>\n<p>Ebb\u0151l a koncepci\u00f3b\u00f3l k\u00f6vetkez\u0151en a k\u00e9pz\u00e9s tartalm\u00e1nak egyik jelent\u0151s ter\u00fclet\u00e9t a vall\u00e1sok, s k\u00f6zelebbr\u0151l a kereszty\u00e9ns\u00e9g k\u00f6z\u00e9ppontj\u00e1ban \u00e1ll\u00f3 krisztusi tan\u00edt\u00e1s, illetve annak t\u00e1rsadalmi vonatkoz\u00e1sai elm\u00e9leti kibont\u00e1sa \u00e1ll. A m\u00e1sodik nagy ter\u00fcletet azok a hagyom\u00e1nyok, \u00e9s az ezeket k\u00f6zvet\u00edt\u0151 kultur\u00e1lis form\u00e1k jelentik, melyeken kereszt\u00fcl a krisztusi tan\u00edt\u00e1s t\u00e1rsadalmi hat\u00e1sa megragadhat\u00f3 \u00e9s megval\u00f3s\u00edthat\u00f3. T\u00e1rsadalomt\u00f6rt\u00e9neti okokb\u00f3l ezekre a hagyom\u00e1nyokra \u00e9s kultur\u00e1lis form\u00e1kra lehets\u00e9ges probl\u00e9mafelismer\u0151 \u00e9s -megold\u00f3 felk\u00e9sz\u00fclts\u00e9gekk\u00e9nt tekinthet\u00fcnk. Ahhoz, hogy t\u00e9nylegesen azz\u00e1 v\u00e1lhassanak, egyr\u00e9szt a leend\u0151 k\u00f6z\u00f6ss\u00e9gfejleszt\u0151nek \u00e1ltal\u00e1noss\u00e1gban ismernie kell ezeket, m\u00e1sr\u00e9szt k\u00e9pesnek kell lennie arra, hogy a lok\u00e1lis k\u00f6z\u00f6ss\u00e9gekben a maguk konkr\u00e9t volt\u00e1ban \u2013 ugyanakkor a k\u00f6z\u00f6ss\u00e9g t\u00f6rt\u00e9neti tudat\u00e1ba \u00e1gyazott form\u00e1kban \u2013 tudja ezeket azonos\u00edtani, felsz\u00ednre hozni, \u00e9s aktiviz\u00e1lni. Ennek k\u00f6vetkezt\u00e9ben e ter\u00fclet tartalm\u00e1nak fontos r\u00e9sz\u00e9t k\u00e9pezi a k\u00fcl\u00f6nb\u00f6z\u0151 t\u00f6rt\u00e9neti jelleg\u0171 tud\u00e1sok \u2013 egyh\u00e1z \u00e9s m\u0171vel\u0151d\u00e9st\u00f6rt\u00e9net illetve n\u00e9prajz, felekezet- \u00e9s vall\u00e1sismeret \u2013 reflex\u00edv, a k\u00f6z\u00f6ss\u00e9gfejleszt\u00e9s szempontrendszer\u00e9t el\u0151t\u00e9rbe helyez\u0151 k\u00f6zvet\u00edt\u00e9se. A k\u00e9pz\u00e9s harmadik nagy ter\u00fclet\u00e9t a k\u00f6z\u00f6ss\u00e9gfejleszt\u00e9s szakmai ismeretei jelentik, ide\u00e9rtve a kult\u00farak\u00f6zvet\u00edt\u00e9s elm\u00e9leti \u00e9s gyakorlati k\u00e9rd\u00e9seivel foglalkoz\u00f3 ter\u00fcleteket is, a pszichol\u00f3gi\u00e1t\u00f3l \u00e9s konfliktuskezel\u00e9st\u0151l a kutat\u00e1sm\u00f3dszertanig.<\/p>\n<p>A hallgat\u00f3k az alapoz\u00f3 ismeretek \u00e9s a szakmai t\u00f6rzsmodul elv\u00e9gz\u00e9s\u00e9t k\u00f6vet\u0151en h\u00e1rom specializ\u00e1ci\u00f3 k\u00f6z\u00fcl v\u00e1laszthatnak. Az <em>Egyh\u00e1zi m\u0171vel\u0151d\u00e9sszervez\u0151<\/em> specializ\u00e1ci\u00f3 t\u00e1rgyai a m\u0171vel\u0151d\u00e9s, \u00e9letm\u00f3d, kult\u00farak\u00f6zvet\u00edt\u00e9s probl\u00e9mak\u00f6rei k\u00f6r\u00e9 szervez\u0151dnek, \u00e9s a hallgat\u00f3knak ezen a ter\u00fcleten kell szakmai gyakorlatot is teljes\u00edteni\u00fck. A specializ\u00e1ci\u00f3 megnevez\u00e9se itt is azt jelenti, hogy a hallgat\u00f3k olyan speci\u00e1lis ismereteket kapnak, mely seg\u00edti \u0151ket abban, hogy egyh\u00e1zi k\u00f6rnyezetben, egyh\u00e1zi k\u00f6z\u00f6ss\u00e9gekben azok speci\u00e1lis k\u00f6r\u00fclm\u00e9nyeit \u00e9s ig\u00e9nyeit is figyelembe v\u00e9ve boldoguljanak, ugyanakkor olyan \u00e1ltal\u00e1nos m\u0171vel\u0151d\u00e9sszervez\u00e9si ismeretekkel is felv\u00e9rtezhetik magukat, melyek seg\u00edts\u00e9g\u00e9vel nem egyh\u00e1zi k\u00f6rnyezetben is helyt\u00e1llhatnak. A <em>Diak\u00f3nia specializ\u00e1ci\u00f3<\/em> a szoci\u00e1lis szf\u00e9ra k\u00f6z\u00f6ss\u00e9gi feladatait \u00e1ll\u00edtja a k\u00f6z\u00e9ppontba. A diak\u00f3nia az egyh\u00e1z tev\u00e9kenys\u00e9g\u00e9nek egyik alapter\u00fclete, magyarul t\u00f6bbnyire a \u201eszeretetszolg\u00e1lat\u201d kifejez\u00e9ssel ford\u00edthat\u00f3, nagyvonalakban a szoci\u00e1lis munka p\u00e1rhuzam\u00e1nak tekinthet\u0151. Tartalma szerint legink\u00e1bb \u00fagy \u00edrhatjuk le, mint \u201egyakorlati igehirdet\u00e9st\u201d \u2013 vagyis, ha az igehirdet\u00e9s, a pr\u00e9dik\u00e1ci\u00f3 az a tev\u00e9kenys\u00e9g, melynek sor\u00e1n az egyh\u00e1z Isten szav\u00e1t mondja tov\u00e1bb az emberek fel\u00e9, akkor a diak\u00f3nia az a tev\u00e9kenys\u00e9g, melynek sor\u00e1n ezeknek a szavaknak tettekk\u00e9 kell v\u00e1lni, azaz tettekben megmutatkoz\u00f3 igehirdet\u00e9sr\u0151l, az Isten cselekedeteinek tov\u00e1bb-cselekv\u00e9s\u00e9r\u0151l van sz\u00f3. A diak\u00f3nia l\u00e1that\u00f3 tartama, legal\u00e1bbis a t\u00f6bbnyire l\u00e1that\u00f3 int\u00e9zm\u00e9nyes szinteken az egyh\u00e1zban foly\u00f3 id\u0151sgondoz\u00e1ssal, gyermekj\u00f3l\u00e9ti \u00e9s -v\u00e9delmi szolg\u00e1lattal, fogyat\u00e9kkal \u00e9l\u0151k, szenved\u00e9lybetegek, hajl\u00e9ktalanok k\u00f6z\u00f6tt v\u00e9gzett szolg\u00e1lattal \u00edrhat\u00f3 le. Fontos azonban, hogy az int\u00e9zm\u00e9nyes szinten v\u00e9gzett diak\u00f3nia nem mer\u00edti ki az egyh\u00e1z diak\u00f3niai szolg\u00e1lat\u00e1t, hiszen minden kereszty\u00e9n k\u00f6z\u00f6ss\u00e9gnek feladata a l\u00e1t\u00f3k\u00f6r\u00e9ben, felel\u0151ss\u00e9gi k\u00f6r\u00e9ben \u00e9l\u0151 elesettek\u00e9rt, a t\u00e1rsadalom perif\u00e9ri\u00e1j\u00e1ra szorul\u00f3 emberek\u00e9rt v\u00e9gzett szolg\u00e1lat. Az elv \u00e9s a gyakorlat persze sajnos itt sem fedi t\u00f6k\u00e9letesen egym\u00e1st. Az int\u00e9zm\u00e9nyi szinteken megval\u00f3sul\u00f3 diak\u00f3nia mellett az egyh\u00e1zk\u00f6zs\u00e9gi szinten zajl\u00f3 diak\u00f3nia p\u00e9ld\u00e1ul j\u00f3val kevesebb \u2013 anyagi \u00e9s hum\u00e1n \u2013 er\u0151forr\u00e1sb\u00f3l gazd\u00e1lkodik, \u00e9s az egyh\u00e1ztags\u00e1g t\u00e1rsadalmi, szoci\u00e1lis vagy \u00e9letkori strukt\u00far\u00e1j\u00e1b\u00f3l k\u00f6vetkez\u0151en ez a tev\u00e9kenys\u00e9g jelent\u0151s m\u00e9rt\u00e9kben egyfajta k\u00f6z\u00f6ss\u00e9gi \u00f6ngondoskod\u00e1st jelent, vagyis az egyh\u00e1zk\u00f6zs\u00e9geknek sokszor saj\u00e1t elesett tagjaikr\u00f3l kell gondoskodniuk. A <em>Diak\u00f3nia specializ\u00e1ci\u00f3<\/em> anyaga mindk\u00e9t szintre koncentr\u00e1l, \u00e9s a szeretetszolg\u00e1lattal kapcsolatos saj\u00e1tos ismereteket \u00e9s attit\u0171d\u00f6ket kapcsolja \u00f6ssze a k\u00f6z\u00f6ss\u00e9gfejleszt\u00e9s m\u00f3dszereivel \u00e9s gyakorlat\u00e1val. A <em>Roma k\u00f6z\u00f6ss\u00e9gszervez\u0151 specializ\u00e1ci\u00f3<\/em> szakmai anyag\u00e1nak jelent\u0151s r\u00e9sz\u00e9t a romol\u00f3giai ismeretek, illetve a seg\u00edt\u0151 int\u00e9zm\u00e9nyek rendszer\u00e9vel, az oktat\u00e1ssal \u00e9s a m\u00e9di\u00e1val kapcsolatos ismeretek alkotj\u00e1k. Ut\u00f3bbiak eset\u00e9ben k\u00fcl\u00f6n\u00f6sen fontos szempontk\u00e9nt \u00e9rv\u00e9nyes\u00fcl egyr\u00e9szt az integr\u00e1ci\u00f3 el\u0151mozd\u00edt\u00e1sa, m\u00e1sr\u00e9szt a szegreg\u00e1ci\u00f3hoz, megk\u00fcl\u00f6nb\u00f6ztet\u00e9shez, rasszizmushoz vezet\u0151 t\u00e9nyez\u0151k felismer\u00e9se.<\/p>\n<p>Mire lehet menni egy egyh\u00e1zi k\u00f6z\u00f6ss\u00e9gszervez\u0151 diplom\u00e1val? A v\u00e1laszt, legal\u00e1bbis r\u00e9szben a beiskol\u00e1z\u00e1s kapcs\u00e1n mondottak rejtik: j\u00f3llehet vannak, akik tov\u00e1bbtanulnak valamilyen mesterk\u00e9pz\u00e9si szakon, illetve sz\u0171kebbe \u00e9rtelemben vett k\u00f6z\u00f6ss\u00e9gszervez\u0151 feladatokat ell\u00e1t\u00f3 munkak\u00f6rben helyezkednek el, hallgat\u00f3ink t\u00f6bbs\u00e9ge nem \u201eprofesszion\u00e1lis\u201d k\u00f6z\u00f6ss\u00e9gszervez\u0151 vagy -fejleszt\u0151 akar lenni, nem ebbe az ir\u00e1nyba indul el a diplom\u00e1j\u00e1val, hanem megl\u00e9v\u0151 munkahely\u00e9n, int\u00e9zm\u00e9ny\u00e9ben, k\u00f6z\u00f6ss\u00e9g\u00e9ben hasznos\u00edtja a megszerzett tud\u00e1st. A harmadik \u00e9v v\u00e9g\u00e9re elk\u00e9sz\u00fcl\u0151 szakdolgozatok k\u00fcl\u00f6n\u00f6sen j\u00f3 k\u00e9pet adnak arr\u00f3l, hogy mik\u00e9nt v\u00e1ltozik meg a hallgat\u00f3k szeml\u00e9lete, val\u00f3s\u00e1g\u00e9rz\u00e9kel\u00e9se, helyzet\u00e9rtelmez\u00e9se \u00e9s hogyan keresik saj\u00e1t k\u00f6z\u00f6ss\u00e9g\u00fck kit\u00f6r\u00e9s\u00e9nek vagy egy\u00e1ltal\u00e1n: t\u00fal\u00e9l\u00e9s\u00e9nek \u00fatj\u00e1t; hogyan \u00e9rtelmezik helyzet\u00fcket \u00e9s azt, hogy milyen er\u0151forr\u00e1sokkal b\u00edrnak \u00e9s azokat hogyan haszn\u00e1lhatj\u00e1k.<\/p>\n<p>Ahogy az eddigiekb\u0151l is \u00e9rezhet\u0151, az RK szak k\u00e9pz\u00e9se meghat\u00e1roz\u00f3 m\u00f3don int\u00e9zm\u00e9ny-orient\u00e1lt, \u00e9s jelent\u0151s m\u00e9rt\u00e9kben \u00e9p\u00edt arra, hogy az egyes felekezetek t\u00f6rt\u00e9neti tapasztalataiban \u00e9s trad\u00edci\u00f3iban r\u00f6gz\u00edtett tud\u00e1sok, attit\u0171d\u00f6k tudatos\u00edt\u00e1sukon \u00e9s az aktu\u00e1lis helyzetek \u00f6sszef\u00fcgg\u00e9s\u00e9ben val\u00f3 \u00fajrafogalmaz\u00e1sukon kereszt\u00fcl, az egyes k\u00f6z\u00f6ss\u00e9gek sz\u00e1m\u00e1ra probl\u00e9mafelismer\u0151- \u00e9s megold\u00f3 felk\u00e9sz\u00fclts\u00e9gekk\u00e9 v\u00e1lhatnak.\u00a0 Ezek a trad\u00edci\u00f3k \u00e9s tapasztalatok ugyanakkor ellent\u00e9tes m\u00f3don is m\u0171k\u00f6dhetnek. A m\u00falt \u00f6nmag\u00e1ban nem b\u00edr jelent\u00e9ssel, tapasztalatt\u00e1 a reflexi\u00f3n kereszt\u00fcl v\u00e1lik. Ugyan\u00edgy a trad\u00edci\u00f3 is \u2013 mint adott k\u00f6r\u00fclm\u00e9nyek k\u00f6zt int\u00e9zm\u00e9nyes\u00fclt \u00e9s rutinn\u00e1 v\u00e1lt felk\u00e9sz\u00fclts\u00e9gek kultur\u00e1lis mint\u00e1zata \u2013, ha fenntart\u00e1sa a k\u00f6r\u00fclm\u00e9nyek v\u00e1ltoz\u00e1sa ellen\u00e9re \u00f6n\u00e9rt\u00e9kk\u00e9nt r\u00f6gz\u00fcl, \u00e9s reflekt\u00e1latlanul \u00e9p\u00fcl be p\u00e9ld\u00e1ul a k\u00f6z\u00f6ss\u00e9gek identit\u00e1s\u00e1ba, ink\u00e1bb akad\u00e1lyozza, mint seg\u00edti a k\u00f6z\u00f6ss\u00e9gek probl\u00e9mafelismer\u0151 \u00e9s -megold\u00f3 k\u00e9pess\u00e9geit. J\u00f3llehet a k\u00e9pz\u00e9s c\u00e9lj\u00e1val kapcsolatos elk\u00e9pzel\u00e9seink fontos r\u00e9sze az, hogy az egyh\u00e1z int\u00e9zm\u00e9nyeit \u00e9letre kelt\u0151 munk\u00e1sokon, az \u0151 mentalit\u00e1sukon, szakmai hozz\u00e1\u00e9rt\u00e9s\u00fck\u00f6n \u00e9s k\u00f6z\u00f6ss\u00e9gi elk\u00f6telez\u0151d\u00e9s\u00fck\u00f6n kereszt\u00fcl legyen szorosabb \u00e9s feszesebb az a t\u00e1rsadalmi h\u00e1l\u00f3, ami a t\u00e1rsadalom perif\u00e9ri\u00e1j\u00e1n \u00e9l\u0151ket v\u00e9di, \u00e1m be kell l\u00e1tnunk, hogy m\u00e1r az is eredm\u00e9ny, ha az egym\u00e1sra utalts\u00e1g tudata \u00e9s az egym\u00e1s\u00e9rt val\u00f3 felel\u0151ss\u00e9g \u00e9rz\u00e9se az int\u00e9zm\u00e9nyeken, k\u00f6z\u00f6ss\u00e9geken bel\u00fcl fel\u00e9bred, \u00e9s ezen az alapon tudjuk sz\u00e9les\u00edteni az \u00e9rz\u00e9kenys\u00e9g k\u00f6r\u00e9t az int\u00e9zm\u00e9nyeken, egyh\u00e1zk\u00f6zs\u00e9geken t\u00falra. Els\u0151sorban a hallgat\u00f3k reflexi\u00f3s k\u00e9pess\u00e9geinek n\u00f6vel\u00e9s\u00e9n kereszt\u00fcl.<\/p>\n<p><strong>2. Kov\u00e1sz k\u00f6z\u00f6ss\u00e9g reflexivit\u00e1sa<\/strong><\/p>\n<p>A Kov\u00e1sz k\u00f6z\u00f6ss\u00e9g l\u00e9trej\u00f6tt\u00e9nek \u00e9s m\u0171k\u00f6d\u00e9s\u00e9nek egyik meghat\u00e1roz\u00f3 mot\u00edvuma viszont \u00e9ppen ez a reflexi\u00f3. A k\u00f6z\u00f6ss\u00e9g \u2013 mely n\u00e9h\u00e1ny h\u00f3napja ugyan hivatalosan m\u00e1r egyes\u00fcletk\u00e9nt folytatja tev\u00e9kenys\u00e9g\u00e9t de nev\u00e9ben is \u00e9s szellemis\u00e9g\u00e9ben is ink\u00e1bb k\u00f6z\u00f6ss\u00e9gk\u00e9nt tekint mag\u00e1ra \u2013 k\u00e9t \u00e9ve alakult meg, a szervez\u00e9s int\u00e9zm\u00e9nyi h\u00e1tter\u00e9t a Civil Koll\u00e9gium Alap\u00edtv\u00e1ny ny\u00fajtotta. Tagjaink jellemz\u0151en a t\u00f6rt\u00e9nelminek nevezett kereszt\u00e9ny felekezetek k\u00f6r\u00e9b\u0151l \u00e9rkeznek, de nyitottak vagyunk az \u00f6sszes felekezettel val\u00f3 egy\u00fcttm\u0171k\u00f6d\u00e9sre.<\/p>\n<p>Ahogy honlapunkon is olvashat\u00f3: \u201eHidakat \u00e9p\u00edt\u00fcnk, \u00f6kumenikus, lelki, integrat\u00edv alapokon, hogy akik eddig ellens\u00e9gnek l\u00e1tt\u00e1k egym\u00e1st, megtal\u00e1lj\u00e1k a k\u00f6z\u00f6s \u00e9rt\u00e9keket \u00e9s \u00fcgyeket, amelyeken el tudnak kezdeni egy\u00fctt dolgozni.\u201d<a href=\"#_ftn4\" name=\"_ftnref4\"><sup>[4]<\/sup><\/a> A h\u00edd\u00e9p\u00edt\u00e9s metafor\u00e1j\u00e1t k\u00fcl\u00f6n\u00f6sen fontosnak tartjuk, hiszen aki hidat akar \u00e9p\u00edteni, annak sz\u00e1m\u00e1ra egyr\u00e9szt realit\u00e1s mindannak l\u00e9tez\u00e9se, val\u00f3s\u00e1ga, amit \u00e1t akar hidalni. Ahol t\u00f6r\u00e9s, szakad\u00e9k van az egym\u00e1shoz vezet\u0151 utakon, \u00e9s ezek akad\u00e1lyozz\u00e1k Isten (t\u00e1rsadalmi) akarat\u00e1nak \u00e9rv\u00e9nyes\u00fcl\u00e9s\u00e9t, ott a kereszt\u00e9ny h\u00edd\u00e9p\u00edt\u0151nek dolga van. Fontos ugyanakkor, hogy ezeken a helyeken van dolga, \u00edgy \u00e9rz\u00e9kenys\u00e9g\u00e9nek nem csak az ilyen helyek megtal\u00e1l\u00e1s\u00e1ra, hanem a \u201efantomszakad\u00e9kok\u201d konstru\u00e1l\u00e1s\u00e1nak elker\u00fcl\u00e9s\u00e9re is ki kell terjednie. M\u00e1sr\u00e9szt a h\u00edd\u00e9p\u00edt\u0151 sz\u00e1m\u00e1ra nem csup\u00e1n az \u00e1thidal\u00e1sra v\u00e1r\u00f3 m\u00e9lys\u00e9gek, de a \u201epartok\u201d alapos ismerete \u00e9s elfogad\u00e1sa is fontos. A part: adotts\u00e1g, ami a h\u00eddf\u0151 lehet\u0151s\u00e9g\u00e9t rejti mag\u00e1ban. A h\u00edd\u00e9p\u00edt\u0151-k\u00f6z\u00f6ss\u00e9gfejleszt\u0151 szerepe abban van, hogy ebb\u0151l a lehet\u0151s\u00e9gb\u0151l val\u00f3s\u00e1g legyen, s ez t\u00f6bbnyire nem a partok le\u00e9rt\u00e9kel\u00e9s\u00e9ben vagy lerombol\u00e1s\u00e1ban nyilv\u00e1nulhat meg.<\/p>\n<p>A k\u00f6z\u00f6ss\u00e9g \u00f6kumenikus karakter\u00e9t szint\u00e9n a reflexivit\u00e1s hat\u00e1rozza meg. Az \u00f6kumenizmus \u2013 vagyis a k\u00fcl\u00f6nb\u00f6z\u0151 kereszty\u00e9n felekezetek k\u00f6zeled\u00e9se \u00e9s bizonyos \u00fcgyekben megmutatkoz\u00f3 egy\u00fcttm\u0171k\u00f6d\u00e9se, ami a k\u00f6z\u00f6s liturgi\u00e1ban cs\u00facsosodik ki \u2013 ma m\u00e1r nem sz\u00e1m\u00edt \u00fajdons\u00e1gnak vagy k\u00fcl\u00f6nlegess\u00e9gnek, szinte mindegyik nagyobb felekezet \u00e9let\u00e9nek r\u00e9sze. Az \u00f6kumenizmus alapj\u00e1t az a nyilv\u00e1nval\u00f3 t\u00e9ny jelenti, hogy minden k\u00fcl\u00f6nbs\u00e9g ellen\u00e9re a megannyi kereszty\u00e9n felekezetek \u00e9let\u00e9nek, m\u0171k\u00f6d\u00e9s\u00e9nek alapj\u00e1t m\u00e9gis az egy Krisztus tan\u00edt\u00e1sa, \u00e9letp\u00e9ld\u00e1ja \u00e9s \u00e1ldozata jelenti, aki r\u00e1ad\u00e1sul k\u00f6vet\u0151inek egys\u00e9g\u00e9t, \u00e9s az erre val\u00f3 t\u00f6rekv\u00e9s\u00fcket a k\u00f6vet\u00e9s r\u00e9sz\u00e9v\u00e9 emelte. Az \u00f6kumenizmus gyakorlat\u00e1ban azonban az egys\u00e9g sokszor ink\u00e1bb egyfajta kompromisszumot jelent, melynek l\u00e9nyege az, hogy \u201enem azt n\u00e9zz\u00fck, ami sz\u00e9tv\u00e1laszt, hanem azt, ami \u00f6sszek\u00f6t\u201d a t\u00f6bbir\u0151l pedig ink\u00e1bb hallgatunk vagy egy olyan \u201efelekezeti hat\u00e1rokon fel\u00fclemelked\u0151\u201d magatart\u00e1shoz vezet, ami a k\u00fcl\u00f6nbs\u00e9geket el- vagy \u00f6sszemosva akarja megval\u00f3s\u00edtani az egys\u00e9get. A Kov\u00e1sz k\u00f6z\u00f6ss\u00e9gben mindannyiunknak fontos a saj\u00e1t felekezeti trad\u00edci\u00f3ja, akkor is, ha kritikusan szeml\u00e9lj\u00fck egyiket vagy m\u00e1sikat, de \u00fagy v\u00e9lj\u00fck, hogy ezek k\u00f6lcs\u00f6n\u00f6s megismer\u00e9se \u00e9s meg\u00e9rt\u00e9se nem elv\u00e1laszt benn\u00fcnket egym\u00e1st\u00f3l, hanem gazdag\u00edtja azt, ahogyan Istenr\u0151l \u00e9s a vil\u00e1gr\u00f3l gondolkodhatunk. \u00dagy gondoljuk, hogy csak a val\u00f3s \u2013 vagyis nem elhallgat\u00e1sokkal vagy \u00f6sszemos\u00e1sokkal meg\u00e9rtett \u2013 evang\u00e9liumi alap\u00e9rt\u00e9kek talaj\u00e1r\u00f3l tudjuk elind\u00edtani, magunkon kezdve, a sz\u00e9tszakadt \u00e9s gyakran mesters\u00e9gesen k\u00fcl\u00f6nv\u00e1lasztott csoportok: civilek \u00e9s egyh\u00e1zak, vezet\u0151k \u00e9s laikusok, bal- \u00e9s jobboldal, szeg\u00e9nyek \u00e9s gazdagok, vid\u00e9kiek \u00e9s f\u0151v\u00e1rosiak, cig\u00e1nyok \u00e9s magyarok vagy \u00e9pp a k\u00fcl\u00f6nb\u00f6z\u0151 felekezetek k\u00f6z\u00f6tti p\u00e1rbesz\u00e9det. Mindezt a Kov\u00e1sz k\u00f6z\u00f6ss\u00e9g alakul\u00e1s\u00e1t k\u00f6vet\u0151en a k\u00f6z\u00f6sen vallott \u00e9rt\u00e9keinkkel kapcsolatosan megfogalmazott dokumentum a k\u00f6vetkez\u0151k\u00e9ppen foglalja \u00f6ssze:<\/p>\n<p>\u201eA Kov\u00e1sz k\u00f6z\u00f6ss\u00e9g k\u00f6z\u00f6s \u00e9rt\u00e9keir\u0151l val\u00f3 besz\u00e9lget\u00e9s sor\u00e1n az \u00e9rt\u00e9keinket els\u0151 sorban nem elvont fogalmakban hat\u00e1roztuk meg, hanem cselekv\u00e9seken \u00e9s viszonyokon kereszt\u00fcl. Ez \u00f6sszhangban \u00e1l azzal a v\u00e1gyunkkal, hogy \u00bbOlyan vil\u00e1got \u00e9p\u00edt\u00fcnk, ahol a kereszt\u00e9nyek az \u00e9let\u00fckkel hirdetik az evang\u00e9liumot.\u00ab Hit\u00fcnk szerint az evang\u00e9lium hirdet\u00e9s\u00e9re Krisztus misszi\u00f3i parancsa h\u00edv el \u00e9s hatalmaz fel benn\u00fcnket. Az evang\u00e9lium tartalma az az \u00f6r\u00f6m\u00fczenet, hogy Krisztus meggy\u0151zte a vil\u00e1got<a href=\"#_ftn5\" name=\"_ftnref5\"><sup>[5]<\/sup><\/a>, ami azt jelenti, hogy \u2013 b\u00e1r ezt most m\u00e9g nem l\u00e1tjuk, nem fedezz\u00fck fel mindenben \u00e9s a saj\u00e1t \u00e9let\u00fcnk \u00e9s t\u00e1rsadalmi l\u00e9t\u00fcnk nyomor\u00fas\u00e1gai is ellene mondani l\u00e1tszanak, de \u2013 minden az \u0150 l\u00e1bai al\u00e1 vettetett.<a href=\"#_ftn6\" name=\"_ftnref6\"><sup>[6]<\/sup><\/a> J\u00e9zus arra h\u00edvja \u00e9s k\u00fcldi el tan\u00edtv\u00e1nyait, hogy ennek legyenek tan\u00fai, tan\u00fas\u00e1gtev\u0151i sz\u0171kebb \u00e9s t\u00e1gabb k\u00f6rnyezet\u00fckben, \u00e9s Szentl\u00e9lek \u00e1ltal fel is hatalmazza \u0151ket<a href=\"#_ftn7\" name=\"_ftnref7\"><sup>[7]<\/sup><\/a>, r\u00e9szes\u00edti \u0151ket az \u0150 gy\u0151zelm\u00e9nek erej\u00e9ben, hogy ezzel az er\u0151vel v\u00e9gezz\u00e9k tan\u00fas\u00e1gt\u00e9tel\u00fcket ak\u00e1r sz\u00f3ban, ak\u00e1r cselekedetekben.<a href=\"#_ftn8\" name=\"_ftnref8\"><sup>[8]<\/sup><\/a> Az evang\u00e9lium hirdet\u00e9se \u2013 annak hirdet\u00e9se, hogy Krisztus meggy\u0151zte a vil\u00e1got \u2013, annak hirdet\u00e9se, hogy elj\u00f6tt, k\u00f6zt\u00fcnk van Isten orsz\u00e1ga.<a href=\"#_ftn9\" name=\"_ftnref9\"><sup>[9]<\/sup><\/a> Ezt a \u201ek\u00f6zt\u00fcnk l\u00e9tet\u201d, ennek az er\u0151it \u00e9s lehet\u0151s\u00e9geit teszi nyilv\u00e1nval\u00f3v\u00e1 \u2013 el nem rejtett\u00e9 \u2013 benn\u00fcnk \u00e9s k\u00f6zt\u00fcnk Isten Szent Lelke.<a href=\"#_ftn10\" name=\"_ftnref10\"><sup>[10]<\/sup><\/a> Azt, hogy Isten orsz\u00e1ga k\u00f6zt\u00fcnk van, meghat\u00e1roz\u00f3 m\u00f3don jelenti Isten \u00e9s az ember, illetve az emberek egym\u00e1s k\u00f6z\u00f6tti kapcsolat\u00e1nak az Isten t\u00f6rv\u00e9nye \u00e9s akarata szerinti helyre\u00e1ll\u00edt\u00e1s\u00e1t. Amikor teh\u00e1t a Kov\u00e1sz alap\u00e9rt\u00e9keir\u0151l besz\u00e9l\u00fcnk \u00e9s azokat k\u00fcl\u00f6nb\u00f6z\u0151 cselekv\u00e9seken \u00e9s viszonyokon kereszt\u00fcl gondoljuk kifejezhet\u0151nek, akkor olyan cselekv\u00e9seket \u00e9s olyan viszonyokat \u00e1ll\u00edtunk a k\u00f6z\u00f6ss\u00e9g f\u00f3kusz\u00e1ba, melyeken kereszt\u00fcl ez a helyre\u00e1ll\u00edt\u00e1s benn\u00fcnk, k\u00f6z\u00f6tt\u00fcnk \u00e9s rajtunk kereszt\u00fcl megval\u00f3sulhat. Ez a k\u00e9t dolog \u2013 az, hogy Isten mindent Krisztusnak vetett al\u00e1, s az, hogy Krisztus ennek \u00e9letes hirdet\u00e9s\u00e9re k\u00fcldi az \u00f6v\u00e9it \u2013 a misszi\u00f3i parancsban is egy\u00e9rtelm\u0171en \u00f6sszetartozik. A misszi\u00f3i parancsk\u00e9nt<a href=\"#_ftn11\" name=\"_ftnref11\"><sup>[11]<\/sup><\/a> hivatkozott szavait Krisztus azzal a kijelent\u00e9ssel kezdi, hogy \u201eN\u00e9kem adatott minden hatalom mennyen \u00e9s f\u00f6ld\u00f6n.\u201d<a href=\"#_ftn12\" name=\"_ftnref12\"><sup>[12]<\/sup><\/a> J\u00e9zus itt a hatalom alatt nem egy hierarchi\u00e1ban elfoglalt helyr\u0151l besz\u00e9l, \u00e9s nem is arr\u00f3l, hogy neki lehet\u0151s\u00e9ge lenne az akarat\u00e1t r\u00e1k\u00e9nyszer\u00edteni b\u00e1rkire, annak beleegyez\u00e9se n\u00e9lk\u00fcl. J\u00e9zus arr\u00f3l a hatalomr\u00f3l besz\u00e9l, ami abb\u00f3l k\u00f6vetkezik, hogy az Atya mindenek f\u00f6l\u00e9 helyezte \u0151t, teh\u00e1t \u0151 kontrol\u00e1l mindent, a cselekv\u00e9s lehet\u0151s\u00e9ge \u00e9s szabads\u00e1ga minden \u00f6sszef\u00fcgg\u00e9sben az \u00f6v\u00e9, s ebb\u0151l k\u00f6vetkezik a tan\u00edtv\u00e1nyok elk\u00fcld\u00e9s\u00e9nek t\u00e9nye \u00e9s tartalma (\u201eelmenv\u00e9n az\u00e9rt\u201d<a href=\"#_ftn13\" name=\"_ftnref13\"><sup>[13]<\/sup><\/a>). Mindazokat pedig, akik \u0150t k\u00f6vetik, akik hisznek benne, Lelke \u00e1ltal felszabad\u00edtja a vil\u00e1g k\u00f6t\u00f6tts\u00e9gei al\u00f3l, \u00e9s a cselekv\u00e9s \u2013 a megb\u00e9k\u00e9ltet\u00e9s szolg\u00e1lat\u00e1nak<a href=\"#_ftn14\" name=\"_ftnref14\"><sup>[14]<\/sup><\/a> \u2013 lehet\u0151s\u00e9g\u00e9t adja meg sz\u00e1mukra. Krisztus r\u00e9szelteti \u00f6v\u00e9it, k\u00fcld\u00f6tteit a neki adatott lehet\u0151s\u00e9gb\u0151l, \u00e9s \u00f6v\u00e9inek az a feladata, hogy \u0151k maguk is ennek a r\u00e9szesed\u00e9snek a lehet\u0151s\u00e9g\u00e9t hirdess\u00e9k, adj\u00e1k tov\u00e1bb m\u00e1soknak \u00e9s seg\u00edts\u00e9k m\u00e1sokban. Az evang\u00e9liumhirdet\u00e9s form\u00e1ja a tan\u00edtv\u00e1nny\u00e1 t\u00e9tel, ami egy olyan egym\u00e1s mell\u00e9 rendel\u0151 kapcsolat, mely ezt a r\u00e9szesed\u00e9st munk\u00e1lja (\u00bbmegkeresztelv\u00e9n \u0151ket&#8230;\u00ab, \u00bbtan\u00edtv\u00e1n \u0151ket.\u00ab<a href=\"#_ftn15\" name=\"_ftnref15\"><sup>[15]<\/sup><\/a>)\u201d<a href=\"#_ftn16\" name=\"_ftnref16\"><sup>[16]<\/sup><\/a><\/p>\n<p>Ennek a dokumentumnak a tartalma az\u00e9rt is nagyon fontos sz\u00e1munkra, mert a Kov\u00e1sz egy, a hitalap\u00fa k\u00f6z\u00f6ss\u00e9gszervez\u00e9s gondolata k\u00f6r\u00e9 szervez\u0151d\u00f6tt k\u00f6z\u00f6ss\u00e9g, melynek eset\u00e9ben fontos tiszt\u00e1zni, hogy mit is \u00e9rt\u00fcnk \u201ehit\u201d alatt? A hitalap\u00fa k\u00f6z\u00f6ss\u00e9gszervez\u00e9s t\u00f6rt\u00e9net\u00e9re \u00e9s h\u00e1ttereire itt nincsen m\u00f3d kit\u00e9rn\u00fcnk. A mozgalom \u00e9s\/vagy gyakorlat az USA-b\u00f3l indulva \u00e9rkezett el Magyarorsz\u00e1gra, a Kov\u00e1sz k\u00f6z\u00f6ss\u00e9g munk\u00e1ja \u2013 ahogy a jelen \u00edr\u00e1s is \u2013 a magyarorsz\u00e1gi implement\u00e1ci\u00f3s k\u00eds\u00e9rlet r\u00e9sze. Ebben a k\u00eds\u00e9rletben viszont fontosnak \u00e9rezz\u00fck, hogy a helyi egyh\u00e1zi \u00e9s kultur\u00e1lis trad\u00edci\u00f3kra \u00e9s t\u00e1rsadalmi k\u00f6rnyezetre tekintettel tiszt\u00e1zzunk n\u00e9h\u00e1ny alapvet\u0151 fogalmat, kiv\u00e1lt az\u00e9rt, mert az ilyen fogalomtiszt\u00e1z\u00e1s \u00e1ltal\u00e1ban nem t\u0171nik a hitalap\u00fa k\u00f6z\u00f6ss\u00e9gszervez\u00e9s er\u0151s oldal\u00e1nak. \u00dagy t\u0171nik, hogy a mozgalom alapvet\u0151 m\u0171vei,<a href=\"#_ftn17\" name=\"_ftnref17\"><sup>[17]<\/sup><\/a> vagy \u00e9ppen a k\u00f6zelm\u00faltban magyarul megjelent <em>Hitalap\u00fa k\u00f6z\u00f6ss\u00e9gszervez\u00e9s<\/em> s<em>z\u00f6veggy\u0171jtem\u00e9ny<\/em> nem szentelnek k\u00fcl\u00f6n\u00f6sebb figyelmet e saj\u00e1tos gyakorlat vagy megk\u00f6zel\u00edt\u00e9s alapj\u00e1t jelent\u0151 hit-fogalom meghat\u00e1roz\u00e1s\u00e1nak. Ehelyett adottnak veszik annak \u00e9rtelmez\u00e9s\u00e9t, \u00e9s a hitalap\u00fas\u00e1got az egyh\u00e1zi \u00e9let gyakorlat\u00e1val azonos\u00edtj\u00e1k, vagyis a \u201egy\u00fclekezeti\u201d vagy \u201eegyh\u00e1zi k\u00f6z\u00f6ss\u00e9gi\u201d kifejez\u00e9sek szinonim\u00e1jak\u00e9nt kezelik. Ebben az \u00f6sszef\u00fcgg\u00e9sben a hitalap\u00fa k\u00f6z\u00f6ss\u00e9gszervez\u00e9s a t\u00e1rsadalmi szolidarit\u00e1s \u00e9s igazs\u00e1goss\u00e1g ir\u00e1ny\u00e1ba hat\u00f3 v\u00e1ltoz\u00e1sok munk\u00e1l\u00e1s\u00e1nak egy olyan gyakorlat\u00e1t jelenti, melyben a v\u00e1ltoztat\u00e1sra ir\u00e1nyul\u00f3 igyekezet alapja \u00e9s mozgat\u00f3rug\u00f3ja az adott k\u00f6z\u00f6ss\u00e9g \u2013 t\u00f6rt\u00e9netesen kereszty\u00e9n vall\u00e1sos \u2013 \u00e9rt\u00e9krendje (ebbe bele\u00e9rtve azokat a fentebb m\u00e1r eml\u00edtett kultur\u00e1lis mint\u00e1zatokat is, melyeket az adott felekezeti k\u00f6z\u00f6ss\u00e9g \u00e9rt\u00e9kk\u00e9nt hat\u00e1roz meg). Ez a megk\u00f6zel\u00edt\u00e9s annyiban praktikus, hogy vall\u00e1silag semleges, hiszen szinte mindegyik nagy vall\u00e1sban megtal\u00e1lhat\u00f3 a t\u00e1rsadalmi igazs\u00e1goss\u00e1g \u00e9s szolidarit\u00e1s mint \u00e9rt\u00e9k, s a k\u00f6z\u00f6ss\u00e9gszervez\u0151knek l\u00e9nyeg\u00e9ben semmi m\u00e1s dolguk nincsen, mint hogy a cselekv\u00e9si program legitim\u00e1ci\u00f3j\u00e1hoz megfelel\u0151 vall\u00e1si hivatkoz\u00e1sokat \u00f6sszegy\u0171jts\u00e9k, \u00e9s ezek seg\u00edts\u00e9g\u00e9vel \u00e9rveljenek a v\u00e1ltoz\u00e1sok \u00e9s az azokat c\u00e9lz\u00f3 gyakorlatok mellett.<\/p>\n<p>Ezzel a megk\u00f6zel\u00edt\u00e9ssel azonban \u2013 t\u00f6bb egy\u00e9b mellett \u2013 az a probl\u00e9ma, hogy j\u00f3llehet a hit az \u00e9letm\u00f3don, a gyakorlati \u00e9leten kereszt\u00fcl artikul\u00e1l\u00f3dik, m\u00e9gsem azonos csak ezekkel, hanem t\u00f6bbnyire van egy \u201emeggy\u0151z\u0151d\u00e9sk\u00e9nt\u201d azonos\u00edthat\u00f3 gondolati alapja. A kereszty\u00e9n hitfogalom alapja az \u00fajsz\u00f6vets\u00e9g hitfogalma, ami nem egy kognit\u00edv hanem sokkal ink\u00e1bb affekt\u00edv hozz\u00e1\u00e1ll\u00e1st jelent valamihez, vagy valakihez. Hinni els\u0151sorban nem azt jelenti, hogy racion\u00e1lisan bel\u00e1tom valaminek az igazs\u00e1g\u00e1t, vagy meg vagyok gy\u0151z\u0151dve valamir\u0151l. A hit: bizalom, a teljes egzisztenci\u00e1t \u00e9rint\u0151 r\u00e1hagyatkoz\u00e1s valakire vagy valamire, els\u0151sorban Istenre. Ebb\u0151l k\u00f6vetkezik azut\u00e1n a hit kognit\u00edv \u00f6sszetev\u0151je, vagyis az, hogy ez a bizalom abban is megnyilv\u00e1nul, hogy a h\u00edv\u0151 ember elfogadja \u00e9s igaznak tartja mindazt, amit Isten mondott, tett, kijelentett. Ennek pedig egyr\u00e9szt a tartalma, m\u00e1sr\u00e9szt az alapja is a fentebb id\u00e9zett dokumentumban kifejtett evang\u00e9lium. A h\u00edv\u0151k k\u00f6z\u00f6ss\u00e9ge ez\u00e9rt bizalom-k\u00f6z\u00f6ss\u00e9g. Egyr\u00e9szt az Istenre egzisztenci\u00e1lisan r\u00e1hagyatkoz\u00f3 \u2013 ebb\u0151l k\u00f6vetkez\u0151en p\u00e9ld\u00e1ul az er\u0151szak vagy a diktat\u00fara minden form\u00e1j\u00e1t elvet\u0151, a l\u00e9t biztons\u00e1g\u00e1nak garanci\u00e1j\u00e1t nem az anyagi javak korl\u00e1tlan felhalmoz\u00e1s\u00e1ban l\u00e1t\u00f3, stb. \u2013 emberek k\u00f6z\u00f6ss\u00e9ge, akik felismert\u00e9k \u00e9s tudatosan v\u00e1llalj\u00e1k Istenre-utalts\u00e1gukat. M\u00e1sfel\u0151l az egym\u00e1st bizalmukkal megaj\u00e1nd\u00e9koz\u00f3, egym\u00e1sra r\u00e1hagyatkoz\u00f3 \u2013 s ebb\u0151l k\u00f6vetkez\u0151en egym\u00e1ssal szolid\u00e1ris, egy\u00fctt-\u00e9rz\u00e9sre k\u00e9pes \u00e9s hajland\u00f3 \u2013 emberek k\u00f6z\u00f6ss\u00e9ge, akik felismert\u00e9k egym\u00e1sra-utalts\u00e1gukat, pontosabban azt, hogy Isten egym\u00e1s gondj\u00e1ra b\u00edzta \u0151ket. Az egym\u00e1sra-utalts\u00e1g \u00e9s az Istenre-utalts\u00e1g szoros kapcsolatban \u00e1ll. J\u00e9zus azt mondta tan\u00edtv\u00e1nyainak: \u201eamint \u00e9n szerettelek titeket, \u00fagy szeress\u00e9tek ti is egym\u00e1st.\u201d<a href=\"#_ftn18\" name=\"_ftnref18\"><sup>[18]<\/sup><\/a> A szeretet itt haszn\u00e1lt szava g\u00f6r\u00f6g \u201eagap\u00e9\u201d, ami a g\u00f6r\u00f6g\u00f6k sz\u00e1m\u00e1ra a szeretet legmagasabb form\u00e1j\u00e1t jelentette: tudatos, felt\u00e9tel n\u00e9lk\u00fcli, \u00f6nzetlen \u00e9s cselekv\u00e9sre, \u00f6nfel\u00e1ldoz\u00e1sra \u00f6szt\u00f6nz\u0151 szeretetet (vagy is nem valami romantikus \u00e9rzelmet). Ez a szeretet, ami J\u00e9zus \u00f6nk\u00e9nt v\u00e1llalt hal\u00e1la m\u00f6g\u00f6tt \u00e1ll, \u00e9s ez az a szeretet, amit az els\u0151 kereszty\u00e9nek az asztalk\u00f6z\u00f6ss\u00e9ggel, vagyis az egym\u00e1srautalts\u00e1g szimbolikus form\u00e1j\u00e1val fejeztek ki.<\/p>\n<p>Ebb\u0151l a gondolatmenetb\u0151l tal\u00e1n els\u0151 olvas\u00e1sra az vehet\u0151 ki, hogy a Kov\u00e1sz c\u00e9ljai nagyon \u201evall\u00e1siak\u201d vagy spiritu\u00e1lisak ugyanakkor \u00e9ppen ez\u00e9rt nagyon t\u00e1rsadalmiak is: sz\u00e1nd\u00e9kunk a kereszty\u00e9ns\u00e9g \u00e9vezredes alapsz\u00e1nd\u00e9ka, az imitatio Christi, vagyis Krisztus ut\u00e1nz\u00e1sa, az \u0151 cselekedeteinek cselekv\u00e9se. Ezek a cselekv\u00e9sek azonban \u2013 ahogyan az evang\u00e9liumokban l\u00e1tjuk \u2013 a vil\u00e1gra ir\u00e1nyultak, \u00edgy mi is, magunkon elkezdve a szomsz\u00e9ds\u00e1gainkon, gy\u00fclekezeteinken, k\u00f6rnyezet\u00fcnk\u00f6n \u00e1t az eg\u00e9sz teremtetts\u00e9g fel\u00e9 fordulunk. Ennek jegy\u00e9ben a Kov\u00e1sz k\u00f6z\u00f6ss\u00e9g munk\u00e1ja jelenleg h\u00e1rom munkacsoportban folyik.<\/p>\n<p>Az elvi h\u00e1tt\u00e9r \u00e1tgondol\u00e1s\u00e1nak feladata a teol\u00f3giai munkacsoport\u00e9. A csoport c\u00e9lja egy olyan teol\u00f3giai keretrendszert kidolgoz\u00e1sa, mely seg\u00edt kijel\u00f6lni a gondolkod\u00e1s, diskurzus \u00e9s cselekv\u00e9s f\u00f3kuszait, ugyanakkor nem csup\u00e1n k\u00f6z\u00f6ss\u00e9g\u00fcnk, hanem az egyh\u00e1zaink tagjainak aktiviz\u00e1l\u00e1s\u00e1hoz is teol\u00f3giai keretet \u00e9s alapot biztos\u00edt. Ennek a munk\u00e1nak sz\u00e1mos buktat\u00f3ja van, vagy lehet, hiszen \u2013 ahogy arra a t\u00f6rt\u00e9nelemben rengeteg p\u00e9ld\u00e1t tal\u00e1lhatunk \u2013 a Bibli\u00e1ra, Krisztus egy-egy tan\u00edt\u00e1s\u00e1ra, esetleg n\u00e9h\u00e1ny teol\u00f3giai igazs\u00e1gra val\u00f3 hivatkoz\u00e1s k\u00f6nnyen v\u00e1lhat egy-egy t\u00e1rsadalmi mozgalom vagy politikai p\u00e1rt ideol\u00f3giai alapj\u00e1v\u00e1 vagy legitim\u00e1ci\u00f3s eszk\u00f6z\u00e9v\u00e9. Ezt tudatosan igyeksz\u00fcnk elker\u00fclni. Nem az a c\u00e9lunk, hogy egy \u00e1ltalunk fontosnak v\u00e9lt c\u00e9l igazol\u00e1s\u00e1ra gy\u0171jts\u00fcnk bibliai hivatkoz\u00e1sokat, hanem arra t\u00f6reksz\u00fcnk, hogy ezt a helyzetet megford\u00edtsuk. Munk\u00e1nkban teh\u00e1t nagyon fontos az, hogy keress\u00fck \u00e9s meg\u00e9rts\u00fck a Biblia (illetve k\u00fcl\u00f6nf\u00e9le egyh\u00e1zi dokumentumok, hitvall\u00e1sok, az egyh\u00e1zak t\u00e1rsadalmi tan\u00edt\u00e1s\u00e1t kifejt\u0151 nyilatkozatok) tan\u00edt\u00e1sait arra vonatkoz\u00f3an, hogy mi az Isten akarata a t\u00e1rsadalom m\u0171k\u00f6d\u00e9s\u00e9vel, a hatalommal, a politikai \u00e9s k\u00f6z\u00e9leti vagy gazdas\u00e1gi viszonyokkal kapcsolatosan, s ezek alapj\u00e1n \u00e9rtelmezve a k\u00f6r\u00fcl\u00f6tt\u00fcnk zajl\u00f3 t\u00e1rsadalmi jelens\u00e9geket megpr\u00f3b\u00e1ljunk olyan k\u00e9rd\u00e9seket feltenni \u00e9s szempontokat megfogalmazni, melyek m\u00e1s hazai kereszty\u00e9n k\u00f6z\u00f6ss\u00e9geknek is seg\u00edthetnek abban, hogy reflekt\u00e1ljanak saj\u00e1t t\u00e1rsadalmi k\u00f6rnyezet\u00fckre, helyzet\u00fckre, \u00e9s megtal\u00e1lj\u00e1k azt, hogy hol \u00e9s miben van az \u0151 feladatuk az Isten akarat\u00e1nak cselekv\u00e9s\u00e9ben.<\/p>\n<p>Fontosnak tartjuk, hogy tapasztalatainkat \u00e9s megl\u00e1t\u00e1sainkat k\u00f6z\u00e9rthet\u0151 form\u00e1ban az \u00e9rdekl\u0151d\u0151k sz\u00e1m\u00e1ra min\u00e9l sz\u00e9lesebb k\u00f6rben \u00e9s min\u00e9l k\u00f6nnyebben el\u00e9rhet\u0151v\u00e9 tegy\u00fck, s az \u00e1ltalunk megfogalmazott k\u00e9rd\u00e9sekr\u0151l \u00e9s szempontokr\u00f3l diskurzusokat kezdem\u00e9nyezz\u00fcnk. Ennek kit\u00fcntetett eszk\u00f6ze a Kov\u00e1sz blog.<\/p>\n<p>A Kov\u00e1sz m\u00e1sodik munkacsoportj\u00e1nak tev\u00e9kenys\u00e9ge a gyakorlati kereszt\u00e9ny k\u00f6rnyezetv\u00e9delem probl\u00e9m\u00e1i k\u00f6r\u00e9 \u00e9p\u00fcl. A munkacsoport kidolgozott egy workshop-sorozatot, mely eszk\u00f6z\u00f6ket ad a r\u00e9sztvev\u0151k kez\u00e9be ahhoz, hogy t\u00e1rsakat gy\u0171jtve maguk k\u00f6r\u00e9, lelki alapon inspir\u00e1lj\u00e1k a k\u00f6z\u00f6ss\u00e9geiket a k\u00f6rnyezeti \u00e9s t\u00e1rsadalmi felel\u0151ss\u00e9gv\u00e1llal\u00e1sra.<\/p>\n<p>A harmadik, integrat\u00edv gy\u00fclekezeti munkacsoport a t\u00e1rsadalom perif\u00e9ri\u00e1j\u00e1n \u00e9l\u0151 csoportok, els\u0151sorban a cig\u00e1nys\u00e1g kereszty\u00e9n gy\u00fclekezeteken\/k\u00f6z\u00f6ss\u00e9geken kereszt\u00fcl megval\u00f3s\u00edthat\u00f3 t\u00e1rsadalmi integr\u00e1ci\u00f3j\u00e1nak k\u00e9rd\u00e9seivel foglalkozik, s ilyen c\u00e9llal ind\u00edtott konkr\u00e9t projektet is.<\/p>\n<p>A Kov\u00e1sz persze m\u00e9g \u201egyermekcip\u0151ben j\u00e1r\u201d, de ezekkel a tipeg\u0151 l\u00e9ptekkel is egy olyan t\u00e1rsadalom fel\u00e9 igyeksz\u00fcnk, melyben a kereszt\u00e9nyek az \u00e9let\u00fckkel hirdetik az evang\u00e9liumot. Ez praktikusan azt jelenti, hogy saj\u00e1t sz\u0171kebb-t\u00e1gabb \u00e9rtelemben vett felekezeti k\u00f6z\u00f6ss\u00e9geinket helyi \u00e9s \u00f6sszt\u00e1rsadalmi k\u00e9rd\u00e9sekben egy\u00fctt gondolkod\u00e1sra, \u00f6sszefog\u00e1sra \u00e9s aktivit\u00e1sra buzd\u00edtjuk. Az els\u0151 k\u00e9t \u00e9v tapasztalatai nagyon vegyesek, voltak sikereink \u00e9s kudarcaink is b\u0151ven. Az alaptapasztalatunk ugyanakkor az, hogy a hitalap\u00fa k\u00f6z\u00f6ss\u00e9gszervez\u00e9s k\u00e9tir\u00e1ny\u00fa tev\u00e9kenys\u00e9gk\u00e9nt v\u00e9gezhet\u0151 ma Magyarorsz\u00e1gon. Az egyik \u2013 tal\u00e1n a nehezebben j\u00e1rhat\u00f3 \u2013 \u00fat a megl\u00e9v\u0151, sokszor stagn\u00e1l\u00f3 vagy le\u00e9p\u00fcl\u0151 egyh\u00e1zi k\u00f6z\u00f6ss\u00e9gek meger\u0151s\u00edt\u00e9se. Ez\u00e9rt helyben a gy\u00fclekezetek tagjait felel\u0151ss\u00e9gv\u00e1llal\u00e1sra, a szolidarit\u00e1s \u00e9s az irgalom akt\u00edv cselekedeteire h\u00edvjuk. Ez a h\u00edv\u00e1s azonban \u201ek\u00edv\u00fclr\u0151l\u201d nehezen megy vagy sehogysem. A tapasztalataink azt mutatj\u00e1k, hogy az egyh\u00e1zi k\u00f6z\u00f6ss\u00e9gek val\u00f3s\u00e1ga t\u00f6bbnyire messze \u00e1ll a hitnek, mint k\u00f6lcs\u00f6n\u00f6s bizalomnak att\u00f3l a val\u00f3s\u00e1g\u00e1t\u00f3l, melyet kor\u00e1bban felv\u00e1zoltam. A t\u00f6rt\u00e9nelminek nevezett egyh\u00e1zak \u2013 joggal \u2013 bizalmatlanok azon t\u00e1rsadalmi mozgalmak ir\u00e1nt, melyek k\u00edv\u00fclr\u0151l, valamilyen j\u00f3l l\u00e1that\u00f3 ideol\u00f3giai vagy politikai magaslatr\u00f3l akarj\u00e1k megmondani, hogy mit jelent kereszt\u00e9nynek lenni, ugyanakkor ki vannak szolg\u00e1ltatva annak a politikai hatalomnak, mely azonos \u00e9rdekekre \u00e9s \u00e9rt\u00e9kekre hivatkozva az egyh\u00e1zak t\u00e1mogat\u00e1s\u00e1\u00e9rt cser\u00e9be az egyh\u00e1zi legitim\u00e1ci\u00f3t v\u00e1rja. Ez a helyzet csak bel\u00fclr\u0151l oldhat\u00f3 meg, els\u0151sorban az egyh\u00e1zakat alkot\u00f3 k\u00f6z\u00f6ss\u00e9gek fel\u0151l \u00e9s csak a fentebb kifejtett evang\u00e9lium hirdet\u00e9s\u00e9vel. Az egyh\u00e1zi k\u00f6z\u00f6ss\u00e9g csak az evang\u00e9lium \u00e1ltal fejleszthet\u0151. Ennek eszk\u00f6zei pedig a k\u00f6z\u00f6ss\u00e9gek olyan tagjai lehetnek, akik elsaj\u00e1t\u00edtott\u00e1k a k\u00f6z\u00f6ss\u00e9gi szeml\u00e9letet \u00e9s a k\u00f6z\u00f6ss\u00e9gfejleszt\u00e9s eszk\u00f6zt\u00e1r\u00e1t, ugyanakkor k\u00e9szek annak a hitnek a meg\u00e9l\u00e9s\u00e9re is, melyr\u0151l fentebb \u00edrtam. A m\u00e1sik \u00fat viszont a k\u00f6z\u00f6ss\u00e9gek \u2013 ism\u00e9t els\u0151sorban egy\u00e9neken kereszt\u00fcl megval\u00f3sul\u00f3 \u2013 h\u00e1l\u00f3zatos \u00f6sszekapcsol\u00e1sa. Ebben a k\u00fcl\u00f6nb\u00f6z\u0151 lok\u00e1lis k\u00f6z\u00f6ss\u00e9gekb\u0151l j\u00f6v\u0151 emberek szem\u00e9lyes tal\u00e1lkoz\u00e1sain \u00e9s intenz\u00edv diskurzusain t\u00fal k\u00fcl\u00f6n\u00f6sen fontos szerepet t\u00f6ltenek be a kommunik\u00e1ci\u00f3s m\u00e9diumok, melyeken kereszt\u00fcl olyan nagyobb, a lok\u00e1lis k\u00f6z\u00f6ss\u00e9geken t\u00falmutat\u00f3 ugyanakkor r\u00e1juk is hat\u00f3 probl\u00e9m\u00e1k megt\u00e1rgyal\u00e1s\u00e1ba lehet bevonni a helyi k\u00f6z\u00f6ss\u00e9gek tagjait, mint p\u00e9ld\u00e1ul a t\u00e1rsadalmi \u00e9s k\u00f6rnyezeti igazs\u00e1goss\u00e1g. A m\u00e9dia k\u00fcl\u00f6n\u00f6sen alkalmas nem csup\u00e1n egy k\u00f6z\u00f6s probl\u00e9ma-horizont kijel\u00f6l\u00e9s\u00e9re, de egy k\u00f6z\u00f6s nyelv, k\u00f6z\u00f6s fogalmi \u00e9s gondolkod\u00e1si keretrendszer diszkurz\u00edv kidolgoz\u00e1s\u00e1ra is. Ezen a k\u00e9t \u00faton pedig a felekezeti k\u00f6z\u00f6ss\u00e9gfejleszt\u0151k k\u00e9pz\u00e9se \u00e9s a Kov\u00e1sz k\u00f6z\u00f6ss\u00e9g hitalap\u00fa k\u00f6z\u00f6ss\u00e9gszervez\u0151 munk\u00e1ja \u2013 logikailag legal\u00e1bbis \u2013 szorosan \u00f6sszekapcsol\u00f3dik.<\/p>\n<p>&nbsp;<\/p>\n<p><strong><img loading=\"lazy\" decoding=\"async\" class=\"alignright size-thumbnail wp-image-6790\" src=\"https:\/\/kofe.hu\/parola\/wp-content\/uploads\/2022\/07\/2022-2-NK-150x150.jpg\" alt=\"\" width=\"150\" height=\"150\" srcset=\"https:\/\/kofe.hu\/parola\/wp-content\/uploads\/2022\/07\/2022-2-NK-150x150.jpg 150w, https:\/\/kofe.hu\/parola\/wp-content\/uploads\/2022\/07\/2022-2-NK-300x300.jpg 300w, https:\/\/kofe.hu\/parola\/wp-content\/uploads\/2022\/07\/2022-2-NK-10x10.jpg 10w, https:\/\/kofe.hu\/parola\/wp-content\/uploads\/2022\/07\/2022-2-NK.jpg 321w\" sizes=\"auto, (max-width: 150px) 100vw, 150px\" \/>Szerz\u0151: <\/strong><\/p>\n<p>Nagy K\u00e1roly Zsolt &#8211; reform\u00e1tus teol\u00f3gus, kultur\u00e1lis antropol\u00f3gus, kommunik\u00e1ci\u00f3tudom\u00e1nyb\u00f3l doktor\u00e1lt, s e h\u00e1rom diszcipl\u00edn\u00e1t \u00f6sszekapcsolva v\u00e9gzi kutat\u00e1sait, melyek els\u0151sorban a vall\u00e1si identit\u00e1s m\u0171k\u00f6d\u00e9s\u00e9re, v\u00e1ltoz\u00e1saira vonatkoznak. Jelenleg a S\u00e1rospataki Reform\u00e1tus Teol\u00f3giai akad\u00e9mia docense. A Kov\u00e1sz teol\u00f3giai munkacsoportj\u00e1nak vezet\u0151je.<\/p>\n<p><strong>V\u00e9gjegyzetek:<\/strong><\/p>\n<p><a href=\"#_ftnref1\" name=\"_ftn1\"><sup>[1]<\/sup><\/a> M\u00e1t\u00e9 evang\u00e9liuma 11. r\u00e9sz, 29. vers: \u201eVegy\u00e9tek f\u00f6l magatokra az \u00e9n ig\u00e1mat, \u00e9s tanulj\u00e1tok meg t\u0151lem, hogy \u00e9n szelid \u00e9s al\u00e1zatos sz\u00edv\u0171 vagyok: \u00e9s nyugalmat tal\u00e1ltok a ti lelkeiteknek.\u201d<\/p>\n<p><a href=\"#_ftnref2\" name=\"_ftn2\"><sup>[2]<\/sup><\/a> L\u00e1sd: Vercseg Ilona: <em>K\u00f6z\u00f6ss\u00e9g \u00e9s r\u00e9szv\u00e9tel. A k\u00f6z\u00f6ss\u00e9gfejleszt\u00e9s \u00e9s a k\u00f6z\u00f6ss\u00e9gi munka gyakorlat\u00e1nak elm\u00e9lete<\/em>. Budapest, 2020, ELTE T\u00e1rsadalomtudom\u00e1nyi Kar, K\u00f6z\u00f6ss\u00e9gi \u00e9s civil tanulm\u00e1nyok mesterszak, 29. p.<\/p>\n<p><a href=\"#_ftnref3\" name=\"_ftn3\"><sup>[3]<\/sup><\/a> Vercseg: i.m., uo.<\/p>\n<p><a href=\"#_ftnref4\" name=\"_ftn4\"><sup>[4]<\/sup><\/a> https:\/\/kovaszkozosseg.hu\/<\/p>\n<p><a href=\"#_ftnref5\" name=\"_ftn5\"><sup>[5]<\/sup><\/a> Jn 16,33<\/p>\n<p><a href=\"#_ftnref6\" name=\"_ftn6\"><sup>[6]<\/sup><\/a> Zsid 2,8<\/p>\n<p><a href=\"#_ftnref7\" name=\"_ftn7\"><sup>[7]<\/sup><\/a> Jn 20,22; ApCsel 1,8<\/p>\n<p><a href=\"#_ftnref8\" name=\"_ftn8\"><sup>[8]<\/sup><\/a> Jn 20,23; Mk 16,15-20<\/p>\n<p><a href=\"#_ftnref9\" name=\"_ftn9\"><sup>[9]<\/sup><\/a> Lk 17,20-21<\/p>\n<p><a href=\"#_ftnref10\" name=\"_ftn10\"><sup>[10]<\/sup><\/a> 1Kor 4,20<\/p>\n<p><a href=\"#_ftnref11\" name=\"_ftn11\"><sup>[11]<\/sup><\/a> Ezek J\u00e9zus utols\u00f3 szavai a tan\u00edtv\u00e1nyaihoz, melyekkel kijel\u00f6li k\u00f6vet\u0151i feladat\u00e1t.<\/p>\n<p><a href=\"#_ftnref12\" name=\"_ftn12\"><sup>[12]<\/sup><\/a> Mt 28,18<\/p>\n<p><a href=\"#_ftnref13\" name=\"_ftn13\"><sup>[13]<\/sup><\/a> Mt 28,19<\/p>\n<p><a href=\"#_ftnref14\" name=\"_ftn14\"><sup>[14]<\/sup><\/a> 2Kor 5,20<\/p>\n<p><a href=\"#_ftnref15\" name=\"_ftn15\"><sup>[15]<\/sup><\/a> Mt 28,20<\/p>\n<p><a href=\"#_ftnref16\" name=\"_ftn16\"><sup>[16]<\/sup><\/a> \u00c9rt\u00e9keink \u2014 a KOV\u00c1SZ mozgalom bevezet\u0151 \u00f6sszefoglal\u00f3ja. In <em>Hitalap\u00fa k\u00f6z\u00f6ss\u00e9gszervez\u00e9s sz\u00f6veggy\u0171jtem\u00e9ny.<\/em> URL: https:\/\/www.cka.hu\/wp-content\/uploads\/2021\/12\/1-12.pdf utols\u00f3 let\u00f6lt\u00e9s: 2022. 06. 27.<\/p>\n<p><a href=\"#_ftnref17\" name=\"_ftn17\"><sup>[17]<\/sup><\/a> P\u00e9ld\u00e1ul Gregory F. Augustine Pierce: <em>Activism that Make Sense <\/em>(Chicago, 1984, Acta Publications) vagy Gordon Whitman: <em>Stand Up!<\/em> Oakland, 2018, Berrett-Koehler Publishers.<\/p>\n<p><a href=\"#_ftnref18\" name=\"_ftn18\"><sup>[18]<\/sup><\/a> Jn 13,34<\/p>\n","protected":false},"excerpt":{"rendered":"<p>A hitalap\u00fa k\u00f6z\u00f6ss\u00e9gszervez\u00e9s mozgalom \u00e9s\/vagy gyakorlat az USA-b\u00f3l indulva \u00e9rkezett el Magyarorsz\u00e1gra, a Kov\u00e1sz k\u00f6z\u00f6ss\u00e9g munk\u00e1ja a magyarorsz\u00e1gi honos\u00edt\u00e1si k\u00eds\u00e9rlet r\u00e9sze. L\u00e9tezett m\u00e1r kor\u00e1bban is k\u00f6z\u00f6ss\u00e9gszervez\u0151 k\u00e9pz\u00e9s, \u00edgy S\u00e1rospatakon is, de \u00e9rdemes megvizsg\u00e1lni a k\u00fcl\u00f6nb\u00f6z\u0151s\u00e9geket \u00e9s az egyez\u0151s\u00e9geket a felekezeti k\u00e9pz\u00e9s \u00e9s a k\u00e9t \u00e9ve indult gyakorlat k\u00f6z\u00f6tt. El\u00f6lj\u00e1r\u00f3ban n\u00e9h\u00e1ny sz\u00f3ban szeretn\u00e9m megvil\u00e1g\u00edtani azt a [&hellip;]<\/p>\n","protected":false},"author":578,"featured_media":6791,"comment_status":"open","ping_status":"open","sticky":false,"template":"","format":"standard","meta":{"_acf_changed":false,"footnotes":""},"categories":[986,8,7],"tags":[1025,1029,1033],"coauthors":[1032],"class_list":["post-6789","post","type-post","status-publish","format-standard","has-post-thumbnail","hentry","category-parola-2022-2","category-parola-folyoirat","category-repertorium","tag-hitalapu-kozossegszervezes","tag-kovasz-kozosseg","tag-reformatus-felekezeti-kozossegszervezo"],"acf":[],"yoast_head":"<!-- This site is optimized with the Yoast SEO plugin v26.7 - https:\/\/yoast.com\/wordpress\/plugins\/seo\/ -->\n<title>Hitalapon, felekezeti keretek k\u00f6z\u00f6tt - Parola Foly\u00f3irat<\/title>\n<meta name=\"robots\" content=\"index, follow, max-snippet:-1, max-image-preview:large, max-video-preview:-1\" \/>\n<link rel=\"canonical\" href=\"https:\/\/kofe.hu\/parola\/parola-folyoirat\/hitalapon-felekezeti-keretek-kozott\/\" \/>\n<meta property=\"og:locale\" content=\"hu_HU\" \/>\n<meta property=\"og:type\" content=\"article\" \/>\n<meta property=\"og:title\" content=\"Hitalapon, felekezeti keretek k\u00f6z\u00f6tt - Parola Foly\u00f3irat\" \/>\n<meta property=\"og:description\" content=\"A hitalap\u00fa k\u00f6z\u00f6ss\u00e9gszervez\u00e9s mozgalom \u00e9s\/vagy gyakorlat az USA-b\u00f3l indulva \u00e9rkezett el Magyarorsz\u00e1gra, a Kov\u00e1sz k\u00f6z\u00f6ss\u00e9g munk\u00e1ja a magyarorsz\u00e1gi honos\u00edt\u00e1si k\u00eds\u00e9rlet r\u00e9sze. L\u00e9tezett m\u00e1r kor\u00e1bban is k\u00f6z\u00f6ss\u00e9gszervez\u0151 k\u00e9pz\u00e9s, \u00edgy S\u00e1rospatakon is, de \u00e9rdemes megvizsg\u00e1lni a k\u00fcl\u00f6nb\u00f6z\u0151s\u00e9geket \u00e9s az egyez\u0151s\u00e9geket a felekezeti k\u00e9pz\u00e9s \u00e9s a k\u00e9t \u00e9ve indult gyakorlat k\u00f6z\u00f6tt. El\u00f6lj\u00e1r\u00f3ban n\u00e9h\u00e1ny sz\u00f3ban szeretn\u00e9m megvil\u00e1g\u00edtani azt a [&hellip;]\" \/>\n<meta property=\"og:url\" content=\"https:\/\/kofe.hu\/parola\/parola-folyoirat\/hitalapon-felekezeti-keretek-kozott\/\" \/>\n<meta property=\"og:site_name\" content=\"Parola Foly\u00f3irat\" \/>\n<meta property=\"article:published_time\" content=\"2022-07-15T14:34:39+00:00\" \/>\n<meta property=\"article:modified_time\" content=\"2022-07-15T14:35:53+00:00\" \/>\n<meta property=\"og:image\" content=\"https:\/\/kofe.hu\/parola\/wp-content\/uploads\/2022\/07\/2022-2-NK-2.jpg\" \/>\n\t<meta property=\"og:image:width\" content=\"700\" \/>\n\t<meta property=\"og:image:height\" content=\"467\" \/>\n\t<meta property=\"og:image:type\" content=\"image\/jpeg\" \/>\n<meta name=\"author\" content=\"Nagy K\u00e1roly Zsolt\" \/>\n<meta name=\"twitter:card\" content=\"summary_large_image\" \/>\n<meta name=\"twitter:label1\" content=\"Szerz\u0151:\" \/>\n\t<meta name=\"twitter:data1\" content=\"Nagy K\u00e1roly Zsolt\" \/>\n\t<meta name=\"twitter:label2\" content=\"Becs\u00fclt olvas\u00e1si id\u0151\" \/>\n\t<meta name=\"twitter:data2\" content=\"41 perc\" \/>\n\t<meta name=\"twitter:label3\" content=\"Written by\" \/>\n\t<meta name=\"twitter:data3\" content=\"Nagy K\u00e1roly Zsolt\" \/>\n<script type=\"application\/ld+json\" class=\"yoast-schema-graph\">{\"@context\":\"https:\/\/schema.org\",\"@graph\":[{\"@type\":\"Article\",\"@id\":\"https:\/\/kofe.hu\/parola\/parola-folyoirat\/hitalapon-felekezeti-keretek-kozott\/#article\",\"isPartOf\":{\"@id\":\"https:\/\/kofe.hu\/parola\/parola-folyoirat\/hitalapon-felekezeti-keretek-kozott\/\"},\"author\":{\"name\":\"Nagy K\u00e1roly Zsolt\",\"@id\":\"https:\/\/kofe.hu\/parola\/#\/schema\/person\/cbfc8de44271ccd1c7ebc9381b0d8b6a\"},\"headline\":\"Hitalapon, felekezeti keretek k\u00f6z\u00f6tt\",\"datePublished\":\"2022-07-15T14:34:39+00:00\",\"dateModified\":\"2022-07-15T14:35:53+00:00\",\"mainEntityOfPage\":{\"@id\":\"https:\/\/kofe.hu\/parola\/parola-folyoirat\/hitalapon-felekezeti-keretek-kozott\/\"},\"wordCount\":8286,\"commentCount\":0,\"image\":{\"@id\":\"https:\/\/kofe.hu\/parola\/parola-folyoirat\/hitalapon-felekezeti-keretek-kozott\/#primaryimage\"},\"thumbnailUrl\":\"https:\/\/kofe.hu\/parola\/wp-content\/uploads\/2022\/07\/2022-2-NK-2.jpg\",\"keywords\":[\"hitalap\u00fa k\u00f6z\u00f6ss\u00e9gszervez\u00e9s\",\"Kov\u00e1sz K\u00f6z\u00f6ss\u00e9g\",\"reform\u00e1tus felekezeti k\u00f6z\u00f6ss\u00e9gszervez\u0151\"],\"articleSection\":[\"Parola 2022\/2\",\"Parola Foly\u00f3irat\",\"Repert\u00f3rium\"],\"inLanguage\":\"hu\",\"potentialAction\":[{\"@type\":\"CommentAction\",\"name\":\"Comment\",\"target\":[\"https:\/\/kofe.hu\/parola\/parola-folyoirat\/hitalapon-felekezeti-keretek-kozott\/#respond\"]}]},{\"@type\":\"WebPage\",\"@id\":\"https:\/\/kofe.hu\/parola\/parola-folyoirat\/hitalapon-felekezeti-keretek-kozott\/\",\"url\":\"https:\/\/kofe.hu\/parola\/parola-folyoirat\/hitalapon-felekezeti-keretek-kozott\/\",\"name\":\"Hitalapon, felekezeti keretek k\u00f6z\u00f6tt - Parola Foly\u00f3irat\",\"isPartOf\":{\"@id\":\"https:\/\/kofe.hu\/parola\/#website\"},\"primaryImageOfPage\":{\"@id\":\"https:\/\/kofe.hu\/parola\/parola-folyoirat\/hitalapon-felekezeti-keretek-kozott\/#primaryimage\"},\"image\":{\"@id\":\"https:\/\/kofe.hu\/parola\/parola-folyoirat\/hitalapon-felekezeti-keretek-kozott\/#primaryimage\"},\"thumbnailUrl\":\"https:\/\/kofe.hu\/parola\/wp-content\/uploads\/2022\/07\/2022-2-NK-2.jpg\",\"datePublished\":\"2022-07-15T14:34:39+00:00\",\"dateModified\":\"2022-07-15T14:35:53+00:00\",\"author\":{\"@id\":\"https:\/\/kofe.hu\/parola\/#\/schema\/person\/cbfc8de44271ccd1c7ebc9381b0d8b6a\"},\"breadcrumb\":{\"@id\":\"https:\/\/kofe.hu\/parola\/parola-folyoirat\/hitalapon-felekezeti-keretek-kozott\/#breadcrumb\"},\"inLanguage\":\"hu\",\"potentialAction\":[{\"@type\":\"ReadAction\",\"target\":[\"https:\/\/kofe.hu\/parola\/parola-folyoirat\/hitalapon-felekezeti-keretek-kozott\/\"]}]},{\"@type\":\"ImageObject\",\"inLanguage\":\"hu\",\"@id\":\"https:\/\/kofe.hu\/parola\/parola-folyoirat\/hitalapon-felekezeti-keretek-kozott\/#primaryimage\",\"url\":\"https:\/\/kofe.hu\/parola\/wp-content\/uploads\/2022\/07\/2022-2-NK-2.jpg\",\"contentUrl\":\"https:\/\/kofe.hu\/parola\/wp-content\/uploads\/2022\/07\/2022-2-NK-2.jpg\",\"width\":700,\"height\":467},{\"@type\":\"BreadcrumbList\",\"@id\":\"https:\/\/kofe.hu\/parola\/parola-folyoirat\/hitalapon-felekezeti-keretek-kozott\/#breadcrumb\",\"itemListElement\":[{\"@type\":\"ListItem\",\"position\":1,\"name\":\"Home\",\"item\":\"https:\/\/kofe.hu\/parola\/\"},{\"@type\":\"ListItem\",\"position\":2,\"name\":\"Hitalapon, felekezeti keretek k\u00f6z\u00f6tt\"}]},{\"@type\":\"WebSite\",\"@id\":\"https:\/\/kofe.hu\/parola\/#website\",\"url\":\"https:\/\/kofe.hu\/parola\/\",\"name\":\"Parola Foly\u00f3irat\",\"description\":\"\",\"potentialAction\":[{\"@type\":\"SearchAction\",\"target\":{\"@type\":\"EntryPoint\",\"urlTemplate\":\"https:\/\/kofe.hu\/parola\/?s={search_term_string}\"},\"query-input\":{\"@type\":\"PropertyValueSpecification\",\"valueRequired\":true,\"valueName\":\"search_term_string\"}}],\"inLanguage\":\"hu\"},{\"@type\":\"Person\",\"@id\":\"https:\/\/kofe.hu\/parola\/#\/schema\/person\/cbfc8de44271ccd1c7ebc9381b0d8b6a\",\"name\":\"Nagy K\u00e1roly Zsolt\",\"image\":{\"@type\":\"ImageObject\",\"inLanguage\":\"hu\",\"@id\":\"https:\/\/kofe.hu\/parola\/#\/schema\/person\/image\/f5374232fbaafbe137d188737b28a3be\",\"url\":\"https:\/\/secure.gravatar.com\/avatar\/9b1d42411bbc07a1b36cccf49117caf89df34356a7ad3219d41ffa8a18969355?s=96&d=mm&r=g\",\"contentUrl\":\"https:\/\/secure.gravatar.com\/avatar\/9b1d42411bbc07a1b36cccf49117caf89df34356a7ad3219d41ffa8a18969355?s=96&d=mm&r=g\",\"caption\":\"Nagy K\u00e1roly Zsolt\"},\"url\":\"https:\/\/kofe.hu\/parola\/szerzok\/nagy-karoly-zsolt\/\"}]}<\/script>\n<!-- \/ Yoast SEO plugin. -->","yoast_head_json":{"title":"Hitalapon, felekezeti keretek k\u00f6z\u00f6tt - Parola Foly\u00f3irat","robots":{"index":"index","follow":"follow","max-snippet":"max-snippet:-1","max-image-preview":"max-image-preview:large","max-video-preview":"max-video-preview:-1"},"canonical":"https:\/\/kofe.hu\/parola\/parola-folyoirat\/hitalapon-felekezeti-keretek-kozott\/","og_locale":"hu_HU","og_type":"article","og_title":"Hitalapon, felekezeti keretek k\u00f6z\u00f6tt - Parola Foly\u00f3irat","og_description":"A hitalap\u00fa k\u00f6z\u00f6ss\u00e9gszervez\u00e9s mozgalom \u00e9s\/vagy gyakorlat az USA-b\u00f3l indulva \u00e9rkezett el Magyarorsz\u00e1gra, a Kov\u00e1sz k\u00f6z\u00f6ss\u00e9g munk\u00e1ja a magyarorsz\u00e1gi honos\u00edt\u00e1si k\u00eds\u00e9rlet r\u00e9sze. L\u00e9tezett m\u00e1r kor\u00e1bban is k\u00f6z\u00f6ss\u00e9gszervez\u0151 k\u00e9pz\u00e9s, \u00edgy S\u00e1rospatakon is, de \u00e9rdemes megvizsg\u00e1lni a k\u00fcl\u00f6nb\u00f6z\u0151s\u00e9geket \u00e9s az egyez\u0151s\u00e9geket a felekezeti k\u00e9pz\u00e9s \u00e9s a k\u00e9t \u00e9ve indult gyakorlat k\u00f6z\u00f6tt. El\u00f6lj\u00e1r\u00f3ban n\u00e9h\u00e1ny sz\u00f3ban szeretn\u00e9m megvil\u00e1g\u00edtani azt a [&hellip;]","og_url":"https:\/\/kofe.hu\/parola\/parola-folyoirat\/hitalapon-felekezeti-keretek-kozott\/","og_site_name":"Parola Foly\u00f3irat","article_published_time":"2022-07-15T14:34:39+00:00","article_modified_time":"2022-07-15T14:35:53+00:00","og_image":[{"width":700,"height":467,"url":"https:\/\/kofe.hu\/parola\/wp-content\/uploads\/2022\/07\/2022-2-NK-2.jpg","type":"image\/jpeg"}],"author":"Nagy K\u00e1roly Zsolt","twitter_card":"summary_large_image","twitter_misc":{"Szerz\u0151:":"Nagy K\u00e1roly Zsolt","Becs\u00fclt olvas\u00e1si id\u0151":"41 perc","Written by":"Nagy K\u00e1roly Zsolt"},"schema":{"@context":"https:\/\/schema.org","@graph":[{"@type":"Article","@id":"https:\/\/kofe.hu\/parola\/parola-folyoirat\/hitalapon-felekezeti-keretek-kozott\/#article","isPartOf":{"@id":"https:\/\/kofe.hu\/parola\/parola-folyoirat\/hitalapon-felekezeti-keretek-kozott\/"},"author":{"name":"Nagy K\u00e1roly Zsolt","@id":"https:\/\/kofe.hu\/parola\/#\/schema\/person\/cbfc8de44271ccd1c7ebc9381b0d8b6a"},"headline":"Hitalapon, felekezeti keretek k\u00f6z\u00f6tt","datePublished":"2022-07-15T14:34:39+00:00","dateModified":"2022-07-15T14:35:53+00:00","mainEntityOfPage":{"@id":"https:\/\/kofe.hu\/parola\/parola-folyoirat\/hitalapon-felekezeti-keretek-kozott\/"},"wordCount":8286,"commentCount":0,"image":{"@id":"https:\/\/kofe.hu\/parola\/parola-folyoirat\/hitalapon-felekezeti-keretek-kozott\/#primaryimage"},"thumbnailUrl":"https:\/\/kofe.hu\/parola\/wp-content\/uploads\/2022\/07\/2022-2-NK-2.jpg","keywords":["hitalap\u00fa k\u00f6z\u00f6ss\u00e9gszervez\u00e9s","Kov\u00e1sz K\u00f6z\u00f6ss\u00e9g","reform\u00e1tus felekezeti k\u00f6z\u00f6ss\u00e9gszervez\u0151"],"articleSection":["Parola 2022\/2","Parola Foly\u00f3irat","Repert\u00f3rium"],"inLanguage":"hu","potentialAction":[{"@type":"CommentAction","name":"Comment","target":["https:\/\/kofe.hu\/parola\/parola-folyoirat\/hitalapon-felekezeti-keretek-kozott\/#respond"]}]},{"@type":"WebPage","@id":"https:\/\/kofe.hu\/parola\/parola-folyoirat\/hitalapon-felekezeti-keretek-kozott\/","url":"https:\/\/kofe.hu\/parola\/parola-folyoirat\/hitalapon-felekezeti-keretek-kozott\/","name":"Hitalapon, felekezeti keretek k\u00f6z\u00f6tt - Parola Foly\u00f3irat","isPartOf":{"@id":"https:\/\/kofe.hu\/parola\/#website"},"primaryImageOfPage":{"@id":"https:\/\/kofe.hu\/parola\/parola-folyoirat\/hitalapon-felekezeti-keretek-kozott\/#primaryimage"},"image":{"@id":"https:\/\/kofe.hu\/parola\/parola-folyoirat\/hitalapon-felekezeti-keretek-kozott\/#primaryimage"},"thumbnailUrl":"https:\/\/kofe.hu\/parola\/wp-content\/uploads\/2022\/07\/2022-2-NK-2.jpg","datePublished":"2022-07-15T14:34:39+00:00","dateModified":"2022-07-15T14:35:53+00:00","author":{"@id":"https:\/\/kofe.hu\/parola\/#\/schema\/person\/cbfc8de44271ccd1c7ebc9381b0d8b6a"},"breadcrumb":{"@id":"https:\/\/kofe.hu\/parola\/parola-folyoirat\/hitalapon-felekezeti-keretek-kozott\/#breadcrumb"},"inLanguage":"hu","potentialAction":[{"@type":"ReadAction","target":["https:\/\/kofe.hu\/parola\/parola-folyoirat\/hitalapon-felekezeti-keretek-kozott\/"]}]},{"@type":"ImageObject","inLanguage":"hu","@id":"https:\/\/kofe.hu\/parola\/parola-folyoirat\/hitalapon-felekezeti-keretek-kozott\/#primaryimage","url":"https:\/\/kofe.hu\/parola\/wp-content\/uploads\/2022\/07\/2022-2-NK-2.jpg","contentUrl":"https:\/\/kofe.hu\/parola\/wp-content\/uploads\/2022\/07\/2022-2-NK-2.jpg","width":700,"height":467},{"@type":"BreadcrumbList","@id":"https:\/\/kofe.hu\/parola\/parola-folyoirat\/hitalapon-felekezeti-keretek-kozott\/#breadcrumb","itemListElement":[{"@type":"ListItem","position":1,"name":"Home","item":"https:\/\/kofe.hu\/parola\/"},{"@type":"ListItem","position":2,"name":"Hitalapon, felekezeti keretek k\u00f6z\u00f6tt"}]},{"@type":"WebSite","@id":"https:\/\/kofe.hu\/parola\/#website","url":"https:\/\/kofe.hu\/parola\/","name":"Parola Foly\u00f3irat","description":"","potentialAction":[{"@type":"SearchAction","target":{"@type":"EntryPoint","urlTemplate":"https:\/\/kofe.hu\/parola\/?s={search_term_string}"},"query-input":{"@type":"PropertyValueSpecification","valueRequired":true,"valueName":"search_term_string"}}],"inLanguage":"hu"},{"@type":"Person","@id":"https:\/\/kofe.hu\/parola\/#\/schema\/person\/cbfc8de44271ccd1c7ebc9381b0d8b6a","name":"Nagy K\u00e1roly Zsolt","image":{"@type":"ImageObject","inLanguage":"hu","@id":"https:\/\/kofe.hu\/parola\/#\/schema\/person\/image\/f5374232fbaafbe137d188737b28a3be","url":"https:\/\/secure.gravatar.com\/avatar\/9b1d42411bbc07a1b36cccf49117caf89df34356a7ad3219d41ffa8a18969355?s=96&d=mm&r=g","contentUrl":"https:\/\/secure.gravatar.com\/avatar\/9b1d42411bbc07a1b36cccf49117caf89df34356a7ad3219d41ffa8a18969355?s=96&d=mm&r=g","caption":"Nagy K\u00e1roly Zsolt"},"url":"https:\/\/kofe.hu\/parola\/szerzok\/nagy-karoly-zsolt\/"}]}},"_links":{"self":[{"href":"https:\/\/kofe.hu\/parola\/wp-json\/wp\/v2\/posts\/6789","targetHints":{"allow":["GET"]}}],"collection":[{"href":"https:\/\/kofe.hu\/parola\/wp-json\/wp\/v2\/posts"}],"about":[{"href":"https:\/\/kofe.hu\/parola\/wp-json\/wp\/v2\/types\/post"}],"author":[{"embeddable":true,"href":"https:\/\/kofe.hu\/parola\/wp-json\/wp\/v2\/users\/578"}],"replies":[{"embeddable":true,"href":"https:\/\/kofe.hu\/parola\/wp-json\/wp\/v2\/comments?post=6789"}],"version-history":[{"count":3,"href":"https:\/\/kofe.hu\/parola\/wp-json\/wp\/v2\/posts\/6789\/revisions"}],"predecessor-version":[{"id":6794,"href":"https:\/\/kofe.hu\/parola\/wp-json\/wp\/v2\/posts\/6789\/revisions\/6794"}],"wp:featuredmedia":[{"embeddable":true,"href":"https:\/\/kofe.hu\/parola\/wp-json\/wp\/v2\/media\/6791"}],"wp:attachment":[{"href":"https:\/\/kofe.hu\/parola\/wp-json\/wp\/v2\/media?parent=6789"}],"wp:term":[{"taxonomy":"category","embeddable":true,"href":"https:\/\/kofe.hu\/parola\/wp-json\/wp\/v2\/categories?post=6789"},{"taxonomy":"post_tag","embeddable":true,"href":"https:\/\/kofe.hu\/parola\/wp-json\/wp\/v2\/tags?post=6789"},{"taxonomy":"author","embeddable":true,"href":"https:\/\/kofe.hu\/parola\/wp-json\/wp\/v2\/coauthors?post=6789"}],"curies":[{"name":"wp","href":"https:\/\/api.w.org\/{rel}","templated":true}]}}