{"id":6771,"date":"2022-07-15T14:21:21","date_gmt":"2022-07-15T14:21:21","guid":{"rendered":"https:\/\/kofe.hu\/parola\/?p=6771"},"modified":"2022-07-15T14:21:21","modified_gmt":"2022-07-15T14:21:21","slug":"hitalapu-kozossegszervezes-salvadorban","status":"publish","type":"post","link":"https:\/\/kofe.hu\/parola\/parola-folyoirat\/hitalapu-kozossegszervezes-salvadorban\/","title":{"rendered":"Hitalap\u00fa k\u00f6z\u00f6ss\u00e9gszervez\u00e9s Salvadorban"},"content":{"rendered":"<p><strong>K\u00f6z\u00f6ss\u00e9gszervez\u0151k \u00e9s k\u00f6z\u00f6ss\u00e9gi vezet\u0151k a salvadori katolikus egyh\u00e1z \u00e9gisze alatt dolgoznak a t\u00e1rsadalmi igazs\u00e1goss\u00e1g\u00e9rt. K\u00f6z\u00e9p-amerikai p\u00e9lda a hitalap\u00fa k\u00f6z\u00f6ss\u00e9gszervez\u00e9sre.<\/strong><\/p>\n<p>\u00d6t napos tanulm\u00e1ny\u00faton vehettem r\u00e9szt a Faith In Action International hitalap\u00fa k\u00f6z\u00f6ss\u00e9gszervez\u0151 szervezet szervez\u00e9s\u00e9ben.\u00a0 A nagy utaz\u00e1s el\u0151tt tartottam a salvadori sz\u00fcks\u00e9g\u00e1llapott\u00f3l \u00e9s volt bennem egy csepp f\u00e9lelem is, de a k\u00edv\u00e1ncsis\u00e1gom enn\u00e9l sokkal nagyobb volt. A deleg\u00e1ci\u00f3 tagjai k\u00f6z\u00f6tt eur\u00f3pai, afrikai, haiti, k\u00f6z\u00e9p amerikai \u00e9s az Egyes\u00fclt \u00c1llamok t\u00f6bb \u00e1llam\u00e1b\u00f3l j\u00f6ttek k\u00f6z\u00f6ss\u00e9gszervez\u0151k. A Faith in Action (Cselekv\u0151 Hit), els\u0151 nev\u00e9n PICO (Pacific Institute for Community Organization) szervezetet 1972-ben alap\u00edtotta John Bauman jezsuita szerzetespap, aki papt\u00e1rsaival egy\u00fctt a II. Vatik\u00e1ni Zsinat eredm\u00e9nyeit szerette volna \u00e1t\u00fcltetni a gyakorlatba, \u00e9s a 60-as \u00e9vekben Saul Alinskyval val\u00f3 tal\u00e1lkoz\u00e1sa ut\u00e1n szomsz\u00e9ds\u00e1gi k\u00f6z\u00f6ss\u00e9gszervez\u0151, k\u00f6z\u00f6ss\u00e9gfejleszt\u0151 programokat ind\u00edtottak Oaklandben, Kaliforni\u00e1ban.<\/p>\n<figure id=\"attachment_6773\" aria-describedby=\"caption-attachment-6773\" style=\"width: 700px\" class=\"wp-caption aligncenter\"><img loading=\"lazy\" decoding=\"async\" class=\"size-full wp-image-6773\" src=\"https:\/\/kofe.hu\/parola\/wp-content\/uploads\/2022\/07\/2022-2-BM-3.jpg\" alt=\"\" width=\"700\" height=\"525\" srcset=\"https:\/\/kofe.hu\/parola\/wp-content\/uploads\/2022\/07\/2022-2-BM-3.jpg 700w, https:\/\/kofe.hu\/parola\/wp-content\/uploads\/2022\/07\/2022-2-BM-3-300x225.jpg 300w, https:\/\/kofe.hu\/parola\/wp-content\/uploads\/2022\/07\/2022-2-BM-3-10x8.jpg 10w\" sizes=\"auto, (max-width: 700px) 100vw, 700px\" \/><figcaption id=\"caption-attachment-6773\" class=\"wp-caption-text\">John Bauman<\/figcaption><\/figure>\n<p>A kezdetek \u00f3ta sokat v\u00e1ltozott a szomsz\u00e9ds\u00e1gi k\u00f6z\u00f6ss\u00e9gszervez\u00e9sb\u0151l kiindul\u00f3 modell. \u00a0A nemzetk\u00f6zi szervezet\u00e9p\u00edt\u00e9s feladat\u00e1t ma Gordon Whitman v\u00e9gzi. A Salvadorban tapasztalhat\u00f3 orsz\u00e1gos szervez\u00e9s sz\u00e1momra felszabad\u00edt\u00f3 erej\u0171 volt, a h\u00e9tk\u00f6znapi \u00e1tlagembert \u00e9rint\u0151, val\u00f3s probl\u00e9m\u00e1k, el\u00e9rhet\u0151 megold\u00e1sok, \u00e9rt\u00e9kk\u00f6z\u00f6ss\u00e9g, hit, rem\u00e9ny \u00e9s szeretet jellemezte. R\u00e1ad\u00e1sul alkalmasnak t\u0171nik a magyar demokr\u00e1cia \u00fajraszervez\u00e9s\u00e9re is.. Alberto Velazquez a COFOA (H\u00edv\u0151 K\u00f6z\u00f6ss\u00e9gek K\u00f6z\u00f6sen Cselekszenek) szervezet vezet\u0151je, aki a II Vatik\u00e1ni Zsinatban megfogalmazott n\u00e9gy alappill\u00e9rre \u00e9p\u00edti a mozgalmat: 1. emberi m\u00e9lt\u00f3s\u00e1g 2. k\u00f6z\u00f6ss\u00e9g 3. szolidarit\u00e1s 4. szubszidiarit\u00e1s. A szervezet jelmondata: <em>Mi vagyunk a COFOA.<\/em> A 1300 helyi kiscsoportjuk rendszeresen tal\u00e1lkoz\u00f3 tagjait vezet\u0151knek nevezik, folyamatosan k\u00e9pzik \u0151ket, akik maguk is vezet\u0151k\u00e9nt mutatkoznak be. A helyi k\u00f6z\u00f6ss\u00e9gi vezet\u0151k folyamatos k\u00e9pz\u00e9st kapnak, a COFOA 15 \u00e9ves m\u0171k\u00f6d\u00e9se alatt 42 k\u00e9pz\u00e9si anyagot dolgozott ki sz\u00e1mukra.<\/p>\n<figure id=\"attachment_6774\" aria-describedby=\"caption-attachment-6774\" style=\"width: 700px\" class=\"wp-caption aligncenter\"><img loading=\"lazy\" decoding=\"async\" class=\"size-full wp-image-6774\" src=\"https:\/\/kofe.hu\/parola\/wp-content\/uploads\/2022\/07\/2022-2-BM-4.jpg\" alt=\"\" width=\"700\" height=\"525\" srcset=\"https:\/\/kofe.hu\/parola\/wp-content\/uploads\/2022\/07\/2022-2-BM-4.jpg 700w, https:\/\/kofe.hu\/parola\/wp-content\/uploads\/2022\/07\/2022-2-BM-4-300x225.jpg 300w, https:\/\/kofe.hu\/parola\/wp-content\/uploads\/2022\/07\/2022-2-BM-4-10x8.jpg 10w\" sizes=\"auto, (max-width: 700px) 100vw, 700px\" \/><figcaption id=\"caption-attachment-6774\" class=\"wp-caption-text\">K\u00f6z\u00f6ss\u00e9gi vezet\u0151k<\/figcaption><\/figure>\n<p>A k\u00e9pz\u00e9seken t\u00fal, rendszeres terepen val\u00f3 jelenl\u00e9ttel 24 k\u00f6z\u00f6ss\u00e9gszervez\u0151, az \u0151ket seg\u00edt\u0151 ter\u00fcleti vezet\u0151k \u00e9s a k\u00f6zponti iroda munkat\u00e1rsai t\u00e1mogatj\u00e1k munk\u00e1jukat.<\/p>\n<figure id=\"attachment_6775\" aria-describedby=\"caption-attachment-6775\" style=\"width: 700px\" class=\"wp-caption aligncenter\"><img loading=\"lazy\" decoding=\"async\" class=\"wp-image-6775 size-full\" src=\"https:\/\/kofe.hu\/parola\/wp-content\/uploads\/2022\/07\/2022-2-BM-5.jpg\" alt=\"\" width=\"700\" height=\"525\" srcset=\"https:\/\/kofe.hu\/parola\/wp-content\/uploads\/2022\/07\/2022-2-BM-5.jpg 700w, https:\/\/kofe.hu\/parola\/wp-content\/uploads\/2022\/07\/2022-2-BM-5-300x225.jpg 300w, https:\/\/kofe.hu\/parola\/wp-content\/uploads\/2022\/07\/2022-2-BM-5-10x8.jpg 10w\" sizes=\"auto, (max-width: 700px) 100vw, 700px\" \/><figcaption id=\"caption-attachment-6775\" class=\"wp-caption-text\">T\u00f6bbs\u00e9gben n\u0151k a szervez\u0151k<\/figcaption><\/figure>\n<p>Tizen\u00f6t \u00e9ve kezdt\u00e9k el ezt a munk\u00e1t, a Katolikus Egyh\u00e1zon bel\u00fcl Oscar Romero 2019-ben szentt\u00e9 avatott m\u00e1rt\u00edr p\u00fcsp\u00f6k szellemi \u00f6r\u00f6ks\u00e9ge adja a szervezet legitim\u00e1ci\u00f3j\u00e1t. <strong>\u00a0<\/strong>Amikor a kl\u00e9rus t\u00e1mogat\u00e1s\u00e1t k\u00e9rik, akkor val\u00f3j\u00e1ban egy-egy b\u00e1tor p\u00fcsp\u00f6k \u00e1ll igaz\u00e1n mell\u00e9j\u00fck, Bolegnos p\u00fcsp\u00f6k \u00edrja al\u00e1 a beadv\u00e1nyaikat, s ez sokat jelent szervezet tagjainak. A szervez\u0151i tal\u00e1lkoz\u00f3k a Jezsuita Egyetem nagyel\u0151ad\u00f3j\u00e1ban, \u00e9s egyh\u00e1zi helyis\u00e9gekben val\u00f3sulnak meg. A legt\u00f6bb helyi gy\u00fclekezet \u00fagy j\u00e1rul hozz\u00e1 a szervezet m\u0171k\u00f6d\u00e9s\u00e9hez, hogy helyet biztos\u00edt a rendszeres tal\u00e1lkoz\u00e1si alkalmaknak \u00e9s tags\u00e1guk k\u00f6z\u00f6tt \u00e1tfed\u00e9s van, valamint osztoznak a v\u00edzi\u00f3n, mely a katolikus egyh\u00e1z t\u00e1rsadalmi tan\u00edt\u00e1s\u00e1ra \u00e9p\u00fcl. A helyi papok id\u0151nk\u00e9nt r\u00e9szt vesznek a tal\u00e1lkoz\u00f3kon, a kezd\u0151 im\u00e1kat \u00e9s \u00e9nekeket legt\u00f6bb esetben a k\u00f6z\u00f6ss\u00e9gi vezet\u0151k vezetik. A kl\u00e9rus bevon\u00e1s\u00e1nak eszk\u00f6ze lehet, ha az \u00e9nekekbe, im\u00e1kba \u00e1ld\u00f3 mis\u00e9kbe, vagy mis\u00e9ken a k\u00f6ny\u00f6rg\u00e9sek alatt a kl\u00e9rus papi szerep\u00e9ben, funkci\u00f3j\u00e1ban t\u00e1mogathatja a szervezetet.<\/p>\n<figure id=\"attachment_6776\" aria-describedby=\"caption-attachment-6776\" style=\"width: 485px\" class=\"wp-caption aligncenter\"><img loading=\"lazy\" decoding=\"async\" class=\"wp-image-6776 size-full\" src=\"https:\/\/kofe.hu\/parola\/wp-content\/uploads\/2022\/07\/2022-2-BM-6.jpg\" alt=\"\" width=\"485\" height=\"700\" srcset=\"https:\/\/kofe.hu\/parola\/wp-content\/uploads\/2022\/07\/2022-2-BM-6.jpg 485w, https:\/\/kofe.hu\/parola\/wp-content\/uploads\/2022\/07\/2022-2-BM-6-208x300.jpg 208w, https:\/\/kofe.hu\/parola\/wp-content\/uploads\/2022\/07\/2022-2-BM-6-7x10.jpg 7w\" sizes=\"auto, (max-width: 485px) 100vw, 485px\" \/><figcaption id=\"caption-attachment-6776\" class=\"wp-caption-text\">Oscar Romero a p\u00fcsp\u00f6k, aki a n\u00e9ppel j\u00e1rt<\/figcaption><\/figure>\n<p>Salvador h\u00edv\u0151 k\u00f6z\u00f6ss\u00e9gei ottl\u00e9tem alatt a korm\u00e1ny egyik k\u00f6zigazgat\u00e1si \u00e9p\u00fclete el\u0151tt tartottak b\u00e9k\u00e9s gy\u0171l\u00e9st. Az \u00f6nkorm\u00e1nyzatok hivatalnokai \u00e9s tiszts\u00e9gvisel\u0151i azzal utas\u00edtj\u00e1k el a sz\u00fcks\u00e9gleteiket (iv\u00f3v\u00edz, iskola\u00e9p\u00edt\u00e9s, \u00fatkarbantart\u00e1s) hogy a k\u00f6zpontos\u00edtott forr\u00e1sok miatt nincs r\u00e1 p\u00e9nz\u00fck. Ez\u00e9rt szerte az orsz\u00e1gb\u00f3l 1300 kisk\u00f6z\u00f6ss\u00e9gb\u0151l k\u00fcld\u00f6ttek \u00e9rkeztek a f\u0151v\u00e1rosba, hogy k\u00f6vetelj\u00e9k a forr\u00e1sok eloszt\u00e1s\u00e1t a helyi \u00f6nkorm\u00e1nyzatok fel\u00e9, hogy az ad\u00f3bev\u00e9tel val\u00f3ban az \u00e1llampolg\u00e1rok jav\u00e1t szolg\u00e1lja. Az hivatal munkat\u00e1rsai sz\u00fcnnapot rendeltek el, nem nyitottak ajt\u00f3t. A k\u00f6z\u00f6ss\u00e9g tagjai v\u00e1rj\u00e1k a korm\u00e1ny reakci\u00f3j\u00e1t. M\u00e1snap minden orsz\u00e1gos napilap c\u00edmlapj\u00e1n a COFOA megmozdul\u00e1sa volt a vez\u00e9rcikk.<\/p>\n<figure id=\"attachment_6777\" aria-describedby=\"caption-attachment-6777\" style=\"width: 525px\" class=\"wp-caption aligncenter\"><img loading=\"lazy\" decoding=\"async\" class=\"size-full wp-image-6777\" src=\"https:\/\/kofe.hu\/parola\/wp-content\/uploads\/2022\/07\/2022-2-BM-7.jpg\" alt=\"\" width=\"525\" height=\"700\" srcset=\"https:\/\/kofe.hu\/parola\/wp-content\/uploads\/2022\/07\/2022-2-BM-7.jpg 525w, https:\/\/kofe.hu\/parola\/wp-content\/uploads\/2022\/07\/2022-2-BM-7-225x300.jpg 225w, https:\/\/kofe.hu\/parola\/wp-content\/uploads\/2022\/07\/2022-2-BM-7-8x10.jpg 8w, https:\/\/kofe.hu\/parola\/wp-content\/uploads\/2022\/07\/2022-2-BM-7-375x500.jpg 375w\" sizes=\"auto, (max-width: 525px) 100vw, 525px\" \/><figcaption id=\"caption-attachment-6777\" class=\"wp-caption-text\">C\u00edmlapon a COFOA<\/figcaption><\/figure>\n<p>Szent Oscar Romero m\u00e1rt\u00edr p\u00fcsp\u00f6kr\u0151l elnevezett h\u00edres katedr\u00e1lisban vett\u00fcnk r\u00e9szt szentmis\u00e9n Zacatecolucaban, La Paz t\u00e9rs\u00e9g\u00e9ben, ahol a COFOA 2008. j\u00fanius 21-\u00e9n megsz\u00fcletett.\u00a0 Nagyon tetszett, hogy a magyar szok\u00e1sokhoz k\u00e9pest egy kicsit fesztelenebb\u00fcl tudtak mozogni az emberek mise k\u00f6zben a katedr\u00e1lisban, r\u00e1ad\u00e1sul er\u0151s hangos\u00edt\u00e1s volt, \u00edgy a kisgyerekek jelenl\u00e9te nem volt zavar\u00f3. Mise ut\u00e1n a szervezetet patron\u00e1l\u00f3 Bola\u00f1os p\u00fcsp\u00f6k vend\u00e9gei voltunk, a Charitas k\u00f6zpontj\u00e1ban tal\u00e1lkoztunk. \u00a0<strong>5. k\u00e9p<\/strong><\/p>\n<figure id=\"attachment_6778\" aria-describedby=\"caption-attachment-6778\" style=\"width: 525px\" class=\"wp-caption aligncenter\"><img loading=\"lazy\" decoding=\"async\" class=\"size-full wp-image-6778\" src=\"https:\/\/kofe.hu\/parola\/wp-content\/uploads\/2022\/07\/2022-2-BM-8.jpg\" alt=\"\" width=\"525\" height=\"700\" srcset=\"https:\/\/kofe.hu\/parola\/wp-content\/uploads\/2022\/07\/2022-2-BM-8.jpg 525w, https:\/\/kofe.hu\/parola\/wp-content\/uploads\/2022\/07\/2022-2-BM-8-225x300.jpg 225w, https:\/\/kofe.hu\/parola\/wp-content\/uploads\/2022\/07\/2022-2-BM-8-8x10.jpg 8w, https:\/\/kofe.hu\/parola\/wp-content\/uploads\/2022\/07\/2022-2-BM-8-375x500.jpg 375w\" sizes=\"auto, (max-width: 525px) 100vw, 525px\" \/><figcaption id=\"caption-attachment-6778\" class=\"wp-caption-text\">A COFOA k\u00f6zpont udvar\u00e1n<\/figcaption><\/figure>\n<p>A p\u00fcsp\u00f6k \u00far arr\u00f3l besz\u00e9lt, hogy 300 \u00e9v gyarmati m\u00falt ut\u00e1n fel kell szabad\u00edtani az emberek lelk\u00e9t, mert maguk\u00e9v\u00e1 tett\u00e9k az elnyom\u00f3k \u00e1ltal r\u00e1juk k\u00e9nyszer\u00edtett magatart\u00e1smint\u00e1kat. M\u00e9g mindig van feladat abban, hogy a katolikus egyh\u00e1z t\u00e1rsadalmi tan\u00edt\u00e1s\u00e1val megismerkedjenek az emberek \u00e9s komolyan vegy\u00e9k, hogy minden ember Isten k\u00e9p\u00e9re teremtetett, hogy az emberi m\u00e9lt\u00f3s\u00e1g egy\u00fctt j\u00e1r a m\u00e9lt\u00f3 lak\u00e1sk\u00f6r\u00fclm\u00e9nyekkel \u00e9s a tiszta v\u00edzhez val\u00f3 hozz\u00e1f\u00e9r\u00e9shez val\u00f3 joggal. Az embereknek vannak \u00e1llampolg\u00e1ri jogaik, \u00e9s ha egy k\u00f6z\u00f6ss\u00e9g egy\u00fcttm\u0171k\u00f6d\u0151 \u00e9s j\u00f3l szervezett tagjaik\u00e9nt l\u00e9pnek fel, akkor a hat\u00f3s\u00e1gokkal \u00e9s a hivatali szem\u00e9lyekkel, a v\u00e1lasztott vezet\u0151kkel szemben nem koldusokk\u00e9nt \u00e1llnak, hanem jogaikkal tiszt\u00e1ban lev\u0151 v\u00e1laszt\u00f3polg\u00e1rokk\u00e9nt, akik sz\u00e1mon k\u00e9rhetik a vezet\u0151iket, ha nem dolgoznak a k\u00f6z\u00f6ss\u00e9g jav\u00e1n. A p\u00fcsp\u00f6k \u00far t\u00f6bbsz\u00f6r hivatkozott a Laudato si\u2019 enciklik\u00e1ra \u00e9s a szinod\u00e1lis \u00fatra, ahogy a p\u00e1pa a laikus jelenl\u00e9tet az egyh\u00e1zban er\u0151s\u00edteni k\u00edv\u00e1nja. \u00dagy fogalmazott, a COFOA Ferenc p\u00e1pa megval\u00f3sult \u00e1lma.<\/p>\n<p>Bola\u00f1os p\u00fcsp\u00f6k \u00edrja al\u00e1 a COFOA helyi szervezeteinek \u00f6sszes level\u00e9t a helyi k\u00f6z\u00f6ss\u00e9gek k\u00e9pviselet\u00e9ben, amit az \u00f6nkorm\u00e1nyzati vezet\u0151knek c\u00edmeznek a helyi k\u00e9rd\u00e9sekben<\/p>\n<p>A p\u00fcsp\u00f6kkel val\u00f3 besz\u00e9lget\u00e9s ut\u00e1n a La Paz r\u00e9gi\u00f3 szervez\u0151i \u00e9s csoportvezet\u0151i sz\u00e1moltak be eredm\u00e9nyeikr\u0151l: az egyik csoport el\u00e9rte, hogy hidat \u00e9p\u00edtsenek, a m\u00e1sik iskol\u00e1t \u00e9p\u00edttetett. A k\u00e9pen l\u00e1that\u00f3 felsz\u00f3lal\u00f3 a COFOA arca, egy fiatal \u00e9desanya, aki a gyermekei sz\u00e1m\u00e1ra akar jobb j\u00f6v\u0151t \u00e9p\u00edteni.<\/p>\n<figure id=\"attachment_6779\" aria-describedby=\"caption-attachment-6779\" style=\"width: 700px\" class=\"wp-caption aligncenter\"><img loading=\"lazy\" decoding=\"async\" class=\"size-full wp-image-6779\" src=\"https:\/\/kofe.hu\/parola\/wp-content\/uploads\/2022\/07\/2022-2-BM-1.jpg\" alt=\"\" width=\"700\" height=\"525\" srcset=\"https:\/\/kofe.hu\/parola\/wp-content\/uploads\/2022\/07\/2022-2-BM-1.jpg 700w, https:\/\/kofe.hu\/parola\/wp-content\/uploads\/2022\/07\/2022-2-BM-1-300x225.jpg 300w, https:\/\/kofe.hu\/parola\/wp-content\/uploads\/2022\/07\/2022-2-BM-1-10x8.jpg 10w\" sizes=\"auto, (max-width: 700px) 100vw, 700px\" \/><figcaption id=\"caption-attachment-6779\" class=\"wp-caption-text\">A COFOA egyik arca<\/figcaption><\/figure>\n<p>Egy Galilea nev\u0171 kisv\u00e1rosba is elutaztunk, ahol a helyi csoportvezet\u0151k elmondt\u00e1k a f\u00f6ldtulajdon jog visszaszerz\u00e9s\u00e9nek a t\u00f6rt\u00e9net\u00e9t. A Hondurasi h\u00e1bor\u00fa ut\u00e1n 30 \u00e9vvel ezel\u0151tt f\u00f6ldoszt\u00e1s t\u00f6rt\u00e9nt. Az emberek k\u00f6lcs\u00f6nt vettek fel, vagy egy-egy csal\u00e1d \u00f6sszeszedett f\u00f6ldtulajdonra val\u00f3 summ\u00e1t, 10-20.000 amerikai doll\u00e1rt. Az \u00f6sszeget odaadt\u00e1k a v\u00e9tel\u00e1rk\u00e9nt a f\u00f6ldm\u00e9r\u0151, telep\u00fcl\u00e9sfejleszt\u0151 c\u00e9geknek, de nem kapt\u00e1k meg a tulajdoni lapot. Harminc \u00e9vvel k\u00e9s\u0151bb, a COFOA k\u00f6z\u00f6ss\u00e9gszervez\u0151 m\u00f3dszer\u00e9vel tudt\u00e1k egyes\u00edteni az azonos s\u00e9relmet hordoz\u00f3 falubelieket \u00e9s egy\u00fctt mentek el a korm\u00e1nytisztvisel\u0151kh\u00f6z, hogy v\u00e9gre megkapj\u00e1k a tulajdoni lapokat. V\u00e9g\u00fcl mintegy 300.000 csal\u00e1d kapta meg jogos juss\u00e1t.<\/p>\n<p>K\u00f6zben Haiti, D\u00e9l-Afrika, Ruanda, Nig\u00e9ria, Szlov\u00e1kia, Guatemala \u00e9s az USA kereszt\u00e9ny k\u00f6z\u00f6ss\u00e9geinek szervez\u0151vel tal\u00e1lkozhattam. A Jezsuita Egyetem nagyel\u0151ad\u00f3j\u00e1ban folytat\u00f3dott a napunk, ahol a COFOA csoportvezet\u0151i tal\u00e1lkoztak. R\u00e9gi\u00f3nk\u00e9nt besz\u00e1moltak arr\u00f3l, hogy milyen \u00fcgyekben folyik a k\u00f6z\u00f6ss\u00e9gszervez\u0151i munka: iv\u00f3v\u00edz, \u00fath\u00e1l\u00f3zat, k\u00f6zvil\u00e1g\u00edt\u00e1s, f\u00f6ldtulajdonl\u00e1s \u00e9s f\u00f6ldb\u00e9rl\u00e9s a f\u0151 ter\u00fcletek majdnem minden telep\u00fcl\u00e9sen. Megtudtuk, hogy egy h\u00f3napban egyszer osztanak ballonokban iv\u00f3vizet, a lakoss\u00e1g hatvan sz\u00e1zal\u00e9k\u00e1nak, a t\u00f6bbiek maguk gondoskodnak v\u00edzr\u0151l, t\u00f6bb \u201ebark\u00e1cs\u201d c\u00e9g tiszt\u00edtott es\u0151vizet \u00e1rul, aminek nem ellen\u0151rz\u00f6tt a min\u0151s\u00e9ge. A COFOA kiscsoportjai egyh\u00e1zi k\u00f6z\u00f6ss\u00e9gi termekben tal\u00e1lkoznak hetente egyszer, j\u00f3l szervezett k\u00f6z\u00f6ss\u00e9geik t\u00f6bb ezer f\u0151s gy\u0171l\u00e9seket szerveznek p\u00fcsp\u00f6keik \u00e1ld\u00e1s\u00e1val. \u00a0A szervezet napr\u00f3l napra n\u0151 \u00e9s nagyobb cselekv\u0151k\u00e9pess\u00e9gre, hatalomra tesz szert, ezekben a fontos k\u00e9rd\u00e9sekben el\u0151rel\u00e9p\u00e9sek, sikert\u00f6rt\u00e9neteik vannak, akt\u00edvak a k\u00f6z\u00f6ss\u00e9gszervez\u0151k rendszeres k\u00e9pz\u00e9seiben. Napunk a COFOA irod\u00e1j\u00e1ban folytat\u00f3dott, ahol a szervezett fizetett. munkat\u00e1rsai mutatt\u00e1k be v\u00edzi\u00f3jukat \u00e9s munkak\u00f6r\u00fcket. Nekem az tetszett a legjobban, ahogy vid\u00e9ki asszonyokat \u00e9s f\u00f6ldm\u0171veseket, egyszer\u0171 embereket vezet\u0151nek tekintenek \u00e9s megadj\u00e1k nekik a tiszteletet \u00e9s a rendszeres k\u00e9pz\u00e9si lehet\u0151s\u00e9get.<\/p>\n<p>J\u00f3 p\u00e9lda erre, hogy az irodai takar\u00edt\u00f3 munkat\u00e1rs is kedvet kapott ahhoz, hogy szervez\u0151 legyen, most munka \u00e9s csal\u00e1d mellett szoci\u00e1lis munk\u00e1s k\u00e9pz\u00e9sben vesz r\u00e9szt a salvadori Jezsuita Egyetemen.<\/p>\n<p>K\u00e9rdezt\u00fck, hogy mi a helyzet a bandah\u00e1bor\u00faval \u00e9s a kihirdetett sz\u00fcks\u00e9g\u00e1llapottal. A k\u00f6z\u00f6ss\u00e9gszervez\u0151k elmondt\u00e1k, nem \u00e9rzik magukat vesz\u00e9lyben, egy fiatal k\u00f6z\u00f6ss\u00e9gszervez\u0151 l\u00e1ny pedig ezt mondta, \u201enem f\u00e9l\u00fcnk, mert j\u00f3 \u00fcgyet k\u00e9pvisel\u00fcnk, az emberek vel\u00fcnk vannak \u00e9s az egyh\u00e1z v\u00e9d benn\u00fcnket.\u201d<\/p>\n<p>Megtisztel\u0151, hogy megismerhettem azt a munk\u00e1t, amit szerte a vil\u00e1gban emberek szabad elhat\u00e1roz\u00e1sukb\u00f3l k\u00f6z\u00f6ss\u00e9gekbe szervez\u0151dve egy\u00fctt egy igazs\u00e1gosabb, b\u00e9k\u00e9sebb vil\u00e1g \u00e9rdekeben tesznek.<\/p>\n<p>&nbsp;<\/p>\n<p><strong><img loading=\"lazy\" decoding=\"async\" class=\"alignright size-thumbnail wp-image-6772\" src=\"https:\/\/kofe.hu\/parola\/wp-content\/uploads\/2022\/07\/2022-2-BM-2-150x150.jpg\" alt=\"\" width=\"150\" height=\"150\" srcset=\"https:\/\/kofe.hu\/parola\/wp-content\/uploads\/2022\/07\/2022-2-BM-2-150x150.jpg 150w, https:\/\/kofe.hu\/parola\/wp-content\/uploads\/2022\/07\/2022-2-BM-2-10x10.jpg 10w, https:\/\/kofe.hu\/parola\/wp-content\/uploads\/2022\/07\/2022-2-BM-2.jpg 225w\" sizes=\"auto, (max-width: 150px) 100vw, 150px\" \/>Szerz\u0151:<\/strong><\/p>\n<p>Bolba M\u00e1rta, Budapesten \u00e9l, evang\u00e9likus lelk\u00e9szk\u00e9nt dolgozik J\u00f3zsefv\u00e1rosban, A Mand\u00e1k-h\u00e1z vezet\u0151je. Az Evang\u00e9likus Hittudom\u00e1nyi Egyetem Doktori Iskol\u00e1j\u00e1ban doktorandusz, J\u00e9zus t\u00e1rsadalmi v\u00edzi\u00f3j\u00e1val foglalkozik.K\u00f6z\u00f6ss\u00e9gszervez\u0151k\u00e9nt a J\u00f3zsefv\u00e1rosi b\u00e9rl\u0151i \u00e9rdekv\u00e9delmi k\u00f6z\u00f6ss\u00e9ggel k\u00eds\u00e9rletezi ki a hit alap\u00fa k\u00f6z\u00f6ss\u00e9gszervez\u00e9s magyarorsz\u00e1gi lehets\u00e9ges \u00fatjait. R\u00e9szt vesz a menek\u00fcltekkel val\u00f3 szolidarit\u00e1si civil \u00e9s egyh\u00e1zi munk\u00e1ban. 2017-ben k\u00e9pvisel\u0151i kamp\u00e1ny\u00e1ban a helyi k\u00e9pviseleti demokr\u00e1ci\u00e1t be\u00e1gyazottabb\u00e1 tev\u0151 civil kamp\u00e1nyban jel\u00f6ltk\u00e9nt vett r\u00e9szt.\u00a0 H\u00e1rom gyermek \u00e9desanyja.<\/p>\n","protected":false},"excerpt":{"rendered":"<p>K\u00f6z\u00f6ss\u00e9gszervez\u0151k \u00e9s k\u00f6z\u00f6ss\u00e9gi vezet\u0151k a salvadori katolikus egyh\u00e1z \u00e9gisze alatt dolgoznak a t\u00e1rsadalmi igazs\u00e1goss\u00e1g\u00e9rt. K\u00f6z\u00e9p-amerikai p\u00e9lda a hitalap\u00fa k\u00f6z\u00f6ss\u00e9gszervez\u00e9sre. \u00d6t napos tanulm\u00e1ny\u00faton vehettem r\u00e9szt a Faith In Action International hitalap\u00fa k\u00f6z\u00f6ss\u00e9gszervez\u0151 szervezet szervez\u00e9s\u00e9ben.\u00a0 A nagy utaz\u00e1s el\u0151tt tartottam a salvadori sz\u00fcks\u00e9g\u00e1llapott\u00f3l \u00e9s volt bennem egy csepp f\u00e9lelem is, de a k\u00edv\u00e1ncsis\u00e1gom enn\u00e9l sokkal nagyobb volt. [&hellip;]<\/p>\n","protected":false},"author":575,"featured_media":6773,"comment_status":"open","ping_status":"open","sticky":false,"template":"","format":"standard","meta":{"_acf_changed":false,"footnotes":""},"categories":[986,8,7],"tags":[1027,1025,1026,1024],"coauthors":[1023],"class_list":["post-6771","post","type-post","status-publish","format-standard","has-post-thumbnail","hentry","category-parola-2022-2","category-parola-folyoirat","category-repertorium","tag-faith-in-action","tag-hitalapu-kozossegszervezes","tag-kozossegi-vezeto","tag-salvador"],"acf":[],"yoast_head":"<!-- This site is optimized with the Yoast SEO plugin v26.7 - https:\/\/yoast.com\/wordpress\/plugins\/seo\/ -->\n<title>Hitalap\u00fa k\u00f6z\u00f6ss\u00e9gszervez\u00e9s Salvadorban - Parola Foly\u00f3irat<\/title>\n<meta name=\"robots\" content=\"index, follow, max-snippet:-1, max-image-preview:large, max-video-preview:-1\" \/>\n<link rel=\"canonical\" href=\"https:\/\/kofe.hu\/parola\/parola-folyoirat\/hitalapu-kozossegszervezes-salvadorban\/\" \/>\n<meta property=\"og:locale\" content=\"hu_HU\" \/>\n<meta property=\"og:type\" content=\"article\" \/>\n<meta property=\"og:title\" content=\"Hitalap\u00fa k\u00f6z\u00f6ss\u00e9gszervez\u00e9s Salvadorban - Parola Foly\u00f3irat\" \/>\n<meta property=\"og:description\" content=\"K\u00f6z\u00f6ss\u00e9gszervez\u0151k \u00e9s k\u00f6z\u00f6ss\u00e9gi vezet\u0151k a salvadori katolikus egyh\u00e1z \u00e9gisze alatt dolgoznak a t\u00e1rsadalmi igazs\u00e1goss\u00e1g\u00e9rt. K\u00f6z\u00e9p-amerikai p\u00e9lda a hitalap\u00fa k\u00f6z\u00f6ss\u00e9gszervez\u00e9sre. \u00d6t napos tanulm\u00e1ny\u00faton vehettem r\u00e9szt a Faith In Action International hitalap\u00fa k\u00f6z\u00f6ss\u00e9gszervez\u0151 szervezet szervez\u00e9s\u00e9ben.\u00a0 A nagy utaz\u00e1s el\u0151tt tartottam a salvadori sz\u00fcks\u00e9g\u00e1llapott\u00f3l \u00e9s volt bennem egy csepp f\u00e9lelem is, de a k\u00edv\u00e1ncsis\u00e1gom enn\u00e9l sokkal nagyobb volt. [&hellip;]\" \/>\n<meta property=\"og:url\" content=\"https:\/\/kofe.hu\/parola\/parola-folyoirat\/hitalapu-kozossegszervezes-salvadorban\/\" \/>\n<meta property=\"og:site_name\" content=\"Parola Foly\u00f3irat\" \/>\n<meta property=\"article:published_time\" content=\"2022-07-15T14:21:21+00:00\" \/>\n<meta property=\"og:image\" content=\"https:\/\/kofe.hu\/parola\/wp-content\/uploads\/2022\/07\/2022-2-BM-3.jpg\" \/>\n\t<meta property=\"og:image:width\" content=\"700\" \/>\n\t<meta property=\"og:image:height\" content=\"525\" \/>\n\t<meta property=\"og:image:type\" content=\"image\/jpeg\" \/>\n<meta name=\"author\" content=\"Bolba M\u00e1rta\" \/>\n<meta name=\"twitter:card\" content=\"summary_large_image\" \/>\n<meta name=\"twitter:label1\" content=\"Szerz\u0151:\" \/>\n\t<meta name=\"twitter:data1\" content=\"Bolba M\u00e1rta\" \/>\n\t<meta name=\"twitter:label2\" content=\"Becs\u00fclt olvas\u00e1si id\u0151\" \/>\n\t<meta name=\"twitter:data2\" content=\"10 perc\" \/>\n\t<meta name=\"twitter:label3\" content=\"Written by\" \/>\n\t<meta name=\"twitter:data3\" content=\"Bolba M\u00e1rta\" \/>\n<script type=\"application\/ld+json\" class=\"yoast-schema-graph\">{\"@context\":\"https:\/\/schema.org\",\"@graph\":[{\"@type\":\"Article\",\"@id\":\"https:\/\/kofe.hu\/parola\/parola-folyoirat\/hitalapu-kozossegszervezes-salvadorban\/#article\",\"isPartOf\":{\"@id\":\"https:\/\/kofe.hu\/parola\/parola-folyoirat\/hitalapu-kozossegszervezes-salvadorban\/\"},\"author\":{\"name\":\"Bolba M\u00e1rta\",\"@id\":\"https:\/\/kofe.hu\/parola\/#\/schema\/person\/5cf82b7b58151a0be08c9f1d3029d544\"},\"headline\":\"Hitalap\u00fa k\u00f6z\u00f6ss\u00e9gszervez\u00e9s Salvadorban\",\"datePublished\":\"2022-07-15T14:21:21+00:00\",\"mainEntityOfPage\":{\"@id\":\"https:\/\/kofe.hu\/parola\/parola-folyoirat\/hitalapu-kozossegszervezes-salvadorban\/\"},\"wordCount\":2002,\"commentCount\":0,\"image\":{\"@id\":\"https:\/\/kofe.hu\/parola\/parola-folyoirat\/hitalapu-kozossegszervezes-salvadorban\/#primaryimage\"},\"thumbnailUrl\":\"https:\/\/kofe.hu\/parola\/wp-content\/uploads\/2022\/07\/2022-2-BM-3.jpg\",\"keywords\":[\"Faith in Action\",\"hitalap\u00fa k\u00f6z\u00f6ss\u00e9gszervez\u00e9s\",\"k\u00f6z\u00f6ss\u00e9gi vezet\u0151\",\"Salvador\"],\"articleSection\":[\"Parola 2022\/2\",\"Parola Foly\u00f3irat\",\"Repert\u00f3rium\"],\"inLanguage\":\"hu\",\"potentialAction\":[{\"@type\":\"CommentAction\",\"name\":\"Comment\",\"target\":[\"https:\/\/kofe.hu\/parola\/parola-folyoirat\/hitalapu-kozossegszervezes-salvadorban\/#respond\"]}]},{\"@type\":\"WebPage\",\"@id\":\"https:\/\/kofe.hu\/parola\/parola-folyoirat\/hitalapu-kozossegszervezes-salvadorban\/\",\"url\":\"https:\/\/kofe.hu\/parola\/parola-folyoirat\/hitalapu-kozossegszervezes-salvadorban\/\",\"name\":\"Hitalap\u00fa k\u00f6z\u00f6ss\u00e9gszervez\u00e9s Salvadorban - Parola Foly\u00f3irat\",\"isPartOf\":{\"@id\":\"https:\/\/kofe.hu\/parola\/#website\"},\"primaryImageOfPage\":{\"@id\":\"https:\/\/kofe.hu\/parola\/parola-folyoirat\/hitalapu-kozossegszervezes-salvadorban\/#primaryimage\"},\"image\":{\"@id\":\"https:\/\/kofe.hu\/parola\/parola-folyoirat\/hitalapu-kozossegszervezes-salvadorban\/#primaryimage\"},\"thumbnailUrl\":\"https:\/\/kofe.hu\/parola\/wp-content\/uploads\/2022\/07\/2022-2-BM-3.jpg\",\"datePublished\":\"2022-07-15T14:21:21+00:00\",\"author\":{\"@id\":\"https:\/\/kofe.hu\/parola\/#\/schema\/person\/5cf82b7b58151a0be08c9f1d3029d544\"},\"breadcrumb\":{\"@id\":\"https:\/\/kofe.hu\/parola\/parola-folyoirat\/hitalapu-kozossegszervezes-salvadorban\/#breadcrumb\"},\"inLanguage\":\"hu\",\"potentialAction\":[{\"@type\":\"ReadAction\",\"target\":[\"https:\/\/kofe.hu\/parola\/parola-folyoirat\/hitalapu-kozossegszervezes-salvadorban\/\"]}]},{\"@type\":\"ImageObject\",\"inLanguage\":\"hu\",\"@id\":\"https:\/\/kofe.hu\/parola\/parola-folyoirat\/hitalapu-kozossegszervezes-salvadorban\/#primaryimage\",\"url\":\"https:\/\/kofe.hu\/parola\/wp-content\/uploads\/2022\/07\/2022-2-BM-3.jpg\",\"contentUrl\":\"https:\/\/kofe.hu\/parola\/wp-content\/uploads\/2022\/07\/2022-2-BM-3.jpg\",\"width\":700,\"height\":525,\"caption\":\"John Bauman\"},{\"@type\":\"BreadcrumbList\",\"@id\":\"https:\/\/kofe.hu\/parola\/parola-folyoirat\/hitalapu-kozossegszervezes-salvadorban\/#breadcrumb\",\"itemListElement\":[{\"@type\":\"ListItem\",\"position\":1,\"name\":\"Home\",\"item\":\"https:\/\/kofe.hu\/parola\/\"},{\"@type\":\"ListItem\",\"position\":2,\"name\":\"Hitalap\u00fa k\u00f6z\u00f6ss\u00e9gszervez\u00e9s Salvadorban\"}]},{\"@type\":\"WebSite\",\"@id\":\"https:\/\/kofe.hu\/parola\/#website\",\"url\":\"https:\/\/kofe.hu\/parola\/\",\"name\":\"Parola Foly\u00f3irat\",\"description\":\"\",\"potentialAction\":[{\"@type\":\"SearchAction\",\"target\":{\"@type\":\"EntryPoint\",\"urlTemplate\":\"https:\/\/kofe.hu\/parola\/?s={search_term_string}\"},\"query-input\":{\"@type\":\"PropertyValueSpecification\",\"valueRequired\":true,\"valueName\":\"search_term_string\"}}],\"inLanguage\":\"hu\"},{\"@type\":\"Person\",\"@id\":\"https:\/\/kofe.hu\/parola\/#\/schema\/person\/5cf82b7b58151a0be08c9f1d3029d544\",\"name\":\"Bolba M\u00e1rta\",\"image\":{\"@type\":\"ImageObject\",\"inLanguage\":\"hu\",\"@id\":\"https:\/\/kofe.hu\/parola\/#\/schema\/person\/image\/83a943c115f32b3f2475a501188e3665\",\"url\":\"https:\/\/secure.gravatar.com\/avatar\/b2f3d6946438e54781f50a73457d2cdb5d8548655d12153df9ff4751779c2a63?s=96&d=mm&r=g\",\"contentUrl\":\"https:\/\/secure.gravatar.com\/avatar\/b2f3d6946438e54781f50a73457d2cdb5d8548655d12153df9ff4751779c2a63?s=96&d=mm&r=g\",\"caption\":\"Bolba M\u00e1rta\"},\"url\":\"https:\/\/kofe.hu\/parola\/szerzok\/bolba-marta\/\"}]}<\/script>\n<!-- \/ Yoast SEO plugin. -->","yoast_head_json":{"title":"Hitalap\u00fa k\u00f6z\u00f6ss\u00e9gszervez\u00e9s Salvadorban - Parola Foly\u00f3irat","robots":{"index":"index","follow":"follow","max-snippet":"max-snippet:-1","max-image-preview":"max-image-preview:large","max-video-preview":"max-video-preview:-1"},"canonical":"https:\/\/kofe.hu\/parola\/parola-folyoirat\/hitalapu-kozossegszervezes-salvadorban\/","og_locale":"hu_HU","og_type":"article","og_title":"Hitalap\u00fa k\u00f6z\u00f6ss\u00e9gszervez\u00e9s Salvadorban - Parola Foly\u00f3irat","og_description":"K\u00f6z\u00f6ss\u00e9gszervez\u0151k \u00e9s k\u00f6z\u00f6ss\u00e9gi vezet\u0151k a salvadori katolikus egyh\u00e1z \u00e9gisze alatt dolgoznak a t\u00e1rsadalmi igazs\u00e1goss\u00e1g\u00e9rt. K\u00f6z\u00e9p-amerikai p\u00e9lda a hitalap\u00fa k\u00f6z\u00f6ss\u00e9gszervez\u00e9sre. \u00d6t napos tanulm\u00e1ny\u00faton vehettem r\u00e9szt a Faith In Action International hitalap\u00fa k\u00f6z\u00f6ss\u00e9gszervez\u0151 szervezet szervez\u00e9s\u00e9ben.\u00a0 A nagy utaz\u00e1s el\u0151tt tartottam a salvadori sz\u00fcks\u00e9g\u00e1llapott\u00f3l \u00e9s volt bennem egy csepp f\u00e9lelem is, de a k\u00edv\u00e1ncsis\u00e1gom enn\u00e9l sokkal nagyobb volt. [&hellip;]","og_url":"https:\/\/kofe.hu\/parola\/parola-folyoirat\/hitalapu-kozossegszervezes-salvadorban\/","og_site_name":"Parola Foly\u00f3irat","article_published_time":"2022-07-15T14:21:21+00:00","og_image":[{"width":700,"height":525,"url":"https:\/\/kofe.hu\/parola\/wp-content\/uploads\/2022\/07\/2022-2-BM-3.jpg","type":"image\/jpeg"}],"author":"Bolba M\u00e1rta","twitter_card":"summary_large_image","twitter_misc":{"Szerz\u0151:":"Bolba M\u00e1rta","Becs\u00fclt olvas\u00e1si id\u0151":"10 perc","Written by":"Bolba M\u00e1rta"},"schema":{"@context":"https:\/\/schema.org","@graph":[{"@type":"Article","@id":"https:\/\/kofe.hu\/parola\/parola-folyoirat\/hitalapu-kozossegszervezes-salvadorban\/#article","isPartOf":{"@id":"https:\/\/kofe.hu\/parola\/parola-folyoirat\/hitalapu-kozossegszervezes-salvadorban\/"},"author":{"name":"Bolba M\u00e1rta","@id":"https:\/\/kofe.hu\/parola\/#\/schema\/person\/5cf82b7b58151a0be08c9f1d3029d544"},"headline":"Hitalap\u00fa k\u00f6z\u00f6ss\u00e9gszervez\u00e9s Salvadorban","datePublished":"2022-07-15T14:21:21+00:00","mainEntityOfPage":{"@id":"https:\/\/kofe.hu\/parola\/parola-folyoirat\/hitalapu-kozossegszervezes-salvadorban\/"},"wordCount":2002,"commentCount":0,"image":{"@id":"https:\/\/kofe.hu\/parola\/parola-folyoirat\/hitalapu-kozossegszervezes-salvadorban\/#primaryimage"},"thumbnailUrl":"https:\/\/kofe.hu\/parola\/wp-content\/uploads\/2022\/07\/2022-2-BM-3.jpg","keywords":["Faith in Action","hitalap\u00fa k\u00f6z\u00f6ss\u00e9gszervez\u00e9s","k\u00f6z\u00f6ss\u00e9gi vezet\u0151","Salvador"],"articleSection":["Parola 2022\/2","Parola Foly\u00f3irat","Repert\u00f3rium"],"inLanguage":"hu","potentialAction":[{"@type":"CommentAction","name":"Comment","target":["https:\/\/kofe.hu\/parola\/parola-folyoirat\/hitalapu-kozossegszervezes-salvadorban\/#respond"]}]},{"@type":"WebPage","@id":"https:\/\/kofe.hu\/parola\/parola-folyoirat\/hitalapu-kozossegszervezes-salvadorban\/","url":"https:\/\/kofe.hu\/parola\/parola-folyoirat\/hitalapu-kozossegszervezes-salvadorban\/","name":"Hitalap\u00fa k\u00f6z\u00f6ss\u00e9gszervez\u00e9s Salvadorban - Parola Foly\u00f3irat","isPartOf":{"@id":"https:\/\/kofe.hu\/parola\/#website"},"primaryImageOfPage":{"@id":"https:\/\/kofe.hu\/parola\/parola-folyoirat\/hitalapu-kozossegszervezes-salvadorban\/#primaryimage"},"image":{"@id":"https:\/\/kofe.hu\/parola\/parola-folyoirat\/hitalapu-kozossegszervezes-salvadorban\/#primaryimage"},"thumbnailUrl":"https:\/\/kofe.hu\/parola\/wp-content\/uploads\/2022\/07\/2022-2-BM-3.jpg","datePublished":"2022-07-15T14:21:21+00:00","author":{"@id":"https:\/\/kofe.hu\/parola\/#\/schema\/person\/5cf82b7b58151a0be08c9f1d3029d544"},"breadcrumb":{"@id":"https:\/\/kofe.hu\/parola\/parola-folyoirat\/hitalapu-kozossegszervezes-salvadorban\/#breadcrumb"},"inLanguage":"hu","potentialAction":[{"@type":"ReadAction","target":["https:\/\/kofe.hu\/parola\/parola-folyoirat\/hitalapu-kozossegszervezes-salvadorban\/"]}]},{"@type":"ImageObject","inLanguage":"hu","@id":"https:\/\/kofe.hu\/parola\/parola-folyoirat\/hitalapu-kozossegszervezes-salvadorban\/#primaryimage","url":"https:\/\/kofe.hu\/parola\/wp-content\/uploads\/2022\/07\/2022-2-BM-3.jpg","contentUrl":"https:\/\/kofe.hu\/parola\/wp-content\/uploads\/2022\/07\/2022-2-BM-3.jpg","width":700,"height":525,"caption":"John Bauman"},{"@type":"BreadcrumbList","@id":"https:\/\/kofe.hu\/parola\/parola-folyoirat\/hitalapu-kozossegszervezes-salvadorban\/#breadcrumb","itemListElement":[{"@type":"ListItem","position":1,"name":"Home","item":"https:\/\/kofe.hu\/parola\/"},{"@type":"ListItem","position":2,"name":"Hitalap\u00fa k\u00f6z\u00f6ss\u00e9gszervez\u00e9s Salvadorban"}]},{"@type":"WebSite","@id":"https:\/\/kofe.hu\/parola\/#website","url":"https:\/\/kofe.hu\/parola\/","name":"Parola Foly\u00f3irat","description":"","potentialAction":[{"@type":"SearchAction","target":{"@type":"EntryPoint","urlTemplate":"https:\/\/kofe.hu\/parola\/?s={search_term_string}"},"query-input":{"@type":"PropertyValueSpecification","valueRequired":true,"valueName":"search_term_string"}}],"inLanguage":"hu"},{"@type":"Person","@id":"https:\/\/kofe.hu\/parola\/#\/schema\/person\/5cf82b7b58151a0be08c9f1d3029d544","name":"Bolba M\u00e1rta","image":{"@type":"ImageObject","inLanguage":"hu","@id":"https:\/\/kofe.hu\/parola\/#\/schema\/person\/image\/83a943c115f32b3f2475a501188e3665","url":"https:\/\/secure.gravatar.com\/avatar\/b2f3d6946438e54781f50a73457d2cdb5d8548655d12153df9ff4751779c2a63?s=96&d=mm&r=g","contentUrl":"https:\/\/secure.gravatar.com\/avatar\/b2f3d6946438e54781f50a73457d2cdb5d8548655d12153df9ff4751779c2a63?s=96&d=mm&r=g","caption":"Bolba M\u00e1rta"},"url":"https:\/\/kofe.hu\/parola\/szerzok\/bolba-marta\/"}]}},"_links":{"self":[{"href":"https:\/\/kofe.hu\/parola\/wp-json\/wp\/v2\/posts\/6771","targetHints":{"allow":["GET"]}}],"collection":[{"href":"https:\/\/kofe.hu\/parola\/wp-json\/wp\/v2\/posts"}],"about":[{"href":"https:\/\/kofe.hu\/parola\/wp-json\/wp\/v2\/types\/post"}],"author":[{"embeddable":true,"href":"https:\/\/kofe.hu\/parola\/wp-json\/wp\/v2\/users\/575"}],"replies":[{"embeddable":true,"href":"https:\/\/kofe.hu\/parola\/wp-json\/wp\/v2\/comments?post=6771"}],"version-history":[{"count":2,"href":"https:\/\/kofe.hu\/parola\/wp-json\/wp\/v2\/posts\/6771\/revisions"}],"predecessor-version":[{"id":6781,"href":"https:\/\/kofe.hu\/parola\/wp-json\/wp\/v2\/posts\/6771\/revisions\/6781"}],"wp:featuredmedia":[{"embeddable":true,"href":"https:\/\/kofe.hu\/parola\/wp-json\/wp\/v2\/media\/6773"}],"wp:attachment":[{"href":"https:\/\/kofe.hu\/parola\/wp-json\/wp\/v2\/media?parent=6771"}],"wp:term":[{"taxonomy":"category","embeddable":true,"href":"https:\/\/kofe.hu\/parola\/wp-json\/wp\/v2\/categories?post=6771"},{"taxonomy":"post_tag","embeddable":true,"href":"https:\/\/kofe.hu\/parola\/wp-json\/wp\/v2\/tags?post=6771"},{"taxonomy":"author","embeddable":true,"href":"https:\/\/kofe.hu\/parola\/wp-json\/wp\/v2\/coauthors?post=6771"}],"curies":[{"name":"wp","href":"https:\/\/api.w.org\/{rel}","templated":true}]}}