{"id":6609,"date":"2022-04-03T18:12:46","date_gmt":"2022-04-03T18:12:46","guid":{"rendered":"https:\/\/kofe.hu\/parola\/?p=6609"},"modified":"2022-04-03T18:15:09","modified_gmt":"2022-04-03T18:15:09","slug":"uj-ev-uj-remenyek-a-kofe-haza-tajan-is","status":"publish","type":"post","link":"https:\/\/kofe.hu\/parola\/parola-folyoirat\/uj-ev-uj-remenyek-a-kofe-haza-tajan-is\/","title":{"rendered":"\u00daj \u00e9v, \u00faj rem\u00e9nyek a K\u00d6FE h\u00e1za t\u00e1j\u00e1n is"},"content":{"rendered":"<p>Ritk\u00e1n jelentkez\u00fcnk saj\u00e1t h\u00edrekkel a Parol\u00e1ban, de most indokoltnak l\u00e1ttuk, hogy r\u00e1ir\u00e1ny\u00edtsuk a figyelmet a r\u00e9szv\u00e9telis\u00e9g \u00e9s a k\u00f6z\u00f6ss\u00e9gfejleszt\u00e9s fokozott szakmai lehet\u0151s\u00e9geire. Ebben egyes\u00fclet\u00fcnk is igyekszik szerepet v\u00e1llalni, valamint minden lehets\u00e9ges eszk\u00f6z\u00fcnkkel t\u00e1mogatni partnereink ezir\u00e1ny\u00fa kezdem\u00e9nyez\u00e9seit.<\/p>\n<p>T\u00f6bb jelent\u0151s szakmai eredm\u00e9ny sz\u00fcletett a tavalyi \u00e9vben \u00e9s folytat\u00f3dik id\u00e9n is.<\/p>\n<p><strong>1\/ SZOCI\u00c1LIS HACKATHON adapt\u00e1ci\u00f3s folyamat <\/strong><\/p>\n<p>Vid\u00e9kfejleszt\u00e9si maraton, Abathon \u2013 k\u00f6z\u00f6ss\u00e9gfejleszt\u00e9si maraton, Ferencv\u00e1rosi k\u00f6z\u00f6ss\u00e9gi hackathon n\u00e9ven h\u00e1rom hozz\u00e1nk k\u00f6zel \u00e1ll\u00f3 esem\u00e9ny seg\u00edtette meg\u00e9rteni, mi ez \u00e9s hogyan tudjuk ezt a k\u00f6z\u00f6ss\u00e9gi r\u00e9szv\u00e9telen alapul\u00f3, a helyi er\u0151forr\u00e1sokat intenz\u00edven kataliz\u00e1l\u00f3 m\u00f3dszert beilleszteni a hazai alkalmaz\u00e1sok k\u00f6z\u00e9, \u00e9s persze hogyan tudunk kedvet csin\u00e1lni ahhoz, hogy min\u00e9l t\u00f6bben kipr\u00f3b\u00e1lj\u00e1k gazdag\u00edtva a tapasztalatok k\u00f6r\u00e9t.<\/p>\n<p>Az adapt\u00e1ci\u00f3 folyamat\u00e1r\u00f3l t\u00f6bb kisfilm is sz\u00fcletett: <a href=\"https:\/\/m.facebook.com\/watch\/?v=973659763426192&amp;_rdr\">Aba\u00faj<\/a>ban, <a href=\"https:\/\/fb.watch\/bXT1WBo50f\/\">Ferencv\u00e1ros<\/a>ban \u00e9s <a href=\"https:\/\/www.youtube.com\/watch?v=lviMZRhliUE&amp;ab_channel=VunkiMano\">Homor\u00f3d-K\u00fck\u00fcll\u0151<\/a> ment\u00e9n. Valamint esettanulm\u00e1nyok a <a href=\"https:\/\/kofe.hu\/parola\/korabbi-lapszamok\/parola-2021-4\/\">Parol\u00e1ban<\/a>.<\/p>\n<p>Okt\u00f3berben egyes\u00fclet\u00fcnk 2 \u00e9ves <a href=\"https:\/\/kofe.hu\/szakmai-programjaink\/szocialis-hackathon\/magyar-esemenyek\/abathon\/\">Erasmus programj\u00e1nak<\/a> utols\u00f3 szakasz\u00e1ban megsz\u00fcletett egy <a href=\"https:\/\/kofe.hu\/wp-content\/uploads\/Dokumentumok\/Szocialis%20hackathon\/A_K%C3%B6z%C3%B6ss%C3%A9gi_Tervez%C3%A9s_Maratonja.pdf\">m\u00f3dszertani f\u00fczet<\/a> is, amely seg\u00edti a megismer\u00e9st, \u00e9s rem\u00e9lj\u00fck kedvet hoz m\u00e1soknak is a kipr\u00f3b\u00e1l\u00e1shoz. Szakmai konzult\u00e1ci\u00f3kkal, m\u0171helymunk\u00e1kkal \u00e9s k\u00f6z\u00f6s projektek gener\u00e1l\u00e1s\u00e1val igyeksz\u00fcnk kivenni a r\u00e9sz\u00fcnket ebben a m\u00f3dszerb\u0151v\u00edt\u0151 fejleszt\u0151 munk\u00e1ban. Id\u00e9n Miskolcon a v\u00e1ros R\u00e9szv\u00e9teli Programj\u00e1nak keret\u00e9ben, valamint egy \u00fajabb Erasmus egy\u00fcttm\u0171k\u00f6d\u00e9s keret\u00e9ben dolgozunk majd egy\u00fctt a szerbiai Pacsova v\u00e1ros\u00e1ban a Trag Alap\u00edtv\u00e1ny szervez\u00e9s\u00e9ben, t\u00e1mogat\u00e1s\u00e1val, mely alap\u00edtv\u00e1ny a Balk\u00e1n Helyi Kezdem\u00e9nyez\u00e9sek Alapj\u00e1nak (BCIF) ut\u00f3dja \u2013 \u00a0megtartva a f\u0151 profilt, folyamatosan kisebb adom\u00e1nyokat ny\u00fajt helyi k\u00f6z\u00f6ss\u00e9geknek.<\/p>\n<p><strong>2\/ H\u00d6M \u2013 azaz Helyi \u00d6nrendelkez\u00e9si Minimum <\/strong><\/p>\n<p>Ami annak a felt\u00e9telrendszernek a v\u00e9giggondol\u00e1sa \u00e9s megfogalmaz\u00e1sa, amelynek teljes\u00fcl\u00e9se sz\u00fcks\u00e9ges ahhoz, hogy egy-egy telep\u00fcl\u00e9s \u00e9let\u00e9ben \u00e9rdemi v\u00e1ltoz\u00e1s, elmozdul\u00e1s t\u00f6rt\u00e9njen a k\u00f6z\u00f6ss\u00e9g sz\u00e1m\u00e1ra fontos \u00fcgyekben. Ennek alapjait a K\u00d6FE \u00e1ltal 18. alkalommal szervezett <a href=\"http:\/\/kunbabonyinye.blogspot.com\/p\/program.html\">Ny\u00e1ri Egyetem<\/a> r\u00e9sztvev\u0151i rakt\u00e1k le azzal a meggy\u0151z\u0151d\u00e9ssel, hogy ilyen\u00a0alapelvek, \u00e9rt\u00e9kek \u00e9s elv\u00e1r\u00e1sok megfogalmaz\u00e1s\u00e1ra lenne sz\u00fcks\u00e9g a helyi, telep\u00fcl\u00e9si k\u00f6z\u00f6ss\u00e9gek szintj\u00e9n is. Ennek keress\u00fck szervezeti szinten is a kereteit szoros egy\u00fcttm\u0171k\u00f6d\u00e9sben a Civil Koll\u00e9gium Alap\u00edtv\u00e1nnyal. Ennek eredm\u00e9nyek\u00e9ppen zajlik 2022 tavasz\u00e1n <a href=\"https:\/\/www.facebook.com\/kozossegfejlesztokegyesulete\">\u201eA Te V\u00e1laszt\u00e1sod\u201d kamp\u00e1ny<\/a>. Ennek keret\u00e9ben olyan helyi csapatokat keres\u00fcnk, amelyek helyi esem\u00e9nyek szervez\u00e9s\u00e9vel h\u00edvj\u00e1k fel a figyelmet a helyi \u00f6nrendelkez\u00e9s mibenl\u00e9t\u00e9re \u00e9s emellett val\u00f3 ki\u00e1ll\u00e1sra, p\u00e9ld\u00e1ul a k\u00e9pvisel\u0151jel\u00f6ltekkel val\u00f3 p\u00e1rbesz\u00e9dre \u00e9s a v\u00e1laszt\u00e1son val\u00f3 r\u00e9szv\u00e9tel fontoss\u00e1g\u00e1ra. Ez persze a folyamat eleje \u00e9s nem v\u00e9ge, minden partnert arra biztatunk, hogy \u00e9rdemes ezt a k\u00f6z\u00e9leti besz\u00e9lget\u00e9ssorozatot folyamatk\u00e9nt fel\u00e9p\u00edteni \u00e9s v\u00e9g\u00fcl cselekv\u00e9sbe ford\u00edtani.<\/p>\n<p><strong>3\/ R\u00e9szv\u00e9teli programok zajlanak orsz\u00e1gszerte<\/strong><\/p>\n<p>R\u00e9szv\u00e9teli k\u00f6lts\u00e9gvet\u00e9si folyamat (<a href=\"https:\/\/otlet.budapest.hu\/\">Budapest f\u0151v\u00e1ros<\/a>, <a href=\"https:\/\/reszvetel.jozsefvaros.hu\/\">Budapest J\u00f3zsefv\u00e1ros<\/a>, <a href=\"https:\/\/minap.hu\/cikk\/reszveteli-koltsegvetes-dontes-miskolciake-kivitelezes-varose\">Miskolc<\/a>), mely \u00faj teret nyitna a helyi lakosoknak \u00e9s szakembereknek is a tapasztalatszerz\u00e9sre. K\u00f6z\u00f6ss\u00e9gi tervez\u00e9s ter\u00fclet\u00e9n is keress\u00fck szak\u00e9rtelm\u00fcnk \u00e9s kor\u00e1bbi tapasztalataink hely\u00e9t a <a href=\"https:\/\/obuda.hu\/blog\/hirek\/alakitsuk-kozosen-a-fovaros-folytatja-a-romai-part-tervezeset\/\">R\u00f3mai part<\/a> tervez\u00e9s\u00e9ben, <a href=\"https:\/\/www.miskolc.hu\/elet-a-varosban\/reszvetelisegi-program\">miskolci<\/a> aktivist\u00e1k k\u00e9pz\u00e9s\u00e9ben \u00e9s szakmai m\u0171helyek szervez\u00e9s\u00e9ben.<\/p>\n<p>Folyamatos tev\u00e9kenys\u00e9geinket is szeretn\u00e9nk fenntartani: ny\u00e1ri egyetem, k\u00f6z\u00f6ss\u00e9gkonferencia, tematikus m\u0171helyek szervez\u00e9se aktu\u00e1lis szakmai k\u00e9rd\u00e9sekkel, dilemm\u00e1kkal felt\u00f6ltve. \u00daj feln\u0151ttk\u00e9pz\u00e9si vezet\u0151nk lett m\u00e1rciust\u00f3l, akivel ezen szolg\u00e1ltat\u00e1sainkat is tov\u00e1bbfejlesztj\u00fck. K\u00e9sz\u00fcl\u00fcnk n\u00e9h\u00e1ny \u00faj\u00edt\u00e1sra: a helyi kezdem\u00e9nyez\u00e9sek k\u00f6z\u00f6ss\u00e9gi adom\u00e1nygy\u0171jt\u00e9ssel val\u00f3 t\u00e1mogat\u00e1sa, a k\u00f6z\u00f6ss\u00e9gi besz\u00e9lget\u00e9s, a megoszt\u00f3 t\u00e9m\u00e1k napirendre ker\u00fcl\u00e9s\u00e9nek el\u0151seg\u00edt\u00e9se dramatikus eszk\u00f6z\u00f6kkel, mely m\u00f3dszertani fejleszt\u0151 munk\u00e1ban partner\u00fcnk lesz a Vitakult\u00fara Egyes\u00fclet \u00e9s a sepsiszentgy\u00f6rgyi As Pata Rhei csapata.<\/p>\n<p>\u00c9s nem megy el mellett\u00fcnk a h\u00e1bor\u00fa okozta szenved\u00e9s enyh\u00edt\u00e9s\u00e9ben val\u00f3 feladatv\u00e1llal\u00e1s se. A kr\u00edzis els\u0151, kaotikus, gyors reag\u00e1l\u00e1st ig\u00e9nyl\u0151 szakasz\u00e1ban tagjaink k\u00f6z\u00fcl sokan egy\u00e9nileg v\u00e1llaltak szerepet helyi szervezeteikkel, csal\u00e1djaikkal. A m\u00e1sodik, rendszerezett kr\u00edzisintervenci\u00f3s szakaszban a seg\u00edt\u0151 k\u00f6z\u00f6ss\u00e9gek t\u00e1mogat\u00e1s\u00e1ban v\u00e1llalunk szerepet, ennek szakmai keretei kialak\u00edt\u00e1sa napi feladatunk ebben az id\u0151ben. B\u00e9k\u00e9t mindenkinek, mindenhol!<\/p>\n<p>Budapest, 2022. m\u00e1rcius<\/p>\n<p>Kov\u00e1cs Edit, eln\u00f6k<\/p>\n","protected":false},"excerpt":{"rendered":"<p>Ritk\u00e1n jelentkez\u00fcnk saj\u00e1t h\u00edrekkel a Parol\u00e1ban, de most indokoltnak l\u00e1ttuk, hogy r\u00e1ir\u00e1ny\u00edtsuk a figyelmet a r\u00e9szv\u00e9telis\u00e9g \u00e9s a k\u00f6z\u00f6ss\u00e9gfejleszt\u00e9s fokozott szakmai lehet\u0151s\u00e9geire. Ebben egyes\u00fclet\u00fcnk is igyekszik szerepet v\u00e1llalni, valamint minden lehets\u00e9ges eszk\u00f6z\u00fcnkkel t\u00e1mogatni partnereink ezir\u00e1ny\u00fa kezdem\u00e9nyez\u00e9seit. T\u00f6bb jelent\u0151s szakmai eredm\u00e9ny sz\u00fcletett a tavalyi \u00e9vben \u00e9s folytat\u00f3dik id\u00e9n is. 1\/ SZOCI\u00c1LIS HACKATHON adapt\u00e1ci\u00f3s folyamat Vid\u00e9kfejleszt\u00e9si maraton, [&hellip;]<\/p>\n","protected":false},"author":3,"featured_media":6611,"comment_status":"open","ping_status":"open","sticky":false,"template":"","format":"standard","meta":{"_acf_changed":false,"footnotes":""},"categories":[965,8,7],"tags":[745,909],"coauthors":[29],"class_list":["post-6609","post","type-post","status-publish","format-standard","has-post-thumbnail","hentry","category-parola-2022-1","category-parola-folyoirat","category-repertorium","tag-hackathon","tag-helyi-onrendelkezesi-minimum"],"acf":[],"yoast_head":"<!-- This site is optimized with the Yoast SEO plugin v26.7 - https:\/\/yoast.com\/wordpress\/plugins\/seo\/ -->\n<title>\u00daj \u00e9v, \u00faj rem\u00e9nyek a K\u00d6FE h\u00e1za t\u00e1j\u00e1n is - Parola Foly\u00f3irat<\/title>\n<meta name=\"robots\" content=\"index, follow, max-snippet:-1, max-image-preview:large, max-video-preview:-1\" \/>\n<link rel=\"canonical\" href=\"https:\/\/kofe.hu\/parola\/parola-folyoirat\/uj-ev-uj-remenyek-a-kofe-haza-tajan-is\/\" \/>\n<meta property=\"og:locale\" content=\"hu_HU\" \/>\n<meta property=\"og:type\" content=\"article\" \/>\n<meta property=\"og:title\" content=\"\u00daj \u00e9v, \u00faj rem\u00e9nyek a K\u00d6FE h\u00e1za t\u00e1j\u00e1n is - Parola Foly\u00f3irat\" \/>\n<meta property=\"og:description\" content=\"Ritk\u00e1n jelentkez\u00fcnk saj\u00e1t h\u00edrekkel a Parol\u00e1ban, de most indokoltnak l\u00e1ttuk, hogy r\u00e1ir\u00e1ny\u00edtsuk a figyelmet a r\u00e9szv\u00e9telis\u00e9g \u00e9s a k\u00f6z\u00f6ss\u00e9gfejleszt\u00e9s fokozott szakmai lehet\u0151s\u00e9geire. Ebben egyes\u00fclet\u00fcnk is igyekszik szerepet v\u00e1llalni, valamint minden lehets\u00e9ges eszk\u00f6z\u00fcnkkel t\u00e1mogatni partnereink ezir\u00e1ny\u00fa kezdem\u00e9nyez\u00e9seit. T\u00f6bb jelent\u0151s szakmai eredm\u00e9ny sz\u00fcletett a tavalyi \u00e9vben \u00e9s folytat\u00f3dik id\u00e9n is. 1\/ SZOCI\u00c1LIS HACKATHON adapt\u00e1ci\u00f3s folyamat Vid\u00e9kfejleszt\u00e9si maraton, [&hellip;]\" \/>\n<meta property=\"og:url\" content=\"https:\/\/kofe.hu\/parola\/parola-folyoirat\/uj-ev-uj-remenyek-a-kofe-haza-tajan-is\/\" \/>\n<meta property=\"og:site_name\" content=\"Parola Foly\u00f3irat\" \/>\n<meta property=\"article:published_time\" content=\"2022-04-03T18:12:46+00:00\" \/>\n<meta property=\"article:modified_time\" content=\"2022-04-03T18:15:09+00:00\" \/>\n<meta property=\"og:image\" content=\"https:\/\/kofe.hu\/parola\/wp-content\/uploads\/2022\/04\/2022-1-KE.jpg\" \/>\n\t<meta property=\"og:image:width\" content=\"700\" \/>\n\t<meta property=\"og:image:height\" content=\"525\" \/>\n\t<meta property=\"og:image:type\" content=\"image\/jpeg\" \/>\n<meta name=\"author\" content=\"Kov\u00e1cs Edit\" \/>\n<meta name=\"twitter:card\" content=\"summary_large_image\" \/>\n<meta name=\"twitter:label1\" content=\"Szerz\u0151:\" \/>\n\t<meta name=\"twitter:data1\" content=\"Kov\u00e1cs Edit\" \/>\n\t<meta name=\"twitter:label2\" content=\"Becs\u00fclt olvas\u00e1si id\u0151\" \/>\n\t<meta name=\"twitter:data2\" content=\"4 perc\" \/>\n\t<meta name=\"twitter:label3\" content=\"Written by\" \/>\n\t<meta name=\"twitter:data3\" content=\"Kov\u00e1cs Edit\" \/>\n<script type=\"application\/ld+json\" class=\"yoast-schema-graph\">{\"@context\":\"https:\/\/schema.org\",\"@graph\":[{\"@type\":\"Article\",\"@id\":\"https:\/\/kofe.hu\/parola\/parola-folyoirat\/uj-ev-uj-remenyek-a-kofe-haza-tajan-is\/#article\",\"isPartOf\":{\"@id\":\"https:\/\/kofe.hu\/parola\/parola-folyoirat\/uj-ev-uj-remenyek-a-kofe-haza-tajan-is\/\"},\"author\":{\"name\":\"Kov\u00e1cs Edit\",\"@id\":\"https:\/\/kofe.hu\/parola\/#\/schema\/person\/51bc575817dca6987ebce1d2c5911fff\"},\"headline\":\"\u00daj \u00e9v, \u00faj rem\u00e9nyek a K\u00d6FE h\u00e1za t\u00e1j\u00e1n is\",\"datePublished\":\"2022-04-03T18:12:46+00:00\",\"dateModified\":\"2022-04-03T18:15:09+00:00\",\"mainEntityOfPage\":{\"@id\":\"https:\/\/kofe.hu\/parola\/parola-folyoirat\/uj-ev-uj-remenyek-a-kofe-haza-tajan-is\/\"},\"wordCount\":903,\"commentCount\":0,\"image\":{\"@id\":\"https:\/\/kofe.hu\/parola\/parola-folyoirat\/uj-ev-uj-remenyek-a-kofe-haza-tajan-is\/#primaryimage\"},\"thumbnailUrl\":\"https:\/\/kofe.hu\/parola\/wp-content\/uploads\/2022\/04\/2022-1-KE.jpg\",\"keywords\":[\"hackathon\",\"Helyi \u00d6nrendelkez\u00e9si Minimum\"],\"articleSection\":[\"Parola 2022\/1\",\"Parola Foly\u00f3irat\",\"Repert\u00f3rium\"],\"inLanguage\":\"hu\",\"potentialAction\":[{\"@type\":\"CommentAction\",\"name\":\"Comment\",\"target\":[\"https:\/\/kofe.hu\/parola\/parola-folyoirat\/uj-ev-uj-remenyek-a-kofe-haza-tajan-is\/#respond\"]}]},{\"@type\":\"WebPage\",\"@id\":\"https:\/\/kofe.hu\/parola\/parola-folyoirat\/uj-ev-uj-remenyek-a-kofe-haza-tajan-is\/\",\"url\":\"https:\/\/kofe.hu\/parola\/parola-folyoirat\/uj-ev-uj-remenyek-a-kofe-haza-tajan-is\/\",\"name\":\"\u00daj \u00e9v, \u00faj rem\u00e9nyek a K\u00d6FE h\u00e1za t\u00e1j\u00e1n is - Parola Foly\u00f3irat\",\"isPartOf\":{\"@id\":\"https:\/\/kofe.hu\/parola\/#website\"},\"primaryImageOfPage\":{\"@id\":\"https:\/\/kofe.hu\/parola\/parola-folyoirat\/uj-ev-uj-remenyek-a-kofe-haza-tajan-is\/#primaryimage\"},\"image\":{\"@id\":\"https:\/\/kofe.hu\/parola\/parola-folyoirat\/uj-ev-uj-remenyek-a-kofe-haza-tajan-is\/#primaryimage\"},\"thumbnailUrl\":\"https:\/\/kofe.hu\/parola\/wp-content\/uploads\/2022\/04\/2022-1-KE.jpg\",\"datePublished\":\"2022-04-03T18:12:46+00:00\",\"dateModified\":\"2022-04-03T18:15:09+00:00\",\"author\":{\"@id\":\"https:\/\/kofe.hu\/parola\/#\/schema\/person\/51bc575817dca6987ebce1d2c5911fff\"},\"breadcrumb\":{\"@id\":\"https:\/\/kofe.hu\/parola\/parola-folyoirat\/uj-ev-uj-remenyek-a-kofe-haza-tajan-is\/#breadcrumb\"},\"inLanguage\":\"hu\",\"potentialAction\":[{\"@type\":\"ReadAction\",\"target\":[\"https:\/\/kofe.hu\/parola\/parola-folyoirat\/uj-ev-uj-remenyek-a-kofe-haza-tajan-is\/\"]}]},{\"@type\":\"ImageObject\",\"inLanguage\":\"hu\",\"@id\":\"https:\/\/kofe.hu\/parola\/parola-folyoirat\/uj-ev-uj-remenyek-a-kofe-haza-tajan-is\/#primaryimage\",\"url\":\"https:\/\/kofe.hu\/parola\/wp-content\/uploads\/2022\/04\/2022-1-KE.jpg\",\"contentUrl\":\"https:\/\/kofe.hu\/parola\/wp-content\/uploads\/2022\/04\/2022-1-KE.jpg\",\"width\":700,\"height\":525,\"caption\":\"dav\"},{\"@type\":\"BreadcrumbList\",\"@id\":\"https:\/\/kofe.hu\/parola\/parola-folyoirat\/uj-ev-uj-remenyek-a-kofe-haza-tajan-is\/#breadcrumb\",\"itemListElement\":[{\"@type\":\"ListItem\",\"position\":1,\"name\":\"Home\",\"item\":\"https:\/\/kofe.hu\/parola\/\"},{\"@type\":\"ListItem\",\"position\":2,\"name\":\"\u00daj \u00e9v, \u00faj rem\u00e9nyek a K\u00d6FE h\u00e1za t\u00e1j\u00e1n is\"}]},{\"@type\":\"WebSite\",\"@id\":\"https:\/\/kofe.hu\/parola\/#website\",\"url\":\"https:\/\/kofe.hu\/parola\/\",\"name\":\"Parola Foly\u00f3irat\",\"description\":\"\",\"potentialAction\":[{\"@type\":\"SearchAction\",\"target\":{\"@type\":\"EntryPoint\",\"urlTemplate\":\"https:\/\/kofe.hu\/parola\/?s={search_term_string}\"},\"query-input\":{\"@type\":\"PropertyValueSpecification\",\"valueRequired\":true,\"valueName\":\"search_term_string\"}}],\"inLanguage\":\"hu\"},{\"@type\":\"Person\",\"@id\":\"https:\/\/kofe.hu\/parola\/#\/schema\/person\/51bc575817dca6987ebce1d2c5911fff\",\"name\":\"Kov\u00e1cs Edit\",\"image\":{\"@type\":\"ImageObject\",\"inLanguage\":\"hu\",\"@id\":\"https:\/\/kofe.hu\/parola\/#\/schema\/person\/image\/2a21b18a54be4bf17881ecf2480337a3\",\"url\":\"https:\/\/secure.gravatar.com\/avatar\/a57808c9022dae5da910a7730b5cfdc0b14dfe28cc5ceb62821aa598b44d5581?s=96&d=mm&r=g\",\"contentUrl\":\"https:\/\/secure.gravatar.com\/avatar\/a57808c9022dae5da910a7730b5cfdc0b14dfe28cc5ceb62821aa598b44d5581?s=96&d=mm&r=g\",\"caption\":\"Kov\u00e1cs Edit\"},\"url\":\"https:\/\/kofe.hu\/parola\/szerzok\/edit\/\"}]}<\/script>\n<!-- \/ Yoast SEO plugin. -->","yoast_head_json":{"title":"\u00daj \u00e9v, \u00faj rem\u00e9nyek a K\u00d6FE h\u00e1za t\u00e1j\u00e1n is - Parola Foly\u00f3irat","robots":{"index":"index","follow":"follow","max-snippet":"max-snippet:-1","max-image-preview":"max-image-preview:large","max-video-preview":"max-video-preview:-1"},"canonical":"https:\/\/kofe.hu\/parola\/parola-folyoirat\/uj-ev-uj-remenyek-a-kofe-haza-tajan-is\/","og_locale":"hu_HU","og_type":"article","og_title":"\u00daj \u00e9v, \u00faj rem\u00e9nyek a K\u00d6FE h\u00e1za t\u00e1j\u00e1n is - Parola Foly\u00f3irat","og_description":"Ritk\u00e1n jelentkez\u00fcnk saj\u00e1t h\u00edrekkel a Parol\u00e1ban, de most indokoltnak l\u00e1ttuk, hogy r\u00e1ir\u00e1ny\u00edtsuk a figyelmet a r\u00e9szv\u00e9telis\u00e9g \u00e9s a k\u00f6z\u00f6ss\u00e9gfejleszt\u00e9s fokozott szakmai lehet\u0151s\u00e9geire. Ebben egyes\u00fclet\u00fcnk is igyekszik szerepet v\u00e1llalni, valamint minden lehets\u00e9ges eszk\u00f6z\u00fcnkkel t\u00e1mogatni partnereink ezir\u00e1ny\u00fa kezdem\u00e9nyez\u00e9seit. T\u00f6bb jelent\u0151s szakmai eredm\u00e9ny sz\u00fcletett a tavalyi \u00e9vben \u00e9s folytat\u00f3dik id\u00e9n is. 1\/ SZOCI\u00c1LIS HACKATHON adapt\u00e1ci\u00f3s folyamat Vid\u00e9kfejleszt\u00e9si maraton, [&hellip;]","og_url":"https:\/\/kofe.hu\/parola\/parola-folyoirat\/uj-ev-uj-remenyek-a-kofe-haza-tajan-is\/","og_site_name":"Parola Foly\u00f3irat","article_published_time":"2022-04-03T18:12:46+00:00","article_modified_time":"2022-04-03T18:15:09+00:00","og_image":[{"width":700,"height":525,"url":"https:\/\/kofe.hu\/parola\/wp-content\/uploads\/2022\/04\/2022-1-KE.jpg","type":"image\/jpeg"}],"author":"Kov\u00e1cs Edit","twitter_card":"summary_large_image","twitter_misc":{"Szerz\u0151:":"Kov\u00e1cs Edit","Becs\u00fclt olvas\u00e1si id\u0151":"4 perc","Written by":"Kov\u00e1cs Edit"},"schema":{"@context":"https:\/\/schema.org","@graph":[{"@type":"Article","@id":"https:\/\/kofe.hu\/parola\/parola-folyoirat\/uj-ev-uj-remenyek-a-kofe-haza-tajan-is\/#article","isPartOf":{"@id":"https:\/\/kofe.hu\/parola\/parola-folyoirat\/uj-ev-uj-remenyek-a-kofe-haza-tajan-is\/"},"author":{"name":"Kov\u00e1cs Edit","@id":"https:\/\/kofe.hu\/parola\/#\/schema\/person\/51bc575817dca6987ebce1d2c5911fff"},"headline":"\u00daj \u00e9v, \u00faj rem\u00e9nyek a K\u00d6FE h\u00e1za t\u00e1j\u00e1n is","datePublished":"2022-04-03T18:12:46+00:00","dateModified":"2022-04-03T18:15:09+00:00","mainEntityOfPage":{"@id":"https:\/\/kofe.hu\/parola\/parola-folyoirat\/uj-ev-uj-remenyek-a-kofe-haza-tajan-is\/"},"wordCount":903,"commentCount":0,"image":{"@id":"https:\/\/kofe.hu\/parola\/parola-folyoirat\/uj-ev-uj-remenyek-a-kofe-haza-tajan-is\/#primaryimage"},"thumbnailUrl":"https:\/\/kofe.hu\/parola\/wp-content\/uploads\/2022\/04\/2022-1-KE.jpg","keywords":["hackathon","Helyi \u00d6nrendelkez\u00e9si Minimum"],"articleSection":["Parola 2022\/1","Parola Foly\u00f3irat","Repert\u00f3rium"],"inLanguage":"hu","potentialAction":[{"@type":"CommentAction","name":"Comment","target":["https:\/\/kofe.hu\/parola\/parola-folyoirat\/uj-ev-uj-remenyek-a-kofe-haza-tajan-is\/#respond"]}]},{"@type":"WebPage","@id":"https:\/\/kofe.hu\/parola\/parola-folyoirat\/uj-ev-uj-remenyek-a-kofe-haza-tajan-is\/","url":"https:\/\/kofe.hu\/parola\/parola-folyoirat\/uj-ev-uj-remenyek-a-kofe-haza-tajan-is\/","name":"\u00daj \u00e9v, \u00faj rem\u00e9nyek a K\u00d6FE h\u00e1za t\u00e1j\u00e1n is - Parola Foly\u00f3irat","isPartOf":{"@id":"https:\/\/kofe.hu\/parola\/#website"},"primaryImageOfPage":{"@id":"https:\/\/kofe.hu\/parola\/parola-folyoirat\/uj-ev-uj-remenyek-a-kofe-haza-tajan-is\/#primaryimage"},"image":{"@id":"https:\/\/kofe.hu\/parola\/parola-folyoirat\/uj-ev-uj-remenyek-a-kofe-haza-tajan-is\/#primaryimage"},"thumbnailUrl":"https:\/\/kofe.hu\/parola\/wp-content\/uploads\/2022\/04\/2022-1-KE.jpg","datePublished":"2022-04-03T18:12:46+00:00","dateModified":"2022-04-03T18:15:09+00:00","author":{"@id":"https:\/\/kofe.hu\/parola\/#\/schema\/person\/51bc575817dca6987ebce1d2c5911fff"},"breadcrumb":{"@id":"https:\/\/kofe.hu\/parola\/parola-folyoirat\/uj-ev-uj-remenyek-a-kofe-haza-tajan-is\/#breadcrumb"},"inLanguage":"hu","potentialAction":[{"@type":"ReadAction","target":["https:\/\/kofe.hu\/parola\/parola-folyoirat\/uj-ev-uj-remenyek-a-kofe-haza-tajan-is\/"]}]},{"@type":"ImageObject","inLanguage":"hu","@id":"https:\/\/kofe.hu\/parola\/parola-folyoirat\/uj-ev-uj-remenyek-a-kofe-haza-tajan-is\/#primaryimage","url":"https:\/\/kofe.hu\/parola\/wp-content\/uploads\/2022\/04\/2022-1-KE.jpg","contentUrl":"https:\/\/kofe.hu\/parola\/wp-content\/uploads\/2022\/04\/2022-1-KE.jpg","width":700,"height":525,"caption":"dav"},{"@type":"BreadcrumbList","@id":"https:\/\/kofe.hu\/parola\/parola-folyoirat\/uj-ev-uj-remenyek-a-kofe-haza-tajan-is\/#breadcrumb","itemListElement":[{"@type":"ListItem","position":1,"name":"Home","item":"https:\/\/kofe.hu\/parola\/"},{"@type":"ListItem","position":2,"name":"\u00daj \u00e9v, \u00faj rem\u00e9nyek a K\u00d6FE h\u00e1za t\u00e1j\u00e1n is"}]},{"@type":"WebSite","@id":"https:\/\/kofe.hu\/parola\/#website","url":"https:\/\/kofe.hu\/parola\/","name":"Parola Foly\u00f3irat","description":"","potentialAction":[{"@type":"SearchAction","target":{"@type":"EntryPoint","urlTemplate":"https:\/\/kofe.hu\/parola\/?s={search_term_string}"},"query-input":{"@type":"PropertyValueSpecification","valueRequired":true,"valueName":"search_term_string"}}],"inLanguage":"hu"},{"@type":"Person","@id":"https:\/\/kofe.hu\/parola\/#\/schema\/person\/51bc575817dca6987ebce1d2c5911fff","name":"Kov\u00e1cs Edit","image":{"@type":"ImageObject","inLanguage":"hu","@id":"https:\/\/kofe.hu\/parola\/#\/schema\/person\/image\/2a21b18a54be4bf17881ecf2480337a3","url":"https:\/\/secure.gravatar.com\/avatar\/a57808c9022dae5da910a7730b5cfdc0b14dfe28cc5ceb62821aa598b44d5581?s=96&d=mm&r=g","contentUrl":"https:\/\/secure.gravatar.com\/avatar\/a57808c9022dae5da910a7730b5cfdc0b14dfe28cc5ceb62821aa598b44d5581?s=96&d=mm&r=g","caption":"Kov\u00e1cs Edit"},"url":"https:\/\/kofe.hu\/parola\/szerzok\/edit\/"}]}},"_links":{"self":[{"href":"https:\/\/kofe.hu\/parola\/wp-json\/wp\/v2\/posts\/6609","targetHints":{"allow":["GET"]}}],"collection":[{"href":"https:\/\/kofe.hu\/parola\/wp-json\/wp\/v2\/posts"}],"about":[{"href":"https:\/\/kofe.hu\/parola\/wp-json\/wp\/v2\/types\/post"}],"author":[{"embeddable":true,"href":"https:\/\/kofe.hu\/parola\/wp-json\/wp\/v2\/users\/3"}],"replies":[{"embeddable":true,"href":"https:\/\/kofe.hu\/parola\/wp-json\/wp\/v2\/comments?post=6609"}],"version-history":[{"count":2,"href":"https:\/\/kofe.hu\/parola\/wp-json\/wp\/v2\/posts\/6609\/revisions"}],"predecessor-version":[{"id":6612,"href":"https:\/\/kofe.hu\/parola\/wp-json\/wp\/v2\/posts\/6609\/revisions\/6612"}],"wp:featuredmedia":[{"embeddable":true,"href":"https:\/\/kofe.hu\/parola\/wp-json\/wp\/v2\/media\/6611"}],"wp:attachment":[{"href":"https:\/\/kofe.hu\/parola\/wp-json\/wp\/v2\/media?parent=6609"}],"wp:term":[{"taxonomy":"category","embeddable":true,"href":"https:\/\/kofe.hu\/parola\/wp-json\/wp\/v2\/categories?post=6609"},{"taxonomy":"post_tag","embeddable":true,"href":"https:\/\/kofe.hu\/parola\/wp-json\/wp\/v2\/tags?post=6609"},{"taxonomy":"author","embeddable":true,"href":"https:\/\/kofe.hu\/parola\/wp-json\/wp\/v2\/coauthors?post=6609"}],"curies":[{"name":"wp","href":"https:\/\/api.w.org\/{rel}","templated":true}]}}