{"id":6565,"date":"2022-01-27T19:01:25","date_gmt":"2022-01-27T19:01:25","guid":{"rendered":"https:\/\/kofe.hu\/parola\/?p=6565"},"modified":"2022-02-03T08:35:37","modified_gmt":"2022-02-03T08:35:37","slug":"szerkesztoi-eloszo-4","status":"publish","type":"post","link":"https:\/\/kofe.hu\/parola\/parola-folyoirat\/szerkesztoi-eloszo-4\/","title":{"rendered":"Szerkeszt\u0151i el\u0151sz\u00f3"},"content":{"rendered":"<p>Izgalmas \u00e9vet z\u00e1runk, 2021-ben sz\u00e1mos olyan k\u00f6z\u00f6ss\u00e9gi fejleszt\u0151 program zajlott, melyek \u00faj sz\u00ednt hoztak a szakm\u00e1ba, vagy \u00e9ppen r\u00e1ir\u00e1ny\u00edtott\u00e1k a figyelmet egy-egy hosszabb id\u0151szakot \u00e1t\u00edvel\u0151 fejl\u0151d\u00e9sre. A Parola mostani sz\u00e1m\u00e1t k\u00e9t nagy blokk alkotja. Egyik az idei K\u00f6z\u00f6ss\u00e9g konferencia t\u00e9m\u00e1ja, a K\u00f6z\u00f6ss\u00e9gfejleszt\u0151k Egyes\u00fclet\u00e9nek z\u00e1rul\u00f3 Erasmus+ programj\u00e1nak szakmai \u00f6sszefoglal\u00e1sa, f\u00f3kusz\u00e1ban a szoci\u00e1lis hackathon m\u00f3dszertani adapt\u00e1ci\u00f3j\u00e1val.<\/p>\n<p>A t\u00e9m\u00e1t t\u00f6bb k\u00fcl\u00f6nb\u00f6z\u0151 szemsz\u00f6gb\u0151l mutatjuk be. A folyamat z\u00e1r\u00f3kiadv\u00e1ny\u00e1nak kivonat\u00e1b\u00f3l megismerhetj\u00fck azt az utat, ahogyan az IT vil\u00e1g\u00e1ban megsz\u00fclet\u0151 m\u00f3dszer meg\u00e9rkezik az \u00e9szt vid\u00e9kfejleszt\u00e9s gyakorlat\u00e1ba, majd a hazai \u00e9s sz\u00e9kely k\u00f6z\u00f6ss\u00e9gfejleszt\u00e9s hangs\u00falyaival kieg\u00e9sz\u00fclve, a k\u00f6z\u00f6ss\u00e9gi tervez\u00e9s innovat\u00edv \u00e9s egyben maratoni eszk\u00f6z\u00e9v\u00e9 v\u00e1lik.<\/p>\n<p>A 48 \u00f3r\u00e1s k\u00f6z\u00f6s tervez\u00e9s t\u00f6rt\u00e9n\u00e9seit teszi igaz\u00e1n plasztikuss\u00e1 az a k\u00e9t esettanulm\u00e1ny, amelyben a Telkib\u00e1ny\u00e1n megval\u00f3sult ABATHON esem\u00e9nyt els\u0151sorban a r\u00e9szv\u00e9tel \u00e9s bevon\u00e1s szemsz\u00f6g\u00e9b\u0151l, m\u00edg a K\u00e1poln\u00e1sfaluban megrendezett Vid\u00e9kfejleszt\u00e9si Maratont egy szem\u00e9lyes hang\u00fa, kommunik\u00e1ci\u00f3s szempontb\u00f3l meg\u00edrt besz\u00e1mol\u00f3ban elemzik a szerz\u0151k.<\/p>\n<p>Mindezek ut\u00e1n ker\u00fclnek g\u00f3rcs\u0151 al\u00e1 a m\u00f3dszer kapcs\u00e1n eddig azonos\u00edtott hat\u00e1sok, megragadhat\u00f3v\u00e1 t\u00e9ve a v\u00e1rhat\u00f3 kimeneteket mindazok sz\u00e1m\u00e1ra, akik saj\u00e1t praxisukat b\u0151v\u00edten\u00e9k ezzel a gyakorlattal.<\/p>\n<p>A program oldala itt el\u00e9rhet\u0151: <a href=\"https:\/\/kofe.hu\/szakmai-programjaink\/szocialis-hackathon\/\">https:\/\/kofe.hu\/szakmai-programjaink\/szocialis-hackathon\/<\/a><\/p>\n<p>A Ferencv\u00e1rost sem ker\u00fclte el ez az \u00faj megk\u00f6zel\u00edt\u00e9s, err\u0151l is sz\u00f3l egy \u00edr\u00e1sunk.<\/p>\n<p>November elej\u00e9n a Civil Koll\u00e9gium Alap\u00edtv\u00e1ny negyedsz\u00e1zados \u00fcnneps\u00e9g\u00e9re v\u00e1rta az \u00e9rdekl\u0151d\u0151ket. Az egy \u00e9vet k\u00e9s\u0151 (tavaly a j\u00e1rv\u00e1ny- \u00e9s karant\u00e9n helyzet miatt nem lehetett megrendezni) esem\u00e9ny ez\u00e9rt 25+1 elnevez\u00e9st kapott. A n\u00e9gy blokkban elhangzott besz\u00e9lget\u00e9sek felid\u00e9zt\u00e9k az alap\u00edt\u00e1s k\u00f6r\u00fclm\u00e9nyeit, c\u00e9ljait, betekint\u00e9st adtak a megtett szakmai \u00fat \u00e1llom\u00e1saiba. Bepillant\u00e1st adnak a k\u00f6z\u00f6ss\u00e9gi- \u00e9s civil k\u00e9pz\u00e9sekt\u0151l az \u00f6n\u00e1ll\u00f3 k\u00f6z\u00f6ss\u00e9gszervez\u0151i szakmafejleszt\u00e9sig eljut\u00f3 szervezet\u00a0 jelen\u00e9be, a j\u00f6v\u0151t meghat\u00e1roz\u00f3 helyzet jellemz\u0151ibe. A CKA \u00e9let\u00e9ben szerepet j\u00e1tsz\u00f3 vagy hozz\u00e1 kapcsol\u00f3d\u00f3 r\u00e9sztvev\u0151k gondolatainak \u00f6sszefoglal\u00e1sa alkotja e sz\u00e1munk m\u00e1sik nagy blokkj\u00e1t.<\/p>\n<p>\u201e\u00cdgy lett el\u0151bb tan\u00edtv\u00e1ny, majd az \u00e9vek sor\u00e1n munkat\u00e1rs, s t\u00f6bb \u00e9ve mester a szakm\u00e1j\u00e1ban.\u201d olvashat\u00f3 Kov\u00e1cs Edit K\u00d6FE eln\u00f6k m\u00e9ltat\u00e1s\u00e1ban, aki a k\u00f6z\u00f6ss\u00e9gek\u00e9rt v\u00e9gzett szakmai munk\u00e1j\u00e1\u00e9rt imm\u00e1r Beke P\u00e1l eml\u00e9kc\u00edmmel rendelkezik.<\/p>\n<p>A Mit \u00fczen a r\u00e1di\u00f3? rendszeresen jelentkez\u0151 rovatunkban most \u00edr\u00e1sban ismerkedhet\u00fcnk meg a Magyar M\u00e1ltai Szeretetszolg\u00e1lat Jelenl\u00e9t programj\u00e1nak szeml\u00e9let\u00e9vel \u00e9s tev\u00e9kenys\u00e9geivel N\u00e9meth N\u00e1ndor k\u00f6zrem\u0171k\u00f6d\u00e9s\u00e9vel.<\/p>\n<p>Hogyan mozdult meg \u00e9s \u00e9rte el egy k\u00f6z\u00f6ss\u00e9g a szocializmus idej\u00e9n, hogy saj\u00e1t k\u00f6zm\u0171vel\u0151d\u00e9si tere legyen, ez der\u00fcl ki D\u00f3ri \u00c9va \u00edr\u00e1s\u00e1b\u00f3l.<\/p>\n<p>K\u00f6nyvaj\u00e1nl\u00f3k\u00e9nt egy nemzetk\u00f6zi k\u00f6z\u00f6ss\u00e9gfejleszt\u0151 gyakorlatokat bemutat\u00f3 k\u00f6tetr\u0151l lehet olvasni, melybe \u00f6r\u00f6m\u00fcnkre az \u00c1gon v\u00e9gzett k\u00f6z\u00f6ss\u00e9gfejleszt\u0151 folyamat is beker\u00fclt.<\/p>\n<p>V\u00e9gezet\u00fcl, imm\u00e1r szok\u00e1s szerint jelentkez\u00fcnk k\u00f6z\u00f6ss\u00e9gi megold\u00e1sok aj\u00e1nl\u00e1s\u00e1val \u00e9s egyes\u00fclet\u00fcnk h\u00e1za t\u00e1j\u00e1nak k\u00e9t fontos h\u00edr\u00e9vel is.<\/p>\n","protected":false},"excerpt":{"rendered":"<p>Izgalmas \u00e9vet z\u00e1runk, 2021-ben sz\u00e1mos olyan k\u00f6z\u00f6ss\u00e9gi fejleszt\u0151 program zajlott, melyek \u00faj sz\u00ednt hoztak a szakm\u00e1ba, vagy \u00e9ppen r\u00e1ir\u00e1ny\u00edtott\u00e1k a figyelmet egy-egy hosszabb id\u0151szakot \u00e1t\u00edvel\u0151 fejl\u0151d\u00e9sre. A Parola mostani sz\u00e1m\u00e1t k\u00e9t nagy blokk alkotja. Egyik az idei K\u00f6z\u00f6ss\u00e9g konferencia t\u00e9m\u00e1ja, a K\u00f6z\u00f6ss\u00e9gfejleszt\u0151k Egyes\u00fclet\u00e9nek z\u00e1rul\u00f3 Erasmus+ programj\u00e1nak szakmai \u00f6sszefoglal\u00e1sa, f\u00f3kusz\u00e1ban a szoci\u00e1lis hackathon m\u00f3dszertani adapt\u00e1ci\u00f3j\u00e1val. A [&hellip;]<\/p>\n","protected":false},"author":10,"featured_media":6588,"comment_status":"open","ping_status":"open","sticky":false,"template":"","format":"standard","meta":{"_acf_changed":false,"footnotes":""},"categories":[914,8,7],"tags":[728],"coauthors":[26,22],"class_list":["post-6565","post","type-post","status-publish","format-standard","has-post-thumbnail","hentry","category-parola-2021-4","category-parola-folyoirat","category-repertorium","tag-eloszo"],"acf":[],"yoast_head":"<!-- This site is optimized with the Yoast SEO plugin v26.7 - https:\/\/yoast.com\/wordpress\/plugins\/seo\/ -->\n<title>Szerkeszt\u0151i el\u0151sz\u00f3 - Parola Foly\u00f3irat<\/title>\n<meta name=\"robots\" content=\"index, follow, max-snippet:-1, max-image-preview:large, max-video-preview:-1\" \/>\n<link rel=\"canonical\" href=\"https:\/\/kofe.hu\/parola\/parola-folyoirat\/szerkesztoi-eloszo-4\/\" \/>\n<meta property=\"og:locale\" content=\"hu_HU\" \/>\n<meta property=\"og:type\" content=\"article\" \/>\n<meta property=\"og:title\" content=\"Szerkeszt\u0151i el\u0151sz\u00f3 - Parola Foly\u00f3irat\" \/>\n<meta property=\"og:description\" content=\"Izgalmas \u00e9vet z\u00e1runk, 2021-ben sz\u00e1mos olyan k\u00f6z\u00f6ss\u00e9gi fejleszt\u0151 program zajlott, melyek \u00faj sz\u00ednt hoztak a szakm\u00e1ba, vagy \u00e9ppen r\u00e1ir\u00e1ny\u00edtott\u00e1k a figyelmet egy-egy hosszabb id\u0151szakot \u00e1t\u00edvel\u0151 fejl\u0151d\u00e9sre. A Parola mostani sz\u00e1m\u00e1t k\u00e9t nagy blokk alkotja. Egyik az idei K\u00f6z\u00f6ss\u00e9g konferencia t\u00e9m\u00e1ja, a K\u00f6z\u00f6ss\u00e9gfejleszt\u0151k Egyes\u00fclet\u00e9nek z\u00e1rul\u00f3 Erasmus+ programj\u00e1nak szakmai \u00f6sszefoglal\u00e1sa, f\u00f3kusz\u00e1ban a szoci\u00e1lis hackathon m\u00f3dszertani adapt\u00e1ci\u00f3j\u00e1val. A [&hellip;]\" \/>\n<meta property=\"og:url\" content=\"https:\/\/kofe.hu\/parola\/parola-folyoirat\/szerkesztoi-eloszo-4\/\" \/>\n<meta property=\"og:site_name\" content=\"Parola Foly\u00f3irat\" \/>\n<meta property=\"article:published_time\" content=\"2022-01-27T19:01:25+00:00\" \/>\n<meta property=\"article:modified_time\" content=\"2022-02-03T08:35:37+00:00\" \/>\n<meta property=\"og:image\" content=\"https:\/\/kofe.hu\/parola\/wp-content\/uploads\/2022\/01\/GP_BK.jpg\" \/>\n\t<meta property=\"og:image:width\" content=\"1200\" \/>\n\t<meta property=\"og:image:height\" content=\"800\" \/>\n\t<meta property=\"og:image:type\" content=\"image\/jpeg\" \/>\n<meta name=\"author\" content=\"Boda Kitti, Giczey P\u00e9ter\" \/>\n<meta name=\"twitter:card\" content=\"summary_large_image\" \/>\n<meta name=\"twitter:label1\" content=\"Szerz\u0151:\" \/>\n\t<meta name=\"twitter:data1\" content=\"Boda Kitti\" \/>\n\t<meta name=\"twitter:label2\" content=\"Becs\u00fclt olvas\u00e1si id\u0151\" \/>\n\t<meta name=\"twitter:data2\" content=\"3 perc\" \/>\n\t<meta name=\"twitter:label3\" content=\"Written by\" \/>\n\t<meta name=\"twitter:data3\" content=\"Boda Kitti, Giczey P\u00e9ter\" \/>\n<script type=\"application\/ld+json\" class=\"yoast-schema-graph\">{\"@context\":\"https:\/\/schema.org\",\"@graph\":[{\"@type\":\"Article\",\"@id\":\"https:\/\/kofe.hu\/parola\/parola-folyoirat\/szerkesztoi-eloszo-4\/#article\",\"isPartOf\":{\"@id\":\"https:\/\/kofe.hu\/parola\/parola-folyoirat\/szerkesztoi-eloszo-4\/\"},\"author\":{\"name\":\"Boda Kitti\",\"@id\":\"https:\/\/kofe.hu\/parola\/#\/schema\/person\/8b4270d0282a4aeb191e883d3348a45e\"},\"headline\":\"Szerkeszt\u0151i el\u0151sz\u00f3\",\"datePublished\":\"2022-01-27T19:01:25+00:00\",\"dateModified\":\"2022-02-03T08:35:37+00:00\",\"mainEntityOfPage\":{\"@id\":\"https:\/\/kofe.hu\/parola\/parola-folyoirat\/szerkesztoi-eloszo-4\/\"},\"wordCount\":672,\"commentCount\":0,\"image\":{\"@id\":\"https:\/\/kofe.hu\/parola\/parola-folyoirat\/szerkesztoi-eloszo-4\/#primaryimage\"},\"thumbnailUrl\":\"https:\/\/kofe.hu\/parola\/wp-content\/uploads\/2022\/01\/GP_BK.jpg\",\"keywords\":[\"el\u0151sz\u00f3\"],\"articleSection\":[\"Parola 2021\/4\",\"Parola Foly\u00f3irat\",\"Repert\u00f3rium\"],\"inLanguage\":\"hu\",\"potentialAction\":[{\"@type\":\"CommentAction\",\"name\":\"Comment\",\"target\":[\"https:\/\/kofe.hu\/parola\/parola-folyoirat\/szerkesztoi-eloszo-4\/#respond\"]}]},{\"@type\":\"WebPage\",\"@id\":\"https:\/\/kofe.hu\/parola\/parola-folyoirat\/szerkesztoi-eloszo-4\/\",\"url\":\"https:\/\/kofe.hu\/parola\/parola-folyoirat\/szerkesztoi-eloszo-4\/\",\"name\":\"Szerkeszt\u0151i el\u0151sz\u00f3 - Parola Foly\u00f3irat\",\"isPartOf\":{\"@id\":\"https:\/\/kofe.hu\/parola\/#website\"},\"primaryImageOfPage\":{\"@id\":\"https:\/\/kofe.hu\/parola\/parola-folyoirat\/szerkesztoi-eloszo-4\/#primaryimage\"},\"image\":{\"@id\":\"https:\/\/kofe.hu\/parola\/parola-folyoirat\/szerkesztoi-eloszo-4\/#primaryimage\"},\"thumbnailUrl\":\"https:\/\/kofe.hu\/parola\/wp-content\/uploads\/2022\/01\/GP_BK.jpg\",\"datePublished\":\"2022-01-27T19:01:25+00:00\",\"dateModified\":\"2022-02-03T08:35:37+00:00\",\"author\":{\"@id\":\"https:\/\/kofe.hu\/parola\/#\/schema\/person\/8b4270d0282a4aeb191e883d3348a45e\"},\"breadcrumb\":{\"@id\":\"https:\/\/kofe.hu\/parola\/parola-folyoirat\/szerkesztoi-eloszo-4\/#breadcrumb\"},\"inLanguage\":\"hu\",\"potentialAction\":[{\"@type\":\"ReadAction\",\"target\":[\"https:\/\/kofe.hu\/parola\/parola-folyoirat\/szerkesztoi-eloszo-4\/\"]}]},{\"@type\":\"ImageObject\",\"inLanguage\":\"hu\",\"@id\":\"https:\/\/kofe.hu\/parola\/parola-folyoirat\/szerkesztoi-eloszo-4\/#primaryimage\",\"url\":\"https:\/\/kofe.hu\/parola\/wp-content\/uploads\/2022\/01\/GP_BK.jpg\",\"contentUrl\":\"https:\/\/kofe.hu\/parola\/wp-content\/uploads\/2022\/01\/GP_BK.jpg\",\"width\":1200,\"height\":800,\"caption\":\"2021.11.04. CKA Sz\u00fclinap.\"},{\"@type\":\"BreadcrumbList\",\"@id\":\"https:\/\/kofe.hu\/parola\/parola-folyoirat\/szerkesztoi-eloszo-4\/#breadcrumb\",\"itemListElement\":[{\"@type\":\"ListItem\",\"position\":1,\"name\":\"Home\",\"item\":\"https:\/\/kofe.hu\/parola\/\"},{\"@type\":\"ListItem\",\"position\":2,\"name\":\"Szerkeszt\u0151i el\u0151sz\u00f3\"}]},{\"@type\":\"WebSite\",\"@id\":\"https:\/\/kofe.hu\/parola\/#website\",\"url\":\"https:\/\/kofe.hu\/parola\/\",\"name\":\"Parola Foly\u00f3irat\",\"description\":\"\",\"potentialAction\":[{\"@type\":\"SearchAction\",\"target\":{\"@type\":\"EntryPoint\",\"urlTemplate\":\"https:\/\/kofe.hu\/parola\/?s={search_term_string}\"},\"query-input\":{\"@type\":\"PropertyValueSpecification\",\"valueRequired\":true,\"valueName\":\"search_term_string\"}}],\"inLanguage\":\"hu\"},{\"@type\":\"Person\",\"@id\":\"https:\/\/kofe.hu\/parola\/#\/schema\/person\/8b4270d0282a4aeb191e883d3348a45e\",\"name\":\"Boda Kitti\",\"image\":{\"@type\":\"ImageObject\",\"inLanguage\":\"hu\",\"@id\":\"https:\/\/kofe.hu\/parola\/#\/schema\/person\/image\/fc38cfe22a36dabfba3b92810607b351\",\"url\":\"https:\/\/secure.gravatar.com\/avatar\/c7cdb68afc03710783c61d505db1cf05ab3df36daf4dfeeacb88ef8c57f5d147?s=96&d=mm&r=g\",\"contentUrl\":\"https:\/\/secure.gravatar.com\/avatar\/c7cdb68afc03710783c61d505db1cf05ab3df36daf4dfeeacb88ef8c57f5d147?s=96&d=mm&r=g\",\"caption\":\"Boda Kitti\"},\"url\":\"https:\/\/kofe.hu\/parola\/szerzok\/boda-kitti\/\"}]}<\/script>\n<!-- \/ Yoast SEO plugin. -->","yoast_head_json":{"title":"Szerkeszt\u0151i el\u0151sz\u00f3 - Parola Foly\u00f3irat","robots":{"index":"index","follow":"follow","max-snippet":"max-snippet:-1","max-image-preview":"max-image-preview:large","max-video-preview":"max-video-preview:-1"},"canonical":"https:\/\/kofe.hu\/parola\/parola-folyoirat\/szerkesztoi-eloszo-4\/","og_locale":"hu_HU","og_type":"article","og_title":"Szerkeszt\u0151i el\u0151sz\u00f3 - Parola Foly\u00f3irat","og_description":"Izgalmas \u00e9vet z\u00e1runk, 2021-ben sz\u00e1mos olyan k\u00f6z\u00f6ss\u00e9gi fejleszt\u0151 program zajlott, melyek \u00faj sz\u00ednt hoztak a szakm\u00e1ba, vagy \u00e9ppen r\u00e1ir\u00e1ny\u00edtott\u00e1k a figyelmet egy-egy hosszabb id\u0151szakot \u00e1t\u00edvel\u0151 fejl\u0151d\u00e9sre. A Parola mostani sz\u00e1m\u00e1t k\u00e9t nagy blokk alkotja. Egyik az idei K\u00f6z\u00f6ss\u00e9g konferencia t\u00e9m\u00e1ja, a K\u00f6z\u00f6ss\u00e9gfejleszt\u0151k Egyes\u00fclet\u00e9nek z\u00e1rul\u00f3 Erasmus+ programj\u00e1nak szakmai \u00f6sszefoglal\u00e1sa, f\u00f3kusz\u00e1ban a szoci\u00e1lis hackathon m\u00f3dszertani adapt\u00e1ci\u00f3j\u00e1val. A [&hellip;]","og_url":"https:\/\/kofe.hu\/parola\/parola-folyoirat\/szerkesztoi-eloszo-4\/","og_site_name":"Parola Foly\u00f3irat","article_published_time":"2022-01-27T19:01:25+00:00","article_modified_time":"2022-02-03T08:35:37+00:00","og_image":[{"width":1200,"height":800,"url":"https:\/\/kofe.hu\/parola\/wp-content\/uploads\/2022\/01\/GP_BK.jpg","type":"image\/jpeg"}],"author":"Boda Kitti, Giczey P\u00e9ter","twitter_card":"summary_large_image","twitter_misc":{"Szerz\u0151:":"Boda Kitti","Becs\u00fclt olvas\u00e1si id\u0151":"3 perc","Written by":"Boda Kitti, Giczey P\u00e9ter"},"schema":{"@context":"https:\/\/schema.org","@graph":[{"@type":"Article","@id":"https:\/\/kofe.hu\/parola\/parola-folyoirat\/szerkesztoi-eloszo-4\/#article","isPartOf":{"@id":"https:\/\/kofe.hu\/parola\/parola-folyoirat\/szerkesztoi-eloszo-4\/"},"author":{"name":"Boda Kitti","@id":"https:\/\/kofe.hu\/parola\/#\/schema\/person\/8b4270d0282a4aeb191e883d3348a45e"},"headline":"Szerkeszt\u0151i el\u0151sz\u00f3","datePublished":"2022-01-27T19:01:25+00:00","dateModified":"2022-02-03T08:35:37+00:00","mainEntityOfPage":{"@id":"https:\/\/kofe.hu\/parola\/parola-folyoirat\/szerkesztoi-eloszo-4\/"},"wordCount":672,"commentCount":0,"image":{"@id":"https:\/\/kofe.hu\/parola\/parola-folyoirat\/szerkesztoi-eloszo-4\/#primaryimage"},"thumbnailUrl":"https:\/\/kofe.hu\/parola\/wp-content\/uploads\/2022\/01\/GP_BK.jpg","keywords":["el\u0151sz\u00f3"],"articleSection":["Parola 2021\/4","Parola Foly\u00f3irat","Repert\u00f3rium"],"inLanguage":"hu","potentialAction":[{"@type":"CommentAction","name":"Comment","target":["https:\/\/kofe.hu\/parola\/parola-folyoirat\/szerkesztoi-eloszo-4\/#respond"]}]},{"@type":"WebPage","@id":"https:\/\/kofe.hu\/parola\/parola-folyoirat\/szerkesztoi-eloszo-4\/","url":"https:\/\/kofe.hu\/parola\/parola-folyoirat\/szerkesztoi-eloszo-4\/","name":"Szerkeszt\u0151i el\u0151sz\u00f3 - Parola Foly\u00f3irat","isPartOf":{"@id":"https:\/\/kofe.hu\/parola\/#website"},"primaryImageOfPage":{"@id":"https:\/\/kofe.hu\/parola\/parola-folyoirat\/szerkesztoi-eloszo-4\/#primaryimage"},"image":{"@id":"https:\/\/kofe.hu\/parola\/parola-folyoirat\/szerkesztoi-eloszo-4\/#primaryimage"},"thumbnailUrl":"https:\/\/kofe.hu\/parola\/wp-content\/uploads\/2022\/01\/GP_BK.jpg","datePublished":"2022-01-27T19:01:25+00:00","dateModified":"2022-02-03T08:35:37+00:00","author":{"@id":"https:\/\/kofe.hu\/parola\/#\/schema\/person\/8b4270d0282a4aeb191e883d3348a45e"},"breadcrumb":{"@id":"https:\/\/kofe.hu\/parola\/parola-folyoirat\/szerkesztoi-eloszo-4\/#breadcrumb"},"inLanguage":"hu","potentialAction":[{"@type":"ReadAction","target":["https:\/\/kofe.hu\/parola\/parola-folyoirat\/szerkesztoi-eloszo-4\/"]}]},{"@type":"ImageObject","inLanguage":"hu","@id":"https:\/\/kofe.hu\/parola\/parola-folyoirat\/szerkesztoi-eloszo-4\/#primaryimage","url":"https:\/\/kofe.hu\/parola\/wp-content\/uploads\/2022\/01\/GP_BK.jpg","contentUrl":"https:\/\/kofe.hu\/parola\/wp-content\/uploads\/2022\/01\/GP_BK.jpg","width":1200,"height":800,"caption":"2021.11.04. CKA Sz\u00fclinap."},{"@type":"BreadcrumbList","@id":"https:\/\/kofe.hu\/parola\/parola-folyoirat\/szerkesztoi-eloszo-4\/#breadcrumb","itemListElement":[{"@type":"ListItem","position":1,"name":"Home","item":"https:\/\/kofe.hu\/parola\/"},{"@type":"ListItem","position":2,"name":"Szerkeszt\u0151i el\u0151sz\u00f3"}]},{"@type":"WebSite","@id":"https:\/\/kofe.hu\/parola\/#website","url":"https:\/\/kofe.hu\/parola\/","name":"Parola Foly\u00f3irat","description":"","potentialAction":[{"@type":"SearchAction","target":{"@type":"EntryPoint","urlTemplate":"https:\/\/kofe.hu\/parola\/?s={search_term_string}"},"query-input":{"@type":"PropertyValueSpecification","valueRequired":true,"valueName":"search_term_string"}}],"inLanguage":"hu"},{"@type":"Person","@id":"https:\/\/kofe.hu\/parola\/#\/schema\/person\/8b4270d0282a4aeb191e883d3348a45e","name":"Boda Kitti","image":{"@type":"ImageObject","inLanguage":"hu","@id":"https:\/\/kofe.hu\/parola\/#\/schema\/person\/image\/fc38cfe22a36dabfba3b92810607b351","url":"https:\/\/secure.gravatar.com\/avatar\/c7cdb68afc03710783c61d505db1cf05ab3df36daf4dfeeacb88ef8c57f5d147?s=96&d=mm&r=g","contentUrl":"https:\/\/secure.gravatar.com\/avatar\/c7cdb68afc03710783c61d505db1cf05ab3df36daf4dfeeacb88ef8c57f5d147?s=96&d=mm&r=g","caption":"Boda Kitti"},"url":"https:\/\/kofe.hu\/parola\/szerzok\/boda-kitti\/"}]}},"_links":{"self":[{"href":"https:\/\/kofe.hu\/parola\/wp-json\/wp\/v2\/posts\/6565","targetHints":{"allow":["GET"]}}],"collection":[{"href":"https:\/\/kofe.hu\/parola\/wp-json\/wp\/v2\/posts"}],"about":[{"href":"https:\/\/kofe.hu\/parola\/wp-json\/wp\/v2\/types\/post"}],"author":[{"embeddable":true,"href":"https:\/\/kofe.hu\/parola\/wp-json\/wp\/v2\/users\/10"}],"replies":[{"embeddable":true,"href":"https:\/\/kofe.hu\/parola\/wp-json\/wp\/v2\/comments?post=6565"}],"version-history":[{"count":2,"href":"https:\/\/kofe.hu\/parola\/wp-json\/wp\/v2\/posts\/6565\/revisions"}],"predecessor-version":[{"id":6592,"href":"https:\/\/kofe.hu\/parola\/wp-json\/wp\/v2\/posts\/6565\/revisions\/6592"}],"wp:featuredmedia":[{"embeddable":true,"href":"https:\/\/kofe.hu\/parola\/wp-json\/wp\/v2\/media\/6588"}],"wp:attachment":[{"href":"https:\/\/kofe.hu\/parola\/wp-json\/wp\/v2\/media?parent=6565"}],"wp:term":[{"taxonomy":"category","embeddable":true,"href":"https:\/\/kofe.hu\/parola\/wp-json\/wp\/v2\/categories?post=6565"},{"taxonomy":"post_tag","embeddable":true,"href":"https:\/\/kofe.hu\/parola\/wp-json\/wp\/v2\/tags?post=6565"},{"taxonomy":"author","embeddable":true,"href":"https:\/\/kofe.hu\/parola\/wp-json\/wp\/v2\/coauthors?post=6565"}],"curies":[{"name":"wp","href":"https:\/\/api.w.org\/{rel}","templated":true}]}}