{"id":6403,"date":"2021-10-10T15:24:50","date_gmt":"2021-10-10T15:24:50","guid":{"rendered":"https:\/\/kofe.hu\/parola\/?p=6403"},"modified":"2021-10-11T19:11:52","modified_gmt":"2021-10-11T19:11:52","slug":"szerkesztoi-eloszo-a-parola-2021-3-as-szamahoz","status":"publish","type":"post","link":"https:\/\/kofe.hu\/parola\/parola-folyoirat\/szerkesztoi-eloszo-a-parola-2021-3-as-szamahoz\/","title":{"rendered":"Szerkeszt\u0151i el\u0151sz\u00f3 a Parola 2021\/3-as sz\u00e1m\u00e1hoz"},"content":{"rendered":"<p>A Parola 2021\/3-as sz\u00e1m\u00e1nak szerkeszt\u0151ik\u00e9nt a kezdetekben tal\u00e1n nem is sejtett\u00fck, hogy mekkora f\u00e1ba v\u00e1gjuk a fejsz\u00e9nket, amikor az aktu\u00e1lis lapsz\u00e1m vez\u00e9rfonal\u00e1nak a <strong><em>18. Ny\u00e1ri egyetem a k\u00f6z\u00f6ss\u00e9gi r\u00e9szv\u00e9tel fejleszt\u00e9s\u00e9\u00e9rt<\/em><\/strong> tematik\u00e1j\u00e1t v\u00e1lasztottuk. A kunb\u00e1bonyi esem\u00e9ny r\u00e9sztvev\u0151i id\u00e9n a helyi \u00f6nrendelkez\u00e9ssel kapcsolatos el\u0151ad\u00e1sok, m\u0171helybesz\u00e9lget\u00e9sek, szakmai bemutat\u00f3k keretein bel\u00fcl foglalkoztak elm\u00e9leti k\u00e9rd\u00e9sekkel \u00e9s k\u00f6z\u00f6ss\u00e9gi megold\u00e1sok p\u00e9ld\u00e1ival, lehet\u0151s\u00e9geivel \u00e9s kih\u00edv\u00e1saival. \u00cdgy olvashatnak ebben a Parol\u00e1ban a <em>Civil Minimum 2022<\/em>-r\u0151l M\u00f3ra Veronika toll\u00e1b\u00f3l, valamint a Ny\u00e1ri Egyetemen megfogalmazott <em>Helyi \u00d6nrendelkez\u00e9si Minimumr\u00f3l<\/em> Bodn\u00e1r Zsuzsa \u00f6sszefoglal\u00f3j\u00e1ban. A z\u00e1r\u00f3dokumentum eset\u00e9ben vita alakult ki a Ny\u00e1ri Egyetem r\u00e9sztvev\u0151i k\u00f6z\u00f6tt arr\u00f3l, hogy kik legyen a Helyi \u00d6nrendelkez\u00e9si Minimum c\u00edmzettjei, kik a legink\u00e1bb \u00e9rintettek ebben a t\u00e9m\u00e1ban, m\u00e1sk\u00e9ppen fogalmazva: kit\u0151l v\u00e1rjuk, hogy nyilv\u00e1nos p\u00e1rbesz\u00e9det folytassanak a helyi \u00f6nrendelkez\u00e9sr\u0151l. A Parola szerkeszt\u0151ik\u00e9nt \u00fagy v\u00e9lj\u00fck, hogy teret adhatunk egy ilyen eszmecsere kibontakoz\u00e1s\u00e1hoz foly\u00f3iratunk has\u00e1bjain, \u00edgy felk\u00e9rt\u00fck P\u00e9terfi Ferenc k\u00f6z\u00f6ss\u00e9gfejleszt\u0151t, hogy ossza meg olvas\u00f3inkkal vitaind\u00edt\u00f3 gondolatait. Ezen fel\u00fcl k\u00e9t gondolat\u00e9breszt\u0151 el\u0151ad\u00e1st is k\u00f6zl\u00fcnk az esem\u00e9nyr\u0151l: el\u0151bb Kov\u00e1ch Imre <em>A demokr\u00e1cia \u00e1llapota \u2013 Az egyenl\u0151tlens\u00e9gek, az egy\u00fcttm\u0171k\u00f6d\u00e9s, az \u00fajraeloszt\u00e1s \u00e9s a hatalom szerkezete a magyar t\u00e1rsadalomban<\/em>, majd K\u00e1kai L\u00e1szl\u00f3 <em>Helyi \u00f6nrendelkez\u00e9s \u00e9s civil t\u00e1rsadalom <\/em>c\u00edm\u0171 el\u0151ad\u00e1s\u00e1nak \u00f6sszefoglal\u00f3j\u00e1t olvashatj\u00e1k. Mer\u00e9nyi Mikl\u00f3s egy izgalmas kerekasztal-besz\u00e9lget\u00e9st vezetett: <em>Civilek \u00e9s \u00f6nkorm\u00e1nyzatis\u00e1g Magyarorsz\u00e1gon \u00e9s K\u00f6z\u00e9p-Eur\u00f3p\u00e1ban<\/em>. Err\u0151l mostani sz\u00e1munkban nem k\u00f6zl\u00fcnk \u00edr\u00e1st, az \u00e9rdekl\u0151d\u00f6k itt t\u00e1j\u00e9koz\u00f3dhatnak a t\u00e9m\u00e1ban: <a href=\"https:\/\/anchor.fm\/peterfi-ferenc\/episodes\/ELLENFL-VAGY-SZVETSGES----egy-ers-helyi-civil-trsadalom-s-nkormnyzat-lehetsges-egyttmkdse-e16t2sj\">ELLENF\u00c9L VAGY SZ\u00d6VETS\u00c9GES? &#8211; egy er\u0151s helyi civil t\u00e1rsadalom \u00e9s \u00f6nkorm\u00e1nyzat lehets\u00e9ges egy\u00fcttm\u0171k\u00f6d\u00e9se<\/a>, <a href=\"https:\/\/k.blog.hu\/2021\/04\/15\/helyi_erdekvedelem\">Helyi \u00e9rdekv\u00e9d\u0151 kamp\u00e1nyok: nyerd meg az \u00fcgyed, \u00e9s v\u00e1lts ki demokratikus hat\u00e1st!<\/a><\/p>\n<p>Szinte hihetetlen, hogy milyen gyorsan elteltek a ny\u00e1ri h\u00f3napok, a nappali forr\u00f3s\u00e1got \u00e9s a kellemesen h\u0171v\u00f6sk\u00e9s ny\u00e1ri est\u00e9ket lassan az \u0151sz sz\u00ednekkel teli hangulata v\u00e1ltja fel. Ahogyan a term\u00e9szet, \u00fagy mi is t\u00f6rekedt\u00fcnk arra, hogy az \u0151sszel megjelen\u0151 Parola is sok \u00e9rdekes \u00e1rnyalattal kecsegtessen. \u00cdgy kaphatott helyet ebben a kiad\u00e1sban Beke M\u00e1rton a <em>Torula \u2013 Kort\u00e1rs M\u0171v\u00e9szeti K\u00f6zpont <\/em>k\u00f6z\u00f6ss\u00e9gi kezdem\u00e9nyez\u00e9s\u00e9t bemutat\u00f3 \u00edr\u00e1sa, amiben nemcsak egy izgalmas \u00faj int\u00e9zm\u00e9nyt ismerhet\u00fcnk meg, de azt is megtudhatjuk, mik\u00e9nt \u00e1ll\u00edthat\u00f3 a kort\u00e1rs m\u0171v\u00e9szet \u00e9s a k\u00f6z\u00f6ss\u00e9gi munka egym\u00e1s szolg\u00e1lat\u00e1ba. Monostori \u00c9va a <em>K\u00f6z\u00e9leti Kotyog\u00f3<\/em>t, egy olyan \u00faj m\u00e9diumot mutat be, ahol a \u201e<em>k\u00f6z, k\u00f6zeg, k\u00f6z\u00f6ss\u00e9g v\u00e1lik k\u00f6zszerepl\u0151v\u00e9\u201d.<\/em><\/p>\n<p>Barki B\u00e1lint \u00e9s Sain M\u00e1ty\u00e1s <em>R\u00e9szv\u00e9teli k\u00f6lts\u00e9gvet\u00e9s: a demokr\u00e1cia csodagy\u00f3gyszere vagy m\u00fal\u00f3 divat? <\/em>\u2013 m\u00e1r c\u00edm\u00e9ben is provokat\u00edv \u00edr\u00e1s\u00e1ban k\u00fclf\u00f6ldi \u00e9s hazai modelleket mutat be, \u00e9s k\u00eds\u00e9rletet tesz tipikus mint\u00e1zatok megragad\u00e1s\u00e1ra, a r\u00e9szv\u00e9teli k\u00f6lts\u00e9gvet\u00e9s j\u00f6v\u0151j\u00e9nek latolgat\u00e1s\u00e1ra.<\/p>\n<p>K\u00e9t fiatal kutat\u00f3 munk\u00e1ss\u00e1g\u00e1t, tapasztalatait ismerhetj\u00fck meg egy-egy izgalmas helyi fejleszt\u00e9s bemutat\u00e1sa kapcs\u00e1n. Maszlag Fanni \u00e9s Csoba Judit a <em>\u201eco-creation\u201d <\/em>m\u00f3dszer\u00e9t \u00e9s annak alkalmazhat\u00f3s\u00e1g\u00e1t mutatja be tanulm\u00e1ny\u00e1ban, melynek a <em>K\u00f6z\u00f6s alkot\u00e1s ereje <\/em>c\u00edmet adt\u00e1k. Egy m\u00e1sik \u00e9rdekes kezdem\u00e9nyez\u00e9s \u00f6sszefoglal\u00f3ja pedig Szak\u00e1l Andrea \u00e9s P\u00e9terfi Ferenc k\u00f6z\u00f6s egyetemi kurzus\u00e1t mutatja be. <em>A boldogabb v\u00e1ros akci\u00f3 <\/em>c\u00e9lja, hogy a MOME hallgat\u00f3i (alkot\u00f3i) egy belv\u00e1rosi mikrok\u00f6z\u00f6ss\u00e9ggel egy\u00fctt gondolkozva, tervezve, majd k\u00f6z\u00f6sen \u00e9p\u00edtve alak\u00edthass\u00e1k saj\u00e1t lak\u00f3k\u00f6rnyezet\u00fcket.<\/p>\n<p>H\u00e1rom \u00e1lland\u00f3 rovatunk sem maradhat ki a Parola aktu\u00e1lis sz\u00e1m\u00e1b\u00f3l. A Parola-h\u00edrekben r\u00f6viden besz\u00e1molunk a telkib\u00e1nyai k\u00f6z\u00f6ss\u00e9gfejleszt\u00e9si maratonr\u00f3l, a K\u00f6z\u00f6ss\u00e9g Konferenci\u00e1r\u00f3l, valamint a Ferencv\u00e1rosi Hackhatonr\u00f3l \u00e9s a K\u00f6z\u00f6ss\u00e9gszervez\u0151k Orsz\u00e1gos Tal\u00e1lkoz\u00f3j\u00e1r\u00f3l is. K\u00f6nyvbemutat\u00f3nkban Grosk\u00e1n\u00e9 Pir\u00e1nszki Ir\u00e9n k\u00f6z\u00f6ss\u00e9gfejleszt\u0151 \u00e9letm\u0171 k\u00f6tet\u00e9t aj\u00e1nljuk az olvas\u00f3k figyelm\u00e9be. A <em>Mit \u00fczen a r\u00e1di\u00f3-ban <\/em>most Boros Tam\u00e1s politikai elemz\u0151vel, az Egyens\u00faly Int\u00e9zet igazgat\u00f3j\u00e1val besz\u00e9lget P\u00e9terfi Ferenc a <em>Hogyan \u00faj\u00edtsuk meg a demokr\u00e1ci\u00e1t? <\/em>c\u00edm\u0171 javaslatcsomagr\u00f3l.<\/p>\n<p>El\u0151sz\u00f6r vehettem r\u00e9szt a foly\u00f3irat-szerkeszt\u00e9s izgalmas \u00e9s \u00e9rdekes folyamat\u00e1ban, fesz\u00fclt figyelemmel k\u00f6vettem az esem\u00e9nysort, mely sor\u00e1n az \u00edr\u00e1sok elnyert\u00e9k v\u00e9gleges, publik\u00e1l\u00e1sra \u00e9rett form\u00e1jukat. K\u00f6sz\u00f6nettel tartozom a Szerkeszt\u0151bizotts\u00e1g \u00f6sszes tagj\u00e1nak a sok lelkes\u00edt\u00e9s\u00e9rt \u00e9s biztat\u00e1s\u00e9rt. \u0150szint\u00e9n rem\u00e9lem, hogy az itt \u00f6sszegy\u0171jt\u00f6tt \u00edr\u00e1sok is hozz\u00e1j\u00e1rulhatnak a k\u00f6z\u00f6ss\u00e9gfejleszt\u00e9s j\u00f6v\u0151beli sikereihez \u00e9s a helyi kezdem\u00e9nyez\u00e9sek t\u00e1mogat\u00e1s\u00e1hoz.<\/p>\n","protected":false},"excerpt":{"rendered":"<p>A Parola 2021\/3-as sz\u00e1m\u00e1nak szerkeszt\u0151ik\u00e9nt a kezdetekben tal\u00e1n nem is sejtett\u00fck, hogy mekkora f\u00e1ba v\u00e1gjuk a fejsz\u00e9nket, amikor az aktu\u00e1lis lapsz\u00e1m vez\u00e9rfonal\u00e1nak a 18. Ny\u00e1ri egyetem a k\u00f6z\u00f6ss\u00e9gi r\u00e9szv\u00e9tel fejleszt\u00e9s\u00e9\u00e9rt tematik\u00e1j\u00e1t v\u00e1lasztottuk. A kunb\u00e1bonyi esem\u00e9ny r\u00e9sztvev\u0151i id\u00e9n a helyi \u00f6nrendelkez\u00e9ssel kapcsolatos el\u0151ad\u00e1sok, m\u0171helybesz\u00e9lget\u00e9sek, szakmai bemutat\u00f3k keretein bel\u00fcl foglalkoztak elm\u00e9leti k\u00e9rd\u00e9sekkel \u00e9s k\u00f6z\u00f6ss\u00e9gi megold\u00e1sok p\u00e9ld\u00e1ival, lehet\u0151s\u00e9geivel [&hellip;]<\/p>\n","protected":false},"author":537,"featured_media":6404,"comment_status":"open","ping_status":"open","sticky":false,"template":"","format":"standard","meta":{"_acf_changed":false,"footnotes":""},"categories":[869,8,7],"tags":[728],"coauthors":[718],"class_list":["post-6403","post","type-post","status-publish","format-standard","has-post-thumbnail","hentry","category-parola-2021-3","category-parola-folyoirat","category-repertorium","tag-eloszo"],"acf":[],"yoast_head":"<!-- This site is optimized with the Yoast SEO plugin v26.7 - https:\/\/yoast.com\/wordpress\/plugins\/seo\/ -->\n<title>Szerkeszt\u0151i el\u0151sz\u00f3 a Parola 2021\/3-as sz\u00e1m\u00e1hoz - Parola Foly\u00f3irat<\/title>\n<meta name=\"robots\" content=\"index, follow, max-snippet:-1, max-image-preview:large, max-video-preview:-1\" \/>\n<link rel=\"canonical\" href=\"https:\/\/kofe.hu\/parola\/parola-folyoirat\/szerkesztoi-eloszo-a-parola-2021-3-as-szamahoz\/\" \/>\n<meta property=\"og:locale\" content=\"hu_HU\" \/>\n<meta property=\"og:type\" content=\"article\" \/>\n<meta property=\"og:title\" content=\"Szerkeszt\u0151i el\u0151sz\u00f3 a Parola 2021\/3-as sz\u00e1m\u00e1hoz - Parola Foly\u00f3irat\" \/>\n<meta property=\"og:description\" content=\"A Parola 2021\/3-as sz\u00e1m\u00e1nak szerkeszt\u0151ik\u00e9nt a kezdetekben tal\u00e1n nem is sejtett\u00fck, hogy mekkora f\u00e1ba v\u00e1gjuk a fejsz\u00e9nket, amikor az aktu\u00e1lis lapsz\u00e1m vez\u00e9rfonal\u00e1nak a 18. Ny\u00e1ri egyetem a k\u00f6z\u00f6ss\u00e9gi r\u00e9szv\u00e9tel fejleszt\u00e9s\u00e9\u00e9rt tematik\u00e1j\u00e1t v\u00e1lasztottuk. A kunb\u00e1bonyi esem\u00e9ny r\u00e9sztvev\u0151i id\u00e9n a helyi \u00f6nrendelkez\u00e9ssel kapcsolatos el\u0151ad\u00e1sok, m\u0171helybesz\u00e9lget\u00e9sek, szakmai bemutat\u00f3k keretein bel\u00fcl foglalkoztak elm\u00e9leti k\u00e9rd\u00e9sekkel \u00e9s k\u00f6z\u00f6ss\u00e9gi megold\u00e1sok p\u00e9ld\u00e1ival, lehet\u0151s\u00e9geivel [&hellip;]\" \/>\n<meta property=\"og:url\" content=\"https:\/\/kofe.hu\/parola\/parola-folyoirat\/szerkesztoi-eloszo-a-parola-2021-3-as-szamahoz\/\" \/>\n<meta property=\"og:site_name\" content=\"Parola Foly\u00f3irat\" \/>\n<meta property=\"article:published_time\" content=\"2021-10-10T15:24:50+00:00\" \/>\n<meta property=\"article:modified_time\" content=\"2021-10-11T19:11:52+00:00\" \/>\n<meta property=\"og:image\" content=\"https:\/\/kofe.hu\/parola\/wp-content\/uploads\/2021\/10\/2023-3-DD00.jpg\" \/>\n\t<meta property=\"og:image:width\" content=\"700\" \/>\n\t<meta property=\"og:image:height\" content=\"485\" \/>\n\t<meta property=\"og:image:type\" content=\"image\/jpeg\" \/>\n<meta name=\"author\" content=\"Dudok D\u00e1vid\" \/>\n<meta name=\"twitter:card\" content=\"summary_large_image\" \/>\n<meta name=\"twitter:label1\" content=\"Szerz\u0151:\" \/>\n\t<meta name=\"twitter:data1\" content=\"Dudok D\u00e1vid\" \/>\n\t<meta name=\"twitter:label2\" content=\"Becs\u00fclt olvas\u00e1si id\u0151\" \/>\n\t<meta name=\"twitter:data2\" content=\"5 perc\" \/>\n\t<meta name=\"twitter:label3\" content=\"Written by\" \/>\n\t<meta name=\"twitter:data3\" content=\"Dudok D\u00e1vid\" \/>\n<script type=\"application\/ld+json\" class=\"yoast-schema-graph\">{\"@context\":\"https:\/\/schema.org\",\"@graph\":[{\"@type\":\"Article\",\"@id\":\"https:\/\/kofe.hu\/parola\/parola-folyoirat\/szerkesztoi-eloszo-a-parola-2021-3-as-szamahoz\/#article\",\"isPartOf\":{\"@id\":\"https:\/\/kofe.hu\/parola\/parola-folyoirat\/szerkesztoi-eloszo-a-parola-2021-3-as-szamahoz\/\"},\"author\":{\"name\":\"Dudok D\u00e1vid\",\"@id\":\"https:\/\/kofe.hu\/parola\/#\/schema\/person\/fa7673d920ffe6466ba80fc740ecc01b\"},\"headline\":\"Szerkeszt\u0151i el\u0151sz\u00f3 a Parola 2021\/3-as sz\u00e1m\u00e1hoz\",\"datePublished\":\"2021-10-10T15:24:50+00:00\",\"dateModified\":\"2021-10-11T19:11:52+00:00\",\"mainEntityOfPage\":{\"@id\":\"https:\/\/kofe.hu\/parola\/parola-folyoirat\/szerkesztoi-eloszo-a-parola-2021-3-as-szamahoz\/\"},\"wordCount\":975,\"commentCount\":0,\"image\":{\"@id\":\"https:\/\/kofe.hu\/parola\/parola-folyoirat\/szerkesztoi-eloszo-a-parola-2021-3-as-szamahoz\/#primaryimage\"},\"thumbnailUrl\":\"https:\/\/kofe.hu\/parola\/wp-content\/uploads\/2021\/10\/2023-3-DD00.jpg\",\"keywords\":[\"el\u0151sz\u00f3\"],\"articleSection\":[\"Parola 2021\/3\",\"Parola Foly\u00f3irat\",\"Repert\u00f3rium\"],\"inLanguage\":\"hu\",\"potentialAction\":[{\"@type\":\"CommentAction\",\"name\":\"Comment\",\"target\":[\"https:\/\/kofe.hu\/parola\/parola-folyoirat\/szerkesztoi-eloszo-a-parola-2021-3-as-szamahoz\/#respond\"]}]},{\"@type\":\"WebPage\",\"@id\":\"https:\/\/kofe.hu\/parola\/parola-folyoirat\/szerkesztoi-eloszo-a-parola-2021-3-as-szamahoz\/\",\"url\":\"https:\/\/kofe.hu\/parola\/parola-folyoirat\/szerkesztoi-eloszo-a-parola-2021-3-as-szamahoz\/\",\"name\":\"Szerkeszt\u0151i el\u0151sz\u00f3 a Parola 2021\/3-as sz\u00e1m\u00e1hoz - Parola Foly\u00f3irat\",\"isPartOf\":{\"@id\":\"https:\/\/kofe.hu\/parola\/#website\"},\"primaryImageOfPage\":{\"@id\":\"https:\/\/kofe.hu\/parola\/parola-folyoirat\/szerkesztoi-eloszo-a-parola-2021-3-as-szamahoz\/#primaryimage\"},\"image\":{\"@id\":\"https:\/\/kofe.hu\/parola\/parola-folyoirat\/szerkesztoi-eloszo-a-parola-2021-3-as-szamahoz\/#primaryimage\"},\"thumbnailUrl\":\"https:\/\/kofe.hu\/parola\/wp-content\/uploads\/2021\/10\/2023-3-DD00.jpg\",\"datePublished\":\"2021-10-10T15:24:50+00:00\",\"dateModified\":\"2021-10-11T19:11:52+00:00\",\"author\":{\"@id\":\"https:\/\/kofe.hu\/parola\/#\/schema\/person\/fa7673d920ffe6466ba80fc740ecc01b\"},\"breadcrumb\":{\"@id\":\"https:\/\/kofe.hu\/parola\/parola-folyoirat\/szerkesztoi-eloszo-a-parola-2021-3-as-szamahoz\/#breadcrumb\"},\"inLanguage\":\"hu\",\"potentialAction\":[{\"@type\":\"ReadAction\",\"target\":[\"https:\/\/kofe.hu\/parola\/parola-folyoirat\/szerkesztoi-eloszo-a-parola-2021-3-as-szamahoz\/\"]}]},{\"@type\":\"ImageObject\",\"inLanguage\":\"hu\",\"@id\":\"https:\/\/kofe.hu\/parola\/parola-folyoirat\/szerkesztoi-eloszo-a-parola-2021-3-as-szamahoz\/#primaryimage\",\"url\":\"https:\/\/kofe.hu\/parola\/wp-content\/uploads\/2021\/10\/2023-3-DD00.jpg\",\"contentUrl\":\"https:\/\/kofe.hu\/parola\/wp-content\/uploads\/2021\/10\/2023-3-DD00.jpg\",\"width\":700,\"height\":485},{\"@type\":\"BreadcrumbList\",\"@id\":\"https:\/\/kofe.hu\/parola\/parola-folyoirat\/szerkesztoi-eloszo-a-parola-2021-3-as-szamahoz\/#breadcrumb\",\"itemListElement\":[{\"@type\":\"ListItem\",\"position\":1,\"name\":\"Home\",\"item\":\"https:\/\/kofe.hu\/parola\/\"},{\"@type\":\"ListItem\",\"position\":2,\"name\":\"Szerkeszt\u0151i el\u0151sz\u00f3 a Parola 2021\/3-as sz\u00e1m\u00e1hoz\"}]},{\"@type\":\"WebSite\",\"@id\":\"https:\/\/kofe.hu\/parola\/#website\",\"url\":\"https:\/\/kofe.hu\/parola\/\",\"name\":\"Parola Foly\u00f3irat\",\"description\":\"\",\"potentialAction\":[{\"@type\":\"SearchAction\",\"target\":{\"@type\":\"EntryPoint\",\"urlTemplate\":\"https:\/\/kofe.hu\/parola\/?s={search_term_string}\"},\"query-input\":{\"@type\":\"PropertyValueSpecification\",\"valueRequired\":true,\"valueName\":\"search_term_string\"}}],\"inLanguage\":\"hu\"},{\"@type\":\"Person\",\"@id\":\"https:\/\/kofe.hu\/parola\/#\/schema\/person\/fa7673d920ffe6466ba80fc740ecc01b\",\"name\":\"Dudok D\u00e1vid\",\"image\":{\"@type\":\"ImageObject\",\"inLanguage\":\"hu\",\"@id\":\"https:\/\/kofe.hu\/parola\/#\/schema\/person\/image\/4a209a9bd52212046152b246e530f5cd\",\"url\":\"https:\/\/secure.gravatar.com\/avatar\/5b7260a12c15abe0afe57b58da11b08539896ee41973329b44e620f77e7e4dc8?s=96&d=mm&r=g\",\"contentUrl\":\"https:\/\/secure.gravatar.com\/avatar\/5b7260a12c15abe0afe57b58da11b08539896ee41973329b44e620f77e7e4dc8?s=96&d=mm&r=g\",\"caption\":\"Dudok D\u00e1vid\"},\"url\":\"https:\/\/kofe.hu\/parola\/szerzok\/dudok-david\/\"}]}<\/script>\n<!-- \/ Yoast SEO plugin. -->","yoast_head_json":{"title":"Szerkeszt\u0151i el\u0151sz\u00f3 a Parola 2021\/3-as sz\u00e1m\u00e1hoz - Parola Foly\u00f3irat","robots":{"index":"index","follow":"follow","max-snippet":"max-snippet:-1","max-image-preview":"max-image-preview:large","max-video-preview":"max-video-preview:-1"},"canonical":"https:\/\/kofe.hu\/parola\/parola-folyoirat\/szerkesztoi-eloszo-a-parola-2021-3-as-szamahoz\/","og_locale":"hu_HU","og_type":"article","og_title":"Szerkeszt\u0151i el\u0151sz\u00f3 a Parola 2021\/3-as sz\u00e1m\u00e1hoz - Parola Foly\u00f3irat","og_description":"A Parola 2021\/3-as sz\u00e1m\u00e1nak szerkeszt\u0151ik\u00e9nt a kezdetekben tal\u00e1n nem is sejtett\u00fck, hogy mekkora f\u00e1ba v\u00e1gjuk a fejsz\u00e9nket, amikor az aktu\u00e1lis lapsz\u00e1m vez\u00e9rfonal\u00e1nak a 18. Ny\u00e1ri egyetem a k\u00f6z\u00f6ss\u00e9gi r\u00e9szv\u00e9tel fejleszt\u00e9s\u00e9\u00e9rt tematik\u00e1j\u00e1t v\u00e1lasztottuk. A kunb\u00e1bonyi esem\u00e9ny r\u00e9sztvev\u0151i id\u00e9n a helyi \u00f6nrendelkez\u00e9ssel kapcsolatos el\u0151ad\u00e1sok, m\u0171helybesz\u00e9lget\u00e9sek, szakmai bemutat\u00f3k keretein bel\u00fcl foglalkoztak elm\u00e9leti k\u00e9rd\u00e9sekkel \u00e9s k\u00f6z\u00f6ss\u00e9gi megold\u00e1sok p\u00e9ld\u00e1ival, lehet\u0151s\u00e9geivel [&hellip;]","og_url":"https:\/\/kofe.hu\/parola\/parola-folyoirat\/szerkesztoi-eloszo-a-parola-2021-3-as-szamahoz\/","og_site_name":"Parola Foly\u00f3irat","article_published_time":"2021-10-10T15:24:50+00:00","article_modified_time":"2021-10-11T19:11:52+00:00","og_image":[{"width":700,"height":485,"url":"https:\/\/kofe.hu\/parola\/wp-content\/uploads\/2021\/10\/2023-3-DD00.jpg","type":"image\/jpeg"}],"author":"Dudok D\u00e1vid","twitter_card":"summary_large_image","twitter_misc":{"Szerz\u0151:":"Dudok D\u00e1vid","Becs\u00fclt olvas\u00e1si id\u0151":"5 perc","Written by":"Dudok D\u00e1vid"},"schema":{"@context":"https:\/\/schema.org","@graph":[{"@type":"Article","@id":"https:\/\/kofe.hu\/parola\/parola-folyoirat\/szerkesztoi-eloszo-a-parola-2021-3-as-szamahoz\/#article","isPartOf":{"@id":"https:\/\/kofe.hu\/parola\/parola-folyoirat\/szerkesztoi-eloszo-a-parola-2021-3-as-szamahoz\/"},"author":{"name":"Dudok D\u00e1vid","@id":"https:\/\/kofe.hu\/parola\/#\/schema\/person\/fa7673d920ffe6466ba80fc740ecc01b"},"headline":"Szerkeszt\u0151i el\u0151sz\u00f3 a Parola 2021\/3-as sz\u00e1m\u00e1hoz","datePublished":"2021-10-10T15:24:50+00:00","dateModified":"2021-10-11T19:11:52+00:00","mainEntityOfPage":{"@id":"https:\/\/kofe.hu\/parola\/parola-folyoirat\/szerkesztoi-eloszo-a-parola-2021-3-as-szamahoz\/"},"wordCount":975,"commentCount":0,"image":{"@id":"https:\/\/kofe.hu\/parola\/parola-folyoirat\/szerkesztoi-eloszo-a-parola-2021-3-as-szamahoz\/#primaryimage"},"thumbnailUrl":"https:\/\/kofe.hu\/parola\/wp-content\/uploads\/2021\/10\/2023-3-DD00.jpg","keywords":["el\u0151sz\u00f3"],"articleSection":["Parola 2021\/3","Parola Foly\u00f3irat","Repert\u00f3rium"],"inLanguage":"hu","potentialAction":[{"@type":"CommentAction","name":"Comment","target":["https:\/\/kofe.hu\/parola\/parola-folyoirat\/szerkesztoi-eloszo-a-parola-2021-3-as-szamahoz\/#respond"]}]},{"@type":"WebPage","@id":"https:\/\/kofe.hu\/parola\/parola-folyoirat\/szerkesztoi-eloszo-a-parola-2021-3-as-szamahoz\/","url":"https:\/\/kofe.hu\/parola\/parola-folyoirat\/szerkesztoi-eloszo-a-parola-2021-3-as-szamahoz\/","name":"Szerkeszt\u0151i el\u0151sz\u00f3 a Parola 2021\/3-as sz\u00e1m\u00e1hoz - Parola Foly\u00f3irat","isPartOf":{"@id":"https:\/\/kofe.hu\/parola\/#website"},"primaryImageOfPage":{"@id":"https:\/\/kofe.hu\/parola\/parola-folyoirat\/szerkesztoi-eloszo-a-parola-2021-3-as-szamahoz\/#primaryimage"},"image":{"@id":"https:\/\/kofe.hu\/parola\/parola-folyoirat\/szerkesztoi-eloszo-a-parola-2021-3-as-szamahoz\/#primaryimage"},"thumbnailUrl":"https:\/\/kofe.hu\/parola\/wp-content\/uploads\/2021\/10\/2023-3-DD00.jpg","datePublished":"2021-10-10T15:24:50+00:00","dateModified":"2021-10-11T19:11:52+00:00","author":{"@id":"https:\/\/kofe.hu\/parola\/#\/schema\/person\/fa7673d920ffe6466ba80fc740ecc01b"},"breadcrumb":{"@id":"https:\/\/kofe.hu\/parola\/parola-folyoirat\/szerkesztoi-eloszo-a-parola-2021-3-as-szamahoz\/#breadcrumb"},"inLanguage":"hu","potentialAction":[{"@type":"ReadAction","target":["https:\/\/kofe.hu\/parola\/parola-folyoirat\/szerkesztoi-eloszo-a-parola-2021-3-as-szamahoz\/"]}]},{"@type":"ImageObject","inLanguage":"hu","@id":"https:\/\/kofe.hu\/parola\/parola-folyoirat\/szerkesztoi-eloszo-a-parola-2021-3-as-szamahoz\/#primaryimage","url":"https:\/\/kofe.hu\/parola\/wp-content\/uploads\/2021\/10\/2023-3-DD00.jpg","contentUrl":"https:\/\/kofe.hu\/parola\/wp-content\/uploads\/2021\/10\/2023-3-DD00.jpg","width":700,"height":485},{"@type":"BreadcrumbList","@id":"https:\/\/kofe.hu\/parola\/parola-folyoirat\/szerkesztoi-eloszo-a-parola-2021-3-as-szamahoz\/#breadcrumb","itemListElement":[{"@type":"ListItem","position":1,"name":"Home","item":"https:\/\/kofe.hu\/parola\/"},{"@type":"ListItem","position":2,"name":"Szerkeszt\u0151i el\u0151sz\u00f3 a Parola 2021\/3-as sz\u00e1m\u00e1hoz"}]},{"@type":"WebSite","@id":"https:\/\/kofe.hu\/parola\/#website","url":"https:\/\/kofe.hu\/parola\/","name":"Parola Foly\u00f3irat","description":"","potentialAction":[{"@type":"SearchAction","target":{"@type":"EntryPoint","urlTemplate":"https:\/\/kofe.hu\/parola\/?s={search_term_string}"},"query-input":{"@type":"PropertyValueSpecification","valueRequired":true,"valueName":"search_term_string"}}],"inLanguage":"hu"},{"@type":"Person","@id":"https:\/\/kofe.hu\/parola\/#\/schema\/person\/fa7673d920ffe6466ba80fc740ecc01b","name":"Dudok D\u00e1vid","image":{"@type":"ImageObject","inLanguage":"hu","@id":"https:\/\/kofe.hu\/parola\/#\/schema\/person\/image\/4a209a9bd52212046152b246e530f5cd","url":"https:\/\/secure.gravatar.com\/avatar\/5b7260a12c15abe0afe57b58da11b08539896ee41973329b44e620f77e7e4dc8?s=96&d=mm&r=g","contentUrl":"https:\/\/secure.gravatar.com\/avatar\/5b7260a12c15abe0afe57b58da11b08539896ee41973329b44e620f77e7e4dc8?s=96&d=mm&r=g","caption":"Dudok D\u00e1vid"},"url":"https:\/\/kofe.hu\/parola\/szerzok\/dudok-david\/"}]}},"_links":{"self":[{"href":"https:\/\/kofe.hu\/parola\/wp-json\/wp\/v2\/posts\/6403","targetHints":{"allow":["GET"]}}],"collection":[{"href":"https:\/\/kofe.hu\/parola\/wp-json\/wp\/v2\/posts"}],"about":[{"href":"https:\/\/kofe.hu\/parola\/wp-json\/wp\/v2\/types\/post"}],"author":[{"embeddable":true,"href":"https:\/\/kofe.hu\/parola\/wp-json\/wp\/v2\/users\/537"}],"replies":[{"embeddable":true,"href":"https:\/\/kofe.hu\/parola\/wp-json\/wp\/v2\/comments?post=6403"}],"version-history":[{"count":2,"href":"https:\/\/kofe.hu\/parola\/wp-json\/wp\/v2\/posts\/6403\/revisions"}],"predecessor-version":[{"id":6406,"href":"https:\/\/kofe.hu\/parola\/wp-json\/wp\/v2\/posts\/6403\/revisions\/6406"}],"wp:featuredmedia":[{"embeddable":true,"href":"https:\/\/kofe.hu\/parola\/wp-json\/wp\/v2\/media\/6404"}],"wp:attachment":[{"href":"https:\/\/kofe.hu\/parola\/wp-json\/wp\/v2\/media?parent=6403"}],"wp:term":[{"taxonomy":"category","embeddable":true,"href":"https:\/\/kofe.hu\/parola\/wp-json\/wp\/v2\/categories?post=6403"},{"taxonomy":"post_tag","embeddable":true,"href":"https:\/\/kofe.hu\/parola\/wp-json\/wp\/v2\/tags?post=6403"},{"taxonomy":"author","embeddable":true,"href":"https:\/\/kofe.hu\/parola\/wp-json\/wp\/v2\/coauthors?post=6403"}],"curies":[{"name":"wp","href":"https:\/\/api.w.org\/{rel}","templated":true}]}}