{"id":6235,"date":"2021-07-11T13:54:29","date_gmt":"2021-07-11T13:54:29","guid":{"rendered":"https:\/\/kofe.hu\/parola\/?p=6235"},"modified":"2021-07-14T18:44:08","modified_gmt":"2021-07-14T18:44:08","slug":"szerkesztoi-eloszo-3","status":"publish","type":"post","link":"https:\/\/kofe.hu\/parola\/parola-folyoirat\/szerkesztoi-eloszo-3\/","title":{"rendered":"Szerkeszt\u0151i el\u0151sz\u00f3"},"content":{"rendered":"<p>Hogyan vagyunk a hatalommal? Hogyan vannak k\u00f6z\u00f6ss\u00e9geink a hatalommal? Ki lehet-e ker\u00fclni a hatalmat? Lapsz\u00e1munk f\u00f3kusz\u00e1ban a hatalom t\u00e9m\u00e1ja \u00e1ll. Nem elm\u00e9leti \u00edr\u00e1sokat gy\u0171jt\u00f6tt\u00fcnk: az volt a c\u00e9lunk, hogy a hatalom min\u00e9l t\u00f6bb dimenzi\u00f3j\u00e1t megmutassuk. Hogy mindenki tal\u00e1ljon olyan \u00edr\u00e1st, amelyre r\u00e1csod\u00e1lkozik: \u00edgy sosem gondolt m\u00e9g a hatalomra. Mert a hatalom benne van a mindennapjainkban, int\u00e9zm\u00e9nyes\u00fclt az elj\u00e1r\u00e1sainkban, mert van, amikor \u00fagy vagyunk hatalmi helyzetben, hogy \u00e9szre sem vessz\u00fck. Mik\u00f6zben azon dolgozunk, hogy a k\u00f6z\u00f6ss\u00e9gek, a telep\u00fcl\u00e9sek, a h\u00e1tr\u00e1nyos helyzet\u0171 csoportok visszavegy\u00e9k a hatalmat.<!--more--><\/p>\n<p>Lapsz\u00e1munk els\u0151 \u00edr\u00e1s\u00e1ban Solt\u00e9sz \u00c1gnes egy\u00e9rtelm\u0171v\u00e9 teszi: mindig hatalmi helyzetben vagyunk. Fogantat\u00e1sunk pillanat\u00e1t\u00f3l kezdve. De ett\u0151l nem kell megijedni \u2013 tudat\u00e1ban kell lenni. Akkor is, amikor mi gyakoroljuk a hatalmat, \u00e9s akkor is, amikor felett\u00fcnk gyakorolj\u00e1k.<\/p>\n<p>A mindennapi hatalom t\u00e1g f\u00f3kusz\u00e1r\u00f3l a k\u00f6z\u00f6ss\u00e9gekre k\u00f6zel\u00edt\u00fcnk. El\u0151sz\u00f6r \u2013 P\u00e9terfi Ferenc j\u00f3volt\u00e1b\u00f3l \u2013 a t\u00e9m\u00e1hoz kapcsol\u00f3d\u00f3 alapfogalmak, az empowerment \u00e9s a szubszidiarit\u00e1s k\u00f6rbej\u00e1r\u00e1s\u00e1val, majd k\u00e9t k\u00f6z\u00f6ss\u00e9gfejleszt\u0151 szem\u00e9lyes hang\u00fa \u00edr\u00e1s\u00e1val. S\u00e9lley Andrea, mik\u00f6zben maga is v\u00e9gigmegy az \u00faton, megmutat egy lehet\u0151s\u00e9get arra, hogy saj\u00e1t, a hatalomhoz f\u0171z\u0151d\u0151 viszonyunkat tiszt\u00e1zzuk \u2013 nem csak k\u00f6z\u00f6ss\u00e9gfejleszt\u0151 szerep\u00fcnkben. Monostori \u00c9va pedig arra keresi a v\u00e1laszt, vajon ha \u00fajrakezden\u00e9, akkor is saj\u00e1t lak\u00f3hely\u00e9n v\u00e1llalna-e fejleszt\u0151i \u00e9s civil szervezeti szerepet? S mik\u00f6zben a dilemm\u00e1t k\u00f6rbej\u00e1rjuk, l\u00e1tleletet kapunk arr\u00f3l, hogyan tud (vissza)\u00e9lni hatalm\u00e1val egy helyi \u00f6nkorm\u00e1nyzat.<\/p>\n<p>A k\u00f6z\u00f6ss\u00e9gszervez\u00e9s hatalom-megk\u00f6zel\u00edt\u00e9s\u00e9nek elm\u00e9leti h\u00e1tter\u00e9t Giczey P\u00e9ter \u00edr\u00e1sa mutatja be, a k\u00f6z\u00f6ss\u00e9gi cselekv\u00e9s megszervez\u00e9s\u00e9nek k\u00fcl\u00f6nb\u00f6z\u0151 \u00e9s egym\u00e1st kieg\u00e9sz\u00edt\u0151 szempontjainak \u00e1ttekint\u00e9s\u00e9t is adva az elm\u00e9leteken kereszt\u00fcl. A kereszt\u00e9ny k\u00f6z\u00f6ss\u00e9gszervez\u00e9s t\u00f6rt\u00e9neti \u00e9s teol\u00f3giai el\u0151zm\u00e9nyeit, nemzetk\u00f6zi \u00e9s hazai megk\u00f6zel\u00edt\u00e9s\u00e9t tekintik \u00e1t Tarcsay Tibor, Ilosvai D\u00e1niel \u00e9s Haray Levente k\u00f6z\u00f6s \u00edr\u00e1sukban, r\u00e1mutatva ezzel a kereszt\u00e9ny \u00e9rt\u00e9kek \u00e9s a t\u00e1rsadalmi igazs\u00e1goss\u00e1g megteremt\u00e9s\u00e9t c\u00e9lz\u00f3 k\u00f6z\u00f6ss\u00e9gi cselekv\u00e9s egym\u00e1st er\u0151s\u00edt\u0151 hat\u00e1s\u00e1ra.<\/p>\n<p>A roma identit\u00e1s t\u00f6bbs\u00e9gi t\u00e1rsadalom \u00e1ltal konstru\u00e1lt hatalmi narrat\u00edv\u00e1it ellens\u00falyoz\u00f3 roma eml\u00e9kezetpoltika pozit\u00edv roma identit\u00e1st alak\u00edt\u00f3 folyamat\u00e1r\u00f3l, a roma k\u00f6z\u00f6ss\u00e9gi eml\u00e9kezeti helyek form\u00e1ir\u00f3l k\u00e9sz\u00fclt interj\u00faban Set\u00e9t Jen\u0151vel\u00a0 a roma eml\u00e9khelyeket felt\u00e1r\u00f3 orsz\u00e1gos kutat\u00e1s el\u0151zm\u00e9nyeir\u0151l is besz\u00e9lget\u00fcnk.<\/p>\n<p>K\u00e9t olyan programot is bemutatunk, amelyek az egyenl\u0151tlen hatalmi helyzetek k\u00f6vetkezt\u00e9ben kialakult t\u00e1rsadalmi folyamatok ellens\u00falyoz\u00e1s\u00e1t k\u00eds\u00e9rlik meg. A zsid\u00f3, muszlim, \u00f6kumenikus \u00e9s roma szervezetek \u00e1ltal megval\u00f3s\u00edtott vall\u00e1sk\u00f6zi \u00e9s emberi jogi egy\u00fcttm\u0171k\u00f6d\u00e9s keret\u00e9ben \u00e9ppen megval\u00f3sul\u00f3 program sor\u00e1n v\u00e9gzett online gy\u0171l\u00f6letbesz\u00e9d monitoroz\u00e1s eredm\u00e9nyeit \u00e9s az eredm\u00e9nyek \u00e1ltal kijel\u00f6lt terveket mutatja be Csanya Ildik\u00f3 \u00e9s Kelemen \u00c1gnes, reflekt\u00e1lva a programnak a megval\u00f3s\u00edt\u00e1st v\u00e9gz\u0151 egy\u00fcttm\u0171k\u00f6d\u0151 k\u00f6z\u00f6ss\u00e9gre gyakorolt hat\u00e1saira, meg\u00e9l\u00e9seire is. A Lehet\u0151s\u00e9gek tere nev\u0171, fiatalok sz\u00e1m\u00e1ra megalakult kezdem\u00e9nyez\u00e9s bemutat\u00e1sa sor\u00e1n M\u00e1ri\u00e1s Leon\u00e1rd \u00e9s K\u00e1nya Kinga azt a folyamatot mutatja be, ahogy a kezdem\u00e9nyez\u00e9st l\u00e9trehoz\u00f3 k\u00f6z\u00f6ss\u00e9g tagjai\u00a0 reflekt\u00e1ltak a saj\u00e1t t\u00e1rsadalmi helyzet\u00fckb\u0151l k\u00f6vetkez\u0151 \u00e9s az oktat\u00e1si rendszerben m\u0171k\u00f6d\u0151 hatalmi strukt\u00far\u00e1kra \u00e9s poz\u00edci\u00f3kra annak \u00e9rdek\u00e9ben, hogy val\u00f3ban egy inkluz\u00edv \u00e9s az egyenl\u0151tlens\u00e9geket nem \u00fajratermel\u0151 k\u00f6z\u00f6ss\u00e9gi teret hozzanak l\u00e9tre.<\/p>\n<p><img loading=\"lazy\" decoding=\"async\" class=\"aligncenter size-full wp-image-6236\" src=\"https:\/\/kofe.hu\/parola\/wp-content\/uploads\/2021\/07\/2021-2-eloszo.jpg\" alt=\"\" width=\"700\" height=\"395\" srcset=\"https:\/\/kofe.hu\/parola\/wp-content\/uploads\/2021\/07\/2021-2-eloszo.jpg 700w, https:\/\/kofe.hu\/parola\/wp-content\/uploads\/2021\/07\/2021-2-eloszo-300x169.jpg 300w, https:\/\/kofe.hu\/parola\/wp-content\/uploads\/2021\/07\/2021-2-eloszo-10x6.jpg 10w\" sizes=\"auto, (max-width: 700px) 100vw, 700px\" \/><\/p>\n<p>A lapsz\u00e1mban term\u00e9szetesen nem csak a hatalom t\u00e9m\u00e1j\u00e1ra f\u00f3kusz\u00e1l\u00f3 \u00edr\u00e1sok kaptak helyet. Tov\u00e1bbra sem megker\u00fclhet\u0151 a j\u00e1rv\u00e1ny: Mit \u00fczen a r\u00e1di\u00f3? rovatunkban Feischmidt Margit mutatja be legfrissebb kutat\u00e1sukat, s osztja meg gondolatait arr\u00f3l, mennyire tart\u00f3s\u00edthat\u00f3 a v\u00e1ls\u00e1g idej\u00e9n a civil oldalon megjelent er\u0151forr\u00e1s- \u00e9s szolidarit\u00e1st\u00f6bblet, vagy hogy a v\u00e1ls\u00e1gban \u00e9lesen kirajzol\u00f3d\u00f3 rendszerszint\u0171 hi\u00e1nyok er\u0151s\u00edtik-e az \u00e1llam \u00e9s a szakmai szervezetek partners\u00e9g\u00e9t. Hern\u00e1di Anna Borb\u00e1la is egy j\u00e1rv\u00e1ny alatti kutat\u00e1sa eredm\u00e9nyeit ismerteti. Ki tudja, mi az az \u00f6ko-lokalizmus, \u00e9s mi dolga vele egy-egy kistelep\u00fcl\u00e9s k\u00f6zm\u0171vel\u0151d\u00e9si szakember\u00e9nek? Hogyan lehet a glob\u00e1lis v\u00e1ls\u00e1gra helyi v\u00e1laszokat tal\u00e1lni, ha nincs alulr\u00f3l j\u00f6v\u0151 kezdem\u00e9nyez\u00e9s?<\/p>\n<p>A k\u00e9t utols\u00f3 \u00edr\u00e1s tervezett \u00e9s megval\u00f3sult k\u00f6z\u00f6ss\u00e9gi kezdem\u00e9nyez\u00e9sekr\u0151l tud\u00f3s\u00edt. Ol\u00e1h Roland elmes\u00e9li, milyen tapasztalatokat szerzett a K\u00f6z\u00f6ss\u00e9gfejleszt\u0151k Egyes\u00fclete a Civic Europe p\u00e1ly\u00e1zat \u00e9rdekl\u0151d\u0151inek t\u00e1mogat\u00e1sa sor\u00e1n, Huszerl J\u00f3zseft\u0151l pedig egy \u00fajabb csokrot kapunk a vil\u00e1gban megval\u00f3sult k\u00f6z\u00f6ss\u00e9gi j\u00f3 gyakorlatokr\u00f3l.<\/p>\n<p>&nbsp;<\/p>\n<p>H\u00f3napokig tervezt\u00fck \u00e9s gondoztuk, mik\u00f6zben mindenkinek boldogan mes\u00e9lt\u00fck, milyen izgalmas lapsz\u00e1m k\u00e9sz\u00fcl, v\u00e1rj\u00e1k csak ki a v\u00e9g\u00e9t. A t\u00e9m\u00e1nak persze sosincs v\u00e9ge, de a lapot lez\u00e1rtuk \u2013 rem\u00e9lve, hogy sok-sok gondolatot \u00e9s besz\u00e9lget\u00e9st ind\u00edtanak a benne olvashat\u00f3 \u00edr\u00e1sok.<\/p>\n<p>&nbsp;<\/p>\n<p>A lapsz\u00e1m szerkeszt\u0151i: Gyenes Zsuzsa, K\u00e1nya Kinga<br \/>\nNyelvi lektorok: Gyenes Zsuzsa, K\u00e1nya Kinga, Velenczei \u00c1gnes<br \/>\nTechnikai szerkeszt\u0151: Sain M\u00e1ty\u00e1s<\/p>\n<p>&nbsp;<\/p>\n","protected":false},"excerpt":{"rendered":"<p>Hogyan vagyunk a hatalommal? Hogyan vannak k\u00f6z\u00f6ss\u00e9geink a hatalommal? Ki lehet-e ker\u00fclni a hatalmat? Lapsz\u00e1munk f\u00f3kusz\u00e1ban a hatalom t\u00e9m\u00e1ja \u00e1ll. Nem elm\u00e9leti \u00edr\u00e1sokat gy\u0171jt\u00f6tt\u00fcnk: az volt a c\u00e9lunk, hogy a hatalom min\u00e9l t\u00f6bb dimenzi\u00f3j\u00e1t megmutassuk. Hogy mindenki tal\u00e1ljon olyan \u00edr\u00e1st, amelyre r\u00e1csod\u00e1lkozik: \u00edgy sosem gondolt m\u00e9g a hatalomra. Mert a hatalom benne van a mindennapjainkban, [&hellip;]<\/p>\n","protected":false},"author":9,"featured_media":6237,"comment_status":"open","ping_status":"open","sticky":false,"template":"","format":"standard","meta":{"_acf_changed":false,"footnotes":""},"categories":[816,8,7],"tags":[728,850],"coauthors":[14,833],"class_list":["post-6235","post","type-post","status-publish","format-standard","has-post-thumbnail","hentry","category-parola-2021-2","category-parola-folyoirat","category-repertorium","tag-eloszo","tag-hatalom"],"acf":[],"yoast_head":"<!-- This site is optimized with the Yoast SEO plugin v26.7 - https:\/\/yoast.com\/wordpress\/plugins\/seo\/ -->\n<title>Szerkeszt\u0151i el\u0151sz\u00f3 - Parola Foly\u00f3irat<\/title>\n<meta name=\"robots\" content=\"index, follow, max-snippet:-1, max-image-preview:large, max-video-preview:-1\" \/>\n<link rel=\"canonical\" href=\"https:\/\/kofe.hu\/parola\/parola-folyoirat\/szerkesztoi-eloszo-3\/\" \/>\n<meta property=\"og:locale\" content=\"hu_HU\" \/>\n<meta property=\"og:type\" content=\"article\" \/>\n<meta property=\"og:title\" content=\"Szerkeszt\u0151i el\u0151sz\u00f3 - Parola Foly\u00f3irat\" \/>\n<meta property=\"og:description\" content=\"Hogyan vagyunk a hatalommal? Hogyan vannak k\u00f6z\u00f6ss\u00e9geink a hatalommal? Ki lehet-e ker\u00fclni a hatalmat? Lapsz\u00e1munk f\u00f3kusz\u00e1ban a hatalom t\u00e9m\u00e1ja \u00e1ll. Nem elm\u00e9leti \u00edr\u00e1sokat gy\u0171jt\u00f6tt\u00fcnk: az volt a c\u00e9lunk, hogy a hatalom min\u00e9l t\u00f6bb dimenzi\u00f3j\u00e1t megmutassuk. Hogy mindenki tal\u00e1ljon olyan \u00edr\u00e1st, amelyre r\u00e1csod\u00e1lkozik: \u00edgy sosem gondolt m\u00e9g a hatalomra. Mert a hatalom benne van a mindennapjainkban, [&hellip;]\" \/>\n<meta property=\"og:url\" content=\"https:\/\/kofe.hu\/parola\/parola-folyoirat\/szerkesztoi-eloszo-3\/\" \/>\n<meta property=\"og:site_name\" content=\"Parola Foly\u00f3irat\" \/>\n<meta property=\"article:published_time\" content=\"2021-07-11T13:54:29+00:00\" \/>\n<meta property=\"article:modified_time\" content=\"2021-07-14T18:44:08+00:00\" \/>\n<meta property=\"og:image\" content=\"https:\/\/kofe.hu\/parola\/wp-content\/uploads\/2021\/07\/2021-2-eloszo-1.png\" \/>\n\t<meta property=\"og:image:width\" content=\"700\" \/>\n\t<meta property=\"og:image:height\" content=\"249\" \/>\n\t<meta property=\"og:image:type\" content=\"image\/png\" \/>\n<meta name=\"author\" content=\"Gyenes Zsuzsa, K\u00e1nya Kinga\" \/>\n<meta name=\"twitter:card\" content=\"summary_large_image\" \/>\n<meta name=\"twitter:label1\" content=\"Szerz\u0151:\" \/>\n\t<meta name=\"twitter:data1\" content=\"Gyenes Zsuzsa\" \/>\n\t<meta name=\"twitter:label2\" content=\"Becs\u00fclt olvas\u00e1si id\u0151\" \/>\n\t<meta name=\"twitter:data2\" content=\"5 perc\" \/>\n\t<meta name=\"twitter:label3\" content=\"Written by\" \/>\n\t<meta name=\"twitter:data3\" content=\"Gyenes Zsuzsa, K\u00e1nya Kinga\" \/>\n<script type=\"application\/ld+json\" class=\"yoast-schema-graph\">{\"@context\":\"https:\/\/schema.org\",\"@graph\":[{\"@type\":\"Article\",\"@id\":\"https:\/\/kofe.hu\/parola\/parola-folyoirat\/szerkesztoi-eloszo-3\/#article\",\"isPartOf\":{\"@id\":\"https:\/\/kofe.hu\/parola\/parola-folyoirat\/szerkesztoi-eloszo-3\/\"},\"author\":{\"name\":\"Gyenes Zsuzsa\",\"@id\":\"https:\/\/kofe.hu\/parola\/#\/schema\/person\/1cd44da3bbdbf8faddc203a2d5286c33\"},\"headline\":\"Szerkeszt\u0151i el\u0151sz\u00f3\",\"datePublished\":\"2021-07-11T13:54:29+00:00\",\"dateModified\":\"2021-07-14T18:44:08+00:00\",\"mainEntityOfPage\":{\"@id\":\"https:\/\/kofe.hu\/parola\/parola-folyoirat\/szerkesztoi-eloszo-3\/\"},\"wordCount\":1034,\"commentCount\":0,\"image\":{\"@id\":\"https:\/\/kofe.hu\/parola\/parola-folyoirat\/szerkesztoi-eloszo-3\/#primaryimage\"},\"thumbnailUrl\":\"https:\/\/kofe.hu\/parola\/wp-content\/uploads\/2021\/07\/2021-2-eloszo-1.png\",\"keywords\":[\"el\u0151sz\u00f3\",\"hatalom\"],\"articleSection\":[\"Parola 2021\/2\",\"Parola Foly\u00f3irat\",\"Repert\u00f3rium\"],\"inLanguage\":\"hu\",\"potentialAction\":[{\"@type\":\"CommentAction\",\"name\":\"Comment\",\"target\":[\"https:\/\/kofe.hu\/parola\/parola-folyoirat\/szerkesztoi-eloszo-3\/#respond\"]}]},{\"@type\":\"WebPage\",\"@id\":\"https:\/\/kofe.hu\/parola\/parola-folyoirat\/szerkesztoi-eloszo-3\/\",\"url\":\"https:\/\/kofe.hu\/parola\/parola-folyoirat\/szerkesztoi-eloszo-3\/\",\"name\":\"Szerkeszt\u0151i el\u0151sz\u00f3 - Parola Foly\u00f3irat\",\"isPartOf\":{\"@id\":\"https:\/\/kofe.hu\/parola\/#website\"},\"primaryImageOfPage\":{\"@id\":\"https:\/\/kofe.hu\/parola\/parola-folyoirat\/szerkesztoi-eloszo-3\/#primaryimage\"},\"image\":{\"@id\":\"https:\/\/kofe.hu\/parola\/parola-folyoirat\/szerkesztoi-eloszo-3\/#primaryimage\"},\"thumbnailUrl\":\"https:\/\/kofe.hu\/parola\/wp-content\/uploads\/2021\/07\/2021-2-eloszo-1.png\",\"datePublished\":\"2021-07-11T13:54:29+00:00\",\"dateModified\":\"2021-07-14T18:44:08+00:00\",\"author\":{\"@id\":\"https:\/\/kofe.hu\/parola\/#\/schema\/person\/1cd44da3bbdbf8faddc203a2d5286c33\"},\"breadcrumb\":{\"@id\":\"https:\/\/kofe.hu\/parola\/parola-folyoirat\/szerkesztoi-eloszo-3\/#breadcrumb\"},\"inLanguage\":\"hu\",\"potentialAction\":[{\"@type\":\"ReadAction\",\"target\":[\"https:\/\/kofe.hu\/parola\/parola-folyoirat\/szerkesztoi-eloszo-3\/\"]}]},{\"@type\":\"ImageObject\",\"inLanguage\":\"hu\",\"@id\":\"https:\/\/kofe.hu\/parola\/parola-folyoirat\/szerkesztoi-eloszo-3\/#primaryimage\",\"url\":\"https:\/\/kofe.hu\/parola\/wp-content\/uploads\/2021\/07\/2021-2-eloszo-1.png\",\"contentUrl\":\"https:\/\/kofe.hu\/parola\/wp-content\/uploads\/2021\/07\/2021-2-eloszo-1.png\",\"width\":700,\"height\":249},{\"@type\":\"BreadcrumbList\",\"@id\":\"https:\/\/kofe.hu\/parola\/parola-folyoirat\/szerkesztoi-eloszo-3\/#breadcrumb\",\"itemListElement\":[{\"@type\":\"ListItem\",\"position\":1,\"name\":\"Home\",\"item\":\"https:\/\/kofe.hu\/parola\/\"},{\"@type\":\"ListItem\",\"position\":2,\"name\":\"Szerkeszt\u0151i el\u0151sz\u00f3\"}]},{\"@type\":\"WebSite\",\"@id\":\"https:\/\/kofe.hu\/parola\/#website\",\"url\":\"https:\/\/kofe.hu\/parola\/\",\"name\":\"Parola Foly\u00f3irat\",\"description\":\"\",\"potentialAction\":[{\"@type\":\"SearchAction\",\"target\":{\"@type\":\"EntryPoint\",\"urlTemplate\":\"https:\/\/kofe.hu\/parola\/?s={search_term_string}\"},\"query-input\":{\"@type\":\"PropertyValueSpecification\",\"valueRequired\":true,\"valueName\":\"search_term_string\"}}],\"inLanguage\":\"hu\"},{\"@type\":\"Person\",\"@id\":\"https:\/\/kofe.hu\/parola\/#\/schema\/person\/1cd44da3bbdbf8faddc203a2d5286c33\",\"name\":\"Gyenes Zsuzsa\",\"image\":{\"@type\":\"ImageObject\",\"inLanguage\":\"hu\",\"@id\":\"https:\/\/kofe.hu\/parola\/#\/schema\/person\/image\/b189c454b130c706b26e6133a45bf781\",\"url\":\"https:\/\/secure.gravatar.com\/avatar\/19e7f783f9f5755791e401be4bce22176e774252bc71a02cf9874af17694e1f3?s=96&d=mm&r=g\",\"contentUrl\":\"https:\/\/secure.gravatar.com\/avatar\/19e7f783f9f5755791e401be4bce22176e774252bc71a02cf9874af17694e1f3?s=96&d=mm&r=g\",\"caption\":\"Gyenes Zsuzsa\"},\"url\":\"https:\/\/kofe.hu\/parola\/szerzok\/gyenes-zsuzsa\/\"}]}<\/script>\n<!-- \/ Yoast SEO plugin. -->","yoast_head_json":{"title":"Szerkeszt\u0151i el\u0151sz\u00f3 - Parola Foly\u00f3irat","robots":{"index":"index","follow":"follow","max-snippet":"max-snippet:-1","max-image-preview":"max-image-preview:large","max-video-preview":"max-video-preview:-1"},"canonical":"https:\/\/kofe.hu\/parola\/parola-folyoirat\/szerkesztoi-eloszo-3\/","og_locale":"hu_HU","og_type":"article","og_title":"Szerkeszt\u0151i el\u0151sz\u00f3 - Parola Foly\u00f3irat","og_description":"Hogyan vagyunk a hatalommal? Hogyan vannak k\u00f6z\u00f6ss\u00e9geink a hatalommal? Ki lehet-e ker\u00fclni a hatalmat? Lapsz\u00e1munk f\u00f3kusz\u00e1ban a hatalom t\u00e9m\u00e1ja \u00e1ll. Nem elm\u00e9leti \u00edr\u00e1sokat gy\u0171jt\u00f6tt\u00fcnk: az volt a c\u00e9lunk, hogy a hatalom min\u00e9l t\u00f6bb dimenzi\u00f3j\u00e1t megmutassuk. Hogy mindenki tal\u00e1ljon olyan \u00edr\u00e1st, amelyre r\u00e1csod\u00e1lkozik: \u00edgy sosem gondolt m\u00e9g a hatalomra. Mert a hatalom benne van a mindennapjainkban, [&hellip;]","og_url":"https:\/\/kofe.hu\/parola\/parola-folyoirat\/szerkesztoi-eloszo-3\/","og_site_name":"Parola Foly\u00f3irat","article_published_time":"2021-07-11T13:54:29+00:00","article_modified_time":"2021-07-14T18:44:08+00:00","og_image":[{"width":700,"height":249,"url":"https:\/\/kofe.hu\/parola\/wp-content\/uploads\/2021\/07\/2021-2-eloszo-1.png","type":"image\/png"}],"author":"Gyenes Zsuzsa, K\u00e1nya Kinga","twitter_card":"summary_large_image","twitter_misc":{"Szerz\u0151:":"Gyenes Zsuzsa","Becs\u00fclt olvas\u00e1si id\u0151":"5 perc","Written by":"Gyenes Zsuzsa, K\u00e1nya Kinga"},"schema":{"@context":"https:\/\/schema.org","@graph":[{"@type":"Article","@id":"https:\/\/kofe.hu\/parola\/parola-folyoirat\/szerkesztoi-eloszo-3\/#article","isPartOf":{"@id":"https:\/\/kofe.hu\/parola\/parola-folyoirat\/szerkesztoi-eloszo-3\/"},"author":{"name":"Gyenes Zsuzsa","@id":"https:\/\/kofe.hu\/parola\/#\/schema\/person\/1cd44da3bbdbf8faddc203a2d5286c33"},"headline":"Szerkeszt\u0151i el\u0151sz\u00f3","datePublished":"2021-07-11T13:54:29+00:00","dateModified":"2021-07-14T18:44:08+00:00","mainEntityOfPage":{"@id":"https:\/\/kofe.hu\/parola\/parola-folyoirat\/szerkesztoi-eloszo-3\/"},"wordCount":1034,"commentCount":0,"image":{"@id":"https:\/\/kofe.hu\/parola\/parola-folyoirat\/szerkesztoi-eloszo-3\/#primaryimage"},"thumbnailUrl":"https:\/\/kofe.hu\/parola\/wp-content\/uploads\/2021\/07\/2021-2-eloszo-1.png","keywords":["el\u0151sz\u00f3","hatalom"],"articleSection":["Parola 2021\/2","Parola Foly\u00f3irat","Repert\u00f3rium"],"inLanguage":"hu","potentialAction":[{"@type":"CommentAction","name":"Comment","target":["https:\/\/kofe.hu\/parola\/parola-folyoirat\/szerkesztoi-eloszo-3\/#respond"]}]},{"@type":"WebPage","@id":"https:\/\/kofe.hu\/parola\/parola-folyoirat\/szerkesztoi-eloszo-3\/","url":"https:\/\/kofe.hu\/parola\/parola-folyoirat\/szerkesztoi-eloszo-3\/","name":"Szerkeszt\u0151i el\u0151sz\u00f3 - Parola Foly\u00f3irat","isPartOf":{"@id":"https:\/\/kofe.hu\/parola\/#website"},"primaryImageOfPage":{"@id":"https:\/\/kofe.hu\/parola\/parola-folyoirat\/szerkesztoi-eloszo-3\/#primaryimage"},"image":{"@id":"https:\/\/kofe.hu\/parola\/parola-folyoirat\/szerkesztoi-eloszo-3\/#primaryimage"},"thumbnailUrl":"https:\/\/kofe.hu\/parola\/wp-content\/uploads\/2021\/07\/2021-2-eloszo-1.png","datePublished":"2021-07-11T13:54:29+00:00","dateModified":"2021-07-14T18:44:08+00:00","author":{"@id":"https:\/\/kofe.hu\/parola\/#\/schema\/person\/1cd44da3bbdbf8faddc203a2d5286c33"},"breadcrumb":{"@id":"https:\/\/kofe.hu\/parola\/parola-folyoirat\/szerkesztoi-eloszo-3\/#breadcrumb"},"inLanguage":"hu","potentialAction":[{"@type":"ReadAction","target":["https:\/\/kofe.hu\/parola\/parola-folyoirat\/szerkesztoi-eloszo-3\/"]}]},{"@type":"ImageObject","inLanguage":"hu","@id":"https:\/\/kofe.hu\/parola\/parola-folyoirat\/szerkesztoi-eloszo-3\/#primaryimage","url":"https:\/\/kofe.hu\/parola\/wp-content\/uploads\/2021\/07\/2021-2-eloszo-1.png","contentUrl":"https:\/\/kofe.hu\/parola\/wp-content\/uploads\/2021\/07\/2021-2-eloszo-1.png","width":700,"height":249},{"@type":"BreadcrumbList","@id":"https:\/\/kofe.hu\/parola\/parola-folyoirat\/szerkesztoi-eloszo-3\/#breadcrumb","itemListElement":[{"@type":"ListItem","position":1,"name":"Home","item":"https:\/\/kofe.hu\/parola\/"},{"@type":"ListItem","position":2,"name":"Szerkeszt\u0151i el\u0151sz\u00f3"}]},{"@type":"WebSite","@id":"https:\/\/kofe.hu\/parola\/#website","url":"https:\/\/kofe.hu\/parola\/","name":"Parola Foly\u00f3irat","description":"","potentialAction":[{"@type":"SearchAction","target":{"@type":"EntryPoint","urlTemplate":"https:\/\/kofe.hu\/parola\/?s={search_term_string}"},"query-input":{"@type":"PropertyValueSpecification","valueRequired":true,"valueName":"search_term_string"}}],"inLanguage":"hu"},{"@type":"Person","@id":"https:\/\/kofe.hu\/parola\/#\/schema\/person\/1cd44da3bbdbf8faddc203a2d5286c33","name":"Gyenes Zsuzsa","image":{"@type":"ImageObject","inLanguage":"hu","@id":"https:\/\/kofe.hu\/parola\/#\/schema\/person\/image\/b189c454b130c706b26e6133a45bf781","url":"https:\/\/secure.gravatar.com\/avatar\/19e7f783f9f5755791e401be4bce22176e774252bc71a02cf9874af17694e1f3?s=96&d=mm&r=g","contentUrl":"https:\/\/secure.gravatar.com\/avatar\/19e7f783f9f5755791e401be4bce22176e774252bc71a02cf9874af17694e1f3?s=96&d=mm&r=g","caption":"Gyenes Zsuzsa"},"url":"https:\/\/kofe.hu\/parola\/szerzok\/gyenes-zsuzsa\/"}]}},"_links":{"self":[{"href":"https:\/\/kofe.hu\/parola\/wp-json\/wp\/v2\/posts\/6235","targetHints":{"allow":["GET"]}}],"collection":[{"href":"https:\/\/kofe.hu\/parola\/wp-json\/wp\/v2\/posts"}],"about":[{"href":"https:\/\/kofe.hu\/parola\/wp-json\/wp\/v2\/types\/post"}],"author":[{"embeddable":true,"href":"https:\/\/kofe.hu\/parola\/wp-json\/wp\/v2\/users\/9"}],"replies":[{"embeddable":true,"href":"https:\/\/kofe.hu\/parola\/wp-json\/wp\/v2\/comments?post=6235"}],"version-history":[{"count":4,"href":"https:\/\/kofe.hu\/parola\/wp-json\/wp\/v2\/posts\/6235\/revisions"}],"predecessor-version":[{"id":6278,"href":"https:\/\/kofe.hu\/parola\/wp-json\/wp\/v2\/posts\/6235\/revisions\/6278"}],"wp:featuredmedia":[{"embeddable":true,"href":"https:\/\/kofe.hu\/parola\/wp-json\/wp\/v2\/media\/6237"}],"wp:attachment":[{"href":"https:\/\/kofe.hu\/parola\/wp-json\/wp\/v2\/media?parent=6235"}],"wp:term":[{"taxonomy":"category","embeddable":true,"href":"https:\/\/kofe.hu\/parola\/wp-json\/wp\/v2\/categories?post=6235"},{"taxonomy":"post_tag","embeddable":true,"href":"https:\/\/kofe.hu\/parola\/wp-json\/wp\/v2\/tags?post=6235"},{"taxonomy":"author","embeddable":true,"href":"https:\/\/kofe.hu\/parola\/wp-json\/wp\/v2\/coauthors?post=6235"}],"curies":[{"name":"wp","href":"https:\/\/api.w.org\/{rel}","templated":true}]}}