{"id":6136,"date":"2021-07-09T15:16:34","date_gmt":"2021-07-09T15:16:34","guid":{"rendered":"https:\/\/kofe.hu\/parola\/?p=6136"},"modified":"2021-07-14T18:51:50","modified_gmt":"2021-07-14T18:51:50","slug":"fokozza-e-a-szolidaritast-a-virusvalsag","status":"publish","type":"post","link":"https:\/\/kofe.hu\/parola\/parola-folyoirat\/fokozza-e-a-szolidaritast-a-virusvalsag\/","title":{"rendered":"Fokozza-e a szolidarit\u00e1st a v\u00edrusv\u00e1ls\u00e1g?"},"content":{"rendered":"<p><strong>Mit \u00fczen a r\u00e1di\u00f3?<\/strong><\/p>\n<p>Feischmidt Margittal, a T\u00e1rsadalomtudom\u00e1nyi Kutat\u00f3k\u00f6zpont munkat\u00e1rs\u00e1val besz\u00e9lgetett a Civil R\u00e1di\u00f3 117 perc c\u00edm\u0171 m\u0171sor\u00e1ban P\u00e9terfi Ferenc.<a href=\"#_ftn1\" name=\"_ftnref1\"><sup>[1]<\/sup><\/a><\/p>\n<p>P\u00e9terfi Ferenc (PF): Hogyan seg\u00edthet\u00fcnk az eg\u00e9szs\u00e9g\u00fcgyi kr\u00edzishelyzeten? \u2013 Ez volt a c\u00edme annak a kerekasztalnak, ami a k\u00f6zelm\u00faltban zajlott, \u00e9s ennek a konferenci\u00e1nak az egyik vend\u00e9ge volt Feischmidt Margit, aki a T\u00e1rsadalomtudom\u00e1nyi Kutat\u00f3k\u00f6zpont professzora, \u00e9s aki a mai vend\u00e9g\u00fcnk, szeretettel k\u00f6sz\u00f6ntelek.<\/p>\n<p>Feischmidt Margit (FM): Nagyon sz\u00e9pen k\u00f6sz\u00f6n\u00f6m a megh\u00edv\u00e1st, \u00e9n is szeretettel k\u00f6sz\u00f6nt\u00f6m a hallgat\u00f3kat.<\/p>\n<p>PF: Amir\u0151l te besz\u00e9lt\u00e9l, amir\u0151l olvastam egy r\u00f6videbb \u00f6sszefoglal\u00f3t, azt a k\u00e9rd\u00e9st j\u00e1rja k\u00f6r\u00fcl, hogy a szolidarit\u00e1s a j\u00e1rv\u00e1nyv\u00e1ls\u00e1gra milyen v\u00e1laszokat adott, hogy milyen v\u00e1ls\u00e1gra adott v\u00e1laszok jelentkeztek a magyar t\u00e1rsadalomban. Igaz\u00e1b\u00f3l ez is mindj\u00e1rt a k\u00e9rd\u00e9sem, hogy hogyan foglalhat\u00f3 ez \u00f6ssze, milyen seg\u00edts\u00e9gny\u00fajt\u00e1si vagy milyen szolidarit\u00e1si kezdem\u00e9nyez\u00e9sek voltak, amikkel ti tal\u00e1lkoztatok a kutat\u00e1s kapcs\u00e1n?<\/p>\n<p>FM: A kutat\u00e1snak k\u00e9t r\u00e9sze volt. Az egyik egy interj\u00fas kutat\u00e1s, amiben online forr\u00e1sokb\u00f3l azonos\u00edtott kezdem\u00e9nyez\u00e9sek alapj\u00e1n egy h\u00f3nap alatt \u2013 tavaly az els\u0151 hull\u00e1m idej\u00e9n \u00e1prilis elej\u00e9t\u0151l v\u00e9g\u00e9ig tartott ez az online megfigyel\u00e9se a kezdem\u00e9nyez\u00e9seknek \u2013 \u00f6sszesen 180-at r\u00f6gz\u00edtett\u00fcnk. Mindenkit megkerest\u00fcnk, \u00e9s v\u00e9g\u00fcl 53 interj\u00fa k\u00e9sz\u00fclt el. Ezzel egy id\u0151ben t\u00f6rt\u00e9nt egy kvantitat\u00edv adatfelv\u00e9tel is, amelyiknek egy kicsit t\u00e1gabb volt a c\u00e9lja. \u0150k \u2013 a koll\u00e9g\u00e1ink \u2013 nem csak azt n\u00e9zt\u00e9k, hogy milyen seg\u00edt\u00e9si form\u00e1k jelentek meg \u00e9s kik r\u00e9sz\u00e9r\u0151l \u00e9rkeztek ezek a kezdem\u00e9nyez\u00e9sek, hanem a seg\u00edt\u00e9st k\u00e9t ir\u00e1nyb\u00f3l n\u00e9zt\u00e9k. Egyr\u00e9szt azt, hogy a t\u00e1rsadalomban milyen ig\u00e9nyek jelentkeztek arra, hogy seg\u00edtve legyenek. M\u00e1sfel\u0151l pedig, hogy a k\u00edn\u00e1lati oldalon milyen kezdem\u00e9nyez\u00e9sek sz\u00fclettek a seg\u00edts\u00e9gre vonatkoz\u00f3an.<\/p>\n<p>A kvantitat\u00edv kutat\u00e1s az ELTE T\u00e1rsadalomtudom\u00e1nyi Kar keret\u00e9n bel\u00fcl sz\u00fcletett, ez S\u00edk Domonkos nev\u00e9hez f\u0171z\u0151dik. Az \u00e9n koll\u00e9g\u00e1im k\u00f6z\u00fcl Zakari\u00e1s Ildik\u00f3 dolgozott ebben, \u00e9s az volt az \u00e9rdekes \u00e9s meglep\u0151 is egyben, hogy ami a seg\u00edts\u00e9gre vonatkoz\u00f3 ig\u00e9nyeket illeti, t\u00f6bbs\u00e9g\u00e9ben nem az eg\u00e9szs\u00e9g\u00fcgyi v\u00e1ls\u00e1gnak a t\u00fcnetei, \u00e9s nem is a betegs\u00e9g okozta sz\u00fcks\u00e9ghelyzetben k\u00e9rtek seg\u00edts\u00e9get az emberek, hanem anyagi term\u00e9szet\u0171 seg\u00edts\u00e9get k\u00e9rtek. Teh\u00e1t, hogy a szeg\u00e9nys\u00e9gnek a hat\u00e1sa \u00e9s a pand\u00e9mia \u00e1ltal kiv\u00e1ltott v\u00e1ls\u00e1gnak a hat\u00e1sa az els\u0151 hull\u00e1m alatt sokkal ink\u00e1bb \u00e9rz\u00e9kelhet\u0151 volt gazdas\u00e1gi vonatkoz\u00e1sban. Sajnos nem rendelkez\u00fcnk ennek a p\u00e1rhuzam\u00e1val a jelenlegi hull\u00e1m alatt, de abszol\u00fat el tudom k\u00e9pzelni, hogy most sokkal ink\u00e1bb \u00e9rinti az embereket. Alig van m\u00e1r olyan csal\u00e1d szerintem \u2013 vagy egy nagyobb csal\u00e1dra vonatkoz\u00f3an biztosan igaz \u2013, aki ne gy\u00e1szolna valakit, aki ne hordozott volna valakit, akit a betegs\u00e9g meg\u00e9rintett, aki \u00e1t\u00e9lte ezt a betegs\u00e9get. Teh\u00e1t azt gondolom, hogy a t\u00e1rsadalom meg\u00e9rintetts\u00e9ge m\u00e1s az els\u0151 \u00e9s a harmadik hull\u00e1mban. Az els\u0151 hull\u00e1m alatt k\u00e9sz\u00edtett\u00fck a seg\u00edt\u0151kre \u00e9s a seg\u00edt\u0151 kezdem\u00e9nyez\u00e9sekre vonatkoz\u00f3 interj\u00fakat, ahol egyr\u00e9szt az eg\u00e9szs\u00e9g\u00fcgyben dolgoz\u00f3kra \u00e9s az \u00e1poltakra vonatkoz\u00f3, gondoz\u00e1sban megnyilv\u00e1nul\u00f3 szolidarit\u00e1si form\u00e1kat tal\u00e1ltunk. Illetve az oktat\u00e1sban l\u00e1ttunk m\u00e9g ilyen seg\u00edts\u00e9get nagyon k\u00fcl\u00f6nb\u00f6z\u0151 ir\u00e1nyokb\u00f3l \u00e9rkezve. Nagyon intenz\u00edv volt ez a k\u00e9t ter\u00fclet. De ugye eml\u00e9ksz\u00fcnk, hogy ezen a ter\u00fcleten, teh\u00e1t a seg\u00edt\u00e9s vonatkoz\u00e1s\u00e1ban, f\u00f6lmer\u00fcltek m\u00e1r a kultur\u00e1lis szf\u00e9r\u00e1nak a szolg\u00e1ltat\u00e1sai, amelyek kimaradtak a piacr\u00f3l, azokat ilyen civil kezdem\u00e9nyez\u00e9sek p\u00f3tolt\u00e1k. \u00c9s ez nagyon sok ter\u00fcleten volt \u00edgy.<\/p>\n<p>PF: Ha j\u00f3l vettem ki a kutat\u00e1sb\u00f3l, az aktiviz\u00e1l\u00f3d\u00f3k k\u00f6z\u00fcl pr\u00f3b\u00e1lt\u00e1tok megragadni k\u00fcl\u00f6n az int\u00e9zm\u00e9nyeket, tal\u00e1n az \u00e1llami szolg\u00e1ltat\u00e1sokat \u00e9s a civileket is. Ebben mik a legmark\u00e1nsabbak tapasztalatok?<\/p>\n<p>FM: Az \u00e1llamot kiz\u00e1rtuk istenigaz\u00e1b\u00f3l. Teh\u00e1t nem az \u00e1llam volt a f\u00f3kuszban, hanem a civileknek k\u00e9t form\u00e1ja: az int\u00e9zm\u00e9nyi keretek k\u00f6z\u00f6tt szervez\u0151d\u0151 civilek, illetve az egy\u00e9nileg jelentkez\u0151k. Az int\u00e9zm\u00e9nyek vonatkoz\u00e1s\u00e1ban k\u00e9t form\u00e1ci\u00f3 volt nagyon fontos, amit l\u00e1tunk: az egyik a humanit\u00e1rius szervezetek, ami teljesen v\u00e1rhat\u00f3 \u2013 minden katasztr\u00f3fa idej\u00e9n ez t\u00f6rt\u00e9nik. A m\u00e1sik viszont, ami nagyon fontos volt, az a civil szervezeteknek a jelenl\u00e9te, azoknak a civil szervezeteknek, akiknek egy\u00e9bk\u00e9nt az \u00e9letad\u00f3 er\u0151 meg van ritk\u00edtva a k\u00f6rnyezet\u00fckben.<\/p>\n<p>PF: K\u00f6sz\u00f6n\u00f6m, ez nagyon diplomatikus \u00e9s nagyon fontos k\u00f6r\u00fcl\u00edr\u00e1sa a k\u00f6rnyezetnek.<\/p>\n<p><img loading=\"lazy\" decoding=\"async\" class=\"aligncenter size-full wp-image-6142\" src=\"https:\/\/kofe.hu\/parola\/wp-content\/uploads\/2021\/07\/2021-2-PF-3-1.jpg\" alt=\"\" width=\"700\" height=\"465\" srcset=\"https:\/\/kofe.hu\/parola\/wp-content\/uploads\/2021\/07\/2021-2-PF-3-1.jpg 700w, https:\/\/kofe.hu\/parola\/wp-content\/uploads\/2021\/07\/2021-2-PF-3-1-300x199.jpg 300w, https:\/\/kofe.hu\/parola\/wp-content\/uploads\/2021\/07\/2021-2-PF-3-1-10x7.jpg 10w\" sizes=\"auto, (max-width: 700px) 100vw, 700px\" \/><\/p>\n<p>FM: Nek\u00fcnk az nagyon tanuls\u00e1gos volt, azt l\u00e1ttuk, hogy ennek ellen\u00e9re, hogyha jelentkezik egy kr\u00edzis a t\u00e1rsadalomban, akkor h\u00e1rom dolog t\u00f6rt\u00e9nik. Ugye megjelennek a humanit\u00e1riusok, akiknek ez a dolguk. A civilek erej\u00fcket fel\u00fclm\u00fal\u00f3 hat\u00e9konys\u00e1got, jelenl\u00e9tet bizony\u00edtanak, \u00e9s a t\u00e1rsadalom eml\u00e9kezet\u00e9ben is ott van, teh\u00e1t hat\u00e9konyan m\u0171k\u00f6dnek az \u00f6nk\u00e9ntesek megszervez\u00e9s\u00e9ben. Sok ter\u00fcleten egy\u00e9bk\u00e9nt. \u00c9s a harmadik pedig az, hogy jelentkeznek olyan emberek ilyen katasztr\u00f3fa eset\u00e9n, akiknek nincsen folytonos jelenl\u00e9t\u00fck a civil szf\u00e9r\u00e1ban, hanem mindig amikor nagy baj van, akkor jelennek meg, \u00e9s a katasztr\u00f3fahelyzet elh\u00e1r\u00edt\u00e1s\u00e1nak idej\u00e9ig tart a misszi\u00f3juk. Viszont a vel\u00fck k\u00e9sz\u00fclt interj\u00fak azt mutatt\u00e1k, hogy az \u0151 eset\u00fckben is van egy \u00e9lett\u00f6rt\u00e9neti folytonoss\u00e1ga ennek a dolognak.<\/p>\n<p>PF: H\u00e1t, ez nagyon \u00e9rdekes lenne \u2013 de ezt nyilv\u00e1n most nem kutatt\u00e1tok \u2013, azt megismerni, hogy ez a k\u00f6zeg, ezek az emberek, akik az adni tud\u00e1snak a t\u00f6bblet\u00e9vel csak ebben az id\u0151szakban, teh\u00e1t kr\u00edzisid\u0151szakban jelentkeznek, hogy \u0151k vajon mozd\u00edthat\u00f3k lenn\u00e9nek-e a kr\u00edzishelyzeten k\u00edv\u00fcli id\u0151szakokban. Ez \u2013 gondolom \u2013 a civil t\u00e1rsadalmi kutat\u00e1sok sz\u00e1m\u00e1ra egy nagyon fontos adal\u00e9k lehetne \u2013 hogy hogyan lehetne gazdag\u00edtani vel\u00fck is azt a h\u00e1l\u00f3t, ami a t\u00e1rsadalmat \u00e1tsz\u00f6vi.<\/p>\n<p>Arra eml\u00e9kszem, hogy az \u00f6sszefoglal\u00f3ban k\u00fcl\u00f6nb\u00f6z\u0151 szolidarit\u00e1si mechanizmusokat vagy szolidarit\u00e1si form\u00e1kat k\u00fcl\u00f6nb\u00f6ztettetek meg. Egy kicsit, ha err\u0151l besz\u00e9ln\u00e9l nek\u00fcnk.<\/p>\n<p>FM: Igen, az nagyon \u00e9rdekelt, hogy a szolidarit\u00e1s mennyire nyilv\u00e1nul meg r\u00f6vidt\u00e1von, k\u00f6zvetlen seg\u00edts\u00e9g, embert\u0151l emberig ir\u00e1nyul\u00f3 seg\u00edts\u00e9g form\u00e1j\u00e1ban. \u00c9s milyen m\u00e9rt\u00e9kben van egy k\u00f6zv\u00e9lem\u00e9ny-form\u00e1l\u00f3 hat\u00e1sa is. Teh\u00e1t az az amb\u00edci\u00f3, hogy struktur\u00e1lis (azaz rendszerszint\u0171) v\u00e1ltoz\u00e1sokat eredm\u00e9nyezzenek. Ezek a probl\u00e9m\u00e1k, amelyeknek a megold\u00e1s\u00e1ra siettek a civilek, csak r\u00e9szben magyar\u00e1zhat\u00f3k a pand\u00e9mia katasztr\u00f3f\u00e1j\u00e1val. R\u00e9szben azzal magyar\u00e1zhat\u00f3k, hogy egy olyan int\u00e9zm\u00e9nyrendszer\u00fcnk van, k\u00fcl\u00f6n\u00f6sen a szoci\u00e1lis szolg\u00e1ltat\u00e1sok, meg az eg\u00e9szs\u00e9g\u00fcgyi szolg\u00e1ltat\u00e1sok, oktat\u00e1si szolg\u00e1ltat\u00e1s ter\u00fclet\u00e9n, ami olyan m\u00e9rt\u00e9kben ki van \u00e9heztetve, hogy nem alkalmas arra, hogy amikor nagyobb terhel\u00e9s van, ennek eleget tegyen.<\/p>\n<p>PF: Teh\u00e1t nagyon t\u00f6r\u00e9keny \u2013 erre gondolsz?<\/p>\n<p>FM: Igen, pontosan. \u00c9s azt felt\u00e9telezt\u00e9k sokan, hogy amikor egy ilyen kr\u00edzis el\u0151\u00e1ll, akkor azok, akik megpr\u00f3b\u00e1lj\u00e1k p\u00f3tolni azokat a szolg\u00e1ltat\u00e1sokat, hi\u00e1nyokat, amelyek lefedetlenek maradnak az el\u00e9gtelen int\u00e9zm\u00e9nyrendszer \u00e1ltal, azok nyomni fogj\u00e1k a struktur\u00e1lis v\u00e1ltoz\u00e1s ir\u00e1ny\u00e1ba a rendszert is. Teh\u00e1t hogy ha a rendszerb\u0151l, eg\u00e9szs\u00e9g\u00fcgyi rendszerb\u0151l sz\u00f3lnak, hogy nagy baj van, \u00e9s jelz\u00e9seket adnak arra vonatkoz\u00f3an is, hogy milyen ir\u00e1ny\u00fa v\u00e1ltoztat\u00e1sok lenn\u00e9nek sz\u00fcks\u00e9gesek ahhoz, hogy ezek a szolg\u00e1ltat\u00e1sok l\u00e9tre tudjanak j\u00f6nni, fenntarthat\u00f3 legyen a rendszer \u00e9s \u00edgy tov\u00e1bb, akkor az volt a k\u00e9rd\u00e9s, hogy vajon a civilek mozdulnak-e. \u00c9s erre vonatkoz\u00f3an azt tal\u00e1ltuk, hogy a jelent\u0151s r\u00e9sz\u00fck nem, \u00e9s ez azzal magyar\u00e1zhat\u00f3, hogy a civil t\u00e1rsadalom \u00e9s az \u00e1llam viszonya \u00fagy v\u00e1ltozott az elm\u00falt t\u00edz \u00e9vben, hogy azok, akik v\u00e1ls\u00e1g eset\u00e9n rendelkez\u00e9sre \u00e1llnak, azt gondolj\u00e1k, hogy a r\u00f6vidt\u00e1v\u00fa cselekv\u00e9s\u00fcknek az a felt\u00e9tele, hogy k\u00f6z\u00e9leti k\u00e9rd\u00e9sekr\u0151l nem nyilv\u00e1n\u00edtanak v\u00e9lem\u00e9nyt.<\/p>\n<p>PF: Arra gondolsz, hogy ha valamilyen kritikai elemet jeleznek, akkor m\u00e9g a seg\u00edt\u00e9st is megtagadj\u00e1k t\u0151l\u00fck.<\/p>\n<p>FM: Pontosan.<\/p>\n<p>PF: H\u00e1t ez a leggal\u00e1dabb \u2013 nyilv\u00e1n megpr\u00f3b\u00e1l az ember elviselhet\u0151 jelz\u0151ket mondani \u2013, de ez a legrosszabb helyzet \u2013 maradjunk ebben. Hirtelen nem tudok enn\u00e9l diplomatikusabban fogalmazni.<\/p>\n<p><img loading=\"lazy\" decoding=\"async\" class=\"aligncenter size-full wp-image-6143\" src=\"https:\/\/kofe.hu\/parola\/wp-content\/uploads\/2021\/07\/2021-2-PF-4-1.jpg\" alt=\"\" width=\"700\" height=\"468\" srcset=\"https:\/\/kofe.hu\/parola\/wp-content\/uploads\/2021\/07\/2021-2-PF-4-1.jpg 700w, https:\/\/kofe.hu\/parola\/wp-content\/uploads\/2021\/07\/2021-2-PF-4-1-300x201.jpg 300w, https:\/\/kofe.hu\/parola\/wp-content\/uploads\/2021\/07\/2021-2-PF-4-1-10x7.jpg 10w\" sizes=\"auto, (max-width: 700px) 100vw, 700px\" \/><\/p>\n<p>FM: Sajnos ez a helyzet. Mi ezt \u00fagy h\u00edvtuk, hogy ez a k\u00f6zvetlen seg\u00edt\u00e9s, amelyiket k\u00eds\u00e9r az a meggy\u0151z\u0151d\u00e9s, hogy ezt egy depolitiz\u00e1lt k\u00f6zegben lehet hat\u00e9konyan csin\u00e1lni. Ennek vannak olyan form\u00e1i, amikhez nem kell egy autoriter vagy f\u00e9l-autoriter \u00e1llam. M\u00e1shol is van ilyen, hogy a konszenzus a praktikus dolgokr\u00f3l k\u00f6nnyebben l\u00e9trej\u00f6n, hogyha \u00e9rt\u00e9kbeli k\u00e9rd\u00e9sekr\u0151l, k\u00f6z\u00e9leti k\u00e9rd\u00e9sekr\u0151l nem nyitnak vit\u00e1t a cselekv\u0151k. Teh\u00e1t hogy k\u00e9t dolog kapcsol\u00f3dik \u00f6ssze. Az viszont \u00e9rdekes volt, hogy azok, akik hosszabb t\u00e1von \u00e9s t\u00e1gabb kontextusban is gondolkodnak arr\u00f3l, hogy a seg\u00edt\u00e9snek milyen felt\u00e9telei vagy milyen k\u00f6vetkezm\u00e9nyei vannak, azoknak is jelent\u0151s r\u00e9sze ezt egy mor\u00e1lis kontextusban, dimenzi\u00f3ban helyezi el. Teh\u00e1t azt gondolj\u00e1k, hogy az\u00e1ltal, hogy seg\u00edt\u00fcnk, \u00e9s azok, akik seg\u00edtenek, maguk jobbak lesznek. Teh\u00e1t a t\u00e1rsadalom jobbul\u00e1s\u00e1nak, ami egy\u00e9ni szinten kell, hogy megt\u00f6rt\u00e9njen, a m\u00f3dja az, hogy seg\u00edt\u00fcnk m\u00e1sokon. Ez egy ilyen m\u00e1sodik: az individu\u00e1lis ir\u00e1ny.<\/p>\n<p>PF: Ez egy nagyon fontos \u00e9rt\u00e9k, de akkor k\u00f6zel\u00edtesz, ha j\u00f3l tippelem a harmadik ir\u00e1nyba, amelyik tal\u00e1n nem rejti v\u00e9ka al\u00e1 azt, hogy itt m\u00e1r szerkezeti, szervezeti, rendszerszint\u0171 v\u00e1ltoz\u00e1sokban is fontos, hogy komoly l\u00e9p\u00e9sek t\u00f6rt\u00e9njenek. \u00cdgy van?<\/p>\n<p>FM: \u00cdgy van, pontosan ez lenne a harmadik forma, de azt tal\u00e1ltuk ugye, hogy mindek\u00f6zben volt erre egy er\u0151teljes rem\u00e9ny, s nem csak a h\u00e9tk\u00f6znapi ember r\u00e9sz\u00e9r\u0151l. Ha tavaly \u00e1prilisban meghallotta az ember, amit Ferenc p\u00e1pa is mondott: akkor \u0151 is arr\u00f3l besz\u00e9lt, hogy egy olyan pillanat van, amikor van rem\u00e9ny struktur\u00e1lis v\u00e1ltoz\u00e1sokra. Ezt m\u00e1sok is mondt\u00e1k, m\u00e1sok is k\u00f6t\u00f6tt\u00e9k r\u00e1ad\u00e1sul a szolidarit\u00e1shoz a struktur\u00e1lis v\u00e1ltoz\u00e1soknak a rem\u00e9ny\u00e9t. De ez a kis empirikus kutat\u00e1s azt tudta mutatni, hogy el\u00e9g sov\u00e1nyka maradt ez a rem\u00e9ny. Ami az eg\u00e9szs\u00e9g\u00fcgyi rendszert illeti, ott mi azt tapasztaltuk, hogy mik\u00f6zben a struktur\u00e1lis v\u00e1ltoztat\u00e1s ig\u00e9nye megfogalmaz\u00f3dik bizonyos aktorok r\u00e9sz\u00e9r\u0151l, akik az eg\u00e9szs\u00e9g\u00fcgyben dolgoznak fizetett munk\u00e1val, vagy a fizetett dolgoz\u00f3i az eg\u00e9szs\u00e9g\u00fcgyi rendszernek, ak\u00f6zben azok a civilek, akik az \u0151 megseg\u00edt\u00e9s\u00fckre siettek, arra fel voltak k\u00e9sz\u00fclve, hogy k\u00f6zvetlen\u00fcl seg\u00edtsenek az eg\u00e9szs\u00e9g\u00fcgy dolgoz\u00f3inak, de arra, hogy seg\u00edtsenek ezeket a struktur\u00e1lis v\u00e1ltoz\u00e1sokat el\u0151r\u00e9bb vinni, megval\u00f3s\u00edtani, arra nem voltak akkor k\u00e9szen.<\/p>\n<p>PF: Ez tal\u00e1n \u00f6nbizalomhi\u00e1ny. Benne lehet az is, hogy tal\u00e1n a bel\u00e1t\u00e1st rem\u00e9lik, hogy a d\u00f6nt\u00e9shoz\u00f3k ebben a nagy pillanatban tal\u00e1n fel\u00fcl\u00edrj\u00e1k az el\u0151zetes napi rutinjaikat. Ez persze csak tal\u00e1lgathat\u00f3, de ezek szerint, ha nagyon sz\u0171k r\u00e9teg is volt, de akadt az\u00e9rt olyan, aki megfogalmazta vagy kinyilv\u00e1n\u00edtotta, hogy itt struktur\u00e1lis, rendszerszint\u0171 v\u00e1ltoz\u00e1sra van sz\u00fcks\u00e9g? Ugye, teh\u00e1t volt ilyen tapasztalatotok is az\u00e9rt, m\u00e9g hogyha ennek az ar\u00e1nya, ahogy mondod, kisebb is?<\/p>\n<p>FM: Igen, abszol\u00fat, az oktat\u00e1s \u00e9s az eg\u00e9szs\u00e9g\u00fcgy ter\u00fclet\u00e9n egyar\u00e1nt. Ez egy \u00e9rdekes tapasztalat volt, hogy ezt a funkci\u00f3t, ezt a szerepet az oktat\u00e1s ter\u00fclet\u00e9n l\u00e1ttuk k\u00fcl\u00f6n\u00f6sk\u00e9ppen. \u00daj, els\u0151sorban piaci aktorok, versenyszf\u00e9r\u00e1b\u00f3l \u00e9rkez\u0151 aktorok vetett\u00e9k f\u00f6l, akik az els\u0151 hull\u00e1m alatt civilk\u00e9nt jelentek meg \u2013 mondjuk a digit\u00e1lis oktat\u00e1s hi\u00e1nyainak kompenz\u00e1l\u00e1sa ter\u00fclet\u00e9n \u2013, \u00e9s mostanra m\u00e1r piaci szerepl\u0151k\u00e9nt jelennek meg. Teljesen \u00e9rthet\u0151 m\u00f3don. Teh\u00e1t a piac beker\u00fclt abba a szegmensbe, ahol az \u00e1llamnak kellett volna v\u00e1laszolnia. \u00c9s az, hogy mi nem tot\u00e1lisan l\u00e9gb\u0151l kapott dolgot mondunk, azt abb\u00f3l mer\u00edtem, hogy a kutat\u00e1snak az el\u0151z\u0151 hull\u00e1ma 2015-ben t\u00f6rt\u00e9nt a menek\u00fcltv\u00e1ls\u00e1g kapcs\u00e1n. Akkor a kutat\u00e1sunk bekapcsol\u00f3dott egy nemzetk\u00f6zi kutat\u00e1sba is. Egy\u00fctt dolgoztunk n\u00e9met, francia \u00e9s m\u00e1s koll\u00e9g\u00e1kkal, \u00e9s azt l\u00e1ttuk, hogy a menek\u00fclteknek ny\u00fajtott szolidarit\u00e1s ott tudott egy bizonyos szinten maradni egy t\u00e1rsadalomban, ahol ez int\u00e9zm\u00e9nyes\u00fclni tudott, p\u00e9ld\u00e1ul N\u00e9metorsz\u00e1gban. Ez \u00fagy t\u00f6rt\u00e9nt, hogy az alulr\u00f3l j\u00f6v\u0151 civil kezdem\u00e9nyez\u00e9seknek lehet\u0151v\u00e9 tett\u00e9k, hogy \u00e1llami er\u0151forr\u00e1sokhoz jussanak hozz\u00e1. P\u00e9ld\u00e1ul, ahol mondjuk egy v\u00e1rosr\u00e9szben volt 20 k\u00fcl\u00f6nb\u00f6z\u0151 alapon szervez\u0151d\u0151 csoport, az hozz\u00e1f\u00e9rt egy fizetett \u00e1ll\u00e1shoz, aki adminisztr\u00e1lja ezeket a k\u00fcl\u00f6nb\u00f6z\u0151 tev\u00e9kenys\u00e9geket.<\/p>\n<p>PF: Akik a szinkroniz\u00e1l\u00e1sban seg\u00edthetnek adott esetben.<\/p>\n<p>FM: Ez nagyon-nagyon fontos, hogy akkor tudnak ezek a r\u00f6vidt\u00e1v\u00fa t\u0171zolt\u00e1sra alkalmas szolidarit\u00e1si kezdem\u00e9nyez\u00e9sek \u00e1lland\u00f3sulni, ha van egy dial\u00f3gus az \u00e1llam \u00e9s a civilek k\u00f6z\u00f6tt, amibe az \u00e1llam besz\u00e1ll.<\/p>\n<p><img loading=\"lazy\" decoding=\"async\" class=\"aligncenter size-full wp-image-6141\" src=\"https:\/\/kofe.hu\/parola\/wp-content\/uploads\/2021\/07\/2021-2-PF-2-1.jpg\" alt=\"\" width=\"700\" height=\"466\" srcset=\"https:\/\/kofe.hu\/parola\/wp-content\/uploads\/2021\/07\/2021-2-PF-2-1.jpg 700w, https:\/\/kofe.hu\/parola\/wp-content\/uploads\/2021\/07\/2021-2-PF-2-1-300x200.jpg 300w, https:\/\/kofe.hu\/parola\/wp-content\/uploads\/2021\/07\/2021-2-PF-2-1-10x7.jpg 10w\" sizes=\"auto, (max-width: 700px) 100vw, 700px\" \/><\/p>\n<p>PF: Ez az egyik k\u00e9rd\u00e9sem: hogy l\u00e1tod \u2013 nyilv\u00e1n a kutat\u00e1s egy r\u00e9szleges r\u00e1l\u00e1t\u00e1st k\u00edn\u00e1l, de az\u00e9rt sok mindent el\u00e1rulhat \u2013, hogy a t\u00e1rsadalom, az \u00e1llam \u00e9s az int\u00e9zm\u00e9nyek elt\u00e9r\u0151 szerep-, illetve felel\u0151ss\u00e9gv\u00e1llal\u00e1s\u00e1ban nagyon k\u00fcl\u00f6nb\u00f6z\u0151 eredm\u00e9nyess\u00e9g volt, de hogy k\u00f6zelebb ker\u00fclt-e a h\u00e1rom szektor ebben az id\u0151szakban egym\u00e1shoz, vagy ugyanolyan sz\u00e9ttagolts\u00e1g jellemz\u0151 r\u00e1, mint egy kor\u00e1bbi id\u0151szakban?<\/p>\n<p>FM: Azt hiszem, azt lehet tal\u00e1n mondani, hogy a v\u00e1ls\u00e1ghelyzetben l\u00e9trej\u00f6tt az egym\u00e1sra val\u00f3 odafigyel\u00e9snek egy magasabb szintje, vagy intenz\u00edvebbek lettek az elv\u00e1r\u00e1sok, tal\u00e1n a bizalom is.<\/p>\n<p>PF: Nyilv\u00e1n egy konkr\u00e9t cselekv\u00e9s kapcs\u00e1n p\u00e1rbesz\u00e9dek is alakulhattak. \u00c9s azt szokt\u00e1k mondani, hogy a p\u00e1rbesz\u00e9d seg\u00edthet.<\/p>\n<p>FM: Ennek nem l\u00e1tom a stabiliz\u00e1l\u00f3d\u00e1s\u00e1t. Nem l\u00e1tom, hogy egy \u00e9v alatt magasabb szintre, stabilan magasabb szintre emelkedett volna ez az egy\u00fcttm\u0171k\u00f6d\u00e9s az \u00e1llam, a piac \u00e9s a civil szf\u00e9ra k\u00f6z\u00f6tt.<\/p>\n<p>PF: Az, amit a kutat\u00e1sotokb\u00f3l kiolvasni, felvet egy furcsa felel\u0151ss\u00e9get, hogyha vannak tartal\u00e9kok, amelyek mozg\u00f3s\u00edthat\u00f3k \u2013 \u00e9s nagyon fontos volt, amit mondtatok, hogy a magyar t\u00e1rsadalom rendelkezik egy ilyen civil szolidarit\u00e1si tartal\u00e9kkal, amit a bevezet\u0151ben is eml\u00edtett\u00e9l m\u00e1r \u2013, hogyha ezt hozz\u00e1rakja egy neh\u00e9z helyzethez, hogy nem a legitim\u00e1l\u00e1sa t\u00f6rt\u00e9nik-e meg a jelenlegi m\u0171k\u00f6d\u0151 rendszernek? Ez egy nagyon nagy felel\u0151ss\u00e9g, nem biztos, hogy a seg\u00edt\u0151k \u00e9s a civilek felel\u0151ss\u00e9ge, de hogy a bajban mutatkozik meg a m\u00e1sik t\u00e1rs, de a bajban l\u00e9trej\u00f6n valami, \u00e9s ezzel tulajdonk\u00e9ppen az, aki kor\u00e1bban a baj elh\u00e1r\u00edt\u00e1s\u00e1ban jelent\u0151sebb szerepet v\u00e1llalhatott volna, az tulajdonk\u00e9ppen esetleg v\u00e1ltozatlanul ker\u00fcl ki.<\/p>\n<p>FM: Felmentve \u00e9rezheti mag\u00e1t.<\/p>\n<p>PF: \u201eNa l\u00e1m, t\u00fallett\u00fcnk rajta\u201d.<\/p>\n<p>FM: \u00cdgy van, pontosan \u00edgy van. S\u0151t, amiatt, hogy a civil seg\u00edt\u0151knek a nyilv\u00e1noss\u00e1ghoz val\u00f3 hozz\u00e1f\u00e9r\u00e9se korl\u00e1tozott, emiatt ak\u00e1r m\u00e9g mag\u00e1nak vindik\u00e1lhat olyan dolgokat is, olyan megold\u00e1sokat, amelyeket nem maga tett meg, nem maga eszk\u00f6z\u00f6lt.<\/p>\n<p>PF: Ha j\u00f3l veszem ki, ez azt jelenti, hogy megt\u00e9vesztheti a k\u00f6zv\u00e9lem\u00e9nyt. H\u00e1t nem mondom, hogy most vid\u00e1mabb lettem&#8230;<\/p>\n<p>FM: A vid\u00e1ms\u00e1gra az ad okot, hogy ugyan t\u00f6bb \u00edzben, t\u00f6bb form\u00e1ban el lett v\u00e9ve ennek a t\u00e1rsadalomnak a kedve att\u00f3l, hogy szolid\u00e1ris legyen egym\u00e1ssal, b\u00edzzon egym\u00e1sban, seg\u00edtse egym\u00e1st, hogyha nagy baj van, akkor ezek a k\u00e9pess\u00e9gek m\u00e9gis helyre\u00e1llnak.<\/p>\n<p>PF: Teh\u00e1t nem \u00f6lhet\u0151 ki bel\u0151l\u00fcnk ez a j\u00f3\u00e9rz\u00e9s.<\/p>\n<p>FM: Pontosan. \u00cdgy van.<\/p>\n<p>PF: Nagyon sz\u00e9pen k\u00f6sz\u00f6n\u00f6m. J\u00f3 lenne err\u0151l majd m\u00e9g hosszabban vagy t\u00f6bbet is besz\u00e9lni.<\/p>\n<p>Feischmidt Margit, a T\u00e1rsadalomtudom\u00e1nyi Kutat\u00f3k\u00f6zpont kutat\u00f3ja volt a vend\u00e9g\u00fcnk az elm\u00falt percekben, \u00e9s arr\u00f3l besz\u00e9lgett\u00fcnk, amir\u0151l egy kutat\u00e1sban \u00f6sszefoglal\u00f3an besz\u00e1molnak, hogy a szolidarit\u00e1s a j\u00e1rv\u00e1ny okozta v\u00e1ls\u00e1gra milyen v\u00e1laszokat pr\u00f3b\u00e1lt adni az elm\u00falt egy-m\u00e1sf\u00e9l \u00e9vben.<\/p>\n<p>&nbsp;<\/p>\n<p><strong><em><img loading=\"lazy\" decoding=\"async\" class=\"alignright size-thumbnail wp-image-6138\" src=\"https:\/\/kofe.hu\/parola\/wp-content\/uploads\/2021\/07\/2021-2-PF-1-150x150.jpg\" alt=\"\" width=\"150\" height=\"150\" \/>dr. Feischmidt Margit<\/em><\/strong><em> szociol\u00f3gus, a T\u00e1rsadalomtudom\u00e1nyi Kutat\u00f3k\u00f6zpont Kisebbs\u00e9gszociol\u00f3giai \u00e9s Antropol\u00f3giai Oszt\u00e1ly oszt\u00e1lyvezet\u0151je, a P\u00e9csi Tudom\u00e1nyegyetem oktat\u00f3ja<\/em><\/p>\n<p>&nbsp;<\/p>\n<p>V\u00e9gjegyzet:<\/p>\n<p><a href=\"#_ftnref1\" name=\"_ftn1\"><sup>[1]<\/sup><\/a> Az al\u00e1bbi sz\u00f6veg egy r\u00e1di\u00f3s besz\u00e9lget\u00e9s leirata, sok helyen az \u00e9l\u0151 besz\u00e9d spontaneit\u00e1s\u00e1t \u00e9s \u00e1raml\u00e1s\u00e1t k\u00f6veti \u2013 ez\u00e9rt nyelvileg esetenk\u00e9nt kicsit pongyol\u00e1bb.<\/p>\n<p>&nbsp;<\/p>\n<p>&nbsp;<\/p>\n","protected":false},"excerpt":{"rendered":"<p>Mit \u00fczen a r\u00e1di\u00f3? Feischmidt Margittal, a T\u00e1rsadalomtudom\u00e1nyi Kutat\u00f3k\u00f6zpont munkat\u00e1rs\u00e1val besz\u00e9lgetett a Civil R\u00e1di\u00f3 117 perc c\u00edm\u0171 m\u0171sor\u00e1ban P\u00e9terfi Ferenc.[1] P\u00e9terfi Ferenc (PF): Hogyan seg\u00edthet\u00fcnk az eg\u00e9szs\u00e9g\u00fcgyi kr\u00edzishelyzeten? \u2013 Ez volt a c\u00edme annak a kerekasztalnak, ami a k\u00f6zelm\u00faltban zajlott, \u00e9s ennek a konferenci\u00e1nak az egyik vend\u00e9ge volt Feischmidt Margit, aki a T\u00e1rsadalomtudom\u00e1nyi Kutat\u00f3k\u00f6zpont professzora, [&hellip;]<\/p>\n","protected":false},"author":15,"featured_media":6138,"comment_status":"open","ping_status":"open","sticky":false,"template":"","format":"standard","meta":{"_acf_changed":false,"footnotes":""},"categories":[816,8,7],"tags":[821,822,823,824,775],"coauthors":[23],"class_list":["post-6136","post","type-post","status-publish","format-standard","has-post-thumbnail","hentry","category-parola-2021-2","category-parola-folyoirat","category-repertorium","tag-civil-szolidaritasi-tartalek","tag-dialogus","tag-felelossegvallalas","tag-jarvany","tag-szolidaritas"],"acf":[],"yoast_head":"<!-- This site is optimized with the Yoast SEO plugin v26.7 - https:\/\/yoast.com\/wordpress\/plugins\/seo\/ -->\n<title>Fokozza-e a szolidarit\u00e1st a v\u00edrusv\u00e1ls\u00e1g? - Parola Foly\u00f3irat<\/title>\n<meta name=\"robots\" content=\"index, follow, max-snippet:-1, max-image-preview:large, max-video-preview:-1\" \/>\n<link rel=\"canonical\" href=\"https:\/\/kofe.hu\/parola\/parola-folyoirat\/fokozza-e-a-szolidaritast-a-virusvalsag\/\" \/>\n<meta property=\"og:locale\" content=\"hu_HU\" \/>\n<meta property=\"og:type\" content=\"article\" \/>\n<meta property=\"og:title\" content=\"Fokozza-e a szolidarit\u00e1st a v\u00edrusv\u00e1ls\u00e1g? - Parola Foly\u00f3irat\" \/>\n<meta property=\"og:description\" content=\"Mit \u00fczen a r\u00e1di\u00f3? Feischmidt Margittal, a T\u00e1rsadalomtudom\u00e1nyi Kutat\u00f3k\u00f6zpont munkat\u00e1rs\u00e1val besz\u00e9lgetett a Civil R\u00e1di\u00f3 117 perc c\u00edm\u0171 m\u0171sor\u00e1ban P\u00e9terfi Ferenc.[1] P\u00e9terfi Ferenc (PF): Hogyan seg\u00edthet\u00fcnk az eg\u00e9szs\u00e9g\u00fcgyi kr\u00edzishelyzeten? \u2013 Ez volt a c\u00edme annak a kerekasztalnak, ami a k\u00f6zelm\u00faltban zajlott, \u00e9s ennek a konferenci\u00e1nak az egyik vend\u00e9ge volt Feischmidt Margit, aki a T\u00e1rsadalomtudom\u00e1nyi Kutat\u00f3k\u00f6zpont professzora, [&hellip;]\" \/>\n<meta property=\"og:url\" content=\"https:\/\/kofe.hu\/parola\/parola-folyoirat\/fokozza-e-a-szolidaritast-a-virusvalsag\/\" \/>\n<meta property=\"og:site_name\" content=\"Parola Foly\u00f3irat\" \/>\n<meta property=\"article:published_time\" content=\"2021-07-09T15:16:34+00:00\" \/>\n<meta property=\"article:modified_time\" content=\"2021-07-14T18:51:50+00:00\" \/>\n<meta property=\"og:image\" content=\"https:\/\/kofe.hu\/parola\/wp-content\/uploads\/2021\/07\/2021-2-PF-1.jpg\" \/>\n\t<meta property=\"og:image:width\" content=\"400\" \/>\n\t<meta property=\"og:image:height\" content=\"493\" \/>\n\t<meta property=\"og:image:type\" content=\"image\/jpeg\" \/>\n<meta name=\"author\" content=\"P\u00e9terfi Ferenc\" \/>\n<meta name=\"twitter:card\" content=\"summary_large_image\" \/>\n<meta name=\"twitter:label1\" content=\"Szerz\u0151:\" \/>\n\t<meta name=\"twitter:data1\" content=\"P\u00e9terfi Ferenc\" \/>\n\t<meta name=\"twitter:label2\" content=\"Becs\u00fclt olvas\u00e1si id\u0151\" \/>\n\t<meta name=\"twitter:data2\" content=\"16 perc\" \/>\n\t<meta name=\"twitter:label3\" content=\"Written by\" \/>\n\t<meta name=\"twitter:data3\" content=\"P\u00e9terfi Ferenc\" \/>\n<script type=\"application\/ld+json\" class=\"yoast-schema-graph\">{\"@context\":\"https:\/\/schema.org\",\"@graph\":[{\"@type\":\"Article\",\"@id\":\"https:\/\/kofe.hu\/parola\/parola-folyoirat\/fokozza-e-a-szolidaritast-a-virusvalsag\/#article\",\"isPartOf\":{\"@id\":\"https:\/\/kofe.hu\/parola\/parola-folyoirat\/fokozza-e-a-szolidaritast-a-virusvalsag\/\"},\"author\":{\"name\":\"P\u00e9terfi Ferenc\",\"@id\":\"https:\/\/kofe.hu\/parola\/#\/schema\/person\/46297a12b269c035523fdcd019f91711\"},\"headline\":\"Fokozza-e a szolidarit\u00e1st a v\u00edrusv\u00e1ls\u00e1g?\",\"datePublished\":\"2021-07-09T15:16:34+00:00\",\"dateModified\":\"2021-07-14T18:51:50+00:00\",\"mainEntityOfPage\":{\"@id\":\"https:\/\/kofe.hu\/parola\/parola-folyoirat\/fokozza-e-a-szolidaritast-a-virusvalsag\/\"},\"wordCount\":3216,\"commentCount\":0,\"image\":{\"@id\":\"https:\/\/kofe.hu\/parola\/parola-folyoirat\/fokozza-e-a-szolidaritast-a-virusvalsag\/#primaryimage\"},\"thumbnailUrl\":\"https:\/\/kofe.hu\/parola\/wp-content\/uploads\/2021\/07\/2021-2-PF-1.jpg\",\"keywords\":[\"civil szolidarit\u00e1si tartal\u00e9k\",\"dial\u00f3gus\",\"felel\u0151ss\u00e9gv\u00e1llal\u00e1s\",\"j\u00e1rv\u00e1ny\",\"szolidarit\u00e1s\"],\"articleSection\":[\"Parola 2021\/2\",\"Parola Foly\u00f3irat\",\"Repert\u00f3rium\"],\"inLanguage\":\"hu\",\"potentialAction\":[{\"@type\":\"CommentAction\",\"name\":\"Comment\",\"target\":[\"https:\/\/kofe.hu\/parola\/parola-folyoirat\/fokozza-e-a-szolidaritast-a-virusvalsag\/#respond\"]}]},{\"@type\":\"WebPage\",\"@id\":\"https:\/\/kofe.hu\/parola\/parola-folyoirat\/fokozza-e-a-szolidaritast-a-virusvalsag\/\",\"url\":\"https:\/\/kofe.hu\/parola\/parola-folyoirat\/fokozza-e-a-szolidaritast-a-virusvalsag\/\",\"name\":\"Fokozza-e a szolidarit\u00e1st a v\u00edrusv\u00e1ls\u00e1g? - Parola Foly\u00f3irat\",\"isPartOf\":{\"@id\":\"https:\/\/kofe.hu\/parola\/#website\"},\"primaryImageOfPage\":{\"@id\":\"https:\/\/kofe.hu\/parola\/parola-folyoirat\/fokozza-e-a-szolidaritast-a-virusvalsag\/#primaryimage\"},\"image\":{\"@id\":\"https:\/\/kofe.hu\/parola\/parola-folyoirat\/fokozza-e-a-szolidaritast-a-virusvalsag\/#primaryimage\"},\"thumbnailUrl\":\"https:\/\/kofe.hu\/parola\/wp-content\/uploads\/2021\/07\/2021-2-PF-1.jpg\",\"datePublished\":\"2021-07-09T15:16:34+00:00\",\"dateModified\":\"2021-07-14T18:51:50+00:00\",\"author\":{\"@id\":\"https:\/\/kofe.hu\/parola\/#\/schema\/person\/46297a12b269c035523fdcd019f91711\"},\"breadcrumb\":{\"@id\":\"https:\/\/kofe.hu\/parola\/parola-folyoirat\/fokozza-e-a-szolidaritast-a-virusvalsag\/#breadcrumb\"},\"inLanguage\":\"hu\",\"potentialAction\":[{\"@type\":\"ReadAction\",\"target\":[\"https:\/\/kofe.hu\/parola\/parola-folyoirat\/fokozza-e-a-szolidaritast-a-virusvalsag\/\"]}]},{\"@type\":\"ImageObject\",\"inLanguage\":\"hu\",\"@id\":\"https:\/\/kofe.hu\/parola\/parola-folyoirat\/fokozza-e-a-szolidaritast-a-virusvalsag\/#primaryimage\",\"url\":\"https:\/\/kofe.hu\/parola\/wp-content\/uploads\/2021\/07\/2021-2-PF-1.jpg\",\"contentUrl\":\"https:\/\/kofe.hu\/parola\/wp-content\/uploads\/2021\/07\/2021-2-PF-1.jpg\",\"width\":400,\"height\":493},{\"@type\":\"BreadcrumbList\",\"@id\":\"https:\/\/kofe.hu\/parola\/parola-folyoirat\/fokozza-e-a-szolidaritast-a-virusvalsag\/#breadcrumb\",\"itemListElement\":[{\"@type\":\"ListItem\",\"position\":1,\"name\":\"Home\",\"item\":\"https:\/\/kofe.hu\/parola\/\"},{\"@type\":\"ListItem\",\"position\":2,\"name\":\"Fokozza-e a szolidarit\u00e1st a v\u00edrusv\u00e1ls\u00e1g?\"}]},{\"@type\":\"WebSite\",\"@id\":\"https:\/\/kofe.hu\/parola\/#website\",\"url\":\"https:\/\/kofe.hu\/parola\/\",\"name\":\"Parola Foly\u00f3irat\",\"description\":\"\",\"potentialAction\":[{\"@type\":\"SearchAction\",\"target\":{\"@type\":\"EntryPoint\",\"urlTemplate\":\"https:\/\/kofe.hu\/parola\/?s={search_term_string}\"},\"query-input\":{\"@type\":\"PropertyValueSpecification\",\"valueRequired\":true,\"valueName\":\"search_term_string\"}}],\"inLanguage\":\"hu\"},{\"@type\":\"Person\",\"@id\":\"https:\/\/kofe.hu\/parola\/#\/schema\/person\/46297a12b269c035523fdcd019f91711\",\"name\":\"P\u00e9terfi Ferenc\",\"image\":{\"@type\":\"ImageObject\",\"inLanguage\":\"hu\",\"@id\":\"https:\/\/kofe.hu\/parola\/#\/schema\/person\/image\/d173d0cf20d3d8748a6819cd4d17d68c\",\"url\":\"https:\/\/secure.gravatar.com\/avatar\/523e0b801b986785c16f8e37b642a318cb28abdc4915fa26e5b257b5a3902afc?s=96&d=mm&r=g\",\"contentUrl\":\"https:\/\/secure.gravatar.com\/avatar\/523e0b801b986785c16f8e37b642a318cb28abdc4915fa26e5b257b5a3902afc?s=96&d=mm&r=g\",\"caption\":\"P\u00e9terfi Ferenc\"},\"url\":\"https:\/\/kofe.hu\/parola\/szerzok\/peterfi-ferenc\/\"}]}<\/script>\n<!-- \/ Yoast SEO plugin. -->","yoast_head_json":{"title":"Fokozza-e a szolidarit\u00e1st a v\u00edrusv\u00e1ls\u00e1g? - Parola Foly\u00f3irat","robots":{"index":"index","follow":"follow","max-snippet":"max-snippet:-1","max-image-preview":"max-image-preview:large","max-video-preview":"max-video-preview:-1"},"canonical":"https:\/\/kofe.hu\/parola\/parola-folyoirat\/fokozza-e-a-szolidaritast-a-virusvalsag\/","og_locale":"hu_HU","og_type":"article","og_title":"Fokozza-e a szolidarit\u00e1st a v\u00edrusv\u00e1ls\u00e1g? - Parola Foly\u00f3irat","og_description":"Mit \u00fczen a r\u00e1di\u00f3? Feischmidt Margittal, a T\u00e1rsadalomtudom\u00e1nyi Kutat\u00f3k\u00f6zpont munkat\u00e1rs\u00e1val besz\u00e9lgetett a Civil R\u00e1di\u00f3 117 perc c\u00edm\u0171 m\u0171sor\u00e1ban P\u00e9terfi Ferenc.[1] P\u00e9terfi Ferenc (PF): Hogyan seg\u00edthet\u00fcnk az eg\u00e9szs\u00e9g\u00fcgyi kr\u00edzishelyzeten? \u2013 Ez volt a c\u00edme annak a kerekasztalnak, ami a k\u00f6zelm\u00faltban zajlott, \u00e9s ennek a konferenci\u00e1nak az egyik vend\u00e9ge volt Feischmidt Margit, aki a T\u00e1rsadalomtudom\u00e1nyi Kutat\u00f3k\u00f6zpont professzora, [&hellip;]","og_url":"https:\/\/kofe.hu\/parola\/parola-folyoirat\/fokozza-e-a-szolidaritast-a-virusvalsag\/","og_site_name":"Parola Foly\u00f3irat","article_published_time":"2021-07-09T15:16:34+00:00","article_modified_time":"2021-07-14T18:51:50+00:00","og_image":[{"width":400,"height":493,"url":"https:\/\/kofe.hu\/parola\/wp-content\/uploads\/2021\/07\/2021-2-PF-1.jpg","type":"image\/jpeg"}],"author":"P\u00e9terfi Ferenc","twitter_card":"summary_large_image","twitter_misc":{"Szerz\u0151:":"P\u00e9terfi Ferenc","Becs\u00fclt olvas\u00e1si id\u0151":"16 perc","Written by":"P\u00e9terfi Ferenc"},"schema":{"@context":"https:\/\/schema.org","@graph":[{"@type":"Article","@id":"https:\/\/kofe.hu\/parola\/parola-folyoirat\/fokozza-e-a-szolidaritast-a-virusvalsag\/#article","isPartOf":{"@id":"https:\/\/kofe.hu\/parola\/parola-folyoirat\/fokozza-e-a-szolidaritast-a-virusvalsag\/"},"author":{"name":"P\u00e9terfi Ferenc","@id":"https:\/\/kofe.hu\/parola\/#\/schema\/person\/46297a12b269c035523fdcd019f91711"},"headline":"Fokozza-e a szolidarit\u00e1st a v\u00edrusv\u00e1ls\u00e1g?","datePublished":"2021-07-09T15:16:34+00:00","dateModified":"2021-07-14T18:51:50+00:00","mainEntityOfPage":{"@id":"https:\/\/kofe.hu\/parola\/parola-folyoirat\/fokozza-e-a-szolidaritast-a-virusvalsag\/"},"wordCount":3216,"commentCount":0,"image":{"@id":"https:\/\/kofe.hu\/parola\/parola-folyoirat\/fokozza-e-a-szolidaritast-a-virusvalsag\/#primaryimage"},"thumbnailUrl":"https:\/\/kofe.hu\/parola\/wp-content\/uploads\/2021\/07\/2021-2-PF-1.jpg","keywords":["civil szolidarit\u00e1si tartal\u00e9k","dial\u00f3gus","felel\u0151ss\u00e9gv\u00e1llal\u00e1s","j\u00e1rv\u00e1ny","szolidarit\u00e1s"],"articleSection":["Parola 2021\/2","Parola Foly\u00f3irat","Repert\u00f3rium"],"inLanguage":"hu","potentialAction":[{"@type":"CommentAction","name":"Comment","target":["https:\/\/kofe.hu\/parola\/parola-folyoirat\/fokozza-e-a-szolidaritast-a-virusvalsag\/#respond"]}]},{"@type":"WebPage","@id":"https:\/\/kofe.hu\/parola\/parola-folyoirat\/fokozza-e-a-szolidaritast-a-virusvalsag\/","url":"https:\/\/kofe.hu\/parola\/parola-folyoirat\/fokozza-e-a-szolidaritast-a-virusvalsag\/","name":"Fokozza-e a szolidarit\u00e1st a v\u00edrusv\u00e1ls\u00e1g? - Parola Foly\u00f3irat","isPartOf":{"@id":"https:\/\/kofe.hu\/parola\/#website"},"primaryImageOfPage":{"@id":"https:\/\/kofe.hu\/parola\/parola-folyoirat\/fokozza-e-a-szolidaritast-a-virusvalsag\/#primaryimage"},"image":{"@id":"https:\/\/kofe.hu\/parola\/parola-folyoirat\/fokozza-e-a-szolidaritast-a-virusvalsag\/#primaryimage"},"thumbnailUrl":"https:\/\/kofe.hu\/parola\/wp-content\/uploads\/2021\/07\/2021-2-PF-1.jpg","datePublished":"2021-07-09T15:16:34+00:00","dateModified":"2021-07-14T18:51:50+00:00","author":{"@id":"https:\/\/kofe.hu\/parola\/#\/schema\/person\/46297a12b269c035523fdcd019f91711"},"breadcrumb":{"@id":"https:\/\/kofe.hu\/parola\/parola-folyoirat\/fokozza-e-a-szolidaritast-a-virusvalsag\/#breadcrumb"},"inLanguage":"hu","potentialAction":[{"@type":"ReadAction","target":["https:\/\/kofe.hu\/parola\/parola-folyoirat\/fokozza-e-a-szolidaritast-a-virusvalsag\/"]}]},{"@type":"ImageObject","inLanguage":"hu","@id":"https:\/\/kofe.hu\/parola\/parola-folyoirat\/fokozza-e-a-szolidaritast-a-virusvalsag\/#primaryimage","url":"https:\/\/kofe.hu\/parola\/wp-content\/uploads\/2021\/07\/2021-2-PF-1.jpg","contentUrl":"https:\/\/kofe.hu\/parola\/wp-content\/uploads\/2021\/07\/2021-2-PF-1.jpg","width":400,"height":493},{"@type":"BreadcrumbList","@id":"https:\/\/kofe.hu\/parola\/parola-folyoirat\/fokozza-e-a-szolidaritast-a-virusvalsag\/#breadcrumb","itemListElement":[{"@type":"ListItem","position":1,"name":"Home","item":"https:\/\/kofe.hu\/parola\/"},{"@type":"ListItem","position":2,"name":"Fokozza-e a szolidarit\u00e1st a v\u00edrusv\u00e1ls\u00e1g?"}]},{"@type":"WebSite","@id":"https:\/\/kofe.hu\/parola\/#website","url":"https:\/\/kofe.hu\/parola\/","name":"Parola Foly\u00f3irat","description":"","potentialAction":[{"@type":"SearchAction","target":{"@type":"EntryPoint","urlTemplate":"https:\/\/kofe.hu\/parola\/?s={search_term_string}"},"query-input":{"@type":"PropertyValueSpecification","valueRequired":true,"valueName":"search_term_string"}}],"inLanguage":"hu"},{"@type":"Person","@id":"https:\/\/kofe.hu\/parola\/#\/schema\/person\/46297a12b269c035523fdcd019f91711","name":"P\u00e9terfi Ferenc","image":{"@type":"ImageObject","inLanguage":"hu","@id":"https:\/\/kofe.hu\/parola\/#\/schema\/person\/image\/d173d0cf20d3d8748a6819cd4d17d68c","url":"https:\/\/secure.gravatar.com\/avatar\/523e0b801b986785c16f8e37b642a318cb28abdc4915fa26e5b257b5a3902afc?s=96&d=mm&r=g","contentUrl":"https:\/\/secure.gravatar.com\/avatar\/523e0b801b986785c16f8e37b642a318cb28abdc4915fa26e5b257b5a3902afc?s=96&d=mm&r=g","caption":"P\u00e9terfi Ferenc"},"url":"https:\/\/kofe.hu\/parola\/szerzok\/peterfi-ferenc\/"}]}},"_links":{"self":[{"href":"https:\/\/kofe.hu\/parola\/wp-json\/wp\/v2\/posts\/6136","targetHints":{"allow":["GET"]}}],"collection":[{"href":"https:\/\/kofe.hu\/parola\/wp-json\/wp\/v2\/posts"}],"about":[{"href":"https:\/\/kofe.hu\/parola\/wp-json\/wp\/v2\/types\/post"}],"author":[{"embeddable":true,"href":"https:\/\/kofe.hu\/parola\/wp-json\/wp\/v2\/users\/15"}],"replies":[{"embeddable":true,"href":"https:\/\/kofe.hu\/parola\/wp-json\/wp\/v2\/comments?post=6136"}],"version-history":[{"count":4,"href":"https:\/\/kofe.hu\/parola\/wp-json\/wp\/v2\/posts\/6136\/revisions"}],"predecessor-version":[{"id":6282,"href":"https:\/\/kofe.hu\/parola\/wp-json\/wp\/v2\/posts\/6136\/revisions\/6282"}],"wp:featuredmedia":[{"embeddable":true,"href":"https:\/\/kofe.hu\/parola\/wp-json\/wp\/v2\/media\/6138"}],"wp:attachment":[{"href":"https:\/\/kofe.hu\/parola\/wp-json\/wp\/v2\/media?parent=6136"}],"wp:term":[{"taxonomy":"category","embeddable":true,"href":"https:\/\/kofe.hu\/parola\/wp-json\/wp\/v2\/categories?post=6136"},{"taxonomy":"post_tag","embeddable":true,"href":"https:\/\/kofe.hu\/parola\/wp-json\/wp\/v2\/tags?post=6136"},{"taxonomy":"author","embeddable":true,"href":"https:\/\/kofe.hu\/parola\/wp-json\/wp\/v2\/coauthors?post=6136"}],"curies":[{"name":"wp","href":"https:\/\/api.w.org\/{rel}","templated":true}]}}