{"id":5998,"date":"2021-04-02T20:10:36","date_gmt":"2021-04-02T20:10:36","guid":{"rendered":"https:\/\/kofe.hu\/parola\/?p=5998"},"modified":"2021-04-18T12:53:09","modified_gmt":"2021-04-18T12:53:09","slug":"30-eves-az-autonomia-alapitvany-kerekasztal-talalkozok-osszefoglalo-bemutatasa","status":"publish","type":"post","link":"https:\/\/kofe.hu\/parola\/parola-folyoirat\/30-eves-az-autonomia-alapitvany-kerekasztal-talalkozok-osszefoglalo-bemutatasa\/","title":{"rendered":"30 \u00e9ves az Auton\u00f3mia Alap\u00edtv\u00e1ny \u2013 kerekasztal tal\u00e1lkoz\u00f3k \u00f6sszefoglal\u00f3 bemutat\u00e1sa"},"content":{"rendered":"<p><strong>Az Auton\u00f3mia Alap\u00edtv\u00e1nyr\u00f3l<\/strong><\/p>\n<p><strong><img loading=\"lazy\" decoding=\"async\" class=\"wp-image-6001 alignright\" src=\"https:\/\/kofe.hu\/parola\/wp-content\/uploads\/2021\/04\/2021-1-DD-2.jpg\" alt=\"\" width=\"302\" height=\"51\" srcset=\"https:\/\/kofe.hu\/parola\/wp-content\/uploads\/2021\/04\/2021-1-DD-2.jpg 422w, https:\/\/kofe.hu\/parola\/wp-content\/uploads\/2021\/04\/2021-1-DD-2-300x50.jpg 300w, https:\/\/kofe.hu\/parola\/wp-content\/uploads\/2021\/04\/2021-1-DD-2-10x2.jpg 10w\" sizes=\"auto, (max-width: 302px) 100vw, 302px\" \/><\/strong>Az Auton\u00f3mia Alap\u00edtv\u00e1ny az egyik els\u0151 f\u00fcggetlen magyarorsz\u00e1gi alap\u00edtv\u00e1nyk\u00e9nt j\u00f6tt l\u00e9tre 1990-ben, programjaikkal a roma emancip\u00e1ci\u00f3t \u00e9s az \u00f6nszervez\u0151d\u0151 civil szervezeteket t\u00e1mogatj\u00e1k. Egyenl\u0151s\u00e9gelv\u0171, integr\u00e1ci\u00f3s, k\u00f6z\u00f6ss\u00e9gi megold\u00e1sokat keresnek \u00e9s ny\u00fajtanak kistelep\u00fcl\u00e9sen \u00e9l\u0151k sz\u00e1m\u00e1ra, munk\u00e1jukkal nagyban hozz\u00e1j\u00e1rulnak az akt\u00edv civil szf\u00e9ra t\u00e1mogat\u00e1s\u00e1hoz. Alap\u00e9rt\u00e9keik a nyitotts\u00e1g, a f\u00fcggetlens\u00e9g, a szakmais\u00e1g \u00e9s az \u0151szintes\u00e9g mellett a m\u00e9lt\u00f3s\u00e1g.<br \/>\n<em>Forr\u00e1s: <\/em><a href=\"http:\/\/autonomia.hu\/hu\/rolunk\/\"><em>http:\/\/autonomia.hu\/hu\/rolunk\/<\/em><\/a><\/p>\n<p><strong>A kerekasztalbesz\u00e9lget\u00e9sekr\u0151l<\/strong><\/p>\n<p>Az Auton\u00f3mia Alap\u00edtv\u00e1ny 2020-ban \u00fcnnepelte fenn\u00e1ll\u00e1s\u00e1nak harmincadik \u00e9vfordul\u00f3j\u00e1t. Ebb\u0151l az alkalomb\u00f3l online kerekasztalbesz\u00e9lget\u00e9seket szerveztek olyan t\u00e9m\u00e1kban, amelyek szorosan k\u00f6t\u0151dnek a szervezet tev\u00e9kenys\u00e9g\u00e9hez, \u00e9rt\u00e9krendszer\u00e9hez. A tizenegy r\u00e9szes sorozat egyenk\u00e9nt m\u00e1sf\u00e9l \u00f3r\u00e1s r\u00e9szei az <a href=\"https:\/\/www.youtube.com\/channel\/UCLlp11Lslt78qw6jVSNhlnQ\">Auton\u00f3mia1990 Youtube-csatorn\u00e1n<\/a> \u00e9rhet\u0151ek el, az al\u00e1bbi t\u00e1bl\u00e1zatban c\u00edmszavakban foglaltuk \u00f6ssze az egyes besz\u00e9lget\u00e9sek t\u00e9m\u00e1it.<\/p>\n<table style=\"height: 1644px;\" width=\"770\">\n<tbody>\n<tr>\n<td width=\"201\"><strong>A besz\u00e9lget\u00e9s c\u00edme<\/strong><\/td>\n<td width=\"201\"><strong>A besz\u00e9lget\u00e9s tartalma<\/strong><\/td>\n<td width=\"201\"><strong>A besz\u00e9lget\u00e9s el\u00e9rhet\u0151s\u00e9ge<\/strong><\/td>\n<\/tr>\n<tr>\n<td width=\"201\">AA30 \u2013 Miben m\u00e1s a roma \u00e9s nem roma szeg\u00e9nys\u00e9g?<\/p>\n<p>&nbsp;<\/td>\n<td width=\"201\">A szeg\u00e9nys\u00e9g term\u00e9szete, a jelens\u00e9ggel kapcsolatos okok \u00e9s \u00f6sszef\u00fcgg\u00e9sek.<\/td>\n<td width=\"201\"><a href=\"https:\/\/www.youtube.com\/watch?v=IlnAsOGi0dI\">https:\/\/www.youtube.com\/watch?v=IlnAsOGi0dI<\/a><\/td>\n<\/tr>\n<tr>\n<td width=\"201\">AA30 \u2013 Kinek \u00e9ri meg az integr\u00e1ci\u00f3<\/p>\n<p>&nbsp;<\/td>\n<td width=\"201\">Mi az integr\u00e1ci\u00f3 \u00e1ra, kinek\/kiknek \u00e9ri meg a t\u00e1rsadalmi integr\u00e1ci\u00f3?<\/td>\n<td width=\"201\"><a href=\"https:\/\/www.youtube.com\/watch?v=T2ZtPTtj6qs\">https:\/\/www.youtube.com\/watch?v=T2ZtPTtj6qs<\/a><\/td>\n<\/tr>\n<tr>\n<td width=\"201\">AA30 \u2013 Kinek seg\u00edt az adom\u00e1ny?<\/p>\n<p>&nbsp;<\/td>\n<td width=\"201\">Az adom\u00e1nyoz\u00e1s lehet\u0151s\u00e9gei, lehets\u00e9ges form\u00e1i, csatorn\u00e1i, kihez milyen adom\u00e1nyok jutnak el.<\/td>\n<td width=\"201\"><a href=\"https:\/\/www.youtube.com\/watch?v=rmwCoweQE_A\">https:\/\/www.youtube.com\/watch?v=rmwCoweQE_A<\/a><\/td>\n<\/tr>\n<tr>\n<td width=\"201\">AA30 \u2013 Rom\u00e1k P\u00e9csen \u00e9s Miskolcon. Mi t\u00f6rt\u00e9nt az elm\u00falt 30 \u00e9vben?<\/p>\n<p>&nbsp;<\/td>\n<td width=\"201\">Rom\u00e1k \u00f6nszervez\u0151d\u0151 k\u00f6z\u00f6ss\u00e9gei a k\u00e9t nagyv\u00e1rosban, milyen fejleszt\u00e9sek val\u00f3sultak meg ezeken a telep\u00fcl\u00e9seken.<\/td>\n<td width=\"201\"><a href=\"https:\/\/www.youtube.com\/watch?v=xeYzYSA8IxE\">https:\/\/www.youtube.com\/watch?v=xeYzYSA8IxE<\/a><\/td>\n<\/tr>\n<tr>\n<td width=\"201\">AA30 \u2013 Civil \u00e9s (\u00f6n)korm\u00e1nyzati egy\u00fcttm\u0171k\u00f6d\u00e9sek a roma integr\u00e1ci\u00f3\u00e9rt<\/p>\n<p>&nbsp;<\/td>\n<td width=\"201\">Helyi civil kezdem\u00e9nyez\u00e9sek a helyi hat\u00f3s\u00e1gokkal \u00e9s int\u00e9zm\u00e9nyekkel val\u00f3 egy\u00fcttm\u0171k\u00f6d\u00e9se. Az ezzel kapcsolatos neh\u00e9zs\u00e9gek \u00e9s eredm\u00e9nyek.<\/td>\n<td width=\"201\"><a href=\"https:\/\/www.youtube.com\/watch?v=hAAIsjLlYz4\">https:\/\/www.youtube.com\/watch?v=hAAIsjLlYz4<\/a><\/td>\n<\/tr>\n<tr>\n<td width=\"201\">AA30 M\u0171v\u00e9szeti alap\u00fa fejleszt\u00e9sek h\u00e1tr\u00e1nyos helyzet\u0171 telep\u00fcl\u00e9seken<\/p>\n<p>&nbsp;<\/td>\n<td width=\"201\">Mit adhat a k\u00f6z\u00f6ss\u00e9gi alkot\u00e1s a h\u00e1tr\u00e1nyos helyzet\u0171 telep\u00fcl\u00e9seken az embereknek. Milyen eszk\u00f6z\u00f6kkel milyen eredm\u00e9nyek \u00e9rhet\u0151k el.<\/td>\n<td width=\"201\"><a href=\"https:\/\/www.youtube.com\/watch?v=9ejTZZOT248\">https:\/\/www.youtube.com\/watch?v=9ejTZZOT248<\/a><\/p>\n<p>&nbsp;<\/td>\n<\/tr>\n<tr>\n<td width=\"201\">AA30 \u2013 Roma m\u00e9dia a m\u00faltban \u00e9s a jelenben<\/p>\n<p>&nbsp;<\/td>\n<td width=\"201\">A cig\u00e1nys\u00e1g (\u00f6n)reprezent\u00e1ci\u00f3ja a m\u00e9di\u00e1ban, kor\u00e1bbi m\u00e9diumok \u00e9s ezek \u00f6r\u00f6ks\u00e9ge.<\/td>\n<td width=\"201\"><a href=\"https:\/\/www.youtube.com\/watch?v=p8KE9ml1ffo\">https:\/\/www.youtube.com\/watch?v=p8KE9ml1ffo<\/a><\/td>\n<\/tr>\n<tr>\n<td width=\"201\">AA30 \u2013 Roma \u00e9rtelmis\u00e9g emigr\u00e1ci\u00f3ban<\/p>\n<p>&nbsp;<\/td>\n<td width=\"201\">A roma \u00f6nszervez\u0151d\u00e9s \u00e9s az \u00e9rdekk\u00e9pviselet szerepl\u0151i gyakran emigr\u00e1ci\u00f3ban \u00e9lnek, ebb\u0151l milyen el\u0151ny\u00f6k \u00e9s h\u00e1tr\u00e1nyok sz\u00e1rmaznak.<\/td>\n<td width=\"201\"><a href=\"https:\/\/www.youtube.com\/watch?v=erErnAuclQM\">https:\/\/www.youtube.com\/watch?v=erErnAuclQM<\/a><\/td>\n<\/tr>\n<tr>\n<td width=\"201\">AA30 \u2013 Roma fiatalok meger\u0151s\u00edt\u00e9se k\u00e9t \u00e9vtized t\u00e1vlat\u00e1ban<\/p>\n<p>&nbsp;<\/td>\n<td width=\"201\">A PAKIV, 2001-2003 k\u00f6z\u00f6tt megval\u00f3sult k\u00f6z\u00f6ss\u00e9gfejleszt\u0151i k\u00e9pz\u00e9s \u00f6r\u00f6ks\u00e9ge.<\/td>\n<td width=\"201\"><a href=\"https:\/\/www.youtube.com\/watch?v=Y2S1V8y8qUg\">https:\/\/www.youtube.com\/watch?v=Y2S1V8y8qUg<\/a><\/td>\n<\/tr>\n<tr>\n<td width=\"201\">AA30 \u2013 H\u00e1ny dimenzi\u00f3s a hat\u00e9kony fejleszt\u00e9s<\/p>\n<p>&nbsp;<\/td>\n<td width=\"201\">Mit jelent a komplex fejleszt\u00e9s, mennyi id\u0151be telik egy ilyen folyamat, a pontszer\u0171 hossz\u00fat\u00e1v\u00fa beavatkoz\u00e1s hat\u00e9konyabb?<\/td>\n<td width=\"201\"><a href=\"https:\/\/www.youtube.com\/watch?v=0MWyo8tCmRs\">https:\/\/www.youtube.com\/watch?v=0Mwyo8tCmRs<\/a><\/td>\n<\/tr>\n<tr>\n<td width=\"201\">AA30 \u2013 Mennyiben k\u00e9sz\u00edt fel a szakk\u00e9pz\u00e9s a munka vil\u00e1g\u00e1ra?<\/p>\n<p>&nbsp;<\/td>\n<td width=\"201\">A szakk\u00e9pz\u00e9s \u00e9s a val\u00f3s\u00e1g viszonya, versenyk\u00e9pess\u00e9g, hib\u00e1k \u00e9s hi\u00e1nyoss\u00e1gok, j\u00f3 gyakorlatok a k\u00e9pz\u00e9sekkel kapcsolatban.<\/td>\n<td width=\"201\"><a href=\"https:\/\/www.youtube.com\/watch?v=_KbZdLqyj6M\">https:\/\/www.youtube.com\/watch?v=_KbZdLqyj6M<\/a><\/td>\n<\/tr>\n<tr>\n<td width=\"201\">AA30 \u2013 Mik lehetnek h\u00e1tr\u00e1nyok \u00e9s el\u0151ny\u00f6k a munkaer\u0151piacon<\/p>\n<p>&nbsp;<\/td>\n<td width=\"201\">A h\u00e1tr\u00e1nyok cs\u00f6kkent\u00e9s\u00e9nek lehets\u00e9ges eszk\u00f6zei, a rom\u00e1k lehet\u0151s\u00e9geinek jav\u00edt\u00e1sa.<\/td>\n<td width=\"201\"><a href=\"https:\/\/www.youtube.com\/watch?v=8FJn7idysnU\">https:\/\/www.youtube.com\/watch?v=8FJn7idysnU<\/a><\/p>\n<p>&nbsp;<\/td>\n<\/tr>\n<\/tbody>\n<\/table>\n<p>Jelen cikkben nincs lehet\u0151s\u00e9g arra, hogy az \u00f6sszes fentebb eml\u00edtett t\u00e9m\u00e1t bemutassuk, ugyanakkor k\u00e9t \u2013 a Parola foly\u00f3irat, \u00edgy a k\u00f6z\u00f6ss\u00e9gfejleszt\u00e9s szempontj\u00e1b\u00f3l is fontos \u2013 besz\u00e9lget\u00e9st r\u00e9szleteiben is k\u00f6zl\u00fcnk. A sz\u00f6vegben tal\u00e1lhat\u00f3, egy-egy fejleszt\u00e9si programhoz kapcsol\u00f3d\u00f3 k\u00e9peket az Auton\u00f3mia Alap\u00edtv\u00e1ny honlapj\u00e1r\u00f3l k\u00f6lcs\u00f6n\u00f6zt\u00fck.<\/p>\n<p>&nbsp;<\/p>\n<p><strong>H\u00e1ny dimenzi\u00f3s a hat\u00e9kony fejleszt\u00e9s?<\/strong><\/p>\n<p>Forr\u00e1s: <a href=\"https:\/\/www.youtube.com\/channel\/UCLlp11Lslt78qw6jVSNhlnQ\">Auton\u00f3mia1990 Youtube-csatorna<\/a><br \/>\nK\u00f6zz\u00e9t\u00e9tel d\u00e1tuma: 2020. 12.01.<br \/>\nLink: <a href=\"https:\/\/www.youtube.com\/watch?v=0MWyo8tCmRs\">https:\/\/www.youtube.com\/watch?v=0Mwyo8tCmRs<\/a><\/p>\n<p>Kulcsszavak:<br \/>\nkoordin\u00e1ci\u00f3, helyi fejleszt\u00e9s, komplex fejleszt\u00e9s, hat\u00e9kony megval\u00f3s\u00edt\u00e1s, projektmunka<\/p>\n<p>A tartalomr\u00f3l r\u00f6viden \u00edgy \u00edr a vide\u00f3 alatt az Auton\u00f3mia Alap\u00edtv\u00e1ny:<br \/>\n<em>\u201eA h\u00e1tr\u00e1nyos helyzet\u0171 telep\u00fcl\u00e9seket \u00e9s r\u00e9gi\u00f3kat c\u00e9lz\u00f3 fejleszt\u00e9sek kapcs\u00e1n kulcssz\u00f3v\u00e1 v\u00e1lt a komplexit\u00e1s. De ki mit \u00e9rt komplex fejleszt\u00e9s alatt? Mennyi id\u0151 sz\u00fcks\u00e9ges a hat\u00e9kony fejleszt\u00e9shez? Mi a c\u00e9lravezet\u0151bb, a t\u00e9rs\u00e9gi vagy a pontszer\u0171 beavatkoz\u00e1s? Hogyan viszonyulnak a hossz\u00fat\u00e1v\u00fa fejleszt\u0151 programok az \u00e1llami int\u00e9zm\u00e9nyrendszerekhez?\u201d<\/em><\/p>\n<p>R\u00e9sztvev\u0151k:<br \/>\n<strong>J\u00e1szn\u00e9 Nagy Katalin<\/strong>, int\u00e9zm\u00e9nyvezet\u0151-helyettes, Kist\u00e9rs\u00e9gi Szoci\u00e1lis K\u00f6zpont, Baktal\u00f3r\u00e1nth\u00e1za<br \/>\n<strong>Kullmann \u00c1d\u00e1m<\/strong>, program menedzser, Eur\u00f3pai Bizotts\u00e1g<br \/>\n<strong>R\u00e1csok Bal\u00e1zs<\/strong>, szoci\u00e1lis igazgat\u00f3, Magyar \u00d6komenikus Seg\u00e9lyszervezet<br \/>\nmoder\u00e1tor: <strong>Vir\u00e1g T\u00fcnde<\/strong>, a KRTK tudom\u00e1nyos f\u0151munkat\u00e1rsa<\/p>\n<p>A besz\u00e9lget\u00e9s elej\u00e9n a r\u00e9szvev\u0151k megfogalmazt\u00e1k, hogy mit \u00e9rtenek <em>komplex fejleszt\u00e9s<\/em> alatt. R\u00e1csok Bal\u00e1zs szerint a komplex fejleszt\u00e9s eset\u00e9ben a munka nem egy valamire ir\u00e1nyul, t\u00f6bb t\u00e9nyez\u0151t is figyelembe vesz egy-egy probl\u00e9m\u00e1val \u00f6sszef\u00fcgg\u00e9sben. P\u00e9ldak\u00e9nt eml\u00edti, hogy ha egy gyermeknek nincs iskolat\u00e1sk\u00e1ja, akkor nem iskolat\u00e1sk\u00e1t v\u00e1s\u00e1rolnak neki, hanem a probl\u00e9ma okait igyekeznek felt\u00e1rni. \u00cdgy egy kis probl\u00e9mak\u00f6r elkezd \u00e1talakulni egy komplex probl\u00e9mat\u00e9rk\u00e9pp\u00e9: ok-okozati \u00f6sszef\u00fcgg\u00e9seket keresnek. Egy rendszerszint\u0171 beavatkoz\u00e1sr\u00f3l van teh\u00e1t sz\u00f3, amely szektork\u00f6zi, rendszerk\u00f6zi egy\u00fcttm\u0171k\u00f6d\u00e9st is jelent. Egy int\u00e9zm\u00e9nyen bel\u00fcl is l\u00e9tezhet komplexit\u00e1s, de az csak az adott int\u00e9zm\u00e9ny korl\u00e1tai k\u00f6z\u00f6tt tud megval\u00f3sulni. J\u00e1szn\u00e9 Nagy Katalin eml\u00edti, hogy egy-egy egy\u00e9n helyzet\u00e9be t\u00f6bb ter\u00fcleten \u00e9rdemes beavatkozni, a szakembereket is arra b\u00edztatj\u00e1k a szoci\u00e1lis int\u00e9zm\u00e9nyben, hogy soha ne egy probl\u00e9m\u00e1ra f\u00f3kusz\u00e1ljanak, hanem a csal\u00e1d t\u00f6bb szerepl\u0151j\u00e9t is vegy\u00e9k figyelembe. Ha csup\u00e1n egy dologra koncentr\u00e1lnak, akkor csak r\u00f6vid t\u00e1von tudnak beavatkozni, ezzel szemben az lenne a c\u00e9l, hogy egy-egy szem\u00e9ly vagy csal\u00e1d helyzete hossz\u00fa t\u00e1von is megv\u00e1ltozhasson, struktur\u00e1lis v\u00e1ltoz\u00e1sokat \u00e9rjenek el az \u00e9rintettek \u00e9let\u00e9ben.<\/p>\n<figure id=\"attachment_6002\" aria-describedby=\"caption-attachment-6002\" style=\"width: 694px\" class=\"wp-caption aligncenter\"><img loading=\"lazy\" decoding=\"async\" class=\" wp-image-6002\" src=\"https:\/\/kofe.hu\/parola\/wp-content\/uploads\/2021\/04\/2021-1-DD-3.jpg\" alt=\"\" width=\"694\" height=\"606\" srcset=\"https:\/\/kofe.hu\/parola\/wp-content\/uploads\/2021\/04\/2021-1-DD-3.jpg 700w, https:\/\/kofe.hu\/parola\/wp-content\/uploads\/2021\/04\/2021-1-DD-3-300x262.jpg 300w, https:\/\/kofe.hu\/parola\/wp-content\/uploads\/2021\/04\/2021-1-DD-3-10x10.jpg 10w\" sizes=\"auto, (max-width: 694px) 100vw, 694px\" \/><figcaption id=\"caption-attachment-6002\" class=\"wp-caption-text\">1. k\u00e9p: K\u00f6z\u00f6ss\u00e9gi programok Aparhanton<br \/>Forr\u00e1s: http:\/\/autonomia.hu\/hu\/programok\/aktivizald-a-kozosseged\/<\/figcaption><\/figure>\n<p>M\u00e1sodik nagy t\u00e9mak\u00e9nt az a k\u00e9rd\u00e9s vet\u0151d\u00f6tt fel, hogy hogyan jelenik meg mindez egy-egy program kialak\u00edt\u00e1s\u00e1ban. Kullmann \u00c1d\u00e1m \u00fagy l\u00e1tja, hogy a finansz\u00edroz\u00f3 oldal\u00e1r\u00f3l tekintve a <em>komplex<\/em> k\u00e9t dolgot jelent: egyr\u00e9szt t\u00f6bb szakter\u00fcletet \u00e9rint a fejleszt\u00e9s, m\u00e1sr\u00e9szt minden bonyolult, neh\u00e9zkes, lass\u00fa \u00e9s energiaig\u00e9nyes. Vannak olyan probl\u00e9m\u00e1k, amelyekre a komplex fejleszt\u00e9s a j\u00f3 megold\u00e1s, de sok esetben nehez\u00edtheti, bonyol\u00edthatja is a megval\u00f3s\u00edt\u00e1st, \u00edgy az eg\u00e9szs\u00e9ges balansz\u00edroz\u00e1sra, a hat\u00e9konys\u00e1g fontoss\u00e1g\u00e1ra h\u00edvja fel a figyelmet.<\/p>\n<p>Arra a k\u00e9rd\u00e9sre, hogy a k\u00fcl\u00f6nb\u00f6z\u0151 szerepl\u0151k munk\u00e1j\u00e1nak \u00f6sszehangol\u00e1sa hogyan lehets\u00e9ges J\u00e1szn\u00e9 Nagy Katalin szerint amikor egyszerre t\u00f6bb program is folyik, a kapcsolatfelv\u00e9tel a legfontosabb. Ilyen esetekben speci\u00e1lis megold\u00e1sok sz\u00fcks\u00e9gesek, p\u00e9ld\u00e1ul a tal\u00e1lkoz\u00f3kra minden ter\u00fclet k\u00e9pvisel\u0151j\u00e9t megh\u00edvj\u00e1k, \u00edgy ott az \u00f6sszes megval\u00f3s\u00edt\u00f3 tal\u00e1lkozhat az \u00e9rintettekkel. A programok k\u00f6z\u00f6tti egy\u00fcttm\u0171k\u00f6d\u00e9s kulcsfontoss\u00e1g\u00fa: igyekeznek elker\u00fclni, hogy ugyanazt a programelemet aj\u00e1nlj\u00e1k fel a k\u00fcl\u00f6nb\u00f6z\u0151 szerepl\u0151k. Kr\u00edzishelyzetekben is hasonl\u00f3k\u00e9ppen dolgoznak, egym\u00e1s munk\u00e1j\u00e1nak kiolt\u00e1s\u00e1t pr\u00f3b\u00e1lj\u00e1k elker\u00fclni. A p\u00e1ly\u00e1zat megsz\u0171n\u00e9se ut\u00e1n ezzel a m\u00f3dszerrel tapasztalt szakembereket tudnak bevonni az int\u00e9zm\u00e9nyek m\u0171k\u00f6d\u00e9s\u00e9be. A neh\u00e9z kezdet ut\u00e1n ezt a szeml\u00e9letet m\u00e1r \u00e1tvett\u00e9k a projektek, a k\u00e9s\u0151bbi programok megval\u00f3s\u00edt\u00e1sa szempontj\u00e1b\u00f3l fontos lenne a hat\u00e9kony egy\u00fcttm\u0171k\u00f6d\u00e9s. R\u00e1csok Bal\u00e1zs \u00fagy l\u00e1tja, hogy ezen a t\u00e9ren vannak nagy kudarcok \u00e9s vannak nagy sikerek is, az egy\u00fcttm\u0171k\u00f6d\u00e9seket nagyon sok minden befoly\u00e1solja (motiv\u00e1ci\u00f3, t\u00falterhelts\u00e9g, \u00e9rdekek, \u00e9rdeks\u00e9relmek, helyi viszonyok, r\u00e9gi beidegz\u0151d\u00e9sek), \u00e9s ezekre sokszor nem tud hat\u00e1ssal lenni a fejleszt\u00e9s. El\u0151sz\u00f6r meg kell \u00e9rteni, hogy mi\u00e9rt m\u0171k\u00f6dik nehezen a kommunik\u00e1ci\u00f3 (n\u00e9ha el kell fogadni, hogy egyszer\u0171en nem lehets\u00e9ges), \u00e9s innen sz\u00fcks\u00e9ges tov\u00e1bbl\u00e9pni. Kulcsfontoss\u00e1g\u00fa, hogy sok szerepl\u0151vel a lehet\u0151 legt\u00f6bbet kommunik\u00e1ljanak a folyamat kezdet\u00e9n, \u00edgy \u00e9rthet\u0151 meg, hogy pontosan mit gondolnak a r\u00e9sztvev\u0151k a fejleszt\u00e9sr\u0151l. A hossz\u00fa t\u00e1v\u00fa tervez\u00e9s fontoss\u00e1g\u00e1t nem lehet el\u00e9gg\u00e9 hangs\u00falyozni: egy pontszer\u0171 beavatkoz\u00e1s kock\u00e1zatos a <em>cserbenhagy\u00e1s <\/em>\u00e9rz\u00e9se sokszor rosszabb, mintha el sem kezdt\u00e9k volna a programot, ez\u00e9rt a Magyar \u00d6kumenikus Seg\u00e9lyszervezet elk\u00f6telezett a hossz\u00fa t\u00e1v\u00fa m\u0171k\u00f6d\u00e9sben. Fontos kiemelni, hogy az alapszolg\u00e1ltat\u00e1sok \u00e9s a fejleszt\u0151 szervezetek m\u00e1s logika szerint m\u0171k\u00f6dnek, nagy k\u00e9rd\u00e9s, hogyan lehets\u00e9ges a projektszeml\u00e9letet \u00f6sszeegyeztetni a hossz\u00fa t\u00e1v\u00fa beavatkoz\u00e1ssal. Arra a k\u00e9rd\u00e9sre, hogyan lehetne ezt projektszinten be\u00e9p\u00edteni Kullmann \u00c1d\u00e1m a Tanoda p\u00e9ld\u00e1j\u00e1t hozza, amely ak\u00e1r \u00e9veken \u00e1t finansz\u00edroz\u00e1s n\u00e9lk\u00fcl m\u0171k\u00f6dik a hossz\u00fa t\u00e1v\u00fa beavatkoz\u00e1s \u00e9rdek\u00e9ben. A f\u0151 k\u00e9rd\u00e9s, hogy van-e egy olyan szerepl\u0151, aki \u00f6ssze tudja fogni a programokat (hiteless\u00e9g, kommunik\u00e1ci\u00f3s k\u00e9pess\u00e9g birtok\u00e1ban), tov\u00e1bb\u00e1 ki kell v\u00e1rni az eredm\u00e9nyeket, a tervez\u00e9s sokszor nagyon sok id\u0151t vesz ig\u00e9nybe. \u00a0A hossz\u00fa t\u00e1v\u00fa tervez\u00e9s \u00e9s a hat\u00e1rid\u0151k elcs\u00fasz\u00e1sa nem mindig seg\u00edti egy-egy program hat\u00e9kony megval\u00f3s\u00edt\u00e1s\u00e1t. Nem az az optim\u00e1lis, ha min\u00e9l ink\u00e1bb folyamatoss\u00e1 tessz\u00fck a tev\u00e9kenys\u00e9get, hanem egyens\u00falyt sz\u00fcks\u00e9ges tal\u00e1lni a r\u00f6vid t\u00e1v\u00fa beavatkoz\u00e1s \u00e9s a struktur\u00e1lis v\u00e1ltoz\u00e1sok el\u00e9r\u00e9se k\u00f6z\u00f6tt \u2013 z\u00e1rja gondolatait.<\/p>\n<p>Joggal mer\u00fclhet fel az a k\u00e9rd\u00e9s, hogy mennyi id\u0151be telik a struktur\u00e1lis v\u00e1ltoz\u00e1sok el\u00e9r\u00e9se. R\u00e1csok Bal\u00e1zs v\u00e9lem\u00e9nye szerint ez rengeteg id\u0151, k\u00f6r\u00fclbel\u00fcl 20-30 \u00e9v, kevesebb semmik\u00e9ppen sem. Nagy dilemma, hogy kikkel kezdik el a munk\u00e1t, az er\u0151forr\u00e1saikat kikre \u00f6sszpontos\u00edtj\u00e1k. Kiket lehet m\u00e9g hat\u00e9konyan fejleszteni. A beavatkoz\u00e1s kezdet\u00e9n neh\u00e9z megmondani, hogy kikkel hova lehet eljutni adott id\u0151 alatt, ehhez mennyi er\u0151forr\u00e1s felhaszn\u00e1l\u00e1sa sz\u00fcks\u00e9ges. A seg\u00e9lyszervezet beavatkoz\u00e1s-\u00e9rt\u00e9kel\u00e9s szempontj\u00e1b\u00f3l elk\u00fcl\u00f6n\u00edti egym\u00e1st\u00f3l a hossz\u00fa t\u00e1v\u00fa fejleszt\u00e9st \u00e9s a kr\u00edzis-seg\u00e9lyez\u00e9st: a szoci\u00e1lis tev\u00e9kenys\u00e9gek m\u00e9r\u00e9se szempontj\u00e1b\u00f3l a k\u00e9t t\u00edpus\u00fa beavatkoz\u00e1s teljesen m\u00e1s.<\/p>\n<figure id=\"attachment_6003\" aria-describedby=\"caption-attachment-6003\" style=\"width: 702px\" class=\"wp-caption aligncenter\"><img loading=\"lazy\" decoding=\"async\" class=\" wp-image-6003\" src=\"https:\/\/kofe.hu\/parola\/wp-content\/uploads\/2021\/04\/2021-1-DD-4.jpg\" alt=\"\" width=\"702\" height=\"386\" srcset=\"https:\/\/kofe.hu\/parola\/wp-content\/uploads\/2021\/04\/2021-1-DD-4.jpg 960w, https:\/\/kofe.hu\/parola\/wp-content\/uploads\/2021\/04\/2021-1-DD-4-300x165.jpg 300w, https:\/\/kofe.hu\/parola\/wp-content\/uploads\/2021\/04\/2021-1-DD-4-768x422.jpg 768w, https:\/\/kofe.hu\/parola\/wp-content\/uploads\/2021\/04\/2021-1-DD-4-10x6.jpg 10w\" sizes=\"auto, (max-width: 702px) 100vw, 702px\" \/><figcaption id=\"caption-attachment-6003\" class=\"wp-caption-text\">2. k\u00e9p: Merj \u00e1lmodni foglalkoz\u00e1s \u2013 In\u00e1rcs<br \/>Forr\u00e1s: http:\/\/autonomia.hu\/hu\/programok\/aktivizald-a-kozosseged\/<\/figcaption><\/figure>\n<p>A r\u00e9sztvev\u0151k egyet\u00e9rtenek abban, hogy a hossz\u00fa t\u00e1v\u00fa beavatkoz\u00e1s kulcsa, ha \u00f6nfenntart\u00f3v\u00e1 v\u00e1lik egy fejleszt\u00e9s. A R\u00e1csok Bal\u00e1zs \u00e1ltal k\u00e9pviselt Magyar \u00d6kumenikus Seg\u00e9lyszervezet eset\u00e9ben soha nem c\u00e9l a hossz\u00fa t\u00e1v\u00fa seg\u00e9lyez\u00e9s, a hangs\u00faly a k\u00e9pess\u00e9 t\u00e9telen van. A folyamat elej\u00e9n sokat adnak az egy\u00e9n meger\u0151s\u00f6d\u00e9s\u00e9hez, azt\u00e1n tervezetten cs\u00f6kkentik az \u00e1ltala el\u00e9rhet\u0151 szolg\u00e1ltat\u00e1sokat. A csal\u00e1dok \u00e1tmeneti otthona egy ilyen tudatos folyamatot, programot futtat, melynek v\u00e9g\u00e9n a csal\u00e1dok \u00f6n\u00e1ll\u00e1t\u00e1sra is k\u00e9pesek lehetnek 3-4 \u00e9v ut\u00e1n. Persze \u2013 hangs\u00falyozza \u2013 minden eset m\u00e1s, \u00edgy differenci\u00e1l\u00e1s sz\u00fcks\u00e9ges a csal\u00e1dok k\u00f6z\u00f6tt. J\u00e1szn\u00e9 Nagy Katalin \u00fagy l\u00e1tja, hogy a jogszab\u00e1lyi \u00e9s p\u00e1ly\u00e1zati lehet\u0151s\u00e9geken t\u00fal nagyon fontos a j\u00f3 szakember, els\u0151sorban rajta m\u00falik, hogy mikor \u00e9s hogyan lehet elengedni az \u00e9rintettek kez\u00e9t. Koll\u00e9g\u00e1i sokszor a megl\u00e9v\u0151 int\u00e9zm\u00e9nyi eszk\u00f6zrendszert haszn\u00e1lj\u00e1k, \u00edgy mindenk\u00e9ppen sz\u00fcks\u00e9ges a szoci\u00e1lis alapszolg\u00e1ltat\u00e1sok \u00e9s a gyermekj\u00f3l\u00e9ti szolg\u00e1ltat\u00e1sok fejleszt\u00e9se a programok megval\u00f3s\u00edt\u00e1sa mellett. A szakember-ut\u00e1np\u00f3tl\u00e1s \u00e9rdek\u00e9ben k\u00e9pz\u00e9seket ind\u00edtottak, t\u00e9rs\u00e9gi \u00f6sszefog\u00e1sokban gondolkodnak. Az \u00e1llami fenntart\u00e1s\u00fa szoci\u00e1lis int\u00e9zm\u00e9nyek eset\u00e9ben sokszor \u00f6sszekapcsolj\u00e1k a projektek finansz\u00edroz\u00e1s\u00e1t az alapszolg\u00e1ltat\u00e1sokkal a hat\u00e9kony forr\u00e1sallok\u00e1ci\u00f3 \u00e9rdek\u00e9ben.<\/p>\n<p>A komplex fejleszt\u00e9sek eset\u00e9ben mindig kardin\u00e1lis k\u00e9rd\u00e9s a nagy rendszerekkel \u2013 p\u00e9ld\u00e1ul oktat\u00e1si int\u00e9zm\u00e9nyekkel \u2013 val\u00f3 egy\u00fcttm\u0171k\u00f6d\u00e9s. Juh\u00e1szn\u00e9 Nagy Katalin szerint nekik sokat seg\u00edt az iskolai, \u00f3vodai szoci\u00e1lis munka megjelen\u00e9se. A lemorzsol\u00f3d\u00e1s cs\u00f6kkent\u00e9se lenne a f\u0151 c\u00e9l, ennek \u00e9rdek\u00e9ben piack\u00e9pes, hat\u00e9kony k\u00e9pz\u00e9seket pr\u00f3b\u00e1lnak szervezni, \u00e9s ut\u00e1nk\u00f6vetik az \u00e9rintetteket. Sok neh\u00e9zs\u00e9get okoz a bonyolult foglalkoztat\u00e1s\u00fcgyi adminisztr\u00e1ci\u00f3 \u00e9s \u00fcgyint\u00e9z\u00e9s, ebben is pr\u00f3b\u00e1lnak seg\u00edteni, hisznek a v\u00e1ltoz\u00e1sban. Egyes oktat\u00e1si int\u00e9zm\u00e9nyek nem engedik be a projektet, ebben az esetben a megval\u00f3s\u00edt\u00f3k pr\u00f3b\u00e1lj\u00e1k meggy\u0151zni az iskol\u00e1kat a programok hat\u00e9konys\u00e1g\u00e1r\u00f3l \u00e9s j\u00f3 sz\u00e1nd\u00e9k\u00e1r\u00f3l.<\/p>\n<p>Konkl\u00fazi\u00f3k\u00e9nt elmondhat\u00f3, hogy sok esetben egy-egy szem\u00e9ly amb\u00edci\u00f3j\u00e1n m\u00falik a sikeres beavatkoz\u00e1s. Ez felveti azt a k\u00e9rd\u00e9st, hogyan lehetne ezt valahogy rendszerszintre emelni, hogy egyszerre t\u00f6bb szektorban, ter\u00fcleten is t\u00f6rt\u00e9njenek v\u00e1ltoz\u00e1sok. Hogyan lehet kil\u00e9pni a lok\u00e1lis fejleszt\u00e9sekb\u0151l? R\u00e1csok Bal\u00e1zs \u00fagy fogalmaz v\u00e1lasz\u00e1ban, hogy a pontszer\u0171 fejleszt\u00e9sek tapasztalatai \u00f6ssze tudnak \u00e9rni j\u00f3 gyakorlatok form\u00e1j\u00e1ban. Lehets\u00e9ges, hogy p\u00e9ld\u00e1ul egy iskola nem fogja l\u00e1tni ezeket a kapcsol\u00f3d\u00e1si pontokat, de b\u00e1rmilyen fejleszt\u00e9s elkezdi \u00e9rinteni az \u00f6sszes alrendszert. A lehet\u0151 legt\u00f6bb partner bevon\u00e1s\u00e1val lehet el\u00e9rni olyan mechanizmusokat, amelyek k\u00e9s\u0151bb sztenderdd\u00e9 v\u00e1lhatnak m\u00e1s szektorban is. Az egy\u00fctt v\u00e1ltoz\u00e1s a l\u00e9nyeg: a projektekben olyan elemeket kell megval\u00f3s\u00edtani, amelyek m\u00e1shol is hat\u00e9konyak lehetnek, a mindennapokban hasznos elemek be\u00e9p\u00fcl\u00e9se nagyon fontos a fejleszt\u00e9sekben.<\/p>\n<p>A besz\u00e9lget\u00e9s v\u00e9g\u00e9re az a konkl\u00fazi\u00f3 rajzol\u00f3dik ki, hogy a hat\u00e9kony fejleszt\u00e9s komplexit\u00e1sa mindig helyzetf\u00fcgg\u0151, a dimenzi\u00f3k optim\u00e1lis sz\u00e1m\u00e1t nem lehet univerz\u00e1lisan meghat\u00e1rozni. A r\u00e9sztvev\u0151k abban egyet\u00e9rtenek, hogy a hat\u00e9kony kommunik\u00e1ci\u00f3 \u00e9s a k\u00e9pess\u00e9 t\u00e9tel, a projektek eredm\u00e9nyeinek \u00f6nfenntarthat\u00f3s\u00e1ga, valamint a min\u00e9l t\u00f6bb alrendszer sz\u00e1m\u00e1ra haszn\u00e1lhat\u00f3 j\u00f3 gyakorlatok keres\u00e9se mind-mind hozz\u00e1j\u00e1rul a sikeres komplex fejleszt\u00e9sek megval\u00f3s\u00edt\u00e1s\u00e1hoz.<\/p>\n<p>&nbsp;<\/p>\n<p><strong>Kinek \u00e9ri meg az integr\u00e1ci\u00f3?<\/strong><\/p>\n<p>Forr\u00e1s: <a href=\"https:\/\/www.youtube.com\/channel\/UCLlp11Lslt78qw6jVSNhlnQ\">Auton\u00f3mia1990 Youtube-csatorna<\/a><br \/>\nK\u00f6zz\u00e9t\u00e9tel d\u00e1tuma: 2020. 10. 08.<br \/>\nLink: <a href=\"https:\/\/www.youtube.com\/watch?v=T2ZtPTtj6qs\">https:\/\/www.youtube.com\/watch?v=T2ZtPTtj6qs<\/a><\/p>\n<p>Kulcsszavak:<br \/>\nt\u00e1rsadalmi integr\u00e1ci\u00f3, roma integr\u00e1ci\u00f3, az integr\u00e1ci\u00f3 \u00e1ra, a t\u00e1rsadalmi integr\u00e1ci\u00f3 folyamata, az integr\u00e1ci\u00f3 t\u00e1rsadalmi haszna<\/p>\n<p>A tartalomr\u00f3l r\u00f6viden \u00edgy \u00edr a vide\u00f3 alatt az Auton\u00f3mia Alap\u00edtv\u00e1ny:<br \/>\n<em>\u201eA rom\u00e1k integr\u00e1ci\u00f3ja kapcs\u00e1n gyakran hallani k\u00f6lts\u00e9ges projektekr\u0151l, illetve arr\u00f3l, hogy a t\u00e1rsadalomnak k\u00f6teless\u00e9ge lehet\u0151s\u00e9get biztos\u00edtani a h\u00e1tr\u00e1nnyal indul\u00f3 tagjainak. Meg\u00e9ri-e az integr\u00e1ci\u00f3 befektet\u00e9st, id\u0151t, p\u00e9nzt, t\u00f6r\u0151d\u00e9st, a szerencs\u00e9sebb sors\u00fa csoportok \u00e1ldozatait? Err\u0151l az \u00e9rz\u00e9keny k\u00e9rd\u00e9sr\u0151l szigor\u00fa t\u00e9nyek t\u00fckr\u00e9ben besz\u00e9lgett\u00fcnk szak\u00e9rt\u0151k bevon\u00e1s\u00e1val.\u201d<\/em><\/p>\n<p>R\u00e9sztvev\u0151k:<br \/>\n<strong>Messing Vera<\/strong>, szociol\u00f3gus, a K\u00f6z\u00e9p-eur\u00f3pai Egyetem kutat\u00f3ja<br \/>\n<strong>Scharle \u00c1gota<\/strong>, k\u00f6zgazd\u00e1sz, a Budapest Int\u00e9zet vezet\u0151 kutat\u00f3ja<br \/>\n<strong>Isztin P\u00e9ter<\/strong>, k\u00f6zgazd\u00e1sz, a Corvinus Egyetem oktat\u00f3ja<br \/>\nmoder\u00e1tor: <strong>B\u00e9res Tibor<\/strong>, az Auton\u00f3mia Alap\u00edtv\u00e1ny munkat\u00e1rsa<\/p>\n<p>A besz\u00e9lget\u00e9s t\u00e9m\u00e1ja a t\u00e1rsadalmi integr\u00e1ci\u00f3 m\u00e9rhet\u0151s\u00e9ge, az integr\u00e1ci\u00f3 hi\u00e1ny\u00e1nak k\u00f6lts\u00e9ge. A r\u00e9sztvev\u0151k arra v\u00e1llalkoztak, hogy a besz\u00e9lget\u00e9s elej\u00e9n meghat\u00e1rozz\u00e1k a t\u00e1rsadalmi integr\u00e1ci\u00f3 fogalm\u00e1t \u00e9s annak szintj\u00e9t a mai Magyarorsz\u00e1gon. Az els\u0151 k\u00e9rd\u00e9s egy gondolatk\u00eds\u00e9rlet, amely arra vonatkozott, hogy az elm\u00falt 30 \u00e9vben mennyire tudott a magyar t\u00e1rsadalom \u00e9lni a rendszerv\u00e1lt\u00e1s lehet\u0151s\u00e9g\u00e9vel, mennyire igazs\u00e1gos, m\u00e9lt\u00e1nyos a magyar t\u00e1rsadalom egy 1-t\u0151l 10-ig terjed\u0151 sk\u00e1l\u00e1n (ahol az 1-es a teljesen m\u00e9lt\u00e1nytalan \u00e9s a 10-es a teljesen m\u00e9lt\u00e1nyos). Scharle \u00c1gota v\u00e9lem\u00e9nye szerint, ha a 10-es az \u00e9sztek, akkor mi 4-es; Isztin P\u00e9ter 3 k\u00f6r\u00fcli pontot adna a roma integr\u00e1ci\u00f3 szempontj\u00e1b\u00f3l. Messing Vera nem pontozna, szerinte nincs egy olyan pont, amit tudna adni, mert ez nagyon v\u00e1ltoz\u00f3. Az elm\u00falt 30 \u00e9vnek k\u00fcl\u00f6nb\u00f6z\u0151 szakaszai voltak, r\u00e1ad\u00e1sul nincs \u00f6sszhangban a politika \u00e9s az emberek viszonyul\u00e1sa a kisebbs\u00e9gekhez, valamint elmondhat\u00f3, hogy az ut\u00f3bbi 10 \u00e9vben sokat romlott az es\u00e9lye a t\u00e1rsadalmi integr\u00e1ci\u00f3nak.<\/p>\n<figure id=\"attachment_5999\" aria-describedby=\"caption-attachment-5999\" style=\"width: 700px\" class=\"wp-caption aligncenter\"><img loading=\"lazy\" decoding=\"async\" class=\" wp-image-5999\" src=\"https:\/\/kofe.hu\/parola\/wp-content\/uploads\/2021\/04\/2021-1-DD-5.jpg\" alt=\"\" width=\"700\" height=\"393\" srcset=\"https:\/\/kofe.hu\/parola\/wp-content\/uploads\/2021\/04\/2021-1-DD-5.jpg 787w, https:\/\/kofe.hu\/parola\/wp-content\/uploads\/2021\/04\/2021-1-DD-5-300x168.jpg 300w, https:\/\/kofe.hu\/parola\/wp-content\/uploads\/2021\/04\/2021-1-DD-5-768x431.jpg 768w, https:\/\/kofe.hu\/parola\/wp-content\/uploads\/2021\/04\/2021-1-DD-5-10x6.jpg 10w\" sizes=\"auto, (max-width: 700px) 100vw, 700px\" \/><figcaption id=\"caption-attachment-5999\" class=\"wp-caption-text\">3. k\u00e9p: A helyi p\u00e1besz\u00e9d el\u0151seg\u00edt\u00e9s\u00e9nek egy lehets\u00e9ges m\u00f3dja.<br \/>Forr\u00e1s: http:\/\/autonomia.hu\/hu\/programok\/a-helyi-parbeszed-elosegitese-roma-lakta-falvakba-uj-tipusu-muveszeti-foglalkozasok-segitsegevel\/<\/figcaption><\/figure>\n<p>Tov\u00e1bbhaladva a besz\u00e9lget\u00e9sben a r\u00e9sztvev\u0151k megfogalmazt\u00e1k, hogy mit \u00e9rtenek (roma) t\u00e1rsadalmi integr\u00e1ci\u00f3\/dezintegr\u00e1ci\u00f3 alatt? Messing Vera az egyenl\u0151 es\u00e9lyek szempontj\u00e1b\u00f3l k\u00f6zel\u00edti a k\u00e9rd\u00e9st, szerinte az es\u00e9lyegyenl\u0151s\u00e9g a t\u00e1rsadalmi integr\u00e1ci\u00f3 alapja: akkor integr\u00e1lt egy t\u00e1rsadalom, ha tagjainak azonos es\u00e9lyei vannak a hasonl\u00f3 k\u00f6r\u00fclm\u00e9nyek el\u00e9r\u00e9s\u00e9re (lakhat\u00e1s, munka, oktat\u00e1s); hasonl\u00f3 es\u00e9lyei legyenek arra, hogy \u0151ket egyenrang\u00fanak tekints\u00e9k. Scharle \u00c1gota egyet\u00e9rt az es\u00e9lyegyenl\u0151s\u00e9ggel, majd hozz\u00e1 teszi, hogy fontos eleme az integr\u00e1ci\u00f3nak, ha a k\u00fcl\u00f6nb\u00f6z\u0151 k\u00f6z\u00f6ss\u00e9gekben rom\u00e1k \u00e9s nem rom\u00e1k egy\u00fctt \u00e9lnek: az integr\u00e1ci\u00f3 a szegreg\u00e1ci\u00f3 ellent\u00e9te. Isztin P\u00e9ter v\u00e9leked\u00e9se szerint egy integr\u00e1lt t\u00e1rsadalomban mindenkinek es\u00e9lye van kiteljesedni. A teljes es\u00e9lyegyenl\u0151s\u00e9g val\u00f3sz\u00edn\u0171leg nem el\u00e9rhet\u0151, de el lehetne mozdulni ebbe az ir\u00e1nyba.<\/p>\n<p>A k\u00f6vetkez\u0151 k\u00e9rd\u00e9s az integr\u00e1ci\u00f3 t\u00e1rsadalmi k\u00f6lts\u00e9g\u00e9re ir\u00e1nyul, illetve arra, hogy megt\u00e9r\u00fcl-e az integr\u00e1ci\u00f3? Isztin P\u00e9ter fontosnak tartja tiszt\u00e1zni, hogy milyenfajta integr\u00e1ci\u00f3s programokr\u00f3l besz\u00e9l\u00fcnk, hiszen vannak olyan programok, amelyek dr\u00e1g\u00e1bbak, mint a hozamuk. Amikor azonban a programok korai \u00e9letszakaszban (0-5 \u00e9ves korban) avatkoznak be, akkor igen komoly eredm\u00e9nyeket \u00e9rhetnek el. Tov\u00e1bb\u00e1 vannak olyan programok, amelyek nem csak a r\u00e9sztvev\u0151k, de a t\u00f6bbs\u00e9gi t\u00e1rsadalom sz\u00e1m\u00e1ra is megt\u00e9r\u00fclnek. Messing Vera hangs\u00falyozza, hogy a sikeres integr\u00e1ci\u00f3s programok az \u00e1llamh\u00e1ztart\u00e1si bev\u00e9teleken m\u00e9rhet\u0151ek. Egy magasabb v\u00e9gzetts\u00e9g\u0171 \u00e9s t\u00e1rsadalmi st\u00e1tus\u00fa embernek magasabb a j\u00f6vedelme, t\u00f6bb ad\u00f3t fizet, t\u00f6bbet fogyaszt, \u00edgy t\u00f6bb hasznot hoz az \u00e1llamh\u00e1ztart\u00e1s sz\u00e1m\u00e1ra. Ez azt mutatja, hogy a korai integr\u00e1ci\u00f3 jelent\u0151s anyagi hasznot is jelent az \u00e1llamnak: l\u00e1that\u00f3, hogy 10 \u00e9v t\u00e1vlat\u00e1ban a j\u00f3 programok megt\u00e9r\u00fclnek. Scharle \u00c1gota r\u00e1vil\u00e1g\u00edt arra, hogy a harmadik ter\u00fclet a makroszint, ha a koh\u00e9zi\u00f3 meggyeng\u00fcl, akkor ez az int\u00e9zm\u00e9nyeket is meggyeng\u00edti, ami lelass\u00edtja a gazdas\u00e1gi n\u00f6veked\u00e9st. A r\u00e9sztvev\u0151k egyet\u00e9rtenek abban, hogy ezek a sokszor nehezen \u00e9rthet\u0151, j\u00f3r\u00e9szt k\u00f6zgazdas\u00e1gtani \u00e9rvek tal\u00e1n kev\u00e9sb\u00e9 seg\u00edtik a programok hat\u00e9konys\u00e1g\u00e1nak elfogadtat\u00e1s\u00e1t a t\u00e1rsadalom tagjai sz\u00e1m\u00e1ra. Isztin P\u00e9ter azonban \u00fagy v\u00e9li, hogy ezekr\u0151l az \u00e9rvekr\u0151l lehetne b\u0151ven t\u00f6bbet besz\u00e9lni. Fontos elem tov\u00e1bb\u00e1, hogy az integr\u00e1ci\u00f3 egy k\u00e9toldal\u00fa folyamat, a t\u00f6bbs\u00e9gi t\u00e1rsadalomnak erre vev\u0151nek kell lennie, m\u00edg a kirekeszt\u00e9s jelenlegi szintje megg\u00e1tolja a hasznoss\u00e1gr\u00f3l val\u00f3 meggy\u0151z\u00e9st.<\/p>\n<figure id=\"attachment_6000\" aria-describedby=\"caption-attachment-6000\" style=\"width: 702px\" class=\"wp-caption aligncenter\"><img loading=\"lazy\" decoding=\"async\" class=\" wp-image-6000\" src=\"https:\/\/kofe.hu\/parola\/wp-content\/uploads\/2021\/04\/2021-1-DD-1.jpg\" alt=\"\" width=\"702\" height=\"395\" srcset=\"https:\/\/kofe.hu\/parola\/wp-content\/uploads\/2021\/04\/2021-1-DD-1.jpg 876w, https:\/\/kofe.hu\/parola\/wp-content\/uploads\/2021\/04\/2021-1-DD-1-300x169.jpg 300w, https:\/\/kofe.hu\/parola\/wp-content\/uploads\/2021\/04\/2021-1-DD-1-768x432.jpg 768w, https:\/\/kofe.hu\/parola\/wp-content\/uploads\/2021\/04\/2021-1-DD-1-10x6.jpg 10w\" sizes=\"auto, (max-width: 702px) 100vw, 702px\" \/><figcaption id=\"caption-attachment-6000\" class=\"wp-caption-text\">4. k\u00e9p: K\u00f6zelebb a k\u00f6z\u00f6ss\u00e9gekhez projekt, tanulm\u00e1ny\u00fat.<br \/>Forr\u00e1s: http:\/\/autonomia.hu\/hu\/<\/figcaption><\/figure>\n<p>Hogyan lehet akkor j\u00f3 \u00e9rveket mondani a t\u00e1rsadalomnak? \u2013 hangzik el a k\u00f6vetkez\u0151 k\u00e9rd\u00e9s. Ezek az \u00e9rvek nem k\u00f6nnyen meg\u00e9rthet\u0151ek, \u00e9s nincs is megfelel\u0151 m\u00e9dium ezek k\u00f6zl\u00e9s\u00e9re. Scharle \u00c1gota hangs\u00falyozza, hogy nem l\u00e9g\u00fcres t\u00e9rben alakult ki a mostani helyzet, hossz\u00fa id\u0151 \u00f3ta haszn\u00e1lja a politika a rom\u00e1kat b\u0171nbakoknak, eredm\u00e9nyek n\u00e9lk\u00fcli csoportk\u00e9nt mutatj\u00e1k be \u0151ket, m\u00e9diareprezent\u00e1ci\u00f3juk kimer\u00fcl a n\u00e9ma v\u00e1g\u00f3k\u00e9pekben \u00e9s a korrupci\u00f3s \u00fcgyekben. Ez eredm\u00e9nyezi azt a kialakult k\u00e9pet, hogy a roma t\u00e1rsadalommal nem jutunk el\u0151re, \u00e9s ez az \u0151 hib\u00e1juk. Ebb\u0151l a kiindul\u00f3pontb\u00f3l kellene elmagyar\u00e1zni a t\u00f6bbs\u00e9gnek, hogy \u00e9rdemes k\u00f6lteni ezekre a programokra. Racion\u00e1lis \u00e9rvekkel, sz\u00e1mokkal ezt az attit\u0171d\u00f6t neh\u00e9z megv\u00e1ltoztatni. R\u00e1ad\u00e1sul a bizonytalan egzisztenci\u00e1lis helyzetben l\u00e9v\u0151k sokkal k\u00f6nnyebben h\u00e1r\u00edtj\u00e1k el ezeket a programokat, hiszen saj\u00e1t meg\u00e9lhet\u00e9s\u00fcket, t\u00e1rsadalmi st\u00e1tusukat is f\u00e9ltik. Isztin P\u00e9ter szerint azt lehetne kommunik\u00e1lni, hogy bizonyos szempontb\u00f3l jogos az, ha valaki szkeptikus egy-egy integr\u00e1ci\u00f3s programmal szemben, de nem minden arr\u00f3l sz\u00f3l, hogy ez p\u00e9nzkidob\u00e1s. A m\u00e9lyszeg\u00e9nys\u00e9g okozta probl\u00e9m\u00e1kat bizonyos programokkal lehet hat\u00e9konyan cs\u00f6kkenteni. Messing Vera v\u00e9leked\u00e9se szerint azonban a programokr\u00f3l egyszer\u0171en feledkezz\u00fcnk meg! \u00c9rdemi eredm\u00e9nyeket nem lehet ezekkel el\u00e9rni, vannak olyan projektp\u00e9nzek, amiket j\u00f3l k\u00f6lt\u00f6ttek el, de a projektszeml\u00e9let ezen probl\u00e9m\u00e1k megold\u00e1s\u00e1ra alkalmatlan. A r\u00f6vid id\u0151t\u00e1v, valamint az egy-egy ter\u00fcleten t\u00f6rt\u00e9n\u0151 beavatkoz\u00e1s nem komplexen kezeli a probl\u00e9m\u00e1kat. Bizonyos k\u00f6z\u00f6ss\u00e9gekben lehet jav\u00edtani a helyzeten, de struktur\u00e1lis v\u00e1ltoz\u00e1sokat \u00edgy nagyon neh\u00e9z el\u00e9rni. Igaz\u00e1n j\u00f3 program pedig nagyon kev\u00e9s van. Egy t\u00e1rsadalomban az el\u0151\u00edt\u00e9letess\u00e9g \u00e9s a kirekeszt\u00e9s akkor jelent\u0151s, ha maga a t\u00e1rsadalom van bajban. A biztons\u00e1g\u00e9rzet n\u00f6veked\u00e9se seg\u00edtene ezen, valamint az is, ha a m\u00e9di\u00e1ban (politik\u00e1ban) sug\u00e1rzott t\u00e1rsadalomk\u00e9pnek r\u00e9szei lenn\u00e9nek a rom\u00e1k.<\/p>\n<p>A magyar t\u00e1rsadalom m\u00e9rhet\u0151en nem boldog \u2013 hangzik el a besz\u00e9lget\u00e9s moder\u00e1tor\u00e1t\u00f3l. A szolidarit\u00e1s \u00e9rt\u00e9kk\u00e9 t\u00e9tel\u00e9vel l\u00e9tre lehetne hozni egy olyan csoportot, ami az integr\u00e1ci\u00f3 motorja lehetne? A szolidarit\u00e1s \u00e9rz\u00e9se vezethetne az integr\u00e1ci\u00f3 ig\u00e9ny\u00e9hez? Messing Vera szerint ez egy nagyon naiv elk\u00e9pzel\u00e9s, a menek\u00fcltv\u00e1ls\u00e1g kapcs\u00e1n l\u00e1thattunk szolidarit\u00e1st, de az\u00f3ta nagyj\u00e1b\u00f3l ez elt\u0171nt. Valami m\u00e1s sz\u00ednt\u00e9ren kellene gondolkodni, nem a politik\u00e1ban. Az egyik ter\u00fclet az \u00fczleti szf\u00e9ra, ahol lehet \u00e9rdemben v\u00e1ltoz\u00e1sokat el\u00e9rni. A kultur\u00e1lis szf\u00e9r\u00e1ban hasonl\u00f3 a helyzet, itt nagyobb az es\u00e9ly a v\u00e1ltoz\u00e1sra, mint a politik\u00e1ban. A v\u00e1laszokat z\u00e1rva Scharle \u00c1gota \u00fagy v\u00e9li, hogy a magyar t\u00e1rsadalom szolid\u00e1ris, de az \u00e9szakiakhoz k\u00e9pest sokkal ink\u00e1bb csal\u00e1dcentrikus, a felel\u0151ss\u00e9g\u00e9rzet hat\u00e1rait nagyon sz\u0171ken h\u00fazza meg. K\u00f6z\u00f6ss\u00e9g\u00e9p\u00edt\u00e9sre lenne sz\u00fcks\u00e9g, t\u00f6bb tal\u00e1lkoz\u00e1sra \u00e9s egym\u00e1s sors\u00e1nak a megismer\u00e9s\u00e9re.<\/p>\n<p>\u00d6sszess\u00e9g\u00e9ben elmondhat\u00f3, hogy a besz\u00e9lget\u00e9s r\u00e9sztvev\u0151i egyet\u00e9rtenek abban, hogy a mai magyar t\u00e1rsadalom jelent\u0151s hi\u00e1nyoss\u00e1gokat mutat a rom\u00e1k t\u00e1rsadalmi integr\u00e1ci\u00f3ja szempontj\u00e1b\u00f3l. Ez nem csup\u00e1n az es\u00e9lyegyenl\u0151s\u00e9g alacsony szintj\u00e9b\u0151l, de a cig\u00e1nys\u00e1g negat\u00edv meg\u00edt\u00e9l\u00e9s\u00e9b\u0151l is k\u00f6vetkezik. A t\u00e1rsadalmi integr\u00e1ci\u00f3 alacsony szintje jelent\u0151s gazdas\u00e1gi k\u00e1rokat okoz az \u00e1llamh\u00e1ztart\u00e1snak, ezeket a k\u00f6lts\u00e9geket pedig nagy r\u00e9szben a t\u00f6bbs\u00e9gi t\u00e1rsadalom fizeti meg. <strong>Az integr\u00e1ci\u00f3 kulcsa az lehetne, ha min\u00e9l kev\u00e9sb\u00e9 befoly\u00e1soln\u00e1 az \u00e9letes\u00e9lyeket az, hogy ki hova sz\u00fcletik. Fontos szerepe van tov\u00e1bb\u00e1 annak, hogy k\u00f6z\u00f6s lak\u00f3helyen egym\u00e1s mellett tudjunk \u00e9lni b\u00e9k\u00e9ben, pozit\u00edv visszacsatol\u00e1sokkal. <\/strong><\/p>\n<p>Arra a k\u00e9rd\u00e9sre teh\u00e1t, hogy <em>kinek \u00e9ri meg az integr\u00e1ci\u00f3, <\/em>a v\u00e1lasz \u2013 nem meglep\u0151 m\u00f3don \u2013 az, hogy <em>mindannyiunknak<\/em>.<\/p>\n","protected":false},"excerpt":{"rendered":"<p>Az Auton\u00f3mia Alap\u00edtv\u00e1nyr\u00f3l Az Auton\u00f3mia Alap\u00edtv\u00e1ny az egyik els\u0151 f\u00fcggetlen magyarorsz\u00e1gi alap\u00edtv\u00e1nyk\u00e9nt j\u00f6tt l\u00e9tre 1990-ben, programjaikkal a roma emancip\u00e1ci\u00f3t \u00e9s az \u00f6nszervez\u0151d\u0151 civil szervezeteket t\u00e1mogatj\u00e1k. Egyenl\u0151s\u00e9gelv\u0171, integr\u00e1ci\u00f3s, k\u00f6z\u00f6ss\u00e9gi megold\u00e1sokat keresnek \u00e9s ny\u00fajtanak kistelep\u00fcl\u00e9sen \u00e9l\u0151k sz\u00e1m\u00e1ra, munk\u00e1jukkal nagyban hozz\u00e1j\u00e1rulnak az akt\u00edv civil szf\u00e9ra t\u00e1mogat\u00e1s\u00e1hoz. Alap\u00e9rt\u00e9keik a nyitotts\u00e1g, a f\u00fcggetlens\u00e9g, a szakmais\u00e1g \u00e9s az \u0151szintes\u00e9g mellett a [&hellip;]<\/p>\n","protected":false},"author":537,"featured_media":5999,"comment_status":"open","ping_status":"open","sticky":false,"template":"","format":"standard","meta":{"_acf_changed":false,"footnotes":""},"categories":[763,8,7],"tags":[774,777,775,776],"coauthors":[718],"class_list":["post-5998","post","type-post","status-publish","format-standard","has-post-thumbnail","hentry","category-parola-2021-1","category-parola-folyoirat","category-repertorium","tag-autonomia-alapitvany","tag-roma-integracio","tag-szolidaritas","tag-tarsadalmi-integracio"],"acf":[],"yoast_head":"<!-- This site is optimized with the Yoast SEO plugin v26.7 - https:\/\/yoast.com\/wordpress\/plugins\/seo\/ -->\n<title>30 \u00e9ves az Auton\u00f3mia Alap\u00edtv\u00e1ny \u2013 kerekasztal tal\u00e1lkoz\u00f3k \u00f6sszefoglal\u00f3 bemutat\u00e1sa - Parola Foly\u00f3irat<\/title>\n<meta name=\"robots\" content=\"index, follow, max-snippet:-1, max-image-preview:large, max-video-preview:-1\" \/>\n<link rel=\"canonical\" href=\"https:\/\/kofe.hu\/parola\/parola-folyoirat\/30-eves-az-autonomia-alapitvany-kerekasztal-talalkozok-osszefoglalo-bemutatasa\/\" \/>\n<meta property=\"og:locale\" content=\"hu_HU\" \/>\n<meta property=\"og:type\" content=\"article\" \/>\n<meta property=\"og:title\" content=\"30 \u00e9ves az Auton\u00f3mia Alap\u00edtv\u00e1ny \u2013 kerekasztal tal\u00e1lkoz\u00f3k \u00f6sszefoglal\u00f3 bemutat\u00e1sa - Parola Foly\u00f3irat\" \/>\n<meta property=\"og:description\" content=\"Az Auton\u00f3mia Alap\u00edtv\u00e1nyr\u00f3l Az Auton\u00f3mia Alap\u00edtv\u00e1ny az egyik els\u0151 f\u00fcggetlen magyarorsz\u00e1gi alap\u00edtv\u00e1nyk\u00e9nt j\u00f6tt l\u00e9tre 1990-ben, programjaikkal a roma emancip\u00e1ci\u00f3t \u00e9s az \u00f6nszervez\u0151d\u0151 civil szervezeteket t\u00e1mogatj\u00e1k. Egyenl\u0151s\u00e9gelv\u0171, integr\u00e1ci\u00f3s, k\u00f6z\u00f6ss\u00e9gi megold\u00e1sokat keresnek \u00e9s ny\u00fajtanak kistelep\u00fcl\u00e9sen \u00e9l\u0151k sz\u00e1m\u00e1ra, munk\u00e1jukkal nagyban hozz\u00e1j\u00e1rulnak az akt\u00edv civil szf\u00e9ra t\u00e1mogat\u00e1s\u00e1hoz. Alap\u00e9rt\u00e9keik a nyitotts\u00e1g, a f\u00fcggetlens\u00e9g, a szakmais\u00e1g \u00e9s az \u0151szintes\u00e9g mellett a [&hellip;]\" \/>\n<meta property=\"og:url\" content=\"https:\/\/kofe.hu\/parola\/parola-folyoirat\/30-eves-az-autonomia-alapitvany-kerekasztal-talalkozok-osszefoglalo-bemutatasa\/\" \/>\n<meta property=\"og:site_name\" content=\"Parola Foly\u00f3irat\" \/>\n<meta property=\"article:published_time\" content=\"2021-04-02T20:10:36+00:00\" \/>\n<meta property=\"article:modified_time\" content=\"2021-04-18T12:53:09+00:00\" \/>\n<meta property=\"og:image\" content=\"https:\/\/kofe.hu\/parola\/wp-content\/uploads\/2021\/04\/2021-1-DD-5.jpg\" \/>\n\t<meta property=\"og:image:width\" content=\"787\" \/>\n\t<meta property=\"og:image:height\" content=\"442\" \/>\n\t<meta property=\"og:image:type\" content=\"image\/jpeg\" \/>\n<meta name=\"author\" content=\"Dudok D\u00e1vid\" \/>\n<meta name=\"twitter:card\" content=\"summary_large_image\" \/>\n<meta name=\"twitter:label1\" content=\"Szerz\u0151:\" \/>\n\t<meta name=\"twitter:data1\" content=\"Dudok D\u00e1vid\" \/>\n\t<meta name=\"twitter:label2\" content=\"Becs\u00fclt olvas\u00e1si id\u0151\" \/>\n\t<meta name=\"twitter:data2\" content=\"23 perc\" \/>\n\t<meta name=\"twitter:label3\" content=\"Written by\" \/>\n\t<meta name=\"twitter:data3\" content=\"Dudok D\u00e1vid\" \/>\n<script type=\"application\/ld+json\" class=\"yoast-schema-graph\">{\"@context\":\"https:\/\/schema.org\",\"@graph\":[{\"@type\":\"Article\",\"@id\":\"https:\/\/kofe.hu\/parola\/parola-folyoirat\/30-eves-az-autonomia-alapitvany-kerekasztal-talalkozok-osszefoglalo-bemutatasa\/#article\",\"isPartOf\":{\"@id\":\"https:\/\/kofe.hu\/parola\/parola-folyoirat\/30-eves-az-autonomia-alapitvany-kerekasztal-talalkozok-osszefoglalo-bemutatasa\/\"},\"author\":{\"name\":\"Dudok D\u00e1vid\",\"@id\":\"https:\/\/kofe.hu\/parola\/#\/schema\/person\/fa7673d920ffe6466ba80fc740ecc01b\"},\"headline\":\"30 \u00e9ves az Auton\u00f3mia Alap\u00edtv\u00e1ny \u2013 kerekasztal tal\u00e1lkoz\u00f3k \u00f6sszefoglal\u00f3 bemutat\u00e1sa\",\"datePublished\":\"2021-04-02T20:10:36+00:00\",\"dateModified\":\"2021-04-18T12:53:09+00:00\",\"mainEntityOfPage\":{\"@id\":\"https:\/\/kofe.hu\/parola\/parola-folyoirat\/30-eves-az-autonomia-alapitvany-kerekasztal-talalkozok-osszefoglalo-bemutatasa\/\"},\"wordCount\":4540,\"commentCount\":0,\"image\":{\"@id\":\"https:\/\/kofe.hu\/parola\/parola-folyoirat\/30-eves-az-autonomia-alapitvany-kerekasztal-talalkozok-osszefoglalo-bemutatasa\/#primaryimage\"},\"thumbnailUrl\":\"https:\/\/kofe.hu\/parola\/wp-content\/uploads\/2021\/04\/2021-1-DD-5.jpg\",\"keywords\":[\"Auton\u00f3mia Alap\u00edtv\u00e1ny\",\"roma integr\u00e1ci\u00f3\",\"szolidarit\u00e1s\",\"t\u00e1rsadalmi integr\u00e1ci\u00f3\"],\"articleSection\":[\"Parola 2021\/1\",\"Parola Foly\u00f3irat\",\"Repert\u00f3rium\"],\"inLanguage\":\"hu\",\"potentialAction\":[{\"@type\":\"CommentAction\",\"name\":\"Comment\",\"target\":[\"https:\/\/kofe.hu\/parola\/parola-folyoirat\/30-eves-az-autonomia-alapitvany-kerekasztal-talalkozok-osszefoglalo-bemutatasa\/#respond\"]}]},{\"@type\":\"WebPage\",\"@id\":\"https:\/\/kofe.hu\/parola\/parola-folyoirat\/30-eves-az-autonomia-alapitvany-kerekasztal-talalkozok-osszefoglalo-bemutatasa\/\",\"url\":\"https:\/\/kofe.hu\/parola\/parola-folyoirat\/30-eves-az-autonomia-alapitvany-kerekasztal-talalkozok-osszefoglalo-bemutatasa\/\",\"name\":\"30 \u00e9ves az Auton\u00f3mia Alap\u00edtv\u00e1ny \u2013 kerekasztal tal\u00e1lkoz\u00f3k \u00f6sszefoglal\u00f3 bemutat\u00e1sa - Parola Foly\u00f3irat\",\"isPartOf\":{\"@id\":\"https:\/\/kofe.hu\/parola\/#website\"},\"primaryImageOfPage\":{\"@id\":\"https:\/\/kofe.hu\/parola\/parola-folyoirat\/30-eves-az-autonomia-alapitvany-kerekasztal-talalkozok-osszefoglalo-bemutatasa\/#primaryimage\"},\"image\":{\"@id\":\"https:\/\/kofe.hu\/parola\/parola-folyoirat\/30-eves-az-autonomia-alapitvany-kerekasztal-talalkozok-osszefoglalo-bemutatasa\/#primaryimage\"},\"thumbnailUrl\":\"https:\/\/kofe.hu\/parola\/wp-content\/uploads\/2021\/04\/2021-1-DD-5.jpg\",\"datePublished\":\"2021-04-02T20:10:36+00:00\",\"dateModified\":\"2021-04-18T12:53:09+00:00\",\"author\":{\"@id\":\"https:\/\/kofe.hu\/parola\/#\/schema\/person\/fa7673d920ffe6466ba80fc740ecc01b\"},\"breadcrumb\":{\"@id\":\"https:\/\/kofe.hu\/parola\/parola-folyoirat\/30-eves-az-autonomia-alapitvany-kerekasztal-talalkozok-osszefoglalo-bemutatasa\/#breadcrumb\"},\"inLanguage\":\"hu\",\"potentialAction\":[{\"@type\":\"ReadAction\",\"target\":[\"https:\/\/kofe.hu\/parola\/parola-folyoirat\/30-eves-az-autonomia-alapitvany-kerekasztal-talalkozok-osszefoglalo-bemutatasa\/\"]}]},{\"@type\":\"ImageObject\",\"inLanguage\":\"hu\",\"@id\":\"https:\/\/kofe.hu\/parola\/parola-folyoirat\/30-eves-az-autonomia-alapitvany-kerekasztal-talalkozok-osszefoglalo-bemutatasa\/#primaryimage\",\"url\":\"https:\/\/kofe.hu\/parola\/wp-content\/uploads\/2021\/04\/2021-1-DD-5.jpg\",\"contentUrl\":\"https:\/\/kofe.hu\/parola\/wp-content\/uploads\/2021\/04\/2021-1-DD-5.jpg\",\"width\":787,\"height\":442,\"caption\":\"3. k\u00e9p: A helyi p\u00e1besz\u00e9d el\u0151seg\u00edt\u00e9s\u00e9nek egy lehets\u00e9ges m\u00f3dja. Forr\u00e1s: http:\/\/autonomia.hu\/hu\/programok\/a-helyi-parbeszed-elosegitese-roma-lakta-falvakba-uj-tipusu-muveszeti-foglalkozasok-segitsegevel\/\"},{\"@type\":\"BreadcrumbList\",\"@id\":\"https:\/\/kofe.hu\/parola\/parola-folyoirat\/30-eves-az-autonomia-alapitvany-kerekasztal-talalkozok-osszefoglalo-bemutatasa\/#breadcrumb\",\"itemListElement\":[{\"@type\":\"ListItem\",\"position\":1,\"name\":\"Home\",\"item\":\"https:\/\/kofe.hu\/parola\/\"},{\"@type\":\"ListItem\",\"position\":2,\"name\":\"30 \u00e9ves az Auton\u00f3mia Alap\u00edtv\u00e1ny \u2013 kerekasztal tal\u00e1lkoz\u00f3k \u00f6sszefoglal\u00f3 bemutat\u00e1sa\"}]},{\"@type\":\"WebSite\",\"@id\":\"https:\/\/kofe.hu\/parola\/#website\",\"url\":\"https:\/\/kofe.hu\/parola\/\",\"name\":\"Parola Foly\u00f3irat\",\"description\":\"\",\"potentialAction\":[{\"@type\":\"SearchAction\",\"target\":{\"@type\":\"EntryPoint\",\"urlTemplate\":\"https:\/\/kofe.hu\/parola\/?s={search_term_string}\"},\"query-input\":{\"@type\":\"PropertyValueSpecification\",\"valueRequired\":true,\"valueName\":\"search_term_string\"}}],\"inLanguage\":\"hu\"},{\"@type\":\"Person\",\"@id\":\"https:\/\/kofe.hu\/parola\/#\/schema\/person\/fa7673d920ffe6466ba80fc740ecc01b\",\"name\":\"Dudok D\u00e1vid\",\"image\":{\"@type\":\"ImageObject\",\"inLanguage\":\"hu\",\"@id\":\"https:\/\/kofe.hu\/parola\/#\/schema\/person\/image\/4a209a9bd52212046152b246e530f5cd\",\"url\":\"https:\/\/secure.gravatar.com\/avatar\/5b7260a12c15abe0afe57b58da11b08539896ee41973329b44e620f77e7e4dc8?s=96&d=mm&r=g\",\"contentUrl\":\"https:\/\/secure.gravatar.com\/avatar\/5b7260a12c15abe0afe57b58da11b08539896ee41973329b44e620f77e7e4dc8?s=96&d=mm&r=g\",\"caption\":\"Dudok D\u00e1vid\"},\"url\":\"https:\/\/kofe.hu\/parola\/szerzok\/dudok-david\/\"}]}<\/script>\n<!-- \/ Yoast SEO plugin. -->","yoast_head_json":{"title":"30 \u00e9ves az Auton\u00f3mia Alap\u00edtv\u00e1ny \u2013 kerekasztal tal\u00e1lkoz\u00f3k \u00f6sszefoglal\u00f3 bemutat\u00e1sa - Parola Foly\u00f3irat","robots":{"index":"index","follow":"follow","max-snippet":"max-snippet:-1","max-image-preview":"max-image-preview:large","max-video-preview":"max-video-preview:-1"},"canonical":"https:\/\/kofe.hu\/parola\/parola-folyoirat\/30-eves-az-autonomia-alapitvany-kerekasztal-talalkozok-osszefoglalo-bemutatasa\/","og_locale":"hu_HU","og_type":"article","og_title":"30 \u00e9ves az Auton\u00f3mia Alap\u00edtv\u00e1ny \u2013 kerekasztal tal\u00e1lkoz\u00f3k \u00f6sszefoglal\u00f3 bemutat\u00e1sa - Parola Foly\u00f3irat","og_description":"Az Auton\u00f3mia Alap\u00edtv\u00e1nyr\u00f3l Az Auton\u00f3mia Alap\u00edtv\u00e1ny az egyik els\u0151 f\u00fcggetlen magyarorsz\u00e1gi alap\u00edtv\u00e1nyk\u00e9nt j\u00f6tt l\u00e9tre 1990-ben, programjaikkal a roma emancip\u00e1ci\u00f3t \u00e9s az \u00f6nszervez\u0151d\u0151 civil szervezeteket t\u00e1mogatj\u00e1k. Egyenl\u0151s\u00e9gelv\u0171, integr\u00e1ci\u00f3s, k\u00f6z\u00f6ss\u00e9gi megold\u00e1sokat keresnek \u00e9s ny\u00fajtanak kistelep\u00fcl\u00e9sen \u00e9l\u0151k sz\u00e1m\u00e1ra, munk\u00e1jukkal nagyban hozz\u00e1j\u00e1rulnak az akt\u00edv civil szf\u00e9ra t\u00e1mogat\u00e1s\u00e1hoz. Alap\u00e9rt\u00e9keik a nyitotts\u00e1g, a f\u00fcggetlens\u00e9g, a szakmais\u00e1g \u00e9s az \u0151szintes\u00e9g mellett a [&hellip;]","og_url":"https:\/\/kofe.hu\/parola\/parola-folyoirat\/30-eves-az-autonomia-alapitvany-kerekasztal-talalkozok-osszefoglalo-bemutatasa\/","og_site_name":"Parola Foly\u00f3irat","article_published_time":"2021-04-02T20:10:36+00:00","article_modified_time":"2021-04-18T12:53:09+00:00","og_image":[{"width":787,"height":442,"url":"https:\/\/kofe.hu\/parola\/wp-content\/uploads\/2021\/04\/2021-1-DD-5.jpg","type":"image\/jpeg"}],"author":"Dudok D\u00e1vid","twitter_card":"summary_large_image","twitter_misc":{"Szerz\u0151:":"Dudok D\u00e1vid","Becs\u00fclt olvas\u00e1si id\u0151":"23 perc","Written by":"Dudok D\u00e1vid"},"schema":{"@context":"https:\/\/schema.org","@graph":[{"@type":"Article","@id":"https:\/\/kofe.hu\/parola\/parola-folyoirat\/30-eves-az-autonomia-alapitvany-kerekasztal-talalkozok-osszefoglalo-bemutatasa\/#article","isPartOf":{"@id":"https:\/\/kofe.hu\/parola\/parola-folyoirat\/30-eves-az-autonomia-alapitvany-kerekasztal-talalkozok-osszefoglalo-bemutatasa\/"},"author":{"name":"Dudok D\u00e1vid","@id":"https:\/\/kofe.hu\/parola\/#\/schema\/person\/fa7673d920ffe6466ba80fc740ecc01b"},"headline":"30 \u00e9ves az Auton\u00f3mia Alap\u00edtv\u00e1ny \u2013 kerekasztal tal\u00e1lkoz\u00f3k \u00f6sszefoglal\u00f3 bemutat\u00e1sa","datePublished":"2021-04-02T20:10:36+00:00","dateModified":"2021-04-18T12:53:09+00:00","mainEntityOfPage":{"@id":"https:\/\/kofe.hu\/parola\/parola-folyoirat\/30-eves-az-autonomia-alapitvany-kerekasztal-talalkozok-osszefoglalo-bemutatasa\/"},"wordCount":4540,"commentCount":0,"image":{"@id":"https:\/\/kofe.hu\/parola\/parola-folyoirat\/30-eves-az-autonomia-alapitvany-kerekasztal-talalkozok-osszefoglalo-bemutatasa\/#primaryimage"},"thumbnailUrl":"https:\/\/kofe.hu\/parola\/wp-content\/uploads\/2021\/04\/2021-1-DD-5.jpg","keywords":["Auton\u00f3mia Alap\u00edtv\u00e1ny","roma integr\u00e1ci\u00f3","szolidarit\u00e1s","t\u00e1rsadalmi integr\u00e1ci\u00f3"],"articleSection":["Parola 2021\/1","Parola Foly\u00f3irat","Repert\u00f3rium"],"inLanguage":"hu","potentialAction":[{"@type":"CommentAction","name":"Comment","target":["https:\/\/kofe.hu\/parola\/parola-folyoirat\/30-eves-az-autonomia-alapitvany-kerekasztal-talalkozok-osszefoglalo-bemutatasa\/#respond"]}]},{"@type":"WebPage","@id":"https:\/\/kofe.hu\/parola\/parola-folyoirat\/30-eves-az-autonomia-alapitvany-kerekasztal-talalkozok-osszefoglalo-bemutatasa\/","url":"https:\/\/kofe.hu\/parola\/parola-folyoirat\/30-eves-az-autonomia-alapitvany-kerekasztal-talalkozok-osszefoglalo-bemutatasa\/","name":"30 \u00e9ves az Auton\u00f3mia Alap\u00edtv\u00e1ny \u2013 kerekasztal tal\u00e1lkoz\u00f3k \u00f6sszefoglal\u00f3 bemutat\u00e1sa - Parola Foly\u00f3irat","isPartOf":{"@id":"https:\/\/kofe.hu\/parola\/#website"},"primaryImageOfPage":{"@id":"https:\/\/kofe.hu\/parola\/parola-folyoirat\/30-eves-az-autonomia-alapitvany-kerekasztal-talalkozok-osszefoglalo-bemutatasa\/#primaryimage"},"image":{"@id":"https:\/\/kofe.hu\/parola\/parola-folyoirat\/30-eves-az-autonomia-alapitvany-kerekasztal-talalkozok-osszefoglalo-bemutatasa\/#primaryimage"},"thumbnailUrl":"https:\/\/kofe.hu\/parola\/wp-content\/uploads\/2021\/04\/2021-1-DD-5.jpg","datePublished":"2021-04-02T20:10:36+00:00","dateModified":"2021-04-18T12:53:09+00:00","author":{"@id":"https:\/\/kofe.hu\/parola\/#\/schema\/person\/fa7673d920ffe6466ba80fc740ecc01b"},"breadcrumb":{"@id":"https:\/\/kofe.hu\/parola\/parola-folyoirat\/30-eves-az-autonomia-alapitvany-kerekasztal-talalkozok-osszefoglalo-bemutatasa\/#breadcrumb"},"inLanguage":"hu","potentialAction":[{"@type":"ReadAction","target":["https:\/\/kofe.hu\/parola\/parola-folyoirat\/30-eves-az-autonomia-alapitvany-kerekasztal-talalkozok-osszefoglalo-bemutatasa\/"]}]},{"@type":"ImageObject","inLanguage":"hu","@id":"https:\/\/kofe.hu\/parola\/parola-folyoirat\/30-eves-az-autonomia-alapitvany-kerekasztal-talalkozok-osszefoglalo-bemutatasa\/#primaryimage","url":"https:\/\/kofe.hu\/parola\/wp-content\/uploads\/2021\/04\/2021-1-DD-5.jpg","contentUrl":"https:\/\/kofe.hu\/parola\/wp-content\/uploads\/2021\/04\/2021-1-DD-5.jpg","width":787,"height":442,"caption":"3. k\u00e9p: A helyi p\u00e1besz\u00e9d el\u0151seg\u00edt\u00e9s\u00e9nek egy lehets\u00e9ges m\u00f3dja. Forr\u00e1s: http:\/\/autonomia.hu\/hu\/programok\/a-helyi-parbeszed-elosegitese-roma-lakta-falvakba-uj-tipusu-muveszeti-foglalkozasok-segitsegevel\/"},{"@type":"BreadcrumbList","@id":"https:\/\/kofe.hu\/parola\/parola-folyoirat\/30-eves-az-autonomia-alapitvany-kerekasztal-talalkozok-osszefoglalo-bemutatasa\/#breadcrumb","itemListElement":[{"@type":"ListItem","position":1,"name":"Home","item":"https:\/\/kofe.hu\/parola\/"},{"@type":"ListItem","position":2,"name":"30 \u00e9ves az Auton\u00f3mia Alap\u00edtv\u00e1ny \u2013 kerekasztal tal\u00e1lkoz\u00f3k \u00f6sszefoglal\u00f3 bemutat\u00e1sa"}]},{"@type":"WebSite","@id":"https:\/\/kofe.hu\/parola\/#website","url":"https:\/\/kofe.hu\/parola\/","name":"Parola Foly\u00f3irat","description":"","potentialAction":[{"@type":"SearchAction","target":{"@type":"EntryPoint","urlTemplate":"https:\/\/kofe.hu\/parola\/?s={search_term_string}"},"query-input":{"@type":"PropertyValueSpecification","valueRequired":true,"valueName":"search_term_string"}}],"inLanguage":"hu"},{"@type":"Person","@id":"https:\/\/kofe.hu\/parola\/#\/schema\/person\/fa7673d920ffe6466ba80fc740ecc01b","name":"Dudok D\u00e1vid","image":{"@type":"ImageObject","inLanguage":"hu","@id":"https:\/\/kofe.hu\/parola\/#\/schema\/person\/image\/4a209a9bd52212046152b246e530f5cd","url":"https:\/\/secure.gravatar.com\/avatar\/5b7260a12c15abe0afe57b58da11b08539896ee41973329b44e620f77e7e4dc8?s=96&d=mm&r=g","contentUrl":"https:\/\/secure.gravatar.com\/avatar\/5b7260a12c15abe0afe57b58da11b08539896ee41973329b44e620f77e7e4dc8?s=96&d=mm&r=g","caption":"Dudok D\u00e1vid"},"url":"https:\/\/kofe.hu\/parola\/szerzok\/dudok-david\/"}]}},"_links":{"self":[{"href":"https:\/\/kofe.hu\/parola\/wp-json\/wp\/v2\/posts\/5998","targetHints":{"allow":["GET"]}}],"collection":[{"href":"https:\/\/kofe.hu\/parola\/wp-json\/wp\/v2\/posts"}],"about":[{"href":"https:\/\/kofe.hu\/parola\/wp-json\/wp\/v2\/types\/post"}],"author":[{"embeddable":true,"href":"https:\/\/kofe.hu\/parola\/wp-json\/wp\/v2\/users\/537"}],"replies":[{"embeddable":true,"href":"https:\/\/kofe.hu\/parola\/wp-json\/wp\/v2\/comments?post=5998"}],"version-history":[{"count":3,"href":"https:\/\/kofe.hu\/parola\/wp-json\/wp\/v2\/posts\/5998\/revisions"}],"predecessor-version":[{"id":6095,"href":"https:\/\/kofe.hu\/parola\/wp-json\/wp\/v2\/posts\/5998\/revisions\/6095"}],"wp:featuredmedia":[{"embeddable":true,"href":"https:\/\/kofe.hu\/parola\/wp-json\/wp\/v2\/media\/5999"}],"wp:attachment":[{"href":"https:\/\/kofe.hu\/parola\/wp-json\/wp\/v2\/media?parent=5998"}],"wp:term":[{"taxonomy":"category","embeddable":true,"href":"https:\/\/kofe.hu\/parola\/wp-json\/wp\/v2\/categories?post=5998"},{"taxonomy":"post_tag","embeddable":true,"href":"https:\/\/kofe.hu\/parola\/wp-json\/wp\/v2\/tags?post=5998"},{"taxonomy":"author","embeddable":true,"href":"https:\/\/kofe.hu\/parola\/wp-json\/wp\/v2\/coauthors?post=5998"}],"curies":[{"name":"wp","href":"https:\/\/api.w.org\/{rel}","templated":true}]}}