{"id":5993,"date":"2021-04-02T19:50:52","date_gmt":"2021-04-02T19:50:52","guid":{"rendered":"https:\/\/kofe.hu\/parola\/?p=5993"},"modified":"2021-04-18T12:53:04","modified_gmt":"2021-04-18T12:53:04","slug":"a-kozossegi-kiallitas-mint-kozossegi-akcio","status":"publish","type":"post","link":"https:\/\/kofe.hu\/parola\/parola-folyoirat\/a-kozossegi-kiallitas-mint-kozossegi-akcio\/","title":{"rendered":"A k\u00f6z\u00f6ss\u00e9gi ki\u00e1ll\u00edt\u00e1s mint k\u00f6z\u00f6ss\u00e9gi akci\u00f3"},"content":{"rendered":"<p><strong>Bevezet\u00e9s<\/strong><\/p>\n<p>\u00cdr\u00e1somban egy k\u00f6z\u00f6ss\u00e9gi ki\u00e1ll\u00edt\u00e1st mutatok be, ahol tal\u00e1lkozott a m\u00falt a jelennel, az id\u0151s a fiatallal, a ki\u00e1ll\u00edt\u00e1s rendez\u0151je annak befogad\u00f3j\u00e1val.<\/p>\n<p>2019 tavasz\u00e1n a j\u00e1szkis\u00e9ri M\u0171vel\u0151d\u00e9s H\u00e1z\u00e1ban j\u00f6tt l\u00e9tre a helyi k\u00f6z\u00f6ss\u00e9g akt\u00edv kezdem\u00e9nyez\u00e9s\u00e9vel ez a program, aminek \u00e9n is r\u00e9szese voltam. Feladatom a munkafolyamatokban r\u00e9sztvev\u0151 szervezetek, int\u00e9zm\u00e9nyek munk\u00e1j\u00e1nak a koordin\u00e1l\u00e1sa volt.<\/p>\n<p>K\u00f6z\u00f6ss\u00e9gfejleszt\u0151 munk\u00e1m sor\u00e1n sok j\u00f3, sikeres k\u00f6z\u00f6ss\u00e9gi t\u00f6rekv\u00e9ssel tal\u00e1lkoztam, de mind k\u00f6z\u00fcl ez a ki\u00e1ll\u00edt\u00e1s volt a legeml\u00e9kezetesebb. Val\u00f3sz\u00edn\u0171 az\u00e9rt, mert ennek kapcs\u00e1n tudtuk a lakoss\u00e1g legsz\u00e9lesebb k\u00f6r\u00e9t megsz\u00f3l\u00edtani \u00e9s bevonni a cselekv\u0151 egy\u00fcttm\u0171k\u00f6d\u00e9sbe. M\u00e1r a szervez\u00e9s elej\u00e9n tapasztaltuk a k\u00f6z\u00f6ss\u00e9gek r\u00e9sz\u00e9r\u0151l a pozit\u00edv hozz\u00e1\u00e1ll\u00e1st, a lelkesed\u00e9st, az elk\u00f6telez\u0151d\u00e9st, \u00e9s rem\u00e9lt\u00fck, hogy egy sikert\u00f6rt\u00e9net fog kialakulni a kezdem\u00e9nyez\u00e9sb\u0151l. A\u00a0 lakosok nagy r\u00e9sze \u00e9rintett volt a ki\u00e1ll\u00edt\u00e1s l\u00e9trej\u00f6tt\u00e9ben, vagy \u00fagy, hogy\u00a0 a fot\u00f3kat bocs\u00e1totta rendelkez\u00e9sre, vagy a gy\u0171jt\u00e9sben vett r\u00e9szt vagy a ki\u00e1ll\u00edt\u00e1s anyag\u00e1nak \u00f6ssze\u00e1ll\u00edt\u00e1s\u00e1ban vagy a l\u00e9trehoz\u00e1sban vagy a megnyit\u00f3 rendez\u00e9s\u00e9ben vagy a ki\u00e1ll\u00edt\u00e1s befogad\u00f3jak\u00e9nt. \u00daj kapcsolatok j\u00f6ttek l\u00e9tre, partners\u00e9g, egy\u00fcttm\u0171k\u00f6d\u00e9s alakult ki a r\u00e9sztvev\u0151k k\u00f6z\u00f6tt, \u00e9s nem utols\u00f3 sorban fejl\u0151d\u00f6tt a helyi nyilv\u00e1noss\u00e1g. A sikert mi sem bizony\u00edtja jobban, minthogy tizen\u00f6t helyi szervezet, int\u00e9zm\u00e9ny m\u0171k\u00f6d\u00f6tt k\u00f6zre a megval\u00f3s\u00edt\u00e1sban.<\/p>\n<p>Tanulm\u00e1nyomban r\u00f6viden bemutatom J\u00e1szkis\u00e9r v\u00e1rost, a helyi t\u00e1rsadalmi viszonyokat, az int\u00e9zm\u00e9nyi ell\u00e1totts\u00e1got, a m\u0171k\u00f6d\u0151 k\u00f6z\u00f6ss\u00e9geket. Majd a k\u00f6z\u00f6ss\u00e9gi munka egyes l\u00e9p\u00e9seir\u0151l \u00edrok: Hogyan indult a t\u00f6rt\u00e9net? Milyen folyamatok, tev\u00e9kenys\u00e9gek zajlottak? Kik voltak a k\u00f6zrem\u0171k\u00f6d\u0151k? V\u00e9g\u00fcl a k\u00f6z\u00f6ss\u00e9gi ki\u00e1ll\u00edt\u00e1snak a k\u00f6z\u00f6ss\u00e9gfejleszt\u00e9si folyamatban bet\u00f6lt\u00f6tt szerepe szerinti elemz\u00e9sre ker\u00fcl sor.<\/p>\n<p><strong>A telep\u00fcl\u00e9s bemutat\u00e1sa<\/strong><\/p>\n<p>J\u00e1szkis\u00e9r J\u00e1sz-Nagykun Szolnok megy\u00e9ben, az Als\u00f3-J\u00e1szs\u00e1gban tal\u00e1lhat\u00f3, alapvet\u0151en mez\u0151gazdas\u00e1gi telep\u00fcl\u00e9s, amely 2009-ben kapott v\u00e1rosi rangot. A v\u00e1ros a h\u00e1tr\u00e1nyos helyzet\u0171 telep\u00fcl\u00e9sek k\u00f6z\u00e9 tartozik.<\/p>\n<p>A v\u00e1ros n\u00e9pess\u00e9ge folyamatosan cs\u00f6kken, megfigyelhet\u0151 az eg\u00e9sz J\u00e1szs\u00e1gra jellemz\u0151 kedvez\u0151tlen demogr\u00e1fiai folyamat, az el\u00f6reged\u00e9s. 2020-ban a telep\u00fcl\u00e9sen 5432-en \u00e9ltek.<\/p>\n<p>A n\u00e9psz\u00e1ml\u00e1l\u00e1si adatokat n\u00e9zve azt tapasztaljuk, hogy az iskolai v\u00e9gzetts\u00e9g tekintet\u00e9ben azoknak az ar\u00e1ny\u00e1ban, akik csak az \u00e1ltal\u00e1nos iskola 8. oszt\u00e1ly\u00e1t v\u00e9gezt\u00e9k el &#8211; az akt\u00edv kor\u00faak (15-59 \u00e9vesek) k\u00f6r\u00e9ben &#8211; jelent\u0151s javul\u00e1s tapasztalhat\u00f3. M\u00edg 2001-ben 44% volt, 2011-ben m\u00e1r csak 31,8% azok ar\u00e1nya, akik mind\u00f6ssze \u00e1ltal\u00e1nos iskolai v\u00e9gzetts\u00e9ggel rendelkeztek a telep\u00fcl\u00e9sen. Sajnos ez m\u00e9g mindig az orsz\u00e1gos (14,7%), illetve a megyei \u00e1tlag (15,6%) k\u00e9tszerese. A fels\u0151fok\u00fa v\u00e9gzetts\u00e9ggel rendelkez\u0151k vonatkoz\u00e1s\u00e1ban m\u00e9g nagyobb a lemarad\u00e1s az orsz\u00e1gos \u00e1tlaghoz k\u00e9pest. Noha a k\u00e9t n\u00e9psz\u00e1ml\u00e1l\u00e1s k\u00f6z\u00f6tt eltelt id\u0151szakban jelent\u0151sen n\u00f6vekedett J\u00e1szkis\u00e9ren a diplom\u00e1sok ar\u00e1nya: 4,6%-r\u00f3l, 7,4%-ra, m\u00e9gsem k\u00f6zel\u00edti meg az orsz\u00e1gos (19%), s\u0151t a megyei (18,1%) \u00e9rt\u00e9ket sem.<\/p>\n<p>A v\u00e1ros int\u00e9zm\u00e9nyi ell\u00e1totts\u00e1ga szoci\u00e1lis, kultur\u00e1lis \u00e9s m\u0171vel\u0151d\u00e9si l\u00e9tes\u00edtm\u00e9nyek tekintet\u00e9ben j\u00f3nak mondhat\u00f3. 30 civil szervezet is m\u0171k\u00f6dik a v\u00e1rosban, amelyek t\u00f6bb\u00e9-kev\u00e9sb\u00e9 akt\u00edv munk\u00e1t v\u00e1llalnak a telep\u00fcl\u00e9s \u00e9let\u00e9nek alak\u00edt\u00e1s\u00e1ban. A civil szervezetek \u00e9s a helyi hatalom egy\u00fcttm\u0171k\u00f6dve, a r\u00e9szv\u00e9tel \u00e9s a bizalom alapelv\u00e9t betartva, inform\u00e1ci\u00f3k, n\u00e9zetek, v\u00e9lem\u00e9nyek cser\u00e9j\u00e9vel, akt\u00edv kommunik\u00e1ci\u00f3val pr\u00f3b\u00e1lja a lakoss\u00e1g, a k\u00f6z\u00f6ss\u00e9g \u00e9let\u00e9t jobb\u00e1 tenni.<\/p>\n<p>A helyi k\u00f6z\u00f6ss\u00e9gek szerepe rendk\u00edv\u00fcl nagy az identit\u00e1s, a k\u00f6t\u0151d\u00e9s kialak\u00edt\u00e1s\u00e1ban is. Abban, hogy az itt \u00e9l\u0151k ne akarjanak m\u00e1shol \u00e9lni, ne akarjanak elv\u00e1ndorolni, ebben a k\u00f6z\u00f6ss\u00e9gben tal\u00e1lj\u00e1k meg a sz\u00e1mukra fontos \u00e9rt\u00e9keket, a meg\u00e9lhet\u00e9si lehet\u0151s\u00e9get, a t\u00e1rsas\u00e1gi \u00e9let ir\u00e1nti ig\u00e9ny\u00fckh\u00f6z megtal\u00e1lj\u00e1k a megfelel\u0151 programokat, v\u00e1llalva a k\u00f6z\u00f6ss\u00e9g norm\u00e1inak, szab\u00e1lyainak betart\u00e1s\u00e1t \u00e9s a k\u00f6lcs\u00f6n\u00f6s t\u00e1mogat\u00e1st, egym\u00e1s seg\u00edt\u00e9s\u00e9t. Ehhez term\u00e9szetesen sz\u00fcks\u00e9ges, hogy az itt \u00e9l\u0151 emberek tartozni akarjanak a k\u00f6z\u00f6ss\u00e9ghez \u00e9s cselekv\u0151en r\u00e9szt akarjanak venni annak munk\u00e1j\u00e1ban. Ha ezeket siker\u00fcl a helyi k\u00f6z\u00f6ss\u00e9geknek folyamatos tanul\u00e1ssal, fegyelemmel, szervezetts\u00e9ggel megval\u00f3s\u00edtani, akkor a k\u00f6z\u00f6ss\u00e9g bet\u00f6lti t\u00e1rsadalmi szerep\u00e9t, \u00e9s el\u0151seg\u00edti a tagjai, az egyes emberek boldogul\u00e1s\u00e1t is. Ez hozz\u00e1j\u00e1rulhat ahhoz, hogy az emberek, a kor\u00e1bban eml\u00edtett h\u00e1tr\u00e1nyos helyzet ellen\u00e9re pozit\u00edvan, bizalommal tekintsenek a telep\u00fcl\u00e9s j\u00f6v\u0151j\u00e9re \u00e9s benne, a saj\u00e1t j\u00f6v\u0151j\u00fckre.<\/p>\n<p>A civil szervezetek mellett az int\u00e9zm\u00e9nyek is sz\u00fcks\u00e9gesek egy telep\u00fcl\u00e9s hat\u00e9kony m\u0171k\u00f6d\u00e9s\u00e9hez. K\u00f6z\u00fcl\u00fck is kiemelked\u0151en fontos er\u0151forr\u00e1s a kis\u00e9ri M\u0171vel\u0151d\u00e9s H\u00e1za, ami a v\u00e1ros k\u00f6zpontj\u00e1ban tal\u00e1lhat\u00f3. 2015 \u00f3ta \u00f6sszevont int\u00e9zm\u00e9nyk\u00e9nt m\u0171k\u00f6dik a V\u00e1rosi K\u00f6nyvt\u00e1rral \u00e9s a T\u00e1jh\u00e1zzal, ami a Helyt\u00f6rt\u00e9neti Gy\u0171jtem\u00e9nynek ad otthont.<\/p>\n<p>A M\u0171vel\u0151d\u00e9s H\u00e1z\u00e1ban &#8211; ami Makovecz Imre tervei alapj\u00e1n k\u00e9sz\u00fclt &#8211; a nagyteremben el\u0151ad\u00e1sokat, koncerteket, b\u00e1lokat, \u00fcnnepi m\u0171sorokat stb. rendeznek. A gal\u00e9ria ki\u00e1ll\u00edt\u00e1soknak ad otthont. A klubhelyis\u00e9gekben f\u00f3rumokat, besz\u00e9lget\u00e9seket, k\u00f6z\u00f6ss\u00e9gi \u00f6sszej\u00f6veteleket tartanak. Az int\u00e9zm\u00e9ny helyet biztos\u00edt a v\u00e1ros k\u00f6z\u00f6ss\u00e9geinek, kedvelt tal\u00e1lkoz\u00f3hely, ez\u00e1ltal a k\u00f6z\u00f6ss\u00e9gi \u00e9let fontos sz\u00edntere. Gazdag programk\u00edn\u00e1lat\u00e1val hozz\u00e1j\u00e1rul a k\u00f6z\u00f6ss\u00e9gi \u00e9let alak\u00edt\u00e1s\u00e1hoz, a lakosok bevon\u00e1s\u00e1val.<\/p>\n<p><strong>K\u00f6z\u00f6ss\u00e9gi ki\u00e1ll\u00edt\u00e1s rendez\u00e9se a M\u0171vel\u0151d\u00e9s H\u00e1z\u00e1ban <\/strong><\/p>\n<p>A ki\u00e1ll\u00edt\u00e1s t\u00e9m\u00e1ja: A r\u00e9gi kis\u00e9ri emberek \u00e9let\u00e9r\u0151l, a paraszti \u00e9letform\u00e1r\u00f3l, r\u00e9gi \u00fcnnepekr\u0151l, esem\u00e9nyekr\u0151l, szok\u00e1sokr\u00f3l, a mindennapokr\u00f3l k\u00e9sz\u00fclt korabeli f\u00e9nyk\u00e9pek ki\u00e1ll\u00edt\u00e1sa.<\/p>\n<p>A ki\u00e1ll\u00edt\u00e1s legfontosabb c\u00e9ljai:<\/p>\n<ul>\n<li>A cselekv\u0151k k\u00f6r\u00e9nek sz\u00e9les\u00edt\u00e9se, a gener\u00e1ci\u00f3k k\u00f6z\u00f6tti p\u00e1rbesz\u00e9d, egy\u00fcttm\u0171k\u00f6d\u00e9s er\u0151s\u00edt\u00e9se.<\/li>\n<li>A helyi \u00e9rt\u00e9kek felt\u00e1r\u00e1s\u00e1val, tudatos\u00edt\u00e1s\u00e1val, feleleven\u00edt\u00e9s\u00e9vel a kis\u00e9ri hagyom\u00e1nyok \u0151rz\u00e9se, terjeszt\u00e9se.<\/li>\n<li>A fiatalok aktiviz\u00e1l\u00e1sa, bevon\u00e1sa, \u00e9rdekl\u0151d\u00e9s\u00e9nek felkelt\u00e9se a m\u00falt \u00e9rt\u00e9kei, hagyom\u00e1nyai ir\u00e1nt.<\/li>\n<\/ul>\n<p>A \u201eCselekv\u0151 k\u00f6z\u00f6ss\u00e9gek\u201d projekt kapcs\u00e1n k\u00f6z\u00f6ss\u00e9gi interj\u00fak k\u00e9sz\u00edt\u00e9s\u00e9re ker\u00fclt sor a helyi k\u00f6z\u00e9rzet, az egy\u00e9n \u00e9s a k\u00f6z\u00f6ss\u00e9g kapcsolata, a cselekv\u00e9si hajland\u00f3s\u00e1g \u00e9s a helyi identit\u00e1s tartalm\u00e1ra vonatkoz\u00f3an. Az interj\u00fa kit\u00e9rt annak a felt\u00e9rk\u00e9pez\u00e9s\u00e9re, hogy mit tart \u00e9rdemnek a k\u00f6z\u00f6ss\u00e9g, milyen \u00e9rt\u00e9kekkel, eredm\u00e9nyekkel (m\u00faltbeli, jelenlegi) rendelkezik, mik azok a dolgok, amire a j\u00e1szkis\u00e9ri emberek b\u00fcszk\u00e9k lehetnek. Az interj\u00fak elemz\u00e9se sor\u00e1n k\u00f6rvonalaz\u00f3dott egy k\u00e9p azokr\u00f3l az \u00fcgyekr\u0151l, amelyek a helyi embereket foglalkoztatj\u00e1k, illetve arr\u00f3l, hogy a m\u00falt \u00e9rt\u00e9kei, a kis\u00e9ri hagyom\u00e1nyok \u0151rz\u00e9se mennyire fontos a lakoss\u00e1g sz\u00e1m\u00e1ra. Az interj\u00fak alanyait \u00e9s m\u00e1s \u00e9rdekl\u0151d\u0151ket h\u00edvtunk egy k\u00f6z\u00f6ss\u00e9gi besz\u00e9lget\u00e9sre. Az els\u0151 besz\u00e9lget\u00e9sen a sz\u00fcks\u00e9gletek, a probl\u00e9m\u00e1k felt\u00e1r\u00e1sa, k\u00f6z\u00f6s gondolkod\u00e1s, v\u00e9lem\u00e9nynyilv\u00e1n\u00edt\u00e1s, p\u00e1rbesz\u00e9d indult el az emberek k\u00f6z\u00f6tt. A k\u00f6vetkez\u0151 besz\u00e9lget\u00e9sen a fiatals\u00e1g helyzete \u00e9s a gener\u00e1ci\u00f3s probl\u00e9m\u00e1k kapcs\u00e1n a Csete Bal\u00e1zs Helyt\u00f6rt\u00e9neti Egyes\u00fclet vezet\u0151je felvetette egy a r\u00e9gi kis\u00e9ri emberek \u00e9let\u00e9t bemutat\u00f3 fot\u00f3ki\u00e1ll\u00edt\u00e1s \u00f6tlet\u00e9t. K\u00f6rvonalaz\u00f3dott azoknak a csoportja, akik kedvet \u00e9reztek egy k\u00f6z\u00f6ss\u00e9gi akci\u00f3ban val\u00f3 r\u00e9szv\u00e9telhez. Az Id\u0151sek Napk\u00f6zi Otthona vezet\u0151je felaj\u00e1nlotta, hogy felm\u00e9rik azoknak az id\u0151s embereknek a k\u00f6r\u00e9t, akik ugyan ideiglenesen, de sz\u00edvesen megv\u00e1lnak a r\u00e9gi f\u00e9nyk\u00e9peikt\u0151l, hiszen ez volt a projekt beind\u00edt\u00e1s\u00e1nak n\u00e9lk\u00fcl\u00f6zhetetlen felt\u00e9tele. Az \u00f6tletel\u00e9s sor\u00e1n felmer\u00fclt, hogy ne csak a fot\u00f3k \u00f6sszegy\u0171jt\u00e9se t\u00f6rt\u00e9njen az id\u0151sek megl\u00e1togat\u00e1sakor, hanem az azokhoz f\u0171z\u0151d\u0151 eml\u00e9kek, t\u00f6rt\u00e9netek feleleven\u00edt\u00e9se, meghallgat\u00e1sa is. A k\u00f6vetkez\u0151 k\u00f6z\u00f6ss\u00e9gi besz\u00e9lget\u00e9sen az er\u0151forr\u00e1sok, a ki\u00e1ll\u00edt\u00e1s szem\u00e9lyi, t\u00e1rgyi, anyagi felt\u00e9teleinek, az esetleges t\u00e1mogat\u00f3knak, a projekt sikeres megval\u00f3sul\u00e1s\u00e1hoz bevonand\u00f3 lakosok, int\u00e9zm\u00e9nyek, civil szervezetek k\u00f6r\u00e9nek felt\u00e9rk\u00e9pez\u00e9s\u00e9re ker\u00fclt sor. Majd a feladatok k\u00f6z\u00f6s rangsorol\u00e1sa, tervez\u00e9se, cselekv\u00e9si terv k\u00e9sz\u00edt\u00e9se k\u00f6vetkezett.<\/p>\n<p>A tervez\u00e9s ut\u00e1n elindultak a cselekv\u00e9s els\u0151 l\u00e9p\u00e9sei, amik a fot\u00f3k \u00f6sszegy\u0171jt\u00e9s\u00e9t jelentett\u00e9k. Ezt a feladatot a J\u00e1szkis\u00e9ri Ifj\u00fas\u00e1gi Egyes\u00fclet tagjai v\u00e1llalt\u00e1k. Nagy \u00f6r\u00f6m\u00fcnkre az id\u0151s emberek nyitottak voltak, \u00f3ri\u00e1si kedvvel mes\u00e9ltek a r\u00e9gm\u00falt id\u0151kr\u0151l, a fiatalkorukr\u00f3l, \u00e9s \u00edgy nagyobb bizalommal v\u00e1ltak meg az eml\u00e9keikt\u0151l. A fiatalok \u00e9rdekl\u0151dve hallgatt\u00e1k a t\u00f6rt\u00e9neteket, a r\u00e9gi kis\u00e9ri \u00e9letr\u0151l, az \u00fcnnepekr\u0151l, szok\u00e1sokr\u00f3l, k\u00f6z\u00f6ss\u00e9gi esem\u00e9nyekr\u0151l. A k\u00e9pek begy\u0171jt\u00e9sekor pontosan feljegyz\u00e9sre ker\u00fclt a tulajdonos neve \u00e9s az esem\u00e9ny, amit meg\u00f6r\u00f6k\u00edtettek, illetve t\u00e1j\u00e9koztat\u00e1st kaptak az id\u0151sek, hogy az eredeti f\u00e9nyk\u00e9peket s\u00e9rtetlen\u00fcl \u00e9s hi\u00e1nytalanul visszakapj\u00e1k. Az \u00f6nk\u00e9ntesek azt is elmondt\u00e1k, hogy a fot\u00f3kat a Teleh\u00e1z munkat\u00e1rsai digitaliz\u00e1lj\u00e1k, feliratozz\u00e1k, \u00e9s ut\u00e1na a ki\u00e1ll\u00edt\u00e1sukra ker\u00fcl sor a M\u0171vel\u0151d\u00e9s H\u00e1z\u00e1ban, ahov\u00e1 szeretettel v\u00e1rj\u00e1k a n\u00e9niket, b\u00e1csikat. Az id\u0151sek nagyon boldogok voltak, \u00e9s mondt\u00e1k, hogy felt\u00e9tlen\u00fcl elmennek megn\u00e9zni a ki\u00e1ll\u00edt\u00e1st, ha az eg\u00e9szs\u00e9g\u00fck engedi.<\/p>\n<p>A gy\u0171jt\u0151munka ut\u00e1n teh\u00e1t a Teleh\u00e1z, tev\u00e9kenys\u00e9ge k\u00f6vetkezett. \u0150k v\u00e9gezt\u00e9k az \u00f6sszegy\u0171jt\u00f6tt f\u00e9nyk\u00e9pek digitaliz\u00e1l\u00e1s\u00e1t, feliratoz\u00e1s\u00e1t. Az int\u00e9zm\u00e9ny vezet\u0151je a k\u00f6z\u00f6ss\u00e9gi besz\u00e9lget\u00e9sen tett felaj\u00e1nl\u00e1s\u00e1ra hivatkozva h\u00edvta a fot\u00f3kat \u00f6sszegy\u0171jt\u0151 fiatalokat, hogy vegyenek r\u00e9szt a r\u00e9gi, kopott, elsz\u00ednez\u0151d\u00f6tt eml\u00e9kek \u00fajj\u00e1 var\u00e1zsol\u00e1s\u00e1nak a folyamat\u00e1ban. Sajnos a fiatalok, id\u0151hi\u00e1nyra hivatkozva nem tudtak ebben a tev\u00e9kenys\u00e9gben r\u00e9szt venni. Az eredeti fot\u00f3kat az Id\u0151sek Napk\u00f6zi Otthona gondoz\u00f3i juttatt\u00e1k vissza a tulajdonosoknak.<\/p>\n<p>A program megval\u00f3sul\u00e1s\u00e1nak fontos momentuma volt a ki\u00e1ll\u00edt\u00e1s helysz\u00edn\u00e9nek a kiv\u00e1laszt\u00e1sa. A M\u0171vel\u0151d\u00e9s H\u00e1z\u00e1ban a ki\u00e1ll\u00edt\u00e1sokat kor\u00e1bban az emeleti gal\u00e9ri\u00e1n rendezt\u00e9k meg. Ennek a bemutat\u00f3nak az eset\u00e9ben ez a sz\u00ednhely nem lett volna szerencs\u00e9s, mert nem lehetett megoldani az emeletre val\u00f3 feljut\u00e1s akad\u00e1lymentes\u00edt\u00e9s\u00e9t. Ez\u00e9rt az egyetlen sz\u00f3ba j\u00f6het\u0151 helysz\u00edn a f\u00f6ldszinti nagyterem volt. Nyilv\u00e1nval\u00f3v\u00e1 v\u00e1lt, hogy a terem nagys\u00e1ga miatt a ki\u00e1ll\u00edt\u00e1si tabl\u00f3k mellett m\u00e9g m\u00e1sra is sz\u00fcks\u00e9g van a t\u00e9r megfelel\u0151 kit\u00f6lt\u00e9s\u00e9hez. A k\u00f6z\u00f6ss\u00e9gi besz\u00e9lget\u00e9sen a M\u0171vel\u0151d\u00e9s H\u00e1za igazgat\u00f3ja felaj\u00e1nlotta, hogy ha sz\u00fcks\u00e9g lesz r\u00e1, akkor a T\u00e1jh\u00e1zban ki\u00e1ll\u00edtott Honismereti Gy\u0171jtem\u00e9nyb\u0151l a r\u00e9gi falusi \u00e9lettel kapcsolatos haszn\u00e1lati t\u00e1rgyakat, eszk\u00f6z\u00f6ket, szersz\u00e1mokat be lehet hozni a M\u0171vel\u0151d\u00e9s H\u00e1z\u00e1ba, \u00e9s ezeket tematikusan elrendezve ki lehet \u00e1ll\u00edtani, emelve a fot\u00f3ki\u00e1ll\u00edt\u00e1s sz\u00ednvonal\u00e1t. Itt v\u00e1lt sz\u00fcks\u00e9gess\u00e9 a helyi T\u0171zolt\u00f3 Egyes\u00fclet bevon\u00e1sa, akik seg\u00edtettek a T\u00e1jh\u00e1zb\u00f3l a ki\u00e1ll\u00edt\u00e1si t\u00e1rgyak besz\u00e1ll\u00edt\u00e1s\u00e1ban. A behozott eszk\u00f6z\u00f6k szakszer\u0171 elrendez\u00e9s\u00e9t \u00e9s a ki\u00e1ll\u00edt\u00e1si tabl\u00f3k tematik\u00e1j\u00e1nak \u00f6ssze\u00e1ll\u00edt\u00e1s\u00e1t a Helyt\u00f6rt\u00e9neti Egyes\u00fclet tagjai v\u00e9gezt\u00e9k. A digitaliz\u00e1lt fot\u00f3k \u00e9s a feliratok tabl\u00f3ra t\u00f6rt\u00e9n\u0151 felrak\u00e1s\u00e1t a helyi \u00f3voda \u00f3v\u00f3n\u0151i v\u00e1llalt\u00e1k. A tabl\u00f3kra a J\u00e1szkis\u00e9ri K\u00e9zimunka Szakk\u00f6r tagjainak munk\u00e1i is felker\u00fcltek, \u00edgy \u2013 ezekkel a sz\u00e9p, j\u00e1sz mot\u00edvumokkal \u2013 sz\u00ednes\u00edtve a ki\u00e1ll\u00edt\u00e1st. A j\u00e1szkis\u00e9ri \u00e1ltal\u00e1nos iskola pedag\u00f3gusai pedig n\u00e9h\u00e1ny fels\u0151 tagozatos tanul\u00f3val, versekkel, dalokkal k\u00e9sz\u00fcltek az \u00fcnnep\u00e9lyes megnyit\u00f3ra.<\/p>\n<p>Ahhoz, hogy a ki\u00e1ll\u00edt\u00e1s h\u00edre eljusson a lakoss\u00e1ghoz sz\u00fcks\u00e9g volt a rendezv\u00e9ny rekl\u00e1moz\u00e1s\u00e1ra a k\u00fcl\u00f6nb\u00f6z\u0151 kommunik\u00e1ci\u00f3s csatorn\u00e1k seg\u00edts\u00e9g\u00e9vel. A Facebook, a Kis\u00e9ri Tud\u00f3s\u00edt\u00f3, v\u00e1rosi honlap, plak\u00e1tok, megh\u00edv\u00f3k, sz\u00f3r\u00f3lapok seg\u00edts\u00e9g\u00e9vel megindult a helyi nyilv\u00e1noss\u00e1g szervez\u00e9se. K\u00fcl\u00f6n figyelve a f\u00e9nyk\u00e9peket biztos\u00edt\u00f3 id\u0151sekre, akik szem\u00e9lyre sz\u00f3l\u00f3 megh\u00edv\u00f3t kaptak a megnyit\u00f3ra. A megh\u00edv\u00f3k, sz\u00f3r\u00f3lapok stb. nyomtat\u00e1s\u00e1t a Teleh\u00e1z dolgoz\u00f3i v\u00e9gezt\u00e9k.<\/p>\n<p>A ki\u00e1ll\u00edt\u00e1s megrendez\u00e9s\u00e9hez a helyi Nyugd\u00edjas K\u00f6r tagjai pog\u00e1csas\u00fct\u00e9ssel, a kis\u00e9ri v\u00e1llalkoz\u00f3k k\u00fcl\u00f6nb\u00f6z\u0151 felaj\u00e1nl\u00e1sokkal j\u00e1rultak hozz\u00e1, pl. a vir\u00e1g\u00fczlet dekor\u00e1ci\u00f3s n\u00f6v\u00e9nyeket adott k\u00f6lcs\u00f6n, az egyik bolt tulajdonosa \u00e1sv\u00e1nyvizet, \u00fcd\u00edt\u0151t biztos\u00edtott a rendez\u0151knek. A v\u00e1ros polg\u00e1rmestere &#8211; mint a kis\u00e9ri Pendzsom N\u00e9pt\u00e1nc Egyes\u00fclet koreogr\u00e1fusa &#8211; felaj\u00e1nlotta, hogy a t\u00e1ncegy\u00fcttes n\u00e9h\u00e1ny tagja j\u00e1szs\u00e1gi t\u00e1ncokat mutat be a megnyit\u00f3n.<\/p>\n<p>El\u00e9rkezett a megnyit\u00f3 napja, ami az \u00f6nkorm\u00e1nyzat Id\u0151sek napi rendezv\u00e9ny\u00e9nek a r\u00e9sze volt. A vend\u00e9gek sz\u00e9p sz\u00e1mban \u00e9rkeztek, \u00e9s a legnagyobb \u00f6r\u00f6m az volt, hogy a f\u00e9nyk\u00e9pek tulajdonosai k\u00f6z\u00fcl is sokan elj\u00f6ttek. Az el\u0151zetes terveknek megfelel\u0151en a megnyit\u00f3 a polg\u00e1rmester k\u00f6sz\u00f6nt\u0151j\u00e9vel kezd\u0151d\u00f6tt. Majd a Csete Bal\u00e1zs Helyt\u00f6rt\u00e9neti Egyes\u00fclet vezet\u0151je besz\u00e1molt a k\u00f6z\u00f6ss\u00e9gi tev\u00e9kenys\u00e9g c\u00e9lj\u00e1r\u00f3l, a megval\u00f3s\u00edt\u00e1s folyamat\u00e1r\u00f3l, a megval\u00f3s\u00edt\u00f3k k\u00f6r\u00e9r\u0151l. Arr\u00f3l, hogy a telep\u00fcl\u00e9sen \u00e9l\u0151 fiatalok \u00e9s id\u0151sek k\u00f6z\u00f6tt milyen nagyszer\u0171 egy\u00fcttm\u0171k\u00f6d\u00e9s sz\u00fcletett, megk\u00f6sz\u00f6nve az id\u0151s emberek seg\u00edts\u00e9g\u00e9t, akik n\u00e9lk\u00fcl nem j\u00f6hetett volna l\u00e9tre a ki\u00e1ll\u00edt\u00e1s. Ezek ut\u00e1n az iskol\u00e1sok m\u0171sora nagy tetsz\u00e9st aratott, ugyan\u00edgy a t\u00e1ncosok fell\u00e9p\u00e9se is. Majd k\u00f6vetkezett a ki\u00e1ll\u00edt\u00e1s megtekint\u00e9se. Nagy \u00f6r\u00f6m volt l\u00e1tni, hogy id\u0151sek, fiatalok egyar\u00e1nt b\u00fcszk\u00e9n magyar\u00e1zt\u00e1k a fot\u00f3kon l\u00e1that\u00f3 esem\u00e9nyeket, \u00e9lethelyzeteket. A n\u00e9z\u0151k pedig \u00e9rdekl\u0151dve hallgatt\u00e1k a t\u00f6rt\u00e9neteket, \u00e9s sz\u00edvesen \u00edrt\u00e1k le a ki\u00e1ll\u00edt\u00e1ssal kapcsolatos benyom\u00e1sokat a vend\u00e9gk\u00f6nyvbe.<\/p>\n<p>A megnyit\u00f3 ut\u00e1n a telep\u00fcl\u00e9s facebook oldal\u00e1n f\u00e9nyk\u00e9pes \u00f6sszefoglal\u00f3 jelent meg a rendezv\u00e9nyr\u0151l, illetve a Kis\u00e9r \u00dajs\u00e1g has\u00e1bjain egy besz\u00e1mol\u00f3 a k\u00f6z\u00f6ss\u00e9gi akci\u00f3r\u00f3l. Ezzel is invit\u00e1lta a lakoss\u00e1got a ki\u00e1ll\u00edt\u00e1s megtekint\u00e9s\u00e9re, kit\u00e9rve a f\u00e9nyk\u00e9pek gy\u0171jt\u00e9s\u00e9ben, a ki\u00e1ll\u00edt\u00e1s tervez\u00e9s\u00e9ben, az anyag \u00f6ssze\u00e1ll\u00edt\u00e1s\u00e1ban, a kivitelez\u00e9s\u00e9ben, a megval\u00f3s\u00edt\u00e1s\u00e1ban r\u00e9sztvev\u0151k munk\u00e1j\u00e1nak a bemutat\u00e1s\u00e1ra. N\u00e9v szerint megeml\u00edt\u00e9sre ker\u00fclt a kezdem\u00e9nyez\u00e9sben, a tervez\u00e9sben, a cselekv\u00e9sben akt\u00edvan tev\u00e9kenyked\u0151k, illetve a t\u00e1mogat\u00f3k k\u00f6re. Ezzel egyr\u00e9szt az volt a c\u00e9l, hogy a j\u00f6v\u0151ben a lakosok, civil szervezetek k\u00f6z\u00fcl egyre t\u00f6bben csatlakozzanak a k\u00f6z\u00f6ss\u00e9gi folyamatokhoz, megmozdul\u00e1sokhoz, ne csak befogad\u00f3k\u00e9nt, hanem szervez\u0151k\u00e9nt, akt\u00edv cselekv\u0151k\u00e9nt. M\u00e1sr\u00e9szt a sajt\u00f3nyilv\u00e1noss\u00e1ggal n\u00f6velve a k\u00f6z\u00f6ss\u00e9g\u00e9rt tev\u0151, cselekv\u0151, helyi emberek elismerts\u00e9g\u00e9t.<\/p>\n<p><strong>A ki\u00e1ll\u00edt\u00e1s elemz\u00e9se a k\u00f6z\u00f6ss\u00e9gi munka, a k\u00f6z\u00f6ss\u00e9gfejleszt\u00e9si folyamatban bet\u00f6lt\u00f6tt szerepe szerint<\/strong><\/p>\n<p>A k\u00f6z\u00f6ss\u00e9gi ki\u00e1ll\u00edt\u00e1s a lakoss\u00e1g megsz\u00f3l\u00edt\u00e1s\u00e1nak, bevon\u00e1s\u00e1nak egyik m\u00f3dszere, az adott k\u00f6z\u00f6ss\u00e9g kezdem\u00e9nyez\u00e9s\u00e9re j\u00f6n l\u00e9tre a helyi kult\u00far\u00e1ra, helyt\u00f6rt\u00e9netre, trad\u00edci\u00f3ra, a helyi identit\u00e1s tartalm\u00e1ra koncentr\u00e1lva. C\u00e9lja a cselekv\u0151k k\u00f6r\u00e9nek a sz\u00e9les\u00edt\u00e9se, a kreativit\u00e1suk kibont\u00e1sa, a gener\u00e1ci\u00f3k k\u00f6z\u00f6tti egy\u00fcttm\u0171k\u00f6d\u00e9s er\u0151s\u00edt\u00e9se. Tov\u00e1bbi c\u00e9l, hogy min\u00e9l t\u00f6bb emberhez eljusson, min\u00e9l t\u00f6bben megismerj\u00e9k egy k\u00f6z\u00f6ss\u00e9gi cselekv\u00e9s eredm\u00e9ny\u00e9t. Ne csak azok \u00e9rtes\u00fcljenek r\u00f3la, akik akt\u00edvan r\u00e9szt vettek a megval\u00f3s\u00edt\u00e1sban, hanem m\u00e1sok is, \u00f6szt\u00f6n\u00f6zve \u0151ket a k\u00f6z\u00f6ss\u00e9gi r\u00e9szv\u00e9telre.<\/p>\n<p>A k\u00f6z\u00f6ss\u00e9gi ki\u00e1ll\u00edt\u00e1s mint k\u00f6z\u00f6ss\u00e9gi akci\u00f3 a k\u00f6z\u00f6ss\u00e9gfejleszt\u00e9si folyamatnak a r\u00e9sze volt. Az els\u0151 l\u00e9p\u00e9s a k\u00e9rd\u00e9sek seg\u00edts\u00e9g\u00e9vel a lakoss\u00e1g motiv\u00e1l\u00e1sa, a k\u00f6z\u00f6s gondolkod\u00e1s elind\u00edt\u00e1sa, a helyi k\u00f6z\u00f6ss\u00e9g sz\u00e1m\u00e1ra relev\u00e1ns t\u00e9ma megkeres\u00e9se volt, amelyre pl. egy k\u00f6z\u00f6ss\u00e9gi akci\u00f3val lehet reag\u00e1lni. Term\u00e9szetesen az els\u0151 l\u00e9p\u00e9shez kellett egy \u00f6tletgazda, a helyt\u00f6rt\u00e9neti egyes\u00fclet vezet\u0151je, akinek tud\u00e1sa, hozz\u00e1\u00e9rt\u00e9se, kompetenci\u00e1ja elengedhetetlen volt ahhoz, hogy a ki\u00e1ll\u00edt\u00e1s megszervez\u00e9se k\u00f6z\u00f6ss\u00e9gi c\u00e9lk\u00e9nt fogalmaz\u00f3dhatott meg.<\/p>\n<p>A k\u00f6vetkez\u0151 l\u00e9p\u00e9s a tervez\u00e9s nagyon fontos \u00e9s szerte\u00e1gaz\u00f3 folyamata volt. A k\u00f6z\u00f6ss\u00e9gi besz\u00e9lget\u00e9sek adt\u00e1k meg ehhez a kommunik\u00e1ci\u00f3s teret. Ekkor t\u00f6rt\u00e9nt meg a r\u00e9sztvev\u0151k azonos\u00edt\u00e1sa, akik a tervez\u00e9sben, a kutat\u00e1sban, az anyag \u00f6ssze\u00e1ll\u00edt\u00e1s\u00e1ban, a ki\u00e1ll\u00edt\u00e1s kivitelez\u00e9s\u00e9ben szerepet v\u00e1llaltak. Ebben a szakaszban t\u00f6rt\u00e9nt az \u00f6tletek, javaslatok, k\u00e9szs\u00e9gek, k\u00e9pess\u00e9gek felt\u00e9rk\u00e9pez\u00e9se, a felmer\u00fcl\u0151 probl\u00e9m\u00e1k \u00f6sszegy\u0171jt\u00e9se, a probl\u00e9mamegold\u00f3 folyamatok tervez\u00e9se, aj\u00e1nl\u00e1sok a megold\u00e1sra, a feladatok rangsorol\u00e1sa, cselekv\u00e9si terv k\u00e9sz\u00edt\u00e9se. Nagyon fontos volt a p\u00e1rbesz\u00e9d, az, hogy a r\u00e9sztvev\u0151k partnerk\u00e9nt tekintettek egym\u00e1sra, \u00e9rvek, ellen\u00e9rvek \u00fctk\u00f6ztek, m\u00e9rlegeltek, vitatkoztak, de mindig a megold\u00e1sra t\u00f6rekedtek. Ez az egy\u00fcttm\u0171k\u00f6d\u00e9s folyamatos tanul\u00e1st jelentett, \u00e9s a k\u00f6z\u00f6ss\u00e9g tagjai sz\u00e1m\u00e1ra egy \u00f6nismereti tr\u00e9ninggel \u00e9rt fel.<\/p>\n<p>Itt kell megeml\u00edteni, hogy a helyi \u00f6nkorm\u00e1nyzat bevon\u00e1sa elengedhetetlen volt a projekt elind\u00edt\u00e1s\u00e1hoz. Szerencs\u00e9re ez siker\u00fclt, hiszen n\u00e9lk\u00fcle nem volt lehets\u00e9ges a ki\u00e1ll\u00edt\u00e1s megrendez\u00e9se. Pl. teremb\u00e9rl\u00e9s, helyi \u00fajs\u00e1g, Teleh\u00e1z stb.<\/p>\n<p>Mindezek ut\u00e1n k\u00f6vetkezett a megval\u00f3s\u00edt\u00e1s, a cselekv\u00e9s. Az els\u0151 partnerek az Ifj\u00fas\u00e1gi Egyes\u00fclet tagjai voltak. Azt is fontos megeml\u00edteni, hogy az id\u0151s emberekkel val\u00f3 egy\u00fcttm\u0171k\u00f6d\u00e9s sor\u00e1n a k\u00f6z\u00f6ss\u00e9gi norm\u00e1k er\u0151teljesen sz\u00ednre l\u00e9ptek, \u00fagymint a tolerancia, a k\u00f6lcs\u00f6n\u00f6ss\u00e9g \u00e9s a bizalom, mindez hozz\u00e1j\u00e1rult a gener\u00e1ci\u00f3k k\u00f6z\u00f6tti p\u00e1rbesz\u00e9d er\u0151s\u00edt\u00e9s\u00e9hez, amely lehet\u0151v\u00e9 tette, hogy a fiatalok a t\u00f6rt\u00e9netmes\u00e9l\u00e9sen kereszt\u00fcl megismerj\u00e9k a r\u00e9gi kis\u00e9ri hagyom\u00e1nyokat, a m\u00falt \u00e9rt\u00e9keit, n\u00f6velve ezzel a lak\u00f3hely ir\u00e1nti k\u00f6t\u0151d\u00e9st. Ez a sikeres egy\u00fcttm\u0171k\u00f6d\u00e9s a kis\u00e9ri fiatalok \u00e9s az id\u0151sek k\u00f6z\u00f6tt bizalmat adott a k\u00f6z\u00f6ss\u00e9gi akci\u00f3 folytat\u00e1s\u00e1hoz. Bizonyoss\u00e1 v\u00e1lt, hogy egy sikeres k\u00f6z\u00f6ss\u00e9gfejleszt\u00e9si folyamat r\u00e9szesei vagyunk, ahol a telep\u00fcl\u00e9sen \u00e9l\u0151 emberek er\u0151forr\u00e1sk\u00e9nt jelentek meg \u00e9s nem c\u00e9lcsoportk\u00e9nt. Ezek a bevont csoportok, pl. id\u0151sek, fiatalok, id\u0151sgondoz\u00f3k, \u00f3v\u00f3n\u0151k, tan\u00e1rok, t\u0171zolt\u00f3k, Teleh\u00e1z munkat\u00e1rsak, v\u00e1llalkoz\u00f3k, nyugd\u00edjasok, di\u00e1kok, t\u00e1ncosok, k\u00e9zimunka szakk\u00f6r\u00f6s\u00f6k mind az egym\u00e1s ir\u00e1nti szolidarit\u00e1st, a k\u00f6z\u00f6s gondolkod\u00e1st, k\u00f6z\u00f6ss\u00e9gi cselekv\u00e9st tartott\u00e1k szem el\u0151tt.<\/p>\n<p>Sajnos a Teleh\u00e1z vezet\u0151je kudarcnak \u00e9lte meg, hogy a fiatalok nem vettek r\u00e9szt a fot\u00f3k digitaliz\u00e1l\u00e1s\u00e1ban, de id\u0151hi\u00e1ny miatt ez nem val\u00f3sulhatott meg. A k\u00f6vetkez\u0151kben sz\u00e1m\u00edtani kell arra, hogy nem mindig lesz minden eltervezett feladatra id\u0151, amit nem szabad fiask\u00f3nak felfogni, f\u0151leg, ha az akci\u00f3 siker\u00e9t nem befoly\u00e1solja.<\/p>\n<p>Tulajdonk\u00e9ppen a ki\u00e1ll\u00edt\u00e1s berendez\u00e9se m\u00e1r a megval\u00f3s\u00edt\u00e1s utols\u00f3 el\u0151tti l\u00e9p\u00e9se volt, a maga sz\u00e9ps\u00e9g\u00e9vel, izgalm\u00e1val. Az utols\u00f3 sim\u00edt\u00e1sok ut\u00e1n j\u00f6hetett a hab a tort\u00e1n: a ki\u00e1ll\u00edt\u00e1s megnyit\u00f3ja. A megnyit\u00f3 \u00fcnnep\u00e9lyess\u00e9ge, sz\u00ednvonala, az \u00e9rdekl\u0151d\u0151k sz\u00e9p sz\u00e1ma, az id\u0151sek megjelen\u00e9se, a sok mosolyg\u00f3, el\u00e9gedett arc mind-mind bizony\u00edtotta a k\u00f6z\u00f6ss\u00e9gi akci\u00f3 siker\u00e9t. Ezt a sikert nemcsak a c\u00e9l el\u00e9r\u00e9se bizony\u00edtja, mert nem csak a k\u00f6z\u00f6ss\u00e9gi munka v\u00e9geredm\u00e9nye a fontos, hanem az odavezet\u0151 \u00fat is. Nagyon fontos volt, hogy a megnyit\u00f3 ut\u00e1n a sajt\u00f3ban megjelent egy \u00f6sszefoglal\u00f3 a k\u00f6z\u00f6ss\u00e9gi munk\u00e1r\u00f3l, elismerve a ki\u00e1ll\u00edt\u00e1st l\u00e9trehoz\u00f3 szem\u00e9lyeket \u00e9s munk\u00e1jukat. Egy sikeres k\u00f6z\u00f6ss\u00e9gi akci\u00f3 hozz\u00e1j\u00e1rul az emberek j\u00f3l\u00e9t\u00e9hez, er\u0151s\u00edti azt az \u00e9rz\u00e9st, hogy j\u00f3 tartozni valahov\u00e1, \u00e9s a k\u00f6zrem\u0171k\u00f6d\u0151kre \u00f6szt\u00f6nz\u0151leg hat, hogy tov\u00e1bbra is cselekv\u0151en r\u00e9szt akarjanak venni a k\u00f6z\u00f6ss\u00e9g \u00e9let\u00e9ben.<\/p>\n<p>Egy k\u00f6z\u00f6ss\u00e9g k\u00e9pes fejleszteni \u00f6nmag\u00e1t, ha megtorpan ez a fejl\u0151d\u00e9si folyamat, akkor l\u00e9phet k\u00f6zbe egy k\u00f6z\u00f6ss\u00e9gfejleszt\u0151, aki \u00e1tmenetileg beavatkozva a csoport \u00e9let\u00e9be b\u00e1tor\u00edt\u00e1ssal, tan\u00e1csokkal, er\u0151forr\u00e1sok felt\u00e1r\u00e1s\u00e1val, \u00f6szt\u00f6nz\u0151leg seg\u00edti a k\u00f6z\u00f6ss\u00e9g meg\u00fajul\u00e1s\u00e1t.<\/p>\n<p>A k\u00f6z\u00f6ss\u00e9gi ki\u00e1ll\u00edt\u00e1s siker\u00e9t l\u00e1tva a helyi k\u00f6z\u00f6ss\u00e9g, a lakosok, a civil szervezetek sz\u00e1m\u00e1ra egy\u00e9rtelm\u0171v\u00e9 v\u00e1lt, hogy ezt a munk\u00e1t folytatni \u00e9rdemes. \u00daj projekteket szervezni, \u00e9s m\u00e1sokat is j\u00f3 lenne bevonni a tev\u00e9kenys\u00e9gbe.<\/p>\n<p>&nbsp;<\/p>\n<p><img loading=\"lazy\" decoding=\"async\" class=\"alignright size-thumbnail wp-image-5994\" src=\"https:\/\/kofe.hu\/parola\/wp-content\/uploads\/2021\/04\/2021-1-HCs-150x150.jpg\" alt=\"\" width=\"150\" height=\"150\" \/>Hajnal Csab\u00e1n\u00e9, J\u00e1szkis\u00e9ren, egy alf\u00f6ldi kisv\u00e1rosban \u00e9l. A helyi \u00e1ltal\u00e1nos iskol\u00e1ban k\u00f6nyvt\u00e1rosk\u00e9nt dolgozva az int\u00e9zm\u00e9nyi \u00e9s a v\u00e1rosi \u00fcnneps\u00e9geket szervezte, rendezte \u00e9veken kereszt\u00fcl. 2018 tavasz\u00e1t\u00f3l a telep\u00fcl\u00e9s k\u00f6z\u00f6ss\u00e9geinek, civil szervezeteinek a munk\u00e1j\u00e1t seg\u00edtve kezdett ismerkedni a k\u00f6z\u00f6ss\u00e9gfejleszt\u0151 munk\u00e1val. 2021-ben a K\u00d6FE \u00e1ltal szervezett szakmai k\u00e9pz\u00e9sben vett r\u00e9szt, ahol k\u00f6z\u00f6ss\u00e9gfejleszt\u0151 v\u00e9gzetts\u00e9get szerzett. Vallja, hogy az \u00e9letben nem az \u00fati c\u00e9l a l\u00e9nyeg, hanem maga a megtett \u00fat. B\u00fcszke arra, hogy beker\u00fclt a k\u00f6z\u00f6ss\u00e9gfejleszt\u0151k nagy csal\u00e1dj\u00e1ba, de m\u00e9g ink\u00e1bb arra, hogy r\u00e9szt vehet a helyi k\u00f6z\u00f6ss\u00e9gi \u00e9let fejleszt\u00e9s\u00e9ben, alak\u00edt\u00e1s\u00e1ban.<\/p>\n","protected":false},"excerpt":{"rendered":"<p>Bevezet\u00e9s \u00cdr\u00e1somban egy k\u00f6z\u00f6ss\u00e9gi ki\u00e1ll\u00edt\u00e1st mutatok be, ahol tal\u00e1lkozott a m\u00falt a jelennel, az id\u0151s a fiatallal, a ki\u00e1ll\u00edt\u00e1s rendez\u0151je annak befogad\u00f3j\u00e1val. 2019 tavasz\u00e1n a j\u00e1szkis\u00e9ri M\u0171vel\u0151d\u00e9s H\u00e1z\u00e1ban j\u00f6tt l\u00e9tre a helyi k\u00f6z\u00f6ss\u00e9g akt\u00edv kezdem\u00e9nyez\u00e9s\u00e9vel ez a program, aminek \u00e9n is r\u00e9szese voltam. Feladatom a munkafolyamatokban r\u00e9sztvev\u0151 szervezetek, int\u00e9zm\u00e9nyek munk\u00e1j\u00e1nak a koordin\u00e1l\u00e1sa volt. K\u00f6z\u00f6ss\u00e9gfejleszt\u0151 munk\u00e1m [&hellip;]<\/p>\n","protected":false},"author":548,"featured_media":5996,"comment_status":"open","ping_status":"open","sticky":false,"template":"","format":"standard","meta":{"_acf_changed":false,"footnotes":""},"categories":[763,8,7],"tags":[773,772],"coauthors":[771],"class_list":["post-5993","post","type-post","status-publish","format-standard","has-post-thumbnail","hentry","category-parola-2021-1","category-parola-folyoirat","category-repertorium","tag-jaszkiser","tag-kozossegi-kiallitas"],"acf":[],"yoast_head":"<!-- This site is optimized with the Yoast SEO plugin v26.7 - https:\/\/yoast.com\/wordpress\/plugins\/seo\/ -->\n<title>A k\u00f6z\u00f6ss\u00e9gi ki\u00e1ll\u00edt\u00e1s mint k\u00f6z\u00f6ss\u00e9gi akci\u00f3 - Parola Foly\u00f3irat<\/title>\n<meta name=\"robots\" content=\"index, follow, max-snippet:-1, max-image-preview:large, max-video-preview:-1\" \/>\n<link rel=\"canonical\" href=\"https:\/\/kofe.hu\/parola\/parola-folyoirat\/a-kozossegi-kiallitas-mint-kozossegi-akcio\/\" \/>\n<meta property=\"og:locale\" content=\"hu_HU\" \/>\n<meta property=\"og:type\" content=\"article\" \/>\n<meta property=\"og:title\" content=\"A k\u00f6z\u00f6ss\u00e9gi ki\u00e1ll\u00edt\u00e1s mint k\u00f6z\u00f6ss\u00e9gi akci\u00f3 - Parola Foly\u00f3irat\" \/>\n<meta property=\"og:description\" content=\"Bevezet\u00e9s \u00cdr\u00e1somban egy k\u00f6z\u00f6ss\u00e9gi ki\u00e1ll\u00edt\u00e1st mutatok be, ahol tal\u00e1lkozott a m\u00falt a jelennel, az id\u0151s a fiatallal, a ki\u00e1ll\u00edt\u00e1s rendez\u0151je annak befogad\u00f3j\u00e1val. 2019 tavasz\u00e1n a j\u00e1szkis\u00e9ri M\u0171vel\u0151d\u00e9s H\u00e1z\u00e1ban j\u00f6tt l\u00e9tre a helyi k\u00f6z\u00f6ss\u00e9g akt\u00edv kezdem\u00e9nyez\u00e9s\u00e9vel ez a program, aminek \u00e9n is r\u00e9szese voltam. Feladatom a munkafolyamatokban r\u00e9sztvev\u0151 szervezetek, int\u00e9zm\u00e9nyek munk\u00e1j\u00e1nak a koordin\u00e1l\u00e1sa volt. K\u00f6z\u00f6ss\u00e9gfejleszt\u0151 munk\u00e1m [&hellip;]\" \/>\n<meta property=\"og:url\" content=\"https:\/\/kofe.hu\/parola\/parola-folyoirat\/a-kozossegi-kiallitas-mint-kozossegi-akcio\/\" \/>\n<meta property=\"og:site_name\" content=\"Parola Foly\u00f3irat\" \/>\n<meta property=\"article:published_time\" content=\"2021-04-02T19:50:52+00:00\" \/>\n<meta property=\"article:modified_time\" content=\"2021-04-18T12:53:04+00:00\" \/>\n<meta property=\"og:image\" content=\"https:\/\/kofe.hu\/parola\/wp-content\/uploads\/2021\/04\/2021-1-HCs-2.jpg\" \/>\n\t<meta property=\"og:image:width\" content=\"960\" \/>\n\t<meta property=\"og:image:height\" content=\"680\" \/>\n\t<meta property=\"og:image:type\" content=\"image\/jpeg\" \/>\n<meta name=\"author\" content=\"Hajnal Csab\u00e1n\u00e9\" \/>\n<meta name=\"twitter:card\" content=\"summary_large_image\" \/>\n<meta name=\"twitter:label1\" content=\"Szerz\u0151:\" \/>\n\t<meta name=\"twitter:data1\" content=\"Hajnal Csab\u00e1n\u00e9\" \/>\n\t<meta name=\"twitter:label2\" content=\"Becs\u00fclt olvas\u00e1si id\u0151\" \/>\n\t<meta name=\"twitter:data2\" content=\"22 perc\" \/>\n\t<meta name=\"twitter:label3\" content=\"Written by\" \/>\n\t<meta name=\"twitter:data3\" content=\"Hajnal Csab\u00e1n\u00e9\" \/>\n<script type=\"application\/ld+json\" class=\"yoast-schema-graph\">{\"@context\":\"https:\/\/schema.org\",\"@graph\":[{\"@type\":\"Article\",\"@id\":\"https:\/\/kofe.hu\/parola\/parola-folyoirat\/a-kozossegi-kiallitas-mint-kozossegi-akcio\/#article\",\"isPartOf\":{\"@id\":\"https:\/\/kofe.hu\/parola\/parola-folyoirat\/a-kozossegi-kiallitas-mint-kozossegi-akcio\/\"},\"author\":{\"name\":\"Hajnal Csab\u00e1n\u00e9\",\"@id\":\"https:\/\/kofe.hu\/parola\/#\/schema\/person\/20cdedf7375013328680077acf9d6187\"},\"headline\":\"A k\u00f6z\u00f6ss\u00e9gi ki\u00e1ll\u00edt\u00e1s mint k\u00f6z\u00f6ss\u00e9gi akci\u00f3\",\"datePublished\":\"2021-04-02T19:50:52+00:00\",\"dateModified\":\"2021-04-18T12:53:04+00:00\",\"mainEntityOfPage\":{\"@id\":\"https:\/\/kofe.hu\/parola\/parola-folyoirat\/a-kozossegi-kiallitas-mint-kozossegi-akcio\/\"},\"wordCount\":4488,\"commentCount\":0,\"image\":{\"@id\":\"https:\/\/kofe.hu\/parola\/parola-folyoirat\/a-kozossegi-kiallitas-mint-kozossegi-akcio\/#primaryimage\"},\"thumbnailUrl\":\"https:\/\/kofe.hu\/parola\/wp-content\/uploads\/2021\/04\/2021-1-HCs-2.jpg\",\"keywords\":[\"J\u00e1szkis\u00e9r\",\"k\u00f6z\u00f6ss\u00e9gi ki\u00e1ll\u00edt\u00e1s\"],\"articleSection\":[\"Parola 2021\/1\",\"Parola Foly\u00f3irat\",\"Repert\u00f3rium\"],\"inLanguage\":\"hu\",\"potentialAction\":[{\"@type\":\"CommentAction\",\"name\":\"Comment\",\"target\":[\"https:\/\/kofe.hu\/parola\/parola-folyoirat\/a-kozossegi-kiallitas-mint-kozossegi-akcio\/#respond\"]}]},{\"@type\":\"WebPage\",\"@id\":\"https:\/\/kofe.hu\/parola\/parola-folyoirat\/a-kozossegi-kiallitas-mint-kozossegi-akcio\/\",\"url\":\"https:\/\/kofe.hu\/parola\/parola-folyoirat\/a-kozossegi-kiallitas-mint-kozossegi-akcio\/\",\"name\":\"A k\u00f6z\u00f6ss\u00e9gi ki\u00e1ll\u00edt\u00e1s mint k\u00f6z\u00f6ss\u00e9gi akci\u00f3 - Parola Foly\u00f3irat\",\"isPartOf\":{\"@id\":\"https:\/\/kofe.hu\/parola\/#website\"},\"primaryImageOfPage\":{\"@id\":\"https:\/\/kofe.hu\/parola\/parola-folyoirat\/a-kozossegi-kiallitas-mint-kozossegi-akcio\/#primaryimage\"},\"image\":{\"@id\":\"https:\/\/kofe.hu\/parola\/parola-folyoirat\/a-kozossegi-kiallitas-mint-kozossegi-akcio\/#primaryimage\"},\"thumbnailUrl\":\"https:\/\/kofe.hu\/parola\/wp-content\/uploads\/2021\/04\/2021-1-HCs-2.jpg\",\"datePublished\":\"2021-04-02T19:50:52+00:00\",\"dateModified\":\"2021-04-18T12:53:04+00:00\",\"author\":{\"@id\":\"https:\/\/kofe.hu\/parola\/#\/schema\/person\/20cdedf7375013328680077acf9d6187\"},\"breadcrumb\":{\"@id\":\"https:\/\/kofe.hu\/parola\/parola-folyoirat\/a-kozossegi-kiallitas-mint-kozossegi-akcio\/#breadcrumb\"},\"inLanguage\":\"hu\",\"potentialAction\":[{\"@type\":\"ReadAction\",\"target\":[\"https:\/\/kofe.hu\/parola\/parola-folyoirat\/a-kozossegi-kiallitas-mint-kozossegi-akcio\/\"]}]},{\"@type\":\"ImageObject\",\"inLanguage\":\"hu\",\"@id\":\"https:\/\/kofe.hu\/parola\/parola-folyoirat\/a-kozossegi-kiallitas-mint-kozossegi-akcio\/#primaryimage\",\"url\":\"https:\/\/kofe.hu\/parola\/wp-content\/uploads\/2021\/04\/2021-1-HCs-2.jpg\",\"contentUrl\":\"https:\/\/kofe.hu\/parola\/wp-content\/uploads\/2021\/04\/2021-1-HCs-2.jpg\",\"width\":960,\"height\":680},{\"@type\":\"BreadcrumbList\",\"@id\":\"https:\/\/kofe.hu\/parola\/parola-folyoirat\/a-kozossegi-kiallitas-mint-kozossegi-akcio\/#breadcrumb\",\"itemListElement\":[{\"@type\":\"ListItem\",\"position\":1,\"name\":\"Home\",\"item\":\"https:\/\/kofe.hu\/parola\/\"},{\"@type\":\"ListItem\",\"position\":2,\"name\":\"A k\u00f6z\u00f6ss\u00e9gi ki\u00e1ll\u00edt\u00e1s mint k\u00f6z\u00f6ss\u00e9gi akci\u00f3\"}]},{\"@type\":\"WebSite\",\"@id\":\"https:\/\/kofe.hu\/parola\/#website\",\"url\":\"https:\/\/kofe.hu\/parola\/\",\"name\":\"Parola Foly\u00f3irat\",\"description\":\"\",\"potentialAction\":[{\"@type\":\"SearchAction\",\"target\":{\"@type\":\"EntryPoint\",\"urlTemplate\":\"https:\/\/kofe.hu\/parola\/?s={search_term_string}\"},\"query-input\":{\"@type\":\"PropertyValueSpecification\",\"valueRequired\":true,\"valueName\":\"search_term_string\"}}],\"inLanguage\":\"hu\"},{\"@type\":\"Person\",\"@id\":\"https:\/\/kofe.hu\/parola\/#\/schema\/person\/20cdedf7375013328680077acf9d6187\",\"name\":\"Hajnal Csab\u00e1n\u00e9\",\"image\":{\"@type\":\"ImageObject\",\"inLanguage\":\"hu\",\"@id\":\"https:\/\/kofe.hu\/parola\/#\/schema\/person\/image\/aa0a290878a1b31bad5efbe03ff430f5\",\"url\":\"https:\/\/secure.gravatar.com\/avatar\/c4eaf2ce867c15f9828e23754c1b9b4e05da6fcb3f20a7451f5b26a9ad4462a5?s=96&d=mm&r=g\",\"contentUrl\":\"https:\/\/secure.gravatar.com\/avatar\/c4eaf2ce867c15f9828e23754c1b9b4e05da6fcb3f20a7451f5b26a9ad4462a5?s=96&d=mm&r=g\",\"caption\":\"Hajnal Csab\u00e1n\u00e9\"},\"url\":\"https:\/\/kofe.hu\/parola\/szerzok\/hajnal-csabane\/\"}]}<\/script>\n<!-- \/ Yoast SEO plugin. -->","yoast_head_json":{"title":"A k\u00f6z\u00f6ss\u00e9gi ki\u00e1ll\u00edt\u00e1s mint k\u00f6z\u00f6ss\u00e9gi akci\u00f3 - Parola Foly\u00f3irat","robots":{"index":"index","follow":"follow","max-snippet":"max-snippet:-1","max-image-preview":"max-image-preview:large","max-video-preview":"max-video-preview:-1"},"canonical":"https:\/\/kofe.hu\/parola\/parola-folyoirat\/a-kozossegi-kiallitas-mint-kozossegi-akcio\/","og_locale":"hu_HU","og_type":"article","og_title":"A k\u00f6z\u00f6ss\u00e9gi ki\u00e1ll\u00edt\u00e1s mint k\u00f6z\u00f6ss\u00e9gi akci\u00f3 - Parola Foly\u00f3irat","og_description":"Bevezet\u00e9s \u00cdr\u00e1somban egy k\u00f6z\u00f6ss\u00e9gi ki\u00e1ll\u00edt\u00e1st mutatok be, ahol tal\u00e1lkozott a m\u00falt a jelennel, az id\u0151s a fiatallal, a ki\u00e1ll\u00edt\u00e1s rendez\u0151je annak befogad\u00f3j\u00e1val. 2019 tavasz\u00e1n a j\u00e1szkis\u00e9ri M\u0171vel\u0151d\u00e9s H\u00e1z\u00e1ban j\u00f6tt l\u00e9tre a helyi k\u00f6z\u00f6ss\u00e9g akt\u00edv kezdem\u00e9nyez\u00e9s\u00e9vel ez a program, aminek \u00e9n is r\u00e9szese voltam. Feladatom a munkafolyamatokban r\u00e9sztvev\u0151 szervezetek, int\u00e9zm\u00e9nyek munk\u00e1j\u00e1nak a koordin\u00e1l\u00e1sa volt. K\u00f6z\u00f6ss\u00e9gfejleszt\u0151 munk\u00e1m [&hellip;]","og_url":"https:\/\/kofe.hu\/parola\/parola-folyoirat\/a-kozossegi-kiallitas-mint-kozossegi-akcio\/","og_site_name":"Parola Foly\u00f3irat","article_published_time":"2021-04-02T19:50:52+00:00","article_modified_time":"2021-04-18T12:53:04+00:00","og_image":[{"width":960,"height":680,"url":"https:\/\/kofe.hu\/parola\/wp-content\/uploads\/2021\/04\/2021-1-HCs-2.jpg","type":"image\/jpeg"}],"author":"Hajnal Csab\u00e1n\u00e9","twitter_card":"summary_large_image","twitter_misc":{"Szerz\u0151:":"Hajnal Csab\u00e1n\u00e9","Becs\u00fclt olvas\u00e1si id\u0151":"22 perc","Written by":"Hajnal Csab\u00e1n\u00e9"},"schema":{"@context":"https:\/\/schema.org","@graph":[{"@type":"Article","@id":"https:\/\/kofe.hu\/parola\/parola-folyoirat\/a-kozossegi-kiallitas-mint-kozossegi-akcio\/#article","isPartOf":{"@id":"https:\/\/kofe.hu\/parola\/parola-folyoirat\/a-kozossegi-kiallitas-mint-kozossegi-akcio\/"},"author":{"name":"Hajnal Csab\u00e1n\u00e9","@id":"https:\/\/kofe.hu\/parola\/#\/schema\/person\/20cdedf7375013328680077acf9d6187"},"headline":"A k\u00f6z\u00f6ss\u00e9gi ki\u00e1ll\u00edt\u00e1s mint k\u00f6z\u00f6ss\u00e9gi akci\u00f3","datePublished":"2021-04-02T19:50:52+00:00","dateModified":"2021-04-18T12:53:04+00:00","mainEntityOfPage":{"@id":"https:\/\/kofe.hu\/parola\/parola-folyoirat\/a-kozossegi-kiallitas-mint-kozossegi-akcio\/"},"wordCount":4488,"commentCount":0,"image":{"@id":"https:\/\/kofe.hu\/parola\/parola-folyoirat\/a-kozossegi-kiallitas-mint-kozossegi-akcio\/#primaryimage"},"thumbnailUrl":"https:\/\/kofe.hu\/parola\/wp-content\/uploads\/2021\/04\/2021-1-HCs-2.jpg","keywords":["J\u00e1szkis\u00e9r","k\u00f6z\u00f6ss\u00e9gi ki\u00e1ll\u00edt\u00e1s"],"articleSection":["Parola 2021\/1","Parola Foly\u00f3irat","Repert\u00f3rium"],"inLanguage":"hu","potentialAction":[{"@type":"CommentAction","name":"Comment","target":["https:\/\/kofe.hu\/parola\/parola-folyoirat\/a-kozossegi-kiallitas-mint-kozossegi-akcio\/#respond"]}]},{"@type":"WebPage","@id":"https:\/\/kofe.hu\/parola\/parola-folyoirat\/a-kozossegi-kiallitas-mint-kozossegi-akcio\/","url":"https:\/\/kofe.hu\/parola\/parola-folyoirat\/a-kozossegi-kiallitas-mint-kozossegi-akcio\/","name":"A k\u00f6z\u00f6ss\u00e9gi ki\u00e1ll\u00edt\u00e1s mint k\u00f6z\u00f6ss\u00e9gi akci\u00f3 - Parola Foly\u00f3irat","isPartOf":{"@id":"https:\/\/kofe.hu\/parola\/#website"},"primaryImageOfPage":{"@id":"https:\/\/kofe.hu\/parola\/parola-folyoirat\/a-kozossegi-kiallitas-mint-kozossegi-akcio\/#primaryimage"},"image":{"@id":"https:\/\/kofe.hu\/parola\/parola-folyoirat\/a-kozossegi-kiallitas-mint-kozossegi-akcio\/#primaryimage"},"thumbnailUrl":"https:\/\/kofe.hu\/parola\/wp-content\/uploads\/2021\/04\/2021-1-HCs-2.jpg","datePublished":"2021-04-02T19:50:52+00:00","dateModified":"2021-04-18T12:53:04+00:00","author":{"@id":"https:\/\/kofe.hu\/parola\/#\/schema\/person\/20cdedf7375013328680077acf9d6187"},"breadcrumb":{"@id":"https:\/\/kofe.hu\/parola\/parola-folyoirat\/a-kozossegi-kiallitas-mint-kozossegi-akcio\/#breadcrumb"},"inLanguage":"hu","potentialAction":[{"@type":"ReadAction","target":["https:\/\/kofe.hu\/parola\/parola-folyoirat\/a-kozossegi-kiallitas-mint-kozossegi-akcio\/"]}]},{"@type":"ImageObject","inLanguage":"hu","@id":"https:\/\/kofe.hu\/parola\/parola-folyoirat\/a-kozossegi-kiallitas-mint-kozossegi-akcio\/#primaryimage","url":"https:\/\/kofe.hu\/parola\/wp-content\/uploads\/2021\/04\/2021-1-HCs-2.jpg","contentUrl":"https:\/\/kofe.hu\/parola\/wp-content\/uploads\/2021\/04\/2021-1-HCs-2.jpg","width":960,"height":680},{"@type":"BreadcrumbList","@id":"https:\/\/kofe.hu\/parola\/parola-folyoirat\/a-kozossegi-kiallitas-mint-kozossegi-akcio\/#breadcrumb","itemListElement":[{"@type":"ListItem","position":1,"name":"Home","item":"https:\/\/kofe.hu\/parola\/"},{"@type":"ListItem","position":2,"name":"A k\u00f6z\u00f6ss\u00e9gi ki\u00e1ll\u00edt\u00e1s mint k\u00f6z\u00f6ss\u00e9gi akci\u00f3"}]},{"@type":"WebSite","@id":"https:\/\/kofe.hu\/parola\/#website","url":"https:\/\/kofe.hu\/parola\/","name":"Parola Foly\u00f3irat","description":"","potentialAction":[{"@type":"SearchAction","target":{"@type":"EntryPoint","urlTemplate":"https:\/\/kofe.hu\/parola\/?s={search_term_string}"},"query-input":{"@type":"PropertyValueSpecification","valueRequired":true,"valueName":"search_term_string"}}],"inLanguage":"hu"},{"@type":"Person","@id":"https:\/\/kofe.hu\/parola\/#\/schema\/person\/20cdedf7375013328680077acf9d6187","name":"Hajnal Csab\u00e1n\u00e9","image":{"@type":"ImageObject","inLanguage":"hu","@id":"https:\/\/kofe.hu\/parola\/#\/schema\/person\/image\/aa0a290878a1b31bad5efbe03ff430f5","url":"https:\/\/secure.gravatar.com\/avatar\/c4eaf2ce867c15f9828e23754c1b9b4e05da6fcb3f20a7451f5b26a9ad4462a5?s=96&d=mm&r=g","contentUrl":"https:\/\/secure.gravatar.com\/avatar\/c4eaf2ce867c15f9828e23754c1b9b4e05da6fcb3f20a7451f5b26a9ad4462a5?s=96&d=mm&r=g","caption":"Hajnal Csab\u00e1n\u00e9"},"url":"https:\/\/kofe.hu\/parola\/szerzok\/hajnal-csabane\/"}]}},"_links":{"self":[{"href":"https:\/\/kofe.hu\/parola\/wp-json\/wp\/v2\/posts\/5993","targetHints":{"allow":["GET"]}}],"collection":[{"href":"https:\/\/kofe.hu\/parola\/wp-json\/wp\/v2\/posts"}],"about":[{"href":"https:\/\/kofe.hu\/parola\/wp-json\/wp\/v2\/types\/post"}],"author":[{"embeddable":true,"href":"https:\/\/kofe.hu\/parola\/wp-json\/wp\/v2\/users\/548"}],"replies":[{"embeddable":true,"href":"https:\/\/kofe.hu\/parola\/wp-json\/wp\/v2\/comments?post=5993"}],"version-history":[{"count":2,"href":"https:\/\/kofe.hu\/parola\/wp-json\/wp\/v2\/posts\/5993\/revisions"}],"predecessor-version":[{"id":6094,"href":"https:\/\/kofe.hu\/parola\/wp-json\/wp\/v2\/posts\/5993\/revisions\/6094"}],"wp:featuredmedia":[{"embeddable":true,"href":"https:\/\/kofe.hu\/parola\/wp-json\/wp\/v2\/media\/5996"}],"wp:attachment":[{"href":"https:\/\/kofe.hu\/parola\/wp-json\/wp\/v2\/media?parent=5993"}],"wp:term":[{"taxonomy":"category","embeddable":true,"href":"https:\/\/kofe.hu\/parola\/wp-json\/wp\/v2\/categories?post=5993"},{"taxonomy":"post_tag","embeddable":true,"href":"https:\/\/kofe.hu\/parola\/wp-json\/wp\/v2\/tags?post=5993"},{"taxonomy":"author","embeddable":true,"href":"https:\/\/kofe.hu\/parola\/wp-json\/wp\/v2\/coauthors?post=5993"}],"curies":[{"name":"wp","href":"https:\/\/api.w.org\/{rel}","templated":true}]}}