{"id":5887,"date":"2021-02-07T16:13:55","date_gmt":"2021-02-07T16:13:55","guid":{"rendered":"https:\/\/kofe.hu\/parola\/?p=5887"},"modified":"2021-02-16T19:13:05","modified_gmt":"2021-02-16T19:13:05","slug":"a-szerkesztok-eloszava","status":"publish","type":"post","link":"https:\/\/kofe.hu\/parola\/parola-folyoirat\/a-szerkesztok-eloszava\/","title":{"rendered":"A szerkeszt\u0151k el\u0151szava"},"content":{"rendered":"<p>K\u00f6sz\u00f6ntj\u00fck az olvas\u00f3kat!<\/p>\n<p>Dupla sz\u00e1mmal jelentkez\u00fcnk egy mindannyiunkat pr\u00f3b\u00e1ra tev\u0151 \u00e9v z\u00e1r\u00e1sak\u00e9nt. De a pr\u00f3b\u00e1k az\u00e9rt vannak, hogy \u00farr\u00e1 legy\u00fcnk rajtuk, \u00e1ltaluk meger\u0151s\u00f6dve fogjunk valami \u00fajba. Legyenek \u00faj terveink, kapjunk \u00faj lend\u00fcletet, melyek tov\u00e1bbvisznek.<\/p>\n<p>Az els\u0151 h\u00e1rom \u00edr\u00e1sunk a mentor\u00e1l\u00e1s, szakmai t\u00e1mogat\u00e1s t\u00e9m\u00e1j\u00e1t j\u00e1rja k\u00f6rbe; szerz\u0151ink arr\u00f3l tud\u00f3s\u00edtanak, hogyan seg\u00edtik az anyagiakon t\u00falmen\u0151en k\u00fcl\u00f6nb\u00f6z\u0151 szervezetekn\u00e9l a t\u00e1mogatottak elk\u00e9pzel\u00e9seinek, c\u00e9ljainak min\u00e9l sikeresebb megval\u00f3s\u00edt\u00e1s\u00e1t k\u00f6z\u00f6ss\u00e9gi fejleszt\u0151 programok. K\u00fcl\u00f6nb\u00f6z\u0151 megk\u00f6zel\u00edt\u00e9seket, szeml\u00e9leteket ismerhet\u00fcnk meg.<\/p>\n<p>A k\u00f6z\u00f6ss\u00e9gi munka egyik fontos fogalma az egy\u00fcttm\u0171k\u00f6d\u00e9s, a p\u00e1rbesz\u00e9d. Ehhez, \u00fagy v\u00e9lj\u00fck, seg\u00edt\u0151 aj\u00e1nl\u00e1sokat, fontos tan\u00e1csokat olvashatunk a Verseny \u00e9s\/vagy egy\u00fcttm\u0171k\u00f6d\u00e9s c\u00edm\u0171 \u00edr\u00e1sban, amely egy F\u00fcl\u00f6p M\u00e1rt\u00e1val k\u00e9sz\u00fclt s a Civil R\u00e1di\u00f3ban elhangzott besz\u00e9lget\u00e9s leirata.<\/p>\n<p>Az egy\u00fcttm\u0171k\u00f6d\u00e9s egyszerre fontos a benn\u00fcnket k\u00f6r\u00fcl\u00f6lel\u0151 term\u00e9szettel \u00e9s a t\u00e1rsadalommal. Erre d\u00f6bbentenek r\u00e1 a permakult\u00fara szeml\u00e9let\u00e9t \u00e9s m\u00f3dszereit nagyon izgalmas \u00edr\u00e1sban bemutat\u00f3 szerz\u0151t\u00e1rsaink. Ennek munk\u00e1nak a sz\u00ednhelye pedig Kunb\u00e1bony. A folyamatos \u00fatkeres\u00e9s, meg\u00fajul\u00e1s jegy\u00e9ben a mindig is lelkes \u00e9s elk\u00f6telezett sz\u00f6vetkezeti tagok \u00f6sszefogva tervezt\u00e9k meg \u00e9s kezdt\u00e9k el ezeket a meg\u00faj\u00edt\u00f3 terveket k\u00f6z\u00f6s l\u00e9p\u00e9sekkel megval\u00f3s\u00edtani a Civil Koll\u00e9gium m\u00f6g\u00f6tti ter\u00fcleten.<\/p>\n<p>Az \u00faj keres\u00e9se vitte a K\u00f6z\u00f6ss\u00e9gfejleszt\u0151k Egyes\u00fclet\u00e9nek csapat\u00e1t \u00e9s partnereit \u00c9sztorsz\u00e1gba, hogy megismerkedjenek a hackathonnal, a k\u00f6z\u00f6ss\u00e9gi tervez\u00e9s \u00faj megk\u00f6zel\u00edt\u00e9s\u00e9vel, \u00e9s n\u00e1lunk is kipr\u00f3b\u00e1lj\u00e1k.<\/p>\n<p>Az is kider\u00fclt, a demokr\u00e1cia m\u0171k\u00f6dtet\u00e9se mindannyiunk feladata, egyszerre kell t\u00fcrelmesnek \u00e9s t\u00fcrelmetlennek lenn\u00fcnk \u2013 \u00e1ll\u00edtja Udvarhelyi Tessza, aki a J\u00f3zsefv\u00e1rosi Polg\u00e1rmesteri Hivatal K\u00f6z\u00f6ss\u00e9gi R\u00e9szv\u00e9teli Irod\u00e1j\u00e1ban elt\u00f6lt\u00f6tt egy \u00e9v\u00e9nek tapasztalatait foglalja \u00f6ssze, szint\u00e9n a Civil R\u00e1di\u00f3ban elhangzott besz\u00e9lget\u00e9sben, mely most olvashat\u00f3 is.<\/p>\n<p>Bemutatjuk k\u00f6z\u00f6ss\u00e9gi megold\u00e1soknak egy csokr\u00e1t, amelyek ebben a v\u00edrusos id\u0151szakban aj\u00e1nl\u00e1sokat k\u00edn\u00e1lnak k\u00f6z\u00f6ss\u00e9gi cselekv\u00e9sekre. Ilyen a K-Monitornak a helyi \u00f6nkorm\u00e1nyzatis\u00e1g meg\u00faj\u00edt\u00e1s\u00e1t, k\u00f6z\u00f6ss\u00e9gi megold\u00e1sokat \u00f6sszegy\u0171jt\u0151 kiadv\u00e1nya \u00e9s a Civil Koll\u00e9gium akci\u00f3inak \u00f6sszefoglal\u00f3 bemutat\u00e1sa.<\/p>\n<p>A k\u00f6z\u00f6ss\u00e9gi munka ir\u00e1nt \u00e9rdekl\u0151d\u0151knek ugyancsak a CKA izgalmas 2018-19-es id\u0151szak\u00e1r\u00f3l k\u00e9sz\u00fclt kiadv\u00e1ny\u00e1ban olvashatnak sikeres k\u00f6z\u00f6ss\u00e9gszervez\u0151 programokr\u00f3l.<\/p>\n<p>A n\u00e9pf\u0151iskola \u00e9s feln\u0151ttk\u00e9pz\u00e9s \u00e9rt\u0151 tud\u00f3s\u00e1nak, Sz. T\u00f3th J\u00e1nosnak a tanulm\u00e1nyait megjelentet\u0151 k\u00f6tetr\u0151l sz\u00fcletett recenzi\u00f3 \u2013 ezt is az olvas\u00f3k figyelm\u00e9be aj\u00e1nljuk.<\/p>\n<p>\u00c9rdemes az olvas\u00e1shoz hozz\u00e1kezdeni \u2013 \u00fagy gondoljuk.<\/p>\n","protected":false},"excerpt":{"rendered":"<p>K\u00f6sz\u00f6ntj\u00fck az olvas\u00f3kat! Dupla sz\u00e1mmal jelentkez\u00fcnk egy mindannyiunkat pr\u00f3b\u00e1ra tev\u0151 \u00e9v z\u00e1r\u00e1sak\u00e9nt. De a pr\u00f3b\u00e1k az\u00e9rt vannak, hogy \u00farr\u00e1 legy\u00fcnk rajtuk, \u00e1ltaluk meger\u0151s\u00f6dve fogjunk valami \u00fajba. Legyenek \u00faj terveink, kapjunk \u00faj lend\u00fcletet, melyek tov\u00e1bbvisznek. Az els\u0151 h\u00e1rom \u00edr\u00e1sunk a mentor\u00e1l\u00e1s, szakmai t\u00e1mogat\u00e1s t\u00e9m\u00e1j\u00e1t j\u00e1rja k\u00f6rbe; szerz\u0151ink arr\u00f3l tud\u00f3s\u00edtanak, hogyan seg\u00edtik az anyagiakon t\u00falmen\u0151en k\u00fcl\u00f6nb\u00f6z\u0151 szervezetekn\u00e9l [&hellip;]<\/p>\n","protected":false},"author":14,"featured_media":5888,"comment_status":"open","ping_status":"open","sticky":false,"template":"","format":"standard","meta":{"_acf_changed":false,"footnotes":""},"categories":[729,8,7],"tags":[728],"coauthors":[22,23],"class_list":["post-5887","post","type-post","status-publish","format-standard","has-post-thumbnail","hentry","category-parola-2020-3-4","category-parola-folyoirat","category-repertorium","tag-eloszo"],"acf":[],"yoast_head":"<!-- This site is optimized with the Yoast SEO plugin v26.7 - https:\/\/yoast.com\/wordpress\/plugins\/seo\/ -->\n<title>A szerkeszt\u0151k el\u0151szava - Parola Foly\u00f3irat<\/title>\n<meta name=\"robots\" content=\"index, follow, max-snippet:-1, max-image-preview:large, max-video-preview:-1\" \/>\n<link rel=\"canonical\" href=\"https:\/\/kofe.hu\/parola\/parola-folyoirat\/a-szerkesztok-eloszava\/\" \/>\n<meta property=\"og:locale\" content=\"hu_HU\" \/>\n<meta property=\"og:type\" content=\"article\" \/>\n<meta property=\"og:title\" content=\"A szerkeszt\u0151k el\u0151szava - Parola Foly\u00f3irat\" \/>\n<meta property=\"og:description\" content=\"K\u00f6sz\u00f6ntj\u00fck az olvas\u00f3kat! Dupla sz\u00e1mmal jelentkez\u00fcnk egy mindannyiunkat pr\u00f3b\u00e1ra tev\u0151 \u00e9v z\u00e1r\u00e1sak\u00e9nt. De a pr\u00f3b\u00e1k az\u00e9rt vannak, hogy \u00farr\u00e1 legy\u00fcnk rajtuk, \u00e1ltaluk meger\u0151s\u00f6dve fogjunk valami \u00fajba. Legyenek \u00faj terveink, kapjunk \u00faj lend\u00fcletet, melyek tov\u00e1bbvisznek. Az els\u0151 h\u00e1rom \u00edr\u00e1sunk a mentor\u00e1l\u00e1s, szakmai t\u00e1mogat\u00e1s t\u00e9m\u00e1j\u00e1t j\u00e1rja k\u00f6rbe; szerz\u0151ink arr\u00f3l tud\u00f3s\u00edtanak, hogyan seg\u00edtik az anyagiakon t\u00falmen\u0151en k\u00fcl\u00f6nb\u00f6z\u0151 szervezetekn\u00e9l [&hellip;]\" \/>\n<meta property=\"og:url\" content=\"https:\/\/kofe.hu\/parola\/parola-folyoirat\/a-szerkesztok-eloszava\/\" \/>\n<meta property=\"og:site_name\" content=\"Parola Foly\u00f3irat\" \/>\n<meta property=\"article:published_time\" content=\"2021-02-07T16:13:55+00:00\" \/>\n<meta property=\"article:modified_time\" content=\"2021-02-16T19:13:05+00:00\" \/>\n<meta property=\"og:image\" content=\"https:\/\/kofe.hu\/parola\/wp-content\/uploads\/2021\/02\/2020-3-4-szerk.jpg\" \/>\n\t<meta property=\"og:image:width\" content=\"1000\" \/>\n\t<meta property=\"og:image:height\" content=\"567\" \/>\n\t<meta property=\"og:image:type\" content=\"image\/jpeg\" \/>\n<meta name=\"author\" content=\"Giczey P\u00e9ter, P\u00e9terfi Ferenc\" \/>\n<meta name=\"twitter:card\" content=\"summary_large_image\" \/>\n<meta name=\"twitter:label1\" content=\"Szerz\u0151:\" \/>\n\t<meta name=\"twitter:data1\" content=\"Giczey P\u00e9ter\" \/>\n\t<meta name=\"twitter:label2\" content=\"Becs\u00fclt olvas\u00e1si id\u0151\" \/>\n\t<meta name=\"twitter:data2\" content=\"3 perc\" \/>\n\t<meta name=\"twitter:label3\" content=\"Written by\" \/>\n\t<meta name=\"twitter:data3\" content=\"Giczey P\u00e9ter, P\u00e9terfi Ferenc\" \/>\n<script type=\"application\/ld+json\" class=\"yoast-schema-graph\">{\"@context\":\"https:\/\/schema.org\",\"@graph\":[{\"@type\":\"Article\",\"@id\":\"https:\/\/kofe.hu\/parola\/parola-folyoirat\/a-szerkesztok-eloszava\/#article\",\"isPartOf\":{\"@id\":\"https:\/\/kofe.hu\/parola\/parola-folyoirat\/a-szerkesztok-eloszava\/\"},\"author\":{\"name\":\"Giczey P\u00e9ter\",\"@id\":\"https:\/\/kofe.hu\/parola\/#\/schema\/person\/932a87aae65150b668ddda8579aeb6be\"},\"headline\":\"A szerkeszt\u0151k el\u0151szava\",\"datePublished\":\"2021-02-07T16:13:55+00:00\",\"dateModified\":\"2021-02-16T19:13:05+00:00\",\"mainEntityOfPage\":{\"@id\":\"https:\/\/kofe.hu\/parola\/parola-folyoirat\/a-szerkesztok-eloszava\/\"},\"wordCount\":561,\"commentCount\":0,\"image\":{\"@id\":\"https:\/\/kofe.hu\/parola\/parola-folyoirat\/a-szerkesztok-eloszava\/#primaryimage\"},\"thumbnailUrl\":\"https:\/\/kofe.hu\/parola\/wp-content\/uploads\/2021\/02\/2020-3-4-szerk.jpg\",\"keywords\":[\"el\u0151sz\u00f3\"],\"articleSection\":[\"Parola 2020\/3-4\",\"Parola Foly\u00f3irat\",\"Repert\u00f3rium\"],\"inLanguage\":\"hu\",\"potentialAction\":[{\"@type\":\"CommentAction\",\"name\":\"Comment\",\"target\":[\"https:\/\/kofe.hu\/parola\/parola-folyoirat\/a-szerkesztok-eloszava\/#respond\"]}]},{\"@type\":\"WebPage\",\"@id\":\"https:\/\/kofe.hu\/parola\/parola-folyoirat\/a-szerkesztok-eloszava\/\",\"url\":\"https:\/\/kofe.hu\/parola\/parola-folyoirat\/a-szerkesztok-eloszava\/\",\"name\":\"A szerkeszt\u0151k el\u0151szava - Parola Foly\u00f3irat\",\"isPartOf\":{\"@id\":\"https:\/\/kofe.hu\/parola\/#website\"},\"primaryImageOfPage\":{\"@id\":\"https:\/\/kofe.hu\/parola\/parola-folyoirat\/a-szerkesztok-eloszava\/#primaryimage\"},\"image\":{\"@id\":\"https:\/\/kofe.hu\/parola\/parola-folyoirat\/a-szerkesztok-eloszava\/#primaryimage\"},\"thumbnailUrl\":\"https:\/\/kofe.hu\/parola\/wp-content\/uploads\/2021\/02\/2020-3-4-szerk.jpg\",\"datePublished\":\"2021-02-07T16:13:55+00:00\",\"dateModified\":\"2021-02-16T19:13:05+00:00\",\"author\":{\"@id\":\"https:\/\/kofe.hu\/parola\/#\/schema\/person\/932a87aae65150b668ddda8579aeb6be\"},\"breadcrumb\":{\"@id\":\"https:\/\/kofe.hu\/parola\/parola-folyoirat\/a-szerkesztok-eloszava\/#breadcrumb\"},\"inLanguage\":\"hu\",\"potentialAction\":[{\"@type\":\"ReadAction\",\"target\":[\"https:\/\/kofe.hu\/parola\/parola-folyoirat\/a-szerkesztok-eloszava\/\"]}]},{\"@type\":\"ImageObject\",\"inLanguage\":\"hu\",\"@id\":\"https:\/\/kofe.hu\/parola\/parola-folyoirat\/a-szerkesztok-eloszava\/#primaryimage\",\"url\":\"https:\/\/kofe.hu\/parola\/wp-content\/uploads\/2021\/02\/2020-3-4-szerk.jpg\",\"contentUrl\":\"https:\/\/kofe.hu\/parola\/wp-content\/uploads\/2021\/02\/2020-3-4-szerk.jpg\",\"width\":1000,\"height\":567},{\"@type\":\"BreadcrumbList\",\"@id\":\"https:\/\/kofe.hu\/parola\/parola-folyoirat\/a-szerkesztok-eloszava\/#breadcrumb\",\"itemListElement\":[{\"@type\":\"ListItem\",\"position\":1,\"name\":\"Home\",\"item\":\"https:\/\/kofe.hu\/parola\/\"},{\"@type\":\"ListItem\",\"position\":2,\"name\":\"A szerkeszt\u0151k el\u0151szava\"}]},{\"@type\":\"WebSite\",\"@id\":\"https:\/\/kofe.hu\/parola\/#website\",\"url\":\"https:\/\/kofe.hu\/parola\/\",\"name\":\"Parola Foly\u00f3irat\",\"description\":\"\",\"potentialAction\":[{\"@type\":\"SearchAction\",\"target\":{\"@type\":\"EntryPoint\",\"urlTemplate\":\"https:\/\/kofe.hu\/parola\/?s={search_term_string}\"},\"query-input\":{\"@type\":\"PropertyValueSpecification\",\"valueRequired\":true,\"valueName\":\"search_term_string\"}}],\"inLanguage\":\"hu\"},{\"@type\":\"Person\",\"@id\":\"https:\/\/kofe.hu\/parola\/#\/schema\/person\/932a87aae65150b668ddda8579aeb6be\",\"name\":\"Giczey P\u00e9ter\",\"image\":{\"@type\":\"ImageObject\",\"inLanguage\":\"hu\",\"@id\":\"https:\/\/kofe.hu\/parola\/#\/schema\/person\/image\/de3d937ebcac502c441a6acbeb794be9\",\"url\":\"https:\/\/secure.gravatar.com\/avatar\/d615af9767360703f605ac31143a5229edec3e8bc2e30c9d12021a7d8df36d68?s=96&d=mm&r=g\",\"contentUrl\":\"https:\/\/secure.gravatar.com\/avatar\/d615af9767360703f605ac31143a5229edec3e8bc2e30c9d12021a7d8df36d68?s=96&d=mm&r=g\",\"caption\":\"Giczey P\u00e9ter\"},\"url\":\"https:\/\/kofe.hu\/parola\/szerzok\/giczey-peter\/\"}]}<\/script>\n<!-- \/ Yoast SEO plugin. -->","yoast_head_json":{"title":"A szerkeszt\u0151k el\u0151szava - Parola Foly\u00f3irat","robots":{"index":"index","follow":"follow","max-snippet":"max-snippet:-1","max-image-preview":"max-image-preview:large","max-video-preview":"max-video-preview:-1"},"canonical":"https:\/\/kofe.hu\/parola\/parola-folyoirat\/a-szerkesztok-eloszava\/","og_locale":"hu_HU","og_type":"article","og_title":"A szerkeszt\u0151k el\u0151szava - Parola Foly\u00f3irat","og_description":"K\u00f6sz\u00f6ntj\u00fck az olvas\u00f3kat! Dupla sz\u00e1mmal jelentkez\u00fcnk egy mindannyiunkat pr\u00f3b\u00e1ra tev\u0151 \u00e9v z\u00e1r\u00e1sak\u00e9nt. De a pr\u00f3b\u00e1k az\u00e9rt vannak, hogy \u00farr\u00e1 legy\u00fcnk rajtuk, \u00e1ltaluk meger\u0151s\u00f6dve fogjunk valami \u00fajba. Legyenek \u00faj terveink, kapjunk \u00faj lend\u00fcletet, melyek tov\u00e1bbvisznek. Az els\u0151 h\u00e1rom \u00edr\u00e1sunk a mentor\u00e1l\u00e1s, szakmai t\u00e1mogat\u00e1s t\u00e9m\u00e1j\u00e1t j\u00e1rja k\u00f6rbe; szerz\u0151ink arr\u00f3l tud\u00f3s\u00edtanak, hogyan seg\u00edtik az anyagiakon t\u00falmen\u0151en k\u00fcl\u00f6nb\u00f6z\u0151 szervezetekn\u00e9l [&hellip;]","og_url":"https:\/\/kofe.hu\/parola\/parola-folyoirat\/a-szerkesztok-eloszava\/","og_site_name":"Parola Foly\u00f3irat","article_published_time":"2021-02-07T16:13:55+00:00","article_modified_time":"2021-02-16T19:13:05+00:00","og_image":[{"width":1000,"height":567,"url":"https:\/\/kofe.hu\/parola\/wp-content\/uploads\/2021\/02\/2020-3-4-szerk.jpg","type":"image\/jpeg"}],"author":"Giczey P\u00e9ter, P\u00e9terfi Ferenc","twitter_card":"summary_large_image","twitter_misc":{"Szerz\u0151:":"Giczey P\u00e9ter","Becs\u00fclt olvas\u00e1si id\u0151":"3 perc","Written by":"Giczey P\u00e9ter, P\u00e9terfi Ferenc"},"schema":{"@context":"https:\/\/schema.org","@graph":[{"@type":"Article","@id":"https:\/\/kofe.hu\/parola\/parola-folyoirat\/a-szerkesztok-eloszava\/#article","isPartOf":{"@id":"https:\/\/kofe.hu\/parola\/parola-folyoirat\/a-szerkesztok-eloszava\/"},"author":{"name":"Giczey P\u00e9ter","@id":"https:\/\/kofe.hu\/parola\/#\/schema\/person\/932a87aae65150b668ddda8579aeb6be"},"headline":"A szerkeszt\u0151k el\u0151szava","datePublished":"2021-02-07T16:13:55+00:00","dateModified":"2021-02-16T19:13:05+00:00","mainEntityOfPage":{"@id":"https:\/\/kofe.hu\/parola\/parola-folyoirat\/a-szerkesztok-eloszava\/"},"wordCount":561,"commentCount":0,"image":{"@id":"https:\/\/kofe.hu\/parola\/parola-folyoirat\/a-szerkesztok-eloszava\/#primaryimage"},"thumbnailUrl":"https:\/\/kofe.hu\/parola\/wp-content\/uploads\/2021\/02\/2020-3-4-szerk.jpg","keywords":["el\u0151sz\u00f3"],"articleSection":["Parola 2020\/3-4","Parola Foly\u00f3irat","Repert\u00f3rium"],"inLanguage":"hu","potentialAction":[{"@type":"CommentAction","name":"Comment","target":["https:\/\/kofe.hu\/parola\/parola-folyoirat\/a-szerkesztok-eloszava\/#respond"]}]},{"@type":"WebPage","@id":"https:\/\/kofe.hu\/parola\/parola-folyoirat\/a-szerkesztok-eloszava\/","url":"https:\/\/kofe.hu\/parola\/parola-folyoirat\/a-szerkesztok-eloszava\/","name":"A szerkeszt\u0151k el\u0151szava - Parola Foly\u00f3irat","isPartOf":{"@id":"https:\/\/kofe.hu\/parola\/#website"},"primaryImageOfPage":{"@id":"https:\/\/kofe.hu\/parola\/parola-folyoirat\/a-szerkesztok-eloszava\/#primaryimage"},"image":{"@id":"https:\/\/kofe.hu\/parola\/parola-folyoirat\/a-szerkesztok-eloszava\/#primaryimage"},"thumbnailUrl":"https:\/\/kofe.hu\/parola\/wp-content\/uploads\/2021\/02\/2020-3-4-szerk.jpg","datePublished":"2021-02-07T16:13:55+00:00","dateModified":"2021-02-16T19:13:05+00:00","author":{"@id":"https:\/\/kofe.hu\/parola\/#\/schema\/person\/932a87aae65150b668ddda8579aeb6be"},"breadcrumb":{"@id":"https:\/\/kofe.hu\/parola\/parola-folyoirat\/a-szerkesztok-eloszava\/#breadcrumb"},"inLanguage":"hu","potentialAction":[{"@type":"ReadAction","target":["https:\/\/kofe.hu\/parola\/parola-folyoirat\/a-szerkesztok-eloszava\/"]}]},{"@type":"ImageObject","inLanguage":"hu","@id":"https:\/\/kofe.hu\/parola\/parola-folyoirat\/a-szerkesztok-eloszava\/#primaryimage","url":"https:\/\/kofe.hu\/parola\/wp-content\/uploads\/2021\/02\/2020-3-4-szerk.jpg","contentUrl":"https:\/\/kofe.hu\/parola\/wp-content\/uploads\/2021\/02\/2020-3-4-szerk.jpg","width":1000,"height":567},{"@type":"BreadcrumbList","@id":"https:\/\/kofe.hu\/parola\/parola-folyoirat\/a-szerkesztok-eloszava\/#breadcrumb","itemListElement":[{"@type":"ListItem","position":1,"name":"Home","item":"https:\/\/kofe.hu\/parola\/"},{"@type":"ListItem","position":2,"name":"A szerkeszt\u0151k el\u0151szava"}]},{"@type":"WebSite","@id":"https:\/\/kofe.hu\/parola\/#website","url":"https:\/\/kofe.hu\/parola\/","name":"Parola Foly\u00f3irat","description":"","potentialAction":[{"@type":"SearchAction","target":{"@type":"EntryPoint","urlTemplate":"https:\/\/kofe.hu\/parola\/?s={search_term_string}"},"query-input":{"@type":"PropertyValueSpecification","valueRequired":true,"valueName":"search_term_string"}}],"inLanguage":"hu"},{"@type":"Person","@id":"https:\/\/kofe.hu\/parola\/#\/schema\/person\/932a87aae65150b668ddda8579aeb6be","name":"Giczey P\u00e9ter","image":{"@type":"ImageObject","inLanguage":"hu","@id":"https:\/\/kofe.hu\/parola\/#\/schema\/person\/image\/de3d937ebcac502c441a6acbeb794be9","url":"https:\/\/secure.gravatar.com\/avatar\/d615af9767360703f605ac31143a5229edec3e8bc2e30c9d12021a7d8df36d68?s=96&d=mm&r=g","contentUrl":"https:\/\/secure.gravatar.com\/avatar\/d615af9767360703f605ac31143a5229edec3e8bc2e30c9d12021a7d8df36d68?s=96&d=mm&r=g","caption":"Giczey P\u00e9ter"},"url":"https:\/\/kofe.hu\/parola\/szerzok\/giczey-peter\/"}]}},"_links":{"self":[{"href":"https:\/\/kofe.hu\/parola\/wp-json\/wp\/v2\/posts\/5887","targetHints":{"allow":["GET"]}}],"collection":[{"href":"https:\/\/kofe.hu\/parola\/wp-json\/wp\/v2\/posts"}],"about":[{"href":"https:\/\/kofe.hu\/parola\/wp-json\/wp\/v2\/types\/post"}],"author":[{"embeddable":true,"href":"https:\/\/kofe.hu\/parola\/wp-json\/wp\/v2\/users\/14"}],"replies":[{"embeddable":true,"href":"https:\/\/kofe.hu\/parola\/wp-json\/wp\/v2\/comments?post=5887"}],"version-history":[{"count":3,"href":"https:\/\/kofe.hu\/parola\/wp-json\/wp\/v2\/posts\/5887\/revisions"}],"predecessor-version":[{"id":5948,"href":"https:\/\/kofe.hu\/parola\/wp-json\/wp\/v2\/posts\/5887\/revisions\/5948"}],"wp:featuredmedia":[{"embeddable":true,"href":"https:\/\/kofe.hu\/parola\/wp-json\/wp\/v2\/media\/5888"}],"wp:attachment":[{"href":"https:\/\/kofe.hu\/parola\/wp-json\/wp\/v2\/media?parent=5887"}],"wp:term":[{"taxonomy":"category","embeddable":true,"href":"https:\/\/kofe.hu\/parola\/wp-json\/wp\/v2\/categories?post=5887"},{"taxonomy":"post_tag","embeddable":true,"href":"https:\/\/kofe.hu\/parola\/wp-json\/wp\/v2\/tags?post=5887"},{"taxonomy":"author","embeddable":true,"href":"https:\/\/kofe.hu\/parola\/wp-json\/wp\/v2\/coauthors?post=5887"}],"curies":[{"name":"wp","href":"https:\/\/api.w.org\/{rel}","templated":true}]}}