{"id":5862,"date":"2021-02-05T04:36:45","date_gmt":"2021-02-05T04:36:45","guid":{"rendered":"https:\/\/kofe.hu\/parola\/?p=5862"},"modified":"2021-02-16T19:24:07","modified_gmt":"2021-02-16T19:24:07","slug":"a-civil-kollegium-alapitvany-kampanyai-a-jarvanyhelyzetben","status":"publish","type":"post","link":"https:\/\/kofe.hu\/parola\/parola-folyoirat\/a-civil-kollegium-alapitvany-kampanyai-a-jarvanyhelyzetben\/","title":{"rendered":"A Civil Koll\u00e9gium Alap\u00edtv\u00e1ny kamp\u00e1nyai a j\u00e1rv\u00e1nyhelyzetben"},"content":{"rendered":"<p><strong>Ablakapadra<\/strong><\/p>\n<p>2020 m\u00e1rcius\u00e1ban az oktat\u00e1s t\u00e1voktat\u00e1sra \u00e1llt \u00e1t, \u00e9s elkezd\u0151d\u00f6tt a digit\u00e1lis oktat\u00e1s korszaka. Magyarorsz\u00e1gon hamar kider\u00fclt azonban, hogy sz\u00e1mos csal\u00e1dnak egy\u00e1ltal\u00e1n nincsen sz\u00e9less\u00e1v\u00fa internet el\u00e9r\u00e9se vagy eszk\u00f6ze arra, hogy bekapcsol\u00f3djon az oktat\u00e1sba. A megfelel\u0151 eszk\u00f6z\u00f6k \u00e9s internet n\u00e9lk\u00fcl a legszeg\u00e9nyebb telep\u00fcl\u00e9sen \u00e9l\u0151 gyermekek m\u00e9g ink\u00e1bb h\u00e1tr\u00e1nyba ker\u00fcltek, \u00e9s f\u00e9l\u0151 volt, hogy m\u00e9g jobban lemaradnak a tananyagban. A L\u00e1ncreakci\u00f3, a L\u00e1thatatlan Tanoda \u00e9s az aHang k\u00f6z\u00f6s akci\u00f3j\u00e1nak keret\u00e9ben \u00e9ppen ez\u00e9rt digit\u00e1lis eszk\u00f6z\u00f6ket juttattunk el r\u00e1szorul\u00f3 gyerekeknek, hogy a j\u00e1rv\u00e1nyhelyzetben se essenek ki az oktat\u00e1sb\u00f3l. Az Ablakapadr\u00e1t a j\u00e1rv\u00e1ny els\u0151 hull\u00e1ma h\u00edvta \u00e9letre, az adom\u00e1nygy\u0171jt\u0151 kamp\u00e1ny pedig j\u00fanius v\u00e9g\u00e9n z\u00e1rult. Az eredetileg rem\u00e9lt c\u00e9lokat fel\u00fclm\u00falva 8 milli\u00f3 forintnyi eszk\u00f6zadom\u00e1nyt \u00e9s 13 milli\u00f3 forint p\u00e9nzadom\u00e1nyt siker\u00fclt \u00f6sszegy\u0171jteni, \u00edgy v\u00e9g\u00fcl 12 telep\u00fcl\u00e9sen t\u00f6bb, mint 350 r\u00e1szorul\u00f3 gyerek kapott digit\u00e1lis eszk\u00f6z\u00f6ket, amelyekkel es\u00e9ly\u00fck volt arra, hogy sikeresen kapcsol\u00f3djanak be a t\u00e1voktat\u00e1sba.<\/p>\n<p>&nbsp;<\/p>\n<p><strong>M\u00e9g egy falat<\/strong><\/p>\n<p>A koronav\u00edrus-j\u00e1rv\u00e1ny alig p\u00e1r h\u00e9t alatt elk\u00e9peszt\u0151 puszt\u00edt\u00e1st v\u00e9gzett Magyarorsz\u00e1gon. A m\u00e9lyszeg\u00e9nys\u00e9gben \u00e9l\u0151 emberek els\u0151k k\u00f6z\u00f6tt vesztett\u00e9k el a napi t\u00fal\u00e9l\u00e9st jelent\u0151 alkalmi munk\u00e1ikat. Sz\u00e1mukra semmilyen korm\u00e1nyzati ment\u0151csomag nem k\u00e9sz\u00fclt, nek\u00fcnk kellett azonnal cselekedn\u00fcnk, hogy megel\u0151zz\u00fck a trag\u00e9di\u00e1t. Ez\u00e9rt az aHang, a Civil Koll\u00e9gium Alap\u00edtv\u00e1ny \u00e9s az Es\u00e9ly Labor Egyes\u00fclet k\u00f6z\u00f6s gy\u0171jt\u00e9st szervezett, hogy azonnali seg\u00edts\u00e9get kapjon 12 telep\u00fcl\u00e9s legal\u00e1bb 500 m\u00e9lyszeg\u00e9nys\u00e9gben \u00e9l\u0151 csal\u00e1dja. Olyan helysz\u00edneket v\u00e1lasztottunk, ahova a szervezetekkel szakmai kapcsolatban \u00e1ll\u00f3 helyi k\u00f6z\u00f6ss\u00e9gszervez\u0151k r\u00e9v\u00e9n biztons\u00e1ggal el tudjuk juttatni az adom\u00e1nyokat. \u0150k garant\u00e1lt\u00e1k azt is, hogy val\u00f3ban a legink\u00e1bb r\u00e1szorultak r\u00e9szes\u00fcljenek a seg\u00edts\u00e9gb\u0151l, mely ny\u00e1rig mintegy 20 milli\u00f3 forintb\u00f3l val\u00f3sult meg.<\/p>\n<p>&nbsp;<\/p>\n<p><strong>Es\u00e9lyradar<\/strong><\/p>\n<p>A <a href=\"https:\/\/www.cka.hu\/rendszerszint-kozossegszervezes\/\">Rendszerszint \u2013 Orsz\u00e1gos K\u00f6z\u00f6ss\u00e9gszervez\u0151 M\u0171hely<\/a> tagjak\u00e9nt l\u00e9trehoztuk az <a href=\"https:\/\/eselyradar.hu\/\">Es\u00e9lyradar oldalt<\/a>, ahol az volt a c\u00e9lunk, hogy a koronav\u00edrus-j\u00e1rv\u00e1ny miatt legink\u00e1bb kiszolg\u00e1ltatott embereket t\u00e1mogassuk. Eszk\u00f6z\u00fcnk pedig az inform\u00e1ci\u00f3 lett, ugyanis a Covid miatt kialakult k\u00e1oszban azt vett\u00fck \u00e9szre, ezzel tudunk nekik a legink\u00e1bb seg\u00edteni. Plak\u00e1tokat ragasztottunk ki, amelyeken t\u00e1j\u00e9koztattuk a lakoss\u00e1got arr\u00f3l, hogyan lehet eredm\u00e9nyesen k\u00fczdeni a v\u00edrus ellen, p\u00e9ld\u00e1ul rendszeres k\u00e9zmos\u00e1ssal, fert\u0151tlen\u00edt\u00e9ssel. Id\u0151k\u00f6zben azonban k\u00f6zvetlen\u00fcl tal\u00e1lkoztunk az \u00e1ltalunk inform\u00e1lt csal\u00e1dokat s\u00fajt\u00f3 leggyakoribb, sokszor \u00e9letvesz\u00e9lyes probl\u00e9m\u00e1kkal. A vel\u00fcnk kapcsolatba ker\u00fclt csal\u00e1dok anyagi neh\u00e9zs\u00e9geik miatt ugyanis egyszer\u0171en nem tudnak megfelel\u0151en v\u00e9dekezni j\u00e1rv\u00e1nnyal szemben, nem tudj\u00e1k megvenni a vitamint, a fert\u0151tlen\u00edt\u0151szereket, de a maszkokat sem. Ez\u00e9rt elind\u00edtottunk egy adom\u00e1nygy\u0171jt\u00e9st az\u00a0aHanggal\u00a0k\u00f6z\u00f6sen, hogy a befolyt \u00f6sszegb\u0151l v\u00e9dekez\u00e9st seg\u00edt\u0151 eszk\u00f6z\u00f6kkel, vitaminokkal, \u00e9lelmiszerekkel t\u00e1mogassuk az arra szorul\u00f3kat. Eddig 29 telep\u00fcl\u00e9sen 3423 adom\u00e1nycsomagot osztottunk ki, \u00e9s 5323-an \u00edrt\u00e1k al\u00e1 a gy\u00f3gyszert\u00e1mogat\u00e1s\u00e9rt ind\u00edtott pet\u00edci\u00f3nkat. Ebben a kamp\u00e1nyunkban tov\u00e1bbra is v\u00e1rjuk a t\u00e1mogat\u00e1sokat: <a href=\"https:\/\/tamogass.ahang.hu\/eselyradar?utm_source=ahang&amp;utm_medium=email&amp;utm_campaign=blast2020-11-24\">Azonnal seg\u00edten\u00fcnk kell! | aHang adom\u00e1nyoz\u00f3i fel\u00fclet<\/a><\/p>\n<p>&nbsp;<\/p>\n<p>&nbsp;<\/p>\n","protected":false},"excerpt":{"rendered":"<p>Ablakapadra 2020 m\u00e1rcius\u00e1ban az oktat\u00e1s t\u00e1voktat\u00e1sra \u00e1llt \u00e1t, \u00e9s elkezd\u0151d\u00f6tt a digit\u00e1lis oktat\u00e1s korszaka. Magyarorsz\u00e1gon hamar kider\u00fclt azonban, hogy sz\u00e1mos csal\u00e1dnak egy\u00e1ltal\u00e1n nincsen sz\u00e9less\u00e1v\u00fa internet el\u00e9r\u00e9se vagy eszk\u00f6ze arra, hogy bekapcsol\u00f3djon az oktat\u00e1sba. A megfelel\u0151 eszk\u00f6z\u00f6k \u00e9s internet n\u00e9lk\u00fcl a legszeg\u00e9nyebb telep\u00fcl\u00e9sen \u00e9l\u0151 gyermekek m\u00e9g ink\u00e1bb h\u00e1tr\u00e1nyba ker\u00fcltek, \u00e9s f\u00e9l\u0151 volt, hogy m\u00e9g jobban lemaradnak [&hellip;]<\/p>\n","protected":false},"author":545,"featured_media":5910,"comment_status":"open","ping_status":"open","sticky":false,"template":"","format":"standard","meta":{"_acf_changed":false,"footnotes":""},"categories":[729,8,7],"tags":[754,750,757,756,755],"coauthors":[762],"class_list":["post-5862","post","type-post","status-publish","format-standard","has-post-thumbnail","hentry","category-parola-2020-3-4","category-parola-folyoirat","category-repertorium","tag-ablakapadra","tag-civil-kollegium-alapitvany","tag-jarvanyhelyzet","tag-kampany","tag-meg-egy-falat"],"acf":[],"yoast_head":"<!-- This site is optimized with the Yoast SEO plugin v26.7 - https:\/\/yoast.com\/wordpress\/plugins\/seo\/ -->\n<title>A Civil Koll\u00e9gium Alap\u00edtv\u00e1ny kamp\u00e1nyai a j\u00e1rv\u00e1nyhelyzetben - Parola Foly\u00f3irat<\/title>\n<meta name=\"robots\" content=\"index, follow, max-snippet:-1, max-image-preview:large, max-video-preview:-1\" \/>\n<link rel=\"canonical\" href=\"https:\/\/kofe.hu\/parola\/parola-folyoirat\/a-civil-kollegium-alapitvany-kampanyai-a-jarvanyhelyzetben\/\" \/>\n<meta property=\"og:locale\" content=\"hu_HU\" \/>\n<meta property=\"og:type\" content=\"article\" \/>\n<meta property=\"og:title\" content=\"A Civil Koll\u00e9gium Alap\u00edtv\u00e1ny kamp\u00e1nyai a j\u00e1rv\u00e1nyhelyzetben - Parola Foly\u00f3irat\" \/>\n<meta property=\"og:description\" content=\"Ablakapadra 2020 m\u00e1rcius\u00e1ban az oktat\u00e1s t\u00e1voktat\u00e1sra \u00e1llt \u00e1t, \u00e9s elkezd\u0151d\u00f6tt a digit\u00e1lis oktat\u00e1s korszaka. Magyarorsz\u00e1gon hamar kider\u00fclt azonban, hogy sz\u00e1mos csal\u00e1dnak egy\u00e1ltal\u00e1n nincsen sz\u00e9less\u00e1v\u00fa internet el\u00e9r\u00e9se vagy eszk\u00f6ze arra, hogy bekapcsol\u00f3djon az oktat\u00e1sba. A megfelel\u0151 eszk\u00f6z\u00f6k \u00e9s internet n\u00e9lk\u00fcl a legszeg\u00e9nyebb telep\u00fcl\u00e9sen \u00e9l\u0151 gyermekek m\u00e9g ink\u00e1bb h\u00e1tr\u00e1nyba ker\u00fcltek, \u00e9s f\u00e9l\u0151 volt, hogy m\u00e9g jobban lemaradnak [&hellip;]\" \/>\n<meta property=\"og:url\" content=\"https:\/\/kofe.hu\/parola\/parola-folyoirat\/a-civil-kollegium-alapitvany-kampanyai-a-jarvanyhelyzetben\/\" \/>\n<meta property=\"og:site_name\" content=\"Parola Foly\u00f3irat\" \/>\n<meta property=\"article:published_time\" content=\"2021-02-05T04:36:45+00:00\" \/>\n<meta property=\"article:modified_time\" content=\"2021-02-16T19:24:07+00:00\" \/>\n<meta property=\"og:image\" content=\"https:\/\/kofe.hu\/parola\/wp-content\/uploads\/2021\/02\/2020-3-4-CKA_.jpg\" \/>\n\t<meta property=\"og:image:width\" content=\"701\" \/>\n\t<meta property=\"og:image:height\" content=\"438\" \/>\n\t<meta property=\"og:image:type\" content=\"image\/jpeg\" \/>\n<meta name=\"author\" content=\"Pozsgai Rebeka\" \/>\n<meta name=\"twitter:card\" content=\"summary_large_image\" \/>\n<meta name=\"twitter:label1\" content=\"Szerz\u0151:\" \/>\n\t<meta name=\"twitter:data1\" content=\"Pozsgai Rebeka\" \/>\n\t<meta name=\"twitter:label2\" content=\"Becs\u00fclt olvas\u00e1si id\u0151\" \/>\n\t<meta name=\"twitter:data2\" content=\"3 perc\" \/>\n\t<meta name=\"twitter:label3\" content=\"Written by\" \/>\n\t<meta name=\"twitter:data3\" content=\"Pozsgai Rebeka\" \/>\n<script type=\"application\/ld+json\" class=\"yoast-schema-graph\">{\"@context\":\"https:\/\/schema.org\",\"@graph\":[{\"@type\":\"Article\",\"@id\":\"https:\/\/kofe.hu\/parola\/parola-folyoirat\/a-civil-kollegium-alapitvany-kampanyai-a-jarvanyhelyzetben\/#article\",\"isPartOf\":{\"@id\":\"https:\/\/kofe.hu\/parola\/parola-folyoirat\/a-civil-kollegium-alapitvany-kampanyai-a-jarvanyhelyzetben\/\"},\"author\":{\"name\":\"Pozsgai Rebeka\",\"@id\":\"https:\/\/kofe.hu\/parola\/#\/schema\/person\/8cc6663d2c3a4aa38d067e3aee2d80d1\"},\"headline\":\"A Civil Koll\u00e9gium Alap\u00edtv\u00e1ny kamp\u00e1nyai a j\u00e1rv\u00e1nyhelyzetben\",\"datePublished\":\"2021-02-05T04:36:45+00:00\",\"dateModified\":\"2021-02-16T19:24:07+00:00\",\"mainEntityOfPage\":{\"@id\":\"https:\/\/kofe.hu\/parola\/parola-folyoirat\/a-civil-kollegium-alapitvany-kampanyai-a-jarvanyhelyzetben\/\"},\"wordCount\":663,\"commentCount\":0,\"image\":{\"@id\":\"https:\/\/kofe.hu\/parola\/parola-folyoirat\/a-civil-kollegium-alapitvany-kampanyai-a-jarvanyhelyzetben\/#primaryimage\"},\"thumbnailUrl\":\"https:\/\/kofe.hu\/parola\/wp-content\/uploads\/2021\/02\/2020-3-4-CKA_.jpg\",\"keywords\":[\"Ablakapadra\",\"Civil Koll\u00e9gium Alap\u00edtv\u00e1ny\",\"j\u00e1rv\u00e1nyhelyzet\",\"kamp\u00e1ny\",\"M\u00e9g egy falat\"],\"articleSection\":[\"Parola 2020\/3-4\",\"Parola Foly\u00f3irat\",\"Repert\u00f3rium\"],\"inLanguage\":\"hu\",\"potentialAction\":[{\"@type\":\"CommentAction\",\"name\":\"Comment\",\"target\":[\"https:\/\/kofe.hu\/parola\/parola-folyoirat\/a-civil-kollegium-alapitvany-kampanyai-a-jarvanyhelyzetben\/#respond\"]}]},{\"@type\":\"WebPage\",\"@id\":\"https:\/\/kofe.hu\/parola\/parola-folyoirat\/a-civil-kollegium-alapitvany-kampanyai-a-jarvanyhelyzetben\/\",\"url\":\"https:\/\/kofe.hu\/parola\/parola-folyoirat\/a-civil-kollegium-alapitvany-kampanyai-a-jarvanyhelyzetben\/\",\"name\":\"A Civil Koll\u00e9gium Alap\u00edtv\u00e1ny kamp\u00e1nyai a j\u00e1rv\u00e1nyhelyzetben - Parola Foly\u00f3irat\",\"isPartOf\":{\"@id\":\"https:\/\/kofe.hu\/parola\/#website\"},\"primaryImageOfPage\":{\"@id\":\"https:\/\/kofe.hu\/parola\/parola-folyoirat\/a-civil-kollegium-alapitvany-kampanyai-a-jarvanyhelyzetben\/#primaryimage\"},\"image\":{\"@id\":\"https:\/\/kofe.hu\/parola\/parola-folyoirat\/a-civil-kollegium-alapitvany-kampanyai-a-jarvanyhelyzetben\/#primaryimage\"},\"thumbnailUrl\":\"https:\/\/kofe.hu\/parola\/wp-content\/uploads\/2021\/02\/2020-3-4-CKA_.jpg\",\"datePublished\":\"2021-02-05T04:36:45+00:00\",\"dateModified\":\"2021-02-16T19:24:07+00:00\",\"author\":{\"@id\":\"https:\/\/kofe.hu\/parola\/#\/schema\/person\/8cc6663d2c3a4aa38d067e3aee2d80d1\"},\"breadcrumb\":{\"@id\":\"https:\/\/kofe.hu\/parola\/parola-folyoirat\/a-civil-kollegium-alapitvany-kampanyai-a-jarvanyhelyzetben\/#breadcrumb\"},\"inLanguage\":\"hu\",\"potentialAction\":[{\"@type\":\"ReadAction\",\"target\":[\"https:\/\/kofe.hu\/parola\/parola-folyoirat\/a-civil-kollegium-alapitvany-kampanyai-a-jarvanyhelyzetben\/\"]}]},{\"@type\":\"ImageObject\",\"inLanguage\":\"hu\",\"@id\":\"https:\/\/kofe.hu\/parola\/parola-folyoirat\/a-civil-kollegium-alapitvany-kampanyai-a-jarvanyhelyzetben\/#primaryimage\",\"url\":\"https:\/\/kofe.hu\/parola\/wp-content\/uploads\/2021\/02\/2020-3-4-CKA_.jpg\",\"contentUrl\":\"https:\/\/kofe.hu\/parola\/wp-content\/uploads\/2021\/02\/2020-3-4-CKA_.jpg\",\"width\":701,\"height\":438},{\"@type\":\"BreadcrumbList\",\"@id\":\"https:\/\/kofe.hu\/parola\/parola-folyoirat\/a-civil-kollegium-alapitvany-kampanyai-a-jarvanyhelyzetben\/#breadcrumb\",\"itemListElement\":[{\"@type\":\"ListItem\",\"position\":1,\"name\":\"Home\",\"item\":\"https:\/\/kofe.hu\/parola\/\"},{\"@type\":\"ListItem\",\"position\":2,\"name\":\"A Civil Koll\u00e9gium Alap\u00edtv\u00e1ny kamp\u00e1nyai a j\u00e1rv\u00e1nyhelyzetben\"}]},{\"@type\":\"WebSite\",\"@id\":\"https:\/\/kofe.hu\/parola\/#website\",\"url\":\"https:\/\/kofe.hu\/parola\/\",\"name\":\"Parola Foly\u00f3irat\",\"description\":\"\",\"potentialAction\":[{\"@type\":\"SearchAction\",\"target\":{\"@type\":\"EntryPoint\",\"urlTemplate\":\"https:\/\/kofe.hu\/parola\/?s={search_term_string}\"},\"query-input\":{\"@type\":\"PropertyValueSpecification\",\"valueRequired\":true,\"valueName\":\"search_term_string\"}}],\"inLanguage\":\"hu\"},{\"@type\":\"Person\",\"@id\":\"https:\/\/kofe.hu\/parola\/#\/schema\/person\/8cc6663d2c3a4aa38d067e3aee2d80d1\",\"name\":\"Pozsgai Rebeka\",\"image\":{\"@type\":\"ImageObject\",\"inLanguage\":\"hu\",\"@id\":\"https:\/\/kofe.hu\/parola\/#\/schema\/person\/image\/62cafa045847cc75ed16653907fa73f9\",\"url\":\"https:\/\/secure.gravatar.com\/avatar\/27a657fab5133079e9424886a3b9e706f5af6a5d4fe21b43007a6747bec020da?s=96&d=mm&r=g\",\"contentUrl\":\"https:\/\/secure.gravatar.com\/avatar\/27a657fab5133079e9424886a3b9e706f5af6a5d4fe21b43007a6747bec020da?s=96&d=mm&r=g\",\"caption\":\"Pozsgai Rebeka\"},\"url\":\"https:\/\/kofe.hu\/parola\/szerzok\/pozsgai-rebeka\/\"}]}<\/script>\n<!-- \/ Yoast SEO plugin. -->","yoast_head_json":{"title":"A Civil Koll\u00e9gium Alap\u00edtv\u00e1ny kamp\u00e1nyai a j\u00e1rv\u00e1nyhelyzetben - Parola Foly\u00f3irat","robots":{"index":"index","follow":"follow","max-snippet":"max-snippet:-1","max-image-preview":"max-image-preview:large","max-video-preview":"max-video-preview:-1"},"canonical":"https:\/\/kofe.hu\/parola\/parola-folyoirat\/a-civil-kollegium-alapitvany-kampanyai-a-jarvanyhelyzetben\/","og_locale":"hu_HU","og_type":"article","og_title":"A Civil Koll\u00e9gium Alap\u00edtv\u00e1ny kamp\u00e1nyai a j\u00e1rv\u00e1nyhelyzetben - Parola Foly\u00f3irat","og_description":"Ablakapadra 2020 m\u00e1rcius\u00e1ban az oktat\u00e1s t\u00e1voktat\u00e1sra \u00e1llt \u00e1t, \u00e9s elkezd\u0151d\u00f6tt a digit\u00e1lis oktat\u00e1s korszaka. Magyarorsz\u00e1gon hamar kider\u00fclt azonban, hogy sz\u00e1mos csal\u00e1dnak egy\u00e1ltal\u00e1n nincsen sz\u00e9less\u00e1v\u00fa internet el\u00e9r\u00e9se vagy eszk\u00f6ze arra, hogy bekapcsol\u00f3djon az oktat\u00e1sba. A megfelel\u0151 eszk\u00f6z\u00f6k \u00e9s internet n\u00e9lk\u00fcl a legszeg\u00e9nyebb telep\u00fcl\u00e9sen \u00e9l\u0151 gyermekek m\u00e9g ink\u00e1bb h\u00e1tr\u00e1nyba ker\u00fcltek, \u00e9s f\u00e9l\u0151 volt, hogy m\u00e9g jobban lemaradnak [&hellip;]","og_url":"https:\/\/kofe.hu\/parola\/parola-folyoirat\/a-civil-kollegium-alapitvany-kampanyai-a-jarvanyhelyzetben\/","og_site_name":"Parola Foly\u00f3irat","article_published_time":"2021-02-05T04:36:45+00:00","article_modified_time":"2021-02-16T19:24:07+00:00","og_image":[{"width":701,"height":438,"url":"https:\/\/kofe.hu\/parola\/wp-content\/uploads\/2021\/02\/2020-3-4-CKA_.jpg","type":"image\/jpeg"}],"author":"Pozsgai Rebeka","twitter_card":"summary_large_image","twitter_misc":{"Szerz\u0151:":"Pozsgai Rebeka","Becs\u00fclt olvas\u00e1si id\u0151":"3 perc","Written by":"Pozsgai Rebeka"},"schema":{"@context":"https:\/\/schema.org","@graph":[{"@type":"Article","@id":"https:\/\/kofe.hu\/parola\/parola-folyoirat\/a-civil-kollegium-alapitvany-kampanyai-a-jarvanyhelyzetben\/#article","isPartOf":{"@id":"https:\/\/kofe.hu\/parola\/parola-folyoirat\/a-civil-kollegium-alapitvany-kampanyai-a-jarvanyhelyzetben\/"},"author":{"name":"Pozsgai Rebeka","@id":"https:\/\/kofe.hu\/parola\/#\/schema\/person\/8cc6663d2c3a4aa38d067e3aee2d80d1"},"headline":"A Civil Koll\u00e9gium Alap\u00edtv\u00e1ny kamp\u00e1nyai a j\u00e1rv\u00e1nyhelyzetben","datePublished":"2021-02-05T04:36:45+00:00","dateModified":"2021-02-16T19:24:07+00:00","mainEntityOfPage":{"@id":"https:\/\/kofe.hu\/parola\/parola-folyoirat\/a-civil-kollegium-alapitvany-kampanyai-a-jarvanyhelyzetben\/"},"wordCount":663,"commentCount":0,"image":{"@id":"https:\/\/kofe.hu\/parola\/parola-folyoirat\/a-civil-kollegium-alapitvany-kampanyai-a-jarvanyhelyzetben\/#primaryimage"},"thumbnailUrl":"https:\/\/kofe.hu\/parola\/wp-content\/uploads\/2021\/02\/2020-3-4-CKA_.jpg","keywords":["Ablakapadra","Civil Koll\u00e9gium Alap\u00edtv\u00e1ny","j\u00e1rv\u00e1nyhelyzet","kamp\u00e1ny","M\u00e9g egy falat"],"articleSection":["Parola 2020\/3-4","Parola Foly\u00f3irat","Repert\u00f3rium"],"inLanguage":"hu","potentialAction":[{"@type":"CommentAction","name":"Comment","target":["https:\/\/kofe.hu\/parola\/parola-folyoirat\/a-civil-kollegium-alapitvany-kampanyai-a-jarvanyhelyzetben\/#respond"]}]},{"@type":"WebPage","@id":"https:\/\/kofe.hu\/parola\/parola-folyoirat\/a-civil-kollegium-alapitvany-kampanyai-a-jarvanyhelyzetben\/","url":"https:\/\/kofe.hu\/parola\/parola-folyoirat\/a-civil-kollegium-alapitvany-kampanyai-a-jarvanyhelyzetben\/","name":"A Civil Koll\u00e9gium Alap\u00edtv\u00e1ny kamp\u00e1nyai a j\u00e1rv\u00e1nyhelyzetben - Parola Foly\u00f3irat","isPartOf":{"@id":"https:\/\/kofe.hu\/parola\/#website"},"primaryImageOfPage":{"@id":"https:\/\/kofe.hu\/parola\/parola-folyoirat\/a-civil-kollegium-alapitvany-kampanyai-a-jarvanyhelyzetben\/#primaryimage"},"image":{"@id":"https:\/\/kofe.hu\/parola\/parola-folyoirat\/a-civil-kollegium-alapitvany-kampanyai-a-jarvanyhelyzetben\/#primaryimage"},"thumbnailUrl":"https:\/\/kofe.hu\/parola\/wp-content\/uploads\/2021\/02\/2020-3-4-CKA_.jpg","datePublished":"2021-02-05T04:36:45+00:00","dateModified":"2021-02-16T19:24:07+00:00","author":{"@id":"https:\/\/kofe.hu\/parola\/#\/schema\/person\/8cc6663d2c3a4aa38d067e3aee2d80d1"},"breadcrumb":{"@id":"https:\/\/kofe.hu\/parola\/parola-folyoirat\/a-civil-kollegium-alapitvany-kampanyai-a-jarvanyhelyzetben\/#breadcrumb"},"inLanguage":"hu","potentialAction":[{"@type":"ReadAction","target":["https:\/\/kofe.hu\/parola\/parola-folyoirat\/a-civil-kollegium-alapitvany-kampanyai-a-jarvanyhelyzetben\/"]}]},{"@type":"ImageObject","inLanguage":"hu","@id":"https:\/\/kofe.hu\/parola\/parola-folyoirat\/a-civil-kollegium-alapitvany-kampanyai-a-jarvanyhelyzetben\/#primaryimage","url":"https:\/\/kofe.hu\/parola\/wp-content\/uploads\/2021\/02\/2020-3-4-CKA_.jpg","contentUrl":"https:\/\/kofe.hu\/parola\/wp-content\/uploads\/2021\/02\/2020-3-4-CKA_.jpg","width":701,"height":438},{"@type":"BreadcrumbList","@id":"https:\/\/kofe.hu\/parola\/parola-folyoirat\/a-civil-kollegium-alapitvany-kampanyai-a-jarvanyhelyzetben\/#breadcrumb","itemListElement":[{"@type":"ListItem","position":1,"name":"Home","item":"https:\/\/kofe.hu\/parola\/"},{"@type":"ListItem","position":2,"name":"A Civil Koll\u00e9gium Alap\u00edtv\u00e1ny kamp\u00e1nyai a j\u00e1rv\u00e1nyhelyzetben"}]},{"@type":"WebSite","@id":"https:\/\/kofe.hu\/parola\/#website","url":"https:\/\/kofe.hu\/parola\/","name":"Parola Foly\u00f3irat","description":"","potentialAction":[{"@type":"SearchAction","target":{"@type":"EntryPoint","urlTemplate":"https:\/\/kofe.hu\/parola\/?s={search_term_string}"},"query-input":{"@type":"PropertyValueSpecification","valueRequired":true,"valueName":"search_term_string"}}],"inLanguage":"hu"},{"@type":"Person","@id":"https:\/\/kofe.hu\/parola\/#\/schema\/person\/8cc6663d2c3a4aa38d067e3aee2d80d1","name":"Pozsgai Rebeka","image":{"@type":"ImageObject","inLanguage":"hu","@id":"https:\/\/kofe.hu\/parola\/#\/schema\/person\/image\/62cafa045847cc75ed16653907fa73f9","url":"https:\/\/secure.gravatar.com\/avatar\/27a657fab5133079e9424886a3b9e706f5af6a5d4fe21b43007a6747bec020da?s=96&d=mm&r=g","contentUrl":"https:\/\/secure.gravatar.com\/avatar\/27a657fab5133079e9424886a3b9e706f5af6a5d4fe21b43007a6747bec020da?s=96&d=mm&r=g","caption":"Pozsgai Rebeka"},"url":"https:\/\/kofe.hu\/parola\/szerzok\/pozsgai-rebeka\/"}]}},"_links":{"self":[{"href":"https:\/\/kofe.hu\/parola\/wp-json\/wp\/v2\/posts\/5862","targetHints":{"allow":["GET"]}}],"collection":[{"href":"https:\/\/kofe.hu\/parola\/wp-json\/wp\/v2\/posts"}],"about":[{"href":"https:\/\/kofe.hu\/parola\/wp-json\/wp\/v2\/types\/post"}],"author":[{"embeddable":true,"href":"https:\/\/kofe.hu\/parola\/wp-json\/wp\/v2\/users\/545"}],"replies":[{"embeddable":true,"href":"https:\/\/kofe.hu\/parola\/wp-json\/wp\/v2\/comments?post=5862"}],"version-history":[{"count":4,"href":"https:\/\/kofe.hu\/parola\/wp-json\/wp\/v2\/posts\/5862\/revisions"}],"predecessor-version":[{"id":5957,"href":"https:\/\/kofe.hu\/parola\/wp-json\/wp\/v2\/posts\/5862\/revisions\/5957"}],"wp:featuredmedia":[{"embeddable":true,"href":"https:\/\/kofe.hu\/parola\/wp-json\/wp\/v2\/media\/5910"}],"wp:attachment":[{"href":"https:\/\/kofe.hu\/parola\/wp-json\/wp\/v2\/media?parent=5862"}],"wp:term":[{"taxonomy":"category","embeddable":true,"href":"https:\/\/kofe.hu\/parola\/wp-json\/wp\/v2\/categories?post=5862"},{"taxonomy":"post_tag","embeddable":true,"href":"https:\/\/kofe.hu\/parola\/wp-json\/wp\/v2\/tags?post=5862"},{"taxonomy":"author","embeddable":true,"href":"https:\/\/kofe.hu\/parola\/wp-json\/wp\/v2\/coauthors?post=5862"}],"curies":[{"name":"wp","href":"https:\/\/api.w.org\/{rel}","templated":true}]}}