{"id":5841,"date":"2021-02-05T07:16:00","date_gmt":"2021-02-05T07:16:00","guid":{"rendered":"https:\/\/kofe.hu\/parola\/?p=5841"},"modified":"2021-02-16T19:23:38","modified_gmt":"2021-02-16T19:23:38","slug":"a-kozossegi-tervezes-maratonja","status":"publish","type":"post","link":"https:\/\/kofe.hu\/parola\/parola-folyoirat\/a-kozossegi-tervezes-maratonja\/","title":{"rendered":"A k\u00f6z\u00f6ss\u00e9gi tervez\u00e9s maratonja"},"content":{"rendered":"<p><strong>Vajon mi t\u00f6rt\u00e9nik, ha lehet\u0151s\u00e9get teremt\u00fcnk arra, hogy 48 \u00f3r\u00e1n kereszt\u00fcl, egy adott kist\u00e9rs\u00e9gben \u00e9l\u0151 emberek, v\u00e1llalkoz\u00f3k, politikusok, k\u00f6z\u00f6ss\u00e9gi munk\u00e1sok, \u00e9s m\u00e1s ell\u00e1t\u00e1sban \u00e9rintett szakemberek egy maratoni k\u00f6z\u00f6ss\u00e9gi tervez\u00e9si folyamatban vegyenek r\u00e9szt? Mi, aki \u00e9ppen ilyesmit tervez\u00fcnk, azt rem\u00e9lj\u00fck: j\u00f3l megtervezett, helyben kialak\u00edtott v\u00e1ltoz\u00e1s. V\u00e1ltoz\u00e1s a helyi er\u0151forr\u00e1sok hat\u00e9konyabb felhaszn\u00e1l\u00e1s\u00e1ban, az\u00e1ltal, hogy a helyi probl\u00e9m\u00e1kra k\u00f6z\u00f6s er\u0151vel, helyben sz\u00fcletik megold\u00e1s. No, de nem szeretn\u00e9k m\u00e1ris ennyire el\u0151re haladni a t\u00f6rt\u00e9netben, ink\u00e1bb elmes\u00e9lem, honnan is j\u00f6tt az \u00f6tlet egy ilyen vakmer\u0151 v\u00e1llalkoz\u00e1shoz\u2026<\/strong><!--more--><\/p>\n<p>A t\u00f6rt\u00e9net k\u00f6z\u00e9ppontj\u00e1ban \u00c9sztorsz\u00e1g \u00e1ll, ahol imm\u00e1ron t\u00f6bb\u00e9ves gyakorlat sor\u00e1n, a Tallini Egyetem, a Helpific \u00e9szt szervezete, valamint V\u00f5ru Megye \u00f6nkorm\u00e1nyazatait \u00f6sszefog\u00f3 egyes\u00fclet egy\u00fcttm\u0171k\u00f6d\u00e9s\u00e9nek k\u00f6sz\u00f6nhet\u0151en kifejlesztett\u00e9k a szoci\u00e1lis \u201ehackathon\u201d \u00faj m\u00f3dszertan\u00e1t, amely innovat\u00edv megold\u00e1sk\u00e9nt seg\u00edti a vid\u00e9ki, h\u00e1tr\u00e1nyos helyzet\u0171 telep\u00fcl\u00e9seken \u00e9l\u0151 emberek \u00e9letmin\u0151s\u00e9g\u00e9nek jav\u00edt\u00e1s\u00e1t.<\/p>\n<p><strong><img loading=\"lazy\" decoding=\"async\" class=\"aligncenter wp-image-5844\" src=\"https:\/\/kofe.hu\/parola\/wp-content\/uploads\/2021\/02\/2020-3-4-CsL-1.jpg\" alt=\"\" width=\"459\" height=\"612\" srcset=\"https:\/\/kofe.hu\/parola\/wp-content\/uploads\/2021\/02\/2020-3-4-CsL-1.jpg 720w, https:\/\/kofe.hu\/parola\/wp-content\/uploads\/2021\/02\/2020-3-4-CsL-1-225x300.jpg 225w, https:\/\/kofe.hu\/parola\/wp-content\/uploads\/2021\/02\/2020-3-4-CsL-1-8x10.jpg 8w, https:\/\/kofe.hu\/parola\/wp-content\/uploads\/2021\/02\/2020-3-4-CsL-1-375x500.jpg 375w\" sizes=\"auto, (max-width: 459px) 100vw, 459px\" \/><\/strong><\/p>\n<p><strong>Mi is az a szoci\u00e1lis hackathon?<a href=\"#_ftn1\" name=\"_ftnref1\">[1]<\/a><\/strong><\/p>\n<p>A szoci\u00e1lis \u201ehackathon\u201d m\u00f3dszer l\u00e9nyeg\u00e9ben egy olyan r\u00e9szv\u00e9teli alap\u00fa rendezv\u00e9ny k\u00f6r\u00e9 \u00e9p\u00fcl, amely megteremti a lehet\u0151s\u00e9get, hogy az emberek egy\u00fctt, val\u00f3s \u00e9letbeli probl\u00e9m\u00e1kat oldjanak meg, melyek a mindennapjaikat megnehez\u00edtik (pl. k\u00f6zleked\u00e9si hi\u00e1nyoss\u00e1gok, ell\u00e1tatlan id\u0151s lakosok, fogyat\u00e9koss\u00e1ggal \u00e9l\u0151 emberek munkaer\u0151-piaci helyzete). A m\u00f3dszer alapj\u00e1t szolg\u00e1l\u00f3 \u201ehackathont\u201d az inform\u00e1ci\u00f3- \u00e9s kommunik\u00e1ci\u00f3technol\u00f3gia (ICT) vil\u00e1gb\u00f3l k\u00f6lcs\u00f6n\u00f6zt\u00e9k. Itt azonban nem felt\u00e9tlen\u00fcl programoz\u00e1ssal val\u00f3s\u00edtj\u00e1k meg az \u00f6tletkidolgoz\u00e1st (b\u00e1r az is egy eszk\u00f6z lehet), t\u00f6bbnyire csoportmunk\u00e1n kereszt\u00fcl dolgoznak. A \u201chackathon\u201d eredeti defin\u00edci\u00f3ja teh\u00e1t nagyon t\u00e1g: a \u201chackel\u00e9s\u201d l\u00e9nyeg\u00e9ben egy kreat\u00edv probl\u00e9mamegold\u00e1s, \u00e9s a sz\u00fclet\u0151 megold\u00e1s nem felt\u00e9tlen\u00fcl technikai alap\u00fa. \u201cHackathon\u201d-nak nevezhet\u0151 minden olyan esem\u00e9ny, amelynek sor\u00e1n a rendezv\u00e9ny r\u00e9sztvev\u0151i k\u00f6z\u00f6sen oldanak meg alapvet\u0151, \u0151ket \u00e9rint\u0151 probl\u00e9m\u00e1kat. A r\u00e9sztvev\u0151k sz\u00e1ma maximum sz\u00e1z f\u0151. A rendezv\u00e9ny maratoni jellege abb\u00f3l ad\u00f3dik, hogy \u00e1tlagosan 48 \u00f3r\u00e1ig tart, az \u00e9jszak\u00e1t is bele\u00e9rtve. Az esem\u00e9ny gyakran kieg\u00e9sz\u00fcl ehhez kapcsol\u00f3d\u00f3 m\u0171helymunk\u00e1kkal, programokkal. Amennyiben online r\u00e9szv\u00e9teli m\u00f3d is rendelkez\u00e9sre \u00e1ll, lehet\u0151s\u00e9g van sz\u00e1z f\u0151n\u00e9l nagyobb r\u00e9szv\u00e9teli ar\u00e1nyt is el\u00e9rni. A \u201chackathonok\u201d szervez\u00e9s\u00e9nek t\u00f6bbf\u00e9le c\u00e9lja is lehet, azonban a legfontosabb, hogy olyan val\u00f3s \u00e9lm\u00e9nyt ny\u00fajtson az intenz\u00edv k\u00f6z\u00f6s munk\u00e1r\u00f3l \u00e9s a k\u00f6z\u00f6s probl\u00e9mamegold\u00e1sr\u00f3l, amely az egy \u00f6tlet ment\u00e9n \u00f6sszegy\u0171lt csapatoknak biztos\u00edtja a lend\u00fcletet az esem\u00e9nyen t\u00fali egy\u00fcttm\u0171k\u00f6d\u00e9shez.<\/p>\n<p><strong>Hogyan val\u00f3s\u00edtott\u00e1k ezt meg \u00c9sztorsz\u00e1gban?<a href=\"#_ftn2\" name=\"_ftnref2\">[2]<\/a><\/strong><\/p>\n<p>Az els\u0151, \u00c9sztorsz\u00e1gban szervezett, vid\u00e9kfejleszt\u00e9si f\u00f3kusz\u00fa szoci\u00e1lis hachkathont 2018-ban rendezt\u00e9k meg, az\u00f3ta azonban olyan n\u00e9pszer\u0171v\u00e9 v\u00e1lt az esem\u00e9ny, hogy \u00e9vente t\u00f6bbet is tartanak. A rendezv\u00e9ny el\u0151sz\u00f6r V\u00f5ru megy\u00e9ben val\u00f3sult meg, azzal a c\u00e9llal, hogy a helyi probl\u00e9m\u00e1kra, \u00fagy. mint p\u00e9ld\u00e1ul az egyed\u00fcl \u00e9l\u0151 id\u0151s lakoss\u00e1g ell\u00e1tatlans\u00e1ga, vagy fogyat\u00e9koss\u00e1ggal \u00e9l\u0151 gyermekek szolg\u00e1ltat\u00e1shi\u00e1nya, m\u0171k\u00f6d\u0151 \u00e9s fenntarthat\u00f3 megold\u00e1sok sz\u00fclessenek, er\u0151s\u00edtve ezzel a helyi lakosok felel\u0151ss\u00e9gv\u00e1llal\u00e1s\u00e1t \u00e9s r\u00e9szv\u00e9tel\u00e9t. \u00cdgy az esem\u00e9nyen a helyi \u00f6nkorm\u00e1nyzatok k\u00e9pvisel\u0151i, szoci\u00e1lis szolg\u00e1ltat\u00f3k munkat\u00e1rsai, \u00fcgyfelei, v\u00e1llalkoz\u00f3k, akt\u00edv helyi lakosok \u00e9s civil szervezeti partnerek is jelen voltak.<\/p>\n<p><img loading=\"lazy\" decoding=\"async\" class=\"aligncenter wp-image-5845\" src=\"https:\/\/kofe.hu\/parola\/wp-content\/uploads\/2021\/02\/2020-3-4-CsL-2.jpg\" alt=\"\" width=\"700\" height=\"525\" srcset=\"https:\/\/kofe.hu\/parola\/wp-content\/uploads\/2021\/02\/2020-3-4-CsL-2.jpg 960w, https:\/\/kofe.hu\/parola\/wp-content\/uploads\/2021\/02\/2020-3-4-CsL-2-300x225.jpg 300w, https:\/\/kofe.hu\/parola\/wp-content\/uploads\/2021\/02\/2020-3-4-CsL-2-768x576.jpg 768w, https:\/\/kofe.hu\/parola\/wp-content\/uploads\/2021\/02\/2020-3-4-CsL-2-10x8.jpg 10w\" sizes=\"auto, (max-width: 700px) 100vw, 700px\" \/><\/p>\n<p><strong>Az \u00e9szt szoci\u00e1lis \u201chackathon\u201d esem\u00e9ny menete:<\/strong><\/p>\n<p>Az el\u0151k\u00e9sz\u00edt\u0151 szakaszban a szervez\u0151k az adott ter\u00fcleten \u00e9l\u0151 akt\u00edv helyi lakosokkal interj\u00faznak. Az interj\u00faz\u00e1s, besz\u00e9lget\u00e9s l\u00e9nyege a bevon\u00e1s, mely a t\u00e9rs\u00e9g probl\u00e9m\u00e1i ir\u00e1nt val\u00f3 szerepv\u00e1llal\u00e1st serkenti. Az interj\u00fak m\u00e1sodlagos c\u00e9lja a probl\u00e9ma megold\u00e1sa ir\u00e1ny\u00e1ba terelni a leend\u0151 r\u00e9sztvev\u0151k gondolkod\u00e1s\u00e1t: olyan innovat\u00edv \u00f6tletek kigondol\u00e1sa a c\u00e9l, amelyeket a helyiek a \u201ehackathon\u201d esem\u00e9nyeken megoszthatnak egym\u00e1ssal, \u00e9s tov\u00e1bb fejleszthetnek, imm\u00e1ron k\u00f6z\u00f6s er\u0151vel. A szem\u00e9lyes interj\u00faz\u00e1s mellett \u00fan. el\u0151k\u00e9sz\u00edt\u0151 esem\u00e9nyek is szervezhet\u0151k, amelyek lehet\u0151s\u00e9get teremtenek arra, hogy az adott t\u00e9rs\u00e9gben \u00e9l\u0151k hozz\u00e1szokjanak az intenz\u00edv, saj\u00e1t \u00f6tleteken alap\u00fa sz\u00e9lesk\u00f6r\u0171 egy\u00fcttm\u0171k\u00f6d\u00e9shez. \u00c1ltal\u00e1ban a f\u0151 esem\u00e9ny el\u0151tt aj\u00e1nlatos k\u00e9t-h\u00e1rom el\u0151zetes esem\u00e9nyt szervezni. A megval\u00f3s\u00edt\u00e1si szakaszban a szoci\u00e1lis \u201ehackathon\u201d \u00e9szt programja egy intenz\u00edv 48 \u00f3r\u00e1s fejleszt\u00e9si esem\u00e9ny, amelynek els\u0151 r\u00e9sz\u00e9ben az \u00f6tletgazd\u00e1k \u00f6tleteiket megosztj\u00e1k a nagyon k\u00fcl\u00f6nb\u00f6z\u0151 ter\u00fcletr\u0151l j\u00f6v\u0151 r\u00e9sztvev\u0151kkel. Az \u00f6tletek ment\u00e9n csoportok szervez\u0151dnek, majd ezt k\u00f6vet\u0151en tov\u00e1bb fejlesztik az \u00f6tletet egy protot\u00edpusig vagy egy megval\u00f3s\u00edthat\u00f3 koncepci\u00f3ig. A mentorok t\u00e1mogat\u00f3 ereje v\u00e9gig seg\u00edti a csapatok sikeres egy\u00fcttm\u0171k\u00f6d\u00e9s\u00e9t, illetve a koncepci\u00f3, protot\u00edpus kidolgoz\u00e1s\u00e1t is. Az esem\u00e9nyt k\u00f6vet\u0151en az egyes \u00f6tletek gazd\u00e1i szakmai seg\u00edts\u00e9get, mentor\u00e1l\u00e1st kapnak, hogy min\u00e9l sikeresebben tov\u00e1bb \u00e9ljenek, \u00e9s min\u00e9l teljesebben megval\u00f3suljanak.<\/p>\n<p>\u201eA falunak vannak id\u0151sei, fogyat\u00e9kosai, ahogyan van v\u00e1llalkoz\u00f3ja, t\u0171zolt\u00f3ja \u00e9s fav\u00e1g\u00f3ja is, ez tesz minket egy k\u00f6z\u00f6ss\u00e9gg\u00e9. \u00c9s b\u00e1rmi probl\u00e9ma mer\u00fcl fel egy ilyen k\u00f6z\u00f6ss\u00e9gben az els\u0151sorban a k\u00f6z\u00f6ss\u00e9g dolga.\u201d \u2013 fogalmazta meg<a href=\"#_ftn3\" name=\"_ftnref3\">[3]<\/a> az esem\u00e9ny l\u00e9nyeg\u00e9t az egyik f\u0151szervez\u0151 \u00e9s a m\u00f3dszer egyik kidolgoz\u00f3ja, Bugarszki Zsolt, aki egy\u00e9bk\u00e9nt magyar k\u00f6t\u0151d\u00e9s\u0171 szoci\u00e1lispolitikus, de \u00e9vek \u00f3ta \u00c9sztorsz\u00e1gban \u00e9l, \u00e9s a Tallini Egyetem oktat\u00f3ja.<\/p>\n<p>\u00cdgy lassan arra is f\u00e9ny der\u00fcl, hogyan jutott el ez az innov\u00e1ci\u00f3 a K\u00f6z\u00f6ss\u00e9gfejleszt\u0151k Egyes\u00fclet\u00e9hez. Zsolttal \u00e9vek \u00f3ta egy\u00fcttm\u0171k\u00f6d\u00fcnk, k\u00fcl\u00f6nb\u00f6z\u0151 projektekben, \u00edgy nagyon \u00f6r\u00fclt\u00fcnk, hogy a vid\u00e9kfejleszt\u00e9s ter\u00e9n is akadt egy k\u00f6z\u00f6s pont. R\u00e1ad\u00e1sul \u00e9ppen lez\u00e1rul\u00f3ban volt egy k\u00e9t \u00e9ves k\u00f6z\u00f6ss\u00e9gi alap\u00fa szolg\u00e1ltat\u00e1sfejleszt\u00e9sre ir\u00e1nyul\u00f3 munk\u00e1nk, amelynek folytat\u00e1sak\u00e9nt \u00e1lmodtuk meg a szoci\u00e1lis \u201ehackathon\u201d hazai, k\u00f6z\u00f6ss\u00e9gfejleszt\u00e9si adapt\u00e1ci\u00f3j\u00e1t: a k\u00f6z\u00f6ss\u00e9gi tervez\u00e9si maratont. A t\u00e1mogat\u00e1si h\u00e1tteret pedig az ERASMUS+ program, feln\u0151ttk\u00e9pz\u00e9si f\u00f3kusz\u00fa strat\u00e9giai partners\u00e9gi programja ny\u00fajtja<a href=\"#_ftn4\" name=\"_ftnref4\">[4]<\/a>, amely Egyes\u00fclet\u00fcnk koordin\u00e1l\u00e1s\u00e1val, h\u00e1rom orsz\u00e1g (\u00c9sztorsz\u00e1g, Rom\u00e1nia, Magyarorsz\u00e1g) bevon\u00e1s\u00e1val, 2019. november 3. \u2013 2021. november 2. k\u00f6z\u00f6tt val\u00f3sul meg.<\/p>\n<p>Projekt\u00fcnk \u00e1tfog\u00f3 c\u00e9lkit\u0171z\u00e9se a szoci\u00e1lis &#8222;hackathon&#8221; m\u00f3dszer adapt\u00e1ci\u00f3j\u00e1ra \u00e9p\u00fcl\u0151 innovat\u00edv feln\u0151ttk\u00e9pz\u00e9si tananyag kialak\u00edt\u00e1sa \u00e1ltal a k\u00f6z\u00f6ss\u00e9gfejleszt\u00e9s folyamat\u00e1nak m\u00f3dszertani fejleszt\u00e9se, meger\u0151s\u00edtve ezzel a legh\u00e1tr\u00e1nyosabb helyzet\u0171 t\u00e9rs\u00e9gek felz\u00e1rk\u00f3z\u00e1s\u00e1t. A munk\u00e1nk sor\u00e1n els\u0151k\u00e9nt az \u00e9szt innovat\u00edv vid\u00e9kfejleszt\u00e9si gyakorlatot ismert\u00fck meg, majd azt, a partnerszervezetekkel egy\u00fcttm\u0171k\u00f6dve az \u00e1ltalunk v\u00e9gzett vid\u00e9ki k\u00f6z\u00f6ss\u00e9gfejleszt\u00e9si gyakorlat m\u00f3dszertan\u00e1ba \u00e1t\u00fcltetj\u00fck. Tavaly egy tanulm\u00e1ny\u00fat keret\u00e9ben 15 k\u00f6z\u00f6ss\u00e9g-, vid\u00e9kfejleszt\u0151 szakember sz\u00e1m\u00e1ra teremtett\u00fcnk lehet\u0151s\u00e9get az \u00e9szt j\u00f3gyakorlat \u00e9s m\u00f3dszertan min\u00e9l sz\u00e9lesk\u00f6r\u0171bb tanulm\u00e1nyoz\u00e1s\u00e1ra. M\u00edg id\u00e9n a magyarorsz\u00e1gi G\u00f6nci j\u00e1r\u00e1s \u00e9s az erd\u00e9lyi Homor\u00f3d-K\u00fck\u00fcll\u0151 t\u00e9rs\u00e9g telep\u00fcl\u00e9seinek, k\u00f6z\u00f6ss\u00e9geinek mozg\u00f3s\u00edt\u00e1sa r\u00e9v\u00e9n \u00e9s \u00e9rdek\u00e9ben m\u00e1r mi magunk is kipr\u00f3b\u00e1ljuk a m\u00f3dszert.<\/p>\n<p><img loading=\"lazy\" decoding=\"async\" class=\"aligncenter wp-image-5842\" src=\"https:\/\/kofe.hu\/parola\/wp-content\/uploads\/2021\/02\/2020-3-4-CsL-4.jpg\" alt=\"\" width=\"700\" height=\"525\" srcset=\"https:\/\/kofe.hu\/parola\/wp-content\/uploads\/2021\/02\/2020-3-4-CsL-4.jpg 960w, https:\/\/kofe.hu\/parola\/wp-content\/uploads\/2021\/02\/2020-3-4-CsL-4-300x225.jpg 300w, https:\/\/kofe.hu\/parola\/wp-content\/uploads\/2021\/02\/2020-3-4-CsL-4-768x576.jpg 768w, https:\/\/kofe.hu\/parola\/wp-content\/uploads\/2021\/02\/2020-3-4-CsL-4-10x8.jpg 10w\" sizes=\"auto, (max-width: 700px) 100vw, 700px\" \/><\/p>\n<p>A kidolgozott feln\u0151ttk\u00e9pz\u00e9si tananyag lehet\u0151v\u00e9 teszi, hogy a h\u00e1tr\u00e1nyos helyzet\u0171 kist\u00e9rs\u00e9gben \u00e9l\u0151 emberek k\u00e9pess\u00e9 v\u00e1ljanak a k\u00f6z\u00f6ss\u00e9gi tervez\u00e9si maraton m\u00f3dszertan\u00e1t t\u00e9rs\u00e9g\u00fckben, telep\u00fcl\u00e9s\u00fck\u00f6n is alkalmazni, illetve tov\u00e1bbi, ezt kieg\u00e9sz\u00edt\u0151 k\u00f6z\u00f6ss\u00e9gfejleszt\u0151i tud\u00e1ssal gazdagodjanak. Ennek eredm\u00e9nyek\u00e9nt c\u00e9lunk, hogy min\u00e9l t\u00f6bb helyi lakoshoz eljuttassuk ezt az \u00faj k\u00f6z\u00f6ss\u00e9gfejleszt\u0151i m\u00f3dszertant. A tananyag a projektben a konzorciumi partners\u00e9g egy\u00fcttm\u0171k\u00f6d\u00e9se \u00e1ltal, partnertal\u00e1lkoz\u00f3k sor\u00e1n ker\u00fclt kifejleszt\u00e9sre. A tananyag egyr\u00e9szt mag\u00e1ban foglalja majd a szoci\u00e1lis \u201chackathon\u201d, vid\u00e9kfejleszt\u00e9si k\u00f6rnyezetben alkalmazott m\u00f3dszertani adapt\u00e1ci\u00f3j\u00e1t, ehhez igazod\u00f3 k\u00f6z\u00f6ss\u00e9gfejleszt\u0151i m\u00f3dszerekkel, a partnerek \u00e1ltal alkalmazott j\u00f3gyakorlatokkal kieg\u00e9sz\u00edtve. A projekt keret\u00e9ben kidolgoz\u00e1sra ker\u00fcl egy gyakorlati m\u00f3dszertani online tanulm\u00e1nyk\u00f6tet is (magyar, rom\u00e1n \u00e9s angol nyelven), amely a szoci\u00e1lis \u201chackathon\u201d m\u00f3dszertan k\u00f6z\u00f6ss\u00e9gfejleszt\u0151i alkalmaz\u00e1s\u00e1t, a k\u00f6z\u00f6ss\u00e9gi tervez\u00e9si maratont mutatja be, esettanulm\u00e1nyokkal, imm\u00e1ron a magyar \u00e9s a rom\u00e1niai tapasztalatokkal b\u0151v\u00fclve. Mindez l\u00e9nyeg\u00e9ben a tud\u00e1s\u00e1tad\u00f3 m\u0171helyek m\u00f3dszertani elemeit foglalja \u00f6ssze, annak alkalmaz\u00e1s\u00e1hoz k\u00e9sz\u00edt fel, amely a szem\u00e9lyes, k\u00f6zvetlen c\u00e9lcsoport r\u00e9szv\u00e9tel\u00e9vel megval\u00f3sul\u00f3 m\u0171helyeken saj\u00e1t\u00edt\u00f3dik el. A projekt k\u00f6vetkez\u0151 szakasz\u00e1ban, (a m\u00f3dszertant megismer\u0151) helyi emberek szervez\u00e9se \u00e1ltal, 48 \u00f3r\u00e1s k\u00f6z\u00f6ss\u00e9gi tervez\u00e9si maratont k\u00e9sz\u00edt\u00fcnk el\u0151 \u00e9s val\u00f3s\u00edtunk meg Magyarorsz\u00e1gon, illetve Rom\u00e1ni\u00e1ban. E k\u00e9t esem\u00e9ny eredm\u00e9nyek\u00e9ppen olyan alulr\u00f3l \u00e9p\u00edtkez\u0151 megold\u00e1sok fejleszt\u00e9s\u00e9t v\u00e1rjuk, amelyek a helyi probl\u00e9m\u00e1kra hat\u00e9kony megold\u00e1st tudnak ny\u00fajtani, melyekre a jelen helyzetben m\u0171k\u00f6d\u0151 j\u00f3l\u00e9ti rendszer, illetve szolg\u00e1ltat\u00e1si m\u0171k\u00f6d\u00e9sm\u00f3d nem tud orvosolni.<\/p>\n<p>Az \u00e9szt szoci\u00e1lis &#8222;hackathon&#8221; m\u00f3dszere olyan megold\u00e1s, amely egyr\u00e9szt a t\u00e9rs\u00e9g er\u0151forr\u00e1sait hat\u00e9konyan \u00e9s gyorsan k\u00e9pes mobiliz\u00e1lni, illetve helyben sz\u00fclet\u0151 megold\u00e1sokat kelt \u00e9letre. A szoci\u00e1lis \u201chackathon\u201d egyre gyakoribb m\u00f3dszerr\u00e9 v\u00e1lik nagyobb v\u00e1rosok, c\u00e9gek (els\u0151sorban IKT ter\u00fcleten) k\u00f6z\u00f6ss\u00e9gi alap\u00fa tervez\u00e9se sor\u00e1n, azonban az \u00e9szt szervezet \u00e9ppen olyan t\u00e9rs\u00e9gben dolgozta ki \u00e9s val\u00f3s\u00edtotta meg a k\u00f6zszolg\u00e1ltat\u00e1sok fejleszt\u00e9s\u00e9re vonatkoz\u00f3 m\u00f3dszertan\u00e1t, amely hasonlatos a magyar \u00e9s rom\u00e1niai legh\u00e1tr\u00e1nyosabb helyzet\u0171 t\u00e9rs\u00e9gekre. V\u00f5ru megye \u00c9sztorsz\u00e1g gy\u00e9ren lakott ter\u00fclete, \u00f6sszesen 34 ezer lakos\u00fa, f\u0151k\u00e9nt egym\u00e1st\u00f3l t\u00e1vol es\u0151 falvak jellemzik, \u00e1tlagosan falvank\u00e9nt 50-60 l\u00e9leksz\u00e1mmal. A hagyom\u00e1nyos szoci\u00e1lis szolg\u00e1ltat\u00e1sok m\u0171k\u00f6dtet\u00e9se sor\u00e1n komoly fenntart\u00e1si gondokkal k\u00fczdenek. \u00daj m\u00f3dszerre volt sz\u00fcks\u00e9g, amely seg\u00edti a megl\u00e9v\u0151 k\u00f6z\u00f6ss\u00e9gi er\u0151forr\u00e1sok mobiliz\u00e1l\u00e1s\u00e1t, s melyek meger\u0151s\u00edtik a helyi lakosok r\u00e9szv\u00e9tel\u00e9t a probl\u00e9mamegold\u00e1sban, amely m\u00e9g fenntarthat\u00f3bb\u00e1 teszi a v\u00e1ltoz\u00e1st.<\/p>\n<p>\u00dagy v\u00e9lj\u00fck, ez a m\u00f3dszer szorosan \u00f6sszekapcsol\u00f3dik a k\u00f6z\u00f6ss\u00e9gfejleszt\u00e9s c\u00e9ljaival, amely arra k\u00e9sz\u00edti fel az embereket, hogy a helyben l\u00e9v\u0151 er\u0151forr\u00e1sokra (helyi tud\u00e1s, helyi emberek, helyi \u00e9rt\u00e9kek stb.) \u00e9p\u00edtve dolgozz\u00e1k ki \u00e9s val\u00f3s\u00edts\u00e1k meg a probl\u00e9m\u00e1khoz illeszked\u0151 megold\u00e1sokat, \u00edgy a rendelkez\u00e9sre \u00e1ll\u00f3 er\u0151forr\u00e1sok helyben hasznosulnak. \u00cdgy nagyon v\u00e1rjuk, hogy id\u00e9n ny\u00e1ron siker\u00fclj\u00f6n megrendezni, jelen k\u00f6r\u00fclm\u00e9nyek k\u00f6z\u00f6tt is a k\u00f6z\u00f6ss\u00e9gi tervez\u00e9si maratont, vagy legal\u00e1bbis annak, egy v\u00edrushelyzethez igazod\u00f3 \u00e9s alkalmazkod\u00f3 form\u00e1j\u00e1t.<\/p>\n<p>&nbsp;<\/p>\n<p><em>Az \u00edr\u00e1sban k\u00f6zrem\u0171k\u00f6d\u00f6tt az Erasmus + projektst\u00e1b<\/em><a href=\"#_ftn5\" name=\"_ftnref5\"><em><strong>[5]<\/strong><\/em><\/a><\/p>\n<p>&nbsp;<\/p>\n<p><em><img loading=\"lazy\" decoding=\"async\" class=\"alignright size-medium wp-image-5843\" src=\"https:\/\/kofe.hu\/parola\/wp-content\/uploads\/2021\/02\/2020-3-4-CsL-1-226x300.jpeg\" alt=\"\" width=\"226\" height=\"300\" srcset=\"https:\/\/kofe.hu\/parola\/wp-content\/uploads\/2021\/02\/2020-3-4-CsL-1-226x300.jpeg 226w, https:\/\/kofe.hu\/parola\/wp-content\/uploads\/2021\/02\/2020-3-4-CsL-1-8x10.jpeg 8w, https:\/\/kofe.hu\/parola\/wp-content\/uploads\/2021\/02\/2020-3-4-CsL-1-375x500.jpeg 375w, https:\/\/kofe.hu\/parola\/wp-content\/uploads\/2021\/02\/2020-3-4-CsL-1.jpeg 400w\" sizes=\"auto, (max-width: 226px) 100vw, 226px\" \/>Csabai Lucia k\u00f6z\u00f6ss\u00e9gi alap\u00fa, inkluz\u00edv szoci\u00e1lis szolg\u00e1ltat\u00e1sok fejleszt\u00e9s\u00e9vel foglalkoz\u00f3 szakember, akit a r\u00e9gi hagyom\u00e1nyok \u00e9s az \u00faj, innovat\u00edv megold\u00e1sok egyar\u00e1nt inspir\u00e1lnak. \u00cdgy m\u00e1r nem el\u0151sz\u00f6r ny\u00fal k\u00fclf\u00f6ldi gyakorlatok hazai adapt\u00e1ci\u00f3j\u00e1hoz, a szoci\u00e1lis \u201ehackathon\u201d is \u00e9ppen ez\u00e9rt foglalkoztatja. A K\u00f6z\u00f6ss\u00e9gfejleszt\u0151k Egyes\u00fclet\u00e9nek 2013 \u00f3ta akt\u00edv tagja. Az Egyes\u00fclethez szorosan k\u00f6t\u0151d\u0151 ELTE K\u00f6z\u00f6ss\u00e9gi \u00e9s civil tanulm\u00e1nyok mesterk\u00e9pz\u00e9si szak hat\u00e1s\u00e1ra v\u00e9gezte el az egyetem Szociol\u00f3giai Doktori Iskol\u00e1j\u00e1t, jelenleg pedig, egy\u00e9b munk\u00e1i mellett a doktori disszert\u00e1ci\u00f3 befejez\u00e9s\u00e9n dolgozik, amelyben a fogyat\u00e9koss\u00e1ggal \u00e9l\u0151 emberek k\u00f6z\u00f6ss\u00e9gi beilleszked\u00e9s\u00e9nek folyamat\u00e1t vizsg\u00e1lja.<\/em><\/p>\n<p>&nbsp;<\/p>\n<p>L\u00e1bjegyzetek:<\/p>\n<p><a href=\"#_ftnref1\" name=\"_ftn1\">[1]<\/a> https:\/\/magyar.helpific.com\/2019\/01\/integracio-es-kozossegfejlesztes.html<\/p>\n<p><a href=\"#_ftnref2\" name=\"_ftn2\">[2]<\/a> https:\/\/magyar.helpific.com\/2019\/01\/integracio-es-kozossegfejlesztes.html<\/p>\n<p><a href=\"#_ftnref3\" name=\"_ftn3\">[3]<\/a> https:\/\/magyar.helpific.com\/2019\/01\/integracio-es-kozossegfejlesztes.html<\/p>\n<p><a href=\"#_ftnref4\" name=\"_ftn4\">[4]<\/a> https:\/\/kofe.hu\/szakmai-programjaink\/szocialis-hackathon\/<\/p>\n<p><a href=\"#_ftnref5\" name=\"_ftn5\">[5]<\/a> <a href=\"https:\/\/kofe.hu\/szakmai-programjaink\/szocialis-hackathon\/\">https:\/\/kofe.hu\/szakmai-programjaink\/szocialis-hackathon\/<\/a><\/p>\n","protected":false},"excerpt":{"rendered":"<p>Vajon mi t\u00f6rt\u00e9nik, ha lehet\u0151s\u00e9get teremt\u00fcnk arra, hogy 48 \u00f3r\u00e1n kereszt\u00fcl, egy adott kist\u00e9rs\u00e9gben \u00e9l\u0151 emberek, v\u00e1llalkoz\u00f3k, politikusok, k\u00f6z\u00f6ss\u00e9gi munk\u00e1sok, \u00e9s m\u00e1s ell\u00e1t\u00e1sban \u00e9rintett szakemberek egy maratoni k\u00f6z\u00f6ss\u00e9gi tervez\u00e9si folyamatban vegyenek r\u00e9szt? Mi, aki \u00e9ppen ilyesmit tervez\u00fcnk, azt rem\u00e9lj\u00fck: j\u00f3l megtervezett, helyben kialak\u00edtott v\u00e1ltoz\u00e1s. V\u00e1ltoz\u00e1s a helyi er\u0151forr\u00e1sok hat\u00e9konyabb felhaszn\u00e1l\u00e1s\u00e1ban, az\u00e1ltal, hogy a helyi probl\u00e9m\u00e1kra [&hellip;]<\/p>\n","protected":false},"author":27,"featured_media":5846,"comment_status":"open","ping_status":"open","sticky":false,"template":"","format":"standard","meta":{"_acf_changed":false,"footnotes":""},"categories":[729,8,7],"tags":[749,745,748,746,726,747],"coauthors":[27],"class_list":["post-5841","post","type-post","status-publish","format-standard","has-post-thumbnail","hentry","category-parola-2020-3-4","category-parola-folyoirat","category-repertorium","tag-esztorszag","tag-hackathon","tag-kozossegfejlesztok-egyesulete","tag-kozossegi-tervezes-maraton","tag-reszvetel","tag-videkfejlesztes"],"acf":[],"yoast_head":"<!-- This site is optimized with the Yoast SEO plugin v26.7 - https:\/\/yoast.com\/wordpress\/plugins\/seo\/ -->\n<title>A k\u00f6z\u00f6ss\u00e9gi tervez\u00e9s maratonja - Parola Foly\u00f3irat<\/title>\n<meta name=\"robots\" content=\"index, follow, max-snippet:-1, max-image-preview:large, max-video-preview:-1\" \/>\n<link rel=\"canonical\" href=\"https:\/\/kofe.hu\/parola\/parola-folyoirat\/a-kozossegi-tervezes-maratonja\/\" \/>\n<meta property=\"og:locale\" content=\"hu_HU\" \/>\n<meta property=\"og:type\" content=\"article\" \/>\n<meta property=\"og:title\" content=\"A k\u00f6z\u00f6ss\u00e9gi tervez\u00e9s maratonja - Parola Foly\u00f3irat\" \/>\n<meta property=\"og:description\" content=\"Vajon mi t\u00f6rt\u00e9nik, ha lehet\u0151s\u00e9get teremt\u00fcnk arra, hogy 48 \u00f3r\u00e1n kereszt\u00fcl, egy adott kist\u00e9rs\u00e9gben \u00e9l\u0151 emberek, v\u00e1llalkoz\u00f3k, politikusok, k\u00f6z\u00f6ss\u00e9gi munk\u00e1sok, \u00e9s m\u00e1s ell\u00e1t\u00e1sban \u00e9rintett szakemberek egy maratoni k\u00f6z\u00f6ss\u00e9gi tervez\u00e9si folyamatban vegyenek r\u00e9szt? Mi, aki \u00e9ppen ilyesmit tervez\u00fcnk, azt rem\u00e9lj\u00fck: j\u00f3l megtervezett, helyben kialak\u00edtott v\u00e1ltoz\u00e1s. V\u00e1ltoz\u00e1s a helyi er\u0151forr\u00e1sok hat\u00e9konyabb felhaszn\u00e1l\u00e1s\u00e1ban, az\u00e1ltal, hogy a helyi probl\u00e9m\u00e1kra [&hellip;]\" \/>\n<meta property=\"og:url\" content=\"https:\/\/kofe.hu\/parola\/parola-folyoirat\/a-kozossegi-tervezes-maratonja\/\" \/>\n<meta property=\"og:site_name\" content=\"Parola Foly\u00f3irat\" \/>\n<meta property=\"article:published_time\" content=\"2021-02-05T07:16:00+00:00\" \/>\n<meta property=\"article:modified_time\" content=\"2021-02-16T19:23:38+00:00\" \/>\n<meta property=\"og:image\" content=\"https:\/\/kofe.hu\/parola\/wp-content\/uploads\/2021\/02\/2020-3-4-CsL-3.jpg\" \/>\n\t<meta property=\"og:image:width\" content=\"960\" \/>\n\t<meta property=\"og:image:height\" content=\"720\" \/>\n\t<meta property=\"og:image:type\" content=\"image\/jpeg\" \/>\n<meta name=\"author\" content=\"Csabai Lucia\" \/>\n<meta name=\"twitter:card\" content=\"summary_large_image\" \/>\n<meta name=\"twitter:label1\" content=\"Szerz\u0151:\" \/>\n\t<meta name=\"twitter:data1\" content=\"Csabai Lucia\" \/>\n\t<meta name=\"twitter:label2\" content=\"Becs\u00fclt olvas\u00e1si id\u0151\" \/>\n\t<meta name=\"twitter:data2\" content=\"12 perc\" \/>\n\t<meta name=\"twitter:label3\" content=\"Written by\" \/>\n\t<meta name=\"twitter:data3\" content=\"Csabai Lucia\" \/>\n<script type=\"application\/ld+json\" class=\"yoast-schema-graph\">{\"@context\":\"https:\/\/schema.org\",\"@graph\":[{\"@type\":\"Article\",\"@id\":\"https:\/\/kofe.hu\/parola\/parola-folyoirat\/a-kozossegi-tervezes-maratonja\/#article\",\"isPartOf\":{\"@id\":\"https:\/\/kofe.hu\/parola\/parola-folyoirat\/a-kozossegi-tervezes-maratonja\/\"},\"author\":{\"name\":\"Csabai Lucia\",\"@id\":\"https:\/\/kofe.hu\/parola\/#\/schema\/person\/edc9ca20faa654fdc596a014c8ac3241\"},\"headline\":\"A k\u00f6z\u00f6ss\u00e9gi tervez\u00e9s maratonja\",\"datePublished\":\"2021-02-05T07:16:00+00:00\",\"dateModified\":\"2021-02-16T19:23:38+00:00\",\"mainEntityOfPage\":{\"@id\":\"https:\/\/kofe.hu\/parola\/parola-folyoirat\/a-kozossegi-tervezes-maratonja\/\"},\"wordCount\":2331,\"commentCount\":0,\"image\":{\"@id\":\"https:\/\/kofe.hu\/parola\/parola-folyoirat\/a-kozossegi-tervezes-maratonja\/#primaryimage\"},\"thumbnailUrl\":\"https:\/\/kofe.hu\/parola\/wp-content\/uploads\/2021\/02\/2020-3-4-CsL-3.jpg\",\"keywords\":[\"\u00c9sztorsz\u00e1g\",\"hackathon\",\"K\u00f6z\u00f6ss\u00e9gfejleszt\u0151k Egyes\u00fclete\",\"k\u00f6z\u00f6ss\u00e9gi tervez\u00e9s maraton\",\"r\u00e9szv\u00e9tel\",\"vid\u00e9kfejleszt\u00e9s\"],\"articleSection\":[\"Parola 2020\/3-4\",\"Parola Foly\u00f3irat\",\"Repert\u00f3rium\"],\"inLanguage\":\"hu\",\"potentialAction\":[{\"@type\":\"CommentAction\",\"name\":\"Comment\",\"target\":[\"https:\/\/kofe.hu\/parola\/parola-folyoirat\/a-kozossegi-tervezes-maratonja\/#respond\"]}]},{\"@type\":\"WebPage\",\"@id\":\"https:\/\/kofe.hu\/parola\/parola-folyoirat\/a-kozossegi-tervezes-maratonja\/\",\"url\":\"https:\/\/kofe.hu\/parola\/parola-folyoirat\/a-kozossegi-tervezes-maratonja\/\",\"name\":\"A k\u00f6z\u00f6ss\u00e9gi tervez\u00e9s maratonja - Parola Foly\u00f3irat\",\"isPartOf\":{\"@id\":\"https:\/\/kofe.hu\/parola\/#website\"},\"primaryImageOfPage\":{\"@id\":\"https:\/\/kofe.hu\/parola\/parola-folyoirat\/a-kozossegi-tervezes-maratonja\/#primaryimage\"},\"image\":{\"@id\":\"https:\/\/kofe.hu\/parola\/parola-folyoirat\/a-kozossegi-tervezes-maratonja\/#primaryimage\"},\"thumbnailUrl\":\"https:\/\/kofe.hu\/parola\/wp-content\/uploads\/2021\/02\/2020-3-4-CsL-3.jpg\",\"datePublished\":\"2021-02-05T07:16:00+00:00\",\"dateModified\":\"2021-02-16T19:23:38+00:00\",\"author\":{\"@id\":\"https:\/\/kofe.hu\/parola\/#\/schema\/person\/edc9ca20faa654fdc596a014c8ac3241\"},\"breadcrumb\":{\"@id\":\"https:\/\/kofe.hu\/parola\/parola-folyoirat\/a-kozossegi-tervezes-maratonja\/#breadcrumb\"},\"inLanguage\":\"hu\",\"potentialAction\":[{\"@type\":\"ReadAction\",\"target\":[\"https:\/\/kofe.hu\/parola\/parola-folyoirat\/a-kozossegi-tervezes-maratonja\/\"]}]},{\"@type\":\"ImageObject\",\"inLanguage\":\"hu\",\"@id\":\"https:\/\/kofe.hu\/parola\/parola-folyoirat\/a-kozossegi-tervezes-maratonja\/#primaryimage\",\"url\":\"https:\/\/kofe.hu\/parola\/wp-content\/uploads\/2021\/02\/2020-3-4-CsL-3.jpg\",\"contentUrl\":\"https:\/\/kofe.hu\/parola\/wp-content\/uploads\/2021\/02\/2020-3-4-CsL-3.jpg\",\"width\":960,\"height\":720},{\"@type\":\"BreadcrumbList\",\"@id\":\"https:\/\/kofe.hu\/parola\/parola-folyoirat\/a-kozossegi-tervezes-maratonja\/#breadcrumb\",\"itemListElement\":[{\"@type\":\"ListItem\",\"position\":1,\"name\":\"Home\",\"item\":\"https:\/\/kofe.hu\/parola\/\"},{\"@type\":\"ListItem\",\"position\":2,\"name\":\"A k\u00f6z\u00f6ss\u00e9gi tervez\u00e9s maratonja\"}]},{\"@type\":\"WebSite\",\"@id\":\"https:\/\/kofe.hu\/parola\/#website\",\"url\":\"https:\/\/kofe.hu\/parola\/\",\"name\":\"Parola Foly\u00f3irat\",\"description\":\"\",\"potentialAction\":[{\"@type\":\"SearchAction\",\"target\":{\"@type\":\"EntryPoint\",\"urlTemplate\":\"https:\/\/kofe.hu\/parola\/?s={search_term_string}\"},\"query-input\":{\"@type\":\"PropertyValueSpecification\",\"valueRequired\":true,\"valueName\":\"search_term_string\"}}],\"inLanguage\":\"hu\"},{\"@type\":\"Person\",\"@id\":\"https:\/\/kofe.hu\/parola\/#\/schema\/person\/edc9ca20faa654fdc596a014c8ac3241\",\"name\":\"Csabai Lucia\",\"image\":{\"@type\":\"ImageObject\",\"inLanguage\":\"hu\",\"@id\":\"https:\/\/kofe.hu\/parola\/#\/schema\/person\/image\/58089476c79c3a790c7a7b61f604df2a\",\"url\":\"https:\/\/secure.gravatar.com\/avatar\/9806a55a3d06a7bd2189e071d80a5f460e1aa04a86c8bc8fa064cd4e8c852294?s=96&d=mm&r=g\",\"contentUrl\":\"https:\/\/secure.gravatar.com\/avatar\/9806a55a3d06a7bd2189e071d80a5f460e1aa04a86c8bc8fa064cd4e8c852294?s=96&d=mm&r=g\",\"caption\":\"Csabai Lucia\"},\"url\":\"https:\/\/kofe.hu\/parola\/szerzok\/csabai-lucia\/\"}]}<\/script>\n<!-- \/ Yoast SEO plugin. -->","yoast_head_json":{"title":"A k\u00f6z\u00f6ss\u00e9gi tervez\u00e9s maratonja - Parola Foly\u00f3irat","robots":{"index":"index","follow":"follow","max-snippet":"max-snippet:-1","max-image-preview":"max-image-preview:large","max-video-preview":"max-video-preview:-1"},"canonical":"https:\/\/kofe.hu\/parola\/parola-folyoirat\/a-kozossegi-tervezes-maratonja\/","og_locale":"hu_HU","og_type":"article","og_title":"A k\u00f6z\u00f6ss\u00e9gi tervez\u00e9s maratonja - Parola Foly\u00f3irat","og_description":"Vajon mi t\u00f6rt\u00e9nik, ha lehet\u0151s\u00e9get teremt\u00fcnk arra, hogy 48 \u00f3r\u00e1n kereszt\u00fcl, egy adott kist\u00e9rs\u00e9gben \u00e9l\u0151 emberek, v\u00e1llalkoz\u00f3k, politikusok, k\u00f6z\u00f6ss\u00e9gi munk\u00e1sok, \u00e9s m\u00e1s ell\u00e1t\u00e1sban \u00e9rintett szakemberek egy maratoni k\u00f6z\u00f6ss\u00e9gi tervez\u00e9si folyamatban vegyenek r\u00e9szt? Mi, aki \u00e9ppen ilyesmit tervez\u00fcnk, azt rem\u00e9lj\u00fck: j\u00f3l megtervezett, helyben kialak\u00edtott v\u00e1ltoz\u00e1s. V\u00e1ltoz\u00e1s a helyi er\u0151forr\u00e1sok hat\u00e9konyabb felhaszn\u00e1l\u00e1s\u00e1ban, az\u00e1ltal, hogy a helyi probl\u00e9m\u00e1kra [&hellip;]","og_url":"https:\/\/kofe.hu\/parola\/parola-folyoirat\/a-kozossegi-tervezes-maratonja\/","og_site_name":"Parola Foly\u00f3irat","article_published_time":"2021-02-05T07:16:00+00:00","article_modified_time":"2021-02-16T19:23:38+00:00","og_image":[{"width":960,"height":720,"url":"https:\/\/kofe.hu\/parola\/wp-content\/uploads\/2021\/02\/2020-3-4-CsL-3.jpg","type":"image\/jpeg"}],"author":"Csabai Lucia","twitter_card":"summary_large_image","twitter_misc":{"Szerz\u0151:":"Csabai Lucia","Becs\u00fclt olvas\u00e1si id\u0151":"12 perc","Written by":"Csabai Lucia"},"schema":{"@context":"https:\/\/schema.org","@graph":[{"@type":"Article","@id":"https:\/\/kofe.hu\/parola\/parola-folyoirat\/a-kozossegi-tervezes-maratonja\/#article","isPartOf":{"@id":"https:\/\/kofe.hu\/parola\/parola-folyoirat\/a-kozossegi-tervezes-maratonja\/"},"author":{"name":"Csabai Lucia","@id":"https:\/\/kofe.hu\/parola\/#\/schema\/person\/edc9ca20faa654fdc596a014c8ac3241"},"headline":"A k\u00f6z\u00f6ss\u00e9gi tervez\u00e9s maratonja","datePublished":"2021-02-05T07:16:00+00:00","dateModified":"2021-02-16T19:23:38+00:00","mainEntityOfPage":{"@id":"https:\/\/kofe.hu\/parola\/parola-folyoirat\/a-kozossegi-tervezes-maratonja\/"},"wordCount":2331,"commentCount":0,"image":{"@id":"https:\/\/kofe.hu\/parola\/parola-folyoirat\/a-kozossegi-tervezes-maratonja\/#primaryimage"},"thumbnailUrl":"https:\/\/kofe.hu\/parola\/wp-content\/uploads\/2021\/02\/2020-3-4-CsL-3.jpg","keywords":["\u00c9sztorsz\u00e1g","hackathon","K\u00f6z\u00f6ss\u00e9gfejleszt\u0151k Egyes\u00fclete","k\u00f6z\u00f6ss\u00e9gi tervez\u00e9s maraton","r\u00e9szv\u00e9tel","vid\u00e9kfejleszt\u00e9s"],"articleSection":["Parola 2020\/3-4","Parola Foly\u00f3irat","Repert\u00f3rium"],"inLanguage":"hu","potentialAction":[{"@type":"CommentAction","name":"Comment","target":["https:\/\/kofe.hu\/parola\/parola-folyoirat\/a-kozossegi-tervezes-maratonja\/#respond"]}]},{"@type":"WebPage","@id":"https:\/\/kofe.hu\/parola\/parola-folyoirat\/a-kozossegi-tervezes-maratonja\/","url":"https:\/\/kofe.hu\/parola\/parola-folyoirat\/a-kozossegi-tervezes-maratonja\/","name":"A k\u00f6z\u00f6ss\u00e9gi tervez\u00e9s maratonja - Parola Foly\u00f3irat","isPartOf":{"@id":"https:\/\/kofe.hu\/parola\/#website"},"primaryImageOfPage":{"@id":"https:\/\/kofe.hu\/parola\/parola-folyoirat\/a-kozossegi-tervezes-maratonja\/#primaryimage"},"image":{"@id":"https:\/\/kofe.hu\/parola\/parola-folyoirat\/a-kozossegi-tervezes-maratonja\/#primaryimage"},"thumbnailUrl":"https:\/\/kofe.hu\/parola\/wp-content\/uploads\/2021\/02\/2020-3-4-CsL-3.jpg","datePublished":"2021-02-05T07:16:00+00:00","dateModified":"2021-02-16T19:23:38+00:00","author":{"@id":"https:\/\/kofe.hu\/parola\/#\/schema\/person\/edc9ca20faa654fdc596a014c8ac3241"},"breadcrumb":{"@id":"https:\/\/kofe.hu\/parola\/parola-folyoirat\/a-kozossegi-tervezes-maratonja\/#breadcrumb"},"inLanguage":"hu","potentialAction":[{"@type":"ReadAction","target":["https:\/\/kofe.hu\/parola\/parola-folyoirat\/a-kozossegi-tervezes-maratonja\/"]}]},{"@type":"ImageObject","inLanguage":"hu","@id":"https:\/\/kofe.hu\/parola\/parola-folyoirat\/a-kozossegi-tervezes-maratonja\/#primaryimage","url":"https:\/\/kofe.hu\/parola\/wp-content\/uploads\/2021\/02\/2020-3-4-CsL-3.jpg","contentUrl":"https:\/\/kofe.hu\/parola\/wp-content\/uploads\/2021\/02\/2020-3-4-CsL-3.jpg","width":960,"height":720},{"@type":"BreadcrumbList","@id":"https:\/\/kofe.hu\/parola\/parola-folyoirat\/a-kozossegi-tervezes-maratonja\/#breadcrumb","itemListElement":[{"@type":"ListItem","position":1,"name":"Home","item":"https:\/\/kofe.hu\/parola\/"},{"@type":"ListItem","position":2,"name":"A k\u00f6z\u00f6ss\u00e9gi tervez\u00e9s maratonja"}]},{"@type":"WebSite","@id":"https:\/\/kofe.hu\/parola\/#website","url":"https:\/\/kofe.hu\/parola\/","name":"Parola Foly\u00f3irat","description":"","potentialAction":[{"@type":"SearchAction","target":{"@type":"EntryPoint","urlTemplate":"https:\/\/kofe.hu\/parola\/?s={search_term_string}"},"query-input":{"@type":"PropertyValueSpecification","valueRequired":true,"valueName":"search_term_string"}}],"inLanguage":"hu"},{"@type":"Person","@id":"https:\/\/kofe.hu\/parola\/#\/schema\/person\/edc9ca20faa654fdc596a014c8ac3241","name":"Csabai Lucia","image":{"@type":"ImageObject","inLanguage":"hu","@id":"https:\/\/kofe.hu\/parola\/#\/schema\/person\/image\/58089476c79c3a790c7a7b61f604df2a","url":"https:\/\/secure.gravatar.com\/avatar\/9806a55a3d06a7bd2189e071d80a5f460e1aa04a86c8bc8fa064cd4e8c852294?s=96&d=mm&r=g","contentUrl":"https:\/\/secure.gravatar.com\/avatar\/9806a55a3d06a7bd2189e071d80a5f460e1aa04a86c8bc8fa064cd4e8c852294?s=96&d=mm&r=g","caption":"Csabai Lucia"},"url":"https:\/\/kofe.hu\/parola\/szerzok\/csabai-lucia\/"}]}},"_links":{"self":[{"href":"https:\/\/kofe.hu\/parola\/wp-json\/wp\/v2\/posts\/5841","targetHints":{"allow":["GET"]}}],"collection":[{"href":"https:\/\/kofe.hu\/parola\/wp-json\/wp\/v2\/posts"}],"about":[{"href":"https:\/\/kofe.hu\/parola\/wp-json\/wp\/v2\/types\/post"}],"author":[{"embeddable":true,"href":"https:\/\/kofe.hu\/parola\/wp-json\/wp\/v2\/users\/27"}],"replies":[{"embeddable":true,"href":"https:\/\/kofe.hu\/parola\/wp-json\/wp\/v2\/comments?post=5841"}],"version-history":[{"count":6,"href":"https:\/\/kofe.hu\/parola\/wp-json\/wp\/v2\/posts\/5841\/revisions"}],"predecessor-version":[{"id":5954,"href":"https:\/\/kofe.hu\/parola\/wp-json\/wp\/v2\/posts\/5841\/revisions\/5954"}],"wp:featuredmedia":[{"embeddable":true,"href":"https:\/\/kofe.hu\/parola\/wp-json\/wp\/v2\/media\/5846"}],"wp:attachment":[{"href":"https:\/\/kofe.hu\/parola\/wp-json\/wp\/v2\/media?parent=5841"}],"wp:term":[{"taxonomy":"category","embeddable":true,"href":"https:\/\/kofe.hu\/parola\/wp-json\/wp\/v2\/categories?post=5841"},{"taxonomy":"post_tag","embeddable":true,"href":"https:\/\/kofe.hu\/parola\/wp-json\/wp\/v2\/tags?post=5841"},{"taxonomy":"author","embeddable":true,"href":"https:\/\/kofe.hu\/parola\/wp-json\/wp\/v2\/coauthors?post=5841"}],"curies":[{"name":"wp","href":"https:\/\/api.w.org\/{rel}","templated":true}]}}