{"id":5826,"date":"2021-02-05T00:30:59","date_gmt":"2021-02-05T00:30:59","guid":{"rendered":"https:\/\/kofe.hu\/parola\/?p=5826"},"modified":"2021-02-16T19:24:32","modified_gmt":"2021-02-16T19:24:32","slug":"ajanlo-a-kozossegi-megoldasok-korebol","status":"publish","type":"post","link":"https:\/\/kofe.hu\/parola\/parola-folyoirat\/ajanlo-a-kozossegi-megoldasok-korebol\/","title":{"rendered":"Aj\u00e1nl\u00f3 a k\u00f6z\u00f6ss\u00e9gi megold\u00e1sok k\u00f6r\u00e9b\u0151l"},"content":{"rendered":"<h2><strong><img loading=\"lazy\" decoding=\"async\" class=\"alignright size-full wp-image-5827\" src=\"https:\/\/kofe.hu\/parola\/wp-content\/uploads\/2021\/02\/2020-3-4-HJ-1.gif\" alt=\"\" width=\"150\" height=\"64\" srcset=\"https:\/\/kofe.hu\/parola\/wp-content\/uploads\/2021\/02\/2020-3-4-HJ-1.gif 150w, https:\/\/kofe.hu\/parola\/wp-content\/uploads\/2021\/02\/2020-3-4-HJ-1-10x4.gif 10w\" sizes=\"auto, (max-width: 150px) 100vw, 150px\" \/>Eur\u00f3pai v\u00e1rosfejleszt\u00e9si j\u00f3 gyakorlatok sikeres adapt\u00e1ci\u00f3ja<\/strong><\/h2>\n<p>K\u00f6zel 80 r\u00e9sztvev\u0151vel sikeresen lezajlott a rendezv\u00e9ny a h\u00e9tk\u00f6znapjainkat \u00e1tform\u00e1l\u00f3 j\u00e1rv\u00e1nyhelyzet k\u00f6vetkezt\u00e9ben gyakorlatt\u00e1 v\u00e1lt online form\u00e1ban. A program megnyit\u00f3j\u00e1ban T\u00f3th Attila, a Minisztereln\u00f6ks\u00e9g Telep\u00fcl\u00e9sfejleszt\u00e9si Oszt\u00e1ly\u00e1nak vezet\u0151je kiemelte, hogy az URBACT Program (2021-27 k\u00f6z\u00f6tti) negyedik ciklus\u00e1nak el\u0151k\u00e9sz\u00edt\u00e9s\u00e9n dolgozik a Monitoring Bizotts\u00e1g, amelynek k\u00f6vetkez\u0151 \u00fcl\u00e9s\u00e9n a programoz\u00e1s mellett a 2021. \u00e9vi lehets\u00e9ges pilot projektekr\u0151l is sz\u00f3 lesz. Tov\u00e1bbra is fontosnak tartja a v\u00e1rosok k\u00f6z\u00f6tti sikeres tapasztalatcser\u00e9ket, a p\u00e9lda\u00e9rt\u00e9k\u0171 j\u00f3 gyakorlat transzfer eredm\u00e9nyeket. Az URBACT hossz\u00fa \u00e9vek alatt kifejlesztett m\u00f3dszertan\u00e1val, szak\u00e9rt\u0151i b\u00e1zis\u00e1val, kapacit\u00e1s\u00e9p\u00edt\u0151 egyetemeivel val\u00f3s probl\u00e9m\u00e1kat seg\u00edt megoldani, mik\u00f6zben tov\u00e1bbi lehet\u0151s\u00e9gekre inspir\u00e1l.<\/p>\n<p>Forr\u00e1s \u00e9s folytat\u00e1s:<\/p>\n<p><a href=\"https:\/\/urbact.eu\/eur%C3%B3pai-v%C3%A1rosfejleszt%C3%A9si-j%C3%B3-gyakorlatok-sikeres-adapt%C3%A1ci%C3%B3ja\">https:\/\/urbact.eu\/eur%C3%B3pai-v%C3%A1rosfejleszt%C3%A9si-j%C3%B3-gyakorlatok-sikeres-adapt%C3%A1ci%C3%B3ja<\/a><\/p>\n<p>&nbsp;<\/p>\n<h2><strong><img loading=\"lazy\" decoding=\"async\" class=\"alignright size-full wp-image-5828\" src=\"https:\/\/kofe.hu\/parola\/wp-content\/uploads\/2021\/02\/2020-3-4-HJ-2.jpg\" alt=\"\" width=\"107\" height=\"40\" srcset=\"https:\/\/kofe.hu\/parola\/wp-content\/uploads\/2021\/02\/2020-3-4-HJ-2.jpg 107w, https:\/\/kofe.hu\/parola\/wp-content\/uploads\/2021\/02\/2020-3-4-HJ-2-10x4.jpg 10w\" sizes=\"auto, (max-width: 107px) 100vw, 107px\" \/>Zsigeri ellen\u00e9rz\u00e9s\u00fcnk van, hogy megfizess\u00fck azokat, akik m\u00e1sokon seg\u00edtenek \u2013 merre tov\u00e1bb, civilek?<\/strong><\/h2>\n<p>Adjunk es\u00e9lyt magunknak, hogy m\u00e1sk\u00e9nt gondoljunk a nonprofit szektor m\u0171k\u00f6d\u00e9s\u00e9re. Pistyur Veronika, a Bridge Budapest vezet\u0151j\u00e9nek vend\u00e9gcikke a k\u00f6zelg\u0151 Adakoz\u00f3 Kedd alkalm\u00e1b\u00f3l:<\/p>\n<p><em>\u201eSok\u00e1ig csak \u00f6sszeszorult a sz\u00edvem, amikor azt l\u00e1ttam, egy civil vezet\u0151 a Facebookon elkeseredett posztban gy\u0171jt a saj\u00e1t meg\u00e9lhet\u00e9s\u00e9re. M\u00e1ra el\u00f6nt a rossz \u00e9rz\u00e9s, amikor ilyen kil\u00e1t\u00e1stalan, vissza-visszat\u00e9r\u0151 kr\u00edziseket l\u00e1tok. Helyzeteket \u00e9s k\u00f6r\u00fclm\u00e9nyeket, amikbe civilszervezetek vezet\u0151i gyakran ker\u00fclnek. Civil vezet\u0151k\u00e9nt \u2013 egy\u00fattal piaci szerepl\u0151k\u00e9nt \u2013 most nem ventil\u00e1lni szeretn\u00e9k, sokkal ink\u00e1bb k\u00f6z\u00f6s v\u00e9giggondol\u00e1sra h\u00edvni, mi lehet az oka, hogy csod\u00e1latos programokat fel\u00e9p\u00edt\u0151 civilek m\u00e1ig arra k\u00e9nyszer\u00fclnek, hogy sz\u00e9gyenkezve k\u00e9rjenek a saj\u00e1t meg\u00e9lhet\u00e9s\u00fckre p\u00e9nzt, hogy v\u00e9gezhess\u00e9k azt a \u2013 gyakran munkaid\u0151t nem ismer\u0151 \u2013 misszi\u00f3t, amire van, hogy r\u00e1megy a csal\u00e1djuk, az egzisztenci\u00e1juk, a biztons\u00e1g\u00e9rzet\u00fck.\u201d<\/em><\/p>\n<p>Forr\u00e1s \u00e9s folytat\u00e1s:<\/p>\n<p><a href=\"https:\/\/forbes.hu\/legyel-jobb\/civilek-csr-pistyur-velemeny\/\">https:\/\/forbes.hu\/legyel-jobb\/civilek-csr-pistyur-velemeny\/<\/a><\/p>\n<p>&nbsp;<\/p>\n<h2><strong><img loading=\"lazy\" decoding=\"async\" class=\"alignright size-full wp-image-5829\" src=\"https:\/\/kofe.hu\/parola\/wp-content\/uploads\/2021\/02\/2020-3-4-HJ-3.png\" alt=\"\" width=\"150\" height=\"26\" srcset=\"https:\/\/kofe.hu\/parola\/wp-content\/uploads\/2021\/02\/2020-3-4-HJ-3.png 150w, https:\/\/kofe.hu\/parola\/wp-content\/uploads\/2021\/02\/2020-3-4-HJ-3-10x2.png 10w\" sizes=\"auto, (max-width: 150px) 100vw, 150px\" \/>Az Auton\u00f3mia Alap\u00edtv\u00e1ny hi\u00e1nyp\u00f3tl\u00f3 besz\u00e9lget\u00e9sekkel \u00fcnnepelte 30. sz\u00fclet\u00e9snapj\u00e1t<\/strong><\/h2>\n<p>Az Auton\u00f3mia Alap\u00edtv\u00e1ny 30 \u00e9ve dolgozik a h\u00e1tr\u00e1nyos helyzet\u0171 csoportok, k\u00f6z\u00f6tt\u00fck is els\u0151sorban a rom\u00e1k meger\u0151s\u00edt\u00e9s\u00e9\u00e9rt. Az \u00e9vtizedek sor\u00e1n a szellemi m\u0171helyben sz\u00e1mos ter\u00fcleten ker\u00fcltek kidolgoz\u00e1sra innovat\u00edv m\u00f3dszerek. A sz\u00fclet\u00e9snap alkalm\u00e1b\u00f3l az online t\u00e9rben rendezt\u00fcnk besz\u00e9lget\u00e9ssorozatot az elt\u00e9r\u0151 ter\u00fcletek k\u00e9pvisel\u0151ivel olyan t\u00e9m\u00e1kr\u00f3l, amelyek \u00e1ltal\u00e1ban h\u00e1tt\u00e9rbe szorulnak a k\u00f6zbesz\u00e9dben, pedig mindannyiunk \u00e9let\u00e9re jelent\u0151s hat\u00e1ssal b\u00edrnak. A sz\u00e1mos szak\u00e9rt\u0151 r\u00e9szv\u00e9tel\u00e9vel megrendezett tal\u00e1lkoz\u00f3k egyenk\u00e9nt m\u00e1sf\u00e9l\u00f3r\u00e1s felv\u00e9telei tov\u00e1bbra is el\u00e9rhet\u0151ek, b\u00edzunk benn\u00fck, hogy inspir\u00e1lni fogj\u00e1k m\u00e1sok munk\u00e1j\u00e1t \u00e9s a szakmai diskurzust, illetve alapanyagot adhatnak a t\u00e9m\u00e1k m\u00e9di\u00e1ban t\u00f6rt\u00e9n\u0151 feldolgoz\u00e1s\u00e1hoz.<\/p>\n<p>Folytat\u00e1s:<\/p>\n<p><a href=\"http:\/\/www.pafi.hu\/_pafi\/cikkek.nsf\/cimsz\/3C076076B069D045C125864500522B2D\">http:\/\/www.pafi.hu\/_pafi\/cikkek.nsf\/cimsz\/3C076076B069D045C125864500522B2D<\/a><\/p>\n<p>&nbsp;<\/p>\n<h2><strong><img loading=\"lazy\" decoding=\"async\" class=\"alignright wp-image-5830\" src=\"https:\/\/kofe.hu\/parola\/wp-content\/uploads\/2021\/02\/2020-3-4-HJ-4-150x150.png\" alt=\"\" width=\"100\" height=\"101\" srcset=\"https:\/\/kofe.hu\/parola\/wp-content\/uploads\/2021\/02\/2020-3-4-HJ-4-150x150.png 150w, https:\/\/kofe.hu\/parola\/wp-content\/uploads\/2021\/02\/2020-3-4-HJ-4-10x10.png 10w\" sizes=\"auto, (max-width: 100px) 100vw, 100px\" \/>K\u00f6z\u00f6s platformon &#8211; helyi k\u00f6z\u00f6ss\u00e9gi megold\u00e1sok a koronav\u00edrus-v\u00e1ls\u00e1g ellen<\/strong><\/h2>\n<p>Mit tehetnek helyben a koronav\u00e1ls\u00e1g megold\u00e1s\u00e1\u00e9rt az \u00f6nkorm\u00e1nyzatok, a k\u00e9pvisel\u0151k, a civilek \u00e9s a helyi k\u00f6z\u00f6ss\u00e9gek egy\u00fctt?\u00a0\u00daj kiadv\u00e1nyunk a tavalyi v\u00e1laszt\u00e1sok ut\u00e1n\u00a0Helyi egy\u00fcttm\u0171k\u00f6d\u00e9sek rendszere\u00a0c\u00edmmel megjelent k\u00f6tet folytat\u00e1sa. Egy \u00e9ve, a v\u00e1laszt\u00e1sok ut\u00e1n azt tekintett\u00fck \u00e1t, hogyan j\u00e1rulhat hozz\u00e1 az \u00e1tl\u00e1that\u00f3s\u00e1g \u00e9s a r\u00e9szv\u00e9teli demokr\u00e1cia er\u0151s\u00edt\u00e9se egy \u00faj politikai kult\u00fara kialak\u00edt\u00e1s\u00e1hoz helyi szinten. A rem\u00e9lt helyi egy\u00fcttm\u0171k\u00f6d\u00e9seket megteremt\u0151 r\u00e9szv\u00e9teli fordulat azonban v\u00e1ratlan form\u00e1ban k\u00f6vetkezett be. A koronav\u00edrus-j\u00e1rv\u00e1ny \u00e9s vele p\u00e1rhuzamosan a k\u00f6zponti korm\u00e1nyzati elvon\u00e1sok egyfel\u0151l drasztikusan sz\u0171k\u00edtett\u00e9k a t\u00e1rsadalmas\u00edt\u00e1s mozg\u00e1ster\u00e9t, m\u00e1sfel\u0151l azonban a v\u00e1ls\u00e1gra adott \u00f6szt\u00f6n\u00f6s reakci\u00f3k maguk is k\u00f6z\u00f6ss\u00e9gi megold\u00e1sok fel\u00e9 nyitott\u00e1k meg az utat. Tanulm\u00e1nyunk ezeket tekinti \u00e1t: online f\u00f3rumok, \u00f6nk\u00e9ntess\u00e9g, k\u00f6z\u00f6ss\u00e9gi finansz\u00edroz\u00e1s &#8211; t\u00f6bbek k\u00f6zt ezek helyi szint\u0171 haszn\u00e1lat\u00e1t t\u00e9rk\u00e9pezt\u00fck fel.<\/p>\n<p>Forr\u00e1s \u00e9s folytat\u00e1s:<\/p>\n<p><a href=\"https:\/\/k.blog.hu\/2020\/11\/30\/kozos_platformon_helyi_kozossegi_megoldasok_a_koronavirus-valsag_ellen\">https:\/\/k.blog.hu\/2020\/11\/30\/kozos_platformon_helyi_kozossegi_megoldasok_a_koronavirus-valsag_ellen<\/a><\/p>\n<p>&nbsp;<\/p>\n<h2><strong><img loading=\"lazy\" decoding=\"async\" class=\"alignright wp-image-5830\" src=\"https:\/\/kofe.hu\/parola\/wp-content\/uploads\/2021\/02\/2020-3-4-HJ-4-150x150.png\" alt=\"\" width=\"99\" height=\"99\" srcset=\"https:\/\/kofe.hu\/parola\/wp-content\/uploads\/2021\/02\/2020-3-4-HJ-4-150x150.png 150w, https:\/\/kofe.hu\/parola\/wp-content\/uploads\/2021\/02\/2020-3-4-HJ-4-10x10.png 10w\" sizes=\"auto, (max-width: 99px) 100vw, 99px\" \/>\u00d6tletek \u00e9s eszk\u00f6z\u00f6k az \u00f6nkorm\u00e1nyzatis\u00e1g meg\u00faj\u00edt\u00e1s\u00e1hoz<\/strong><\/h2>\n<p><em>Helyi egy\u00fcttm\u0171k\u00f6d\u00e9sek rendszere &#8211; \u00d6tletek az \u00f6nkorm\u00e1nyzatis\u00e1g meg\u00faj\u00edt\u00e1s\u00e1hoz <\/em>c\u00edmmel ki\u00e1ltv\u00e1nyjelleg\u0171 tanulm\u00e1nyban foglaltuk \u00f6ssze, hogyan j\u00e1rulhat hozz\u00e1 az \u00e1tl\u00e1that\u00f3s\u00e1g \u00e9s a r\u00e9szv\u00e9teli demokr\u00e1cia er\u0151s\u00edt\u00e9se egy \u00faj politikai kult\u00fara kialak\u00edt\u00e1s\u00e1hoz helyi szinten. Nemzetk\u00f6zi p\u00e9ld\u00e1k sor\u00e1t \u00e1ttekintve nemcsak egy \u00faj szeml\u00e9letm\u00f3dot, de konkr\u00e9t eszk\u00f6z\u00f6ket is javasolunk az \u00f6nkorm\u00e1nyzati szf\u00e9ra sz\u00e1m\u00e1ra a digit\u00e1lis eszk\u00f6z\u00f6k \u00e9s a helyben keletkez\u0151 adatok haszn\u00e1lata, az \u00e1tl\u00e1that\u00f3s\u00e1g, a konzult\u00e1ci\u00f3, a r\u00e9szv\u00e9telis\u00e9g, a bevon\u00e1s j\u00e1t\u00e9kosabb\u00e1 t\u00e9tele \u00e9s a konszenzusteremt\u00e9s ter\u00fcletein. A kiadv\u00e1nyt egy\u00a0folyamatosan friss\u00fcl\u0151 eszk\u00f6zt\u00e1r eg\u00e9sz\u00edti ki, ahov\u00e1 az \u00e1ltalunk megismert inspir\u00e1l\u00f3 p\u00e9ld\u00e1kat, h\u00e1tt\u00e9ranyagokat gy\u0171jtj\u00fck.<\/p>\n<p>Forr\u00e1s \u00e9s folytat\u00e1s:<\/p>\n<p><a href=\"https:\/\/k.blog.hu\/2019\/11\/19\/atlathato_reszveteli_onkormanyzatisag\">https:\/\/k.blog.hu\/2019\/11\/19\/atlathato_reszveteli_onkormanyzatisag<\/a><\/p>\n<p>&nbsp;<\/p>\n<h2><strong><img loading=\"lazy\" decoding=\"async\" class=\"alignright size-full wp-image-5827\" src=\"https:\/\/kofe.hu\/parola\/wp-content\/uploads\/2021\/02\/2020-3-4-HJ-1.gif\" alt=\"\" width=\"150\" height=\"64\" srcset=\"https:\/\/kofe.hu\/parola\/wp-content\/uploads\/2021\/02\/2020-3-4-HJ-1.gif 150w, https:\/\/kofe.hu\/parola\/wp-content\/uploads\/2021\/02\/2020-3-4-HJ-1-10x4.gif 10w\" sizes=\"auto, (max-width: 150px) 100vw, 150px\" \/>URBACT Online V\u00e1rostal\u00e1lkoz\u00f3 \u2013 \u00d6sszefoglal\u00f3<\/strong><\/h2>\n<p>A program sor\u00e1n a bevezet\u0151 el\u0151ad\u00e1sokban a folyamatban l\u00e9v\u0151 \u00e9s a k\u00f6vetkez\u0151 EU-s ciklus k\u00e9t n\u00e9pszer\u0171 t\u00e9mak\u00f6r\u00e9t \u00e9rintett\u00fck: sz\u00f3 esett a k\u00f6z\u00f6ss\u00e9gvez\u00e9relt helyi fejleszt\u00e9sek (CLLD program) v\u00e1rosi tapasztalatair\u00f3l, tov\u00e1bb\u00e1 k\u00e9t el\u0151ad\u00e1st szentelt\u00fcnk a z\u00f6ld-k\u00e9k infrastrukt\u00fara t\u00e9mak\u00f6r\u00e9nek. Az el\u0151ad\u00e1sokat k\u00f6vet\u0151en egy tanuls\u00e1gos panelbesz\u00e9lget\u00e9sre ker\u00fclt sor az akci\u00f3tervez\u00e9si h\u00e1l\u00f3zatok n\u00e9gy hazai v\u00e1ros\u00e1nak k\u00e9pvisel\u0151ivel, szak\u00e9rt\u0151ivel.<\/p>\n<p>Forr\u00e1s \u00e9s folytat\u00e1s:<\/p>\n<p><a href=\"https:\/\/urbact.eu\/urbact-online-v%C3%A1rostal%C3%A1lkoz%C3%B3-%E2%80%93-%C3%B6sszefoglal%C3%B3-2020-december-8\">https:\/\/urbact.eu\/urbact-online-v%C3%A1rostal%C3%A1lkoz%C3%B3-%E2%80%93-%C3%B6sszefoglal%C3%B3-2020-december-8<\/a><\/p>\n<p>&nbsp;<\/p>\n<h2><strong><img loading=\"lazy\" decoding=\"async\" class=\"alignright wp-image-5831\" src=\"https:\/\/kofe.hu\/parola\/wp-content\/uploads\/2021\/02\/2020-3-4-HJ-5-124x150.png\" alt=\"\" width=\"105\" height=\"128\" srcset=\"https:\/\/kofe.hu\/parola\/wp-content\/uploads\/2021\/02\/2020-3-4-HJ-5-124x150.png 124w, https:\/\/kofe.hu\/parola\/wp-content\/uploads\/2021\/02\/2020-3-4-HJ-5-7x10.png 7w\" sizes=\"auto, (max-width: 105px) 100vw, 105px\" \/>M\u00c1SODIK HULL\u00c1M &#8211; civil szervezeti j\u00f3 gyakorlatok a koronav\u00edrus-j\u00e1rv\u00e1nyban<\/strong><\/h2>\n<p>Az \u00faj koronav\u00edrus-j\u00e1rv\u00e1ny hazai megjelen\u00e9se \u00e9s a 2020. m\u00e1rcius k\u00f6zep\u00e9n elrendelt korl\u00e1toz\u00e1sok felk\u00e9sz\u00fcletlen\u00fcl \u00e9rt\u00e9k a magyar t\u00e1rsadalmat \u00e9s int\u00e9zm\u00e9nyeit. K\u00fcl\u00f6n\u00f6sen igaz volt ez az olyan, egy\u00e9bk\u00e9nt is neh\u00e9z helyzetben l\u00e9v\u0151, kiszolg\u00e1ltatott t\u00e9rs\u00e9gekre \u00e9s csoportokra, mint a leszakad\u00f3, romalakta falvak \u00e9s r\u00e9gi\u00f3k, az id\u0151sek, a hajl\u00e9ktalanok, a pszichi\u00e1triai betegek \u00e9s fogyat\u00e9kkal \u00e9l\u0151k valamint csal\u00e1djaik, illetve egyes foglalkoz\u00e1sok \u0171z\u0151i, p\u00e9ld\u00e1ul a kultur\u00e1lis szektorban. Kistelep\u00fcl\u00e9seken az addig alkalmi \u00e9s k\u00f6zmunk\u00e1b\u00f3l \u00e9l\u0151k az els\u0151k k\u00f6z\u00f6tt vesztett\u00e9k el meg\u00e9lhet\u00e9si forr\u00e1sukat \u2013 sz\u00e1mukra a napi betev\u0151 el\u0151teremt\u00e9se, a puszta t\u00fal\u00e9l\u00e9s is k\u00e9rd\u00e9sess\u00e9 v\u00e1lt. Az iskol\u00e1k bez\u00e1r\u00e1sa nyom\u00e1n a digit\u00e1lis oktat\u00e1sra val\u00f3 \u00e1tt\u00e9r\u00e9st nemcsak az internet-hozz\u00e1f\u00e9r\u00e9s \u00e9s a megfelel\u0151 eszk\u00f6z\u00f6k hi\u00e1nya h\u00e1tr\u00e1ltatta, de sokszor a tanul\u00e1shoz sz\u00fcks\u00e9ges nyugodt hely sem \u00e1llt sok di\u00e1k rendelkez\u00e9s\u00e9re, \u00e9s magukra hagyva nem voltak k\u00e9pesek az \u00f6n\u00e1ll\u00f3 tanul\u00e1sra sem. \u00c1tfog\u00f3 k\u00f6zponti int\u00e9zked\u00e9sek \u00e9s seg\u00edts\u00e9gny\u00fajt\u00e1s hi\u00e1ny\u00e1ban a helyi \u00f6nkorm\u00e1nyzatokra, a tenni akar\u00f3 emberekre \u00e9s \u2013 nem utols\u00f3sorban \u2013 a civil szervezetekre h\u00e1rult a feladat, hogy a v\u00e1ls\u00e1g \u00e1ltal legink\u00e1bb s\u00fajtottak helyzet\u00e9n valahogy jav\u00edtsanak.<\/p>\n<p>Forr\u00e1s \u00e9s folytat\u00e1s:<\/p>\n<p><a href=\"https:\/\/okotars.hu\/sites\/default\/files\/downloads\/masodik_hullam_jogyakorlatok.pdf\">https:\/\/okotars.hu\/sites\/default\/files\/downloads\/masodik_hullam_jogyakorlatok.pdf<\/a><\/p>\n<p>&nbsp;<\/p>\n<h2><strong><img loading=\"lazy\" decoding=\"async\" class=\"alignright size-full wp-image-5832\" src=\"https:\/\/kofe.hu\/parola\/wp-content\/uploads\/2021\/02\/2020-3-4-HJ-6.png\" alt=\"\" width=\"101\" height=\"145\" srcset=\"https:\/\/kofe.hu\/parola\/wp-content\/uploads\/2021\/02\/2020-3-4-HJ-6.png 101w, https:\/\/kofe.hu\/parola\/wp-content\/uploads\/2021\/02\/2020-3-4-HJ-6-7x10.png 7w\" sizes=\"auto, (max-width: 101px) 100vw, 101px\" \/>\u201eA tud\u00e1s\u00e1tad\u00e1s els\u0151sorban nem v\u00e1ros \u00e9s v\u00e1ros k\u00f6z\u00f6tt, hanem ember \u00e9s ember k\u00f6z\u00f6tt t\u00f6rt\u00e9nik\u201d \u2013 Interj\u00fa a ny\u00edregyh\u00e1zi TechRevolution projekt vezet\u0151ivel<\/strong><\/h2>\n<p>Ny\u00edregyh\u00e1za az ut\u00f3bbi n\u00e9h\u00e1ny \u00e9vben jelent\u0151s l\u00e9p\u00e9seket tett a gazdas\u00e1gfejleszt\u00e9shez \u00e9s a digit\u00e1lis gazdas\u00e1g meger\u0151s\u00edt\u00e9s\u00e9hez sz\u00fcks\u00e9ges infrastruktur\u00e1lis \u00e9s szem\u00e9lyi felt\u00e9telek, valamint az ezeket megalapoz\u00f3 m\u0171k\u00f6d\u00e9si modell megteremt\u00e9s\u00e9ben. Jelenleg zajl\u00f3 URBACT projektj\u00fckr\u0151l, az erre \u00e9p\u00fcl\u0151 tov\u00e1bbi fejleszt\u00e9seikr\u0151l, illetve az elm\u00falt id\u0151szak kih\u00edv\u00e1sair\u00f3l, j\u00f6v\u0151beli tervekr\u0151l a projekt k\u00e9pvisel\u0151ivel Bart\u00f3k D\u00e1viddal \u00e9s K\u00e9zy B\u00e9l\u00e1val besz\u00e9lgett\u00fcnk. A v\u00e1rosvezet\u00e9s maxim\u00e1lisan elk\u00f6telezett a gazdas\u00e1g integr\u00e1lt fejleszt\u00e9se ir\u00e1ny\u00e1ban, melynek csak egy \u2013 b\u00e1r egyre fontosabb \u2013 eleme a digit\u00e1lis gazdas\u00e1gfejleszt\u00e9s. Ehhez kapcsol\u00f3d\u00f3an az ut\u00f3bbi \u00e9vekben sz\u00e1mos egym\u00e1sra \u00e9p\u00fcl\u0151 projekt val\u00f3sult meg, ilyenek p\u00e9ld\u00e1ul az ipari ter\u00fcletek fejleszt\u00e9se, a helyi v\u00e1llalkoz\u00e1sok t\u00e1mogat\u00e1sa, az \u00f6nkorm\u00e1nyzati befektet\u00e9s\u00f6szt\u00f6nz\u00e9si rendelet megalkot\u00e1sa \u2013 hogy csak n\u00e9h\u00e1nyat eml\u00edts\u00fcnk. A v\u00e1rosban egy\u00e9bk\u00e9nt m\u00e1r r\u00e9g\u00f3ta k\u00f6rvonalaz\u00f3dnak azok a gazdas\u00e1gfejleszt\u00e9si projektek, melyek az elm\u00falt \u00e9vekben egy komplex fejleszt\u00e9ss\u00e9 \u00e1lltak \u00f6ssze. Ehhez kiv\u00e1l\u00f3 alapot biztos\u00edtott a TechTown URBACT projekt, hiszen ennek keret\u00e9ben Ny\u00edregyh\u00e1za hasonl\u00f3an a t\u00f6bbi partnerv\u00e1roshoz \u2013 elk\u00e9sz\u00edtette a saj\u00e1t integr\u00e1lt akci\u00f3terv\u00e9t.<\/p>\n<p>Forr\u00e1s \u00e9s folytat\u00e1s:<\/p>\n<p><a href=\"https:\/\/urbact.eu\/%E2%80%9E-tud%C3%A1s%C3%A1tad%C3%A1s-els%C5%91sorban-nem-v%C3%A1ros-%C3%A9s-v%C3%A1ros-k%C3%B6z%C3%B6tt-hanem-ember-%C3%A9s-ember-k%C3%B6z%C3%B6tt-t%C3%B6rt%C3%A9nik%E2%80%9D-%E2%80%93-interj%C3%BA\">https:\/\/urbact.eu\/%E2%80%9E-tud%C3%A1s%C3%A1tad%C3%A1s-els%C5%91sorban-nem-v%C3%A1ros-%C3%A9s-v%C3%A1ros-k%C3%B6z%C3%B6tt-hanem-ember-%C3%A9s-ember-k%C3%B6z%C3%B6tt-t%C3%B6rt%C3%A9nik%E2%80%9D-%E2%80%93-interj%C3%BA<\/a><\/p>\n<p>&nbsp;<\/p>\n<p><strong><img loading=\"lazy\" decoding=\"async\" class=\"alignright size-full wp-image-5827\" src=\"https:\/\/kofe.hu\/parola\/wp-content\/uploads\/2021\/02\/2020-3-4-HJ-1.gif\" alt=\"\" width=\"150\" height=\"64\" srcset=\"https:\/\/kofe.hu\/parola\/wp-content\/uploads\/2021\/02\/2020-3-4-HJ-1.gif 150w, https:\/\/kofe.hu\/parola\/wp-content\/uploads\/2021\/02\/2020-3-4-HJ-1-10x4.gif 10w\" sizes=\"auto, (max-width: 150px) 100vw, 150px\" \/><\/strong><\/p>\n<h2><strong>A kisv\u00e1rosok v\u00e1laszai a Covid-19 j\u00e1rv\u00e1nyra: \u201eFolyamatos egy\u00fcttm\u0171k\u00f6d\u00e9s n\u00e9lk\u00fcl nagyon egyed\u00fcl \u00e9rezt\u00fck volna magunkat\u201d<\/strong><\/h2>\n<p>\u00c9rintettek bevon\u00e1sa, szektorok k\u00f6z\u00f6tti egy\u00fcttm\u0171k\u00f6d\u00e9s, integr\u00e1lt tervez\u00e9s \u2013 URBACT m\u00f3dszerek a rugalmass\u00e1gra!<\/p>\n<p>A v\u00e1rosok agilit\u00e1ssal, kreativit\u00e1ssal \u00e9s k\u00f6z\u00f6ss\u00e9gi \u00f6sszetart\u00e1ssal v\u00e1laszoltak a Covid-19 kih\u00edv\u00e1saira. Ebben a cikkben t\u00f6bb olyan t\u00f6rt\u00e9netet osztunk meg az URBACT programban r\u00e9sztvev\u0151 kisv\u00e1rosokr\u00f3l, ahol a neh\u00e9zs\u00e9gek k\u00f6zepette k\u00e9zr\u0151l k\u00e9zre j\u00e1rt a seg\u00edts\u00e9g a lakosok \u00e9s a v\u00e1llalkoz\u00e1sok k\u00f6z\u00f6tt a fenntarthat\u00f3 integr\u00e1lt v\u00e1rosfejleszt\u00e9s jegy\u00e9ben. Eur\u00f3pa v\u00e1rosi lakoss\u00e1g\u00e1nak jelent\u0151s r\u00e9sze 100,000 f\u0151 alatti lakoss\u00e1gsz\u00e1m\u00fa telep\u00fcl\u00e9sen \u00e9l, ezek a v\u00e1rosok er\u0151sebben reprezent\u00e1lj\u00e1k magukat az URBACT h\u00e1l\u00f3zatokban, mint a metropoliszok. \u201eHa azt szeretn\u00e9nk, hogy a kisv\u00e1rosok rugalmass\u00e1ga n\u00f6vekedjen, akkor n\u00f6velni\u00fck kell a kapacit\u00e1sukat \u00e9s a magabiztoss\u00e1gukat \u2013 \u00e9s \u00edgy ker\u00fcl el\u0151t\u00e9rbe az URBACT program\u201d, nyilatkozta Wessel Badenhorst az URBACT iPlace network vezet\u0151 szak\u00e9rt\u0151je. Egy \u00e9v\u00fcnk volt arra, hogy tesztelni tudjuk a reziliencia k\u00e9pess\u00e9get.<\/p>\n<p>Forr\u00e1s \u00e9s folytat\u00e1s:<\/p>\n<p><a href=\"https:\/\/urbact.eu\/kisv%C3%A1rosok-v%C3%A1laszai-covid-19-j%C3%A1rv%C3%A1nyra-%E2%80%9Efolyamatos-egy%C3%BCttm%C5%B1k%C3%B6d%C3%A9s-n%C3%A9lk%C3%BCl-nagyon-egyed%C3%BCl-%C3%A9rezt%C3%BCk-volna\">https:\/\/urbact.eu\/kisv%C3%A1rosok-v%C3%A1laszai-covid-19-j%C3%A1rv%C3%A1nyra-%E2%80%9Efolyamatos-egy%C3%BCttm%C5%B1k%C3%B6d%C3%A9s-n%C3%A9lk%C3%BCl-nagyon-egyed%C3%BCl-%C3%A9rezt%C3%BCk-volna<\/a><\/p>\n<p>&nbsp;<\/p>\n<h2><strong><img loading=\"lazy\" decoding=\"async\" class=\"alignright size-thumbnail wp-image-5833\" src=\"https:\/\/kofe.hu\/parola\/wp-content\/uploads\/2021\/02\/2020-3-4-HJ-7-150x75.png\" alt=\"\" width=\"150\" height=\"75\" srcset=\"https:\/\/kofe.hu\/parola\/wp-content\/uploads\/2021\/02\/2020-3-4-HJ-7-150x75.png 150w, https:\/\/kofe.hu\/parola\/wp-content\/uploads\/2021\/02\/2020-3-4-HJ-7-10x5.png 10w\" sizes=\"auto, (max-width: 150px) 100vw, 150px\" \/>Gy\u00f6keres v\u00e1ltoztat\u00e1sok sz\u00fcks\u00e9gesek a j\u00e1rv\u00e1ny ut\u00e1n vil\u00e1gunk fenntarthat\u00f3s\u00e1ga \u00e9rdek\u00e9ben<\/strong><\/h2>\n<p>Az els\u0151 bizony\u00edtottan hat\u00e9kony koronav\u00edrus-vakcin\u00e1k hamarosan kezd\u0151d\u0151 t\u00f6meges alkalmaz\u00e1sa f\u00e9nyt gy\u00fajtott az alag\u00fat v\u00e9g\u00e9n, \u00e9s imm\u00e1r joggal rem\u00e9lhetj\u00fck, hogy bel\u00e1that\u00f3 id\u0151n bel\u00fcl visszat\u00e9r a vil\u00e1g m\u0171k\u00f6d\u00e9se a rendes ker\u00e9kv\u00e1g\u00e1sba. Csakhogy a \u201erendes ker\u00e9kv\u00e1g\u00e1s\u201d hossz\u00fa t\u00e1von nem minden tekintetben j\u00f3. Az Eur\u00f3pai Akad\u00e9mi\u00e1k Tudom\u00e1nyos Tan\u00e1csad\u00f3 Test\u00fclete (European Academies\u2019 Science Advisory Council, EASAC) nemr\u00e9giben nyilv\u00e1noss\u00e1gra hozott jelent\u00e9se gy\u00f6keres v\u00e1ltoztat\u00e1sokat s\u00fcrget a fenntarthat\u00f3 j\u00f6v\u0151 \u00e9rdek\u00e9ben\u2026.\u201eNincs el\u0151rehalad\u00e1s az ENSZ \u00e1ltal meghat\u00e1rozott 17 fenntarthat\u00f3 fejl\u0151d\u00e9si c\u00e9l megval\u00f3s\u00edt\u00e1s\u00e1ban, a kl\u00edmav\u00e1ltoz\u00e1s \u00e9s a biodiverzit\u00e1s cs\u00f6kken\u00e9s\u00e9nek trendjei egyre rosszabb ir\u00e1nyt vesznek. \u00cdgy felmer\u00fcl a k\u00e9rd\u00e9s, hogy a jelenlegi folyamatok nem vesz\u00e9lyeztetik-e az emberis\u00e9g l\u00e9t\u00e9t a j\u00f6v\u0151ben.\u201d<\/p>\n<p>Forr\u00e1s \u00e9s folytat\u00e1s:<\/p>\n<p><a href=\"https:\/\/mta.hu\/tudomany_hirei\/gyokeres-valtoztatasok-szuksegesek-a-jarvany-utan-vilagunk-fenntarthatosaga-erdekeben-all-a-friss-easac-jelentesben-111138\">https:\/\/mta.hu\/tudomany_hirei\/gyokeres-valtoztatasok-szuksegesek-a-jarvany-utan-vilagunk-fenntarthatosaga-erdekeben-all-a-friss-easac-jelentesben-111138<\/a><\/p>\n<p>&nbsp;<\/p>\n<h2><strong><img loading=\"lazy\" decoding=\"async\" class=\"alignright size-full wp-image-5834\" src=\"https:\/\/kofe.hu\/parola\/wp-content\/uploads\/2021\/02\/2020-3-4-HJ-8.jpg\" alt=\"\" width=\"73\" height=\"64\" srcset=\"https:\/\/kofe.hu\/parola\/wp-content\/uploads\/2021\/02\/2020-3-4-HJ-8.jpg 73w, https:\/\/kofe.hu\/parola\/wp-content\/uploads\/2021\/02\/2020-3-4-HJ-8-10x10.jpg 10w\" sizes=\"auto, (max-width: 73px) 100vw, 73px\" \/>A legszabadabb magyarokat d\u00edjazta a TASZ<\/strong><\/h2>\n<p>M\u00e1sodik alkalommal adta \u00e1t a T\u00e1rsas\u00e1g a Szabads\u00e1gjogok\u00e9rt (TASZ) a SZABAD-d\u00edjat, melynek jel\u00f6ltjei \u00e9s kit\u00fcntetettjei olyan h\u00e9tk\u00f6znapi h\u0151s\u00f6k, akik egy szabadabb \u00e9s egyenl\u0151bb Magyarorsz\u00e1g\u00e9rt \u00e1lltak ki tetteikkel. Id\u00e9n a koronav\u00edrus-j\u00e1rv\u00e1ny miatt online d\u00edj\u00e1tad\u00f3t tartottak, melynek m\u0171sorvezet\u0151je Kov\u00e1cs Patr\u00edcia volt. A sz\u00edn\u00e9szn\u0151 elmondta: a SZABAD-d\u00edj jel\u00f6ltjeit\u0151l megtanulhatjuk, hogy mindannyian form\u00e1l\u00f3i vagyunk annak a t\u00e1rsadalomnak, amiben \u00e9l\u00fcnk, vagy amiben \u00e9lni szeretn\u00e9nk.<\/p>\n<p>A d\u00edjazottakat a szakmai zs\u0171ri, illetve a k\u00f6z\u00f6ns\u00e9g kilenc jel\u00f6lt k\u00f6z\u00fcl v\u00e1laszthatta ki, akiket kort\u00e1rs \u00edr\u00f3k mutattak be az erre az alkalomra k\u00e9sz\u00fclt kiadv\u00e1nyban, illetve a TASZ blogj\u00e1n. A zs\u0171ri tagjai Cseke Eszter dokumentumfilmes rendez\u0151, Horv\u00e1th Dorka, a BOOKR Kids alap\u00edt\u00f3ja, Kapronczay Stef\u00e1nia, a TASZ \u00fcgyvezet\u0151 igazgat\u00f3ja, L\u00e1szl\u00f3 Kriszta, a Marie Claire f\u0151szerkeszt\u0151je \u00e9s Mikl\u00f3si G\u00e1bor, a 444 \u00fajs\u00e1g\u00edr\u00f3ja voltak.<\/p>\n<p>Forr\u00e1s \u00e9s folytat\u00e1s:<\/p>\n<p><a href=\"https:\/\/magyarnarancs.hu\/hirek\/a-legszabadabb-magyarokat-dijazta-a-tasz-234240\">https:\/\/magyarnarancs.hu\/hirek\/a-legszabadabb-magyarokat-dijazta-a-tasz-234240<\/a><\/p>\n<p>&nbsp;<\/p>\n<h2><strong><img loading=\"lazy\" decoding=\"async\" class=\"alignright size-full wp-image-5835\" src=\"https:\/\/kofe.hu\/parola\/wp-content\/uploads\/2021\/02\/2020-3-4-HJ-9.png\" alt=\"\" width=\"150\" height=\"104\" srcset=\"https:\/\/kofe.hu\/parola\/wp-content\/uploads\/2021\/02\/2020-3-4-HJ-9.png 150w, https:\/\/kofe.hu\/parola\/wp-content\/uploads\/2021\/02\/2020-3-4-HJ-9-10x7.png 10w\" sizes=\"auto, (max-width: 150px) 100vw, 150px\" \/>T\u00f6bb mint f\u00e9lmilli\u00f3 olyan ember \u00e9l Magyarorsz\u00e1gon, aki nem tudja kell\u0151k\u00e9ppen felf\u0171teni az otthon\u00e1t<\/strong><\/h2>\n<p>2019-ben az Eur\u00f3pai Uni\u00f3 teljes lakoss\u00e1g\u00e1nak 6,9 sz\u00e1zal\u00e9ka nem tudta a komfortszintj\u00e9nek megfelel\u0151re f\u0171teni az otthon\u00e1t \u2013 der\u00fcl ki az Eurostat szerd\u00e1n publik\u00e1lt jelent\u00e9s\u00e9b\u0151l. Ugyanez az adat 2012-ben m\u00e9g rosszabb volt: akkort\u00e1jt az uni\u00f3s lakoss\u00e1g 10,8 sz\u00e1zal\u00e9ka vallotta azt, hogy az otthona nem el\u00e9g meleg.<\/p>\n<p>Az uni\u00f3 eg\u00e9sz\u00e9t n\u00e9zve a bolg\u00e1rok vannak a legrosszabb helyzetben: itt a lakoss\u00e1g 30,1 sz\u00e1zal\u00e9ka nem tudja kell\u0151 szint\u0171re f\u0171teni a lak\u00e1st, ahol \u00e9l. Litv\u00e1ni\u00e1ban \u00e9s Cipruson is hasonl\u00f3 a helyzet.<\/p>\n<p>Forr\u00e1s \u00e9s folytat\u00e1s:<\/p>\n<p><a href=\"https:\/\/hvg.hu\/gazdasag\/20210106_futes_magyarorszag_eurostat\">https:\/\/hvg.hu\/gazdasag\/20210106_futes_magyarorszag_eurostat<\/a><\/p>\n<p>&nbsp;<\/p>\n<p>&nbsp;<\/p>\n<p>\u00d6ssze\u00e1ll\u00edtotta: Huszerl J\u00f3zsef<\/p>\n","protected":false},"excerpt":{"rendered":"<p>Eur\u00f3pai v\u00e1rosfejleszt\u00e9si j\u00f3 gyakorlatok sikeres adapt\u00e1ci\u00f3ja K\u00f6zel 80 r\u00e9sztvev\u0151vel sikeresen lezajlott a rendezv\u00e9ny a h\u00e9tk\u00f6znapjainkat \u00e1tform\u00e1l\u00f3 j\u00e1rv\u00e1nyhelyzet k\u00f6vetkezt\u00e9ben gyakorlatt\u00e1 v\u00e1lt online form\u00e1ban. A program megnyit\u00f3j\u00e1ban T\u00f3th Attila, a Minisztereln\u00f6ks\u00e9g Telep\u00fcl\u00e9sfejleszt\u00e9si Oszt\u00e1ly\u00e1nak vezet\u0151je kiemelte, hogy az URBACT Program (2021-27 k\u00f6z\u00f6tti) negyedik ciklus\u00e1nak el\u0151k\u00e9sz\u00edt\u00e9s\u00e9n dolgozik a Monitoring Bizotts\u00e1g, amelynek k\u00f6vetkez\u0151 \u00fcl\u00e9s\u00e9n a programoz\u00e1s mellett a 2021. \u00e9vi [&hellip;]<\/p>\n","protected":false},"author":29,"featured_media":5837,"comment_status":"open","ping_status":"open","sticky":false,"template":"","format":"standard","meta":{"_acf_changed":false,"footnotes":""},"categories":[729,8,7],"tags":[736],"coauthors":[25],"class_list":["post-5826","post","type-post","status-publish","format-standard","has-post-thumbnail","hentry","category-parola-2020-3-4","category-parola-folyoirat","category-repertorium","tag-kozossegi-megoldas"],"acf":[],"yoast_head":"<!-- This site is optimized with the Yoast SEO plugin v26.7 - https:\/\/yoast.com\/wordpress\/plugins\/seo\/ -->\n<title>Aj\u00e1nl\u00f3 a k\u00f6z\u00f6ss\u00e9gi megold\u00e1sok k\u00f6r\u00e9b\u0151l - Parola Foly\u00f3irat<\/title>\n<meta name=\"robots\" content=\"index, follow, max-snippet:-1, max-image-preview:large, max-video-preview:-1\" \/>\n<link rel=\"canonical\" href=\"https:\/\/kofe.hu\/parola\/parola-folyoirat\/ajanlo-a-kozossegi-megoldasok-korebol\/\" \/>\n<meta property=\"og:locale\" content=\"hu_HU\" \/>\n<meta property=\"og:type\" content=\"article\" \/>\n<meta property=\"og:title\" content=\"Aj\u00e1nl\u00f3 a k\u00f6z\u00f6ss\u00e9gi megold\u00e1sok k\u00f6r\u00e9b\u0151l - Parola Foly\u00f3irat\" \/>\n<meta property=\"og:description\" content=\"Eur\u00f3pai v\u00e1rosfejleszt\u00e9si j\u00f3 gyakorlatok sikeres adapt\u00e1ci\u00f3ja K\u00f6zel 80 r\u00e9sztvev\u0151vel sikeresen lezajlott a rendezv\u00e9ny a h\u00e9tk\u00f6znapjainkat \u00e1tform\u00e1l\u00f3 j\u00e1rv\u00e1nyhelyzet k\u00f6vetkezt\u00e9ben gyakorlatt\u00e1 v\u00e1lt online form\u00e1ban. A program megnyit\u00f3j\u00e1ban T\u00f3th Attila, a Minisztereln\u00f6ks\u00e9g Telep\u00fcl\u00e9sfejleszt\u00e9si Oszt\u00e1ly\u00e1nak vezet\u0151je kiemelte, hogy az URBACT Program (2021-27 k\u00f6z\u00f6tti) negyedik ciklus\u00e1nak el\u0151k\u00e9sz\u00edt\u00e9s\u00e9n dolgozik a Monitoring Bizotts\u00e1g, amelynek k\u00f6vetkez\u0151 \u00fcl\u00e9s\u00e9n a programoz\u00e1s mellett a 2021. \u00e9vi [&hellip;]\" \/>\n<meta property=\"og:url\" content=\"https:\/\/kofe.hu\/parola\/parola-folyoirat\/ajanlo-a-kozossegi-megoldasok-korebol\/\" \/>\n<meta property=\"og:site_name\" content=\"Parola Foly\u00f3irat\" \/>\n<meta property=\"article:published_time\" content=\"2021-02-05T00:30:59+00:00\" \/>\n<meta property=\"article:modified_time\" content=\"2021-02-16T19:24:32+00:00\" \/>\n<meta property=\"og:image\" content=\"https:\/\/kofe.hu\/parola\/wp-content\/uploads\/2021\/02\/2020-3-4-HJ-10.jpg\" \/>\n\t<meta property=\"og:image:width\" content=\"583\" \/>\n\t<meta property=\"og:image:height\" content=\"252\" \/>\n\t<meta property=\"og:image:type\" content=\"image\/jpeg\" \/>\n<meta name=\"author\" content=\"Huszerl J\u00f3zsef\" \/>\n<meta name=\"twitter:card\" content=\"summary_large_image\" \/>\n<meta name=\"twitter:label1\" content=\"Szerz\u0151:\" \/>\n\t<meta name=\"twitter:data1\" content=\"Huszerl J\u00f3zsef\" \/>\n\t<meta name=\"twitter:label2\" content=\"Becs\u00fclt olvas\u00e1si id\u0151\" \/>\n\t<meta name=\"twitter:data2\" content=\"13 perc\" \/>\n\t<meta name=\"twitter:label3\" content=\"Written by\" \/>\n\t<meta name=\"twitter:data3\" content=\"Huszerl J\u00f3zsef\" \/>\n<script type=\"application\/ld+json\" class=\"yoast-schema-graph\">{\"@context\":\"https:\/\/schema.org\",\"@graph\":[{\"@type\":\"Article\",\"@id\":\"https:\/\/kofe.hu\/parola\/parola-folyoirat\/ajanlo-a-kozossegi-megoldasok-korebol\/#article\",\"isPartOf\":{\"@id\":\"https:\/\/kofe.hu\/parola\/parola-folyoirat\/ajanlo-a-kozossegi-megoldasok-korebol\/\"},\"author\":{\"name\":\"Huszerl J\u00f3zsef\",\"@id\":\"https:\/\/kofe.hu\/parola\/#\/schema\/person\/6fc695d97f15c4bbd9e7ba7dbdb861f8\"},\"headline\":\"Aj\u00e1nl\u00f3 a k\u00f6z\u00f6ss\u00e9gi megold\u00e1sok k\u00f6r\u00e9b\u0151l\",\"datePublished\":\"2021-02-05T00:30:59+00:00\",\"dateModified\":\"2021-02-16T19:24:32+00:00\",\"mainEntityOfPage\":{\"@id\":\"https:\/\/kofe.hu\/parola\/parola-folyoirat\/ajanlo-a-kozossegi-megoldasok-korebol\/\"},\"wordCount\":2635,\"commentCount\":0,\"image\":{\"@id\":\"https:\/\/kofe.hu\/parola\/parola-folyoirat\/ajanlo-a-kozossegi-megoldasok-korebol\/#primaryimage\"},\"thumbnailUrl\":\"https:\/\/kofe.hu\/parola\/wp-content\/uploads\/2021\/02\/2020-3-4-HJ-10.jpg\",\"keywords\":[\"k\u00f6z\u00f6ss\u00e9gi megold\u00e1s\"],\"articleSection\":[\"Parola 2020\/3-4\",\"Parola Foly\u00f3irat\",\"Repert\u00f3rium\"],\"inLanguage\":\"hu\",\"potentialAction\":[{\"@type\":\"CommentAction\",\"name\":\"Comment\",\"target\":[\"https:\/\/kofe.hu\/parola\/parola-folyoirat\/ajanlo-a-kozossegi-megoldasok-korebol\/#respond\"]}]},{\"@type\":\"WebPage\",\"@id\":\"https:\/\/kofe.hu\/parola\/parola-folyoirat\/ajanlo-a-kozossegi-megoldasok-korebol\/\",\"url\":\"https:\/\/kofe.hu\/parola\/parola-folyoirat\/ajanlo-a-kozossegi-megoldasok-korebol\/\",\"name\":\"Aj\u00e1nl\u00f3 a k\u00f6z\u00f6ss\u00e9gi megold\u00e1sok k\u00f6r\u00e9b\u0151l - Parola Foly\u00f3irat\",\"isPartOf\":{\"@id\":\"https:\/\/kofe.hu\/parola\/#website\"},\"primaryImageOfPage\":{\"@id\":\"https:\/\/kofe.hu\/parola\/parola-folyoirat\/ajanlo-a-kozossegi-megoldasok-korebol\/#primaryimage\"},\"image\":{\"@id\":\"https:\/\/kofe.hu\/parola\/parola-folyoirat\/ajanlo-a-kozossegi-megoldasok-korebol\/#primaryimage\"},\"thumbnailUrl\":\"https:\/\/kofe.hu\/parola\/wp-content\/uploads\/2021\/02\/2020-3-4-HJ-10.jpg\",\"datePublished\":\"2021-02-05T00:30:59+00:00\",\"dateModified\":\"2021-02-16T19:24:32+00:00\",\"author\":{\"@id\":\"https:\/\/kofe.hu\/parola\/#\/schema\/person\/6fc695d97f15c4bbd9e7ba7dbdb861f8\"},\"breadcrumb\":{\"@id\":\"https:\/\/kofe.hu\/parola\/parola-folyoirat\/ajanlo-a-kozossegi-megoldasok-korebol\/#breadcrumb\"},\"inLanguage\":\"hu\",\"potentialAction\":[{\"@type\":\"ReadAction\",\"target\":[\"https:\/\/kofe.hu\/parola\/parola-folyoirat\/ajanlo-a-kozossegi-megoldasok-korebol\/\"]}]},{\"@type\":\"ImageObject\",\"inLanguage\":\"hu\",\"@id\":\"https:\/\/kofe.hu\/parola\/parola-folyoirat\/ajanlo-a-kozossegi-megoldasok-korebol\/#primaryimage\",\"url\":\"https:\/\/kofe.hu\/parola\/wp-content\/uploads\/2021\/02\/2020-3-4-HJ-10.jpg\",\"contentUrl\":\"https:\/\/kofe.hu\/parola\/wp-content\/uploads\/2021\/02\/2020-3-4-HJ-10.jpg\",\"width\":583,\"height\":252},{\"@type\":\"BreadcrumbList\",\"@id\":\"https:\/\/kofe.hu\/parola\/parola-folyoirat\/ajanlo-a-kozossegi-megoldasok-korebol\/#breadcrumb\",\"itemListElement\":[{\"@type\":\"ListItem\",\"position\":1,\"name\":\"Home\",\"item\":\"https:\/\/kofe.hu\/parola\/\"},{\"@type\":\"ListItem\",\"position\":2,\"name\":\"Aj\u00e1nl\u00f3 a k\u00f6z\u00f6ss\u00e9gi megold\u00e1sok k\u00f6r\u00e9b\u0151l\"}]},{\"@type\":\"WebSite\",\"@id\":\"https:\/\/kofe.hu\/parola\/#website\",\"url\":\"https:\/\/kofe.hu\/parola\/\",\"name\":\"Parola Foly\u00f3irat\",\"description\":\"\",\"potentialAction\":[{\"@type\":\"SearchAction\",\"target\":{\"@type\":\"EntryPoint\",\"urlTemplate\":\"https:\/\/kofe.hu\/parola\/?s={search_term_string}\"},\"query-input\":{\"@type\":\"PropertyValueSpecification\",\"valueRequired\":true,\"valueName\":\"search_term_string\"}}],\"inLanguage\":\"hu\"},{\"@type\":\"Person\",\"@id\":\"https:\/\/kofe.hu\/parola\/#\/schema\/person\/6fc695d97f15c4bbd9e7ba7dbdb861f8\",\"name\":\"Huszerl J\u00f3zsef\",\"image\":{\"@type\":\"ImageObject\",\"inLanguage\":\"hu\",\"@id\":\"https:\/\/kofe.hu\/parola\/#\/schema\/person\/image\/971d3809b80bf43486665cc7a79b1325\",\"url\":\"https:\/\/secure.gravatar.com\/avatar\/e8ec607d0f174af10d2d9b030e2ec0a14552bfe1411125ddf4dda6d99ce49f4f?s=96&d=mm&r=g\",\"contentUrl\":\"https:\/\/secure.gravatar.com\/avatar\/e8ec607d0f174af10d2d9b030e2ec0a14552bfe1411125ddf4dda6d99ce49f4f?s=96&d=mm&r=g\",\"caption\":\"Huszerl J\u00f3zsef\"},\"url\":\"https:\/\/kofe.hu\/parola\/szerzok\/huszerl-jozsef\/\"}]}<\/script>\n<!-- \/ Yoast SEO plugin. -->","yoast_head_json":{"title":"Aj\u00e1nl\u00f3 a k\u00f6z\u00f6ss\u00e9gi megold\u00e1sok k\u00f6r\u00e9b\u0151l - Parola Foly\u00f3irat","robots":{"index":"index","follow":"follow","max-snippet":"max-snippet:-1","max-image-preview":"max-image-preview:large","max-video-preview":"max-video-preview:-1"},"canonical":"https:\/\/kofe.hu\/parola\/parola-folyoirat\/ajanlo-a-kozossegi-megoldasok-korebol\/","og_locale":"hu_HU","og_type":"article","og_title":"Aj\u00e1nl\u00f3 a k\u00f6z\u00f6ss\u00e9gi megold\u00e1sok k\u00f6r\u00e9b\u0151l - Parola Foly\u00f3irat","og_description":"Eur\u00f3pai v\u00e1rosfejleszt\u00e9si j\u00f3 gyakorlatok sikeres adapt\u00e1ci\u00f3ja K\u00f6zel 80 r\u00e9sztvev\u0151vel sikeresen lezajlott a rendezv\u00e9ny a h\u00e9tk\u00f6znapjainkat \u00e1tform\u00e1l\u00f3 j\u00e1rv\u00e1nyhelyzet k\u00f6vetkezt\u00e9ben gyakorlatt\u00e1 v\u00e1lt online form\u00e1ban. A program megnyit\u00f3j\u00e1ban T\u00f3th Attila, a Minisztereln\u00f6ks\u00e9g Telep\u00fcl\u00e9sfejleszt\u00e9si Oszt\u00e1ly\u00e1nak vezet\u0151je kiemelte, hogy az URBACT Program (2021-27 k\u00f6z\u00f6tti) negyedik ciklus\u00e1nak el\u0151k\u00e9sz\u00edt\u00e9s\u00e9n dolgozik a Monitoring Bizotts\u00e1g, amelynek k\u00f6vetkez\u0151 \u00fcl\u00e9s\u00e9n a programoz\u00e1s mellett a 2021. \u00e9vi [&hellip;]","og_url":"https:\/\/kofe.hu\/parola\/parola-folyoirat\/ajanlo-a-kozossegi-megoldasok-korebol\/","og_site_name":"Parola Foly\u00f3irat","article_published_time":"2021-02-05T00:30:59+00:00","article_modified_time":"2021-02-16T19:24:32+00:00","og_image":[{"width":583,"height":252,"url":"https:\/\/kofe.hu\/parola\/wp-content\/uploads\/2021\/02\/2020-3-4-HJ-10.jpg","type":"image\/jpeg"}],"author":"Huszerl J\u00f3zsef","twitter_card":"summary_large_image","twitter_misc":{"Szerz\u0151:":"Huszerl J\u00f3zsef","Becs\u00fclt olvas\u00e1si id\u0151":"13 perc","Written by":"Huszerl J\u00f3zsef"},"schema":{"@context":"https:\/\/schema.org","@graph":[{"@type":"Article","@id":"https:\/\/kofe.hu\/parola\/parola-folyoirat\/ajanlo-a-kozossegi-megoldasok-korebol\/#article","isPartOf":{"@id":"https:\/\/kofe.hu\/parola\/parola-folyoirat\/ajanlo-a-kozossegi-megoldasok-korebol\/"},"author":{"name":"Huszerl J\u00f3zsef","@id":"https:\/\/kofe.hu\/parola\/#\/schema\/person\/6fc695d97f15c4bbd9e7ba7dbdb861f8"},"headline":"Aj\u00e1nl\u00f3 a k\u00f6z\u00f6ss\u00e9gi megold\u00e1sok k\u00f6r\u00e9b\u0151l","datePublished":"2021-02-05T00:30:59+00:00","dateModified":"2021-02-16T19:24:32+00:00","mainEntityOfPage":{"@id":"https:\/\/kofe.hu\/parola\/parola-folyoirat\/ajanlo-a-kozossegi-megoldasok-korebol\/"},"wordCount":2635,"commentCount":0,"image":{"@id":"https:\/\/kofe.hu\/parola\/parola-folyoirat\/ajanlo-a-kozossegi-megoldasok-korebol\/#primaryimage"},"thumbnailUrl":"https:\/\/kofe.hu\/parola\/wp-content\/uploads\/2021\/02\/2020-3-4-HJ-10.jpg","keywords":["k\u00f6z\u00f6ss\u00e9gi megold\u00e1s"],"articleSection":["Parola 2020\/3-4","Parola Foly\u00f3irat","Repert\u00f3rium"],"inLanguage":"hu","potentialAction":[{"@type":"CommentAction","name":"Comment","target":["https:\/\/kofe.hu\/parola\/parola-folyoirat\/ajanlo-a-kozossegi-megoldasok-korebol\/#respond"]}]},{"@type":"WebPage","@id":"https:\/\/kofe.hu\/parola\/parola-folyoirat\/ajanlo-a-kozossegi-megoldasok-korebol\/","url":"https:\/\/kofe.hu\/parola\/parola-folyoirat\/ajanlo-a-kozossegi-megoldasok-korebol\/","name":"Aj\u00e1nl\u00f3 a k\u00f6z\u00f6ss\u00e9gi megold\u00e1sok k\u00f6r\u00e9b\u0151l - Parola Foly\u00f3irat","isPartOf":{"@id":"https:\/\/kofe.hu\/parola\/#website"},"primaryImageOfPage":{"@id":"https:\/\/kofe.hu\/parola\/parola-folyoirat\/ajanlo-a-kozossegi-megoldasok-korebol\/#primaryimage"},"image":{"@id":"https:\/\/kofe.hu\/parola\/parola-folyoirat\/ajanlo-a-kozossegi-megoldasok-korebol\/#primaryimage"},"thumbnailUrl":"https:\/\/kofe.hu\/parola\/wp-content\/uploads\/2021\/02\/2020-3-4-HJ-10.jpg","datePublished":"2021-02-05T00:30:59+00:00","dateModified":"2021-02-16T19:24:32+00:00","author":{"@id":"https:\/\/kofe.hu\/parola\/#\/schema\/person\/6fc695d97f15c4bbd9e7ba7dbdb861f8"},"breadcrumb":{"@id":"https:\/\/kofe.hu\/parola\/parola-folyoirat\/ajanlo-a-kozossegi-megoldasok-korebol\/#breadcrumb"},"inLanguage":"hu","potentialAction":[{"@type":"ReadAction","target":["https:\/\/kofe.hu\/parola\/parola-folyoirat\/ajanlo-a-kozossegi-megoldasok-korebol\/"]}]},{"@type":"ImageObject","inLanguage":"hu","@id":"https:\/\/kofe.hu\/parola\/parola-folyoirat\/ajanlo-a-kozossegi-megoldasok-korebol\/#primaryimage","url":"https:\/\/kofe.hu\/parola\/wp-content\/uploads\/2021\/02\/2020-3-4-HJ-10.jpg","contentUrl":"https:\/\/kofe.hu\/parola\/wp-content\/uploads\/2021\/02\/2020-3-4-HJ-10.jpg","width":583,"height":252},{"@type":"BreadcrumbList","@id":"https:\/\/kofe.hu\/parola\/parola-folyoirat\/ajanlo-a-kozossegi-megoldasok-korebol\/#breadcrumb","itemListElement":[{"@type":"ListItem","position":1,"name":"Home","item":"https:\/\/kofe.hu\/parola\/"},{"@type":"ListItem","position":2,"name":"Aj\u00e1nl\u00f3 a k\u00f6z\u00f6ss\u00e9gi megold\u00e1sok k\u00f6r\u00e9b\u0151l"}]},{"@type":"WebSite","@id":"https:\/\/kofe.hu\/parola\/#website","url":"https:\/\/kofe.hu\/parola\/","name":"Parola Foly\u00f3irat","description":"","potentialAction":[{"@type":"SearchAction","target":{"@type":"EntryPoint","urlTemplate":"https:\/\/kofe.hu\/parola\/?s={search_term_string}"},"query-input":{"@type":"PropertyValueSpecification","valueRequired":true,"valueName":"search_term_string"}}],"inLanguage":"hu"},{"@type":"Person","@id":"https:\/\/kofe.hu\/parola\/#\/schema\/person\/6fc695d97f15c4bbd9e7ba7dbdb861f8","name":"Huszerl J\u00f3zsef","image":{"@type":"ImageObject","inLanguage":"hu","@id":"https:\/\/kofe.hu\/parola\/#\/schema\/person\/image\/971d3809b80bf43486665cc7a79b1325","url":"https:\/\/secure.gravatar.com\/avatar\/e8ec607d0f174af10d2d9b030e2ec0a14552bfe1411125ddf4dda6d99ce49f4f?s=96&d=mm&r=g","contentUrl":"https:\/\/secure.gravatar.com\/avatar\/e8ec607d0f174af10d2d9b030e2ec0a14552bfe1411125ddf4dda6d99ce49f4f?s=96&d=mm&r=g","caption":"Huszerl J\u00f3zsef"},"url":"https:\/\/kofe.hu\/parola\/szerzok\/huszerl-jozsef\/"}]}},"_links":{"self":[{"href":"https:\/\/kofe.hu\/parola\/wp-json\/wp\/v2\/posts\/5826","targetHints":{"allow":["GET"]}}],"collection":[{"href":"https:\/\/kofe.hu\/parola\/wp-json\/wp\/v2\/posts"}],"about":[{"href":"https:\/\/kofe.hu\/parola\/wp-json\/wp\/v2\/types\/post"}],"author":[{"embeddable":true,"href":"https:\/\/kofe.hu\/parola\/wp-json\/wp\/v2\/users\/29"}],"replies":[{"embeddable":true,"href":"https:\/\/kofe.hu\/parola\/wp-json\/wp\/v2\/comments?post=5826"}],"version-history":[{"count":5,"href":"https:\/\/kofe.hu\/parola\/wp-json\/wp\/v2\/posts\/5826\/revisions"}],"predecessor-version":[{"id":5960,"href":"https:\/\/kofe.hu\/parola\/wp-json\/wp\/v2\/posts\/5826\/revisions\/5960"}],"wp:featuredmedia":[{"embeddable":true,"href":"https:\/\/kofe.hu\/parola\/wp-json\/wp\/v2\/media\/5837"}],"wp:attachment":[{"href":"https:\/\/kofe.hu\/parola\/wp-json\/wp\/v2\/media?parent=5826"}],"wp:term":[{"taxonomy":"category","embeddable":true,"href":"https:\/\/kofe.hu\/parola\/wp-json\/wp\/v2\/categories?post=5826"},{"taxonomy":"post_tag","embeddable":true,"href":"https:\/\/kofe.hu\/parola\/wp-json\/wp\/v2\/tags?post=5826"},{"taxonomy":"author","embeddable":true,"href":"https:\/\/kofe.hu\/parola\/wp-json\/wp\/v2\/coauthors?post=5826"}],"curies":[{"name":"wp","href":"https:\/\/api.w.org\/{rel}","templated":true}]}}