{"id":5792,"date":"2021-02-05T12:40:37","date_gmt":"2021-02-05T12:40:37","guid":{"rendered":"https:\/\/kofe.hu\/parola\/?p=5792"},"modified":"2021-02-16T19:18:11","modified_gmt":"2021-02-16T19:18:11","slug":"mentori-tamogatas-tarsadalmi-vallalkozas-fejleszto-programban","status":"publish","type":"post","link":"https:\/\/kofe.hu\/parola\/parola-folyoirat\/mentori-tamogatas-tarsadalmi-vallalkozas-fejleszto-programban\/","title":{"rendered":"Mentori t\u00e1mogat\u00e1s t\u00e1rsadalmi v\u00e1llalkoz\u00e1s fejleszt\u0151 programban"},"content":{"rendered":"<p><strong>A Badur Alap\u00edtv\u00e1ny 2016 \u00f3ta ind\u00edt t\u00e1rsadalmi v\u00e1llalkoz\u00e1s fejleszt\u0151 programokat, melyek c\u00e9lja a h\u00e1tr\u00e1nyos helyzet\u0171 k\u00f6z\u00f6ss\u00e9geket seg\u00edt\u0151 civil szervezetek t\u00e1mogat\u00e1sa piaci alap\u00fa szolg\u00e1ltat\u00e1sok kialak\u00edt\u00e1s\u00e1ban. A fejleszt\u00e9s sor\u00e1n a szervezetek \u00fczletfejleszt\u00e9si k\u00e9pz\u00e9seket kapnak, a tervez\u00e9st k\u00fcls\u0151 mentorok seg\u00edtik, a v\u00e1llalkoz\u00e1s beind\u00edt\u00e1s\u00e1t pedig az Alap\u00edtv\u00e1ny munkat\u00e1rsai k\u00eds\u00e9rik v\u00e9gig. Ebben a cikkben a mentori t\u00e1mogat\u00e1s folyamat\u00e1t, tapasztalatait mutatjuk be.<\/strong><!--more--><\/p>\n<p>A Badur Alap\u00edtv\u00e1ny t\u00e1rsadalmi v\u00e1llalkoz\u00e1sok \u00e9s oktat\u00e1si programok t\u00e1mogat\u00e1s\u00e1val, fejleszt\u00e9s\u00e9vel h\u00e1tr\u00e1nyos helyzet\u0171, szeg\u00e9nys\u00e9gben\/m\u00e9lyszeg\u00e9nys\u00e9gben \u00e9l\u0151 k\u00f6z\u00f6ss\u00e9gek \u00e9letmin\u0151s\u00e9g\u00e9t hivatott jav\u00edtani, illetve a k\u00f6rnyezetv\u00e9delmi kih\u00edv\u00e1sok kezel\u00e9s\u00e9vel egy fenntarthat\u00f3bb j\u00f6v\u0151 megteremt\u00e9s\u00e9t t\u0171zte ki c\u00e9lul. A londoni sz\u00e9khely\u0171 alap\u00edtv\u00e1ny az Egyes\u00fclt Kir\u00e1lys\u00e1gban, Laoszban \u00e9s Magyarorsz\u00e1gon van jelen \u00e9s m\u0171k\u00f6dik egy\u00fctt helyi vagy region\u00e1lis civil szervezetekkel.<\/p>\n<p>Az els\u0151 t\u00e1rsadalmi v\u00e1llalkoz\u00e1s fejleszt\u0151 programj\u00e1t az Alap\u00edtv\u00e1ny 2016-ban, a <a href=\"https:\/\/www.nesst.org\/magyarorszag\">NESsT<\/a> magyarorsz\u00e1gi csapat\u00e1val k\u00f6z\u00f6sen val\u00f3s\u00edtotta meg, \u201eUgr\u00f3deszka\u201d n\u00e9ven. 2018-t\u00f3l, kifejezetten a korai f\u00e1zisban l\u00e9v\u0151 v\u00e1llalkoz\u00e1si \u00f6tletekkel rendelkez\u0151 szervezetek sz\u00e1m\u00e1ra \u201eKeltet\u0151\u201d n\u00e9ven \u00f6n\u00e1ll\u00f3 program indult, ahol m\u00e1r k\u00fcls\u0151s mentorok seg\u00edtett\u00e9k a r\u00e9sztvev\u0151 szervezeteket. A program mai form\u00e1j\u00e1ban, Keltet\u0151+ n\u00e9ven, a k\u00e9t kor\u00e1bbi konstrukci\u00f3 elemeit \u00f6tv\u00f6zi.<\/p>\n<figure id=\"attachment_5796\" aria-describedby=\"caption-attachment-5796\" style=\"width: 700px\" class=\"wp-caption aligncenter\"><img loading=\"lazy\" decoding=\"async\" class=\"wp-image-5796 \" src=\"https:\/\/kofe.hu\/parola\/wp-content\/uploads\/2021\/02\/2020-3-4-WL-3.jpg\" alt=\"\" width=\"700\" height=\"464\" srcset=\"https:\/\/kofe.hu\/parola\/wp-content\/uploads\/2021\/02\/2020-3-4-WL-3.jpg 964w, https:\/\/kofe.hu\/parola\/wp-content\/uploads\/2021\/02\/2020-3-4-WL-3-300x199.jpg 300w, https:\/\/kofe.hu\/parola\/wp-content\/uploads\/2021\/02\/2020-3-4-WL-3-768x509.jpg 768w, https:\/\/kofe.hu\/parola\/wp-content\/uploads\/2021\/02\/2020-3-4-WL-3-10x7.jpg 10w\" sizes=\"auto, (max-width: 700px) 100vw, 700px\" \/><figcaption id=\"caption-attachment-5796\" class=\"wp-caption-text\">Az els\u0151 workshop<\/figcaption><\/figure>\n<p><strong>KELTET\u0150+ T\u00e1rsadalmi V\u00e1llalkoz\u00e1sfejleszt\u0151 Program<\/strong><strong>r\u00f3l r\u00f6viden&#8230;<\/strong><\/p>\n<p>A Keltet\u0151+ program fenntarthat\u00f3 t\u00e1rsadalmi v\u00e1llalkoz\u00e1si \u00f6tletek gener\u00e1l\u00e1s\u00e1hoz, tesztel\u00e9s\u00e9hez, \u00e9s m\u00e1r m\u0171k\u00f6d\u0151 v\u00e1llalkoz\u00e1sok tov\u00e1bbfejleszt\u00e9s\u00e9hez ny\u00fajt seg\u00edts\u00e9get olyan szervezetek vagy inform\u00e1lis csapatok sz\u00e1m\u00e1ra, akiknek c\u00e9lja, a Badur misszi\u00f3j\u00e1val \u00f6sszhangban, a h\u00e1tr\u00e1nyos helyzet\u0171, szeg\u00e9ny\/m\u00e9lyszeg\u00e9ny k\u00f6z\u00f6ss\u00e9gek \u00e9letmin\u0151s\u00e9g\u00e9nek jav\u00edt\u00e1sa.<\/p>\n<p>A program 3 szakaszb\u00f3l \u00e1ll:<\/p>\n<p><strong><img loading=\"lazy\" decoding=\"async\" class=\"alignright size-medium wp-image-5793\" src=\"https:\/\/kofe.hu\/parola\/wp-content\/uploads\/2021\/02\/2020-3-4-WL-4-179x300.jpg\" alt=\"\" width=\"179\" height=\"300\" srcset=\"https:\/\/kofe.hu\/parola\/wp-content\/uploads\/2021\/02\/2020-3-4-WL-4-179x300.jpg 179w, https:\/\/kofe.hu\/parola\/wp-content\/uploads\/2021\/02\/2020-3-4-WL-4-6x10.jpg 6w, https:\/\/kofe.hu\/parola\/wp-content\/uploads\/2021\/02\/2020-3-4-WL-4.jpg 291w\" sizes=\"auto, (max-width: 179px) 100vw, 179px\" \/>Csoportos k\u00e9pz\u00e9sek:<\/strong> a 3 h\u00f3napos k\u00e9pz\u00e9ssorozaton a programba beker\u00fcl\u0151 6-8 szervezet v\u00e1llalkoz\u00e1sfejleszt\u00e9si, \u00fczleti tervez\u00e9si ismereteket saj\u00e1t\u00edt el. K\u00e9pz\u00e9si partner: <a href=\"https:\/\/simpact.hu\/\">SIMPACT Nonprofit Kft.<\/a><\/p>\n<p><strong>Egy\u00e9ni mentor\u00e1l\u00e1s: <\/strong>a leg\u00edg\u00e9retesebb 3-5 v\u00e1llalkoz\u00e1si \u00f6tlet tov\u00e1bbfejleszt\u00e9s\u00e9t, az \u00fczleti terv r\u00e9szletes kidolgoz\u00e1s\u00e1t 4 h\u00f3napig k\u00fcls\u0151s mentorok seg\u00edtik.<\/p>\n<p><strong>Inkub\u00e1ci\u00f3s szakasz:<\/strong> a t\u00e1mogat\u00e1st elnyer\u0151 v\u00e1llalkoz\u00e1sok elind\u00edt\u00e1s\u00e1t, fejleszt\u00e9s\u00e9t a Badur munkat\u00e1rsai m\u00e9g \u00e9vekig figyelemmel k\u00eds\u00e9rik, szakmailag t\u00e1mogatj\u00e1k.<\/p>\n<p>A programr\u00f3l b\u0151vebben a <a href=\"https:\/\/www.badurfoundation.org\/project-details\/hatcheryprogramme2020\">Badur Alap\u00edtv\u00e1ny honlapj\u00e1n<\/a> olvashat.<\/p>\n<p><strong>A\u00a0mentor\u00e1l\u00e1sr\u00f3l kicsit b\u0151vebben&#8230;<\/strong><\/p>\n<p>A programba a nonprofit\/civil szektorban m\u0171k\u00f6d\u0151 szervezetek jelentkezhetnek, \u00edgy sz\u00e1mukra legink\u00e1bb az \u00fczleti gondolkod\u00e1s, a piaci alap\u00fa megk\u00f6zel\u00edt\u00e9s ter\u00fclet\u00e9n ny\u00fajthatnak seg\u00edts\u00e9get a mentorok. \u00c9ppen ez\u00e9rt, a programmal p\u00e1rhuzamosan meghirdetett mentori p\u00e1ly\u00e1zatra els\u0151sorban t\u00f6bb\u00e9ves v\u00e1llalkoz\u00f3i, vagy v\u00e1llalkoz\u00e1sfejleszt\u0151i tapasztalattal rendelkez\u0151, f\u0151k\u00e9nt senior szakemberek jelentkez\u00e9s\u00e9t v\u00e1rjuk. Term\u00e9szetesen tov\u00e1bbi elv\u00e1r\u00e1s, hogy a jelentkez\u0151k nyitottak legyenek a t\u00e1rsadalmi c\u00e9l\u00fa szervezetek fel\u00e9, valamint hogy legyen szabad kapacit\u00e1suk a k\u00f6zel 8 h\u00f3napos program sor\u00e1n a mentor\u00e1lt szervezettel folyamatosan egy\u00fcttdolgozni. A mentorok a munk\u00e1jukat \u00f6nk\u00e9ntes alapon v\u00e9gzik, \u00edgy fontos szempont, hogy a jelentkez\u0151k a t\u00e1rsadalmilag hasznos \u00fcgyek seg\u00edt\u00e9se ir\u00e1nt kell\u0151k\u00e9ppen elk\u00f6telezettek, motiv\u00e1ltak legyenek. Maga a p\u00e1ly\u00e1zati elj\u00e1r\u00e1s k\u00e9t r\u00e9szb\u0151l \u00e1ll: els\u0151 k\u00f6rben a jelentkez\u0151k egy \u00edr\u00e1sos jelentkez\u00e9st ny\u00fajtanak be; ezt k\u00f6vet\u0151en az alkalmasnak \u00edt\u00e9lt jelentkez\u0151k szakmai h\u00e1tter\u00e9t, motiv\u00e1lts\u00e1g\u00e1t szem\u00e9lyes interj\u00fakon igyeksz\u00fcnk k\u00f6zelebbr\u0151l is megismerni.<\/p>\n<p>A fejleszt\u00e9si folyamat sor\u00e1n minden szervezetet egy-egy egy\u00e9ni mentor seg\u00edt. A mentorok \u00a0szem\u00e9lyeinek v\u00e9gleges\u00edt\u00e9se el\u0151tt ez\u00e9rt el\u0151sz\u00f6r a programban r\u00e9sztvev\u0151 szervezetekr\u0151l sz\u00fcletik d\u00f6nt\u00e9s, majd annak ismeret\u00e9ben v\u00e1lasztjuk ki az adott \u00e9vi v\u00e1llalkoz\u00e1si kezdem\u00e9nyez\u00e9seknek legink\u00e1bb megfelel\u0151 szakmai felk\u00e9sz\u00fclts\u00e9ggel rendelkez\u0151\u00a0\u00a0mentorokat.<\/p>\n<p>A mentorok r\u00e9sz\u00e9re a program elej\u00e9n k\u00fcl\u00f6n felk\u00e9sz\u00edt\u0151 workshopot tartunk, melynek sor\u00e1n ismertetj\u00fck az alkalmazott fejleszt\u00e9si m\u00f3dszertant, a mentorok szerep\u00e9t, feladatait, valamint betekint\u00e9st ny\u00fajtunk a civil szektor, ezen bel\u00fcl kiemelten a t\u00e1rsadalmi v\u00e1llalkoz\u00e1sok m\u0171k\u00f6d\u00e9s\u00e9be is. A mentor \u00e9s a mentor\u00e1lt szervezet \u00f6sszehangol\u00f3d\u00e1s\u00e1nak fontos r\u00e9sze, hogy a mentor \u2013 a program sor\u00e1n t\u00f6bbsz\u00f6r is \u2013 a terepen l\u00e1togatja meg a szervezetet, \u00edgy a csapat saj\u00e1t k\u00f6zeg\u00e9ben tudnak egy\u00fcttdolgozni.<\/p>\n<p>A program els\u0151, k\u00e9pz\u00e9si szakasz\u00e1ban a csoportos k\u00e9pz\u00e9sek az \u00fczleti tervez\u00e9s minden ter\u00fclet\u00e9t igyekeznek lefedni. A k\u00e9pz\u00e9seken az el\u0151re meghat\u00e1rozott tematika ment\u00e9n minden szervezet l\u00e9nyeg\u00e9ben ugyanazt a tud\u00e1sanyagot kapja. A mentor ebben a szakaszban 2-3 hetente konzult\u00e1l a csapatokkal \u00e9s legink\u00e1bb a h\u00e1zi feladatok elk\u00e9sz\u00edt\u00e9s\u00e9ben, a tud\u00e1sanyag, az \u00fczleti gondolkod\u00e1sm\u00f3d alapjainak elsaj\u00e1t\u00edt\u00e1s\u00e1ban seg\u00edti a szervezetet. Az egyedi \u00fczleti tervek r\u00e9szletes kidolgoz\u00e1s\u00e1ra a mentor\u00e1ci\u00f3s szakaszban ker\u00fcl sor. Ebben az id\u0151szakban a mentor a tervez\u00e9si folyamat akt\u00edv r\u00e9szes\u00e9v\u00e9 v\u00e1lik, az egyeztet\u00e9sek ak\u00e1r heti szint\u0171re is s\u0171r\u0171s\u00f6dhetnek. A mentor mind a k\u00e9pz\u00e9si-, mind a mentor\u00e1ci\u00f3s szakaszban a szakmai t\u00e1mogat\u00e1s mellett a tervez\u00e9si folyamat menedzsel\u00e9s\u00e9ben, a feladatok meghat\u00e1roz\u00e1s\u00e1ban, a r\u00e9szhat\u00e1rid\u0151k betart\u00e1s\u00e1ban is fontos szerepet j\u00e1tszik.<\/p>\n<p><strong>Mentor\u00e1ci\u00f3 eddigi tapasztalatai<\/strong><\/p>\n<p>Az \u00e9vente ism\u00e9tl\u0151d\u0151en meghirdetett mentori p\u00e1ly\u00e1zatra val\u00f3 jelentkez\u00e9sekb\u0151l l\u00e1tszik, hogy a forprofit szektor sikeres menedzserei k\u00f6z\u00fcl t\u00f6bbekben megvan az ig\u00e9ny, hogy a megszerzett \u00fczleti tud\u00e1sukat a t\u00e1rsadalom sz\u00e9lesebb r\u00e9tegei sz\u00e1m\u00e1ra is hasznos ter\u00fcleteken kamatoztass\u00e1k. A visszajelz\u00e9sek azt mutatj\u00e1k, hogy a szakmai kih\u00edv\u00e1son t\u00fal legink\u00e1bb a csapat seg\u00edt\u00e9se motiv\u00e1lja a mentorokat, illetve, hogy a folyamat sor\u00e1n elhivatott, valamilyen \u00fcgy\u00e9rt tenni akar\u00f3, inspir\u00e1l\u00f3 emberekhez ker\u00fclhettek k\u00f6zel. A mentorok k\u00f6z\u00fcl t\u00f6bben visszat\u00e9r\u0151 mentorok, vannak, akik m\u00e1r harmadik \u00e9ve vesznek r\u00e9szt a programban.<\/p>\n<p>Szervezeti oldalr\u00f3l egy\u00f6ntet\u0171en azt a visszajelz\u00e9st kaptuk, hogy a mentorok szakmailag maxim\u00e1lisan tudt\u00e1k seg\u00edteni az \u00fczleti tervez\u00e9st, emellett a mentorokt\u00f3l sok b\u00edztat\u00e1st kaptak, a mentor\u00e1ci\u00f3s alkalmak kifejezetten lelkes\u00edt\u0151ek voltak, a k\u00e9pz\u00e9s sor\u00e1n felmer\u00fcl\u0151 neh\u00e9zs\u00e9geken seg\u00edtett\u00e9k \u00e1tlend\u00fclni a szervezetet.<\/p>\n<p><strong><em><img loading=\"lazy\" decoding=\"async\" class=\"aligncenter wp-image-5794 size-full\" src=\"https:\/\/kofe.hu\/parola\/wp-content\/uploads\/2021\/02\/2020-3-4-WL-1.jpg\" alt=\"\" width=\"700\" height=\"466\" srcset=\"https:\/\/kofe.hu\/parola\/wp-content\/uploads\/2021\/02\/2020-3-4-WL-1.jpg 700w, https:\/\/kofe.hu\/parola\/wp-content\/uploads\/2021\/02\/2020-3-4-WL-1-300x200.jpg 300w, https:\/\/kofe.hu\/parola\/wp-content\/uploads\/2021\/02\/2020-3-4-WL-1-10x7.jpg 10w\" sizes=\"auto, (max-width: 700px) 100vw, 700px\" \/><\/em><\/strong><\/p>\n<p>Az al\u00e1bbi visszajelz\u00e9seket a szervezetek mondt\u00e1k mentoraikr\u00f3l:<\/p>\n<p><em>\u201eB\u00e1rmikor, b\u00e1rmilyen k\u00e9rd\u00e9ssel, neh\u00e9zs\u00e9ggel fordulhattam hozz\u00e1, azonnal reag\u00e1lt \u00e9s ir\u00e1nyt mutatott.\u201d<br \/>\n<\/em><em>\u201eAz elegend\u0151n\u00e9l sokkal t\u00f6bb seg\u00edts\u00e9get ny\u00fajtott, lelkes, t\u00e1mogat\u00f3, igazi sz\u00ednfolt az \u00e9let\u00fcnkben.\u201d<br \/>\n<\/em><em>\u201eEz \u00f3ri\u00e1si \u00e9lm\u00e9ny \u00e9s tapasztalat volt, mert k\u00fcls\u0151 szemk\u00e9nt sok dologra r\u00e1nyitotta a szem\u00fcnket a mentor\u00e1ci\u00f3s folyamat sor\u00e1n, hozz\u00e1seg\u00edtve minket a v\u00e1ltoztat\u00e1shoz.\u201d<\/em><\/p>\n<p>Gyakran tapasztaljuk, hogy a mentor\u00e1ci\u00f3s szakasz ut\u00e1n a szervezet \u00e9s a mentor k\u00f6z\u00f6tt hossz\u00fa t\u00e1von is megmarad az egy\u00fcttm\u0171k\u00f6d\u00e9s, a mentor a program ut\u00e1n m\u00e9g \u00e9vekig tov\u00e1bb seg\u00edti a szervezetet.<\/p>\n<p>Mentor\u00e1ci\u00f3s programjainkba eddig 14 szakembert vontunk be a forprofit szektorb\u00f3l, akik k\u00f6zel ezer \u00f6nk\u00e9ntes \u00f3r\u00e1t ford\u00edtottak a t\u00e1mogatott szervezeteink fejleszt\u00e9s\u00e9re. Lelkiismeretes \u00e9s odaad\u00f3 munk\u00e1jukat ez\u00faton is K\u00d6SZ\u00d6NJ\u00dcK!<strong>\u00a0<\/strong><\/p>\n<p><strong><em><img loading=\"lazy\" decoding=\"async\" class=\"alignright wp-image-5795\" src=\"https:\/\/kofe.hu\/parola\/wp-content\/uploads\/2021\/02\/2020-3-4-WL-2-300x278.jpg\" alt=\"\" width=\"234\" height=\"217\" srcset=\"https:\/\/kofe.hu\/parola\/wp-content\/uploads\/2021\/02\/2020-3-4-WL-2-300x278.jpg 300w, https:\/\/kofe.hu\/parola\/wp-content\/uploads\/2021\/02\/2020-3-4-WL-2-10x10.jpg 10w, https:\/\/kofe.hu\/parola\/wp-content\/uploads\/2021\/02\/2020-3-4-WL-2.jpg 400w\" sizes=\"auto, (max-width: 234px) 100vw, 234px\" \/><\/em><\/strong><\/p>\n<p>&nbsp;<\/p>\n<p><em>Szerz\u0151 bemutat\u00e1sa:<\/em><\/p>\n<p><em>Weninger L\u00e1szl\u00f3, 2018 \u00f3ta a Badur Alap\u00edtv\u00e1ny t\u00e1rsadalmi v\u00e1llalkoz\u00e1s fejleszt\u0151 menedzsere. El\u0151tte k\u00f6zel 20 \u00e9vig a versenyszektorban dolgozott. Tapasztalattal rendelkezik az \u00fczleti strat\u00e9gi\u00e1k \u00e9s \u00fczleti tervek kidolgoz\u00e1s\u00e1ban \u00e9s v\u00e9grehajt\u00e1s\u00e1ban, valamint kkv-k p\u00e9nz\u00fcgyeinek ellen\u0151rz\u00e9s\u00e9ben, az ehhez kapcsol\u00f3d\u00f3 controlling rendszerek fejleszt\u00e9s\u00e9ben \u00e9s m\u0171k\u00f6dtet\u00e9s\u00e9ben. <\/em><\/p>\n<p>&nbsp;<\/p>\n","protected":false},"excerpt":{"rendered":"<p>A Badur Alap\u00edtv\u00e1ny 2016 \u00f3ta ind\u00edt t\u00e1rsadalmi v\u00e1llalkoz\u00e1s fejleszt\u0151 programokat, melyek c\u00e9lja a h\u00e1tr\u00e1nyos helyzet\u0171 k\u00f6z\u00f6ss\u00e9geket seg\u00edt\u0151 civil szervezetek t\u00e1mogat\u00e1sa piaci alap\u00fa szolg\u00e1ltat\u00e1sok kialak\u00edt\u00e1s\u00e1ban. A fejleszt\u00e9s sor\u00e1n a szervezetek \u00fczletfejleszt\u00e9si k\u00e9pz\u00e9seket kapnak, a tervez\u00e9st k\u00fcls\u0151 mentorok seg\u00edtik, a v\u00e1llalkoz\u00e1s beind\u00edt\u00e1s\u00e1t pedig az Alap\u00edtv\u00e1ny munkat\u00e1rsai k\u00eds\u00e9rik v\u00e9gig. Ebben a cikkben a mentori t\u00e1mogat\u00e1s folyamat\u00e1t, tapasztalatait mutatjuk [&hellip;]<\/p>\n","protected":false},"author":540,"featured_media":5796,"comment_status":"open","ping_status":"open","sticky":false,"template":"","format":"standard","meta":{"_acf_changed":false,"footnotes":""},"categories":[729,8,7],"tags":[740,742,743,741],"coauthors":[739],"class_list":["post-5792","post","type-post","status-publish","format-standard","has-post-thumbnail","hentry","category-parola-2020-3-4","category-parola-folyoirat","category-repertorium","tag-badur-alapitvany","tag-kelteto","tag-mentoralas","tag-tarsadalmi-vallalkozas"],"acf":[],"yoast_head":"<!-- This site is optimized with the Yoast SEO plugin v26.7 - https:\/\/yoast.com\/wordpress\/plugins\/seo\/ -->\n<title>Mentori t\u00e1mogat\u00e1s t\u00e1rsadalmi v\u00e1llalkoz\u00e1s fejleszt\u0151 programban - Parola Foly\u00f3irat<\/title>\n<meta name=\"robots\" content=\"index, follow, max-snippet:-1, max-image-preview:large, max-video-preview:-1\" \/>\n<link rel=\"canonical\" href=\"https:\/\/kofe.hu\/parola\/parola-folyoirat\/mentori-tamogatas-tarsadalmi-vallalkozas-fejleszto-programban\/\" \/>\n<meta property=\"og:locale\" content=\"hu_HU\" \/>\n<meta property=\"og:type\" content=\"article\" \/>\n<meta property=\"og:title\" content=\"Mentori t\u00e1mogat\u00e1s t\u00e1rsadalmi v\u00e1llalkoz\u00e1s fejleszt\u0151 programban - Parola Foly\u00f3irat\" \/>\n<meta property=\"og:description\" content=\"A Badur Alap\u00edtv\u00e1ny 2016 \u00f3ta ind\u00edt t\u00e1rsadalmi v\u00e1llalkoz\u00e1s fejleszt\u0151 programokat, melyek c\u00e9lja a h\u00e1tr\u00e1nyos helyzet\u0171 k\u00f6z\u00f6ss\u00e9geket seg\u00edt\u0151 civil szervezetek t\u00e1mogat\u00e1sa piaci alap\u00fa szolg\u00e1ltat\u00e1sok kialak\u00edt\u00e1s\u00e1ban. A fejleszt\u00e9s sor\u00e1n a szervezetek \u00fczletfejleszt\u00e9si k\u00e9pz\u00e9seket kapnak, a tervez\u00e9st k\u00fcls\u0151 mentorok seg\u00edtik, a v\u00e1llalkoz\u00e1s beind\u00edt\u00e1s\u00e1t pedig az Alap\u00edtv\u00e1ny munkat\u00e1rsai k\u00eds\u00e9rik v\u00e9gig. Ebben a cikkben a mentori t\u00e1mogat\u00e1s folyamat\u00e1t, tapasztalatait mutatjuk [&hellip;]\" \/>\n<meta property=\"og:url\" content=\"https:\/\/kofe.hu\/parola\/parola-folyoirat\/mentori-tamogatas-tarsadalmi-vallalkozas-fejleszto-programban\/\" \/>\n<meta property=\"og:site_name\" content=\"Parola Foly\u00f3irat\" \/>\n<meta property=\"article:published_time\" content=\"2021-02-05T12:40:37+00:00\" \/>\n<meta property=\"article:modified_time\" content=\"2021-02-16T19:18:11+00:00\" \/>\n<meta property=\"og:image\" content=\"https:\/\/kofe.hu\/parola\/wp-content\/uploads\/2021\/02\/2020-3-4-WL-3.jpg\" \/>\n\t<meta property=\"og:image:width\" content=\"964\" \/>\n\t<meta property=\"og:image:height\" content=\"639\" \/>\n\t<meta property=\"og:image:type\" content=\"image\/jpeg\" \/>\n<meta name=\"author\" content=\"Weninger L\u00e1szl\u00f3\" \/>\n<meta name=\"twitter:card\" content=\"summary_large_image\" \/>\n<meta name=\"twitter:label1\" content=\"Szerz\u0151:\" \/>\n\t<meta name=\"twitter:data1\" content=\"Weninger L\u00e1szl\u00f3\" \/>\n\t<meta name=\"twitter:label2\" content=\"Becs\u00fclt olvas\u00e1si id\u0151\" \/>\n\t<meta name=\"twitter:data2\" content=\"7 perc\" \/>\n\t<meta name=\"twitter:label3\" content=\"Written by\" \/>\n\t<meta name=\"twitter:data3\" content=\"Weninger L\u00e1szl\u00f3\" \/>\n<script type=\"application\/ld+json\" class=\"yoast-schema-graph\">{\"@context\":\"https:\/\/schema.org\",\"@graph\":[{\"@type\":\"Article\",\"@id\":\"https:\/\/kofe.hu\/parola\/parola-folyoirat\/mentori-tamogatas-tarsadalmi-vallalkozas-fejleszto-programban\/#article\",\"isPartOf\":{\"@id\":\"https:\/\/kofe.hu\/parola\/parola-folyoirat\/mentori-tamogatas-tarsadalmi-vallalkozas-fejleszto-programban\/\"},\"author\":{\"name\":\"Weninger L\u00e1szl\u00f3\",\"@id\":\"https:\/\/kofe.hu\/parola\/#\/schema\/person\/a94728f4032d358c4de108573d197201\"},\"headline\":\"Mentori t\u00e1mogat\u00e1s t\u00e1rsadalmi v\u00e1llalkoz\u00e1s fejleszt\u0151 programban\",\"datePublished\":\"2021-02-05T12:40:37+00:00\",\"dateModified\":\"2021-02-16T19:18:11+00:00\",\"mainEntityOfPage\":{\"@id\":\"https:\/\/kofe.hu\/parola\/parola-folyoirat\/mentori-tamogatas-tarsadalmi-vallalkozas-fejleszto-programban\/\"},\"wordCount\":1498,\"commentCount\":0,\"image\":{\"@id\":\"https:\/\/kofe.hu\/parola\/parola-folyoirat\/mentori-tamogatas-tarsadalmi-vallalkozas-fejleszto-programban\/#primaryimage\"},\"thumbnailUrl\":\"https:\/\/kofe.hu\/parola\/wp-content\/uploads\/2021\/02\/2020-3-4-WL-3.jpg\",\"keywords\":[\"Badur Alap\u00edtv\u00e1ny\",\"Keltet\u0151+\",\"mentor\u00e1l\u00e1s\",\"t\u00e1rsadalmi v\u00e1llalkoz\u00e1s\"],\"articleSection\":[\"Parola 2020\/3-4\",\"Parola Foly\u00f3irat\",\"Repert\u00f3rium\"],\"inLanguage\":\"hu\",\"potentialAction\":[{\"@type\":\"CommentAction\",\"name\":\"Comment\",\"target\":[\"https:\/\/kofe.hu\/parola\/parola-folyoirat\/mentori-tamogatas-tarsadalmi-vallalkozas-fejleszto-programban\/#respond\"]}]},{\"@type\":\"WebPage\",\"@id\":\"https:\/\/kofe.hu\/parola\/parola-folyoirat\/mentori-tamogatas-tarsadalmi-vallalkozas-fejleszto-programban\/\",\"url\":\"https:\/\/kofe.hu\/parola\/parola-folyoirat\/mentori-tamogatas-tarsadalmi-vallalkozas-fejleszto-programban\/\",\"name\":\"Mentori t\u00e1mogat\u00e1s t\u00e1rsadalmi v\u00e1llalkoz\u00e1s fejleszt\u0151 programban - Parola Foly\u00f3irat\",\"isPartOf\":{\"@id\":\"https:\/\/kofe.hu\/parola\/#website\"},\"primaryImageOfPage\":{\"@id\":\"https:\/\/kofe.hu\/parola\/parola-folyoirat\/mentori-tamogatas-tarsadalmi-vallalkozas-fejleszto-programban\/#primaryimage\"},\"image\":{\"@id\":\"https:\/\/kofe.hu\/parola\/parola-folyoirat\/mentori-tamogatas-tarsadalmi-vallalkozas-fejleszto-programban\/#primaryimage\"},\"thumbnailUrl\":\"https:\/\/kofe.hu\/parola\/wp-content\/uploads\/2021\/02\/2020-3-4-WL-3.jpg\",\"datePublished\":\"2021-02-05T12:40:37+00:00\",\"dateModified\":\"2021-02-16T19:18:11+00:00\",\"author\":{\"@id\":\"https:\/\/kofe.hu\/parola\/#\/schema\/person\/a94728f4032d358c4de108573d197201\"},\"breadcrumb\":{\"@id\":\"https:\/\/kofe.hu\/parola\/parola-folyoirat\/mentori-tamogatas-tarsadalmi-vallalkozas-fejleszto-programban\/#breadcrumb\"},\"inLanguage\":\"hu\",\"potentialAction\":[{\"@type\":\"ReadAction\",\"target\":[\"https:\/\/kofe.hu\/parola\/parola-folyoirat\/mentori-tamogatas-tarsadalmi-vallalkozas-fejleszto-programban\/\"]}]},{\"@type\":\"ImageObject\",\"inLanguage\":\"hu\",\"@id\":\"https:\/\/kofe.hu\/parola\/parola-folyoirat\/mentori-tamogatas-tarsadalmi-vallalkozas-fejleszto-programban\/#primaryimage\",\"url\":\"https:\/\/kofe.hu\/parola\/wp-content\/uploads\/2021\/02\/2020-3-4-WL-3.jpg\",\"contentUrl\":\"https:\/\/kofe.hu\/parola\/wp-content\/uploads\/2021\/02\/2020-3-4-WL-3.jpg\",\"width\":964,\"height\":639},{\"@type\":\"BreadcrumbList\",\"@id\":\"https:\/\/kofe.hu\/parola\/parola-folyoirat\/mentori-tamogatas-tarsadalmi-vallalkozas-fejleszto-programban\/#breadcrumb\",\"itemListElement\":[{\"@type\":\"ListItem\",\"position\":1,\"name\":\"Home\",\"item\":\"https:\/\/kofe.hu\/parola\/\"},{\"@type\":\"ListItem\",\"position\":2,\"name\":\"Mentori t\u00e1mogat\u00e1s t\u00e1rsadalmi v\u00e1llalkoz\u00e1s fejleszt\u0151 programban\"}]},{\"@type\":\"WebSite\",\"@id\":\"https:\/\/kofe.hu\/parola\/#website\",\"url\":\"https:\/\/kofe.hu\/parola\/\",\"name\":\"Parola Foly\u00f3irat\",\"description\":\"\",\"potentialAction\":[{\"@type\":\"SearchAction\",\"target\":{\"@type\":\"EntryPoint\",\"urlTemplate\":\"https:\/\/kofe.hu\/parola\/?s={search_term_string}\"},\"query-input\":{\"@type\":\"PropertyValueSpecification\",\"valueRequired\":true,\"valueName\":\"search_term_string\"}}],\"inLanguage\":\"hu\"},{\"@type\":\"Person\",\"@id\":\"https:\/\/kofe.hu\/parola\/#\/schema\/person\/a94728f4032d358c4de108573d197201\",\"name\":\"Weninger L\u00e1szl\u00f3\",\"image\":{\"@type\":\"ImageObject\",\"inLanguage\":\"hu\",\"@id\":\"https:\/\/kofe.hu\/parola\/#\/schema\/person\/image\/d9035e865a298cface4db8e634a2236c\",\"url\":\"https:\/\/secure.gravatar.com\/avatar\/bb5becee385416e51f48218a99031849c36fdb875b663ee848ee4769024cf19f?s=96&d=mm&r=g\",\"contentUrl\":\"https:\/\/secure.gravatar.com\/avatar\/bb5becee385416e51f48218a99031849c36fdb875b663ee848ee4769024cf19f?s=96&d=mm&r=g\",\"caption\":\"Weninger L\u00e1szl\u00f3\"},\"url\":\"https:\/\/kofe.hu\/parola\/szerzok\/weninger-laszlo\/\"}]}<\/script>\n<!-- \/ Yoast SEO plugin. -->","yoast_head_json":{"title":"Mentori t\u00e1mogat\u00e1s t\u00e1rsadalmi v\u00e1llalkoz\u00e1s fejleszt\u0151 programban - Parola Foly\u00f3irat","robots":{"index":"index","follow":"follow","max-snippet":"max-snippet:-1","max-image-preview":"max-image-preview:large","max-video-preview":"max-video-preview:-1"},"canonical":"https:\/\/kofe.hu\/parola\/parola-folyoirat\/mentori-tamogatas-tarsadalmi-vallalkozas-fejleszto-programban\/","og_locale":"hu_HU","og_type":"article","og_title":"Mentori t\u00e1mogat\u00e1s t\u00e1rsadalmi v\u00e1llalkoz\u00e1s fejleszt\u0151 programban - Parola Foly\u00f3irat","og_description":"A Badur Alap\u00edtv\u00e1ny 2016 \u00f3ta ind\u00edt t\u00e1rsadalmi v\u00e1llalkoz\u00e1s fejleszt\u0151 programokat, melyek c\u00e9lja a h\u00e1tr\u00e1nyos helyzet\u0171 k\u00f6z\u00f6ss\u00e9geket seg\u00edt\u0151 civil szervezetek t\u00e1mogat\u00e1sa piaci alap\u00fa szolg\u00e1ltat\u00e1sok kialak\u00edt\u00e1s\u00e1ban. A fejleszt\u00e9s sor\u00e1n a szervezetek \u00fczletfejleszt\u00e9si k\u00e9pz\u00e9seket kapnak, a tervez\u00e9st k\u00fcls\u0151 mentorok seg\u00edtik, a v\u00e1llalkoz\u00e1s beind\u00edt\u00e1s\u00e1t pedig az Alap\u00edtv\u00e1ny munkat\u00e1rsai k\u00eds\u00e9rik v\u00e9gig. Ebben a cikkben a mentori t\u00e1mogat\u00e1s folyamat\u00e1t, tapasztalatait mutatjuk [&hellip;]","og_url":"https:\/\/kofe.hu\/parola\/parola-folyoirat\/mentori-tamogatas-tarsadalmi-vallalkozas-fejleszto-programban\/","og_site_name":"Parola Foly\u00f3irat","article_published_time":"2021-02-05T12:40:37+00:00","article_modified_time":"2021-02-16T19:18:11+00:00","og_image":[{"width":964,"height":639,"url":"https:\/\/kofe.hu\/parola\/wp-content\/uploads\/2021\/02\/2020-3-4-WL-3.jpg","type":"image\/jpeg"}],"author":"Weninger L\u00e1szl\u00f3","twitter_card":"summary_large_image","twitter_misc":{"Szerz\u0151:":"Weninger L\u00e1szl\u00f3","Becs\u00fclt olvas\u00e1si id\u0151":"7 perc","Written by":"Weninger L\u00e1szl\u00f3"},"schema":{"@context":"https:\/\/schema.org","@graph":[{"@type":"Article","@id":"https:\/\/kofe.hu\/parola\/parola-folyoirat\/mentori-tamogatas-tarsadalmi-vallalkozas-fejleszto-programban\/#article","isPartOf":{"@id":"https:\/\/kofe.hu\/parola\/parola-folyoirat\/mentori-tamogatas-tarsadalmi-vallalkozas-fejleszto-programban\/"},"author":{"name":"Weninger L\u00e1szl\u00f3","@id":"https:\/\/kofe.hu\/parola\/#\/schema\/person\/a94728f4032d358c4de108573d197201"},"headline":"Mentori t\u00e1mogat\u00e1s t\u00e1rsadalmi v\u00e1llalkoz\u00e1s fejleszt\u0151 programban","datePublished":"2021-02-05T12:40:37+00:00","dateModified":"2021-02-16T19:18:11+00:00","mainEntityOfPage":{"@id":"https:\/\/kofe.hu\/parola\/parola-folyoirat\/mentori-tamogatas-tarsadalmi-vallalkozas-fejleszto-programban\/"},"wordCount":1498,"commentCount":0,"image":{"@id":"https:\/\/kofe.hu\/parola\/parola-folyoirat\/mentori-tamogatas-tarsadalmi-vallalkozas-fejleszto-programban\/#primaryimage"},"thumbnailUrl":"https:\/\/kofe.hu\/parola\/wp-content\/uploads\/2021\/02\/2020-3-4-WL-3.jpg","keywords":["Badur Alap\u00edtv\u00e1ny","Keltet\u0151+","mentor\u00e1l\u00e1s","t\u00e1rsadalmi v\u00e1llalkoz\u00e1s"],"articleSection":["Parola 2020\/3-4","Parola Foly\u00f3irat","Repert\u00f3rium"],"inLanguage":"hu","potentialAction":[{"@type":"CommentAction","name":"Comment","target":["https:\/\/kofe.hu\/parola\/parola-folyoirat\/mentori-tamogatas-tarsadalmi-vallalkozas-fejleszto-programban\/#respond"]}]},{"@type":"WebPage","@id":"https:\/\/kofe.hu\/parola\/parola-folyoirat\/mentori-tamogatas-tarsadalmi-vallalkozas-fejleszto-programban\/","url":"https:\/\/kofe.hu\/parola\/parola-folyoirat\/mentori-tamogatas-tarsadalmi-vallalkozas-fejleszto-programban\/","name":"Mentori t\u00e1mogat\u00e1s t\u00e1rsadalmi v\u00e1llalkoz\u00e1s fejleszt\u0151 programban - Parola Foly\u00f3irat","isPartOf":{"@id":"https:\/\/kofe.hu\/parola\/#website"},"primaryImageOfPage":{"@id":"https:\/\/kofe.hu\/parola\/parola-folyoirat\/mentori-tamogatas-tarsadalmi-vallalkozas-fejleszto-programban\/#primaryimage"},"image":{"@id":"https:\/\/kofe.hu\/parola\/parola-folyoirat\/mentori-tamogatas-tarsadalmi-vallalkozas-fejleszto-programban\/#primaryimage"},"thumbnailUrl":"https:\/\/kofe.hu\/parola\/wp-content\/uploads\/2021\/02\/2020-3-4-WL-3.jpg","datePublished":"2021-02-05T12:40:37+00:00","dateModified":"2021-02-16T19:18:11+00:00","author":{"@id":"https:\/\/kofe.hu\/parola\/#\/schema\/person\/a94728f4032d358c4de108573d197201"},"breadcrumb":{"@id":"https:\/\/kofe.hu\/parola\/parola-folyoirat\/mentori-tamogatas-tarsadalmi-vallalkozas-fejleszto-programban\/#breadcrumb"},"inLanguage":"hu","potentialAction":[{"@type":"ReadAction","target":["https:\/\/kofe.hu\/parola\/parola-folyoirat\/mentori-tamogatas-tarsadalmi-vallalkozas-fejleszto-programban\/"]}]},{"@type":"ImageObject","inLanguage":"hu","@id":"https:\/\/kofe.hu\/parola\/parola-folyoirat\/mentori-tamogatas-tarsadalmi-vallalkozas-fejleszto-programban\/#primaryimage","url":"https:\/\/kofe.hu\/parola\/wp-content\/uploads\/2021\/02\/2020-3-4-WL-3.jpg","contentUrl":"https:\/\/kofe.hu\/parola\/wp-content\/uploads\/2021\/02\/2020-3-4-WL-3.jpg","width":964,"height":639},{"@type":"BreadcrumbList","@id":"https:\/\/kofe.hu\/parola\/parola-folyoirat\/mentori-tamogatas-tarsadalmi-vallalkozas-fejleszto-programban\/#breadcrumb","itemListElement":[{"@type":"ListItem","position":1,"name":"Home","item":"https:\/\/kofe.hu\/parola\/"},{"@type":"ListItem","position":2,"name":"Mentori t\u00e1mogat\u00e1s t\u00e1rsadalmi v\u00e1llalkoz\u00e1s fejleszt\u0151 programban"}]},{"@type":"WebSite","@id":"https:\/\/kofe.hu\/parola\/#website","url":"https:\/\/kofe.hu\/parola\/","name":"Parola Foly\u00f3irat","description":"","potentialAction":[{"@type":"SearchAction","target":{"@type":"EntryPoint","urlTemplate":"https:\/\/kofe.hu\/parola\/?s={search_term_string}"},"query-input":{"@type":"PropertyValueSpecification","valueRequired":true,"valueName":"search_term_string"}}],"inLanguage":"hu"},{"@type":"Person","@id":"https:\/\/kofe.hu\/parola\/#\/schema\/person\/a94728f4032d358c4de108573d197201","name":"Weninger L\u00e1szl\u00f3","image":{"@type":"ImageObject","inLanguage":"hu","@id":"https:\/\/kofe.hu\/parola\/#\/schema\/person\/image\/d9035e865a298cface4db8e634a2236c","url":"https:\/\/secure.gravatar.com\/avatar\/bb5becee385416e51f48218a99031849c36fdb875b663ee848ee4769024cf19f?s=96&d=mm&r=g","contentUrl":"https:\/\/secure.gravatar.com\/avatar\/bb5becee385416e51f48218a99031849c36fdb875b663ee848ee4769024cf19f?s=96&d=mm&r=g","caption":"Weninger L\u00e1szl\u00f3"},"url":"https:\/\/kofe.hu\/parola\/szerzok\/weninger-laszlo\/"}]}},"_links":{"self":[{"href":"https:\/\/kofe.hu\/parola\/wp-json\/wp\/v2\/posts\/5792","targetHints":{"allow":["GET"]}}],"collection":[{"href":"https:\/\/kofe.hu\/parola\/wp-json\/wp\/v2\/posts"}],"about":[{"href":"https:\/\/kofe.hu\/parola\/wp-json\/wp\/v2\/types\/post"}],"author":[{"embeddable":true,"href":"https:\/\/kofe.hu\/parola\/wp-json\/wp\/v2\/users\/540"}],"replies":[{"embeddable":true,"href":"https:\/\/kofe.hu\/parola\/wp-json\/wp\/v2\/comments?post=5792"}],"version-history":[{"count":5,"href":"https:\/\/kofe.hu\/parola\/wp-json\/wp\/v2\/posts\/5792\/revisions"}],"predecessor-version":[{"id":5951,"href":"https:\/\/kofe.hu\/parola\/wp-json\/wp\/v2\/posts\/5792\/revisions\/5951"}],"wp:featuredmedia":[{"embeddable":true,"href":"https:\/\/kofe.hu\/parola\/wp-json\/wp\/v2\/media\/5796"}],"wp:attachment":[{"href":"https:\/\/kofe.hu\/parola\/wp-json\/wp\/v2\/media?parent=5792"}],"wp:term":[{"taxonomy":"category","embeddable":true,"href":"https:\/\/kofe.hu\/parola\/wp-json\/wp\/v2\/categories?post=5792"},{"taxonomy":"post_tag","embeddable":true,"href":"https:\/\/kofe.hu\/parola\/wp-json\/wp\/v2\/tags?post=5792"},{"taxonomy":"author","embeddable":true,"href":"https:\/\/kofe.hu\/parola\/wp-json\/wp\/v2\/coauthors?post=5792"}],"curies":[{"name":"wp","href":"https:\/\/api.w.org\/{rel}","templated":true}]}}