{"id":5606,"date":"2020-10-12T12:59:30","date_gmt":"2020-10-12T12:59:30","guid":{"rendered":"https:\/\/kofe.hu\/parola\/?p=5606"},"modified":"2020-12-02T18:59:37","modified_gmt":"2020-12-02T18:59:37","slug":"kozossegi-toke-kozossegi-alapu-szolgaltatasok","status":"publish","type":"post","link":"https:\/\/kofe.hu\/parola\/repertorium\/kozossegi-toke-kozossegi-alapu-szolgaltatasok\/","title":{"rendered":"K\u00f6z\u00f6ss\u00e9gi t\u0151ke, k\u00f6z\u00f6ss\u00e9gi alap\u00fa szolg\u00e1ltat\u00e1sok"},"content":{"rendered":"<p>A Parola e lapsz\u00e1m\u00e1t a k\u00f6z\u00f6ss\u00e9gi alap\u00fa szolg\u00e1ltat\u00e1sok \u00e9s a k\u00f6z\u00f6ss\u00e9gi t\u0151ke t\u00e9m\u00e1j\u00e1nak szentelt\u00fck. Premiert \u00fcnnepl\u00fcnk, hiszen a k\u00f6z\u00f6ss\u00e9gi t\u0151ke t\u00e9m\u00e1j\u00e1t el\u0151sz\u00f6r j\u00e1rjuk k\u00f6r\u00fcl e lap has\u00e1bjain \u2013 magyarul is hozz\u00e1f\u00e9rhet\u0151v\u00e9 t\u00e9ve \u00e9s rendszerr\u00e9 szerkesztve annak angol nyelv\u0171 szakirodalm\u00e1t.<\/p>\n<p>A k\u00f6z\u00f6ss\u00e9gi alap\u00fa szolg\u00e1ltat\u00e1sok \u00e1lltak a K\u00f6z\u00f6ss\u00e9gfejleszt\u0151k Egyes\u00fclete most z\u00e1rult \u201eK\u00f6z\u00f6ss\u00e9gek szolg\u00e1lat\u00e1ban \u2013 kistelep\u00fcl\u00e9seken\u201d projektj\u00e9nek<a href=\"#_ftn1\" name=\"_ftnref1\"><sup>[1]<\/sup><\/a> f\u00f3kusz\u00e1ban, \u00edgy err\u0151l a t\u00e9m\u00e1r\u00f3l is sok a mondanival\u00f3nk. S mivel a k\u00f6z\u00f6ss\u00e9gi alap\u00fa szolg\u00e1ltat\u00e1s l\u00e9nyeg\u00e9hez tartozik, hogy a helyi k\u00f6z\u00f6ss\u00e9gbe \u00e1gyazottan m\u0171k\u00f6dik, er\u0151forr\u00e1sait e lokalit\u00e1s k\u00f6z\u00f6ss\u00e9gi t\u0151k\u00e9j\u00e9b\u0151l mer\u00edti, s m\u0171k\u00f6d\u00e9s\u00e9vel e k\u00f6z\u00f6ss\u00e9g k\u00f6z\u00f6ss\u00e9gi t\u0151k\u00e9j\u00e9t er\u0151s\u00edti, ad\u00f3dott, hogy e k\u00e9t t\u00e9m\u00e1t \u00f6sszekapcsoljuk.<\/p>\n<p><strong>\u00a0<\/strong><strong>A K\u00d6Z\u00d6SS\u00c9GI ALAP\u00da SZOLG\u00c1LTAT\u00c1S<\/strong><\/p>\n<p>\u201eA k\u00f6z\u00f6ss\u00e9gi alap\u00fa szolg\u00e1ltat\u00e1s az ig\u00e9nyek \u00e9s sz\u00fcks\u00e9gletek kiel\u00e9g\u00edt\u00e9s\u00e9nek az a m\u00f3dja, amely a helyi k\u00f6z\u00f6ss\u00e9gbe \u00e1gyazottan m\u0171k\u00f6dik, vagyis helyben van; szem\u00e9lyes, illetve helyi k\u00f6z\u00f6ss\u00e9gi sz\u00fcks\u00e9gletekre \u00e9s er\u0151forr\u00e1sokra \u00e9p\u00edt; a helyi lakosokkal egyenrang\u00fa, partneri viszonyban m\u0171k\u00f6dik; bels\u0151 er\u0151forr\u00e1sokat mozg\u00f3s\u00edt; m\u00e1s szolg\u00e1ltat\u00e1sokkal, illetve a helyi k\u00f6z\u00f6ss\u00e9g m\u00e1s szerepl\u0151ivel partners\u00e9gben dolgozik.\u201d \u2013 sz\u00f3l fogalom-meghat\u00e1roz\u00e1sunk. K\u00fcl\u00f6n kiadv\u00e1nyban<a href=\"#_ftn2\" name=\"_ftnref2\"><sup>[2]<\/sup><\/a> foglalkoztunk e defin\u00edci\u00f3 kifejt\u00e9s\u00e9vel, a k\u00f6z\u00f6ss\u00e9gi alap\u00fa szolg\u00e1ltat\u00e1s, a helyi k\u00f6z\u00f6ss\u00e9g, a szolg\u00e1ltat\u00e1s t\u00e9mak\u00f6r\u00f6k kapcsolat\u00e1val, valamint a k\u00f6z\u00f6ss\u00e9gi alap\u00fa szolg\u00e1ltat\u00e1s bevezet\u00e9s\u00e9nek l\u00e9p\u00e9seivel. Ugyanitt pr\u00f3b\u00e1ltunk meggy\u0151z\u0151 \u00e9rvekkel szolg\u00e1lni a d\u00f6nt\u00e9shoz\u00f3k sz\u00e1m\u00e1ra a k\u00f6z\u00f6ss\u00e9gi alap\u00fa szolg\u00e1ltat\u00e1s melletti elk\u00f6telez\u0151d\u00e9shez. Ezekben az \u00e9rvekben a szolg\u00e1ltat\u00e1s van a f\u00f3kuszban, s azt hangs\u00falyozzuk, milyen el\u0151ny\u00f6kkel j\u00e1r, ha a szolg\u00e1ltat\u00f3 k\u00f6z\u00f6ss\u00e9gi alapon szolg\u00e1ltat.<\/p>\n<p>A k\u00f6vetkez\u0151kben a k\u00f6z\u00f6ss\u00e9gi alap\u00fa szolg\u00e1ltat\u00e1sr\u00f3l a k\u00f6z\u00f6ss\u00e9g, a k\u00f6z\u00f6ss\u00e9gfejleszt\u00e9s f\u00f3kusz\u00e1b\u00f3l szeretn\u00e9nk sz\u00f3lni \u2013 abb\u00f3l kiindulva, hogy a k\u00f6z\u00f6ss\u00e9gfejleszt\u00e9s egy szeml\u00e9let- \u00e9s munkam\u00f3dot is jelent.<\/p>\n<p>A k\u00f6z\u00f6ss\u00e9gfejleszt\u0151 szeml\u00e9letm\u00f3d alapj\u00e1t tal\u00e1n \u00edgy tudjuk a legegyszer\u0171bben megfogalmazni: feln\u0151ttk\u00e9nt \u00e9s egyenrang\u00fa partnerk\u00e9nt tekinteni a m\u00e1sik emberre, gondolatokat \u00e9s v\u00e9lem\u00e9nyt megfogalmazni \u00e9s d\u00f6nteni k\u00e9pes, kompetens emberre (a saj\u00e1t \u00e9let\u00e9hez, k\u00f6rnyezet\u00e9hez, k\u00f6z\u00f6ss\u00e9g\u00e9hez kapcsol\u00f3d\u00f3an mindenk\u00e9pp), aki ha minderre m\u00e9g nem k\u00e9pes, akkor is rendelkezik e k\u00e9pess\u00e9g lehet\u0151s\u00e9g\u00e9vel. (A k\u00f6z\u00f6ss\u00e9gfejleszt\u0151 pedig e k\u00e9pess\u00e9get seg\u00edti kibontakozni: \u201ek\u00e9pess\u00e9 tesz\u201d).<\/p>\n<p>A k\u00f6z\u00f6ss\u00e9gfejleszt\u0151, k\u00f6z\u00f6ss\u00e9gi munkam\u00f3d (melynek pontos sztenterdjeivel m\u00e9g ad\u00f3s a szakma) ezen a szeml\u00e9letm\u00f3don alapul, term\u00e9szetesen nem csak egy\u00e9nek, hanem a k\u00f6z\u00f6ss\u00e9gek vonatkoz\u00e1s\u00e1ban is, \u00e9s az aktiviz\u00e1l\u00e1s \u00e9s bevon\u00e1s \u2013 a r\u00e9szv\u00e9tel \u2013 k\u00f6zponti elem\u00e9t k\u00e9pezi. A k\u00f6z\u00f6ss\u00e9gi munkam\u00f3dban a helyi szerepl\u0151k j\u00e1tsz\u00e1k a f\u0151szerepet, az \u0151 cselekv\u00e9s\u00fck, partners\u00e9g\u00fck, egy\u00fcttm\u0171k\u00f6d\u00e9s\u00fck hozza el a v\u00e1ltoz\u00e1st, melyhez a k\u00f6z\u00f6ss\u00e9g, a lokalit\u00e1s bels\u0151 er\u0151forr\u00e1sait haszn\u00e1lj\u00e1k. Amikor k\u00f6z\u00f6ss\u00e9gi m\u00f3don dolgozunk, akkor aktiviz\u00e1lunk, kapcsolatokat, egy\u00fcttm\u0171k\u00f6d\u00e9st, bizalmat \u00e9p\u00edt\u00fcnk, p\u00e1rbesz\u00e9det gener\u00e1lunk, s t\u00e1mogatjuk a k\u00f6z\u00f6ss\u00e9get abban, hogy a sz\u00fcks\u00e9gletek \u00e9s az ig\u00e9nyek l\u00e1that\u00f3v\u00e1 v\u00e1ljanak, kikrist\u00e1lyosodjanak az \u00e1ll\u00e1spontok \u00e9s k\u00f6z\u00f6s d\u00f6nt\u00e9sek sz\u00fclessenek, valamint hogy felm\u00e9rj\u00e9k \u00e9s haszn\u00e1lni kezdj\u00e9k bels\u0151 er\u0151forr\u00e1saikat.<\/p>\n<p>Emiatt a szeml\u00e9let- \u00e9s munkam\u00f3d miatt lesz felismerhet\u0151 min\u0151s\u00e9ge annak, ha k\u00f6z\u00f6ss\u00e9gfejleszt\u00e9s t\u00f6rt\u00e9nik, legyen az egy telep\u00fcl\u00e9si komplex fejleszt\u0151folyamat, egy k\u00f6zt\u00e9r-tervez\u00e9s, egy \u00f6nk\u00e9pz\u0151- vagy tanul\u00f3k\u00f6r, egy besz\u00e9lget\u00e9ssorozat \u2013 vagy egy szolg\u00e1ltat\u00e1s. Ebben a min\u0151s\u00e9gben az \u00fat, amely sor\u00e1n minden szerepl\u0151 egy\u00e9nileg \u00e9s k\u00f6z\u00f6ss\u00e9gk\u00e9nt is tanul \u00e9s form\u00e1l\u00f3dik, legal\u00e1bb olyan fontos, mint a c\u00e9l.<\/p>\n<p>E k\u00f6z\u00f6ss\u00e9gi munkam\u00f3d\u00fa folyamatoknak term\u00e9szetesen nem felt\u00e9tlen\u00fcl k\u00f6zvetlen \u00e9s nem azonos \u201efok\u00fa\u201d a hat\u00e1sa a teljes telep\u00fcl\u00e9s(r\u00e9sz)re, nem mindegyikben tud megjelenni a lakoss\u00e1g teljes k\u00f6r\u00e9nek megsz\u00f3l\u00edt\u00e1sa, bevon\u00e1sa \u2013 \u00e9s ha ez meg is jelenik, a folytat\u00e1s nem felt\u00e9tlen\u00fcl a lehet\u0151 legt\u00e1gabb, hanem f\u00f3kusz\u00e1lt tematik\u00e1j\u00fa. Ebb\u0151l a szempontb\u00f3l fel lehet \u00e1ll\u00edtani egy sk\u00e1l\u00e1t, melynek egyik v\u00e9g\u00e9n a lakoss\u00e1g sz\u0171kebb k\u00f6r\u00e9t egyetlen t\u00e9m\u00e1ban r\u00f6videbb id\u0151re megsz\u00f3l\u00edt\u00f3 \u00e9s bevon\u00f3 tev\u00e9kenys\u00e9g, a m\u00e1sik v\u00e9g\u00e9n a komplex, hossz\u00fa t\u00e1v\u00fa fejleszt\u0151folyamat \u00e1ll. A k\u00f6z\u00f6ss\u00e9gi alap\u00fa szolg\u00e1ltat\u00e1s a komplex fejleszt\u0151folyamathoz k\u00f6zel\u00edt. (A k\u00f6z\u00f6ss\u00e9gi alap\u00fa szolg\u00e1ltat\u00e1s k\u00f6z\u00f6ss\u00e9get fejleszt\u0151 jelent\u0151s\u00e9g\u00e9t, a k\u00f6z\u00f6ss\u00e9g \u00e9s a k\u00f6z\u00f6ss\u00e9gi alap\u00fa szolg\u00e1ltat\u00e1s \u00f6sszef\u00fcgg\u00e9s\u00e9t hamarosan b\u0151vebben kifejtj\u00fck.) A beavatkoz\u00e1s hat\u00e1sa a telep\u00fcl\u00e9sre val\u00f3sz\u00edn\u0171leg ann\u00e1l nagyobb, min\u00e9l komplexebb a folyamat. Ugyanakkor min\u00e9l komplexebb \u00e9s bel\u00e1thatatlanabb a folyamat \u00e9s az eredm\u00e9ny, ann\u00e1l nehezebb az (el\u0151zetes) elfogadtat\u00e1sa az \u00e9rintett szakemberekkel \u00e9s d\u00f6nt\u00e9shoz\u00f3kkal. K\u00f6z\u00f6ss\u00e9gi alap\u00fa szolg\u00e1ltat\u00e1s bevezet\u00e9s\u00e9r\u0151l ebb\u0151l a szempontb\u00f3l neh\u00e9z lenne a szakembereket \u00e9s a d\u00f6nt\u00e9shoz\u00f3kat meggy\u0151zni. M\u00e1sr\u00e9szr\u0151l viszont sokat sz\u00e1m\u00edt az is, hogy egy k\u00f6z\u00f6ss\u00e9gi folyamat besorolhat\u00f3-e a megszokott kateg\u00f3ri\u00e1kba, \u00e9s ebb\u0151l a szempontb\u00f3l a k\u00f6z\u00f6ss\u00e9gi alap\u00fa szolg\u00e1ltat\u00e1s \u2013 mint szolg\u00e1ltat\u00e1s \u2013 j\u00f3l kommunik\u00e1lhat\u00f3. <em>A komplex fejleszt\u00e9si folyamatokban gondolkod\u00f3 k\u00f6z\u00f6ss\u00e9gek \u00e9s k\u00f6z\u00f6ss\u00e9gi szakemberek sz\u00e1m\u00e1ra a k\u00f6z\u00f6ss\u00e9gi alap\u00fa szolg\u00e1ltat\u00e1s lehet a tr\u00f3jai fal\u00f3, melyen kereszt\u00fcl a fejleszt\u00e9s t\u00e1mogat\u00e1s\u00e1t el tudj\u00e1k \u00e9rni.<\/em><\/p>\n<p><strong><img loading=\"lazy\" decoding=\"async\" class=\" wp-image-5609 aligncenter\" src=\"https:\/\/kofe.hu\/parola\/wp-content\/uploads\/2020\/10\/2020-1-Gyenes-3.jpg\" alt=\"\" width=\"711\" height=\"293\" \/><\/strong><\/p>\n<p><strong>K\u00d6Z\u00d6SS\u00c9GI T\u0150KE<\/strong><\/p>\n<p>A k\u00f6z\u00f6ss\u00e9gi szeml\u00e9let- \u00e9s munkam\u00f3dr\u00f3l, valamint a k\u00f6z\u00f6ss\u00e9gi alap\u00fa szolg\u00e1ltat\u00e1sr\u00f3l sz\u00f3l\u00f3 el\u0151z\u0151 n\u00e9h\u00e1ny bekezd\u00e9sben t\u00f6bbsz\u00f6r is szerepelt az er\u0151forr\u00e1s, bels\u0151 er\u0151forr\u00e1s kifejez\u00e9s. Nem v\u00e9letlen\u00fcl. A k\u00f6z\u00f6ss\u00e9gfejleszt\u00e9s a bels\u0151 er\u0151forr\u00e1sokra \u00e9p\u00edt\u0151 fejleszt\u00e9s. Mindig is hangs\u00falyoztuk, hogy az er\u0151forr\u00e1sokat t\u00e1gan \u00e9rtelmezz\u00fck, s a 2000-es \u00e9vekben boldogan tal\u00e1ltunk r\u00e1 a t\u00e1rsadalmi t\u0151ke elm\u00e9let\u00e9re \u2013 \u00e9s m\u00e9r\u00e9si lehet\u0151s\u00e9g\u00e9re.<a href=\"#_ftn3\" name=\"_ftnref3\"><sup>[3]<\/sup><\/a> Putnam<a href=\"#_ftn4\" name=\"_ftnref4\"><sup>[4]<\/sup><\/a> meghat\u00e1roz\u00e1s\u00e1ban a t\u00e1rsadalmi t\u0151ke a t\u00e1rsadalmi szervez\u0151d\u00e9s azon jellemz\u0151inek \u00f6sszess\u00e9ge, amelyek biztos\u00edtj\u00e1k a k\u00f6z\u00f6s haszon \u00e9rdek\u00e9ben v\u00e9gzett koordin\u00e1ci\u00f3t, kooper\u00e1ci\u00f3t, kommunik\u00e1ci\u00f3t \u2013 a h\u00e1l\u00f3zatok (kapcsolatok), a norm\u00e1k \u00e9s a bizalom; \u00e9s hasonl\u00f3 defin\u00edci\u00f3t ad az Egyes\u00fclt Kir\u00e1lys\u00e1g Nemzeti Statisztikai Hivatala<a href=\"#_ftn5\" name=\"_ftnref5\"><sup>[5]<\/sup><\/a> is (h\u00e1l\u00f3zatok, k\u00f6z\u00f6s norm\u00e1kkal, \u00e9rt\u00e9kekkel, amelyek el\u0151seg\u00edtik az egy\u00fcttm\u0171k\u00f6d\u00e9st a k\u00fcl\u00f6nb\u00f6z\u0151 csoportokon bel\u00fcl vagy azok k\u00f6z\u00f6tt). A t\u00e1rsadalmi t\u0151ke teh\u00e1t egy olyan er\u0151forr\u00e1s, mellyel minden k\u00f6z\u00f6ss\u00e9g rendelkezik, hogy milyen m\u00e9rt\u00e9kben, az j\u00f3l m\u00e9rhet\u0151 a k\u00f6z\u00f6ss\u00e9gen bel\u00fcli kapcsolatok, a r\u00e9szv\u00e9tel \u00e9s a bizalom \u00e1llapot\u00e1n.<\/p>\n<p><em>A k\u00f6z\u00f6ss\u00e9gi t\u0151ke<a href=\"#_ftn6\" name=\"_ftnref6\"><sup><strong>[6]<\/strong><\/sup><\/a> tov\u00e1bb b\u0151v\u00edti a bels\u0151 er\u0151forr\u00e1s fogalm\u00e1t \u2013 pontosabban annak operacionaliz\u00e1l\u00e1s\u00e1t. A k\u00f6z\u00f6ss\u00e9gi t\u0151ke 7 t\u0151kefajta \u00f6sszefoglal\u00f3 neve<\/em>: term\u00e9szeti t\u0151ke, kultur\u00e1lis t\u0151ke, hum\u00e1n t\u0151ke, t\u00e1rsadalmi t\u0151ke (az el\u0151bb kifejtettekkel nem felt\u00e9tlen\u00fcl azonos \u00e9rtelemben, de itt is a kapcsolatok vannak f\u00f3kuszban), politikai t\u0151ke, \u00e9p\u00edtett t\u0151ke, p\u00e9nz\u00fcgyi t\u0151ke. S azon t\u00fal, hogy kit\u00e1g\u00edtja \u00e9s diverzifik\u00e1lja a bels\u0151 er\u0151forr\u00e1s fogalm\u00e1t, a k\u00f6z\u00f6ss\u00e9gi t\u0151ke a k\u00f6z\u00f6ss\u00e9g funkcion\u00e1lis megk\u00f6zel\u00edt\u00e9s\u00e9hez is szervesen tud kapcsol\u00f3dni: a k\u00f6z\u00f6ss\u00e9g \u00e1ltal ell\u00e1tand\u00f3 minden funkci\u00f3hoz hozz\u00e1rendelhet\u0151 egy-egy k\u00f6z\u00f6ss\u00e9git\u0151ke-fajta.<\/p>\n<p><a href=\"https:\/\/kofe.hu\/parola\/parola-folyoirat\/a-kozossegi-toke\/#_ftnref2\">\u00d6ssze\u00e1ll\u00edt\u00e1sunkban<\/a> bemutatjuk a k\u00f6z\u00f6ss\u00e9gi t\u0151ke 7 t\u00edpus\u00e1t \u2013 felv\u00e1zolva egy helyi k\u00f6z\u00f6ss\u00e9g elemz\u00e9s\u00e9nek lehets\u00e9ges keretrendszer\u00e9t. E keretrendszert a gyakorlatba \u00fcltetve a folytat\u00e1sb\u00f3l \u2013 sok konkr\u00e9t p\u00e9ld\u00e1val illusztr\u00e1lva \u2013 az is kider\u00fcl, k\u00f6z\u00f6ss\u00e9gi beavatkoz\u00e1s eset\u00e9n hogyan haszn\u00e1lhat\u00f3 a k\u00f6z\u00f6ss\u00e9gi t\u0151ke megk\u00f6zel\u00edt\u00e9s.\u00a0 Mivel e t\u0151kefajt\u00e1k egy\u00e1ltal\u00e1n nem f\u00fcggetlenek egym\u00e1st\u00f3l \u00e9s szerves rendszert alkotnak, az \u00f6ssze\u00e1ll\u00edt\u00e1sb\u00f3l azok a gondolatok sem hi\u00e1nyozhatnak (nem csak elm\u00e9letben: a k\u00f6z\u00f6ss\u00e9gi bank konkr\u00e9t p\u00e9ld\u00e1j\u00e1n levezetve), hogyan hatnak egym\u00e1sra a k\u00f6z\u00f6ss\u00e9gi t\u0151kefajt\u00e1k. Ebben az \u00f6sszef\u00fcgg\u00e9srendszerben egy spir\u00e1lis hat\u00e1s is \u00e9rv\u00e9nyes\u00fcl, ennek szeml\u00e9ltet\u00e9s\u00e9re az \u00f6ssze\u00e1ll\u00edt\u00e1s egy esettanulm\u00e1nnyal z\u00e1rul.<\/p>\n<p>Szeretn\u00e9nk kiemelni, hogy a k\u00f6z\u00f6ss\u00e9gi t\u0151k\u00e9r\u0151l sz\u00f3l\u00f3 \u00f6ssze\u00e1ll\u00edt\u00e1s nem csak az\u00e9rt k\u00fcl\u00f6nleges, mert ezek a forr\u00e1sok \u2013 legjobb tudom\u00e1sunk szerint \u2013 el\u0151sz\u00f6r olvashat\u00f3k magyarul, hanem mert az egyes irodalmak \u00f6sszek\u00f6t\u00e9s\u00e9vel kirajzolja azt a logikai \u00edvet, amely a k\u00f6z\u00f6ss\u00e9gi t\u0151ke felv\u00e1zol\u00e1s\u00e1t\u00f3l e t\u0151kefajt\u00e1k egym\u00e1st spir\u00e1lisan er\u0151s\u00edt\u0151 vagy gyeng\u00edt\u0151 hat\u00e1s\u00e1ig tart.<\/p>\n<p>Azt rem\u00e9lj\u00fck, hogy el\u0151sz\u00f6r, de nem utolj\u00e1ra foglalkozunk a Parola has\u00e1bjain a k\u00f6z\u00f6ss\u00e9gi t\u0151k\u00e9vel, a bels\u0151 er\u0151forr\u00e1snak ezzel a legt\u00e1gabb, holisztikus megk\u00f6zel\u00edt\u00e9s\u00e9vel, \u00e9s lesz m\u00e9g m\u00f3dunk annak a gazdag m\u00f3dszertani anyagnak a k\u00f6zread\u00e1s\u00e1ra is, amely a k\u00f6z\u00f6ss\u00e9gi t\u0151ke \u2013 helyi szerepl\u0151k bevon\u00e1s\u00e1val t\u00f6rt\u00e9n\u0151 \u2013 felt\u00e9rk\u00e9pez\u00e9s\u00e9r\u0151l, s az egyes t\u0151kefajt\u00e1k egym\u00e1st er\u0151s\u00edt\u0151 fejleszt\u00e9s\u00e9r\u0151l sz\u00f3l.<\/p>\n<p><strong>K\u00f6z\u00f6ss\u00e9gi t\u0151ke esettanulm\u00e1ny<\/strong><\/p>\n<p>A k\u00f6z\u00f6ss\u00e9gi t\u0151ke \u00e9s a helyi fejleszt\u00e9s \u00f6sszef\u00fcgg\u00e9s\u00e9t nem csup\u00e1n az \u00f6ssze\u00e1ll\u00edt\u00e1sban szerepl\u0151 amerikai esettanulm\u00e1ny vil\u00e1g\u00edtja meg \u2013 egy hazai esettanulm\u00e1nnyal, illetve kutat\u00e1si besz\u00e1mol\u00f3val is gazdag\u00edtjuk a t\u00e9ma feldolgoz\u00e1s\u00e1t. A Zalai Falvak\u00e9rt Egyes\u00fclet kutat\u00e1sa a zalai apr\u00f3falvakban v\u00e9gzett \u00e9s v\u00e9gzend\u0151 sikeres fejleszt\u0151munka, valamint a tart\u00f3san sikeres telep\u00fcl\u00e9sek, helyi k\u00f6z\u00f6ss\u00e9gek titkos \u00f6sszetev\u0151it kereste \u2013 ezeket a titkos \u00f6sszetev\u0151ket, a TOP 10 sikerfaktort tessz\u00fck most k\u00f6zz\u00e9 e lapsz\u00e1mban. A kutat\u00e1s f\u00f3kusz\u00e1ban \u2013 a hum\u00e1n t\u0151k\u00e9vel szoros \u00f6sszef\u00fcgg\u00e9sben \u2013 a t\u00e1rsadalmi t\u0151ke \u00e1llt, k\u00fcl\u00f6n\u00f6sen a k\u00edv\u00fclr\u0151l j\u00f6v\u0151 szakmai t\u00e1mogat\u00e1s. Ahogy az amerikai esettanulm\u00e1nyban, itt is meger\u0151s\u00edt\u00e9st nyert, hogy a t\u00e1rsadalmi t\u0151ke a bels\u0151 \u00e9s a k\u00fcls\u0151 kapcsolatok k\u00f6zti egyens\u00faly \u00e9s egy\u00fcttm\u0171k\u00f6d\u00e9s r\u00e9v\u00e9n fejleszthet\u0151, s hogy ez a t\u00e1rsadalmit\u0151ke-fejleszt\u00e9s a t\u00f6bbi t\u0151kefajt\u00e1val, azok \u00e1llapot\u00e1val \u00e9s fejl\u0151d\u00e9s\u00e9vel is szoros kapcsolatban \u00e1ll. A kutat\u00e1s eredm\u00e9nyeib\u0151l arra a k\u00e9rd\u00e9sre is v\u00e1laszt kaphatunk, hogy az \u00e9rintettek, vagyis a helyi k\u00f6z\u00f6ss\u00e9gi vezet\u0151k sz\u00e1m\u00e1ra mit jelent, milyen tev\u00e9kenys\u00e9gekben azonos\u00edthat\u00f3, hogyan jellemezhet\u0151 a \u2013 k\u00edv\u00fclr\u0151l j\u00f6v\u0151 \u2013 \u201ej\u00f3 seg\u00edts\u00e9g\u201d, \u00e9s term\u00e9szetesen az is kider\u00fcl, hogy ezek mely t\u0151kefajt\u00e1k fejl\u0151d\u00e9s\u00e9re hatnak. A <a href=\"https:\/\/kofe.hu\/parola\/parola-folyoirat\/kozossegi-kapcsolatokkal-a-helyi-fejlodesert\/\">K\u00f6z\u00f6ss\u00e9gi kapcsolatokkal a helyi fejl\u0151d\u00e9s\u00e9rt<\/a> c\u00edmet visel\u0151 tanulm\u00e1nyt olvasva megismerhetj\u00fck egy tart\u00f3s jelenl\u00e9ttel, folyamatosan meg\u00fajul\u00f3 eszk\u00f6zt\u00e1rral, akt\u00edvan a terepen dolgoz\u00f3 szervezet munk\u00e1j\u00e1t is, \u00edgy az \u00edr\u00e1st a 30 \u00e9ves Zalai Falvak\u00e9rt Egyes\u00fclet sz\u00fclet\u00e9snapi k\u00f6sz\u00f6nt\u00e9s\u00e9nek is tekinthetj\u00fck.<\/p>\n<p><strong><img loading=\"lazy\" decoding=\"async\" class=\" wp-image-5608 aligncenter\" src=\"https:\/\/kofe.hu\/parola\/wp-content\/uploads\/2020\/10\/2020-1-Gyenes-2.jpg\" alt=\"\" width=\"711\" height=\"474\" srcset=\"https:\/\/kofe.hu\/parola\/wp-content\/uploads\/2020\/10\/2020-1-Gyenes-2.jpg 1280w, https:\/\/kofe.hu\/parola\/wp-content\/uploads\/2020\/10\/2020-1-Gyenes-2-300x200.jpg 300w, https:\/\/kofe.hu\/parola\/wp-content\/uploads\/2020\/10\/2020-1-Gyenes-2-768x512.jpg 768w, https:\/\/kofe.hu\/parola\/wp-content\/uploads\/2020\/10\/2020-1-Gyenes-2-1024x682.jpg 1024w, https:\/\/kofe.hu\/parola\/wp-content\/uploads\/2020\/10\/2020-1-Gyenes-2-10x7.jpg 10w\" sizes=\"auto, (max-width: 711px) 100vw, 711px\" \/><\/strong><\/p>\n<p><strong>K\u00d6Z\u00d6SS\u00c9GEK SZOLG\u00c1LAT\u00c1BAN \u2013 KISTELEP\u00dcL\u00c9SEKEN<\/strong><\/p>\n<p>A vid\u00e9ken, kistelep\u00fcl\u00e9sen \u00e9l\u0151k h\u00e1tr\u00e1nyos helyzetben vannak ma Magyarorsz\u00e1gon, mert korl\u00e1tozottan f\u00e9rnek hozz\u00e1 a k\u00f6zszolg\u00e1ltat\u00e1sokhoz: az eg\u00e9szs\u00e9g\u00fcgyi, szoci\u00e1lis, k\u00e9pz\u00e9si-oktat\u00e1si, kultur\u00e1lis alapell\u00e1t\u00e1sokhoz (pl. orvosi, szakorvosi ell\u00e1t\u00e1s, v\u00e9d\u0151n\u0151i szolg\u00e1ltat\u00e1s, csal\u00e1dseg\u00edt\u0151, id\u0151sgondoz\u00e1s, k\u00e9pz\u00e9si \u00e9s kultur\u00e1lis lehet\u0151s\u00e9gek). A vid\u00e9ki, kistelep\u00fcl\u00e9ses t\u00e9rs\u00e9gekben dolgoz\u00f3 szakemberek k\u00fcl\u00f6n\u00f6sen neh\u00e9z helyzetben vannak ma Magyarorsz\u00e1gon, mert anyagi \u00e9s emberi er\u0151forr\u00e1sok sz\u0171k\u00e9ben (vagyis t\u00f6bb k\u00f6rzetben is, m\u00e1sok helyett is helyt\u00e1llva, kev\u00e9s p\u00e9nzb\u0151l gazd\u00e1lkodva) kellene orvosolniuk az ilyen t\u00e9rs\u00e9gekben k\u00fcl\u00f6n\u00f6sen jellemz\u0151 neh\u00e9z szoci\u00e1lis helyzetet \u00e9s az ezzel j\u00e1r\u00f3 probl\u00e9m\u00e1kat. A k\u00f6z\u00f6ss\u00e9gi alap\u00fa szolg\u00e1ltat\u00e1sok bevezet\u00e9s\u00e9t, illetve a megl\u00e9v\u0151 k\u00f6zszolg\u00e1ltat\u00e1sok k\u00f6z\u00f6ss\u00e9giv\u00e9 alak\u00edt\u00e1s\u00e1t e probl\u00e9ma lehets\u00e9ges megold\u00e1s\u00e1nak gondoljuk. <em>A fenti munkac\u00edm\u0171 projektben t\u00f6bbek k\u00f6z\u00f6tt egy h\u00e1tr\u00e1nyos helyzet\u0171, kistelep\u00fcl\u00e9ses j\u00e1r\u00e1sban vizsg\u00e1ltuk a k\u00f6z\u00f6ss\u00e9gi alap\u00fa szolg\u00e1ltat\u00e1sok bevezet\u00e9s\u00e9nek lehet\u0151s\u00e9geit, s fogalmaztunk meg tapasztalataink alapj\u00e1n szakpolitikai aj\u00e1nl\u00e1st.<\/em> A k\u00f6z\u00f6ss\u00e9gi alap\u00fa szolg\u00e1ltat\u00e1s kulcsfontoss\u00e1g\u00fa eleme, egyik krit\u00e9riuma az egy\u00fcttm\u0171k\u00f6d\u00e9s (\u201em\u00e1s szolg\u00e1ltat\u00e1sokkal, illetve a helyi k\u00f6z\u00f6ss\u00e9g m\u00e1s szerepl\u0151ivel partners\u00e9gben dolgozik\u201d) \u2013 a kutat\u00e1s egyik f\u00f3kusza ez\u00e9rt a megl\u00e9v\u0151 k\u00f6zszolg\u00e1ltat\u00e1sok k\u00f6zti egy\u00fcttm\u0171k\u00f6d\u00e9sek vizsg\u00e1lata volt. A kutat\u00e1s m\u00e1sik f\u00f3kusza a helyi k\u00f6z\u00f6ss\u00e9g volt, hiszen a helyi k\u00f6z\u00f6ss\u00e9g \u00e1llapota meghat\u00e1rozza a k\u00f6z\u00f6ss\u00e9gi alap\u00fa szolg\u00e1ltat\u00e1s bevezet\u00e9s\u00e9nek kih\u00edv\u00e1sait. B\u00e1r m\u0171helyeinken megpr\u00f3b\u00e1ltuk a k\u00f6z\u00f6ss\u00e9git\u0151ke-elemz\u00e9st is, a kutat\u00e1sban a k\u00f6z\u00f6ss\u00e9g funkcion\u00e1lis megk\u00f6zel\u00edt\u00e9se alapj\u00e1n vizsg\u00e1ltuk a j\u00e1r\u00e1sban a warreni funkci\u00f3k megjelen\u00e9s\u00e9t (szocializ\u00e1ci\u00f3, t\u00e1rsadalmi r\u00e9szv\u00e9tel \u00e9s kontroll, gazdas\u00e1gi boldogul\u00e1s, k\u00f6lcs\u00f6n\u00f6s seg\u00edts\u00e9gny\u00fajt\u00e1s).<\/p>\n<p>A projekt eredm\u00e9nyeit vaskos tanulm\u00e1nyk\u00f6tetben<a href=\"#_ftn7\" name=\"_ftnref7\"><sup>[7]<\/sup><\/a> adtuk k\u00f6zre, mely a teljes kutat\u00e1si z\u00e1r\u00f3jelent\u00e9st \u00e9s szakpolitikai aj\u00e1nl\u00e1st, valamint hazai \u00e9s k\u00fclf\u00f6ldi esettanulm\u00e1nyokat \u00e9s tov\u00e1bbi tanulm\u00e1nyokat tartalmaz, e tematikus lapsz\u00e1mban is fontosnak gondoljuk megjelen\u00edteni a <a href=\"https:\/\/kofe.hu\/parola\/egyeb\/kutatasi-osszefoglalo-a-leghatranyosabb-helyzetu-jarasokban-megvalosulo-szakmakozi-egyuttmukodesek-feltarasarara-iranyulo-kutatasrol\/\">kutat\u00e1si \u00f6sszefoglal\u00f3t<\/a>, valamint a <a href=\"https:\/\/kofe.hu\/parola\/parola-folyoirat\/szakpolitikai-ajanlas-a-hatranyos-helyzetu-jarasokban-a-kozszolgaltatasok-elerhetosegenek-javitasara\/\">szakpolitikai aj\u00e1nl\u00e1s<\/a> vezet\u0151i \u00f6sszefoglal\u00f3j\u00e1t, mert ezek j\u00f3l foglalj\u00e1k \u00f6ssze a t\u00e9ma \u00f6sszef\u00fcgg\u00e9seit.<\/p>\n<p>V\u00e9gjegyzetek:<\/p>\n<p><a href=\"#_ftnref1\" name=\"_ftn1\"><sup>[1]<\/sup><\/a> EFOP-5.2.2-17-2017-00011 sz\u00e1m\u00fa \u201eK\u00f6z\u00f6ss\u00e9g alap\u00fa szolg\u00e1ltat\u00e1sok fejleszt\u00e9se \u00e9s a szakell\u00e1t\u00e1ssal val\u00f3 \u00f6sszekapcsol\u00e1sa kistelep\u00fcl\u00e9seken\u201d projekt.<\/p>\n<p><a href=\"#_ftnref2\" name=\"_ftn2\"><sup>[2]<\/sup><\/a> Gyenes Zsuzsa (2019): <em><a href=\"https:\/\/kofe.hu\/wp-content\/uploads\/Dokumentumok\/2020\/honlapra_handout_kozossegialapuszolgaltatas.pdf\">K\u00f6z\u00f6ss\u00e9gek szolg\u00e1lat\u00e1ban. K\u00f6z\u00f6ss\u00e9gi alap\u00fa szolg\u00e1ltat\u00e1sok bevezet\u00e9s\u00e9nek, illetve megl\u00e9v\u0151 szolg\u00e1ltat\u00e1sok k\u00f6z\u00f6ss\u00e9giv\u00e9 alak\u00edt\u00e1s\u00e1nak elm\u00e9lete \u00e9s gyakorlata.<\/a><\/em> K\u00f6z\u00f6ss\u00e9gfejleszt\u0151k Egyes\u00fclete, Budapest.<\/p>\n<p><a href=\"#_ftnref3\" name=\"_ftn3\"><sup>[3]<\/sup><\/a> A <a href=\"https:\/\/kofe.hu\/parola\/korabbi-lapszamok\/parola-2004-3\/\">Parola 2004\/3.<\/a> sz\u00e1ma a t\u00e1rsadalmi t\u0151k\u00e9r\u0151l sz\u00f3l\u00f3 tematikus sz\u00e1m \u2013 az itt k\u00f6vetkez\u0151 hivatkoz\u00e1sok forr\u00e1sa.<\/p>\n<p><a href=\"#_ftnref4\" name=\"_ftn4\"><sup>[4]<\/sup><\/a> Putnam, Robert D.: <em>A prosper\u00e1l\u00f3 k\u00f6z\u00f6ss\u00e9g. A t\u00e1rsadalmi t\u0151ke \u00e9s a k\u00f6z\u00e9let.<\/em><\/p>\n<p><a href=\"#_ftnref5\" name=\"_ftn5\"><sup>[5]<\/sup><\/a> Harper, Rosaline (2002): <em>The measurement of Social Capital in the United Kingdom.<\/em> Office for National Statistics, September 2002<\/p>\n<p><a href=\"#_ftnref6\" name=\"_ftn6\"><sup>[6]<\/sup><\/a> A k\u00f6z\u00f6ss\u00e9gi t\u0151ke \u00f6t \u00e9ve ker\u00fclt be a szakmai k\u00f6ztudatba: 2015-ben Giczey P\u00e9ter tartott r\u00f3la el\u0151ad\u00e1st a K\u00f6z\u00f6ss\u00e9g konferenci\u00e1n. A szakmai gyakorlatban azonban ezid\u00e1ig nem jelent meg.<\/p>\n<p><a href=\"#_ftnref7\" name=\"_ftn7\"><sup>[7]<\/sup><\/a> Gyenes Zsuzsa (2020, szerk.): <em><a href=\"https:\/\/kofe.hu\/wp-content\/uploads\/Dokumentumok\/efop-2018-2020\/e-tanulmanykotet_final.pdf\">K\u00f6z\u00f6ss\u00e9gek szolg\u00e1lat\u00e1ban kistelep\u00fcl\u00e9seken. E-tanulm\u00e1nyk\u00f6tet.<\/a><\/em> K\u00f6z\u00f6ss\u00e9gfejleszt\u0151k Egyes\u00fclete, Budapest.<\/p>\n","protected":false},"excerpt":{"rendered":"<p>A Parola e lapsz\u00e1m\u00e1t a k\u00f6z\u00f6ss\u00e9gi alap\u00fa szolg\u00e1ltat\u00e1sok \u00e9s a k\u00f6z\u00f6ss\u00e9gi t\u0151ke t\u00e9m\u00e1j\u00e1nak szentelt\u00fck. Premiert \u00fcnnepl\u00fcnk, hiszen a k\u00f6z\u00f6ss\u00e9gi t\u0151ke t\u00e9m\u00e1j\u00e1t el\u0151sz\u00f6r j\u00e1rjuk k\u00f6r\u00fcl e lap has\u00e1bjain \u2013 magyarul is hozz\u00e1f\u00e9rhet\u0151v\u00e9 t\u00e9ve \u00e9s rendszerr\u00e9 szerkesztve annak angol nyelv\u0171 szakirodalm\u00e1t. A k\u00f6z\u00f6ss\u00e9gi alap\u00fa szolg\u00e1ltat\u00e1sok \u00e1lltak a K\u00f6z\u00f6ss\u00e9gfejleszt\u0151k Egyes\u00fclete most z\u00e1rult \u201eK\u00f6z\u00f6ss\u00e9gek szolg\u00e1lat\u00e1ban \u2013 kistelep\u00fcl\u00e9seken\u201d projektj\u00e9nek[1] f\u00f3kusz\u00e1ban, [&hellip;]<\/p>\n","protected":false},"author":9,"featured_media":5610,"comment_status":"open","ping_status":"open","sticky":false,"template":"","format":"standard","meta":{"_acf_changed":false,"footnotes":""},"categories":[702,8,7],"tags":[706,705],"coauthors":[14],"class_list":["post-5606","post","type-post","status-publish","format-standard","has-post-thumbnail","hentry","category-parola-2020-1","category-parola-folyoirat","category-repertorium","tag-kozossegi-alapu-szolgaltatas","tag-kozossegi-toke"],"acf":[],"yoast_head":"<!-- This site is optimized with the Yoast SEO plugin v26.7 - https:\/\/yoast.com\/wordpress\/plugins\/seo\/ -->\n<title>K\u00f6z\u00f6ss\u00e9gi t\u0151ke, k\u00f6z\u00f6ss\u00e9gi alap\u00fa szolg\u00e1ltat\u00e1sok - Parola Foly\u00f3irat<\/title>\n<meta name=\"robots\" content=\"index, follow, max-snippet:-1, max-image-preview:large, max-video-preview:-1\" \/>\n<link rel=\"canonical\" href=\"https:\/\/kofe.hu\/parola\/repertorium\/kozossegi-toke-kozossegi-alapu-szolgaltatasok\/\" \/>\n<meta property=\"og:locale\" content=\"hu_HU\" \/>\n<meta property=\"og:type\" content=\"article\" \/>\n<meta property=\"og:title\" content=\"K\u00f6z\u00f6ss\u00e9gi t\u0151ke, k\u00f6z\u00f6ss\u00e9gi alap\u00fa szolg\u00e1ltat\u00e1sok - Parola Foly\u00f3irat\" \/>\n<meta property=\"og:description\" content=\"A Parola e lapsz\u00e1m\u00e1t a k\u00f6z\u00f6ss\u00e9gi alap\u00fa szolg\u00e1ltat\u00e1sok \u00e9s a k\u00f6z\u00f6ss\u00e9gi t\u0151ke t\u00e9m\u00e1j\u00e1nak szentelt\u00fck. Premiert \u00fcnnepl\u00fcnk, hiszen a k\u00f6z\u00f6ss\u00e9gi t\u0151ke t\u00e9m\u00e1j\u00e1t el\u0151sz\u00f6r j\u00e1rjuk k\u00f6r\u00fcl e lap has\u00e1bjain \u2013 magyarul is hozz\u00e1f\u00e9rhet\u0151v\u00e9 t\u00e9ve \u00e9s rendszerr\u00e9 szerkesztve annak angol nyelv\u0171 szakirodalm\u00e1t. A k\u00f6z\u00f6ss\u00e9gi alap\u00fa szolg\u00e1ltat\u00e1sok \u00e1lltak a K\u00f6z\u00f6ss\u00e9gfejleszt\u0151k Egyes\u00fclete most z\u00e1rult \u201eK\u00f6z\u00f6ss\u00e9gek szolg\u00e1lat\u00e1ban \u2013 kistelep\u00fcl\u00e9seken\u201d projektj\u00e9nek[1] f\u00f3kusz\u00e1ban, [&hellip;]\" \/>\n<meta property=\"og:url\" content=\"https:\/\/kofe.hu\/parola\/repertorium\/kozossegi-toke-kozossegi-alapu-szolgaltatasok\/\" \/>\n<meta property=\"og:site_name\" content=\"Parola Foly\u00f3irat\" \/>\n<meta property=\"article:published_time\" content=\"2020-10-12T12:59:30+00:00\" \/>\n<meta property=\"article:modified_time\" content=\"2020-12-02T18:59:37+00:00\" \/>\n<meta property=\"og:image\" content=\"https:\/\/kofe.hu\/parola\/wp-content\/uploads\/2020\/10\/2020-1-Gyenes-1.jpg\" \/>\n\t<meta property=\"og:image:width\" content=\"1280\" \/>\n\t<meta property=\"og:image:height\" content=\"960\" \/>\n\t<meta property=\"og:image:type\" content=\"image\/jpeg\" \/>\n<meta name=\"author\" content=\"Gyenes Zsuzsa\" \/>\n<meta name=\"twitter:card\" content=\"summary_large_image\" \/>\n<meta name=\"twitter:label1\" content=\"Szerz\u0151:\" \/>\n\t<meta name=\"twitter:data1\" content=\"Gyenes Zsuzsa\" \/>\n\t<meta name=\"twitter:label2\" content=\"Becs\u00fclt olvas\u00e1si id\u0151\" \/>\n\t<meta name=\"twitter:data2\" content=\"15 perc\" \/>\n\t<meta name=\"twitter:label3\" content=\"Written by\" \/>\n\t<meta name=\"twitter:data3\" content=\"Gyenes Zsuzsa\" \/>\n<script type=\"application\/ld+json\" class=\"yoast-schema-graph\">{\"@context\":\"https:\/\/schema.org\",\"@graph\":[{\"@type\":\"Article\",\"@id\":\"https:\/\/kofe.hu\/parola\/repertorium\/kozossegi-toke-kozossegi-alapu-szolgaltatasok\/#article\",\"isPartOf\":{\"@id\":\"https:\/\/kofe.hu\/parola\/repertorium\/kozossegi-toke-kozossegi-alapu-szolgaltatasok\/\"},\"author\":{\"name\":\"Gyenes Zsuzsa\",\"@id\":\"https:\/\/kofe.hu\/parola\/#\/schema\/person\/1cd44da3bbdbf8faddc203a2d5286c33\"},\"headline\":\"K\u00f6z\u00f6ss\u00e9gi t\u0151ke, k\u00f6z\u00f6ss\u00e9gi alap\u00fa szolg\u00e1ltat\u00e1sok\",\"datePublished\":\"2020-10-12T12:59:30+00:00\",\"dateModified\":\"2020-12-02T18:59:37+00:00\",\"mainEntityOfPage\":{\"@id\":\"https:\/\/kofe.hu\/parola\/repertorium\/kozossegi-toke-kozossegi-alapu-szolgaltatasok\/\"},\"wordCount\":2997,\"commentCount\":0,\"image\":{\"@id\":\"https:\/\/kofe.hu\/parola\/repertorium\/kozossegi-toke-kozossegi-alapu-szolgaltatasok\/#primaryimage\"},\"thumbnailUrl\":\"https:\/\/kofe.hu\/parola\/wp-content\/uploads\/2020\/10\/2020-1-Gyenes-1.jpg\",\"keywords\":[\"k\u00f6z\u00f6ss\u00e9gi alap\u00fa szolg\u00e1ltat\u00e1s\",\"k\u00f6z\u00f6ss\u00e9gi t\u0151ke\"],\"articleSection\":[\"Parola 2020\/1\",\"Parola Foly\u00f3irat\",\"Repert\u00f3rium\"],\"inLanguage\":\"hu\",\"potentialAction\":[{\"@type\":\"CommentAction\",\"name\":\"Comment\",\"target\":[\"https:\/\/kofe.hu\/parola\/repertorium\/kozossegi-toke-kozossegi-alapu-szolgaltatasok\/#respond\"]}]},{\"@type\":\"WebPage\",\"@id\":\"https:\/\/kofe.hu\/parola\/repertorium\/kozossegi-toke-kozossegi-alapu-szolgaltatasok\/\",\"url\":\"https:\/\/kofe.hu\/parola\/repertorium\/kozossegi-toke-kozossegi-alapu-szolgaltatasok\/\",\"name\":\"K\u00f6z\u00f6ss\u00e9gi t\u0151ke, k\u00f6z\u00f6ss\u00e9gi alap\u00fa szolg\u00e1ltat\u00e1sok - Parola Foly\u00f3irat\",\"isPartOf\":{\"@id\":\"https:\/\/kofe.hu\/parola\/#website\"},\"primaryImageOfPage\":{\"@id\":\"https:\/\/kofe.hu\/parola\/repertorium\/kozossegi-toke-kozossegi-alapu-szolgaltatasok\/#primaryimage\"},\"image\":{\"@id\":\"https:\/\/kofe.hu\/parola\/repertorium\/kozossegi-toke-kozossegi-alapu-szolgaltatasok\/#primaryimage\"},\"thumbnailUrl\":\"https:\/\/kofe.hu\/parola\/wp-content\/uploads\/2020\/10\/2020-1-Gyenes-1.jpg\",\"datePublished\":\"2020-10-12T12:59:30+00:00\",\"dateModified\":\"2020-12-02T18:59:37+00:00\",\"author\":{\"@id\":\"https:\/\/kofe.hu\/parola\/#\/schema\/person\/1cd44da3bbdbf8faddc203a2d5286c33\"},\"breadcrumb\":{\"@id\":\"https:\/\/kofe.hu\/parola\/repertorium\/kozossegi-toke-kozossegi-alapu-szolgaltatasok\/#breadcrumb\"},\"inLanguage\":\"hu\",\"potentialAction\":[{\"@type\":\"ReadAction\",\"target\":[\"https:\/\/kofe.hu\/parola\/repertorium\/kozossegi-toke-kozossegi-alapu-szolgaltatasok\/\"]}]},{\"@type\":\"ImageObject\",\"inLanguage\":\"hu\",\"@id\":\"https:\/\/kofe.hu\/parola\/repertorium\/kozossegi-toke-kozossegi-alapu-szolgaltatasok\/#primaryimage\",\"url\":\"https:\/\/kofe.hu\/parola\/wp-content\/uploads\/2020\/10\/2020-1-Gyenes-1.jpg\",\"contentUrl\":\"https:\/\/kofe.hu\/parola\/wp-content\/uploads\/2020\/10\/2020-1-Gyenes-1.jpg\",\"width\":1280,\"height\":960},{\"@type\":\"BreadcrumbList\",\"@id\":\"https:\/\/kofe.hu\/parola\/repertorium\/kozossegi-toke-kozossegi-alapu-szolgaltatasok\/#breadcrumb\",\"itemListElement\":[{\"@type\":\"ListItem\",\"position\":1,\"name\":\"Home\",\"item\":\"https:\/\/kofe.hu\/parola\/\"},{\"@type\":\"ListItem\",\"position\":2,\"name\":\"K\u00f6z\u00f6ss\u00e9gi t\u0151ke, k\u00f6z\u00f6ss\u00e9gi alap\u00fa szolg\u00e1ltat\u00e1sok\"}]},{\"@type\":\"WebSite\",\"@id\":\"https:\/\/kofe.hu\/parola\/#website\",\"url\":\"https:\/\/kofe.hu\/parola\/\",\"name\":\"Parola Foly\u00f3irat\",\"description\":\"\",\"potentialAction\":[{\"@type\":\"SearchAction\",\"target\":{\"@type\":\"EntryPoint\",\"urlTemplate\":\"https:\/\/kofe.hu\/parola\/?s={search_term_string}\"},\"query-input\":{\"@type\":\"PropertyValueSpecification\",\"valueRequired\":true,\"valueName\":\"search_term_string\"}}],\"inLanguage\":\"hu\"},{\"@type\":\"Person\",\"@id\":\"https:\/\/kofe.hu\/parola\/#\/schema\/person\/1cd44da3bbdbf8faddc203a2d5286c33\",\"name\":\"Gyenes Zsuzsa\",\"image\":{\"@type\":\"ImageObject\",\"inLanguage\":\"hu\",\"@id\":\"https:\/\/kofe.hu\/parola\/#\/schema\/person\/image\/b189c454b130c706b26e6133a45bf781\",\"url\":\"https:\/\/secure.gravatar.com\/avatar\/19e7f783f9f5755791e401be4bce22176e774252bc71a02cf9874af17694e1f3?s=96&d=mm&r=g\",\"contentUrl\":\"https:\/\/secure.gravatar.com\/avatar\/19e7f783f9f5755791e401be4bce22176e774252bc71a02cf9874af17694e1f3?s=96&d=mm&r=g\",\"caption\":\"Gyenes Zsuzsa\"},\"url\":\"https:\/\/kofe.hu\/parola\/szerzok\/gyenes-zsuzsa\/\"}]}<\/script>\n<!-- \/ Yoast SEO plugin. -->","yoast_head_json":{"title":"K\u00f6z\u00f6ss\u00e9gi t\u0151ke, k\u00f6z\u00f6ss\u00e9gi alap\u00fa szolg\u00e1ltat\u00e1sok - Parola Foly\u00f3irat","robots":{"index":"index","follow":"follow","max-snippet":"max-snippet:-1","max-image-preview":"max-image-preview:large","max-video-preview":"max-video-preview:-1"},"canonical":"https:\/\/kofe.hu\/parola\/repertorium\/kozossegi-toke-kozossegi-alapu-szolgaltatasok\/","og_locale":"hu_HU","og_type":"article","og_title":"K\u00f6z\u00f6ss\u00e9gi t\u0151ke, k\u00f6z\u00f6ss\u00e9gi alap\u00fa szolg\u00e1ltat\u00e1sok - Parola Foly\u00f3irat","og_description":"A Parola e lapsz\u00e1m\u00e1t a k\u00f6z\u00f6ss\u00e9gi alap\u00fa szolg\u00e1ltat\u00e1sok \u00e9s a k\u00f6z\u00f6ss\u00e9gi t\u0151ke t\u00e9m\u00e1j\u00e1nak szentelt\u00fck. Premiert \u00fcnnepl\u00fcnk, hiszen a k\u00f6z\u00f6ss\u00e9gi t\u0151ke t\u00e9m\u00e1j\u00e1t el\u0151sz\u00f6r j\u00e1rjuk k\u00f6r\u00fcl e lap has\u00e1bjain \u2013 magyarul is hozz\u00e1f\u00e9rhet\u0151v\u00e9 t\u00e9ve \u00e9s rendszerr\u00e9 szerkesztve annak angol nyelv\u0171 szakirodalm\u00e1t. A k\u00f6z\u00f6ss\u00e9gi alap\u00fa szolg\u00e1ltat\u00e1sok \u00e1lltak a K\u00f6z\u00f6ss\u00e9gfejleszt\u0151k Egyes\u00fclete most z\u00e1rult \u201eK\u00f6z\u00f6ss\u00e9gek szolg\u00e1lat\u00e1ban \u2013 kistelep\u00fcl\u00e9seken\u201d projektj\u00e9nek[1] f\u00f3kusz\u00e1ban, [&hellip;]","og_url":"https:\/\/kofe.hu\/parola\/repertorium\/kozossegi-toke-kozossegi-alapu-szolgaltatasok\/","og_site_name":"Parola Foly\u00f3irat","article_published_time":"2020-10-12T12:59:30+00:00","article_modified_time":"2020-12-02T18:59:37+00:00","og_image":[{"width":1280,"height":960,"url":"https:\/\/kofe.hu\/parola\/wp-content\/uploads\/2020\/10\/2020-1-Gyenes-1.jpg","type":"image\/jpeg"}],"author":"Gyenes Zsuzsa","twitter_card":"summary_large_image","twitter_misc":{"Szerz\u0151:":"Gyenes Zsuzsa","Becs\u00fclt olvas\u00e1si id\u0151":"15 perc","Written by":"Gyenes Zsuzsa"},"schema":{"@context":"https:\/\/schema.org","@graph":[{"@type":"Article","@id":"https:\/\/kofe.hu\/parola\/repertorium\/kozossegi-toke-kozossegi-alapu-szolgaltatasok\/#article","isPartOf":{"@id":"https:\/\/kofe.hu\/parola\/repertorium\/kozossegi-toke-kozossegi-alapu-szolgaltatasok\/"},"author":{"name":"Gyenes Zsuzsa","@id":"https:\/\/kofe.hu\/parola\/#\/schema\/person\/1cd44da3bbdbf8faddc203a2d5286c33"},"headline":"K\u00f6z\u00f6ss\u00e9gi t\u0151ke, k\u00f6z\u00f6ss\u00e9gi alap\u00fa szolg\u00e1ltat\u00e1sok","datePublished":"2020-10-12T12:59:30+00:00","dateModified":"2020-12-02T18:59:37+00:00","mainEntityOfPage":{"@id":"https:\/\/kofe.hu\/parola\/repertorium\/kozossegi-toke-kozossegi-alapu-szolgaltatasok\/"},"wordCount":2997,"commentCount":0,"image":{"@id":"https:\/\/kofe.hu\/parola\/repertorium\/kozossegi-toke-kozossegi-alapu-szolgaltatasok\/#primaryimage"},"thumbnailUrl":"https:\/\/kofe.hu\/parola\/wp-content\/uploads\/2020\/10\/2020-1-Gyenes-1.jpg","keywords":["k\u00f6z\u00f6ss\u00e9gi alap\u00fa szolg\u00e1ltat\u00e1s","k\u00f6z\u00f6ss\u00e9gi t\u0151ke"],"articleSection":["Parola 2020\/1","Parola Foly\u00f3irat","Repert\u00f3rium"],"inLanguage":"hu","potentialAction":[{"@type":"CommentAction","name":"Comment","target":["https:\/\/kofe.hu\/parola\/repertorium\/kozossegi-toke-kozossegi-alapu-szolgaltatasok\/#respond"]}]},{"@type":"WebPage","@id":"https:\/\/kofe.hu\/parola\/repertorium\/kozossegi-toke-kozossegi-alapu-szolgaltatasok\/","url":"https:\/\/kofe.hu\/parola\/repertorium\/kozossegi-toke-kozossegi-alapu-szolgaltatasok\/","name":"K\u00f6z\u00f6ss\u00e9gi t\u0151ke, k\u00f6z\u00f6ss\u00e9gi alap\u00fa szolg\u00e1ltat\u00e1sok - Parola Foly\u00f3irat","isPartOf":{"@id":"https:\/\/kofe.hu\/parola\/#website"},"primaryImageOfPage":{"@id":"https:\/\/kofe.hu\/parola\/repertorium\/kozossegi-toke-kozossegi-alapu-szolgaltatasok\/#primaryimage"},"image":{"@id":"https:\/\/kofe.hu\/parola\/repertorium\/kozossegi-toke-kozossegi-alapu-szolgaltatasok\/#primaryimage"},"thumbnailUrl":"https:\/\/kofe.hu\/parola\/wp-content\/uploads\/2020\/10\/2020-1-Gyenes-1.jpg","datePublished":"2020-10-12T12:59:30+00:00","dateModified":"2020-12-02T18:59:37+00:00","author":{"@id":"https:\/\/kofe.hu\/parola\/#\/schema\/person\/1cd44da3bbdbf8faddc203a2d5286c33"},"breadcrumb":{"@id":"https:\/\/kofe.hu\/parola\/repertorium\/kozossegi-toke-kozossegi-alapu-szolgaltatasok\/#breadcrumb"},"inLanguage":"hu","potentialAction":[{"@type":"ReadAction","target":["https:\/\/kofe.hu\/parola\/repertorium\/kozossegi-toke-kozossegi-alapu-szolgaltatasok\/"]}]},{"@type":"ImageObject","inLanguage":"hu","@id":"https:\/\/kofe.hu\/parola\/repertorium\/kozossegi-toke-kozossegi-alapu-szolgaltatasok\/#primaryimage","url":"https:\/\/kofe.hu\/parola\/wp-content\/uploads\/2020\/10\/2020-1-Gyenes-1.jpg","contentUrl":"https:\/\/kofe.hu\/parola\/wp-content\/uploads\/2020\/10\/2020-1-Gyenes-1.jpg","width":1280,"height":960},{"@type":"BreadcrumbList","@id":"https:\/\/kofe.hu\/parola\/repertorium\/kozossegi-toke-kozossegi-alapu-szolgaltatasok\/#breadcrumb","itemListElement":[{"@type":"ListItem","position":1,"name":"Home","item":"https:\/\/kofe.hu\/parola\/"},{"@type":"ListItem","position":2,"name":"K\u00f6z\u00f6ss\u00e9gi t\u0151ke, k\u00f6z\u00f6ss\u00e9gi alap\u00fa szolg\u00e1ltat\u00e1sok"}]},{"@type":"WebSite","@id":"https:\/\/kofe.hu\/parola\/#website","url":"https:\/\/kofe.hu\/parola\/","name":"Parola Foly\u00f3irat","description":"","potentialAction":[{"@type":"SearchAction","target":{"@type":"EntryPoint","urlTemplate":"https:\/\/kofe.hu\/parola\/?s={search_term_string}"},"query-input":{"@type":"PropertyValueSpecification","valueRequired":true,"valueName":"search_term_string"}}],"inLanguage":"hu"},{"@type":"Person","@id":"https:\/\/kofe.hu\/parola\/#\/schema\/person\/1cd44da3bbdbf8faddc203a2d5286c33","name":"Gyenes Zsuzsa","image":{"@type":"ImageObject","inLanguage":"hu","@id":"https:\/\/kofe.hu\/parola\/#\/schema\/person\/image\/b189c454b130c706b26e6133a45bf781","url":"https:\/\/secure.gravatar.com\/avatar\/19e7f783f9f5755791e401be4bce22176e774252bc71a02cf9874af17694e1f3?s=96&d=mm&r=g","contentUrl":"https:\/\/secure.gravatar.com\/avatar\/19e7f783f9f5755791e401be4bce22176e774252bc71a02cf9874af17694e1f3?s=96&d=mm&r=g","caption":"Gyenes Zsuzsa"},"url":"https:\/\/kofe.hu\/parola\/szerzok\/gyenes-zsuzsa\/"}]}},"_links":{"self":[{"href":"https:\/\/kofe.hu\/parola\/wp-json\/wp\/v2\/posts\/5606","targetHints":{"allow":["GET"]}}],"collection":[{"href":"https:\/\/kofe.hu\/parola\/wp-json\/wp\/v2\/posts"}],"about":[{"href":"https:\/\/kofe.hu\/parola\/wp-json\/wp\/v2\/types\/post"}],"author":[{"embeddable":true,"href":"https:\/\/kofe.hu\/parola\/wp-json\/wp\/v2\/users\/9"}],"replies":[{"embeddable":true,"href":"https:\/\/kofe.hu\/parola\/wp-json\/wp\/v2\/comments?post=5606"}],"version-history":[{"count":6,"href":"https:\/\/kofe.hu\/parola\/wp-json\/wp\/v2\/posts\/5606\/revisions"}],"predecessor-version":[{"id":5732,"href":"https:\/\/kofe.hu\/parola\/wp-json\/wp\/v2\/posts\/5606\/revisions\/5732"}],"wp:featuredmedia":[{"embeddable":true,"href":"https:\/\/kofe.hu\/parola\/wp-json\/wp\/v2\/media\/5610"}],"wp:attachment":[{"href":"https:\/\/kofe.hu\/parola\/wp-json\/wp\/v2\/media?parent=5606"}],"wp:term":[{"taxonomy":"category","embeddable":true,"href":"https:\/\/kofe.hu\/parola\/wp-json\/wp\/v2\/categories?post=5606"},{"taxonomy":"post_tag","embeddable":true,"href":"https:\/\/kofe.hu\/parola\/wp-json\/wp\/v2\/tags?post=5606"},{"taxonomy":"author","embeddable":true,"href":"https:\/\/kofe.hu\/parola\/wp-json\/wp\/v2\/coauthors?post=5606"}],"curies":[{"name":"wp","href":"https:\/\/api.w.org\/{rel}","templated":true}]}}