{"id":5512,"date":"2020-09-15T17:05:10","date_gmt":"2020-09-15T17:05:10","guid":{"rendered":"https:\/\/kofe.hu\/parola\/?p=5512"},"modified":"2020-12-02T19:08:02","modified_gmt":"2020-12-02T19:08:02","slug":"kutatasi-osszefoglalo-a-leghatranyosabb-helyzetu-jarasokban-megvalosulo-szakmakozi-egyuttmukodesek-feltarasarara-iranyulo-kutatasrol","status":"publish","type":"post","link":"https:\/\/kofe.hu\/parola\/egyeb\/kutatasi-osszefoglalo-a-leghatranyosabb-helyzetu-jarasokban-megvalosulo-szakmakozi-egyuttmukodesek-feltarasarara-iranyulo-kutatasrol\/","title":{"rendered":"Egy j\u00e1r\u00e1sban dolgoznak. Egy\u00fcttm\u0171k\u00f6dnek?"},"content":{"rendered":"<p><strong>BEVEZET\u0150<a href=\"#_ftn1\" name=\"_ftnref1\">[1]<\/a><\/strong><\/p>\n<p>A K\u00f6z\u00f6ss\u00e9gfejleszt\u0151k Egyes\u00fclete megb\u00edz\u00e1s\u00e1b\u00f3l e munk\u00e1ban k\u00f6zrem\u0171k\u00f6d\u0151 kutat\u00f3i csoport 2019 \u00e9s 2020 k\u00f6z\u00f6tt k\u00f6z\u00f6ss\u00e9gi alap\u00fa r\u00e9szv\u00e9teli kutat\u00e1st v\u00e9gzett a K\u00f6z\u00f6ss\u00e9g alap\u00fa szolg\u00e1ltat\u00e1sok fejleszt\u00e9se \u00e9s a szakell\u00e1t\u00e1ssal val\u00f3 \u00f6sszekapcsol\u00e1sa kistelep\u00fcl\u00e9seken c\u00edm\u0171 EFOP-5.2.2-17-2017-00011 projekt keret\u00e9ben, amelynek c\u00e9lja egy-egy magyarorsz\u00e1gi \u00e9s erd\u00e9lyi, legh\u00e1tr\u00e1nyosabb helyzet\u0171 j\u00e1r\u00e1sban m\u0171k\u00f6d\u0151 szoci\u00e1lis, eg\u00e9szs\u00e9g\u00fcgyi \u00e9s k\u00f6zm\u0171vel\u0151d\u00e9si szakmai egy\u00fcttm\u0171k\u00f6d\u00e9sek m\u00e9lyebb megismer\u00e9se volt.<\/p>\n<p>A kutat\u00f3i csoport tagjai: Balla Zolt\u00e1n, Bereczky B\u00e9la, Boda Kitti, Bortny\u00e1kn\u00e9 Urb\u00e1n Hajnalka, Csabai Lucia, Gyenes Zsuzsa, L\u00e1z\u00e1r L\u00e1szl\u00f3, Moln\u00e1r Aranka, Pongr\u00e1czn\u00e9 Kiss \u00c9va, S\u00e1ndor B\u00e9la, Tak\u00e1cs Csab\u00e1n\u00e9 voltak. <a href=\"#_ftn2\" name=\"_ftnref2\">[2]<\/a><\/p>\n<p><strong>A kutat\u00e1s, a projekt \u00e1tfog\u00f3 c\u00e9lj\u00e1hoz illeszkedve, els\u0151sorban a k\u00f6z\u00f6ss\u00e9gi alap\u00fa szolg\u00e1ltat\u00e1sok fejleszt\u00e9s\u00e9hez, annak szakmai megalapoz\u00e1s\u00e1hoz j\u00e1rult hozz\u00e1<\/strong>.<\/p>\n<p><em>\u201eA <strong>k\u00f6z\u00f6ss\u00e9gi alap\u00fa szolg\u00e1ltat\u00e1s<\/strong> az ig\u00e9nyek \u00e9s sz\u00fcks\u00e9gletek kiel\u00e9g\u00edt\u00e9s\u00e9nek az a m\u00f3dja, amely a helyi k\u00f6z\u00f6ss\u00e9gbe \u00e1gyazottan m\u0171k\u00f6dik, vagyis helyben van; szem\u00e9lyes, illetve helyi k\u00f6z\u00f6ss\u00e9gi sz\u00fcks\u00e9gletekre \u00e9s er\u0151forr\u00e1sokra \u00e9p\u00edt; a helyi lakosokkal egyenrang\u00fa, partneri viszonyban m\u0171k\u00f6dik; bels\u0151 er\u0151forr\u00e1sokat mozg\u00f3s\u00edt; m\u00e1s szolg\u00e1ltat\u00e1sokkal, illetve a helyi k\u00f6z\u00f6ss\u00e9g m\u00e1s szerepl\u0151ivel partners\u00e9gben dolgozik.\u201d (Gyenes, 2019)<\/em><\/p>\n<p>K\u00e9t helysz\u00ednen, egy magyarorsz\u00e1gi \u00e9s egy erd\u00e9lyi c\u00e9lter\u00fcleten zajlott a felt\u00e1r\u00f3 munka, ezen c\u00e9lter\u00fcletek mindk\u00e9t orsz\u00e1g eset\u00e9ben a legh\u00e1tr\u00e1nyosabb helyzet\u0171 kist\u00e9rs\u00e9gek k\u00f6z\u00fcl ker\u00fcltek ki. A kutat\u00e1s k\u00e9t f\u0151 r\u00e9szre k\u00fcl\u00f6n\u00fclt el: els\u0151k\u00e9nt a helyi k\u00f6z\u00f6ss\u00e9gekben jelenl\u00e9v\u0151 k\u00f6z\u00f6ss\u00e9gi funkci\u00f3kat vizsg\u00e1ltuk, majd ezt k\u00f6vet\u0151en a szoci\u00e1lis, eg\u00e9szs\u00e9g\u00fcgyi \u00e9s k\u00f6zm\u0171vel\u0151d\u00e9si ter\u00fcleten m\u0171k\u00f6d\u0151 int\u00e9zm\u00e9nyek \u00e9s az e ter\u00fcleteken dolgoz\u00f3 szakemberek k\u00f6z\u00f6tti egy\u00fcttm\u0171k\u00f6d\u00e9sek jellemz\u0151it azonos\u00edtottuk. Ennek folyam\u00e1n az al\u00e1bbi k\u00e9rd\u00e9sekre kerest\u00fck a v\u00e1laszt:<\/p>\n<ul>\n<li>Hogyan m\u0171k\u00f6dnek a k\u00f6z\u00f6ss\u00e9gi funkci\u00f3k a kiv\u00e1lasztott c\u00e9lter\u00fcleten \u2013 a helyi szakemberek meg\u00edt\u00e9l\u00e9se szerint?<\/li>\n<li>A k\u00f6zszolg\u00e1ltat\u00e1sban dolgoz\u00f3 helyi szakemberek, valamint a megl\u00e9v\u0151 int\u00e9zm\u00e9nyek k\u00f6z\u00f6tt milyen kapcsolati strukt\u00fara rajzol\u00f3dik ki?<\/li>\n<li>Hogyan j\u00e1rulnak hozz\u00e1 az egy\u00fcttm\u0171k\u00f6d\u00e9sek a mindennapi munkav\u00e9gz\u00e9s, munkak\u00f6r\u00fclm\u00e9nyek jobb\u00e1 t\u00e9tel\u00e9hez?<\/li>\n<\/ul>\n<p>A k\u00f6z\u00f6ss\u00e9gi alap\u00fa r\u00e9szv\u00e9teli kutat\u00e1s nemcsak azt tette lehet\u0151v\u00e9, hogy megismerj\u00fck a k\u00e9t j\u00e1r\u00e1sban m\u00e1r megl\u00e9v\u0151 szakmai egy\u00fcttm\u0171k\u00f6d\u00e9sek f\u0151bb jellemvon\u00e1sait, hanem hozz\u00e1j\u00e1rult ahhoz is, hogy a bevont \u00e9rintett szakemberek, helyi lakosok akt\u00edv r\u00e9sztvev\u0151i legyenek e kutat\u00e1si folyamatnak. Ez\u00e1ltal az eredm\u00e9nyek amellett, hogy megalapozz\u00e1k a j\u00f6v\u0151beni, k\u00f6z\u00f6ss\u00e9gi alap\u00fa szolg\u00e1ltat\u00e1sok fejleszt\u00e9s\u00e9re ir\u00e1nyul\u00f3 tev\u00e9kenys\u00e9geket, egy\u00fattal be\u00e9p\u00fclhetnek a helyi szakemberek jelenlegi egy\u00fcttm\u0171k\u00f6d\u00e9seinek fejleszt\u00e9s\u00e9be is, seg\u00edtve ezzel mindennapi munkav\u00e9gz\u00e9s\u00fcket.<\/p>\n<p><strong><img loading=\"lazy\" decoding=\"async\" class=\" wp-image-5515 aligncenter\" src=\"https:\/\/kofe.hu\/parola\/wp-content\/uploads\/2020\/09\/2020-1-Lucia-1-300x225.jpg\" alt=\"\" width=\"700\" height=\"525\" srcset=\"https:\/\/kofe.hu\/parola\/wp-content\/uploads\/2020\/09\/2020-1-Lucia-1-300x225.jpg 300w, https:\/\/kofe.hu\/parola\/wp-content\/uploads\/2020\/09\/2020-1-Lucia-1-768x576.jpg 768w, https:\/\/kofe.hu\/parola\/wp-content\/uploads\/2020\/09\/2020-1-Lucia-1-1024x768.jpg 1024w, https:\/\/kofe.hu\/parola\/wp-content\/uploads\/2020\/09\/2020-1-Lucia-1-10x8.jpg 10w, https:\/\/kofe.hu\/parola\/wp-content\/uploads\/2020\/09\/2020-1-Lucia-1.jpg 1280w\" sizes=\"auto, (max-width: 700px) 100vw, 700px\" \/><\/strong><\/p>\n<p><strong>ELM\u00c9LETI KITEKINT\u00c9S<\/strong><\/p>\n<p>A lok\u00e1lis k\u00f6z\u00f6ss\u00e9gek szoci\u00e1lis, eg\u00e9szs\u00e9g\u00fcgyi, valamint k\u00f6zm\u0171vel\u0151d\u00e9si szolg\u00e1ltat\u00e1sok hat\u00e9konyabb m\u0171k\u00f6d\u00e9s\u00e9ben bet\u00f6lt\u00f6tt szerep\u00e9t sz\u00e1mos tanulm\u00e1ny igazolta (Minkler\u2013Wallerstein 1990, Parker 1996, Fawcett et al. 2000, Israel et al. 1998, Deeds et al. 2008). Ez\u00e9rt indultunk ki a lok\u00e1lis k\u00f6z\u00f6ss\u00e9gek meghat\u00e1roz\u00e1s\u00e1nak funkcion\u00e1lis megk\u00f6zel\u00edt\u00e9s\u00e9b\u0151l.<\/p>\n<p><em>\u201eA <strong>lok\u00e1lis k\u00f6z\u00f6ss\u00e9g<\/strong> egy olyan t\u00e1rsadalmi rendszer, amely egy adott lokalit\u00e1sban a fogyaszt\u00e1si \u00e9s szolg\u00e1ltat\u00e1si mechanizmusoknak, a szem\u00e9lyes kapcsolatok kialak\u00edt\u00e1s\u00e1nak, fenntart\u00e1s\u00e1nak, a t\u00e1rsadalmi szerepv\u00e1llal\u00e1soknak \u00e9s r\u00e9szv\u00e9teli form\u00e1knak a megjelen\u00e9s\u00e9nek a k\u00f6zege.\u201d (Weil 2013)<\/em><\/p>\n<p>A funkcion\u00e1lis k\u00f6z\u00f6ss\u00e9g\u00e9rtelmez\u00e9st k\u00e9pvisel\u0151 szak\u00e9rt\u0151k m\u00e1s-m\u00e1s relev\u00e1ns funkci\u00f3t emelnek ki, amelyek alapvet\u0151en az aktu\u00e1lis k\u00f6z\u00f6s c\u00e9lok, \u00e9rdekek ment\u00e9n v\u00e1ltoznak (id\u00e9zi Csurg\u00f3 \u2013L\u00e9gm\u00e1n 2015, Hankiss 1983, Gorman 2002, Kov\u00e1cs 2007). Warren (1978) a k\u00f6z\u00f6ss\u00e9gek funkcionalista \u00e9rtelmez\u00e9se kapcs\u00e1n a t\u00e1rsadalmi egys\u00e9gek m\u0171k\u00f6d\u00e9s\u00e9t a t\u00e1rsadalmi cselekv\u00e9sek olyan szervezett rendszerek\u00e9nt hat\u00e1rozta meg, amely a mindennapi \u00e9letvitel alapsz\u00fcks\u00e9gleteihez igazodik.<\/p>\n<p><img loading=\"lazy\" decoding=\"async\" class=\"alignright size-medium wp-image-5514\" src=\"https:\/\/kofe.hu\/parola\/wp-content\/uploads\/2020\/09\/2020-1-Lucia-5-300x225.jpg\" alt=\"\" width=\"300\" height=\"225\" srcset=\"https:\/\/kofe.hu\/parola\/wp-content\/uploads\/2020\/09\/2020-1-Lucia-5-300x225.jpg 300w, https:\/\/kofe.hu\/parola\/wp-content\/uploads\/2020\/09\/2020-1-Lucia-5-768x576.jpg 768w, https:\/\/kofe.hu\/parola\/wp-content\/uploads\/2020\/09\/2020-1-Lucia-5-1024x768.jpg 1024w, https:\/\/kofe.hu\/parola\/wp-content\/uploads\/2020\/09\/2020-1-Lucia-5-10x8.jpg 10w, https:\/\/kofe.hu\/parola\/wp-content\/uploads\/2020\/09\/2020-1-Lucia-5.jpg 1280w\" sizes=\"auto, (max-width: 300px) 100vw, 300px\" \/>A Warren \u00e1ltal felsorolt \u00f6t funkci\u00f3 szerepe a k\u00f6vetkez\u0151k\u00e9ppen foglalhat\u00f3 \u00f6ssze:<\/p>\n<ol>\n<li><strong>szoci\u00e1lis \u00e9s gazdas\u00e1gi term\u00e9kek, javak termel\u00e9se, forgalmaz\u00e1sa \u00e9s fogyaszt\u00e1sa<\/strong><\/li>\n<li>az ifj\u00fas\u00e1g <strong>szocializ\u00e1ci\u00f3<\/strong>ja,<\/li>\n<li><strong>norma \u00e9s t\u00e1rsadalmi kontroll fenntart\u00e1sa<\/strong> (mind az inform\u00e1lis h\u00e1l\u00f3zatokon kereszt\u00fcl, mind pedig a hivatalos csatorn\u00e1kon \u00e1t)<\/li>\n<li><strong>t\u00e1rsadalmi r\u00e9szv\u00e9tel<\/strong>,<\/li>\n<li><strong>k\u00f6lcs\u00f6n\u00f6s seg\u00edts\u00e9gny\u00fajt\u00e1s<\/strong> (Warren, 1978).<\/li>\n<\/ol>\n<p>A lok\u00e1lis k\u00f6z\u00f6ss\u00e9g \u00e1ltala bet\u00f6lt\u00f6tt funkci\u00f3k ment\u00e9n val\u00f3 \u00e9rtelmez\u00e9se lehet\u0151s\u00e9get ad arra, hogy meg\u00e9rts\u00fck a kollekt\u00edv cselekv\u00e9s strukt\u00far\u00e1j\u00e1t (Weil 2013). Amennyiben a k\u00f6z\u00f6ss\u00e9gekre mint komplex rendszerekre gondolunk, az egyes funkci\u00f3k ment\u00e9n t\u00e1rsadalmi \u00e9s szervezeti kapcsolatok sz\u00e1mos h\u00e1l\u00f3zata rajzol\u00f3dhat ki el\u0151tt\u00fcnk, amelyek hat\u00e1rait ugyan neh\u00e9z meghat\u00e1rozni, azonban a h\u00e1l\u00f3zatok egyes tagjai k\u00f6z\u00f6tti interakci\u00f3k meg\u00e9rt\u00e9s\u00e9t seg\u00edtheti a kapcsolath\u00e1l\u00f3zat helyi saj\u00e1toss\u00e1gainak felt\u00e1r\u00e1sa (Gilchrist 2009). Az adott lokalit\u00e1sban m\u0171k\u00f6d\u0151 k\u00f6zszolg\u00e1ltat\u00e1sok l\u00e9nyeg\u00e9ben a k\u00f6lcs\u00f6n\u00f6s seg\u00edts\u00e9gny\u00fajt\u00e1s funkci\u00f3j\u00e1t t\u00f6ltik be, amelyek k\u00f6z\u00f6ss\u00e9gi alap\u00fa m\u0171k\u00f6dtet\u00e9s\u00e9ben a helyben l\u00e9v\u0151 er\u0151forr\u00e1sok nagyon fontos szerepet j\u00e1tsz(hat)nak (Gilchrist 2011).<\/p>\n<p>Mindazon\u00e1ltal, a helyi k\u00f6zszolg\u00e1ltat\u00e1sokat ny\u00fajt\u00f3 int\u00e9zm\u00e9nyek \u00e9s szakemberek k\u00f6z\u00f6tt l\u00e9v\u0151 partners\u00e9gek, h\u00e1l\u00f3zatok megismer\u00e9se fontos seg\u00edt\u0151 t\u00e9nyez\u0151je a t\u00e9rs\u00e9gfejleszt\u00e9sek tervez\u00e9s\u00e9nek, ennek jelent\u0151s\u00e9g\u00e9t t\u00f6bb hazai \u00e9s nemzetk\u00f6zi kutat\u00e1s, tanulm\u00e1ny is hangs\u00falyozta (Budai 2009, Budai\u2013Puli 2015, D\u00e1vid\u2013Magvas 2011, Provan 2005, Jeffrey et al. 2001, Barbara et al. 1998). \u00cdgy a szolg\u00e1ltat\u00e1sny\u00fajt\u00e1s min\u0151s\u00e9gi jellemz\u0151jek\u00e9nt sz\u00e1montartott egy\u00fcttm\u0171k\u00f6d\u00e9sek egyre ink\u00e1bb a t\u00e9rs\u00e9gi fejleszt\u00e9sek kiemelt c\u00e9lpontjaiv\u00e1 v\u00e1lnak (Budai-Puli 2015).<\/p>\n<p>Amikor egy\u00fcttm\u0171k\u00f6d\u00e9sekr\u0151l besz\u00e9l\u00fcnk, elengedhetetlen, hogy r\u00e1vil\u00e1g\u00edtsunk annak k\u00fcl\u00f6nb\u00f6z\u0151 szintjeire, min\u0151s\u00e9gbeli k\u00fcl\u00f6nbs\u00e9geire, ugyanis <strong>a k\u00fcl\u00f6nb\u00f6z\u0151 szint\u0171 \u00e9s t\u00edpus\u00fa egy\u00fcttm\u0171k\u00f6d\u00e9sek m\u00e1s-m\u00e1s c\u00e9lt szolg\u00e1lnak<\/strong>. A szakmak\u00f6zi egy\u00fcttm\u0171k\u00f6d\u00e9sek hat\u00e9konys\u00e1g\u00e1nak vizsg\u00e1lata sor\u00e1n egyes szerz\u0151k kiemelt jelent\u0151s\u00e9get tulajdon\u00edtanak a kollaborat\u00edv egy\u00fcttm\u0171k\u00f6d\u00e9sen alapul\u00f3 h\u00e1l\u00f3zati m\u0171k\u00f6d\u00e9sek vizsg\u00e1lat\u00e1nak, annak az egy\u00fcttm\u0171k\u00f6d\u00e9s min\u0151s\u00e9g\u00e9re tett pozit\u00edv hat\u00e1s\u00e1nak. (Keast-Mandell 2008).<\/p>\n<p>Kor\u00e1bbi vizsg\u00e1latok, tanulm\u00e1nyok sz\u00e9lesk\u00f6r\u0171en bemutatt\u00e1k a szektork\u00f6zi (civil, \u00e1llami \u00e9s egyh\u00e1zi) egy\u00fcttm\u0171k\u00f6d\u0151 partners\u00e9gek, h\u00e1l\u00f3zatok jelent\u0151s\u00e9g\u00e9t a k\u00fcl\u00f6nb\u00f6z\u0151 eg\u00e9szs\u00e9g\u00fcgyi \u00e9s szoci\u00e1lis szolg\u00e1ltat\u00e1sok hat\u00e9konyabb m\u0171k\u00f6dtet\u00e9s\u00e9ben (id\u00e9zi Provan\u2013Agranoff 1991, 2003; Baker et al. 1994; Israel et al. 1998; Jennings \u00e9s Ewalt 1997; O\u2019Toole 1997). <strong>A k\u00f6z\u00f6s, h\u00e1l\u00f3zati egy\u00fcttm\u0171k\u00f6d\u00e9sen alapul\u00f3 tev\u00e9kenys\u00e9g, \u00f6sszehangolt munkav\u00e9gz\u00e9s eredm\u00e9nyek\u00e9nt az \u00edgy m\u0171k\u00f6d\u0151 szolg\u00e1ltat\u00e1sok sokkal jobban fel tudj\u00e1k haszn\u00e1lni a lokalit\u00e1sban rejl\u0151 er\u0151forr\u00e1sokat, amelynek hat\u00e1s\u00e1ra a k\u00f6z\u00f6ss\u00e9g tagjainak j\u00f3ll\u00e9t\u00e9re ir\u00e1nyul\u00f3 fejleszt\u00e9sek sikeresebbek <\/strong>(Provan 2005). Mindemellett a diverz egy\u00fcttm\u0171k\u00f6d\u00e9sen alapul\u00f3 szolg\u00e1ltat\u00e1sok sokkal eredm\u00e9nyesebben tudj\u00e1k megoldani a neh\u00e9z, k\u00f6z\u00f6ss\u00e9gben rejl\u0151 probl\u00e9m\u00e1kat (Provan 2005). A szoci\u00e1lis, eg\u00e9szs\u00e9g\u00fcgyi \u00e9s m\u00e1s kapcsol\u00f3d\u00f3 szolg\u00e1ltat\u00e1sok k\u00f6z\u00f6tti egy\u00fcttm\u0171k\u00f6d\u00e9sek, h\u00e1l\u00f3zatok egyfajta \u00f6sszeadott k\u00f6z\u00f6s er\u0151forr\u00e1sk\u00e9nt seg\u00edtik a lokalit\u00e1sban rejl\u0151 probl\u00e9m\u00e1k felsz\u00e1mol\u00e1s\u00e1t (Provan 2005, D\u00e1vid 2011).<\/p>\n<figure id=\"attachment_5513\" aria-describedby=\"caption-attachment-5513\" style=\"width: 300px\" class=\"wp-caption alignright\"><img loading=\"lazy\" decoding=\"async\" class=\"size-medium wp-image-5513\" src=\"https:\/\/kofe.hu\/parola\/wp-content\/uploads\/2020\/09\/2020-1-Lucia-4-300x225.jpg\" alt=\"\" width=\"300\" height=\"225\" srcset=\"https:\/\/kofe.hu\/parola\/wp-content\/uploads\/2020\/09\/2020-1-Lucia-4-300x225.jpg 300w, https:\/\/kofe.hu\/parola\/wp-content\/uploads\/2020\/09\/2020-1-Lucia-4-768x576.jpg 768w, https:\/\/kofe.hu\/parola\/wp-content\/uploads\/2020\/09\/2020-1-Lucia-4-1024x768.jpg 1024w, https:\/\/kofe.hu\/parola\/wp-content\/uploads\/2020\/09\/2020-1-Lucia-4-10x8.jpg 10w, https:\/\/kofe.hu\/parola\/wp-content\/uploads\/2020\/09\/2020-1-Lucia-4-2000x1500.jpg 2000w, https:\/\/kofe.hu\/parola\/wp-content\/uploads\/2020\/09\/2020-1-Lucia-4.jpg 2048w\" sizes=\"auto, (max-width: 300px) 100vw, 300px\" \/><figcaption id=\"caption-attachment-5513\" class=\"wp-caption-text\">A projektben egyik hazai partner\u00fcnk a \u201eFOGAD\u00d3\u201d \u00c9szak-Aba\u00faji K\u00f6z\u00f6ss\u00e9gfejleszt\u0151k K\u00f6re Egyes\u00fclet (F\u00c9SZAK) volt.<\/figcaption><\/figure>\n<p>Ezeket az egy\u00fcttm\u0171k\u00f6d\u00e9seket azonban nagyon neh\u00e9z l\u00e9trehozni, kialak\u00edtani, m\u00e9g nehezebb hat\u00e9konyan fenntartani, \u00edgy gyakran a k\u00f6z\u00f6ss\u00e9gi h\u00e1l\u00f3zatok, f\u0151leg int\u00e9zm\u00e9nyek k\u00f6z\u00f6tt nem v\u00e1lnak hossz\u00fat\u00e1von \u00e9letk\u00e9pess\u00e9 (Provan 2005, Wandersman\u2013Goodman\u2013Butterfoss 1997; Weiner\u2013Alexander 1998). Akad\u00e1lyoz\u00f3 t\u00e9nyez\u0151k\u00e9nt tartj\u00e1k sz\u00e1mon a h\u00e1l\u00f3zatok k\u00f6z\u00f6tti egy\u00fcttm\u0171k\u00f6d\u00e9sek infrastruktur\u00e1lis h\u00e1tter\u00e9nek hi\u00e1ny\u00e1t, amelynek k\u00f6vetkezt\u00e9ben ezek a h\u00e1l\u00f3zatok sokszor \u00f6ner\u0151b\u0151l val\u00f3s\u00edtj\u00e1k meg az egy\u00fcttm\u0171k\u00f6d\u00e9st, egyfajta munk\u00e1n t\u00fali befektet\u00e9sk\u00e9nt, \u00e9s sokszor nincs m\u00f6g\u00f6tt\u00fck t\u00e9nyleges p\u00e9nz\u00fcgyi t\u00e1mogat\u00e1s sem. M\u00e9g t\u00f6bb akad\u00e1ly rejlik azonban \u00e9ppen a h\u00e1l\u00f3zat tagjai k\u00f6z\u00f6tt, annak tagjaiban, hiszen sokszor a sz\u0171k\u00f6s er\u0151forr\u00e1sokb\u00f3l gazd\u00e1lkod\u00f3 szervezetek nem sz\u00edvesen osztj\u00e1k meg a h\u00e1l\u00f3zat tagjai k\u00f6z\u00f6tt saj\u00e1t er\u0151forr\u00e1saikat. Sokkal ink\u00e1bb saj\u00e1t m\u0171k\u00f6d\u00e9s\u00fckre ford\u00edtj\u00e1k azt, mivel nem tapasztalt\u00e1k meg a megosztott er\u0151forr\u00e1sokban rejl\u0151 meger\u0151s\u00edt\u0151 hat\u00e1st. A m\u00e1sik fontos akad\u00e1ly, amelyet a legt\u00f6bb kutat\u00e1s megeml\u00edt, az auton\u00f3mia elveszt\u00e9s\u00e9t\u0151l val\u00f3 f\u00e9lelem, amely szorosan \u00f6sszef\u00fcgg azzal a probl\u00e9m\u00e1val, hogy a partners\u00e9g m\u0171k\u00f6d\u00e9s\u00e9re vonatkoz\u00f3an minden partnernek \u00e1ltal\u00e1ban megvan a saj\u00e1t elk\u00e9pzel\u00e9se (Keast 2014).\u00a0 Mindazon\u00e1ltal elmondhat\u00f3, <strong>hogy a szolg\u00e1ltat\u00e1sny\u00fajt\u00e1s sor\u00e1n alkalmazott h\u00e1l\u00f3zati alap\u00fa, kollaborat\u00edv egy\u00fcttm\u0171k\u00f6d\u00e9s lehet\u0151v\u00e9 teszi a szolg\u00e1ltat\u00e1sok k\u00f6z\u00f6ss\u00e9gi alap\u00fa m\u0171k\u00f6dtet\u00e9s\u00e9t<\/strong> (Provan 2005, Alter\u2013Hage 1993).<\/p>\n<figure id=\"attachment_5518\" aria-describedby=\"caption-attachment-5518\" style=\"width: 300px\" class=\"wp-caption alignright\"><img loading=\"lazy\" decoding=\"async\" class=\"size-medium wp-image-5518\" src=\"https:\/\/kofe.hu\/parola\/wp-content\/uploads\/2020\/09\/2020-1-Lucia-1-300x225.jpeg\" alt=\"\" width=\"300\" height=\"225\" srcset=\"https:\/\/kofe.hu\/parola\/wp-content\/uploads\/2020\/09\/2020-1-Lucia-1-300x225.jpeg 300w, https:\/\/kofe.hu\/parola\/wp-content\/uploads\/2020\/09\/2020-1-Lucia-1-768x576.jpeg 768w, https:\/\/kofe.hu\/parola\/wp-content\/uploads\/2020\/09\/2020-1-Lucia-1.jpeg 1024w, https:\/\/kofe.hu\/parola\/wp-content\/uploads\/2020\/09\/2020-1-Lucia-1-10x8.jpeg 10w\" sizes=\"auto, (max-width: 300px) 100vw, 300px\" \/><figcaption id=\"caption-attachment-5518\" class=\"wp-caption-text\">Egyeztet\u00e9s projektr\u0151l, kutat\u00e1sr\u00f3l a Sz\u00e9kelyf\u00f6ldi K\u00f6z\u00f6ss\u00e9gfejleszt\u0151k Egyes\u00fclet\u00e9vel<\/figcaption><\/figure>\n<p><strong>KUTAT\u00c1SM\u00d3DSZERTAN<\/strong><\/p>\n<p><strong>Kutat\u00e1si probl\u00e9ma<\/strong><\/p>\n<p>A vizsg\u00e1lt kutat\u00e1si probl\u00e9ma k\u00f6r\u00fclhat\u00e1rol\u00e1s\u00e1t <strong>igyekezt\u00fcnk min\u00e9l ink\u00e1bb a helyi ig\u00e9nyekhez, sz\u00fcks\u00e9gletekhez igaz\u00edtani<\/strong>. Meghat\u00e1roz\u00f3 volt, hogy mit tekintettek (mindk\u00e9t c\u00e9lter\u00fcleten: Magyarorsz\u00e1gon \u00e9s Rom\u00e1ni\u00e1ban) probl\u00e9m\u00e1nak a helyi szakemberek. Ez\u00e9rt egyr\u00e9szt a kutat\u00e1s el\u0151k\u00e9sz\u00edt\u00e9sek\u00e9nt struktur\u00e1lt interj\u00fakat k\u00e9sz\u00edtett\u00fcnk a t\u00e9rs\u00e9gben dolgoz\u00f3 szoci\u00e1lis, eg\u00e9szs\u00e9g\u00fcgyi \u00e9s k\u00f6zm\u0171vel\u0151d\u00e9si szakemberekkel. M\u00e1sr\u00e9szt sz\u00e9lesk\u00f6r\u0171 rendszerelemz\u00e9st v\u00e9gezt\u00fcnk k\u00fcl\u00f6nb\u00f6z\u0151 adatb\u00e1zisok, valamint kor\u00e1bbi, a t\u00e9rs\u00e9gre vonatkoz\u00f3 kutat\u00e1sok, tanulm\u00e1nyok m\u00e1sodelemz\u00e9se alapj\u00e1n. Harmadr\u00e9szt pedig, ami legink\u00e1bb hozz\u00e1seg\u00edtett minket a kutat\u00e1si probl\u00e9ma, s \u00edgy a kutat\u00e1si t\u00e9ma helyi ig\u00e9nyekhez val\u00f3 alak\u00edt\u00e1s\u00e1hoz, az a r\u00e9szv\u00e9teli alap\u00fa kutat\u00e1si m\u0171helyek megszervez\u00e9se \u00e9s kialak\u00edt\u00e1sa volt: a c\u00e9lter\u00fcleten \u00f6tf\u0151s kutat\u00f3i m\u0171hely alakult, amelynek rendszeres tal\u00e1lkoz\u00f3i sor\u00e1n sz\u0171k\u00edtett\u00fck le a kutat\u00e1st meghat\u00e1roz\u00f3 lehets\u00e9ges probl\u00e9mater\u00fcleteket.<\/p>\n<p><em>Kutat\u00e1si probl\u00e9mak\u00e9nt hat\u00e1roztuk meg a t\u00e9rs\u00e9gben jelenlev\u0151 szolg\u00e1ltat\u00e1sok k\u00f6z\u00f6tt megl\u00e9v\u0151 szinergiahi\u00e1nyt, m\u00e1sk\u00e9nt kifejezve, a \u201ez\u00e1rt k\u00f6r\u00f6k probl\u00e9m\u00e1j\u00e1t\u201d.<\/em><\/p>\n<p><strong>A szakemberek szerint nem biztos\u00edtottak megfelel\u0151en az egy\u00fcttm\u0171k\u00f6d\u00e9st seg\u00edt\u0151 struktur\u00e1lis keretek, felt\u00e9telek, ehelyett \u201ebej\u00e1ratott utak\u201d vannak, ennek k\u00f6vetkezt\u00e9ben a szolg\u00e1ltat\u00e1sok \u00e9s szakemberek, valamint az ig\u00e9nybe vev\u0151k k\u00f6z\u00f6tt \u201ez\u00e1rt kapcsolati k\u00f6r\u00f6k\u201d alakulnak. Mindez pedig a szakemberek v\u00e9lem\u00e9nye szerint nehez\u00edti a hat\u00e9kony er\u0151forr\u00e1s-megoszt\u00e1st a j\u00e1r\u00e1s ter\u00fclet\u00e9n.<\/strong><\/p>\n<p><strong>\u00a0<\/strong><strong>A kutat\u00e1s r\u00e9szv\u00e9teli jellege<\/strong><\/p>\n<p>A r\u00e9szv\u00e9teli kutat\u00e1s mint egyfajta erny\u0151fogalom t\u00f6bbf\u00e9le kutat\u00e1si m\u00f3dszert mag\u00e1ban foglal, amelyek k\u00f6z\u00fcl jelen kutat\u00e1s sor\u00e1n a k\u00f6z\u00f6ss\u00e9gi alap\u00fa r\u00e9szv\u00e9teli kutat\u00e1st alkalmaztuk (Caine\u2013Mill 2016). Ennek az al\u00e1bbi alapelveit emeln\u00e9nk ki:<\/p>\n<ul>\n<li>a k\u00f6z\u00f6ss\u00e9g tagjainak a bevon\u00e1sa a kutat\u00e1s folyamat\u00e1ba;<\/li>\n<li>a kutat\u00e1s etikai k\u00f6vetkezm\u00e9nyeinek figyelembev\u00e9tele a kutat\u00e1sban r\u00e9szt vev\u0151 egy\u00e9nek \u00e9s k\u00f6z\u00f6ss\u00e9g vonatkoz\u00e1s\u00e1ban;<\/li>\n<li>az egy\u00fcttm\u0171k\u00f6d\u00e9s fenntart\u00e1sa a kutat\u00e1s sor\u00e1n;<\/li>\n<li>az eredm\u00e9nyek \u00e1ltal\u00e1nos\u00edthat\u00f3s\u00e1g\u00e1nak \u00e9s a helyi k\u00f6z\u00f6ss\u00e9gre gyakorolt hat\u00e1s\u00e1nak egyens\u00falya;<\/li>\n<li>a rugalmass\u00e1g biztos\u00edt\u00e1sa, amely a folyamat interakt\u00edv jelleg\u00e9b\u0151l ad\u00f3dik (Caine\u2013Mill 2016).<\/li>\n<\/ul>\n<p><em>\u201cA k\u00f6z\u00f6ss\u00e9gi alap\u00fa kutat\u00e1s egy ciklikus \u00e9s iterat\u00edv kutat\u00e1si folyamat, amely lehet\u0151v\u00e9 teszi a kutat\u00f3k m\u00f3dszertani \u00e9s elm\u00e9leti szak\u00e9rtelm\u00e9nek a nem tudom\u00e1nyos partnerek tud\u00e1s\u00e1val val\u00f3 integr\u00e1l\u00e1s\u00e1t. A k\u00f6z\u00f6ss\u00e9gi alap\u00fa kutat\u00e1s egy olyan megk\u00f6zel\u00edt\u00e9s a kutat\u00e1s sz\u00e1m\u00e1ra, amely a k\u00f6z\u00f6ss\u00e9g tagjaival val\u00f3 hiteles partners\u00e9get \u00e9rt\u00e9keli.\u201d (Caine\u2013Mill 2016:17-18).<\/em><\/p>\n<p>Bergold \u00e9s Thomas (2012) a k\u00f6z\u00f6ss\u00e9gi alap\u00fa r\u00e9szv\u00e9teli kutat\u00e1sok l\u00e9nyeg\u00e9t abban l\u00e1tja, hogy a kutat\u00e1s folyamat\u00e1ban a kutatott k\u00f6z\u00f6ss\u00e9g tagjai mint kutat\u00f3t\u00e1rsak vannak jelen. A kutat\u00e1s el\u0151k\u00e9sz\u00edt\u00e9s\u00e9t meghat\u00e1roz\u00f3 m\u00f3dszertani jellemz\u0151 a <strong>kooperat\u00edv jelleg<\/strong>. A kutat\u00e1s ezen form\u00e1ja els\u0151dlegesen nem a konkr\u00e9t kutat\u00e1si m\u00f3dszerek lefektet\u00e9s\u00e9b\u0151l indul ki, sokkal ink\u00e1bb azt a teret hozza l\u00e9tre, ahol a k\u00f6z\u00f6s tud\u00e1s megteremt\u00e9s\u00e9nek a folyamata megval\u00f3sulhat, \u00edgy a hangs\u00faly legink\u00e1bb arra helyez\u0151dik, hogy hogyan teremthet\u0151 meg ez az egy\u00fcttm\u0171k\u00f6d\u00e9s. Ennek sor\u00e1n figyelmet ford\u00edtanak arra, hogy megfelel\u0151 teret alak\u00edtsanak ki a k\u00f6z\u00f6s tud\u00e1sgener\u00e1l\u00f3 folyamatoknak. Nem utols\u00f3 sorban pedig ez a megk\u00f6zel\u00edt\u00e9s lehet\u0151v\u00e9 teszi, hogy a helyzet meg\u00e9rt\u00e9se, felt\u00e1r\u00e1sa \u00e1ltal hozz\u00e1j\u00e1ruljon a benne r\u00e9szt vev\u0151k k\u00e9pess\u00e9 t\u00e9tel\u00e9hez (Bergold\u2013Thomas 2012).<\/p>\n<p><strong><em>\u00a0<\/em><\/strong><strong><em>A kutat\u00e1sban megval\u00f3sult r\u00e9szv\u00e9teli elemek:<\/em><\/strong><\/p>\n<p><strong>Bevont helyi \u00e9rintett kutat\u00f3k (helyi lakosok, szakemberek):<\/strong> A kutat\u00e1sban \u00f6t helyi lakos vett r\u00e9szt, akik a szoci\u00e1lis, eg\u00e9szs\u00e9g\u00fcgyi \u00e9s k\u00f6zm\u0171vel\u0151d\u00e9si szolg\u00e1ltat\u00e1sok valamelyik\u00e9ben dolgoznak, illetve mindezeket ig\u00e9nybe veszik a t\u00e9rs\u00e9gben.<\/p>\n<p><strong>Egy\u00fcttm\u0171k\u00f6d\u00e9s m\u00f3dja<\/strong>: A helyi szakemberekkel k\u00f6z\u00f6sen kutat\u00f3i m\u0171helyeket tartottunk, amelyeket adott esetben online Skype-megbesz\u00e9l\u00e9sek, egyeztet\u00e9sek eg\u00e9sz\u00edtettek ki.<\/p>\n<p><strong>A kutat\u00f3i m\u0171helyeken \u00e9rintett f\u0151bb t\u00e9m\u00e1k, tev\u00e9kenys\u00e9gek:<\/strong><\/p>\n<ul>\n<li>Kutat\u00e1si t\u00e9ma, kutat\u00e1si probl\u00e9ma konkr\u00e9t lehat\u00e1rol\u00e1sa, k\u00f6z\u00f6s megfogalmaz\u00e1sa<\/li>\n<li>F\u00e9lig struktur\u00e1lt interj\u00fa k\u00e9rd\u00e9sv\u00e1z\u00e1nak k\u00f6z\u00f6s \u00f6ssze\u00e1ll\u00edt\u00e1sa<\/li>\n<li>Kutat\u00e1sm\u00f3dszertani felk\u00e9sz\u00fcl\u00e9s<\/li>\n<li>A pr\u00f3bafelv\u00e9tel tapasztalatainak k\u00f6z\u00f6s megbesz\u00e9l\u00e9se, az interj\u00fav\u00e1zlat pontos\u00edt\u00e1sa, interj\u00faalanyok gy\u0171jt\u00e9se<\/li>\n<li>Az interj\u00fafelv\u00e9telek tapasztalatainak megoszt\u00e1sa<\/li>\n<li>Az eredm\u00e9nyeket \u00e9rt\u00e9kel\u00e9se, az elemz\u00e9s k\u00f6z\u00f6s megbesz\u00e9l\u00e9se<\/li>\n<li>A kutat\u00e1s m\u00e1s elemeinek (k\u00e9rd\u0151\u00edves felm\u00e9r\u00e9s, f\u00f3kuszcsoportos vizsg\u00e1lat) megvitat\u00e1sa<\/li>\n<\/ul>\n<p><strong>Kutat\u00e1si m\u00f3dszer <\/strong><\/p>\n<p>A kutat\u00e1s, mindk\u00e9t c\u00e9lter\u00fcleten k\u00e9t kutat\u00e1si szakaszra k\u00fcl\u00f6n\u00fclt el. Az els\u0151 szakaszban a lok\u00e1lis k\u00f6z\u00f6ss\u00e9gi funkci\u00f3k m\u0171k\u00f6d\u00e9s\u00e9nek meg\u00e9rt\u00e9s\u00e9re f\u00f3kusz\u00e1ltunk, m\u00edg a m\u00e1sodik szakasz sor\u00e1n a k\u00f6zszolg\u00e1ltat\u00e1sokat megval\u00f3s\u00edt\u00f3 int\u00e9zm\u00e9nyek, valamint szakemberek k\u00f6z\u00f6tti egy\u00fcttm\u0171k\u00f6d\u00e9sek jellemz\u0151inek meg\u00e9rt\u00e9s\u00e9t t\u0171zt\u00fck ki c\u00e9lul. Az al\u00e1bbi t\u00e1bl\u00e1zat e k\u00e9t kutat\u00e1si szakaszban alkalmazott m\u00f3dszereket foglaltuk \u00f6ssze:<\/p>\n<table width=\"614\">\n<tbody>\n<tr>\n<td width=\"307\"><em>Kutat\u00e1si t\u00e9ma<\/em><\/td>\n<td width=\"307\"><em>Kutat\u00e1si m\u00f3dszer<\/em><\/td>\n<\/tr>\n<tr>\n<td width=\"307\">I.\u00a0\u00a0\u00a0\u00a0\u00a0 szakasz: A k\u00f6z\u00f6ss\u00e9g funkcionalit\u00e1s\u00e1nak vizsg\u00e1lata<\/td>\n<td width=\"307\">F\u00f3kuszcsoportos interj\u00fa<\/td>\n<\/tr>\n<tr>\n<td rowspan=\"2\" width=\"307\">II.\u00a0\u00a0 szakasz: A k\u00f6zszolg\u00e1ltat\u00e1sok k\u00f6z\u00f6tti egy\u00fcttm\u0171k\u00f6d\u00e9s vizsg\u00e1lata<\/td>\n<td width=\"307\">F\u00e9lig struktur\u00e1lt interj\u00fa<\/td>\n<\/tr>\n<tr>\n<td style=\"text-align: left;\" width=\"307\">K\u00e9rd\u0151\u00edves felm\u00e9r\u00e9s<\/td>\n<\/tr>\n<\/tbody>\n<\/table>\n<p>&nbsp;<\/p>\n<p><strong><em>Els\u0151 kutat\u00e1si szakasz: f\u00f3kuszcsoportos interj\u00fa<\/em><\/strong><\/p>\n<p>A helyi k\u00f6z\u00f6ss\u00e9gek \u00e1llapot\u00e1t mind az erd\u00e9lyi, mind a magyarorsz\u00e1gi c\u00e9lter\u00fcleten f\u00f3kuszcsoportos interj\u00fak keret\u00e9ben vizsg\u00e1ltuk. A f\u00f3kuszcsoportos interj\u00fa mint kvalitat\u00edv kutat\u00e1si m\u00f3dszer l\u00e9nyeg\u00e9ben a csoportos interj\u00fak k\u00f6z\u00e9 tartozik, hiszen a kiv\u00e1lasztott interj\u00faalanyok \u201ecsoportosan kommunik\u00e1lnak egy adott t\u00e9m\u00e1r\u00f3l\u201d (Vicsek 2006:17). Az elemz\u00e9sben hangs\u00falyt kap az interj\u00faalanyok k\u00f6z\u00f6s v\u00e9lem\u00e9nyform\u00e1l\u00e1sa, k\u00f6lcs\u00f6n\u00f6s reflexi\u00f3i az \u00e9rintett t\u00e9m\u00e1ra vonatkoz\u00f3an. Jelen kutat\u00e1s felt\u00e1r\u00f3 jelleg\u0171, hiszen az interj\u00faalanyok saj\u00e1t meg\u00edt\u00e9l\u00e9s\u00fck szerint \u00e9rt\u00e9kelik a j\u00e1r\u00e1sra jellemz\u0151 k\u00f6z\u00f6ss\u00e9gi funkci\u00f3kat (Vicsek 2006).<\/p>\n<p><strong>Interj\u00faalanyaink kiv\u00e1laszt\u00e1s\u00e1n\u00e1l, a projekt c\u00e9lcsoportj\u00e1hoz k\u00e9pest, sz\u0171k\u00edtve annak k\u00f6r\u00e9t, k\u00e9t fontos kit\u00e9telt hat\u00e1roztunk mega r\u00e9szv\u00e9teli kutat\u00f3i m\u0171hely sor\u00e1n: (1) a c\u00e9lter\u00fcleten \u00e9lnek, valamint (2) a c\u00e9lter\u00fcleten dolgoznak.<\/strong> Az egyes k\u00f6z\u00f6ss\u00e9gi funkci\u00f3k alapj\u00e1n, a funkci\u00f3hoz val\u00f3 felt\u00e9telezett kapcsol\u00f3d\u00e1suk r\u00e9v\u00e9n v\u00e1lasztottuk ki potenci\u00e1lis interj\u00faalanyainkat, amely kiv\u00e1laszt\u00e1si folyamat a kutat\u00e1s el\u0151k\u00e9sz\u00edt\u00e9sek\u00e9nt l\u00e9trej\u00f6tt f\u00e9lig struktur\u00e1lt interj\u00fak elemz\u00e9s\u00e9re \u00e9p\u00fclt.<\/p>\n<p>Kutat\u00e1sunk sor\u00e1n a funkci\u00f3kat felt\u00e1r\u00f3 szakaszban hat f\u00f3kuszcsoportos interj\u00fat k\u00e9sz\u00edtett\u00fcnk, amelynek sor\u00e1n 30 embert vontunk be az interj\u00faz\u00e1si folyamatba. Az \u00e1ltal\u00e1nos, minden funkci\u00f3t \u00e9rint\u0151 f\u00f3kuszcsoportos interj\u00fa alanyai mind a magyarorsz\u00e1gi, mind az erd\u00e9lyi c\u00e9lter\u00fcleten olyan k\u00f6z\u00f6ss\u00e9gi munk\u00e1ban \u00e9rintett helyi szakemberek, akik maguk is a j\u00e1r\u00e1sban \u00e9lnek, \u00e9s t\u00f6bb helyi k\u00f6z\u00f6ss\u00e9g akt\u00edv tagjai.<\/p>\n<p>Magyarorsz\u00e1gon az \u00e1ltaluk szakmailag elemzett funkci\u00f3k k\u00f6z\u00fcl a leger\u0151sebb, valamint a leggyeng\u00e9bb funkci\u00f3 k\u00f6r\u00e9 szervezt\u00fck a k\u00f6vetkez\u0151 k\u00e9t interj\u00fat, azzal a k\u00e9s\u0151bbi m\u00f3dos\u00edt\u00e1ssal, hogy az interj\u00fa sor\u00e1n az \u00e1ltaluk leger\u0151sebbnek tartott funkci\u00f3 \u00e9rtelmez\u00e9s\u00e9t kieg\u00e9sz\u00edtett\u00e9k a legsz\u00fcks\u00e9gesebb funkci\u00f3 kateg\u00f3ri\u00e1j\u00e1nak meghat\u00e1roz\u00e1s\u00e1val, \u00edgy j\u00f6tt l\u00e9tre a negyedik f\u00f3kuszcsoportos interj\u00fa is. Teh\u00e1t <strong>az els\u0151, \u00e1ltal\u00e1nos \u00e9rtelmez\u00e9st k\u00f6vet\u0151en, a tov\u00e1bbi h\u00e1rom f\u00f3kuszcsoportos interj\u00fa<\/strong> a k\u00f6vetkez\u0151k\u00e9ppen alakult:<\/p>\n<ol>\n<li>a szocializ\u00e1ci\u00f3 mint a legsz\u00fcks\u00e9gesebb<a href=\"#_ftn3\" name=\"_ftnref3\"><sup>[3]<\/sup><\/a> k\u00f6z\u00f6ss\u00e9gi funkci\u00f3;<\/li>\n<li>a gazdas\u00e1gi boldogul\u00e1s mint a leggyeng\u00e9bb k\u00f6z\u00f6ss\u00e9gi funkci\u00f3;<\/li>\n<li>a szolidarit\u00e1s mint a leger\u0151sebb k\u00f6z\u00f6ss\u00e9gi funkci\u00f3.<\/li>\n<\/ol>\n<p>Az erd\u00e9lyi c\u00e9lter\u00fcleten m\u00f3dszertanilag elt\u00e9rt a f\u00f3kuszcsoportos interj\u00fa felv\u00e9tele, ugyanis ott k\u00e9t f\u00f3kuszcsoportos interj\u00fa zajlott, amelynek sor\u00e1n az els\u0151 r\u00e9szben az \u00e1ltal\u00e1nos funkci\u00f3\u00e9rtelmez\u00e9st k\u00f6vet\u0151en, a m\u00e1sodik f\u00f3kuszcsoportos interj\u00faban az \u00f6t funkci\u00f3t r\u00e9szletesen elemezt\u00e9k a r\u00e9sztvev\u0151k.<\/p>\n<p><strong><em>M\u00e1sodik kutat\u00e1si szakasz: k\u00e9rd\u0151\u00edves felm\u00e9r\u00e9s, f\u00e9lig struktur\u00e1lt interj\u00fa<\/em><\/strong><\/p>\n<p><em>K\u00e9rd\u0151\u00edves felm\u00e9r\u00e9s<\/em><\/p>\n<p>A h\u00e1l\u00f3zatelemz\u00e9s mint kutat\u00e1si m\u00f3dszer hozz\u00e1j\u00e1rulhat a neh\u00e9zs\u00e9gek, akad\u00e1lyok lek\u00fczd\u00e9s\u00e9hez az\u00e1ltal, hogy seg\u00edt felt\u00e1rni az egy\u00fcttm\u0171k\u00f6d\u00e9s jelenlegi form\u00e1j\u00e1t, \u00e9s meg\u00e9rteni az esetleges elakad\u00e1sokat, h\u00e1tr\u00e1ltat\u00f3 t\u00e9nyez\u0151ket. Kutat\u00e1sunk sor\u00e1n Provan (2005) \u00e9s D\u00e1vid (2011) m\u00f3dszertan\u00e1b\u00f3l indultunk ki, akik kutat\u00e1saik sor\u00e1n a h\u00e1l\u00f3zatelemz\u00e9s alkalmazott form\u00e1j\u00e1ra helyezt\u00e9k a hangs\u00falyt. \u00dagy v\u00e9lj\u00fck, hogy az \u00e1ltaluk v\u00e9gzett kutat\u00e1sok el\u0151seg\u00edtik, hogy a h\u00e1l\u00f3zatelemz\u00e9sben rejl\u0151 lehet\u0151s\u00e9geket a gyakorlati szakemberek \u00e1ltal \u00fcltess\u00fck \u00e1t a mindennapi munkav\u00e9gz\u00e9s ter\u00fclet\u00e9re. A legt\u00f6bb h\u00e1l\u00f3zatelemz\u00e9sre \u00e9p\u00fcl\u0151 kutat\u00e1s eredm\u00e9nye nem jut el \u00e9rdemben a ter\u00fcleten dolgoz\u00f3 szakemberekhez, pedig a meg\u00e1llap\u00edt\u00e1sok el\u0151seg\u00edten\u00e9k, hogy a lok\u00e1lis k\u00f6z\u00f6ss\u00e9g tagjai meg\u00e9rts\u00e9k jelenlegi m\u0171k\u00f6d\u00e9s\u00fcket, egy\u00fattal meger\u0151s\u00f6djenek abban, hogy hogyan tudnak sz\u00e1mukra megfelel\u0151, hat\u00e9konyabb egy\u00fcttm\u0171k\u00f6d\u00e9seket kialak\u00edtani.<\/p>\n<p>Mindk\u00e9t kutat\u00e1si ter\u00fcleten v\u00e9gezt\u00fcnk k\u00e9rd\u0151\u00edves adatfelm\u00e9r\u00e9st a ter\u00fcleten m\u0171k\u00f6d\u0151 k\u00f6zszolg\u00e1ltat\u00e1sok egy\u00fcttm\u0171k\u00f6d\u00e9seinek jellemz\u00e9se c\u00e9lj\u00e1b\u00f3l. \u00c1ltal\u00e1noss\u00e1gban elmondhat\u00f3, hogy <strong>kapcsolath\u00e1l\u00f3zat-elemz\u00e9s\u00fcnk sor\u00e1n a Provan (2005) \u00e1ltal meghat\u00e1rozott h\u00e1rom f\u0151 egy\u00fcttm\u0171k\u00f6d\u00e9si ter\u00fcletet vizsg\u00e1ltunk<\/strong>:<\/p>\n<ul>\n<li>k\u00f6lcs\u00f6n\u00f6s inform\u00e1ci\u00f3csere \u00e1ltali kapcsolat;<\/li>\n<li>megosztott er\u0151forr\u00e1sokon kereszt\u00fcli kapcsol\u00f3d\u00e1s;<\/li>\n<li>k\u00f6z\u00f6s tev\u00e9kenys\u00e9g.<\/li>\n<\/ul>\n<p>A kapcsolath\u00e1l\u00f3zat-elemz\u00e9s sor\u00e1n az al\u00e1bbi \u00f6t kateg\u00f3ria szerint elemezt\u00fck mindk\u00e9t orsz\u00e1gban az int\u00e9zm\u00e9nyek k\u00f6z\u00f6tti kapcsolatrendszert:<\/p>\n<ul>\n<li>szoci\u00e1lis szolg\u00e1ltat\u00e1sok;<\/li>\n<li>eg\u00e9szs\u00e9g\u00fcgyi szolg\u00e1ltat\u00e1sok;<\/li>\n<li>k\u00f6zm\u0171vel\u0151d\u00e9si szolg\u00e1ltat\u00e1sok;<\/li>\n<li>egy\u00e9b civil szolg\u00e1ltat\u00e1sok;<\/li>\n<li>egy\u00e9b egyh\u00e1zi szolg\u00e1ltat\u00e1sok.<\/li>\n<\/ul>\n<p>\u00cdgy mindk\u00e9t orsz\u00e1gban a felt\u00e1rt kapcsolath\u00e1l\u00f3zatban els\u0151sorban ezen \u00f6t t\u00edpus k\u00f6z\u00f6tti kapcsolatokat elemezt\u00fck \u00f6sszehasonl\u00edt\u00f3 jelleggel, a fent meghat\u00e1rozott h\u00e1rom egy\u00fcttm\u0171k\u00f6d\u00e9si t\u00edpus ment\u00e9n.<\/p>\n<figure id=\"attachment_5517\" aria-describedby=\"caption-attachment-5517\" style=\"width: 300px\" class=\"wp-caption alignright\"><img loading=\"lazy\" decoding=\"async\" class=\"size-medium wp-image-5517\" src=\"https:\/\/kofe.hu\/parola\/wp-content\/uploads\/2020\/09\/2020-1-Lucia-3-300x225.jpg\" alt=\"\" width=\"300\" height=\"225\" srcset=\"https:\/\/kofe.hu\/parola\/wp-content\/uploads\/2020\/09\/2020-1-Lucia-3-300x225.jpg 300w, https:\/\/kofe.hu\/parola\/wp-content\/uploads\/2020\/09\/2020-1-Lucia-3-768x576.jpg 768w, https:\/\/kofe.hu\/parola\/wp-content\/uploads\/2020\/09\/2020-1-Lucia-3-1024x768.jpg 1024w, https:\/\/kofe.hu\/parola\/wp-content\/uploads\/2020\/09\/2020-1-Lucia-3-10x8.jpg 10w, https:\/\/kofe.hu\/parola\/wp-content\/uploads\/2020\/09\/2020-1-Lucia-3-2000x1500.jpg 2000w\" sizes=\"auto, (max-width: 300px) 100vw, 300px\" \/><figcaption id=\"caption-attachment-5517\" class=\"wp-caption-text\">A kutat\u00e1si eredm\u00e9nyek feldolgoz\u00e1sa \u00e9s tov\u00e1bbgondol\u00e1sa a projekt z\u00e1r\u00f3konferenci\u00e1j\u00e1n<\/figcaption><\/figure>\n<p><em>F\u00e9lig struktur\u00e1lt interj\u00fa<\/em><\/p>\n<p>A kutat\u00e1s ezen r\u00e9sz\u00e9n\u00e9l alapvet\u0151en a szoci\u00e1lis, eg\u00e9szs\u00e9g\u00fcgyi \u00e9s k\u00f6zm\u0171vel\u0151d\u00e9si szakemberek k\u00f6z\u00f6tti egy\u00fcttm\u0171k\u00f6d\u00e9sek jellemz\u0151inek felt\u00e1r\u00e1s\u00e1ra t\u00f6rekedt\u00fcnk. A f\u00e9lig struktur\u00e1lt interj\u00fak el\u0151k\u00e9sz\u00edt\u00e9s\u00e9t, lebonyol\u00edt\u00e1s\u00e1t, valamint elemz\u00e9s\u00e9t kutat\u00f3i m\u0171helyek seg\u00edtett\u00e9k. A m\u0171helyek keret\u00e9ben a kutat\u00e1sba bevont helyi szakemberek saj\u00e1t tapasztalataikkal, tud\u00e1sukkal er\u0151s\u00edtett\u00e9k a f\u00e9lig struktur\u00e1lt interj\u00fak koncepci\u00f3j\u00e1nak kialak\u00edt\u00e1s\u00e1t, valamint a felv\u00e9teleket \u00e9s az elemz\u00e9si folyamatot.<\/p>\n<p>Az interj\u00fav\u00e1zlat l\u00e9nyeg\u00e9ben h\u00e1rom r\u00e9sz k\u00f6r\u00e9 \u00f6sszpontosul. Az interj\u00fa els\u0151 r\u00e9sze az egy\u00e9nt mint helyben \u00e9l\u0151 szakembert sz\u00f3l\u00edtja meg, \u00e9s ennek kapcs\u00e1n egy t\u00e9rs\u00e9gi diagn\u00f3zis fel\u00e1ll\u00edt\u00e1s\u00e1ra helyezi a hangs\u00falyt, ezt k\u00f6vet\u0151en a szakemberek jelenleg \u00e9l\u0151 egy\u00fcttm\u0171k\u00f6d\u00e9seit t\u00e1rjuk fel, majd interj\u00faalanyainknak az egy\u00fcttm\u0171k\u00f6d\u00e9sek fejleszt\u00e9se ir\u00e1nti sz\u00e1nd\u00e9k\u00e1t ismert\u00fck meg, a v\u00e1ltoz\u00e1s ir\u00e1nti hajland\u00f3s\u00e1got helyezve a k\u00f6z\u00e9ppontba.<\/p>\n<p><strong>EREDM\u00c9NYEK \u00d6SSZEFOGLAL\u00c1SA<\/strong><\/p>\n<p><strong>Els\u0151 kutat\u00e1si szakasz<\/strong><\/p>\n<p>A rom\u00e1niai (erd\u00e9lyi), illetve magyarorsz\u00e1gi c\u00e9lter\u00fcleten v\u00e9gzett kutat\u00e1s els\u0151 f\u00e1zisak\u00e9nt a k\u00f6z\u00f6ss\u00e9gek \u00e1llapot\u00e1t t\u00e1rtuk fel, a warreni (1978) k\u00f6z\u00f6ss\u00e9gi funkci\u00f3k interj\u00faalanyaink \u00e1ltali \u00e9rtelmez\u00e9se seg\u00edts\u00e9g\u00e9vel. Mindk\u00e9t helysz\u00ednen elmondhat\u00f3, hogy nagyon nehezen v\u00e1lasztott\u00e1k ki az er\u0151snek, illetve gyeng\u00e9bbnek \u00edt\u00e9lt funkci\u00f3kat. M\u00edg Magyarorsz\u00e1gon az \u00fcgyek ment\u00e9n l\u00e9trej\u00f6tt k\u00f6z\u00f6ss\u00e9gek kapcs\u00e1n d\u00f6nt\u00f6ttek a k\u00f6lcs\u00f6n\u00f6s t\u00e1mogat\u00e1s, szolidarit\u00e1s funkci\u00f3j\u00e1nak kiemel\u00e9s\u00e9r\u0151l, s hat\u00e1rozt\u00e1k meg mint a t\u00e9rs\u00e9g leger\u0151sebb k\u00f6z\u00f6ss\u00e9gi funkci\u00f3j\u00e1t, addig Erd\u00e9lyben leger\u0151sebbnek a szocializ\u00e1ci\u00f3 funkci\u00f3j\u00e1t tartott\u00e1k a bevont helyi lakosok. Ez ut\u00f3bbi k\u00fcl\u00f6n\u00f6sen \u00e9rdekes abb\u00f3l a szempontb\u00f3l, hogy a magyarorsz\u00e1gi c\u00e9lter\u00fcleten ezt mint az egyik legrohamosabban roml\u00f3 k\u00f6z\u00f6ss\u00e9gi funkci\u00f3t jellemezt\u00e9k. Ugyanakkor, mivel mindk\u00e9t kiv\u00e1lasztott t\u00e9rs\u00e9g a legh\u00e1tr\u00e1nyosabb ter\u00fcletek k\u00f6z\u00e9 tartozik, nem meglep\u0151, hogy a leggyeng\u00e9bbnek a gazdas\u00e1gi boldogul\u00e1st jellemezt\u00e9k.<\/p>\n<p>A magyarorsz\u00e1gi c\u00e9lter\u00fcleten a k\u00f6lcs\u00f6n\u00f6s t\u00e1mogat\u00e1s, szolidarit\u00e1s funkci\u00f3 er\u0151sebb m\u0171k\u00f6d\u00e9s\u00e9nek ok\u00e1t annak kialakul\u00e1s\u00e1ban l\u00e1tj\u00e1k, azonban az \u00e1ltal\u00e1noss\u00e1gban elmondhat\u00f3, hogy az eszmei, \u00fcgyalap\u00fa k\u00f6z\u00f6ss\u00e9gekben v\u00e9lem\u00e9ny\u00fck szerint sokkal jelent\u0151sebben m\u0171k\u00f6dik e funkci\u00f3, mint a lokalit\u00e1salap\u00fa k\u00f6z\u00f6ss\u00e9gekben. Arr\u00f3l sz\u00e1moltak be interj\u00faalanyaink, hogy a szolidarit\u00e1st el\u0151h\u00edv\u00f3 esem\u00e9nyek az \u00fcgyalap\u00fa k\u00f6z\u00f6ss\u00e9gek tagjait sokkal nagyobb ar\u00e1nyban \u00e9s gyorsabban \u00f6szt\u00f6nzik cselekv\u00e9sre, s ez\u00e1ltal \u00e9letben tartj\u00e1k, s\u0151t meger\u0151s\u00edtik a j\u00e1r\u00e1sban a k\u00f6lcs\u00f6n\u00f6s t\u00e1mogat\u00e1s funkci\u00f3j\u00e1t. <strong>A funkci\u00f3 m\u0171k\u00f6d\u00e9s\u00e9nek dinamik\u00e1ja teh\u00e1t aktu\u00e1lis szitu\u00e1ci\u00f3hoz k\u00f6t\u00f6tt, egyszeri esem\u00e9nyek ment\u00e9n alakul, amelynek fennmarad\u00e1sa \u00e9s kiterjed\u00e9se kapcs\u00e1n szint\u00e9n befoly\u00e1sol\u00f3 t\u00e9nyez\u0151k\u00e9nt azonos\u00edtott\u00e1k a kiv\u00e1lt\u00f3 esem\u00e9ny t\u00edpus\u00e1t.<\/strong> \u00dagy v\u00e9lik, hogy a funkci\u00f3 meger\u0151s\u00f6d\u00e9s\u00e9ben, <strong>fontos szerepet j\u00e1tszik a k\u00f6z\u00f6ss\u00e9gek m\u00faltja, gy\u00f6kere, teh\u00e1t a k\u00f6z\u00f6ss\u00e9gek szocializ\u00e1ci\u00f3ja<\/strong>, valamint a k\u00f6z\u00f6ss\u00e9gek k\u00f6z\u00f6tti kapcsolatok t\u00edpusai (az ismerts\u00e9g szintje), a versenyhelyzet megl\u00e9te, az adott k\u00f6z\u00f6ss\u00e9g formaliz\u00e1lts\u00e1g\u00e1nak szintje. A szolidarit\u00e1s, k\u00f6lcs\u00f6n\u00f6s egy\u00fcttm\u0171k\u00f6d\u00e9s \u00e9s seg\u00edts\u00e9gny\u00fajt\u00e1s vonatkoz\u00e1s\u00e1ban a <strong>szem\u00e9lyess\u00e9g<\/strong>et emelt\u00e9k ki, mint legfontosabbnak \u00edt\u00e9lt saj\u00e1toss\u00e1got. A szem\u00e9lyes kapcsolat\u00e1pol\u00e1s, interj\u00faalanyaink szerint, a szolidarit\u00e1s mozgat\u00f3rug\u00f3ja is, annak m\u0171k\u00f6d\u00e9s\u00e9nek alapfelt\u00e9tele. A szem\u00e9lyess\u00e9g mellett a <strong>k\u00f6z\u00f6s c\u00e9l azonos\u00edt\u00e1s\u00e1t, \u00e1pol\u00e1s\u00e1t<\/strong> is elengedhetetlennek tartj\u00e1k az interj\u00fa r\u00e9sztvev\u0151i, amely az egy\u00fcttm\u0171k\u00f6d\u00e9st hossz\u00fa t\u00e1von teszi fenntarthat\u00f3v\u00e1.<\/p>\n<p>Az erd\u00e9lyi c\u00e9lter\u00fcleten, a f\u00f3kuszcsoportos interj\u00fa folyam\u00e1n, interj\u00faalanyaink hamar konszenzusra jutottak abban, hogy a szocializ\u00e1ci\u00f3 a t\u00e9rs\u00e9g k\u00f6z\u00f6ss\u00e9geinek egy er\u0151sebben m\u0171k\u00f6d\u0151 funkci\u00f3ja, azonban hangs\u00falyozt\u00e1k, hogy csup\u00e1n egy bizonyos aspektusb\u00f3l. A szocializ\u00e1ci\u00f3 ugyanis ebben a t\u00e9rs\u00e9gben a \u201980-as \u00e9vekt\u0151l nagyon szorosan \u00f6sszekapcsol\u00f3dik a hagyom\u00e1ny\u0151rz\u00e9ssel, azon bel\u00fcl is a n\u00e9pi hagyom\u00e1nyokkal \u00e9s a n\u00e9pt\u00e1nccal. Ez nem kifejezetten e ter\u00fclet lok\u00e1lis k\u00f6z\u00f6ss\u00e9geinek saj\u00e1tja, hiszen az eg\u00e9sz megy\u00e9ben nagyon jelent\u0151snek v\u00e9lik: \u201e<em>A hagyom\u00e1ny\u0151rz\u00e9sre \u00e9p\u00fcl\u0151 \u00e9rt\u00e9krendet megtartani, azt az \u00e9rt\u00e9krendet beoltani egym\u00e1s tagjaiba, ez er\u0151sen m\u0171k\u00f6dik\u201d<\/em>. Teh\u00e1t a hagyom\u00e1ny\u0151rz\u00e9sen t\u00fali szocializ\u00e1ci\u00f3s funkci\u00f3k gyeng\u00e9bben m\u0171k\u00f6dnek a t\u00e9rs\u00e9gben interj\u00faalanyaink v\u00e9lem\u00e9nye szerint.<\/p>\n<p>Az erd\u00e9lyi interj\u00faalanyok a gazdas\u00e1gi boldogul\u00e1s funkci\u00f3j\u00e1t az egyik legkev\u00e9sb\u00e9 m\u0171k\u00f6d\u0151nek jel\u00f6lt\u00e9k meg. B\u00e1r a t\u00e9rs\u00e9g k\u00f6zpontj\u00e1nak sz\u00e1m\u00edt\u00f3 kisv\u00e1rosban egyre magasabbak az ingatlan\u00e1rak, a fizet\u00e9sek a k\u00f6rnyez\u0151 t\u00e9rs\u00e9gekhez k\u00e9pest alacsonynak sz\u00e1m\u00edtanak. A f\u00f3kuszcsoport r\u00e9sztvev\u0151i tov\u00e1bb\u00e1 megegyeztek abban, hogy ugyan folyamatos pr\u00f3b\u00e1lkoz\u00e1sok vannak a <strong>helyi term\u00e9kek fejleszt\u00e9s\u00e9re, n\u00e9pszer\u0171s\u00edt\u00e9s\u00e9re<\/strong>, a helyiek kev\u00e9ss\u00e9 nyitottak a helyi term\u00e9kek v\u00e1s\u00e1rl\u00e1s\u00e1ra. Int\u00e9zm\u00e9nyi szinten tapasztalnak csak \u00e9szlelhet\u0151 elmozdul\u00e1st ez ir\u00e1nyba: \u201e<em>Mi mint int\u00e9zm\u00e9ny megoldottuk, hogy (\u2026) helyi v\u00e1llalkoz\u00f3t\u00f3l v\u00e1s\u00e1rolunk, \u00e9s m\u00e9g sok ilyen v\u00e1llalat van [a t\u00e9rs\u00e9gben], \u00fagyhogy v\u00e1llalati szinten ez m\u0171k\u00f6dik, de egy\u00e9ni szinten nem igaz\u00e1n<\/em>\u201d. <strong>Int\u00e9zm\u00e9nyi szinten teh\u00e1t m\u00e1r tudatosulni l\u00e1tszik, hogy a helyi gazdas\u00e1gi boldogul\u00e1st a <\/strong>helyi term\u00e9kek el\u0151t\u00e9rbe helyez\u00e9s\u00e9vel lehetne fellend\u00edteni. A t\u00e9rs\u00e9g m\u00faltj\u00e1ra vezetik vissza, hogy a gazdas\u00e1gi boldogul\u00e1s ter\u00e9n val\u00f3 szorosabb egy\u00fcttm\u0171k\u00f6d\u00e9sek, partners\u00e9gek nem jellemzik a c\u00e9lter\u00fcletet: \u201e<em>Nem hisz\u00fcnk ebben, a r\u00e9gi rendszerben valahogy kiszakadtunk \u00e9s mindenki elkezdett mag\u00e1nak termelni, dolgozni\u201d<\/em>. N<strong>agyon neh\u00e9z a k\u00f6z\u00f6ss\u00e9gi alap\u00fa gazdas\u00e1gszervez\u00e9si folyamatok ir\u00e1nt elk\u00f6telezni a helyieket<\/strong>, annak pozit\u00edvumaira felh\u00edvni a figyelmet: \u201e<em>Hogy k\u00f6z\u00f6sen termelj\u00fcnk, hogy k\u00f6z\u00f6sen adjunk el, hogy k\u00f6z\u00f6sen munk\u00e1ljuk meg, (\u2026) nem m\u0171k\u00f6dik<\/em>\u201d. N\u00e9h\u00e1ny ilyen ir\u00e1ny\u00fa pozit\u00edv kezdem\u00e9nyez\u00e9st az\u00e9rt p\u00e9ldak\u00e9nt bemutatnak, amelyeket gyakran, v\u00e9lem\u00e9ny\u00fck szerint, a k\u00e9nyszerhelyzet id\u00e9z el\u0151. A t\u00e9rs\u00e9gben m\u0171k\u00f6d\u0151 sz\u00f6vetkezetek eset\u00e9ben is alapvet\u0151en k\u00e9nyszerhelyzet eredm\u00e9nyezte, hogy ezt a t\u00edpus\u00fa szervezeti form\u00e1t v\u00e1lasztott\u00e1k. A k\u00f6zbirtokoss\u00e1gok<a href=\"#_ftn4\" name=\"_ftnref4\"><sup>[4]<\/sup><\/a> \u00e9s a k\u00f6rnyez\u0151 gazd\u00e1k k\u00f6z\u00f6tti egy\u00fcttm\u0171k\u00f6d\u00e9sek is \u00e9ppen ebb\u0151l a k\u00e9nyszerhelyzetb\u0151l kezdtek \u00e9ledezni, fejl\u0151dni, amelynek eredm\u00e9nyek\u00e9nt az ut\u00f3bbi id\u0151ben a k\u00f6zbirtokoss\u00e1gok kedvez\u0151bb kamattal ny\u00fajtanak hitelt a kisebb gazd\u00e1knak: <em>\u201eAz ut\u00f3bbi egy-k\u00e9t \u00e9vben m\u00e1r a k\u00f6zbirtokoss\u00e1gok hajland\u00f3ak megfinansz\u00edrozni a hitelt, k\u00e9t-h\u00e1rom %-os kamattal, persze \u0151k is j\u00f3l j\u00e1rnak\u2026\u201d. <\/em>Azonban a k\u00e9nyszerhelyzet sz\u00fclte egy\u00fcttm\u0171k\u00f6d\u00e9sek is er\u0151s\u00edtik a helyi k\u00f6z\u00f6ss\u00e9gek gazdas\u00e1gi funkci\u00f3j\u00e1t az\u00e1ltal, hogy a k\u00f6lcs\u00f6n\u00f6s, lokalit\u00e1s alap\u00fa felel\u0151ss\u00e9gv\u00e1llal\u00e1st er\u0151s\u00edtik.<\/p>\n<p>A magyarorsz\u00e1gi c\u00e9lter\u00fcleten a f\u00f3kuszcsoportos interj\u00fa kezdetekor megegyeztek abban a besz\u00e9lget\u00e9s r\u00e9sztvev\u0151i, hogy <strong>a t\u00e9rs\u00e9g gazdas\u00e1gi fellend\u00fcl\u00e9s\u00e9nek egyik legfontosabb h\u00e1tr\u00e1ltat\u00f3 t\u00e9nyez\u0151je az ig\u00e9nytelens\u00e9g<\/strong>. \u00c9rtelmez\u00e9s\u00e9t t\u00f6bb szempontb\u00f3l, komplexen szeml\u00e9ltett\u00e9k, amely az infrastrukt\u00far\u00e1t \u00e9rint\u0151 (\u00e9p\u00edtett t\u0151ke) ig\u00e9nytelens\u00e9g\u00e9rtelmez\u00e9sen \u00e1t a v\u00e1llalkoz\u00e1sokban, illetve m\u00e1s gazdas\u00e1gi szerepl\u0151k m\u0171k\u00f6d\u00e9s\u00e9nek jellemz\u0151jek\u00e9nt is megjelenik. V\u00e9lem\u00e9ny\u00fck szerint, amikor a gazdas\u00e1gban megjelenik az ig\u00e9nytelens\u00e9g, a k\u00e9s\u0151bbi egy\u00fcttm\u0171k\u00f6d\u00e9st teljesen ellehetetlen\u00edti. Amilyen rombol\u00f3 hat\u00e1st tud ez gyakorolni a t\u00e9rs\u00e9gre, \u00e9pp\u00fagy motiv\u00e1l\u00f3, \u00f6szt\u00f6nz\u0151 er\u0151k\u00e9nt is hathat, amennyiben megjelenik az ig\u00e9nyess\u00e9g ir\u00e1nti bels\u0151 elt\u00f6k\u00e9lts\u00e9g.\u00a0 Interj\u00faalanyaink teh\u00e1t az ig\u00e9nyess\u00e9get, mint egyik f\u0151 fejleszt\u00e9si lehet\u0151s\u00e9get hat\u00e1rozt\u00e1k meg. \u00dagy v\u00e9lik p\u00e9ld\u00e1ul, hogy az idegenforgalom fellend\u00fcl\u00e9s\u00e9nek felt\u00e9tele, hogy a t\u00e9rs\u00e9g ig\u00e9nyesebb\u00e9 v\u00e1ljon, mind a szolg\u00e1ltat\u00e1sok, mind pedig az infrastrukt\u00fara vonatkoz\u00e1s\u00e1ban. Az ig\u00e9nyess\u00e9gre sz\u00fcks\u00e9g lenne a <strong>vez\u00e9rterm\u00e9kek fejleszt\u00e9s\u00e9ben<\/strong> is, amelyeket, interj\u00faalanyaink v\u00e9lem\u00e9nye szerint, m\u00e9g nem haszn\u00e1l ki megfelel\u0151en a t\u00e9rs\u00e9g. A gazdas\u00e1gi fellend\u00fcl\u00e9s ellehetetlen\u00edt\u0151 t\u00e9nyez\u0151jek\u00e9nt tartj\u00e1k sz\u00e1mon a f\u00f6ldm\u0171vel\u00e9st, illetve a f\u00f6ldv\u00e1s\u00e1rl\u00e1st \u00e9rint\u0151 <strong>jogszab\u00e1lyi k\u00f6rnyezetet<\/strong>. A t\u00e9rs\u00e9gi egy\u00fcttm\u0171k\u00f6d\u00e9st, a k\u00f6z\u00f6s er\u0151vel kialak\u00edtott j\u00f6v\u0151tervet nagyon fontos c\u00e9lk\u00e9nt hat\u00e1rozt\u00e1k meg a jelenlev\u0151k. B\u00e1r megeml\u00edtettek n\u00e9h\u00e1ny, a <strong>telep\u00fcl\u00e9sek gazdas\u00e1gi szint\u0171 \u00f6sszefog\u00e1s<\/strong>\u00e1t \u00e9rint\u0151 j\u00f3 p\u00e9ld\u00e1t, m\u00e9gis ezt mint fejlesztend\u0151 ter\u00fcletet jel\u00f6lt\u00e9k meg. M\u00e1sik kiemelt ter\u00fcletk\u00e9nt tartj\u00e1k sz\u00e1mon a <strong>j\u00f6v\u0151 gener\u00e1ci\u00f3<\/strong>ba fektetett energi\u00e1t.<\/p>\n<p><strong>M\u00e1sodik kutat\u00e1si szakasz<\/strong><\/p>\n<p><strong>A magyarorsz\u00e1gi eredm\u00e9nyek els\u0151sorban k\u00f6telez\u0151 jelleg\u0171 vagy int\u00e9zm\u00e9nyi strukt\u00far\u00e1b\u00f3l ad\u00f3d\u00f3, hasonl\u00f3 profil\u00fa egy\u00fcttm\u0171k\u00f6d\u00e9si form\u00e1r\u00f3l sz\u00e1molnak be<\/strong> (kiv\u00e9telt k\u00e9pez n\u00e9h\u00e1ny esetben a k\u00f6zm\u0171vel\u0151d\u00e9si sz\u00ednt\u00e9rrel fenntartott k\u00f6z\u00f6s tev\u00e9kenys\u00e9g), addig <strong>Erd\u00e9lyben sokkal nagyobb nyit\u00e1s tapasztalhat\u00f3 az inform\u00e1lis, lok\u00e1lis k\u00f6z\u00f6ss\u00e9gi csoportok fel\u00e9<\/strong>. Mindk\u00e9t ter\u00fcleten legink\u00e1bb a k\u00f6lcs\u00f6n\u00f6s inform\u00e1ci\u00f3ny\u00fajt\u00e1s hat\u00e1rozza meg az egy\u00fcttm\u0171k\u00f6d\u00e9sek tartalm\u00e1t, amely mellett eleny\u00e9sz\u0151 m\u00e9rt\u00e9kben sz\u00e1moltak be a megk\u00e9rdezettek a szorosabb kapcsolatot ig\u00e9nyl\u0151 k\u00f6z\u00f6s tev\u00e9kenys\u00e9gr\u0151l vagy megosztott er\u0151forr\u00e1sra \u00e9p\u00fcl\u0151 egy\u00fcttm\u0171k\u00f6d\u00e9sekr\u0151l.<\/p>\n<p>Ezt igazolta a magyarorsz\u00e1gi k\u00e9r\u0151\u00edves felm\u00e9r\u00e9s is, amelyben kimutathat\u00f3, hogy az adatfelv\u00e9tel id\u0151pontj\u00e1ban, a bevont harminc\u00f6t szoci\u00e1lis szolg\u00e1ltat\u00e1s k\u00f6z\u00fcl a k\u00f6lcs\u00f6n\u00f6s inform\u00e1ci\u00f3ny\u00fajt\u00e1st jel\u00f6lt\u00e9k meg, mint a j\u00e1r\u00e1sban, egym\u00e1s k\u00f6z\u00f6tt legink\u00e1bb jellemz\u0151 egy\u00fcttm\u0171k\u00f6d\u00e9si form\u00e1t. K\u00f6zel feleakkora s\u0171r\u0171s\u00e9get mutat a k\u00f6z\u00f6s tev\u00e9kenys\u00e9gek ment\u00e9n l\u00e9trej\u00f6tt egy\u00fcttm\u0171k\u00f6d\u00e9s, m\u00edg eleny\u00e9sz\u0151, mind\u00f6ssze k\u00e9t sz\u00e1zal\u00e9kban (2%) utaltak a szolg\u00e1ltat\u00e1sok megosztott er\u0151forr\u00e1son alapul\u00f3 kapcsolatokra. Ez j\u00f3l t\u00fckr\u00f6zi, hogy egy\u00fcttm\u0171k\u00f6d\u00e9snek legt\u00f6bbsz\u00f6r az inform\u00e1ci\u00f3\u00e1raml\u00e1st tekintik a partnerek. A vizsg\u00e1lt kapcsolath\u00e1l\u00f3zatban kirajzol\u00f3dott egy bizonyos k\u00f6zponti mag, amelynek k\u00f6zponti jellege abb\u00f3l ad\u00f3dik, hogy nagyon szoros, k\u00f6lcs\u00f6n\u00f6s egy\u00fcttm\u0171k\u00f6d\u00e9st igazoltak vissza egym\u00e1s k\u00f6z\u00f6tt, illetve sok sz\u00e1lon k\u00f6t\u0151dnek hozz\u00e1juk m\u00e1s szoci\u00e1lis szolg\u00e1ltat\u00e1sok a t\u00e9rs\u00e9gben. A k\u00f6zponti magban szerepl\u0151 szolg\u00e1ltat\u00e1sok a k\u00f6vetkez\u0151k: csal\u00e1d- \u00e9s gyermekj\u00f3l\u00e9ti k\u00f6zpont, valamint k\u00e9t csal\u00e1d- \u00e9s gyermekj\u00f3l\u00e9ti szolg\u00e1lat, k\u00e9t Biztos Kezdet Gyerekh\u00e1z, k\u00e9t Jelenl\u00e9t Pont, egy falugondnoki szolg\u00e1lat \u00e9s egy minib\u00f6lcs\u0151dei szolg\u00e1ltat\u00e1s. A k\u00f6zponti magban is, illetve k\u00f6lcs\u00f6n\u00f6s egy\u00fcttm\u0171k\u00f6d\u00e9sek tekintet\u00e9ben is jelent\u0151s partners\u00e9g mutathat\u00f3 ki a Biztos Kezdet Gyerekh\u00e1zakhoz kapcsol\u00f3d\u00f3an, amely nem csup\u00e1n m\u00e1s szolg\u00e1ltat\u00e1st\u00edpusok eset\u00e9ben val\u00f3sul meg, hanem a gyerekh\u00e1zak egym\u00e1s k\u00f6z\u00f6tti egy\u00fcttm\u0171k\u00f6d\u00e9sei is magas ar\u00e1nyt mutatnak a j\u00e1r\u00e1sban, \u00edgy a szakmai egy\u00fcttm\u0171k\u00f6d\u00e9sek kataliz\u00e1toraik\u00e9nt jelennek meg. Fontosnak tartjuk kiemelni, hogy el\u00e9g sok szolg\u00e1ltat\u00e1st\u00edpus izol\u00e1lt poz\u00edci\u00f3ja t\u00fckr\u00f6z\u0151dik a kapcsolath\u00e1l\u00f3zatban. Ezek vagy gyeng\u00e9n kapcsol\u00f3dnak a bevont szolg\u00e1ltat\u00e1sokhoz, vagy egy\u00e1ltal\u00e1n nem rendelkeznek egy\u00fcttm\u0171k\u00f6d\u00e9sre \u00e9p\u00fcl\u0151 kapcsolatokkal ezekkel a szolg\u00e1ltat\u00e1sokkal. Azonban mindez nem jelenti azt, hogy m\u00e1s ter\u00fcleten nincsenek kapcsolataik, egy\u00fcttm\u0171k\u00f6d\u0151 partnereik, csup\u00e1n e harminc\u00f6t szervezet k\u00f6z\u00f6tt rajzol\u00f3dott ki k\u00edv\u00fcl\u00e1ll\u00f3s\u00e1guk. Gyakran ker\u00fcltek ilyen poz\u00edci\u00f3ba a pszichi\u00e1triai \u00e9s szenved\u00e9lybetegekkel foglalkoz\u00f3 szervezetek, egyes falugondnoki szolg\u00e1ltat\u00e1sok, illetve szoci\u00e1lis \u00e9tkeztet\u00e9st megval\u00f3s\u00edt\u00f3 szolg\u00e1ltat\u00e1sok. Jelen kutat\u00e1si eredm\u00e9nyek azt t\u00fckr\u00f6zik, hogy a t\u00e9rs\u00e9gben a szoci\u00e1lis szolg\u00e1ltat\u00e1sok k\u00f6z\u00f6tti egy\u00fcttm\u0171k\u00f6d\u00e9sek vonatkoz\u00e1s\u00e1ban a h\u00faz\u00f3er\u0151t a csal\u00e1d- \u00e9s gyermekj\u00f3l\u00e9ti szolg\u00e1lat \u00e9s k\u00f6zpont, valamint egyes Biztos Kezdet Gyerekh\u00e1zak er\u0151s\u00edtik a legjelent\u0151sebben. \u00c1ltal\u00e1noss\u00e1gban elmondhat\u00f3, hogy a j\u00e1r\u00e1sban f\u0151k\u00e9nt az inform\u00e1ci\u00f3 \u00e9s szak\u00e9rtelem megoszt\u00e1s\u00e1t \u00e9rtik egy\u00fcttm\u0171k\u00f6d\u00e9s alatt, mely kapcsolatokra jellemz\u0151, hogy az egy\u00fcttm\u0171k\u00f6d\u00e9sben r\u00e9szt vev\u0151k alapvet\u0151en laz\u00e1n kapcsol\u00f3dnak egym\u00e1shoz, egym\u00e1st\u00f3l f\u00fcggetlen\u00fcl v\u00e9gzik a munk\u00e1jukat, azonban elk\u00f6telezettek az egym\u00e1st\u00f3l val\u00f3 tanul\u00e1s (ld. nyitotts\u00e1g) ir\u00e1nt. A koordinat\u00edv jelleg\u0171 egy\u00fcttm\u0171k\u00f6d\u00e9s bizonyos jelz\u0151rendszeri munk\u00e1ban mutathat\u00f3 ki, amelyn\u00e9l \u00e9rezhet\u0151 az egym\u00e1st\u00f3l val\u00f3 k\u00f6lcs\u00f6n\u00f6s f\u00fcgg\u00e9s fokozottabb megjelen\u00e9se.<\/p>\n<p>Erd\u00e9lyben, a k\u00f6zszolg\u00e1ltat\u00e1sok vizsg\u00e1lata sor\u00e1n, a kutat\u00e1sba bevont v\u00e1laszad\u00f3k k\u00f6zel hetven sz\u00e1zal\u00e9ka (70%-a) egy\u00e9b civil partner, amely szervezetek ak\u00e1r form\u00e1lis, ak\u00e1r inform\u00e1lis m\u00f3don, de \u00e1ltal\u00e1noss\u00e1gban az al\u00e1bbi tev\u00e9kenys\u00e9geket jel\u00f6lt\u00e9k meg: roma integr\u00e1ci\u00f3, interetnikus kapcsolatok t\u00e1mogat\u00e1sa, gyermekotthonban \u00e9l\u0151 gyermekek t\u00e1mogat\u00e1sa, h\u00e1tr\u00e1nyos helyzet\u0171 gyermekek felz\u00e1rk\u00f3ztat\u00e1sa, sz\u00fcl\u0151i egy\u00fcttm\u0171k\u00f6d\u00e9sek, ifj\u00fas\u00e1gi klub, n\u00e9pi gy\u00f3gy\u00e1szat, k\u00f6rnyezetv\u00e9delem, kultur\u00e1lis tev\u00e9kenys\u00e9gek (pl. n\u00e9pt\u00e1nc, n\u00e9pdalk\u00f6r), k\u00f6z\u00f6ss\u00e9gi t\u00e9r \u00fczemeltet\u00e9se. A k\u00e9rd\u0151\u00edvek kit\u00f6lt\u0151i k\u00f6z\u00f6tt szerepelt m\u00e9g szoci\u00e1lis szolg\u00e1ltat\u00e1st ny\u00fajt\u00f3 szervezet (id\u0151sgondoz\u00e1s, gyermekv\u00e9delem, csal\u00e1dseg\u00edt\u00e9s), valamint eg\u00e9szs\u00e9g\u00fcgyi szolg\u00e1ltat\u00e1s (v\u00e9d\u0151n\u0151i-\u00e1pol\u00f3i szolg\u00e1ltat\u00e1s, eg\u00e9szs\u00e9g\u00fcgyi medi\u00e1tor), \u00e9s a k\u00f6zm\u0171vel\u0151d\u00e9s ter\u00e9n a m\u0171vel\u0151d\u00e9si h\u00e1zhoz k\u00f6t\u0151d\u0151 szolg\u00e1ltat\u00e1sokon t\u00fal m\u00fazeumi szolg\u00e1ltat\u00e1s. A k\u00f6zszolg\u00e1ltat\u00e1sok \u00e1ltal fenntartott egy\u00fcttm\u0171k\u00f6d\u00e9sek jellemz\u0151je, hogy mennyire diverz az adott szolg\u00e1ltat\u00e1s kapcsolath\u00e1l\u00f3zata, mennyire val\u00f3sul meg az interszektor\u00e1lis egy\u00fcttm\u0171k\u00f6d\u00e9s. Ennek kapcs\u00e1n meg\u00e1llap\u00edthat\u00f3, hogy \u00e1tlagosan a megk\u00e9rdezettek legal\u00e1bb k\u00e9tfajta kapcsolati kateg\u00f3ri\u00e1t jel\u00f6ltek meg. A legt\u00f6bb egy\u00fcttm\u0171k\u00f6d\u00e9si viszonyt egy\u00e9b civil szervezettel, illetve egy\u00e9b egyh\u00e1zi szervezettel val\u00f3s\u00edtj\u00e1k meg, m\u00edg ezekhez nagyon k\u00f6zeli \u00e9rt\u00e9ket mutatnak a k\u00f6zoktat\u00e1si int\u00e9zm\u00e9nyekkel, a k\u00f6zm\u0171vel\u0151d\u00e9si int\u00e9zm\u00e9nyekkel fenntartott egy\u00fcttm\u0171k\u00f6d\u00e9sek. A szoci\u00e1lis szolg\u00e1ltat\u00e1sokkal sokkal kisebb, k\u00f6r\u00fclbel\u00fcl fele ar\u00e1nyban tartanak fent egy\u00fcttm\u0171k\u00f6d\u00e9seket, m\u00edg az eg\u00e9szs\u00e9g\u00fcgyi szolg\u00e1ltat\u00e1sokkal kialak\u00edtott partners\u00e9gek minim\u00e1lis szinten vannak jelen az erd\u00e9lyi c\u00e9lter\u00fcleten vizsg\u00e1lt szolg\u00e1ltat\u00e1sok k\u00f6z\u00f6tt.<\/p>\n<p>Mindk\u00e9t orsz\u00e1g eset\u00e9ben legt\u00f6bb esetben k\u00f6telez\u0151 jelleggel \u00e9s f\u0151k\u00e9nt hasonl\u00f3 profil\u00fa szervezetekkel tartanak fent egy\u00fcttm\u0171k\u00f6d\u00e9seket. Mind a magyarorsz\u00e1gi, mind az erd\u00e9lyi c\u00e9lter\u00fcleten a csal\u00e1di \u00e9s gyermekj\u00f3l\u00e9ti szolg\u00e1ltat\u00e1sokat m\u0171k\u00f6dtet\u0151 int\u00e9zm\u00e9nyek egy\u00fcttm\u0171k\u00f6d\u00e9sei f\u0151k\u00e9nt a jelz\u0151rendszer k\u00f6r\u00e9 szervez\u0151dtek (m\u00e9g ha a szolg\u00e1ltat\u00e1si strukt\u00fara minden orsz\u00e1gban egyedi saj\u00e1toss\u00e1got mutat is), s a hasonl\u00f3 profil\u00fa egy\u00fcttm\u0171k\u00f6d\u00e9sek vannak t\u00fals\u00falyban. Az elt\u00e9r\u0151 profil\u00fa tev\u00e9kenys\u00e9gek mindk\u00e9t c\u00e9lter\u00fcleten ritk\u00e1n jelennek meg e szolg\u00e1ltat\u00e1st\u00edpus eset\u00e9ben. M\u00edg az erd\u00e9lyi szolg\u00e1ltat\u00e1sok eset\u00e9ben f\u0151k\u00e9nt k\u00f6zm\u0171vel\u0151d\u00e9si sz\u00ednt\u00e9rrel, illetve k\u00f6nyvt\u00e1rral fenntartott egy\u00fcttm\u0171k\u00f6d\u00e9sekr\u0151l sz\u00e1moltak be a megk\u00e9rdezettek, addig a magyarorsz\u00e1gi ter\u00fcleten b\u00e1r n\u00e9h\u00e1ny esetben megeml\u00edtett\u00e9k a k\u00f6zm\u0171vel\u0151d\u00e9si sz\u00edntereket, t\u00f6bben a falugondnoki szolg\u00e1latot nevezt\u00e9k meg elt\u00e9r\u0151 profil\u00fa egy\u00fcttm\u0171k\u00f6d\u00e9sk\u00e9nt. A f\u0151 k\u00fcl\u00f6nbs\u00e9get a k\u00f6telez\u0151s\u00e9g adja, ugyanis m\u00edg a magyarorsz\u00e1gi eredm\u00e9nyek els\u0151sorban k\u00f6telez\u0151 jelleg\u0171 vagy int\u00e9zm\u00e9nyi strukt\u00far\u00e1b\u00f3l ad\u00f3d\u00f3, hasonl\u00f3 profil\u00fa egy\u00fcttm\u0171k\u00f6d\u00e9si form\u00e1r\u00f3l sz\u00e1molnak be (kiv\u00e9telt k\u00e9pez n\u00e9h\u00e1ny esetben a k\u00f6zm\u0171vel\u0151d\u00e9si sz\u00ednt\u00e9rrel fenntartott k\u00f6z\u00f6s tev\u00e9kenys\u00e9g), addig Erd\u00e9lyben sokkal nagyobb nyit\u00e1s tapasztalhat\u00f3 az inform\u00e1lis csoportok fel\u00e9. Mindk\u00e9t ter\u00fcleten legink\u00e1bb a k\u00f6lcs\u00f6n\u00f6s inform\u00e1ci\u00f3ny\u00fajt\u00e1s hat\u00e1rozza meg az egy\u00fcttm\u0171k\u00f6d\u00e9sek tartalm\u00e1t, amely mellett eleny\u00e9sz\u0151 m\u00e9rt\u00e9kben sz\u00e1moltak be a megk\u00e9rdezettek a szorosabb kapcsolatot ig\u00e9nyl\u0151 k\u00f6z\u00f6s tev\u00e9kenys\u00e9gr\u0151l vagy megosztott er\u0151forr\u00e1sra \u00e9p\u00fcl\u0151 egy\u00fcttm\u0171k\u00f6d\u00e9sekr\u0151l.<\/p>\n<p><strong><img loading=\"lazy\" decoding=\"async\" class=\" wp-image-5516 aligncenter\" src=\"https:\/\/kofe.hu\/parola\/wp-content\/uploads\/2020\/09\/2020-1-Lucia-2-300x199.jpg\" alt=\"\" width=\"699\" height=\"464\" srcset=\"https:\/\/kofe.hu\/parola\/wp-content\/uploads\/2020\/09\/2020-1-Lucia-2-300x199.jpg 300w, https:\/\/kofe.hu\/parola\/wp-content\/uploads\/2020\/09\/2020-1-Lucia-2-768x510.jpg 768w, https:\/\/kofe.hu\/parola\/wp-content\/uploads\/2020\/09\/2020-1-Lucia-2-1024x680.jpg 1024w, https:\/\/kofe.hu\/parola\/wp-content\/uploads\/2020\/09\/2020-1-Lucia-2-10x7.jpg 10w, https:\/\/kofe.hu\/parola\/wp-content\/uploads\/2020\/09\/2020-1-Lucia-2.jpg 1280w\" sizes=\"auto, (max-width: 699px) 100vw, 699px\" \/>KONKL\u00daZI\u00d3<\/strong><\/p>\n<p>A <strong>mikrot\u00e9rs\u00e9gi szint\u0171 komplex, k\u00f6z\u00f6ss\u00e9gi alap\u00fa fejleszt\u00e9sek<\/strong> els\u0151 f\u00e1zisak\u00e9nt, egyfajta kiindul\u00e1sk\u00e9nt alkalmaztuk a helyi k\u00f6z\u00f6ss\u00e9ghez rendelt funkci\u00f3k helyi lakosok, szakemberek \u00e1ltali \u00e9rtelmez\u00e9s\u00e9t, amelynek m\u00e1sodik kutat\u00e1si f\u00e1zisa a j\u00e1r\u00e1sban m\u0171k\u00f6d\u0151 k\u00f6zszolg\u00e1ltat\u00e1sok h\u00e1l\u00f3zatelemz\u00e9s\u00e9re, valamint a szakemberek k\u00f6z\u00f6tti egy\u00fcttm\u0171k\u00f6d\u00e9s term\u00e9szet\u00e9nek meg\u00e9rt\u00e9s\u00e9re ir\u00e1nyult. Mindez azonban, \u00fagy v\u00e9lj\u00fck, kev\u00e9sb\u00e9 lenne \u00e9rtelmezhet\u0151 a k\u00f6z\u00f6ss\u00e9gi funkci\u00f3k \u00e1llapot\u00e1nak elemz\u00e9se n\u00e9lk\u00fcl, amelyet egy kulcsfontoss\u00e1g\u00fa elm\u00e9leti keretrendszernek tekint\u00fcnk a k\u00f6z\u00f6ss\u00e9gi alap\u00fa fejleszt\u00e9sek tervez\u00e9se sor\u00e1n.<\/p>\n<p>M\u00edg a magyar c\u00e9lter\u00fcleten a k\u00f6lcs\u00f6n\u00f6s egy\u00fcttm\u0171k\u00f6d\u00e9s, szolidarit\u00e1s funkci\u00f3j\u00e1t emelt\u00e9k ki interj\u00faalanyaink mint f\u0151 beavatkoz\u00e1si ter\u00fcletet, addig az erd\u00e9lyi c\u00e9lter\u00fcleten a gazdas\u00e1gi boldogul\u00e1s funkci\u00f3j\u00e1t l\u00e1tj\u00e1k a legfontosabbnak, amely ha gyenge, k\u00f6zvetlen\u00fcl kihat a t\u00f6bbi ter\u00fcletre is. Alapjaiban v\u00e9ve minden funkci\u00f3t gyeng\u00e9nek, diszfunkcion\u00e1lisnak \u00edt\u00e9ltek mindk\u00e9t c\u00e9lter\u00fcleten, m\u00e9gis, ezen funkci\u00f3kat azonos\u00edtani tudt\u00e1k a k\u00f6z\u00f6ss\u00e9gek m\u0171k\u00f6d\u00e9s\u00e9ben, \u00edgy igazolt\u00e1k l\u00e9tjogosults\u00e1gukat is. B\u00e1r a gazdas\u00e1gi boldogul\u00e1st mindk\u00e9t j\u00e1r\u00e1sban a leggyeng\u00e9bb funkci\u00f3nak tartj\u00e1k, azonban a magyar c\u00e9lter\u00fcleten a legfontosabb, t\u00f6bbi funkci\u00f3ra kihat\u00f3 \u00e9s egyben leggyeng\u00e9bb funkci\u00f3nak m\u00e9gis a szocializ\u00e1ci\u00f3t v\u00e1lasztott\u00e1k, amely, interj\u00faalanyaink szerint az ut\u00f3bbi id\u0151szakban a legrohamosabban romlott \u00e9s a legt\u00f6bbet s\u00e9r\u00fclt. \u00c9rdekes \u00f6sszehasonl\u00edt\u00e1si alap, hogy ezzel szemben az erd\u00e9lyi f\u00f3kuszcsoportos vizsg\u00e1lat sor\u00e1n a szocializ\u00e1ci\u00f3t a leger\u0151sebb funkci\u00f3nak tartj\u00e1k, amelyet eredend\u0151en a t\u00e9rs\u00e9gben mind a mai napig a hagyom\u00e1ny\u0151rz\u00e9s t\u00e1pl\u00e1l. A k\u00f6lcs\u00f6n\u00f6s t\u00e1mogat\u00e1st, szolidarit\u00e1st mindk\u00e9t c\u00e9lter\u00fcleten az er\u0151sebb funkci\u00f3k k\u00f6z\u00e9 sorolt\u00e1k, azonban a magyarorsz\u00e1gi kutat\u00e1s sor\u00e1n ezt emelt\u00e9k ki a helyi k\u00f6z\u00f6ss\u00e9gek er\u0151ss\u00e9gek\u00e9nt, az \u00f6t funkci\u00f3 k\u00f6z\u00fcl a legink\u00e1bb m\u0171k\u00f6d\u0151k\u00e9pesnek jellemezt\u00e9k. Ennek m\u0171k\u00f6d\u00e9se, dinamik\u00e1ja sok azonoss\u00e1got mutat mindk\u00e9t c\u00e9lter\u00fcleten, ugyanis eseti jellege \u00e9s adott esem\u00e9nyekhez k\u00f6t\u0151d\u0151 m\u0171k\u00f6d\u00e9sm\u00f3dja mindk\u00e9t helyen egyar\u00e1nt megmutatkozott.<\/p>\n<p>A k\u00f6z\u00f6ss\u00e9gek \u00e1llapot\u00e1nak vizsg\u00e1lata teh\u00e1t egyfajta t\u00e1gabb kontextust adott az egy\u00fcttm\u0171k\u00f6d\u00e9sek term\u00e9szet\u00e9nek m\u00e9lyebb meg\u00e9rt\u00e9s\u00e9nek. A k\u00f6lcs\u00f6n\u00f6s t\u00e1mogat\u00e1s, szolidarit\u00e1s funkci\u00f3j\u00e1nak hangs\u00falyos megjelen\u00e9se az egy\u00fcttm\u0171k\u00f6d\u00e9sek vizsg\u00e1lat\u00e1nak h\u00e1tter\u00e9t szolg\u00e1ltatja. Ugyanis a szoci\u00e1lis, eg\u00e9szs\u00e9g\u00fcgyi \u00e9s k\u00f6zm\u0171vel\u0151d\u00e9si szolg\u00e1ltat\u00e1sok jelenleg e funkci\u00f3t tartj\u00e1k \u00e9letben. A k\u00f6z\u00f6tt\u00fck megl\u00e9v\u0151 egy\u00fcttm\u0171k\u00f6d\u00e9sek jellemz\u00e9se pedig a k\u00e9s\u0151bbi fejleszt\u00e9sek alapj\u00e1t adja, hiszen a m\u00e1r kirajzol\u00f3d\u00f3 egy\u00fcttm\u0171k\u00f6d\u00e9sekre \u00e9p\u00edtve lehet a h\u00e1l\u00f3zati egy\u00fcttm\u0171k\u00f6d\u00e9seket tov\u00e1bb er\u0151s\u00edteni.<\/p>\n<p>\u00d6sszefoglal\u00f3an elmondhat\u00f3, hogy mindk\u00e9t c\u00e9lter\u00fcleten a legt\u00f6bb szolg\u00e1ltat\u00e1s eset\u00e9ben a k\u00f6lcs\u00f6n\u00f6s inform\u00e1ci\u00f3ny\u00fajt\u00e1sra \u00e9p\u00fcl\u0151 egy\u00fcttm\u0171k\u00f6d\u00e9sek a legjellemz\u0151bbek, azon bel\u00fcl is f\u0151k\u00e9nt a hasonl\u00f3 c\u00e9lcsoporttal vagy tev\u00e9kenys\u00e9gi k\u00f6rrel megval\u00f3sul\u00f3 inform\u00e1ci\u00f3ny\u00fajt\u00e1s a leger\u0151sebb. A szorosabb egy\u00fcttm\u0171k\u00f6d\u00e9st ig\u00e9nyl\u0151 k\u00f6z\u00f6s tev\u00e9kenys\u00e9gek ritk\u00e1bban, a megosztott er\u0151forr\u00e1sra utal\u00f3 kapcsolatok m\u00e9g enn\u00e9l is sokkal eleny\u00e9sz\u0151bben vannak jelen a megk\u00e9rdezettek besz\u00e1mol\u00f3ja szerint. Ez utal arra, hogy az id\u0151ig\u00e9nyesebb, koordin\u00e1ci\u00f3t ig\u00e9nyl\u0151 egy\u00fcttm\u0171k\u00f6d\u00e9sek csak eseti jelleggel, illetve szakemberek szintj\u00e9n vannak jelen a vizsg\u00e1lt t\u00e9rs\u00e9gekben, s nem v\u00e1lnak az int\u00e9zm\u00e9nyi m\u0171k\u00f6d\u00e9sek alapj\u00e1v\u00e1. Mindez meger\u0151s\u00edti egy komplex, a k\u00f6z\u00f6ss\u00e9gi alap\u00fa szolg\u00e1ltat\u00e1sfejleszt\u00e9s l\u00e9tjogosults\u00e1g\u00e1t.<\/p>\n<p>&nbsp;<\/p>\n<p><strong>IRODALOMJEGYZ\u00c9K<\/strong><\/p>\n<p>Bergold J. \u2013 Thomas, S. (2012): <em>Participatory Research Methods: A Methodological Approach in Motion.<\/em> FQS. Forum: qualitative social research. Volume 13, No. 1.<\/p>\n<p>Budai, I. (2009): <em>Az interprofesszion\u00e1lis egy\u00fcttm\u0171k\u00f6d\u00e9s \u00e9s a szoci\u00e1lis munka.<\/em> Es\u00e9ly 5. sz.<\/p>\n<p>Budai I. \u2013 Puli, E. (2015): <em>Egy\u00fcttm\u0171k\u00f6d\u00e9s a szoci\u00e1lis szolg\u00e1ltat\u00e1sokban.<\/em> Es\u00e9ly 1. sz.<\/p>\n<p>Caine, V. \u2013 Mill, J. (2016): <em>Essentials of Community-based Research.<\/em> New York, Routledge.<\/p>\n<p>Csurg\u00f3 B. \u2013 L\u00e9gm\u00e1n A. (2015): <em>Lok\u00e1lis k\u00f6z\u00f6ss\u00e9g, megtart\u00f3 k\u00f6z\u00f6ss\u00e9g. Elm\u00e9leti megk\u00f6zel\u00edt\u00e9sek a lok\u00e1lis k\u00f6z\u00f6ss\u00e9g integr\u00e1l\u00f3 szerep\u00e9nek vizsg\u00e1lat\u00e1hoz egy vid\u00e9ki telep\u00fcl\u00e9sen. <\/em><a href=\"https:\/\/socio.hu\/uploads\/files\/2015_4\/csurgo_legman.pdf\">https:\/\/socio.hu\/uploads\/files\/2015_4\/csurgo_legman.pdf<\/a> Utols\u00f3 megtekint\u00e9s: 2019. febru\u00e1r<\/p>\n<p>D\u00e1vid B., Magvas M. (2011): <em>\u201eA munkakapcsolat hat\u00e1rozza meg a jelz\u0151rendszert\u201d. Az \u00e9szlel\u0151- \u00e9s jelz\u0151rendszer m\u0171k\u00f6d\u00e9se Veszpr\u00e9mben.<\/em> Es\u00e9ly 2011\/5.<\/p>\n<p>Flicker S. \u2013 Travers R. \u2013 Guta, A. \u2013 McDonald S. \u2013 Meagher, A. (2007): <em>Ethical dilemmas in community-based participatory research: recommendations for institutional review boards.<\/em> J Urban Health. 84(4):478\u2013493.<\/p>\n<p>Gilchrist, A. (2009): <em>The well-connected community: a networking approach to community development<\/em>. 2. kiad\u00e1s, Bristol, Policy Press.<\/p>\n<p>Gilchrist, A. \u2013 Taylor M. (2011): <em>The Short Guide to Community Development.<\/em> University of Bristol. Policy Press.<\/p>\n<p>Gyenes Zs. (2019): <em>K\u00f6z\u00f6ss\u00e9gek szolg\u00e1lat\u00e1ban. K\u00f6z\u00f6ss\u00e9gi alap\u00fa szolg\u00e1ltat\u00e1sok bevezet\u00e9s\u00e9nek, illetve megl\u00e9v\u0151 szolg\u00e1ltat\u00e1sok k\u00f6z\u00f6ss\u00e9giv\u00e9 alak\u00edt\u00e1s\u00e1nak elm\u00e9lete \u00e9s gyakorlata. <\/em>K\u00f6z\u00f6ss\u00e9gfejleszt\u0151k Egyes\u00fclete, Budapest.<\/p>\n<p>Israel et al. (2005): <em>Community-Based Participatory Research: Lessons Learned from the Centers for Children\u2019s Environmental Health and Disease Prevention Research. <\/em>Environ Health Perspect. 113(10): 1463\u20131471.<\/p>\n<p>Keast, R. L. \u2013 Mandell, M. (2014): <em>The collaborative push: moving beyond rhetoric and gaining evidence.<\/em> Journal of Management &amp; Governance.<\/p>\n<p>Kov\u00e1cs \u00c9. (2007): <em>A k\u00f6z\u00f6ss\u00e9gtanulm\u00e1nyokt\u00f3l a lokalit\u00e1s megismer\u00e9s\u00e9ig.<\/em> In Kov\u00e1cs \u00c9. (szerk.): K\u00f6z\u00f6ss\u00e9gtanulm\u00e1ny. M\u00f3dszertani jegyzet. N\u00e9prajzi M\u00fazeum \u2013 PTE BTK Kommunik\u00e1ci\u00f3- \u00e9s M\u00e9diatudom\u00e1nyi Tansz\u00e9k, Budapest \u2013 P\u00e9cs. 7\u201322.<\/p>\n<p>Provan et al. (2005): <em>The Use of Network Analysis to Strengthen Community Partnerships. <\/em>Public Administration Review. 2005\/5. 65., 603-613.<\/p>\n<p>Roussos, S. \u2013 Fawcett, S. B. (2000): <em>A Review of Collaborative Partnerships as a Strategy for Improving Community Health.<\/em> Annual Review of Public Health 21(1):369-402.<\/p>\n<p>Vicsek L. (2006). <em>F\u00f3kuszcsoport.<\/em> Osiris Kiad\u00f3, Budapest.<\/p>\n<p>Vercseg I. (2011): <em>K\u00f6z\u00f6ss\u00e9g \u00e9s r\u00e9szv\u00e9tel.<\/em>\u00a0 ELTE Szoci\u00e1lis Munka \u00e9s Szoci\u00e1lpolitikai Tansz\u00e9k, Budapest.<\/p>\n<p>Warren, R. L. (1978): <em>The community in America<\/em>. 3. kiad\u00e1s, Chicago, Rand McNally<\/p>\n<p>Wallerstein, N. \u2013 Duran, B. (2010): <em>Community-Based Participatory Research Contributions to Intervention Research: The Intersection of Science and Practice to Improve Health Equity.<\/em> Am J Public Health. 100 (Suppl 1): S40\u2013S46.<\/p>\n<p>Weil, M. (2013, szerk.): <em>The Handbook of Community Practice.<\/em> New York, SAGE Publications, Inc.<\/p>\n<p>V\u00e9gjegyzetek:<\/p>\n<p><a href=\"#_ftnref1\" name=\"_ftn1\">[1]<\/a> A teljes kutat\u00e1si besz\u00e1mol\u00f3 itt olvashat\u00f3: <a href=\"https:\/\/kofe.hu\/wp-content\/uploads\/Dokumentumok\/efop-2018-2020\/Kutat%C3%A1si%20besz%C3%A1mol%C3%B3_bor%C3%ADt%C3%B3%20n%C3%A9lk%C3%BCl.pdf\">https:\/\/kofe.hu\/wp-content\/uploads\/Dokumentumok\/efop-2018-2020\/Kutat%C3%A1si%20besz%C3%A1mol%C3%B3_bor%C3%ADt%C3%B3%20n%C3%A9lk%C3%BCl.pdf<\/a><\/p>\n<p><a href=\"#_ftnref2\" name=\"_ftn2\">[2]<\/a> A kutat\u00e1si besz\u00e1mol\u00f3 elk\u00e9sz\u00edt\u00e9s\u00e9t mentork\u00e9nt seg\u00edtette: dr. D\u00e1vid Be\u00e1ta<\/p>\n<p><a href=\"#_ftnref3\" name=\"_ftn3\"><sup>[3]<\/sup><\/a> A legsz\u00fcks\u00e9gesebb jelz\u0151 jelen esetben a k\u00e9s\u0151bbi fejleszt\u00e9si strat\u00e9gia kialak\u00edt\u00e1s\u00e1ra vonatkozott. Teh\u00e1t a szocializ\u00e1ci\u00f3t jel\u00f6lt\u00e9k meg a legsz\u00fcks\u00e9gesebb j\u00f6v\u0151beni beavatkoz\u00e1si ter\u00fcletnek.<\/p>\n<p><a href=\"#_ftnref4\" name=\"_ftn4\"><sup>[4]<\/sup><\/a> Az erd\u0151k \u00e9s legel\u0151k k\u00f6z\u00f6s tulajdonl\u00e1sa, k\u00f6z\u00f6ss\u00e9gi vagyonk\u00e9nt val\u00f3 megjelen\u00e9se<\/p>\n","protected":false},"excerpt":{"rendered":"<p>BEVEZET\u0150[1] A K\u00f6z\u00f6ss\u00e9gfejleszt\u0151k Egyes\u00fclete megb\u00edz\u00e1s\u00e1b\u00f3l e munk\u00e1ban k\u00f6zrem\u0171k\u00f6d\u0151 kutat\u00f3i csoport 2019 \u00e9s 2020 k\u00f6z\u00f6tt k\u00f6z\u00f6ss\u00e9gi alap\u00fa r\u00e9szv\u00e9teli kutat\u00e1st v\u00e9gzett a K\u00f6z\u00f6ss\u00e9g alap\u00fa szolg\u00e1ltat\u00e1sok fejleszt\u00e9se \u00e9s a szakell\u00e1t\u00e1ssal val\u00f3 \u00f6sszekapcsol\u00e1sa kistelep\u00fcl\u00e9seken c\u00edm\u0171 EFOP-5.2.2-17-2017-00011 projekt keret\u00e9ben, amelynek c\u00e9lja egy-egy magyarorsz\u00e1gi \u00e9s erd\u00e9lyi, legh\u00e1tr\u00e1nyosabb helyzet\u0171 j\u00e1r\u00e1sban m\u0171k\u00f6d\u0151 szoci\u00e1lis, eg\u00e9szs\u00e9g\u00fcgyi \u00e9s k\u00f6zm\u0171vel\u0151d\u00e9si szakmai egy\u00fcttm\u0171k\u00f6d\u00e9sek m\u00e9lyebb megismer\u00e9se volt. A kutat\u00f3i [&hellip;]<\/p>\n","protected":false},"author":27,"featured_media":5519,"comment_status":"open","ping_status":"open","sticky":false,"template":"","format":"standard","meta":{"_acf_changed":false,"footnotes":""},"categories":[1,702,8,7],"tags":[],"coauthors":[27],"class_list":["post-5512","post","type-post","status-publish","format-standard","has-post-thumbnail","hentry","category-egyeb","category-parola-2020-1","category-parola-folyoirat","category-repertorium"],"acf":[],"yoast_head":"<!-- This site is optimized with the Yoast SEO plugin v26.7 - https:\/\/yoast.com\/wordpress\/plugins\/seo\/ -->\n<title>Egy j\u00e1r\u00e1sban dolgoznak. Egy\u00fcttm\u0171k\u00f6dnek? - Parola Foly\u00f3irat<\/title>\n<meta name=\"robots\" content=\"index, follow, max-snippet:-1, max-image-preview:large, max-video-preview:-1\" \/>\n<link rel=\"canonical\" href=\"https:\/\/kofe.hu\/parola\/egyeb\/kutatasi-osszefoglalo-a-leghatranyosabb-helyzetu-jarasokban-megvalosulo-szakmakozi-egyuttmukodesek-feltarasarara-iranyulo-kutatasrol\/\" \/>\n<meta property=\"og:locale\" content=\"hu_HU\" \/>\n<meta property=\"og:type\" content=\"article\" \/>\n<meta property=\"og:title\" content=\"Egy j\u00e1r\u00e1sban dolgoznak. Egy\u00fcttm\u0171k\u00f6dnek? - Parola Foly\u00f3irat\" \/>\n<meta property=\"og:description\" content=\"BEVEZET\u0150[1] A K\u00f6z\u00f6ss\u00e9gfejleszt\u0151k Egyes\u00fclete megb\u00edz\u00e1s\u00e1b\u00f3l e munk\u00e1ban k\u00f6zrem\u0171k\u00f6d\u0151 kutat\u00f3i csoport 2019 \u00e9s 2020 k\u00f6z\u00f6tt k\u00f6z\u00f6ss\u00e9gi alap\u00fa r\u00e9szv\u00e9teli kutat\u00e1st v\u00e9gzett a K\u00f6z\u00f6ss\u00e9g alap\u00fa szolg\u00e1ltat\u00e1sok fejleszt\u00e9se \u00e9s a szakell\u00e1t\u00e1ssal val\u00f3 \u00f6sszekapcsol\u00e1sa kistelep\u00fcl\u00e9seken c\u00edm\u0171 EFOP-5.2.2-17-2017-00011 projekt keret\u00e9ben, amelynek c\u00e9lja egy-egy magyarorsz\u00e1gi \u00e9s erd\u00e9lyi, legh\u00e1tr\u00e1nyosabb helyzet\u0171 j\u00e1r\u00e1sban m\u0171k\u00f6d\u0151 szoci\u00e1lis, eg\u00e9szs\u00e9g\u00fcgyi \u00e9s k\u00f6zm\u0171vel\u0151d\u00e9si szakmai egy\u00fcttm\u0171k\u00f6d\u00e9sek m\u00e9lyebb megismer\u00e9se volt. A kutat\u00f3i [&hellip;]\" \/>\n<meta property=\"og:url\" content=\"https:\/\/kofe.hu\/parola\/egyeb\/kutatasi-osszefoglalo-a-leghatranyosabb-helyzetu-jarasokban-megvalosulo-szakmakozi-egyuttmukodesek-feltarasarara-iranyulo-kutatasrol\/\" \/>\n<meta property=\"og:site_name\" content=\"Parola Foly\u00f3irat\" \/>\n<meta property=\"article:published_time\" content=\"2020-09-15T17:05:10+00:00\" \/>\n<meta property=\"article:modified_time\" content=\"2020-12-02T19:08:02+00:00\" \/>\n<meta property=\"og:image\" content=\"https:\/\/kofe.hu\/parola\/wp-content\/uploads\/2020\/09\/2020-1-Lucia-0.jpg\" \/>\n\t<meta property=\"og:image:width\" content=\"1280\" \/>\n\t<meta property=\"og:image:height\" content=\"803\" \/>\n\t<meta property=\"og:image:type\" content=\"image\/jpeg\" \/>\n<meta name=\"author\" content=\"Csabai Lucia\" \/>\n<meta name=\"twitter:card\" content=\"summary_large_image\" \/>\n<meta name=\"twitter:label1\" content=\"Szerz\u0151:\" \/>\n\t<meta name=\"twitter:data1\" content=\"Csabai Lucia\" \/>\n\t<meta name=\"twitter:label2\" content=\"Becs\u00fclt olvas\u00e1si id\u0151\" \/>\n\t<meta name=\"twitter:data2\" content=\"43 perc\" \/>\n\t<meta name=\"twitter:label3\" content=\"Written by\" \/>\n\t<meta name=\"twitter:data3\" content=\"Csabai Lucia\" \/>\n<script type=\"application\/ld+json\" class=\"yoast-schema-graph\">{\"@context\":\"https:\/\/schema.org\",\"@graph\":[{\"@type\":\"Article\",\"@id\":\"https:\/\/kofe.hu\/parola\/egyeb\/kutatasi-osszefoglalo-a-leghatranyosabb-helyzetu-jarasokban-megvalosulo-szakmakozi-egyuttmukodesek-feltarasarara-iranyulo-kutatasrol\/#article\",\"isPartOf\":{\"@id\":\"https:\/\/kofe.hu\/parola\/egyeb\/kutatasi-osszefoglalo-a-leghatranyosabb-helyzetu-jarasokban-megvalosulo-szakmakozi-egyuttmukodesek-feltarasarara-iranyulo-kutatasrol\/\"},\"author\":{\"name\":\"Csabai Lucia\",\"@id\":\"https:\/\/kofe.hu\/parola\/#\/schema\/person\/edc9ca20faa654fdc596a014c8ac3241\"},\"headline\":\"Egy j\u00e1r\u00e1sban dolgoznak. Egy\u00fcttm\u0171k\u00f6dnek?\",\"datePublished\":\"2020-09-15T17:05:10+00:00\",\"dateModified\":\"2020-12-02T19:08:02+00:00\",\"mainEntityOfPage\":{\"@id\":\"https:\/\/kofe.hu\/parola\/egyeb\/kutatasi-osszefoglalo-a-leghatranyosabb-helyzetu-jarasokban-megvalosulo-szakmakozi-egyuttmukodesek-feltarasarara-iranyulo-kutatasrol\/\"},\"wordCount\":8532,\"commentCount\":0,\"image\":{\"@id\":\"https:\/\/kofe.hu\/parola\/egyeb\/kutatasi-osszefoglalo-a-leghatranyosabb-helyzetu-jarasokban-megvalosulo-szakmakozi-egyuttmukodesek-feltarasarara-iranyulo-kutatasrol\/#primaryimage\"},\"thumbnailUrl\":\"https:\/\/kofe.hu\/parola\/wp-content\/uploads\/2020\/09\/2020-1-Lucia-0.jpg\",\"articleSection\":[\"Egy\u00e9b kateg\u00f3ria\",\"Parola 2020\/1\",\"Parola Foly\u00f3irat\",\"Repert\u00f3rium\"],\"inLanguage\":\"hu\",\"potentialAction\":[{\"@type\":\"CommentAction\",\"name\":\"Comment\",\"target\":[\"https:\/\/kofe.hu\/parola\/egyeb\/kutatasi-osszefoglalo-a-leghatranyosabb-helyzetu-jarasokban-megvalosulo-szakmakozi-egyuttmukodesek-feltarasarara-iranyulo-kutatasrol\/#respond\"]}]},{\"@type\":\"WebPage\",\"@id\":\"https:\/\/kofe.hu\/parola\/egyeb\/kutatasi-osszefoglalo-a-leghatranyosabb-helyzetu-jarasokban-megvalosulo-szakmakozi-egyuttmukodesek-feltarasarara-iranyulo-kutatasrol\/\",\"url\":\"https:\/\/kofe.hu\/parola\/egyeb\/kutatasi-osszefoglalo-a-leghatranyosabb-helyzetu-jarasokban-megvalosulo-szakmakozi-egyuttmukodesek-feltarasarara-iranyulo-kutatasrol\/\",\"name\":\"Egy j\u00e1r\u00e1sban dolgoznak. Egy\u00fcttm\u0171k\u00f6dnek? - Parola Foly\u00f3irat\",\"isPartOf\":{\"@id\":\"https:\/\/kofe.hu\/parola\/#website\"},\"primaryImageOfPage\":{\"@id\":\"https:\/\/kofe.hu\/parola\/egyeb\/kutatasi-osszefoglalo-a-leghatranyosabb-helyzetu-jarasokban-megvalosulo-szakmakozi-egyuttmukodesek-feltarasarara-iranyulo-kutatasrol\/#primaryimage\"},\"image\":{\"@id\":\"https:\/\/kofe.hu\/parola\/egyeb\/kutatasi-osszefoglalo-a-leghatranyosabb-helyzetu-jarasokban-megvalosulo-szakmakozi-egyuttmukodesek-feltarasarara-iranyulo-kutatasrol\/#primaryimage\"},\"thumbnailUrl\":\"https:\/\/kofe.hu\/parola\/wp-content\/uploads\/2020\/09\/2020-1-Lucia-0.jpg\",\"datePublished\":\"2020-09-15T17:05:10+00:00\",\"dateModified\":\"2020-12-02T19:08:02+00:00\",\"author\":{\"@id\":\"https:\/\/kofe.hu\/parola\/#\/schema\/person\/edc9ca20faa654fdc596a014c8ac3241\"},\"breadcrumb\":{\"@id\":\"https:\/\/kofe.hu\/parola\/egyeb\/kutatasi-osszefoglalo-a-leghatranyosabb-helyzetu-jarasokban-megvalosulo-szakmakozi-egyuttmukodesek-feltarasarara-iranyulo-kutatasrol\/#breadcrumb\"},\"inLanguage\":\"hu\",\"potentialAction\":[{\"@type\":\"ReadAction\",\"target\":[\"https:\/\/kofe.hu\/parola\/egyeb\/kutatasi-osszefoglalo-a-leghatranyosabb-helyzetu-jarasokban-megvalosulo-szakmakozi-egyuttmukodesek-feltarasarara-iranyulo-kutatasrol\/\"]}]},{\"@type\":\"ImageObject\",\"inLanguage\":\"hu\",\"@id\":\"https:\/\/kofe.hu\/parola\/egyeb\/kutatasi-osszefoglalo-a-leghatranyosabb-helyzetu-jarasokban-megvalosulo-szakmakozi-egyuttmukodesek-feltarasarara-iranyulo-kutatasrol\/#primaryimage\",\"url\":\"https:\/\/kofe.hu\/parola\/wp-content\/uploads\/2020\/09\/2020-1-Lucia-0.jpg\",\"contentUrl\":\"https:\/\/kofe.hu\/parola\/wp-content\/uploads\/2020\/09\/2020-1-Lucia-0.jpg\",\"width\":1280,\"height\":803},{\"@type\":\"BreadcrumbList\",\"@id\":\"https:\/\/kofe.hu\/parola\/egyeb\/kutatasi-osszefoglalo-a-leghatranyosabb-helyzetu-jarasokban-megvalosulo-szakmakozi-egyuttmukodesek-feltarasarara-iranyulo-kutatasrol\/#breadcrumb\",\"itemListElement\":[{\"@type\":\"ListItem\",\"position\":1,\"name\":\"Home\",\"item\":\"https:\/\/kofe.hu\/parola\/\"},{\"@type\":\"ListItem\",\"position\":2,\"name\":\"Egy j\u00e1r\u00e1sban dolgoznak. Egy\u00fcttm\u0171k\u00f6dnek?\"}]},{\"@type\":\"WebSite\",\"@id\":\"https:\/\/kofe.hu\/parola\/#website\",\"url\":\"https:\/\/kofe.hu\/parola\/\",\"name\":\"Parola Foly\u00f3irat\",\"description\":\"\",\"potentialAction\":[{\"@type\":\"SearchAction\",\"target\":{\"@type\":\"EntryPoint\",\"urlTemplate\":\"https:\/\/kofe.hu\/parola\/?s={search_term_string}\"},\"query-input\":{\"@type\":\"PropertyValueSpecification\",\"valueRequired\":true,\"valueName\":\"search_term_string\"}}],\"inLanguage\":\"hu\"},{\"@type\":\"Person\",\"@id\":\"https:\/\/kofe.hu\/parola\/#\/schema\/person\/edc9ca20faa654fdc596a014c8ac3241\",\"name\":\"Csabai Lucia\",\"image\":{\"@type\":\"ImageObject\",\"inLanguage\":\"hu\",\"@id\":\"https:\/\/kofe.hu\/parola\/#\/schema\/person\/image\/58089476c79c3a790c7a7b61f604df2a\",\"url\":\"https:\/\/secure.gravatar.com\/avatar\/9806a55a3d06a7bd2189e071d80a5f460e1aa04a86c8bc8fa064cd4e8c852294?s=96&d=mm&r=g\",\"contentUrl\":\"https:\/\/secure.gravatar.com\/avatar\/9806a55a3d06a7bd2189e071d80a5f460e1aa04a86c8bc8fa064cd4e8c852294?s=96&d=mm&r=g\",\"caption\":\"Csabai Lucia\"},\"url\":\"https:\/\/kofe.hu\/parola\/szerzok\/csabai-lucia\/\"}]}<\/script>\n<!-- \/ Yoast SEO plugin. -->","yoast_head_json":{"title":"Egy j\u00e1r\u00e1sban dolgoznak. Egy\u00fcttm\u0171k\u00f6dnek? - Parola Foly\u00f3irat","robots":{"index":"index","follow":"follow","max-snippet":"max-snippet:-1","max-image-preview":"max-image-preview:large","max-video-preview":"max-video-preview:-1"},"canonical":"https:\/\/kofe.hu\/parola\/egyeb\/kutatasi-osszefoglalo-a-leghatranyosabb-helyzetu-jarasokban-megvalosulo-szakmakozi-egyuttmukodesek-feltarasarara-iranyulo-kutatasrol\/","og_locale":"hu_HU","og_type":"article","og_title":"Egy j\u00e1r\u00e1sban dolgoznak. Egy\u00fcttm\u0171k\u00f6dnek? - Parola Foly\u00f3irat","og_description":"BEVEZET\u0150[1] A K\u00f6z\u00f6ss\u00e9gfejleszt\u0151k Egyes\u00fclete megb\u00edz\u00e1s\u00e1b\u00f3l e munk\u00e1ban k\u00f6zrem\u0171k\u00f6d\u0151 kutat\u00f3i csoport 2019 \u00e9s 2020 k\u00f6z\u00f6tt k\u00f6z\u00f6ss\u00e9gi alap\u00fa r\u00e9szv\u00e9teli kutat\u00e1st v\u00e9gzett a K\u00f6z\u00f6ss\u00e9g alap\u00fa szolg\u00e1ltat\u00e1sok fejleszt\u00e9se \u00e9s a szakell\u00e1t\u00e1ssal val\u00f3 \u00f6sszekapcsol\u00e1sa kistelep\u00fcl\u00e9seken c\u00edm\u0171 EFOP-5.2.2-17-2017-00011 projekt keret\u00e9ben, amelynek c\u00e9lja egy-egy magyarorsz\u00e1gi \u00e9s erd\u00e9lyi, legh\u00e1tr\u00e1nyosabb helyzet\u0171 j\u00e1r\u00e1sban m\u0171k\u00f6d\u0151 szoci\u00e1lis, eg\u00e9szs\u00e9g\u00fcgyi \u00e9s k\u00f6zm\u0171vel\u0151d\u00e9si szakmai egy\u00fcttm\u0171k\u00f6d\u00e9sek m\u00e9lyebb megismer\u00e9se volt. A kutat\u00f3i [&hellip;]","og_url":"https:\/\/kofe.hu\/parola\/egyeb\/kutatasi-osszefoglalo-a-leghatranyosabb-helyzetu-jarasokban-megvalosulo-szakmakozi-egyuttmukodesek-feltarasarara-iranyulo-kutatasrol\/","og_site_name":"Parola Foly\u00f3irat","article_published_time":"2020-09-15T17:05:10+00:00","article_modified_time":"2020-12-02T19:08:02+00:00","og_image":[{"width":1280,"height":803,"url":"https:\/\/kofe.hu\/parola\/wp-content\/uploads\/2020\/09\/2020-1-Lucia-0.jpg","type":"image\/jpeg"}],"author":"Csabai Lucia","twitter_card":"summary_large_image","twitter_misc":{"Szerz\u0151:":"Csabai Lucia","Becs\u00fclt olvas\u00e1si id\u0151":"43 perc","Written by":"Csabai Lucia"},"schema":{"@context":"https:\/\/schema.org","@graph":[{"@type":"Article","@id":"https:\/\/kofe.hu\/parola\/egyeb\/kutatasi-osszefoglalo-a-leghatranyosabb-helyzetu-jarasokban-megvalosulo-szakmakozi-egyuttmukodesek-feltarasarara-iranyulo-kutatasrol\/#article","isPartOf":{"@id":"https:\/\/kofe.hu\/parola\/egyeb\/kutatasi-osszefoglalo-a-leghatranyosabb-helyzetu-jarasokban-megvalosulo-szakmakozi-egyuttmukodesek-feltarasarara-iranyulo-kutatasrol\/"},"author":{"name":"Csabai Lucia","@id":"https:\/\/kofe.hu\/parola\/#\/schema\/person\/edc9ca20faa654fdc596a014c8ac3241"},"headline":"Egy j\u00e1r\u00e1sban dolgoznak. Egy\u00fcttm\u0171k\u00f6dnek?","datePublished":"2020-09-15T17:05:10+00:00","dateModified":"2020-12-02T19:08:02+00:00","mainEntityOfPage":{"@id":"https:\/\/kofe.hu\/parola\/egyeb\/kutatasi-osszefoglalo-a-leghatranyosabb-helyzetu-jarasokban-megvalosulo-szakmakozi-egyuttmukodesek-feltarasarara-iranyulo-kutatasrol\/"},"wordCount":8532,"commentCount":0,"image":{"@id":"https:\/\/kofe.hu\/parola\/egyeb\/kutatasi-osszefoglalo-a-leghatranyosabb-helyzetu-jarasokban-megvalosulo-szakmakozi-egyuttmukodesek-feltarasarara-iranyulo-kutatasrol\/#primaryimage"},"thumbnailUrl":"https:\/\/kofe.hu\/parola\/wp-content\/uploads\/2020\/09\/2020-1-Lucia-0.jpg","articleSection":["Egy\u00e9b kateg\u00f3ria","Parola 2020\/1","Parola Foly\u00f3irat","Repert\u00f3rium"],"inLanguage":"hu","potentialAction":[{"@type":"CommentAction","name":"Comment","target":["https:\/\/kofe.hu\/parola\/egyeb\/kutatasi-osszefoglalo-a-leghatranyosabb-helyzetu-jarasokban-megvalosulo-szakmakozi-egyuttmukodesek-feltarasarara-iranyulo-kutatasrol\/#respond"]}]},{"@type":"WebPage","@id":"https:\/\/kofe.hu\/parola\/egyeb\/kutatasi-osszefoglalo-a-leghatranyosabb-helyzetu-jarasokban-megvalosulo-szakmakozi-egyuttmukodesek-feltarasarara-iranyulo-kutatasrol\/","url":"https:\/\/kofe.hu\/parola\/egyeb\/kutatasi-osszefoglalo-a-leghatranyosabb-helyzetu-jarasokban-megvalosulo-szakmakozi-egyuttmukodesek-feltarasarara-iranyulo-kutatasrol\/","name":"Egy j\u00e1r\u00e1sban dolgoznak. Egy\u00fcttm\u0171k\u00f6dnek? - Parola Foly\u00f3irat","isPartOf":{"@id":"https:\/\/kofe.hu\/parola\/#website"},"primaryImageOfPage":{"@id":"https:\/\/kofe.hu\/parola\/egyeb\/kutatasi-osszefoglalo-a-leghatranyosabb-helyzetu-jarasokban-megvalosulo-szakmakozi-egyuttmukodesek-feltarasarara-iranyulo-kutatasrol\/#primaryimage"},"image":{"@id":"https:\/\/kofe.hu\/parola\/egyeb\/kutatasi-osszefoglalo-a-leghatranyosabb-helyzetu-jarasokban-megvalosulo-szakmakozi-egyuttmukodesek-feltarasarara-iranyulo-kutatasrol\/#primaryimage"},"thumbnailUrl":"https:\/\/kofe.hu\/parola\/wp-content\/uploads\/2020\/09\/2020-1-Lucia-0.jpg","datePublished":"2020-09-15T17:05:10+00:00","dateModified":"2020-12-02T19:08:02+00:00","author":{"@id":"https:\/\/kofe.hu\/parola\/#\/schema\/person\/edc9ca20faa654fdc596a014c8ac3241"},"breadcrumb":{"@id":"https:\/\/kofe.hu\/parola\/egyeb\/kutatasi-osszefoglalo-a-leghatranyosabb-helyzetu-jarasokban-megvalosulo-szakmakozi-egyuttmukodesek-feltarasarara-iranyulo-kutatasrol\/#breadcrumb"},"inLanguage":"hu","potentialAction":[{"@type":"ReadAction","target":["https:\/\/kofe.hu\/parola\/egyeb\/kutatasi-osszefoglalo-a-leghatranyosabb-helyzetu-jarasokban-megvalosulo-szakmakozi-egyuttmukodesek-feltarasarara-iranyulo-kutatasrol\/"]}]},{"@type":"ImageObject","inLanguage":"hu","@id":"https:\/\/kofe.hu\/parola\/egyeb\/kutatasi-osszefoglalo-a-leghatranyosabb-helyzetu-jarasokban-megvalosulo-szakmakozi-egyuttmukodesek-feltarasarara-iranyulo-kutatasrol\/#primaryimage","url":"https:\/\/kofe.hu\/parola\/wp-content\/uploads\/2020\/09\/2020-1-Lucia-0.jpg","contentUrl":"https:\/\/kofe.hu\/parola\/wp-content\/uploads\/2020\/09\/2020-1-Lucia-0.jpg","width":1280,"height":803},{"@type":"BreadcrumbList","@id":"https:\/\/kofe.hu\/parola\/egyeb\/kutatasi-osszefoglalo-a-leghatranyosabb-helyzetu-jarasokban-megvalosulo-szakmakozi-egyuttmukodesek-feltarasarara-iranyulo-kutatasrol\/#breadcrumb","itemListElement":[{"@type":"ListItem","position":1,"name":"Home","item":"https:\/\/kofe.hu\/parola\/"},{"@type":"ListItem","position":2,"name":"Egy j\u00e1r\u00e1sban dolgoznak. Egy\u00fcttm\u0171k\u00f6dnek?"}]},{"@type":"WebSite","@id":"https:\/\/kofe.hu\/parola\/#website","url":"https:\/\/kofe.hu\/parola\/","name":"Parola Foly\u00f3irat","description":"","potentialAction":[{"@type":"SearchAction","target":{"@type":"EntryPoint","urlTemplate":"https:\/\/kofe.hu\/parola\/?s={search_term_string}"},"query-input":{"@type":"PropertyValueSpecification","valueRequired":true,"valueName":"search_term_string"}}],"inLanguage":"hu"},{"@type":"Person","@id":"https:\/\/kofe.hu\/parola\/#\/schema\/person\/edc9ca20faa654fdc596a014c8ac3241","name":"Csabai Lucia","image":{"@type":"ImageObject","inLanguage":"hu","@id":"https:\/\/kofe.hu\/parola\/#\/schema\/person\/image\/58089476c79c3a790c7a7b61f604df2a","url":"https:\/\/secure.gravatar.com\/avatar\/9806a55a3d06a7bd2189e071d80a5f460e1aa04a86c8bc8fa064cd4e8c852294?s=96&d=mm&r=g","contentUrl":"https:\/\/secure.gravatar.com\/avatar\/9806a55a3d06a7bd2189e071d80a5f460e1aa04a86c8bc8fa064cd4e8c852294?s=96&d=mm&r=g","caption":"Csabai Lucia"},"url":"https:\/\/kofe.hu\/parola\/szerzok\/csabai-lucia\/"}]}},"_links":{"self":[{"href":"https:\/\/kofe.hu\/parola\/wp-json\/wp\/v2\/posts\/5512","targetHints":{"allow":["GET"]}}],"collection":[{"href":"https:\/\/kofe.hu\/parola\/wp-json\/wp\/v2\/posts"}],"about":[{"href":"https:\/\/kofe.hu\/parola\/wp-json\/wp\/v2\/types\/post"}],"author":[{"embeddable":true,"href":"https:\/\/kofe.hu\/parola\/wp-json\/wp\/v2\/users\/27"}],"replies":[{"embeddable":true,"href":"https:\/\/kofe.hu\/parola\/wp-json\/wp\/v2\/comments?post=5512"}],"version-history":[{"count":9,"href":"https:\/\/kofe.hu\/parola\/wp-json\/wp\/v2\/posts\/5512\/revisions"}],"predecessor-version":[{"id":5735,"href":"https:\/\/kofe.hu\/parola\/wp-json\/wp\/v2\/posts\/5512\/revisions\/5735"}],"wp:featuredmedia":[{"embeddable":true,"href":"https:\/\/kofe.hu\/parola\/wp-json\/wp\/v2\/media\/5519"}],"wp:attachment":[{"href":"https:\/\/kofe.hu\/parola\/wp-json\/wp\/v2\/media?parent=5512"}],"wp:term":[{"taxonomy":"category","embeddable":true,"href":"https:\/\/kofe.hu\/parola\/wp-json\/wp\/v2\/categories?post=5512"},{"taxonomy":"post_tag","embeddable":true,"href":"https:\/\/kofe.hu\/parola\/wp-json\/wp\/v2\/tags?post=5512"},{"taxonomy":"author","embeddable":true,"href":"https:\/\/kofe.hu\/parola\/wp-json\/wp\/v2\/coauthors?post=5512"}],"curies":[{"name":"wp","href":"https:\/\/api.w.org\/{rel}","templated":true}]}}