{"id":5507,"date":"2020-09-15T16:44:49","date_gmt":"2020-09-15T16:44:49","guid":{"rendered":"https:\/\/kofe.hu\/parola\/?p=5507"},"modified":"2020-12-02T19:10:08","modified_gmt":"2020-12-02T19:10:08","slug":"szakpolitikai-ajanlas-a-hatranyos-helyzetu-jarasokban-a-kozszolgaltatasok-elerhetosegenek-javitasara","status":"publish","type":"post","link":"https:\/\/kofe.hu\/parola\/parola-folyoirat\/szakpolitikai-ajanlas-a-hatranyos-helyzetu-jarasokban-a-kozszolgaltatasok-elerhetosegenek-javitasara\/","title":{"rendered":"Egyenl\u0151 hozz\u00e1f\u00e9r\u00e9st a k\u00f6zszolg\u00e1ltat\u00e1sokhoz!"},"content":{"rendered":"<p><strong>VEZET\u0150I \u00d6SSZEFOGLAL\u00d3 <\/strong><strong><a href=\"#_ftn1\" name=\"_ftnref1\">[1]<\/a><\/strong><\/p>\n<p>A \u201eK\u00f6z\u00f6ss\u00e9g alap\u00fa szolg\u00e1ltat\u00e1sok fejleszt\u00e9se \u00e9s a szakell\u00e1t\u00e1ssal val\u00f3 \u00f6sszekapcsol\u00e1sa kistelep\u00fcl\u00e9seken\u201d c\u00edm\u0171 EFOP-5.2.2-es transznacion\u00e1lis projekt keret\u00e9ben a K\u00f6z\u00f6ss\u00e9gfejleszt\u0151k Egyes\u00fclete a G\u00f6nci j\u00e1r\u00e1sban dolgozott. A munka r\u00e9szek\u00e9nt m\u0171helyeket, tanulm\u00e1nyutakat szervezt\u00fcnk, kutat\u00e1st v\u00e9gezt\u00fcnk, amelyek arra koncentr\u00e1ltak, hogy megismerj\u00fck, <em>mi a helyzet a h\u00e1tr\u00e1nyos helyzet\u0171 j\u00e1r\u00e1sok eset\u00e9ben a k\u00f6zszolg\u00e1ltat\u00e1sokkal<\/em>, azok hozz\u00e1f\u00e9rhet\u0151s\u00e9g\u00e9vel. Arra kerest\u00fck a v\u00e1laszokat, hogy mely szinteken \u00e9s <em>milyen v\u00e1ltoz\u00e1sokra lenne sz\u00fcks\u00e9g ahhoz, hogy a G\u00f6nci j\u00e1r\u00e1shoz hasonl\u00f3, leszakad\u00f3 t\u00e9rs\u00e9gekben, azok kistelep\u00fcl\u00e9sein \u00e9l\u0151knek is megfelel\u0151 szint\u0171 \u00e9s sz\u00ednvonal\u00fa k\u00f6zszolg\u00e1ltat\u00e1s \u00e1lljon rendelkez\u00e9s\u00e9re.<\/em><\/p>\n<p>Munk\u00e1nk sor\u00e1n a megismer\u00e9st, a helyzetfelt\u00e1r\u00e1st a javaslatok megfogalmaz\u00e1sa k\u00f6vette. E szakpolitikai aj\u00e1nl\u00e1s c\u00e9lja, hogy megmutassa azt az utat, amelyet meg kell tenni ahhoz, hogy a h\u00e1tr\u00e1nyos helyzet\u0171 kistelep\u00fcl\u00e9seken \u00e9s j\u00e1r\u00e1sokban v\u00e1ltoz\u00e1s t\u00f6rt\u00e9njen a k\u00f6zszolg\u00e1ltat\u00e1sok sz\u00e9lesebb k\u00f6rben t\u00f6rt\u00e9n\u0151 el\u00e9r\u00e9s\u00e9ben.<\/p>\n<p>Ez az \u00fat nem \u00faj int\u00e9zm\u00e9nyek alak\u00edt\u00e1s\u00e1n \u00e1t vezet: a megl\u00e9v\u0151 <em>int\u00e9zm\u00e9nyek k\u00f6z\u00f6tti egy\u00fcttm\u0171k\u00f6d\u00e9sek ki\u00e9p\u00edt\u00e9s<\/em><em>\u00e9vel \u00e9s az egy\u00fcttm\u0171k\u00f6d\u00e9sek m\u0171k\u00f6dtet\u00e9s\u00e9vel<\/em><strong>,<\/strong> valamint a <em>k\u00f6z\u00f6ss\u00e9gi alap\u00fa m\u0171k\u00f6d\u00e9s megteremt\u00e9s<\/em><em>\u00e9vel<\/em> b\u0151v\u00edthet\u0151 a kapacit\u00e1s, illetve min\u0151s\u00e9gibb lehet a szolg\u00e1ltat\u00e1s.<\/p>\n<p>H\u00e1rom ter\u00fcletre vonatkoz\u00f3an adunk aj\u00e1nl\u00e1sokat a v\u00e1ltoztat\u00e1sra: \u00e1ltal\u00e1nosan, a nagy rendszerre vonatkoz\u00f3an; a ter\u00fcleti szinteken; a szakmai ter\u00fcleteken.<\/p>\n<p><strong>\u00a0<\/strong><strong>\u00c1ltal\u00e1nos, a nagy rendszerben val\u00f3 v\u00e1ltoztat\u00e1sok<\/strong><\/p>\n<p>A nagy rendszerek v\u00e1ltoztat\u00e1s\u00e1ra aj\u00e1nlott n\u00e9gy beavatkoz\u00e1si lehet\u0151s\u00e9gben egyszerre van jelen az \u00e9rt\u00e9krend, a szeml\u00e9letm\u00f3d \u00e9s a m\u00f3dszer. Ezen beavatkoz\u00e1si ter\u00fcletek:<\/p>\n<ul>\n<li>a fejl\u0151d\u00e9s \u00fajragondol\u00e1sa: <em>nem a javakkal kell kezdeni a v\u00e1ltoztat\u00e1sokat, hanem az emberekkel.<\/em> M\u00e9gpedig a <em>tanults\u00e1gukat, a k\u00f6z\u00f6ss\u00e9geiket \u00e9s a k\u00f6z\u00f6ss\u00e9gi m\u0171k\u00f6d\u00e9s\u00fcket,<\/em> valamint az <em>\u00f6ngondoskod\u00f3 k\u00e9pess\u00e9g\u00fcket<\/em> kell kialak\u00edtani, \u00e9s csak ezut\u00e1n foglalkozni a t\u00f6bbi ter\u00fclettel.<\/li>\n<li>a <em>k\u00f6z\u00f6ss\u00e9gi alap\u00fa szolg\u00e1ltat\u00e1s<\/em>: akkor besz\u00e9lhet\u00fcnk k\u00f6z\u00f6ss\u00e9gi alap\u00fa szolg\u00e1ltat\u00e1sr\u00f3l, ha <em>arra a k\u00f6z\u00f6ss\u00e9gnek befoly\u00e1sa van, \u00e9s \u00edgy a saj\u00e1tj\u00e1nak \u00e9rzi.<\/em> A k\u00f6z\u00f6ss\u00e9gi alap\u00fa m\u0171k\u00f6d\u00e9shez a szolg\u00e1ltat\u00e1soknak a bels\u0151 ig\u00e9nyekre \u00e9s a bels\u0151 er\u0151forr\u00e1sokra kell \u00e9p\u00fclnie, melyben a szerepl\u0151k partnerk\u00e9nt egy\u00fcttm\u0171k\u00f6dve vesznek r\u00e9szt.<\/li>\n<li>a <em>k\u00f6z\u00f6ss\u00e9gi t\u0151ke: Ahhoz, hogy a t\u00e1rsadalom, a k\u00f6rnyezet, a gazdas\u00e1g kiegyens\u00falyozottan m\u0171k\u00f6dj\u00f6n,<\/em> a k\u00f6z\u00f6ss\u00e9gi t\u0151ke minden t\u00edpus\u00e1nak \u2013 <em>a hum\u00e1n, a kultur\u00e1lis, a term\u00e9szeti, az \u00e9p\u00edtett, a p\u00e9nz\u00fcgyi, a politikai \u00e9s a t\u00e1rsadalmi t\u0151k\u00e9nek \u2013 egy\u00fctt \u00e9s megfelel\u0151 szinten kell m\u0171k\u00f6dnie.<\/em><\/li>\n<li><em>a k\u00f6z\u00f6ss\u00e9g funkci\u00f3i<\/em>: minden k\u00f6z\u00f6ss\u00e9gnek a tanyabokort\u00f3l a legnagyobb v\u00e1rosig a k\u00f6vetkez\u0151 \u00f6t funkci\u00f3t biztos\u00edtania kell: <em>szocializ\u00e1ci\u00f3; gazdas\u00e1gi boldogul\u00e1s; t\u00e1rsadalmi r\u00e9szv\u00e9tel; t\u00e1rsadalmi kontroll; egy\u00fcttm\u0171k\u00f6d\u00e9s.<\/em><\/li>\n<\/ul>\n<p><strong>Ter\u00fcleti szempontok <\/strong><\/p>\n<p>A v\u00e1ltoz\u00e1sokat, v\u00e1ltoztat\u00e1sokat orsz\u00e1gos, j\u00e1r\u00e1si\/t\u00e9rs\u00e9gi, mikrot\u00e9rs\u00e9gi \u00e9s telep\u00fcl\u00e9si szinteken tehetj\u00fck meg. <em>Mikrot\u00e9rs\u00e9g<\/em> alatt azon telep\u00fcl\u00e9sek k\u00f6z\u00f6tti egy\u00fcttm\u0171k\u00f6d\u00e9seket \u00e9rtj\u00fck, amelyeket nem t\u00f6rv\u00e9nyben vagy strat\u00e9gi\u00e1ban meghat\u00e1rozottan hoztak l\u00e9tre, hanem a telep\u00fcl\u00e9sek \u00f6nsz\u00e1ntukb\u00f3l fognak \u00f6ssze a k\u00f6z\u00f6s cselekv\u00e9s\u00e9rt. A mikrot\u00e9rs\u00e9g mint egys\u00e9g, mint vid\u00e9kfejleszt\u00e9si fogalom nem l\u00e9tezik, de szeretn\u00e9nk aj\u00e1nlani ennek a beemel\u00e9s\u00e9t a fejleszt\u00e9spolitik\u00e1ba.<\/p>\n<p>Az, hogy mikor melyik szinten kell megt\u00f6rt\u00e9nnie a beavatkoz\u00e1snak, f\u00fcgg att\u00f3l, hogy a felmer\u00fclt \u00fcgy milyen hat\u00f3k\u00f6r\u0171, illetve a t\u00f6rv\u00e9nyi szab\u00e1lyoz\u00e1s melyikre terjed ki. J\u00e1r\u00e1si szinten kerekasztal, mikrot\u00e9rs\u00e9gi szinten m\u0171helyek m\u0171k\u00f6dtet\u00e9s\u00e9t javasoljuk, telep\u00fcl\u00e9si szinten a koordin\u00e1tor megl\u00e9t\u00e9nek fontoss\u00e1g\u00e1ra h\u00edvjuk fel a figyelmet.<\/p>\n<p><strong>Szakmai ter\u00fcletek <\/strong><\/p>\n<p>A szakmai ter\u00fcletek k\u00f6z\u00f6tt h\u00e1rom csoportot k\u00fcl\u00f6n\u00edthet\u00fcnk el.<\/p>\n<ul>\n<li>A <em>k\u00f6z\u00f6ss\u00e9gi, emberi t\u00e9nyez\u0151k k\u00f6z\u00fcl<\/em> az egy\u00fcttm\u0171k\u00f6d\u00e9sre, a k\u00f6z\u00f6ss\u00e9gekre \u2013 helyi ig\u00e9nyekre, a szakemberekkel kapcsolatos probl\u00e9m\u00e1kra vonatkoz\u00f3an tett\u00fcnk javaslatokat.<\/li>\n<li>Az<em> infrastruktur\u00e1lis<\/em> t\u00e9nyez\u0151k k\u00f6z\u00fcl a k\u00f6z\u00f6ss\u00e9gi t\u00e9r, az inform\u00e1ci\u00f3hoz val\u00f3 hozz\u00e1jut\u00e1s, a tov\u00e1bbk\u00e9pz\u00e9s-szakk\u00e9pz\u00e9s \u00e9s a sz\u0171k \u00e9rtelemben vett infrastrukt\u00fara probl\u00e9m\u00e1i ker\u00fcltek bemutat\u00e1sra.<\/li>\n<li><em>A beavatkoz\u00e1sban kiemelend\u0151 t\u00e1rsadalmi csoportokkal<\/em> val\u00f3 k\u00fcl\u00f6n foglalkoz\u00e1s kit\u00e9r a szeg\u00e9nys\u00e9gre, a fiatalokra, a meger\u0151s\u00edtend\u0151 k\u00f6z\u00e9pr\u00e9tegre \u00e9s a rom\u00e1kra.<\/li>\n<\/ul>\n<p><strong><img loading=\"lazy\" decoding=\"async\" class=\" wp-image-5509 aligncenter\" src=\"https:\/\/kofe.hu\/parola\/wp-content\/uploads\/2020\/09\/2020-1-szakpolitikai-1-300x201.jpg\" alt=\"\" width=\"770\" height=\"516\" srcset=\"https:\/\/kofe.hu\/parola\/wp-content\/uploads\/2020\/09\/2020-1-szakpolitikai-1-300x201.jpg 300w, https:\/\/kofe.hu\/parola\/wp-content\/uploads\/2020\/09\/2020-1-szakpolitikai-1-768x514.jpg 768w, https:\/\/kofe.hu\/parola\/wp-content\/uploads\/2020\/09\/2020-1-szakpolitikai-1-1024x685.jpg 1024w, https:\/\/kofe.hu\/parola\/wp-content\/uploads\/2020\/09\/2020-1-szakpolitikai-1-10x7.jpg 10w, https:\/\/kofe.hu\/parola\/wp-content\/uploads\/2020\/09\/2020-1-szakpolitikai-1.jpg 1280w\" sizes=\"auto, (max-width: 770px) 100vw, 770px\" \/>Z\u00c1RSZ\u00d3<\/strong><\/p>\n<p>Fontos k\u00e9rd\u00e9s lesz az elk\u00f6vetkez\u0151 id\u0151kben, hogy tudunk-e egy\u00fcttm\u0171k\u00f6dni, egy\u00fctt gondolkodni a telep\u00fcl\u00e9seken a t\u00e9rs\u00e9gekben? A szakemberek, az int\u00e9zm\u00e9nyek \u00f6ssze tudnak-e fogni a v\u00e1ltoz\u00e1s, a v\u00e1ltoztat\u00e1s \u00e9rdek\u00e9ben? Mindehhez arra van sz\u00fcks\u00e9g, hogy a szakm\u00e1k, a szakemberek r\u00e1j\u00f6jjenek, hogy k\u00fcl\u00f6nb\u00f6znek a t\u00f6bbi szakm\u00e1t\u00f3l, de egyenrang\u00faak egym\u00e1ssal, egyik szakma sem \u00e1ll a m\u00e1sik f\u00f6l\u00f6tt. Csak ebben az esetben lesznek sikeresek a v\u00e1ltoz\u00e1sra ir\u00e1nyul\u00f3 beavatkoz\u00e1sok, k\u00fcl\u00f6nben elmennek egym\u00e1s mellett a fejleszt\u00e9si programok, p\u00e1rhuzamosan futnak \u00fcgyek, amelyek a nem kommunik\u00e1l\u00e1snak k\u00f6sz\u00f6nhet\u0151en nem er\u0151s\u00edtik egym\u00e1st, hanem ink\u00e1bb kioltj\u00e1k egym\u00e1s hat\u00e1sait.<\/p>\n<p>Minden k\u00f6z\u00f6ss\u00e9gi munk\u00e1nak az alapja a sok szem\u00e9lyes tal\u00e1lkoz\u00e1s, a szem\u00e9lyes besz\u00e9lget\u00e9sek, a bizalom ki\u00e9p\u00edt\u00e9se, majd a probl\u00e9m\u00e1k, az \u00fcgyek k\u00f6z\u00f6ss\u00e9gi szintre emel\u00e9se. Fontos, hogy a folyamatban r\u00e9szt vev\u0151 k\u00fcl\u00f6nb\u00f6z\u0151 csoportokat felk\u00e9sz\u00edts\u00fck az egym\u00e1ssal val\u00f3 egy\u00fcttm\u0171k\u00f6d\u00e9sre, hogy az val\u00f3di p\u00e1rbesz\u00e9d legyen.<\/p>\n<p>Mit is kell tenni ahhoz, hogy v\u00e1ltoz\u00e1s induljon a k\u00f6zszolg\u00e1ltat\u00e1sok el\u00e9rhet\u0151s\u00e9g\u00e9ben? \u00c1talak\u00edt\u00e1st kell eszk\u00f6z\u00f6lni a helyi k\u00f6z\u00f6ss\u00e9gek bevon\u00e1s\u00e1ra, a k\u00f6z\u00f6ss\u00e9gi alap\u00fa szolg\u00e1ltat\u00e1sok bevezet\u00e9s\u00e9re, \u00e9s ehhez mind orsz\u00e1gos, mind t\u00e9rs\u00e9gi, mind telep\u00fcl\u00e9si szinten meg kell teremteni a felt\u00e9teleket. Ezen felt\u00e9telek egy r\u00e9sze t\u00f6rv\u00e9nyi \u00e9s szab\u00e1lyoz\u00e1si lehet\u0151s\u00e9geket jelent, a m\u00e1sik r\u00e9sze a helyi szakemberek \u00e9s a helyi k\u00f6z\u00f6ss\u00e9gek felk\u00e9sz\u00edt\u00e9s\u00e9t a feladatra.<\/p>\n<p>V\u00e9gjegyzet:<\/p>\n<p><a href=\"#_ftnref1\" name=\"_ftn1\">[1]<\/a>\u00a0 A teljes szakpolitikai aj\u00e1nl\u00e1s itt olvashat\u00f3: <a href=\"https:\/\/kofe.hu\/wp-content\/uploads\/Dokumentumok\/efop-2018-2020\/Szakpolitikai%20aj%C3%A1nl%C3%A1s_v%C3%A9gleges_bor%C3%ADt%C3%B3%20n%C3%A9lk%C3%BCl.pdf\">https:\/\/kofe.hu\/wp-content\/uploads\/Dokumentumok\/efop-2018-2020\/Szakpolitikai%20aj%C3%A1nl%C3%A1s_v%C3%A9gleges_bor%C3%ADt%C3%B3%20n%C3%A9lk%C3%BCl.pdf<\/a><\/p>\n","protected":false},"excerpt":{"rendered":"<p>VEZET\u0150I \u00d6SSZEFOGLAL\u00d3 [1] A \u201eK\u00f6z\u00f6ss\u00e9g alap\u00fa szolg\u00e1ltat\u00e1sok fejleszt\u00e9se \u00e9s a szakell\u00e1t\u00e1ssal val\u00f3 \u00f6sszekapcsol\u00e1sa kistelep\u00fcl\u00e9seken\u201d c\u00edm\u0171 EFOP-5.2.2-es transznacion\u00e1lis projekt keret\u00e9ben a K\u00f6z\u00f6ss\u00e9gfejleszt\u0151k Egyes\u00fclete a G\u00f6nci j\u00e1r\u00e1sban dolgozott. A munka r\u00e9szek\u00e9nt m\u0171helyeket, tanulm\u00e1nyutakat szervezt\u00fcnk, kutat\u00e1st v\u00e9gezt\u00fcnk, amelyek arra koncentr\u00e1ltak, hogy megismerj\u00fck, mi a helyzet a h\u00e1tr\u00e1nyos helyzet\u0171 j\u00e1r\u00e1sok eset\u00e9ben a k\u00f6zszolg\u00e1ltat\u00e1sokkal, azok hozz\u00e1f\u00e9rhet\u0151s\u00e9g\u00e9vel. Arra kerest\u00fck a v\u00e1laszokat, [&hellip;]<\/p>\n","protected":false},"author":142,"featured_media":5508,"comment_status":"open","ping_status":"open","sticky":false,"template":"","format":"standard","meta":{"_acf_changed":false,"footnotes":""},"categories":[702,8,7],"tags":[704,703],"coauthors":[169],"class_list":["post-5507","post","type-post","status-publish","format-standard","has-post-thumbnail","hentry","category-parola-2020-1","category-parola-folyoirat","category-repertorium","tag-hatranyos-helyzet","tag-kozszolgaltatas"],"acf":[],"yoast_head":"<!-- This site is optimized with the Yoast SEO plugin v26.7 - https:\/\/yoast.com\/wordpress\/plugins\/seo\/ -->\n<title>Egyenl\u0151 hozz\u00e1f\u00e9r\u00e9st a k\u00f6zszolg\u00e1ltat\u00e1sokhoz! - Parola Foly\u00f3irat<\/title>\n<meta name=\"robots\" content=\"index, follow, max-snippet:-1, max-image-preview:large, max-video-preview:-1\" \/>\n<link rel=\"canonical\" href=\"https:\/\/kofe.hu\/parola\/parola-folyoirat\/szakpolitikai-ajanlas-a-hatranyos-helyzetu-jarasokban-a-kozszolgaltatasok-elerhetosegenek-javitasara\/\" \/>\n<meta property=\"og:locale\" content=\"hu_HU\" \/>\n<meta property=\"og:type\" content=\"article\" \/>\n<meta property=\"og:title\" content=\"Egyenl\u0151 hozz\u00e1f\u00e9r\u00e9st a k\u00f6zszolg\u00e1ltat\u00e1sokhoz! - Parola Foly\u00f3irat\" \/>\n<meta property=\"og:description\" content=\"VEZET\u0150I \u00d6SSZEFOGLAL\u00d3 [1] A \u201eK\u00f6z\u00f6ss\u00e9g alap\u00fa szolg\u00e1ltat\u00e1sok fejleszt\u00e9se \u00e9s a szakell\u00e1t\u00e1ssal val\u00f3 \u00f6sszekapcsol\u00e1sa kistelep\u00fcl\u00e9seken\u201d c\u00edm\u0171 EFOP-5.2.2-es transznacion\u00e1lis projekt keret\u00e9ben a K\u00f6z\u00f6ss\u00e9gfejleszt\u0151k Egyes\u00fclete a G\u00f6nci j\u00e1r\u00e1sban dolgozott. A munka r\u00e9szek\u00e9nt m\u0171helyeket, tanulm\u00e1nyutakat szervezt\u00fcnk, kutat\u00e1st v\u00e9gezt\u00fcnk, amelyek arra koncentr\u00e1ltak, hogy megismerj\u00fck, mi a helyzet a h\u00e1tr\u00e1nyos helyzet\u0171 j\u00e1r\u00e1sok eset\u00e9ben a k\u00f6zszolg\u00e1ltat\u00e1sokkal, azok hozz\u00e1f\u00e9rhet\u0151s\u00e9g\u00e9vel. Arra kerest\u00fck a v\u00e1laszokat, [&hellip;]\" \/>\n<meta property=\"og:url\" content=\"https:\/\/kofe.hu\/parola\/parola-folyoirat\/szakpolitikai-ajanlas-a-hatranyos-helyzetu-jarasokban-a-kozszolgaltatasok-elerhetosegenek-javitasara\/\" \/>\n<meta property=\"og:site_name\" content=\"Parola Foly\u00f3irat\" \/>\n<meta property=\"article:published_time\" content=\"2020-09-15T16:44:49+00:00\" \/>\n<meta property=\"article:modified_time\" content=\"2020-12-02T19:10:08+00:00\" \/>\n<meta property=\"og:image\" content=\"https:\/\/kofe.hu\/parola\/wp-content\/uploads\/2020\/09\/2020-1-szakpolitikai-2.jpg\" \/>\n\t<meta property=\"og:image:width\" content=\"1280\" \/>\n\t<meta property=\"og:image:height\" content=\"960\" \/>\n\t<meta property=\"og:image:type\" content=\"image\/jpeg\" \/>\n<meta name=\"author\" content=\"Moln\u00e1r Aranka\" \/>\n<meta name=\"twitter:card\" content=\"summary_large_image\" \/>\n<meta name=\"twitter:label1\" content=\"Szerz\u0151:\" \/>\n\t<meta name=\"twitter:data1\" content=\"Moln\u00e1r Aranka\" \/>\n\t<meta name=\"twitter:label2\" content=\"Becs\u00fclt olvas\u00e1si id\u0151\" \/>\n\t<meta name=\"twitter:data2\" content=\"6 perc\" \/>\n\t<meta name=\"twitter:label3\" content=\"Written by\" \/>\n\t<meta name=\"twitter:data3\" content=\"Moln\u00e1r Aranka\" \/>\n<script type=\"application\/ld+json\" class=\"yoast-schema-graph\">{\"@context\":\"https:\/\/schema.org\",\"@graph\":[{\"@type\":\"Article\",\"@id\":\"https:\/\/kofe.hu\/parola\/parola-folyoirat\/szakpolitikai-ajanlas-a-hatranyos-helyzetu-jarasokban-a-kozszolgaltatasok-elerhetosegenek-javitasara\/#article\",\"isPartOf\":{\"@id\":\"https:\/\/kofe.hu\/parola\/parola-folyoirat\/szakpolitikai-ajanlas-a-hatranyos-helyzetu-jarasokban-a-kozszolgaltatasok-elerhetosegenek-javitasara\/\"},\"author\":{\"name\":\"Moln\u00e1r Aranka\",\"@id\":\"https:\/\/kofe.hu\/parola\/#\/schema\/person\/5826a142ba5e20e3910fed87a35f0d51\"},\"headline\":\"Egyenl\u0151 hozz\u00e1f\u00e9r\u00e9st a k\u00f6zszolg\u00e1ltat\u00e1sokhoz!\",\"datePublished\":\"2020-09-15T16:44:49+00:00\",\"dateModified\":\"2020-12-02T19:10:08+00:00\",\"mainEntityOfPage\":{\"@id\":\"https:\/\/kofe.hu\/parola\/parola-folyoirat\/szakpolitikai-ajanlas-a-hatranyos-helyzetu-jarasokban-a-kozszolgaltatasok-elerhetosegenek-javitasara\/\"},\"wordCount\":1308,\"commentCount\":0,\"image\":{\"@id\":\"https:\/\/kofe.hu\/parola\/parola-folyoirat\/szakpolitikai-ajanlas-a-hatranyos-helyzetu-jarasokban-a-kozszolgaltatasok-elerhetosegenek-javitasara\/#primaryimage\"},\"thumbnailUrl\":\"https:\/\/kofe.hu\/parola\/wp-content\/uploads\/2020\/09\/2020-1-szakpolitikai-2.jpg\",\"keywords\":[\"h\u00e1tr\u00e1nyos helyzet\",\"k\u00f6zszolg\u00e1ltat\u00e1s\"],\"articleSection\":[\"Parola 2020\/1\",\"Parola Foly\u00f3irat\",\"Repert\u00f3rium\"],\"inLanguage\":\"hu\",\"potentialAction\":[{\"@type\":\"CommentAction\",\"name\":\"Comment\",\"target\":[\"https:\/\/kofe.hu\/parola\/parola-folyoirat\/szakpolitikai-ajanlas-a-hatranyos-helyzetu-jarasokban-a-kozszolgaltatasok-elerhetosegenek-javitasara\/#respond\"]}]},{\"@type\":\"WebPage\",\"@id\":\"https:\/\/kofe.hu\/parola\/parola-folyoirat\/szakpolitikai-ajanlas-a-hatranyos-helyzetu-jarasokban-a-kozszolgaltatasok-elerhetosegenek-javitasara\/\",\"url\":\"https:\/\/kofe.hu\/parola\/parola-folyoirat\/szakpolitikai-ajanlas-a-hatranyos-helyzetu-jarasokban-a-kozszolgaltatasok-elerhetosegenek-javitasara\/\",\"name\":\"Egyenl\u0151 hozz\u00e1f\u00e9r\u00e9st a k\u00f6zszolg\u00e1ltat\u00e1sokhoz! - Parola Foly\u00f3irat\",\"isPartOf\":{\"@id\":\"https:\/\/kofe.hu\/parola\/#website\"},\"primaryImageOfPage\":{\"@id\":\"https:\/\/kofe.hu\/parola\/parola-folyoirat\/szakpolitikai-ajanlas-a-hatranyos-helyzetu-jarasokban-a-kozszolgaltatasok-elerhetosegenek-javitasara\/#primaryimage\"},\"image\":{\"@id\":\"https:\/\/kofe.hu\/parola\/parola-folyoirat\/szakpolitikai-ajanlas-a-hatranyos-helyzetu-jarasokban-a-kozszolgaltatasok-elerhetosegenek-javitasara\/#primaryimage\"},\"thumbnailUrl\":\"https:\/\/kofe.hu\/parola\/wp-content\/uploads\/2020\/09\/2020-1-szakpolitikai-2.jpg\",\"datePublished\":\"2020-09-15T16:44:49+00:00\",\"dateModified\":\"2020-12-02T19:10:08+00:00\",\"author\":{\"@id\":\"https:\/\/kofe.hu\/parola\/#\/schema\/person\/5826a142ba5e20e3910fed87a35f0d51\"},\"breadcrumb\":{\"@id\":\"https:\/\/kofe.hu\/parola\/parola-folyoirat\/szakpolitikai-ajanlas-a-hatranyos-helyzetu-jarasokban-a-kozszolgaltatasok-elerhetosegenek-javitasara\/#breadcrumb\"},\"inLanguage\":\"hu\",\"potentialAction\":[{\"@type\":\"ReadAction\",\"target\":[\"https:\/\/kofe.hu\/parola\/parola-folyoirat\/szakpolitikai-ajanlas-a-hatranyos-helyzetu-jarasokban-a-kozszolgaltatasok-elerhetosegenek-javitasara\/\"]}]},{\"@type\":\"ImageObject\",\"inLanguage\":\"hu\",\"@id\":\"https:\/\/kofe.hu\/parola\/parola-folyoirat\/szakpolitikai-ajanlas-a-hatranyos-helyzetu-jarasokban-a-kozszolgaltatasok-elerhetosegenek-javitasara\/#primaryimage\",\"url\":\"https:\/\/kofe.hu\/parola\/wp-content\/uploads\/2020\/09\/2020-1-szakpolitikai-2.jpg\",\"contentUrl\":\"https:\/\/kofe.hu\/parola\/wp-content\/uploads\/2020\/09\/2020-1-szakpolitikai-2.jpg\",\"width\":1280,\"height\":960},{\"@type\":\"BreadcrumbList\",\"@id\":\"https:\/\/kofe.hu\/parola\/parola-folyoirat\/szakpolitikai-ajanlas-a-hatranyos-helyzetu-jarasokban-a-kozszolgaltatasok-elerhetosegenek-javitasara\/#breadcrumb\",\"itemListElement\":[{\"@type\":\"ListItem\",\"position\":1,\"name\":\"Home\",\"item\":\"https:\/\/kofe.hu\/parola\/\"},{\"@type\":\"ListItem\",\"position\":2,\"name\":\"Egyenl\u0151 hozz\u00e1f\u00e9r\u00e9st a k\u00f6zszolg\u00e1ltat\u00e1sokhoz!\"}]},{\"@type\":\"WebSite\",\"@id\":\"https:\/\/kofe.hu\/parola\/#website\",\"url\":\"https:\/\/kofe.hu\/parola\/\",\"name\":\"Parola Foly\u00f3irat\",\"description\":\"\",\"potentialAction\":[{\"@type\":\"SearchAction\",\"target\":{\"@type\":\"EntryPoint\",\"urlTemplate\":\"https:\/\/kofe.hu\/parola\/?s={search_term_string}\"},\"query-input\":{\"@type\":\"PropertyValueSpecification\",\"valueRequired\":true,\"valueName\":\"search_term_string\"}}],\"inLanguage\":\"hu\"},{\"@type\":\"Person\",\"@id\":\"https:\/\/kofe.hu\/parola\/#\/schema\/person\/5826a142ba5e20e3910fed87a35f0d51\",\"name\":\"Moln\u00e1r Aranka\",\"image\":{\"@type\":\"ImageObject\",\"inLanguage\":\"hu\",\"@id\":\"https:\/\/kofe.hu\/parola\/#\/schema\/person\/image\/23494c9101089ad44ae88ce9d2f56aac\",\"url\":\"https:\/\/secure.gravatar.com\/avatar\/?s=96&d=mm&r=g\",\"contentUrl\":\"https:\/\/secure.gravatar.com\/avatar\/?s=96&d=mm&r=g\",\"caption\":\"Moln\u00e1r Aranka\"},\"url\":\"https:\/\/kofe.hu\/parola\/szerzok\/molnar-aranka\/\"}]}<\/script>\n<!-- \/ Yoast SEO plugin. -->","yoast_head_json":{"title":"Egyenl\u0151 hozz\u00e1f\u00e9r\u00e9st a k\u00f6zszolg\u00e1ltat\u00e1sokhoz! - Parola Foly\u00f3irat","robots":{"index":"index","follow":"follow","max-snippet":"max-snippet:-1","max-image-preview":"max-image-preview:large","max-video-preview":"max-video-preview:-1"},"canonical":"https:\/\/kofe.hu\/parola\/parola-folyoirat\/szakpolitikai-ajanlas-a-hatranyos-helyzetu-jarasokban-a-kozszolgaltatasok-elerhetosegenek-javitasara\/","og_locale":"hu_HU","og_type":"article","og_title":"Egyenl\u0151 hozz\u00e1f\u00e9r\u00e9st a k\u00f6zszolg\u00e1ltat\u00e1sokhoz! - Parola Foly\u00f3irat","og_description":"VEZET\u0150I \u00d6SSZEFOGLAL\u00d3 [1] A \u201eK\u00f6z\u00f6ss\u00e9g alap\u00fa szolg\u00e1ltat\u00e1sok fejleszt\u00e9se \u00e9s a szakell\u00e1t\u00e1ssal val\u00f3 \u00f6sszekapcsol\u00e1sa kistelep\u00fcl\u00e9seken\u201d c\u00edm\u0171 EFOP-5.2.2-es transznacion\u00e1lis projekt keret\u00e9ben a K\u00f6z\u00f6ss\u00e9gfejleszt\u0151k Egyes\u00fclete a G\u00f6nci j\u00e1r\u00e1sban dolgozott. A munka r\u00e9szek\u00e9nt m\u0171helyeket, tanulm\u00e1nyutakat szervezt\u00fcnk, kutat\u00e1st v\u00e9gezt\u00fcnk, amelyek arra koncentr\u00e1ltak, hogy megismerj\u00fck, mi a helyzet a h\u00e1tr\u00e1nyos helyzet\u0171 j\u00e1r\u00e1sok eset\u00e9ben a k\u00f6zszolg\u00e1ltat\u00e1sokkal, azok hozz\u00e1f\u00e9rhet\u0151s\u00e9g\u00e9vel. Arra kerest\u00fck a v\u00e1laszokat, [&hellip;]","og_url":"https:\/\/kofe.hu\/parola\/parola-folyoirat\/szakpolitikai-ajanlas-a-hatranyos-helyzetu-jarasokban-a-kozszolgaltatasok-elerhetosegenek-javitasara\/","og_site_name":"Parola Foly\u00f3irat","article_published_time":"2020-09-15T16:44:49+00:00","article_modified_time":"2020-12-02T19:10:08+00:00","og_image":[{"width":1280,"height":960,"url":"https:\/\/kofe.hu\/parola\/wp-content\/uploads\/2020\/09\/2020-1-szakpolitikai-2.jpg","type":"image\/jpeg"}],"author":"Moln\u00e1r Aranka","twitter_card":"summary_large_image","twitter_misc":{"Szerz\u0151:":"Moln\u00e1r Aranka","Becs\u00fclt olvas\u00e1si id\u0151":"6 perc","Written by":"Moln\u00e1r Aranka"},"schema":{"@context":"https:\/\/schema.org","@graph":[{"@type":"Article","@id":"https:\/\/kofe.hu\/parola\/parola-folyoirat\/szakpolitikai-ajanlas-a-hatranyos-helyzetu-jarasokban-a-kozszolgaltatasok-elerhetosegenek-javitasara\/#article","isPartOf":{"@id":"https:\/\/kofe.hu\/parola\/parola-folyoirat\/szakpolitikai-ajanlas-a-hatranyos-helyzetu-jarasokban-a-kozszolgaltatasok-elerhetosegenek-javitasara\/"},"author":{"name":"Moln\u00e1r Aranka","@id":"https:\/\/kofe.hu\/parola\/#\/schema\/person\/5826a142ba5e20e3910fed87a35f0d51"},"headline":"Egyenl\u0151 hozz\u00e1f\u00e9r\u00e9st a k\u00f6zszolg\u00e1ltat\u00e1sokhoz!","datePublished":"2020-09-15T16:44:49+00:00","dateModified":"2020-12-02T19:10:08+00:00","mainEntityOfPage":{"@id":"https:\/\/kofe.hu\/parola\/parola-folyoirat\/szakpolitikai-ajanlas-a-hatranyos-helyzetu-jarasokban-a-kozszolgaltatasok-elerhetosegenek-javitasara\/"},"wordCount":1308,"commentCount":0,"image":{"@id":"https:\/\/kofe.hu\/parola\/parola-folyoirat\/szakpolitikai-ajanlas-a-hatranyos-helyzetu-jarasokban-a-kozszolgaltatasok-elerhetosegenek-javitasara\/#primaryimage"},"thumbnailUrl":"https:\/\/kofe.hu\/parola\/wp-content\/uploads\/2020\/09\/2020-1-szakpolitikai-2.jpg","keywords":["h\u00e1tr\u00e1nyos helyzet","k\u00f6zszolg\u00e1ltat\u00e1s"],"articleSection":["Parola 2020\/1","Parola Foly\u00f3irat","Repert\u00f3rium"],"inLanguage":"hu","potentialAction":[{"@type":"CommentAction","name":"Comment","target":["https:\/\/kofe.hu\/parola\/parola-folyoirat\/szakpolitikai-ajanlas-a-hatranyos-helyzetu-jarasokban-a-kozszolgaltatasok-elerhetosegenek-javitasara\/#respond"]}]},{"@type":"WebPage","@id":"https:\/\/kofe.hu\/parola\/parola-folyoirat\/szakpolitikai-ajanlas-a-hatranyos-helyzetu-jarasokban-a-kozszolgaltatasok-elerhetosegenek-javitasara\/","url":"https:\/\/kofe.hu\/parola\/parola-folyoirat\/szakpolitikai-ajanlas-a-hatranyos-helyzetu-jarasokban-a-kozszolgaltatasok-elerhetosegenek-javitasara\/","name":"Egyenl\u0151 hozz\u00e1f\u00e9r\u00e9st a k\u00f6zszolg\u00e1ltat\u00e1sokhoz! - Parola Foly\u00f3irat","isPartOf":{"@id":"https:\/\/kofe.hu\/parola\/#website"},"primaryImageOfPage":{"@id":"https:\/\/kofe.hu\/parola\/parola-folyoirat\/szakpolitikai-ajanlas-a-hatranyos-helyzetu-jarasokban-a-kozszolgaltatasok-elerhetosegenek-javitasara\/#primaryimage"},"image":{"@id":"https:\/\/kofe.hu\/parola\/parola-folyoirat\/szakpolitikai-ajanlas-a-hatranyos-helyzetu-jarasokban-a-kozszolgaltatasok-elerhetosegenek-javitasara\/#primaryimage"},"thumbnailUrl":"https:\/\/kofe.hu\/parola\/wp-content\/uploads\/2020\/09\/2020-1-szakpolitikai-2.jpg","datePublished":"2020-09-15T16:44:49+00:00","dateModified":"2020-12-02T19:10:08+00:00","author":{"@id":"https:\/\/kofe.hu\/parola\/#\/schema\/person\/5826a142ba5e20e3910fed87a35f0d51"},"breadcrumb":{"@id":"https:\/\/kofe.hu\/parola\/parola-folyoirat\/szakpolitikai-ajanlas-a-hatranyos-helyzetu-jarasokban-a-kozszolgaltatasok-elerhetosegenek-javitasara\/#breadcrumb"},"inLanguage":"hu","potentialAction":[{"@type":"ReadAction","target":["https:\/\/kofe.hu\/parola\/parola-folyoirat\/szakpolitikai-ajanlas-a-hatranyos-helyzetu-jarasokban-a-kozszolgaltatasok-elerhetosegenek-javitasara\/"]}]},{"@type":"ImageObject","inLanguage":"hu","@id":"https:\/\/kofe.hu\/parola\/parola-folyoirat\/szakpolitikai-ajanlas-a-hatranyos-helyzetu-jarasokban-a-kozszolgaltatasok-elerhetosegenek-javitasara\/#primaryimage","url":"https:\/\/kofe.hu\/parola\/wp-content\/uploads\/2020\/09\/2020-1-szakpolitikai-2.jpg","contentUrl":"https:\/\/kofe.hu\/parola\/wp-content\/uploads\/2020\/09\/2020-1-szakpolitikai-2.jpg","width":1280,"height":960},{"@type":"BreadcrumbList","@id":"https:\/\/kofe.hu\/parola\/parola-folyoirat\/szakpolitikai-ajanlas-a-hatranyos-helyzetu-jarasokban-a-kozszolgaltatasok-elerhetosegenek-javitasara\/#breadcrumb","itemListElement":[{"@type":"ListItem","position":1,"name":"Home","item":"https:\/\/kofe.hu\/parola\/"},{"@type":"ListItem","position":2,"name":"Egyenl\u0151 hozz\u00e1f\u00e9r\u00e9st a k\u00f6zszolg\u00e1ltat\u00e1sokhoz!"}]},{"@type":"WebSite","@id":"https:\/\/kofe.hu\/parola\/#website","url":"https:\/\/kofe.hu\/parola\/","name":"Parola Foly\u00f3irat","description":"","potentialAction":[{"@type":"SearchAction","target":{"@type":"EntryPoint","urlTemplate":"https:\/\/kofe.hu\/parola\/?s={search_term_string}"},"query-input":{"@type":"PropertyValueSpecification","valueRequired":true,"valueName":"search_term_string"}}],"inLanguage":"hu"},{"@type":"Person","@id":"https:\/\/kofe.hu\/parola\/#\/schema\/person\/5826a142ba5e20e3910fed87a35f0d51","name":"Moln\u00e1r Aranka","image":{"@type":"ImageObject","inLanguage":"hu","@id":"https:\/\/kofe.hu\/parola\/#\/schema\/person\/image\/23494c9101089ad44ae88ce9d2f56aac","url":"https:\/\/secure.gravatar.com\/avatar\/?s=96&d=mm&r=g","contentUrl":"https:\/\/secure.gravatar.com\/avatar\/?s=96&d=mm&r=g","caption":"Moln\u00e1r Aranka"},"url":"https:\/\/kofe.hu\/parola\/szerzok\/molnar-aranka\/"}]}},"_links":{"self":[{"href":"https:\/\/kofe.hu\/parola\/wp-json\/wp\/v2\/posts\/5507","targetHints":{"allow":["GET"]}}],"collection":[{"href":"https:\/\/kofe.hu\/parola\/wp-json\/wp\/v2\/posts"}],"about":[{"href":"https:\/\/kofe.hu\/parola\/wp-json\/wp\/v2\/types\/post"}],"author":[{"embeddable":true,"href":"https:\/\/kofe.hu\/parola\/wp-json\/wp\/v2\/users\/142"}],"replies":[{"embeddable":true,"href":"https:\/\/kofe.hu\/parola\/wp-json\/wp\/v2\/comments?post=5507"}],"version-history":[{"count":9,"href":"https:\/\/kofe.hu\/parola\/wp-json\/wp\/v2\/posts\/5507\/revisions"}],"predecessor-version":[{"id":5736,"href":"https:\/\/kofe.hu\/parola\/wp-json\/wp\/v2\/posts\/5507\/revisions\/5736"}],"wp:featuredmedia":[{"embeddable":true,"href":"https:\/\/kofe.hu\/parola\/wp-json\/wp\/v2\/media\/5508"}],"wp:attachment":[{"href":"https:\/\/kofe.hu\/parola\/wp-json\/wp\/v2\/media?parent=5507"}],"wp:term":[{"taxonomy":"category","embeddable":true,"href":"https:\/\/kofe.hu\/parola\/wp-json\/wp\/v2\/categories?post=5507"},{"taxonomy":"post_tag","embeddable":true,"href":"https:\/\/kofe.hu\/parola\/wp-json\/wp\/v2\/tags?post=5507"},{"taxonomy":"author","embeddable":true,"href":"https:\/\/kofe.hu\/parola\/wp-json\/wp\/v2\/coauthors?post=5507"}],"curies":[{"name":"wp","href":"https:\/\/api.w.org\/{rel}","templated":true}]}}