{"id":5405,"date":"2020-08-18T22:38:53","date_gmt":"2020-08-18T22:38:53","guid":{"rendered":"https:\/\/kofe.hu\/parola\/?p=5405"},"modified":"2020-08-20T06:36:15","modified_gmt":"2020-08-20T06:36:15","slug":"pillantas-a-jovobe-a-looking-glas-modszer","status":"publish","type":"post","link":"https:\/\/kofe.hu\/parola\/parola-folyoirat\/pillantas-a-jovobe-a-looking-glas-modszer\/","title":{"rendered":"Pillant\u00e1s a j\u00f6v\u0151be &#8211; A LOOKING GLAS &#8211; m\u00f3dszer"},"content":{"rendered":"<p style=\"text-align: justify;\"><span style=\"font-family: Arial CE;\">De Krim egyike 2 k\u00f6z\u00f6s helyhat\u00f3s\u00e1gi joggal b\u00edr\u00f3 Kelet-Hollandi\u00e1ban l\u00e9v\u0151 tengerparti falunak. De Krimnek Kb. 2.500 lakosa van. A helys\u00e9get a k\u00f6vetkez\u0151 probl\u00e9ma miatt v\u00e1lasztott\u00e1k ki.:<\/span><\/p>\n<p style=\"text-align: justify;\"><!--more--><br \/>\n<span style=\"font-family: Arial CE;\">A lakoss\u00e1gn\u00f6veked\u00e9s stagn\u00e1l\u00e1sa, azok az emberek akik kik\u00f6lt\u00f6znek elkeseredett\u00e9 v\u00e1lnak, gazdas\u00e1gi aktivit\u00e1sok z\u00e1rlata. M\u00e1sr\u00e9szr\u0151l &#8211; amit soha nem \u00edrtak le, m\u00e9gis nagy m\u00e9rt\u00e9kben jelen volt, a lakoss\u00e1g \u00e9s a helyi hatalom rossz kapcsolata. De Krim lakosai sok tekintetben al\u00e1rendeltnek \u00e9rezt\u00e9k magukat a helyhat\u00f3s\u00e1gi joggal felruh\u00e1zott k\u00f6zs\u00e9g &#8211; Gramsbergen lakosaival szemben. Ezt \u00edgy fejezt\u00e9k ki: Gramsbergenben minden lehets\u00e9ges, De Krimben semmi.&#8221; A hivatalok \u00e9s a politikusok k\u00e9szs\u00e9gesen v\u00e1laszoltak: &#8222;A lakoss\u00e1g t\u00fal keveset kezdem\u00e9nyez, \u00e9s azt hiszik, hogy nek\u00fcnk kell mindenr\u0151l gondoskodnunk. De mi ezt term\u00e9szetesen nem tudjuk megtenni, mert olyan sok m\u00e1s dologra kell gondolnunk!&#8221;<\/span><\/p>\n<p><span style=\"font-family: Arial CE;\">De Krim helyi \u00e9rdekl\u0151d\u00e9si egyes\u00fclete, a K\u00f6z\u00f6ss\u00e9gi Munka Alap\u00edtv\u00e1ny valamint a Gramsbergeni helyhat\u00f3s\u00e1g szimpatiz\u00e1lt azzal az \u00f6tlettel, hogy tov\u00e1bb tudakoz\u00f3djon a probl\u00e9ma ir\u00e1ny\u00e1ban. A felek \u00e1ll\u00e1spontja az volt, hogy az \u00e9rdekl\u0151d\u00e9snek nem kellene a probl\u00e9ma le\u00edr\u00e1s\u00e1ra korl\u00e1toz\u00f3dnia. Ez persze \u00e1ltal\u00e1nosan tudott volt. Lehets\u00e9ges megold\u00e1sok ut\u00e1n kell kutatni, tov\u00e1bb\u00e1 a lakoss\u00e1gnak aktiviz\u00e1lnia kellene \u00f6nmag\u00e1t, hogy fejlessze az \u00e9letk\u00f6r\u00fclm\u00e9nyeit.<\/span><\/p>\n<p><span style=\"font-family: Arial CE;\">Egy ilyen k\u00f6vetelm\u00e9nyhez nincsen kidolgozott munkam\u00f3dszer. Weson k\u00fcl\u00f6nb\u00f6z\u0151 t\u00edpus\u00fa kutat\u00e1sokat kombin\u00e1lt egym\u00e1ssal, \u00e9s a kutat\u00e1s alatt is fejl\u0151d\u00f6tt az \u00e9letmin\u0151s\u00e9g j\u00f6vend\u0151beli anal\u00edzis\u00e9nek \u00faj m\u00f3dszere. Ez a LENS-m\u00f3dszer \u00fagy hat\u00e1rozhat\u00f3 meg, mint egy mintav\u00e9telen alapul\u00f3, j\u00f6v\u0151re vonatkoz\u00f3 kutat\u00e1s. K\u00fcl\u00f6nb\u00f6z\u0151 menetekben k\u00e9rd\u00e9seket tettek fel a minta tagjainak. Ez az els\u0151 esetben ez egy \u00edr\u00e1sbeli megk\u00e9rdez\u00e9s volt. Ezut\u00e1n a minta tagjai csoportosan reag\u00e1lnak minden kor\u00e1bbi menetre. De Krimben egy t\u00f6bb mint negyven f\u0151s mint\u00e1t hoztak l\u00e9tre. A minta t\u00falnyom\u00f3 t\u00f6bbs\u00e9ge De Krim-i volt. N\u00e9h\u00e1ny tagnak a munk\u00e1ja miatt volt tennival\u00f3ja a De Krim-iekkel.<\/span><br \/>\n<span style=\"font-family: Arial CE;\">A minta tagjai a lak\u00e1s, a munka\u00fcgy, az eg\u00e9szs\u00e9g\u00fcgy, a j\u00f3l\u00e9t, az oktat\u00e1s\u00fcgy, a politika \u00e9s az igazgat\u00e1s ter\u00fclet\u00e9r\u0151l j\u00f6ttek. Minden ter\u00fcletr\u0151l felk\u00e9rtek munkaad\u00f3t \u00e9s munkav\u00e1llal\u00f3t is arra, hogy r\u00e9szt vegyen a mintacsoportban. P\u00e9ld\u00e1ul lak\u00e1s\u00fcgyben nemcsak egy szem\u00e9lyt k\u00e9rtek fel a lak\u00e1salapt\u00f3l, hanem &#8222;\u00e1tlagos&#8221; b\u00e9rl\u0151k \u00e9s mag\u00e1nh\u00e1z-tulajdonosok is ker\u00fcltek a mint\u00e1ba. Emellett f\u00e9rfiak \u00e9s n\u0151k, fiatalabbak \u00e9s id\u0151sebbek, fizet\u00e9sb\u0151l \u00e9s seg\u00e9lyb\u0151l \u00e9l\u0151k is k\u00e9pviseltett\u00e9k magukat. A De Krim-i kulcsemberek felk\u00e9r\u00e9se rendben megt\u00f6rt\u00e9nt. A minta tagjait el\u0151z\u0151leg megk\u00e9rdezt\u00e9k, hogy sz\u00edvesen v\u00e1llalj\u00e1k-e a vizsg\u00e1latban val\u00f3 r\u00e9szv\u00e9telt. Elmondt\u00e1k nekik, hogy mit v\u00e1rnak t\u0151l\u00fck, \u00e9s ez mennyi id\u0151be tellik.<\/span><\/p>\n<p><b><span style=\"font-family: Arial CE;\">Az \u00e9letmin\u0151s\u00e9g kutat\u00e1sra vonatkoz\u00f3 meghat\u00e1roz\u00e1s<\/span><\/b><\/p>\n<p><span style=\"font-family: Arial CE;\">A szakirodalom szerint h\u00e9t \u00e9letmin\u0151s\u00e9gi szempontot k\u00fcl\u00f6nb\u00f6ztet\u00fcnk meg:<\/span><br \/>\n<span style=\"font-family: Arial CE;\">&#8211; szolg\u00e1ltat\u00e1sok sz\u00ednvonala: boltok, h\u00e1zon bel\u00fcli sportol\u00e1si lehet\u0151s\u00e9gek, k\u00f6nyvt\u00e1r, stb.<\/span><br \/>\n<span style=\"font-family: Arial CE;\">&#8211; lak\u00f3- \u00e9s \u00e9lethelyzet: a h\u00e1zak min\u0151s\u00e9ge \u00e9s a szomsz\u00e9ds\u00e1g,<\/span><br \/>\n<span style=\"font-family: Arial CE;\">&#8211; k\u00f6z\u00f6ss\u00e9gi kl\u00edma: emberek k\u00f6z\u00f6tti h\u00e1l\u00f3k \u00e9s kapcsolatok, j\u00f3l \u00e9rzik-e magukat az<\/span><br \/>\n<span style=\"font-family: Arial CE;\">emberek a ter\u00fcleten,<\/span><br \/>\n<span style=\"font-family: Arial CE;\">&#8211; a lakoss\u00e1g st\u00e1tusza: k\u00fcl\u00f6n\u00f6sen \u00f6sszehasonl\u00edtva m\u00e1s ter\u00fcletekkel<\/span><br \/>\n<span style=\"font-family: Arial CE;\">&#8211; megfelel\u0151 kereseti lehet\u0151s\u00e9g a k\u00f6zelben (ez kor\u00e1bban nem volt olyan fontos, de<\/span><br \/>\n<span style=\"font-family: Arial CE;\">mi\u00f3ta az utaz\u00e1s sokkal dr\u00e1g\u00e1bb lett, ez az szempont is fontosabb\u00e1 v\u00e1lt)<\/span><br \/>\n<span style=\"font-family: Arial CE;\">&#8211; eszt\u00e9tikai szempont: hogy n\u00e9znek ki a k\u00f6rny\u00e9k \u00e9p\u00fcletei,<\/span><br \/>\n<span style=\"font-family: Arial CE;\">&#8211; k\u00fcls\u0151 kapcsolatok: kapcsolatok az igazgat\u00e1ssal \u00e9s minden m\u00e1s int\u00e9zm\u00e9nnyel.<\/span><\/p>\n<p><span style=\"font-family: Arial CE;\">Ezeknek a t\u00e9m\u00e1knak a t\u00f6bbs\u00e9g\u00e9r\u0151l vita folyik, mint minden \u00e9letmin\u0151s\u00e9g-vizsg\u00e1latban, a LENS-m\u00f3dszerben is. A f\u0151 k\u00fcl\u00f6nbs\u00e9g a feltett k\u00e9rd\u00e9sek fajt\u00e1j\u00e1b\u00f3l ered, \u00e9s a kutat\u00e1s intenzit\u00e1st \u00e9rinti.<\/span><br \/>\n<span style=\"font-family: Arial CE;\">A LENS-kutat\u00e1s k\u00f6zponti k\u00e9rd\u00e9se is sz\u00e9les k\u00f6r\u0171.<\/span><\/p>\n<p><span style=\"font-family: Arial CE;\">Az \u00e1ltal\u00e1nos \u00e9letmin\u0151s\u00e9g-vizsg\u00e1lat k\u00f6zponti k\u00e9rd\u00e9s\u00e9nek mi azt tekintj\u00fck, hogy hogyan \u00edt\u00e9lik meg a lakosok a saj\u00e1t k\u00f6rnyezet\u00fcket \u00e9s annak lehet\u0151s\u00e9g\u00e9t, hogy ott j\u00f3l \u00e9ljenek.<\/span><\/p>\n<p><span style=\"font-family: Arial CE;\">A LENS m\u00f3dszerrel v\u00e9gzett j\u00f6v\u0151beli \u00e9letmin\u0151s\u00e9g-kutat\u00e1s ehhez m\u00e9g hozz\u00e1teszi azt, hogyan lehet a k\u00f6rnyezetbeli akad\u00e1lyokat elt\u00e1vol\u00edtani, \u00e9s milyen saj\u00e1t lehet\u0151s\u00e9gei vannak a falunak, hogy ezt megtehesse.<\/span><\/p>\n<p><span style=\"font-family: Arial CE;\">A hagyom\u00e1nyos \u00e9letmin\u0151s\u00e9g-kutat\u00e1st \u00e1ltal\u00e1ban a lakoss\u00e1g k\u00f6r\u00e9ben v\u00e9gzik, s r\u00f3luk mindenf\u00e9le statisztikai \u00e9s le\u00edr\u00f3 adatot is gy\u0171jtenek. A felm\u00e9r\u0151 \u0171rlapon \u00e1ltal\u00e1ban t\u00f6bb, el\u0151re megadott v\u00e1laszlehet\u0151s\u00e9g van. Ennek el\u0151nye, hogy meggyors\u00edtja a munk\u00e1t \u00e9s sok embert el lehet \u00e9rni. \u00cdgy k\u00e9pesek vagyunk kimutatni, hogy a lakoss\u00e1g h\u00e1ny sz\u00e1zal\u00e9k\u00e1nak van egy adott dologr\u00f3l hat\u00e1rozott v\u00e9lem\u00e9nye.<\/span><\/p>\n<p><span style=\"font-family: Arial CE;\">Egy De Krim-i p\u00e9ld\u00e1n szeml\u00e9ltetve: a k\u00f6zforgalmi \u00fat De Krimen halad kereszt\u00fcl. Ha De Krimben feltenn\u00e9nk err\u0151l egy k\u00e9rd\u00e9st, val\u00f3sz\u00edn\u0171leg az der\u00fclne ki, hogy igen, \u00e9s ez nagyon vesz\u00e9lyes helyzetet teremt.<\/span><\/p>\n<p><span style=\"font-family: Arial CE;\">Amikor &#8211; mint ahogy ebben a p\u00e9ld\u00e1ban is &#8211; nagyon sok kritika ir\u00e1nyul egy adott t\u00e9m\u00e1ra, nyilv\u00e1nval\u00f3, hogy valamit tenni kell. De m\u00e9g nem tudjuk kinek \u00e9s mit kellene tennie. V\u00e9lem\u00e9nyek m\u00e1r igen, de megold\u00e1sok m\u00e9g nem sz\u00fclettek. A lehets\u00e9ges megold\u00e1sok bemutat\u00e1sa gyakorta javaslatok form\u00e1j\u00e1ban t\u00f6rt\u00e9nik. A helyhat\u00f3s\u00e1g gyakran ezekkel az eredm\u00e9nyekkel kezd el dolgozni. Ennek az a vesz\u00e9lye, hogy olyan d\u00f6nt\u00e9sek sz\u00fcletnek amelyeket a lakoss\u00e1g nem igaz\u00e1n akar.<\/span><\/p>\n<p><span style=\"font-family: Arial CE;\">K\u00fcls\u0151 emberk\u00e9nt azt m\u00e9rlegeln\u00e9m, hogy a forgalmi utat el kellene-e terelni, vagy akad\u00e1lyokat kellene-e \u00e9p\u00edteni. Eltekintve att\u00f3l a k\u00e9rd\u00e9st\u0151l, hogy ez lehets\u00e9ges lenne-e, De Krimben \u00fagy t\u0171nt, hogy ez egy olyan megold\u00e1s volt amit az emberek<\/span><span style=\"font-family: Arial CE;\">\u00a0nem akartak. Ha a forgalmi utat eltereln\u00e9k, De Krim egy \u00e9l\u0151halott faluv\u00e1 v\u00e1lna, ahol senki nem akar \u00fczletet k\u00f6tni. A forgalmi \u00fat azonban biztos\u00edtja, hogy n\u00e9h\u00e1ny ember felkeresi De Krimet Ha forgalmi akad\u00e1lyokat \u00e9p\u00edten\u00e9nek, az minden forgalmat de k\u00fcl\u00f6n\u00f6sen a j\u00f3sz\u00e1gsz\u00e1ll\u00edt\u00e1st zavarn\u00e1. A mintafelv\u00e9tel tagjainak v\u00e1laszai azt az eredm\u00e9nyt hozt\u00e1k, hogy sokkal jobb lenne, ha sebess\u00e9gkorl\u00e1toz\u00e1st vezetn\u00e9nek be. Ez el\u0151seg\u00edten\u00e9 a biztons\u00e1got, \u00e9s azok az emberek, akiknek nem kell ezt az \u00fatszakaszt v\u00e1lasztaniuk, automatikusan egy m\u00e1sik alternat\u00edv utat v\u00e1lasztan\u00e1nak.<\/span><\/p>\n<p><span style=\"font-family: Arial CE;\">Egy m\u00e1sik \u00e9rv az \u00e1ltal\u00e1nos kutat\u00e1si m\u00f3dszer ellen a j\u00f6v\u0151-anal\u00edzisben, hogy csak arra kapsz v\u00e1laszt, amire r\u00e1k\u00e9rdezel. Csak nagyon kicsi a saj\u00e1t kreat\u00edv \u00f6tletek ad\u00e1s\u00e1nak a lehet\u0151s\u00e9ge, mert gyakran csak egy olyan k\u00e9rd\u0151\u00edvet adnak, amin a v\u00e1laszlehet\u0151s\u00e9geket ki kell pip\u00e1lni. De van fejl\u0151d\u00e9si lehet\u0151s\u00e9g a kritikai t\u00e9m\u00e1j\u00fa alternat\u00edv\u00e1k r\u00e9sz\u00e9re, s \u00e9ppen ez az \u00faj a mi m\u00f3dszer\u00fcnkben.<\/span><\/p>\n<p><b><span style=\"font-family: Arial CE;\">Hogyan kivitelezz\u00fck a LENS kutat\u00e1st?<\/span><\/b><\/p>\n<p><span style=\"font-family: Arial CE;\">A LENS m\u00f3dszernek 5 f\u00e1zis\u00e1t k\u00fcl\u00f6nb\u00f6ztetj\u00fck meg.<\/span><\/p>\n<p><span style=\"font-family: Arial CE;\">Le\u00edr\u00e1s:<\/span><span style=\"font-family: Arial CE;\">\u00a0&#8211; Saj\u00e1t szomsz\u00e9ds\u00e1g \u00e9s az ottani j\u00f3 \u00e9letlehet\u0151s\u00e9gek \u00e1ttekint\u00e9se<\/span><br \/>\n<span style=\"font-family: Arial CE;\">&#8211; A cselekv\u00e9si lehet\u0151s\u00e9gek \u00e1tgondol\u00e1sa<\/span><\/p>\n<p><span style=\"font-family: Arial CE;\">M\u00e9rlegel\u00e9s: &#8211; A cselekv\u00e9si lehet\u0151s\u00e9gek \u00e1ttekint\u00e9se<\/span><br \/>\n<span style=\"font-family: Arial CE;\">&#8211; A l\u00e9p\u00e9sek kialak\u00edt\u00e1sa \u00e9s \u00e1ttekint\u00e9se<\/span><\/p>\n<p><span style=\"font-family: Arial CE;\">Szervez\u00e9s: &#8211; A\u00a0<\/span><span style=\"font-family: Arial CE;\">l\u00e9p\u00e9sek kialak\u00edt\u00e1sa \u00e9s \u00e1ttekint\u00e9se<\/span><br \/>\n<span style=\"font-family: Arial CE;\">&#8211; A megval\u00f3s\u00edthat\u00f3s\u00e1gr\u00f3l val\u00f3 v\u00e9lem\u00e9nyek forgat\u00f3k\u00f6nyvek form\u00e1j\u00e1ban<\/span><\/p>\n<p><span style=\"font-family: Arial CE;\">Elkezdj\u00fck az el\u0151k\u00e9sz\u00edt\u00e9s egy f\u00e1zis\u00e1t, amelyben a k\u00f6vetkez\u0151k\u00f6n dolgozunk:<\/span><\/p>\n<p><span style=\"font-family: Arial CE;\">\u00b7\u00a0<\/span><span style=\"font-family: Arial CE;\">kutat\u00e1si terv k\u00e9sz\u00edt\u00e9se<\/span><br \/>\n<span style=\"font-family: Arial CE;\">\u00b7\u00a0<\/span><span style=\"font-family: Arial CE;\">id\u0151beoszt\u00e1s<\/span><br \/>\n<span style=\"font-family: Arial CE;\">\u00b7\u00a0<\/span><span style=\"font-family: Arial CE;\">az ir\u00e1ny\u00edt\u00f3 csoport alak\u00edt\u00e1sa<\/span><br \/>\n<span style=\"font-family: Arial CE;\">\u00b7\u00a0<\/span><span style=\"font-family: Arial CE;\">mindenekel\u0151tt a tagok kiv\u00e1laszt\u00e1sa a mintacsoportb\u00f3l \u00e9s megk\u00e9rdez\u00e9s\u00fck, hogy r\u00e9szt akarnak-e venni a munk\u00e1ban.<\/span><\/p>\n<p><span style=\"font-family: Arial CE;\">A le\u00edr\u00f3 r\u00e9szben ugyanazokr\u00f3l a t\u00e9m\u00e1kr\u00f3l folyik a vita mint az \u00e9letmin\u0151s\u00e9g-kutat\u00e1sban, azzal a k\u00fcl\u00f6nbs\u00e9ggel, hogy a k\u00e9rd\u00e9sfeltev\u00e9s m\u00f3dja m\u00e1s.<\/span><br \/>\n<span style=\"font-family: Arial CE;\">A m\u00e9rlegel\u00e9s id\u0151szak\u00e1ban az els\u0151 f\u00e1zisban eml\u00edtett alternat\u00edv\u00e1kat vitatj\u00e1k meg a mintacsoport tagjai. Erre alapozva megfogalmazzuk a v\u00e9grehajtand\u00f3 l\u00e9p\u00e9seket.<\/span><br \/>\n<span style=\"font-family: Arial CE;\">A k\u00f6vetkez\u0151 f\u00e1zisban az ezekhez a l\u00e9p\u00e9sekhez kapcsol\u00f3d\u00f3 el\u0151ny\u00f6ket \u00e9s h\u00e1tr\u00e1nyokat elemzik. Ezt a f\u00e1zist tervez\u00e9snek nevezz\u00fck, mert most, hogy mindent tudunk a l\u00e9p\u00e9sekr\u0151l, k\u00e9sz\u00edthet\u00fcnk a j\u00f6v\u0151re vonatkoz\u00f3 forgat\u00f3k\u00f6nyveket.<\/span><br \/>\n<span style=\"font-family: Arial CE;\">A kutat\u00e1s utols\u00f3 szakasza egyben a v\u00e9geredm\u00e9ny egyik r\u00e9sz\u00e9nek tekinthet\u0151. A megszerzett ismereteket z\u00e1r\u00f3jelent\u00e9s form\u00e1j\u00e1ban adjuk \u00e1t. Ezt ismertetj\u00fck a k\u00fcld\u00f6tts\u00e9g, a mintacsoport tagjai, a lakoss\u00e1g \u00e9s term\u00e9szetesen a sajt\u00f3 nyilv\u00e1noss\u00e1ga el\u0151tt is. Figyelmet szentel\u00fcnk a folyamatos tennival\u00f3knak is.<\/span><br \/>\n<span style=\"font-family: Arial CE;\">A k\u00f6vetkez\u0151 kutat\u00e1si technik\u00e1kat haszn\u00e1ljuk:<\/span><\/p>\n<p><span style=\"font-family: Arial CE;\">&#8211; felt\u00e1r\u00f3 interj\u00fak,<\/span><br \/>\n<span style=\"font-family: Arial CE;\">&#8211; er\u0151forr\u00e1s-tanulm\u00e1ny,<\/span><br \/>\n<span style=\"font-family: Arial CE;\">&#8211; \u00edr\u00e1sban kit\u00f6ltend\u0151 k\u00e9rd\u0151\u00edvek,<\/span><br \/>\n<span style=\"font-family: Arial CE;\">&#8211; csoportvit\u00e1k,<\/span><br \/>\n<span style=\"font-family: Arial CE;\">&#8211; forgat\u00f3k\u00f6nyv-k\u00e9sz\u00edt\u00e9s.<\/span><\/p>\n<p><span style=\"font-family: Arial CE;\">Az er\u0151forr\u00e1s-tanulm\u00e1nyban olyan objekt\u00edv adatokat gy\u0171jt\u00fcnk, amelyek fontosak a kutat\u00e1s sz\u00e1m\u00e1ra. Itt gondolunk demogr\u00e1fiai, foglalkoztat\u00e1si adatokra, m\u00faltbeli \u00e9s jelenbeli region\u00e1lis fejleszt\u00e9sek dokument\u00e1ci\u00f3ira. Az er\u0151forr\u00e1s-tanulm\u00e1ny f\u0151k\u00e9nt kontrollk\u00e9nt (a csoport v\u00e9lem\u00e9ny\u00e9nek kontrolljak\u00e9nt) m\u0171k\u00f6dik.<\/span><br \/>\n<span style=\"font-family: Arial CE;\">A sz\u00e1mok gyakran meglep\u0151ek:<\/span><br \/>\n<span style=\"font-family: Arial CE;\">A De Krim-i emberek azt gondolt\u00e1k, hogy sok \u00f6reg ember \u00e9l n\u00e1luk. Az er\u0151forr\u00e1s-kutat\u00e1sb\u00f3l az der\u00fclt ki, hogy a ford\u00edtottja igaz. A magyar\u00e1zat egyszer\u0171: az id\u0151s emberek lak\u00e1sk\u00f6r\u00fclm\u00e9nyei nem megfelel\u0151ek De Krimben. Mindebb\u0151l sz\u00e1munkra az a fontos, hogy az emberek a sz\u00fcks\u00e9gesn\u00e9l \u00e9s az indokoltn\u00e1l negat\u00edvabban \u00e9rt\u00e9kelik a jelens\u00e9get.<\/span><br \/>\n<span style=\"font-family: Arial CE;\">Az el\u0151k\u00e9sz\u00edt\u0151 f\u00e1zis felt\u00e1r\u00f3 interj\u00fainak f\u0151k\u00e9nt az volt a c\u00e9lja, hogy gyors betekint\u00e9st adjanak a probl\u00e9m\u00e1ba \u00e9s \u00f6tleteket adjanak a j\u00f6v\u0151 lehet\u0151s\u00e9geir\u0151l. Azokat az embereket interj\u00favolt\u00e1k meg, akik j\u00f3l ismert\u00e9k a r\u00e9gi\u00f3t. Olyanokat is megk\u00e9rdeztek, akik egy-egy speci\u00e1lis ter\u00fcleten szak\u00e9rtelemmel b\u00edrtak &#8211; p\u00e9ld\u00e1ul azokat, akik nagyon sokat tudtak a t\u00e1mogat\u00e1si rendszerekr\u0151l. Ezekre az emberekre nem sz\u00fcks\u00e9ges a falu figyelm\u00e9t felh\u00edvni. A felm\u00e9r\u00e9s folyam\u00e1n ezekkel az emberekkel \u00fajra lehet konzult\u00e1lni, ha tov\u00e1bbi r\u00e9szletes inform\u00e1ci\u00f3ra van sz\u00fcks\u00e9g. De Krimben m\u00e1r a felm\u00e9r\u00e9s sor\u00e1n kimutatt\u00e1k, hogy a falun kereszt\u00fcl halad\u00f3 k\u00f6zforgalmi \u00fat \u00e9s a hat\u00f3s\u00e1gokhoz val\u00f3 viszony nagyon fontos t\u00e9m\u00e1k. Mindkett\u0151 folyamatosan jelen volt a kutat\u00e1s sor\u00e1n.<\/span><\/p>\n<p><span style=\"font-family: Arial CE;\">Az \u00edr\u00e1sban kit\u00f6ltend\u0151 k\u00e9rd\u0151\u00edvek els\u0151sorban nyitott k\u00e9rd\u00e9seket tartalmaznak. \u00cdgy a v\u00e1laszad\u00e1s sokkal t\u00f6bb szellemi munk\u00e1t \u00e9s id\u0151t k\u00edv\u00e1nt a csoport tagjait\u00f3l. Gyakran r\u00e1k\u00e9rdez\u00fcnk bizonyos v\u00e9lem\u00e9nyekkel kapcsolatos \u00e9rvekre is. Ha kritika mer\u00fcl fel a saj\u00e1t k\u00f6rnyezet\u00fckkel kapcsolatban vagy ha negat\u00edv t\u00e9m\u00e1kr\u00f3l tesznek eml\u00edt\u00e9st, r\u00f6gt\u00f6n megk\u00e9rdezz\u00fck, mit lehet tenni ellene. Tov\u00e1bb\u00e1 feltesz\u00fcnk n\u00e9h\u00e1ny olyan k\u00e9rd\u00e9st is, amelyeknek c\u00e9lja az emberek k\u00e9pzelet\u00e9nek \u00e9s kreativit\u00e1s\u00e1nak stimul\u00e1l\u00e1sa. P\u00e9ld\u00e1ul a k\u00f6vetkez\u0151 k\u00e9rd\u00e9s:<\/span><br \/>\n<span style=\"font-family: Arial CE;\">Hogy reag\u00e1lnak az emberek, ha egy partin elmondod, hogy hol \u00e9lsz? \u00c9s hogyan reag\u00e1lsz az erre adott reakci\u00f3jukra?<\/span><br \/>\n<span style=\"font-family: Arial CE;\">Vagy:<\/span><br \/>\n<span style=\"font-family: Arial CE;\">Melyik h\u00e1rom mondatot \u00edrn\u00e1d le, ha egy nyilv\u00e1nos rekl\u00e1mnyomtatv\u00e1nyt kellene fogalmaznod a faludr\u00f3l?<\/span><\/p>\n<p><span style=\"font-family: Arial CE;\">A k\u00e9rd\u00e9sek eredm\u00e9nyeit z\u00e1r\u00f3tanulm\u00e1nyban \u00f6sszes\u00edtj\u00fck. Ez egy \u00f6sszefoglal\u00e1s, amit megk\u00fcld\u00fcnk a mintacsoport tagjainak. \u00cdgy tudj\u00e1k egym\u00e1sr\u00f3l, hogy a m\u00e1sik mit mondott \u00e9s kialak\u00edthatj\u00e1k saj\u00e1t v\u00e9lem\u00e9ny\u00fcket a t\u00f6bbiek \u00f6tleteir\u0151l. De Krimben ezt a tanulm\u00e1nyt egy k\u00fcl\u00f6n erre a c\u00e9lra szerkesztett \u00fajs\u00e1gban hoztuk nyilv\u00e1noss\u00e1gra. A k\u00fcl\u00f6nb\u00f6z\u0151, k\u00f6z\u00e9rthet\u0151 st\u00edlusban publik\u00e1lt cikkeket tetsz\u0151leges sorrendben lehetett olvasni.<\/span><\/p>\n<p><span style=\"font-family: Arial CE;\">Az els\u0151k\u00e9nt felsz\u00ednre ker\u00fclt t\u00e9m\u00e1k a k\u00f6vetkez\u0151k voltak:<\/span><br \/>\n<span style=\"font-family: Arial CE;\">&#8211; &#8222;utcai berendez\u00e9sek&#8221;: j\u00e1tsz\u00f3terek, h\u00e1zfest\u00e9s, z\u00f6ld\u00f6vezetek, j\u00e1rd\u00e1k min\u0151s\u00e9ge,<\/span><br \/>\n<span style=\"font-family: Arial CE;\">&#8211; \u00fczletek \u00e9s szolg\u00e1ltat\u00e1sok (a mintacsoport tagjai eml\u00edtettek n\u00e9h\u00e1ny \u00fczletet \u00e9s egy temetkez\u00e9si helyet,<\/span><br \/>\n<span style=\"font-family: Arial CE;\">&#8211; egy k\u00f6zponti t\u00e9r kialak\u00edt\u00e1sa (De Krimnek nem igaz\u00e1n van k\u00f6zponti helye, \u00edgy abban az esetben, ha \u00faj h\u00e1zakat akarn\u00e1nak \u00e9p\u00edteni, nincs mihez viszony\u00edtani \u00e9s probl\u00e9m\u00e1t okoz a De Krim-en kereszt\u00fcl foly\u00f3 csatorna),<\/span><br \/>\n<span style=\"font-family: Arial CE;\">&#8211; a h\u00e1zak \u00e1llaga (k\u00fcl\u00f6n\u00f6sen az a k\u00e9rd\u00e9s, hogy lehet-e tenni valamit a paradicsompor gy\u00e1rb\u00f3l j\u00f6v\u0151 zavar\u00f3 b\u0171zzel \u00e9s a k\u00f6zforgalmi \u00fat melletti kellemetlen zajjal),<\/span><br \/>\n<span style=\"font-family: Arial CE;\">&#8211; k\u00f6z\u00f6ss\u00e9gi szellem (a falu k\u00f6z\u00f6ss\u00e9gi h\u00e1z\u00e1nak \u00e1llapota, hogyan lehet befoly\u00e1solni az embereket, hogy a saj\u00e1t falujukban v\u00e1s\u00e1roljanak),<\/span><br \/>\n<span style=\"font-family: Arial CE;\">&#8211; foglalkoztat\u00e1s (a legfontosabb k\u00e9rd\u00e9s, hogy az ipart b\u0151v\u00edthet\u0151-e),<\/span><br \/>\n<span style=\"font-family: Arial CE;\">&#8211; iskol\u00e1z\u00e1s \u00e9s tanfolyamok (a k\u00e9rd\u00e9s az, hogyan lehetne a tanfolyamokon val\u00f3 r\u00e9szv\u00e9teli ar\u00e1nyt n\u00f6velni),<\/span><br \/>\n<span style=\"font-family: Arial CE;\">&#8211; forgalom \u00e9s k\u00f6zleked\u00e9s (mit kellene tenni a k\u00f6zforgalmi \u00fattal \u00e9s, hogyan lehetne a helyi t\u00f6megk\u00f6zleked\u00e9st t\u00e1mogatni).<\/span><br \/>\n<span style=\"font-family: Arial CE;\">A m\u00e9rlegel\u00e9st csoportvit\u00e1k form\u00e1j\u00e1ban folytatjuk. Annak \u00e9rdek\u00e9ben, hogy min\u00e9l t\u00f6bb embernek alkalmat adjunk a hozz\u00e1sz\u00f3l\u00e1sra, a szavaz\u00e1son alapul\u00f3 vita m\u00f3dszer\u00e9t haszn\u00e1ltuk. Ennek l\u00e9nyege a k\u00f6vetkez\u0151: a le\u00edr\u00f3 f\u00e1zis eredm\u00e9nyeit t\u00e9telesen megfogalmazva k\u00e1rty\u00e1kra \u00edrjuk fel. A minta tagjai a k\u00e1rty\u00e1k felemel\u00e9s\u00e9vel vagy otthagy\u00e1s\u00e1val jelzik, hogy egyet\u00e9rtenek-e a t\u00e9tellel vagy sem. Ha v\u00e9lem\u00e9nyk\u00fcl\u00f6nbs\u00e9g alakul ki (azaz, nem emeli fel vagy nem hagyja az asztalon mindenki &#8222;szavaz\u00f3&#8221; k\u00e1rty\u00e1j\u00e1t), akkor a konkr\u00e9t t\u00e9telb\u0151l lesz vita. A vit\u00e1ban nem tal\u00e1ltuk fontosnak, hogy sokan egyet\u00e9rtenek a t\u00e9tellel vagy sem. Amiket meg akartunk tudni azok a t\u00e9tel ellen\u00e9ben \u00e9s v\u00e9delm\u00e9ben haszn\u00e1lt \u00e9rvek voltak.<\/span><br \/>\n<span style=\"font-family: Arial CE;\">Egy De Krim-i p\u00e9lda:<\/span><br \/>\n<span style=\"font-family: Arial CE;\">A k\u00e9rd\u0151\u00edvben szerepl\u0151 egyik javaslat az volt, hogy az igazgat\u00e1snak De Krimb\u0151l, pozit\u00edv diszkrimin\u00e1ci\u00f3 alkalmaz\u00e1s\u00e1val, t\u00f6bb embert kellene kineveznie. Ez azt jelenten\u00e9, hogy t\u00f6bb inform\u00e1lis kapcsolat j\u00f6hetne l\u00e9tre a lakoss\u00e1g \u00e9s a helyi hatalom k\u00f6z\u00f6tt. Emellett mindez er\u0151sebb r\u00e9szv\u00e9teli \u00e9rz\u00e9st eredm\u00e9nyezne. A csoport nagy r\u00e9sze szimpatiz\u00e1lt ezzel az \u00f6tlettel, de a t\u00f6bbiek szerint ez nem sz\u00fcks\u00e9ges. Az indokuk az volt, hogy ezek az emberek esetleg elk\u00f6lt\u00f6zn\u00e9nek, hogy k\u00f6zelebb \u00e9ljenek a munkahely\u00fckh\u00f6z. K\u00fcl\u00f6n\u00f6sk\u00e9ppen az\u00e9rt mert az igazgat\u00e1s amennyire csak lehets\u00e9ges szeretn\u00e9 az embereket befoly\u00e1solni: csak annyit ing\u00e1zzanak amennyit felt\u00e9tlen\u00fcl sz\u00fcks\u00e9ges. Ebben az esetben a k\u00f6vetkezm\u00e9ny \u00e9ppen az ellenkez\u0151je lenne. A vita eredm\u00e9nyeit egy \u00faj \u00f6sszefoglal\u00f3 tanulm\u00e1nyban fogalmaztuk meg, melyet megk\u00fcldt\u00fck a minta minden tagj\u00e1nak. Ugyanakkor ez volt az a pillanat, amikor a lakoss\u00e1got is t\u00e1j\u00e9koztatnunk kellett arr\u00f3l, ami eddig t\u00f6rt\u00e9nik. De Krim minden h\u00e1z\u00e1ba k\u00fcldt\u00fcnk egy h\u00edrlevelet. A k\u00f6vetkez\u0151, amit tett\u00fcnk, az volt, hogy kiv\u00e1lasztottuk azokat a javaslatokat, amelyeket legink\u00e1bb t\u00e1mogatott a csopor, \u00e9s \u00e1tfogalmaztuk \u0151ket int\u00e9zked\u00e9si terv form\u00e1j\u00e1ba. Minden feladatn\u00e1l megjel\u00f6lt\u00fck a felel\u0151st. A l\u00e9p\u00e9seket nem felt\u00e9teles m\u00f3dban &#8211; &#8222;az \u00fczlettulajdonosok egyes\u00fclet\u00e9nek kellene az utcai v\u00e1s\u00e1rokat megszerveznie&#8221; -, hanem kijelent\u0151 m\u00f3dban &#8211; &#8222;az \u00fczlettulajdonosok egyes\u00fclete fogja megszervezni az utcai v\u00e1s\u00e1rokat&#8221; &#8211; fogalmaztuk meg.<\/span><br \/>\n<span style=\"font-family: Arial CE;\">A m\u00e9rlegel\u00e9si f\u00e1zisban \u00fajra<\/span><span style=\"font-family: Arial CE;\">\u00a0csoportvita form\u00e1j\u00e1ban dolgoztunk. Minden egyes int\u00e9zked\u00e9ssel kapcsolatban feltesz\u00fcnk sz\u00e1mos k\u00e9rd\u00e9st olyan t\u00e9m\u00e1kr\u00f3l, mint<\/span><br \/>\n<span style=\"font-family: Arial CE;\">&#8211; megval\u00f3s\u00edthat\u00f3s\u00e1g,<\/span><br \/>\n<span style=\"font-family: Arial CE;\">&#8211; v\u00e1rhat\u00f3 eredm\u00e9nyek,<\/span><br \/>\n<span style=\"font-family: Arial CE;\">&#8211; szem\u00e9lyek \u00e9s hatalommal b\u00edr\u00f3 int\u00e9zm\u00e9nyek<\/span><br \/>\n<span style=\"font-family: Arial CE;\">&#8211; az int\u00e9zked\u00e9s fontoss\u00e1ga.<\/span><\/p>\n<p><span style=\"font-family: Arial CE;\">N\u00e9ha a minta tagjai sz\u00e1m\u00e1ra nagyon neh\u00e9z, hogy a l\u00e9p\u00e9seket ilyen m\u00f3don vitass\u00e1k meg. \u00c1m ha a vitavezet\u0151 p\u00e9ld\u00e1kat ad \u00e9s \u00e1tfog\u00f3an mondja el \u0151ket, az int\u00e9zked\u00e9s el\u0151nyei \u00e9s h\u00e1tr\u00e1nyai \u00e1ltal\u00e1ban nagyon finoman kirajzol\u00f3dnak.<\/span><br \/>\n<span style=\"font-family: Arial CE;\">Azok az inform\u00e1ci\u00f3k, amiket ezek alatt a tal\u00e1lkoz\u00e1sok alatt \u00f6sszegy\u0171jt\u00f6ttek, alkotj\u00e1k a k\u00fcl\u00f6nb\u00f6z\u0151 t\u00edpus\u00fa forgat\u00f3k\u00f6nyvek kezd\u0151pontjai. Mindegyik ugyanarra az int\u00e9zked\u00e9sre alapul, de az int\u00e9zked\u00e9sek minden esetben m\u00e1s-m\u00e1s sorrendben szerepelnek. A sorrendet az hat\u00e1rozza meg, hogy a menedzsel\u00e9s kiindul\u00f3pontj\u00e1nak mit v\u00e1lasztottak. Kidolgoztunk h\u00e1rom lehets\u00e9ges v\u00e1ltozatot. Ezek a k\u00f6vetkez\u0151k:<\/span><br \/>\n<span style=\"font-family: Arial CE;\">&#8211; a megval\u00f3s\u00edthat\u00f3s\u00e1g k\u00fcl\u00f6nb\u00f6z\u0151 n\u00e9z\u0151pontok szerint,<\/span><br \/>\n<span style=\"font-family: Arial CE;\">&#8211; a hossz\u00fa t\u00e1v\u00fa felt\u00e9telek megteremt\u00e9se,<\/span><br \/>\n<span style=\"font-family: Arial CE;\">&#8211; a mintacsoport fontoss\u00e1gr\u00f3l alkotott v\u00e9lem\u00e9nye.<\/span><\/p>\n<p><b><span style=\"font-family: Arial CE;\">Forgat\u00f3k\u00f6nyvek<\/span><\/b><\/p>\n<p><span style=\"font-family: Arial CE;\">A forgat\u00f3k\u00f6nyveket a falu j\u00f6v\u0151j\u00e9r\u0151l val\u00f3 gondolkod\u00e1st seg\u00edt\u0151 eszk\u00f6zk\u00e9nt alkalmazhat\u00f3. Minden olyan v\u00e1ltozata hasznos lehet, ami alapj\u00e1n megvitathat\u00f3 az egyes vari\u00e1nsok el\u0151nye, illetve h\u00e1tr\u00e1nya.<\/span><br \/>\n<span style=\"font-family: Arial CE;\">\u00c9szrevettem, hogy nagyos sok embernek nehez\u00e9re esik az ezeknek a forgat\u00f3k\u00f6nyveknek a terminusaiban val\u00f3 gondolkod\u00e1s. Teh\u00e1t nem magukat a forgat\u00f3k\u00f6nyveket kell elmagyar\u00e1znom, hanem arr\u00f3l kell egy p\u00e9ld\u00e1t bemutatnom, hogy mik\u00e9nt m\u0171k\u00f6dnek.<\/span><\/p>\n<p><span style=\"font-family: Arial CE;\">A p\u00e9lda egy h\u00e1z fel\u00faj\u00edt\u00e1s\u00e1r\u00f3l sz\u00f3l. Feltehet\u0151en k\u00e9t c\u00e9lom van a h\u00e1z renov\u00e1l\u00e1sakor:<\/span><br \/>\n<span style=\"font-family: Arial CE;\">szebb\u00e9 kell v\u00e1lnia, mint amilyen most \u00e9s a hib\u00e1kat ki kell jav\u00edtani.<\/span><\/p>\n<p><span style=\"font-family: Arial CE;\">\u00d6t l\u00e9p\u00e9sben \u00e9rhetem el a c\u00e9ljaimat:<\/span><br \/>\n<span style=\"font-family: Arial CE;\">1. tap\u00e9t\u00e1z\u00e1s,<\/span><br \/>\n<span style=\"font-family: Arial CE;\">2. a tet\u0151 fel\u00faj\u00edt\u00e1sa,<\/span><br \/>\n<span style=\"font-family: Arial CE;\">3. a h\u00e1z belsej\u00e9nek kifest\u00e9se,<\/span><br \/>\n<span style=\"font-family: Arial CE;\">4. a h\u00e1z k\u00fcls\u0151 fal\u00e1nak fest\u00e9se,<\/span><br \/>\n<span style=\"font-family: Arial CE;\">5. szigetel\u00e9s.<\/span><\/p>\n<p><span style=\"font-family: Arial CE;\">A megval\u00f3s\u00edthat\u00f3s\u00e1gi forgat\u00f3k\u00f6nyvben a k\u00f6vetkez\u0151 sorrendben dolgozn\u00e9k:<\/span><br \/>\n<span style=\"font-family: Arial CE;\">el\u0151sz\u00f6r kitap\u00e9t\u00e1zn\u00e9k \u00e9s kifesten\u00e9m a h\u00e1zbels\u0151t, mert ezek olcs\u00f3ak \u00e9s sz\u00e9pp\u00e9 tenn\u00e9k a szob\u00e1mat azut\u00e1n 4.,5, \u00e9s 2.,<\/span><br \/>\n<span style=\"font-family: Arial CE;\">mert ezek sokkal dr\u00e1g\u00e1bbak. Felismerem azonban, hogy ezzel azt kock\u00e1ztatom, hogy \u00faj be\u00e1z\u00e1s t\u00f6rt\u00e9nik ameddig a tet\u0151t nem \u00faj\u00edtom fel. De igaz\u00e1b\u00f3l nem b\u00e1nom mert, m\u00e9g nincs p\u00e9nzem a tet\u0151 fel\u00faj\u00edt\u00e1s\u00e1ra \u00e9s addig is \u00e9lvezhetem az \u00faj tap\u00e9t\u00e1t.<\/span><br \/>\n<span style=\"font-family: Arial CE;\">A k\u00fcl\u00f6nb\u00f6z\u0151 megold\u00e1sokra k\u00e9sz\u00edtett forgat\u00f3k\u00f6nyvekben m\u00e1s-m\u00e1s sorrendben kezdem meg a munk\u00e1t.:<\/span><br \/>\n<span style=\"font-family: Arial CE;\">a 2. \u00e9s 5. L\u00e9p\u00e9ssel kezdek, mert el\u0151sz\u00f6r az ablakokat kell szigetelni \u00e9s csak azut\u00e1n j\u00f6n az ablakkeretek fest\u00e9se. A tet\u0151 fel\u00faj\u00edt\u00e1sa ut\u00e1n kellene tap\u00e9t\u00e1zni, k\u00fcl\u00f6nben t\u00f6nkremehetnek a tap\u00e9t\u00e1k. Ezut\u00e1n teszem a 3. \u00e9s 4. \u00e9s v\u00e9g\u00fcl 1., mert a tap\u00e9t\u00e1z\u00e1s el\u0151tt festeni kell.<\/span><br \/>\n<span style=\"font-family: Arial CE;\">Val\u00f3j\u00e1ban ez a munkarend a legjobb. De sok id\u0151be telik miel\u0151tt b\u00e1rmi eredm\u00e9nyt l\u00e1thatok, mert el\u0151sz\u00f6r ki kell gazd\u00e1lkodnom a tet\u0151fel\u00faj\u00edt\u00e1shoz a p\u00e9nzt. Ez alatt az id\u0151 alatt nem \u00e9lvezhetem az \u00e9n sz\u00e9p \u00faj tap\u00e9t\u00e1mat.<\/span><\/p>\n<p><span style=\"font-family: Arial CE;\">A mi m\u00f3dszer\u00fcnk utols\u00f3 forgat\u00f3k\u00f6nyve m\u00e9g mindig k\u00fcl\u00f6nb\u00f6zik ezekt\u0151l. Val\u00f3j\u00e1ban nem tudom megmondani, mi lenne itt a j\u00f3 munkasorrend, mert itt nem lehet vitatkozni.<\/span><br \/>\n<span style=\"font-family: Arial CE;\">Amit teszek az a k\u00f6vetkez\u0151:<\/span><br \/>\n<span style=\"font-family: Arial CE;\">Megk\u00e9rdezem a lak\u00f3t\u00e1rsaimat, hogy mit gondol, melyek a legfontosabb int\u00e9zked\u00e9sek.<\/span><br \/>\n<span style=\"font-family: Arial CE;\">Megk\u00e9rem \u0151ket, hogy pontozzanak 1 \u00e9s 5 k\u00f6z\u00f6tt. \u00c1tlagolom ezeket a pontokat, \u00edgy alakul ki a munkasorrend.<\/span><br \/>\n<span style=\"font-family: Arial CE;\">Amint l\u00e1that\u00f3, ez a forgat\u00f3k\u00f6nyv nem mindig \u00e9sszer\u0171. M\u00e9gis nagyon fontos, mert megmutatja, hogy az emberek mit akarnak. \u00c9s amit m\u00e9g lehet tenni: kiv\u00e1lasztani egyet a t\u00f6bbi forgat\u00f3k\u00f6nyvek k\u00f6z\u00fcl, de biztos\u00edtsd, hogy az elej\u00e9n van n\u00e9h\u00e1ny int\u00e9zked\u00e9s, aminek magas pontja volt, mert csak abban az esetben tudod, hogy t\u00e9nyleg azt teszed, amit az emberek akarnak.<\/span><\/p>\n<p><b><span style=\"font-family: Arial CE;\">Vissza a gyakorlathoz:<\/span><\/b><\/p>\n<p><span style=\"font-family: Arial CE;\">De Krimben a kutat\u00e1s eredm\u00e9nyek\u00e9nt l\u00e9trehoztak egy &#8222;De Krim 2000-ben v\u00e1lasztm\u00e1nyt&#8221; .<\/span><br \/>\n<span style=\"font-family: Arial CE;\">A v\u00e1lasztm\u00e1ny a lakoss\u00e1g tagjaib\u00f3l \u00e1ll. A kivitelez\u00e9sr\u0151l k\u00e9sz\u00edtenek egy alternat\u00edv\u00e1kat tartalmaz\u00f3 \u00e9s egy tan\u00e1csad\u00f3 forgat\u00f3k\u00f6nyvet a. Szoros egy\u00fcttm\u0171k\u00f6d\u00e9s alakult ki a helyi igazgat\u00e1ssal. M\u00e1r \u00f6nmag\u00e1ban ez is a kutat\u00e1s nyilv\u00e1nval\u00f3 eredm\u00e9nye, mert nagyon kev\u00e9ss\u00e9 b\u00edztak abban, hogy a helyhat\u00f3s\u00e1g val\u00f3ban tenne valamit De Krim\u00e9rt. Id\u0151k\u00f6zben k\u00fcl\u00f6nb\u00f6z\u0151 ter\u00fcleteken l\u00e1that\u00f3v\u00e1 v\u00e1ltak bizonyos eredm\u00e9nyek, olyan kis dolgokt\u00f3l elkezdve, mint a jelposta, a falu sz\u00e1m\u00e1ra m\u00e9g jelent\u0151sebb dolgokig, mint a buszprojekt, a b\u00e9rh\u00e1zak tataroz\u00e1sa \u00e9s az intenz\u00edv forgalmi kontroll a De Krimen kereszt\u00fclhalad\u00f3 k\u00f6zforgalmi \u00faton.<\/span><br \/>\n<span style=\"font-family: Arial CE;\">A forgat\u00f3k\u00f6nyvekb\u0151l vissza lehet k\u00f6vetkeztetni a munkasorrendre. Egy tervez\u0151 \u00e9s inform\u00e1ci\u00f3s \u0171rlap hasznos seg\u00edts\u00e9g lehet a k\u00f6vetkeztet\u00e9sek levon\u00e1s\u00e1ra. \u00d6sszefoglalva: miut\u00e1n a forgat\u00f3k\u00f6nyv logikus l\u00e9p\u00e9seket tartalmaz, a feladatok sorrendje indokolt. Ha gyakorlatban pr\u00f3b\u00e1lj\u00e1k megval\u00f3s\u00edtani, egy-egy int\u00e9zked\u00e9s sz\u00fcks\u00e9g eset\u00e9n term\u00e9szetesen el\u0151nyben r\u00e9szes\u00fclhet.<\/span><br \/>\n<span style=\"font-family: Arial CE;\">V\u00e9g\u00fcl annyi nyilv\u00e1noss\u00e1got kell biztos\u00edtani a fejleszt\u00e9sek sz\u00e1m\u00e1ra, amennyi csak lehets\u00e9ges \u00e9s \u00fagy kell gondolni minden egyes el\u00e9rt eredm\u00e9nyre, mint a c\u00e9l fel\u00e9 vezet\u0151 fontos m\u00e9rf\u00f6ldk\u0151re!<\/span><\/p>\n<p style=\"text-align: justify;\">\n","protected":false},"excerpt":{"rendered":"<p>De Krim egyike 2 k\u00f6z\u00f6s helyhat\u00f3s\u00e1gi joggal b\u00edr\u00f3 Kelet-Hollandi\u00e1ban l\u00e9v\u0151 tengerparti falunak. De Krimnek Kb. 2.500 lakosa van. A helys\u00e9get a k\u00f6vetkez\u0151 probl\u00e9ma miatt v\u00e1lasztott\u00e1k ki.:<\/p>\n","protected":false},"author":4,"featured_media":5454,"comment_status":"open","ping_status":"open","sticky":false,"template":"","format":"standard","meta":{"_acf_changed":false,"footnotes":""},"categories":[430,8,7],"tags":[],"coauthors":[47],"class_list":["post-5405","post","type-post","status-publish","format-standard","has-post-thumbnail","hentry","category-parola-1998-2-3","category-parola-folyoirat","category-repertorium"],"acf":[],"yoast_head":"<!-- This site is optimized with the Yoast SEO plugin v26.7 - https:\/\/yoast.com\/wordpress\/plugins\/seo\/ -->\n<title>Pillant\u00e1s a j\u00f6v\u0151be - A LOOKING GLAS - m\u00f3dszer - Parola Foly\u00f3irat<\/title>\n<meta name=\"robots\" content=\"index, follow, max-snippet:-1, max-image-preview:large, max-video-preview:-1\" \/>\n<link rel=\"canonical\" href=\"https:\/\/kofe.hu\/parola\/parola-folyoirat\/pillantas-a-jovobe-a-looking-glas-modszer\/\" \/>\n<meta property=\"og:locale\" content=\"hu_HU\" \/>\n<meta property=\"og:type\" content=\"article\" \/>\n<meta property=\"og:title\" content=\"Pillant\u00e1s a j\u00f6v\u0151be - A LOOKING GLAS - m\u00f3dszer - Parola Foly\u00f3irat\" \/>\n<meta property=\"og:description\" content=\"De Krim egyike 2 k\u00f6z\u00f6s helyhat\u00f3s\u00e1gi joggal b\u00edr\u00f3 Kelet-Hollandi\u00e1ban l\u00e9v\u0151 tengerparti falunak. De Krimnek Kb. 2.500 lakosa van. A helys\u00e9get a k\u00f6vetkez\u0151 probl\u00e9ma miatt v\u00e1lasztott\u00e1k ki.:\" \/>\n<meta property=\"og:url\" content=\"https:\/\/kofe.hu\/parola\/parola-folyoirat\/pillantas-a-jovobe-a-looking-glas-modszer\/\" \/>\n<meta property=\"og:site_name\" content=\"Parola Foly\u00f3irat\" \/>\n<meta property=\"article:published_time\" content=\"2020-08-18T22:38:53+00:00\" \/>\n<meta property=\"article:modified_time\" content=\"2020-08-20T06:36:15+00:00\" \/>\n<meta property=\"og:image\" content=\"https:\/\/kofe.hu\/parola\/wp-content\/uploads\/2020\/08\/98.2.3.jpeg\" \/>\n\t<meta property=\"og:image:width\" content=\"1332\" \/>\n\t<meta property=\"og:image:height\" content=\"1980\" \/>\n\t<meta property=\"og:image:type\" content=\"image\/jpeg\" \/>\n<meta name=\"author\" content=\"Parola\" \/>\n<meta name=\"twitter:card\" content=\"summary_large_image\" \/>\n<meta name=\"twitter:label1\" content=\"Szerz\u0151:\" \/>\n\t<meta name=\"twitter:data1\" content=\"Parola\" \/>\n\t<meta name=\"twitter:label2\" content=\"Becs\u00fclt olvas\u00e1si id\u0151\" \/>\n\t<meta name=\"twitter:data2\" content=\"20 perc\" \/>\n\t<meta name=\"twitter:label3\" content=\"Written by\" \/>\n\t<meta name=\"twitter:data3\" content=\"Parola\" \/>\n<script type=\"application\/ld+json\" class=\"yoast-schema-graph\">{\"@context\":\"https:\/\/schema.org\",\"@graph\":[{\"@type\":\"Article\",\"@id\":\"https:\/\/kofe.hu\/parola\/parola-folyoirat\/pillantas-a-jovobe-a-looking-glas-modszer\/#article\",\"isPartOf\":{\"@id\":\"https:\/\/kofe.hu\/parola\/parola-folyoirat\/pillantas-a-jovobe-a-looking-glas-modszer\/\"},\"author\":{\"name\":\"Parola\",\"@id\":\"https:\/\/kofe.hu\/parola\/#\/schema\/person\/b39ea6ec0995233537351d7e33281aeb\"},\"headline\":\"Pillant\u00e1s a j\u00f6v\u0151be &#8211; A LOOKING GLAS &#8211; m\u00f3dszer\",\"datePublished\":\"2020-08-18T22:38:53+00:00\",\"dateModified\":\"2020-08-20T06:36:15+00:00\",\"mainEntityOfPage\":{\"@id\":\"https:\/\/kofe.hu\/parola\/parola-folyoirat\/pillantas-a-jovobe-a-looking-glas-modszer\/\"},\"wordCount\":3990,\"commentCount\":0,\"image\":{\"@id\":\"https:\/\/kofe.hu\/parola\/parola-folyoirat\/pillantas-a-jovobe-a-looking-glas-modszer\/#primaryimage\"},\"thumbnailUrl\":\"https:\/\/kofe.hu\/parola\/wp-content\/uploads\/2020\/08\/98.2.3.jpeg\",\"articleSection\":[\"Parola 1998\/2-3\",\"Parola Foly\u00f3irat\",\"Repert\u00f3rium\"],\"inLanguage\":\"hu\",\"potentialAction\":[{\"@type\":\"CommentAction\",\"name\":\"Comment\",\"target\":[\"https:\/\/kofe.hu\/parola\/parola-folyoirat\/pillantas-a-jovobe-a-looking-glas-modszer\/#respond\"]}]},{\"@type\":\"WebPage\",\"@id\":\"https:\/\/kofe.hu\/parola\/parola-folyoirat\/pillantas-a-jovobe-a-looking-glas-modszer\/\",\"url\":\"https:\/\/kofe.hu\/parola\/parola-folyoirat\/pillantas-a-jovobe-a-looking-glas-modszer\/\",\"name\":\"Pillant\u00e1s a j\u00f6v\u0151be - A LOOKING GLAS - m\u00f3dszer - Parola Foly\u00f3irat\",\"isPartOf\":{\"@id\":\"https:\/\/kofe.hu\/parola\/#website\"},\"primaryImageOfPage\":{\"@id\":\"https:\/\/kofe.hu\/parola\/parola-folyoirat\/pillantas-a-jovobe-a-looking-glas-modszer\/#primaryimage\"},\"image\":{\"@id\":\"https:\/\/kofe.hu\/parola\/parola-folyoirat\/pillantas-a-jovobe-a-looking-glas-modszer\/#primaryimage\"},\"thumbnailUrl\":\"https:\/\/kofe.hu\/parola\/wp-content\/uploads\/2020\/08\/98.2.3.jpeg\",\"datePublished\":\"2020-08-18T22:38:53+00:00\",\"dateModified\":\"2020-08-20T06:36:15+00:00\",\"author\":{\"@id\":\"https:\/\/kofe.hu\/parola\/#\/schema\/person\/b39ea6ec0995233537351d7e33281aeb\"},\"breadcrumb\":{\"@id\":\"https:\/\/kofe.hu\/parola\/parola-folyoirat\/pillantas-a-jovobe-a-looking-glas-modszer\/#breadcrumb\"},\"inLanguage\":\"hu\",\"potentialAction\":[{\"@type\":\"ReadAction\",\"target\":[\"https:\/\/kofe.hu\/parola\/parola-folyoirat\/pillantas-a-jovobe-a-looking-glas-modszer\/\"]}]},{\"@type\":\"ImageObject\",\"inLanguage\":\"hu\",\"@id\":\"https:\/\/kofe.hu\/parola\/parola-folyoirat\/pillantas-a-jovobe-a-looking-glas-modszer\/#primaryimage\",\"url\":\"https:\/\/kofe.hu\/parola\/wp-content\/uploads\/2020\/08\/98.2.3.jpeg\",\"contentUrl\":\"https:\/\/kofe.hu\/parola\/wp-content\/uploads\/2020\/08\/98.2.3.jpeg\",\"width\":1332,\"height\":1980},{\"@type\":\"BreadcrumbList\",\"@id\":\"https:\/\/kofe.hu\/parola\/parola-folyoirat\/pillantas-a-jovobe-a-looking-glas-modszer\/#breadcrumb\",\"itemListElement\":[{\"@type\":\"ListItem\",\"position\":1,\"name\":\"Home\",\"item\":\"https:\/\/kofe.hu\/parola\/\"},{\"@type\":\"ListItem\",\"position\":2,\"name\":\"Pillant\u00e1s a j\u00f6v\u0151be &#8211; A LOOKING GLAS &#8211; m\u00f3dszer\"}]},{\"@type\":\"WebSite\",\"@id\":\"https:\/\/kofe.hu\/parola\/#website\",\"url\":\"https:\/\/kofe.hu\/parola\/\",\"name\":\"Parola Foly\u00f3irat\",\"description\":\"\",\"potentialAction\":[{\"@type\":\"SearchAction\",\"target\":{\"@type\":\"EntryPoint\",\"urlTemplate\":\"https:\/\/kofe.hu\/parola\/?s={search_term_string}\"},\"query-input\":{\"@type\":\"PropertyValueSpecification\",\"valueRequired\":true,\"valueName\":\"search_term_string\"}}],\"inLanguage\":\"hu\"},{\"@type\":\"Person\",\"@id\":\"https:\/\/kofe.hu\/parola\/#\/schema\/person\/b39ea6ec0995233537351d7e33281aeb\",\"name\":\"Parola\",\"image\":{\"@type\":\"ImageObject\",\"inLanguage\":\"hu\",\"@id\":\"https:\/\/kofe.hu\/parola\/#\/schema\/person\/image\/ef1d7dc4d1949d5457aa415351763853\",\"url\":\"https:\/\/secure.gravatar.com\/avatar\/c18c00ea50048aa7adb99e5d11e4250d05111e33b2bea02671439eb7912c945e?s=96&d=mm&r=g\",\"contentUrl\":\"https:\/\/secure.gravatar.com\/avatar\/c18c00ea50048aa7adb99e5d11e4250d05111e33b2bea02671439eb7912c945e?s=96&d=mm&r=g\",\"caption\":\"Parola\"},\"url\":\"https:\/\/kofe.hu\/parola\/szerzok\/parola\/\"}]}<\/script>\n<!-- \/ Yoast SEO plugin. -->","yoast_head_json":{"title":"Pillant\u00e1s a j\u00f6v\u0151be - A LOOKING GLAS - m\u00f3dszer - Parola Foly\u00f3irat","robots":{"index":"index","follow":"follow","max-snippet":"max-snippet:-1","max-image-preview":"max-image-preview:large","max-video-preview":"max-video-preview:-1"},"canonical":"https:\/\/kofe.hu\/parola\/parola-folyoirat\/pillantas-a-jovobe-a-looking-glas-modszer\/","og_locale":"hu_HU","og_type":"article","og_title":"Pillant\u00e1s a j\u00f6v\u0151be - A LOOKING GLAS - m\u00f3dszer - Parola Foly\u00f3irat","og_description":"De Krim egyike 2 k\u00f6z\u00f6s helyhat\u00f3s\u00e1gi joggal b\u00edr\u00f3 Kelet-Hollandi\u00e1ban l\u00e9v\u0151 tengerparti falunak. De Krimnek Kb. 2.500 lakosa van. A helys\u00e9get a k\u00f6vetkez\u0151 probl\u00e9ma miatt v\u00e1lasztott\u00e1k ki.:","og_url":"https:\/\/kofe.hu\/parola\/parola-folyoirat\/pillantas-a-jovobe-a-looking-glas-modszer\/","og_site_name":"Parola Foly\u00f3irat","article_published_time":"2020-08-18T22:38:53+00:00","article_modified_time":"2020-08-20T06:36:15+00:00","og_image":[{"width":1332,"height":1980,"url":"https:\/\/kofe.hu\/parola\/wp-content\/uploads\/2020\/08\/98.2.3.jpeg","type":"image\/jpeg"}],"author":"Parola","twitter_card":"summary_large_image","twitter_misc":{"Szerz\u0151:":"Parola","Becs\u00fclt olvas\u00e1si id\u0151":"20 perc","Written by":"Parola"},"schema":{"@context":"https:\/\/schema.org","@graph":[{"@type":"Article","@id":"https:\/\/kofe.hu\/parola\/parola-folyoirat\/pillantas-a-jovobe-a-looking-glas-modszer\/#article","isPartOf":{"@id":"https:\/\/kofe.hu\/parola\/parola-folyoirat\/pillantas-a-jovobe-a-looking-glas-modszer\/"},"author":{"name":"Parola","@id":"https:\/\/kofe.hu\/parola\/#\/schema\/person\/b39ea6ec0995233537351d7e33281aeb"},"headline":"Pillant\u00e1s a j\u00f6v\u0151be &#8211; A LOOKING GLAS &#8211; m\u00f3dszer","datePublished":"2020-08-18T22:38:53+00:00","dateModified":"2020-08-20T06:36:15+00:00","mainEntityOfPage":{"@id":"https:\/\/kofe.hu\/parola\/parola-folyoirat\/pillantas-a-jovobe-a-looking-glas-modszer\/"},"wordCount":3990,"commentCount":0,"image":{"@id":"https:\/\/kofe.hu\/parola\/parola-folyoirat\/pillantas-a-jovobe-a-looking-glas-modszer\/#primaryimage"},"thumbnailUrl":"https:\/\/kofe.hu\/parola\/wp-content\/uploads\/2020\/08\/98.2.3.jpeg","articleSection":["Parola 1998\/2-3","Parola Foly\u00f3irat","Repert\u00f3rium"],"inLanguage":"hu","potentialAction":[{"@type":"CommentAction","name":"Comment","target":["https:\/\/kofe.hu\/parola\/parola-folyoirat\/pillantas-a-jovobe-a-looking-glas-modszer\/#respond"]}]},{"@type":"WebPage","@id":"https:\/\/kofe.hu\/parola\/parola-folyoirat\/pillantas-a-jovobe-a-looking-glas-modszer\/","url":"https:\/\/kofe.hu\/parola\/parola-folyoirat\/pillantas-a-jovobe-a-looking-glas-modszer\/","name":"Pillant\u00e1s a j\u00f6v\u0151be - A LOOKING GLAS - m\u00f3dszer - Parola Foly\u00f3irat","isPartOf":{"@id":"https:\/\/kofe.hu\/parola\/#website"},"primaryImageOfPage":{"@id":"https:\/\/kofe.hu\/parola\/parola-folyoirat\/pillantas-a-jovobe-a-looking-glas-modszer\/#primaryimage"},"image":{"@id":"https:\/\/kofe.hu\/parola\/parola-folyoirat\/pillantas-a-jovobe-a-looking-glas-modszer\/#primaryimage"},"thumbnailUrl":"https:\/\/kofe.hu\/parola\/wp-content\/uploads\/2020\/08\/98.2.3.jpeg","datePublished":"2020-08-18T22:38:53+00:00","dateModified":"2020-08-20T06:36:15+00:00","author":{"@id":"https:\/\/kofe.hu\/parola\/#\/schema\/person\/b39ea6ec0995233537351d7e33281aeb"},"breadcrumb":{"@id":"https:\/\/kofe.hu\/parola\/parola-folyoirat\/pillantas-a-jovobe-a-looking-glas-modszer\/#breadcrumb"},"inLanguage":"hu","potentialAction":[{"@type":"ReadAction","target":["https:\/\/kofe.hu\/parola\/parola-folyoirat\/pillantas-a-jovobe-a-looking-glas-modszer\/"]}]},{"@type":"ImageObject","inLanguage":"hu","@id":"https:\/\/kofe.hu\/parola\/parola-folyoirat\/pillantas-a-jovobe-a-looking-glas-modszer\/#primaryimage","url":"https:\/\/kofe.hu\/parola\/wp-content\/uploads\/2020\/08\/98.2.3.jpeg","contentUrl":"https:\/\/kofe.hu\/parola\/wp-content\/uploads\/2020\/08\/98.2.3.jpeg","width":1332,"height":1980},{"@type":"BreadcrumbList","@id":"https:\/\/kofe.hu\/parola\/parola-folyoirat\/pillantas-a-jovobe-a-looking-glas-modszer\/#breadcrumb","itemListElement":[{"@type":"ListItem","position":1,"name":"Home","item":"https:\/\/kofe.hu\/parola\/"},{"@type":"ListItem","position":2,"name":"Pillant\u00e1s a j\u00f6v\u0151be &#8211; A LOOKING GLAS &#8211; m\u00f3dszer"}]},{"@type":"WebSite","@id":"https:\/\/kofe.hu\/parola\/#website","url":"https:\/\/kofe.hu\/parola\/","name":"Parola Foly\u00f3irat","description":"","potentialAction":[{"@type":"SearchAction","target":{"@type":"EntryPoint","urlTemplate":"https:\/\/kofe.hu\/parola\/?s={search_term_string}"},"query-input":{"@type":"PropertyValueSpecification","valueRequired":true,"valueName":"search_term_string"}}],"inLanguage":"hu"},{"@type":"Person","@id":"https:\/\/kofe.hu\/parola\/#\/schema\/person\/b39ea6ec0995233537351d7e33281aeb","name":"Parola","image":{"@type":"ImageObject","inLanguage":"hu","@id":"https:\/\/kofe.hu\/parola\/#\/schema\/person\/image\/ef1d7dc4d1949d5457aa415351763853","url":"https:\/\/secure.gravatar.com\/avatar\/c18c00ea50048aa7adb99e5d11e4250d05111e33b2bea02671439eb7912c945e?s=96&d=mm&r=g","contentUrl":"https:\/\/secure.gravatar.com\/avatar\/c18c00ea50048aa7adb99e5d11e4250d05111e33b2bea02671439eb7912c945e?s=96&d=mm&r=g","caption":"Parola"},"url":"https:\/\/kofe.hu\/parola\/szerzok\/parola\/"}]}},"_links":{"self":[{"href":"https:\/\/kofe.hu\/parola\/wp-json\/wp\/v2\/posts\/5405","targetHints":{"allow":["GET"]}}],"collection":[{"href":"https:\/\/kofe.hu\/parola\/wp-json\/wp\/v2\/posts"}],"about":[{"href":"https:\/\/kofe.hu\/parola\/wp-json\/wp\/v2\/types\/post"}],"author":[{"embeddable":true,"href":"https:\/\/kofe.hu\/parola\/wp-json\/wp\/v2\/users\/4"}],"replies":[{"embeddable":true,"href":"https:\/\/kofe.hu\/parola\/wp-json\/wp\/v2\/comments?post=5405"}],"version-history":[{"count":2,"href":"https:\/\/kofe.hu\/parola\/wp-json\/wp\/v2\/posts\/5405\/revisions"}],"predecessor-version":[{"id":5461,"href":"https:\/\/kofe.hu\/parola\/wp-json\/wp\/v2\/posts\/5405\/revisions\/5461"}],"wp:featuredmedia":[{"embeddable":true,"href":"https:\/\/kofe.hu\/parola\/wp-json\/wp\/v2\/media\/5454"}],"wp:attachment":[{"href":"https:\/\/kofe.hu\/parola\/wp-json\/wp\/v2\/media?parent=5405"}],"wp:term":[{"taxonomy":"category","embeddable":true,"href":"https:\/\/kofe.hu\/parola\/wp-json\/wp\/v2\/categories?post=5405"},{"taxonomy":"post_tag","embeddable":true,"href":"https:\/\/kofe.hu\/parola\/wp-json\/wp\/v2\/tags?post=5405"},{"taxonomy":"author","embeddable":true,"href":"https:\/\/kofe.hu\/parola\/wp-json\/wp\/v2\/coauthors?post=5405"}],"curies":[{"name":"wp","href":"https:\/\/api.w.org\/{rel}","templated":true}]}}