{"id":5387,"date":"2020-08-18T22:08:30","date_gmt":"2020-08-18T22:08:30","guid":{"rendered":"https:\/\/kofe.hu\/parola\/?p=5387"},"modified":"2020-08-20T06:28:17","modified_gmt":"2020-08-20T06:28:17","slug":"kuldottnek-lenni","status":"publish","type":"post","link":"https:\/\/kofe.hu\/parola\/parola-folyoirat\/kuldottnek-lenni\/","title":{"rendered":"K\u00fcld\u00f6ttnek lenni"},"content":{"rendered":"<p style=\"text-align: justify;\"><span style=\"font-family: Times New Roman CE;\">1. MIT JELENT?<\/span><br \/>\n<span style=\"font-family: Times New Roman CE;\">R\u00e9szt venni egy konferenci\u00e1n vagy m\u00e1s szervezet gy\u0171l\u00e9s\u00e9n abb\u00f3l a c\u00e9lb\u00f3l, hogy saj\u00e1t szervezet\u00fcnk \u00e1ll\u00e1spontj\u00e1t \u00e9s hat\u00e1rozatait k\u00e9pviselj\u00fck.<\/span><br \/>\n<span style=\"font-family: Times New Roman CE;\">Felel\u0151ss\u00e9ggel \u00e9s k\u00f6telezetts\u00e9gekkel j\u00e1r: fontos feladat.<\/span><br \/>\n<!--more--><br \/>\n<span style=\"font-family: Times New Roman CE;\">2. MILYEN C\u00c9LB\u00d3L K\u00dcLDJ\u00dcNK K\u00dcLD\u00d6TTET VALAHOVA?<\/span><br \/>\n<span style=\"font-family: Times New Roman CE;\">* ha politikai t\u00e1mogat\u00e1st akarunk adni m\u00e1s szervezeteknek \u00e9s kamp\u00e1nyaiknak, jobb kapcsolatokat akarunk ki\u00e9p\u00edteni \u00e9s jobb meg\u00e9rt\u00e9st el\u00e9rni<\/span><br \/>\n<span style=\"font-family: Times New Roman CE;\">* ha a k\u00f6z\u00f6ss\u00e9gi ellen\u0151rz\u00e9st az \u00fcgy felett meg akarjuk osztani m\u00e1s szervezetekkel<\/span><br \/>\n<span style=\"font-family: Times New Roman CE;\">* ha konferenci\u00e1kon a d\u00f6nt\u00e9shozatalt befoly\u00e1solni akarjuk<\/span><br \/>\n<span style=\"font-family: Times New Roman CE;\">* ha fel akarjuk haszn\u00e1lni az alkalmat arra, hogy m\u00e1s szervezetek k\u00e9pvisel\u0151ivel tal\u00e1lkozzunk \u00e9s t\u00e1rgyalhassunk<\/span><\/p>\n<p><span style=\"font-family: Times New Roman CE;\">3. A K\u00dcLD\u00d6TT FELEL\u0150SS\u00c9GE<\/span><br \/>\n<span style=\"font-family: Times New Roman CE;\">* Ne feledj\u00e9k el, hogy nem mag\u00e1nszem\u00e9lyk\u00e9nt vannak jelen, ne saj\u00e1t v\u00e9lem\u00e9ny\u00fcket \u00e9s n\u00e9zeteiket adj\u00e1k el\u0151, hanem az \u00e1ltaluk k\u00e9pviselt szervezet\u00e9t.<\/span><br \/>\n<span style=\"font-family: Times New Roman CE;\">* A k\u00fcld\u0151 szervezet el\u0151zetesen tiszt\u00e1zza \u00e1ll\u00e1spontj\u00e1t \u00e9s k\u00e9sz\u00edtse fel a k\u00fcld\u00f6ttet arra is, hogyan szavazzon. Mindent nem lehet el\u0151re l\u00e1tni, a bizalom is nagyon fontos: sok m\u00falik a csoport \u00f6sszetart\u00e1s\u00e1n, az el\u0151zetes megbesz\u00e9l\u00e9seken \u00e9s a k\u00fcld\u00f6tt intelligenci\u00e1j\u00e1n.<\/span><br \/>\n<span style=\"font-family: Times New Roman CE;\">* A k\u00fcld\u00f6tt feladata haza\u00e9rkez\u00e9se ut\u00e1n a lehet\u0151 leggyorsabban jelent\u00e9st tenni.<\/span><br \/>\n<span style=\"font-family: Times New Roman CE;\">* A k\u00fcld\u00f6tt vigye mag\u00e1val szervezete sz\u00f3r\u00f3anyagait \u00e9s h\u00edrleveleit, terjessze vagy \u00e1rus\u00edtsa \u0151ket, \u00e9s hozzon mag\u00e1val min\u00e9l t\u00f6bb ilyen anyagot m\u00e1s szervezetekr\u0151l.<\/span><br \/>\n<span style=\"font-family: Times New Roman CE;\">* A k\u00fcld\u00f6tt haszn\u00e1lja fel ezeket az alkalmakat szervezete ismertet\u00e9s\u00e9re, n\u00e9pszer\u0171s\u00edt\u00e9s\u00e9re.<\/span><\/p>\n<p><span style=\"font-family: Times New Roman CE;\">4. KIT K\u00dcLDJ\u00dcNK?<\/span><br \/>\n<span style=\"font-family: Times New Roman CE;\">* k\u00fcl\u00f6nf\u00e9le alkalmakn\u00e1l v\u00e1lasszunk m\u00e1s \u00e9s m\u00e1s embereket, hogy tapasztalatokat szerezzenek<\/span><br \/>\n<span style=\"font-family: Times New Roman CE;\">* mindig k\u00f6z\u00f6sen d\u00f6nts\u00fck el, az adott esetben ki a legmegfelel\u0151bb k\u00fcld\u00f6tt<\/span><br \/>\n<span style=\"font-family: Times New Roman CE;\">* j\u00f3, ha van egy tartal\u00e9k szem\u00e9ly, v\u00e1ratlan esem\u00e9nyek eset\u00e9re<\/span><br \/>\n<span style=\"font-family: Times New Roman CE;\">* ha k\u00fcld\u00f6tt\u00fcnk tapasztalatlan, k\u00fcldj\u00fcnk k\u00e9t k\u00fcld\u00f6ttet, vagy egy k\u00fcld\u00f6ttet \u00e9s egy megfigyel\u0151t<\/span><br \/>\n<span style=\"font-family: Times New Roman CE;\">* ha pl. hivatalos \u00f6nkorm\u00e1nyzati \u00fcl\u00e9sekre deleg\u00e1lunk valakit, f\u00e9l\u00e9vente-\u00e9vente v\u00e1ltoztassuk meg a szem\u00e9ly\u00e9t, miel\u0151tt gondolkod\u00e1s\u00e1t \u00e1titatn\u00e1 a hivatali gondolkod\u00e1sm\u00f3d<\/span><br \/>\n<span style=\"font-family: Times New Roman CE;\">* a t\u00f6bbletmunka \u00e9s a t\u00f6bbletk\u00f6lts\u00e9g ellen\u00e9re j\u00f3 min\u00e9l t\u00f6bb k\u00fcld\u00f6ttet k\u00fcldeni: megmutatja er\u0151nket, t\u00e1maszt jelent el\u0151ad\u00f3nknak, t\u00f6bb tan\u00fabizonys\u00e1got, besz\u00e1mol\u00f3t hallhatunk a t\u00f6rt\u00e9ntekr\u0151l<\/span><br \/>\n<span style=\"font-family: Times New Roman CE;\">* a k\u00fcld\u00f6tt legyen szervezet\u00fcnk\u00a0<\/span><i><span style=\"font-family: Times New Roman CE;\">tagja:\u00a0<\/span><\/i><span style=\"font-family: Times New Roman CE;\">azaz k\u00f6teles legyen besz\u00e1molni r\u00e9szv\u00e9tel\u00e9r\u0151l a v\u00e1lasztm\u00e1nynak \u00e9s a tags\u00e1gnak.<\/span><br \/>\n<span style=\"font-family: Times New Roman CE;\">* mindenki el\u0151tt legyen vil\u00e1gos, hogy a k\u00fcld\u00f6tt visszah\u00edvhat\u00f3<\/span><br \/>\n<span style=\"font-family: Times New Roman CE;\">* a k\u00fcld\u00f6tt nem csup\u00e1n elutazik \u00e9s r\u00e9szt vesz, hanem fel is k\u00e9sz\u00fcl szerepl\u00e9s\u00e9re \u00e9s a visszacsatol\u00e1sra<\/span><br \/>\n<span style=\"font-family: Times New Roman CE;\">* figyelem: van, aki szem\u00e9lyes amb\u00edci\u00f3ja \u00e9s \u00e9rdekei miatt k\u00edv\u00e1n valamely szervezet \u00fcl\u00e9s\u00e9n vagy kamp\u00e1ny\u00e1n k\u00fcld\u00f6ttk\u00e9nt r\u00e9szt venni!<\/span><\/p>\n","protected":false},"excerpt":{"rendered":"<p>1. MIT JELENT? R\u00e9szt venni egy konferenci\u00e1n vagy m\u00e1s szervezet gy\u0171l\u00e9s\u00e9n abb\u00f3l a c\u00e9lb\u00f3l, hogy saj\u00e1t szervezet\u00fcnk \u00e1ll\u00e1spontj\u00e1t \u00e9s hat\u00e1rozatait k\u00e9pviselj\u00fck. Felel\u0151ss\u00e9ggel \u00e9s k\u00f6telezetts\u00e9gekkel j\u00e1r: fontos feladat.<\/p>\n","protected":false},"author":4,"featured_media":5439,"comment_status":"open","ping_status":"open","sticky":false,"template":"","format":"standard","meta":{"_acf_changed":false,"footnotes":""},"categories":[420,8,7],"tags":[],"coauthors":[47],"class_list":["post-5387","post","type-post","status-publish","format-standard","has-post-thumbnail","hentry","category-parola-1997-2-3","category-parola-folyoirat","category-repertorium"],"acf":[],"yoast_head":"<!-- This site is optimized with the Yoast SEO plugin v26.7 - https:\/\/yoast.com\/wordpress\/plugins\/seo\/ -->\n<title>K\u00fcld\u00f6ttnek lenni - Parola Foly\u00f3irat<\/title>\n<meta name=\"robots\" content=\"index, follow, max-snippet:-1, max-image-preview:large, max-video-preview:-1\" \/>\n<link rel=\"canonical\" href=\"https:\/\/kofe.hu\/parola\/parola-folyoirat\/kuldottnek-lenni\/\" \/>\n<meta property=\"og:locale\" content=\"hu_HU\" \/>\n<meta property=\"og:type\" content=\"article\" \/>\n<meta property=\"og:title\" content=\"K\u00fcld\u00f6ttnek lenni - Parola Foly\u00f3irat\" \/>\n<meta property=\"og:description\" content=\"1. MIT JELENT? R\u00e9szt venni egy konferenci\u00e1n vagy m\u00e1s szervezet gy\u0171l\u00e9s\u00e9n abb\u00f3l a c\u00e9lb\u00f3l, hogy saj\u00e1t szervezet\u00fcnk \u00e1ll\u00e1spontj\u00e1t \u00e9s hat\u00e1rozatait k\u00e9pviselj\u00fck. Felel\u0151ss\u00e9ggel \u00e9s k\u00f6telezetts\u00e9gekkel j\u00e1r: fontos feladat.\" \/>\n<meta property=\"og:url\" content=\"https:\/\/kofe.hu\/parola\/parola-folyoirat\/kuldottnek-lenni\/\" \/>\n<meta property=\"og:site_name\" content=\"Parola Foly\u00f3irat\" \/>\n<meta property=\"article:published_time\" content=\"2020-08-18T22:08:30+00:00\" \/>\n<meta property=\"article:modified_time\" content=\"2020-08-20T06:28:17+00:00\" \/>\n<meta property=\"og:image\" content=\"https:\/\/kofe.hu\/parola\/wp-content\/uploads\/2020\/08\/97.2.3-500x500.jpeg\" \/>\n\t<meta property=\"og:image:width\" content=\"500\" \/>\n\t<meta property=\"og:image:height\" content=\"500\" \/>\n\t<meta property=\"og:image:type\" content=\"image\/jpeg\" \/>\n<meta name=\"author\" content=\"Parola\" \/>\n<meta name=\"twitter:card\" content=\"summary_large_image\" \/>\n<meta name=\"twitter:label1\" content=\"Szerz\u0151:\" \/>\n\t<meta name=\"twitter:data1\" content=\"Parola\" \/>\n\t<meta name=\"twitter:label2\" content=\"Becs\u00fclt olvas\u00e1si id\u0151\" \/>\n\t<meta name=\"twitter:data2\" content=\"3 perc\" \/>\n\t<meta name=\"twitter:label3\" content=\"Written by\" \/>\n\t<meta name=\"twitter:data3\" content=\"Parola\" \/>\n<script type=\"application\/ld+json\" class=\"yoast-schema-graph\">{\"@context\":\"https:\/\/schema.org\",\"@graph\":[{\"@type\":\"Article\",\"@id\":\"https:\/\/kofe.hu\/parola\/parola-folyoirat\/kuldottnek-lenni\/#article\",\"isPartOf\":{\"@id\":\"https:\/\/kofe.hu\/parola\/parola-folyoirat\/kuldottnek-lenni\/\"},\"author\":{\"name\":\"Parola\",\"@id\":\"https:\/\/kofe.hu\/parola\/#\/schema\/person\/b39ea6ec0995233537351d7e33281aeb\"},\"headline\":\"K\u00fcld\u00f6ttnek lenni\",\"datePublished\":\"2020-08-18T22:08:30+00:00\",\"dateModified\":\"2020-08-20T06:28:17+00:00\",\"mainEntityOfPage\":{\"@id\":\"https:\/\/kofe.hu\/parola\/parola-folyoirat\/kuldottnek-lenni\/\"},\"wordCount\":549,\"commentCount\":0,\"image\":{\"@id\":\"https:\/\/kofe.hu\/parola\/parola-folyoirat\/kuldottnek-lenni\/#primaryimage\"},\"thumbnailUrl\":\"https:\/\/kofe.hu\/parola\/wp-content\/uploads\/2020\/08\/97.2.3-500x500.jpeg\",\"articleSection\":[\"Parola 1997\/2-3\",\"Parola Foly\u00f3irat\",\"Repert\u00f3rium\"],\"inLanguage\":\"hu\",\"potentialAction\":[{\"@type\":\"CommentAction\",\"name\":\"Comment\",\"target\":[\"https:\/\/kofe.hu\/parola\/parola-folyoirat\/kuldottnek-lenni\/#respond\"]}]},{\"@type\":\"WebPage\",\"@id\":\"https:\/\/kofe.hu\/parola\/parola-folyoirat\/kuldottnek-lenni\/\",\"url\":\"https:\/\/kofe.hu\/parola\/parola-folyoirat\/kuldottnek-lenni\/\",\"name\":\"K\u00fcld\u00f6ttnek lenni - Parola Foly\u00f3irat\",\"isPartOf\":{\"@id\":\"https:\/\/kofe.hu\/parola\/#website\"},\"primaryImageOfPage\":{\"@id\":\"https:\/\/kofe.hu\/parola\/parola-folyoirat\/kuldottnek-lenni\/#primaryimage\"},\"image\":{\"@id\":\"https:\/\/kofe.hu\/parola\/parola-folyoirat\/kuldottnek-lenni\/#primaryimage\"},\"thumbnailUrl\":\"https:\/\/kofe.hu\/parola\/wp-content\/uploads\/2020\/08\/97.2.3-500x500.jpeg\",\"datePublished\":\"2020-08-18T22:08:30+00:00\",\"dateModified\":\"2020-08-20T06:28:17+00:00\",\"author\":{\"@id\":\"https:\/\/kofe.hu\/parola\/#\/schema\/person\/b39ea6ec0995233537351d7e33281aeb\"},\"breadcrumb\":{\"@id\":\"https:\/\/kofe.hu\/parola\/parola-folyoirat\/kuldottnek-lenni\/#breadcrumb\"},\"inLanguage\":\"hu\",\"potentialAction\":[{\"@type\":\"ReadAction\",\"target\":[\"https:\/\/kofe.hu\/parola\/parola-folyoirat\/kuldottnek-lenni\/\"]}]},{\"@type\":\"ImageObject\",\"inLanguage\":\"hu\",\"@id\":\"https:\/\/kofe.hu\/parola\/parola-folyoirat\/kuldottnek-lenni\/#primaryimage\",\"url\":\"https:\/\/kofe.hu\/parola\/wp-content\/uploads\/2020\/08\/97.2.3-500x500.jpeg\",\"contentUrl\":\"https:\/\/kofe.hu\/parola\/wp-content\/uploads\/2020\/08\/97.2.3-500x500.jpeg\",\"width\":500,\"height\":500},{\"@type\":\"BreadcrumbList\",\"@id\":\"https:\/\/kofe.hu\/parola\/parola-folyoirat\/kuldottnek-lenni\/#breadcrumb\",\"itemListElement\":[{\"@type\":\"ListItem\",\"position\":1,\"name\":\"Home\",\"item\":\"https:\/\/kofe.hu\/parola\/\"},{\"@type\":\"ListItem\",\"position\":2,\"name\":\"K\u00fcld\u00f6ttnek lenni\"}]},{\"@type\":\"WebSite\",\"@id\":\"https:\/\/kofe.hu\/parola\/#website\",\"url\":\"https:\/\/kofe.hu\/parola\/\",\"name\":\"Parola Foly\u00f3irat\",\"description\":\"\",\"potentialAction\":[{\"@type\":\"SearchAction\",\"target\":{\"@type\":\"EntryPoint\",\"urlTemplate\":\"https:\/\/kofe.hu\/parola\/?s={search_term_string}\"},\"query-input\":{\"@type\":\"PropertyValueSpecification\",\"valueRequired\":true,\"valueName\":\"search_term_string\"}}],\"inLanguage\":\"hu\"},{\"@type\":\"Person\",\"@id\":\"https:\/\/kofe.hu\/parola\/#\/schema\/person\/b39ea6ec0995233537351d7e33281aeb\",\"name\":\"Parola\",\"image\":{\"@type\":\"ImageObject\",\"inLanguage\":\"hu\",\"@id\":\"https:\/\/kofe.hu\/parola\/#\/schema\/person\/image\/ef1d7dc4d1949d5457aa415351763853\",\"url\":\"https:\/\/secure.gravatar.com\/avatar\/c18c00ea50048aa7adb99e5d11e4250d05111e33b2bea02671439eb7912c945e?s=96&d=mm&r=g\",\"contentUrl\":\"https:\/\/secure.gravatar.com\/avatar\/c18c00ea50048aa7adb99e5d11e4250d05111e33b2bea02671439eb7912c945e?s=96&d=mm&r=g\",\"caption\":\"Parola\"},\"url\":\"https:\/\/kofe.hu\/parola\/szerzok\/parola\/\"}]}<\/script>\n<!-- \/ Yoast SEO plugin. -->","yoast_head_json":{"title":"K\u00fcld\u00f6ttnek lenni - Parola Foly\u00f3irat","robots":{"index":"index","follow":"follow","max-snippet":"max-snippet:-1","max-image-preview":"max-image-preview:large","max-video-preview":"max-video-preview:-1"},"canonical":"https:\/\/kofe.hu\/parola\/parola-folyoirat\/kuldottnek-lenni\/","og_locale":"hu_HU","og_type":"article","og_title":"K\u00fcld\u00f6ttnek lenni - Parola Foly\u00f3irat","og_description":"1. MIT JELENT? R\u00e9szt venni egy konferenci\u00e1n vagy m\u00e1s szervezet gy\u0171l\u00e9s\u00e9n abb\u00f3l a c\u00e9lb\u00f3l, hogy saj\u00e1t szervezet\u00fcnk \u00e1ll\u00e1spontj\u00e1t \u00e9s hat\u00e1rozatait k\u00e9pviselj\u00fck. Felel\u0151ss\u00e9ggel \u00e9s k\u00f6telezetts\u00e9gekkel j\u00e1r: fontos feladat.","og_url":"https:\/\/kofe.hu\/parola\/parola-folyoirat\/kuldottnek-lenni\/","og_site_name":"Parola Foly\u00f3irat","article_published_time":"2020-08-18T22:08:30+00:00","article_modified_time":"2020-08-20T06:28:17+00:00","og_image":[{"width":500,"height":500,"url":"https:\/\/kofe.hu\/parola\/wp-content\/uploads\/2020\/08\/97.2.3-500x500.jpeg","type":"image\/jpeg"}],"author":"Parola","twitter_card":"summary_large_image","twitter_misc":{"Szerz\u0151:":"Parola","Becs\u00fclt olvas\u00e1si id\u0151":"3 perc","Written by":"Parola"},"schema":{"@context":"https:\/\/schema.org","@graph":[{"@type":"Article","@id":"https:\/\/kofe.hu\/parola\/parola-folyoirat\/kuldottnek-lenni\/#article","isPartOf":{"@id":"https:\/\/kofe.hu\/parola\/parola-folyoirat\/kuldottnek-lenni\/"},"author":{"name":"Parola","@id":"https:\/\/kofe.hu\/parola\/#\/schema\/person\/b39ea6ec0995233537351d7e33281aeb"},"headline":"K\u00fcld\u00f6ttnek lenni","datePublished":"2020-08-18T22:08:30+00:00","dateModified":"2020-08-20T06:28:17+00:00","mainEntityOfPage":{"@id":"https:\/\/kofe.hu\/parola\/parola-folyoirat\/kuldottnek-lenni\/"},"wordCount":549,"commentCount":0,"image":{"@id":"https:\/\/kofe.hu\/parola\/parola-folyoirat\/kuldottnek-lenni\/#primaryimage"},"thumbnailUrl":"https:\/\/kofe.hu\/parola\/wp-content\/uploads\/2020\/08\/97.2.3-500x500.jpeg","articleSection":["Parola 1997\/2-3","Parola Foly\u00f3irat","Repert\u00f3rium"],"inLanguage":"hu","potentialAction":[{"@type":"CommentAction","name":"Comment","target":["https:\/\/kofe.hu\/parola\/parola-folyoirat\/kuldottnek-lenni\/#respond"]}]},{"@type":"WebPage","@id":"https:\/\/kofe.hu\/parola\/parola-folyoirat\/kuldottnek-lenni\/","url":"https:\/\/kofe.hu\/parola\/parola-folyoirat\/kuldottnek-lenni\/","name":"K\u00fcld\u00f6ttnek lenni - Parola Foly\u00f3irat","isPartOf":{"@id":"https:\/\/kofe.hu\/parola\/#website"},"primaryImageOfPage":{"@id":"https:\/\/kofe.hu\/parola\/parola-folyoirat\/kuldottnek-lenni\/#primaryimage"},"image":{"@id":"https:\/\/kofe.hu\/parola\/parola-folyoirat\/kuldottnek-lenni\/#primaryimage"},"thumbnailUrl":"https:\/\/kofe.hu\/parola\/wp-content\/uploads\/2020\/08\/97.2.3-500x500.jpeg","datePublished":"2020-08-18T22:08:30+00:00","dateModified":"2020-08-20T06:28:17+00:00","author":{"@id":"https:\/\/kofe.hu\/parola\/#\/schema\/person\/b39ea6ec0995233537351d7e33281aeb"},"breadcrumb":{"@id":"https:\/\/kofe.hu\/parola\/parola-folyoirat\/kuldottnek-lenni\/#breadcrumb"},"inLanguage":"hu","potentialAction":[{"@type":"ReadAction","target":["https:\/\/kofe.hu\/parola\/parola-folyoirat\/kuldottnek-lenni\/"]}]},{"@type":"ImageObject","inLanguage":"hu","@id":"https:\/\/kofe.hu\/parola\/parola-folyoirat\/kuldottnek-lenni\/#primaryimage","url":"https:\/\/kofe.hu\/parola\/wp-content\/uploads\/2020\/08\/97.2.3-500x500.jpeg","contentUrl":"https:\/\/kofe.hu\/parola\/wp-content\/uploads\/2020\/08\/97.2.3-500x500.jpeg","width":500,"height":500},{"@type":"BreadcrumbList","@id":"https:\/\/kofe.hu\/parola\/parola-folyoirat\/kuldottnek-lenni\/#breadcrumb","itemListElement":[{"@type":"ListItem","position":1,"name":"Home","item":"https:\/\/kofe.hu\/parola\/"},{"@type":"ListItem","position":2,"name":"K\u00fcld\u00f6ttnek lenni"}]},{"@type":"WebSite","@id":"https:\/\/kofe.hu\/parola\/#website","url":"https:\/\/kofe.hu\/parola\/","name":"Parola Foly\u00f3irat","description":"","potentialAction":[{"@type":"SearchAction","target":{"@type":"EntryPoint","urlTemplate":"https:\/\/kofe.hu\/parola\/?s={search_term_string}"},"query-input":{"@type":"PropertyValueSpecification","valueRequired":true,"valueName":"search_term_string"}}],"inLanguage":"hu"},{"@type":"Person","@id":"https:\/\/kofe.hu\/parola\/#\/schema\/person\/b39ea6ec0995233537351d7e33281aeb","name":"Parola","image":{"@type":"ImageObject","inLanguage":"hu","@id":"https:\/\/kofe.hu\/parola\/#\/schema\/person\/image\/ef1d7dc4d1949d5457aa415351763853","url":"https:\/\/secure.gravatar.com\/avatar\/c18c00ea50048aa7adb99e5d11e4250d05111e33b2bea02671439eb7912c945e?s=96&d=mm&r=g","contentUrl":"https:\/\/secure.gravatar.com\/avatar\/c18c00ea50048aa7adb99e5d11e4250d05111e33b2bea02671439eb7912c945e?s=96&d=mm&r=g","caption":"Parola"},"url":"https:\/\/kofe.hu\/parola\/szerzok\/parola\/"}]}},"_links":{"self":[{"href":"https:\/\/kofe.hu\/parola\/wp-json\/wp\/v2\/posts\/5387","targetHints":{"allow":["GET"]}}],"collection":[{"href":"https:\/\/kofe.hu\/parola\/wp-json\/wp\/v2\/posts"}],"about":[{"href":"https:\/\/kofe.hu\/parola\/wp-json\/wp\/v2\/types\/post"}],"author":[{"embeddable":true,"href":"https:\/\/kofe.hu\/parola\/wp-json\/wp\/v2\/users\/4"}],"replies":[{"embeddable":true,"href":"https:\/\/kofe.hu\/parola\/wp-json\/wp\/v2\/comments?post=5387"}],"version-history":[{"count":3,"href":"https:\/\/kofe.hu\/parola\/wp-json\/wp\/v2\/posts\/5387\/revisions"}],"predecessor-version":[{"id":5445,"href":"https:\/\/kofe.hu\/parola\/wp-json\/wp\/v2\/posts\/5387\/revisions\/5445"}],"wp:featuredmedia":[{"embeddable":true,"href":"https:\/\/kofe.hu\/parola\/wp-json\/wp\/v2\/media\/5439"}],"wp:attachment":[{"href":"https:\/\/kofe.hu\/parola\/wp-json\/wp\/v2\/media?parent=5387"}],"wp:term":[{"taxonomy":"category","embeddable":true,"href":"https:\/\/kofe.hu\/parola\/wp-json\/wp\/v2\/categories?post=5387"},{"taxonomy":"post_tag","embeddable":true,"href":"https:\/\/kofe.hu\/parola\/wp-json\/wp\/v2\/tags?post=5387"},{"taxonomy":"author","embeddable":true,"href":"https:\/\/kofe.hu\/parola\/wp-json\/wp\/v2\/coauthors?post=5387"}],"curies":[{"name":"wp","href":"https:\/\/api.w.org\/{rel}","templated":true}]}}