{"id":5373,"date":"2020-08-18T21:57:07","date_gmt":"2020-08-18T21:57:07","guid":{"rendered":"https:\/\/kofe.hu\/parola\/?p=5373"},"modified":"2020-08-20T06:30:28","modified_gmt":"2020-08-20T06:30:28","slug":"varosreszek-rehabilitacioja-pecs-korzeteben","status":"publish","type":"post","link":"https:\/\/kofe.hu\/parola\/parola-folyoirat\/varosreszek-rehabilitacioja-pecs-korzeteben\/","title":{"rendered":"V\u00e1rosr\u00e9szek rehabilit\u00e1ci\u00f3ja P\u00e9cs k\u00f6rzet\u00e9ben"},"content":{"rendered":"<p style=\"text-align: justify;\"><span style=\"font-family: Times New Roman CE;\">A nemzetk\u00f6zi egy\u00fcttm\u0171k\u00f6d\u00e9si projekt teljes c\u00edme: A HELYI \u00d6N-KORM\u00c1NYZAT, A TELEP\u00dcL\u00c9SI R\u00c9SZ\u00d6NKORM\u00c1NYZATOK \u00c9S A HELYI K\u00d6Z\u00d6SS\u00c9GEK KOOPER\u00c1CI\u00d3JA ASZOCI\u00c1LISAN \u00c9S FIZIKAILAG LE\u00c9P\u00dcLT V\u00c1ROSR\u00c9SZEK, LAK\u00d3TER\u00dcLETEK REHABILIT\u00c1CI\u00d3J\u00c1BAN<\/span><br \/>\n<!--more--><br \/>\n<b><span style=\"font-family: Times New Roman CE;\">I. A projekt kiindul\u00f3pontjai<\/span><\/b><\/p>\n<p><span style=\"font-family: Times New Roman CE;\">I\/1. Az 1980-as \u00e9vek v\u00e9g\u00e9n \u00e9s a 90-es \u00e9vek elej\u00e9n Kelet- \u00e9s K\u00f6z\u00e9p-Eur\u00f3p\u00e1ban bek\u00f6vetkezett t\u00e1rsadalmi, gazdas\u00e1gi \u00e9s politikai v\u00e1ltoz\u00e1sok nyom\u00e1n olyan folyamatok indultak meg a volt kommunista orsz\u00e1gok nagyobb v\u00e1rosaiban, amelyek felk\u00e9sz\u00fcletlen\u00fcl \u00e9rt\u00e9k a helyi politikusokat \u00e9s a hat\u00f3s\u00e1gokat. A piacgazdas\u00e1gi viszonyok t\u00e9rh\u00f3d\u00edt\u00e1sa k\u00f6vetkezt\u00e9ben megindult a t\u00e1rsadalmak polariz\u00e1l\u00f3d\u00e1sa, er\u0151teljesebb\u00e9 v\u00e1lt a lakoss\u00e1g vagyoni differenci\u00e1l\u00f3d\u00e1sa. Ennek k\u00f6vetkezt\u00e9ben a v\u00e1rosokon bel\u00fcl felgyorsult a k\u00fcl\u00f6nb\u00f6z\u0151 t\u00e1rsadalmi \u00e9s vagyoni helyzet\u0171 csoportok t\u00e9rbeli elk\u00fcl\u00f6n\u00fcl\u00e9s\u00e9nek folyamata, megkezd\u0151d\u00f6tt, vagy sok helyen ink\u00e1bb tov\u00e1bb folytat\u00f3dott \u00e9s v\u00e9glegess\u00e9 v\u00e1lt egyes v\u00e1rosr\u00e9szek, lak\u00f3\u00f6vezetek szoci\u00e1lis \u00e9s fizikai lepusztul\u00e1sa.<\/span><br \/>\n<span style=\"font-family: Times New Roman CE;\">Az \u00edgy kialakult (szegreg\u00e1lt) v\u00e1rosi lak\u00f3ter\u00fcletek (ahol az adott telep\u00fcl\u00e9s elszeg\u00e9nyedett lakoss\u00e1g\u00e1nak jelent\u0151s r\u00e9sze koncentr\u00e1l\u00f3dik) probl\u00e9m\u00e1inak kezel\u00e9s\u00e9hez sem a helyi hat\u00f3s\u00e1goknak, sem az \u00f6nkorm\u00e1nyzatoknak nem \u00e1ll rendelkez\u00e9s\u00e9re az a tud\u00e1s \u00e9s tapasztalat, amely lehet\u0151s\u00e9get adna a negat\u00edv folyamatok meg\u00e1ll\u00edt\u00e1s\u00e1ra vagy ellens\u00falyoz\u00e1s\u00e1ra. A kedvez\u0151tlen folyamatok \u00e1ltal legink\u00e1bb s\u00fajtott lakoss\u00e1gi csoportok \u2013 kiszolg\u00e1ltatott helyzet\u00fckn\u00e9l fogva \u2013 ugyancsak k\u00e9ptelenek arra, hogy \u00e9rdekeiket megfelel\u0151 m\u00f3don \u00e9rv\u00e9nyes\u00edts\u00e9k vagy k\u00e9pviselj\u00e9k a k\u00fcl\u00f6nb\u00f6z\u0151 f\u00f3rumokon.<\/span><br \/>\n<span style=\"font-family: Times New Roman CE;\">I\/2. P\u00e9cs v\u00e1ros\u00e1ban bizonyos lak\u00f3\u00f6vezetek elszeg\u00e9nyed\u00e9se illetve egyes v\u00e1rosr\u00e9szek, lak\u00f3ter\u00fcletek fel\u00e9rt\u00e9kel\u0151d\u00e9se m\u00e1r a szocializmus \u00e9vtizedei alatt megkezd\u0151d\u00f6tt, a 90-es \u00e9vek elej\u00e9nek v\u00e1ltoz\u00e1sai ezeket a folyamatokat meggyors\u00edtott\u00e1k. A m\u00e1r kor\u00e1bban lepusztul\u00e1snak indult lak\u00f3ter\u00fcletek (Gy\u00f6rgytelep, Istv\u00e1n-akna, P\u00e9csb\u00e1nyatelep, a budai v\u00e1rosr\u00e9sz egyes ter\u00fcletei stb.) sors\u00e1t nagym\u00e9rt\u00e9kben befoly\u00e1solta a rendszerv\u00e1lt\u00e1s ut\u00e1n id\u0151szakban a v\u00e1ros ipari \u00fczemeiben bek\u00f6vetkezett le\u00e9p\u00edt\u00e9sek (els\u0151sorban a b\u00e1ny\u00e1szat valamint az \u00e9p\u00edt\u0151ipar ter\u00fclet\u00e9n) \u00e9s az ezt k\u00eds\u00e9r\u0151 munkan\u00e9lk\u00fclis\u00e9g. A szegreg\u00e1ci\u00f3 folyamat\u00e1nak nem tudott az sem g\u00e1tat szabni, hogy a 80-as \u00e9vek v\u00e9g\u00e9t\u0151l megindul\u00f3 v\u00e1rosi lak\u00e1sprivatiz\u00e1ci\u00f3 nem tudott az sem g\u00e1tat szabni, hogy a 80-as \u00e9vek v\u00e9g\u00e9t\u0151l megindul\u00f3 v\u00e1rosi lak\u00e1sprivatiz\u00e1ci\u00f3 eredm\u00e9nyek\u00e9ppen t\u00f6bb mint 20 000 lak\u00e1s ker\u00fclt a kor\u00e1bbi b\u00e9rl\u0151k tulajdon\u00e1ba. A v\u00e1ros tulajdon\u00e1ban maradt t\u00f6bb mint 4000, t\u00f6bbs\u00e9g\u00e9ben rossz min\u0151s\u00e9g\u0171, alacsony komfortfokozat\u00fa lak\u00e1s d\u00f6nt\u0151 h\u00e1nyada ugyanis a v\u00e1ros k\u00fcls\u0151, szeg\u00e9nyebb \u00f6vezeteiben tal\u00e1lhat\u00f3, \u00e9rt\u00e9kes\u00edt\u00e9s\u00fckre nincs lehet\u0151s\u00e9g, \u00edgy a lak\u00e1spiacon \u00e9s a lak\u00e1smobilit\u00e1s el\u0151seg\u00edt\u00e9s\u00e9ben ezek a lak\u00e1sok semmif\u00e9le szerepet nem j\u00e1tszanak. Ebb\u0151l az is k\u00f6vetkezik, hogy az ezekben a leromlott \u00e1llag\u00fa lak\u00e1sokban \u00e9l\u0151k gyakorlatilag csapd\u00e1ba ker\u00fcltek, kijut\u00e1sukra a jelenlegi k\u00f6r\u00fclm\u00e9nyek k\u00f6z\u00f6tt nincs lehet\u0151s\u00e9g.<\/span><br \/>\n<span style=\"font-family: Times New Roman CE;\">I\/3. A szegreg\u00e1ci\u00f3b\u00f3l k\u00f6vetkez\u0151probl\u00e9m\u00e1kat tov\u00e1bb s\u00falyosb\u00edtja, hogy P\u00e9csett is \u2013 csak\u00fagy, mint a magyarorsz\u00e1gi telep\u00fcl\u00e9sek t\u00f6bbs\u00e9g\u00e9ben \u2013 a k\u00fcl\u00f6nb\u00f6z\u0151 helyi t\u00e1rsadalmi csoportok t\u00e9rbeli elk\u00fcl\u00f6n\u00fcl\u00e9se nem csup\u00e1n anyagi (vagyoni) szempontok alapj\u00e1n t\u00f6rt\u00e9nik, hanem meghat\u00e1rozza azt az etnikai hovatartoz\u00e1s is. A k\u00fcls\u0151, szeg\u00e9nyebb \u00f6vezetekben \u00e9l\u0151k jelent\u0151s r\u00e9sze ugyanis roma. A tendenci\u00e1k alapj\u00e1n el\u0151re jelezhet\u0151, hogy a jelenlegi folyamatok egyik k\u00f6vetkezm\u00e9nye lehet az etnikai konfliktusok sz\u00e1m\u00e1nak n\u00f6veked\u00e9se, s\u00falyosbod\u00e1sa.<\/span><br \/>\n<span style=\"font-family: Times New Roman CE;\">I\/4. Annak is van realit\u00e1sa, hogy a gazdas\u00e1g stagn\u00e1l\u00e1s\u00e1t k\u00f6vet\u0151 fellend\u00fcl\u00e9s k\u00f6vetkezm\u00e9nyek\u00e9nt a P\u00e9cs k\u00f6rny\u00e9ki elszeg\u00e9nyedett falvakb\u00f3l, slumokb\u00f3l (Orm\u00e1ns\u00e1g, Sikl\u00f3s \u00e9s k\u00f6rny\u00e9ke stb.) megindul a szeg\u00e9nyek v\u00e1rosba v\u00e1ndorl\u00e1sa \u00e9s \u0151k val\u00f3sz\u00edn\u0171leg egyr\u00e9szt a m\u00e1r lepusztult \u00f6vezetekbe telepednek le vagy m\u00e1s \u2013 jelenleg a v\u00e1rosi als\u00f3 k\u00f6z\u00e9poszt\u00e1ly \u00e1ltal lakott \u2013 ter\u00fcleteken keresnek olcs\u00f3bb lak\u00e1sokat. (Pl. lak\u00f3telepeken)<\/span><br \/>\n<span style=\"font-family: Times New Roman CE;\">I\/5. A le\u00e9p\u00fcl\u00e9s \u00e1ltal legink\u00e1bb s\u00fajtott v\u00e1rosr\u00e9szek, lak\u00f3\u00f6vezetek helyzete \u00e9s az \u00fajabb ter\u00fcletek meg\u00f3v\u00e1sa a le\u00e9p\u00fcl\u00e9st\u0151l m\u00e1r ma is az egyik legnehezebb feladatot jelenti a v\u00e1rosi \u00f6nkorm\u00e1nyzat sz\u00e1m\u00e1ra. A probl\u00e9ma megold\u00e1s\u00e1ra (kezel\u00e9s\u00e9re) k\u00e9t lehet\u0151s\u00e9g k\u00edn\u00e1lkozik:<\/span><br \/>\n<span style=\"font-family: Times New Roman CE;\">\u2013 Elk\u00e9pzelhet\u0151 egyr\u00e9szt az, hogy a lepusztult v\u00e1rosr\u00e9szek \u00e9p\u00fcleteit az \u00d6nkorm\u00e1nyzat lebontja, az ott \u00e9l\u0151ket m\u00e1shol juttatja lak\u00e1shoz. Ebben az esetben legal\u00e1bb 1000 \u00faj lak\u00e1s \u00e9p\u00edt\u00e9s\u00e9re lenne sz\u00fcks\u00e9g ,ez jelenlegi \u00e1rakon sz\u00e1molva 3,5 milli\u00e1rd forintba ker\u00fclne.<\/span><br \/>\n<span style=\"font-family: Times New Roman CE;\">\u2013 A m\u00e1sik lehet\u0151s\u00e9g \u2013 \u00e9s a nyugat-eur\u00f3pai orsz\u00e1gok gyakorlata ezt t\u00e1masztja al\u00e1 \u2013 a lepusztult v\u00e1rosr\u00e9szek, lak\u00f3\u00f6vezetek fel\u00faj\u00edt\u00e1sa, a lak\u00e1sok korszer\u0171s\u00edt\u00e9se, az infrastrukt\u00fara \u00e9s a szolg\u00e1ltat\u00e1sok fejleszt\u00e9se. Ez azonban nem csup\u00e1n \u00e9p\u00edt\u00e9szeti (v\u00e1rostervez\u00e9si, v\u00e1rosrendez\u00e9si) probl\u00e9ma. Olyan \u00f6sszetett feladat, amelynek sor\u00e1n egyr\u00e9szt \u00e1t kell gondolni az eddigi v\u00e1rosrendez\u00e9si terveket, m\u00e1sr\u00e9szt \u00f6sszhangba kell hozni a v\u00e1rosi lak\u00e1s- \u00e9s telekpolitika, oktat\u00e1s- \u00e9s szoci\u00e1lpolitika, gazdas\u00e1gpolitika, kult\u00farpolitika k\u00fcl\u00f6n-k\u00fcl\u00f6n megfogalmazott c\u00e9ljait a v\u00e1rosr\u00e9szek meg\u00faj\u00edt\u00e1s\u00e1t c\u00e9lz\u00f3 t\u00f6rekv\u00e9sekkel, a helyi k\u00f6z\u00f6ss\u00e9gek sz\u00fcks\u00e9gleteivel \u00e9s lehet\u0151s\u00e9geivel, a v\u00e1ros k\u00f6z\u00e9p- \u00e9s hossz\u00fat\u00e1von megfogalmazhat\u00f3 c\u00e9ljaival \u00e9s a rendelkez\u00e9sre \u00e1ll\u00f3 er\u0151forr\u00e1sokkal.<\/span><br \/>\n<span style=\"font-family: Times New Roman CE;\">I\/6. Az elm\u00falt \u00e9vtizedek v\u00e1rosrendez\u00e9si, v\u00e1rostervez\u00e9si gyakorlata a v\u00e1rost olyan (fizikai) k\u00e9pz\u0151dm\u00e9nynek tekintette, amelynek \u00fczemeltet\u00e9se, fejleszt\u00e9se alapvet\u0151en m\u0171szaki \u00e9s gazdas\u00e1gi feladatot jelentett. Ebb\u0151l a megk\u00f6zel\u00edt\u00e9sb\u0151l a jelenlegi probl\u00e9m\u00e1k kezel\u00e9se m\u00e1r nem lehet hat\u00e9kony, hisz a szegreg\u00e1ci\u00f3t el\u0151id\u00e9z\u0151 folyamatok \u00e9s a szegreg\u00e1ci\u00f3ban \u00e9l\u0151 emberek helyzete sokkal ink\u00e1bb t\u00e1rsadalompolitikai aspektusb\u00f3l \u00e9rhet\u0151 meg igaz\u00e1n. \u00cdgy a k\u00fcl\u00f6nb\u00f6z\u0151 kezel\u00e9si strat\u00e9gi\u00e1k kidolgoz\u00e1s\u00e1n\u00e1l is \u00e9rv\u00e9nyes\u00fclni kellene bizonyos t\u00e1rsadalompolitikai szempontoknak. (Nem csup\u00e1n jobb lak\u00e1st kellene adni, hanem gondoskodni sz\u00fcks\u00e9ges a szoci\u00e1lis \u00e9s kultur\u00e1lis ell\u00e1t\u00e1sokr\u00f3l, a gyerekeke \u00e9s feln\u0151ttek oktat\u00e1s\u00e1r\u00f3l, a k\u00f6zbiztons\u00e1gr\u00f3l, az eg\u00e9szs\u00e9g\u00fcgyi ell\u00e1t\u00e1sr\u00f3l, az emberek k\u00f6z\u00f6tti kommunik\u00e1ci\u00f3 felt\u00e9teleir\u0151l, az inform\u00e1ci\u00f3k hozz\u00e1f\u00e9rhet\u0151s\u00e9g\u00e9r\u0151l, ha elviszik az iskol\u00e1t, tudni kell azt, hogy a ter\u00fcleten \u00e9l\u0151 gyermekek nevel\u00e9s\u00e9ben ez milyen v\u00e1ltoz\u00e1sokat eredm\u00e9nyez, ha megsz\u00fcntetik a k\u00f6nyvt\u00e1rat, m\u0171vel\u0151d\u00e9si h\u00e1zat, tudni kell, hogy az a helyi k\u00f6z\u00f6ss\u00e9g \u00e9let\u00e9re milyen hat\u00e1st gyakorol stb.) Az ilyen (komplex) v\u00e1rosr\u00e9sz-meg\u00faj\u00edt\u00e1si gyakorlatnak Kelet-Eur\u00f3p\u00e1ban nincsenek hagyom\u00e1nyai.<\/span><br \/>\n<span style=\"font-family: Times New Roman CE;\">A posztkommunista orsz\u00e1gok v\u00e1rosaiban a lak\u00e1s\u00e9p\u00edt\u00e9s, a lak\u00e1shoz juttat\u00e1s, a v\u00e1rosrendez\u00e9s \u00e9s a v\u00e1rostervez\u00e9s, a szoci\u00e1lis probl\u00e9m\u00e1k kezel\u00e9se ter\u00fclet\u00e9n folytatott kor\u00e1bbi gyakorlat \u00e9s az elm\u00falt \u00e9vekben bek\u00f6vetkezett t\u00e1rsadalmi \u00e9s gazdas\u00e1gi v\u00e1ltoz\u00e1sok hat\u00e1sai (ipari \u00fczemek bez\u00e1r\u00e1sa, munkan\u00e9lk\u00fclis\u00e9g, elszeg\u00e9nyed\u00e9s, lak\u00e1sfel\u00faj\u00edt\u00e1sok elmarad\u00e1sa stb.) sok tekintetben azonosak vagy hasonl\u00f3k, \u00edgy val\u00f3sz\u00edn\u0171, hogy a leromlott v\u00e1rosr\u00e9szek fel\u00faj\u00edt\u00e1s\u00e1t c\u00e9lz\u00f3 programok kimunk\u00e1l\u00e1s\u00e1ban \u00e9s megval\u00f3s\u00edt\u00e1s\u00e1ban is lehet a saj\u00e1t tapasztalatok k\u00f6zread\u00e1s\u00e1val \u00e9s m\u00e1sok tapasztalatainak hasznos\u00edt\u00e1s\u00e1val hat\u00e9kony egy\u00fcttm\u0171k\u00f6d\u00e9seket l\u00e9trehozni.<\/span><\/p>\n<p><b><span style=\"font-family: Times New Roman CE;\">II. A projekt c\u00e9ljai:<\/span><\/b><\/p>\n<p><i><span style=\"font-family: Times New Roman CE;\">Olyan egy\u00fcttm\u0171k\u00f6d\u00e9s kialak\u00edt\u00e1sa<\/span><\/i><\/p>\n<p><span style=\"font-family: Times New Roman CE;\">a) amelynek sor\u00e1n lehet\u0151s\u00e9g ny\u00edlik a v\u00e1rosr\u00e9szek rehabilit\u00e1ci\u00f3j\u00e1ban egy \u00faj szeml\u00e9let kialak\u00edt\u00e1s\u00e1ra \u00e9s a tov\u00e1bbi munk\u00e1hoz sz\u00fcks\u00e9ges inform\u00e1ci\u00f3k, tapasztalatok \u00e9s az alapvet\u0151 tud\u00e1s megszerz\u00e9s\u00e9re,<\/span><br \/>\n<span style=\"font-family: Times New Roman CE;\">b) amelynek seg\u00edts\u00e9g\u00e9vel elk\u00e9sz\u00fcl a p\u00e9csi elszeg\u00e9nyedett v\u00e1rosr\u00e9szek komplex (t\u00f6bbszektor\u00fa) rehabilit\u00e1ci\u00f3j\u00e1t c\u00e9lz\u00f3 program, l\u00e9trej\u00f6nnek az ezt megval\u00f3s\u00edtani k\u00e9pes helyi strukt\u00far\u00e1k, megindul a c\u00e9lter\u00fcletek \u00e9p\u00edt\u00e9szeti, szoci\u00e1lis, k\u00f6rnyezeti, kultur\u00e1lis \u00e9s k\u00f6z\u00f6ss\u00e9gi reintegr\u00e1ci\u00f3ja \u00e9s a tov\u00e1bbi ter\u00fcletek lepusztul\u00e1s\u00e1nak megakad\u00e1lyoz\u00e1sa (megel\u0151z\u00e9se), megsz\u0171nnek a ter\u00fcleteken \u00e9l\u0151ket s\u00fajt\u00f3 stigmatiz\u00e1l\u00f3 hat\u00e1sok,<\/span><br \/>\n<span style=\"font-family: Times New Roman CE;\">c) amelynek sor\u00e1n olyan tapasztalatok sz\u00fcletnek, amelyek hasznos\u00edthat\u00f3k m\u00e1s Kelet- \u00e9s k\u00f6z\u00e9p-eur\u00f3pai v\u00e1rosban is,<\/span><br \/>\n<span style=\"font-family: Times New Roman CE;\">d) amely a projekt befejez\u00e9se ut\u00e1n is k\u00e9pes az abban r\u00e9sztvev\u0151k k\u00f6lcs\u00f6n\u00f6s seg\u00edt\u00e9s\u00e9re.<\/span><\/p>\n<p><i><span style=\"font-family: Times New Roman CE;\">II. 1. A projekt \u00e1ltal k\u00f6zvetlen\u00fcl \u00e9rintett c\u00e9lcsoportok:<\/span><\/i><br \/>\n<span style=\"font-family: Times New Roman CE;\">\u2013 a \u201cmegk\u00e1ros\u00edtott\u201d ter\u00fclet\u00e9n \u00e9l\u0151 lakoss\u00e1gi csoportok (kb. 15 000 f\u0151)<\/span><\/p>\n<p><i><span style=\"font-family: Times New Roman CE;\">II. 2. A projekt \u00e1ltal k\u00f6zvetlen\u00fcl \u00e9rintett c\u00e9lter\u00fcletek:<\/span><\/i><br \/>\n<span style=\"font-family: Times New Roman CE;\">\u2013 P\u00e9csb\u00e1nyatelep<\/span><br \/>\n<span style=\"font-family: Times New Roman CE;\">\u2013 Gy\u00f6rgytelep<\/span><br \/>\n<span style=\"font-family: Times New Roman CE;\">\u2013 Istv\u00e1n-akna<\/span><br \/>\n<span style=\"font-family: Times New Roman CE;\">\u2013 Meszes<\/span><br \/>\n<span style=\"font-family: Times New Roman CE;\">\u2013 Vasas<\/span><br \/>\n<span style=\"font-family: Times New Roman CE;\">\u2013 P\u00e9cs-budai v\u00e1rosr\u00e9sz.<\/span><\/p>\n<p><b><span style=\"font-family: Times New Roman CE;\">III. A projekt r\u00e9sztvev\u0151i<\/span><\/b><\/p>\n<p><i><span style=\"font-family: Times New Roman CE;\">P\u00e9cs v\u00e1ros\u00e1b\u00f3l:<\/span><\/i><br \/>\n<span style=\"font-family: Times New Roman CE;\">\u2013 P\u00e9csszabolcsi R\u00e9sz\u00f6nkorm\u00e1nyzat<\/span><br \/>\n<span style=\"font-family: Times New Roman CE;\">\u2013 Vasasi R\u00e9sz\u00f6nkorm\u00e1nyzat<\/span><br \/>\n<span style=\"font-family: Times New Roman CE;\">\u2013 P\u00e9csb\u00e1nyatelepi R\u00e9sz\u00f6nkorm\u00e1nyzat- P\u00e9cs mj. V\u00e1ros \u00d6nkorm\u00e1nyzata<\/span><br \/>\n<span style=\"font-family: Times New Roman CE;\">\u2013 P\u00e9csi K\u00f6z\u00fczemi Rt.<\/span><br \/>\n<span style=\"font-family: Times New Roman CE;\">\u2013 Region\u00e1lis Szellemi Forr\u00e1sk\u00f6zpont, P\u00e9cs<\/span><br \/>\n<span style=\"font-family: Times New Roman CE;\">\u2013 helyi civil szervezetek<\/span><br \/>\n<span style=\"font-family: Times New Roman CE;\">\u2013 JPTE Szociol\u00f3gia Tansz\u00e9k<\/span><br \/>\n<span style=\"font-family: Times New Roman CE;\">\u2013 JPTE Urbanisztikai Tansz\u00e9k<\/span><br \/>\n<span style=\"font-family: Times New Roman CE;\">\u2013 JPTE Feln\u0151ttk\u00e9pz\u00e9si Tansz\u00e9k<\/span><br \/>\n<span style=\"font-family: Times New Roman CE;\">\u2013 Gandhi-Alap\u00edtv\u00e1ny<\/span><\/p>\n<p><i><span style=\"font-family: Times New Roman CE;\">Nem Eu. tagorsz\u00e1gb\u00f3l:<\/span><\/i><br \/>\n<span style=\"font-family: Times New Roman CE;\">\u2013 Esz\u00e9k v\u00e1rosa, mint megfigyel\u0151<\/span><\/p>\n<p><i><span style=\"font-family: Times New Roman CE;\">EU. Tagorsz\u00e1gb\u00f3l:<\/span><\/i><br \/>\n<span style=\"font-family: Times New Roman CE;\">\u2013 Felbach v\u00e1rosa (N\u00e9metorsz\u00e1g, Baden-W\u00fcrtenberg)<\/span><br \/>\n<span style=\"font-family: Times New Roman CE;\">\u2013 Graz v\u00e1rosa (Ausztria, Steyrmark)<\/span><br \/>\n<span style=\"font-family: Times New Roman CE;\">\u2013 Gelsenkirchen v\u00e1rosa (N\u00e9metorsz\u00e1g)<\/span><\/p>\n<p><span style=\"font-family: Times New Roman CE;\">A Struktur\u00e1lis Alap \u00e1ltal kedvezm\u00e9nyezett ter\u00fcletr\u0151l:<\/span><br \/>\n<span style=\"font-family: Times New Roman CE;\">\u2013 Chamnitz v\u00e1rosa (N\u00e9metorsz\u00e1g, Saxony)<\/span><\/p>\n<p><b><i><span style=\"font-family: Times New Roman CE;\">Projektgazda: P\u00e9cs Mj. V\u00e1ros \u00d6nkorm\u00e1nyzata<\/span><\/i><\/b><\/p>\n<p><b><span style=\"font-family: Times New Roman CE;\">IV. A projekt sor\u00e1n elv\u00e9gzend\u0151 feladatok<\/span><\/b><\/p>\n<p><i><span style=\"font-family: Times New Roman CE;\">IV. 1. A projektszervezet fel\u00e1ll\u00edt\u00e1sa<\/span><\/i><br \/>\n<span style=\"font-family: Times New Roman CE;\">A projekt r\u00e9sztvev\u0151i az egy\u00fcttm\u0171k\u00f6d\u00e9sben v\u00e1llalt feladataik elv\u00e9gz\u00e9se c\u00e9lj\u00e1b\u00f3l l\u00e9trehozz\u00e1k a tev\u00e9kenys\u00e9gek keret\u00e9\u00fcl szolg\u00e1l\u00f3 programirod\u00e1t.<\/span><br \/>\n<span style=\"font-family: Times New Roman CE;\">A programiroda elnevez\u00e9se: p\u00e9csi V\u00e1rosr\u00e9sz-rehabilit\u00e1ci\u00f3s Programiroda. (PVP)<\/span><\/p>\n<p><i><span style=\"font-family: Times New Roman CE;\">IV. 2. A PVP tev\u00e9kenys\u00e9ge<\/span><\/i><br \/>\n<span style=\"font-family: Times New Roman CE;\">A projekt c\u00e9ljaival \u00f6sszhangban a PVP tev\u00e9kenys\u00e9ge al\u00e1bbiak szerint r\u00f6gz\u00edthet\u0151:<\/span><br \/>\n<span style=\"font-family: Times New Roman CE;\">Az el\u0151k\u00e9sz\u00edt\u00e9s id\u0151szak\u00e1ban:<\/span><br \/>\n<span style=\"font-family: Times New Roman CE;\">\u2013 a programban r\u00e9szvev\u0151k felkutat\u00e1sa, kiv\u00e1laszt\u00e1sa<\/span><br \/>\n<span style=\"font-family: Times New Roman CE;\">\u2013 team\u00e9p\u00edt\u00e9s<\/span><\/p>\n<p><i><span style=\"font-family: Times New Roman CE;\">A projekt sor\u00e1n:<\/span><\/i><br \/>\n<span style=\"font-family: Times New Roman CE;\">a) A v\u00e1ros eg\u00e9sz\u00e9re valamint a c\u00e9lter\u00fcletekre (v\u00e1rosr\u00e9szekre, lak\u00f3\u00f6vezetekre) vonatkoz\u00f3 inform\u00e1ci\u00f3k\u00e9s adatok folyamatos gy\u0171jt\u00e9se, feldolgoz\u00e1sa,<\/span><br \/>\n<span style=\"font-family: Times New Roman CE;\">b) A v\u00e1ros \u00e9s vonz\u00e1sk\u00f6rzet\u00e9ben lej\u00e1tsz\u00f3d\u00f3 t\u00e1rsadalmi \u00e9s gazdas\u00e1gi folyamatok elemz\u00e9se,<\/span><br \/>\n<span style=\"font-family: Times New Roman CE;\">c) az adott ter\u00fcletek \u00e9l\u0151 lakoss\u00e1gi csoportok k\u00f6z\u00f6tti konfliktusok felt\u00e1r\u00e1sa, konfliktuskezel\u00e9si technik\u00e1k kidolgoz\u00e1sa,<\/span><br \/>\n<span style=\"font-family: Times New Roman CE;\">d) A lak\u00e1sok m\u0171szaki \u00e1llapot\u00e1nak felm\u00e9r\u00e9se,<\/span><br \/>\n<span style=\"font-family: Times New Roman CE;\">e) A c\u00e9lter\u00fcleten \u00e9l\u0151 lakoss\u00e1gi csoportok egym\u00e1s k\u00f6z\u00f6tti, valamint a helyi \u00f6nkorm\u00e1nyzattal \u00e9s a hivatalokkal val\u00f3 kommunik\u00e1ci\u00f3j\u00e1nak fejleszt\u00e9se,<\/span><br \/>\n<span style=\"font-family: Times New Roman CE;\">f) A lakoss\u00e1g szoci\u00e1lis helyzet\u00e9re, \u00e9letk\u00f6r\u00fclm\u00e9nyeire kiterjed\u0151 vizsg\u00e1latok, felm\u00e9r\u00e9sek elv\u00e9gz\u00e9se,<\/span><br \/>\n<span style=\"font-family: Times New Roman CE;\">g) \u00dan. v\u00e1rosr\u00e9szi, szomsz\u00e9ds\u00e1gi konferenci\u00e1k szervez\u00e9se,<\/span><br \/>\n<span style=\"font-family: Times New Roman CE;\">h) K\u00f6z\u00f6ss\u00e9gfejleszt\u00e9si \u00e9s \u00e9rdek\u00e9rv\u00e9nyes\u00edt\u00e9si technik\u00e1k kidolgoz\u00e1sa,<\/span><br \/>\n<span style=\"font-family: Times New Roman CE;\">i) K\u00fclf\u00f6ldi v\u00e1rosr\u00e9sz-meg\u00faj\u00edt\u00e1si programok tapasztalatainak begy\u0171jt\u00e9se \u00e9s a helyi (p\u00e9csi) felhaszn\u00e1lhat\u00f3s\u00e1guk vizsg\u00e1lata,<\/span><br \/>\n<span style=\"font-family: Times New Roman CE;\">j) Folyamatos kapcsolattart\u00e1s a v\u00e1rosr\u00e9szek meg\u00faj\u00edt\u00e1s\u00e1ban r\u00e9sztvev\u0151 \u00e9p\u00edt\u00e9szekkel, v\u00e1rostervez\u0151kkel, politikusokkal, szoci\u00e1lis munk\u00e1sokkal, k\u00f6z\u00f6ss\u00e9gi vezet\u0151kkel, hivatalnokokkal. Ennek \u00e9rdek\u00e9ben egy adott r\u00e9szter\u00fcletre (pl. szoci\u00e1lis, kultur\u00e1lis, k\u00f6z\u00f6ss\u00e9gi szolg\u00e1ltat\u00e1sok, munkahelyteremt\u00e9si lehet\u0151s\u00e9gek stb.) vagy a rehabilit\u00e1ci\u00f3 eg\u00e9sz\u00e9re kiterjed\u0151 m\u0171helybesz\u00e9lget\u00e9sek workshopok konferenci\u00e1k, szemin\u00e1riumok szervez\u00e9se,<\/span><br \/>\n<span style=\"font-family: Times New Roman CE;\">k) A c\u00e9lter\u00fcletet \u00e9rint\u0151 (helyi) \u00f6nkorm\u00e1nyzati \u00e9s r\u00e9sz\u00f6nkorm\u00e1nyzati d\u00f6nt\u00e9sekhez aj\u00e1nl\u00e1sok megfogalmaz\u00e1sa, inform\u00e1ci\u00f3k k\u00f6zread\u00e1sa,<\/span><br \/>\n<span style=\"font-family: Times New Roman CE;\">l) A fejleszt\u00e9sekhez sz\u00fcks\u00e9ges forr\u00e1sok felkutat\u00e1sa. (Phare, ECOS-OUVERTURE, Ter\u00fcletfejleszt\u00e9si forr\u00e1sok, szoci\u00e1l- \u00e9s foglalkoztat\u00e1spolitikai p\u00e9nzeszk\u00f6z\u00f6k, helyi \u00e9s orsz\u00e1gos lak\u00e1s\u00e9p\u00edt\u00e9si alapok, a helyi mag\u00e1nt\u0151ke, hitel stb.)<\/span><br \/>\n<span style=\"font-family: Times New Roman CE;\">m) K\u00e9pz\u00e9si programok, konzult\u00e1ci\u00f3k \u00e9s tapasztalatcser\u00e9k biztos\u00edt\u00e1sa azoknak, akik a helyi v\u00e1rosr\u00e9sz-meg\u00faj\u00edt\u00e1si programok kidolgoz\u00e1s\u00e1ban r\u00e9szt k\u00edv\u00e1nnak venni: helyi politikusok, \u00e9p\u00edt\u00e9szek, v\u00e1rostervez\u0151k, szoci\u00e1lis munk\u00e1sok, k\u00f6z\u00f6ss\u00e9gfejleszt\u0151k, tan\u00e1rok, a helyi lakoss\u00e1g k\u00e9pvisel\u0151i, a helyi hat\u00f3s\u00e1gok munkat\u00e1rsai stb.<\/span><br \/>\n<span style=\"font-family: Times New Roman CE;\">n) A k\u00fcl\u00f6nb\u00f6z\u0151 v\u00e1rospolitikai tervek, programok (\u00edgy pl. v\u00e1rosfejleszt\u00e9si program, k\u00f6zoktat\u00e1si program, kultur\u00e1lis program, szoci\u00e1lpolitikai program, k\u00f6rnyezetv\u00e9delmi program, lak\u00e1s\u00e9p\u00edt\u00e9si program stb.) \u00e9s a v\u00e1rosr\u00e9sz meg\u00faj\u00edt\u00e1si programok k\u00f6z\u00f6tti \u201ckompatibilit\u00e1s\u201d megteremt\u00e9se<\/span><br \/>\n<span style=\"font-family: Times New Roman CE;\">o) A fel\u00faj\u00edt\u00e1sokhoz kapcsol\u00f3d\u00f3 foglalkoztat\u00e1si programok kidolgoz\u00e1sa (c\u00e9l: \u00faj munkahelyek teremt\u00e9se, amelyek els\u0151sorban a helyieknek jelentene elhelyezked\u00e9si lehet\u0151s\u00e9get)<\/span><\/p>\n<p><i><span style=\"font-family: Times New Roman CE;\">IV. 3. A k\u00fclf\u00f6ldi partnerek r\u00e9szv\u00e9tele a projektben<\/span><\/i><br \/>\n<span style=\"font-family: Times New Roman CE;\">A programban r\u00e9sztvev\u0151 k\u00fclf\u00f6ldi partnerek szerepe a k\u00f6vetkez\u0151 ter\u00fcletekre koncentr\u00e1l\u00f3dik:<\/span><br \/>\n<span style=\"font-family: Times New Roman CE;\">\u2013 a sz\u00fcks\u00e9ges inform\u00e1ci\u00f3k \u00e9s tapasztalatok k\u00f6zread\u00e1sa,<\/span><br \/>\n<span style=\"font-family: Times New Roman CE;\">\u2013 tan\u00e1csad\u00e1s \u00e9s konzult\u00e1ci\u00f3s lehet\u0151s\u00e9gek biztos\u00edt\u00e1sa,<\/span><br \/>\n<span style=\"font-family: Times New Roman CE;\">\u2013 2\u20133 napos k\u00fclf\u00f6ldi tapasztalatcser\u00e9k biztos\u00edt\u00e1sa a p\u00e9csi \u00e9s esz\u00e9ki szakembereknek,<\/span><br \/>\n<span style=\"font-family: Times New Roman CE;\">\u2013 r\u00e9szv\u00e9tel k\u00e9pz\u00e9si programokban, tr\u00e9ningeken,<\/span><br \/>\n<span style=\"font-family: Times New Roman CE;\">\u2013 aj\u00e1nl\u00e1sok, javaslatok a programok elk\u00e9sz\u00edt\u00e9s\u00e9hez \u00e9s a forr\u00e1sok felkutat\u00e1s\u00e1hoz, a projekt befejez\u00e9se ut\u00e1ni feladatok megfogalmaz\u00e1s\u00e1hoz,<\/span><br \/>\n<span style=\"font-family: Times New Roman CE;\">\u2013 r\u00e9szv\u00e9tel a team \u00e9s szervezet\u00e9p\u00edt\u00e9sben (a PVP kialak\u00edt\u00e1sa \u00e9s azon bel\u00fcl a k\u00fcl\u00f6nb\u00f6z\u0151 szak\u00e9rt\u0151i teamek l\u00e9trehoz\u00e1s\u00e1ban \u00e9s felk\u00e9sz\u00edt\u00e9s\u00e9ben val\u00f3 k\u00f6zrem\u0171k\u00f6d\u00e9s, a program tov\u00e1bbfolytat\u00e1s\u00e1t szolg\u00e1l\u00f3 strukt\u00far\u00e1k kialak\u00edt\u00e1s\u00e1nak seg\u00edt\u00e9se stb.)<\/span><\/p>\n<p><b><span style=\"font-family: Times New Roman CE;\">V. V\u00e1rt eredm\u00e9nyek<\/span><\/b><\/p>\n<p><span style=\"font-family: Times New Roman CE;\">A projekt alapvet\u0151en egy hosszabb t\u00e1v\u00fa v\u00e1rosfejleszt\u00e9si\/v\u00e1rospolitikai r\u00e9szprogram megalapoz\u00e1s\u00e1t c\u00e9lozza. Arra a k\u00e9rd\u00e9sre kell v\u00e1laszolnia, hogy<\/span><br \/>\n<span style=\"font-family: Times New Roman CE;\">\u2013 mik\u00e9nt menthet\u0151k meg a szoci\u00e1lisan \u00e9s fizikailag lepusztult p\u00e9csi v\u00e1rosr\u00e9szek?<\/span><br \/>\n<span style=\"font-family: Times New Roman CE;\">\u2013 Mik\u00e9ppen \u00e9rv\u00e9nyes\u00edthet\u0151k egyidej\u0171leg a ter\u00fcletek rehabilit\u00e1ci\u00f3j\u00e1ban a v\u00e1rosi lak\u00e1s- \u00e9s szoci\u00e1lpolitika, telek- \u00e9s hitelpolitika, a k\u00f6rnyezetv\u00e9delem, a gazdas\u00e1gfejleszt\u00e9s, az oktat\u00e1s- \u00e9s kult\u00farpolitika valamint a helyi k\u00f6z\u00f6ss\u00e9g helyzet\u00e9b\u0151l k\u00f6vetkez\u0151 szempontok?<\/span><br \/>\n<span style=\"font-family: Times New Roman CE;\">\u2013 Milyen konkr\u00e9t lehet\u0151s\u00e9gei vannak a rehabilit\u00e1ci\u00f3nak?<\/span><br \/>\n<span style=\"font-family: Times New Roman CE;\">\u2013 Milyen anyagi, technikai \u00e9s hum\u00e1n er\u0151forr\u00e1sok vonhat\u00f3k be a v\u00e1rosr\u00e9szek meg\u00faj\u00edt\u00e1s\u00e1t c\u00e9lz\u00f3 feladatok v\u00e9grehajt\u00e1s\u00e1ba?<\/span><br \/>\n<span style=\"font-family: Times New Roman CE;\">\u2013 A v\u00e1rosban \u00e9s k\u00f6rny\u00e9k\u00e9n lej\u00e1tsz\u00f3d\u00f3 gazdas\u00e1gi, t\u00e1rsadalmi folyamatok milyen tov\u00e1bbi szegreg\u00e1ci\u00f3s folyamatokat induk\u00e1lhatnak m\u00e1s v\u00e1rosr\u00e9szekben?<\/span><\/p>\n<p><span style=\"font-family: Times New Roman CE;\">A projekt legfontosabb eredm\u00e9nye az kell legyen, hogy a v\u00e1llalt hat\u00e1rid\u0151 v\u00e9g\u00e9re (18 h\u00f3nap) elk\u00e9sz\u00fcljenek a leromlott v\u00e1rosr\u00e9szek rehabilit\u00e1ci\u00f3j\u00e1t szolg\u00e1l\u00f3, a t\u00f6bbf\u00e9le szakmai, lakoss\u00e1gi, v\u00e1rospolitikai stb. \u00e9rdeket \u00e9s szempontot integr\u00e1l\u00f3 tervek \u00e9s l\u00e9trej\u00f6jjenek azok az egy\u00fcttm\u0171k\u00f6d\u00e9sek, amelyek a tervek val\u00f3ra v\u00e1lt\u00e1s\u00e1t szolg\u00e1lj\u00e1k majd.<\/span><br \/>\n<span style=\"font-family: Times New Roman CE;\">A projekt megval\u00f3s\u00edt\u00e1s\u00e1nak keret\u00e9\u00fcl szolg\u00e1l\u00f3 PVP a tov\u00e1bbiakban mint a konkr\u00e9t feladatokat koordin\u00e1l\u00f3, a helyi lakoss\u00e1ggal, az \u00f6nkorm\u00e1nyzatokkal, a civil szervezetekkel, a k\u00fcl\u00f6nb\u00f6z\u0151 int\u00e9zm\u00e9nyekkel \u00e9s hat\u00f3s\u00e1gokkal szoros kapcsolatban lev\u0151 \u201canim\u00e1tor\u201d dolgozhat.<\/span><br \/>\n<span style=\"font-family: Times New Roman CE;\">A projekt sor\u00e1n felhalmozott tapasztalatok val\u00f3sz\u00edn\u0171leg hasznos\u00edthat\u00f3k lesznek m\u00e1s magyarorsz\u00e1gi \u00e9s k\u00f6z\u00e9p-eur\u00f3pai v\u00e1rosban is, ezek k\u00f6zread\u00e1s\u00e1ban ugyancsak a PVP j\u00e1tszhat majd fontos szerepet.<\/span><br \/>\n<span style=\"font-family: Times New Roman CE;\">A P\u00e9csett m\u0171k\u00f6d\u0151 egyetem k\u00fcl\u00f6nb\u00f6z\u0151 fakult\u00e1sai (els\u0151sorban az \u00e9p\u00edt\u00e9szeti, urbanisztikai, szociol\u00f3giai, k\u00f6zgazdas\u00e1gi, jogi, szoci\u00e1lis munk\u00e1s, m\u0171vel\u0151d\u00e9sszervez\u0151) ugyancsak kamatoztathatj\u00e1k a projekt tapasztalatait, az ott dolgoz\u00f3 oktat\u00f3k illetve a hallgat\u00f3k tev\u00e9keny szerepet j\u00e1tszhatnak a programok kidolgoz\u00e1s\u00e1ban, a feladatok v\u00e9grehajt\u00e1s\u00e1ban \u00e9s \u00e9rt\u00e9kel\u00e9s\u00e9ben.<\/span><\/p>\n","protected":false},"excerpt":{"rendered":"<p>A nemzetk\u00f6zi egy\u00fcttm\u0171k\u00f6d\u00e9si projekt teljes c\u00edme: A HELYI \u00d6N-KORM\u00c1NYZAT, A TELEP\u00dcL\u00c9SI R\u00c9SZ\u00d6NKORM\u00c1NYZATOK \u00c9S A HELYI K\u00d6Z\u00d6SS\u00c9GEK KOOPER\u00c1CI\u00d3JA ASZOCI\u00c1LISAN \u00c9S FIZIKAILAG LE\u00c9P\u00dcLT V\u00c1ROSR\u00c9SZEK, LAK\u00d3TER\u00dcLETEK REHABILIT\u00c1CI\u00d3J\u00c1BAN<\/p>\n","protected":false},"author":207,"featured_media":5439,"comment_status":"open","ping_status":"open","sticky":false,"template":"","format":"standard","meta":{"_acf_changed":false,"footnotes":""},"categories":[420,8,7],"tags":[],"coauthors":[251],"class_list":["post-5373","post","type-post","status-publish","format-standard","has-post-thumbnail","hentry","category-parola-1997-2-3","category-parola-folyoirat","category-repertorium"],"acf":[],"yoast_head":"<!-- This site is optimized with the Yoast SEO plugin v26.7 - https:\/\/yoast.com\/wordpress\/plugins\/seo\/ -->\n<title>V\u00e1rosr\u00e9szek rehabilit\u00e1ci\u00f3ja P\u00e9cs k\u00f6rzet\u00e9ben - Parola Foly\u00f3irat<\/title>\n<meta name=\"robots\" content=\"index, follow, max-snippet:-1, max-image-preview:large, max-video-preview:-1\" \/>\n<link rel=\"canonical\" href=\"https:\/\/kofe.hu\/parola\/parola-folyoirat\/varosreszek-rehabilitacioja-pecs-korzeteben\/\" \/>\n<meta property=\"og:locale\" content=\"hu_HU\" \/>\n<meta property=\"og:type\" content=\"article\" \/>\n<meta property=\"og:title\" content=\"V\u00e1rosr\u00e9szek rehabilit\u00e1ci\u00f3ja P\u00e9cs k\u00f6rzet\u00e9ben - Parola Foly\u00f3irat\" \/>\n<meta property=\"og:description\" content=\"A nemzetk\u00f6zi egy\u00fcttm\u0171k\u00f6d\u00e9si projekt teljes c\u00edme: A HELYI \u00d6N-KORM\u00c1NYZAT, A TELEP\u00dcL\u00c9SI R\u00c9SZ\u00d6NKORM\u00c1NYZATOK \u00c9S A HELYI K\u00d6Z\u00d6SS\u00c9GEK KOOPER\u00c1CI\u00d3JA ASZOCI\u00c1LISAN \u00c9S FIZIKAILAG LE\u00c9P\u00dcLT V\u00c1ROSR\u00c9SZEK, LAK\u00d3TER\u00dcLETEK REHABILIT\u00c1CI\u00d3J\u00c1BAN\" \/>\n<meta property=\"og:url\" content=\"https:\/\/kofe.hu\/parola\/parola-folyoirat\/varosreszek-rehabilitacioja-pecs-korzeteben\/\" \/>\n<meta property=\"og:site_name\" content=\"Parola Foly\u00f3irat\" \/>\n<meta property=\"article:published_time\" content=\"2020-08-18T21:57:07+00:00\" \/>\n<meta property=\"article:modified_time\" content=\"2020-08-20T06:30:28+00:00\" \/>\n<meta property=\"og:image\" content=\"https:\/\/kofe.hu\/parola\/wp-content\/uploads\/2020\/08\/97.2.3-500x500.jpeg\" \/>\n\t<meta property=\"og:image:width\" content=\"500\" \/>\n\t<meta property=\"og:image:height\" content=\"500\" \/>\n\t<meta property=\"og:image:type\" content=\"image\/jpeg\" \/>\n<meta name=\"author\" content=\"P\u00f6r\u00f6s B\u00e9la\" \/>\n<meta name=\"twitter:card\" content=\"summary_large_image\" \/>\n<meta name=\"twitter:label1\" content=\"Szerz\u0151:\" \/>\n\t<meta name=\"twitter:data1\" content=\"P\u00f6r\u00f6s B\u00e9la\" \/>\n\t<meta name=\"twitter:label2\" content=\"Becs\u00fclt olvas\u00e1si id\u0151\" \/>\n\t<meta name=\"twitter:data2\" content=\"15 perc\" \/>\n\t<meta name=\"twitter:label3\" content=\"Written by\" \/>\n\t<meta name=\"twitter:data3\" content=\"P\u00f6r\u00f6s B\u00e9la\" \/>\n<script type=\"application\/ld+json\" class=\"yoast-schema-graph\">{\"@context\":\"https:\/\/schema.org\",\"@graph\":[{\"@type\":\"Article\",\"@id\":\"https:\/\/kofe.hu\/parola\/parola-folyoirat\/varosreszek-rehabilitacioja-pecs-korzeteben\/#article\",\"isPartOf\":{\"@id\":\"https:\/\/kofe.hu\/parola\/parola-folyoirat\/varosreszek-rehabilitacioja-pecs-korzeteben\/\"},\"author\":{\"name\":\"P\u00f6r\u00f6s B\u00e9la\",\"@id\":\"https:\/\/kofe.hu\/parola\/#\/schema\/person\/7683f83f6c16df95e300357a21c808ee\"},\"headline\":\"V\u00e1rosr\u00e9szek rehabilit\u00e1ci\u00f3ja P\u00e9cs k\u00f6rzet\u00e9ben\",\"datePublished\":\"2020-08-18T21:57:07+00:00\",\"dateModified\":\"2020-08-20T06:30:28+00:00\",\"mainEntityOfPage\":{\"@id\":\"https:\/\/kofe.hu\/parola\/parola-folyoirat\/varosreszek-rehabilitacioja-pecs-korzeteben\/\"},\"wordCount\":3042,\"commentCount\":0,\"image\":{\"@id\":\"https:\/\/kofe.hu\/parola\/parola-folyoirat\/varosreszek-rehabilitacioja-pecs-korzeteben\/#primaryimage\"},\"thumbnailUrl\":\"https:\/\/kofe.hu\/parola\/wp-content\/uploads\/2020\/08\/97.2.3-500x500.jpeg\",\"articleSection\":[\"Parola 1997\/2-3\",\"Parola Foly\u00f3irat\",\"Repert\u00f3rium\"],\"inLanguage\":\"hu\",\"potentialAction\":[{\"@type\":\"CommentAction\",\"name\":\"Comment\",\"target\":[\"https:\/\/kofe.hu\/parola\/parola-folyoirat\/varosreszek-rehabilitacioja-pecs-korzeteben\/#respond\"]}]},{\"@type\":\"WebPage\",\"@id\":\"https:\/\/kofe.hu\/parola\/parola-folyoirat\/varosreszek-rehabilitacioja-pecs-korzeteben\/\",\"url\":\"https:\/\/kofe.hu\/parola\/parola-folyoirat\/varosreszek-rehabilitacioja-pecs-korzeteben\/\",\"name\":\"V\u00e1rosr\u00e9szek rehabilit\u00e1ci\u00f3ja P\u00e9cs k\u00f6rzet\u00e9ben - Parola Foly\u00f3irat\",\"isPartOf\":{\"@id\":\"https:\/\/kofe.hu\/parola\/#website\"},\"primaryImageOfPage\":{\"@id\":\"https:\/\/kofe.hu\/parola\/parola-folyoirat\/varosreszek-rehabilitacioja-pecs-korzeteben\/#primaryimage\"},\"image\":{\"@id\":\"https:\/\/kofe.hu\/parola\/parola-folyoirat\/varosreszek-rehabilitacioja-pecs-korzeteben\/#primaryimage\"},\"thumbnailUrl\":\"https:\/\/kofe.hu\/parola\/wp-content\/uploads\/2020\/08\/97.2.3-500x500.jpeg\",\"datePublished\":\"2020-08-18T21:57:07+00:00\",\"dateModified\":\"2020-08-20T06:30:28+00:00\",\"author\":{\"@id\":\"https:\/\/kofe.hu\/parola\/#\/schema\/person\/7683f83f6c16df95e300357a21c808ee\"},\"breadcrumb\":{\"@id\":\"https:\/\/kofe.hu\/parola\/parola-folyoirat\/varosreszek-rehabilitacioja-pecs-korzeteben\/#breadcrumb\"},\"inLanguage\":\"hu\",\"potentialAction\":[{\"@type\":\"ReadAction\",\"target\":[\"https:\/\/kofe.hu\/parola\/parola-folyoirat\/varosreszek-rehabilitacioja-pecs-korzeteben\/\"]}]},{\"@type\":\"ImageObject\",\"inLanguage\":\"hu\",\"@id\":\"https:\/\/kofe.hu\/parola\/parola-folyoirat\/varosreszek-rehabilitacioja-pecs-korzeteben\/#primaryimage\",\"url\":\"https:\/\/kofe.hu\/parola\/wp-content\/uploads\/2020\/08\/97.2.3-500x500.jpeg\",\"contentUrl\":\"https:\/\/kofe.hu\/parola\/wp-content\/uploads\/2020\/08\/97.2.3-500x500.jpeg\",\"width\":500,\"height\":500},{\"@type\":\"BreadcrumbList\",\"@id\":\"https:\/\/kofe.hu\/parola\/parola-folyoirat\/varosreszek-rehabilitacioja-pecs-korzeteben\/#breadcrumb\",\"itemListElement\":[{\"@type\":\"ListItem\",\"position\":1,\"name\":\"Home\",\"item\":\"https:\/\/kofe.hu\/parola\/\"},{\"@type\":\"ListItem\",\"position\":2,\"name\":\"V\u00e1rosr\u00e9szek rehabilit\u00e1ci\u00f3ja P\u00e9cs k\u00f6rzet\u00e9ben\"}]},{\"@type\":\"WebSite\",\"@id\":\"https:\/\/kofe.hu\/parola\/#website\",\"url\":\"https:\/\/kofe.hu\/parola\/\",\"name\":\"Parola Foly\u00f3irat\",\"description\":\"\",\"potentialAction\":[{\"@type\":\"SearchAction\",\"target\":{\"@type\":\"EntryPoint\",\"urlTemplate\":\"https:\/\/kofe.hu\/parola\/?s={search_term_string}\"},\"query-input\":{\"@type\":\"PropertyValueSpecification\",\"valueRequired\":true,\"valueName\":\"search_term_string\"}}],\"inLanguage\":\"hu\"},{\"@type\":\"Person\",\"@id\":\"https:\/\/kofe.hu\/parola\/#\/schema\/person\/7683f83f6c16df95e300357a21c808ee\",\"name\":\"P\u00f6r\u00f6s B\u00e9la\",\"image\":{\"@type\":\"ImageObject\",\"inLanguage\":\"hu\",\"@id\":\"https:\/\/kofe.hu\/parola\/#\/schema\/person\/image\/cbe62664504fe7b0461a50059fdcf003\",\"url\":\"https:\/\/secure.gravatar.com\/avatar\/5bb29a680dd4bfb394fb2058df9739c36707c91d94b7da9306637f43f65acf84?s=96&d=mm&r=g\",\"contentUrl\":\"https:\/\/secure.gravatar.com\/avatar\/5bb29a680dd4bfb394fb2058df9739c36707c91d94b7da9306637f43f65acf84?s=96&d=mm&r=g\",\"caption\":\"P\u00f6r\u00f6s B\u00e9la\"},\"url\":\"https:\/\/kofe.hu\/parola\/szerzok\/poros-bela\/\"}]}<\/script>\n<!-- \/ Yoast SEO plugin. -->","yoast_head_json":{"title":"V\u00e1rosr\u00e9szek rehabilit\u00e1ci\u00f3ja P\u00e9cs k\u00f6rzet\u00e9ben - Parola Foly\u00f3irat","robots":{"index":"index","follow":"follow","max-snippet":"max-snippet:-1","max-image-preview":"max-image-preview:large","max-video-preview":"max-video-preview:-1"},"canonical":"https:\/\/kofe.hu\/parola\/parola-folyoirat\/varosreszek-rehabilitacioja-pecs-korzeteben\/","og_locale":"hu_HU","og_type":"article","og_title":"V\u00e1rosr\u00e9szek rehabilit\u00e1ci\u00f3ja P\u00e9cs k\u00f6rzet\u00e9ben - Parola Foly\u00f3irat","og_description":"A nemzetk\u00f6zi egy\u00fcttm\u0171k\u00f6d\u00e9si projekt teljes c\u00edme: A HELYI \u00d6N-KORM\u00c1NYZAT, A TELEP\u00dcL\u00c9SI R\u00c9SZ\u00d6NKORM\u00c1NYZATOK \u00c9S A HELYI K\u00d6Z\u00d6SS\u00c9GEK KOOPER\u00c1CI\u00d3JA ASZOCI\u00c1LISAN \u00c9S FIZIKAILAG LE\u00c9P\u00dcLT V\u00c1ROSR\u00c9SZEK, LAK\u00d3TER\u00dcLETEK REHABILIT\u00c1CI\u00d3J\u00c1BAN","og_url":"https:\/\/kofe.hu\/parola\/parola-folyoirat\/varosreszek-rehabilitacioja-pecs-korzeteben\/","og_site_name":"Parola Foly\u00f3irat","article_published_time":"2020-08-18T21:57:07+00:00","article_modified_time":"2020-08-20T06:30:28+00:00","og_image":[{"width":500,"height":500,"url":"https:\/\/kofe.hu\/parola\/wp-content\/uploads\/2020\/08\/97.2.3-500x500.jpeg","type":"image\/jpeg"}],"author":"P\u00f6r\u00f6s B\u00e9la","twitter_card":"summary_large_image","twitter_misc":{"Szerz\u0151:":"P\u00f6r\u00f6s B\u00e9la","Becs\u00fclt olvas\u00e1si id\u0151":"15 perc","Written by":"P\u00f6r\u00f6s B\u00e9la"},"schema":{"@context":"https:\/\/schema.org","@graph":[{"@type":"Article","@id":"https:\/\/kofe.hu\/parola\/parola-folyoirat\/varosreszek-rehabilitacioja-pecs-korzeteben\/#article","isPartOf":{"@id":"https:\/\/kofe.hu\/parola\/parola-folyoirat\/varosreszek-rehabilitacioja-pecs-korzeteben\/"},"author":{"name":"P\u00f6r\u00f6s B\u00e9la","@id":"https:\/\/kofe.hu\/parola\/#\/schema\/person\/7683f83f6c16df95e300357a21c808ee"},"headline":"V\u00e1rosr\u00e9szek rehabilit\u00e1ci\u00f3ja P\u00e9cs k\u00f6rzet\u00e9ben","datePublished":"2020-08-18T21:57:07+00:00","dateModified":"2020-08-20T06:30:28+00:00","mainEntityOfPage":{"@id":"https:\/\/kofe.hu\/parola\/parola-folyoirat\/varosreszek-rehabilitacioja-pecs-korzeteben\/"},"wordCount":3042,"commentCount":0,"image":{"@id":"https:\/\/kofe.hu\/parola\/parola-folyoirat\/varosreszek-rehabilitacioja-pecs-korzeteben\/#primaryimage"},"thumbnailUrl":"https:\/\/kofe.hu\/parola\/wp-content\/uploads\/2020\/08\/97.2.3-500x500.jpeg","articleSection":["Parola 1997\/2-3","Parola Foly\u00f3irat","Repert\u00f3rium"],"inLanguage":"hu","potentialAction":[{"@type":"CommentAction","name":"Comment","target":["https:\/\/kofe.hu\/parola\/parola-folyoirat\/varosreszek-rehabilitacioja-pecs-korzeteben\/#respond"]}]},{"@type":"WebPage","@id":"https:\/\/kofe.hu\/parola\/parola-folyoirat\/varosreszek-rehabilitacioja-pecs-korzeteben\/","url":"https:\/\/kofe.hu\/parola\/parola-folyoirat\/varosreszek-rehabilitacioja-pecs-korzeteben\/","name":"V\u00e1rosr\u00e9szek rehabilit\u00e1ci\u00f3ja P\u00e9cs k\u00f6rzet\u00e9ben - Parola Foly\u00f3irat","isPartOf":{"@id":"https:\/\/kofe.hu\/parola\/#website"},"primaryImageOfPage":{"@id":"https:\/\/kofe.hu\/parola\/parola-folyoirat\/varosreszek-rehabilitacioja-pecs-korzeteben\/#primaryimage"},"image":{"@id":"https:\/\/kofe.hu\/parola\/parola-folyoirat\/varosreszek-rehabilitacioja-pecs-korzeteben\/#primaryimage"},"thumbnailUrl":"https:\/\/kofe.hu\/parola\/wp-content\/uploads\/2020\/08\/97.2.3-500x500.jpeg","datePublished":"2020-08-18T21:57:07+00:00","dateModified":"2020-08-20T06:30:28+00:00","author":{"@id":"https:\/\/kofe.hu\/parola\/#\/schema\/person\/7683f83f6c16df95e300357a21c808ee"},"breadcrumb":{"@id":"https:\/\/kofe.hu\/parola\/parola-folyoirat\/varosreszek-rehabilitacioja-pecs-korzeteben\/#breadcrumb"},"inLanguage":"hu","potentialAction":[{"@type":"ReadAction","target":["https:\/\/kofe.hu\/parola\/parola-folyoirat\/varosreszek-rehabilitacioja-pecs-korzeteben\/"]}]},{"@type":"ImageObject","inLanguage":"hu","@id":"https:\/\/kofe.hu\/parola\/parola-folyoirat\/varosreszek-rehabilitacioja-pecs-korzeteben\/#primaryimage","url":"https:\/\/kofe.hu\/parola\/wp-content\/uploads\/2020\/08\/97.2.3-500x500.jpeg","contentUrl":"https:\/\/kofe.hu\/parola\/wp-content\/uploads\/2020\/08\/97.2.3-500x500.jpeg","width":500,"height":500},{"@type":"BreadcrumbList","@id":"https:\/\/kofe.hu\/parola\/parola-folyoirat\/varosreszek-rehabilitacioja-pecs-korzeteben\/#breadcrumb","itemListElement":[{"@type":"ListItem","position":1,"name":"Home","item":"https:\/\/kofe.hu\/parola\/"},{"@type":"ListItem","position":2,"name":"V\u00e1rosr\u00e9szek rehabilit\u00e1ci\u00f3ja P\u00e9cs k\u00f6rzet\u00e9ben"}]},{"@type":"WebSite","@id":"https:\/\/kofe.hu\/parola\/#website","url":"https:\/\/kofe.hu\/parola\/","name":"Parola Foly\u00f3irat","description":"","potentialAction":[{"@type":"SearchAction","target":{"@type":"EntryPoint","urlTemplate":"https:\/\/kofe.hu\/parola\/?s={search_term_string}"},"query-input":{"@type":"PropertyValueSpecification","valueRequired":true,"valueName":"search_term_string"}}],"inLanguage":"hu"},{"@type":"Person","@id":"https:\/\/kofe.hu\/parola\/#\/schema\/person\/7683f83f6c16df95e300357a21c808ee","name":"P\u00f6r\u00f6s B\u00e9la","image":{"@type":"ImageObject","inLanguage":"hu","@id":"https:\/\/kofe.hu\/parola\/#\/schema\/person\/image\/cbe62664504fe7b0461a50059fdcf003","url":"https:\/\/secure.gravatar.com\/avatar\/5bb29a680dd4bfb394fb2058df9739c36707c91d94b7da9306637f43f65acf84?s=96&d=mm&r=g","contentUrl":"https:\/\/secure.gravatar.com\/avatar\/5bb29a680dd4bfb394fb2058df9739c36707c91d94b7da9306637f43f65acf84?s=96&d=mm&r=g","caption":"P\u00f6r\u00f6s B\u00e9la"},"url":"https:\/\/kofe.hu\/parola\/szerzok\/poros-bela\/"}]}},"_links":{"self":[{"href":"https:\/\/kofe.hu\/parola\/wp-json\/wp\/v2\/posts\/5373","targetHints":{"allow":["GET"]}}],"collection":[{"href":"https:\/\/kofe.hu\/parola\/wp-json\/wp\/v2\/posts"}],"about":[{"href":"https:\/\/kofe.hu\/parola\/wp-json\/wp\/v2\/types\/post"}],"author":[{"embeddable":true,"href":"https:\/\/kofe.hu\/parola\/wp-json\/wp\/v2\/users\/207"}],"replies":[{"embeddable":true,"href":"https:\/\/kofe.hu\/parola\/wp-json\/wp\/v2\/comments?post=5373"}],"version-history":[{"count":2,"href":"https:\/\/kofe.hu\/parola\/wp-json\/wp\/v2\/posts\/5373\/revisions"}],"predecessor-version":[{"id":5450,"href":"https:\/\/kofe.hu\/parola\/wp-json\/wp\/v2\/posts\/5373\/revisions\/5450"}],"wp:featuredmedia":[{"embeddable":true,"href":"https:\/\/kofe.hu\/parola\/wp-json\/wp\/v2\/media\/5439"}],"wp:attachment":[{"href":"https:\/\/kofe.hu\/parola\/wp-json\/wp\/v2\/media?parent=5373"}],"wp:term":[{"taxonomy":"category","embeddable":true,"href":"https:\/\/kofe.hu\/parola\/wp-json\/wp\/v2\/categories?post=5373"},{"taxonomy":"post_tag","embeddable":true,"href":"https:\/\/kofe.hu\/parola\/wp-json\/wp\/v2\/tags?post=5373"},{"taxonomy":"author","embeddable":true,"href":"https:\/\/kofe.hu\/parola\/wp-json\/wp\/v2\/coauthors?post=5373"}],"curies":[{"name":"wp","href":"https:\/\/api.w.org\/{rel}","templated":true}]}}