{"id":5371,"date":"2020-08-18T21:55:27","date_gmt":"2020-08-18T21:55:27","guid":{"rendered":"https:\/\/kofe.hu\/parola\/?p=5371"},"modified":"2020-08-20T06:31:09","modified_gmt":"2020-08-20T06:31:09","slug":"kozossegi-gazdasagi-fejlesztes","status":"publish","type":"post","link":"https:\/\/kofe.hu\/parola\/parola-folyoirat\/kozossegi-gazdasagi-fejlesztes\/","title":{"rendered":"K\u00f6z\u00f6ss\u00e9gi gazdas\u00e1gi fejleszt\u00e9s"},"content":{"rendered":"<p style=\"text-align: justify;\"><i><span style=\"font-family: Times New Roman CE;\">Lapunk legut\u00f3bbi sz\u00e1m\u00e1ban \u00f6sszefoglal\u00f3t\u00a0<\/span><\/i><i><span style=\"font-family: Times New Roman CE;\">k\u00f6z\u00f6lt\u00fcnk \u201cA k\u00f6z\u00f6ss\u00e9gi alap\u00fa \u00f6nseg\u00edt\u0151\u00a0<\/span><\/i><i><span style=\"font-family: Times New Roman CE;\">munkahelyteremt\u00e9s el\u0151seg\u00edt\u00e9se\u201d c\u00edm\u0171 szemin\u00e1riumr\u00f3l, amelyet\u00a0<\/span><\/i><i><span style=\"font-family: Times New Roman CE;\">Kunb\u00e1bonyban rendezt\u00fcnk. Az\u00f3ta megjelent a Parola f\u00fczetek sorozatban ennek a tal\u00e1lkoz\u00f3nak a r\u00e9szletes anyaga, amelyb\u0151l most k\u00e9t el\u0151ad\u00e1st adunk k\u00f6zre.<\/span><\/i><br \/>\n<!--more--><br \/>\n<span style=\"font-family: Times New Roman CE;\">Mit is \u00e9rt\u00fcnk k\u00f6z\u00f6ss\u00e9gi alap\u00fa gazdas\u00e1gi fejleszt\u00e9sen? Nagyon sokf\u00e9le v\u00e1lasz l\u00e9tezik erre a k\u00e9rd\u00e9sre.\u00a0<\/span><b><span style=\"font-family: Times New Roman CE;\">Az alapvet\u0151\u00a0<\/span><\/b><b><span style=\"font-family: Times New Roman CE;\">kiindul\u00e1som az, hogy a k\u00f6z\u00f6ss\u00e9gi v\u00e1llalkoz\u00e1s a helyi\u00a0<\/span><\/b><b><span style=\"font-family: Times New Roman CE;\">emberek\u00a0<\/span><\/b><b><span style=\"font-family: Times New Roman CE;\">k\u00e9szs\u00e9geire \u00e9s tapasztalat\u00e1ra \u00e9p\u00edt, \u00e9s ezt a tud\u00e1st,\u00a0<\/span><\/b><b><span style=\"font-family: Times New Roman CE;\">tapasztalatot\u00a0<\/span><\/b><b><span style=\"font-family: Times New Roman CE;\">haszn\u00e1lja fel arra, hogy helyben munkahelyet\u00a0<\/span><\/b><b><span style=\"font-family: Times New Roman CE;\">teremtsen.<\/span><\/b><br \/>\n<span style=\"font-family: Times New Roman CE;\">Ilona tette fel a k\u00e9rd\u00e9st, hogy mit is tehet\u00fcnk annak \u00e9rdek\u00e9ben, hogy seg\u00edts\u00fck a k\u00f6z\u00f6ss\u00e9gi alap\u00fa v\u00e1llalkoz\u00e1sok fejleszt\u00e9s\u00e9t. Az els\u0151\u00a0<\/span><span style=\"font-family: Times New Roman CE;\">v\u00e1lasz, amit szeretn\u00e9k neki adni, az az, hogy el\u0151sz\u00f6r is n\u00e9zz\u00fcnk k\u00f6r\u00fcl \u00f6nmagunk k\u00f6rnyezet\u00e9ben! Amikor el\u0151sz\u00f6r tal\u00e1lkoztunk, arr\u00f3l besz\u00e9lgett\u00fcnk, hogy koll\u00e9g\u00e1im \u00e9s \u00e9n hogyan kezdt\u00fck el azt a folyamatot, amelynek sor\u00e1n Devonban megpr\u00f3b\u00e1ltunk munkahelyeket\u00a0<\/span><span style=\"font-family: Times New Roman CE;\">teremteni, \u00e9s m\u00e1r akkor megeml\u00edtett\u00fck, hogy mennyire fontos, hogy\u00a0<\/span><span style=\"font-family: Times New Roman CE;\">helyileg t\u00f6rt\u00e9njen a v\u00e1llalkoz\u00e1s. Ez az \u00e9p\u00fclet pl., ahol most vagyunk, helyi anyagokb\u00f3l, helyi munkaer\u0151vel j\u00f6tt l\u00e9tre, az \u00e9tel, amit itt kapunk, a helyi \u00fczletekb\u0151l ker\u00fclt ide \u2013 \u00e9s ez a kezdet. Meg kell adnunk az\u00a0<\/span><span style=\"font-family: Times New Roman CE;\">embereknek azt az \u00f6nbizalmat, \u00e9rz\u00e9st \u00e9s hitet, hogy amit \u0151k\u00a0<\/span><span style=\"font-family: Times New Roman CE;\">l\u00e9trehoznak, azt el lehet adni, erre sz\u00fcks\u00e9ge van m\u00e1soknak. Ez az els\u0151\u00a0<\/span><span style=\"font-family: Times New Roman CE;\">fontos l\u00e9p\u00e9s, amit tehet\u00fcnk, nemcsak az\u00e9rt, mert k\u00f6z\u00f6ss\u00e9gfejleszt\u0151k vagyunk, hanem az\u00e9rt is, mert emberek vagyunk. Hogy a felmer\u00fclt ig\u00e9nyeket, legyenek ak\u00e1r szem\u00e9lyes vagy szervezeti ig\u00e9nyek, helyi szinten pr\u00f3b\u00e1ljuk kiel\u00e9g\u00edteni. \u00c9s ilyen m\u00f3don seg\u00edts\u00e9get ny\u00fajthatunk az embereknek, hogy megtarthass\u00e1k a munk\u00e1jukat, ill. \u00faj munkahelyeket teremthet\u00fcnk. Ez azonban nem el\u00e9g, viszont l\u00e9trehoz egy olyan k\u00f6rnyezetet, amelyben a k\u00f6z\u00f6ss\u00e9gi v\u00e1llalkoz\u00e1s l\u00e9trej\u00f6het.<\/span><br \/>\n<span style=\"font-family: Times New Roman CE;\">\u00c9s most n\u00e9h\u00e1ny percig szeretn\u00e9k besz\u00e9lni arr\u00f3l, hogy Devonban milyen v\u00e1llalkoz\u00e1sokat, projekteket seg\u00edtett\u00fcnk fejleszteni az elm\u00falt 10 \u00e9vben.<\/span><br \/>\n<span style=\"font-family: Times New Roman CE;\">Devonban n\u00e9gyf\u00e9le m\u00f3don seg\u00edtj\u00fck a k\u00f6z\u00f6ss\u00e9gi gazdas\u00e1gi fejleszt\u00e9st. Ez a munka tulajdonk\u00e9ppen n\u00e9gyfajta szervez\u0151d\u00e9sre ir\u00e1nyul, amelyek nagyon sok m\u00f3don k\u00fcl\u00f6nb\u00f6znek egym\u00e1st\u00f3l, de h\u00e1t k\u00fcl\u00f6nb\u00f6z\u0151 ig\u00e9nyekkel hozt\u00e1k l\u00e9tre \u0151ket. Van azonban egy k\u00f6z\u00f6s von\u00e1suk is \u00e9s ez pedig az, hogy mindegyik a helyi k\u00f6z\u00f6ss\u00e9g tulajdon\u00e1ban van. \u0150k ir\u00e1ny\u00edtj\u00e1k ezeket a v\u00e1llalkoz\u00e1sokat \u00e9s azok a munkahelyek, amelyek itt keletkeznek, azok a helyi k\u00f6z\u00f6ss\u00e9get gyarap\u00edtj\u00e1k.<\/span><br \/>\n<span style=\"font-family: Times New Roman CE;\">A n\u00e9gyfajta szervez\u0151d\u00e9s, amir\u0151l besz\u00e9lni szeretn\u00e9k, a k\u00f6vetkez\u0151:<\/span><br \/>\n<span style=\"font-family: Times New Roman CE;\">\u2013 sz\u00f6vetkezetek;<\/span><br \/>\n<span style=\"font-family: Times New Roman CE;\">\u2013 k\u00f6z\u00f6ss\u00e9gi v\u00e1llalkoz\u00e1sok;<\/span><br \/>\n<span style=\"font-family: Times New Roman CE;\">\u2013 hitelsz\u00f6vetkezetek;<\/span><br \/>\n<span style=\"font-family: Times New Roman CE;\">\u2013 fejleszt\u00e9si tr\u00f6szt\u00f6k.<\/span><\/p>\n<p><b><span style=\"font-family: Times New Roman CE;\">A sz\u00f6vetkezetek<\/span><\/b><br \/>\n<span style=\"font-family: Times New Roman CE;\">Tudom, hogy a \u201csz\u00f6vetkezet\u201d egy kicsit neh\u00e9z sz\u00f3, hiszen sok negat\u00edv mell\u00e9kz\u00f6ng\u00e9je van. Tal\u00e1n \u00e9rdekes lehet, hogy Angli\u00e1ban is igen sok negat\u00edv k\u00e9pzet t\u00e1rsul a sz\u00f6vetkezet sz\u00f3hoz, de teljesen m\u00e1s, pontosan ellenkez\u0151 okok miatt. Tartja mag\u00e1t az az el\u0151\u00edt\u00e9let Angli\u00e1ban, hogy a sz\u00f6vetkezetek egy radik\u00e1lis kisebbs\u00e9g \u00e9rdekeit fejezik ki. Csak az elm\u00falt p\u00e1r \u00e9vben, amikor megn\u0151tt a sz\u00f6vetkezetek sz\u00e1ma \u00e9s val\u00f3ban megalapozt\u00e1k a tev\u00e9kenys\u00e9get, kezdt\u00fck meg\u00e9rteni, hogy mi is a val\u00f3di \u00e9rt\u00e9k\u00fck.<\/span><br \/>\n<span style=\"font-family: Times New Roman CE;\">Amikor elkezdt\u00fck a tev\u00e9kenys\u00e9g\u00fcnket Devonban, a megy\u00e9ben nem voltak m\u00e9g m\u0171k\u00f6d\u0151 sz\u00f6vetkezetek. Az\u00f3ta t\u00f6bb, mint 70 sz\u00f6vetkezet-jelleg\u0171 v\u00e1llalkoz\u00e1s j\u00f6tt l\u00e9tre. \u00c9s ez a 70 v\u00e1llalkoz\u00e1s direkt ill. indirekt m\u00f3don 1000 munkahelyet teremtett. Ebb\u0151l is l\u00e1tszik, hogy a sz\u00f6vetkezetek nem jelentenek t\u00f6meges, sz\u00e9les k\u00f6r\u0171 megold\u00e1st a munkan\u00e9lk\u00fclis\u00e9gre, viszont megteremtik azt a lehet\u0151s\u00e9get, hogy olyan emberek, akik kor\u00e1bban tal\u00e1n soha nem gondoltak arra, hogy saj\u00e1t maguk kezdjenek bele valamilyen v\u00e1llalkoz\u00e1sba, elkezdjenek ebben gondolkodni, \u00e9s val\u00f3ban l\u00e9trehozzanak maguknak valamit. Azok a sz\u00f6vetkezetek, amelyeket mi l\u00e9trehoztunk, a gazdas\u00e1g k\u00fcl\u00f6nb\u00f6z\u0151 szf\u00e9r\u00e1iban tev\u00e9kenykednek. S tulajdonk\u00e9ppen az az amb\u00edci\u00f3nk, hogy a mi sz\u00f6vetkezetfejleszt\u0151 \u00fcgyn\u00f6ks\u00e9g\u00fcnk azzal tudja megval\u00f3s\u00edtani a c\u00e9lj\u00e1t, ha majd a sz\u00f6vetkezetekkel kereskedik. Ezt m\u00e9g nem siker\u00fclt megval\u00f3s\u00edtanunk, de az\u00e9rt el\u00e9g j\u00f3l haladunk. \u00c9rdekeln\u00e9-e \u00d6n\u00f6ket n\u00e9h\u00e1ny p\u00e9lda arr\u00f3l, amit a sz\u00f6vetkezetek csin\u00e1lnak?<\/span><br \/>\n<span style=\"font-family: Times New Roman CE;\">A legkisebb sz\u00f6vetkezet\u00fcnket k\u00e9t ember csin\u00e1lja \u2013 aut\u00f3vezet\u00e9st tan\u00edtanak. Mintegy hat h\u00f3napja kezdt\u00e9k el ezt a v\u00e1llalkoz\u00e1st. Kidolgoztunk vel\u00fck egy tervet, \u00e9s e szerint az elk\u00f6vetkez\u0151 \u00e9vben mintegy 40 munkahelyet tudnak teremteni sz\u00f6vetkezet\u00fckben. Egy m\u00e1sik p\u00e9lda: az egyik sz\u00f6vetkezet\u00fcnkben csak n\u0151k tal\u00e1lhat\u00f3k, akik mindannyian ford\u00edt\u00f3k \u00e9s tolm\u00e1csok. A k\u00f6zpontjuk Devonban sz\u00e9kel, viszont a munkat\u00e1rsaik Eur\u00f3pa t\u00f6bb pontj\u00e1n, t\u00f6bb orsz\u00e1g\u00e1ban tal\u00e1lhat\u00f3k. \u00c9s ez az eg\u00e9sz azzal a h\u00e1rom h\u00f6lggyel kezd\u0151d\u00f6tt, akik \u00fagy \u00e9rezt\u00e9k annak idej\u00e9n, hogy nagyon kizs\u00e1km\u00e1nyolt\u00e1k \u0151ket tolm\u00e1csk\u00e9nt. K\u00fcl\u00f6nb\u00f6z\u0151 \u00fcgyn\u00f6ks\u00e9geken kereszt\u00fcl dolgoztak, \u00e9s nagyon rosszul fizett\u00e9k \u0151ket. Ez\u00e9rt l\u00e9trehozt\u00e1k a saj\u00e1t \u00fcgyn\u00f6ks\u00e9g\u00fcket, egy sz\u00f6vetkezetet, \u00e9s most ahelyett, hogy egy tulajdonosi r\u00e9teg v\u00e1gn\u00e1 zsebre a profitot, maguk k\u00f6z\u00f6tt sz\u00e9tosztj\u00e1k. Besz\u00e9lgettem a minap egyik\u00fckkel, aki elmondta, hogy az elm\u00falt \u00e9v sor\u00e1n h\u00e1romszor annyit keresett, mint kor\u00e1bban a k\u00fcl\u00f6nb\u00f6z\u0151 \u00fcgyn\u00f6ks\u00e9geken kereszt\u00fcl. Azt is elmondta, hogy a leg\u00fajabb munkat\u00e1rsuk nem m\u00e1s, mint a saj\u00e1t l\u00e1nya.<\/span><br \/>\n<span style=\"font-family: Times New Roman CE;\">Ezek mind olyan emberek, akik kor\u00e1bban nem voltak r\u00e9szesei semmif\u00e9le \u00fczleti v\u00e1llalkoz\u00e1snak, viszont mikor \u00edgy \u00f6ssze\u00e1lltak, azt tapasztalt\u00e1k, hogy igenis van annyi tud\u00e1suk, hogy l\u00e9trehozzanak egy v\u00e1llalkoz\u00e1st. Tulajdonk\u00e9ppen a legfontosabb feladata az \u00fcgyn\u00f6ks\u00e9geknek \u2013 \u00e9s ennek a szemin\u00e1riumnak is ez a legfontosabb k\u00e9rd\u00e9se \u2013, hogy hogyan tudunk megfelel\u0151 k\u00e9pz\u00e9seket biztos\u00edtani ezeknek az embereknek ahhoz, hogy megtegy\u00e9k ezt a l\u00e9p\u00e9st. Ez nagyon sokf\u00e9le m\u00f3don t\u00f6rt\u00e9nhet. Alapvet\u0151, hogy megadjuk nekik azt az \u00fczleti tud\u00e1st, \u00fczleti know how-t, amit azt\u00e1n a saj\u00e1t k\u00f6rnyezet\u00fckben fel tudnak haszn\u00e1lni, hogy sikeres v\u00e1llalkoz\u00e1st tudjanak l\u00e9trehozni. M\u00e1sr\u00e9szt pedig fontos, hogy legyenek olyan partnerek, amelyek ezeket a v\u00e1llalkoz\u00e1sokat t\u00e1mogatj\u00e1k. Ilyenek pl. a p\u00e9nz\u00fcgyi v\u00e1llalkoz\u00e1sok. \u00c9s hogyha val\u00f3ban komolyan vessz\u00fck a k\u00f6z\u00f6ss\u00e9gi v\u00e1llalkoz\u00e1sokat, akkor el kell ismern\u00fcnk, hogy nem tudjuk egyed\u00fcl megval\u00f3s\u00edtani. El kell ismern\u00fcnk, hogy egy\u00fctt kell m\u0171k\u00f6dn\u00fcnk m\u00e1s emberekkel, m\u00e1s szervezetekkel, teh\u00e1t a helyi \u00e9s a k\u00f6zponti korm\u00e1nyzattal, a k\u00fcl\u00f6nb\u00f6z\u0151 finansz\u00edroz\u00f3 int\u00e9zm\u00e9nyekkel stb.<\/span><br \/>\n<span style=\"font-family: Times New Roman CE;\">Most pedig szeretn\u00e9k besz\u00e9lni a m\u00e1sodik fajta v\u00e1llalkoz\u00e1st\u00edpusr\u00f3l, amelyikben mi egy\u00fctt dolgozunk, ezeket pedig \u00fagy nevezz\u00fck, hogy\u00a0<\/span><b><span style=\"font-family: Times New Roman CE;\">k\u00f6z\u00f6ss\u00e9gi v\u00e1llalkoz\u00e1sok<\/span><\/b><span style=\"font-family: Times New Roman CE;\">. Ami megk\u00fcl\u00f6nb\u00f6zteti a k\u00f6z\u00f6ss\u00e9gi v\u00e1llalkoz\u00e1st a sz\u00f6vetkezetekt\u0151l, az a tulajdon k\u00e9rd\u00e9se. A k\u00fcl\u00f6nb\u00f6z\u0151 sz\u00f6vetkezetekben az emberek birtok\u00e1ban van a v\u00e1llalkoz\u00e1s, egyenl\u0151en oszlik meg a tulajdon \u2013 teh\u00e1t meglehet\u0151sen kev\u00e9ss\u00e9 hagyom\u00e1nyos \u00fczleti strukt\u00far\u00e1ban dolgoznak. Akiknek a sz\u00f6vetkezetekben \u00fczleti \u00e9rdekelts\u00e9g\u00fck van, azok maguk a dolgoz\u00f3k. Egy k\u00f6z\u00f6ss\u00e9gi alap\u00fa v\u00e1llalkoz\u00e1sban azonban \u2013 ahogy ezt a neve is mutatja \u2013 egyfajta k\u00f6z\u00f6s tulajdonl\u00e1s van. Ez a tulajdonl\u00e1s megoszlik a munkaer\u0151, teh\u00e1t a dolgoz\u00f3k, illetve az adott k\u00f6z\u00f6ss\u00e9g k\u00f6z\u00f6tt, amelyben a v\u00e1llalkoz\u00e1s m\u0171k\u00f6dik. Ez azt jelenti, hogy a v\u00e1llalkoz\u00e1s kapcs\u00e1n keletkez\u0151 profit az adott k\u00f6z\u00f6ss\u00e9get gazdag\u00edtja. K\u00e9t, egym\u00e1st\u00f3l nagyon k\u00fcl\u00f6nb\u00f6z\u0151 p\u00e9ld\u00e1val szeretn\u00e9m megmutatni, hogy ez mit is jelent?<\/span><br \/>\n<span style=\"font-family: Times New Roman CE;\">Az els\u0151 p\u00e9lda egy \u201cinstant workforce\u201d, vagyis \u201cazonnali munkaer\u0151\u201d elnevez\u00e9s\u0171 szervezet. Ez a csoport egy k\u00f6z\u00f6ss\u00e9gi felm\u00e9r\u00e9s alapj\u00e1n j\u00f6tt \u00f6ssze. A k\u00f6z\u00f6ss\u00e9gi felm\u00e9r\u00e9s kimutatta, hogy nagyon nagy a helyi k\u00f6z\u00f6ss\u00e9gben az ig\u00e9ny a k\u00fcl\u00f6nb\u00f6z\u0151 alkalmi munk\u00e1kra. Ez a t\u00e1rsas\u00e1g Plymouth v\u00e1ros\u00e1nak bels\u0151 r\u00e9sz\u00e9b\u0151l sz\u00e1rmazik. A v\u00e1rosnak ezen a r\u00e9sz\u00e9n 28%-os a munkan\u00e9lk\u00fclis\u00e9g, ami gyakorlatilag azt jelenti, hogy minden negyedik feln\u0151tt munkan\u00e9lk\u00fcli. N\u00e9h\u00e1ny ember ezek k\u00f6z\u00fcl ig\u00e9nyeln\u00e9, hogy kisebb munk\u00e1kat otthon valaki elv\u00e9gezzen sz\u00e1mukra, de sokszor nem tudj\u00e1k megengedni maguknak, hogy ezeket a munk\u00e1kat k\u00fcl\u00f6nb\u00f6z\u0151 v\u00e1llalkoz\u00f3kkal v\u00e9geztess\u00e9k el. Ez a fajta v\u00e1llalkoz\u00e1s lehet\u0151v\u00e9 tenn\u00e9, hogy r\u00f6vid id\u0151n bel\u00fcl megfizethet\u0151 munk\u00e1t kapjanak. \u00c9s miut\u00e1n egy\u00fctt dolgoznak, \u00f6ssze tudnak hozni annyi j\u00f6vedelmet, amib\u0151l meg tudnak \u00e9lni \u00e9s folytatni is tudj\u00e1k ezt a munk\u00e1t. Ami\u00f3ta elkezdt\u00e9k ezt a tev\u00e9kenys\u00e9get, az\u00f3ta m\u00e1r egy vend\u00e9gl\u00e1t\u00f3ipari egys\u00e9get is kialak\u00edtottak, \u00e9s nagy j\u00f6vedelm\u00fck van abb\u00f3l, hogy k\u00fcl\u00f6nb\u00f6z\u0151 helyi rendezv\u00e9nyeket szolg\u00e1lna ki. Ez nagyon j\u00f3 p\u00e9lda arra, hogy egy kil\u00e1t\u00e1stalan helyzetb\u0151l indul\u00f3 k\u00f6z\u00f6s v\u00e1llalkoz\u00e1s hogyan tud val\u00f3ban nagyon sikeres lenni.<\/span><br \/>\n<span style=\"font-family: Times New Roman CE;\">A k\u00f6vetkez\u0151 p\u00e9lda egy rock-egy\u00fcttes\u00e9. Ennek az egy\u00fcttesnek az a neve, hogy a \u201cHang fegyverei\u201d. Nagy h\u00edrn\u00e9vre tettek m\u00e1r szert Angli\u00e1ban, \u00e9s ezen a h\u00e9ten r\u00e9szt vesznek egy nagy rockfesztiv\u00e1lon is. Ez az eg\u00e9sz \u00fagy kezd\u0151d\u00f6tt, hogy n\u00e9h\u00e1ny fiatalokkal foglalkoz\u00f3 szoci\u00e1lis munk\u00e1s agg\u00f3dott amiatt, hogy sokan l\u00f3gnak az iskol\u00e1b\u00f3l. Hangszereket k\u00f6lcs\u00f6n\u00f6ztek \u00e9s biztos\u00edtottak a fiatalok sz\u00e1m\u00e1ra, s n\u00e9h\u00e1nyan k\u00f6z\u00fcl\u00fck od\u00e1ig fejl\u0151dtek zeneileg, hogy m\u00e1r meg is \u00e9lhettek volna a zen\u00e9l\u00e9sb\u0151l. De a t\u00f6rv\u00e9nyek nem tett\u00e9k lehet\u0151v\u00e9, hogy \u00fczleti v\u00e1llalkoz\u00e1sba kezdjenek, ez\u00e9rt meg kellett tal\u00e1lni a t\u00f6rv\u00e9nyes form\u00e1t arra, hogy ezt megval\u00f3s\u00edthass\u00e1k. Megkerest\u00e9k az \u00fcgyn\u00f6ks\u00e9g\u00fcnket, \u00e9s mi seg\u00edtett\u00fcnk nekik abban, hogy kialak\u00edtsanak egy k\u00f6z\u00f6ss\u00e9gi alap\u00fa v\u00e1llalkoz\u00e1st, amely most m\u00e1r \u00f6t egy\u00fcttest foglal mag\u00e1ba. \u00c9s mindenki, aki ezekben az egy\u00fcttesekben j\u00e1tszik, 25 \u00e9v alatti. Ez a projekt nemcsak felkeltette a fiatalok \u00e9rdekl\u0151d\u00e9s\u00e9t, hanem zenei ter\u00fcleten 15 munkahelyet is teremtett. Ez a projekt nemr\u00e9g kapott t\u00f6bb mint 1 milli\u00f3 font t\u00e1mogat\u00e1st az angol nemzeti lott\u00f3t\u00f3l (n\u00e1lunk Szerencsej\u00e1t\u00e9k Rt. A szerk). Ebb\u0151l fel\u00e9p\u00edtenek maguknak egy saj\u00e1t \u00e9p\u00fcletet saj\u00e1t st\u00fadi\u00f3val, \u00e9s itt tudnak majd j\u00e1tszani, gyakorolni is. Itt lehet\u0151s\u00e9g lesz k\u00e9pz\u00e9sre is, hogy val\u00f3ban profi felv\u00e9teleket tudjanak k\u00e9sz\u00edteni. Ez a fejleszt\u00e9s tov\u00e1bbi 35 embernek fog munk\u00e1t adni. Az eg\u00e9sz h\u00e1rom \u00e9v alatt fejl\u0151d\u00f6tt id\u00e1ig \u00e9s onnan indult ki, hogy valaki agg\u00f3dott az\u00e9rt, mert sokan l\u00f3gtak az iskol\u00e1b\u00f3l. Sok k\u00f6z\u00f6ss\u00e9gi v\u00e1llalkoz\u00e1s nem abb\u00f3l indul, hogy valakinek van egy hatalmas nagy \u00f6tlete, hanem van egy kicsi, de j\u00f3 \u00f6tlete, amire azt\u00e1n lehet \u00e9p\u00edtkezni.<\/span><br \/>\n<span style=\"font-family: Times New Roman CE;\">A tov\u00e1bbiakban szeretn\u00e9k egy \u00faj \u00e9lm\u00e9ny\u00fcnkr\u0151l besz\u00e9lni. \u00daj a mi \u00fcgyn\u00f6ks\u00e9g\u00fcnk sz\u00e1m\u00e1ra, de nem olyan \u00faj Angli\u00e1ban, \u00e9s nagy lehet\u0151s\u00e9get jelenthet k\u00fcl\u00f6nb\u00f6z\u0151 k\u00f6z\u00f6ss\u00e9gi helyzetekben. A\u00a0<\/span><span style=\"font-family: Times New Roman CE;\">hitelsz\u00f6vetkezetekre gondolok.<\/span><br \/>\n<span style=\"font-family: Times New Roman CE;\">Volt n\u00e9h\u00e1ny kereskedelmi p\u00e9lda, amit k\u00f6vett\u00fcnk, ilyen volt pl. a British Airways hitelsz\u00f6vetkezete, amelyet saj\u00e1t alkalmazottai r\u00e9sz\u00e9re hozott l\u00e9tre. A helyi rend\u0151rszervezet is rendelkezett egy hitelsz\u00f6vetkezettel. Amikor ennek a k\u00e9t nagy szervezetnek a p\u00e9ld\u00e1j\u00e1t l\u00e1ttuk, azt gondoltuk, hogy biztos van benne valami&#8230; Az ut\u00f3bbi id\u0151ben kis, 5\u201310 ezres telep\u00fcl\u00e9seken dolgoztunk \u00e9s seg\u00edtett\u00fcnk a helyi lakosoknak abban, hogy l\u00e9trehozz\u00e1k a saj\u00e1t hitelsz\u00f6vetkezeteiket. Ezek r\u00e9szben takar\u00e9k-, r\u00e9szben k\u00f6lcs\u00f6nt szolg\u00e1ltat\u00f3 sz\u00f6vetkezetek, \u00e9s azoknak a tulajdon\u00e1ban vannak, akiknek a p\u00e9nze ebben a sz\u00f6vetkezetben benne van. Azoknak az \u00e9let\u00e9ben, akik bekapcsol\u00f3dtak ezekbe a sz\u00f6vetkezetekbe, nagyon sok v\u00e1ltoz\u00e1st hozott. K\u00fcl\u00f6n\u00f6sen a szeg\u00e9ny k\u00f6z\u00f6ss\u00e9gekre \u00e9rv\u00e9nyes ez, mert ezekben mindig nagyon neh\u00e9z volt hitelhez jutni. Sokan egy\u00e1ltal\u00e1n nem is tudnak kereskedelmi bankokt\u00f3l k\u00f6lcs\u00f6nh\u00f6z jutni, ez\u00e9rt gyakran illeg\u00e1lis k\u00f6lcs\u00f6nz\u0151kh\u00f6z fordulnak, akik persze t\u00f6bb sz\u00e1z sz\u00e1zal\u00e9kos kamatokkal dolgoznak. A hitelsz\u00f6vetkezet ezzel szemben tud kis k\u00f6lcs\u00f6n\u00f6ket, kedvez\u0151 kamatokat adni, ami nagyon sokat jelenthet egy kis j\u00f6vedelemmel rendelkez\u0151 csal\u00e1dnak.<\/span><br \/>\n<span style=\"font-family: Times New Roman CE;\">Devonban jelenleg 6 kis hitelsz\u00f6vetkezet\u00fcnk van, de az a c\u00e9lunk, hogy mindenki, aki Devonban \u00e9l \u00e9s sz\u00fcks\u00e9ge van r\u00e1, tagja lehessen egy-egy hitelsz\u00f6vetkezetnek. Nemcsak az\u00e9rt eml\u00edtettem ezt, mert ez \u2013 ha szer\u00e9ny m\u00f3don is, de \u2013 egyfajta j\u00f6vedelemteremt\u0151 forr\u00e1s, hanem az\u00e9rt is, mert nagyon fontos k\u00e9pz\u00e9si lehet\u0151s\u00e9geket, ill. \u00f6nbizalom-\u00e9p\u00edt\u00e9st jelenthet azok sz\u00e1m\u00e1ra, akik r\u00e9szt vesznek benne. Ez\u00e9rt k\u00e9pz\u00e9seket szervezt\u00fcnk, ahol az \u00fajonnan \u00e9rdekl\u0151d\u0151knek a k\u00f6lcs\u00f6n\u00f6kr\u0151l besz\u00e9lnek azok, akik m\u00e1r hitelsz\u00f6vetkezetekben dolgoznak. Nagyon sokan k\u00f6z\u00fcl\u00fck el\u00e9g rossz \u00e9lm\u00e9nyekkel gondolnak vissza az iskolai \u00e9vekre, \u00e9s el\u00e9g hamar befejezt\u00e9k a tanulm\u00e1nyaikat. Itt teh\u00e1t nem k\u00f6nyvel\u0151kr\u0151l van sz\u00f3, vagy olyan emberekr\u0151l, akik olyan j\u00f3k lenn\u00e9nek matematik\u00e1ban&#8230; Siker\u00fclt azonban el\u00e9rn\u00fcnk azt, hogy n\u00f6velni, fejleszteni tudtuk a k\u00e9pess\u00e9geiket, \u00e9s k\u00e9pess\u00e9 tett\u00fck \u0151ket arra, hogy ezeket a szervezeteket tudj\u00e1k m\u0171k\u00f6dtetni. Mivel ezek korm\u00e1nyzatt\u00f3l f\u00fcgg\u0151 szervezetek is, nincs egyszer\u0171 munk\u00e1juk, de dupl\u00e1n profit\u00e1lnak ebb\u0151l a tev\u00e9kenys\u00e9gb\u0151l: egyfajta j\u00f6vedelemteremt\u00e9st biztos\u00edtanak \u00e9s seg\u00edtik a csal\u00e1dokat, ugyanakkor n\u00f6velik tud\u00e1sszintj\u00fcket. Ez annyira igaznak bizonyult, hogy m\u00e1r az volt a probl\u00e9ma, hogy n\u00e9h\u00e1ny embert meg kellett pr\u00f3b\u00e1lnunk tov\u00e1bbra is a hitelsz\u00f6vetkezetben tartani, mert el szerettek volna menni, hiszen m\u00e1r jobb munkahelyet is tudtak volna kapni. Ez az\u00e9rt m\u00e1r egy eg\u00e9sz kellemes probl\u00e9ma.<\/span><br \/>\n<span style=\"font-family: Times New Roman CE;\">Most n\u00e9h\u00e1ny sz\u00f3t szeretn\u00e9k arr\u00f3l besz\u00e9lni, hogy mennyire megv\u00e1ltoztak a k\u00f6r\u00fclm\u00e9nyek a gazdas\u00e1gnak ebben a szf\u00e9r\u00e1j\u00e1ban, \u00e9s azt hiszem, hogy ez n\u00e1latok is nagyon relev\u00e1ns. A sz\u00f6vetkezeteket, ill. k\u00f6z\u00f6ss\u00e9gi alap\u00fa v\u00e1llalkoz\u00e1sokat kicsit idealista dolognak tartott\u00e1k, \u00e9s sokan \u00fagy gondolt\u00e1k, hogy nem lehet ezzel val\u00f3di eredm\u00e9nyeket el\u00e9rni. A helyi-, illetve a k\u00f6zponti korm\u00e1nyzatnak az volt a v\u00e9lem\u00e9nye, hogy csak \u00fagy lehet a gazdas\u00e1got fejleszteni, ha inveszt\u00e1lnak. Teh\u00e1t ha mondjuk Devon valamilyen csoda folyt\u00e1n oda fogja tudni vonzani a hatalmas gy\u00e1rakat, \u00e9s ezzel rengeteg munkahely fog teremt\u0151dni. Milyen meglepet\u00e9s, hogy ez nem \u00edgy t\u00f6rt\u00e9nt&#8230;! Most m\u00e1r \u00fagy t\u0171nik, hogy mind a k\u00f6zponti, mind a helyi korm\u00e1nyzat megv\u00e1ltoztatta a hozz\u00e1\u00e1ll\u00e1s\u00e1t a k\u00f6z\u00f6ss\u00e9gi alap\u00fa v\u00e1llalkoz\u00e1sokhoz. \u00c9s ez h\u00e1rom m\u00f3don nyilv\u00e1nult meg sz\u00e1munkra: Az els\u0151 az volt, hogy a k\u00fcl\u00f6nb\u00f6z\u0151 gazdas\u00e1gi fejleszt\u00e9si EU programokban nagy hangs\u00falyt fektetnek arra, hogy bevonj\u00e1k a k\u00f6z\u00f6ss\u00e9geket a regener\u00e1ci\u00f3s t\u00f6rekv\u00e9sekbe. Ez azt jelenti, hogy ha egy r\u00e9gi\u00f3 szeretne valamilyen EU-alapot megkapni, azt is meg kell mutatnia, hogy a helyi k\u00f6z\u00f6ss\u00e9geknek mi a szerepe ebben a programban. Ez \u00f3ri\u00e1si v\u00e1ltoz\u00e1st jelentett sz\u00e1munkra. Ugyan\u00edgy t\u00f6rt\u00e9nt ez a k\u00f6zponti korm\u00e1nyzat \u00e1ltal ny\u00fajtott t\u00e1mogat\u00e1sn\u00e1l is. Ezeknek is nagyon fontos elem\u00e9v\u00e9 v\u00e1lt a k\u00f6z\u00f6ss\u00e9gi aspektus. Harmadszorra pedig: \u00faj korm\u00e1ny van Angli\u00e1ban. Tal\u00e1n korai m\u00e9g ezt mondanom, de biztosak vagyunk abban, hogy ez igenis v\u00e1ltoz\u00e1st fog hozni abban, ahogyan a korm\u00e1nyzat a k\u00f6z\u00f6ss\u00e9gi alap\u00fa v\u00e1llalkoz\u00e1sokat tekinti. Elm\u00e9letileg ezut\u00e1n nemcsak arr\u00f3l lesz sz\u00f3, hogy \u00fagy tekintenek minket, mint akik a szeg\u00e9ny emberek sz\u00e1m\u00e1ra valamilyen megold\u00e1st pr\u00f3b\u00e1lnak tal\u00e1lni, hanem val\u00f3ban komoly partnerk\u00e9nt fognak minket kezelni. Azt hiszem, hogy ez a fajta \u00faj hozz\u00e1\u00e1ll\u00e1s hozz\u00e1 fogja seg\u00edteni a k\u00f6z\u00f6ss\u00e9gi alap\u00fa v\u00e1llalkoz\u00e1sokat ahhoz, hogy val\u00f3ban vir\u00e1gozzanak, s nemcsak Nagy-Britanni\u00e1ban, de eg\u00e9sz Eur\u00f3p\u00e1ban is.<\/span><br \/>\n<span style=\"font-family: Times New Roman CE;\">S v\u00e9g\u00fcl szeretn\u00e9k arr\u00f3l besz\u00e9lni, hogy ez egy j\u00f3 alkalom arra, hogy megvizsg\u00e1ljuk, mi t\u00f6rt\u00e9nik a mi saj\u00e1t k\u00f6z\u00f6ss\u00e9g\u00fcnkben. Nagyon sok olyan k\u00f6r\u00fclm\u00e9ny, amit itt l\u00e1ttam, tulajdonk\u00e9ppen Devonban is megtal\u00e1lhat\u00f3: a vid\u00e9ken \u00e9l\u0151k nagyon gyenge szolg\u00e1ltat\u00e1sokkal rendelkeznek, magas a munkan\u00e9lk\u00fclis\u00e9g, kev\u00e9s a beruh\u00e1z\u00e1sok m\u00e9rt\u00e9ke, s nagyon neh\u00e9z hozz\u00e1jutni p\u00e9nzhez, illetve forr\u00e1sokhoz, amelyek ezen v\u00e1ltoztatni tudn\u00e1nak. De az\u00e9rt azt kell mondanom, hogy a k\u00f6z\u00f6ss\u00e9gi gazdas\u00e1gi fejleszt\u00e9s \u00f6nmag\u00e1ban m\u00e9g nem v\u00e1lasz. Hiszen ez mindig is egy kisebb m\u00e9rv\u0171 \u00e9s lass\u00fabb fejl\u0151d\u00e9s lesz, teh\u00e1t nem pillanatnyi, gyors megold\u00e1st jelent. Ami megk\u00fcl\u00f6nb\u00f6zteti az egy\u00e9b jelleg\u0171 gazdas\u00e1gi fejl\u0151d\u00e9st\u0151l, az ennek a fejl\u0151d\u00e9snek a min\u0151s\u00e9ge. Hiszen ezek a v\u00e1llalkoz\u00e1sok olyan embereknek a birtok\u00e1ban vannak, akik ismerik a helyi t\u00f6rt\u00e9n\u00e9seket, mert ott vannak helyben, s \u00e9ppen ez\u00e9rt sokkal jobban reag\u00e1lnak a k\u00fcl\u00f6nb\u00f6z\u0151 v\u00e1ltoz\u00e1sokra. S miut\u00e1n helyi szolg\u00e1ltat\u00e1sokat biztos\u00edtanak, e szolg\u00e1ltat\u00e1sokat a fogyaszt\u00f3k nagyra \u00e9rt\u00e9kelik. Ez olyan gazdas\u00e1gi el\u0151nyt jelent, amit a mag\u00e1nszf\u00e9ra soha nem tudna biztos\u00edtani. S ezek azok az er\u0151ss\u00e9gek, amelyekkel a sikeres k\u00f6z\u00f6ss\u00e9gi v\u00e1llalkoz\u00e1sokat \u00e9p\u00edteni tudjuk. \u00c9s hogyha feltenn\u00e9nk azt a k\u00e9rd\u00e9st, hogy milyenfajta k\u00f6z\u00f6ss\u00e9gi v\u00e1llalkoz\u00e1sokat kellene seg\u00edten\u00fcnk, erre azt mondan\u00e1m, hogy nincs v\u00e1laszom, illetve sok ezer v\u00e1laszom van. De engedjetek meg n\u00e9h\u00e1ny \u00f6tletet, ami ezen a gy\u00f6ny\u00f6r\u0171 t\u00e1jon hasznos lehet. Ilyenek p\u00e9ld\u00e1ul a sz\u00f6vetkezeti marketing strukt\u00far\u00e1k kistermel\u0151knek. Eur\u00f3p\u00e1ban nagyon sok olyan sz\u00f6vetkezet \u00e9s k\u00f6z\u00f6ss\u00e9gi v\u00e1llalkoz\u00e1s van, amelyek a tev\u00e9kenys\u00e9g\u00fcket a turizmusra \u00e9p\u00edtik. S azt hiszem, itt is \u00e9s Eur\u00f3pa m\u00e1s r\u00e9szein is nagyon sok olyan \u00fcgyes k\u00e9zm\u0171ves van, akik nagyon nehezen tudnak meg\u00e9lni. Egy\u00fctt viszont k\u00e9pesek lehetnek arra, hogy sikeresen tudj\u00e1k a term\u00e9keiket menedzselni \u00e9s eladni. Ez csak n\u00e9h\u00e1ny p\u00e9lda arra, hogy milyen ter\u00fcleteken tudunk k\u00f6z\u00f6ss\u00e9gi v\u00e1llalkoz\u00e1sokat l\u00e9trehozni.<\/span><br \/>\n<span style=\"font-family: Times New Roman CE;\">Hoztam n\u00e9h\u00e1ny bros\u00far\u00e1t, \u00e9s ebb\u0151l az egyik pl. egy ir\u00e1nymutat\u00f3 k\u00f6nyvecske, a c\u00edme: K\u00f6z\u00f6ss\u00e9gi munk\u00e1k \u2013 kalauz a k\u00f6z\u00f6ss\u00e9gi gazdas\u00e1gi cselekv\u00e9shez. (Community Works! a guide to community economic action. Published by the New Economics Foundatin). E f\u00fczetecske c\u00e9lja az, hogy a k\u00fcl\u00f6nb\u00f6z\u0151 gazdas\u00e1gi v\u00e1llalkoz\u00e1sokat valamilyen rendszerbe foglalja. Ha p\u00e9ld\u00e1ul valakit a k\u00f6z\u00f6ss\u00e9gi hullad\u00e9k \u00fajrafeldolgoz\u00e1sa \u00e9rdekel, err\u0151l egy eg\u00e9sz oldal tal\u00e1lhat\u00f3. \u00d6tletet adnak, hogy hogyan lehet egy ilyen v\u00e1llalkoz\u00e1st elkezdeni, \u00e9s megadj\u00e1k azoknak a szervezeteknek a c\u00edm\u00e9t is, akik beleegyeztek abba, hogy beleker\u00fcljenek ebbe a k\u00f6nyvbe \u00e9s seg\u00edts\u00e9get is hajland\u00f3k adni. Ez egyr\u00e9szt elk\u00e9pzel\u00e9st adhat arr\u00f3l, hogy mennyire sz\u00e9les sk\u00e1l\u00e1ja van a k\u00f6z\u00f6ss\u00e9gi v\u00e1llalkoz\u00e1soknak Angli\u00e1ban, m\u00e1sr\u00e9szt \u00f6tleteket is adhat a v\u00e1llalkoz\u00e1sokhoz. \u00d6tletet \u00e9s inspir\u00e1ci\u00f3t fog adni. K\u00f6sz\u00f6n\u00f6m a figyelmeteket!<\/span><\/p>\n","protected":false},"excerpt":{"rendered":"<p>Lapunk legut\u00f3bbi sz\u00e1m\u00e1ban \u00f6sszefoglal\u00f3t\u00a0k\u00f6z\u00f6lt\u00fcnk \u201cA k\u00f6z\u00f6ss\u00e9gi alap\u00fa \u00f6nseg\u00edt\u0151\u00a0munkahelyteremt\u00e9s el\u0151seg\u00edt\u00e9se\u201d c\u00edm\u0171 szemin\u00e1riumr\u00f3l, amelyet\u00a0Kunb\u00e1bonyban rendezt\u00fcnk. Az\u00f3ta megjelent a Parola f\u00fczetek sorozatban ennek a tal\u00e1lkoz\u00f3nak a r\u00e9szletes anyaga, amelyb\u0151l most k\u00e9t el\u0151ad\u00e1st adunk k\u00f6zre.<\/p>\n","protected":false},"author":241,"featured_media":5439,"comment_status":"open","ping_status":"open","sticky":false,"template":"","format":"standard","meta":{"_acf_changed":false,"footnotes":""},"categories":[420,8,7],"tags":[],"coauthors":[290],"class_list":["post-5371","post","type-post","status-publish","format-standard","has-post-thumbnail","hentry","category-parola-1997-2-3","category-parola-folyoirat","category-repertorium"],"acf":[],"yoast_head":"<!-- This site is optimized with the Yoast SEO plugin v26.7 - https:\/\/yoast.com\/wordpress\/plugins\/seo\/ -->\n<title>K\u00f6z\u00f6ss\u00e9gi gazdas\u00e1gi fejleszt\u00e9s - Parola Foly\u00f3irat<\/title>\n<meta name=\"robots\" content=\"index, follow, max-snippet:-1, max-image-preview:large, max-video-preview:-1\" \/>\n<link rel=\"canonical\" href=\"https:\/\/kofe.hu\/parola\/parola-folyoirat\/kozossegi-gazdasagi-fejlesztes\/\" \/>\n<meta property=\"og:locale\" content=\"hu_HU\" \/>\n<meta property=\"og:type\" content=\"article\" \/>\n<meta property=\"og:title\" content=\"K\u00f6z\u00f6ss\u00e9gi gazdas\u00e1gi fejleszt\u00e9s - Parola Foly\u00f3irat\" \/>\n<meta property=\"og:description\" content=\"Lapunk legut\u00f3bbi sz\u00e1m\u00e1ban \u00f6sszefoglal\u00f3t\u00a0k\u00f6z\u00f6lt\u00fcnk \u201cA k\u00f6z\u00f6ss\u00e9gi alap\u00fa \u00f6nseg\u00edt\u0151\u00a0munkahelyteremt\u00e9s el\u0151seg\u00edt\u00e9se\u201d c\u00edm\u0171 szemin\u00e1riumr\u00f3l, amelyet\u00a0Kunb\u00e1bonyban rendezt\u00fcnk. Az\u00f3ta megjelent a Parola f\u00fczetek sorozatban ennek a tal\u00e1lkoz\u00f3nak a r\u00e9szletes anyaga, amelyb\u0151l most k\u00e9t el\u0151ad\u00e1st adunk k\u00f6zre.\" \/>\n<meta property=\"og:url\" content=\"https:\/\/kofe.hu\/parola\/parola-folyoirat\/kozossegi-gazdasagi-fejlesztes\/\" \/>\n<meta property=\"og:site_name\" content=\"Parola Foly\u00f3irat\" \/>\n<meta property=\"article:published_time\" content=\"2020-08-18T21:55:27+00:00\" \/>\n<meta property=\"article:modified_time\" content=\"2020-08-20T06:31:09+00:00\" \/>\n<meta property=\"og:image\" content=\"https:\/\/kofe.hu\/parola\/wp-content\/uploads\/2020\/08\/97.2.3-500x500.jpeg\" \/>\n\t<meta property=\"og:image:width\" content=\"500\" \/>\n\t<meta property=\"og:image:height\" content=\"500\" \/>\n\t<meta property=\"og:image:type\" content=\"image\/jpeg\" \/>\n<meta name=\"author\" content=\"Judith Reynolds\" \/>\n<meta name=\"twitter:card\" content=\"summary_large_image\" \/>\n<meta name=\"twitter:label1\" content=\"Szerz\u0151:\" \/>\n\t<meta name=\"twitter:data1\" content=\"Judith Reynolds\" \/>\n\t<meta name=\"twitter:label2\" content=\"Becs\u00fclt olvas\u00e1si id\u0151\" \/>\n\t<meta name=\"twitter:data2\" content=\"18 perc\" \/>\n\t<meta name=\"twitter:label3\" content=\"Written by\" \/>\n\t<meta name=\"twitter:data3\" content=\"Judith Reynolds\" \/>\n<script type=\"application\/ld+json\" class=\"yoast-schema-graph\">{\"@context\":\"https:\/\/schema.org\",\"@graph\":[{\"@type\":\"Article\",\"@id\":\"https:\/\/kofe.hu\/parola\/parola-folyoirat\/kozossegi-gazdasagi-fejlesztes\/#article\",\"isPartOf\":{\"@id\":\"https:\/\/kofe.hu\/parola\/parola-folyoirat\/kozossegi-gazdasagi-fejlesztes\/\"},\"author\":{\"name\":\"Judith Reynolds\",\"@id\":\"https:\/\/kofe.hu\/parola\/#\/schema\/person\/7c083f12eddf9fcadb7d0785a8f6b61c\"},\"headline\":\"K\u00f6z\u00f6ss\u00e9gi gazdas\u00e1gi fejleszt\u00e9s\",\"datePublished\":\"2020-08-18T21:55:27+00:00\",\"dateModified\":\"2020-08-20T06:31:09+00:00\",\"mainEntityOfPage\":{\"@id\":\"https:\/\/kofe.hu\/parola\/parola-folyoirat\/kozossegi-gazdasagi-fejlesztes\/\"},\"wordCount\":3680,\"commentCount\":0,\"image\":{\"@id\":\"https:\/\/kofe.hu\/parola\/parola-folyoirat\/kozossegi-gazdasagi-fejlesztes\/#primaryimage\"},\"thumbnailUrl\":\"https:\/\/kofe.hu\/parola\/wp-content\/uploads\/2020\/08\/97.2.3-500x500.jpeg\",\"articleSection\":[\"Parola 1997\/2-3\",\"Parola Foly\u00f3irat\",\"Repert\u00f3rium\"],\"inLanguage\":\"hu\",\"potentialAction\":[{\"@type\":\"CommentAction\",\"name\":\"Comment\",\"target\":[\"https:\/\/kofe.hu\/parola\/parola-folyoirat\/kozossegi-gazdasagi-fejlesztes\/#respond\"]}]},{\"@type\":\"WebPage\",\"@id\":\"https:\/\/kofe.hu\/parola\/parola-folyoirat\/kozossegi-gazdasagi-fejlesztes\/\",\"url\":\"https:\/\/kofe.hu\/parola\/parola-folyoirat\/kozossegi-gazdasagi-fejlesztes\/\",\"name\":\"K\u00f6z\u00f6ss\u00e9gi gazdas\u00e1gi fejleszt\u00e9s - Parola Foly\u00f3irat\",\"isPartOf\":{\"@id\":\"https:\/\/kofe.hu\/parola\/#website\"},\"primaryImageOfPage\":{\"@id\":\"https:\/\/kofe.hu\/parola\/parola-folyoirat\/kozossegi-gazdasagi-fejlesztes\/#primaryimage\"},\"image\":{\"@id\":\"https:\/\/kofe.hu\/parola\/parola-folyoirat\/kozossegi-gazdasagi-fejlesztes\/#primaryimage\"},\"thumbnailUrl\":\"https:\/\/kofe.hu\/parola\/wp-content\/uploads\/2020\/08\/97.2.3-500x500.jpeg\",\"datePublished\":\"2020-08-18T21:55:27+00:00\",\"dateModified\":\"2020-08-20T06:31:09+00:00\",\"author\":{\"@id\":\"https:\/\/kofe.hu\/parola\/#\/schema\/person\/7c083f12eddf9fcadb7d0785a8f6b61c\"},\"breadcrumb\":{\"@id\":\"https:\/\/kofe.hu\/parola\/parola-folyoirat\/kozossegi-gazdasagi-fejlesztes\/#breadcrumb\"},\"inLanguage\":\"hu\",\"potentialAction\":[{\"@type\":\"ReadAction\",\"target\":[\"https:\/\/kofe.hu\/parola\/parola-folyoirat\/kozossegi-gazdasagi-fejlesztes\/\"]}]},{\"@type\":\"ImageObject\",\"inLanguage\":\"hu\",\"@id\":\"https:\/\/kofe.hu\/parola\/parola-folyoirat\/kozossegi-gazdasagi-fejlesztes\/#primaryimage\",\"url\":\"https:\/\/kofe.hu\/parola\/wp-content\/uploads\/2020\/08\/97.2.3-500x500.jpeg\",\"contentUrl\":\"https:\/\/kofe.hu\/parola\/wp-content\/uploads\/2020\/08\/97.2.3-500x500.jpeg\",\"width\":500,\"height\":500},{\"@type\":\"BreadcrumbList\",\"@id\":\"https:\/\/kofe.hu\/parola\/parola-folyoirat\/kozossegi-gazdasagi-fejlesztes\/#breadcrumb\",\"itemListElement\":[{\"@type\":\"ListItem\",\"position\":1,\"name\":\"Home\",\"item\":\"https:\/\/kofe.hu\/parola\/\"},{\"@type\":\"ListItem\",\"position\":2,\"name\":\"K\u00f6z\u00f6ss\u00e9gi gazdas\u00e1gi fejleszt\u00e9s\"}]},{\"@type\":\"WebSite\",\"@id\":\"https:\/\/kofe.hu\/parola\/#website\",\"url\":\"https:\/\/kofe.hu\/parola\/\",\"name\":\"Parola Foly\u00f3irat\",\"description\":\"\",\"potentialAction\":[{\"@type\":\"SearchAction\",\"target\":{\"@type\":\"EntryPoint\",\"urlTemplate\":\"https:\/\/kofe.hu\/parola\/?s={search_term_string}\"},\"query-input\":{\"@type\":\"PropertyValueSpecification\",\"valueRequired\":true,\"valueName\":\"search_term_string\"}}],\"inLanguage\":\"hu\"},{\"@type\":\"Person\",\"@id\":\"https:\/\/kofe.hu\/parola\/#\/schema\/person\/7c083f12eddf9fcadb7d0785a8f6b61c\",\"name\":\"Judith Reynolds\",\"image\":{\"@type\":\"ImageObject\",\"inLanguage\":\"hu\",\"@id\":\"https:\/\/kofe.hu\/parola\/#\/schema\/person\/image\/657d44eee58a73f06f71df16bf182df0\",\"url\":\"https:\/\/secure.gravatar.com\/avatar\/9b545565a14835e3132b11924043d727d17d260b57fb3193bc805bf7685b9376?s=96&d=mm&r=g\",\"contentUrl\":\"https:\/\/secure.gravatar.com\/avatar\/9b545565a14835e3132b11924043d727d17d260b57fb3193bc805bf7685b9376?s=96&d=mm&r=g\",\"caption\":\"Judith Reynolds\"},\"url\":\"https:\/\/kofe.hu\/parola\/szerzok\/judith-reynolds\/\"}]}<\/script>\n<!-- \/ Yoast SEO plugin. -->","yoast_head_json":{"title":"K\u00f6z\u00f6ss\u00e9gi gazdas\u00e1gi fejleszt\u00e9s - Parola Foly\u00f3irat","robots":{"index":"index","follow":"follow","max-snippet":"max-snippet:-1","max-image-preview":"max-image-preview:large","max-video-preview":"max-video-preview:-1"},"canonical":"https:\/\/kofe.hu\/parola\/parola-folyoirat\/kozossegi-gazdasagi-fejlesztes\/","og_locale":"hu_HU","og_type":"article","og_title":"K\u00f6z\u00f6ss\u00e9gi gazdas\u00e1gi fejleszt\u00e9s - Parola Foly\u00f3irat","og_description":"Lapunk legut\u00f3bbi sz\u00e1m\u00e1ban \u00f6sszefoglal\u00f3t\u00a0k\u00f6z\u00f6lt\u00fcnk \u201cA k\u00f6z\u00f6ss\u00e9gi alap\u00fa \u00f6nseg\u00edt\u0151\u00a0munkahelyteremt\u00e9s el\u0151seg\u00edt\u00e9se\u201d c\u00edm\u0171 szemin\u00e1riumr\u00f3l, amelyet\u00a0Kunb\u00e1bonyban rendezt\u00fcnk. Az\u00f3ta megjelent a Parola f\u00fczetek sorozatban ennek a tal\u00e1lkoz\u00f3nak a r\u00e9szletes anyaga, amelyb\u0151l most k\u00e9t el\u0151ad\u00e1st adunk k\u00f6zre.","og_url":"https:\/\/kofe.hu\/parola\/parola-folyoirat\/kozossegi-gazdasagi-fejlesztes\/","og_site_name":"Parola Foly\u00f3irat","article_published_time":"2020-08-18T21:55:27+00:00","article_modified_time":"2020-08-20T06:31:09+00:00","og_image":[{"width":500,"height":500,"url":"https:\/\/kofe.hu\/parola\/wp-content\/uploads\/2020\/08\/97.2.3-500x500.jpeg","type":"image\/jpeg"}],"author":"Judith Reynolds","twitter_card":"summary_large_image","twitter_misc":{"Szerz\u0151:":"Judith Reynolds","Becs\u00fclt olvas\u00e1si id\u0151":"18 perc","Written by":"Judith Reynolds"},"schema":{"@context":"https:\/\/schema.org","@graph":[{"@type":"Article","@id":"https:\/\/kofe.hu\/parola\/parola-folyoirat\/kozossegi-gazdasagi-fejlesztes\/#article","isPartOf":{"@id":"https:\/\/kofe.hu\/parola\/parola-folyoirat\/kozossegi-gazdasagi-fejlesztes\/"},"author":{"name":"Judith Reynolds","@id":"https:\/\/kofe.hu\/parola\/#\/schema\/person\/7c083f12eddf9fcadb7d0785a8f6b61c"},"headline":"K\u00f6z\u00f6ss\u00e9gi gazdas\u00e1gi fejleszt\u00e9s","datePublished":"2020-08-18T21:55:27+00:00","dateModified":"2020-08-20T06:31:09+00:00","mainEntityOfPage":{"@id":"https:\/\/kofe.hu\/parola\/parola-folyoirat\/kozossegi-gazdasagi-fejlesztes\/"},"wordCount":3680,"commentCount":0,"image":{"@id":"https:\/\/kofe.hu\/parola\/parola-folyoirat\/kozossegi-gazdasagi-fejlesztes\/#primaryimage"},"thumbnailUrl":"https:\/\/kofe.hu\/parola\/wp-content\/uploads\/2020\/08\/97.2.3-500x500.jpeg","articleSection":["Parola 1997\/2-3","Parola Foly\u00f3irat","Repert\u00f3rium"],"inLanguage":"hu","potentialAction":[{"@type":"CommentAction","name":"Comment","target":["https:\/\/kofe.hu\/parola\/parola-folyoirat\/kozossegi-gazdasagi-fejlesztes\/#respond"]}]},{"@type":"WebPage","@id":"https:\/\/kofe.hu\/parola\/parola-folyoirat\/kozossegi-gazdasagi-fejlesztes\/","url":"https:\/\/kofe.hu\/parola\/parola-folyoirat\/kozossegi-gazdasagi-fejlesztes\/","name":"K\u00f6z\u00f6ss\u00e9gi gazdas\u00e1gi fejleszt\u00e9s - Parola Foly\u00f3irat","isPartOf":{"@id":"https:\/\/kofe.hu\/parola\/#website"},"primaryImageOfPage":{"@id":"https:\/\/kofe.hu\/parola\/parola-folyoirat\/kozossegi-gazdasagi-fejlesztes\/#primaryimage"},"image":{"@id":"https:\/\/kofe.hu\/parola\/parola-folyoirat\/kozossegi-gazdasagi-fejlesztes\/#primaryimage"},"thumbnailUrl":"https:\/\/kofe.hu\/parola\/wp-content\/uploads\/2020\/08\/97.2.3-500x500.jpeg","datePublished":"2020-08-18T21:55:27+00:00","dateModified":"2020-08-20T06:31:09+00:00","author":{"@id":"https:\/\/kofe.hu\/parola\/#\/schema\/person\/7c083f12eddf9fcadb7d0785a8f6b61c"},"breadcrumb":{"@id":"https:\/\/kofe.hu\/parola\/parola-folyoirat\/kozossegi-gazdasagi-fejlesztes\/#breadcrumb"},"inLanguage":"hu","potentialAction":[{"@type":"ReadAction","target":["https:\/\/kofe.hu\/parola\/parola-folyoirat\/kozossegi-gazdasagi-fejlesztes\/"]}]},{"@type":"ImageObject","inLanguage":"hu","@id":"https:\/\/kofe.hu\/parola\/parola-folyoirat\/kozossegi-gazdasagi-fejlesztes\/#primaryimage","url":"https:\/\/kofe.hu\/parola\/wp-content\/uploads\/2020\/08\/97.2.3-500x500.jpeg","contentUrl":"https:\/\/kofe.hu\/parola\/wp-content\/uploads\/2020\/08\/97.2.3-500x500.jpeg","width":500,"height":500},{"@type":"BreadcrumbList","@id":"https:\/\/kofe.hu\/parola\/parola-folyoirat\/kozossegi-gazdasagi-fejlesztes\/#breadcrumb","itemListElement":[{"@type":"ListItem","position":1,"name":"Home","item":"https:\/\/kofe.hu\/parola\/"},{"@type":"ListItem","position":2,"name":"K\u00f6z\u00f6ss\u00e9gi gazdas\u00e1gi fejleszt\u00e9s"}]},{"@type":"WebSite","@id":"https:\/\/kofe.hu\/parola\/#website","url":"https:\/\/kofe.hu\/parola\/","name":"Parola Foly\u00f3irat","description":"","potentialAction":[{"@type":"SearchAction","target":{"@type":"EntryPoint","urlTemplate":"https:\/\/kofe.hu\/parola\/?s={search_term_string}"},"query-input":{"@type":"PropertyValueSpecification","valueRequired":true,"valueName":"search_term_string"}}],"inLanguage":"hu"},{"@type":"Person","@id":"https:\/\/kofe.hu\/parola\/#\/schema\/person\/7c083f12eddf9fcadb7d0785a8f6b61c","name":"Judith Reynolds","image":{"@type":"ImageObject","inLanguage":"hu","@id":"https:\/\/kofe.hu\/parola\/#\/schema\/person\/image\/657d44eee58a73f06f71df16bf182df0","url":"https:\/\/secure.gravatar.com\/avatar\/9b545565a14835e3132b11924043d727d17d260b57fb3193bc805bf7685b9376?s=96&d=mm&r=g","contentUrl":"https:\/\/secure.gravatar.com\/avatar\/9b545565a14835e3132b11924043d727d17d260b57fb3193bc805bf7685b9376?s=96&d=mm&r=g","caption":"Judith Reynolds"},"url":"https:\/\/kofe.hu\/parola\/szerzok\/judith-reynolds\/"}]}},"_links":{"self":[{"href":"https:\/\/kofe.hu\/parola\/wp-json\/wp\/v2\/posts\/5371","targetHints":{"allow":["GET"]}}],"collection":[{"href":"https:\/\/kofe.hu\/parola\/wp-json\/wp\/v2\/posts"}],"about":[{"href":"https:\/\/kofe.hu\/parola\/wp-json\/wp\/v2\/types\/post"}],"author":[{"embeddable":true,"href":"https:\/\/kofe.hu\/parola\/wp-json\/wp\/v2\/users\/241"}],"replies":[{"embeddable":true,"href":"https:\/\/kofe.hu\/parola\/wp-json\/wp\/v2\/comments?post=5371"}],"version-history":[{"count":2,"href":"https:\/\/kofe.hu\/parola\/wp-json\/wp\/v2\/posts\/5371\/revisions"}],"predecessor-version":[{"id":5451,"href":"https:\/\/kofe.hu\/parola\/wp-json\/wp\/v2\/posts\/5371\/revisions\/5451"}],"wp:featuredmedia":[{"embeddable":true,"href":"https:\/\/kofe.hu\/parola\/wp-json\/wp\/v2\/media\/5439"}],"wp:attachment":[{"href":"https:\/\/kofe.hu\/parola\/wp-json\/wp\/v2\/media?parent=5371"}],"wp:term":[{"taxonomy":"category","embeddable":true,"href":"https:\/\/kofe.hu\/parola\/wp-json\/wp\/v2\/categories?post=5371"},{"taxonomy":"post_tag","embeddable":true,"href":"https:\/\/kofe.hu\/parola\/wp-json\/wp\/v2\/tags?post=5371"},{"taxonomy":"author","embeddable":true,"href":"https:\/\/kofe.hu\/parola\/wp-json\/wp\/v2\/coauthors?post=5371"}],"curies":[{"name":"wp","href":"https:\/\/api.w.org\/{rel}","templated":true}]}}