{"id":5362,"date":"2020-08-04T17:04:55","date_gmt":"2020-08-04T17:04:55","guid":{"rendered":"https:\/\/kofe.hu\/parola\/?p=5362"},"modified":"2020-08-04T17:04:55","modified_gmt":"2020-08-04T17:04:55","slug":"on-dont","status":"publish","type":"post","link":"https:\/\/kofe.hu\/parola\/parola-folyoirat\/on-dont\/","title":{"rendered":"\u00d6N D\u00d6NT!"},"content":{"rendered":"<p style=\"text-align: justify;\"><span style=\"font-family: Arial;\">2007. december\u00e9ben valami \u00faj \u00e9s m\u00e9gis r\u00e9gi kezdem\u00e9nyez\u00e9s kelt \u00e9letre Sz\u00e9kelyudvarhelyen. A neve: K\u00f6z\u00f6ss\u00e9gi Alap\u00edtv\u00e1ny (<\/span><span style=\"font-family: Book Antiqua; font-size: small;\">Rom\u00e1ni\u00e1ban az els\u0151 bejegyzett k\u00f6z\u00f6ss\u00e9gi alap\u00edtv\u00e1ny, mely egyben az els\u0151 magyar k\u00f6z\u00f6ss\u00e9gi alap\u00edtv\u00e1ny is.).<\/span><span style=\"font-family: Arial;\">\u00a0Egy saj\u00e1tos alap\u00edtv\u00e1nyi forma, amely arra v\u00e1llalkozik, hogy forr\u00e1st teremt, mozg\u00f3s\u00edtja a helyi er\u0151forr\u00e1sokat, serkenti a helyi kezdem\u00e9nyez\u00e9seket \u2013 ez\u00e1ltal k\u00f6z\u00f6ss\u00e9gfejleszt\u0151 szerepe is van \u2013 annak \u00e9rdek\u00e9ben, hogy jobb legyen az \u00e9letsz\u00ednvonal. Teszi mindezt Sz\u00e9kelyudvarhely \u00e9s k\u00f6rny\u00e9ke k\u00f6z\u00f6ss\u00e9g\u00e9\u00e9rt. Mi\u00e9rt? Mert ez egy ilyen lok\u00e1lpatri\u00f3ta szervez\u0151d\u00e9s szerte a vil\u00e1gon. Arra alapoz, hogy az egy k\u00f6z\u00f6ss\u00e9ghez tartoz\u00f3 \u00e9s f\u00f6ldrajzilag is j\u00f3l k\u00f6rvonalazhat\u00f3 t\u00e1jegys\u00e9gben \u00e9l\u0151k maguk tudj\u00e1k a legjobban megfogalmazni \u00e9s megoldani a probl\u00e9m\u00e1ikat, megval\u00f3s\u00edtani az \u00e1lmaikat, kiel\u00e9g\u00edteni a sz\u00fcks\u00e9gleteiket. Term\u00e9szetesen, ha van akarat benn\u00fck erre, \u00e9s ha k\u00e9pesek \u00f6sszefogni a k\u00f6z\u00f6ss\u00e9gb\u0151l azok, akik hitelesen tudj\u00e1k ezt az \u00fcgyet k\u00e9pviselni, \u00e9s akik er\u0151forr\u00e1sokat is tudnak mozg\u00f3s\u00edtani, legyen sz\u00f3 ak\u00e1r anyagiakr\u00f3l, ak\u00e1r hum\u00e1n er\u0151forr\u00e1sr\u00f3l avagy infrastrukt\u00far\u00e1r\u00f3l.<\/span><\/p>\n<p style=\"text-align: justify;\"><!--more--><br \/>\n<span style=\"font-family: Arial;\">Az eltelt m\u00e1sf\u00e9l \u00e9v alatt sok sz\u00e9p kezdem\u00e9nyez\u00e9se volt a Sz\u00e9kelyudvarhelyi K\u00f6z\u00f6ss\u00e9gi Alap\u00edtv\u00e1nynak (SZKA). Ez alkalommal az els\u0151 akci\u00f3nkr\u00f3l mes\u00e9lek b\u0151vebben. Mik\u00e9nt t\u00f6rt\u00fcnk be a k\u00f6ztudatba, \u00e9s mik\u00e9nt mozg\u00f3s\u00edtottuk a v\u00e1ros lakoss\u00e1g\u00e1t? \u00c9s miel\u0151tt a r\u00e9szletekre t\u00e9rn\u00e9k, fontosnak tartom megeml\u00edteni, hogy e kezdem\u00e9nyez\u00e9sben kiemelked\u0151 szerepe volt az akkor \u00e9ppen \u00f6nk\u00e9ntesk\u00e9nt Udvarhelyen dolgoz\u00f3 amerikai Chris Wormannak. \u0150 Amerik\u00e1ban m\u00e1r megismerkedett ezzel az alap\u00edtv\u00e1nyi form\u00e1val, \u00e9s a szakmai felk\u00e9sz\u00fclts\u00e9ge is megvolt egy ilyen szervezet fel\u00e9p\u00edt\u00e9s\u00e9hez. J\u00f3magam seg\u00edt\u0151je, t\u00e1mogat\u00f3ja voltam ebben.<\/span><br \/>\n<span style=\"font-family: Arial;\">Nem volt egyszer\u0171 meg\u00e9rtetni az emberekkel, hogy mi is a K\u00f6z\u00f6ss\u00e9gi Alap\u00edtv\u00e1ny, hogy mit is szeretn\u00e9nk. A megalakul\u00e1sunkat k\u00f6vet\u0151en, melyet a v\u00e1ros t\u00f6bb jelent\u0151s v\u00e1llalkoz\u00f3j\u00e1nak<\/span><span style=\"font-family: Book Antiqua; font-size: small;\">\u00a0(H\u00e9t alap\u00edt\u00f3 taggal indultunk, akik k\u00f6z\u00fcl hat szem\u00e9ly a v\u00e1ros vezet\u0151 v\u00e1llalkoz\u00e1sainak a tulajdonosa, a hetedik pedig \u00fcgyv\u00e9d. \u0150k az alap\u00edt\u00e1shoz sz\u00fcks\u00e9ges t\u0151k\u00e9t, egyenk\u00e9nt t\u00f6bb mint hatvanezer forintnak megfelel\u0151 lejt adtak \u00f6ssze e c\u00e9lra.)<\/span><span style=\"font-family: Arial;\">\u00a0az \u00f6sszefog\u00e1sa tett lehet\u0151v\u00e9, a helyi lapot h\u00edvtuk seg\u00edts\u00e9g\u00fcl, hogy h\u00edr\u00fcnket vigye: itt vagyunk, ezt szeretn\u00e9nk! Nem sokkal ezut\u00e1n az Alap\u00edtv\u00e1ny jelleg\u00e9hez m\u00e9lt\u00f3an meghirdett\u00fck az els\u0151 p\u00e1ly\u00e1zatunkat, amelyet mi magunk is megp\u00e1ly\u00e1ztunk (<\/span><span style=\"font-family: Book Antiqua; font-size: small;\">Ez a t\u00e1mogat\u00e1s egy besz\u00e9lget\u00e9sb\u0151l sz\u00fcletett, amelyre egy konferenci\u00e1n ker\u00fclt sor, ahol arr\u00f3l mes\u00e9ltem egy angol \u00fariembernek, hogy mi miben \u201es\u00e1ntik\u00e1lunk\u201d Sz\u00e9kelyudvarhelyen. Mivel kis alap\u00edtv\u00e1nyr\u00f3l van sz\u00f3, nem j\u00e1rultak hozz\u00e1 a n\u00e9pszer\u0171s\u00edt\u00e9s\u00fckh\u00f6z.)<\/span><span style=\"font-family: Arial;\">. Ez volt az \u00d6n d\u00f6nt! kamp\u00e1ny. K\u00e9t fontos c\u00e9lt k\u00f6vett\u00fcnk. Az egyik arra ir\u00e1nyult, hogy Udvarhelyen \u00e9s az udvarhelyi k\u00f6z\u00f6ss\u00e9g\u00e9rt megval\u00f3sul\u00f3 kezdem\u00e9nyez\u00e9sek megval\u00f3sul\u00e1s\u00e1t seg\u00edts\u00fck. A m\u00e1sik, hogy felh\u00edvjuk a lakoss\u00e1g figyelm\u00e9t ezekre \u00e9s bevonjuk \u0151ket is, \u00e9reztetve, hogy felel\u0151sek az\u00e9rt, ami a k\u00f6z\u00f6ss\u00e9g\u00fckben, k\u00f6rnyezet\u00fckben t\u00f6rt\u00e9nik. Alapvet\u0151en k\u00e9t nagyon fontos helyi v\u00e1llalkoz\u00e1s volt a seg\u00edts\u00e9g\u00fcnkre ebben: a helyi napilap, az Udvarhelyi H\u00edrad\u00f3 (UH) \u00e9s a helyi \u00e9lelmiszer \u00fczletl\u00e1nc, a Szuper \u00fczletek. Nem mell\u00e9kesen jegyzem meg, hogy e v\u00e1llalkoz\u00e1sok tulajdonosai az Alap\u00edtv\u00e1nyunk kurat\u00f3riumi tagjai is egyben. A p\u00e1ly\u00e1zati felh\u00edv\u00e1s a v\u00e1ros civil szervezeteit sz\u00f3l\u00edtotta meg els\u0151sorban, egy \u00faj lehet\u0151s\u00e9get aj\u00e1nlva fel nekik, hogy Udvarhelyen \u00e9s Udvarhely\u00e9rt megval\u00f3sul\u00f3 kezdem\u00e9nyez\u00e9seken dolgozzanak. Ez sz\u00e1munkra, az Alap\u00edtv\u00e1ny sz\u00e1m\u00e1ra is az els\u0151 l\u00e9p\u00e9s volt a megmutatkoz\u00e1sra, arra, hogy ne csak elmondjuk, mik a c\u00e9lkit\u0171z\u00e9seink, hanem meg is mutassuk, mik\u00e9nt k\u00f6vetj\u00fck e c\u00e9lok el\u00e9r\u00e9s\u00e9t. Az udvarhelyi civil szervezetekkel m\u00e1r az alap\u00edtv\u00e1ny megalak\u00edt\u00e1sa el\u0151tt volt k\u00f6z\u00f6s akci\u00f3nk a 2%-os kamp\u00e1ny keret\u00e9ben. \u00cdgy nem volt neh\u00e9z megsz\u00f3l\u00edtani \u0151ket. Nemcsak az UH-t haszn\u00e1ltuk, hanem az e-mailes \u00e9rtes\u00edt\u00e9st is. Az \u00e1ltal\u00e1nos felh\u00edv\u00e1s mellett a k\u00f6vetkez\u0151 elb\u00edr\u00e1l\u00e1si szempontokat adtuk meg a civileknek, hogy a projektj\u00fck:<\/span><br \/>\n<span style=\"font-family: Arial;\">1. m\u00e9rhet\u0151 \u00e9s l\u00e1that\u00f3 eredm\u00e9nyeket azonos\u00edtson;<\/span><br \/>\n<span style=\"font-family: Arial;\">2. a probl\u00e9m\u00e1k gy\u00f6kereinek a kezel\u00e9s\u00e9re t\u00f6rekedjen, a t\u00fcnetek megsz\u00fcntet\u00e9se helyett;<\/span><br \/>\n<span style=\"font-family: Arial;\">3. t\u00f6rekedjen a fenntarthat\u00f3 megold\u00e1sokra;<\/span><br \/>\n<span style=\"font-family: Arial;\">4. legyen az \u00faj\u00edt\u00e1s \u00e9s az ar\u00e1nyos v\u00e1ltoztat\u00e1s lehet\u0151s\u00e9ge;<\/span><br \/>\n<span style=\"font-family: Arial;\">5. legyen vonz\u00f3 a k\u00f6z\u00f6ss\u00e9g sz\u00e1m\u00e1ra;<\/span><br \/>\n<span style=\"font-family: Arial;\">6. vonjon be \u00f6nk\u00e9nteseket is.<\/span><\/p>\n<p><span style=\"font-family: Arial;\">Egyszer\u0171 p\u00e1ly\u00e1zati adatlapot \u00e9s k\u00f6lts\u00e9gvet\u00e9si t\u00e1bl\u00e1zatot haszn\u00e1ltunk, amit mi magunk raktunk \u00f6ssze. A felh\u00edv\u00e1sban ugyanakkor jelezt\u00fck, hogy h\u00e1rom p\u00e1ly\u00e1zatot fogunk t\u00e1mogatni, egyenk\u00e9nt hatezer lejjel (ami \u00fagy 400 000 forint). \u00d6sszesen h\u00e9t p\u00e1ly\u00e1zat \u00e9rkezett be. L\u00e9v\u00e9n, hogy mi is id\u0151h\u00f6z voltunk k\u00f6tve e p\u00e1ly\u00e1ztat\u00e1ssal, erre janu\u00e1r elej\u00e9n ker\u00fclt sor, ami nem mell\u00e9kes t\u00e9nyez\u0151. Miut\u00e1n a Kurat\u00f3rium is j\u00f3v\u00e1hagyta a h\u00e9t p\u00e1ly\u00e1zatot, mint a ki\u00edr\u00e1sban megfogalmazott c\u00e9loknak megfelel\u0151eket, k\u00f6vetkezett a lakoss\u00e1g megsz\u00f3l\u00edt\u00e1sa, bevon\u00e1sa. Plak\u00e1tokat k\u00e9sz\u00edtett\u00fck, melyet a v\u00e1ros minden r\u00e9sz\u00e9re eljuttattunk. Emellett egy h\u00e9t leforg\u00e1sa alatt minden nap bemutattunk egy-egy projektet az UH-ban. Az utols\u00f3 napon a h\u00e9t projekt r\u00f6vid \u00f6sszefoglal\u00e1sa \u00e9s egy szavaz\u00f3c\u00e9dula jelent meg a napilapban. Aki megsz\u00f3l\u00edtva \u00e9rezte mag\u00e1t \u00e9s meg akarta osztani a v\u00e9lem\u00e9ny\u00e9t, annak ki kellett t\u00f6ltenie ezt a szavaz\u00f3c\u00e9dul\u00e1t \u00e9s a Szuper \u00fczletl\u00e1nc valamelyik \u00fczlet\u00e9ben elhelyezett szavaz\u00f3dobozba kellett beledobnia. Zsibongott a v\u00e1ros. A p\u00e1ly\u00e1z\u00f3k is buzd\u00edtott\u00e1k az ismerets\u00e9gi k\u00f6r\u00fcket, \u00e9s sokan besz\u00e9lgettek err\u0151l a kezdem\u00e9nyez\u00e9sr\u0151l. Ez nagyon \u00faj volt \u00e9s nagyon \u00e9rdekes az emberek sz\u00e1m\u00e1ra. \u00c9rezt\u00e9k, hogy itt \u00e9rt\u00fck, a v\u00e1rosuk\u00e9rt t\u00f6rt\u00e9nik valami, hogy \u0151k is meg vannak sz\u00f3l\u00edtva, hogy \u0151k is d\u00f6nthetnek arr\u00f3l, hogy mi val\u00f3suljon meg a v\u00e1rosban. V\u00e9gre nemcsak akkor voltak megk\u00e9rdezve, amikor a v\u00e1rosvezet\u00e9s megszavaz\u00e1sa volt a feladat, hanem akkor is, amikor valami \u00e9rt\u00fck \u00e9s \u00e1ltaluk is megt\u00f6rt\u00e9nhet. T\u00f6bb mint 800-an szavaztak. A szavaz\u00e1st egy 500 lej \u00e9rt\u00e9k\u0171 \u00e9lelmiszer v\u00e1s\u00e1rl\u00e1si utalv\u00e1nnyal is motiv\u00e1ltuk, amit a Szuper \u00fczletl\u00e1nc aj\u00e1nlott fel. Ezt egy igen kedves k\u00f6z\u00e9pkor\u00fa h\u00f6lgy nyerte, aki el\u00e9rz\u00e9keny\u00fclve vette \u00e1t \u00e9lete els\u0151 nyerem\u00e9ny\u00e9t.<\/span><\/p>\n<p><span style=\"font-family: Arial;\">A k\u00f6vetkez\u0151 v\u00e9geredm\u00e9ny sz\u00fcletett:<\/span><\/p>\n<p><span style=\"font-family: Arial;\">I. Sulisokk \u2013 a k\u00f6z\u00e9piskol\u00e1sok \u00e1ltal szerkesztett ifj\u00fas\u00e1gi magazin;<\/span><br \/>\n<span style=\"font-family: Arial;\">II. \u00d6nk\u00e9ntesek az \u00e9lhet\u0151 k\u00f6rnyezet\u00e9rt \u2013 jeles k\u00f6rnyezetv\u00e9delmi napok meg\u00fcnnepl\u00e9se;<\/span><br \/>\n<span style=\"font-family: Arial;\">III. Utcai kos\u00e1rlabda-bajnoks\u00e1g.<\/span><\/p>\n<p><span style=\"font-family: Arial;\">K\u00fcl\u00f6n kiemelend\u0151, hogy a harmadik helyezett egy bar\u00e1ti t\u00e1rsas\u00e1g volt. Nem volt jogi szem\u00e9lyis\u00e9g\u00fck. \u00d6sszej\u00e1rtak kos\u00e1rlabd\u00e1zni, s m\u00e1sutt m\u00e1r volt alkalmuk r\u00e9szt venni utcai kos\u00e1rlabda-bajnoks\u00e1gokon. \u00cdgy sz\u00fcletett az \u00f6tlet, hogy Udvarhelyen is ker\u00fclj\u00f6n sor egy ilyen l\u00e1tv\u00e1nyos esem\u00e9nyre, ami k\u00f6nnyen \u00e9rthet\u0151en h\u00edvhatja fel a figyelmet a mozg\u00e1sra, a sportra, az ebben rejl\u0151 energi\u00e1kra. Ez a p\u00e1ly\u00e1zati lehet\u0151s\u00e9g el\u0151seg\u00edtette, hogy \u00e1ltaluk egy \u00fajabb civil szervezet is bejegyz\u00e9sre ker\u00fclj\u00f6n.<\/span><br \/>\n<span style=\"font-family: Arial;\">Az eredm\u00e9nyhirdet\u00e9sre k\u00fcl\u00f6n esem\u00e9nyt szervezt\u00fcnk. A helysz\u00edn a v\u00e1ros egyik legr\u00e9gebbi \u00e9s legnagyobb sz\u00e1llod\u00e1ja volt. A tulajdonos szint\u00e9n a Kurat\u00f3rium tagja. Ezt az esem\u00e9nyt arra haszn\u00e1ltuk ki, hogy min\u00e9l t\u00f6bb v\u00e1llalkoz\u00f3val megismertess\u00fck a SZKA-t, \u00e9s egyben hogy megalap\u00edtsuk a T\u00e1mogat\u00f3k Klubj\u00e1t, alapot gy\u0171jtve olyan helyi kezdem\u00e9nyez\u00e9sek tov\u00e1bbi t\u00e1mogat\u00e1s\u00e1ra, mint amilyen az \u00e9ppen d\u00edjaz\u00e1sra ker\u00fcl\u0151 h\u00e1rom kezdem\u00e9nyez\u00e9s. A kurat\u00f3rium tagjainak az volt a feladata, hogy a kapcsolati h\u00e1l\u00f3jukb\u00f3l min\u00e9l t\u00f6bb v\u00e1llalkoz\u00f3t mozg\u00f3s\u00edtsanak erre az esem\u00e9nyre. A bemutatkoz\u00e1sunk, az els\u0151 siker\u00fcnk \u00fcnnepe volt ez, s a j\u00f6v\u0151nk megalapoz\u00e1s\u00e1nak egyik hat\u00e1rozott l\u00e9p\u00e9se. K\u00f6zel harminc helyi v\u00e1llalkoz\u00f3 j\u00f6tt el erre az esem\u00e9nyre. Sz\u00e1mukra \u00fagy tudtuk bemutatni az alap\u00edtv\u00e1nyt \u00e9s annak m\u0171k\u00f6d\u00e9s\u00e9t, hogy m\u00e1r konkr\u00e9t eredm\u00e9nyekkel is al\u00e1 tudtuk t\u00e1masztani azt, hogy mik\u00e9nt k\u00edv\u00e1nunk tenni Udvarhely\u00e9rt. Azt az alapvet\u0151 k\u00f6rforg\u00e1st kellett meg\u00e9rteni\u00fck, hogy elindult Udvarhelyen egy olyan alap\u00edtv\u00e1nyi forma, amely forr\u00e1sokat gy\u0171jt, f\u0151leg a helyi v\u00e1llalkoz\u00f3kt\u00f3l, az\u00e9rt, hogy azt p\u00e1ly\u00e1zat \u00fatj\u00e1n visszaford\u00edtsa a k\u00f6z\u00f6ss\u00e9gbe. Ez\u00e1ltal az SZKA olyan k\u00f6z\u00f6ss\u00e9gi projektek megval\u00f3sul\u00e1s\u00e1t gener\u00e1lja, melyek amellett, hogy k\u00f6z\u00f6ss\u00e9g\u00e9p\u00edt\u0151 szerep\u00fck van, hozz\u00e1j\u00e1rulnak az \u00e9letmin\u0151s\u00e9g javul\u00e1s\u00e1hoz. A jobb \u00e9letmin\u0151s\u00e9g n\u00f6veli a termel\u00e9kenys\u00e9get \u00e9s munkaer\u0151t vonz, mely r\u00e9v\u00e9n er\u0151s\u00f6dik az a gazdas\u00e1gi alap, amelyre a helyi v\u00e1llalkoz\u00e1sok \u00e9p\u00fclnek. \u00cdgy j\u00e1rul hozz\u00e1 a SZKA a v\u00e1llalkoz\u00e1sok \u00e9p\u00edt\u00e9s\u00e9hez is. Ez a k\u00f6rmozg\u00e1s azonban arra \u00e9p\u00fcl, hogy a v\u00e1llalkoz\u00f3k itthon tartj\u00e1k az ad\u00f3jukat. Azaz a t\u00e1mogat\u00e1sukat nem kifejezetten a saj\u00e1t zseb\u00fckb\u0151l kell kitegy\u00e9k, hiszen \u00e9rv\u00e9nyben van az a t\u00e1mogat\u00e1si t\u00f6rv\u00e9ny, mely szerint egy v\u00e1llalkoz\u00f3 le\u00edrhatja az ad\u00f3j\u00e1b\u00f3l azt a t\u00e1mogat\u00e1st, amely nagys\u00e1g\u00e1ban nem haladja meg a v\u00e1llalkoz\u00e1sa \u00e9ves forgalm\u00e1nak 3 ezrel\u00e9k\u00e9t \u00e9s ezzel egyid\u0151ben a profitad\u00f3ja 20%-\u00e1t. Ez egy keretet szabhat, de ett\u0151l elt\u00e9r\u0151en mindenki maga d\u00f6ntheti el, hogy mekkora \u00f6sszeggel j\u00e1rul hozz\u00e1 a SZKA m\u0171k\u00f6d\u00e9s\u00e9hez. A T\u00e1mogat\u00f3k Klubj\u00e1ban a tags\u00e1got, az ezzel j\u00e1r\u00f3 el\u0151ny\u00f6ket a felaj\u00e1nlott \u00f6sszegek f\u00fcggv\u00e9ny\u00e9ben hat\u00e1roztuk meg. \u00cdgy a h\u00e1rom szint \u00e9s az ezekhez kapcsol\u00f3d\u00f3 el\u0151ny\u00f6k a k\u00f6vetkez\u0151k:<\/span><\/p>\n<p><span style=\"font-family: Arial;\">Platina \u2013 a t\u00e1mogat\u00e1s \u00e9rt\u00e9ke 1500 RON\/kb. 100 000 forint (havonta, 3 \u00e9vig)<\/span><br \/>\n<span style=\"font-family: Book Antiqua;\">\u2212\u00a0<\/span><span style=\"font-family: Arial;\">8 jegy az \u00e9ves g\u00e1l\u00e1ra (Legnagyobb K\u00f6z\u00f6ss\u00e9gi T\u00e1mogat\u00f3k G\u00e1l\u00e1ja, mely minden \u00e9v \u0151sz\u00e9n ker\u00fcl megrendez\u00e9sre);<\/span><br \/>\n<span style=\"font-family: Book Antiqua;\">\u2212\u00a0<\/span><span style=\"font-family: Arial;\">Ingyenes bel\u00e9p\u00e9s klubrendezv\u00e9nyekre (mint amilyenek a V\u00e1llalkoz\u00f3i Kerekasztalok);<\/span><br \/>\n<span style=\"font-family: Book Antiqua;\">\u2212\u00a0<\/span><span style=\"font-family: Arial;\">Szerepelni fog a v\u00e1llalkoz\u00e1s log\u00f3ja a SZKA minden nyomtatott \u00e9s elektronikus anyag\u00e1n;<\/span><br \/>\n<span style=\"font-family: Book Antiqua;\">\u2212\u00a0<\/span><span style=\"font-family: Arial;\">Ingyenes CSR (v\u00e1llalkoz\u00e1sok t\u00e1rsadalmi felel\u0151ss\u00e9gv\u00e1llal\u00e1sa) tan\u00e1csad\u00e1s;<\/span><br \/>\n<span style=\"font-family: Book Antiqua;\">\u2212\u00a0<\/span><span style=\"font-family: Arial;\">Plakettet \u00e9s egy\u00e9b, a tags\u00e1got jelk\u00e9pez\u0151 t\u00e1rgyakat kap a v\u00e1llalkoz\u00f3.<\/span><\/p>\n<p><span style=\"font-family: Arial;\">Arany \u2013 a t\u00e1mogat\u00e1s \u00e9rt\u00e9ke: 750 RON\/kb. 50 000 forint (havonta, 3 \u00e9vig)<\/span><br \/>\n<span style=\"font-family: Book Antiqua;\">\u2212\u00a0<\/span><span style=\"font-family: Arial;\">4 jegy az \u00e9ves g\u00e1l\u00e1ra;<\/span><br \/>\n<span style=\"font-family: Book Antiqua;\">\u2212\u00a0<\/span><span style=\"font-family: Arial;\">Ingyenes bel\u00e9p\u00e9s klubrendezv\u00e9nyekre;<\/span><br \/>\n<span style=\"font-family: Book Antiqua;\">\u2212\u00a0<\/span><span style=\"font-family: Arial;\">Szerepelni fog a v\u00e1llalkoz\u00e1s log\u00f3ja a honlapon \u00e9s az \u00e9ves jelent\u00e9sen;<\/span><br \/>\n<span style=\"font-family: Book Antiqua;\">\u2212\u00a0<\/span><span style=\"font-family: Arial;\">Plakettet \u00e9s egy\u00e9b, a tags\u00e1got jelk\u00e9pez\u0151 t\u00e1rgyakat kap a v\u00e1llalkoz\u00f3.<\/span><\/p>\n<p><span style=\"font-family: Arial;\">Ez\u00fcst \u2013 a t\u00e1mogat\u00e1s \u00e9rt\u00e9ke: 350 RON\/kb. 22 000 forint (havonta, 3 \u00e9vig)<\/span><br \/>\n<span style=\"font-family: Book Antiqua;\">\u2212\u00a0<\/span><span style=\"font-family: Arial;\">2 jegy az \u00e9ves g\u00e1l\u00e1ra;<\/span><br \/>\n<span style=\"font-family: Book Antiqua;\">\u2212\u00a0<\/span><span style=\"font-family: Arial;\">Megh\u00edv\u00e1s a klubrendezv\u00e9nyekre;<\/span><br \/>\n<span style=\"font-family: Book Antiqua;\">\u2212\u00a0<\/span><span style=\"font-family: Arial;\">Szerepelni fog a v\u00e1llalkoz\u00e1s log\u00f3ja a honlapon \u00e9s az \u00e9ves jelent\u00e9sen;<\/span><br \/>\n<span style=\"font-family: Book Antiqua;\">\u2212\u00a0<\/span><span style=\"font-family: Arial;\">Plakettet \u00e9s egy\u00e9b, a tags\u00e1got jelk\u00e9pez\u0151 t\u00e1rgyakat kap a v\u00e1llalkoz\u00f3.<\/span><\/p>\n<p><span style=\"font-family: Arial;\">A tal\u00e1lkoz\u00f3n a v\u00e1llalkoz\u00f3k kez\u00fckbe kapt\u00e1k ezt a t\u00e1j\u00e9koztat\u00f3 anyagot, \u00e9s ott helyben eld\u00f6nthett\u00e9k, hogy mekkora \u00f6sszeggel tudj\u00e1k v\u00e1llalni, hogy rendszeresen t\u00e1mogatj\u00e1k az alap\u00edtv\u00e1ny munk\u00e1j\u00e1t. Err\u0151l kit\u00f6lt\u00f6ttek egy egyszer\u0171, \u00e1ltalunk szerkesztett v\u00e1llal\u00e1st, amit al\u00e1\u00edrtak. Ez alapj\u00e1n kerest\u00fck azt\u00e1n fel \u0151ket k\u00e9s\u0151bb, hogy megk\u00f6ss\u00fck a t\u00e1mogat\u00e1si szerz\u0151d\u00e9st. A jelenl\u00e9v\u0151 v\u00e1llalkoz\u00f3k fele-k\u00e9tharmada t\u00f6lt\u00f6tte ki ezeket az \u00edveket, \u00e9s azt\u00e1n k\u00f6z\u00fcl\u00fck is volt lemorzsol\u00f3d\u00e1s. De siker\u00fclt \u00e1lland\u00f3 t\u00e1mogat\u00f3kat megnyerni, akik ma is rendszeresen \u00e1tutalj\u00e1k a t\u00e1mogat\u00e1sukat az Alap\u00edtv\u00e1nyunknak<\/span><span style=\"font-family: Times New Roman; font-size: small;\">\u00a0(A T\u00e1mogat\u00f3k Klubj\u00e1r\u00f3l, t\u00e1mogat\u00f3inkr\u00f3l b\u0151vebben inform\u00e1l\u00f3dhatnak az alap\u00edtv\u00e1nyunk honlapj\u00e1n: www.szka.org<\/span><span style=\"font-family: Arial;\">). A sz\u00e1muk azonban egyel\u0151re nagyon kev\u00e9s. A jelenlegi gazdas\u00e1gi helyzet is visszafogta ezt az adom\u00e1nyoz\u00e1si vonalat. De egyre t\u00f6bb helyi v\u00e1llalkoz\u00f3 tud r\u00f3lunk \u00e9s figyel az esem\u00e9nyeinkre. M\u00e1ra m\u00e1r\u00a0<\/span><i><span style=\"font-family: Arial;\">K\u00f6z\u00f6ss\u00e9gi Partner\u00a0<\/span><\/i><span style=\"font-family: Arial;\">log\u00f3t l\u00e1thatnak azon v\u00e1llalkoz\u00e1sokn\u00e1l, akik a T\u00e1mogat\u00f3k Klubj\u00e1nak tagjai. Az egyik helyi r\u00e1di\u00f3, a Pr\u00edma R\u00e1di\u00f3 is ilyen partner\u00fcnk. De sz\u00e1mos v\u00e1llalkoz\u00e1st\u00f3l kaptunk m\u00e1r eszk\u00f6zbeni t\u00e1mogat\u00e1st is, amelyek szint\u00e9n nagy seg\u00edts\u00e9g\u00fcnkre voltak a saj\u00e1t projektjeink megval\u00f3s\u00edt\u00e1s\u00e1ban.<\/span><br \/>\n<span style=\"font-family: Arial;\">Az \u00d6n d\u00f6nt! kamp\u00e1ny az els\u0151 akci\u00f3nk volt, az\u00f3ta \u00fajabb\u00a0<\/span><i><span style=\"font-family: Arial;\">2%-os kamp\u00e1ny<\/span><\/i><span style=\"font-family: Arial;\">t szervezt\u00fcnk, majd\u00a0<\/span><i><span style=\"font-family: Arial;\">V\u00e1rosi Kal\u00e1k\u00e1t<\/span><\/i><span style=\"font-family: Arial;\">\u00a0a j\u00e1tsz\u00f3terek rendbet\u00e9tel\u00e9re. Azt\u00e1n\u00a0<\/span><i><span style=\"font-family: Arial;\">Eml\u00e9k St\u00fadi\u00f3t\u00a0<\/span><\/i><span style=\"font-family: Arial;\">\u00e1ll\u00edtottunk fel a k\u00f6zpontban \u00e9s a lakoss\u00e1g v\u00e1roshoz k\u00f6t\u0151d\u0151 t\u00f6rt\u00e9neteit r\u00f6gz\u00edtett\u00fck kisfilmekre, amelyek a honlapunkon el\u00e9rhet\u0151k. Azt\u00e1n\u00a0<\/span><i><span style=\"font-family: Arial;\">Szervezni tudni kell!<\/span><\/i><span style=\"font-family: Arial;\">\u00a0c\u00edmsz\u00f3val \u00f6nk\u00e9nteseknek \u00e9s az \u0151ket felkarol\u00f3 civil szervezeteknek szervezt\u00fcnk k\u00e9pz\u00e9st. Ebb\u0151l h\u00e1rom \u00fajabb, az ifj\u00fas\u00e1g \u00e1ltal meghat\u00e1rozott helyi kezdem\u00e9nyez\u00e9s megval\u00f3sul\u00e1s\u00e1t t\u00e1mogattuk:\u00a0<\/span><i><span style=\"font-family: Arial;\">Beteg gyerekek sz\u00f3rakoztat\u00e1sa a helyi k\u00f3rh\u00e1zban, Extr\u00e9m sportrendezv\u00e9nyek, Filmklub heti rendszeress\u00e9ggel.\u00a0<\/span><\/i><span style=\"font-family: Arial;\">\u00c9s \u00fajabb kal\u00e1ka akci\u00f3kra k\u00e9sz\u00fcl az Alap\u00edtv\u00e1ny. Mindezekr\u0151l b\u0151vebben olvashat a honlapon: www.szka.org<\/span><\/p>\n","protected":false},"excerpt":{"rendered":"<p>2007. december\u00e9ben valami \u00faj \u00e9s m\u00e9gis r\u00e9gi kezdem\u00e9nyez\u00e9s kelt \u00e9letre Sz\u00e9kelyudvarhelyen. A neve: K\u00f6z\u00f6ss\u00e9gi Alap\u00edtv\u00e1ny (Rom\u00e1ni\u00e1ban az els\u0151 bejegyzett k\u00f6z\u00f6ss\u00e9gi alap\u00edtv\u00e1ny, mely egyben az els\u0151 magyar k\u00f6z\u00f6ss\u00e9gi alap\u00edtv\u00e1ny is.).\u00a0Egy saj\u00e1tos alap\u00edtv\u00e1nyi forma, amely arra v\u00e1llalkozik, hogy forr\u00e1st teremt, mozg\u00f3s\u00edtja a helyi er\u0151forr\u00e1sokat, serkenti a helyi kezdem\u00e9nyez\u00e9seket \u2013 ez\u00e1ltal k\u00f6z\u00f6ss\u00e9gfejleszt\u0151 szerepe is van \u2013 annak \u00e9rdek\u00e9ben, [&hellip;]<\/p>\n","protected":false},"author":429,"featured_media":0,"comment_status":"open","ping_status":"open","sticky":false,"template":"","format":"standard","meta":{"_acf_changed":false,"footnotes":""},"categories":[382,8,7],"tags":[],"coauthors":[571],"class_list":["post-5362","post","type-post","status-publish","format-standard","hentry","category-parola-2009-3","category-parola-folyoirat","category-repertorium"],"acf":[],"yoast_head":"<!-- This site is optimized with the Yoast SEO plugin v26.7 - https:\/\/yoast.com\/wordpress\/plugins\/seo\/ -->\n<title>\u00d6N D\u00d6NT! - Parola Foly\u00f3irat<\/title>\n<meta name=\"robots\" content=\"index, follow, max-snippet:-1, max-image-preview:large, max-video-preview:-1\" \/>\n<link rel=\"canonical\" href=\"https:\/\/kofe.hu\/parola\/parola-folyoirat\/on-dont\/\" \/>\n<meta property=\"og:locale\" content=\"hu_HU\" \/>\n<meta property=\"og:type\" content=\"article\" \/>\n<meta property=\"og:title\" content=\"\u00d6N D\u00d6NT! - Parola Foly\u00f3irat\" \/>\n<meta property=\"og:description\" content=\"2007. december\u00e9ben valami \u00faj \u00e9s m\u00e9gis r\u00e9gi kezdem\u00e9nyez\u00e9s kelt \u00e9letre Sz\u00e9kelyudvarhelyen. A neve: K\u00f6z\u00f6ss\u00e9gi Alap\u00edtv\u00e1ny (Rom\u00e1ni\u00e1ban az els\u0151 bejegyzett k\u00f6z\u00f6ss\u00e9gi alap\u00edtv\u00e1ny, mely egyben az els\u0151 magyar k\u00f6z\u00f6ss\u00e9gi alap\u00edtv\u00e1ny is.).\u00a0Egy saj\u00e1tos alap\u00edtv\u00e1nyi forma, amely arra v\u00e1llalkozik, hogy forr\u00e1st teremt, mozg\u00f3s\u00edtja a helyi er\u0151forr\u00e1sokat, serkenti a helyi kezdem\u00e9nyez\u00e9seket \u2013 ez\u00e1ltal k\u00f6z\u00f6ss\u00e9gfejleszt\u0151 szerepe is van \u2013 annak \u00e9rdek\u00e9ben, [&hellip;]\" \/>\n<meta property=\"og:url\" content=\"https:\/\/kofe.hu\/parola\/parola-folyoirat\/on-dont\/\" \/>\n<meta property=\"og:site_name\" content=\"Parola Foly\u00f3irat\" \/>\n<meta property=\"article:published_time\" content=\"2020-08-04T17:04:55+00:00\" \/>\n<meta name=\"author\" content=\"Cs\u00e1ki Roz\u00e1lia\" \/>\n<meta name=\"twitter:card\" content=\"summary_large_image\" \/>\n<meta name=\"twitter:label1\" content=\"Szerz\u0151:\" \/>\n\t<meta name=\"twitter:data1\" content=\"Cs\u00e1ki Roz\u00e1lia\" \/>\n\t<meta name=\"twitter:label2\" content=\"Becs\u00fclt olvas\u00e1si id\u0151\" \/>\n\t<meta name=\"twitter:data2\" content=\"13 perc\" \/>\n\t<meta name=\"twitter:label3\" content=\"Written by\" \/>\n\t<meta name=\"twitter:data3\" content=\"Cs\u00e1ki Roz\u00e1lia\" \/>\n<script type=\"application\/ld+json\" class=\"yoast-schema-graph\">{\"@context\":\"https:\/\/schema.org\",\"@graph\":[{\"@type\":\"Article\",\"@id\":\"https:\/\/kofe.hu\/parola\/parola-folyoirat\/on-dont\/#article\",\"isPartOf\":{\"@id\":\"https:\/\/kofe.hu\/parola\/parola-folyoirat\/on-dont\/\"},\"author\":{\"name\":\"Cs\u00e1ki Roz\u00e1lia\",\"@id\":\"https:\/\/kofe.hu\/parola\/#\/schema\/person\/e8f9a05233304538cadbcb78d2b97309\"},\"headline\":\"\u00d6N D\u00d6NT!\",\"datePublished\":\"2020-08-04T17:04:55+00:00\",\"mainEntityOfPage\":{\"@id\":\"https:\/\/kofe.hu\/parola\/parola-folyoirat\/on-dont\/\"},\"wordCount\":2549,\"commentCount\":0,\"articleSection\":[\"Parola 2009\/3\",\"Parola Foly\u00f3irat\",\"Repert\u00f3rium\"],\"inLanguage\":\"hu\",\"potentialAction\":[{\"@type\":\"CommentAction\",\"name\":\"Comment\",\"target\":[\"https:\/\/kofe.hu\/parola\/parola-folyoirat\/on-dont\/#respond\"]}]},{\"@type\":\"WebPage\",\"@id\":\"https:\/\/kofe.hu\/parola\/parola-folyoirat\/on-dont\/\",\"url\":\"https:\/\/kofe.hu\/parola\/parola-folyoirat\/on-dont\/\",\"name\":\"\u00d6N D\u00d6NT! - Parola Foly\u00f3irat\",\"isPartOf\":{\"@id\":\"https:\/\/kofe.hu\/parola\/#website\"},\"datePublished\":\"2020-08-04T17:04:55+00:00\",\"author\":{\"@id\":\"https:\/\/kofe.hu\/parola\/#\/schema\/person\/e8f9a05233304538cadbcb78d2b97309\"},\"breadcrumb\":{\"@id\":\"https:\/\/kofe.hu\/parola\/parola-folyoirat\/on-dont\/#breadcrumb\"},\"inLanguage\":\"hu\",\"potentialAction\":[{\"@type\":\"ReadAction\",\"target\":[\"https:\/\/kofe.hu\/parola\/parola-folyoirat\/on-dont\/\"]}]},{\"@type\":\"BreadcrumbList\",\"@id\":\"https:\/\/kofe.hu\/parola\/parola-folyoirat\/on-dont\/#breadcrumb\",\"itemListElement\":[{\"@type\":\"ListItem\",\"position\":1,\"name\":\"Home\",\"item\":\"https:\/\/kofe.hu\/parola\/\"},{\"@type\":\"ListItem\",\"position\":2,\"name\":\"\u00d6N D\u00d6NT!\"}]},{\"@type\":\"WebSite\",\"@id\":\"https:\/\/kofe.hu\/parola\/#website\",\"url\":\"https:\/\/kofe.hu\/parola\/\",\"name\":\"Parola Foly\u00f3irat\",\"description\":\"\",\"potentialAction\":[{\"@type\":\"SearchAction\",\"target\":{\"@type\":\"EntryPoint\",\"urlTemplate\":\"https:\/\/kofe.hu\/parola\/?s={search_term_string}\"},\"query-input\":{\"@type\":\"PropertyValueSpecification\",\"valueRequired\":true,\"valueName\":\"search_term_string\"}}],\"inLanguage\":\"hu\"},{\"@type\":\"Person\",\"@id\":\"https:\/\/kofe.hu\/parola\/#\/schema\/person\/e8f9a05233304538cadbcb78d2b97309\",\"name\":\"Cs\u00e1ki Roz\u00e1lia\",\"image\":{\"@type\":\"ImageObject\",\"inLanguage\":\"hu\",\"@id\":\"https:\/\/kofe.hu\/parola\/#\/schema\/person\/image\/a371cbd1012b415a20a1b6eb4732bb44\",\"url\":\"https:\/\/secure.gravatar.com\/avatar\/53fc6ac1ee155448779456eb6c4468603884ffb902987754fb8d492dd95fe24e?s=96&d=mm&r=g\",\"contentUrl\":\"https:\/\/secure.gravatar.com\/avatar\/53fc6ac1ee155448779456eb6c4468603884ffb902987754fb8d492dd95fe24e?s=96&d=mm&r=g\",\"caption\":\"Cs\u00e1ki Roz\u00e1lia\"},\"url\":\"https:\/\/kofe.hu\/parola\/szerzok\/csaki-rozalia\/\"}]}<\/script>\n<!-- \/ Yoast SEO plugin. -->","yoast_head_json":{"title":"\u00d6N D\u00d6NT! - Parola Foly\u00f3irat","robots":{"index":"index","follow":"follow","max-snippet":"max-snippet:-1","max-image-preview":"max-image-preview:large","max-video-preview":"max-video-preview:-1"},"canonical":"https:\/\/kofe.hu\/parola\/parola-folyoirat\/on-dont\/","og_locale":"hu_HU","og_type":"article","og_title":"\u00d6N D\u00d6NT! - Parola Foly\u00f3irat","og_description":"2007. december\u00e9ben valami \u00faj \u00e9s m\u00e9gis r\u00e9gi kezdem\u00e9nyez\u00e9s kelt \u00e9letre Sz\u00e9kelyudvarhelyen. A neve: K\u00f6z\u00f6ss\u00e9gi Alap\u00edtv\u00e1ny (Rom\u00e1ni\u00e1ban az els\u0151 bejegyzett k\u00f6z\u00f6ss\u00e9gi alap\u00edtv\u00e1ny, mely egyben az els\u0151 magyar k\u00f6z\u00f6ss\u00e9gi alap\u00edtv\u00e1ny is.).\u00a0Egy saj\u00e1tos alap\u00edtv\u00e1nyi forma, amely arra v\u00e1llalkozik, hogy forr\u00e1st teremt, mozg\u00f3s\u00edtja a helyi er\u0151forr\u00e1sokat, serkenti a helyi kezdem\u00e9nyez\u00e9seket \u2013 ez\u00e1ltal k\u00f6z\u00f6ss\u00e9gfejleszt\u0151 szerepe is van \u2013 annak \u00e9rdek\u00e9ben, [&hellip;]","og_url":"https:\/\/kofe.hu\/parola\/parola-folyoirat\/on-dont\/","og_site_name":"Parola Foly\u00f3irat","article_published_time":"2020-08-04T17:04:55+00:00","author":"Cs\u00e1ki Roz\u00e1lia","twitter_card":"summary_large_image","twitter_misc":{"Szerz\u0151:":"Cs\u00e1ki Roz\u00e1lia","Becs\u00fclt olvas\u00e1si id\u0151":"13 perc","Written by":"Cs\u00e1ki Roz\u00e1lia"},"schema":{"@context":"https:\/\/schema.org","@graph":[{"@type":"Article","@id":"https:\/\/kofe.hu\/parola\/parola-folyoirat\/on-dont\/#article","isPartOf":{"@id":"https:\/\/kofe.hu\/parola\/parola-folyoirat\/on-dont\/"},"author":{"name":"Cs\u00e1ki Roz\u00e1lia","@id":"https:\/\/kofe.hu\/parola\/#\/schema\/person\/e8f9a05233304538cadbcb78d2b97309"},"headline":"\u00d6N D\u00d6NT!","datePublished":"2020-08-04T17:04:55+00:00","mainEntityOfPage":{"@id":"https:\/\/kofe.hu\/parola\/parola-folyoirat\/on-dont\/"},"wordCount":2549,"commentCount":0,"articleSection":["Parola 2009\/3","Parola Foly\u00f3irat","Repert\u00f3rium"],"inLanguage":"hu","potentialAction":[{"@type":"CommentAction","name":"Comment","target":["https:\/\/kofe.hu\/parola\/parola-folyoirat\/on-dont\/#respond"]}]},{"@type":"WebPage","@id":"https:\/\/kofe.hu\/parola\/parola-folyoirat\/on-dont\/","url":"https:\/\/kofe.hu\/parola\/parola-folyoirat\/on-dont\/","name":"\u00d6N D\u00d6NT! - Parola Foly\u00f3irat","isPartOf":{"@id":"https:\/\/kofe.hu\/parola\/#website"},"datePublished":"2020-08-04T17:04:55+00:00","author":{"@id":"https:\/\/kofe.hu\/parola\/#\/schema\/person\/e8f9a05233304538cadbcb78d2b97309"},"breadcrumb":{"@id":"https:\/\/kofe.hu\/parola\/parola-folyoirat\/on-dont\/#breadcrumb"},"inLanguage":"hu","potentialAction":[{"@type":"ReadAction","target":["https:\/\/kofe.hu\/parola\/parola-folyoirat\/on-dont\/"]}]},{"@type":"BreadcrumbList","@id":"https:\/\/kofe.hu\/parola\/parola-folyoirat\/on-dont\/#breadcrumb","itemListElement":[{"@type":"ListItem","position":1,"name":"Home","item":"https:\/\/kofe.hu\/parola\/"},{"@type":"ListItem","position":2,"name":"\u00d6N D\u00d6NT!"}]},{"@type":"WebSite","@id":"https:\/\/kofe.hu\/parola\/#website","url":"https:\/\/kofe.hu\/parola\/","name":"Parola Foly\u00f3irat","description":"","potentialAction":[{"@type":"SearchAction","target":{"@type":"EntryPoint","urlTemplate":"https:\/\/kofe.hu\/parola\/?s={search_term_string}"},"query-input":{"@type":"PropertyValueSpecification","valueRequired":true,"valueName":"search_term_string"}}],"inLanguage":"hu"},{"@type":"Person","@id":"https:\/\/kofe.hu\/parola\/#\/schema\/person\/e8f9a05233304538cadbcb78d2b97309","name":"Cs\u00e1ki Roz\u00e1lia","image":{"@type":"ImageObject","inLanguage":"hu","@id":"https:\/\/kofe.hu\/parola\/#\/schema\/person\/image\/a371cbd1012b415a20a1b6eb4732bb44","url":"https:\/\/secure.gravatar.com\/avatar\/53fc6ac1ee155448779456eb6c4468603884ffb902987754fb8d492dd95fe24e?s=96&d=mm&r=g","contentUrl":"https:\/\/secure.gravatar.com\/avatar\/53fc6ac1ee155448779456eb6c4468603884ffb902987754fb8d492dd95fe24e?s=96&d=mm&r=g","caption":"Cs\u00e1ki Roz\u00e1lia"},"url":"https:\/\/kofe.hu\/parola\/szerzok\/csaki-rozalia\/"}]}},"_links":{"self":[{"href":"https:\/\/kofe.hu\/parola\/wp-json\/wp\/v2\/posts\/5362","targetHints":{"allow":["GET"]}}],"collection":[{"href":"https:\/\/kofe.hu\/parola\/wp-json\/wp\/v2\/posts"}],"about":[{"href":"https:\/\/kofe.hu\/parola\/wp-json\/wp\/v2\/types\/post"}],"author":[{"embeddable":true,"href":"https:\/\/kofe.hu\/parola\/wp-json\/wp\/v2\/users\/429"}],"replies":[{"embeddable":true,"href":"https:\/\/kofe.hu\/parola\/wp-json\/wp\/v2\/comments?post=5362"}],"version-history":[{"count":1,"href":"https:\/\/kofe.hu\/parola\/wp-json\/wp\/v2\/posts\/5362\/revisions"}],"predecessor-version":[{"id":5363,"href":"https:\/\/kofe.hu\/parola\/wp-json\/wp\/v2\/posts\/5362\/revisions\/5363"}],"wp:attachment":[{"href":"https:\/\/kofe.hu\/parola\/wp-json\/wp\/v2\/media?parent=5362"}],"wp:term":[{"taxonomy":"category","embeddable":true,"href":"https:\/\/kofe.hu\/parola\/wp-json\/wp\/v2\/categories?post=5362"},{"taxonomy":"post_tag","embeddable":true,"href":"https:\/\/kofe.hu\/parola\/wp-json\/wp\/v2\/tags?post=5362"},{"taxonomy":"author","embeddable":true,"href":"https:\/\/kofe.hu\/parola\/wp-json\/wp\/v2\/coauthors?post=5362"}],"curies":[{"name":"wp","href":"https:\/\/api.w.org\/{rel}","templated":true}]}}