{"id":5358,"date":"2020-08-04T17:00:25","date_gmt":"2020-08-04T17:00:25","guid":{"rendered":"https:\/\/kofe.hu\/parola\/?p=5358"},"modified":"2020-08-04T17:00:25","modified_gmt":"2020-08-04T17:00:25","slug":"ertelmisegi-ideak-es-helyi-szuksegletek-a-kozossegfejlesztes-jovoje-a-civil-kozossegek-hazaban-pecsett-2009-majus-7-en-elhangzott-eloadas-irasos-valtozata","status":"publish","type":"post","link":"https:\/\/kofe.hu\/parola\/parola-folyoirat\/ertelmisegi-ideak-es-helyi-szuksegletek-a-kozossegfejlesztes-jovoje-a-civil-kozossegek-hazaban-pecsett-2009-majus-7-en-elhangzott-eloadas-irasos-valtozata\/","title":{"rendered":"\u00c9RTELMIS\u00c9GI IDE\u00c1K \u00c9S HELYI SZ\u00dcKS\u00c9GLETEK \u2013 A k\u00f6z\u00f6ss\u00e9gfejleszt\u00e9s j\u00f6v\u0151je A Civil K\u00f6z\u00f6ss\u00e9gek H\u00e1z\u00e1ban, P\u00e9csett 2009. m\u00e1jus 7-\u00e9n elhangzott el\u0151ad\u00e1s \u00edr\u00e1sos v\u00e1ltozata"},"content":{"rendered":"<p style=\"text-align: justify;\"><span style=\"font-family: Arial;\">A dichot\u00f3mi\u00e1ba \u00e1ll\u00edt\u00e1s azt sugallja, hogy m\u00e1s az eszme \u00e9s m\u00e1s a val\u00f3s\u00e1g. A c\u00edm meghat\u00e1roz\u00f3 t\u00e1vols\u00e1got \u00e9rz\u00e9keltet az \u00e9rtelmis\u00e9gi ide\u00e1k \u00e9s a helyi sz\u00fcks\u00e9gletek k\u00f6z\u00f6tt.<\/span><br \/>\n<span style=\"font-family: Arial;\">Azt \u00e1ll\u00edtja tov\u00e1bb\u00e1 ez a c\u00edm, hogy\u00a0<\/span><i><span style=\"font-family: Arial;\">vannak, l\u00e9teznek<\/span><\/i><span style=\"font-family: Arial;\">\u00a0\u00e9rtelmis\u00e9gi ide\u00e1k \u00e9s vannak, l\u00e9teznek helyi sz\u00fcks\u00e9gletek, vagyis az \u00e9rtelmis\u00e9gi ide\u00e1k nem t\u0171ntek el a t\u00f6rt\u00e9nelem s\u00fcllyeszt\u0151j\u00e9ben, s\u0151t, \u00fajak is keletkeztek-keletkeznek, s a helyi sz\u00fcks\u00e9gletek is felismert vagy felismerhet\u0151 hi\u00e1nyok \u2013 csak h\u00e1t a kett\u0151 k\u00f6z\u00f6tt nincsen kapcsolat.<\/span><\/p>\n<p style=\"text-align: justify;\"><!--more--><br \/>\n<span style=\"font-family: Arial;\">A k\u00f6z\u00f6ss\u00e9gfejleszt\u00e9s k\u00f6t\u0151jellel val\u00f3 mell\u00e9rendel\u00e9se mintha utalna erre a hi\u00e1nyolt \u00e9s elk\u00e9pzelhet\u0151 kapcsolatra, sugallva, hogy a k\u00f6z\u00f6ss\u00e9gfejleszt\u00e9snek van mit tennie az ide\u00e1k \u00e9s a helyi sz\u00fcks\u00e9gletek vonatkoz\u00e1s\u00e1ban. Vajon mi lehet az?<\/span><br \/>\n<span style=\"font-family: Arial;\">Mit tegy\u00fcnk? Vizsg\u00e1ljuk meg k\u00fcl\u00f6n az \u00e9rtelmis\u00e9gi ide\u00e1kat \u00e9s k\u00fcl\u00f6n a helyi sz\u00fcks\u00e9gleteket? Nem tudom\u2026 A kett\u0151t mintha viszonyba akarn\u00e1 hozni egym\u00e1ssal a c\u00edmet kital\u00e1l\u00f3, s ez tal\u00e1n a k\u00f6z\u00f6ss\u00e9gfejleszt\u00e9s feladata lenne? Vagy a sz\u00fcks\u00e9gletek kiel\u00e9g\u00fcl\u00e9s\u00e9nek k\u00f6z\u00f6ss\u00e9gi \u00fatjai fel\u00e9 ford\u00edtsuk a figyelm\u00fcnket? De mit kezdj\u00fcnk akkor az ide\u00e1kkal?<\/span><br \/>\n<span style=\"font-family: Arial;\">Nem akarok tov\u00e1bb j\u00e1tszani a feladattal, mely t\u00f6bb szempontb\u00f3l is izgalmas sz\u00e1momra, ez\u00e9rt els\u0151sorban is k\u00f6sz\u00f6netet mondok az inspir\u00e1ci\u00f3\u00e9rt, mert:<\/span><br \/>\n<span style=\"font-family: Arial;\">\u2013 Ism\u00e9t felveti\u00a0<\/span><i><span style=\"font-family: Arial;\">az \u00e9rtelmis\u00e9g<\/span><\/i><span style=\"font-family: Arial;\">\u00a0szempontj\u00e1t egy olyan vil\u00e1gban, amelyben ez most \u00e9ppen elfelejt\u0151dni l\u00e1tszik. Sz\u00e1momra mag\u00e1nak az \u00e9rtelmis\u00e9g fogalm\u00e1nak a felvet\u00e9se izgalmasabb, mint az ide\u00e1k\u00e9, amelyek napjainkban nehezen felismerhet\u0151k \u00e9s ink\u00e1bb korunk zavarait fokozz\u00e1k, mint letisztulni seg\u00edten\u00e9k a f\u00f6lkavart t\u00e1rsadalmat. R\u00e9g\u00f3ta foglalkoztat, hogy moderniz\u00e1l\u00f3dott-e m\u00e1r, s\u0151t, posztmodernn\u00e9 v\u00e1lt-e olyan m\u00e9rt\u00e9kben a t\u00e1rsadalmunk, hogy a polg\u00e1rs\u00e1g val\u00f3ban meghat\u00e1roz\u00f3 szerephez juthat benne, s nem csak a vagyona miatt, hanem kult\u00farateremt\u0151, izl\u00e9sform\u00e1l\u00f3 \u00e9s kult\u00farafogyaszt\u00f3 t\u00e1rsadalmi csoportk\u00e9nt? Mert ha igen, mi\u00e9rt lenne sz\u00fcks\u00e9g egy\u00e1ltal\u00e1n az \u00e9rtelmis\u00e9gi k\u00fcl\u00f6n-kateg\u00f3ri\u00e1ra? Ha nem, mi\u00e9rt nem \u00e9s meddig nem?<\/span><br \/>\n<span style=\"font-family: Arial;\">\u2013 Telibe tal\u00e1lja a c\u00edm a k\u00f6z\u00f6ss\u00e9gfejleszt\u00e9s f\u0151 mor\u00e1lis dilemm\u00e1j\u00e1t: beavatkozik-e a k\u00f6z\u00f6ss\u00e9gfejleszt\u00e9s tartalmilag a helyi k\u00f6z\u00f6ss\u00e9gek \u00e9let\u00e9be? A c\u00edm szerint igen \u00e9s a k\u00f6z\u00f6ss\u00e9get valamilyen \u00e9rtelmis\u00e9gi idea fel\u00e9 szeretn\u00e9 mozd\u00edtani. Eszerint a k\u00f6z\u00f6ss\u00e9gfejleszt\u00e9s \u00e9rtelmis\u00e9gi munka?<\/span><\/p>\n<p><b><span style=\"font-family: Arial;\">1. Az \u00e9rtelmis\u00e9g \u00e9s ide\u00e1i<\/span><\/b><\/p>\n<p><span style=\"font-family: Arial;\">A k\u00f6z\u00f6ss\u00e9gfejleszt\u00e9sre hat\u00f3 szellemi trad\u00edci\u00f3kat r\u00e9szletesen elemzi Hubert Campfens, a K\u00f6z\u00f6ss\u00e9gfejleszt\u00e9s a vil\u00e1gban: gyakorlat, elm\u00e9let, kutat\u00e1s, k\u00e9pz\u00e9s c. k\u00f6tet el\u0151szav\u00e1ban. Ennek egy r\u00e9szlete a Parola 2002\/4. sz\u00e1m\u00e1ban jelent meg, l\u00e1sd ott (www.kozossegfejlesztes.hu)!<\/span><br \/>\n<span style=\"font-family: Arial;\">Fontosabb most a k\u00f6z\u00e9p-kelet-eur\u00f3pai trad\u00edci\u00f3kr\u00f3l besz\u00e9lni!<\/span><br \/>\n<span style=\"font-family: Arial;\">A k\u00f6z\u00e9p-kelet-eur\u00f3pai k\u00f6z\u00f6ss\u00e9gfejleszt\u00e9s eszmet\u00f6rt\u00e9neti gy\u00f6kere a felvil\u00e1gosod\u00e1s filantr\u00f3p nevel\u00e9si mozgalm\u00e1nak \u00e9rtelmis\u00e9gi felfog\u00e1s\u00e1ig ny\u00falik vissza, amelyet a n\u00e9p felemel\u00e9s\u00e9nek k\u00fcldet\u00e9studata mozgatott. K\u00f6z\u00e9p-Kelet-Eur\u00f3p\u00e1ban ennek az \u00e9rtelmis\u00e9gi szerepnek jelent\u0151s t\u00f6rt\u00e9nelmi hagyom\u00e1nya van, ak\u00e1r a lengyel, cseh vagy orosz \u00e9rtelmis\u00e9gre gondolunk.<\/span><\/p>\n<p style=\"text-align: justify;\"><span style=\"font-family: Arial;\">\u201eMenn\u00e9l megk\u00e9settebb a polg\u00e1ri fejl\u0151d\u00e9s, ann\u00e1l ink\u00e1bb az eszm\u00e9nyek, a v\u00e1gyak, a rem\u00e9nyek vagy ill\u00fazi\u00f3k vil\u00e1g\u00e1ba tol\u00f3dik \u00e1t a szellem embereinek mozg\u00e1stere. S az ipar hi\u00e1nya, a v\u00e1rosok kis l\u00e9leksz\u00e1ma, a m\u0171vel\u0151d\u00e9si int\u00e9zm\u00e9nyek fejletlens\u00e9ge nemcsak sz\u00fcks\u00e9gszer\u0171en ideologikusabb\u00e1 tette ezen orsz\u00e1gban a m\u0171velt r\u00e9tegeket, de mag\u00e1nyoss\u00e1 \u00e9s l\u00e1zad\u00f3v\u00e1 is. [&#8230;] Lengyelorsz\u00e1gban, Csehorsz\u00e1gban, Magyarorsz\u00e1gon \u2013 ahol a Kelet-Eur\u00f3p\u00e1t jellemz\u0151 struktur\u00e1lis saj\u00e1toss\u00e1gok: az iparosod\u00e1s \u00e9s a v\u00e1rosiasod\u00e1s megk\u00e9setts\u00e9ge, a nagybirtok poz\u00edci\u00f3inak \u00e9rintetlens\u00e9ge a nemzeti \u00f6n\u00e1ll\u00f3s\u00e1g r\u00e9szleges vagy teljes hi\u00e1ny\u00e1val t\u00e1rsult \u2013 az \u00e9rtelmis\u00e9g k\u00fcldet\u00e9studat\u00e1t a nemzet l\u00e9t\u00e9\u00e9rt val\u00f3 felel\u0151ss\u00e9g is jellemezte\u201d (Husz\u00e1r 1975).<\/span><\/p>\n<p style=\"text-align: justify;\">\n<span style=\"font-family: Arial;\">Ez az \u00e9rtelmis\u00e9g sok\u00e1ig \u00fagy \u00e9rezte, hogy \u201efel kell emelnie\u201d a n\u00e9pet, valamif\u00e9le h\u00edd szerepet kell bet\u00f6lteni a fejlettebb vil\u00e1g \u00e9s az elmaradottabb vil\u00e1g, a demokratikus, szabad vil\u00e1g \u00e9s a f\u00e9lfeud\u00e1lis vil\u00e1g k\u00f6z\u00f6tt. T\u00f6meges polg\u00e1rs\u00e1g \u00e9s munk\u00e1soszt\u00e1ly n\u00e9lk\u00fcl nem is lehetett m\u00e1sr\u00f3l sz\u00f3. Ebben az \u00e9rtelmis\u00e9gi szerepfelfog\u00e1sban a t\u00e1rsadalmi tev\u00e9kenys\u00e9g legfontosabb h\u00e1tter\u00e9t nem a vagyon, hanem a m\u0171velts\u00e9g, a r\u00e1l\u00e1t\u00e1s az orsz\u00e1gos \u00e9s m\u00e9g t\u00e1volabbi vil\u00e1gokra \u00e9s a felz\u00e1rk\u00f3z\u00e1s v\u00e1gya adta. Egy filantr\u00f3p lehetett egyszer\u0171 falusi pap, nagy vagyonnal rendelkez\u0151 f\u00f6ldbirtokos vagy m\u00e9rn\u00f6k gy\u00e1rtulajdonos, s ma \u0151ket tekinthetj\u00fck korai fejleszt\u0151 \u0151seinknek, mert t\u00e1rsadalmi szerepfelfog\u00e1sukra \u2013 az elt\u00e9r\u0151 t\u00e1rsadalmi kontextus miatt \u2013 a Kelet-k\u00f6z\u00e9p-eur\u00f3pai r\u00e9gi\u00f3ban nem rak\u00f3dott negat\u00edv tartalom. John Grayson szerint Angli\u00e1ban a filantr\u00f3p k\u00f6z\u00e9poszt\u00e1lybeliek mozgalmakat p\u00e9nzeltek a munk\u00e1soszt\u00e1ly ellen, s b\u00e1r kedvesek voltak a szeg\u00e9nyekhez, alapvet\u0151en kapitalizmus-p\u00e1rti konzervat\u00edvok voltak, akik saj\u00e1t \u00e9rt\u00e9krendj\u00fcket igyekeztek bevinni a munk\u00e1sok \u00e9let\u00e9be \u00e9s ki akart\u00e1k saj\u00e1t\u00edtani a munk\u00e1s \u00e9s civil szervez\u0151d\u00e9seket (Grayson 2004). A kelet-k\u00f6z\u00e9p-eur\u00f3pai filantr\u00f3p \u00e9rtelmis\u00e9g ezzel szemben szabad \u00e9s m\u0171velt nemzetet, moderniz\u00e1l\u00f3dott gazdas\u00e1got \u00e9s t\u00e1rsadalmat akart, s modern \u00e1llam hi\u00e1ny\u00e1ban nem ritk\u00e1n k\u00e9nytelen volt eg\u00e9sz vagyon\u00e1t \u00e9s \u00e9lettev\u00e9kenys\u00e9g\u00e9t a nemzet felemel\u00e9s\u00e9re \u00e1ldozni. Az \u0151 tev\u00e9kenys\u00e9g\u00fck teh\u00e1t nem a status quo fenntart\u00e1s\u00e1ra, hanem a nemzet sz\u00e9les \u00e9rtelemben vett moderniz\u00e1ci\u00f3j\u00e1ra, a v\u00e1ltoz\u00e1sra ir\u00e1nyult.<\/span><\/p>\n<p style=\"text-align: justify;\"><span style=\"font-family: Arial;\">Gr\u00f3f Sz\u00e9chenyi Istv\u00e1n (1791\u20131860), a \u201elegnagyobb magyar\u201d, a \u201emodern Magyarorsz\u00e1g megteremt\u0151je\u201d kezdem\u00e9nyez\u00e9s\u00e9re kezd\u0151d\u00f6tt meg 1833-t\u00f3l Magyarorsz\u00e1gon az els\u0151 civil h\u00e1l\u00f3zat, a kaszin\u00f3k, t\u00e1rsalkod\u00f3 egyletek \u00e9s olvas\u00f3t\u00e1rsas\u00e1gok, majd paraszti olvas\u00f3k\u00f6r\u00f6k szervez\u00e9se. Ezek az egyletek a nemzeti f\u00fcggetlens\u00e9g\u00e9rt \u00e9s polg\u00e1rosod\u00e1s\u00e9rt foly\u00f3 reformkori k\u00fczdelem fontos szervezetei voltak (Kovalcsik 1986). K\u00fclf\u00f6ldi \u00e9s hazai utaz\u00e1sai sor\u00e1n felismerte a hazai \u00e1llapotok fejletlens\u00e9g\u00e9t, s eg\u00e9sz vagyon\u00e1t \u00e9s \u00e9let\u00e9t a felz\u00e1rk\u00f3ztat\u00e1snak szentelne. Megalap\u00edtotta a Magyar Tudom\u00e1nyos Akad\u00e9mi\u00e1t, az \u00c1llatteny\u00e9szt\u00e9si T\u00e1rsas\u00e1got, a Magyar Orsz\u00e1gos Gazdas\u00e1gi Egyes\u00fcletet; elind\u00edtotta a Duna \u00e9s a Tisza szab\u00e1lyoz\u00e1s\u00e1t, a g\u0151zhaj\u00f3z\u00e1st, meg\u00e9p\u00edttette a legszebb budapesti hidat, a L\u00e1nchidat; az er\u0151s \u00e9s modern \u00e1llam l\u00e9trehoz\u00e1s\u00e1\u00e9rt f\u00e1radozva t\u00f6bbek k\u00f6z\u00f6tt p\u00e1rtolta az \u00e1ltal\u00e1nos ad\u00f3fizet\u00e9st (megt\u00e1madva a nemesi kiv\u00e1lts\u00e1gokat!); harcolt a nyilv\u00e1noss\u00e1g\u00e9rt, a magyar nyelv els\u0151bbs\u00e9g\u00e9\u00e9rt \u00e9s a szabads\u00e1g\u00e9rt, s reformterveir\u0151l sz\u00e1mos k\u00f6nyvet adott ki \u2013 mindezekkel kiv\u00edvva a Habsburg uralkod\u00f3h\u00e1z rosszall\u00e1s\u00e1t. Orsz\u00e1ggy\u0171l\u00e9si besz\u00e9deiben \u00e9s m\u0171veiben hasonl\u00f3 cselekedetekre buzd\u00edtotta a k\u00f6veteket \u2013 nemeseket, f\u0151nemeseket. Mag\u00e1nyos, t\u00e9pel\u0151d\u0151 \u00e9letet \u00e9lt, k\u00fczdelmei fel\u0151r\u00f6lt\u00e9k idegeit \u00e9s 69 \u00e9ves kor\u00e1ban \u00f6ngyilkos lett.<\/span><\/p>\n<p style=\"text-align: justify;\">\n<span style=\"font-family: Arial;\">A felvil\u00e1gosod\u00e1s kori \u00e9rtelmis\u00e9gi szerepfelfog\u00e1s term\u00e9szetesen folyamatosan m\u00f3dosult e r\u00e9gi\u00f3ban is, az \u00e9rtelmis\u00e9g szakmai funkci\u00f3it tekintve is szakosodott, t\u00e1rsadalmi szerepeiben pedig szabadon lebeg\u0151 \u00e9rtelmis\u00e9giv\u00e9, szeml\u00e9l\u0151v\u00e9, k\u00edv\u00fcl\u00e1ll\u00f3v\u00e1, fel\u00fcgyel\u0151v\u00e9, beavatott\u00e1 vagy f\u00fcggetlen v\u00e9lem\u00e9nynyilv\u00e1n\u00edt\u00f3v\u00e1, t\u00e1rsadalomkritikuss\u00e1, inform\u00e1torr\u00e1, k\u00f6zvet\u00edt\u0151v\u00e9 vagy \u00e9ppen seg\u00edt\u0151v\u00e9 v\u00e1lt.<\/span><br \/>\n<span style=\"font-family: Arial;\">M\u00f3dosult ez az \u00e9rtelmis\u00e9gi szerep az \u00e1llamszocialista id\u0151kben is, legf\u0151k\u00e9pp az olasz marxista Gramsci \u00e9rtelmis\u00e9g-elm\u00e9let\u00e9nek talaj\u00e1n. A szocialista \u00e9rtelmis\u00e9gi ide\u00e1lt\u00edpus\u00e1t jellemezve Gramsci ezt \u00edrta:<\/span><\/p>\n<p style=\"text-align: justify;\">\n<span style=\"font-family: Arial;\">\u201eAz \u00faj \u00e9rtelmis\u00e9gi \u00e9letm\u00f3dj\u00e1t nem alkothatja t\u00f6bb\u00e9 az \u00e9kessz\u00f3l\u00e1s, az \u00e9rzelmek \u00e9s szenved\u00e9lyek k\u00fcls\u0151 \u00e9s pillanatnyi mozgat\u00f3ja, csak az akt\u00edv bekapcsol\u00f3d\u00e1s a gyakorlati \u00e9letbe, amelyben az \u00e9rtelmis\u00e9gi mint \u00e9p\u00edt\u0151, szervez\u0151 vesz r\u00e9szt [\u2026] a technik\u00e1t\u00f3l, mint munk\u00e1t\u00f3l eljut a technik\u00e1ig \u00e9s a humanista t\u00f6rt\u00e9nelemszeml\u00e9letig, amelynek hi\u00e1ny\u00e1ban \u00bbszakemberek\u00ab maradunk, \u00e9s nem lesz\u00fcnk \u00bbvezet\u0151v\u00e9\u00ab (ami szakember + politikus)\u201d (Husz\u00e1r 1975).<\/span><\/p>\n<p style=\"text-align: justify;\">\n<span style=\"font-family: Arial;\">E felfog\u00e1s hatott a legk\u00f6zvetlenebb\u00fcl a magyar n\u00e9pm\u0171vel\u00e9sben \u00e9s a k\u00f6z\u00f6ss\u00e9gfejleszt\u00e9s kialakul\u00e1s\u00e1ban is. A magyar k\u00f6z\u00f6ss\u00e9gfejleszt\u00e9s k\u00f6zvetlen el\u0151zm\u00e9ny\u00e9nek sz\u00e1m\u00edt p\u00e9ld\u00e1ul a Budapesti M\u0171szaki Egyetem \u00e9rtelmis\u00e9gi k\u00e9pz\u00e9se, amelynek l\u00e9nyege a j\u00f6v\u0151 \u00e9rtelmis\u00e9g\u00e9nek bekapcsol\u00f3d\u00e1sa a gyakorlati \u00e9letbe.<\/span><\/p>\n<p style=\"text-align: justify;\">\n<span style=\"font-family: Arial;\">K\u00e9t mozgalom bontakozott ki ebb\u0151l az \u00e9rtelmis\u00e9gi elk\u00e9pzel\u00e9sb\u0151l 1970\u201373 k\u00f6z\u00f6tt: az \u201eEgyetemist\u00e1k a k\u00f6zm\u0171vel\u0151d\u00e9s\u00e9rt\u201d mozgalom \u00e9s a \u201eT\u00e9li n\u00e9pm\u0171vel\u00e9si gyakorlat\u201d. Az el\u0151z\u0151ben egyetemi hallgat\u00f3k v\u00e1llaltak \u00f6nk\u00e9ntes munk\u00e1t 200 magyarorsz\u00e1gi m\u0171vel\u0151d\u00e9si h\u00e1z tervrajz\u00e1nak \u00e9s fel\u00faj\u00edt\u00e1si terveinek elk\u00e9sz\u00edt\u00e9s\u00e9ben. A \u201eT\u00e9li n\u00e9pm\u0171vel\u00e9si gyakorlaton\u201d pedig (a N\u00e9pm\u0171vel\u00e9si Int\u00e9zet szervez\u00e9s\u00e9ben) az orsz\u00e1g nagy fels\u0151oktat\u00e1si int\u00e9zm\u00e9nyeinek hallgat\u00f3ib\u00f3l szerveztek k\u00fcl\u00f6nf\u00e9le \u00e9rtelmis\u00e9gi szakm\u00e1kra k\u00e9sz\u00fcl\u0151 hallgat\u00f3kb\u00f3l tanulm\u00e1nyi csoportokat (m\u00e9rn\u00f6k, orvos, tan\u00e1r, jog\u00e1sz, k\u00f6zgazd\u00e1sz stb. hallgat\u00f3kb\u00f3l), akik egy-egy befogad\u00f3 telep\u00fcl\u00e9sen, a m\u00e1sodik szemeszter elej\u00e9n k\u00e9t h\u00e9tig tanulm\u00e1nyozt\u00e1k a helyi t\u00e1rsadalmat \u00e9s tapasztalataikr\u00f3l k\u00f6z\u00f6s \u00f6sszefoglal\u00f3 tanulm\u00e1nyt \u00edrtak, melyet a befogad\u00f3 telep\u00fcl\u00e9sek \u00e9s a fels\u0151oktat\u00e1si int\u00e9zm\u00e9nyek is megkaptak (Varga 1970, 1973).<\/span><\/p>\n<p style=\"text-align: justify;\">\n<span style=\"font-family: Arial;\">Ez az attit\u0171d az elm\u00falt 20\u201330 \u00e9vben term\u00e9szetesen sokat finomodott-v\u00e1ltozott a k\u00f6z\u00f6ss\u00e9gfejleszt\u00e9s er\u0151teljes szakm\u00e1sod\u00e1si folyamat\u00e1ban, de bizony minket, \u00fatt\u00f6r\u0151ket \u00e9s k\u00f6vet\u0151inket is mozgat m\u00e9g egyfajta \u201ek\u00fcldet\u00e9studat\u201d. Ez a felfog\u00e1s addig fogja m\u00e9g tartani mag\u00e1t, ameddig az \u00faj polg\u00e1rs\u00e1g meg nem er\u0151s\u00f6dik, s nem demokratiz\u00e1l\u00f3dik. A demokr\u00e1cia lass\u00fa ki\u00e9p\u00fcl\u00e9se az oka ugyanis annak, hogy a filantr\u00f3p \u00e9s \u00e9rtelmis\u00e9gi elk\u00e9pzel\u00e9sek m\u00e9g mindig terephez tudnak jutni. Nem \u00e1ltal\u00e1nos a felel\u0151s \u00e1llampolg\u00e1ri attit\u0171d, kev\u00e9s a k\u00e9pzett, demokr\u00e1ci\u00e1ra felk\u00e9sz\u00fclt \u00e1llampolg\u00e1r, hi\u00e1nycikk a cselekv\u0151 \u00e1llampolg\u00e1ris\u00e1g, ez\u00e9rt a hagyom\u00e1nyos \u00e9rtelmis\u00e9gi szerepk\u00f6r\u00f6knek m\u00e9g mindig van valamif\u00e9le talaja (b\u00e1r \u00e1ltal\u00e1nos az a v\u00e9leked\u00e9s is, hogy a rendszerv\u00e1lt\u00e1s ut\u00e1n az \u00e9rtelmis\u00e9g \u201emag\u00e1ra hagyta\u201d a n\u00e9pet).<\/span><\/p>\n<p><span style=\"font-family: Arial;\">Mindezekb\u0151l az a k\u00f6vetkeztet\u00e9s vonhat\u00f3 le, hogy m\u00e9g j\u00f3 ideig nem felesleges az \u00e9rtelmis\u00e9g t\u00e1rsadalmi feladat\u00e1r\u00f3l besz\u00e9ln\u00fcnk, s ehhez a magyar k\u00f6z\u00f6ss\u00e9gfejleszt\u00e9snek is tev\u0151legesen hozz\u00e1 kell j\u00e1rulnia. Magunkhoz kell t\u00e9rni a t\u00e1rsadalmi \u00e1trendez\u0151d\u00e9s makrofolyamatai \u00e1ltal okozott sokkb\u00f3l \u00e9s a legnagyobb nyugalommal \u00faj t\u00e1rsadalmi mozgalmat kell szervezn\u00fcnk, amelynek k\u00f6z\u00e9ppontj\u00e1ban az \u00e9rtelmis\u00e9gi szerepv\u00e1llal\u00e1sra val\u00f3 felk\u00e9sz\u00edt\u00e9s \u00e9s a fiatal gener\u00e1ci\u00f3k egym\u00e1ssal \u00e9s a k\u00f6z\u00f6ss\u00e9geikkel szembeni elk\u00f6telez\u0151d\u00e9se, demokratikus \u00e9s k\u00f6z\u00f6ss\u00e9gi szocializ\u00e1ci\u00f3ja, gyakorlati munk\u00e1j\u00e1nak szervez\u00e9se \u00e1ll \u2013 hasonlatosan a 70-es \u00e9vek eleji m\u0171egyetemi mozgalmakhoz. Term\u00e9szetesen nem lehet ugyanabba a foly\u00f3ba k\u00e9tszer belel\u00e9pni, de erre nincs is sz\u00fcks\u00e9g, mert a j\u00f3 h\u00edr a szabadd\u00e1 v\u00e1l\u00e1s lehet\u0151s\u00e9ge, a civil t\u00e1rsadalom tal\u00e1n m\u00e9g korl\u00e1tozott, de a kor\u00e1bbin\u00e1l m\u00e9giscsak sokkal nagyobb mozg\u00e1stere, a demokratikus jog\u00e1llam ki\u00e9p\u00edt\u00e9s\u00e9nek lehet\u0151s\u00e9ge.<\/span><\/p>\n<p><b><span style=\"font-family: Arial;\">2. A k\u00f6z\u00f6ss\u00e9gfejleszt\u00e9s \u00e9s annak j\u00f6v\u0151je<\/span><\/b><\/p>\n<p><b><i><span style=\"font-family: Arial;\">Mi a k\u00f6z\u00f6ss\u00e9gfejleszt\u00e9s?<\/span><\/i><\/b><br \/>\n<span style=\"font-family: Arial;\">A k\u00f6z\u00f6ss\u00e9gfejleszt\u00e9s egyszerre t\u00e1rsadalmi mozgalom \u00e9s szakma.<\/span><\/p>\n<p><b><span style=\"font-family: Arial;\">\u2013 Mozgalom \u2013 a k\u00f6z\u00f6ss\u00e9g \u00e1ltali fejleszt\u00e9s<\/span><\/b><br \/>\n<span style=\"font-family: Arial;\">L\u00e9nyegileg csak akkor besz\u00e9lhet\u00fcnk k\u00f6z\u00f6ss\u00e9gfejleszt\u00e9sr\u0151l, ha\u00a0<\/span><i><span style=\"font-family: Arial;\">maguk a k\u00f6z\u00f6ss\u00e9g tagjai, szervezetei \u00e9s int\u00e9zm\u00e9nyei fejlesztik a saj\u00e1t k\u00f6z\u00f6ss\u00e9g\u00fcket<\/span><\/i><span style=\"font-family: Arial;\">. Nem a k\u00f6z\u00f6ss\u00e9gfejleszt\u0151 fejleszti teh\u00e1t a k\u00f6z\u00f6ss\u00e9get, hanem a k\u00f6z\u00f6ss\u00e9g fejleszti \u00f6nmag\u00e1t. A k\u00f6z\u00f6ss\u00e9gfejleszt\u0151 \u201ecsak\u201d kataliz\u00e1lja \u00e9s szakmailag seg\u00edti ezt a folyamatot. A k\u00f6z\u00f6ss\u00e9gfejleszt\u0151 az\u00e9rt kezdem\u00e9nyez, hogy a k\u00f6z\u00f6ss\u00e9g \u00e1tvegye t\u0151le a kezdem\u00e9nyez\u00e9st \u00e9s elinduljon a probl\u00e9m\u00e1k k\u00f6z\u00f6ss\u00e9gi megold\u00e1s\u00e1nak \u00fatj\u00e1n, melyhez a k\u00f6z\u00f6ss\u00e9gfejleszt\u0151 a k\u00e9pess\u00e9 t\u00e9tel v\u00e1ltozatos eszk\u00f6zeivel j\u00e1rul hozz\u00e1.<\/span><br \/>\n<span style=\"font-family: Arial;\">A j\u00f3 k\u00f6z\u00f6ss\u00e9gfejleszt\u00e9si folyamat helyi mozgalom, amelyben a folyamatosan aktiviz\u00e1l\u00f3d\u00f3 lakoss\u00e1g keresi a maga hozz\u00e1j\u00e1rul\u00e1si lehet\u0151s\u00e9geit a k\u00f6z\u00f6ss\u00e9g \u00e9letmin\u0151s\u00e9g\u00e9nek jav\u00edt\u00e1s\u00e1hoz, l\u00e9trehozza saj\u00e1t int\u00e9zm\u00e9nyeit \u00e9s egy\u00fcttm\u0171k\u00f6d\u00e9si strukt\u00far\u00e1kat alak\u00edt ki. A k\u00f6z\u00f6ss\u00e9gi fejleszt\u00e9sben folytonosan \u00fajabb \u00e9s \u00fajabb egy\u00e9nek \u00e9s csoportok aktiviz\u00e1l\u00f3dnak a folyamat kritik\u00e1jak\u00e9nt vagy alternat\u00edv\u00e1jak\u00e9nt, s e k\u00f6z\u00f6ss\u00e9gi szerepl\u0151k \u00e1lland\u00f3an \u00faj helyzeteket teremtenek, megv\u00e1ltoztatva a tervez\u00e9si, d\u00f6nt\u00e9si \u00e9s kontrollmechanizmusokat.<\/span><br \/>\n<span style=\"font-family: Arial;\">A mozgalmi jelleg nagy er\u0151t jelent, ugyanakkor saj\u00e1tos term\u00e9szete miatt neh\u00e9zkess\u00e9 teszi a k\u00e9pviseletet, valamint a k\u00f6z\u00f6s arculat \u00e9s k\u00fcls\u0151 kommunik\u00e1ci\u00f3 kialak\u00edt\u00e1s\u00e1t. Neh\u00e9zkess\u00e9, de nem lehetetlenn\u00e9. Igaz, hogy a mozgalmi munk\u00e1t a leggyakrabban nem az igaz\u00e1n m\u00e9ly \u00e9s hossz\u00fa t\u00e1v\u00fa elk\u00f6telez\u0151d\u00e9sek jellemzik, az \u00e1llampolg\u00e1ri magatart\u00e1s lesz\u0171k\u00fclhet az \u201eigen\u201d \u00e9s \u201enem\u201d igazs\u00e1g\u00e1ra. Igaz, hogy a reakci\u00f3id\u0151k el\u0151re kisz\u00e1m\u00edthatatlanok, gondoljunk csak a hirtelen, azonnali fell\u00e9p\u00e9sekre \u00e9s a l\u00e9p\u00e9sr\u0151l l\u00e9p\u00e9sre t\u00f6rt\u00e9n\u0151 \u00e9p\u00edtkez\u00e9sekre, a lelassul\u00f3, m\u00e1r-m\u00e1r be\u00e1llni l\u00e1tsz\u00f3 folyamatokra, amelyek azt\u00e1n hirtelen m\u00e9gis megl\u00f3dulnak. Igaz, hogy a mozgalmi munka sz\u00e1mos eleme alacsony hat\u00e9konys\u00e1ggal, partikularit\u00e1ssal, amat\u0151rizmussal v\u00e1dolhat\u00f3 \u2013 de h\u00e1t a civil t\u00e1rsadalomr\u00f3l van sz\u00f3! Arr\u00f3l a civil t\u00e1rsadalomr\u00f3l, amelyik ellens\u00falyozza az \u00e1llamis\u00e1got, a t\u00falzott hatalomkoncentr\u00e1ci\u00f3t, amelyik kezdem\u00e9nyez a hi\u00e1nyok megsz\u0171ntet\u00e9s\u00e9re-m\u00e9rs\u00e9kl\u00e9s\u00e9re, s amelyik alternat\u00edv\u00e1kat mutat fel.<\/span><br \/>\n<span style=\"font-family: Arial;\">Az \u00e1lland\u00f3 mozg\u00e1sban l\u00e9v\u0151 k\u00f6z\u00f6ss\u00e9g egy k\u00edv\u00fcl\u00e1ll\u00f3 sz\u00e1m\u00e1ra persze nehezen k\u00f6vethet\u0151v\u00e9 \u00e9s \u00e9rtelmezhet\u0151v\u00e9 teszi az aktu\u00e1lisan zajl\u00f3 folyamatokat, m\u00e9gis, minden k\u00f6z\u00f6ss\u00e9gfejleszt\u00e9snek, k\u00f6z\u00f6ss\u00e9gi munk\u00e1nak ez a folytonos mozg\u00e1s \u00e9s v\u00e1ltoz\u00e1s a l\u00e9nyege.<\/span><\/p>\n<p><b><span style=\"font-family: Arial;\">\u2013 A k\u00f6z\u00f6ss\u00e9gfejleszt\u00e9s mint szakma<\/span><\/b><br \/>\n<span style=\"font-family: Arial;\">A k\u00f6z\u00f6ss\u00e9gfejleszt\u00e9s mint szakma\u00a0<\/span><i><span style=\"font-family: Arial;\">\u00e1tmeneti, szervezett \u00e9s szakszer\u0171 beavatkoz\u00e1st jelent a k\u00f6z\u00f6ss\u00e9gek \u00e9let\u00e9be<\/span><\/i><span style=\"font-family: Arial;\">\u00a0annak \u00e9rdek\u00e9ben, hogy a k\u00f6z\u00f6ss\u00e9g k\u00e9pes legyen a meg\u00fajul\u00e1sra, vagyis saj\u00e1t probl\u00e9m\u00e1inak kezel\u00e9s\u00e9re, m\u00e9rs\u00e9kl\u00e9s\u00e9re, megold\u00e1s\u00e1ra. A beavatkoz\u00e1s addig tart, ameddig a k\u00f6z\u00f6ss\u00e9g tagjai maguk nem v\u00e1lnak a v\u00e1ltoz\u00e1s meghat\u00e1roz\u00f3 t\u00e9nyez\u0151iv\u00e9.<\/span><br \/>\n<span style=\"font-family: Arial;\">A k\u00f6z\u00f6ss\u00e9gi munka \u2013 h\u00edvj\u00e1k b\u00e1rhogyan is \u2013 az \u00e1llampolg\u00e1rokkal, csoportjaikkal \u00e9s szervezeteikkel, a ter\u00fcleti k\u00f6z\u00f6ss\u00e9gekkel folytatott munk\u00e1n \u00e1t a nemzeti \u00e9s nemzetk\u00f6zi szinteken is jelen van. A legfontosabb k\u00e9rd\u00e9s az, hogy e szerte\u00e1gaz\u00f3 tev\u00e9kenys\u00e9get mit\u0151l nevezhetj\u00fck szakm\u00e1nak? Az \u00f6n\u00e1ll\u00f3 diszciplin\u00e1v\u00e1 fejleszt\u00e9s k\u00eds\u00e9rletei mellett a szakter\u00fclet ir\u00e1nyults\u00e1ga \u00e9s t\u00e1rsadalmi funkci\u00f3i mutatnak megnyugtat\u00f3 azonoss\u00e1got.<\/span><br \/>\n<i><span style=\"font-family: Arial;\">Az ir\u00e1nyults\u00e1g\u00a0<\/span><\/i><span style=\"font-family: Arial;\">tekintet\u00e9ben minden\u00fctt a probl\u00e9m\u00e1kban \u00e9rintett emberek\u00a0<\/span><i><span style=\"font-family: Arial;\">r\u00e9szv\u00e9tel<\/span><\/i><span style=\"font-family: Arial;\">\u00e9nek fokoz\u00e1sa \u00e1ll e szaktev\u00e9kenys\u00e9g f\u00f3kusz\u00e1ban,\u00a0<\/span><i><span style=\"font-family: Arial;\">t\u00e1rsadalmi funkci\u00f3i<\/span><\/i><span style=\"font-family: Arial;\">t tekintve pedig minden\u00fctt megjelenik az emberek\u00a0<\/span><i><span style=\"font-family: Arial;\">\u00f6nseg\u00edt\u0151 egy\u00fcttm\u0171k\u00f6d\u00e9s<\/span><\/i><span style=\"font-family: Arial;\">e, az aktu\u00e1lis viszonyok megv\u00e1ltoztat\u00e1s\u00e1t c\u00e9lz\u00f3 k\u00f6z\u00f6ss\u00e9gi tev\u00e9kenys\u00e9ge.<\/span><br \/>\n<span style=\"font-family: Arial;\">A k\u00f6z\u00f6ss\u00e9gi tev\u00e9kenys\u00e9g egyfel\u0151l a\u00a0<\/span><i><span style=\"font-family: Arial;\">sz\u00fcks\u00e9gletet szenved\u0151 emberek<\/span><\/i><span style=\"font-family: Arial;\">re, m\u00e1sfel\u0151l \u2013 az \u00e9rdekeiket megfogalmaz\u00f3 \u00e9s azokat a t\u00e1rsadalmi nyilv\u00e1noss\u00e1gban artikul\u00e1l\u00f3 k\u00f6z\u00f6ss\u00e9gek erej\u00e9vel \u2013 a\u00a0<\/span><i><span style=\"font-family: Arial;\">reformokra<\/span><\/i><span style=\"font-family: Arial;\">\u00a0ir\u00e1nyul, a d\u00f6nt\u00e9shoz\u00e1s, a jogalkot\u00e1s befoly\u00e1sol\u00e1s\u00e1ra, s az\u00a0<\/span><i><span style=\"font-family: Arial;\">alkalmazkod\u00e1s<\/span><\/i><span style=\"font-family: Arial;\">\u00a0mellett vagy helyett a\u00a0<\/span><i><span style=\"font-family: Arial;\">v\u00e1ltoz\u00e1sra<\/span><\/i><span style=\"font-family: Arial;\">\u00a0fekteti a hangs\u00falyt.<\/span><br \/>\n<span style=\"font-family: Arial;\">Nem elhanyagolhat\u00f3 szempont a k\u00f6z\u00f6ss\u00e9gi munka\u00a0<\/span><i><span style=\"font-family: Arial;\">prevent\u00edv jelleg\u0171 ir\u00e1nyults\u00e1ga<\/span><\/i><span style=\"font-family: Arial;\">\u00a0sem, az ugyanis, hogy k\u00e9pes fokozni a k\u00f6z\u00f6ss\u00e9gek megtart\u00f3 erej\u00e9t, er\u0151s\u00edteni \u00e9s gyakorlatt\u00e1 szervezni az emberek k\u00f6z\u00f6tti kommunik\u00e1ci\u00f3t \u00e9s szolidarit\u00e1st.<\/span><br \/>\n<span style=\"font-family: Arial;\">Alkalmas tov\u00e1bb\u00e1 arra is, hogy a helyi k\u00f6z\u00f6ss\u00e9gek azonos\u00edts\u00e1k saj\u00e1t t\u00e1rsadalmi sz\u00fcks\u00e9gleteiket \u00e9s megszervezz\u00e9k\u00a0<\/span><i><span style=\"font-family: Arial;\">int\u00e9zm\u00e9nyeiket<\/span><\/i><span style=\"font-family: Arial;\">\u00a0\u2013 \u00f6nseg\u00edt\u0151, \u00e9rdek- \u00e9s nyom\u00e1sgyakorl\u00f3 csoportokat, a civil t\u00e1rsadalom \u00faj int\u00e9zm\u00e9nyeit.<\/span><br \/>\n<span style=\"font-family: Arial;\">A k\u00f6z\u00f6ss\u00e9gi munka hozz\u00e1seg\u00edti a kirekesztett, marginaliz\u00e1lt, alacsony \u00e9rdek\u00e9rv\u00e9nyes\u00edt\u0151 k\u00e9pess\u00e9g\u0171 t\u00e1rsadalmi csoportokat ahhoz, hogy\u00a0<\/span><i><span style=\"font-family: Arial;\">\u00e9rdekeiket felismerj\u00e9k, megfogalmazz\u00e1k \u00e9s konfront\u00e1lj\u00e1k<\/span><\/i><span style=\"font-family: Arial;\">\u00a0az \u00e9rdekeik \u00e9rv\u00e9nyes\u00edt\u00e9s\u00e9t g\u00e1tl\u00f3 t\u00e1rsadalmi int\u00e9zm\u00e9nyekkel, csoportokkal.<\/span><br \/>\n<span style=\"font-family: Arial;\">A k\u00f6z\u00f6ss\u00e9gi cselekv\u00e9s\u00a0<\/span><i><span style=\"font-family: Arial;\">motiv\u00e1ci\u00f3kat \u00e9p\u00edt<\/span><\/i><span style=\"font-family: Arial;\">\u00a0a m\u0171vel\u0151d\u00e9sre, a tanul\u00e1sra, felt\u00f6ri a z\u00e1rt vil\u00e1gokat \u00e9s kit\u00e1g\u00edtja a mozg\u00e1stereket, \u00faj int\u00e9zm\u00e9nyeket \u00e9s int\u00e9zm\u00e9nyek k\u00f6z\u00f6tti kapcsolatokat szervez, s seg\u00edt az \u00e1llampolg\u00e1roknak \u00e9s k\u00f6z\u00f6ss\u00e9geiknek abban, hogy haszn\u00e1lni is tudj\u00e1k az \u00e9rt\u00fck l\u00e9trej\u00f6tt int\u00e9zm\u00e9nyeket. Mindezzel a k\u00f6z\u00f6ss\u00e9gfejleszt\u00e9s nagyban hozz\u00e1j\u00e1rul v\u00e1ltoz\u00f3 t\u00e1rsadalmaink\u00a0<\/span><i><span style=\"font-family: Arial;\">kult\u00farateremt\u0151 k\u00e9pess\u00e9g<\/span><\/i><span style=\"font-family: Arial;\">\u00e9nek felgyorsul\u00e1s\u00e1hoz.<\/span><br \/>\n<span style=\"font-family: Arial;\">A k\u00f6z\u00f6ss\u00e9gi munka t\u00f6rt\u00e9nete sor\u00e1n fokozatosan olyan, a\u00a0<\/span><i><span style=\"font-family: Arial;\">t\u00e1rsadalmi integr\u00e1ci\u00f3t el\u0151seg\u00edt\u0151 tev\u00e9kenys\u00e9g<\/span><\/i><span style=\"font-family: Arial;\">g\u00e9 v\u00e1lt, amely hat\u00e9konyan k\u00e9pes fokozni a civil t\u00e1rsadalom kezdem\u00e9nyez\u0151- \u00e9s cselekv\u0151k\u00e9pess\u00e9g\u00e9t, seg\u00edteni a t\u00e1rsadalmi int\u00e9zm\u00e9nyrendszer \u00e1talakul\u00e1si \u00e9s \u00fajraalakul\u00e1si folyamatait, \u00f6sszehozni a t\u00e1rsadalom k\u00fcl\u00f6nb\u00f6z\u0151 szerepl\u0151it \u00e9s kapcsolatokat ki\u00e9p\u00edteni t\u00e9rs\u00e9gi \u00e9s t\u00e1rsadalmi szinten, \u00e9s k\u00e9pes fokozni a t\u00e1rsadalom demokratikus \u00f6nszervez\u0151d\u00e9s\u00e9t.<\/span><b><\/b><br \/>\n<span style=\"font-family: Arial;\">A szakma \u201et\u00fal t\u00e1g\u201d hat\u00e1rait gazdag\u00edt\u00f3 er\u0151forr\u00e1sk\u00e9nt \u00e9rdemes \u00e9rz\u00e9kelni, olyannak, amely nem csak lehet\u0151v\u00e9 teszi, de a komplex t\u00e1rsadalmi probl\u00e9m\u00e1k kezel\u00e9se \u00e9rdek\u00e9ben egyenesen ig\u00e9nyli is a\u00a0<\/span><i><span style=\"font-family: Arial;\">szakmak\u00f6zis\u00e9get, a hat\u00e1rter\u00fcleti egy\u00fcttm\u0171k\u00f6d\u00e9seket<\/span><\/i><span style=\"font-family: Arial;\">, vonatkozz\u00e9k az a k\u00f6zigazgat\u00e1ssal, szakpolitik\u00e1kkal, szoci\u00e1lpolitik\u00e1val, m\u0171vel\u0151d\u00e9sszervez\u00e9ssel, feln\u0151ttoktat\u00e1ssal, szoci\u00e1lis munk\u00e1val, term\u00e9szet \u00e9s k\u00f6rnyezetv\u00e9delemmel, telep\u00fcl\u00e9s- \u00e9s vid\u00e9kfejleszt\u00e9ssel vagy \u00e9p\u00edt\u00e9szettel val\u00f3 egy\u00fcttm\u0171k\u00f6d\u00e9sre.<\/span><br \/>\n<span style=\"font-family: Arial;\">A k\u00f6z\u00f6ss\u00e9gfejleszt\u00e9s \u00f6n\u00e1ll\u00f3s\u00e1g\u00e1r\u00f3l, illetve valamely szakm\u00e1hoz tartoz\u00e1s\u00e1r\u00f3l szenved\u00e9lyes vit\u00e1k folynak. Er\u0151s \u00e9rvek sz\u00f3lnak az \u00f6n\u00e1ll\u00f3s\u00e1g mellett, de kisaj\u00e1t\u00edt\u00e1sa, bekebelez\u00e9se mellett is. Sz\u00e1mos p\u00e9ld\u00e1j\u00e1t l\u00e1thattuk m\u00e1r annak, hogy a szoci\u00e1lis munka keretein bel\u00fcl hogyan sz\u0171k\u00fclhet m\u00e9g a k\u00f6z\u00f6ss\u00e9gfejleszt\u00e9s, k\u00f6z\u00f6ss\u00e9gi munka is ell\u00e1t\u00e1s-t\u00edpus\u00fa munk\u00e1v\u00e1, ahelyett, hogy endog\u00e9n fejl\u0151d\u00e9st \u00e9s v\u00e1ltoz\u00e1sokat eredm\u00e9nyezne. S ugyanez az eszk\u00f6z-jelleg bontakozik ki el\u0151tt\u00fcnk a vid\u00e9kfejleszt\u00e9si szakm\u00e1ban is, l\u00e1tva, hogy az els\u0151sorban infrastruktur\u00e1lis fejleszt\u00e9sekben hogyan tesznek form\u00e1lisan eleget az \u00e9rintettek bevon\u00e1sa alapelv\u00e9nek.<\/span><br \/>\n<span style=\"font-family: Arial;\">Amennyiben a k\u00f6z\u00f6ss\u00e9gfejleszt\u00e9s al\u00e1rendel\u0151dik b\u00e1rmelyik szakm\u00e1nak, f\u00e9l\u0151, hogy elvesz\u00edti interdiszciplin\u00e1ris jelleg\u00e9t \u00e9s megn\u0151 kiszolg\u00e1ltatotts\u00e1ga, vagyis annak a vesz\u00e9lye, hogy az \u00e9rdekcsoportok eszk\u00f6zk\u00e9nt haszn\u00e1lj\u00e1k fel saj\u00e1t c\u00e9ljaik el\u00e9r\u00e9se \u00e9rdek\u00e9ben.<\/span><br \/>\n<span style=\"font-family: Arial;\">Tudjuk, hogy a k\u00f6z\u00f6ss\u00e9gfejleszt\u00e9s\u00a0<\/span><i><span style=\"font-family: Arial;\">hozz\u00e1j\u00e1rul\u00f3-jelleg\u0171<\/span><\/i><span style=\"font-family: Arial;\">\u00a0foglalkoz\u00e1s: egyed\u00fcl nem k\u00e9pes megoldani t\u00e1rsadalmi probl\u00e9m\u00e1kat, de saj\u00e1tos eszk\u00f6zeivel, m\u00e1s szakm\u00e1k\u00e9t kieg\u00e9sz\u00edtve, hozz\u00e1 tud j\u00e1rulni a probl\u00e9m\u00e1k hat\u00e9kony kezel\u00e9s\u00e9hez. K\u00f6ztudott az is, hogy az alacsony t\u00e1rsadalmi presztizs\u0171 szakm\u00e1k k\u00fczdenek legitimit\u00e1suk\u00e9rt, az\u00e9rt, hogy \u00f6n\u00e1ll\u00f3 diszciplinak\u00e9nt, fontos \u00e9s t\u00e1mogatott szakmak\u00e9nt ismerj\u00e9k el \u0151ket. Ha azonban a k\u00f6z\u00f6ss\u00e9gfejleszt\u00e9s l\u00e9nyegi jellemz\u0151i az interdiszciplinarit\u00e1s \u00e9s az, hogy hozz\u00e1j\u00e1rul\u00f3-jelleg\u0171 foglalkoz\u00e1s, akkor ahhoz a k\u00e9t f\u0151 okhoz \u00e9rkezt\u00fcnk, ami\u00e9rt elismertet\u00e9se \u2013 legitim\u00e1ci\u00f3ja \u2013 specializ\u00e1l\u00f3d\u00f3 vil\u00e1gunkban k\u00fcl\u00f6nlegesen neh\u00e9z. De \u00e9pp effajta term\u00e9szete adja azt a szabads\u00e1got is, amely miatt e szakm\u00e1hoz vonz\u00f3dunk \u00e9s ami\u00e9rt minden neh\u00e9zs\u00e9g ellen\u00e9re is kitartunk mellette.<\/span><\/p>\n<p><b><span style=\"font-family: Arial;\">3. \u00c9rtelmis\u00e9gi munka-e a k\u00f6z\u00f6ss\u00e9gfejleszt\u00e9s?<\/span><\/b><\/p>\n<p><span style=\"font-family: Arial;\">V\u00e9lem\u00e9nyem szerint a Kelet-k\u00f6z\u00e9p-eur\u00f3pai r\u00e9gi\u00f3 k\u00f6z\u00f6ss\u00e9gfejleszt\u00e9se az, k\u00fcl\u00f6n\u00f6sen a k\u00fclf\u00f6lddel val\u00f3 \u00f6sszehasonl\u00edt\u00e1sban, ugyanis a kirekesztettek csoportjai nem szervezt\u00e9k m\u00e9g meg magukat \u00e9s nem \u201etermelt\u00e9k ki\u201d saj\u00e1t fejleszt\u0151iket. Ennek sz\u00e1mos h\u00e1tul\u00fct\u0151j\u00e9t naponta \u00e9rezz\u00fck, mert nehezen tudjuk motiv\u00e1lni a nem \u00e9rtelmis\u00e9gi munkam\u00f3dokhoz szokott lakoss\u00e1gi csoportokat.<\/span><\/p>\n<p><b><i><span style=\"font-family: Arial;\">Beavatkozik-e tartalmilag a k\u00f6z\u00f6ss\u00e9gfejleszt\u0151 a helyi k\u00f6z\u00f6ss\u00e9gek \u00e9let\u00e9be?<\/span><\/i><\/b><br \/>\n<span style=\"font-family: Arial;\">Sok\u00e1ig \u00fagy gondoltuk, hogy tartalmilag nem avatkozik be, csak egy viszonyt seg\u00edt \u00e9letre kelteni. (Varga 1998). Az \u00e9rtelmis\u00e9gi elm\u00e9letn\u00e9l, valamint az k\u00f6z\u00f6ss\u00e9gfejleszt\u00e9s \u00e9rtelmis\u00e9gi jelleg\u00e9r\u0151l elmondottak szerint azonban fel\u00fcl kell vizsg\u00e1lnunk e kor\u00e1bbi t\u00e9zis\u00fcnket \u00e9s itt kell megvizsg\u00e1lnunk a helyi sz\u00fcks\u00e9gletek k\u00e9rd\u00e9s\u00e9t!<\/span><br \/>\n<span style=\"font-family: Arial;\">\u2013 Vajon felismertek-e a helyi sz\u00fcks\u00e9gletek a helyben \u00e9l\u0151k, szervezeteik \u00e9s int\u00e9zm\u00e9nyeik \u00e1ltal \u00e9s vajon \u00e9s k\u00f6zismertek-e? Tapasztalataink szerint k\u00fcl\u00f6n\u00f6sen a l\u00e1tens sz\u00fcks\u00e9gletek felismer\u00e9se bonyolult, s a manifeszt sz\u00fcks\u00e9gleteket pedig j\u00f3r\u00e9szt a fejl\u0151d\u00e9sr\u0151l alkotott \u00e1ltal\u00e1nos v\u00e9lem\u00e9ny, a sokat sulykolt fejl\u0151d\u00e9si trendek \u00e9s a divatok alak\u00edtj\u00e1k. Hogy a helyi sz\u00fcks\u00e9gleteket felismerj\u00e9k a helyben lak\u00f3k, ahhoz az oktat\u00e1s, a k\u00f6z\u00f6ss\u00e9gi \u00e9s demokratikus szocializ\u00e1ci\u00f3 kiterjeszt\u00e9se sz\u00fcks\u00e9ges, mert ez a k\u00e9rd\u00e9s a f\u00f6ldh\u00f6zragadts\u00e1g kontra t\u00e1vlatos gondolkod\u00e1s probl\u00e9m\u00e1ja.<\/span><br \/>\n<span style=\"font-family: Arial;\">\u2013 A beavatkoz\u00f3 tud\u00e1sa technikai tud\u00e1s-e vagy valamelyik \u00e9rtelmis\u00e9gi idea fel\u00e9 szeretn\u00e9 mozd\u00edtani a k\u00f6z\u00f6ss\u00e9geket? B\u00e1rmekkora felel\u0151ss\u00e9g is, v\u00e1llalnunk kell ez ut\u00f3bbit! Az ide\u00e1k \u00e9s a val\u00f3s\u00e1g k\u00f6z\u00f6tt gyakran \u00f3ri\u00e1si fesz\u00fclts\u00e9g keletkezik. Gyakori tapasztalat, hogy a helyi lakosok \u2013 \u00e9rthet\u0151 m\u00f3don \u2013 az azonnali boldogul\u00e1st keresik, szinte b\u00e1rmilyen \u00e1ron, s nem t\u00f6r\u0151dnek \u201emagasabb\u201d, kultur\u00e1lis, term\u00e9szetv\u00e9delmi, k\u00f6rnyezeti, fenntarthat\u00f3s\u00e1gi szempontokkal. E szakad\u00e9kot \u00e1thidalni csakis m\u0171velt, demokratikusan \u00e9s k\u00f6z\u00f6ss\u00e9gben gondolkod\u00f3 \u00e9s cselekv\u0151 n\u00e9ppel lehetne.<\/span><br \/>\n<span style=\"font-family: Arial;\">\u2013 A beavatkoz\u00f3 erk\u00f6lcsi min\u0151s\u00e9ge \u2013 ha beavatkoz\u00e1sra ker\u00fcl sor, egy nagyobb, magasabb egys\u00e9g j\u00f6n l\u00e9tre, amelyben a beavatkoz\u00f3 is benne van (Gergely 2006).<\/span><br \/>\n<span style=\"font-family: Arial;\">V\u00e9g\u00fcl a k\u00f6z\u00f6ss\u00e9gfejleszt\u00e9s j\u00f6v\u0151j\u00e9r\u0151l kell m\u00e9g sz\u00f3t ejtenem. A v\u00e1ltoz\u00e1s a k\u00f6z\u00f6ss\u00e9gfejleszt\u00e9s velej\u00e1r\u00f3ja, az\u00e9rt is, mert munk\u00e1ja v\u00e1ltoz\u00e1sok gener\u00e1l\u00e1s\u00e1ra ir\u00e1nyul, s az\u00e9rt is, mert az \u00e1lland\u00f3sult v\u00e1ltoz\u00e1sok kor\u00e1ban a t\u00e1rsadalmi \u00e9s k\u00f6z\u00f6ss\u00e9gi fejl\u0151d\u00e9s folyamatosan arra k\u00e9szteti, hogy keresse \u00e9s sz\u00fcks\u00e9g eset\u00e9n v\u00e1ltoztassa meg a maga optim\u00e1lis mozg\u00e1ster\u00e9t.<\/span><\/p>\n<p><b><span style=\"font-family: Arial;\">Felhaszn\u00e1lt irodalom<\/span><\/b><\/p>\n<p><span style=\"font-family: Arial;\">Grayson, John:\u00a0<\/span><i><span style=\"font-family: Arial;\">A civil t\u00e1rsadalom t\u00f6rt\u00e9nete<\/span><\/i><span style=\"font-family: Arial;\">. El\u0151ad\u00e1s az\u00a0<\/span><i><span style=\"font-family: Arial;\">Angol-magyar szemin\u00e1rium<\/span><\/i><span style=\"font-family: Arial;\">on. Kunb\u00e1bony, 2004. Civil Koll\u00e9gium Alap\u00edtv\u00e1ny.<\/span><br \/>\n<span style=\"font-family: Arial;\">Kovalcsik J\u00f3zsef:\u00a0<\/span><i><span style=\"font-family: Arial;\">A kult\u00fara csarnokai I-III<\/span><\/i><span style=\"font-family: Arial;\">. Budapest,<\/span><i><span style=\"font-family: Arial;\">\u00a0<\/span><\/i><span style=\"font-family: Arial;\">1986,<\/span><i><span style=\"font-family: Arial;\">\u00a0<\/span><\/i><span style=\"font-family: Arial;\">M\u0171vel\u0151d\u00e9skutat\u00f3 Int\u00e9zet.<\/span><br \/>\n<span style=\"font-family: Arial;\">Vars\u00e1nyi Erika: Bevezet\u0151. In u\u00f6:<\/span><i><span style=\"font-family: Arial;\">\u00a0Megfigyel\u00e9s \u00e9s cselekv\u00e9s<\/span><\/i><span style=\"font-family: Arial;\">. Budapest, 1999, Balassi.<\/span><br \/>\n<span style=\"font-family: Arial;\">Husz\u00e1r Tibor:\u00a0<\/span><i><span style=\"font-family: Arial;\">A cselekv\u0151 ember<\/span><\/i><span style=\"font-family: Arial;\">. Budapest, 1975, Sz\u00e9pirodalmi.<\/span><br \/>\n<span style=\"font-family: Arial;\">Henderson, Paul:\u00a0<\/span><i><span style=\"font-family: Arial;\">Including the Excluded: From practice to policy in European Community Development<\/span><\/i><span style=\"font-family: Arial;\">.<\/span><i><span style=\"font-family: Arial;\">\u00a0<\/span><\/i><span style=\"font-family: Arial;\">Bristol, 2005, The Policy Press.<\/span><br \/>\n<span style=\"font-family: Arial;\">Varga A. Tam\u00e1s: A m\u0171vel\u0151d\u00e9si otthon funkcion\u00e1lis rendszere.\u00a0<\/span><i><span style=\"font-family: Arial;\">Kult\u00fara \u00e9s k\u00f6z\u00f6ss\u00e9g<\/span><\/i><span style=\"font-family: Arial;\">. 1975. 4. sz. 30\u201339 p.<\/span><br \/>\n<span style=\"font-family: Arial;\">Varga, A. T. \u2013 Vercseg, I.:\u00a0<\/span><i><span style=\"font-family: Arial;\">\u201eNyitott h\u00e1z-nyitott tev\u00e9kenys\u00e9g\u201d k\u00e9pz\u00e9s<\/span><\/i><span style=\"font-family: Arial;\">. Budapest, 1985, M\u00fazs\u00e1k.<\/span><br \/>\n<span style=\"font-family: Arial;\">Varga A. T. \u2013 Vercseg I.:\u00a0<\/span><i><span style=\"font-family: Arial;\">K\u00f6z\u00f6ss\u00e9gfejleszt\u00e9s<\/span><\/i><span style=\"font-family: Arial;\">. Budapest, 1998, Magyar M\u0171vel\u0151d\u00e9si Int\u00e9zet.<\/span><\/p>\n","protected":false},"excerpt":{"rendered":"<p>A dichot\u00f3mi\u00e1ba \u00e1ll\u00edt\u00e1s azt sugallja, hogy m\u00e1s az eszme \u00e9s m\u00e1s a val\u00f3s\u00e1g. A c\u00edm meghat\u00e1roz\u00f3 t\u00e1vols\u00e1got \u00e9rz\u00e9keltet az \u00e9rtelmis\u00e9gi ide\u00e1k \u00e9s a helyi sz\u00fcks\u00e9gletek k\u00f6z\u00f6tt. Azt \u00e1ll\u00edtja tov\u00e1bb\u00e1 ez a c\u00edm, hogy\u00a0vannak, l\u00e9teznek\u00a0\u00e9rtelmis\u00e9gi ide\u00e1k \u00e9s vannak, l\u00e9teznek helyi sz\u00fcks\u00e9gletek, vagyis az \u00e9rtelmis\u00e9gi ide\u00e1k nem t\u0171ntek el a t\u00f6rt\u00e9nelem s\u00fcllyeszt\u0151j\u00e9ben, s\u0151t, \u00fajak is keletkeztek-keletkeznek, s [&hellip;]<\/p>\n","protected":false},"author":16,"featured_media":0,"comment_status":"open","ping_status":"open","sticky":false,"template":"","format":"standard","meta":{"_acf_changed":false,"footnotes":""},"categories":[382,8,7],"tags":[],"coauthors":[21],"class_list":["post-5358","post","type-post","status-publish","format-standard","hentry","category-parola-2009-3","category-parola-folyoirat","category-repertorium"],"acf":[],"yoast_head":"<!-- This site is optimized with the Yoast SEO plugin v26.7 - https:\/\/yoast.com\/wordpress\/plugins\/seo\/ -->\n<title>\u00c9RTELMIS\u00c9GI IDE\u00c1K \u00c9S HELYI SZ\u00dcKS\u00c9GLETEK \u2013 A k\u00f6z\u00f6ss\u00e9gfejleszt\u00e9s j\u00f6v\u0151je A Civil K\u00f6z\u00f6ss\u00e9gek H\u00e1z\u00e1ban, P\u00e9csett 2009. m\u00e1jus 7-\u00e9n elhangzott el\u0151ad\u00e1s \u00edr\u00e1sos v\u00e1ltozata - Parola Foly\u00f3irat<\/title>\n<meta name=\"robots\" content=\"index, follow, max-snippet:-1, max-image-preview:large, max-video-preview:-1\" \/>\n<link rel=\"canonical\" href=\"https:\/\/kofe.hu\/parola\/parola-folyoirat\/ertelmisegi-ideak-es-helyi-szuksegletek-a-kozossegfejlesztes-jovoje-a-civil-kozossegek-hazaban-pecsett-2009-majus-7-en-elhangzott-eloadas-irasos-valtozata\/\" \/>\n<meta property=\"og:locale\" content=\"hu_HU\" \/>\n<meta property=\"og:type\" content=\"article\" \/>\n<meta property=\"og:title\" content=\"\u00c9RTELMIS\u00c9GI IDE\u00c1K \u00c9S HELYI SZ\u00dcKS\u00c9GLETEK \u2013 A k\u00f6z\u00f6ss\u00e9gfejleszt\u00e9s j\u00f6v\u0151je A Civil K\u00f6z\u00f6ss\u00e9gek H\u00e1z\u00e1ban, P\u00e9csett 2009. m\u00e1jus 7-\u00e9n elhangzott el\u0151ad\u00e1s \u00edr\u00e1sos v\u00e1ltozata - Parola Foly\u00f3irat\" \/>\n<meta property=\"og:description\" content=\"A dichot\u00f3mi\u00e1ba \u00e1ll\u00edt\u00e1s azt sugallja, hogy m\u00e1s az eszme \u00e9s m\u00e1s a val\u00f3s\u00e1g. A c\u00edm meghat\u00e1roz\u00f3 t\u00e1vols\u00e1got \u00e9rz\u00e9keltet az \u00e9rtelmis\u00e9gi ide\u00e1k \u00e9s a helyi sz\u00fcks\u00e9gletek k\u00f6z\u00f6tt. Azt \u00e1ll\u00edtja tov\u00e1bb\u00e1 ez a c\u00edm, hogy\u00a0vannak, l\u00e9teznek\u00a0\u00e9rtelmis\u00e9gi ide\u00e1k \u00e9s vannak, l\u00e9teznek helyi sz\u00fcks\u00e9gletek, vagyis az \u00e9rtelmis\u00e9gi ide\u00e1k nem t\u0171ntek el a t\u00f6rt\u00e9nelem s\u00fcllyeszt\u0151j\u00e9ben, s\u0151t, \u00fajak is keletkeztek-keletkeznek, s [&hellip;]\" \/>\n<meta property=\"og:url\" content=\"https:\/\/kofe.hu\/parola\/parola-folyoirat\/ertelmisegi-ideak-es-helyi-szuksegletek-a-kozossegfejlesztes-jovoje-a-civil-kozossegek-hazaban-pecsett-2009-majus-7-en-elhangzott-eloadas-irasos-valtozata\/\" \/>\n<meta property=\"og:site_name\" content=\"Parola Foly\u00f3irat\" \/>\n<meta property=\"article:published_time\" content=\"2020-08-04T17:00:25+00:00\" \/>\n<meta name=\"author\" content=\"Vercseg Ilona\" \/>\n<meta name=\"twitter:card\" content=\"summary_large_image\" \/>\n<meta name=\"twitter:label1\" content=\"Szerz\u0151:\" \/>\n\t<meta name=\"twitter:data1\" content=\"Vercseg Ilona\" \/>\n\t<meta name=\"twitter:label2\" content=\"Becs\u00fclt olvas\u00e1si id\u0151\" \/>\n\t<meta name=\"twitter:data2\" content=\"22 perc\" \/>\n\t<meta name=\"twitter:label3\" content=\"Written by\" \/>\n\t<meta name=\"twitter:data3\" content=\"Vercseg Ilona\" \/>\n<script type=\"application\/ld+json\" class=\"yoast-schema-graph\">{\"@context\":\"https:\/\/schema.org\",\"@graph\":[{\"@type\":\"Article\",\"@id\":\"https:\/\/kofe.hu\/parola\/parola-folyoirat\/ertelmisegi-ideak-es-helyi-szuksegletek-a-kozossegfejlesztes-jovoje-a-civil-kozossegek-hazaban-pecsett-2009-majus-7-en-elhangzott-eloadas-irasos-valtozata\/#article\",\"isPartOf\":{\"@id\":\"https:\/\/kofe.hu\/parola\/parola-folyoirat\/ertelmisegi-ideak-es-helyi-szuksegletek-a-kozossegfejlesztes-jovoje-a-civil-kozossegek-hazaban-pecsett-2009-majus-7-en-elhangzott-eloadas-irasos-valtozata\/\"},\"author\":{\"name\":\"Vercseg Ilona\",\"@id\":\"https:\/\/kofe.hu\/parola\/#\/schema\/person\/a53b1ec59d5e50541cf361a8ca24bc81\"},\"headline\":\"\u00c9RTELMIS\u00c9GI IDE\u00c1K \u00c9S HELYI SZ\u00dcKS\u00c9GLETEK \u2013 A k\u00f6z\u00f6ss\u00e9gfejleszt\u00e9s j\u00f6v\u0151je A Civil K\u00f6z\u00f6ss\u00e9gek H\u00e1z\u00e1ban, P\u00e9csett 2009. m\u00e1jus 7-\u00e9n elhangzott el\u0151ad\u00e1s \u00edr\u00e1sos v\u00e1ltozata\",\"datePublished\":\"2020-08-04T17:00:25+00:00\",\"mainEntityOfPage\":{\"@id\":\"https:\/\/kofe.hu\/parola\/parola-folyoirat\/ertelmisegi-ideak-es-helyi-szuksegletek-a-kozossegfejlesztes-jovoje-a-civil-kozossegek-hazaban-pecsett-2009-majus-7-en-elhangzott-eloadas-irasos-valtozata\/\"},\"wordCount\":4486,\"commentCount\":0,\"articleSection\":[\"Parola 2009\/3\",\"Parola Foly\u00f3irat\",\"Repert\u00f3rium\"],\"inLanguage\":\"hu\",\"potentialAction\":[{\"@type\":\"CommentAction\",\"name\":\"Comment\",\"target\":[\"https:\/\/kofe.hu\/parola\/parola-folyoirat\/ertelmisegi-ideak-es-helyi-szuksegletek-a-kozossegfejlesztes-jovoje-a-civil-kozossegek-hazaban-pecsett-2009-majus-7-en-elhangzott-eloadas-irasos-valtozata\/#respond\"]}]},{\"@type\":\"WebPage\",\"@id\":\"https:\/\/kofe.hu\/parola\/parola-folyoirat\/ertelmisegi-ideak-es-helyi-szuksegletek-a-kozossegfejlesztes-jovoje-a-civil-kozossegek-hazaban-pecsett-2009-majus-7-en-elhangzott-eloadas-irasos-valtozata\/\",\"url\":\"https:\/\/kofe.hu\/parola\/parola-folyoirat\/ertelmisegi-ideak-es-helyi-szuksegletek-a-kozossegfejlesztes-jovoje-a-civil-kozossegek-hazaban-pecsett-2009-majus-7-en-elhangzott-eloadas-irasos-valtozata\/\",\"name\":\"\u00c9RTELMIS\u00c9GI IDE\u00c1K \u00c9S HELYI SZ\u00dcKS\u00c9GLETEK \u2013 A k\u00f6z\u00f6ss\u00e9gfejleszt\u00e9s j\u00f6v\u0151je A Civil K\u00f6z\u00f6ss\u00e9gek H\u00e1z\u00e1ban, P\u00e9csett 2009. m\u00e1jus 7-\u00e9n elhangzott el\u0151ad\u00e1s \u00edr\u00e1sos v\u00e1ltozata - Parola Foly\u00f3irat\",\"isPartOf\":{\"@id\":\"https:\/\/kofe.hu\/parola\/#website\"},\"datePublished\":\"2020-08-04T17:00:25+00:00\",\"author\":{\"@id\":\"https:\/\/kofe.hu\/parola\/#\/schema\/person\/a53b1ec59d5e50541cf361a8ca24bc81\"},\"breadcrumb\":{\"@id\":\"https:\/\/kofe.hu\/parola\/parola-folyoirat\/ertelmisegi-ideak-es-helyi-szuksegletek-a-kozossegfejlesztes-jovoje-a-civil-kozossegek-hazaban-pecsett-2009-majus-7-en-elhangzott-eloadas-irasos-valtozata\/#breadcrumb\"},\"inLanguage\":\"hu\",\"potentialAction\":[{\"@type\":\"ReadAction\",\"target\":[\"https:\/\/kofe.hu\/parola\/parola-folyoirat\/ertelmisegi-ideak-es-helyi-szuksegletek-a-kozossegfejlesztes-jovoje-a-civil-kozossegek-hazaban-pecsett-2009-majus-7-en-elhangzott-eloadas-irasos-valtozata\/\"]}]},{\"@type\":\"BreadcrumbList\",\"@id\":\"https:\/\/kofe.hu\/parola\/parola-folyoirat\/ertelmisegi-ideak-es-helyi-szuksegletek-a-kozossegfejlesztes-jovoje-a-civil-kozossegek-hazaban-pecsett-2009-majus-7-en-elhangzott-eloadas-irasos-valtozata\/#breadcrumb\",\"itemListElement\":[{\"@type\":\"ListItem\",\"position\":1,\"name\":\"Home\",\"item\":\"https:\/\/kofe.hu\/parola\/\"},{\"@type\":\"ListItem\",\"position\":2,\"name\":\"\u00c9RTELMIS\u00c9GI IDE\u00c1K \u00c9S HELYI SZ\u00dcKS\u00c9GLETEK \u2013 A k\u00f6z\u00f6ss\u00e9gfejleszt\u00e9s j\u00f6v\u0151je A Civil K\u00f6z\u00f6ss\u00e9gek H\u00e1z\u00e1ban, P\u00e9csett 2009. m\u00e1jus 7-\u00e9n elhangzott el\u0151ad\u00e1s \u00edr\u00e1sos v\u00e1ltozata\"}]},{\"@type\":\"WebSite\",\"@id\":\"https:\/\/kofe.hu\/parola\/#website\",\"url\":\"https:\/\/kofe.hu\/parola\/\",\"name\":\"Parola Foly\u00f3irat\",\"description\":\"\",\"potentialAction\":[{\"@type\":\"SearchAction\",\"target\":{\"@type\":\"EntryPoint\",\"urlTemplate\":\"https:\/\/kofe.hu\/parola\/?s={search_term_string}\"},\"query-input\":{\"@type\":\"PropertyValueSpecification\",\"valueRequired\":true,\"valueName\":\"search_term_string\"}}],\"inLanguage\":\"hu\"},{\"@type\":\"Person\",\"@id\":\"https:\/\/kofe.hu\/parola\/#\/schema\/person\/a53b1ec59d5e50541cf361a8ca24bc81\",\"name\":\"Vercseg Ilona\",\"image\":{\"@type\":\"ImageObject\",\"inLanguage\":\"hu\",\"@id\":\"https:\/\/kofe.hu\/parola\/#\/schema\/person\/image\/fae1a4bd5dc421c3e09d0b889ef311f4\",\"url\":\"https:\/\/secure.gravatar.com\/avatar\/721c3be425f40f7ccc756f5b124920edaef51708f25b0975485fb5b2fa1e3c72?s=96&d=mm&r=g\",\"contentUrl\":\"https:\/\/secure.gravatar.com\/avatar\/721c3be425f40f7ccc756f5b124920edaef51708f25b0975485fb5b2fa1e3c72?s=96&d=mm&r=g\",\"caption\":\"Vercseg Ilona\"},\"url\":\"https:\/\/kofe.hu\/parola\/szerzok\/vercseg-ilona\/\"}]}<\/script>\n<!-- \/ Yoast SEO plugin. -->","yoast_head_json":{"title":"\u00c9RTELMIS\u00c9GI IDE\u00c1K \u00c9S HELYI SZ\u00dcKS\u00c9GLETEK \u2013 A k\u00f6z\u00f6ss\u00e9gfejleszt\u00e9s j\u00f6v\u0151je A Civil K\u00f6z\u00f6ss\u00e9gek H\u00e1z\u00e1ban, P\u00e9csett 2009. m\u00e1jus 7-\u00e9n elhangzott el\u0151ad\u00e1s \u00edr\u00e1sos v\u00e1ltozata - Parola Foly\u00f3irat","robots":{"index":"index","follow":"follow","max-snippet":"max-snippet:-1","max-image-preview":"max-image-preview:large","max-video-preview":"max-video-preview:-1"},"canonical":"https:\/\/kofe.hu\/parola\/parola-folyoirat\/ertelmisegi-ideak-es-helyi-szuksegletek-a-kozossegfejlesztes-jovoje-a-civil-kozossegek-hazaban-pecsett-2009-majus-7-en-elhangzott-eloadas-irasos-valtozata\/","og_locale":"hu_HU","og_type":"article","og_title":"\u00c9RTELMIS\u00c9GI IDE\u00c1K \u00c9S HELYI SZ\u00dcKS\u00c9GLETEK \u2013 A k\u00f6z\u00f6ss\u00e9gfejleszt\u00e9s j\u00f6v\u0151je A Civil K\u00f6z\u00f6ss\u00e9gek H\u00e1z\u00e1ban, P\u00e9csett 2009. m\u00e1jus 7-\u00e9n elhangzott el\u0151ad\u00e1s \u00edr\u00e1sos v\u00e1ltozata - Parola Foly\u00f3irat","og_description":"A dichot\u00f3mi\u00e1ba \u00e1ll\u00edt\u00e1s azt sugallja, hogy m\u00e1s az eszme \u00e9s m\u00e1s a val\u00f3s\u00e1g. A c\u00edm meghat\u00e1roz\u00f3 t\u00e1vols\u00e1got \u00e9rz\u00e9keltet az \u00e9rtelmis\u00e9gi ide\u00e1k \u00e9s a helyi sz\u00fcks\u00e9gletek k\u00f6z\u00f6tt. Azt \u00e1ll\u00edtja tov\u00e1bb\u00e1 ez a c\u00edm, hogy\u00a0vannak, l\u00e9teznek\u00a0\u00e9rtelmis\u00e9gi ide\u00e1k \u00e9s vannak, l\u00e9teznek helyi sz\u00fcks\u00e9gletek, vagyis az \u00e9rtelmis\u00e9gi ide\u00e1k nem t\u0171ntek el a t\u00f6rt\u00e9nelem s\u00fcllyeszt\u0151j\u00e9ben, s\u0151t, \u00fajak is keletkeztek-keletkeznek, s [&hellip;]","og_url":"https:\/\/kofe.hu\/parola\/parola-folyoirat\/ertelmisegi-ideak-es-helyi-szuksegletek-a-kozossegfejlesztes-jovoje-a-civil-kozossegek-hazaban-pecsett-2009-majus-7-en-elhangzott-eloadas-irasos-valtozata\/","og_site_name":"Parola Foly\u00f3irat","article_published_time":"2020-08-04T17:00:25+00:00","author":"Vercseg Ilona","twitter_card":"summary_large_image","twitter_misc":{"Szerz\u0151:":"Vercseg Ilona","Becs\u00fclt olvas\u00e1si id\u0151":"22 perc","Written by":"Vercseg Ilona"},"schema":{"@context":"https:\/\/schema.org","@graph":[{"@type":"Article","@id":"https:\/\/kofe.hu\/parola\/parola-folyoirat\/ertelmisegi-ideak-es-helyi-szuksegletek-a-kozossegfejlesztes-jovoje-a-civil-kozossegek-hazaban-pecsett-2009-majus-7-en-elhangzott-eloadas-irasos-valtozata\/#article","isPartOf":{"@id":"https:\/\/kofe.hu\/parola\/parola-folyoirat\/ertelmisegi-ideak-es-helyi-szuksegletek-a-kozossegfejlesztes-jovoje-a-civil-kozossegek-hazaban-pecsett-2009-majus-7-en-elhangzott-eloadas-irasos-valtozata\/"},"author":{"name":"Vercseg Ilona","@id":"https:\/\/kofe.hu\/parola\/#\/schema\/person\/a53b1ec59d5e50541cf361a8ca24bc81"},"headline":"\u00c9RTELMIS\u00c9GI IDE\u00c1K \u00c9S HELYI SZ\u00dcKS\u00c9GLETEK \u2013 A k\u00f6z\u00f6ss\u00e9gfejleszt\u00e9s j\u00f6v\u0151je A Civil K\u00f6z\u00f6ss\u00e9gek H\u00e1z\u00e1ban, P\u00e9csett 2009. m\u00e1jus 7-\u00e9n elhangzott el\u0151ad\u00e1s \u00edr\u00e1sos v\u00e1ltozata","datePublished":"2020-08-04T17:00:25+00:00","mainEntityOfPage":{"@id":"https:\/\/kofe.hu\/parola\/parola-folyoirat\/ertelmisegi-ideak-es-helyi-szuksegletek-a-kozossegfejlesztes-jovoje-a-civil-kozossegek-hazaban-pecsett-2009-majus-7-en-elhangzott-eloadas-irasos-valtozata\/"},"wordCount":4486,"commentCount":0,"articleSection":["Parola 2009\/3","Parola Foly\u00f3irat","Repert\u00f3rium"],"inLanguage":"hu","potentialAction":[{"@type":"CommentAction","name":"Comment","target":["https:\/\/kofe.hu\/parola\/parola-folyoirat\/ertelmisegi-ideak-es-helyi-szuksegletek-a-kozossegfejlesztes-jovoje-a-civil-kozossegek-hazaban-pecsett-2009-majus-7-en-elhangzott-eloadas-irasos-valtozata\/#respond"]}]},{"@type":"WebPage","@id":"https:\/\/kofe.hu\/parola\/parola-folyoirat\/ertelmisegi-ideak-es-helyi-szuksegletek-a-kozossegfejlesztes-jovoje-a-civil-kozossegek-hazaban-pecsett-2009-majus-7-en-elhangzott-eloadas-irasos-valtozata\/","url":"https:\/\/kofe.hu\/parola\/parola-folyoirat\/ertelmisegi-ideak-es-helyi-szuksegletek-a-kozossegfejlesztes-jovoje-a-civil-kozossegek-hazaban-pecsett-2009-majus-7-en-elhangzott-eloadas-irasos-valtozata\/","name":"\u00c9RTELMIS\u00c9GI IDE\u00c1K \u00c9S HELYI SZ\u00dcKS\u00c9GLETEK \u2013 A k\u00f6z\u00f6ss\u00e9gfejleszt\u00e9s j\u00f6v\u0151je A Civil K\u00f6z\u00f6ss\u00e9gek H\u00e1z\u00e1ban, P\u00e9csett 2009. m\u00e1jus 7-\u00e9n elhangzott el\u0151ad\u00e1s \u00edr\u00e1sos v\u00e1ltozata - Parola Foly\u00f3irat","isPartOf":{"@id":"https:\/\/kofe.hu\/parola\/#website"},"datePublished":"2020-08-04T17:00:25+00:00","author":{"@id":"https:\/\/kofe.hu\/parola\/#\/schema\/person\/a53b1ec59d5e50541cf361a8ca24bc81"},"breadcrumb":{"@id":"https:\/\/kofe.hu\/parola\/parola-folyoirat\/ertelmisegi-ideak-es-helyi-szuksegletek-a-kozossegfejlesztes-jovoje-a-civil-kozossegek-hazaban-pecsett-2009-majus-7-en-elhangzott-eloadas-irasos-valtozata\/#breadcrumb"},"inLanguage":"hu","potentialAction":[{"@type":"ReadAction","target":["https:\/\/kofe.hu\/parola\/parola-folyoirat\/ertelmisegi-ideak-es-helyi-szuksegletek-a-kozossegfejlesztes-jovoje-a-civil-kozossegek-hazaban-pecsett-2009-majus-7-en-elhangzott-eloadas-irasos-valtozata\/"]}]},{"@type":"BreadcrumbList","@id":"https:\/\/kofe.hu\/parola\/parola-folyoirat\/ertelmisegi-ideak-es-helyi-szuksegletek-a-kozossegfejlesztes-jovoje-a-civil-kozossegek-hazaban-pecsett-2009-majus-7-en-elhangzott-eloadas-irasos-valtozata\/#breadcrumb","itemListElement":[{"@type":"ListItem","position":1,"name":"Home","item":"https:\/\/kofe.hu\/parola\/"},{"@type":"ListItem","position":2,"name":"\u00c9RTELMIS\u00c9GI IDE\u00c1K \u00c9S HELYI SZ\u00dcKS\u00c9GLETEK \u2013 A k\u00f6z\u00f6ss\u00e9gfejleszt\u00e9s j\u00f6v\u0151je A Civil K\u00f6z\u00f6ss\u00e9gek H\u00e1z\u00e1ban, P\u00e9csett 2009. m\u00e1jus 7-\u00e9n elhangzott el\u0151ad\u00e1s \u00edr\u00e1sos v\u00e1ltozata"}]},{"@type":"WebSite","@id":"https:\/\/kofe.hu\/parola\/#website","url":"https:\/\/kofe.hu\/parola\/","name":"Parola Foly\u00f3irat","description":"","potentialAction":[{"@type":"SearchAction","target":{"@type":"EntryPoint","urlTemplate":"https:\/\/kofe.hu\/parola\/?s={search_term_string}"},"query-input":{"@type":"PropertyValueSpecification","valueRequired":true,"valueName":"search_term_string"}}],"inLanguage":"hu"},{"@type":"Person","@id":"https:\/\/kofe.hu\/parola\/#\/schema\/person\/a53b1ec59d5e50541cf361a8ca24bc81","name":"Vercseg Ilona","image":{"@type":"ImageObject","inLanguage":"hu","@id":"https:\/\/kofe.hu\/parola\/#\/schema\/person\/image\/fae1a4bd5dc421c3e09d0b889ef311f4","url":"https:\/\/secure.gravatar.com\/avatar\/721c3be425f40f7ccc756f5b124920edaef51708f25b0975485fb5b2fa1e3c72?s=96&d=mm&r=g","contentUrl":"https:\/\/secure.gravatar.com\/avatar\/721c3be425f40f7ccc756f5b124920edaef51708f25b0975485fb5b2fa1e3c72?s=96&d=mm&r=g","caption":"Vercseg Ilona"},"url":"https:\/\/kofe.hu\/parola\/szerzok\/vercseg-ilona\/"}]}},"_links":{"self":[{"href":"https:\/\/kofe.hu\/parola\/wp-json\/wp\/v2\/posts\/5358","targetHints":{"allow":["GET"]}}],"collection":[{"href":"https:\/\/kofe.hu\/parola\/wp-json\/wp\/v2\/posts"}],"about":[{"href":"https:\/\/kofe.hu\/parola\/wp-json\/wp\/v2\/types\/post"}],"author":[{"embeddable":true,"href":"https:\/\/kofe.hu\/parola\/wp-json\/wp\/v2\/users\/16"}],"replies":[{"embeddable":true,"href":"https:\/\/kofe.hu\/parola\/wp-json\/wp\/v2\/comments?post=5358"}],"version-history":[{"count":1,"href":"https:\/\/kofe.hu\/parola\/wp-json\/wp\/v2\/posts\/5358\/revisions"}],"predecessor-version":[{"id":5359,"href":"https:\/\/kofe.hu\/parola\/wp-json\/wp\/v2\/posts\/5358\/revisions\/5359"}],"wp:attachment":[{"href":"https:\/\/kofe.hu\/parola\/wp-json\/wp\/v2\/media?parent=5358"}],"wp:term":[{"taxonomy":"category","embeddable":true,"href":"https:\/\/kofe.hu\/parola\/wp-json\/wp\/v2\/categories?post=5358"},{"taxonomy":"post_tag","embeddable":true,"href":"https:\/\/kofe.hu\/parola\/wp-json\/wp\/v2\/tags?post=5358"},{"taxonomy":"author","embeddable":true,"href":"https:\/\/kofe.hu\/parola\/wp-json\/wp\/v2\/coauthors?post=5358"}],"curies":[{"name":"wp","href":"https:\/\/api.w.org\/{rel}","templated":true}]}}