{"id":5322,"date":"2020-08-04T15:59:25","date_gmt":"2020-08-04T15:59:25","guid":{"rendered":"https:\/\/kofe.hu\/parola\/?p=5322"},"modified":"2020-08-04T15:59:25","modified_gmt":"2020-08-04T15:59:25","slug":"zalai-falvakert","status":"publish","type":"post","link":"https:\/\/kofe.hu\/parola\/parola-folyoirat\/zalai-falvakert\/","title":{"rendered":"Zalai falvak\u00e9rt"},"content":{"rendered":"<p style=\"text-align: justify;\"><b><span style=\"font-family: Times New Roman CE;\">A Zalai Falvak\u00e9rt Egyes\u00fclet telep\u00fcl\u00e9si \u00f6nkorm\u00e1nyzatok, kist\u00e9rs\u00e9gi t\u00e1rsul\u00e1sok, civil szervezetek, int\u00e9zm\u00e9nyek<\/span><\/b><br \/>\n<b><span style=\"font-family: Times New Roman CE;\">\u00e9s mag\u00e1nszem\u00e9lyek egyes\u00fclete<\/span><\/b><\/p>\n<p><b><span style=\"font-family: Times New Roman CE;\">A megalakul\u00e1sr\u00f3l<\/span><\/b><br \/>\n<!--more--><br \/>\n<span style=\"font-family: Times New Roman CE;\">Zala megye jellegzetesen apr\u00f3falvas telep\u00fcl\u00e9sszerkezet\u0171 megye. A megye 257 telep\u00fcl\u00e9s\u00e9b\u0151l 250 falu, nagyobb r\u00e9sz\u00fck 500 l\u00e9leksz\u00e1m alatti.<\/span><br \/>\n<span style=\"font-family: Times New Roman CE;\">A volt sz\u00e9khely \u00e9s t\u00e1rsk\u00f6zs\u00e9gi megosztotts\u00e1g szinte teljesen felsz\u00e1molta az egy\u00e9bk\u00e9nt term\u00e9szetszer\u0171leg \u00f6sszetartoz\u00f3 \u00e9s egym\u00e1sra utalt telep\u00fcl\u00e9sek k\u00f6z\u00f6tti egy\u00fcttm\u0171k\u00f6d\u00e9st, sok esetben egym\u00e1s ellen ford\u00edtotta a falvakat.<\/span><br \/>\n<span style=\"font-family: Times New Roman CE;\">Ebben a helyzetben, 1990-ben alakult meg a Zalai Falvak\u00e9rt Egyes\u00fclet a zalai falvak \u00e9rdekeinek v\u00e9delm\u00e9re, illetve a telep\u00fcl\u00e9s- \u00e9s t\u00e9rs\u00e9gfejleszt\u00e9s seg\u00edt\u00e9se c\u00e9lj\u00e1b\u00f3l.<\/span><br \/>\n<span style=\"font-family: Times New Roman CE;\">1990 v\u00e9g\u00e9n 59 \u00f6nkorm\u00e1nyzat, 19 m\u00e1s jogi szem\u00e9ly (egyes\u00fclet, alap\u00edtv\u00e1ny, m\u0171vel\u0151d\u00e9si h\u00e1z stb.) \u00e9s 16 mag\u00e1nszem\u00e9ly volt tagja az egyes\u00fcletnek.<\/span><br \/>\n<span style=\"font-family: Times New Roman CE;\">M\u00e1ra 117 telep\u00fcl\u00e9si \u00f6nkorm\u00e1nyzat, 4 kist\u00e9rs\u00e9gi t\u00e1rsul\u00e1s, 22 m\u00e1s jogi szem\u00e9ly \u00e9s 37 mag\u00e1nszem\u00e9ly tagja az egyes\u00fcletnek. A k\u00f6zelm\u00faltban l\u00e9trej\u00f6tt az egyes\u00fclet falugondnoki tagozata.<\/span><\/p>\n<p><b><span style=\"font-family: Times New Roman CE;\">Munk\u00e1nk alapelvei<\/span><\/b><br \/>\n<b><\/b><br \/>\n<span style=\"font-family: Times New Roman CE;\">A falvak egyre fokozottabban r\u00e1szorulnak a telep\u00fcl\u00e9sfejleszt\u00e9si inform\u00e1ci\u00f3kra, s min\u00e9l kisebbek, h\u00e1tr\u00e1nyos helyzet\u0171ek, ann\u00e1l ink\u00e1bb. Ugyanakkor a legink\u00e1bb r\u00e1szorul\u00f3k jutnak a legkevesebb megfelel\u0151 inform\u00e1ci\u00f3hoz.<\/span><br \/>\n<span style=\"font-family: Times New Roman CE;\">Az apr\u00f3falvakban sokszor az inform\u00e1ci\u00f3 kezel\u00e9se, helyi el\u0151nny\u00e9 form\u00e1l\u00e1sa is gondot jelent, hi\u00e1nyzik a tapasztalat, a k\u00e9szs\u00e9g.<\/span><br \/>\n<span style=\"font-family: Times New Roman CE;\">Els\u0151sorban nem egyedi telep\u00fcl\u00e9sfejleszt\u00e9sben gondolkodunk, hanem \u00f6sszef\u00fcgg\u0151, egys\u00e9get alkot\u00f3 kist\u00e9rs\u00e9gek, kist\u00e1jak bels\u0151 egy\u00fcttm\u0171k\u00f6d\u00e9s\u00e9nek kibontakoztat\u00e1s\u00e1ra t\u00f6reksz\u00fcnk.<\/span><br \/>\n<span style=\"font-family: Times New Roman CE;\">Az egyes\u00fclet \u2013 szem el\u0151tt tartva a kist\u00e9rs\u00e9gek gazdas\u00e1gfejleszt\u0151 c\u00e9ljait \u2013 seg\u00edt\u0151 tev\u00e9kenys\u00e9g\u00e9t a k\u00f6z\u00f6ss\u00e9gfejleszt\u00e9s eszk\u00f6zeivel v\u00e9gzi.<\/span><\/p>\n<p><b><span style=\"font-family: Times New Roman CE;\">Programjainkkal t\u00e1mogatjuk<\/span><\/b><br \/>\n<b><\/b><br \/>\n<span style=\"font-family: Symbol;\">\u00b7\u00a0<\/span><span style=\"font-family: Times New Roman CE;\">A telep\u00fcl\u00e9si \u00f6nkorm\u00e1nyzatok, kist\u00e9rs\u00e9gi t\u00e1rsul\u00e1sok \u00e9rdek\u00e9rv\u00e9nyes\u00edt\u0151 sz\u00e1nd\u00e9k\u00e1t \u2013 szakmai konzult\u00e1ci\u00f3k, tapasztalatcser\u00e9k, el\u0151ad\u00e1sok \u00e9s konzult\u00e1ci\u00f3k szervez\u00e9s\u00e9vel.<\/span><br \/>\n<span style=\"font-family: Symbol;\">\u00b7\u00a0<\/span><span style=\"font-family: Times New Roman CE;\">\u00d6nkorm\u00e1nyzatok, civil szervezetek \u00e9s a helyi lakoss\u00e1g k\u00f6z\u00f6tti p\u00e1rbesz\u00e9d \u00e9s egy\u00fcttm\u0171k\u00f6d\u00e9s kialak\u00edt\u00e1s\u00e1t.<\/span><br \/>\n<span style=\"font-family: Symbol;\">\u00b7\u00a0<\/span><span style=\"font-family: Times New Roman CE;\">A megyei falugondnoki h\u00e1l\u00f3zat ki\u00e9p\u00edt\u00e9s\u00e9t.<\/span><\/p>\n<p><b><span style=\"font-family: Times New Roman CE;\">Seg\u00edt\u00fcnk,<\/span><\/b><\/p>\n<p><span style=\"font-family: Symbol;\">\u00b7\u00a0<\/span><span style=\"font-family: Times New Roman CE;\">p\u00e1ly\u00e1zatok elk\u00e9sz\u00edt\u00e9s\u00e9ben,<\/span><br \/>\n<span style=\"font-family: Symbol;\">\u00b7\u00a0<\/span><span style=\"font-family: Times New Roman CE;\">fejleszt\u00e9si forr\u00e1sok felkutat\u00e1s\u00e1ban,<\/span><br \/>\n<span style=\"font-family: Symbol;\">\u00b7\u00a0<\/span><span style=\"font-family: Times New Roman CE;\">civil szervezetek l\u00e9trehoz\u00e1s\u00e1ban, tan\u00e1csot adunk azok m\u0171k\u00f6d\u00e9s\u00e9hez,<\/span><br \/>\n<span style=\"font-family: Symbol;\">\u00b7\u00a0<\/span><span style=\"font-family: Times New Roman CE;\">alap\u00edtv\u00e1nyok, egyes\u00fcletek okirat\u00e1nak elk\u00e9sz\u00edt\u00e9s\u00e9ben,<\/span><br \/>\n<span style=\"font-family: Symbol;\">\u00b7\u00a0<\/span><span style=\"font-family: Times New Roman CE;\">kist\u00e9rs\u00e9gi t\u00e1rsul\u00e1sok egy\u00fcttm\u0171k\u00f6d\u00e9s\u00e9ben, k\u00fcls\u0151 \u00e9s bels\u0151 kapcsolatrendszer\u00e9nek ki\u00e9p\u00edt\u00e9s\u00e9ben,<\/span><br \/>\n<span style=\"font-family: Symbol;\">\u00b7\u00a0<\/span><span style=\"font-family: Times New Roman CE;\">a falugondnoki szolg\u00e1latok kialak\u00edt\u00e1s\u00e1ban,<\/span><br \/>\n<span style=\"font-family: Symbol;\">\u00b7\u00a0<\/span><span style=\"font-family: Times New Roman CE;\">tanfolyamok, \u00e1tk\u00e9pz\u00e9sek, n\u00e9pf\u0151iskolai kurzusok szervez\u00e9s\u00e9ben, el\u0151ad\u00f3k felkutat\u00e1s\u00e1ban,<\/span><br \/>\n<span style=\"font-family: Symbol;\">\u00b7\u00a0<\/span><span style=\"font-family: Times New Roman CE;\">helyi orsz\u00e1gos \u00e9s nemzetk\u00f6zi vid\u00e9kfejleszt\u00e9si tapasztalatok, inform\u00e1ci\u00f3k \u00e9s p\u00e1ly\u00e1zati lehet\u0151s\u00e9gek a ZALAI FALU has\u00e1bjain, az egyes\u00fclet hivatalos lapj\u00e1ban.<\/span><\/p>\n<p><b><span style=\"font-family: Times New Roman CE;\">Kapcsolatfelv\u00e9tel:<\/span><\/b><\/p>\n<p><span style=\"font-family: Times New Roman CE;\">A Zalai Falvak\u00e9rt Egyes\u00fclet szolg\u00e1ltat\u00f3 \u00e9s inform\u00e1ci\u00f3s irod\u00e1t m\u0171k\u00f6dtet t\u00f6bb m\u00e1s civil szervezettel k\u00f6z\u00f6sen, ahol naponta \u00e1llunk az \u00e9rdekl\u0151d\u0151k rendelkez\u00e9s\u00e9re.<\/span><\/p>\n<p><span style=\"font-family: Times New Roman CE;\">El\u00e9rhet minket telefonon, amelyhez \u00fczenetr\u00f6gz\u00edt\u0151 \u00e9s fax is kapcsol\u00f3dik.<\/span><br \/>\n<span style=\"font-family: Times New Roman CE;\">92\/324-117<\/span><\/p>\n<p><span style=\"font-family: Times New Roman CE;\">A megyeh\u00e1za k\u00f6zponti sz\u00e1m\u00e1n is h\u00edvhat\u00f3 irod\u00e1nk: 92\/311-010 mell\u00e9k: 204<\/span><\/p>\n<p><b><span style=\"font-family: Times New Roman CE;\">C\u00edm\u00fcnk:<\/span><\/b><br \/>\n<span style=\"font-family: Times New Roman CE;\">Zalai Falvak\u00e9rt Egyes\u00fclet<\/span><br \/>\n<span style=\"font-family: Times New Roman CE;\">8900 Zalaegerszeg, Kosztol\u00e1nyi \u00fat 10.<\/span><\/p>\n<p><b><span style=\"font-family: Times New Roman CE;\">A Zalai Falvak\u00e9rt Egyes\u00fclet eln\u00f6ke:<\/span><\/b><br \/>\n<span style=\"font-family: Times New Roman CE;\">Guitprechtn\u00e9 Moln\u00e1r Erzs\u00e9bet<\/span><br \/>\n<span style=\"font-family: Times New Roman CE;\">T\u00fcrje polg\u00e1rmester asszonya<\/span><br \/>\n<span style=\"font-family: Times New Roman CE;\">Tel: 83\/356-985<\/span><\/p>\n<p><span style=\"font-family: Times New Roman CE;\">Az egyes\u00fclet irodavezet\u0151 titk\u00e1ra:<\/span><br \/>\n<span style=\"font-family: Times New Roman CE;\">Szeder Tiborn\u00e9 Kummer M\u00e1ria<\/span><br \/>\n<span style=\"font-family: Times New Roman CE;\">Tel.\/Fax: 92\/324-117<\/span><\/p>\n","protected":false},"excerpt":{"rendered":"<p>A Zalai Falvak\u00e9rt Egyes\u00fclet telep\u00fcl\u00e9si \u00f6nkorm\u00e1nyzatok, kist\u00e9rs\u00e9gi t\u00e1rsul\u00e1sok, civil szervezetek, int\u00e9zm\u00e9nyek \u00e9s mag\u00e1nszem\u00e9lyek egyes\u00fclete A megalakul\u00e1sr\u00f3l<\/p>\n","protected":false},"author":517,"featured_media":0,"comment_status":"open","ping_status":"open","sticky":false,"template":"","format":"standard","meta":{"_acf_changed":false,"footnotes":""},"categories":[418,8,7],"tags":[],"coauthors":[683],"class_list":["post-5322","post","type-post","status-publish","format-standard","hentry","category-parola-1997-1","category-parola-folyoirat","category-repertorium"],"acf":[],"yoast_head":"<!-- This site is optimized with the Yoast SEO plugin v26.7 - https:\/\/yoast.com\/wordpress\/plugins\/seo\/ -->\n<title>Zalai falvak\u00e9rt - Parola Foly\u00f3irat<\/title>\n<meta name=\"robots\" content=\"index, follow, max-snippet:-1, max-image-preview:large, max-video-preview:-1\" \/>\n<link rel=\"canonical\" href=\"https:\/\/kofe.hu\/parola\/parola-folyoirat\/zalai-falvakert\/\" \/>\n<meta property=\"og:locale\" content=\"hu_HU\" \/>\n<meta property=\"og:type\" content=\"article\" \/>\n<meta property=\"og:title\" content=\"Zalai falvak\u00e9rt - Parola Foly\u00f3irat\" \/>\n<meta property=\"og:description\" content=\"A Zalai Falvak\u00e9rt Egyes\u00fclet telep\u00fcl\u00e9si \u00f6nkorm\u00e1nyzatok, kist\u00e9rs\u00e9gi t\u00e1rsul\u00e1sok, civil szervezetek, int\u00e9zm\u00e9nyek \u00e9s mag\u00e1nszem\u00e9lyek egyes\u00fclete A megalakul\u00e1sr\u00f3l\" \/>\n<meta property=\"og:url\" content=\"https:\/\/kofe.hu\/parola\/parola-folyoirat\/zalai-falvakert\/\" \/>\n<meta property=\"og:site_name\" content=\"Parola Foly\u00f3irat\" \/>\n<meta property=\"article:published_time\" content=\"2020-08-04T15:59:25+00:00\" \/>\n<meta name=\"author\" content=\"B\u00e1nlaky P\u00e1l\" \/>\n<meta name=\"twitter:card\" content=\"summary_large_image\" \/>\n<meta name=\"twitter:label1\" content=\"Szerz\u0151:\" \/>\n\t<meta name=\"twitter:data1\" content=\"B\u00e1nlaky P\u00e1l\" \/>\n\t<meta name=\"twitter:label2\" content=\"Becs\u00fclt olvas\u00e1si id\u0151\" \/>\n\t<meta name=\"twitter:data2\" content=\"3 perc\" \/>\n\t<meta name=\"twitter:label3\" content=\"Written by\" \/>\n\t<meta name=\"twitter:data3\" content=\"B\u00e1nlaky P\u00e1l\" \/>\n<script type=\"application\/ld+json\" class=\"yoast-schema-graph\">{\"@context\":\"https:\/\/schema.org\",\"@graph\":[{\"@type\":\"Article\",\"@id\":\"https:\/\/kofe.hu\/parola\/parola-folyoirat\/zalai-falvakert\/#article\",\"isPartOf\":{\"@id\":\"https:\/\/kofe.hu\/parola\/parola-folyoirat\/zalai-falvakert\/\"},\"author\":{\"name\":\"B\u00e1nlaky P\u00e1l\",\"@id\":\"https:\/\/kofe.hu\/parola\/#\/schema\/person\/ac53676da6c8e67b1878995ae4c5eeff\"},\"headline\":\"Zalai falvak\u00e9rt\",\"datePublished\":\"2020-08-04T15:59:25+00:00\",\"mainEntityOfPage\":{\"@id\":\"https:\/\/kofe.hu\/parola\/parola-folyoirat\/zalai-falvakert\/\"},\"wordCount\":659,\"commentCount\":0,\"articleSection\":[\"Parola 1997\/1\",\"Parola Foly\u00f3irat\",\"Repert\u00f3rium\"],\"inLanguage\":\"hu\",\"potentialAction\":[{\"@type\":\"CommentAction\",\"name\":\"Comment\",\"target\":[\"https:\/\/kofe.hu\/parola\/parola-folyoirat\/zalai-falvakert\/#respond\"]}]},{\"@type\":\"WebPage\",\"@id\":\"https:\/\/kofe.hu\/parola\/parola-folyoirat\/zalai-falvakert\/\",\"url\":\"https:\/\/kofe.hu\/parola\/parola-folyoirat\/zalai-falvakert\/\",\"name\":\"Zalai falvak\u00e9rt - Parola Foly\u00f3irat\",\"isPartOf\":{\"@id\":\"https:\/\/kofe.hu\/parola\/#website\"},\"datePublished\":\"2020-08-04T15:59:25+00:00\",\"author\":{\"@id\":\"https:\/\/kofe.hu\/parola\/#\/schema\/person\/ac53676da6c8e67b1878995ae4c5eeff\"},\"breadcrumb\":{\"@id\":\"https:\/\/kofe.hu\/parola\/parola-folyoirat\/zalai-falvakert\/#breadcrumb\"},\"inLanguage\":\"hu\",\"potentialAction\":[{\"@type\":\"ReadAction\",\"target\":[\"https:\/\/kofe.hu\/parola\/parola-folyoirat\/zalai-falvakert\/\"]}]},{\"@type\":\"BreadcrumbList\",\"@id\":\"https:\/\/kofe.hu\/parola\/parola-folyoirat\/zalai-falvakert\/#breadcrumb\",\"itemListElement\":[{\"@type\":\"ListItem\",\"position\":1,\"name\":\"Home\",\"item\":\"https:\/\/kofe.hu\/parola\/\"},{\"@type\":\"ListItem\",\"position\":2,\"name\":\"Zalai falvak\u00e9rt\"}]},{\"@type\":\"WebSite\",\"@id\":\"https:\/\/kofe.hu\/parola\/#website\",\"url\":\"https:\/\/kofe.hu\/parola\/\",\"name\":\"Parola Foly\u00f3irat\",\"description\":\"\",\"potentialAction\":[{\"@type\":\"SearchAction\",\"target\":{\"@type\":\"EntryPoint\",\"urlTemplate\":\"https:\/\/kofe.hu\/parola\/?s={search_term_string}\"},\"query-input\":{\"@type\":\"PropertyValueSpecification\",\"valueRequired\":true,\"valueName\":\"search_term_string\"}}],\"inLanguage\":\"hu\"},{\"@type\":\"Person\",\"@id\":\"https:\/\/kofe.hu\/parola\/#\/schema\/person\/ac53676da6c8e67b1878995ae4c5eeff\",\"name\":\"B\u00e1nlaky P\u00e1l\",\"image\":{\"@type\":\"ImageObject\",\"inLanguage\":\"hu\",\"@id\":\"https:\/\/kofe.hu\/parola\/#\/schema\/person\/image\/ff85d90fd308ca5f88cda4287b01a312\",\"url\":\"https:\/\/secure.gravatar.com\/avatar\/84b67b413a4f9fe4d0900145bba5a9790114177f6884785bcfbcee795ce406a7?s=96&d=mm&r=g\",\"contentUrl\":\"https:\/\/secure.gravatar.com\/avatar\/84b67b413a4f9fe4d0900145bba5a9790114177f6884785bcfbcee795ce406a7?s=96&d=mm&r=g\",\"caption\":\"B\u00e1nlaky P\u00e1l\"},\"url\":\"https:\/\/kofe.hu\/parola\/szerzok\/banlaky-pal\/\"}]}<\/script>\n<!-- \/ Yoast SEO plugin. -->","yoast_head_json":{"title":"Zalai falvak\u00e9rt - Parola Foly\u00f3irat","robots":{"index":"index","follow":"follow","max-snippet":"max-snippet:-1","max-image-preview":"max-image-preview:large","max-video-preview":"max-video-preview:-1"},"canonical":"https:\/\/kofe.hu\/parola\/parola-folyoirat\/zalai-falvakert\/","og_locale":"hu_HU","og_type":"article","og_title":"Zalai falvak\u00e9rt - Parola Foly\u00f3irat","og_description":"A Zalai Falvak\u00e9rt Egyes\u00fclet telep\u00fcl\u00e9si \u00f6nkorm\u00e1nyzatok, kist\u00e9rs\u00e9gi t\u00e1rsul\u00e1sok, civil szervezetek, int\u00e9zm\u00e9nyek \u00e9s mag\u00e1nszem\u00e9lyek egyes\u00fclete A megalakul\u00e1sr\u00f3l","og_url":"https:\/\/kofe.hu\/parola\/parola-folyoirat\/zalai-falvakert\/","og_site_name":"Parola Foly\u00f3irat","article_published_time":"2020-08-04T15:59:25+00:00","author":"B\u00e1nlaky P\u00e1l","twitter_card":"summary_large_image","twitter_misc":{"Szerz\u0151:":"B\u00e1nlaky P\u00e1l","Becs\u00fclt olvas\u00e1si id\u0151":"3 perc","Written by":"B\u00e1nlaky P\u00e1l"},"schema":{"@context":"https:\/\/schema.org","@graph":[{"@type":"Article","@id":"https:\/\/kofe.hu\/parola\/parola-folyoirat\/zalai-falvakert\/#article","isPartOf":{"@id":"https:\/\/kofe.hu\/parola\/parola-folyoirat\/zalai-falvakert\/"},"author":{"name":"B\u00e1nlaky P\u00e1l","@id":"https:\/\/kofe.hu\/parola\/#\/schema\/person\/ac53676da6c8e67b1878995ae4c5eeff"},"headline":"Zalai falvak\u00e9rt","datePublished":"2020-08-04T15:59:25+00:00","mainEntityOfPage":{"@id":"https:\/\/kofe.hu\/parola\/parola-folyoirat\/zalai-falvakert\/"},"wordCount":659,"commentCount":0,"articleSection":["Parola 1997\/1","Parola Foly\u00f3irat","Repert\u00f3rium"],"inLanguage":"hu","potentialAction":[{"@type":"CommentAction","name":"Comment","target":["https:\/\/kofe.hu\/parola\/parola-folyoirat\/zalai-falvakert\/#respond"]}]},{"@type":"WebPage","@id":"https:\/\/kofe.hu\/parola\/parola-folyoirat\/zalai-falvakert\/","url":"https:\/\/kofe.hu\/parola\/parola-folyoirat\/zalai-falvakert\/","name":"Zalai falvak\u00e9rt - Parola Foly\u00f3irat","isPartOf":{"@id":"https:\/\/kofe.hu\/parola\/#website"},"datePublished":"2020-08-04T15:59:25+00:00","author":{"@id":"https:\/\/kofe.hu\/parola\/#\/schema\/person\/ac53676da6c8e67b1878995ae4c5eeff"},"breadcrumb":{"@id":"https:\/\/kofe.hu\/parola\/parola-folyoirat\/zalai-falvakert\/#breadcrumb"},"inLanguage":"hu","potentialAction":[{"@type":"ReadAction","target":["https:\/\/kofe.hu\/parola\/parola-folyoirat\/zalai-falvakert\/"]}]},{"@type":"BreadcrumbList","@id":"https:\/\/kofe.hu\/parola\/parola-folyoirat\/zalai-falvakert\/#breadcrumb","itemListElement":[{"@type":"ListItem","position":1,"name":"Home","item":"https:\/\/kofe.hu\/parola\/"},{"@type":"ListItem","position":2,"name":"Zalai falvak\u00e9rt"}]},{"@type":"WebSite","@id":"https:\/\/kofe.hu\/parola\/#website","url":"https:\/\/kofe.hu\/parola\/","name":"Parola Foly\u00f3irat","description":"","potentialAction":[{"@type":"SearchAction","target":{"@type":"EntryPoint","urlTemplate":"https:\/\/kofe.hu\/parola\/?s={search_term_string}"},"query-input":{"@type":"PropertyValueSpecification","valueRequired":true,"valueName":"search_term_string"}}],"inLanguage":"hu"},{"@type":"Person","@id":"https:\/\/kofe.hu\/parola\/#\/schema\/person\/ac53676da6c8e67b1878995ae4c5eeff","name":"B\u00e1nlaky P\u00e1l","image":{"@type":"ImageObject","inLanguage":"hu","@id":"https:\/\/kofe.hu\/parola\/#\/schema\/person\/image\/ff85d90fd308ca5f88cda4287b01a312","url":"https:\/\/secure.gravatar.com\/avatar\/84b67b413a4f9fe4d0900145bba5a9790114177f6884785bcfbcee795ce406a7?s=96&d=mm&r=g","contentUrl":"https:\/\/secure.gravatar.com\/avatar\/84b67b413a4f9fe4d0900145bba5a9790114177f6884785bcfbcee795ce406a7?s=96&d=mm&r=g","caption":"B\u00e1nlaky P\u00e1l"},"url":"https:\/\/kofe.hu\/parola\/szerzok\/banlaky-pal\/"}]}},"_links":{"self":[{"href":"https:\/\/kofe.hu\/parola\/wp-json\/wp\/v2\/posts\/5322","targetHints":{"allow":["GET"]}}],"collection":[{"href":"https:\/\/kofe.hu\/parola\/wp-json\/wp\/v2\/posts"}],"about":[{"href":"https:\/\/kofe.hu\/parola\/wp-json\/wp\/v2\/types\/post"}],"author":[{"embeddable":true,"href":"https:\/\/kofe.hu\/parola\/wp-json\/wp\/v2\/users\/517"}],"replies":[{"embeddable":true,"href":"https:\/\/kofe.hu\/parola\/wp-json\/wp\/v2\/comments?post=5322"}],"version-history":[{"count":1,"href":"https:\/\/kofe.hu\/parola\/wp-json\/wp\/v2\/posts\/5322\/revisions"}],"predecessor-version":[{"id":5323,"href":"https:\/\/kofe.hu\/parola\/wp-json\/wp\/v2\/posts\/5322\/revisions\/5323"}],"wp:attachment":[{"href":"https:\/\/kofe.hu\/parola\/wp-json\/wp\/v2\/media?parent=5322"}],"wp:term":[{"taxonomy":"category","embeddable":true,"href":"https:\/\/kofe.hu\/parola\/wp-json\/wp\/v2\/categories?post=5322"},{"taxonomy":"post_tag","embeddable":true,"href":"https:\/\/kofe.hu\/parola\/wp-json\/wp\/v2\/tags?post=5322"},{"taxonomy":"author","embeddable":true,"href":"https:\/\/kofe.hu\/parola\/wp-json\/wp\/v2\/coauthors?post=5322"}],"curies":[{"name":"wp","href":"https:\/\/api.w.org\/{rel}","templated":true}]}}