{"id":5320,"date":"2020-08-04T15:57:09","date_gmt":"2020-08-04T15:57:09","guid":{"rendered":"https:\/\/kofe.hu\/parola\/?p=5320"},"modified":"2020-08-04T15:57:09","modified_gmt":"2020-08-04T15:57:09","slug":"ori-alapitvany-oriszentpeteren","status":"publish","type":"post","link":"https:\/\/kofe.hu\/parola\/parola-folyoirat\/ori-alapitvany-oriszentpeteren\/","title":{"rendered":"\u0150ri Alap\u00edtv\u00e1ny &#8211; \u0150riszentp\u00e9teren"},"content":{"rendered":"<p style=\"text-align: justify;\"><span style=\"font-family: Times New Roman CE;\">Az \u0150ri Alap\u00edtv\u00e1ny 1993-ban alakult kultur\u00e1lis szoci\u00e1lis \u00e9s k\u00f6rnyezetv\u00e9delmi ind\u00edttat\u00e1ssal az \u0150rs\u00e9gben. Az alap\u00edt\u00f3k \u00fagy v\u00e9lt\u00e9k, hogy a k\u00fcls\u0151, term\u00e9szeti \u00e9rt\u00e9kek meg\u00f3v\u00e1s\u00e1hoz a bels\u0151 \u00e9rt\u00e9kek gyarap\u00edt\u00e1s\u00e1n \u00e1t vezet az \u00fat. Ez\u00e9rt az alap\u00edtv\u00e1nyi c\u00e9lok k\u00f6z\u00f6tt els\u0151 helyen a kultur\u00e1lis \u00e9s pedag\u00f3giai c\u00e9lkit\u0171z\u00e9sek \u00e1llnak.<\/span><\/p>\n<p style=\"text-align: justify;\"><!--more--><br \/>\n<span style=\"font-family: Times New Roman CE;\">Eredm\u00e9nyeink k\u00f6z\u00fcl a legismertebb a lassan helyi hagyom\u00e1nny\u00e1 v\u00e1l\u00f3 Vir\u00e1gz\u00e1s Napjai. Ezt a n\u00e9gynapos m\u0171v\u00e9szeti fesztiv\u00e1lt \u00e9s \u201cemberi tal\u00e1lkoz\u00f3t\u201d 1994 \u00f3ta minden \u00e9vben P\u00fcnk\u00f6sdkor rendezi az \u0150ri Alap\u00edtv\u00e1ny az \u0150rs\u00e9g k\u00fcl\u00f6nb\u00f6z\u0151 helysz\u00ednein. El\u0151ad\u00f3i estek, sz\u00ednh\u00e1zi- \u00e9s filmbemutat\u00f3k, ki\u00e1ll\u00edt\u00e1sok, szellemtudom\u00e1nyi, m\u0171v\u00e9szett\u00f6rt\u00e9neti, pedag\u00f3giai, \u00f6kol\u00f3giai el\u0151ad\u00e1sok \u00e9s csoportfoglalkoz\u00e1sok mellett mindig sz\u00e1mottev\u0151ek a k\u00fcl\u00f6nb\u00f6z\u0151 m\u0171fajokat felvonultat\u00f3, sz\u00ednvonalas zenei programok. Kialakult az a rangos, nemzetk\u00f6zi el\u0151ad\u00f3i k\u00f6r is, mely ezt a rendezv\u00e9nyt val\u00f3di fesztiv\u00e1ll\u00e1 teszi.<\/span><br \/>\n<span style=\"font-family: Times New Roman CE;\">1995-ben az alap\u00edtv\u00e1nyon bel\u00fcl egy operat\u00edv m\u00e9dia-csoport alakult Szerkeszt\u0150rs\u00e9g elnevez\u00e9ssel. Szerkeszt\u0151i \u00e9s kiad\u00f3i tev\u00e9kenys\u00e9ge nyom\u00e1n napvil\u00e1got l\u00e1tott k\u00e9t foly\u00f3irat: az \u201c\u0150rs\u00e9gi Kalend\u00e1rium\u201d \u00e9s az \u201c\u0150rs\u00e9gi Harangsz\u00f3\u201d.<\/span><br \/>\n<span style=\"font-family: Times New Roman CE;\">\u201cR\u00e1di\u00f3 Triangulum\u201d n\u00e9ven tervezi egy h\u00e1romnyelv\u0171 \u2013 magyar, szlov\u00e9n \u00e9s n\u00e9met nyelven sug\u00e1rz\u00f3 \u2013 \u0151rs\u00e9gi civil r\u00e1di\u00f3 l\u00e9trehoz\u00e1s\u00e1t, a t\u00e1volabbi j\u00f6v\u0151ben pedig a helyi telev\u00edzi\u00f3z\u00e1s b\u00e1zis\u00e1nak megteremt\u00e9s\u00e9t.<\/span><br \/>\n<span style=\"font-family: Times New Roman CE;\">Az \u0150ri Alap\u00edtv\u00e1ny t\u00e1vlati elk\u00e9pzel\u00e9seiben egyre nagyobb szerepet j\u00e1tszik az a k\u00f6z\u00f6ss\u00e9gi \u00e9lett\u00e9r, k\u00f6zm\u0171vel\u0151d\u00e9si-komplexum, amely egy r\u00e9gi malom\u00e9p\u00fclet \u00e9s az egykori t\u00e9esz major fel\u00faj\u00edt\u00e1s\u00e1val \u00e9s rehumaniz\u00e1ci\u00f3j\u00e1val j\u00f6tt \u00e9s j\u00f6n l\u00e9tre \u0150riszentp\u00e9teren A neve mag\u00e1\u00e9rt besz\u00e9l: Legyen Major.<\/span><br \/>\n<span style=\"font-family: Times New Roman CE;\">Itt kap helyet az \u0151riszentp\u00e9teri Teleh\u00e1z is, mely a tervek szerint 1997 j\u00fanius v\u00e9g\u00e9n nyitja meg kapuit. Ez az informatikai, oktat\u00e1si \u00e9s szoci\u00e1lis funkci\u00f3kat ell\u00e1t\u00f3 lakoss\u00e1gi szolg\u00e1ltat\u00f3h\u00e1z a H\u00e1l\u00f3zat a Demokr\u00e1ci\u00e1\u00e9rt Program t\u00e1mogat\u00e1s\u00e1val j\u00f6n l\u00e9tre \u00e9s m\u0171k\u00f6dik az els\u0151 k\u00e9t \u00e9vben.<\/span><br \/>\n<span style=\"font-family: Times New Roman CE;\">A Legyen Major m\u00e1sik, tavaly \u00f3ta m\u0171k\u00f6d\u0151 objektuma a J\u00e1t\u00e9ksz\u00edn. Ez a nagy befogad\u00f3k\u00e9pess\u00e9g\u0171, fedett, szabadt\u00e9ri sz\u00ednpad a ny\u00e1ri id\u0151szakban ide\u00e1lis helysz\u00edne a koncerteknek, de volt m\u00e1r itt lakodalom, ikebana bemutat\u00f3 \u00e9s \u00edj\u00e1szgyakorlat is.<\/span><br \/>\n<span style=\"font-family: Times New Roman CE;\">A k\u00f6vetkez\u0151 \u00e9p\u00fclet, a meg\u00fajul\u00f3-f\u00e9lben l\u00e9v\u0151 pajta 1996 P\u00fcnk\u00f6sdj\u00e9n deb\u00fct\u00e1lt, mint sz\u00ednh\u00e1z. Az\u00f3ta kieg\u00e9sz\u00fclt tov\u00e1bbi terekkel \u00e9s ma Pajtasz\u00ednh\u00e1znak nevezz\u00fck. A j\u00f6v\u0151 szezont\u00f3l v\u00e1rja \u00e9s fogadja be az itt k\u00e9sz\u00fcl\u0151, vagy ide l\u00e1togat\u00f3 ny\u00e1ri sz\u00ednh\u00e1zi produkci\u00f3kat.<\/span><br \/>\n<span style=\"font-family: Times New Roman CE;\">A Legyen Major a Teleh\u00e1z megnyit\u00e1s\u00e1t k\u00f6vet\u0151en \u00e1lland\u00f3 iparm\u0171v\u00e9szeti, n\u00e9pm\u0171v\u00e9szeti ki\u00e1ll\u00edt\u00e1sok sz\u00ednhelye is lesz.<\/span><br \/>\n<span style=\"font-family: Times New Roman CE;\">Az alap\u00edtv\u00e1ny szorgalmazza az alternat\u00edv pedag\u00f3giai kezdem\u00e9nyez\u00e9sek kibontakoz\u00e1s\u00e1t az \u0150rs\u00e9gben, k\u00fcl\u00f6n\u00f6s tekintettel a Waldorf pedag\u00f3gi\u00e1ra. T\u00e1mogatjuk az \u0151rs\u00e9giek r\u00e9szv\u00e9tel\u00e9t a solym\u00e1ri Waldorf \u00f3v\u00f3n\u0151- \u00e9s tan\u00e1rk\u00e9pz\u00e9seken. Szeretn\u00e9nk, ha Waldorf \u00f3voda \u00e9s iskola ny\u00edlna az \u0150rs\u00e9gben, ennek t\u00e1rgyi \u00e9s szellemi felt\u00e9telein dolgozunk.<\/span><br \/>\n<span style=\"font-family: Times New Roman CE;\">1995-ben \u201cGondolkod\u00f3 egy\u00fcttl\u00e9t\u201d c\u00edmen k\u00e9thavonta jelentkez\u0151 el\u0151ad\u00e1s-sorozatot ind\u00edtottunk k\u00fcl\u00f6nb\u00f6z\u0151 t\u00e9m\u00e1kban a m\u0171v\u00e9szet \u00e9s a tudom\u00e1ny rangos \u00e9s hiteles k\u00e9pvisel\u0151ivel.<\/span><br \/>\n<span style=\"font-family: Times New Roman CE;\">1995 december\u00e9ben az alap\u00edtv\u00e1ny m\u00e9dia-csoportja, a Szerkeszt\u0150rs\u00e9g Civil Napot \u00e9s F\u00f3rumot rendezett Szatt\u00e1n. Itt ker\u00fclt kioszt\u00e1sra els\u0151 \u00edzben az \u201cEgy\u00fctt az \u0150rs\u00e9g\u00e9rt\u201d d\u00edj. Azok az \u0151rs\u00e9gi, vendvid\u00e9ki \u00e9s szlov\u00e9niai jel\u00f6ltek kapt\u00e1k, akik k\u00f6zvetlen k\u00f6rnyezet\u00fck\u00e9rt, k\u00f6z\u00f6ss\u00e9g\u00fck\u00e9rt \u00e1ldozatos, \u00f6nk\u00e9ntes munk\u00e1t v\u00e9geztek. Ezt a hagyom\u00e1nyt folytatjuk az id\u00e9n a II. \u0150rs\u00e9gi Civil Nap megrendez\u00e9s\u00e9vel, amit a Phare Demokr\u00e1cia Program t\u00e1mogat. Projekt\u00fcnk r\u00e9sz\u00e9t k\u00e9pezi egy kist\u00e9rs\u00e9gi civil sz\u00f6vets\u00e9g megalak\u00edt\u00e1sa is, melyre vonatkoz\u00f3 felh\u00edv\u00e1sunkat \u2013 az alkalmat megragadva \u2013 itt \u00e9s most tessz\u00fck k\u00f6zz\u00e9.<\/span><br \/>\n<span style=\"font-family: Times New Roman CE;\">Jelenlegi feladataink k\u00f6z\u00f6tt szerepel az iv\u00e1nci szoci\u00e1lis otthon gondozottjainak szabadid\u0151s tev\u00e9kenys\u00e9g\u00e9t \u00e9s foglalkoztat\u00e1s\u00e1t el\u0151seg\u00edt\u0151 projekt, amely a Soros Alap\u00edtv\u00e1ny t\u00e1mogat\u00e1s\u00e1val folyik.<\/span><br \/>\n<span style=\"font-family: Times New Roman CE;\">Az alap\u00edtv\u00e1nyon bel\u00fcl m\u0171v\u00e9szeti csoport m\u0171k\u00f6dik.<\/span><br \/>\n<span style=\"font-family: Times New Roman CE;\">1996 december\u00e9ben a sz\u00ednt\u00e1rsulat el\u0151adta a f\u0151r\u00e9vi kar\u00e1csonyi j\u00e1t\u00e9kok egyik\u00e9t, a P\u00e1sztorj\u00e1t\u00e9kot, a kercaszomori faluh\u00e1zban.<\/span><br \/>\n<span style=\"font-family: Times New Roman CE;\">A zenekar gyakran l\u00e9p fel k\u00fcl\u00f6nb\u00f6z\u0151 alkalmakkor a k\u00f6rnyez\u0151 telep\u00fcl\u00e9seken. Gyerekdalokb\u00f3l \u00e1ll\u00f3 m\u0171sorukat az alap\u00edtv\u00e1ny lemezen k\u00e9sz\u00fcl kiadni.<\/span><br \/>\n<span style=\"font-family: Times New Roman CE;\">Nem sz\u00f3ltunk m\u00e9g k\u00e9t t\u00e1volabbi c\u00e9lkit\u0171z\u00e9sr\u0151l, amelyekhez seg\u00edts\u00e9get \u00e9s partnereket keres\u00fcnk:<\/span><br \/>\n<span style=\"font-family: Times New Roman CE;\">Az \u0150ri Alap\u00edtv\u00e1ny, mintegy 90 hekt\u00e1rnyi mez\u0151gazdas\u00e1gi f\u00f6ldter\u00fclet\u00e9nek hasznos\u00edt\u00e1s\u00e1val, szeretn\u00e9 a biodinamikus gazd\u00e1lkod\u00e1st meghonos\u00edtani \u00e9s azt oktat\u00e1si c\u00e9llal bemutathat\u00f3v\u00e1, illetve tangazdas\u00e1gi form\u00e1ban l\u00e1togathat\u00f3v\u00e1 tenni.<\/span><br \/>\n<span style=\"font-family: Times New Roman CE;\">A \u201cHidak, Kapuk \u00e9s Harangok Kertje\u201d elnevez\u00e9st visel\u0151 elk\u00e9pzel\u00e9s\u00fcnk egy s\u00e9t\u00e1l\u00f3 liget kialak\u00edt\u00e1s\u00e1t jelenti az erre felaj\u00e1nlott mag\u00e1nter\u00fcleten, amely \u00e9rt\u00e9kes, m\u0171eml\u00e9ki k\u00f6rnyezet k\u00f6zel\u00e9ben van \u0150riszentp\u00e9teren.<\/span><\/p>\n<p><span style=\"font-family: Times New Roman CE;\">Inform\u00e1ci\u00f3, kapcsolatfelv\u00e9tel:<\/span><br \/>\n<span style=\"font-family: Times New Roman CE;\">\u0150ri Alap\u00edtv\u00e1ny<\/span><br \/>\n<span style=\"font-family: Times New Roman CE;\">9941 \u0150riszentp\u00e9ter, Pf. 19.<\/span><\/p>\n","protected":false},"excerpt":{"rendered":"<p>Az \u0150ri Alap\u00edtv\u00e1ny 1993-ban alakult kultur\u00e1lis szoci\u00e1lis \u00e9s k\u00f6rnyezetv\u00e9delmi ind\u00edttat\u00e1ssal az \u0150rs\u00e9gben. Az alap\u00edt\u00f3k \u00fagy v\u00e9lt\u00e9k, hogy a k\u00fcls\u0151, term\u00e9szeti \u00e9rt\u00e9kek meg\u00f3v\u00e1s\u00e1hoz a bels\u0151 \u00e9rt\u00e9kek gyarap\u00edt\u00e1s\u00e1n \u00e1t vezet az \u00fat. Ez\u00e9rt az alap\u00edtv\u00e1nyi c\u00e9lok k\u00f6z\u00f6tt els\u0151 helyen a kultur\u00e1lis \u00e9s pedag\u00f3giai c\u00e9lkit\u0171z\u00e9sek \u00e1llnak.<\/p>\n","protected":false},"author":4,"featured_media":0,"comment_status":"open","ping_status":"open","sticky":false,"template":"","format":"standard","meta":{"_acf_changed":false,"footnotes":""},"categories":[418,8,7],"tags":[],"coauthors":[47],"class_list":["post-5320","post","type-post","status-publish","format-standard","hentry","category-parola-1997-1","category-parola-folyoirat","category-repertorium"],"acf":[],"yoast_head":"<!-- This site is optimized with the Yoast SEO plugin v26.7 - https:\/\/yoast.com\/wordpress\/plugins\/seo\/ -->\n<title>\u0150ri Alap\u00edtv\u00e1ny - \u0150riszentp\u00e9teren - Parola Foly\u00f3irat<\/title>\n<meta name=\"robots\" content=\"index, follow, max-snippet:-1, max-image-preview:large, max-video-preview:-1\" \/>\n<link rel=\"canonical\" href=\"https:\/\/kofe.hu\/parola\/parola-folyoirat\/ori-alapitvany-oriszentpeteren\/\" \/>\n<meta property=\"og:locale\" content=\"hu_HU\" \/>\n<meta property=\"og:type\" content=\"article\" \/>\n<meta property=\"og:title\" content=\"\u0150ri Alap\u00edtv\u00e1ny - \u0150riszentp\u00e9teren - Parola Foly\u00f3irat\" \/>\n<meta property=\"og:description\" content=\"Az \u0150ri Alap\u00edtv\u00e1ny 1993-ban alakult kultur\u00e1lis szoci\u00e1lis \u00e9s k\u00f6rnyezetv\u00e9delmi ind\u00edttat\u00e1ssal az \u0150rs\u00e9gben. Az alap\u00edt\u00f3k \u00fagy v\u00e9lt\u00e9k, hogy a k\u00fcls\u0151, term\u00e9szeti \u00e9rt\u00e9kek meg\u00f3v\u00e1s\u00e1hoz a bels\u0151 \u00e9rt\u00e9kek gyarap\u00edt\u00e1s\u00e1n \u00e1t vezet az \u00fat. Ez\u00e9rt az alap\u00edtv\u00e1nyi c\u00e9lok k\u00f6z\u00f6tt els\u0151 helyen a kultur\u00e1lis \u00e9s pedag\u00f3giai c\u00e9lkit\u0171z\u00e9sek \u00e1llnak.\" \/>\n<meta property=\"og:url\" content=\"https:\/\/kofe.hu\/parola\/parola-folyoirat\/ori-alapitvany-oriszentpeteren\/\" \/>\n<meta property=\"og:site_name\" content=\"Parola Foly\u00f3irat\" \/>\n<meta property=\"article:published_time\" content=\"2020-08-04T15:57:09+00:00\" \/>\n<meta name=\"author\" content=\"Parola\" \/>\n<meta name=\"twitter:card\" content=\"summary_large_image\" \/>\n<meta name=\"twitter:label1\" content=\"Szerz\u0151:\" \/>\n\t<meta name=\"twitter:data1\" content=\"Parola\" \/>\n\t<meta name=\"twitter:label2\" content=\"Becs\u00fclt olvas\u00e1si id\u0151\" \/>\n\t<meta name=\"twitter:data2\" content=\"5 perc\" \/>\n\t<meta name=\"twitter:label3\" content=\"Written by\" \/>\n\t<meta name=\"twitter:data3\" content=\"Parola\" \/>\n<script type=\"application\/ld+json\" class=\"yoast-schema-graph\">{\"@context\":\"https:\/\/schema.org\",\"@graph\":[{\"@type\":\"Article\",\"@id\":\"https:\/\/kofe.hu\/parola\/parola-folyoirat\/ori-alapitvany-oriszentpeteren\/#article\",\"isPartOf\":{\"@id\":\"https:\/\/kofe.hu\/parola\/parola-folyoirat\/ori-alapitvany-oriszentpeteren\/\"},\"author\":{\"name\":\"Parola\",\"@id\":\"https:\/\/kofe.hu\/parola\/#\/schema\/person\/b39ea6ec0995233537351d7e33281aeb\"},\"headline\":\"\u0150ri Alap\u00edtv\u00e1ny &#8211; \u0150riszentp\u00e9teren\",\"datePublished\":\"2020-08-04T15:57:09+00:00\",\"mainEntityOfPage\":{\"@id\":\"https:\/\/kofe.hu\/parola\/parola-folyoirat\/ori-alapitvany-oriszentpeteren\/\"},\"wordCount\":1041,\"commentCount\":0,\"articleSection\":[\"Parola 1997\/1\",\"Parola Foly\u00f3irat\",\"Repert\u00f3rium\"],\"inLanguage\":\"hu\",\"potentialAction\":[{\"@type\":\"CommentAction\",\"name\":\"Comment\",\"target\":[\"https:\/\/kofe.hu\/parola\/parola-folyoirat\/ori-alapitvany-oriszentpeteren\/#respond\"]}]},{\"@type\":\"WebPage\",\"@id\":\"https:\/\/kofe.hu\/parola\/parola-folyoirat\/ori-alapitvany-oriszentpeteren\/\",\"url\":\"https:\/\/kofe.hu\/parola\/parola-folyoirat\/ori-alapitvany-oriszentpeteren\/\",\"name\":\"\u0150ri Alap\u00edtv\u00e1ny - \u0150riszentp\u00e9teren - Parola Foly\u00f3irat\",\"isPartOf\":{\"@id\":\"https:\/\/kofe.hu\/parola\/#website\"},\"datePublished\":\"2020-08-04T15:57:09+00:00\",\"author\":{\"@id\":\"https:\/\/kofe.hu\/parola\/#\/schema\/person\/b39ea6ec0995233537351d7e33281aeb\"},\"breadcrumb\":{\"@id\":\"https:\/\/kofe.hu\/parola\/parola-folyoirat\/ori-alapitvany-oriszentpeteren\/#breadcrumb\"},\"inLanguage\":\"hu\",\"potentialAction\":[{\"@type\":\"ReadAction\",\"target\":[\"https:\/\/kofe.hu\/parola\/parola-folyoirat\/ori-alapitvany-oriszentpeteren\/\"]}]},{\"@type\":\"BreadcrumbList\",\"@id\":\"https:\/\/kofe.hu\/parola\/parola-folyoirat\/ori-alapitvany-oriszentpeteren\/#breadcrumb\",\"itemListElement\":[{\"@type\":\"ListItem\",\"position\":1,\"name\":\"Home\",\"item\":\"https:\/\/kofe.hu\/parola\/\"},{\"@type\":\"ListItem\",\"position\":2,\"name\":\"\u0150ri Alap\u00edtv\u00e1ny &#8211; \u0150riszentp\u00e9teren\"}]},{\"@type\":\"WebSite\",\"@id\":\"https:\/\/kofe.hu\/parola\/#website\",\"url\":\"https:\/\/kofe.hu\/parola\/\",\"name\":\"Parola Foly\u00f3irat\",\"description\":\"\",\"potentialAction\":[{\"@type\":\"SearchAction\",\"target\":{\"@type\":\"EntryPoint\",\"urlTemplate\":\"https:\/\/kofe.hu\/parola\/?s={search_term_string}\"},\"query-input\":{\"@type\":\"PropertyValueSpecification\",\"valueRequired\":true,\"valueName\":\"search_term_string\"}}],\"inLanguage\":\"hu\"},{\"@type\":\"Person\",\"@id\":\"https:\/\/kofe.hu\/parola\/#\/schema\/person\/b39ea6ec0995233537351d7e33281aeb\",\"name\":\"Parola\",\"image\":{\"@type\":\"ImageObject\",\"inLanguage\":\"hu\",\"@id\":\"https:\/\/kofe.hu\/parola\/#\/schema\/person\/image\/ef1d7dc4d1949d5457aa415351763853\",\"url\":\"https:\/\/secure.gravatar.com\/avatar\/c18c00ea50048aa7adb99e5d11e4250d05111e33b2bea02671439eb7912c945e?s=96&d=mm&r=g\",\"contentUrl\":\"https:\/\/secure.gravatar.com\/avatar\/c18c00ea50048aa7adb99e5d11e4250d05111e33b2bea02671439eb7912c945e?s=96&d=mm&r=g\",\"caption\":\"Parola\"},\"url\":\"https:\/\/kofe.hu\/parola\/szerzok\/parola\/\"}]}<\/script>\n<!-- \/ Yoast SEO plugin. -->","yoast_head_json":{"title":"\u0150ri Alap\u00edtv\u00e1ny - \u0150riszentp\u00e9teren - Parola Foly\u00f3irat","robots":{"index":"index","follow":"follow","max-snippet":"max-snippet:-1","max-image-preview":"max-image-preview:large","max-video-preview":"max-video-preview:-1"},"canonical":"https:\/\/kofe.hu\/parola\/parola-folyoirat\/ori-alapitvany-oriszentpeteren\/","og_locale":"hu_HU","og_type":"article","og_title":"\u0150ri Alap\u00edtv\u00e1ny - \u0150riszentp\u00e9teren - Parola Foly\u00f3irat","og_description":"Az \u0150ri Alap\u00edtv\u00e1ny 1993-ban alakult kultur\u00e1lis szoci\u00e1lis \u00e9s k\u00f6rnyezetv\u00e9delmi ind\u00edttat\u00e1ssal az \u0150rs\u00e9gben. Az alap\u00edt\u00f3k \u00fagy v\u00e9lt\u00e9k, hogy a k\u00fcls\u0151, term\u00e9szeti \u00e9rt\u00e9kek meg\u00f3v\u00e1s\u00e1hoz a bels\u0151 \u00e9rt\u00e9kek gyarap\u00edt\u00e1s\u00e1n \u00e1t vezet az \u00fat. Ez\u00e9rt az alap\u00edtv\u00e1nyi c\u00e9lok k\u00f6z\u00f6tt els\u0151 helyen a kultur\u00e1lis \u00e9s pedag\u00f3giai c\u00e9lkit\u0171z\u00e9sek \u00e1llnak.","og_url":"https:\/\/kofe.hu\/parola\/parola-folyoirat\/ori-alapitvany-oriszentpeteren\/","og_site_name":"Parola Foly\u00f3irat","article_published_time":"2020-08-04T15:57:09+00:00","author":"Parola","twitter_card":"summary_large_image","twitter_misc":{"Szerz\u0151:":"Parola","Becs\u00fclt olvas\u00e1si id\u0151":"5 perc","Written by":"Parola"},"schema":{"@context":"https:\/\/schema.org","@graph":[{"@type":"Article","@id":"https:\/\/kofe.hu\/parola\/parola-folyoirat\/ori-alapitvany-oriszentpeteren\/#article","isPartOf":{"@id":"https:\/\/kofe.hu\/parola\/parola-folyoirat\/ori-alapitvany-oriszentpeteren\/"},"author":{"name":"Parola","@id":"https:\/\/kofe.hu\/parola\/#\/schema\/person\/b39ea6ec0995233537351d7e33281aeb"},"headline":"\u0150ri Alap\u00edtv\u00e1ny &#8211; \u0150riszentp\u00e9teren","datePublished":"2020-08-04T15:57:09+00:00","mainEntityOfPage":{"@id":"https:\/\/kofe.hu\/parola\/parola-folyoirat\/ori-alapitvany-oriszentpeteren\/"},"wordCount":1041,"commentCount":0,"articleSection":["Parola 1997\/1","Parola Foly\u00f3irat","Repert\u00f3rium"],"inLanguage":"hu","potentialAction":[{"@type":"CommentAction","name":"Comment","target":["https:\/\/kofe.hu\/parola\/parola-folyoirat\/ori-alapitvany-oriszentpeteren\/#respond"]}]},{"@type":"WebPage","@id":"https:\/\/kofe.hu\/parola\/parola-folyoirat\/ori-alapitvany-oriszentpeteren\/","url":"https:\/\/kofe.hu\/parola\/parola-folyoirat\/ori-alapitvany-oriszentpeteren\/","name":"\u0150ri Alap\u00edtv\u00e1ny - \u0150riszentp\u00e9teren - Parola Foly\u00f3irat","isPartOf":{"@id":"https:\/\/kofe.hu\/parola\/#website"},"datePublished":"2020-08-04T15:57:09+00:00","author":{"@id":"https:\/\/kofe.hu\/parola\/#\/schema\/person\/b39ea6ec0995233537351d7e33281aeb"},"breadcrumb":{"@id":"https:\/\/kofe.hu\/parola\/parola-folyoirat\/ori-alapitvany-oriszentpeteren\/#breadcrumb"},"inLanguage":"hu","potentialAction":[{"@type":"ReadAction","target":["https:\/\/kofe.hu\/parola\/parola-folyoirat\/ori-alapitvany-oriszentpeteren\/"]}]},{"@type":"BreadcrumbList","@id":"https:\/\/kofe.hu\/parola\/parola-folyoirat\/ori-alapitvany-oriszentpeteren\/#breadcrumb","itemListElement":[{"@type":"ListItem","position":1,"name":"Home","item":"https:\/\/kofe.hu\/parola\/"},{"@type":"ListItem","position":2,"name":"\u0150ri Alap\u00edtv\u00e1ny &#8211; \u0150riszentp\u00e9teren"}]},{"@type":"WebSite","@id":"https:\/\/kofe.hu\/parola\/#website","url":"https:\/\/kofe.hu\/parola\/","name":"Parola Foly\u00f3irat","description":"","potentialAction":[{"@type":"SearchAction","target":{"@type":"EntryPoint","urlTemplate":"https:\/\/kofe.hu\/parola\/?s={search_term_string}"},"query-input":{"@type":"PropertyValueSpecification","valueRequired":true,"valueName":"search_term_string"}}],"inLanguage":"hu"},{"@type":"Person","@id":"https:\/\/kofe.hu\/parola\/#\/schema\/person\/b39ea6ec0995233537351d7e33281aeb","name":"Parola","image":{"@type":"ImageObject","inLanguage":"hu","@id":"https:\/\/kofe.hu\/parola\/#\/schema\/person\/image\/ef1d7dc4d1949d5457aa415351763853","url":"https:\/\/secure.gravatar.com\/avatar\/c18c00ea50048aa7adb99e5d11e4250d05111e33b2bea02671439eb7912c945e?s=96&d=mm&r=g","contentUrl":"https:\/\/secure.gravatar.com\/avatar\/c18c00ea50048aa7adb99e5d11e4250d05111e33b2bea02671439eb7912c945e?s=96&d=mm&r=g","caption":"Parola"},"url":"https:\/\/kofe.hu\/parola\/szerzok\/parola\/"}]}},"_links":{"self":[{"href":"https:\/\/kofe.hu\/parola\/wp-json\/wp\/v2\/posts\/5320","targetHints":{"allow":["GET"]}}],"collection":[{"href":"https:\/\/kofe.hu\/parola\/wp-json\/wp\/v2\/posts"}],"about":[{"href":"https:\/\/kofe.hu\/parola\/wp-json\/wp\/v2\/types\/post"}],"author":[{"embeddable":true,"href":"https:\/\/kofe.hu\/parola\/wp-json\/wp\/v2\/users\/4"}],"replies":[{"embeddable":true,"href":"https:\/\/kofe.hu\/parola\/wp-json\/wp\/v2\/comments?post=5320"}],"version-history":[{"count":1,"href":"https:\/\/kofe.hu\/parola\/wp-json\/wp\/v2\/posts\/5320\/revisions"}],"predecessor-version":[{"id":5321,"href":"https:\/\/kofe.hu\/parola\/wp-json\/wp\/v2\/posts\/5320\/revisions\/5321"}],"wp:attachment":[{"href":"https:\/\/kofe.hu\/parola\/wp-json\/wp\/v2\/media?parent=5320"}],"wp:term":[{"taxonomy":"category","embeddable":true,"href":"https:\/\/kofe.hu\/parola\/wp-json\/wp\/v2\/categories?post=5320"},{"taxonomy":"post_tag","embeddable":true,"href":"https:\/\/kofe.hu\/parola\/wp-json\/wp\/v2\/tags?post=5320"},{"taxonomy":"author","embeddable":true,"href":"https:\/\/kofe.hu\/parola\/wp-json\/wp\/v2\/coauthors?post=5320"}],"curies":[{"name":"wp","href":"https:\/\/api.w.org\/{rel}","templated":true}]}}