{"id":5316,"date":"2020-08-04T15:48:12","date_gmt":"2020-08-04T15:48:12","guid":{"rendered":"https:\/\/kofe.hu\/parola\/?p=5316"},"modified":"2020-08-04T15:48:12","modified_gmt":"2020-08-04T15:48:12","slug":"tanulmany-a-kozep-kelet-europai-zoldszervezetekrol","status":"publish","type":"post","link":"https:\/\/kofe.hu\/parola\/parola-folyoirat\/tanulmany-a-kozep-kelet-europai-zoldszervezetekrol\/","title":{"rendered":"Tanulm\u00e1ny a k\u00f6z\u00e9p-kelet eur\u00f3pai z\u00f6ldszervezetekr\u0151l"},"content":{"rendered":"<p style=\"text-align: justify;\"><span style=\"font-family: Times New Roman CE;\">A Region\u00e1lis K\u00f6rnyezetv\u00e9delmi K\u00f6zpont megjelentette a \u201cProblems, Progress and Possibilities: A Needs Assessment of Environmental NGOs Central and Eastern Europe\u201d (<\/span><i><span style=\"font-family: Times New Roman CE;\">Probl\u00e9m\u00e1k, fejl\u0151d\u00e9si ir\u00e1nyok \u00e9s lehet\u0151s\u00e9gek: felm\u00e9r\u00e9s a k\u00f6z\u00e9p- \u00e9s kelet-eur\u00f3pai orsz\u00e1gokban m\u0171k\u00f6d\u0151 k\u00f6rnyezetv\u00e9delmi NGO-k sz\u00fcks\u00e9gleteir\u0151l<\/span><\/i><span style=\"font-family: Times New Roman CE;\">) c\u00edm\u0171 kiadv\u00e1ny\u00e1t.<\/span><\/p>\n<p style=\"text-align: justify;\"><!--more--><br \/>\n<span style=\"font-family: Times New Roman CE;\">A tanulm\u00e1ny el\u0151sz\u00f6r v\u00e1llalkozik arra, hogy a r\u00e9gi\u00f3 nem-korm\u00e1nyzati k\u00f6rnyezetv\u00e9delmi szervezeteir\u0151l\u00a0<\/span><i><span style=\"font-family: Times New Roman CE;\">\u00e1tfog\u00f3 \u00e9r\u00e9kel\u00e9st<\/span><\/i><span style=\"font-family: Times New Roman CE;\">\u00a0ny\u00fajtson. A spanyolviaszt nem tal\u00e1ltuk fel, viszont t\u00e9nyszer\u0171en igazolja azokat a probl\u00e9m\u00e1kat, amelyekkel mindennapjaitokban viaskodtok. Ha m\u00e1r a morg\u00e1s sok esetben nem seg\u00edt, rem\u00e9lj\u00fck, hogy n\u00e9h\u00e1ny d\u00f6nt\u00e9shoz\u00f3ban megpend\u00edt majd valamit ez a tudom\u00e1nyosan megalapozott vizsg\u00e1lat.<\/span><br \/>\n<span style=\"font-family: Times New Roman CE;\">A REC\u00a0<\/span><i><span style=\"font-family: Times New Roman CE;\">15 t\u00e9rs\u00e9gbeli orsz\u00e1g 3000 z\u00f6ldszervezet\u00e9nek<\/span><\/i><span style=\"font-family: Times New Roman CE;\">\u00a0k\u00fcldte el k\u00e9rd\u0151\u00edveit, melyek 62 sz\u00e1zal\u00e9ka \u00e9rkezett vissza kit\u00f6ltve, teh\u00e1t a kutat\u00e1si eredm\u00e9nyek megalapozottnak tekinthet\u0151k.<\/span><br \/>\n<span style=\"font-family: Times New Roman CE;\">A tanulm\u00e1ny fontos h\u00e1tt\u00e9rdokumentum t\u00f6bb mint 100 nemzetk\u00f6zi t\u00e1mogat\u00f3 szervezet sz\u00e1m\u00e1ra, amelyeknek inform\u00e1ci\u00f3ra van sz\u00fcks\u00e9g\u00fck a 3000-n\u00e9l is nagyobb sz\u00e1m\u00fa K\u00f6z\u00e9p- \u00e9s Kelet-Eur\u00f3p\u00e1ban m\u0171k\u00f6d\u0151 szervezet jelenlegi helyzet\u00e9r\u0151l \u00e9s probl\u00e9m\u00e1ir\u00f3l. Ezek az inform\u00e1ci\u00f3k jelent\u0151sek tov\u00e1bb\u00e1 a k\u00f6rnyezetv\u00e9delmi miniszt\u00e9riumok, parlamenti k\u00e9pvisel\u0151k, az \u00fczlettel foglalkoz\u00f3k, a helyi \u00f6nkorm\u00e1nyzatok, a m\u00e9dia \u00e9s a lakoss\u00e1g k\u00f6z\u00f6ss\u00e9gei sz\u00e1m\u00e1ra.<\/span><br \/>\n<span style=\"font-family: Times New Roman CE;\">A kutat\u00e1snak n\u00e9gy f\u0151 c\u00e9lja volt:<\/span><br \/>\n<span style=\"font-family: Times New Roman CE;\">felt\u00e1rni (1) a k\u00f6rnyezetv\u00e9d\u0151 szervezetek jelenlegi helyzet\u00e9t \u00e9s szervezeti saj\u00e1ts\u00e1gait; 82) a f\u0151bb sz\u00fcks\u00e9gleteket \u00e9s probl\u00e9m\u00e1kat; (3) a z\u00f6ld mozgalmak REC-kel kapcsolatos tapasztalatait; (4) \u00e9s azt, hogy mik\u00e9nt seg\u00edthetik az adom\u00e1nyoz\u00f3k ezeket a szervezeteket.<\/span><\/p>\n<p><i><span style=\"font-family: Times New Roman CE;\">A f\u0151bb dolgok:<\/span><\/i><br \/>\n<i><span style=\"font-family: Times New Roman CE;\">A z\u00f6ldszervezetek t\u00f6bbs\u00e9ge (kb. 2000) a Visegr\u00e1di Orsz\u00e1gokban tal\u00e1lhat\u00f3<\/span><\/i><span style=\"font-family: Times New Roman CE;\">. Ennek t\u00f6bb mint a fele m\u0171k\u00f6dik kisebb v\u00e1rosokban, a m\u00e1sik fele majdnem egyenl\u0151 mennyis\u00e9gben oszlik meg a f\u0151v\u00e1rosokban \u00e9s a nagy ipari k\u00f6zpontokban.<\/span><br \/>\n<span style=\"font-family: Times New Roman CE;\">A t\u00f6bbs\u00e9g\u00fcknek nincsen fizetett alkalmazottja, \u00edgy a hozz\u00e1\u00e9rt\u0151 szem\u00e9lyzet hi\u00e1nya az egyik legnagyobb probl\u00e9ma. A szervezeteknek t\u00f6bb mint a fele m\u0171k\u00f6dik 25-n\u00e9l kevesebb akt\u00edv taggal. A legt\u00f6bb szervez\u0151d\u00e9s meglehet\u0151sen fiatal: t\u00f6bbs\u00e9g\u00fcket 1990 ut\u00e1n jegyezt\u00e9k be. A kutat\u00e1s kimutatta, hogy sz\u00e1muk 180-nal n\u0151 \u00e9vente, \u00e9s az \u00fajonnan l\u00e9trej\u00f6ttek k\u00fcl\u00f6n\u00f6sen sokf\u00e9le seg\u00edts\u00e9gre szorulnak.<\/span><br \/>\n<span style=\"font-family: Times New Roman CE;\">A szervezetek f\u0151 c\u00e9lja majdnem minden esetben a k\u00f6zvetlen k\u00f6rnyezetv\u00e9delmi tev\u00e9kenys\u00e9g, az oktat\u00e1s \u00e9s k\u00e9pz\u00e9s \u00e9s a k\u00f6rnyezetv\u00e9delemmel kapcsolatos ismeretek terjeszt\u00e9se. A legt\u00f6bben optimist\u00e1k c\u00e9ljaik el\u00e9r\u00e9s\u00e9t illet\u0151en, \u00e1m a t\u00falnyom\u00f3 t\u00f6bbs\u00e9g munk\u00e1ja folytat\u00e1s\u00e1hoz t\u00e1mogat\u00e1st k\u00e9r olyan donorokt\u00f3l, mint amilyen a REC is. Kider\u00fclt a kutat\u00e1sb\u00f3l, hogy a donor szervezetek m\u00e9g kor\u00e1ntsem teljes\u00edtett\u00e9k k\u00fcldet\u00e9s\u00fcket. Az adom\u00e1nyok \u00e9s k\u00e9pz\u00e9sek biztos\u00edt\u00e1s\u00e1val kapcsolatban sok nemzetk\u00f6zi szervezetet eml\u00edtettek a v\u00e1laszad\u00f3k. (Environmental Partnership for Central Europe \u2013 \u00d6kot\u00e1rs, WWF, MilieuKontakt Oost-Europa. SOROS, Greenpeace, Phare, Friends of Earth \u00e9s World Learning, stb.)<\/span><br \/>\n<span style=\"font-family: Times New Roman CE;\">B\u00e1r sok szervez\u0151d\u00e9snek vannak jelent\u0151s probl\u00e9m\u00e1i \u00e9s sz\u00fcks\u00e9gletei, kb. a 2\/3 vagy r\u00e9szben, vagy teljes m\u00e9rt\u00e9kben sikeresnek tartja mag\u00e1t. A legt\u00f6bben azonban nem \u00e9rzik a k\u00f6rnyezetre gyakorolt k\u00f6zvetlen hat\u00e1sukat, vagy m\u00e9g nem m\u00e9rt\u00e9k azt, 10%-n\u00e1l kevesebb tartja mag\u00e1t r\u00e9szben vagy teljesen eredm\u00e9nytelennek. Igaz ugyan, hogy nem ismeretesek pontosan azok a krit\u00e9riumok, amik alapj\u00e1n a sikeress\u00e9get elb\u00edr\u00e1lj\u00e1k. Ezek a szempontok minden egyes esetben m\u00e1sok, de azt \u00e1ltal\u00e1noss\u00e1gban meg lehet \u00e1llap\u00edtani, hogy azok, akik sikeresebbnek tartj\u00e1k magukat, nagyobb k\u00f6lts\u00e9gvet\u00e9ssel, nagyobb l\u00e9tsz\u00e1m\u00fa tags\u00e1ggal dolgoznak, fejlettebb a kapcsolatuk a nemzetk\u00f6zi t\u00e1mogat\u00f3 szervezetekkel \u00e9s magasabb szint\u0171 a kooper\u00e1ci\u00f3juk mind a saj\u00e1t orsz\u00e1gukban m\u0171k\u00f6d\u0151, mind a k\u00fclf\u00f6ldi szervezetekkel \u00e9s irod\u00e1kkal. Ebbe a k\u00f6rbe tartoznak a Visegr\u00e1di Orsz\u00e1gok \u00e9s Rom\u00e1nia. Kamp\u00e1ny- \u00e9s lobbyi-tev\u00e9kenys\u00e9g is csak ezekben az orsz\u00e1gokban zajlik.<\/span><\/p>\n<p><i><span style=\"font-family: Times New Roman CE;\">A z\u00f6ldszervezetek 75%-a tartja saj\u00e1t anyagi helyzet\u00e9t labilisnak, vagy kifejezetten rossznak.<\/span><\/i><span style=\"font-family: Times New Roman CE;\">\u00a0T\u00f6bb mint a szervezetek fele 1000 USD-n\u00e1l, k\u00e9t-harmada 500 USD-n\u00e1l kevesebb \u00e9vi k\u00f6lts\u00e9gvet\u00e9ssel gazd\u00e1lkodik. T\u00falnyom\u00f3 t\u00f6bbs\u00e9g\u00fcknek nagy sz\u00fcks\u00e9ge van a k\u00edv\u00fclr\u0151l \u00e9rkez\u0151 anyagi seg\u00edts\u00e9gre, ennek egyik legjelent\u0151sebb forr\u00e1sak\u00e9nt eml\u00edtik a REC-et. Legt\u00f6bben a nem elegend\u0151 anyagi t\u00e1mogatotts\u00e1got, a kommunik\u00e1ci\u00f3 eszk\u00f6zeinek korl\u00e1tozott haszn\u00e1lat\u00e1t, az \u00f6nk\u00e9ntesek tart\u00f3s hi\u00e1ny\u00e1t \u00e9s a z\u00f6ld mozgalom \u00e1ltal\u00e1nos gyenges\u00e9g\u00e9t eml\u00edtik a legs\u00falyosabb probl\u00e9m\u00e1k k\u00f6z\u00f6tt. A z\u00f6ldszervezetek k\u00f6rnyezetv\u00e9delmi projectek ind\u00edt\u00e1sa, eredm\u00e9nyess\u00e9g\u00fck, hat\u00e9konys\u00e1guk n\u00f6vel\u00e9se ter\u00e9n szorulnak legink\u00e1bb t\u00e1mogat\u00e1sra. Meg kell \u00e1llap\u00edtani, hogy az egyes szervezetek, valamint a helyi k\u00f6rnyezetv\u00e9d\u0151 mozgalmak \u00e9s a korm\u00e1nyzatok k\u00f6zt alig van egy\u00fcttm\u0171k\u00f6d\u00e9s, vagy ha van, az helyi szinten zajlik.\u00a0<\/span><i><span style=\"font-family: Times New Roman CE;\">A legt\u00f6bben \u00fagy l\u00e1tj\u00e1k, hogy a korm\u00e1nyzatokat nem \u00e9rdeklik a k\u00f6rnyezetv\u00e9delmi k\u00e9rd\u00e9sek,<\/span><\/i><span style=\"font-family: Times New Roman CE;\">\u00a0s\u0151t t\u00f6bbs\u00e9g\u00fck negat\u00edv attit\u0171ddel viseltetik a z\u00f6ldszervezetekkel szemben. A kedvez\u0151tlen ad\u00f3jogszab\u00e1lyok pedig tov\u00e1bb nehez\u00edtik a helyzetet. K\u00f6z\u00e9p-Eur\u00f3p\u00e1n bel\u00fcli nemzetk\u00f6zi egy\u00fcttm\u0171k\u00f6d\u00e9sr\u0151l alig lehet besz\u00e9lni. Annak ellen\u00e9re ez a helyzet, hogy a legt\u00f6bb szervezet bel\u00e1tja, hogy a k\u00f6rnyezetv\u00e9delmi probl\u00e9m\u00e1k megold\u00e1s\u00e1hoz \u00f6sszehangolt tev\u00e9kenys\u00e9gre van sz\u00fcks\u00e9g, s ezen bel\u00fcl is legfontosabb a korm\u00e1nyzattal val\u00f3 egy\u00fcttm\u0171k\u00f6d\u00e9s.<\/span><br \/>\n<span style=\"font-family: Times New Roman CE;\">A szervezetek fele tekinti mag\u00e1t a REC r\u00e9gi partner\u00e9nek, vagy sz\u00e1mol be alkalmi egy\u00fcttm\u0171k\u00f6d\u00e9sr\u0151l. Kb. a szervezetek fele azonban sosem haszn\u00e1lta a REC forr\u00e1sait, nem vett r\u00e9szt programjaiban, s\u0151t sosem hallott r\u00f3la. A helyi irod\u00e1kkal k\u00e9tszer annyi szervezetnek van kapcsolata, mint a szentendrei k\u00f6zponttal. Mindent \u00f6sszev\u00e9ve, \u00fagy t\u0171nik, jelent\u0151s az ig\u00e9ny a REC \u00e1ltal ny\u00fajthat\u00f3 anyagi t\u00e1mogat\u00e1sra, inform\u00e1ci\u00f3ra, \u00f6szt\u00f6nd\u00edj \u00e9s egy\u00e9b programokra, f\u0151leg a kisebb szervezetek k\u00f6r\u00e9ben. (A nagy szervezetek gyakorta konkurenci\u00e1t l\u00e1tnak a REC-ben.) A k\u00e9rd\u0151\u00edvek tan\u00fas\u00e1ga szerint a REC az egyik legink\u00e1bb ig\u00e9nybevett nemzetk\u00f6zi szolg\u00e1ltat\u00f3 szervezet, amely egyar\u00e1nt ny\u00fajt anyagi t\u00e1mogat\u00e1st, technikai seg\u00edts\u00e9get, r\u00e9szt vesz az inform\u00e1ci\u00f3 terjeszt\u00e9s\u00e9ben, k\u00e9pz\u00e9seket szervez, kapcsolatokat \u00e9p\u00edt. A leggyakrabban elhangzott kritika szerint a REC t\u00falzottan b\u00fcrokratikus, nagy m\u00e9ret\u0171 \u00e9s dr\u00e1ga, az alkalmazottak pedig t\u00fal sok id\u0151t t\u00f6ltenek az irod\u00e1ban ahelyett, hogy k\u00f6zvetlen\u00fcl kapcsolatba l\u00e9pn\u00e9nek a z\u00f6ld mozgalom t\u00e9nyleges tev\u00e9kenys\u00e9g\u00e9vel. (hm?!)<\/span><\/p>\n","protected":false},"excerpt":{"rendered":"<p>A Region\u00e1lis K\u00f6rnyezetv\u00e9delmi K\u00f6zpont megjelentette a \u201cProblems, Progress and Possibilities: A Needs Assessment of Environmental NGOs Central and Eastern Europe\u201d (Probl\u00e9m\u00e1k, fejl\u0151d\u00e9si ir\u00e1nyok \u00e9s lehet\u0151s\u00e9gek: felm\u00e9r\u00e9s a k\u00f6z\u00e9p- \u00e9s kelet-eur\u00f3pai orsz\u00e1gokban m\u0171k\u00f6d\u0151 k\u00f6rnyezetv\u00e9delmi NGO-k sz\u00fcks\u00e9gleteir\u0151l) c\u00edm\u0171 kiadv\u00e1ny\u00e1t.<\/p>\n","protected":false},"author":514,"featured_media":0,"comment_status":"open","ping_status":"open","sticky":false,"template":"","format":"standard","meta":{"_acf_changed":false,"footnotes":""},"categories":[418,8,7],"tags":[],"coauthors":[680,681],"class_list":["post-5316","post","type-post","status-publish","format-standard","hentry","category-parola-1997-1","category-parola-folyoirat","category-repertorium"],"acf":[],"yoast_head":"<!-- This site is optimized with the Yoast SEO plugin v26.7 - https:\/\/yoast.com\/wordpress\/plugins\/seo\/ -->\n<title>Tanulm\u00e1ny a k\u00f6z\u00e9p-kelet eur\u00f3pai z\u00f6ldszervezetekr\u0151l - Parola Foly\u00f3irat<\/title>\n<meta name=\"robots\" content=\"index, follow, max-snippet:-1, max-image-preview:large, max-video-preview:-1\" \/>\n<link rel=\"canonical\" href=\"https:\/\/kofe.hu\/parola\/parola-folyoirat\/tanulmany-a-kozep-kelet-europai-zoldszervezetekrol\/\" \/>\n<meta property=\"og:locale\" content=\"hu_HU\" \/>\n<meta property=\"og:type\" content=\"article\" \/>\n<meta property=\"og:title\" content=\"Tanulm\u00e1ny a k\u00f6z\u00e9p-kelet eur\u00f3pai z\u00f6ldszervezetekr\u0151l - Parola Foly\u00f3irat\" \/>\n<meta property=\"og:description\" content=\"A Region\u00e1lis K\u00f6rnyezetv\u00e9delmi K\u00f6zpont megjelentette a \u201cProblems, Progress and Possibilities: A Needs Assessment of Environmental NGOs Central and Eastern Europe\u201d (Probl\u00e9m\u00e1k, fejl\u0151d\u00e9si ir\u00e1nyok \u00e9s lehet\u0151s\u00e9gek: felm\u00e9r\u00e9s a k\u00f6z\u00e9p- \u00e9s kelet-eur\u00f3pai orsz\u00e1gokban m\u0171k\u00f6d\u0151 k\u00f6rnyezetv\u00e9delmi NGO-k sz\u00fcks\u00e9gleteir\u0151l) c\u00edm\u0171 kiadv\u00e1ny\u00e1t.\" \/>\n<meta property=\"og:url\" content=\"https:\/\/kofe.hu\/parola\/parola-folyoirat\/tanulmany-a-kozep-kelet-europai-zoldszervezetekrol\/\" \/>\n<meta property=\"og:site_name\" content=\"Parola Foly\u00f3irat\" \/>\n<meta property=\"article:published_time\" content=\"2020-08-04T15:48:12+00:00\" \/>\n<meta name=\"author\" content=\"maja, pepe\" \/>\n<meta name=\"twitter:card\" content=\"summary_large_image\" \/>\n<meta name=\"twitter:label1\" content=\"Szerz\u0151:\" \/>\n\t<meta name=\"twitter:data1\" content=\"maja\" \/>\n\t<meta name=\"twitter:label2\" content=\"Becs\u00fclt olvas\u00e1si id\u0151\" \/>\n\t<meta name=\"twitter:data2\" content=\"6 perc\" \/>\n\t<meta name=\"twitter:label3\" content=\"Written by\" \/>\n\t<meta name=\"twitter:data3\" content=\"maja, pepe\" \/>\n<script type=\"application\/ld+json\" class=\"yoast-schema-graph\">{\"@context\":\"https:\/\/schema.org\",\"@graph\":[{\"@type\":\"Article\",\"@id\":\"https:\/\/kofe.hu\/parola\/parola-folyoirat\/tanulmany-a-kozep-kelet-europai-zoldszervezetekrol\/#article\",\"isPartOf\":{\"@id\":\"https:\/\/kofe.hu\/parola\/parola-folyoirat\/tanulmany-a-kozep-kelet-europai-zoldszervezetekrol\/\"},\"author\":{\"name\":\"maja\",\"@id\":\"https:\/\/kofe.hu\/parola\/#\/schema\/person\/e463ce723ab5a1f48cea119e8e729fd7\"},\"headline\":\"Tanulm\u00e1ny a k\u00f6z\u00e9p-kelet eur\u00f3pai z\u00f6ldszervezetekr\u0151l\",\"datePublished\":\"2020-08-04T15:48:12+00:00\",\"mainEntityOfPage\":{\"@id\":\"https:\/\/kofe.hu\/parola\/parola-folyoirat\/tanulmany-a-kozep-kelet-europai-zoldszervezetekrol\/\"},\"wordCount\":1282,\"commentCount\":0,\"articleSection\":[\"Parola 1997\/1\",\"Parola Foly\u00f3irat\",\"Repert\u00f3rium\"],\"inLanguage\":\"hu\",\"potentialAction\":[{\"@type\":\"CommentAction\",\"name\":\"Comment\",\"target\":[\"https:\/\/kofe.hu\/parola\/parola-folyoirat\/tanulmany-a-kozep-kelet-europai-zoldszervezetekrol\/#respond\"]}]},{\"@type\":\"WebPage\",\"@id\":\"https:\/\/kofe.hu\/parola\/parola-folyoirat\/tanulmany-a-kozep-kelet-europai-zoldszervezetekrol\/\",\"url\":\"https:\/\/kofe.hu\/parola\/parola-folyoirat\/tanulmany-a-kozep-kelet-europai-zoldszervezetekrol\/\",\"name\":\"Tanulm\u00e1ny a k\u00f6z\u00e9p-kelet eur\u00f3pai z\u00f6ldszervezetekr\u0151l - Parola Foly\u00f3irat\",\"isPartOf\":{\"@id\":\"https:\/\/kofe.hu\/parola\/#website\"},\"datePublished\":\"2020-08-04T15:48:12+00:00\",\"author\":{\"@id\":\"https:\/\/kofe.hu\/parola\/#\/schema\/person\/e463ce723ab5a1f48cea119e8e729fd7\"},\"breadcrumb\":{\"@id\":\"https:\/\/kofe.hu\/parola\/parola-folyoirat\/tanulmany-a-kozep-kelet-europai-zoldszervezetekrol\/#breadcrumb\"},\"inLanguage\":\"hu\",\"potentialAction\":[{\"@type\":\"ReadAction\",\"target\":[\"https:\/\/kofe.hu\/parola\/parola-folyoirat\/tanulmany-a-kozep-kelet-europai-zoldszervezetekrol\/\"]}]},{\"@type\":\"BreadcrumbList\",\"@id\":\"https:\/\/kofe.hu\/parola\/parola-folyoirat\/tanulmany-a-kozep-kelet-europai-zoldszervezetekrol\/#breadcrumb\",\"itemListElement\":[{\"@type\":\"ListItem\",\"position\":1,\"name\":\"Home\",\"item\":\"https:\/\/kofe.hu\/parola\/\"},{\"@type\":\"ListItem\",\"position\":2,\"name\":\"Tanulm\u00e1ny a k\u00f6z\u00e9p-kelet eur\u00f3pai z\u00f6ldszervezetekr\u0151l\"}]},{\"@type\":\"WebSite\",\"@id\":\"https:\/\/kofe.hu\/parola\/#website\",\"url\":\"https:\/\/kofe.hu\/parola\/\",\"name\":\"Parola Foly\u00f3irat\",\"description\":\"\",\"potentialAction\":[{\"@type\":\"SearchAction\",\"target\":{\"@type\":\"EntryPoint\",\"urlTemplate\":\"https:\/\/kofe.hu\/parola\/?s={search_term_string}\"},\"query-input\":{\"@type\":\"PropertyValueSpecification\",\"valueRequired\":true,\"valueName\":\"search_term_string\"}}],\"inLanguage\":\"hu\"},{\"@type\":\"Person\",\"@id\":\"https:\/\/kofe.hu\/parola\/#\/schema\/person\/e463ce723ab5a1f48cea119e8e729fd7\",\"name\":\"maja\",\"image\":{\"@type\":\"ImageObject\",\"inLanguage\":\"hu\",\"@id\":\"https:\/\/kofe.hu\/parola\/#\/schema\/person\/image\/6f3a4816837efa7e2215da7b479a187a\",\"url\":\"https:\/\/secure.gravatar.com\/avatar\/c34fd8a25a7bcbdc90b29ea629589865d618feeca45ac2e165236e34a7abc380?s=96&d=mm&r=g\",\"contentUrl\":\"https:\/\/secure.gravatar.com\/avatar\/c34fd8a25a7bcbdc90b29ea629589865d618feeca45ac2e165236e34a7abc380?s=96&d=mm&r=g\",\"caption\":\"maja\"},\"url\":\"https:\/\/kofe.hu\/parola\/szerzok\/maja\/\"}]}<\/script>\n<!-- \/ Yoast SEO plugin. -->","yoast_head_json":{"title":"Tanulm\u00e1ny a k\u00f6z\u00e9p-kelet eur\u00f3pai z\u00f6ldszervezetekr\u0151l - Parola Foly\u00f3irat","robots":{"index":"index","follow":"follow","max-snippet":"max-snippet:-1","max-image-preview":"max-image-preview:large","max-video-preview":"max-video-preview:-1"},"canonical":"https:\/\/kofe.hu\/parola\/parola-folyoirat\/tanulmany-a-kozep-kelet-europai-zoldszervezetekrol\/","og_locale":"hu_HU","og_type":"article","og_title":"Tanulm\u00e1ny a k\u00f6z\u00e9p-kelet eur\u00f3pai z\u00f6ldszervezetekr\u0151l - Parola Foly\u00f3irat","og_description":"A Region\u00e1lis K\u00f6rnyezetv\u00e9delmi K\u00f6zpont megjelentette a \u201cProblems, Progress and Possibilities: A Needs Assessment of Environmental NGOs Central and Eastern Europe\u201d (Probl\u00e9m\u00e1k, fejl\u0151d\u00e9si ir\u00e1nyok \u00e9s lehet\u0151s\u00e9gek: felm\u00e9r\u00e9s a k\u00f6z\u00e9p- \u00e9s kelet-eur\u00f3pai orsz\u00e1gokban m\u0171k\u00f6d\u0151 k\u00f6rnyezetv\u00e9delmi NGO-k sz\u00fcks\u00e9gleteir\u0151l) c\u00edm\u0171 kiadv\u00e1ny\u00e1t.","og_url":"https:\/\/kofe.hu\/parola\/parola-folyoirat\/tanulmany-a-kozep-kelet-europai-zoldszervezetekrol\/","og_site_name":"Parola Foly\u00f3irat","article_published_time":"2020-08-04T15:48:12+00:00","author":"maja, pepe","twitter_card":"summary_large_image","twitter_misc":{"Szerz\u0151:":"maja","Becs\u00fclt olvas\u00e1si id\u0151":"6 perc","Written by":"maja, pepe"},"schema":{"@context":"https:\/\/schema.org","@graph":[{"@type":"Article","@id":"https:\/\/kofe.hu\/parola\/parola-folyoirat\/tanulmany-a-kozep-kelet-europai-zoldszervezetekrol\/#article","isPartOf":{"@id":"https:\/\/kofe.hu\/parola\/parola-folyoirat\/tanulmany-a-kozep-kelet-europai-zoldszervezetekrol\/"},"author":{"name":"maja","@id":"https:\/\/kofe.hu\/parola\/#\/schema\/person\/e463ce723ab5a1f48cea119e8e729fd7"},"headline":"Tanulm\u00e1ny a k\u00f6z\u00e9p-kelet eur\u00f3pai z\u00f6ldszervezetekr\u0151l","datePublished":"2020-08-04T15:48:12+00:00","mainEntityOfPage":{"@id":"https:\/\/kofe.hu\/parola\/parola-folyoirat\/tanulmany-a-kozep-kelet-europai-zoldszervezetekrol\/"},"wordCount":1282,"commentCount":0,"articleSection":["Parola 1997\/1","Parola Foly\u00f3irat","Repert\u00f3rium"],"inLanguage":"hu","potentialAction":[{"@type":"CommentAction","name":"Comment","target":["https:\/\/kofe.hu\/parola\/parola-folyoirat\/tanulmany-a-kozep-kelet-europai-zoldszervezetekrol\/#respond"]}]},{"@type":"WebPage","@id":"https:\/\/kofe.hu\/parola\/parola-folyoirat\/tanulmany-a-kozep-kelet-europai-zoldszervezetekrol\/","url":"https:\/\/kofe.hu\/parola\/parola-folyoirat\/tanulmany-a-kozep-kelet-europai-zoldszervezetekrol\/","name":"Tanulm\u00e1ny a k\u00f6z\u00e9p-kelet eur\u00f3pai z\u00f6ldszervezetekr\u0151l - Parola Foly\u00f3irat","isPartOf":{"@id":"https:\/\/kofe.hu\/parola\/#website"},"datePublished":"2020-08-04T15:48:12+00:00","author":{"@id":"https:\/\/kofe.hu\/parola\/#\/schema\/person\/e463ce723ab5a1f48cea119e8e729fd7"},"breadcrumb":{"@id":"https:\/\/kofe.hu\/parola\/parola-folyoirat\/tanulmany-a-kozep-kelet-europai-zoldszervezetekrol\/#breadcrumb"},"inLanguage":"hu","potentialAction":[{"@type":"ReadAction","target":["https:\/\/kofe.hu\/parola\/parola-folyoirat\/tanulmany-a-kozep-kelet-europai-zoldszervezetekrol\/"]}]},{"@type":"BreadcrumbList","@id":"https:\/\/kofe.hu\/parola\/parola-folyoirat\/tanulmany-a-kozep-kelet-europai-zoldszervezetekrol\/#breadcrumb","itemListElement":[{"@type":"ListItem","position":1,"name":"Home","item":"https:\/\/kofe.hu\/parola\/"},{"@type":"ListItem","position":2,"name":"Tanulm\u00e1ny a k\u00f6z\u00e9p-kelet eur\u00f3pai z\u00f6ldszervezetekr\u0151l"}]},{"@type":"WebSite","@id":"https:\/\/kofe.hu\/parola\/#website","url":"https:\/\/kofe.hu\/parola\/","name":"Parola Foly\u00f3irat","description":"","potentialAction":[{"@type":"SearchAction","target":{"@type":"EntryPoint","urlTemplate":"https:\/\/kofe.hu\/parola\/?s={search_term_string}"},"query-input":{"@type":"PropertyValueSpecification","valueRequired":true,"valueName":"search_term_string"}}],"inLanguage":"hu"},{"@type":"Person","@id":"https:\/\/kofe.hu\/parola\/#\/schema\/person\/e463ce723ab5a1f48cea119e8e729fd7","name":"maja","image":{"@type":"ImageObject","inLanguage":"hu","@id":"https:\/\/kofe.hu\/parola\/#\/schema\/person\/image\/6f3a4816837efa7e2215da7b479a187a","url":"https:\/\/secure.gravatar.com\/avatar\/c34fd8a25a7bcbdc90b29ea629589865d618feeca45ac2e165236e34a7abc380?s=96&d=mm&r=g","contentUrl":"https:\/\/secure.gravatar.com\/avatar\/c34fd8a25a7bcbdc90b29ea629589865d618feeca45ac2e165236e34a7abc380?s=96&d=mm&r=g","caption":"maja"},"url":"https:\/\/kofe.hu\/parola\/szerzok\/maja\/"}]}},"_links":{"self":[{"href":"https:\/\/kofe.hu\/parola\/wp-json\/wp\/v2\/posts\/5316","targetHints":{"allow":["GET"]}}],"collection":[{"href":"https:\/\/kofe.hu\/parola\/wp-json\/wp\/v2\/posts"}],"about":[{"href":"https:\/\/kofe.hu\/parola\/wp-json\/wp\/v2\/types\/post"}],"author":[{"embeddable":true,"href":"https:\/\/kofe.hu\/parola\/wp-json\/wp\/v2\/users\/514"}],"replies":[{"embeddable":true,"href":"https:\/\/kofe.hu\/parola\/wp-json\/wp\/v2\/comments?post=5316"}],"version-history":[{"count":1,"href":"https:\/\/kofe.hu\/parola\/wp-json\/wp\/v2\/posts\/5316\/revisions"}],"predecessor-version":[{"id":5317,"href":"https:\/\/kofe.hu\/parola\/wp-json\/wp\/v2\/posts\/5316\/revisions\/5317"}],"wp:attachment":[{"href":"https:\/\/kofe.hu\/parola\/wp-json\/wp\/v2\/media?parent=5316"}],"wp:term":[{"taxonomy":"category","embeddable":true,"href":"https:\/\/kofe.hu\/parola\/wp-json\/wp\/v2\/categories?post=5316"},{"taxonomy":"post_tag","embeddable":true,"href":"https:\/\/kofe.hu\/parola\/wp-json\/wp\/v2\/tags?post=5316"},{"taxonomy":"author","embeddable":true,"href":"https:\/\/kofe.hu\/parola\/wp-json\/wp\/v2\/coauthors?post=5316"}],"curies":[{"name":"wp","href":"https:\/\/api.w.org\/{rel}","templated":true}]}}