{"id":5314,"date":"2020-08-04T15:45:46","date_gmt":"2020-08-04T15:45:46","guid":{"rendered":"https:\/\/kofe.hu\/parola\/?p=5314"},"modified":"2020-08-04T15:45:46","modified_gmt":"2020-08-04T15:45:46","slug":"indul-a-baraka-haz","status":"publish","type":"post","link":"https:\/\/kofe.hu\/parola\/parola-folyoirat\/indul-a-baraka-haz\/","title":{"rendered":"Indul a Baraka H\u00e1z"},"content":{"rendered":"<p style=\"text-align: justify;\"><span style=\"font-family: Times New Roman CE;\">Szeretn\u00e9nk t\u00e1j\u00e9koztatni \u00d6nt (T\u00e9ged) a Ferencv\u00e1rosi M\u0171vel\u0151d\u00e9si K\u00f6zpont \u00e9s a Civil R\u00e1di\u00f3n bel\u00fcl m\u0171k\u00f6d\u0151 Baraka r\u00e1di\u00f3magazin k\u00f6z\u00f6s terv\u00e9r\u0151l, a BARAKA H\u00c1Z Egyes\u00fclet megalap\u00edt\u00e1s\u00e1r\u00f3l.<\/span><br \/>\n<span style=\"font-family: Times New Roman CE;\">A baraka sz\u00f3 szufi nyelven \u00e1ld\u00e1st, l\u00e9legzetet vagy az \u00e9let esszenci\u00e1j\u00e1t jelenti, amelyb\u0151l az evol\u00faci\u00f3s folyamat elindul.<\/span><\/p>\n<p style=\"text-align: justify;\"><!--more--><br \/>\n<span style=\"font-family: Times New Roman CE;\">Programunkat a Vil\u00e1gok arca \u2013 Baraka c\u00edm\u0171 film ihlette, amely F\u00f6ld\u00fcnket, mint egy soksz\u00edn\u0171, ezerarc\u00fa m\u00e9gis egy\u00fctt l\u00e9legz\u0151 \u00e9l\u0151l\u00e9nyt mutatta be.<\/span><br \/>\n<span style=\"font-family: Times New Roman CE;\">Mik\u00e9nt e film arra v\u00e1llalkozott, hogy saj\u00e1tos eszk\u00f6zeinek seg\u00edts\u00e9g\u00e9vel egym\u00e1s mellett jelen\u00edtsen meg f\u00f6ldr\u00e9szeket, korokat, kult\u00far\u00e1kat, a szent t\u00e1ncok mozdulatait \u00e9s a term\u00e9szet ritmus\u00e1t, akk\u00e9nt szeretn\u00e9nk bemutatni mi is a holisztikus szeml\u00e9let r\u00e9szek\u00e9nt k\u00fcl\u00f6nb\u00f6z\u0151 tudom\u00e1nyos, filoz\u00f3fiai, vall\u00e1si ir\u00e1nyzatokat \u00e9s az ezekb\u0151l \u00e9p\u00edtkez\u0151 pedag\u00f3giai \u00e9s \u00e9letm\u00f3drendszereket.<\/span><br \/>\n<span style=\"font-family: Times New Roman CE;\">Mik\u00e9nt a filmben az ismeretk\u00f6zl\u00e9s nem a sz\u00f3, hanem a k\u00e9p \u00e9s a zene seg\u00edts\u00e9g\u00e9vel val\u00f3sul meg, hasonl\u00f3k\u00e9ppen a BARAKA H\u00c1Z-ban is az el\u0151ad\u00e1sok mellett ki\u00e1ll\u00edt\u00e1sok k\u00e9pei, \u00e9l\u0151zene, egy\u00fcttbesz\u00e9lget\u00e9sek \u00e9s te\u00e1z\u00e1s valamint m\u0171helymunka is seg\u00edten\u00e9 az aktu\u00e1lis ismeretek \u00e9lm\u00e9nyszer\u0171 elsaj\u00e1t\u00edt\u00e1s\u00e1t.<\/span><\/p>\n<p><span style=\"font-family: Times New Roman CE;\">Az ut\u00f3bbi \u00e9vekben az \u00e9let t\u00f6bb ter\u00fclet\u00e9n szeml\u00e9letv\u00e1ltoz\u00e1st s\u00fcrget\u0151 szellemi szf\u00e9ra elkezdte megteremteni l\u00e9tez\u00e9s\u00e9nek felt\u00e9teleit (ilyen t\u00e9m\u00e1j\u00fa \u00fajs\u00e1gok, k\u00f6nyvkiad\u00f3k, klubok, r\u00e1di\u00f3 \u00e9s tv-m\u0171sorok, veget\u00e1ri\u00e1nus \u00e9ttermek, bio boltok, term\u00e9szetgy\u00f3gy\u00e1szati \u00e9s szellemtudom\u00e1nyi akad\u00e9mi\u00e1k kezdt\u00e9k meg m\u0171k\u00f6d\u00e9s\u00fcket s\u0151t m\u00e9g \u00f6kofalu l\u00e9tes\u00edt\u00e9si kezdem\u00e9nyez\u00e9sek is sz\u00fclettek).<\/span><br \/>\n<span style=\"font-family: Times New Roman CE;\">Sok azonban m\u00e9g a tennival\u00f3, f\u0151k\u00e9ppen a nevel\u00e9s \u00e9s az oktat\u00e1s, a m\u00e9di\u00e1k, az ig\u00e9nyes \u00e9lelmiszerell\u00e1t\u00e1s vagy ak\u00e1r az \u00e9rdekk\u00e9pviselet ter\u00fclet\u00e9n is.<\/span><br \/>\n<span style=\"font-family: Times New Roman CE;\">A BARAKA H\u00c1Z m\u00e1sik c\u00e9lja teh\u00e1t \u2013 a m\u00e1r eml\u00edtett ig\u00e9nyes sz\u00f3rakoz\u00e1si \u00e9s m\u0171vel\u0151d\u00e9si lehet\u0151s\u00e9g megteremt\u00e9se mellett \u2013 egy k\u00f6z\u00f6ss\u00e9gi alapon szervez\u0151d\u0151 szellemi alkot\u00f3 m\u0171hely l\u00e9trehoz\u00e1sa \u00e9s jogi szem\u00e9lyis\u00e9ggel felruh\u00e1zott egyes\u00fcleti form\u00e1ban val\u00f3 m\u0171k\u00f6dtet\u00e9se.<\/span><br \/>\n<span style=\"font-family: Times New Roman CE;\">Az egyes\u00fclet \u00e9ves tagd\u00edja 4000 Ft lesz, amely a szeptembert\u0151l m\u00e1jus v\u00e9g\u00e9ig tart\u00f3 \u00e9vadban k\u00e9thetente h\u00e9tf\u0151i napokon tartand\u00f3 \u00f6sszej\u00f6veteleken val\u00f3 r\u00e9szv\u00e9telre jogos\u00edt fel \u00e9s a BARAKA H\u00c1Z tov\u00e1bbi tev\u00e9kenys\u00e9geire (t\u00e1borok, rendezv\u00e9nyek) is kedvezm\u00e9nyt biztos\u00edt. Az el\u0151ad\u00e1sokra az alkalmi bel\u00e9p\u0151 300 Ft lesz.<\/span><\/p>\n<p><span style=\"font-family: Times New Roman CE;\">V\u00e1runk T\u00e9ged is, ha sz\u00edvesen r\u00e9szt venn\u00e9l a BARAKA H\u00c1Z \u00e9let\u00e9ben!<\/span><\/p>\n<p><span style=\"font-family: Times New Roman CE;\">Tov\u00e1bbi inform\u00e1ci\u00f3val lev\u00e9lben vagy telefonon is szolg\u00e1lunk a k\u00f6vetkez\u0151 c\u00edmen \u00e9s telefonsz\u00e1mon: Ferencv\u00e1rosi M\u0171vel\u0151d\u00e9si K\u00f6zpont 1096 Budapest, Haller u. 27. Tel.: 215-5741 vagy Civil R\u00e1di\u00f3 Baraka r\u00e1di\u00f3magazin 1581 Bp., Pf. 114,<\/span><br \/>\n<span style=\"font-family: Times New Roman CE;\">Tel.: 201-1417, szombaton 13-t\u00f3l 14 \u00f3r\u00e1ig \u2013 az ad\u00e1s ideje alatt!<\/span><\/p>\n<p><span style=\"font-family: Times New Roman CE;\">K\u00e9rj\u00fck r\u00e9szv\u00e9teli sz\u00e1nd\u00e9kodat jelezd, hogy a tov\u00e1bbi tervez\u00e9shez az ig\u00e9nyeket figyelembe v\u00e9ve tudjunk a szeptemberi kezd\u00e9sre el\u0151k\u00e9sz\u00fclni.<\/span><\/p>\n<p><span style=\"font-family: Times New Roman CE;\">Budapest, 1997. m\u00e1jus 15.<\/span><\/p>\n<p><span style=\"font-family: Times New Roman CE;\">Bar\u00e1ti \u00fcdv\u00f6zlettel:<\/span><\/p>\n<p><span style=\"font-family: Times New Roman CE;\">Fekete G\u00e1bor Szegedi Zsuzsa<\/span><br \/>\n<span style=\"font-family: Times New Roman CE;\">a Baraka Az FMK<\/span><br \/>\n<span style=\"font-family: Times New Roman CE;\">r\u00e1di\u00f3magazin munkat\u00e1rsa<\/span><br \/>\n<span style=\"font-family: Times New Roman CE;\">szerkeszt\u0151je<\/span><\/p>\n<p><span style=\"font-family: Times New Roman CE;\">A BARAKA H\u00c1Z PROGRAMJ\u00c1BAN A K\u00d6VETKEZ\u0150 T\u00c9M\u00c1KAT \u00c9S EL\u0150AD\u00d3KAT K\u00cdV\u00c1NJUK SZEREPELTETNI<\/span><\/p>\n<p><span style=\"font-family: Times New Roman CE;\">Term\u00e9szetgy\u00f3gy\u00e1szat:<\/span><br \/>\n<span style=\"font-family: Times New Roman CE;\">Dr. S\u00e1gi M\u00e1ria \u00e9s S\u00e1gi Istv\u00e1n (homeop\u00e1tia), Szepesi D\u00f3ra (reformt\u00e1pl\u00e1lkoz\u00e1s) dr. T\u00f6r\u00f6k Szilveszter (holisztikus diagnosztikai m\u00f3dszerek), dr. E\u0151ry Aj\u00e1ndok (k\u00ednai gy\u00f3gym\u00f3dok)<\/span><\/p>\n<p><span style=\"font-family: Times New Roman CE;\">Parapszichol\u00f3gia:<\/span><br \/>\n<span style=\"font-family: Times New Roman CE;\">dr. Egely Gy\u00f6rgy, Paulinyi Tam\u00e1s<\/span><\/p>\n<p><span style=\"font-family: Times New Roman CE;\">Pedag\u00f3gia:<\/span><br \/>\n<span style=\"font-family: Times New Roman CE;\">Vekerdy Tam\u00e1s, Simonfalvy L\u00e1szl\u00f3, Sz\u00e9kely Gy\u00f6rgy, Paulinyi Tam\u00e1s, Kopcsik Istv\u00e1n, Jakab Tibor<\/span><\/p>\n<p><span style=\"font-family: Times New Roman CE;\">Ezot\u00e9ria \u2013 szellemtudom\u00e1nyok:<\/span><br \/>\n<span style=\"font-family: Times New Roman CE;\">Sz\u00e9kely Gy\u00f6rgy, L\u00e1szl\u00f3 Ervin, L\u00e1szl\u00f3 Ruth, Popper P\u00e9ter, N\u00e1dorffy Lajos<\/span><\/p>\n<p><span style=\"font-family: Times New Roman CE;\">Vall\u00e1s \u2013 spiritualizmus:<\/span><br \/>\n<span style=\"font-family: Times New Roman CE;\">Moln\u00e1r Edit, Dombi Ferenc, Bul\u00e1nyi Gy\u00f6rgy, Gy\u00f6k\u00f6ssy Endre, Kemenes G\u00e1bor, Honti Marg\u00f3, Biegelbauer P\u00e1l, B\u00e1nyai G\u00e9za, M\u00fcller P\u00e9ter<\/span><\/p>\n<p><span style=\"font-family: Times New Roman CE;\">M\u0171v\u00e9szetek:<\/span><br \/>\n<span style=\"font-family: Times New Roman CE;\">R\u00e9v\u00e1sz \u00c1gnes, Lajk\u00f3 F\u00e9lix, Csik\u00f3s Ilona, K\u00e1rolyi Zs\u00f3fia, Kov\u00e1cs Attila, Balogh Jen\u0151, Kazanl\u00e1r \u00c1min Emil, Labant Csaba, az Arvisura Sz\u00ednh\u00e1z tagjai<\/span><\/p>\n<p><span style=\"font-family: Times New Roman CE;\">M\u0171v\u00e9szett\u00f6rt\u00e9net:<\/span><br \/>\n<span style=\"font-family: Times New Roman CE;\">Jankovich Marcell, Papp G\u00e1bor, Moln\u00e1r V. J\u00f3zsef, Jakab Tibor<\/span><\/p>\n<p><span style=\"font-family: Times New Roman CE;\">K\u00f6rnyezetv\u00e9delem \u2013 \u00f6kol\u00f3gia:<\/span><br \/>\n<span style=\"font-family: Times New Roman CE;\">Sebe\u0151k J\u00e1nos, L\u00e1szl\u00f3 Ervin, Mezei Kl\u00e1ra, Balogh Jen\u0151, Mikola Kl\u00e1ra, B\u00e1nyai G\u00e9za<\/span><br \/>\n<b><span style=\"font-family: Times New Roman CE;\">Baraka \u2013 magazin egy teljesebb \u00e9let\u00e9rt<\/span><\/b><\/p>\n<p><span style=\"font-family: Times New Roman CE;\">Szombat 13,00-14,00 szerkeszt\u0151k: B\u00e1nyay G\u00e9za, Fekete G\u00e1bor, Paulinyi Tam\u00e1s, Vass Boldizs\u00e1r.<\/span><\/p>\n<p><span style=\"font-family: Times New Roman CE;\">A Baraka magazin egyik sz\u00fcl\u0151atyj\u00e1t \u2013 Fekete G\u00e1bort \u2013 k\u00e9rdeztem a magazin t\u00f6rt\u00e9net\u00e9r\u0151l, eszmeis\u00e9g\u00e9r\u0151l.<\/span><\/p>\n<p><i><span style=\"font-family: Times New Roman CE;\">\u2013 Egy \u00e9ve sz\u00f3l a Baraka \u2013 magazin egy teljesebb \u00e9let\u00e9rt. Mutasd be k\u00e9rlek a m\u0171sort.<\/span><\/i><br \/>\n<span style=\"font-family: Times New Roman CE;\">\u2013 K\u00e9t \u00e9ve volt egy mozifilm A vil\u00e1gok arca \u2013 Baraka c\u00edmmel. Ez a film sz\u00e1munkra a F\u00f6ldet, mint egy sokarc\u00fa, soksz\u00edn\u0171 l\u00e9legz\u0151 l\u00e9nyt mutatta be. Term\u00e9szeti jelens\u00e9gek, az \u00e1llatvil\u00e1g, term\u00e9szeti n\u00e9pek \u00e9s a civiliz\u00e1lt emberi t\u00e1rsadalmak \u00e9letk\u00e9peit egyszerre. \u00d6sszef\u00fcgg\u00e9seiben \u00e9s egym\u00e1sra utalts\u00e1gukban. Ez adta az ind\u00edt\u00f3 gondolatot, hogy \u2013 mai divatos sz\u00f3val \u00e9lve \u2013 a holisztikus \u00e9letszeml\u00e9letet, \u00e9letform\u00e1t bemutassuk az embereknek p\u00e9ld\u00e1ul egy r\u00e1di\u00f3m\u0171sor form\u00e1j\u00e1ban. Egy\u00fattal egy kiutat szeretn\u00e9nk mutatni a mai vil\u00e1gb\u00f3l, amelyben egyre n\u0151 a k\u00e1osz. Nem vagyunk semmilyen ir\u00e1nyzatnak, szervezetnek, csoportnak elk\u00f6telezettjei. A Baraka teh\u00e1t sz\u00f3l term\u00e9szetgy\u00f3gy\u00e1szatr\u00f3l, szellemtudom\u00e1nyokr\u00f3l \u00e9s a holisztikus pedag\u00f3giai, m\u0171v\u00e9szeti \u00e9s vall\u00e1si jelens\u00e9gekr\u0151l, m\u00f3dszerekr\u0151l.<\/span><br \/>\n<i><span style=\"font-family: Times New Roman CE;\">\u2013 Mit jelent az, hogy holisztikus ir\u00e1nyzat, m\u00f3dszer?<\/span><\/i><br \/>\n<span style=\"font-family: Times New Roman CE;\">\u2013 A sz\u00f3 g\u00f6r\u00f6g eredet\u0171, teljeset, teljess\u00e9get jelent. A holisztikus term\u00e9szetgy\u00f3gy\u00e1szati, pedag\u00f3giai, m\u0171v\u00e9szeti ir\u00e1nyzatok c\u00e9lja, hogy r\u00e1mutasson, ha \u00f6nmagukban megteremtj\u00fck a b\u00e9k\u00e9t, a harm\u00f3ni\u00e1t, a teljess\u00e9get, akkor v\u00e1lhat \u00e9let\u00fcnk \u00e9s bels\u0151 vil\u00e1gunk harmonikuss\u00e1, teljesebb\u00e9. A teljesebb ember saj\u00e1toss\u00e1ga pedig az, hogy mivel l\u00e1t\u00e1sm\u00f3dja \u00e9s \u00e9rz\u00e9svil\u00e1ga nyitottabb, teljesebb lett, egyre t\u00f6bb \u00e9rz\u00e9kenys\u00e9get, k\u00e9pess\u00e9get fedez fel mag\u00e1ban, a pedag\u00f3gia, a m\u0171v\u00e9szetek, a vall\u00e1sok \u00e9s tudom\u00e1nyos ir\u00e1nyzatok ter\u00e9n. Az ilyen ember autodidakta m\u00f3don egy kis polihisztorr\u00e1 v\u00e1lhat, \u00e9s \u00e1t\u00e9lheti azt, hogy a benne \u00e9l\u0151 \u00e9s most m\u00e1r meg is nyilv\u00e1nul\u00f3 tud\u00f3sm\u0171v\u00e9sz-tan\u00edt\u00f3 \u00e9s gy\u00f3gy\u00edt\u00f3 \u00e9nj\u00e9nek a forr\u00e1sa, gy\u00f6kere egy.<\/span><br \/>\n<i><span style=\"font-family: Times New Roman CE;\">\u2013 Ahhoz, hogy hitelesen tudjatok err\u0151l besz\u00e9lni, megk\u00fcl\u00f6nb\u00f6ztetni a sarlat\u00e1nokat az igazi gy\u00f3gy\u00edt\u00f3kt\u00f3l, nektek is \u00e1t kellett \u00e9lni mindezeket a v\u00e1ltoz\u00e1sokat, ez\u00e1ltal ti is egy kicsit polihisztorr\u00e1 kellett hogy v\u00e1ljatok. J\u00f3l gondolom?<\/span><\/i><br \/>\n<span style=\"font-family: Times New Roman CE;\">\u2013 Igen, azt is mondhatom, hogy mindannyian kezd\u0151 polihisztoroknak sz\u00e1m\u00edtunk. Erre legklasszikusabb p\u00e9lda Paulinyi Tam\u00e1s esete, akivel f\u00e9l \u00e9vig ketten csin\u00e1ltuk a m\u0171sort. \u0150 gyakorlatilag tudom\u00e1nyos kutat\u00f3, tan\u00e1r, \u00edr\u00f3 \u00e9s k\u00f6lt\u0151 egy szem\u00e9lyben. Parapszichol\u00f3giai laborat\u00f3riumban dolgozik, ugyanakkor nemr\u00e9g jelent meg egy versesk\u00f6tete. Vass Boldizs\u00e1r \u00e9s B\u00e1nyay G\u00e9za v\u00e1llalkoz\u00f3k \u00e9s \u00fajs\u00e1gok cikkeinek szerz\u0151i, \u00edr\u00f3i egyben. J\u00f3magam szint\u00e9n szoktam verseket \u00edrni, most k\u00e9sz\u00fcl els\u0151 reg\u00e9nyem, de engem is rendk\u00edv\u00fcl \u00e9rdekel a tan\u00edt\u00e1s, a gy\u00f3gy\u00edt\u00e1s \u00e9s elm\u00e9ly\u00fclten foglalkozom meteorol\u00f3gi\u00e1val, t\u00f6rt\u00e9nelemmel \u00e9s szellemtudom\u00e1nyokkal.<\/span><\/p>\n<p><i><span style=\"font-family: Times New Roman CE;\">(A Civil R\u00e1di\u00f3 H\u00edrlevel\u00e9b\u0151l)<\/span><\/i><\/p>\n","protected":false},"excerpt":{"rendered":"<p>Szeretn\u00e9nk t\u00e1j\u00e9koztatni \u00d6nt (T\u00e9ged) a Ferencv\u00e1rosi M\u0171vel\u0151d\u00e9si K\u00f6zpont \u00e9s a Civil R\u00e1di\u00f3n bel\u00fcl m\u0171k\u00f6d\u0151 Baraka r\u00e1di\u00f3magazin k\u00f6z\u00f6s terv\u00e9r\u0151l, a BARAKA H\u00c1Z Egyes\u00fclet megalap\u00edt\u00e1s\u00e1r\u00f3l. A baraka sz\u00f3 szufi nyelven \u00e1ld\u00e1st, l\u00e9legzetet vagy az \u00e9let esszenci\u00e1j\u00e1t jelenti, amelyb\u0151l az evol\u00faci\u00f3s folyamat elindul.<\/p>\n","protected":false},"author":513,"featured_media":0,"comment_status":"open","ping_status":"open","sticky":false,"template":"","format":"standard","meta":{"_acf_changed":false,"footnotes":""},"categories":[418,8,7],"tags":[],"coauthors":[678,679],"class_list":["post-5314","post","type-post","status-publish","format-standard","hentry","category-parola-1997-1","category-parola-folyoirat","category-repertorium"],"acf":[],"yoast_head":"<!-- This site is optimized with the Yoast SEO plugin v26.7 - https:\/\/yoast.com\/wordpress\/plugins\/seo\/ -->\n<title>Indul a Baraka H\u00e1z - Parola Foly\u00f3irat<\/title>\n<meta name=\"robots\" content=\"index, follow, max-snippet:-1, max-image-preview:large, max-video-preview:-1\" \/>\n<link rel=\"canonical\" href=\"https:\/\/kofe.hu\/parola\/parola-folyoirat\/indul-a-baraka-haz\/\" \/>\n<meta property=\"og:locale\" content=\"hu_HU\" \/>\n<meta property=\"og:type\" content=\"article\" \/>\n<meta property=\"og:title\" content=\"Indul a Baraka H\u00e1z - Parola Foly\u00f3irat\" \/>\n<meta property=\"og:description\" content=\"Szeretn\u00e9nk t\u00e1j\u00e9koztatni \u00d6nt (T\u00e9ged) a Ferencv\u00e1rosi M\u0171vel\u0151d\u00e9si K\u00f6zpont \u00e9s a Civil R\u00e1di\u00f3n bel\u00fcl m\u0171k\u00f6d\u0151 Baraka r\u00e1di\u00f3magazin k\u00f6z\u00f6s terv\u00e9r\u0151l, a BARAKA H\u00c1Z Egyes\u00fclet megalap\u00edt\u00e1s\u00e1r\u00f3l. A baraka sz\u00f3 szufi nyelven \u00e1ld\u00e1st, l\u00e9legzetet vagy az \u00e9let esszenci\u00e1j\u00e1t jelenti, amelyb\u0151l az evol\u00faci\u00f3s folyamat elindul.\" \/>\n<meta property=\"og:url\" content=\"https:\/\/kofe.hu\/parola\/parola-folyoirat\/indul-a-baraka-haz\/\" \/>\n<meta property=\"og:site_name\" content=\"Parola Foly\u00f3irat\" \/>\n<meta property=\"article:published_time\" content=\"2020-08-04T15:45:46+00:00\" \/>\n<meta name=\"author\" content=\"Szegedi Zsuzsa, Fekete G\u00e1bor\" \/>\n<meta name=\"twitter:card\" content=\"summary_large_image\" \/>\n<meta name=\"twitter:label1\" content=\"Szerz\u0151:\" \/>\n\t<meta name=\"twitter:data1\" content=\"Szegedi Zsuzsa\" \/>\n\t<meta name=\"twitter:label2\" content=\"Becs\u00fclt olvas\u00e1si id\u0151\" \/>\n\t<meta name=\"twitter:data2\" content=\"7 perc\" \/>\n\t<meta name=\"twitter:label3\" content=\"Written by\" \/>\n\t<meta name=\"twitter:data3\" content=\"Szegedi Zsuzsa, Fekete G\u00e1bor\" \/>\n<script type=\"application\/ld+json\" class=\"yoast-schema-graph\">{\"@context\":\"https:\/\/schema.org\",\"@graph\":[{\"@type\":\"Article\",\"@id\":\"https:\/\/kofe.hu\/parola\/parola-folyoirat\/indul-a-baraka-haz\/#article\",\"isPartOf\":{\"@id\":\"https:\/\/kofe.hu\/parola\/parola-folyoirat\/indul-a-baraka-haz\/\"},\"author\":{\"name\":\"Szegedi Zsuzsa\",\"@id\":\"https:\/\/kofe.hu\/parola\/#\/schema\/person\/e211fdc82c2b6cd0b00bf0459789b771\"},\"headline\":\"Indul a Baraka H\u00e1z\",\"datePublished\":\"2020-08-04T15:45:46+00:00\",\"mainEntityOfPage\":{\"@id\":\"https:\/\/kofe.hu\/parola\/parola-folyoirat\/indul-a-baraka-haz\/\"},\"wordCount\":1392,\"commentCount\":0,\"articleSection\":[\"Parola 1997\/1\",\"Parola Foly\u00f3irat\",\"Repert\u00f3rium\"],\"inLanguage\":\"hu\",\"potentialAction\":[{\"@type\":\"CommentAction\",\"name\":\"Comment\",\"target\":[\"https:\/\/kofe.hu\/parola\/parola-folyoirat\/indul-a-baraka-haz\/#respond\"]}]},{\"@type\":\"WebPage\",\"@id\":\"https:\/\/kofe.hu\/parola\/parola-folyoirat\/indul-a-baraka-haz\/\",\"url\":\"https:\/\/kofe.hu\/parola\/parola-folyoirat\/indul-a-baraka-haz\/\",\"name\":\"Indul a Baraka H\u00e1z - Parola Foly\u00f3irat\",\"isPartOf\":{\"@id\":\"https:\/\/kofe.hu\/parola\/#website\"},\"datePublished\":\"2020-08-04T15:45:46+00:00\",\"author\":{\"@id\":\"https:\/\/kofe.hu\/parola\/#\/schema\/person\/e211fdc82c2b6cd0b00bf0459789b771\"},\"breadcrumb\":{\"@id\":\"https:\/\/kofe.hu\/parola\/parola-folyoirat\/indul-a-baraka-haz\/#breadcrumb\"},\"inLanguage\":\"hu\",\"potentialAction\":[{\"@type\":\"ReadAction\",\"target\":[\"https:\/\/kofe.hu\/parola\/parola-folyoirat\/indul-a-baraka-haz\/\"]}]},{\"@type\":\"BreadcrumbList\",\"@id\":\"https:\/\/kofe.hu\/parola\/parola-folyoirat\/indul-a-baraka-haz\/#breadcrumb\",\"itemListElement\":[{\"@type\":\"ListItem\",\"position\":1,\"name\":\"Home\",\"item\":\"https:\/\/kofe.hu\/parola\/\"},{\"@type\":\"ListItem\",\"position\":2,\"name\":\"Indul a Baraka H\u00e1z\"}]},{\"@type\":\"WebSite\",\"@id\":\"https:\/\/kofe.hu\/parola\/#website\",\"url\":\"https:\/\/kofe.hu\/parola\/\",\"name\":\"Parola Foly\u00f3irat\",\"description\":\"\",\"potentialAction\":[{\"@type\":\"SearchAction\",\"target\":{\"@type\":\"EntryPoint\",\"urlTemplate\":\"https:\/\/kofe.hu\/parola\/?s={search_term_string}\"},\"query-input\":{\"@type\":\"PropertyValueSpecification\",\"valueRequired\":true,\"valueName\":\"search_term_string\"}}],\"inLanguage\":\"hu\"},{\"@type\":\"Person\",\"@id\":\"https:\/\/kofe.hu\/parola\/#\/schema\/person\/e211fdc82c2b6cd0b00bf0459789b771\",\"name\":\"Szegedi Zsuzsa\",\"image\":{\"@type\":\"ImageObject\",\"inLanguage\":\"hu\",\"@id\":\"https:\/\/kofe.hu\/parola\/#\/schema\/person\/image\/a08f654693a74a52e549646aa566943b\",\"url\":\"https:\/\/secure.gravatar.com\/avatar\/550f118c697f10b630d00a5a467f984288b2fd251c7a20aa7cdf103840bb9ea3?s=96&d=mm&r=g\",\"contentUrl\":\"https:\/\/secure.gravatar.com\/avatar\/550f118c697f10b630d00a5a467f984288b2fd251c7a20aa7cdf103840bb9ea3?s=96&d=mm&r=g\",\"caption\":\"Szegedi Zsuzsa\"},\"url\":\"https:\/\/kofe.hu\/parola\/szerzok\/szegedi-zsuzsa\/\"}]}<\/script>\n<!-- \/ Yoast SEO plugin. -->","yoast_head_json":{"title":"Indul a Baraka H\u00e1z - Parola Foly\u00f3irat","robots":{"index":"index","follow":"follow","max-snippet":"max-snippet:-1","max-image-preview":"max-image-preview:large","max-video-preview":"max-video-preview:-1"},"canonical":"https:\/\/kofe.hu\/parola\/parola-folyoirat\/indul-a-baraka-haz\/","og_locale":"hu_HU","og_type":"article","og_title":"Indul a Baraka H\u00e1z - Parola Foly\u00f3irat","og_description":"Szeretn\u00e9nk t\u00e1j\u00e9koztatni \u00d6nt (T\u00e9ged) a Ferencv\u00e1rosi M\u0171vel\u0151d\u00e9si K\u00f6zpont \u00e9s a Civil R\u00e1di\u00f3n bel\u00fcl m\u0171k\u00f6d\u0151 Baraka r\u00e1di\u00f3magazin k\u00f6z\u00f6s terv\u00e9r\u0151l, a BARAKA H\u00c1Z Egyes\u00fclet megalap\u00edt\u00e1s\u00e1r\u00f3l. A baraka sz\u00f3 szufi nyelven \u00e1ld\u00e1st, l\u00e9legzetet vagy az \u00e9let esszenci\u00e1j\u00e1t jelenti, amelyb\u0151l az evol\u00faci\u00f3s folyamat elindul.","og_url":"https:\/\/kofe.hu\/parola\/parola-folyoirat\/indul-a-baraka-haz\/","og_site_name":"Parola Foly\u00f3irat","article_published_time":"2020-08-04T15:45:46+00:00","author":"Szegedi Zsuzsa, Fekete G\u00e1bor","twitter_card":"summary_large_image","twitter_misc":{"Szerz\u0151:":"Szegedi Zsuzsa","Becs\u00fclt olvas\u00e1si id\u0151":"7 perc","Written by":"Szegedi Zsuzsa, Fekete G\u00e1bor"},"schema":{"@context":"https:\/\/schema.org","@graph":[{"@type":"Article","@id":"https:\/\/kofe.hu\/parola\/parola-folyoirat\/indul-a-baraka-haz\/#article","isPartOf":{"@id":"https:\/\/kofe.hu\/parola\/parola-folyoirat\/indul-a-baraka-haz\/"},"author":{"name":"Szegedi Zsuzsa","@id":"https:\/\/kofe.hu\/parola\/#\/schema\/person\/e211fdc82c2b6cd0b00bf0459789b771"},"headline":"Indul a Baraka H\u00e1z","datePublished":"2020-08-04T15:45:46+00:00","mainEntityOfPage":{"@id":"https:\/\/kofe.hu\/parola\/parola-folyoirat\/indul-a-baraka-haz\/"},"wordCount":1392,"commentCount":0,"articleSection":["Parola 1997\/1","Parola Foly\u00f3irat","Repert\u00f3rium"],"inLanguage":"hu","potentialAction":[{"@type":"CommentAction","name":"Comment","target":["https:\/\/kofe.hu\/parola\/parola-folyoirat\/indul-a-baraka-haz\/#respond"]}]},{"@type":"WebPage","@id":"https:\/\/kofe.hu\/parola\/parola-folyoirat\/indul-a-baraka-haz\/","url":"https:\/\/kofe.hu\/parola\/parola-folyoirat\/indul-a-baraka-haz\/","name":"Indul a Baraka H\u00e1z - Parola Foly\u00f3irat","isPartOf":{"@id":"https:\/\/kofe.hu\/parola\/#website"},"datePublished":"2020-08-04T15:45:46+00:00","author":{"@id":"https:\/\/kofe.hu\/parola\/#\/schema\/person\/e211fdc82c2b6cd0b00bf0459789b771"},"breadcrumb":{"@id":"https:\/\/kofe.hu\/parola\/parola-folyoirat\/indul-a-baraka-haz\/#breadcrumb"},"inLanguage":"hu","potentialAction":[{"@type":"ReadAction","target":["https:\/\/kofe.hu\/parola\/parola-folyoirat\/indul-a-baraka-haz\/"]}]},{"@type":"BreadcrumbList","@id":"https:\/\/kofe.hu\/parola\/parola-folyoirat\/indul-a-baraka-haz\/#breadcrumb","itemListElement":[{"@type":"ListItem","position":1,"name":"Home","item":"https:\/\/kofe.hu\/parola\/"},{"@type":"ListItem","position":2,"name":"Indul a Baraka H\u00e1z"}]},{"@type":"WebSite","@id":"https:\/\/kofe.hu\/parola\/#website","url":"https:\/\/kofe.hu\/parola\/","name":"Parola Foly\u00f3irat","description":"","potentialAction":[{"@type":"SearchAction","target":{"@type":"EntryPoint","urlTemplate":"https:\/\/kofe.hu\/parola\/?s={search_term_string}"},"query-input":{"@type":"PropertyValueSpecification","valueRequired":true,"valueName":"search_term_string"}}],"inLanguage":"hu"},{"@type":"Person","@id":"https:\/\/kofe.hu\/parola\/#\/schema\/person\/e211fdc82c2b6cd0b00bf0459789b771","name":"Szegedi Zsuzsa","image":{"@type":"ImageObject","inLanguage":"hu","@id":"https:\/\/kofe.hu\/parola\/#\/schema\/person\/image\/a08f654693a74a52e549646aa566943b","url":"https:\/\/secure.gravatar.com\/avatar\/550f118c697f10b630d00a5a467f984288b2fd251c7a20aa7cdf103840bb9ea3?s=96&d=mm&r=g","contentUrl":"https:\/\/secure.gravatar.com\/avatar\/550f118c697f10b630d00a5a467f984288b2fd251c7a20aa7cdf103840bb9ea3?s=96&d=mm&r=g","caption":"Szegedi Zsuzsa"},"url":"https:\/\/kofe.hu\/parola\/szerzok\/szegedi-zsuzsa\/"}]}},"_links":{"self":[{"href":"https:\/\/kofe.hu\/parola\/wp-json\/wp\/v2\/posts\/5314","targetHints":{"allow":["GET"]}}],"collection":[{"href":"https:\/\/kofe.hu\/parola\/wp-json\/wp\/v2\/posts"}],"about":[{"href":"https:\/\/kofe.hu\/parola\/wp-json\/wp\/v2\/types\/post"}],"author":[{"embeddable":true,"href":"https:\/\/kofe.hu\/parola\/wp-json\/wp\/v2\/users\/513"}],"replies":[{"embeddable":true,"href":"https:\/\/kofe.hu\/parola\/wp-json\/wp\/v2\/comments?post=5314"}],"version-history":[{"count":1,"href":"https:\/\/kofe.hu\/parola\/wp-json\/wp\/v2\/posts\/5314\/revisions"}],"predecessor-version":[{"id":5315,"href":"https:\/\/kofe.hu\/parola\/wp-json\/wp\/v2\/posts\/5314\/revisions\/5315"}],"wp:attachment":[{"href":"https:\/\/kofe.hu\/parola\/wp-json\/wp\/v2\/media?parent=5314"}],"wp:term":[{"taxonomy":"category","embeddable":true,"href":"https:\/\/kofe.hu\/parola\/wp-json\/wp\/v2\/categories?post=5314"},{"taxonomy":"post_tag","embeddable":true,"href":"https:\/\/kofe.hu\/parola\/wp-json\/wp\/v2\/tags?post=5314"},{"taxonomy":"author","embeddable":true,"href":"https:\/\/kofe.hu\/parola\/wp-json\/wp\/v2\/coauthors?post=5314"}],"curies":[{"name":"wp","href":"https:\/\/api.w.org\/{rel}","templated":true}]}}