{"id":5308,"date":"2020-08-04T15:39:41","date_gmt":"2020-08-04T15:39:41","guid":{"rendered":"https:\/\/kofe.hu\/parola\/?p=5308"},"modified":"2020-08-04T15:39:41","modified_gmt":"2020-08-04T15:39:41","slug":"civil-kozossegek-haza","status":"publish","type":"post","link":"https:\/\/kofe.hu\/parola\/parola-folyoirat\/civil-kozossegek-haza\/","title":{"rendered":"Civil K\u00f6z\u00f6ss\u00e9gek H\u00e1za"},"content":{"rendered":"<p style=\"text-align: justify;\"><i><span style=\"font-family: Times New Roman CE;\">A H\u00e1l\u00f3zat a Demokr\u00e1ci\u00e1\u00e9rt Program<\/span><\/i><span style=\"font-family: Times New Roman CE;\">\u00a0(DemNet),\u00a0<\/span><i><span style=\"font-family: Times New Roman CE;\">P\u00e9cs Megyei Jog\u00fa V\u00e1ros \u00d6nkorm\u00e1nyzata<\/span><\/i><span style=\"font-family: Times New Roman CE;\">\u00a0\u00e9s a\u00a0<\/span><i><span style=\"font-family: Times New Roman CE;\">Nevel\u0151k H\u00e1za Egyes\u00fclet<\/span><\/i><span style=\"font-family: Times New Roman CE;\">\u00a0egy\u00fcttm\u0171k\u00f6d\u00e9s\u00e9vel l\u00e9trehozott int\u00e9zm\u00e9nyt\u00a0<\/span><i><span style=\"font-family: Times New Roman CE;\">Thoma F. Cornell<\/span><\/i><span style=\"font-family: Times New Roman CE;\">\u00a0\u00far, a USAID magyarorsz\u00e1gi k\u00e9pvisel\u0151je adta \u00e1t a k\u00f6zj\u00f3nak.<\/span><br \/>\n<span style=\"font-family: Times New Roman CE;\">A program szakmai jelent\u0151s\u00e9g\u00e9r\u0151l, h\u00e1tter\u00e9r\u0151l\u00a0<\/span><i><span style=\"font-family: Times New Roman CE;\">Z\u00e1m M\u00e1ria<\/span><\/i><span style=\"font-family: Times New Roman CE;\">, a H\u00e1l\u00f3zat a Demokr\u00e1ci\u00e1\u00e9rt Program igazgat\u00f3ja \u00e9s\u00a0<\/span><i><span style=\"font-family: Times New Roman CE;\">Dr. Ujv\u00e1ri Jen\u0151<\/span><\/i><span style=\"font-family: Times New Roman CE;\">, P\u00e9cs Megyei Jog\u00fa V\u00e1ros alpolg\u00e1rmestere \u00e9s\u00a0<\/span><i><span style=\"font-family: Times New Roman CE;\">Vincze Csilla<\/span><\/i><span style=\"font-family: Times New Roman CE;\">\u00a0a Nevel\u0151k H\u00e1za Egyes\u00fclet \u00fcgyvezet\u0151 igazgat\u00f3ja sz\u00f3lt.<\/span><\/p>\n<p style=\"text-align: justify;\"><!--more--><br \/>\n<span style=\"font-family: Times New Roman CE;\">Az amerikai korm\u00e1ny t\u00e1mogat\u00e1s\u00e1val meg\u00fajult \u00e9s kib\u0151v\u00fclt a p\u00e9csi civil k\u00f6z\u00f6ss\u00e9geknek, nonprofit szervezeteknek otthont, szakmai programokat, k\u00e9pz\u00e9seket, inform\u00e1ci\u00f3kat, szolg\u00e1ltat\u00e1sokat ny\u00fajt\u00f3\u00a0<\/span><i><span style=\"font-family: Times New Roman CE;\">Nevel\u0151k H\u00e1za,<\/span><\/i><span style=\"font-family: Times New Roman CE;\">\u00a0amely a \u201cCivilbar\u00e1t \u00f6nkorm\u00e1nyzat\u201d Program keret\u00e9ben a helyi \u00f6nkorm\u00e1nyzattal kialak\u00edtand\u00f3 hossz\u00fat\u00e1v\u00fa program szakmai b\u00e1zis\u00e1t k\u00e9pezi.<\/span><br \/>\n<span style=\"font-family: Times New Roman CE;\">A Civil K\u00f6z\u00f6ss\u00e9gek H\u00e1za el\u0151seg\u00edti az egy\u00fcttm\u0171k\u00f6d\u00e9st a p\u00e9csi illetve a r\u00e9gi\u00f3 m\u00e1s \u00f6nkorm\u00e1nyzatai \u00e9s a nonprofit szerepl\u0151k k\u00f6z\u00f6tt. A p\u00e9csi \u00f6nkorm\u00e1nyzat legal\u00e1bb 15 \u00e9vre biztos\u00edtja az ingatlan ingyenes haszn\u00e1lat\u00e1t, k\u00f6lts\u00e9gvet\u00e9s\u00e9ben minden \u00e9vben p\u00e9nzt k\u00fcl\u00f6n\u00edt el a dologi fenntart\u00e1s fedez\u00e9s\u00e9re, \u00e9s civil referensi munkak\u00f6rt hozott l\u00e9tre.<\/span><br \/>\n<span style=\"font-family: Times New Roman CE;\">A DemNetet az Egyes\u00fclt \u00c1llamok nemzetk\u00f6zi Fejleszt\u00e9si \u00dcgyn\u00f6ks\u00e9ge (USAID) alap\u00edtott \u00e9s finansz\u00edrozza, magyarorsz\u00e1gi programjainak lebonyol\u00edt\u00f3ja a United Way International. A DemNet az \u00f6nkorm\u00e1nyzatok \u00e9s a harmadik szektor k\u00f6z\u00f6tti koordin\u00e1ci\u00f3t k\u00edv\u00e1nja fejleszteni. A demokr\u00e1cia, a helyi t\u00e1rsadalom meger\u0151s\u00edt\u00e9s\u00e9re olyan civil k\u00f6zpontok \u2013 inkub\u00e1torh\u00e1zak \u2013 l\u00e9trehoz\u00e1s\u00e1t patron\u00e1lja, amelyek technikai \u00e9s szakmai tan\u00e1csad\u00e1ssal l\u00e1tj\u00e1k el a szervezeteket, az \u00f6nkorm\u00e1nyzatok r\u00e9sz\u00e9re pedig k\u00fcl\u00f6nf\u00e9le k\u00e9pz\u00e9seket aj\u00e1nl.<\/span><\/p>\n<p><span style=\"font-family: Times New Roman CE;\">Civil K\u00f6z\u00f6ss\u00e9gek H\u00e1za<\/span><br \/>\n<span style=\"font-family: Times New Roman CE;\">7624 P\u00e9cs, Szent Istv\u00e1n t\u00e9r 17.<\/span><br \/>\n<span style=\"font-family: Times New Roman CE;\">Tel.: (72) 215-543,<\/span><br \/>\n<span style=\"font-family: Times New Roman CE;\">Tel.\/fax: 315-679<\/span><br \/>\n<span style=\"font-family: Times New Roman CE;\">E-mail: NEVHAZ@mail.c3.hu<\/span><\/p>\n<table border=\"0\" width=\"100%\" cellspacing=\"0\" cellpadding=\"0\">\n<tbody>\n<tr valign=\"top\">\n<td bgcolor=\"#B4B4B4\" width=\"100%\">\n<div align=\"center\"><b><span style=\"color: #ffbf18; font-family: Arial; font-size: x-large;\">Parola arch\u00edvum<\/span><\/b><\/div>\n<\/td>\n<\/tr>\n<\/tbody>\n<\/table>\n","protected":false},"excerpt":{"rendered":"<p>A H\u00e1l\u00f3zat a Demokr\u00e1ci\u00e1\u00e9rt Program\u00a0(DemNet),\u00a0P\u00e9cs Megyei Jog\u00fa V\u00e1ros \u00d6nkorm\u00e1nyzata\u00a0\u00e9s a\u00a0Nevel\u0151k H\u00e1za Egyes\u00fclet\u00a0egy\u00fcttm\u0171k\u00f6d\u00e9s\u00e9vel l\u00e9trehozott int\u00e9zm\u00e9nyt\u00a0Thoma F. Cornell\u00a0\u00far, a USAID magyarorsz\u00e1gi k\u00e9pvisel\u0151je adta \u00e1t a k\u00f6zj\u00f3nak. A program szakmai jelent\u0151s\u00e9g\u00e9r\u0151l, h\u00e1tter\u00e9r\u0151l\u00a0Z\u00e1m M\u00e1ria, a H\u00e1l\u00f3zat a Demokr\u00e1ci\u00e1\u00e9rt Program igazgat\u00f3ja \u00e9s\u00a0Dr. Ujv\u00e1ri Jen\u0151, P\u00e9cs Megyei Jog\u00fa V\u00e1ros alpolg\u00e1rmestere \u00e9s\u00a0Vincze Csilla\u00a0a Nevel\u0151k H\u00e1za Egyes\u00fclet \u00fcgyvezet\u0151 igazgat\u00f3ja sz\u00f3lt.<\/p>\n","protected":false},"author":511,"featured_media":0,"comment_status":"open","ping_status":"open","sticky":false,"template":"","format":"standard","meta":{"_acf_changed":false,"footnotes":""},"categories":[418,8,7],"tags":[],"coauthors":[677],"class_list":["post-5308","post","type-post","status-publish","format-standard","hentry","category-parola-1997-1","category-parola-folyoirat","category-repertorium"],"acf":[],"yoast_head":"<!-- This site is optimized with the Yoast SEO plugin v26.7 - https:\/\/yoast.com\/wordpress\/plugins\/seo\/ -->\n<title>Civil K\u00f6z\u00f6ss\u00e9gek H\u00e1za - Parola Foly\u00f3irat<\/title>\n<meta name=\"robots\" content=\"index, follow, max-snippet:-1, max-image-preview:large, max-video-preview:-1\" \/>\n<link rel=\"canonical\" href=\"https:\/\/kofe.hu\/parola\/parola-folyoirat\/civil-kozossegek-haza\/\" \/>\n<meta property=\"og:locale\" content=\"hu_HU\" \/>\n<meta property=\"og:type\" content=\"article\" \/>\n<meta property=\"og:title\" content=\"Civil K\u00f6z\u00f6ss\u00e9gek H\u00e1za - Parola Foly\u00f3irat\" \/>\n<meta property=\"og:description\" content=\"A H\u00e1l\u00f3zat a Demokr\u00e1ci\u00e1\u00e9rt Program\u00a0(DemNet),\u00a0P\u00e9cs Megyei Jog\u00fa V\u00e1ros \u00d6nkorm\u00e1nyzata\u00a0\u00e9s a\u00a0Nevel\u0151k H\u00e1za Egyes\u00fclet\u00a0egy\u00fcttm\u0171k\u00f6d\u00e9s\u00e9vel l\u00e9trehozott int\u00e9zm\u00e9nyt\u00a0Thoma F. Cornell\u00a0\u00far, a USAID magyarorsz\u00e1gi k\u00e9pvisel\u0151je adta \u00e1t a k\u00f6zj\u00f3nak. A program szakmai jelent\u0151s\u00e9g\u00e9r\u0151l, h\u00e1tter\u00e9r\u0151l\u00a0Z\u00e1m M\u00e1ria, a H\u00e1l\u00f3zat a Demokr\u00e1ci\u00e1\u00e9rt Program igazgat\u00f3ja \u00e9s\u00a0Dr. Ujv\u00e1ri Jen\u0151, P\u00e9cs Megyei Jog\u00fa V\u00e1ros alpolg\u00e1rmestere \u00e9s\u00a0Vincze Csilla\u00a0a Nevel\u0151k H\u00e1za Egyes\u00fclet \u00fcgyvezet\u0151 igazgat\u00f3ja sz\u00f3lt.\" \/>\n<meta property=\"og:url\" content=\"https:\/\/kofe.hu\/parola\/parola-folyoirat\/civil-kozossegek-haza\/\" \/>\n<meta property=\"og:site_name\" content=\"Parola Foly\u00f3irat\" \/>\n<meta property=\"article:published_time\" content=\"2020-08-04T15:39:41+00:00\" \/>\n<meta name=\"author\" content=\"R\u00e9szlet a Hum\u00e1n forr\u00e1sok 1997. 6. sz\u00e1m\u00e1b\u00f3l\" \/>\n<meta name=\"twitter:card\" content=\"summary_large_image\" \/>\n<meta name=\"twitter:label1\" content=\"Szerz\u0151:\" \/>\n\t<meta name=\"twitter:data1\" content=\"R\u00e9szlet a Hum\u00e1n forr\u00e1sok 1997. 6. sz\u00e1m\u00e1b\u00f3l\" \/>\n\t<meta name=\"twitter:label2\" content=\"Becs\u00fclt olvas\u00e1si id\u0151\" \/>\n\t<meta name=\"twitter:data2\" content=\"2 perc\" \/>\n\t<meta name=\"twitter:label3\" content=\"Written by\" \/>\n\t<meta name=\"twitter:data3\" content=\"R\u00e9szlet a Hum\u00e1n forr\u00e1sok 1997. 6. sz\u00e1m\u00e1b\u00f3l\" \/>\n<script type=\"application\/ld+json\" class=\"yoast-schema-graph\">{\"@context\":\"https:\/\/schema.org\",\"@graph\":[{\"@type\":\"Article\",\"@id\":\"https:\/\/kofe.hu\/parola\/parola-folyoirat\/civil-kozossegek-haza\/#article\",\"isPartOf\":{\"@id\":\"https:\/\/kofe.hu\/parola\/parola-folyoirat\/civil-kozossegek-haza\/\"},\"author\":{\"name\":\"R\u00e9szlet a Hum\u00e1n forr\u00e1sok 1997. 6. sz\u00e1m\u00e1b\u00f3l\",\"@id\":\"https:\/\/kofe.hu\/parola\/#\/schema\/person\/26598f38655e17db4beeaf747a4fc93b\"},\"headline\":\"Civil K\u00f6z\u00f6ss\u00e9gek H\u00e1za\",\"datePublished\":\"2020-08-04T15:39:41+00:00\",\"mainEntityOfPage\":{\"@id\":\"https:\/\/kofe.hu\/parola\/parola-folyoirat\/civil-kozossegek-haza\/\"},\"wordCount\":393,\"commentCount\":0,\"articleSection\":[\"Parola 1997\/1\",\"Parola Foly\u00f3irat\",\"Repert\u00f3rium\"],\"inLanguage\":\"hu\",\"potentialAction\":[{\"@type\":\"CommentAction\",\"name\":\"Comment\",\"target\":[\"https:\/\/kofe.hu\/parola\/parola-folyoirat\/civil-kozossegek-haza\/#respond\"]}]},{\"@type\":\"WebPage\",\"@id\":\"https:\/\/kofe.hu\/parola\/parola-folyoirat\/civil-kozossegek-haza\/\",\"url\":\"https:\/\/kofe.hu\/parola\/parola-folyoirat\/civil-kozossegek-haza\/\",\"name\":\"Civil K\u00f6z\u00f6ss\u00e9gek H\u00e1za - Parola Foly\u00f3irat\",\"isPartOf\":{\"@id\":\"https:\/\/kofe.hu\/parola\/#website\"},\"datePublished\":\"2020-08-04T15:39:41+00:00\",\"author\":{\"@id\":\"https:\/\/kofe.hu\/parola\/#\/schema\/person\/26598f38655e17db4beeaf747a4fc93b\"},\"breadcrumb\":{\"@id\":\"https:\/\/kofe.hu\/parola\/parola-folyoirat\/civil-kozossegek-haza\/#breadcrumb\"},\"inLanguage\":\"hu\",\"potentialAction\":[{\"@type\":\"ReadAction\",\"target\":[\"https:\/\/kofe.hu\/parola\/parola-folyoirat\/civil-kozossegek-haza\/\"]}]},{\"@type\":\"BreadcrumbList\",\"@id\":\"https:\/\/kofe.hu\/parola\/parola-folyoirat\/civil-kozossegek-haza\/#breadcrumb\",\"itemListElement\":[{\"@type\":\"ListItem\",\"position\":1,\"name\":\"Home\",\"item\":\"https:\/\/kofe.hu\/parola\/\"},{\"@type\":\"ListItem\",\"position\":2,\"name\":\"Civil K\u00f6z\u00f6ss\u00e9gek H\u00e1za\"}]},{\"@type\":\"WebSite\",\"@id\":\"https:\/\/kofe.hu\/parola\/#website\",\"url\":\"https:\/\/kofe.hu\/parola\/\",\"name\":\"Parola Foly\u00f3irat\",\"description\":\"\",\"potentialAction\":[{\"@type\":\"SearchAction\",\"target\":{\"@type\":\"EntryPoint\",\"urlTemplate\":\"https:\/\/kofe.hu\/parola\/?s={search_term_string}\"},\"query-input\":{\"@type\":\"PropertyValueSpecification\",\"valueRequired\":true,\"valueName\":\"search_term_string\"}}],\"inLanguage\":\"hu\"},{\"@type\":\"Person\",\"@id\":\"https:\/\/kofe.hu\/parola\/#\/schema\/person\/26598f38655e17db4beeaf747a4fc93b\",\"name\":\"R\u00e9szlet a Hum\u00e1n forr\u00e1sok 1997. 6. sz\u00e1m\u00e1b\u00f3l\",\"image\":{\"@type\":\"ImageObject\",\"inLanguage\":\"hu\",\"@id\":\"https:\/\/kofe.hu\/parola\/#\/schema\/person\/image\/f4d3e87e400499669cbe52d277295b46\",\"url\":\"https:\/\/secure.gravatar.com\/avatar\/36d0ea2d567af9356a8dba9acf02394d7cae7d1fe78001e0a4366d171ff43b64?s=96&d=mm&r=g\",\"contentUrl\":\"https:\/\/secure.gravatar.com\/avatar\/36d0ea2d567af9356a8dba9acf02394d7cae7d1fe78001e0a4366d171ff43b64?s=96&d=mm&r=g\",\"caption\":\"R\u00e9szlet a Hum\u00e1n forr\u00e1sok 1997. 6. sz\u00e1m\u00e1b\u00f3l\"},\"url\":\"https:\/\/kofe.hu\/parola\/szerzok\/reszlet-a-human-forrasok-1997-6-szamabol\/\"}]}<\/script>\n<!-- \/ Yoast SEO plugin. -->","yoast_head_json":{"title":"Civil K\u00f6z\u00f6ss\u00e9gek H\u00e1za - Parola Foly\u00f3irat","robots":{"index":"index","follow":"follow","max-snippet":"max-snippet:-1","max-image-preview":"max-image-preview:large","max-video-preview":"max-video-preview:-1"},"canonical":"https:\/\/kofe.hu\/parola\/parola-folyoirat\/civil-kozossegek-haza\/","og_locale":"hu_HU","og_type":"article","og_title":"Civil K\u00f6z\u00f6ss\u00e9gek H\u00e1za - Parola Foly\u00f3irat","og_description":"A H\u00e1l\u00f3zat a Demokr\u00e1ci\u00e1\u00e9rt Program\u00a0(DemNet),\u00a0P\u00e9cs Megyei Jog\u00fa V\u00e1ros \u00d6nkorm\u00e1nyzata\u00a0\u00e9s a\u00a0Nevel\u0151k H\u00e1za Egyes\u00fclet\u00a0egy\u00fcttm\u0171k\u00f6d\u00e9s\u00e9vel l\u00e9trehozott int\u00e9zm\u00e9nyt\u00a0Thoma F. Cornell\u00a0\u00far, a USAID magyarorsz\u00e1gi k\u00e9pvisel\u0151je adta \u00e1t a k\u00f6zj\u00f3nak. A program szakmai jelent\u0151s\u00e9g\u00e9r\u0151l, h\u00e1tter\u00e9r\u0151l\u00a0Z\u00e1m M\u00e1ria, a H\u00e1l\u00f3zat a Demokr\u00e1ci\u00e1\u00e9rt Program igazgat\u00f3ja \u00e9s\u00a0Dr. Ujv\u00e1ri Jen\u0151, P\u00e9cs Megyei Jog\u00fa V\u00e1ros alpolg\u00e1rmestere \u00e9s\u00a0Vincze Csilla\u00a0a Nevel\u0151k H\u00e1za Egyes\u00fclet \u00fcgyvezet\u0151 igazgat\u00f3ja sz\u00f3lt.","og_url":"https:\/\/kofe.hu\/parola\/parola-folyoirat\/civil-kozossegek-haza\/","og_site_name":"Parola Foly\u00f3irat","article_published_time":"2020-08-04T15:39:41+00:00","author":"R\u00e9szlet a Hum\u00e1n forr\u00e1sok 1997. 6. sz\u00e1m\u00e1b\u00f3l","twitter_card":"summary_large_image","twitter_misc":{"Szerz\u0151:":"R\u00e9szlet a Hum\u00e1n forr\u00e1sok 1997. 6. sz\u00e1m\u00e1b\u00f3l","Becs\u00fclt olvas\u00e1si id\u0151":"2 perc","Written by":"R\u00e9szlet a Hum\u00e1n forr\u00e1sok 1997. 6. sz\u00e1m\u00e1b\u00f3l"},"schema":{"@context":"https:\/\/schema.org","@graph":[{"@type":"Article","@id":"https:\/\/kofe.hu\/parola\/parola-folyoirat\/civil-kozossegek-haza\/#article","isPartOf":{"@id":"https:\/\/kofe.hu\/parola\/parola-folyoirat\/civil-kozossegek-haza\/"},"author":{"name":"R\u00e9szlet a Hum\u00e1n forr\u00e1sok 1997. 6. sz\u00e1m\u00e1b\u00f3l","@id":"https:\/\/kofe.hu\/parola\/#\/schema\/person\/26598f38655e17db4beeaf747a4fc93b"},"headline":"Civil K\u00f6z\u00f6ss\u00e9gek H\u00e1za","datePublished":"2020-08-04T15:39:41+00:00","mainEntityOfPage":{"@id":"https:\/\/kofe.hu\/parola\/parola-folyoirat\/civil-kozossegek-haza\/"},"wordCount":393,"commentCount":0,"articleSection":["Parola 1997\/1","Parola Foly\u00f3irat","Repert\u00f3rium"],"inLanguage":"hu","potentialAction":[{"@type":"CommentAction","name":"Comment","target":["https:\/\/kofe.hu\/parola\/parola-folyoirat\/civil-kozossegek-haza\/#respond"]}]},{"@type":"WebPage","@id":"https:\/\/kofe.hu\/parola\/parola-folyoirat\/civil-kozossegek-haza\/","url":"https:\/\/kofe.hu\/parola\/parola-folyoirat\/civil-kozossegek-haza\/","name":"Civil K\u00f6z\u00f6ss\u00e9gek H\u00e1za - Parola Foly\u00f3irat","isPartOf":{"@id":"https:\/\/kofe.hu\/parola\/#website"},"datePublished":"2020-08-04T15:39:41+00:00","author":{"@id":"https:\/\/kofe.hu\/parola\/#\/schema\/person\/26598f38655e17db4beeaf747a4fc93b"},"breadcrumb":{"@id":"https:\/\/kofe.hu\/parola\/parola-folyoirat\/civil-kozossegek-haza\/#breadcrumb"},"inLanguage":"hu","potentialAction":[{"@type":"ReadAction","target":["https:\/\/kofe.hu\/parola\/parola-folyoirat\/civil-kozossegek-haza\/"]}]},{"@type":"BreadcrumbList","@id":"https:\/\/kofe.hu\/parola\/parola-folyoirat\/civil-kozossegek-haza\/#breadcrumb","itemListElement":[{"@type":"ListItem","position":1,"name":"Home","item":"https:\/\/kofe.hu\/parola\/"},{"@type":"ListItem","position":2,"name":"Civil K\u00f6z\u00f6ss\u00e9gek H\u00e1za"}]},{"@type":"WebSite","@id":"https:\/\/kofe.hu\/parola\/#website","url":"https:\/\/kofe.hu\/parola\/","name":"Parola Foly\u00f3irat","description":"","potentialAction":[{"@type":"SearchAction","target":{"@type":"EntryPoint","urlTemplate":"https:\/\/kofe.hu\/parola\/?s={search_term_string}"},"query-input":{"@type":"PropertyValueSpecification","valueRequired":true,"valueName":"search_term_string"}}],"inLanguage":"hu"},{"@type":"Person","@id":"https:\/\/kofe.hu\/parola\/#\/schema\/person\/26598f38655e17db4beeaf747a4fc93b","name":"R\u00e9szlet a Hum\u00e1n forr\u00e1sok 1997. 6. sz\u00e1m\u00e1b\u00f3l","image":{"@type":"ImageObject","inLanguage":"hu","@id":"https:\/\/kofe.hu\/parola\/#\/schema\/person\/image\/f4d3e87e400499669cbe52d277295b46","url":"https:\/\/secure.gravatar.com\/avatar\/36d0ea2d567af9356a8dba9acf02394d7cae7d1fe78001e0a4366d171ff43b64?s=96&d=mm&r=g","contentUrl":"https:\/\/secure.gravatar.com\/avatar\/36d0ea2d567af9356a8dba9acf02394d7cae7d1fe78001e0a4366d171ff43b64?s=96&d=mm&r=g","caption":"R\u00e9szlet a Hum\u00e1n forr\u00e1sok 1997. 6. sz\u00e1m\u00e1b\u00f3l"},"url":"https:\/\/kofe.hu\/parola\/szerzok\/reszlet-a-human-forrasok-1997-6-szamabol\/"}]}},"_links":{"self":[{"href":"https:\/\/kofe.hu\/parola\/wp-json\/wp\/v2\/posts\/5308","targetHints":{"allow":["GET"]}}],"collection":[{"href":"https:\/\/kofe.hu\/parola\/wp-json\/wp\/v2\/posts"}],"about":[{"href":"https:\/\/kofe.hu\/parola\/wp-json\/wp\/v2\/types\/post"}],"author":[{"embeddable":true,"href":"https:\/\/kofe.hu\/parola\/wp-json\/wp\/v2\/users\/511"}],"replies":[{"embeddable":true,"href":"https:\/\/kofe.hu\/parola\/wp-json\/wp\/v2\/comments?post=5308"}],"version-history":[{"count":1,"href":"https:\/\/kofe.hu\/parola\/wp-json\/wp\/v2\/posts\/5308\/revisions"}],"predecessor-version":[{"id":5309,"href":"https:\/\/kofe.hu\/parola\/wp-json\/wp\/v2\/posts\/5308\/revisions\/5309"}],"wp:attachment":[{"href":"https:\/\/kofe.hu\/parola\/wp-json\/wp\/v2\/media?parent=5308"}],"wp:term":[{"taxonomy":"category","embeddable":true,"href":"https:\/\/kofe.hu\/parola\/wp-json\/wp\/v2\/categories?post=5308"},{"taxonomy":"post_tag","embeddable":true,"href":"https:\/\/kofe.hu\/parola\/wp-json\/wp\/v2\/tags?post=5308"},{"taxonomy":"author","embeddable":true,"href":"https:\/\/kofe.hu\/parola\/wp-json\/wp\/v2\/coauthors?post=5308"}],"curies":[{"name":"wp","href":"https:\/\/api.w.org\/{rel}","templated":true}]}}