{"id":5306,"date":"2020-08-04T15:36:58","date_gmt":"2020-08-04T15:36:58","guid":{"rendered":"https:\/\/kofe.hu\/parola\/?p=5306"},"modified":"2020-08-04T15:36:58","modified_gmt":"2020-08-04T15:36:58","slug":"szocialis-szakmai-szovetseg","status":"publish","type":"post","link":"https:\/\/kofe.hu\/parola\/parola-folyoirat\/szocialis-szakmai-szovetseg\/","title":{"rendered":"Szoci\u00e1lis Szakmai Sz\u00f6vets\u00e9g"},"content":{"rendered":"<p style=\"text-align: justify;\"><span style=\"font-family: Times New Roman CE;\">az Eur\u00f3pai Uni\u00f3 PHARE programj\u00e1nak keret\u00e9ben h\u00e1rom \u00e9ve hozt\u00e1k l\u00e9tre hazai szoci\u00e1lis szakmai szervezetek: a Hilscher Rezs\u0151 Szoci\u00e1lpolitikai Egyes\u00fclet, az Iskolasz\u00f6vets\u00e9g, a Magyar Csal\u00e1dseg\u00edt\u0151k Orsz\u00e1gos Egyes\u00fclete \u00e9s a Szoci\u00e1lis Munk\u00e1sok Magyarorsz\u00e1gi Egyes\u00fclete.<\/span><br \/>\n<span style=\"font-family: Times New Roman CE;\">A Szoci\u00e1lis Szakmai Sz\u00f6vets\u00e9g c\u00e9lja a szoci\u00e1lis szakma s\u00faly\u00e1nak \u00e9s preszt\u00edzs\u00e9nek n\u00f6vel\u00e9s\u00e9n t\u00fal a szoci\u00e1lis szakma szakmai \u00f6ntudat\u00e1nak kialak\u00edt\u00e1sa, a szoci\u00e1lis szempontok megjelen\u00edt\u00e9se a politika korm\u00e1nyzati, helyi \u00e9s k\u00f6z\u00e9leti szintjein.<\/span><\/p>\n<p style=\"text-align: justify;\"><!--more--><br \/>\n<b><span style=\"font-family: Times New Roman CE;\">\u201cGyorsjelent\u00e9s a\u00a0<\/span><\/b><b><span style=\"font-family: Times New Roman CE;\">szeg\u00e9nys\u00e9gr\u0151l\u201d<\/span><\/b><span style=\"font-family: Times New Roman CE;\">\u00a0c\u00edmmel \u00faj kiadv\u00e1nyt jelentetett meg, amely a k\u00e9pvisel\u0151ket, p\u00e1rtpolitikusokat \u00e9s a k\u00f6zembereket t\u00e1j\u00e9koztatja a t\u00e1rsadalomban zajl\u00f3 szoci\u00e1lis folyamatokr\u00f3l.<\/span><br \/>\n<span style=\"font-family: Times New Roman CE;\">\u00c9vente k\u00e9t Gyorsjelent\u00e9s megjelentet\u00e9s\u00e9t tervezz\u00fck, a k\u00f6vetkez\u0151 a fogyat\u00e9kkal \u00e9l\u0151k helyzet\u00e9t mutatja be. Ez a kiadv\u00e1nyunk sajnos elfogyott, ut\u00e1nnyom\u00e1s\u00e1t tervezz\u00fck.<\/span><br \/>\n<span style=\"font-family: Times New Roman CE;\">A\u00a0<\/span><b><span style=\"font-family: Times New Roman CE;\">\u201cK\u00e9zik\u00f6nyv a szoci\u00e1lis munka gyakorlat\u00e1hoz\u201d<\/span><\/b><span style=\"font-family: Times New Roman CE;\">\u00a0c\u00edm\u0171 k\u00f6tet a szoci\u00e1lis munka szakembereinek ny\u00fajt k\u00f6zvetlen gyakorlati seg\u00edts\u00e9get, a mindennapi probl\u00e9m\u00e1k megold\u00e1s\u00e1hoz.<\/span><br \/>\n<span style=\"font-family: Times New Roman CE;\">A\u00a0<\/span><b><span style=\"font-family: Times New Roman CE;\">\u201cSzoci\u00e1lis Munka Etikai\u00a0<\/span><\/b><b><span style=\"font-family: Times New Roman CE;\">K\u00f3dexe\u201d<\/span><\/b><span style=\"font-family: Times New Roman CE;\">\u00a0c\u00edm\u0171 dokumentum kiad\u00e1s\u00e1t hosszas szakmai egyeztet\u00e9sek ut\u00e1n \u00e1ll\u00edtott\u00e1k \u00f6ssze a Sz\u00f6vets\u00e9g szak\u00e9rt\u0151i.<\/span><br \/>\n<span style=\"font-family: Times New Roman CE;\">A\u00a0<\/span><b><span style=\"font-family: Times New Roman CE;\">\u201cJelent\u00e9s a szoci\u00e1lis\u00a0<\/span><\/b><b><span style=\"font-family: Times New Roman CE;\">szakemberek ir\u00e1nti\u00a0<\/span><\/b><b><span style=\"font-family: Times New Roman CE;\">keresletr\u0151l\u201d<\/span><\/b><span style=\"font-family: Times New Roman CE;\">\u00a0c\u00edm\u0171 kiadv\u00e1ny 1996. december\u00e9ben jelent meg. A Fraternit\u00e9 Rt. kutat\u00e1sa hasznos adatokkal szolg\u00e1l a szoci\u00e1lis szolg\u00e1ltat\u00e1sok komplex tervez\u00e9s\u00e9hez. A fenti kiadv\u00e1nyok megrendelhet\u0151k az iroda c\u00edm\u00e9n:<\/span><br \/>\n<span style=\"font-family: Times New Roman CE;\">1094 Budapest, Liliom u. 8.<\/span><br \/>\n<span style=\"font-family: Times New Roman CE;\">Tel.\/fax: 216-2867, 216-2866<\/span><br \/>\n<b><span style=\"font-family: Times New Roman CE;\">A Sz\u00f6vets\u00e9g lapja a H\u00c1L\u00d3<\/span><\/b><span style=\"font-family: Times New Roman CE;\">\u00a0c\u00edm\u0171 szakmak\u00f6z\u00e9leti, szakmapolitikai lap. A H\u00c1L\u00d3 a legsz\u00e9lesebb \u00e9rtelemben vett szoci\u00e1lis szakm\u00e1hoz sz\u00f3l. A lapban olyan \u00edr\u00e1sok, inform\u00e1ci\u00f3k jelennek meg, amelyek k\u00f6zvetlen\u00fcl seg\u00edtik a szoci\u00e1lis szakemberek mindennapi munk\u00e1j\u00e1t, eligazod\u00e1s\u00e1t a szakma aktu\u00e1lis k\u00e9rd\u00e9seiben. a H\u00c1L\u00d3 h\u00edreivel, inform\u00e1ci\u00f3ival, vita- \u00e9s jogi rovat\u00e1val \u00e9s egy\u00e9b \u00edr\u00e1sokkal a szoci\u00e1lpolitika, a szoci\u00e1lis munka legaktu\u00e1lisabb, leg\u00e9get\u0151bb k\u00e9rd\u00e9seire reag\u00e1l, teret ad a szakembereknek arra, hogy megvitathass\u00e1k azokat. A H\u00c1L\u00d3 sz\u00e1nd\u00e9kaink szerint egyfajta modern f\u00f3rum, agora a szoci\u00e1lis szakemberek sz\u00e1m\u00e1ra. A lap el\u0151fizethet\u0151 a Magyar Posta Rt. H\u00edrlap\u00fczlet\u00e1gi Igazgat\u00f3s\u00e1g\u00e1n\u00e1l (1846 Budapest), az \u00fcgyf\u00e9lszolg\u00e1lati irod\u00e1kban, a h\u00edrlapk\u00e9zbes\u00edt\u0151kn\u00e9l, a H\u00edrlapel\u0151fizet\u00e9si Irod\u00e1ban (HELIR, Buda-pest XIII. Lehel \u00fat 10\/a. lev\u00e9lc\u00edm: 1900 Budapest) \u00e9s vid\u00e9ken a postahivatalokban. Az el\u0151fizet\u00e9s egy \u00e9vre 1800 Ft. A H\u00c1L\u00d3 p\u00e9ld\u00e1nyai megv\u00e1s\u00e1rolhat\u00f3k, illetve az 1996. szeptemberin\u00e9l kor\u00e1bbi sz\u00e1mok ingyen kaphat\u00f3k, megrendelhet\u0151k a szerkeszt\u0151s\u00e9g c\u00edm\u00e9n:<\/span><\/p>\n<p><span style=\"font-family: Times New Roman CE;\">1094 Buda-pest, Liliom u. 8.<\/span><br \/>\n<span style=\"font-family: Times New Roman CE;\">Tel.\/fax: 216-2866, 216-2867.<\/span><\/p>\n","protected":false},"excerpt":{"rendered":"<p>az Eur\u00f3pai Uni\u00f3 PHARE programj\u00e1nak keret\u00e9ben h\u00e1rom \u00e9ve hozt\u00e1k l\u00e9tre hazai szoci\u00e1lis szakmai szervezetek: a Hilscher Rezs\u0151 Szoci\u00e1lpolitikai Egyes\u00fclet, az Iskolasz\u00f6vets\u00e9g, a Magyar Csal\u00e1dseg\u00edt\u0151k Orsz\u00e1gos Egyes\u00fclete \u00e9s a Szoci\u00e1lis Munk\u00e1sok Magyarorsz\u00e1gi Egyes\u00fclete. A Szoci\u00e1lis Szakmai Sz\u00f6vets\u00e9g c\u00e9lja a szoci\u00e1lis szakma s\u00faly\u00e1nak \u00e9s preszt\u00edzs\u00e9nek n\u00f6vel\u00e9s\u00e9n t\u00fal a szoci\u00e1lis szakma szakmai \u00f6ntudat\u00e1nak kialak\u00edt\u00e1sa, a szoci\u00e1lis szempontok megjelen\u00edt\u00e9se [&hellip;]<\/p>\n","protected":false},"author":4,"featured_media":0,"comment_status":"open","ping_status":"open","sticky":false,"template":"","format":"standard","meta":{"_acf_changed":false,"footnotes":""},"categories":[418,8,7],"tags":[],"coauthors":[47],"class_list":["post-5306","post","type-post","status-publish","format-standard","hentry","category-parola-1997-1","category-parola-folyoirat","category-repertorium"],"acf":[],"yoast_head":"<!-- This site is optimized with the Yoast SEO plugin v26.7 - https:\/\/yoast.com\/wordpress\/plugins\/seo\/ -->\n<title>Szoci\u00e1lis Szakmai Sz\u00f6vets\u00e9g - Parola Foly\u00f3irat<\/title>\n<meta name=\"robots\" content=\"index, follow, max-snippet:-1, max-image-preview:large, max-video-preview:-1\" \/>\n<link rel=\"canonical\" href=\"https:\/\/kofe.hu\/parola\/parola-folyoirat\/szocialis-szakmai-szovetseg\/\" \/>\n<meta property=\"og:locale\" content=\"hu_HU\" \/>\n<meta property=\"og:type\" content=\"article\" \/>\n<meta property=\"og:title\" content=\"Szoci\u00e1lis Szakmai Sz\u00f6vets\u00e9g - Parola Foly\u00f3irat\" \/>\n<meta property=\"og:description\" content=\"az Eur\u00f3pai Uni\u00f3 PHARE programj\u00e1nak keret\u00e9ben h\u00e1rom \u00e9ve hozt\u00e1k l\u00e9tre hazai szoci\u00e1lis szakmai szervezetek: a Hilscher Rezs\u0151 Szoci\u00e1lpolitikai Egyes\u00fclet, az Iskolasz\u00f6vets\u00e9g, a Magyar Csal\u00e1dseg\u00edt\u0151k Orsz\u00e1gos Egyes\u00fclete \u00e9s a Szoci\u00e1lis Munk\u00e1sok Magyarorsz\u00e1gi Egyes\u00fclete. A Szoci\u00e1lis Szakmai Sz\u00f6vets\u00e9g c\u00e9lja a szoci\u00e1lis szakma s\u00faly\u00e1nak \u00e9s preszt\u00edzs\u00e9nek n\u00f6vel\u00e9s\u00e9n t\u00fal a szoci\u00e1lis szakma szakmai \u00f6ntudat\u00e1nak kialak\u00edt\u00e1sa, a szoci\u00e1lis szempontok megjelen\u00edt\u00e9se [&hellip;]\" \/>\n<meta property=\"og:url\" content=\"https:\/\/kofe.hu\/parola\/parola-folyoirat\/szocialis-szakmai-szovetseg\/\" \/>\n<meta property=\"og:site_name\" content=\"Parola Foly\u00f3irat\" \/>\n<meta property=\"article:published_time\" content=\"2020-08-04T15:36:58+00:00\" \/>\n<meta name=\"author\" content=\"Parola\" \/>\n<meta name=\"twitter:card\" content=\"summary_large_image\" \/>\n<meta name=\"twitter:label1\" content=\"Szerz\u0151:\" \/>\n\t<meta name=\"twitter:data1\" content=\"Parola\" \/>\n\t<meta name=\"twitter:label2\" content=\"Becs\u00fclt olvas\u00e1si id\u0151\" \/>\n\t<meta name=\"twitter:data2\" content=\"3 perc\" \/>\n\t<meta name=\"twitter:label3\" content=\"Written by\" \/>\n\t<meta name=\"twitter:data3\" content=\"Parola\" \/>\n<script type=\"application\/ld+json\" class=\"yoast-schema-graph\">{\"@context\":\"https:\/\/schema.org\",\"@graph\":[{\"@type\":\"Article\",\"@id\":\"https:\/\/kofe.hu\/parola\/parola-folyoirat\/szocialis-szakmai-szovetseg\/#article\",\"isPartOf\":{\"@id\":\"https:\/\/kofe.hu\/parola\/parola-folyoirat\/szocialis-szakmai-szovetseg\/\"},\"author\":{\"name\":\"Parola\",\"@id\":\"https:\/\/kofe.hu\/parola\/#\/schema\/person\/b39ea6ec0995233537351d7e33281aeb\"},\"headline\":\"Szoci\u00e1lis Szakmai Sz\u00f6vets\u00e9g\",\"datePublished\":\"2020-08-04T15:36:58+00:00\",\"mainEntityOfPage\":{\"@id\":\"https:\/\/kofe.hu\/parola\/parola-folyoirat\/szocialis-szakmai-szovetseg\/\"},\"wordCount\":525,\"commentCount\":0,\"articleSection\":[\"Parola 1997\/1\",\"Parola Foly\u00f3irat\",\"Repert\u00f3rium\"],\"inLanguage\":\"hu\",\"potentialAction\":[{\"@type\":\"CommentAction\",\"name\":\"Comment\",\"target\":[\"https:\/\/kofe.hu\/parola\/parola-folyoirat\/szocialis-szakmai-szovetseg\/#respond\"]}]},{\"@type\":\"WebPage\",\"@id\":\"https:\/\/kofe.hu\/parola\/parola-folyoirat\/szocialis-szakmai-szovetseg\/\",\"url\":\"https:\/\/kofe.hu\/parola\/parola-folyoirat\/szocialis-szakmai-szovetseg\/\",\"name\":\"Szoci\u00e1lis Szakmai Sz\u00f6vets\u00e9g - Parola Foly\u00f3irat\",\"isPartOf\":{\"@id\":\"https:\/\/kofe.hu\/parola\/#website\"},\"datePublished\":\"2020-08-04T15:36:58+00:00\",\"author\":{\"@id\":\"https:\/\/kofe.hu\/parola\/#\/schema\/person\/b39ea6ec0995233537351d7e33281aeb\"},\"breadcrumb\":{\"@id\":\"https:\/\/kofe.hu\/parola\/parola-folyoirat\/szocialis-szakmai-szovetseg\/#breadcrumb\"},\"inLanguage\":\"hu\",\"potentialAction\":[{\"@type\":\"ReadAction\",\"target\":[\"https:\/\/kofe.hu\/parola\/parola-folyoirat\/szocialis-szakmai-szovetseg\/\"]}]},{\"@type\":\"BreadcrumbList\",\"@id\":\"https:\/\/kofe.hu\/parola\/parola-folyoirat\/szocialis-szakmai-szovetseg\/#breadcrumb\",\"itemListElement\":[{\"@type\":\"ListItem\",\"position\":1,\"name\":\"Home\",\"item\":\"https:\/\/kofe.hu\/parola\/\"},{\"@type\":\"ListItem\",\"position\":2,\"name\":\"Szoci\u00e1lis Szakmai Sz\u00f6vets\u00e9g\"}]},{\"@type\":\"WebSite\",\"@id\":\"https:\/\/kofe.hu\/parola\/#website\",\"url\":\"https:\/\/kofe.hu\/parola\/\",\"name\":\"Parola Foly\u00f3irat\",\"description\":\"\",\"potentialAction\":[{\"@type\":\"SearchAction\",\"target\":{\"@type\":\"EntryPoint\",\"urlTemplate\":\"https:\/\/kofe.hu\/parola\/?s={search_term_string}\"},\"query-input\":{\"@type\":\"PropertyValueSpecification\",\"valueRequired\":true,\"valueName\":\"search_term_string\"}}],\"inLanguage\":\"hu\"},{\"@type\":\"Person\",\"@id\":\"https:\/\/kofe.hu\/parola\/#\/schema\/person\/b39ea6ec0995233537351d7e33281aeb\",\"name\":\"Parola\",\"image\":{\"@type\":\"ImageObject\",\"inLanguage\":\"hu\",\"@id\":\"https:\/\/kofe.hu\/parola\/#\/schema\/person\/image\/ef1d7dc4d1949d5457aa415351763853\",\"url\":\"https:\/\/secure.gravatar.com\/avatar\/c18c00ea50048aa7adb99e5d11e4250d05111e33b2bea02671439eb7912c945e?s=96&d=mm&r=g\",\"contentUrl\":\"https:\/\/secure.gravatar.com\/avatar\/c18c00ea50048aa7adb99e5d11e4250d05111e33b2bea02671439eb7912c945e?s=96&d=mm&r=g\",\"caption\":\"Parola\"},\"url\":\"https:\/\/kofe.hu\/parola\/szerzok\/parola\/\"}]}<\/script>\n<!-- \/ Yoast SEO plugin. -->","yoast_head_json":{"title":"Szoci\u00e1lis Szakmai Sz\u00f6vets\u00e9g - Parola Foly\u00f3irat","robots":{"index":"index","follow":"follow","max-snippet":"max-snippet:-1","max-image-preview":"max-image-preview:large","max-video-preview":"max-video-preview:-1"},"canonical":"https:\/\/kofe.hu\/parola\/parola-folyoirat\/szocialis-szakmai-szovetseg\/","og_locale":"hu_HU","og_type":"article","og_title":"Szoci\u00e1lis Szakmai Sz\u00f6vets\u00e9g - Parola Foly\u00f3irat","og_description":"az Eur\u00f3pai Uni\u00f3 PHARE programj\u00e1nak keret\u00e9ben h\u00e1rom \u00e9ve hozt\u00e1k l\u00e9tre hazai szoci\u00e1lis szakmai szervezetek: a Hilscher Rezs\u0151 Szoci\u00e1lpolitikai Egyes\u00fclet, az Iskolasz\u00f6vets\u00e9g, a Magyar Csal\u00e1dseg\u00edt\u0151k Orsz\u00e1gos Egyes\u00fclete \u00e9s a Szoci\u00e1lis Munk\u00e1sok Magyarorsz\u00e1gi Egyes\u00fclete. A Szoci\u00e1lis Szakmai Sz\u00f6vets\u00e9g c\u00e9lja a szoci\u00e1lis szakma s\u00faly\u00e1nak \u00e9s preszt\u00edzs\u00e9nek n\u00f6vel\u00e9s\u00e9n t\u00fal a szoci\u00e1lis szakma szakmai \u00f6ntudat\u00e1nak kialak\u00edt\u00e1sa, a szoci\u00e1lis szempontok megjelen\u00edt\u00e9se [&hellip;]","og_url":"https:\/\/kofe.hu\/parola\/parola-folyoirat\/szocialis-szakmai-szovetseg\/","og_site_name":"Parola Foly\u00f3irat","article_published_time":"2020-08-04T15:36:58+00:00","author":"Parola","twitter_card":"summary_large_image","twitter_misc":{"Szerz\u0151:":"Parola","Becs\u00fclt olvas\u00e1si id\u0151":"3 perc","Written by":"Parola"},"schema":{"@context":"https:\/\/schema.org","@graph":[{"@type":"Article","@id":"https:\/\/kofe.hu\/parola\/parola-folyoirat\/szocialis-szakmai-szovetseg\/#article","isPartOf":{"@id":"https:\/\/kofe.hu\/parola\/parola-folyoirat\/szocialis-szakmai-szovetseg\/"},"author":{"name":"Parola","@id":"https:\/\/kofe.hu\/parola\/#\/schema\/person\/b39ea6ec0995233537351d7e33281aeb"},"headline":"Szoci\u00e1lis Szakmai Sz\u00f6vets\u00e9g","datePublished":"2020-08-04T15:36:58+00:00","mainEntityOfPage":{"@id":"https:\/\/kofe.hu\/parola\/parola-folyoirat\/szocialis-szakmai-szovetseg\/"},"wordCount":525,"commentCount":0,"articleSection":["Parola 1997\/1","Parola Foly\u00f3irat","Repert\u00f3rium"],"inLanguage":"hu","potentialAction":[{"@type":"CommentAction","name":"Comment","target":["https:\/\/kofe.hu\/parola\/parola-folyoirat\/szocialis-szakmai-szovetseg\/#respond"]}]},{"@type":"WebPage","@id":"https:\/\/kofe.hu\/parola\/parola-folyoirat\/szocialis-szakmai-szovetseg\/","url":"https:\/\/kofe.hu\/parola\/parola-folyoirat\/szocialis-szakmai-szovetseg\/","name":"Szoci\u00e1lis Szakmai Sz\u00f6vets\u00e9g - Parola Foly\u00f3irat","isPartOf":{"@id":"https:\/\/kofe.hu\/parola\/#website"},"datePublished":"2020-08-04T15:36:58+00:00","author":{"@id":"https:\/\/kofe.hu\/parola\/#\/schema\/person\/b39ea6ec0995233537351d7e33281aeb"},"breadcrumb":{"@id":"https:\/\/kofe.hu\/parola\/parola-folyoirat\/szocialis-szakmai-szovetseg\/#breadcrumb"},"inLanguage":"hu","potentialAction":[{"@type":"ReadAction","target":["https:\/\/kofe.hu\/parola\/parola-folyoirat\/szocialis-szakmai-szovetseg\/"]}]},{"@type":"BreadcrumbList","@id":"https:\/\/kofe.hu\/parola\/parola-folyoirat\/szocialis-szakmai-szovetseg\/#breadcrumb","itemListElement":[{"@type":"ListItem","position":1,"name":"Home","item":"https:\/\/kofe.hu\/parola\/"},{"@type":"ListItem","position":2,"name":"Szoci\u00e1lis Szakmai Sz\u00f6vets\u00e9g"}]},{"@type":"WebSite","@id":"https:\/\/kofe.hu\/parola\/#website","url":"https:\/\/kofe.hu\/parola\/","name":"Parola Foly\u00f3irat","description":"","potentialAction":[{"@type":"SearchAction","target":{"@type":"EntryPoint","urlTemplate":"https:\/\/kofe.hu\/parola\/?s={search_term_string}"},"query-input":{"@type":"PropertyValueSpecification","valueRequired":true,"valueName":"search_term_string"}}],"inLanguage":"hu"},{"@type":"Person","@id":"https:\/\/kofe.hu\/parola\/#\/schema\/person\/b39ea6ec0995233537351d7e33281aeb","name":"Parola","image":{"@type":"ImageObject","inLanguage":"hu","@id":"https:\/\/kofe.hu\/parola\/#\/schema\/person\/image\/ef1d7dc4d1949d5457aa415351763853","url":"https:\/\/secure.gravatar.com\/avatar\/c18c00ea50048aa7adb99e5d11e4250d05111e33b2bea02671439eb7912c945e?s=96&d=mm&r=g","contentUrl":"https:\/\/secure.gravatar.com\/avatar\/c18c00ea50048aa7adb99e5d11e4250d05111e33b2bea02671439eb7912c945e?s=96&d=mm&r=g","caption":"Parola"},"url":"https:\/\/kofe.hu\/parola\/szerzok\/parola\/"}]}},"_links":{"self":[{"href":"https:\/\/kofe.hu\/parola\/wp-json\/wp\/v2\/posts\/5306","targetHints":{"allow":["GET"]}}],"collection":[{"href":"https:\/\/kofe.hu\/parola\/wp-json\/wp\/v2\/posts"}],"about":[{"href":"https:\/\/kofe.hu\/parola\/wp-json\/wp\/v2\/types\/post"}],"author":[{"embeddable":true,"href":"https:\/\/kofe.hu\/parola\/wp-json\/wp\/v2\/users\/4"}],"replies":[{"embeddable":true,"href":"https:\/\/kofe.hu\/parola\/wp-json\/wp\/v2\/comments?post=5306"}],"version-history":[{"count":1,"href":"https:\/\/kofe.hu\/parola\/wp-json\/wp\/v2\/posts\/5306\/revisions"}],"predecessor-version":[{"id":5307,"href":"https:\/\/kofe.hu\/parola\/wp-json\/wp\/v2\/posts\/5306\/revisions\/5307"}],"wp:attachment":[{"href":"https:\/\/kofe.hu\/parola\/wp-json\/wp\/v2\/media?parent=5306"}],"wp:term":[{"taxonomy":"category","embeddable":true,"href":"https:\/\/kofe.hu\/parola\/wp-json\/wp\/v2\/categories?post=5306"},{"taxonomy":"post_tag","embeddable":true,"href":"https:\/\/kofe.hu\/parola\/wp-json\/wp\/v2\/tags?post=5306"},{"taxonomy":"author","embeddable":true,"href":"https:\/\/kofe.hu\/parola\/wp-json\/wp\/v2\/coauthors?post=5306"}],"curies":[{"name":"wp","href":"https:\/\/api.w.org\/{rel}","templated":true}]}}