{"id":5244,"date":"2020-08-04T14:35:52","date_gmt":"2020-08-04T14:35:52","guid":{"rendered":"https:\/\/kofe.hu\/parola\/?p=5244"},"modified":"2020-08-04T14:35:52","modified_gmt":"2020-08-04T14:35:52","slug":"egy-utcai-szocialis-munkas-monologja","status":"publish","type":"post","link":"https:\/\/kofe.hu\/parola\/parola-folyoirat\/egy-utcai-szocialis-munkas-monologja\/","title":{"rendered":"Egy utcai szoci\u00e1lis munk\u00e1s monol\u00f3gja"},"content":{"rendered":"<p style=\"text-align: justify;\"><span style=\"font-family: Times New Roman CE;\">Az els\u0151 tal\u00e1lkoz\u00e1s az m\u00e9g valamikor 16 \u00e9ves koromban volt. Szakmunk\u00e1stanul\u00f3nak jelentkeztem amikor nem vettek fel a k\u00f6z\u00e9piskol\u00e1ban \u00e9s akkor sz\u00fcleimt\u0151l t\u00e1vol egy 400 f\u0151s koll\u00e9giumba k\u00f6lt\u00f6ztettek. Egy szob\u00e1ban voltunk 30-an \u00e9s els\u0151 \u00e9vnek a v\u00e9g\u00e9n este baktattam hazafel\u00e9, k\u00e9t-h\u00e1rom sr\u00e1c \u00fcl a ker\u00edt\u00e9s sz\u00e9l\u00e9n. <\/span><\/p>\n<p><!--more--><\/p>\n<p style=\"text-align: justify;\"><span style=\"font-family: Times New Roman CE;\">Kez\u00fckben a zacsk\u00f3 \u00e9s benne valami l\u00f6tty. \u00c9n k\u00edv\u00e1ncsi ember l\u00e9v\u00e9n k\u00e9rtem \u0151ket: \u2013 gyerekek adjatok m\u00e1r, \u00e9s mondj\u00e1tok, meg, hogy ez micsoda. Az egyik \u00fagy pof\u00e1n v\u00e1gott, hogy a ker\u00edt\u00e9st\u0151l kaptam a k\u00f6vetkez\u0151t. Nem \u00e9rtettem, hogy most mi\u00e9rt haragudtak meg r\u00e1m, de h\u00e1t nem feszegettem a dolgot mert h\u00e1rman voltak. \u00c9s egyre ink\u00e1bb izgatott az a k\u00e9rd\u00e9s, hogy vajon mi motiv\u00e1lja ezeknek a gyerekeknek a viselked\u00e9s\u00e9t. Azt\u00e1n megtanultam, hogy amit csin\u00e1lnak azt k\u00e1b\u00edt\u00f3szerez\u00e9snek h\u00edvj\u00e1k, \u00e9s hogy a zacsk\u00f3ban akkor, abban az id\u0151ben p\u00e1lmatex volt, vagy technocolrapid \u00e9vekkel k\u00e9s\u0151bb azt\u00e1n ez csavarlaz\u00edt\u00f3 spray-re v\u00e1ltott, azt\u00e1n tolora.<\/span><br \/>\n<span style=\"font-family: Times New Roman CE;\">Nah\u00e1t az els\u0151 tal\u00e1lkoz\u00e1sb\u00f3l lett azt\u00e1n k\u00e9s\u0151bb az, hogy ezek az emberek ott a koll\u00e9giumban lassan a bizalmukba fogadtak. Szerepemet tekintve \u00e9n ott egy haver voltam. Egykor\u00faak is voltunk, meg nem is \u00e9rtettem m\u00e9g ahhoz, hogy hogyan kell ezzel a dologgal b\u00e1nni, nem is akartam \u00e9rteni hozz\u00e1. \u00c9rdekelt, k\u00edv\u00e1ncsi voltam, hogy most ez az eg\u00e9sz bel\u00fclr\u0151l hogy n\u00e9z ki, \u00e9s akkor nagyon j\u00f3kat besz\u00e9lgett\u00fcnk, nagyon j\u00f3 id\u0151t\u00f6lt\u00e9seink voltak. Nem voltak \u0151k egy\u00e9bk\u00e9nt m\u00e9g v\u00e9letlen\u00fcl sem buta gyerekek, att\u00f3l f\u00fcggetlen\u00fcl, hogy ez szakmunk\u00e1sk\u00e9pz\u0151 iskola volt.<\/span><br \/>\n<span style=\"font-family: Times New Roman CE;\">\u00c9s azt\u00e1n lassan j\u00f6tt az n\u00e1luk, hogy pr\u00f3b\u00e1ljam m\u00e1r ki \u00e9n is, hogy befogadjanak a brancsba. Ilyen gyerekes iz\u00e9 volt bennem, hogy ez \u00e1rtalmas, hogy ez rossz. L\u00e1ttam, amikor az elvon\u00e1si t\u00fcnetekt\u0151l \u00fagy szenvedtek, hogy rossz volt n\u00e9zni. \u00c9s az irt\u00f3zatos l\u00e1tv\u00e1ny, amikor valaki nem is tudja hogy mit\u0151l van rosszul, csak egyszer\u0171en rosszul van, ver\u00edt\u00e9kezik, izzad, f\u00e1j a tark\u00f3ja, f\u00e1j a melle, has\u00e1n folyik a hideg ver\u00edt\u00e9k, a h\u00e1ta pedig plussz 39 C-os, majdnem l\u00e1zas, ideges, fesz\u00fclt, senkivel sem tud sz\u00f3t \u00e9rteni, nem b\u00edr kapcsolatot teremteni, uram bocs\u00e1` nem m\u0171k\u00f6dik a szexu\u00e1lis \u00e9lete, a sz\u00fclei teljesen kiakadnak, \u00e9rzik, hogy valami gond van a gyerekkel, de se megk\u00e9rdezni nem merik, megbesz\u00e9lni azt\u00e1n m\u00e9g ink\u00e1bb nem b\u00edrj\u00e1k, h\u00e1t \u00edgy ment ez.<\/span><br \/>\n<span style=\"font-family: Times New Roman CE;\">Nagyon rossz volt n\u00e9zni, de nem lehetett seg\u00edteni. Volt \u00fagy, hogy elk\u00fcld\u00f6tt, akivel \u00e9ppen dum\u00e1ltam, mert nem akarta, hogy l\u00e1ssam, hogy mit \u00f6sszek\u00ednl\u00f3dik.<\/span><br \/>\n<span style=\"font-family: Times New Roman CE;\">Tegnap este volt egy j\u00f3 sztorim, merthogy hajl\u00e9ktalanokat kerest\u00fcnk K\u0151b\u00e1ny\u00e1n. Felment\u00fcnk a X. emeletre, \u00e9s kin\u00e9zve azt l\u00e1tom, hogy egy cig\u00e1ny sr\u00e1c \u00e9s egy skinhead fi\u00fa \u00fcl egym\u00e1s mellett, \u201ck\u00e9z a k\u00e9zben\u201d \u2013 illetve zacsk\u00f3 a k\u00e9zben, sz\u00edvnak-f\u00fajnak, azt hiszem, hogy tolo volt, amit haszn\u00e1ltak. Az a legvesz\u00e9lyesebb, \u00e9s \u00e9n ott megjelentem, megl\u00e1ttak, \u00e9s azt mondta a cig\u00e1ny sr\u00e1c: Ne b\u00e1ntsd az \u00e9n fasiszta bar\u00e1tomat, ne b\u00e1ntsad j\u00f3?! H\u00e1t \u00e9n hozz\u00e1 sem akartam ny\u00falni, isten ments! A skinhead erre r\u00e1kontr\u00e1zott: Nem baj niggerk\u00e9m, nem baj, az\u00e9rt majd mi megv\u00e9dj\u00fck magunkat. Az\u00e9rt nagyj\u00e1b\u00f3l od\u00e1ig eljutottunk, hogy valamit csak kellett mondani, az illem \u00fagy dikt\u00e1lja. Mondtam \u00e9n szoci\u00e1lis munk\u00e1s vagyok, \u00e9s mondt\u00e1k, hogy nekik minden\u00fck megvan. Na most ez l\u00e1tszott is. Eddig volt a sztori, \u00e9n azt hiszem, hogy ma este is megy\u00fcnk arra a k\u00f6rny\u00e9kre dolgozni, megn\u00e9zem \u0151ket, hogy mi \u00fajs\u00e1g van, \u00e9s azt hiszem, hogy j\u00f3 lenne egyszer vel\u00fck tiszt\u00e1n tal\u00e1lkozni, vagy azt hiszem, holnap otthagyok nekik egy n\u00e9vjegyk\u00e1rty\u00e1t, hogyha valami van, akkor keressenek telefonon.<\/span><br \/>\n<span style=\"font-family: Times New Roman CE;\">Illatos \u00fat \u2013 Gubacsi \u00fati csom\u00f3pont, szip\u00f3s-k\u00f6zeli benzink\u00fat, ott v\u00e1s\u00e1rolt\u00e1k 7 \u00e9vest\u0151l 18 \u00e9vesig, 25 \u00e9vesig a csavarlaz\u00edt\u00f3 spray-t, ezt egy\u00e9bk\u00e9nt m\u00e1r kivont\u00e1k a forgalomb\u00f3l, az\u00e9rt merem mondani. \u00c9s nagyon sok\u00e1ig j\u00e1rtam oda ki. Nagyon sok\u00e1ig, \u00e9s ak\u00e1rh\u00e1nyszor mentem, mindig be voltak \u00e1lmodva. Nagyon sok st\u00e1diuma vagy f\u00e1zisa van a szip\u00f3z\u00e1snak. Hogyha be\u00e1lmod\u00e1s szakasz\u00e1ban, a v\u00edzi\u00f3ban, az ember odamegy, \u00e9s megzavarja \u0151ket, akkor jobb esetben p\u00e1nik, \u00e9s egy nagyon gyors kij\u00f3zanod\u00e1s tapasztalhat\u00f3, amit egy agressz\u00edv f\u00e1zis k\u00f6vet. Ink\u00e1bb \u00f6nagressz\u00edv f\u00e1zis, mint m\u00e1sra ir\u00e1nyul\u00f3 agresszivit\u00e1s. Rosszabb esetben pedig ez a be\u00e1llt alap ott fokoz\u00f3dik, a vizu\u00e1lis hat\u00e1sok, hallucin\u00e1ci\u00f3k megsz\u0171nnek, viszont olyan p\u00e1nikot kap, hogy elkezd rohanni. Ilyenkor j\u00f3, ha az ember egy fut\u00f3versenyz\u0151v\u00e9 v\u00e1lik, hogy meg\u00e1ll\u00edtsa a g\u00e9pkocsi el\u0151tt. Ez\u00e9rt nem szabad szerintem odamenni \u00e9s okoskodni. A m\u00e1sik, hogy \u00e9n nem vagyok be\u00e1llva, teh\u00e1t nem hiteles odamenni nekem, \u00e9s egy sze\u00e1nszba, egy szertart\u00e1sba belem\u00e1sznom.<\/span><br \/>\n<span style=\"font-family: Times New Roman CE;\">Sz\u00f3val ott a dzsumb\u00fajban az volt, hogy \u00e9n h\u00f3napokig j\u00e1rtam ki \u00e9s pr\u00f3b\u00e1ltam el\u0151k\u00e9sz\u00edteni a terepet. Lej\u00e1rtam a kocsm\u00e1kba, az \u00f6reg cig\u00e1ny mam\u00e1kkal ismerkedtem. Azt tudni kell, hogy a cig\u00e1ny hierarchi\u00e1ban hogyan j\u00f6nnek a rangsorok, az \u00f6reg, a leg\u00f6regebb asszony, a leg\u00f6regebb dolgoz\u00f3 f\u00e9rfi, stb. Ismerkedtem vel\u00fck, lej\u00e1rtam az \u00e9jjel-nappaliba, ott m\u00e1szk\u00e1ltam, ott seg\u00edtgettem, ezt-azt rakosgatni, kocsira fel, kocsir\u00f3l le, j\u00f6ttek-mentek az \u00fczletek, hogy seg\u00edtsek ott csencselni nekik, \u00e9s nagyon lassan alakult ez ki. Kider\u00fclt, hogy a pasi \u2013 m\u00e1rmint \u00e9n \u2013 az n\u00e9ha tud szerezni egy kis seg\u00e9lyp\u00e9nzt, egy kis konzervet, egy kis ezt-azt. \u00c9s akkor nagyon lassan a bizalmukba fogadtak, de k\u00f6r\u00fclbel\u00fcl f\u00e9l \u00e9v telt el, mire azt mertem mondani az egyik csapatnak, hogy \u00e9n egy drogambulanci\u00e1r\u00f3l j\u00f6ttem, \u00e9s az\u00e9rt vagyok itt, hogy nektek valamilyen szinten seg\u00edtsek, hogyha ti ezt elfogadj\u00e1tok.<\/span><br \/>\n<span style=\"font-family: Times New Roman CE;\">Na most ez az egy mondat k\u00f6r\u00fclbel\u00fcl 2 \u00f3r\u00e1n kereszt\u00fcl tart elmondani \u00e9s nekik meg\u00e9rteni. Azt tudni kell, hogy ezekkel az emberekkel az\u00e9rt sokkal nehezebb b\u00e1nni, mint uram bocs\u00e1 egy 140-es IQ-j\u00fa alkoholist\u00e1val. Ezek a szip\u00f3s gyerekek nagyon z\u00e1rtak, amikor be\u00e1llnak, nem nagyon k\u00f6zlekednek, \u00e9s amikor j\u00f3zanok, akkor nem rendelkeznek azzal a kult\u00far\u00e1val, azzal a sz\u00f3kinccsel, azzal az intelligenci\u00e1val, amivel el lehet mondani \u00e9s meg\u00e9rteni ezt az egy mondatot, amit \u00e9n az el\u0151bb elmondtam. Nagyon neh\u00e9z, \u00e9s az ember ilyen pici \u00f6r\u00f6m\u00f6knek \u00f6r\u00fcl, amikor n\u00e9ha f\u00e9l\u00f3r\u00e1s gondolkod\u00e1s ut\u00e1n a partnere megtal\u00e1l egy kifejez\u00e9st, megtal\u00e1l egy sz\u00f3t vagy egy k\u00e9pet. \u00c9s nagyon kreat\u00edvnak kell lenni, merthogy az ember mindent bedob. \u00c9n azel\u0151tt kong\u00e1ztam, doboltam, de akkor m\u00e9g gyerek voltam, \u00e9s neki\u00e1lltunk dobolni. Igen, h\u00e1t az els\u0151 f\u00e1zist \u00fagy h\u00edvj\u00e1k, hogy hi\u00e1nyt\u00fcnet, amikor m\u00e9g nem is tudja, hogy mi hi\u00e1nyzik neki, csak azt \u00e9rzi, hogy valami kell. \u00c9s a hi\u00e1nyt\u00fcnet alatt mi elkezdt\u00fcnk dobolni. L\u00e1tt\u00e1k, hogy \u00e9n dobolok, \u201cH\u0171 t\u00f6k j\u00f3 hangja van, \u00e9n is megpr\u00f3b\u00e1lom\u201d. Na most este 8 \u00f3r\u00e1t\u00f3l hajnal 4-ig doboltunk. Pontosabban \u0151k doboltak, mert \u00e9n m\u00e1r nem b\u00edrtam tov\u00e1bb. Kit\u0171n\u0151 ritmusokat, amiket \u00e9n ki nem b\u00edrtam volna \u00fctni, \u00e9s 4 \u00f3rakor azt mondta, hogy \u201cjaj de j\u00f3, most elmegyek aludni\u201d, bedobta mag\u00e1t az \u00e1gyba, \u00e9n meg pr\u00f3b\u00e1ltam volna kicsit agyalni; h\u00e1t besz\u00e9lgess\u00fcnk. Semmi. Bedobta mag\u00e1t az \u00e1gyba, \u00e9s horkolt. Meg voltam s\u00e9rt\u0151dve, h\u00e1t \u00e9n dolgozni akartam, hogy valami legyen. Azt\u00e1n ut\u00e1na mindig kik\u00e9sz\u00edtettem a dobot.<\/span><br \/>\n<span style=\"font-family: Times New Roman CE;\">Meg reggelente szamov\u00e1rb\u00f3l ittuk a te\u00e1t, megadtuk a m\u00f3dj\u00e1t, felraktuk a melegvizet, \u00e9s ott \u00e1lmosan mint a verebek \u00fclt\u00fcnk, \u00e9s ittuk a te\u00e1t, \u00e9s ezek a szertart\u00e1sok megmaradnak. Ezek nagyon intim dolgok, nem k\u00f6nny\u0171 ezekr\u0151l besz\u00e9lni, mert \u0151k ezeket elmondj\u00e1k, \u00e9s azt is meg kell \u00e9rteni\u00fck, hogy \u00e9n ezeket tov\u00e1bb fogom adni, mivelhogy ez a munk\u00e1m. Nagyon apr\u00f3l\u00e9kos szertart\u00e1sok, ahogy el\u0151k\u00e9sz\u00fcl az anyagoz\u00e1shoz, ahogy kiv\u00e1lasztja a zacsk\u00f3t, az anyagot, ahogy egy\u00fctt szip\u00f3znak.<\/span><br \/>\n<span style=\"font-family: Times New Roman CE;\">Azt hiszem, hogy nagyon sok szenved\u00e9lybeteg embern\u00e9l, hogyha leh\u00e1ntjuk a mag\u00e1nak a szenved\u00e9lybetegs\u00e9gnek az eszk\u00f6zrendszer\u00e9t, az \u201canyagoz\u00e1st,\u201d teh\u00e1t hogyha abbahagyja az \u201canyagoz\u00e1st,\u201d akkor megsejthet\u0151 az ok, ami miatt \u0151 elkezdett drogozni. Az els\u0151 \u00e9s a legfontosabb az a csal\u00e1d. Az, hogy a csecsem\u0151korban mi t\u00f6rt\u00e9nt? Az, hogy a mosolyszign\u00e1l megvolt-e? Az, hogy csecsszoptat\u00e1s k\u00f6zben mosolygott-e r\u00e1 az anyja, vagy a f\u00e9rj\u00e9vel hanz\u00e1kolt, hogy piszkos diszn\u00f3, m\u00e1r megint r\u00e9szeg vagy? Ilyen apr\u00f3 dolgok. Olyan apr\u00f3 dolgok, hogy amikor az \u00e9desanyja azt mondta, hogy jaj kisfiam, milyen \u00fcgyes volt\u00e1l, akkor ezt t\u00e9nyleg \u0151szint\u00e9n mondta, \u00e9s a gyerek ezt is \u00e9rezte a mosolyb\u00f3l, a gesztusb\u00f3l, vagy k\u00f6zben m\u00e1s volt a hangs\u00faly, m\u00e1s volt a mimika.<\/span><br \/>\n<span style=\"font-family: Times New Roman CE;\">A m\u00e1sik r\u00e9sz, amit vizsg\u00e1lni kell a szip\u00f3sokn\u00e1l, az a k\u00f6zvetlen k\u00f6rnyezet, a szoci\u00e1lis k\u00f6rnyezet, a szociokult\u00fara az iskola, az iskolat\u00e1rsak, a nagyobb csal\u00e1d, az utca, hogy hol lakik k\u00f6r\u00fclbel\u00fcl, hogy mennyi p\u00e9nz\u00fck van. De ezt nem kell \u00f6sszet\u00e9veszteni azzal, hogy k\u00e9rem sz\u00e9pen a gazdagok m\u00e1k-te\u00e1znak, a szeg\u00e9nyek meg szip\u00f3znak. Nem, ez egy\u00e1ltal\u00e1n nem \u00edgy van. A harmadik dolog pedig maga a szer \u00e9s a szer megjelen\u00e9se&#8230; Szakorvosokt\u00f3l azt hallom, hogy a szip\u00f3sokkal nem lehet sz\u00f3ba \u00e1llni, a szip\u00f3s nem kooper\u00e1l. Ez a k\u00f3rh\u00e1zi szeml\u00e9let, hogy hogyan viselkedik az oszt\u00e1lyon. Ha \u00edgy \u00e1llunk hozz\u00e1, akkor \u00e9n azt gondolom, hogy nemcsak a szip\u00f3sokr\u00f3l, nemcsak az alkoholist\u00e1kr\u00f3l tehet\u00fcnk le, hanem letehet\u00fcnk a gyerekek nagy r\u00e9sz\u00e9r\u0151l is. Ha elkezd videoj\u00e1t\u00e9kozni, belemegy egy olyan iskolarendszerbe, amely nem biztos, hogy 8 \u00e9v alatt meg tudja adni azt a kult\u00far\u00e1t, amivel \u0151 csevegni mer, csevegni tud a sz\u00fcl\u0151kkel vacsora k\u00f6zben&#8230;<\/span><br \/>\n<span style=\"font-family: Times New Roman CE;\">J\u00f3 lenne, ha t\u00f6bb utcai szoci\u00e1lis munk\u00e1s lenne, t\u00f6bb olyan ember, aki nem a v\u00e9dett, j\u00f3l f\u0171t\u00f6tt, meleg helyen v\u00e1rn\u00e1, hogy benyisson hozz\u00e1 a vend\u00e9g. Szerep\u00e9t tekintve vend\u00e9g, ahol \u0151 van nyer\u0151 helyzetben. Ha mind t\u00f6bben v\u00e1llaln\u00e1k, hogy kicsit el\u00e9be mennek a dolgoknak. Ugye az utc\u00e1n az ember egy teljesen kiegyenl\u00edtett helyzetben van, uram bocs\u00e1, ha bemegy egy foglalt h\u00e1zba, egy olyan g\u00f3cpontba, ahol szip\u00f3sok, nark\u00f3sok vannak, ott \u0151 lesz a vend\u00e9g. Ennek vannak illemszab\u00e1lyai, vannak szab\u00e1lyai, \u00e9s nagyon nagyot lehet hib\u00e1zni. Elk\u00fcldhetik a j\u00f3 \u00e9des anyj\u00e1ba. Mondjuk meg is \u00e9rdemli, hogy ha nem tanulta meg ezt a mesters\u00e9get. J\u00f3 lenne, hogyha ezt a mesters\u00e9get \u00e1t lehetne adni, hogyha ezt szakemberek tan\u00edtan\u00e1k, \u00e9s hogyha ezt a mesters\u00e9get nem c\u00e9hes iparban k\u00e9ne folytatni, teh\u00e1t nem a mesterembernek k\u00e9ne kib\u00e1ny\u00e1szni az agyagot. J\u00f3 lenne, ha nem a mesterembernek k\u00e9ne a p\u00e9nzt el\u0151teremteni arra, hogy dolgozhasson, j\u00f3 lenne, ha nem a mesterembernek k\u00e9ne keresked\u0151v\u00e9 v\u00e1lnia, \u00e9s eladni a munk\u00e1j\u00e1t. \u00c9n azt gondolom, hogy a c\u00e9hes iparnak nagyon r\u00e9gen v\u00e9ge van, \u00e9s viszont azt is gondolom, hogy szip\u00f3sb\u00f3l nem lesz kevesebb a v\u00e1rosban. Mindemellett azt is gondolom, hogy t\u00f6bb nyelven kell besz\u00e9lnie annak az embernek, aki szenved\u00e9lybetegekkel foglalkozik ezen a ter\u00fcleten. Besz\u00e9lnie kell az \u0151 nyelv\u00fcket, ami mint mondtam, egy nagyon nehezen elsaj\u00e1t\u00edthat\u00f3nyelv, viszont egyszer kell csak megtanulni. P\u00e9lda erre az, hogy ut\u00e1na engem a szip\u00f3sok k\u00e9zr\u0151l-k\u00e9zre adtak. \u00c9s nem mint messi\u00e1st, nem mint gy\u00f3gy\u00edt\u00f3 orvost, \u00e9s nem azzal a sz\u00e1nd\u00e9kkal mentem, hogy \u0151ket kir\u00e1ngassam az \u201canyagoz\u00e1s\u201d b\u0171v\u00f6let\u00e9b\u0151l. Azt gondolom, hogy n\u00e9ha az is egy pici eredm\u00e9ny, \u00e9s azt is eredm\u00e9nynek kell tekinteni, hogyha az az ember m\u00e9lt\u00f3s\u00e1ggal fog meghalni, \u00e9s tudja azt, hogy \u0151 mi\u00e9rt fog meghalni.<\/span><br \/>\n<span style=\"font-family: Times New Roman CE;\">Ezt a mesters\u00e9get az ember nem kiz\u00e1r\u00f3lag \u00e9s nem csak a szakemberekt\u0151l, az id\u0151sebb, nagy tud\u00e1s\u00fa szakemberekt\u0151l tanulja meg \u2013 hab\u00e1r nagyon fontos az elm\u00e9leti h\u00e1tt\u00e9r, hanem a kliensekt\u0151l, \u00e9s egym\u00e1st\u00f3l, a munkat\u00e1rsakt\u00f3l. Ez az a mesters\u00e9g, ahol a mindennapi alkalmass\u00e1g az egy nagyon v\u00e9res dolog. Van olyan, hogy az ember jobb, ha nem megy le dolgozni az utc\u00e1ra, jobb, ha ki se teszi a l\u00e1b\u00e1t a lak\u00e1sb\u00f3l, \u00e9s van \u00fagy, hogy dolgozni kell 72 \u00f3r\u00e1t, mert az ember form\u00e1ba van, \u00e9s adj\u00e1k k\u00e9zr\u0151l-k\u00e9zre, \u00e9s lend\u00fcletbe van. Itt a mindennapi bizony\u00edtv\u00e1nyt, az \u00fcgyfelek \u00e1ll\u00edtj\u00e1k ki, a mindennapi bizony\u00edtv\u00e1nyt a munkat\u00e1rsak \u00e1ll\u00edtj\u00e1k ki az emberr\u0151l. Aki ezt nehezen viseli, az ezt, abba fogja hagyni.<\/span><br \/>\n<span style=\"font-family: Times New Roman CE;\">Azt gondolom, hogy a sikeress\u00e9gi r\u00e1t\u00e1ja a szip\u00f3sokkal val\u00f3 foglalkoz\u00e1snak gyakorlatilag nulla. Minim\u00e1lisan \u00e9rz\u00e9kelhet\u0151, ahhoz egy \u00e9rz\u00e9kenys\u00e9get meg kell szerezni, hogy az ember a pici \u00f6r\u00f6m\u00f6knek jelent\u0151s\u00e9get tudjon szerezni. \u00d6r\u00fclj\u00f6n annak, hogy ez a szip\u00f3s odaj\u00f6n hozz\u00e1 \u00e9s azt mondja, hogy menj\u00fcnk el dum\u00e1lni, menj\u00fcnk el, igyunk meg egy pofa s\u00f6rt, \u00e9s k\u00f6zbe dum\u00e1ljunk. \u00d6r\u00fclj\u00f6n annak, hogy azt mondja az a szip\u00f3s, hogy te az a helyzet, hogy \u00e9n nem fogok leszokni, m\u00e9g most is a haverom vagy? Ezek nagyon ritka dolgok. Nagyon neh\u00e9z beker\u00fclni abba a csapatba, igaz\u00e1b\u00f3l nem is lehet beker\u00fclni az \u0151 nagyon homog\u00e9n csapatukba. Egy nagyon v\u00e9kony sz\u00e1lon t\u00e1ncol az ember, amit nagyon k\u00f6nny\u0171 elszak\u00edtani, m\u00e9g balesetb\u0151l is. Aki ezt a sz\u00e1lat elszak\u00edtotta a kapcsolatteremt\u00e9sben, az meghalt annak a csoportnak a r\u00e9sz\u00e9re. Vissza\u00fat nincs!<\/span><br \/>\n<span style=\"font-family: Times New Roman CE;\">Van egy tanuls\u00e1gos tanmese. A M\u00f3ricka elmegy Arisztidhoz, Arisztidn\u00e9l a kutya fekszik a sz\u00f6ges \u00e1gyon \u00e9s \u00fcv\u00f6lt. Esznek, isznak, vacsor\u00e1znak, a kutya \u00fcv\u00f6lt v\u00e9gig. Kifele menet megk\u00e9rdezi a M\u00f3ricka az Arisztidt\u0151l: \u2013 Te Arisztid, h\u00e1t mi\u00e9rt \u00fcv\u00f6lt ez a kutya? \u2013 H\u00e1t nem l\u00e1tod, hogy sz\u00f6ges \u00e1gyon fekszik? \u2013 H\u00e1t mi\u00e9rt nem sz\u00e1ll le a sz\u00f6ges \u00e1gyr\u00f3l? \u2013 Mert biztos nem sz\u00farja m\u00e9g annyira, hogy le akarjon sz\u00e1llni.<\/span><br \/>\n<span style=\"font-family: Times New Roman CE;\">Ez a met\u00f3dus ez \u00fagy sz\u00f3l, hogy akkor v\u00e1ltoztat valaki az \u00e9letm\u00f3dj\u00e1n, ha \u00fagy \u00e9rzi, hogy nem megy tov\u00e1bb. Ez a v\u00e1ltoztat\u00e1si pont szip\u00f3sok \u00e9s a szenved\u00e9lybetegek eset\u00e9ben a hal\u00e1lhoz nagyon k\u00f6zeli pont. Akkor ott kell lenni, \u00e9szn\u00e9l kell lenni, \u00e9s nagyon gyorsan kell cselekedni. \u00c9n ez\u00e9rt \u00e1lltam be ment\u0151zni id\u0151legesen, olyan heti 1-2 napot rohamkocsiban dolgozom, hogy megtanuljam azt, hogy ilyenkor mi a teend\u0151, \u00e9s mit kell csin\u00e1lni. Ha az ember hib\u00e1zik, akkor ott valaki meg fog halni, avagy maradand\u00f3 k\u00e1rosod\u00e1st fog szenvedni. \u0150k ezt tudj\u00e1k. \u00c9s ha ezt a szerepet elfogadj\u00e1k, ha elfogadj\u00e1k azt, hogy ez az ember, m\u00e1rmint a seg\u00edt\u0151 vagy utcai munk\u00e1s nem att\u00f3l lesz hiteles, hogy \u0151 is \u201canyagozik,\u201d \u00e9s ugyanazt \u00e1lmodja be, hanem att\u00f3l v\u00e1lik hiteless\u00e9, hogy a szerepe egy 10 \u00e9vvel id\u0151sebb testv\u00e9r\u00e9, ne adj isten az ap\u00e1\u00e9. Mondjuk ez \u00e9letkort\u00f3l f\u00fcgg, eny\u00e9m egyel\u0151re m\u00e9g a n\u00e9h\u00e1ny \u00e9vvel id\u0151sebb testv\u00e9r szerepe. Sz\u00f3val ha \u0151k ezt elfogadj\u00e1k, akkor ott az eredm\u00e9nyek \u00e9s sikerek hatv\u00e1nyoz\u00f3dni fognak. Nagyon hossz\u00fa \u00e9s nagyon neh\u00e9z mesters\u00e9g, \u00e9s ezt a mesters\u00e9get sajnos nem tan\u00edtj\u00e1k.<\/span><\/p>\n<p><i><span style=\"font-family: Times New Roman CE;\">Nagy Zolt\u00e1nr\u00f3l k\u00e9sz\u00fclt portr\u00e9<\/span><\/i><br \/>\n<i><span style=\"font-family: Times New Roman CE;\">(Elhangzott a Civil R\u00e1di\u00f3 Droginf\u00f3 c\u00edm\u0171 m\u0171sor\u00e1ban)<\/span><\/i><br \/>\n<i><span style=\"font-family: Times New Roman CE;\">Szerkeszt\u0151 K\u00e1ly-Kullai K\u00e1roly)<\/span><\/i><\/p>\n","protected":false},"excerpt":{"rendered":"<p>Az els\u0151 tal\u00e1lkoz\u00e1s az m\u00e9g valamikor 16 \u00e9ves koromban volt. Szakmunk\u00e1stanul\u00f3nak jelentkeztem amikor nem vettek fel a k\u00f6z\u00e9piskol\u00e1ban \u00e9s akkor sz\u00fcleimt\u0151l t\u00e1vol egy 400 f\u0151s koll\u00e9giumba k\u00f6lt\u00f6ztettek. Egy szob\u00e1ban voltunk 30-an \u00e9s els\u0151 \u00e9vnek a v\u00e9g\u00e9n este baktattam hazafel\u00e9, k\u00e9t-h\u00e1rom sr\u00e1c \u00fcl a ker\u00edt\u00e9s sz\u00e9l\u00e9n.<\/p>\n","protected":false},"author":4,"featured_media":0,"comment_status":"open","ping_status":"open","sticky":false,"template":"","format":"standard","meta":{"_acf_changed":false,"footnotes":""},"categories":[406,8,7],"tags":[],"coauthors":[47],"class_list":["post-5244","post","type-post","status-publish","format-standard","hentry","category-parola-1996-1","category-parola-folyoirat","category-repertorium"],"acf":[],"yoast_head":"<!-- This site is optimized with the Yoast SEO plugin v26.7 - https:\/\/yoast.com\/wordpress\/plugins\/seo\/ -->\n<title>Egy utcai szoci\u00e1lis munk\u00e1s monol\u00f3gja - Parola Foly\u00f3irat<\/title>\n<meta name=\"robots\" content=\"index, follow, max-snippet:-1, max-image-preview:large, max-video-preview:-1\" \/>\n<link rel=\"canonical\" href=\"https:\/\/kofe.hu\/parola\/parola-folyoirat\/egy-utcai-szocialis-munkas-monologja\/\" \/>\n<meta property=\"og:locale\" content=\"hu_HU\" \/>\n<meta property=\"og:type\" content=\"article\" \/>\n<meta property=\"og:title\" content=\"Egy utcai szoci\u00e1lis munk\u00e1s monol\u00f3gja - Parola Foly\u00f3irat\" \/>\n<meta property=\"og:description\" content=\"Az els\u0151 tal\u00e1lkoz\u00e1s az m\u00e9g valamikor 16 \u00e9ves koromban volt. Szakmunk\u00e1stanul\u00f3nak jelentkeztem amikor nem vettek fel a k\u00f6z\u00e9piskol\u00e1ban \u00e9s akkor sz\u00fcleimt\u0151l t\u00e1vol egy 400 f\u0151s koll\u00e9giumba k\u00f6lt\u00f6ztettek. Egy szob\u00e1ban voltunk 30-an \u00e9s els\u0151 \u00e9vnek a v\u00e9g\u00e9n este baktattam hazafel\u00e9, k\u00e9t-h\u00e1rom sr\u00e1c \u00fcl a ker\u00edt\u00e9s sz\u00e9l\u00e9n.\" \/>\n<meta property=\"og:url\" content=\"https:\/\/kofe.hu\/parola\/parola-folyoirat\/egy-utcai-szocialis-munkas-monologja\/\" \/>\n<meta property=\"og:site_name\" content=\"Parola Foly\u00f3irat\" \/>\n<meta property=\"article:published_time\" content=\"2020-08-04T14:35:52+00:00\" \/>\n<meta name=\"author\" content=\"Parola\" \/>\n<meta name=\"twitter:card\" content=\"summary_large_image\" \/>\n<meta name=\"twitter:label1\" content=\"Szerz\u0151:\" \/>\n\t<meta name=\"twitter:data1\" content=\"Parola\" \/>\n\t<meta name=\"twitter:label2\" content=\"Becs\u00fclt olvas\u00e1si id\u0151\" \/>\n\t<meta name=\"twitter:data2\" content=\"14 perc\" \/>\n\t<meta name=\"twitter:label3\" content=\"Written by\" \/>\n\t<meta name=\"twitter:data3\" content=\"Parola\" \/>\n<script type=\"application\/ld+json\" class=\"yoast-schema-graph\">{\"@context\":\"https:\/\/schema.org\",\"@graph\":[{\"@type\":\"Article\",\"@id\":\"https:\/\/kofe.hu\/parola\/parola-folyoirat\/egy-utcai-szocialis-munkas-monologja\/#article\",\"isPartOf\":{\"@id\":\"https:\/\/kofe.hu\/parola\/parola-folyoirat\/egy-utcai-szocialis-munkas-monologja\/\"},\"author\":{\"name\":\"Parola\",\"@id\":\"https:\/\/kofe.hu\/parola\/#\/schema\/person\/b39ea6ec0995233537351d7e33281aeb\"},\"headline\":\"Egy utcai szoci\u00e1lis munk\u00e1s monol\u00f3gja\",\"datePublished\":\"2020-08-04T14:35:52+00:00\",\"mainEntityOfPage\":{\"@id\":\"https:\/\/kofe.hu\/parola\/parola-folyoirat\/egy-utcai-szocialis-munkas-monologja\/\"},\"wordCount\":2877,\"commentCount\":0,\"articleSection\":[\"Parola 1996\/1\",\"Parola Foly\u00f3irat\",\"Repert\u00f3rium\"],\"inLanguage\":\"hu\",\"potentialAction\":[{\"@type\":\"CommentAction\",\"name\":\"Comment\",\"target\":[\"https:\/\/kofe.hu\/parola\/parola-folyoirat\/egy-utcai-szocialis-munkas-monologja\/#respond\"]}]},{\"@type\":\"WebPage\",\"@id\":\"https:\/\/kofe.hu\/parola\/parola-folyoirat\/egy-utcai-szocialis-munkas-monologja\/\",\"url\":\"https:\/\/kofe.hu\/parola\/parola-folyoirat\/egy-utcai-szocialis-munkas-monologja\/\",\"name\":\"Egy utcai szoci\u00e1lis munk\u00e1s monol\u00f3gja - Parola Foly\u00f3irat\",\"isPartOf\":{\"@id\":\"https:\/\/kofe.hu\/parola\/#website\"},\"datePublished\":\"2020-08-04T14:35:52+00:00\",\"author\":{\"@id\":\"https:\/\/kofe.hu\/parola\/#\/schema\/person\/b39ea6ec0995233537351d7e33281aeb\"},\"breadcrumb\":{\"@id\":\"https:\/\/kofe.hu\/parola\/parola-folyoirat\/egy-utcai-szocialis-munkas-monologja\/#breadcrumb\"},\"inLanguage\":\"hu\",\"potentialAction\":[{\"@type\":\"ReadAction\",\"target\":[\"https:\/\/kofe.hu\/parola\/parola-folyoirat\/egy-utcai-szocialis-munkas-monologja\/\"]}]},{\"@type\":\"BreadcrumbList\",\"@id\":\"https:\/\/kofe.hu\/parola\/parola-folyoirat\/egy-utcai-szocialis-munkas-monologja\/#breadcrumb\",\"itemListElement\":[{\"@type\":\"ListItem\",\"position\":1,\"name\":\"Home\",\"item\":\"https:\/\/kofe.hu\/parola\/\"},{\"@type\":\"ListItem\",\"position\":2,\"name\":\"Egy utcai szoci\u00e1lis munk\u00e1s monol\u00f3gja\"}]},{\"@type\":\"WebSite\",\"@id\":\"https:\/\/kofe.hu\/parola\/#website\",\"url\":\"https:\/\/kofe.hu\/parola\/\",\"name\":\"Parola Foly\u00f3irat\",\"description\":\"\",\"potentialAction\":[{\"@type\":\"SearchAction\",\"target\":{\"@type\":\"EntryPoint\",\"urlTemplate\":\"https:\/\/kofe.hu\/parola\/?s={search_term_string}\"},\"query-input\":{\"@type\":\"PropertyValueSpecification\",\"valueRequired\":true,\"valueName\":\"search_term_string\"}}],\"inLanguage\":\"hu\"},{\"@type\":\"Person\",\"@id\":\"https:\/\/kofe.hu\/parola\/#\/schema\/person\/b39ea6ec0995233537351d7e33281aeb\",\"name\":\"Parola\",\"image\":{\"@type\":\"ImageObject\",\"inLanguage\":\"hu\",\"@id\":\"https:\/\/kofe.hu\/parola\/#\/schema\/person\/image\/ef1d7dc4d1949d5457aa415351763853\",\"url\":\"https:\/\/secure.gravatar.com\/avatar\/c18c00ea50048aa7adb99e5d11e4250d05111e33b2bea02671439eb7912c945e?s=96&d=mm&r=g\",\"contentUrl\":\"https:\/\/secure.gravatar.com\/avatar\/c18c00ea50048aa7adb99e5d11e4250d05111e33b2bea02671439eb7912c945e?s=96&d=mm&r=g\",\"caption\":\"Parola\"},\"url\":\"https:\/\/kofe.hu\/parola\/szerzok\/parola\/\"}]}<\/script>\n<!-- \/ Yoast SEO plugin. -->","yoast_head_json":{"title":"Egy utcai szoci\u00e1lis munk\u00e1s monol\u00f3gja - Parola Foly\u00f3irat","robots":{"index":"index","follow":"follow","max-snippet":"max-snippet:-1","max-image-preview":"max-image-preview:large","max-video-preview":"max-video-preview:-1"},"canonical":"https:\/\/kofe.hu\/parola\/parola-folyoirat\/egy-utcai-szocialis-munkas-monologja\/","og_locale":"hu_HU","og_type":"article","og_title":"Egy utcai szoci\u00e1lis munk\u00e1s monol\u00f3gja - Parola Foly\u00f3irat","og_description":"Az els\u0151 tal\u00e1lkoz\u00e1s az m\u00e9g valamikor 16 \u00e9ves koromban volt. Szakmunk\u00e1stanul\u00f3nak jelentkeztem amikor nem vettek fel a k\u00f6z\u00e9piskol\u00e1ban \u00e9s akkor sz\u00fcleimt\u0151l t\u00e1vol egy 400 f\u0151s koll\u00e9giumba k\u00f6lt\u00f6ztettek. Egy szob\u00e1ban voltunk 30-an \u00e9s els\u0151 \u00e9vnek a v\u00e9g\u00e9n este baktattam hazafel\u00e9, k\u00e9t-h\u00e1rom sr\u00e1c \u00fcl a ker\u00edt\u00e9s sz\u00e9l\u00e9n.","og_url":"https:\/\/kofe.hu\/parola\/parola-folyoirat\/egy-utcai-szocialis-munkas-monologja\/","og_site_name":"Parola Foly\u00f3irat","article_published_time":"2020-08-04T14:35:52+00:00","author":"Parola","twitter_card":"summary_large_image","twitter_misc":{"Szerz\u0151:":"Parola","Becs\u00fclt olvas\u00e1si id\u0151":"14 perc","Written by":"Parola"},"schema":{"@context":"https:\/\/schema.org","@graph":[{"@type":"Article","@id":"https:\/\/kofe.hu\/parola\/parola-folyoirat\/egy-utcai-szocialis-munkas-monologja\/#article","isPartOf":{"@id":"https:\/\/kofe.hu\/parola\/parola-folyoirat\/egy-utcai-szocialis-munkas-monologja\/"},"author":{"name":"Parola","@id":"https:\/\/kofe.hu\/parola\/#\/schema\/person\/b39ea6ec0995233537351d7e33281aeb"},"headline":"Egy utcai szoci\u00e1lis munk\u00e1s monol\u00f3gja","datePublished":"2020-08-04T14:35:52+00:00","mainEntityOfPage":{"@id":"https:\/\/kofe.hu\/parola\/parola-folyoirat\/egy-utcai-szocialis-munkas-monologja\/"},"wordCount":2877,"commentCount":0,"articleSection":["Parola 1996\/1","Parola Foly\u00f3irat","Repert\u00f3rium"],"inLanguage":"hu","potentialAction":[{"@type":"CommentAction","name":"Comment","target":["https:\/\/kofe.hu\/parola\/parola-folyoirat\/egy-utcai-szocialis-munkas-monologja\/#respond"]}]},{"@type":"WebPage","@id":"https:\/\/kofe.hu\/parola\/parola-folyoirat\/egy-utcai-szocialis-munkas-monologja\/","url":"https:\/\/kofe.hu\/parola\/parola-folyoirat\/egy-utcai-szocialis-munkas-monologja\/","name":"Egy utcai szoci\u00e1lis munk\u00e1s monol\u00f3gja - Parola Foly\u00f3irat","isPartOf":{"@id":"https:\/\/kofe.hu\/parola\/#website"},"datePublished":"2020-08-04T14:35:52+00:00","author":{"@id":"https:\/\/kofe.hu\/parola\/#\/schema\/person\/b39ea6ec0995233537351d7e33281aeb"},"breadcrumb":{"@id":"https:\/\/kofe.hu\/parola\/parola-folyoirat\/egy-utcai-szocialis-munkas-monologja\/#breadcrumb"},"inLanguage":"hu","potentialAction":[{"@type":"ReadAction","target":["https:\/\/kofe.hu\/parola\/parola-folyoirat\/egy-utcai-szocialis-munkas-monologja\/"]}]},{"@type":"BreadcrumbList","@id":"https:\/\/kofe.hu\/parola\/parola-folyoirat\/egy-utcai-szocialis-munkas-monologja\/#breadcrumb","itemListElement":[{"@type":"ListItem","position":1,"name":"Home","item":"https:\/\/kofe.hu\/parola\/"},{"@type":"ListItem","position":2,"name":"Egy utcai szoci\u00e1lis munk\u00e1s monol\u00f3gja"}]},{"@type":"WebSite","@id":"https:\/\/kofe.hu\/parola\/#website","url":"https:\/\/kofe.hu\/parola\/","name":"Parola Foly\u00f3irat","description":"","potentialAction":[{"@type":"SearchAction","target":{"@type":"EntryPoint","urlTemplate":"https:\/\/kofe.hu\/parola\/?s={search_term_string}"},"query-input":{"@type":"PropertyValueSpecification","valueRequired":true,"valueName":"search_term_string"}}],"inLanguage":"hu"},{"@type":"Person","@id":"https:\/\/kofe.hu\/parola\/#\/schema\/person\/b39ea6ec0995233537351d7e33281aeb","name":"Parola","image":{"@type":"ImageObject","inLanguage":"hu","@id":"https:\/\/kofe.hu\/parola\/#\/schema\/person\/image\/ef1d7dc4d1949d5457aa415351763853","url":"https:\/\/secure.gravatar.com\/avatar\/c18c00ea50048aa7adb99e5d11e4250d05111e33b2bea02671439eb7912c945e?s=96&d=mm&r=g","contentUrl":"https:\/\/secure.gravatar.com\/avatar\/c18c00ea50048aa7adb99e5d11e4250d05111e33b2bea02671439eb7912c945e?s=96&d=mm&r=g","caption":"Parola"},"url":"https:\/\/kofe.hu\/parola\/szerzok\/parola\/"}]}},"_links":{"self":[{"href":"https:\/\/kofe.hu\/parola\/wp-json\/wp\/v2\/posts\/5244","targetHints":{"allow":["GET"]}}],"collection":[{"href":"https:\/\/kofe.hu\/parola\/wp-json\/wp\/v2\/posts"}],"about":[{"href":"https:\/\/kofe.hu\/parola\/wp-json\/wp\/v2\/types\/post"}],"author":[{"embeddable":true,"href":"https:\/\/kofe.hu\/parola\/wp-json\/wp\/v2\/users\/4"}],"replies":[{"embeddable":true,"href":"https:\/\/kofe.hu\/parola\/wp-json\/wp\/v2\/comments?post=5244"}],"version-history":[{"count":1,"href":"https:\/\/kofe.hu\/parola\/wp-json\/wp\/v2\/posts\/5244\/revisions"}],"predecessor-version":[{"id":5245,"href":"https:\/\/kofe.hu\/parola\/wp-json\/wp\/v2\/posts\/5244\/revisions\/5245"}],"wp:attachment":[{"href":"https:\/\/kofe.hu\/parola\/wp-json\/wp\/v2\/media?parent=5244"}],"wp:term":[{"taxonomy":"category","embeddable":true,"href":"https:\/\/kofe.hu\/parola\/wp-json\/wp\/v2\/categories?post=5244"},{"taxonomy":"post_tag","embeddable":true,"href":"https:\/\/kofe.hu\/parola\/wp-json\/wp\/v2\/tags?post=5244"},{"taxonomy":"author","embeddable":true,"href":"https:\/\/kofe.hu\/parola\/wp-json\/wp\/v2\/coauthors?post=5244"}],"curies":[{"name":"wp","href":"https:\/\/api.w.org\/{rel}","templated":true}]}}