{"id":5234,"date":"2020-08-04T14:27:46","date_gmt":"2020-08-04T14:27:46","guid":{"rendered":"https:\/\/kofe.hu\/parola\/?p=5234"},"modified":"2020-08-04T14:27:46","modified_gmt":"2020-08-04T14:27:46","slug":"a-kisiskola-sorskerdeseirol-kovagotottoson","status":"publish","type":"post","link":"https:\/\/kofe.hu\/parola\/parola-folyoirat\/a-kisiskola-sorskerdeseirol-kovagotottoson\/","title":{"rendered":"A kisiskola sorsk\u00e9rd\u00e9seir\u0151l K\u0151v\u00e1g\u00f3t\u00f6tt\u00f6s\u00f6n"},"content":{"rendered":"<p style=\"text-align: justify;\"><span style=\"font-family: Times New Roman CE;\">K\u0151v\u00e1g\u00f3t\u00f6tt\u00f6s apr\u00f3falu a Nyugati-Mecsek l\u00e1b\u00e1n\u00e1l, az egykori ur\u00e1nb\u00e1nya \u2013 a majdani hullad\u00e9ktemet\u0151? \u2013 f\u00f6l\u00f6tt. 370 lak\u00f3j\u00e1nak harmada munkan\u00e9lk\u00fcli, harmada id\u0151s, nyugd\u00edjas, harmada cig\u00e1ny. A h\u00e1tr\u00e1nyos helyzet megannyi eleme egy\u00fctt! A telep\u00fcl\u00e9s a rendszerv\u00e1lt\u00e1s nyom\u00e1n szakadt le az egykori sz\u00e9khelyr\u0151l.<\/span><\/p>\n<p><!--more--><\/p>\n<p style=\"text-align: justify;\"><span style=\"font-family: Times New Roman CE;\"> Polg\u00e1rmestere Cs\u00f6rgei G\u00e9za erd\u00e9sz a m\u00e1sodik ciklusban v\u00e1llalja mag\u00e1ra a k\u00f6z\u00f6ss\u00e9g ir\u00e1ny\u00edt\u00e1s\u00e1t, \u00e9rdekeinek k\u00e9pviselet\u00e9t. Az \u00f6n\u00e1ll\u00f3v\u00e1 v\u00e1l\u00e1s egyik els\u0151 szimbolikus gesztusa volt az iskola \u00f6n\u00e1ll\u00f3s\u00edt\u00e1sa is. A t\u00edz egyn\u00e9h\u00e1ny als\u00f3tagozatos kor\u00fa gyerekb\u0151l hatan j\u00e1rnak a kicsinos\u00edtott (egy\u00e9bk\u00e9nt a polg\u00e1rmesteri hivatallal, az orvosi rendel\u0151vel egy \u00e9p\u00fcletben elhelyezked\u0151) kisiskola k\u00e9t termecsk\u00e9j\u00e9be. Am\u00edg a kistelep\u00fcl\u00e9sek 500 000 Ft kieg\u00e9sz\u00edt\u0151 t\u00e1mogat\u00e1st kaptak iskol\u00e1juk fenntart\u00e1s\u00e1ra a k\u00f6lts\u00e9gvet\u00e9st\u0151l, addig az iskola fenntart\u00e1sa (bele\u00e9rtve az ingyenes tanszereket) \u201cnullaszald\u00f3s\u201d volt, a normat\u00edv t\u00e1mogat\u00e1s \u00e9s az extra fedezte a fenntart\u00e1s k\u00f6lts\u00e9geit, els\u0151sorban az igazgat\u00f3tan\u00edt\u00f3 b\u00e9r\u00e9t, hiszen megannyi k\u00f6lts\u00e9get (takar\u00edt\u00e1si, energia) lenyelt a k\u00f6z\u00f6s \u00e9p\u00fclet. \u00c1m az \u00faj t\u00e1mogat\u00e1si rendszer ezzel az \u00f6sszeggel m\u00e1r nem sz\u00e1mol. Ki\u00e9lez\u0151d\u00f6tt a k\u00e9rd\u00e9s: mi legyen a k\u0151v\u00e1g\u00f3t\u00f6tt\u00f6si iskol\u00e1val? (A fenti \u00e9p\u00fcletegy\u00fcttes val\u00f3j\u00e1ban az egyetlen m\u0171k\u00f6d\u0151 k\u00f6zint\u00e9zm\u00e9ny a faluban, a bolt-kocsma \u00e9p\u00fclett\u00f6mbje ugyan mag\u00e1ba foglal egy \u201cbefagyott\u201d kult\u00fartermet is, ez is k\u00f6z\u00f6ss\u00e9gi tulajdon, a polg\u00e1rmester m\u00e9g nem tett le r\u00f3la, hogy egyszer ez is fel\u00e9bred Csipker\u00f3zsika-\u00e1lm\u00e1b\u00f3l. A m\u0171eml\u00e9k-templom ma nem igaz\u00e1n k\u00f6z\u00f6ss\u00e9gi gy\u00fclekez\u0151hely. Az iskola\u00e9p\u00fclet k\u00f6zvetlen szomsz\u00e9ds\u00e1g\u00e1ban haszn\u00e1laton k\u00edv\u00fcli k\u00f6zs\u00e9gi k\u00f6nyvt\u00e1r \u00e1ll \u2013 ez egy kis helyis\u00e9get tartalmaz\u00f3 \u00e9p\u00fclet.)<\/span><br \/>\n<span style=\"font-family: Times New Roman CE;\">A telep\u00fcl\u00e9sre id\u0151k\u00f6zben szakmai gyakorlatra \u00e9rkeztek a p\u00e9csi egyetem szoci\u00e1lpolitikus n\u00f6vend\u00e9keik a K\u00f6z\u00f6ss\u00e9gszolg\u00e1lat Alap\u00edtv\u00e1ny fejleszt\u00e9si akci\u00f3kat kezdem\u00e9nyezett, \u00edgy vert helyzet\u00e9b\u0151l \u00e9ledni l\u00e1tszik a telep\u00fcl\u00e9s. Az irgalmatlan teherrel a v\u00e1ll\u00e1n: 100 csal\u00e1dja k\u00f6z\u00fcl 6 helyben k\u00edv\u00e1nja iskol\u00e1ztatni gyermek\u00e9t. Ezenk\u00f6zben az \u00f3vod\u00e1sok a k\u0151v\u00e1g\u00f3sz\u0151l\u0151si \u00f3vod\u00e1ba j\u00e1rnak \u2013 az egykori sz\u00e9khelyk\u00f6zs\u00e9gbe, s ide j\u00e1rnak a fels\u0151tagozatosok is. (Van m\u00e9g ezenk\u00edv\u00fcl is 2-3 csal\u00e1dhoz azonos\u00edthat\u00f3 \u00e1llami gondozott gyerek is, ezek \u201cvisszatelep\u00fcl\u00e9s\u00e9re\u201d egyel\u0151re nem l\u00e1tnak rem\u00e9nyt.) Az \u00f6nkorm\u00e1nyzatok k\u00f6z\u00f6tt, az iskol\u00e1k k\u00f6z\u00f6tt nem rossz a kapcsolat, de a polg\u00e1rmester az \u00f6n\u00e1ll\u00f3s\u00e1got nem cser\u00e9ln\u00e9 semmi\u00e9rt \u2013 \u00edgy tud j\u00f3t\u00e1llni felel\u0151ss\u00e9g\u00e9\u00e9rt. Az \u00f3vod\u00e1sok, az egykori k\u00f6zponti iskol\u00e1t v\u00e1laszt\u00f3 kisiskol\u00e1sok \u00e9s a fels\u0151tagozatosok ut\u00e1n korrekten fizetik az \u00e1llami t\u00e1mogat\u00e1st \u00e9s a t\u00e9nyleges k\u00f6lts\u00e9gek k\u00f6zti k\u00fcl\u00f6nbs\u00e9get, ez 50-60 000 Ft.<\/span><br \/>\n<span style=\"font-family: Times New Roman CE;\">A k\u00f6zs\u00e9g lak\u00f3i \u2013 a k\u00f6z\u00f6ss\u00e9gfejleszt\u0151k k\u00e9rd\u0151\u00edveire is \u00edgy v\u00e1laszoltak \u2013 el\u00e9gedettek az iskol\u00e1val, t\u00f6bbs\u00e9g\u00fck (a gyerektelenek is) megtart\u00e1sa mellett van. Ugyanakkor szeretn\u00e9nek t\u00f6bb m\u0171vel\u0151d\u00e9si programot, esem\u00e9nyt, falusi \u00fcnnepet, gyerekek sz\u00edniel\u0151ad\u00e1s\u00e1t, egyebet. A dilemma fesz\u00fclts\u00e9ge \u00f3ri\u00e1si. (Ez\u00e9rt is k\u00e9rt szak\u00e9rt\u0151i seg\u00edts\u00e9get az iskolafejleszt\u0151t\u0151l a polg\u00e1rmester.)<\/span><br \/>\n<span style=\"font-family: Times New Roman CE;\">Ha:<\/span><br \/>\n<span style=\"font-family: Times New Roman CE;\">1. bez\u00e1rja az iskol\u00e1t, \u00e9s K\u0151v\u00e1g\u00f3sz\u0151l\u0151sre iratkozik a marad\u00e9k 6 kisdi\u00e1k is, akkor megtakar\u00edt csaknem egy m\u0171vel\u0151d\u00e9sszervez\u0151i fizet\u00e9st (kb. 300 000 Ft-ot), lenne kire b\u00edzni a k\u00f6zm\u0171vel\u0151d\u00e9st, k\u00f6z\u00f6ss\u00e9ganim\u00e1ci\u00f3t. Igen \u00e1m! De \u2013 \u00fagy v\u00e9lik sz\u00fcl\u0151k, lakosok, k\u00e9pvisel\u0151k egyar\u00e1nt, hogy \u2013 a k\u00f6z\u00f6ss\u00e9ganim\u00e1ci\u00f3nak m\u00e9giscsak alf\u00e1ja \u00e9s omeg\u00e1ja a mindennap (ak\u00e1r csak hat gyerekkel) kinyit\u00f3, vil\u00e1g\u00edt\u00f3 ablakait a falu fel\u00e9 ford\u00edt\u00f3 iskola!<\/span><br \/>\n<span style=\"font-family: Times New Roman CE;\">Figyelembe veend\u0151 szempont az is, hogy a Vol\u00e1n busza reggel 7 \u00f3rakor robog kereszt\u00fcl a falun az iskolak\u00f6zs\u00e9g fel\u0151l, d\u00e9lut\u00e1n is k\u00f6t\u00f6tt a menetrend, a helyben marad\u00e1st v\u00e1laszt\u00f3 sz\u00fcl\u0151k agg\u00f3dnak kisgyermekeik biztons\u00e1g\u00e1\u00e9rt.<\/span><br \/>\n<span style=\"font-family: Times New Roman CE;\">Ha az iskola egyszer bez\u00e1r, akkor ez a helyzet g\u00e1tat vet az esetleges idek\u00f6lt\u00f6z\u0151 fiatalok leteleped\u00e9si kedv\u00e9nek is, hiszen iskola n\u00e9lk\u00fcli faluba nem j\u00f6nnek, \u00fagy v\u00e9gk\u00e9pp oda lesz az es\u00e9lye, hogy egyszer majd t\u00f6bb iskol\u00e1s gyerek legyen a faluban.<\/span><br \/>\n<span style=\"font-family: Times New Roman CE;\">2. m\u0171k\u00f6dteti az iskol\u00e1t, s gyarap\u00edtja szolg\u00e1ltat\u00e1sait (szakk\u00f6r\u00f6kkel, nyelvoktat\u00e1ssal, ak\u00e1r a nagyobb iskol\u00e1sokat is vonz\u00f3 gyerekszervezeti \u00e9lettel, nem eltitkoltan azzal a c\u00e9llal, hogy \u201chazacs\u00e1b\u00edtsa\u201d a \u201cm\u00e1sik\u201d hat nebul\u00f3t, s \u00edgy megn\u00f6velt \u00e1llami t\u00e1mogat\u00e1sb\u00f3l helyre\u00e1ll\u00edtsa a likvidit\u00e1st. Ekkor viszont a \u201cbar\u00e1ts\u00e1gtalan\u201d versenyl\u00e9p\u00e9sre a k\u0151v\u00e1g\u00f3sz\u0151l\u0151si iskola lesz k\u00e9nytelen kimutatni a bej\u00e1r\u00f3 tanul\u00f3kra jut\u00f3 fajlagos k\u00f6lts\u00e9gek n\u00f6veked\u00e9s\u00e9t, s ezt lesz\u00e1ml\u00e1zni K\u0151v\u00e1g\u00f3t\u00f6tt\u00f6snek. S ehhez nem is kell bar\u00e1ts\u00e1gtalannak lenni, a 100-n\u00e1l alig t\u00f6bb tanul\u00f3t foglalkoztat\u00f3 egykori k\u00f6zponti iskola kassz\u00e1j\u00e1b\u00f3l a 6-szor 41 000 Ft (meg az \u201cextra\u201d is) nagyon hi\u00e1nyozna.<\/span><br \/>\n<span style=\"font-family: Times New Roman CE;\">3. az iskola megmaradna \u00edgy, ahogy most, valahogyan el\u0151teremtik fennmarad\u00e1s\u00e1nak fedezet\u00e9t (b\u00f6lcsen gazd\u00e1lkodtak id\u00e1ig, van egy kis tartal\u00e9kuk), de azt szeretn\u00e9k, ha a tan\u00edt\u00f3n\u0151 t\u00f6bb k\u00f6zm\u0171vel\u0151d\u00e9si feladatot v\u00e1llalna, a hat gyerek ig\u00e9nyes oktat\u00e1sa mellett ell\u00e1tn\u00e1 a m\u0171vel\u0151d\u00e9sszervez\u0151 feladatait is. (Valahogy legal\u00e1bb n\u00e9h\u00e1nyszor gyalog v\u00e9gigmenne a falun, fogalmaznak a lakosok, mint a r\u00e9gi tan\u00edt\u00f3 \u00far tette, s meg-meg\u00e1llna egy sz\u00f3ra, egy k\u00f6sz\u00f6n\u00e9sre&#8230;) Igen \u00e1m, de a tan\u00edt\u00f3 \u2013 b\u00e1rmilyen j\u00f3 szakembere is a kisiskol\u00e1k, az \u00f6sszevont tanul\u00f3csoport oktat\u00e1s\u00e1nak-nevel\u00e9s\u00e9nek, szeretik is tanul\u00f3ink sz\u00fclei, de az iskola el\u0151tti porban j\u00e1tsz\u00f3 gyerk\u0151c\u00f6k is azt mondj\u00e1k, hogy szeretik \u201cmert olyan \u00e9nekeket is tan\u00edt, ami nincs a k\u00f6nyvben\u201d \u2013, vagy 40 kilom\u00e9terr\u0151l j\u00e1r be reggelente, s d\u00e9li \u00f3r\u00e1n robog is el g\u00e9pkocsij\u00e1n saj\u00e1t n\u00e9gy \u00e9desgyereke mell\u00e9. Mit lehet tenni? Olyan feladatokra nem k\u00e9nyszer\u00edthet\u0151, amir\u0151l az iskola alap\u00edt\u00f3 okirata nem sz\u00f3l, Ildik\u00f3 harcosan v\u00e9di \u00e9rdekeit: l\u00e1m, kiharcolta a 8500 Ft-os vezet\u0151i p\u00f3tl\u00e9kot is, b\u00e1r saj\u00e1t maga f\u0151n\u00f6ke.<\/span><br \/>\n<span style=\"font-family: Times New Roman CE;\">A dilemm\u00e1k feldolgoz\u00e1s\u00e1ra a k\u00f6vetkez\u0151 t\u00e1rgyal\u00e1sm\u00f3dban tett\u00fcnk k\u00eds\u00e9rletet. El\u0151sz\u00f6r a polg\u00e1rmester, alpolg\u00e1rmester, az igazgat\u00f3-tan\u00edt\u00f3 \u00e9s a sz\u0151l\u0151si iskola igazgat\u00f3helyettese r\u00e9szv\u00e9tel\u00e9vel \u2013 a hallgat\u00f3k s a K\u00f6z\u00f6ss\u00e9gszolg\u00e1lati Alap\u00edtv\u00e1ny szak\u00e9rt\u0151i jelenl\u00e9t\u00e9ben t\u00e1rgyaltuk az es\u00e9lyeket, megold\u00e1sokat. Majd kisz\u00e9les\u00edtett\u00fck a k\u00f6rt: 3 idej\u00e1r\u00f3 iskol\u00e1s sz\u00fcl\u0151je, s az \u201codaj\u00e1r\u00f3\u00e9\u201d fogadta el a megh\u00edv\u00e1st. Besz\u00e9lj\u00fck meg egy\u00fctt!<\/span><br \/>\n<span style=\"font-family: Times New Roman CE;\">Egyet\u00e9rt\u00e9s volt a k\u00f6vetkez\u0151kben: \u201cEgy falu nem falu iskola n\u00e9lk\u00fcl! (legfeljebb olyan, mint egy tanya)\u201d &#8230;\u201cA tan\u00e1r n\u00e9nit szeretj\u00fck, nem szabad innen elengedni&#8230;\u201d Mi\u00e9rt szeretik? \u201cMert szereti a gyerekeket.\u201d \u201cK\u00fcl\u00f6nben is 6 gyerekkel lehet j\u00f3l foglalkozni, az nem olyan mint h\u00fasszal.\u201d \u201cNincs balesetvesz\u00e9ly, ha itthon j\u00e1rnak iskol\u00e1ba a gyerekek.\u201d \u201c\u00c9n eg\u00e9sz nap agg\u00f3dn\u00e9k, ha idegenben lenne.\u201d A m\u00e1sik f\u00e9l. \u201c\u00cdgy legal\u00e1bb megtanulja, hogy vigy\u00e1zni kell.\u201d \u201cK\u00fcl\u00f6nben is, ha nagy testv\u00e9rei odaj\u00e1rnak, akkor szem el\u0151tt van vel\u00fck a kicsi is.\u201d \u201cNagyon kor\u00e1n megy a busz, \u00e1lmosak, f\u00e1radtak.\u201c<\/span><br \/>\n<span style=\"font-family: Times New Roman CE;\">Az persze j\u00f3 volna, ha lenn\u00e9nek d\u00e9lut\u00e1ni foglalkoz\u00e1sok (NB. A napk\u00f6zis ell\u00e1t\u00e1s az\u00e9rt sz\u0171nt meg, mert t\u00fal\u00f3ravonzatot \u2013 napi k\u00e9t \u00f3ra \u2013 az \u00f6nkorm\u00e1nyzat m\u00e1r nem tudja kigazd\u00e1lkodni). \u201cCsak nyugodtabbak lenn\u00e9nk, ha j\u00f3 helyen lenne a gyerek.\u201d K\u00e9s\u0151bb kider\u00fclt, hogy k\u00e9t sz\u00fcl\u0151 is \u2013 egy idej\u00e1r\u00f3 gyerek\u00e9 egy odaj\u00e1r\u00f3i is \u2013 a gyerekek rendelkez\u00e9s\u00e9re bocs\u00e1totta az egykor szebb napokat l\u00e1tott ist\u00e1ll\u00f3t (valamikor T\u00f6tt\u00f6s\u00f6n h\u00edres \u00e1llatteny\u00e9szt\u00e9s volt, gazdas\u00e1gi \u00e9p\u00fcleteik ma is impoz\u00e1nsak, ha \u2013 l\u00e1m-l\u00e1m \u2013 funkci\u00f3t v\u00e1ltottak is). M\u00e9g az is kit\u0171nik a besz\u00e9lget\u00e9sb\u0151l, hogy havi 100-150 Ft-ot \u00e1ldozn\u00e1nak is a csal\u00e1dok valamilyen szakk\u00f6rre. A sz\u00ednj\u00e1t\u00e9k meg a t\u00e1nc emleget\u0151dik gyakran, k\u00e9s\u0151bb a h\u00edmz\u00e9s, amire az egyik \u00e9desanya m\u00e9g v\u00e1llalkozna is, hogy tan\u00edtan\u00e1 a gyerekeket, amikor a besz\u00e9lget\u00e9s sor\u00e1n annak lehet\u0151s\u00e9geit firtatjuk, hogy egy \u2013 r\u00e9szben vagy eg\u00e9szben iskola, \u00e9rtelmis\u00e9gi ir\u00e1ny\u00edt\u00e1s n\u00e9lk\u00fcli \u2013 \u201cnyitott h\u00e1z\u201d, \u201cgyerekint\u00e9zm\u00e9ny\u201d fenntart\u00e1s\u00e1ra milyen \u201cn\u00e9pi megaj\u00e1nl\u00e1sok\u201d lenn\u00e9nek. Az \u00f6nszervez\u0151d\u00e9sben megind\u00edtott falu hajland\u00f3 \u2013 legal\u00e1bbis a szavak szintj\u00e9n \u2013 szabad k\u00f6z\u00f6ss\u00e9gi munk\u00e1t \u00e1ldozni gyerekeikre. Az is letagadhatatlan, hogy amikor arr\u00f3l k\u00e9rdez\u0151sk\u00f6dt\u00fcnk, hogy kiben l\u00e1tn\u00e1k e gyermek-munka, ifj\u00fas\u00e1gi munk\u00e1s l\u00e9tes\u00edtm\u00e9nyes\u00e9t, akkor azt a h\u00f6lgyet nevezik meg, aki \u00e9ppen alulmaradt a polg\u00e1rmester-v\u00e1laszt\u00e1son.<\/span><br \/>\n<span style=\"font-family: Times New Roman CE;\">Patthelyzet?<\/span><br \/>\n<span style=\"font-family: Times New Roman CE;\">A besz\u00e9lget\u00e9sek ut\u00e1n \u00fajra egy\u00fctt maradunk a polg\u00e1rmesterrel \u00e9s helyettes\u00e9vel. Cs\u00f6rgei konok ember. Eld\u00f6nt\u00f6tte: adott helyzetben nem iskol\u00e1tlan\u00edtja a telep\u00fcl\u00e9st. Megfontolja a gyerekmunka, ifj\u00fas\u00e1gi munka \u201cciviliz\u00e1l\u00e1s\u00e1ra\u201d tett javaslatainkat \u2013 t\u00e1n telep\u00fcl\u00e9si gyerek\u00f6nkorm\u00e1nyzatot, 4H Klubot, vagy Z\u00f6ld Sz\u00edv sejtet fog \u00e9letre seg\u00edteni? (Igaz\u00e1n nem fogadja el azt a megold\u00e1st sem, hogy az iskola m\u0171k\u00f6d\u00e9s\u00e9nek sz\u00fcneteltet\u00e9se eset\u00e9n az iskola tereit \u201cGyerekek h\u00e1za\u201d funkci\u00f3ban haszn\u00e1ln\u00e1k, \u00edgy kompenz\u00e1lva az iskolan\u00e9lk\u00fclis\u00e9g deficitj\u00e9t: jobb\u00e1ra \u00f6ntev\u00e9keny, \u00f6nszervez\u0151, b\u00e1r valamennyire megseg\u00edtett, m\u0171vel\u0151d\u00e9s, tanul\u00e1sseg\u00edt\u00e9s t\u00edpus\u00fa tev\u00e9kenys\u00e9gekkel, mely m\u00e9giscsak m\u0171k\u00f6d\u0151 h\u00e1z ill\u00fazi\u00f3j\u00e1t kelti.)<\/span><\/p>\n<p><span style=\"font-family: Times New Roman CE;\">A megold\u00e1st abban l\u00e1tja, hogy valamik\u00e9pp a tan\u00edt\u00f3t a k\u00f6zm\u0171vel\u0151d\u00e9si aktivit\u00e1sra r\u00e1vegye. (A helyzet kritikuss\u00e1g\u00e1hoz hozz\u00e1tartozik, hogy a tan\u00edt\u00f3n\u0151 nem is titkolja, ha t\u00e1voli lakhely\u00e9hez k\u00f6zelebb tal\u00e1l \u00e1ll\u00e1st, elmegy, de manaps\u00e1g nem k\u00f6nny\u0171 tan\u00edt\u00f3i \u00e1ll\u00e1st keresni, lecser\u00e9lni nem olyan egyszer\u0171, hiszen a v\u00e9gkiel\u00e9g\u00edt\u00e9s elviszi az iskola egy\u00e9vi k\u00f6lts\u00e9gvet\u00e9s\u00e9t, am\u00edg itt van, addig \u00faj emberrel \u00faj felt\u00e9telekr\u0151l m\u00e9g nem lehet t\u00e1rgyalni.)<\/span><br \/>\n<span style=\"font-family: Times New Roman CE;\">Munkak\u00f6ri le\u00edr\u00e1s\u00e1ban tudna valamit \u00e9rv\u00e9nyes\u00edteni? Nem olyan egyszer\u0171&#8230;<\/span><br \/>\n<span style=\"font-family: Times New Roman CE;\">Javasoljuk, hogy<\/span><br \/>\n<span style=\"font-family: Times New Roman CE;\">1. m\u00e9giscsak hozz\u00e1k l\u00e9tre az iskolasz\u00e9ket, m\u00e9g akkor is, ha k\u00e9t sz\u00f3ba j\u00f6het\u0151 szerepl\u0151je am\u00fagy mindennapi dial\u00f3guspartner. Igen \u00e1m, de a formaliz\u00e1lt szervezetben hivatalosan sz\u00f3hoz jut a helyi t\u00e1rsadalmat k\u00e9pvisel\u0151 harmadik partner is, ilyen t\u00e1rgyal\u00e1si viszonyok k\u00f6zepette lehet \u201cnyom\u00e1st gyakorolni\u201d a tan\u00edt\u00f3n\u0151re (aki azt nem tagadja, hogy ha megfizetn\u00e9k, akkor heti k\u00e9t d\u00e9lut\u00e1nt v\u00e1llalna. Ebben v\u00e9gt\u00e9re m\u00e9g igaza is van, csak \u00e9ppen a falunak nincs t\u00f6bb p\u00e9nze, azaz t\u00f6bb p\u00e9nze meg csak az iskola bez\u00e1r\u00e1s\u00e1nak \u00e1r\u00e1n lenne \u2013 ha nem vinn\u00e9 el az esetleges v\u00e9gkiel\u00e9g\u00edt\u00e9s,&#8230; a k\u00edgy\u00f3 mindig \u00f6nn\u00f6n fark\u00e1ba harap).<\/span><br \/>\n<span style=\"font-family: Times New Roman CE;\">2. b\u00edzz\u00e1k meg a tan\u00edt\u00f3n\u0151t, hogy k\u00e9sz\u00edtse el, t\u00e1rgyalja meg a v\u00e9lem\u00e9nyez\u00e9sre jogosult partnerekkel, terjessze be az iskola pedag\u00f3giai programj\u00e1t. (A programterv t\u00e1rsadalmi egyeztet\u00e9se egy\u00e9bk\u00e9nt, ak\u00e1rhogy is vessz\u00fck, maga is \u00faj k\u00f6z\u00f6ss\u00e9ganim\u00e1l\u00f3 program lenne.) A program vit\u00e1ja sor\u00e1n a c\u00e9lok kit\u0171z\u00e9s\u00e9n\u00e9l, esetleg m\u00e1s \u2013 els\u0151sorban extracurriculumra utal\u00f3 cikkelyekn\u00e9l, az \u00f6nkorm\u00e1nyzat sz\u00f3v\u00e1 tehet, alkura bocs\u00e1thatja ig\u00e9nyeit, elv\u00e1r\u00e1sait. S egy ilyen program k\u00e9pezheti jogforr\u00e1s\u00e1t egy kib\u0151v\u00edtett munkak\u00f6ri le\u00edr\u00e1snak.<\/span><br \/>\n<span style=\"font-family: Times New Roman CE;\">3. ak\u00e1rhogy is n\u00e9zz\u00fck, az \u00f6nkorm\u00e1nyzat, a falu megfogalmazta elv\u00e1r\u00e1s nem iskol\u00e1t \u00edr k\u00f6r\u00fcl, hanem \u2013 bizony! \u2013 \u00e1ltal\u00e1nos m\u0171vel\u0151d\u00e9si k\u00f6zpontot. V\u00e9gig kell gondolni egy ilyen szervezetfejleszt\u00e9s lehet\u0151s\u00e9geit \u00e9s el\u0151nyeit. (Ebben az esetben a szakalkalmazott\/vezet\u0151 munkak\u00f6ri le\u00edr\u00e1s\u00e1ban is joggal megjelenhetnek a b\u0151v\u00edtett funkci\u00f3k.)<\/span><br \/>\n<span style=\"font-family: Times New Roman CE;\">4. az elfogadhat\u00f3 funkci\u00f3b\u0151v\u00fcl\u00e9s m\u00e1sik \u00fatja egy \u00f3voda-iskolai fejleszt\u00e9s. Az \u00e9vente 2-2 nagycsoportos kor\u00fa \u00f3vod\u00e1s az iskolael\u0151k\u00e9sz\u00edt\u0151 foglalkoz\u00e1sokat a csal\u00e1dias iskol\u00e1ban, majdani saj\u00e1t iskol\u00e1j\u00e1ban t\u00f6lten\u00e9 el. Megn\u0151ne a l\u00e9tsz\u00e1m (\u00edgy m\u00e1r a \u201ck\u00f6rj\u00e1t\u00e9kra\u201d is jutna el\u00e9g gyerek, mert ma alig, ezt a tan\u00edt\u00f3n\u0151 panaszolja), mondhatni cs\u00f6kken az arcpir\u00edt\u00f3an magas fajlagos k\u00f6lts\u00e9g. (Jelenleg ugyan a k\u00f6zs\u00e9g toler\u00e1lja, hogy 6 f\u0151re r\u00e1k\u00f6lt az \u00f6nkorm\u00e1nyzat csaknem egymilli\u00f3t, de a fesz\u00fclts\u00e9gek n\u00f6vekedv\u00e9n, bizony\u00e1ra biztons\u00e1gosabb legitim\u00e1ci\u00f3 az, ha az iskola tereiben mind t\u00f6bb gyerek lel \u00e9rtelmes id\u0151t\u00f6lt\u00e9sre. (A helyben tartott iskolael\u0151k\u00e9sz\u00edt\u00e9s mai viszonyok k\u00f6z\u00f6tt szab\u00e1lytalan. Nem tehet m\u00e1st a polg\u00e1rmester, mint \u201cbe\u00edratja\u201d a sz\u0151l\u0151si \u00f3vod\u00e1ba \u2013 ott van \u00f3voda \u2013 az \u00f6t\u00e9veseket, odair\u00e1ny\u00edtja teh\u00e1t a fejkv\u00f3t\u00e1t, s m\u00e9g fizeti is a \u201cfajlagos k\u00fcl\u00f6nb\u00f6zetet\u201d egy\u00e9bk\u00e9nt akkor is, ha be\u00edratott cig\u00e1nygyerekek a szomsz\u00e9d falu \u00f3vod\u00e1j\u00e1ba v\u00e9gk\u00e9pp nem j\u00e1rnak. A t\u00e1rgyal\u00e1sban v\u00e9gk\u00e9pp nem z\u00e1rtuk ki azt a megold\u00e1st, hogy esetleg lehet alkudni a \u201cnyeres\u00e9g\u201d eloszt\u00e1s\u00e1n K\u0151v\u00e1g\u00f3sz\u0151l\u0151ssel \u2013 ha nem is k\u00f6nny\u0171 t\u00e1rgyal\u00f3partner a szint\u00e9n neh\u00e9z helyzetben l\u00e9v\u0151, r\u00e1ad\u00e1sul az egykori sz\u00e9khelyk\u00f6zs\u00e9gi m\u00falt dics\u0151s\u00e9g\u00e9ben az\u00e9rt m\u00e9g sz\u00edvesen s\u00fctk\u00e9rezni v\u00e1gy\u00f3 ottani k\u00e9pvisel\u0151test\u00fclettel.)<\/span><br \/>\n<span style=\"font-family: Times New Roman CE;\">5. a javaslatok k\u00f6zt \u00fajra el\u0151ker\u00fclt a telep\u00fcl\u00e9s eg\u00e9sz gyerek (s\u0151t ifj\u00fas\u00e1gi) t\u00e1rsadalm\u00e1t integr\u00e1l\u00f3 gyermekszervezet, egyes\u00fclet l\u00e9trehoz\u00e1sa. Ez a form\u00e1ci\u00f3 nem is csak egyszer\u0171en seg\u00edtene ben\u00e9pes\u00edteni a k\u00f6zint\u00e9zm\u00e9nyeket, a telep\u00fcl\u00e9s \u201csz\u00edv\u00e9t\u201d, de mint \u00faj t\u00edpus\u00fa civil alanyok es\u00e9llyel p\u00e1ly\u00e1zhatnak \u00faj forr\u00e1sok\u00e9rt is, mellyel m\u00e9g az iskolafenntart\u00e1s fajlagos k\u00f6lts\u00e9geit is cs\u00f6kkenthetik. A megold\u00e1sban m\u00e9g az a \u201ctr\u00fckk\u201d is benne rejlik, hogy egy, az iskol\u00e1sokat is befogad\u00f3, de ann\u00e1l m\u00e9gis t\u00e1gasabb gyermekszervezet egyben felv\u00e1llalhatja\/ell\u00e1thatja az iskolai tanul\u00f3i \u00e9rdekk\u00e9pviselet szerep\u00e9t, s ebben az \u00e9rdekartikul\u00e1ci\u00f3ban nyilv\u00e1nval\u00f3an jelenn\u00e9nek meg k\u00f6zvetlen\u00fcl nem a 6 kisiskol\u00e1s sz\u0171ken \u00e9rtelmezett tan\u00edt\u00e1sa k\u00f6r\u00fcli \u00e9rdekek, melyek elmozd\u00edthatj\u00e1k az iskola tev\u00e9kenys\u00e9g- \u00e9s funkci\u00f3rendszer\u00e9t.<\/span><br \/>\n<span style=\"font-family: Times New Roman CE;\">Budapest-K\u0151v\u00e1g\u00f3t\u00f6tt\u00f6s<\/span><\/p>\n","protected":false},"excerpt":{"rendered":"<p>K\u0151v\u00e1g\u00f3t\u00f6tt\u00f6s apr\u00f3falu a Nyugati-Mecsek l\u00e1b\u00e1n\u00e1l, az egykori ur\u00e1nb\u00e1nya \u2013 a majdani hullad\u00e9ktemet\u0151? \u2013 f\u00f6l\u00f6tt. 370 lak\u00f3j\u00e1nak harmada munkan\u00e9lk\u00fcli, harmada id\u0151s, nyugd\u00edjas, harmada cig\u00e1ny. A h\u00e1tr\u00e1nyos helyzet megannyi eleme egy\u00fctt! A telep\u00fcl\u00e9s a rendszerv\u00e1lt\u00e1s nyom\u00e1n szakadt le az egykori sz\u00e9khelyr\u0151l.<\/p>\n","protected":false},"author":265,"featured_media":0,"comment_status":"open","ping_status":"open","sticky":false,"template":"","format":"standard","meta":{"_acf_changed":false,"footnotes":""},"categories":[406,8,7],"tags":[],"coauthors":[324],"class_list":["post-5234","post","type-post","status-publish","format-standard","hentry","category-parola-1996-1","category-parola-folyoirat","category-repertorium"],"acf":[],"yoast_head":"<!-- This site is optimized with the Yoast SEO plugin v26.7 - https:\/\/yoast.com\/wordpress\/plugins\/seo\/ -->\n<title>A kisiskola sorsk\u00e9rd\u00e9seir\u0151l K\u0151v\u00e1g\u00f3t\u00f6tt\u00f6s\u00f6n - Parola Foly\u00f3irat<\/title>\n<meta name=\"robots\" content=\"index, follow, max-snippet:-1, max-image-preview:large, max-video-preview:-1\" \/>\n<link rel=\"canonical\" href=\"https:\/\/kofe.hu\/parola\/parola-folyoirat\/a-kisiskola-sorskerdeseirol-kovagotottoson\/\" \/>\n<meta property=\"og:locale\" content=\"hu_HU\" \/>\n<meta property=\"og:type\" content=\"article\" \/>\n<meta property=\"og:title\" content=\"A kisiskola sorsk\u00e9rd\u00e9seir\u0151l K\u0151v\u00e1g\u00f3t\u00f6tt\u00f6s\u00f6n - Parola Foly\u00f3irat\" \/>\n<meta property=\"og:description\" content=\"K\u0151v\u00e1g\u00f3t\u00f6tt\u00f6s apr\u00f3falu a Nyugati-Mecsek l\u00e1b\u00e1n\u00e1l, az egykori ur\u00e1nb\u00e1nya \u2013 a majdani hullad\u00e9ktemet\u0151? \u2013 f\u00f6l\u00f6tt. 370 lak\u00f3j\u00e1nak harmada munkan\u00e9lk\u00fcli, harmada id\u0151s, nyugd\u00edjas, harmada cig\u00e1ny. A h\u00e1tr\u00e1nyos helyzet megannyi eleme egy\u00fctt! A telep\u00fcl\u00e9s a rendszerv\u00e1lt\u00e1s nyom\u00e1n szakadt le az egykori sz\u00e9khelyr\u0151l.\" \/>\n<meta property=\"og:url\" content=\"https:\/\/kofe.hu\/parola\/parola-folyoirat\/a-kisiskola-sorskerdeseirol-kovagotottoson\/\" \/>\n<meta property=\"og:site_name\" content=\"Parola Foly\u00f3irat\" \/>\n<meta property=\"article:published_time\" content=\"2020-08-04T14:27:46+00:00\" \/>\n<meta name=\"author\" content=\"Trencs\u00e9nyi L\u00e1szl\u00f3\" \/>\n<meta name=\"twitter:card\" content=\"summary_large_image\" \/>\n<meta name=\"twitter:label1\" content=\"Szerz\u0151:\" \/>\n\t<meta name=\"twitter:data1\" content=\"Trencs\u00e9nyi L\u00e1szl\u00f3\" \/>\n\t<meta name=\"twitter:label2\" content=\"Becs\u00fclt olvas\u00e1si id\u0151\" \/>\n\t<meta name=\"twitter:data2\" content=\"14 perc\" \/>\n\t<meta name=\"twitter:label3\" content=\"Written by\" \/>\n\t<meta name=\"twitter:data3\" content=\"Trencs\u00e9nyi L\u00e1szl\u00f3\" \/>\n<script type=\"application\/ld+json\" class=\"yoast-schema-graph\">{\"@context\":\"https:\/\/schema.org\",\"@graph\":[{\"@type\":\"Article\",\"@id\":\"https:\/\/kofe.hu\/parola\/parola-folyoirat\/a-kisiskola-sorskerdeseirol-kovagotottoson\/#article\",\"isPartOf\":{\"@id\":\"https:\/\/kofe.hu\/parola\/parola-folyoirat\/a-kisiskola-sorskerdeseirol-kovagotottoson\/\"},\"author\":{\"name\":\"Trencs\u00e9nyi L\u00e1szl\u00f3\",\"@id\":\"https:\/\/kofe.hu\/parola\/#\/schema\/person\/4ef800c7145914487013caf5dc51a332\"},\"headline\":\"A kisiskola sorsk\u00e9rd\u00e9seir\u0151l K\u0151v\u00e1g\u00f3t\u00f6tt\u00f6s\u00f6n\",\"datePublished\":\"2020-08-04T14:27:46+00:00\",\"mainEntityOfPage\":{\"@id\":\"https:\/\/kofe.hu\/parola\/parola-folyoirat\/a-kisiskola-sorskerdeseirol-kovagotottoson\/\"},\"wordCount\":2771,\"commentCount\":0,\"articleSection\":[\"Parola 1996\/1\",\"Parola Foly\u00f3irat\",\"Repert\u00f3rium\"],\"inLanguage\":\"hu\",\"potentialAction\":[{\"@type\":\"CommentAction\",\"name\":\"Comment\",\"target\":[\"https:\/\/kofe.hu\/parola\/parola-folyoirat\/a-kisiskola-sorskerdeseirol-kovagotottoson\/#respond\"]}]},{\"@type\":\"WebPage\",\"@id\":\"https:\/\/kofe.hu\/parola\/parola-folyoirat\/a-kisiskola-sorskerdeseirol-kovagotottoson\/\",\"url\":\"https:\/\/kofe.hu\/parola\/parola-folyoirat\/a-kisiskola-sorskerdeseirol-kovagotottoson\/\",\"name\":\"A kisiskola sorsk\u00e9rd\u00e9seir\u0151l K\u0151v\u00e1g\u00f3t\u00f6tt\u00f6s\u00f6n - Parola Foly\u00f3irat\",\"isPartOf\":{\"@id\":\"https:\/\/kofe.hu\/parola\/#website\"},\"datePublished\":\"2020-08-04T14:27:46+00:00\",\"author\":{\"@id\":\"https:\/\/kofe.hu\/parola\/#\/schema\/person\/4ef800c7145914487013caf5dc51a332\"},\"breadcrumb\":{\"@id\":\"https:\/\/kofe.hu\/parola\/parola-folyoirat\/a-kisiskola-sorskerdeseirol-kovagotottoson\/#breadcrumb\"},\"inLanguage\":\"hu\",\"potentialAction\":[{\"@type\":\"ReadAction\",\"target\":[\"https:\/\/kofe.hu\/parola\/parola-folyoirat\/a-kisiskola-sorskerdeseirol-kovagotottoson\/\"]}]},{\"@type\":\"BreadcrumbList\",\"@id\":\"https:\/\/kofe.hu\/parola\/parola-folyoirat\/a-kisiskola-sorskerdeseirol-kovagotottoson\/#breadcrumb\",\"itemListElement\":[{\"@type\":\"ListItem\",\"position\":1,\"name\":\"Home\",\"item\":\"https:\/\/kofe.hu\/parola\/\"},{\"@type\":\"ListItem\",\"position\":2,\"name\":\"A kisiskola sorsk\u00e9rd\u00e9seir\u0151l K\u0151v\u00e1g\u00f3t\u00f6tt\u00f6s\u00f6n\"}]},{\"@type\":\"WebSite\",\"@id\":\"https:\/\/kofe.hu\/parola\/#website\",\"url\":\"https:\/\/kofe.hu\/parola\/\",\"name\":\"Parola Foly\u00f3irat\",\"description\":\"\",\"potentialAction\":[{\"@type\":\"SearchAction\",\"target\":{\"@type\":\"EntryPoint\",\"urlTemplate\":\"https:\/\/kofe.hu\/parola\/?s={search_term_string}\"},\"query-input\":{\"@type\":\"PropertyValueSpecification\",\"valueRequired\":true,\"valueName\":\"search_term_string\"}}],\"inLanguage\":\"hu\"},{\"@type\":\"Person\",\"@id\":\"https:\/\/kofe.hu\/parola\/#\/schema\/person\/4ef800c7145914487013caf5dc51a332\",\"name\":\"Trencs\u00e9nyi L\u00e1szl\u00f3\",\"image\":{\"@type\":\"ImageObject\",\"inLanguage\":\"hu\",\"@id\":\"https:\/\/kofe.hu\/parola\/#\/schema\/person\/image\/0c5e03317a27cbbbd07395d0255f2485\",\"url\":\"https:\/\/secure.gravatar.com\/avatar\/88105e71a9ddb32c3e459b6faa214fef07a84ea706aadc59f3ec685cf9f9f425?s=96&d=mm&r=g\",\"contentUrl\":\"https:\/\/secure.gravatar.com\/avatar\/88105e71a9ddb32c3e459b6faa214fef07a84ea706aadc59f3ec685cf9f9f425?s=96&d=mm&r=g\",\"caption\":\"Trencs\u00e9nyi L\u00e1szl\u00f3\"},\"url\":\"https:\/\/kofe.hu\/parola\/szerzok\/trencsenyi-laszlo\/\"}]}<\/script>\n<!-- \/ Yoast SEO plugin. -->","yoast_head_json":{"title":"A kisiskola sorsk\u00e9rd\u00e9seir\u0151l K\u0151v\u00e1g\u00f3t\u00f6tt\u00f6s\u00f6n - Parola Foly\u00f3irat","robots":{"index":"index","follow":"follow","max-snippet":"max-snippet:-1","max-image-preview":"max-image-preview:large","max-video-preview":"max-video-preview:-1"},"canonical":"https:\/\/kofe.hu\/parola\/parola-folyoirat\/a-kisiskola-sorskerdeseirol-kovagotottoson\/","og_locale":"hu_HU","og_type":"article","og_title":"A kisiskola sorsk\u00e9rd\u00e9seir\u0151l K\u0151v\u00e1g\u00f3t\u00f6tt\u00f6s\u00f6n - Parola Foly\u00f3irat","og_description":"K\u0151v\u00e1g\u00f3t\u00f6tt\u00f6s apr\u00f3falu a Nyugati-Mecsek l\u00e1b\u00e1n\u00e1l, az egykori ur\u00e1nb\u00e1nya \u2013 a majdani hullad\u00e9ktemet\u0151? \u2013 f\u00f6l\u00f6tt. 370 lak\u00f3j\u00e1nak harmada munkan\u00e9lk\u00fcli, harmada id\u0151s, nyugd\u00edjas, harmada cig\u00e1ny. A h\u00e1tr\u00e1nyos helyzet megannyi eleme egy\u00fctt! A telep\u00fcl\u00e9s a rendszerv\u00e1lt\u00e1s nyom\u00e1n szakadt le az egykori sz\u00e9khelyr\u0151l.","og_url":"https:\/\/kofe.hu\/parola\/parola-folyoirat\/a-kisiskola-sorskerdeseirol-kovagotottoson\/","og_site_name":"Parola Foly\u00f3irat","article_published_time":"2020-08-04T14:27:46+00:00","author":"Trencs\u00e9nyi L\u00e1szl\u00f3","twitter_card":"summary_large_image","twitter_misc":{"Szerz\u0151:":"Trencs\u00e9nyi L\u00e1szl\u00f3","Becs\u00fclt olvas\u00e1si id\u0151":"14 perc","Written by":"Trencs\u00e9nyi L\u00e1szl\u00f3"},"schema":{"@context":"https:\/\/schema.org","@graph":[{"@type":"Article","@id":"https:\/\/kofe.hu\/parola\/parola-folyoirat\/a-kisiskola-sorskerdeseirol-kovagotottoson\/#article","isPartOf":{"@id":"https:\/\/kofe.hu\/parola\/parola-folyoirat\/a-kisiskola-sorskerdeseirol-kovagotottoson\/"},"author":{"name":"Trencs\u00e9nyi L\u00e1szl\u00f3","@id":"https:\/\/kofe.hu\/parola\/#\/schema\/person\/4ef800c7145914487013caf5dc51a332"},"headline":"A kisiskola sorsk\u00e9rd\u00e9seir\u0151l K\u0151v\u00e1g\u00f3t\u00f6tt\u00f6s\u00f6n","datePublished":"2020-08-04T14:27:46+00:00","mainEntityOfPage":{"@id":"https:\/\/kofe.hu\/parola\/parola-folyoirat\/a-kisiskola-sorskerdeseirol-kovagotottoson\/"},"wordCount":2771,"commentCount":0,"articleSection":["Parola 1996\/1","Parola Foly\u00f3irat","Repert\u00f3rium"],"inLanguage":"hu","potentialAction":[{"@type":"CommentAction","name":"Comment","target":["https:\/\/kofe.hu\/parola\/parola-folyoirat\/a-kisiskola-sorskerdeseirol-kovagotottoson\/#respond"]}]},{"@type":"WebPage","@id":"https:\/\/kofe.hu\/parola\/parola-folyoirat\/a-kisiskola-sorskerdeseirol-kovagotottoson\/","url":"https:\/\/kofe.hu\/parola\/parola-folyoirat\/a-kisiskola-sorskerdeseirol-kovagotottoson\/","name":"A kisiskola sorsk\u00e9rd\u00e9seir\u0151l K\u0151v\u00e1g\u00f3t\u00f6tt\u00f6s\u00f6n - Parola Foly\u00f3irat","isPartOf":{"@id":"https:\/\/kofe.hu\/parola\/#website"},"datePublished":"2020-08-04T14:27:46+00:00","author":{"@id":"https:\/\/kofe.hu\/parola\/#\/schema\/person\/4ef800c7145914487013caf5dc51a332"},"breadcrumb":{"@id":"https:\/\/kofe.hu\/parola\/parola-folyoirat\/a-kisiskola-sorskerdeseirol-kovagotottoson\/#breadcrumb"},"inLanguage":"hu","potentialAction":[{"@type":"ReadAction","target":["https:\/\/kofe.hu\/parola\/parola-folyoirat\/a-kisiskola-sorskerdeseirol-kovagotottoson\/"]}]},{"@type":"BreadcrumbList","@id":"https:\/\/kofe.hu\/parola\/parola-folyoirat\/a-kisiskola-sorskerdeseirol-kovagotottoson\/#breadcrumb","itemListElement":[{"@type":"ListItem","position":1,"name":"Home","item":"https:\/\/kofe.hu\/parola\/"},{"@type":"ListItem","position":2,"name":"A kisiskola sorsk\u00e9rd\u00e9seir\u0151l K\u0151v\u00e1g\u00f3t\u00f6tt\u00f6s\u00f6n"}]},{"@type":"WebSite","@id":"https:\/\/kofe.hu\/parola\/#website","url":"https:\/\/kofe.hu\/parola\/","name":"Parola Foly\u00f3irat","description":"","potentialAction":[{"@type":"SearchAction","target":{"@type":"EntryPoint","urlTemplate":"https:\/\/kofe.hu\/parola\/?s={search_term_string}"},"query-input":{"@type":"PropertyValueSpecification","valueRequired":true,"valueName":"search_term_string"}}],"inLanguage":"hu"},{"@type":"Person","@id":"https:\/\/kofe.hu\/parola\/#\/schema\/person\/4ef800c7145914487013caf5dc51a332","name":"Trencs\u00e9nyi L\u00e1szl\u00f3","image":{"@type":"ImageObject","inLanguage":"hu","@id":"https:\/\/kofe.hu\/parola\/#\/schema\/person\/image\/0c5e03317a27cbbbd07395d0255f2485","url":"https:\/\/secure.gravatar.com\/avatar\/88105e71a9ddb32c3e459b6faa214fef07a84ea706aadc59f3ec685cf9f9f425?s=96&d=mm&r=g","contentUrl":"https:\/\/secure.gravatar.com\/avatar\/88105e71a9ddb32c3e459b6faa214fef07a84ea706aadc59f3ec685cf9f9f425?s=96&d=mm&r=g","caption":"Trencs\u00e9nyi L\u00e1szl\u00f3"},"url":"https:\/\/kofe.hu\/parola\/szerzok\/trencsenyi-laszlo\/"}]}},"_links":{"self":[{"href":"https:\/\/kofe.hu\/parola\/wp-json\/wp\/v2\/posts\/5234","targetHints":{"allow":["GET"]}}],"collection":[{"href":"https:\/\/kofe.hu\/parola\/wp-json\/wp\/v2\/posts"}],"about":[{"href":"https:\/\/kofe.hu\/parola\/wp-json\/wp\/v2\/types\/post"}],"author":[{"embeddable":true,"href":"https:\/\/kofe.hu\/parola\/wp-json\/wp\/v2\/users\/265"}],"replies":[{"embeddable":true,"href":"https:\/\/kofe.hu\/parola\/wp-json\/wp\/v2\/comments?post=5234"}],"version-history":[{"count":1,"href":"https:\/\/kofe.hu\/parola\/wp-json\/wp\/v2\/posts\/5234\/revisions"}],"predecessor-version":[{"id":5235,"href":"https:\/\/kofe.hu\/parola\/wp-json\/wp\/v2\/posts\/5234\/revisions\/5235"}],"wp:attachment":[{"href":"https:\/\/kofe.hu\/parola\/wp-json\/wp\/v2\/media?parent=5234"}],"wp:term":[{"taxonomy":"category","embeddable":true,"href":"https:\/\/kofe.hu\/parola\/wp-json\/wp\/v2\/categories?post=5234"},{"taxonomy":"post_tag","embeddable":true,"href":"https:\/\/kofe.hu\/parola\/wp-json\/wp\/v2\/tags?post=5234"},{"taxonomy":"author","embeddable":true,"href":"https:\/\/kofe.hu\/parola\/wp-json\/wp\/v2\/coauthors?post=5234"}],"curies":[{"name":"wp","href":"https:\/\/api.w.org\/{rel}","templated":true}]}}