{"id":5230,"date":"2020-08-04T13:13:11","date_gmt":"2020-08-04T13:13:11","guid":{"rendered":"https:\/\/kofe.hu\/parola\/?p=5230"},"modified":"2020-08-04T13:13:11","modified_gmt":"2020-08-04T13:13:11","slug":"kozossegi-munka-a-varosreszekben-2","status":"publish","type":"post","link":"https:\/\/kofe.hu\/parola\/parola-folyoirat\/kozossegi-munka-a-varosreszekben-2\/","title":{"rendered":"K\u00f6z\u00f6ss\u00e9gi munka a v\u00e1rosr\u00e9szekben"},"content":{"rendered":"<p style=\"text-align: justify;\"><span style=\"font-family: Times New Roman CE;\">A fenti c\u00edmmel rendezt\u00fcnk t\u00f6bb nonprofit szervezet egy\u00fcttm\u0171k\u00f6d\u00e9s\u00e9vel konferenci\u00e1t a k\u00f6zelm\u00faltban Budapesten.<\/span><br \/>\n<span style=\"font-family: Times New Roman CE;\">Ez a tal\u00e1lkoz\u00f3 k\u00eds\u00e9rlet volt arra, hogy a k\u00fcl\u00f6nb\u00f6z\u0151 szakter\u00fcleteken (szoci\u00e1lis, kultur\u00e1lis, k\u00f6rnyezetv\u00e9delmi, ifj\u00fas\u00e1gi&#8230;) k\u00f6z\u00f6ss\u00e9gekkel foglalkoz\u00f3 szakemberek \u00e9s \u00f6nk\u00e9ntesek v\u00e9lem\u00e9nyt \u00e9s tapasztalatokat cser\u00e9ljenek: a v\u00e1rosi-v\u00e1rosr\u00e9szi k\u00f6z\u00f6ss\u00e9gi munka saj\u00e1toss\u00e1gair\u00f3l.<\/span><\/p>\n<p style=\"text-align: justify;\"><!--more--><br \/>\n<span style=\"font-family: Times New Roman CE;\">Pataki Ferenc a k\u00f6z\u00f6ss\u00e9gek t\u00e1rsadalmi szerep\u00e9r\u0151l, Gazs\u00f3 Ferenc pedig a demokr\u00e1cia lehet\u0151s\u00e9geir\u0151l \u00e9s aktu\u00e1lis \u00fatveszt\u0151ir\u0151l besz\u00e9lt a &#8222;r\u00e1hangol\u00f3&#8221; bevezet\u0151 el\u0151ad\u00e1sokban.<\/span><br \/>\n<span style=\"font-family: Times New Roman CE;\">Ut\u00e1nuk Vercseg Ilona a k\u00f6z\u00f6ss\u00e9gfejleszt\u00e9snek, mint szeml\u00e9letnek \u00e9s mint szakm\u00e1nak a kialakul\u00e1s\u00e1r\u00f3l, hazai helyzet\u00e9r\u0151l tartott el\u0151ad\u00e1st. \u0150t Gosztonyi G\u00e9za k\u00f6vette, aki a civil szervezetek \u00e9s az \u00f6nkorm\u00e1nyzatok egy\u00fcttm\u0171k\u00f6d\u00e9s\u00e9r\u0151l, s\u0151t lehets\u00e9ges szerz\u0151d\u00e9ses kapcsolat\u00e1r\u00f3l besz\u00e9lt.<\/span><br \/>\n<span style=\"font-family: Times New Roman CE;\">Mi szervez\u0151k eredetileg megh\u00edv\u00e1sos alapon tervezt\u00fck a gyakorlati besz\u00e1mol\u00f3kat, teh\u00e1t az \u00e1ltalunk ismert \u00e9s p\u00e9lda\u00e9rt\u00e9k\u0171nek tartott terepmunk\u00e1knak gondoltunk nyilv\u00e1noss\u00e1got k\u00edn\u00e1lni. V\u00e9g\u00fcl a konferenci\u00e1ra jelentkez\u0151 mintegy 80-85 \u00e9rdekl\u0151d\u0151 k\u00f6z\u00fcl is t\u00f6bben aj\u00e1nlkoztak arra, hogy kapcsol\u00f3djanak saj\u00e1t munk\u00e1juk bemutat\u00e1s\u00e1val az \u00e1ltalunk felk\u00e9rt megh\u00edvottakhoz.<\/span><br \/>\n<span style=\"font-family: Times New Roman CE;\">N\u00e9h\u00e1ny k\u00fcl\u00f6n\u00f6sen fontos p\u00e9ld\u00e1t kiemelek az elhangzottak k\u00f6z\u00fcl:<\/span><br \/>\n<span style=\"font-family: Times New Roman CE;\">Igen meggy\u0151z\u0151 volt a budapesti\u00a0<\/span><i><span style=\"font-family: Times New Roman CE;\">Kapocs Kort\u00e1sseg\u00edt\u0151 Alap\u00edtv\u00e1ny\u00a0<\/span><\/i><span style=\"font-family: Times New Roman CE;\">nev\u00e9ben\u00a0<\/span><i><span style=\"font-family: Times New Roman CE;\">Szab\u00f3 Andr\u00e1s\u00a0<\/span><\/i><span style=\"font-family: Times New Roman CE;\">besz\u00e1mol\u00f3ja arr\u00f3l, hogyan igyekszik felk\u00e9sz\u00edteni a Pet\u0151fi Csarnokban rendszeresen megfordul\u00f3 fiatalok egy r\u00e9sz\u00e9t arra, hogy azok saj\u00e1t, otthoni k\u00f6rnyezet\u00fckben seg\u00edt\u0151-k\u00f6z\u00f6ss\u00e9gi tev\u00e9kenys\u00e9get fejtsenek ki. K\u00fcl\u00f6n\u00f6s jelent\u0151s\u00e9g\u0171 ez az\u00e9rt, mert a saj\u00e1t kort\u00e1rsi k\u00f6zeg\u00fckben az \u00edgy felk\u00e9sz\u00edtett seg\u00edt\u0151k sokkal hat\u00e9konyabban tudnak &#8222;m\u0171k\u00f6dni&#8221;, mint b\u00e1rmilyen k\u00edv\u00fclr\u0151l \u00e9rkez\u0151 &#8222;felkent&#8221; szakember.<\/span><br \/>\n<i><span style=\"font-family: Times New Roman CE;\">Niz\u00e1k P\u00e9ter a F\u00fcggetlen \u00d6kol\u00f3giai K\u00f6zpont\u00a0<\/span><\/i><span style=\"font-family: Times New Roman CE;\">munkat\u00e1rsa v\u00e1rosokban foly\u00f3 k\u00f6rnyezetv\u00e9delmi projektek bemutat\u00e1sa kapcs\u00e1n a helyi k\u00f6z\u00f6ss\u00e9gek bevon\u00e1s\u00e1r\u00f3l, saj\u00e1t k\u00f6rnyezet\u00fck\u00e9rt val\u00f3 felel\u0151ss\u00e9- \u00e9s \u00e9rdekeltt\u00e9 t\u00e9telr\u0151l, s\u0151t cselekv\u0151k\u00e9pess\u00e9 t\u00e9tel\u00fckr\u0151l besz\u00e9lt \u00e9lm\u00e9nyszer\u0171en gyakorlati besz\u00e1mol\u00f3j\u00e1ban.<\/span><br \/>\n<i><span style=\"font-family: Times New Roman CE;\">Battha P\u00e1l a Lak\u00e1sb\u00e9rl\u0151k Egyes\u00fclet\u00e9nek\u00a0<\/span><\/i><span style=\"font-family: Times New Roman CE;\">vezet\u0151je az intervenci\u00f3, a fel\u00fclr\u0151l &#8211; pontosabban a k\u00edv\u00fclr\u0151l &#8211; val\u00f3 seg\u00edt\u00e9s esetenk\u00e9nt jelentkez\u0151 vesz\u00e9lyeit elemezte. Ezen k\u00edv\u00fcl egy &#8211; fejleszt\u00e9si elemeket is tartalmaz\u00f3 &#8211; folyamatot ismertetett meg a hallgat\u00f3s\u00e1ggal egy lak\u00e1sb\u00e9rl\u0151 csoport \u00e9rdek\u00e9rv\u00e9nyes\u00edt\u0151 harc\u00e1nak folyamat\u00e1ban, amely Pestszentl\u0151rincen, az Alacska lak\u00f3telepr\u0151l indult el.<\/span><br \/>\n<i><span style=\"font-family: Times New Roman CE;\">T\u00f3th Ilona Kiskunhalasr\u00f3l\u00a0<\/span><\/i><span style=\"font-family: Times New Roman CE;\">\u00e9rkezve saj\u00e1t v\u00e1ros\u00e1nak egy \u00e9rdekes jelens\u00e9g\u00e9t mutatta be. A v\u00e1ros a hagyom\u00e1nyos m\u0171vel\u0151d\u00e9si h\u00e1zi rendszert \u00e1talak\u00edtva, azoknak egy olyan szerkezet\u00e9t hozta l\u00e9tre, amelyben az \u00f6nkorm\u00e1nyzati \u00e9s a helyi civil szervezetek sokkal hat\u00e9konyabban egy\u00fcttm\u0171k\u00f6dnek, mint az a hazai gyakorlatban megszokott. Pontosabban att\u00f3l, hogy ezeknek az int\u00e9zm\u00e9nyeknek k\u00f6telez\u0151 a civil szervezeteket kiszolg\u00e1lni igen sok azel\u0151tt ismeretlen forr\u00e1s szabadult fel a v\u00e1roson bel\u00fcl, ami t\u00e1rsulva az \u00f6nkorm\u00e1nyzati kapacit\u00e1sokkal a helyi k\u00f6z\u00f6ss\u00e9gi \u00e9let v\u00e1ratlan sz\u00ednes\u00edt\u00e9s\u00e9t, gazdagod\u00e1s\u00e1t hozta.<\/span><br \/>\n<span style=\"font-family: Times New Roman CE;\">Hallhattunk\u00a0<\/span><i><span style=\"font-family: Times New Roman CE;\">k\u00fclf\u00f6ldi p\u00e9ld\u00e1kr\u00f3l\u00a0<\/span><\/i><span style=\"font-family: Times New Roman CE;\">is:\u00a0<\/span><i><span style=\"font-family: Times New Roman CE;\">Sajben M\u00f3nika\u00a0<\/span><\/i><span style=\"font-family: Times New Roman CE;\">hollandiai szomsz\u00e9ds\u00e1gi k\u00f6zpontokat tanulm\u00e1nyozott &#8211; err\u0151l sz\u00e1molt be a hallgat\u00f3s\u00e1gnak-, Ha\u00e1z Andrea \u00e9s\u00a0<\/span><i><span style=\"font-family: Times New Roman CE;\">Ill\u00e9nyi Bal\u00e1zs Franciaorsz\u00e1gban\u00a0<\/span><\/i><span style=\"font-family: Times New Roman CE;\">t\u00f6lt\u00f6tt hosszabb id\u0151t szociokultur\u00e1lis-anim\u00e1ci\u00f3t tanulni,\u00a0<\/span><i><span style=\"font-family: Times New Roman CE;\">Pord\u00e1ny Sarolta az USA-ban\u00a0<\/span><\/i><span style=\"font-family: Times New Roman CE;\">az \u00fan. &#8222;forr\u00f3 pontok&#8221;, az esti vesz\u00e9lyhelyzetben cselleng\u0151 fiatalok k\u00f6r\u00e9ben szervezett prevent\u00edv c\u00e9l\u00fa sport- \u00e9s utcai rendezv\u00e9nyekr\u0151l adott r\u00f6vid \u00edzel\u00edt\u0151t.<\/span><br \/>\n<i><span style=\"font-family: Times New Roman CE;\">Solymosi Judit a partners\u00e9g-\u00e9p\u00edt\u00e9s\u00a0<\/span><\/i><span style=\"font-family: Times New Roman CE;\">elv\u00e9r\u0151l \u00e9s lassan alakul\u00f3 gyakorlat\u00e1r\u00f3l tartott nagysiker\u0171 ismertet\u0151t, amellyel a Parola m\u00e9g r\u00e9szletesen foglalkozni fog. Ennek egyik l\u00e9nyeges eleme, hogy a civil szektor, az \u00f6nkorm\u00e1nyzati szektor \u00e9s az \u00fczleti szektor hogyan tudna hat\u00e9konyabban egym\u00e1sratal\u00e1lni akkor, ha egy-egy helyi projekt kapcs\u00e1n nem csak ut\u00f3lag pr\u00f3b\u00e1ln\u00e1nk egym\u00e1st beler\u00e1ntani a m\u00e1sik terveibe, hanem m\u00e1r a probl\u00e9ma k\u00f6rvonalaz\u00f3d\u00e1s\u00e1nak kezdet\u00e9t\u0151l, teh\u00e1t a tervez\u00e9s elind\u00edt\u00e1s\u00e1t\u00f3l keresn\u00e9nk a partnerek lehets\u00e9ges egy\u00fcttm\u0171k\u00f6d\u00e9s\u00e9t.<\/span><br \/>\n<span style=\"font-family: Times New Roman CE;\">Ez persze csak r\u00f6vid \u00edzel\u00edt\u0151, n\u00e9h\u00e1ny \u00f6nk\u00e9nyesen kiragadott p\u00e9lda a november v\u00e9gi k\u00e9tnapos tal\u00e1lkoz\u00f3b\u00f3l. A szervez\u0151k &#8211; a CET, a Civil R\u00e1di\u00f3, a K\u00f6z\u00f6ss\u00e9gfejleszt\u0151k Egyes\u00fclete, a Magyar M\u0171vel\u0151d\u00e9si Int\u00e9zet, a Nap Klub Alap\u00edtv\u00e1ny \u00e9s a V\u00e1rosi K\u00f6z\u00f6ss\u00e9gfejleszt\u0151k M\u0171hely\u00e9nek &#8211; k\u00e9pvisel\u0151i tov\u00e1bbi, tal\u00e1n folyamatosan szervezhet\u0151 m\u0171helymunk\u00e1t terveznek. Annak az eddigiekn\u00e9l alaposabb kibont\u00e1s\u00e1t, hogy a helyiv\u00e1rosr\u00e9szi k\u00f6z\u00f6ss\u00e9gi munk\u00e1ban hogyan lehet a fejleszt\u00e9st, az \u00f6ner\u0151re t\u00e1maszkod\u00e1st, az \u00f6nszervez\u0151 k\u00e9pess\u00e9get er\u0151s\u00edteni: a szoci\u00e1lis, a kultur\u00e1lis, a k\u00f6rnyezetv\u00e9delmi, az ifj\u00fas\u00e1gi, a v\u00e1llalkoz\u00e1si-sz\u00f6vetkez\u00e9si, a lak\u00e1sb\u00e9rleti \u00e9s m\u00e1s ter\u00fcleteken is.<\/span><br \/>\n<span style=\"font-family: Times New Roman CE;\">Majd jelentkez\u00fcnk!<\/span><\/p>\n","protected":false},"excerpt":{"rendered":"<p>A fenti c\u00edmmel rendezt\u00fcnk t\u00f6bb nonprofit szervezet egy\u00fcttm\u0171k\u00f6d\u00e9s\u00e9vel konferenci\u00e1t a k\u00f6zelm\u00faltban Budapesten. Ez a tal\u00e1lkoz\u00f3 k\u00eds\u00e9rlet volt arra, hogy a k\u00fcl\u00f6nb\u00f6z\u0151 szakter\u00fcleteken (szoci\u00e1lis, kultur\u00e1lis, k\u00f6rnyezetv\u00e9delmi, ifj\u00fas\u00e1gi&#8230;) k\u00f6z\u00f6ss\u00e9gekkel foglalkoz\u00f3 szakemberek \u00e9s \u00f6nk\u00e9ntesek v\u00e9lem\u00e9nyt \u00e9s tapasztalatokat cser\u00e9ljenek: a v\u00e1rosi-v\u00e1rosr\u00e9szi k\u00f6z\u00f6ss\u00e9gi munka saj\u00e1toss\u00e1gair\u00f3l.<\/p>\n","protected":false},"author":4,"featured_media":0,"comment_status":"open","ping_status":"open","sticky":false,"template":"","format":"standard","meta":{"_acf_changed":false,"footnotes":""},"categories":[361,8,7],"tags":[],"coauthors":[47],"class_list":["post-5230","post","type-post","status-publish","format-standard","hentry","category-parola-1995-5","category-parola-folyoirat","category-repertorium"],"acf":[],"yoast_head":"<!-- This site is optimized with the Yoast SEO plugin v26.7 - https:\/\/yoast.com\/wordpress\/plugins\/seo\/ -->\n<title>K\u00f6z\u00f6ss\u00e9gi munka a v\u00e1rosr\u00e9szekben - Parola Foly\u00f3irat<\/title>\n<meta name=\"robots\" content=\"index, follow, max-snippet:-1, max-image-preview:large, max-video-preview:-1\" \/>\n<link rel=\"canonical\" href=\"https:\/\/kofe.hu\/parola\/parola-folyoirat\/kozossegi-munka-a-varosreszekben-2\/\" \/>\n<meta property=\"og:locale\" content=\"hu_HU\" \/>\n<meta property=\"og:type\" content=\"article\" \/>\n<meta property=\"og:title\" content=\"K\u00f6z\u00f6ss\u00e9gi munka a v\u00e1rosr\u00e9szekben - Parola Foly\u00f3irat\" \/>\n<meta property=\"og:description\" content=\"A fenti c\u00edmmel rendezt\u00fcnk t\u00f6bb nonprofit szervezet egy\u00fcttm\u0171k\u00f6d\u00e9s\u00e9vel konferenci\u00e1t a k\u00f6zelm\u00faltban Budapesten. Ez a tal\u00e1lkoz\u00f3 k\u00eds\u00e9rlet volt arra, hogy a k\u00fcl\u00f6nb\u00f6z\u0151 szakter\u00fcleteken (szoci\u00e1lis, kultur\u00e1lis, k\u00f6rnyezetv\u00e9delmi, ifj\u00fas\u00e1gi&#8230;) k\u00f6z\u00f6ss\u00e9gekkel foglalkoz\u00f3 szakemberek \u00e9s \u00f6nk\u00e9ntesek v\u00e9lem\u00e9nyt \u00e9s tapasztalatokat cser\u00e9ljenek: a v\u00e1rosi-v\u00e1rosr\u00e9szi k\u00f6z\u00f6ss\u00e9gi munka saj\u00e1toss\u00e1gair\u00f3l.\" \/>\n<meta property=\"og:url\" content=\"https:\/\/kofe.hu\/parola\/parola-folyoirat\/kozossegi-munka-a-varosreszekben-2\/\" \/>\n<meta property=\"og:site_name\" content=\"Parola Foly\u00f3irat\" \/>\n<meta property=\"article:published_time\" content=\"2020-08-04T13:13:11+00:00\" \/>\n<meta name=\"author\" content=\"Parola\" \/>\n<meta name=\"twitter:card\" content=\"summary_large_image\" \/>\n<meta name=\"twitter:label1\" content=\"Szerz\u0151:\" \/>\n\t<meta name=\"twitter:data1\" content=\"Parola\" \/>\n\t<meta name=\"twitter:label2\" content=\"Becs\u00fclt olvas\u00e1si id\u0151\" \/>\n\t<meta name=\"twitter:data2\" content=\"5 perc\" \/>\n\t<meta name=\"twitter:label3\" content=\"Written by\" \/>\n\t<meta name=\"twitter:data3\" content=\"Parola\" \/>\n<script type=\"application\/ld+json\" class=\"yoast-schema-graph\">{\"@context\":\"https:\/\/schema.org\",\"@graph\":[{\"@type\":\"Article\",\"@id\":\"https:\/\/kofe.hu\/parola\/parola-folyoirat\/kozossegi-munka-a-varosreszekben-2\/#article\",\"isPartOf\":{\"@id\":\"https:\/\/kofe.hu\/parola\/parola-folyoirat\/kozossegi-munka-a-varosreszekben-2\/\"},\"author\":{\"name\":\"Parola\",\"@id\":\"https:\/\/kofe.hu\/parola\/#\/schema\/person\/b39ea6ec0995233537351d7e33281aeb\"},\"headline\":\"K\u00f6z\u00f6ss\u00e9gi munka a v\u00e1rosr\u00e9szekben\",\"datePublished\":\"2020-08-04T13:13:11+00:00\",\"mainEntityOfPage\":{\"@id\":\"https:\/\/kofe.hu\/parola\/parola-folyoirat\/kozossegi-munka-a-varosreszekben-2\/\"},\"wordCount\":1000,\"commentCount\":0,\"articleSection\":[\"Parola 1995\/5\",\"Parola Foly\u00f3irat\",\"Repert\u00f3rium\"],\"inLanguage\":\"hu\",\"potentialAction\":[{\"@type\":\"CommentAction\",\"name\":\"Comment\",\"target\":[\"https:\/\/kofe.hu\/parola\/parola-folyoirat\/kozossegi-munka-a-varosreszekben-2\/#respond\"]}]},{\"@type\":\"WebPage\",\"@id\":\"https:\/\/kofe.hu\/parola\/parola-folyoirat\/kozossegi-munka-a-varosreszekben-2\/\",\"url\":\"https:\/\/kofe.hu\/parola\/parola-folyoirat\/kozossegi-munka-a-varosreszekben-2\/\",\"name\":\"K\u00f6z\u00f6ss\u00e9gi munka a v\u00e1rosr\u00e9szekben - Parola Foly\u00f3irat\",\"isPartOf\":{\"@id\":\"https:\/\/kofe.hu\/parola\/#website\"},\"datePublished\":\"2020-08-04T13:13:11+00:00\",\"author\":{\"@id\":\"https:\/\/kofe.hu\/parola\/#\/schema\/person\/b39ea6ec0995233537351d7e33281aeb\"},\"breadcrumb\":{\"@id\":\"https:\/\/kofe.hu\/parola\/parola-folyoirat\/kozossegi-munka-a-varosreszekben-2\/#breadcrumb\"},\"inLanguage\":\"hu\",\"potentialAction\":[{\"@type\":\"ReadAction\",\"target\":[\"https:\/\/kofe.hu\/parola\/parola-folyoirat\/kozossegi-munka-a-varosreszekben-2\/\"]}]},{\"@type\":\"BreadcrumbList\",\"@id\":\"https:\/\/kofe.hu\/parola\/parola-folyoirat\/kozossegi-munka-a-varosreszekben-2\/#breadcrumb\",\"itemListElement\":[{\"@type\":\"ListItem\",\"position\":1,\"name\":\"Home\",\"item\":\"https:\/\/kofe.hu\/parola\/\"},{\"@type\":\"ListItem\",\"position\":2,\"name\":\"K\u00f6z\u00f6ss\u00e9gi munka a v\u00e1rosr\u00e9szekben\"}]},{\"@type\":\"WebSite\",\"@id\":\"https:\/\/kofe.hu\/parola\/#website\",\"url\":\"https:\/\/kofe.hu\/parola\/\",\"name\":\"Parola Foly\u00f3irat\",\"description\":\"\",\"potentialAction\":[{\"@type\":\"SearchAction\",\"target\":{\"@type\":\"EntryPoint\",\"urlTemplate\":\"https:\/\/kofe.hu\/parola\/?s={search_term_string}\"},\"query-input\":{\"@type\":\"PropertyValueSpecification\",\"valueRequired\":true,\"valueName\":\"search_term_string\"}}],\"inLanguage\":\"hu\"},{\"@type\":\"Person\",\"@id\":\"https:\/\/kofe.hu\/parola\/#\/schema\/person\/b39ea6ec0995233537351d7e33281aeb\",\"name\":\"Parola\",\"image\":{\"@type\":\"ImageObject\",\"inLanguage\":\"hu\",\"@id\":\"https:\/\/kofe.hu\/parola\/#\/schema\/person\/image\/ef1d7dc4d1949d5457aa415351763853\",\"url\":\"https:\/\/secure.gravatar.com\/avatar\/c18c00ea50048aa7adb99e5d11e4250d05111e33b2bea02671439eb7912c945e?s=96&d=mm&r=g\",\"contentUrl\":\"https:\/\/secure.gravatar.com\/avatar\/c18c00ea50048aa7adb99e5d11e4250d05111e33b2bea02671439eb7912c945e?s=96&d=mm&r=g\",\"caption\":\"Parola\"},\"url\":\"https:\/\/kofe.hu\/parola\/szerzok\/parola\/\"}]}<\/script>\n<!-- \/ Yoast SEO plugin. -->","yoast_head_json":{"title":"K\u00f6z\u00f6ss\u00e9gi munka a v\u00e1rosr\u00e9szekben - Parola Foly\u00f3irat","robots":{"index":"index","follow":"follow","max-snippet":"max-snippet:-1","max-image-preview":"max-image-preview:large","max-video-preview":"max-video-preview:-1"},"canonical":"https:\/\/kofe.hu\/parola\/parola-folyoirat\/kozossegi-munka-a-varosreszekben-2\/","og_locale":"hu_HU","og_type":"article","og_title":"K\u00f6z\u00f6ss\u00e9gi munka a v\u00e1rosr\u00e9szekben - Parola Foly\u00f3irat","og_description":"A fenti c\u00edmmel rendezt\u00fcnk t\u00f6bb nonprofit szervezet egy\u00fcttm\u0171k\u00f6d\u00e9s\u00e9vel konferenci\u00e1t a k\u00f6zelm\u00faltban Budapesten. Ez a tal\u00e1lkoz\u00f3 k\u00eds\u00e9rlet volt arra, hogy a k\u00fcl\u00f6nb\u00f6z\u0151 szakter\u00fcleteken (szoci\u00e1lis, kultur\u00e1lis, k\u00f6rnyezetv\u00e9delmi, ifj\u00fas\u00e1gi&#8230;) k\u00f6z\u00f6ss\u00e9gekkel foglalkoz\u00f3 szakemberek \u00e9s \u00f6nk\u00e9ntesek v\u00e9lem\u00e9nyt \u00e9s tapasztalatokat cser\u00e9ljenek: a v\u00e1rosi-v\u00e1rosr\u00e9szi k\u00f6z\u00f6ss\u00e9gi munka saj\u00e1toss\u00e1gair\u00f3l.","og_url":"https:\/\/kofe.hu\/parola\/parola-folyoirat\/kozossegi-munka-a-varosreszekben-2\/","og_site_name":"Parola Foly\u00f3irat","article_published_time":"2020-08-04T13:13:11+00:00","author":"Parola","twitter_card":"summary_large_image","twitter_misc":{"Szerz\u0151:":"Parola","Becs\u00fclt olvas\u00e1si id\u0151":"5 perc","Written by":"Parola"},"schema":{"@context":"https:\/\/schema.org","@graph":[{"@type":"Article","@id":"https:\/\/kofe.hu\/parola\/parola-folyoirat\/kozossegi-munka-a-varosreszekben-2\/#article","isPartOf":{"@id":"https:\/\/kofe.hu\/parola\/parola-folyoirat\/kozossegi-munka-a-varosreszekben-2\/"},"author":{"name":"Parola","@id":"https:\/\/kofe.hu\/parola\/#\/schema\/person\/b39ea6ec0995233537351d7e33281aeb"},"headline":"K\u00f6z\u00f6ss\u00e9gi munka a v\u00e1rosr\u00e9szekben","datePublished":"2020-08-04T13:13:11+00:00","mainEntityOfPage":{"@id":"https:\/\/kofe.hu\/parola\/parola-folyoirat\/kozossegi-munka-a-varosreszekben-2\/"},"wordCount":1000,"commentCount":0,"articleSection":["Parola 1995\/5","Parola Foly\u00f3irat","Repert\u00f3rium"],"inLanguage":"hu","potentialAction":[{"@type":"CommentAction","name":"Comment","target":["https:\/\/kofe.hu\/parola\/parola-folyoirat\/kozossegi-munka-a-varosreszekben-2\/#respond"]}]},{"@type":"WebPage","@id":"https:\/\/kofe.hu\/parola\/parola-folyoirat\/kozossegi-munka-a-varosreszekben-2\/","url":"https:\/\/kofe.hu\/parola\/parola-folyoirat\/kozossegi-munka-a-varosreszekben-2\/","name":"K\u00f6z\u00f6ss\u00e9gi munka a v\u00e1rosr\u00e9szekben - Parola Foly\u00f3irat","isPartOf":{"@id":"https:\/\/kofe.hu\/parola\/#website"},"datePublished":"2020-08-04T13:13:11+00:00","author":{"@id":"https:\/\/kofe.hu\/parola\/#\/schema\/person\/b39ea6ec0995233537351d7e33281aeb"},"breadcrumb":{"@id":"https:\/\/kofe.hu\/parola\/parola-folyoirat\/kozossegi-munka-a-varosreszekben-2\/#breadcrumb"},"inLanguage":"hu","potentialAction":[{"@type":"ReadAction","target":["https:\/\/kofe.hu\/parola\/parola-folyoirat\/kozossegi-munka-a-varosreszekben-2\/"]}]},{"@type":"BreadcrumbList","@id":"https:\/\/kofe.hu\/parola\/parola-folyoirat\/kozossegi-munka-a-varosreszekben-2\/#breadcrumb","itemListElement":[{"@type":"ListItem","position":1,"name":"Home","item":"https:\/\/kofe.hu\/parola\/"},{"@type":"ListItem","position":2,"name":"K\u00f6z\u00f6ss\u00e9gi munka a v\u00e1rosr\u00e9szekben"}]},{"@type":"WebSite","@id":"https:\/\/kofe.hu\/parola\/#website","url":"https:\/\/kofe.hu\/parola\/","name":"Parola Foly\u00f3irat","description":"","potentialAction":[{"@type":"SearchAction","target":{"@type":"EntryPoint","urlTemplate":"https:\/\/kofe.hu\/parola\/?s={search_term_string}"},"query-input":{"@type":"PropertyValueSpecification","valueRequired":true,"valueName":"search_term_string"}}],"inLanguage":"hu"},{"@type":"Person","@id":"https:\/\/kofe.hu\/parola\/#\/schema\/person\/b39ea6ec0995233537351d7e33281aeb","name":"Parola","image":{"@type":"ImageObject","inLanguage":"hu","@id":"https:\/\/kofe.hu\/parola\/#\/schema\/person\/image\/ef1d7dc4d1949d5457aa415351763853","url":"https:\/\/secure.gravatar.com\/avatar\/c18c00ea50048aa7adb99e5d11e4250d05111e33b2bea02671439eb7912c945e?s=96&d=mm&r=g","contentUrl":"https:\/\/secure.gravatar.com\/avatar\/c18c00ea50048aa7adb99e5d11e4250d05111e33b2bea02671439eb7912c945e?s=96&d=mm&r=g","caption":"Parola"},"url":"https:\/\/kofe.hu\/parola\/szerzok\/parola\/"}]}},"_links":{"self":[{"href":"https:\/\/kofe.hu\/parola\/wp-json\/wp\/v2\/posts\/5230","targetHints":{"allow":["GET"]}}],"collection":[{"href":"https:\/\/kofe.hu\/parola\/wp-json\/wp\/v2\/posts"}],"about":[{"href":"https:\/\/kofe.hu\/parola\/wp-json\/wp\/v2\/types\/post"}],"author":[{"embeddable":true,"href":"https:\/\/kofe.hu\/parola\/wp-json\/wp\/v2\/users\/4"}],"replies":[{"embeddable":true,"href":"https:\/\/kofe.hu\/parola\/wp-json\/wp\/v2\/comments?post=5230"}],"version-history":[{"count":1,"href":"https:\/\/kofe.hu\/parola\/wp-json\/wp\/v2\/posts\/5230\/revisions"}],"predecessor-version":[{"id":5231,"href":"https:\/\/kofe.hu\/parola\/wp-json\/wp\/v2\/posts\/5230\/revisions\/5231"}],"wp:attachment":[{"href":"https:\/\/kofe.hu\/parola\/wp-json\/wp\/v2\/media?parent=5230"}],"wp:term":[{"taxonomy":"category","embeddable":true,"href":"https:\/\/kofe.hu\/parola\/wp-json\/wp\/v2\/categories?post=5230"},{"taxonomy":"post_tag","embeddable":true,"href":"https:\/\/kofe.hu\/parola\/wp-json\/wp\/v2\/tags?post=5230"},{"taxonomy":"author","embeddable":true,"href":"https:\/\/kofe.hu\/parola\/wp-json\/wp\/v2\/coauthors?post=5230"}],"curies":[{"name":"wp","href":"https:\/\/api.w.org\/{rel}","templated":true}]}}