{"id":5228,"date":"2020-08-04T13:11:55","date_gmt":"2020-08-04T13:11:55","guid":{"rendered":"https:\/\/kofe.hu\/parola\/?p=5228"},"modified":"2020-08-04T13:11:55","modified_gmt":"2020-08-04T13:11:55","slug":"a-nonprofit-szervezetek-reszvetele-az-allami-es-onkormanyzati-feladatok-ellatasaban-ll-resz","status":"publish","type":"post","link":"https:\/\/kofe.hu\/parola\/parola-folyoirat\/a-nonprofit-szervezetek-reszvetele-az-allami-es-onkormanyzati-feladatok-ellatasaban-ll-resz\/","title":{"rendered":"A nonprofit szervezetek r\u00e9szv\u00e9tele az \u00e1llami \u00e9s \u00f6nkorm\u00e1nyzati feladatok ell\u00e1t\u00e1s\u00e1ban ll. r\u00e9sz"},"content":{"rendered":"<p style=\"text-align: justify;\"><span style=\"font-family: Times New Roman CE;\">\u00d6sszhangban a miniszt\u00e9riumok \u00e9s \u00f6nkorm\u00e1nyzatok feladatk\u00f6r\u00e9vel a civil szervezetek \u00e1ltal\u00e1nos t\u00e1rsadalmi szerep\u00fck mellett az \u00e9letsz\u00ednvonal-politika, az eg\u00e9szs\u00e9g\u00fcgy, a szoci\u00e1lpolitika, a csal\u00e1d-, gyermek- \u00e9s ifj\u00fas\u00e1gv\u00e9delem ter\u00fclet\u00e9n speci\u00e1lis szerepv\u00e1llal\u00e1saikkal (indik\u00e1tor- vagy k\u00f6zvet\u00edt\u0151 szerepek, az \u00e1llami ell\u00e1t\u00e1st kieg\u00e9sz\u00edt\u0151 szerepek \u00e9s szoci\u00e1lis szerepek) kieg\u00e9sz\u00edtik, illetve helyettes\u00edtik az \u00e1llami-\u00f6nkorm\u00e1nyzati int\u00e9zm\u00e9nyek tev\u00e9kenys\u00e9g\u00e9t.<\/span><br \/>\n<!--more--><br \/>\n<i><span style=\"font-family: Times New Roman CE;\">1. Indik\u00e1tor- vagy k\u00f6zvet\u00edt\u0151 szerepek:<\/span><\/i><br \/>\n<span style=\"font-family: Times New Roman CE;\">a) A seg\u00edts\u00e9get, szolg\u00e1ltat\u00e1st, \u00e9rdekv\u00e9delmet, k\u00f6z\u00f6ss\u00e9get ny\u00fajt\u00f3 szervezetek j\u00f3l ismerik\u00a0<\/span><i><span style=\"font-family: Times New Roman CE;\">az \u00e9rintett emberek mindennapi helyzet\u00e9nek probl\u00e9m\u00e1it, helyzet\u0171kben bek\u00f6vetkezett v\u00e1ltoz\u00f3kat.\u00a0<\/span><\/i><span style=\"font-family: Times New Roman CE;\">A gondok \u00e9rz\u00e9kel\u00e9s\u00e9vel egyid\u0151ben jelz\u00e9seik befoly\u00e1solhatj\u00e1k az \u00e1llami d\u00f6nt\u00e9seket.<\/span><br \/>\n<span style=\"font-family: Times New Roman CE;\">b) Az \u00e9rintett emberek, csoportok v\u00e9lem\u00e9ny\u00e9t, megold\u00e1si javaslatait,\u00a0<\/span><i><span style=\"font-family: Times New Roman CE;\">b\u00edr\u00e1latait\u00a0<\/span><\/i><span style=\"font-family: Times New Roman CE;\">megfelel\u0151 rendszerez\u00e9s \u00e9s \u00f6sszegz\u00e9s mellett k\u00f6zvet\u00edthetik az \u00e1llam ir\u00e1ny\u00e1ba.<\/span><br \/>\n<span style=\"font-family: Times New Roman CE;\">c) R\u00e9szt vehetnek a t\u00e1rsadalmi h\u00e1tr\u00e1nyok \u00e9s kr\u00edzishelyzetek felt\u00e1r\u00e1s\u00e1ban \u00e9s a v\u00e1rhat\u00f3 probl\u00e9m\u00e1k el\u0151rejelz\u00e9s\u00e9ben.<\/span><\/p>\n<p><i><span style=\"font-family: Times New Roman CE;\">2 Az \u00e1llami ell\u00e1t\u00e1st kieg\u00e9sz\u00edt\u0151 szerepek:<\/span><\/i><br \/>\n<span style=\"font-family: Times New Roman CE;\">a) A rosszul, hi\u00e1nyosan vagy egy\u00e1ltal\u00e1n\u00a0<\/span><i><span style=\"font-family: Times New Roman CE;\">el nem l\u00e1tott\u00a0<\/span><\/i><span style=\"font-family: Times New Roman CE;\">ter\u00fcleteken gyakran \u00e1llami k\u00f6telez\u0151 feladatokat l\u00e1tnak el.<\/span><br \/>\n<span style=\"font-family: Times New Roman CE;\">b) Az eg\u00e9szs\u00e9g\u00fcgyi ell\u00e1t\u00e1s, az eg\u00e9szs\u00e9gmeg\u0151rz\u00e9s jobb min\u0151s\u00e9ge \u00e9rdek\u00e9ben felvil\u00e1gos\u00edt\u00e1st,\u00a0<\/span><i><span style=\"font-family: Times New Roman CE;\">oktat\u00e1st,\u00a0<\/span><\/i><span style=\"font-family: Times New Roman CE;\">tan\u00e1csad\u00e1st\u00a0<\/span><i><span style=\"font-family: Times New Roman CE;\">szerveznek.\u00a0<\/span><\/i><span style=\"font-family: Times New Roman CE;\">Folyamatosan t\u00e1rj\u00e1k fel \u00e9s mutatj\u00e1k be az eg\u00e9szs\u00e9get k\u00e1ros\u00edt\u00f3 k\u00f6rnyezeti t\u00e9nyez\u0151ket, folyamatokat \u00e9s megv\u00e1ltozott helyzeteket.<\/span><br \/>\n<span style=\"font-family: Times New Roman CE;\">c) R\u00e9szt vesznek az eg\u00e9szs\u00e9gk\u00e1rosodott \u00e9s id\u0151s emberek \u00e9s csoportjaik seg\u00edt\u00e9s\u00e9ben,\u00a0<\/span><i><span style=\"font-family: Times New Roman CE;\">a rehabilit\u00e1ci\u00f3s munk\u00e1ban,\u00a0<\/span><\/i><span style=\"font-family: Times New Roman CE;\">a h\u00e1zi beteg\u00e1pol\u00e1sban,\u00a0<\/span><i><span style=\"font-family: Times New Roman CE;\">gondoz\u00e1sban.<\/span><\/i><br \/>\n<span style=\"font-family: Times New Roman CE;\">d) Nonprofit jelleg\u0171 szoci\u00e1lis int\u00e9zm\u00e9nyeket m\u0171k\u00f6dtetnek.<\/span><br \/>\n<i><span style=\"font-family: Times New Roman CE;\">e) \u00daj szoci\u00e1lis\u00a0<\/span><\/i><span style=\"font-family: Times New Roman CE;\">szolg\u00e1ltat\u00e1sokat szerveznek meg \u00e9s bonyol\u00edtanak le.<\/span><br \/>\n<span style=\"font-family: Times New Roman CE;\">f) A csal\u00e1d-,\u00a0<\/span><i><span style=\"font-family: Times New Roman CE;\">gyermek-\u00a0<\/span><\/i><span style=\"font-family: Times New Roman CE;\">\u00e9s\u00a0<\/span><i><span style=\"font-family: Times New Roman CE;\">ifj\u00fas\u00e1gv\u00e9delem\u00a0<\/span><\/i><span style=\"font-family: Times New Roman CE;\">keret\u00e9ben\u00a0<\/span><i><span style=\"font-family: Times New Roman CE;\">seg\u00e9lyszolg\u00e1latokat\u00a0<\/span><\/i><span style=\"font-family: Times New Roman CE;\">szerveznek, szem\u00e9lyesen r\u00e9szt vesznek a szolg\u00e1lat ell\u00e1t\u00e1s\u00e1ban.<\/span><br \/>\n<span style=\"font-family: Times New Roman CE;\">V\u00e9geredm\u00e9nyben minden ter\u00fcleten gazdag\u00edtj\u00e1k a k\u00edn\u00e1latot.<\/span><\/p>\n<p><i><span style=\"font-family: Times New Roman CE;\">3. Speci\u00e1lis, a szektorra jellemz\u0151 szerepek:<\/span><\/i><br \/>\n<span style=\"font-family: Times New Roman CE;\">a) A civil szervezetek k\u00f6zvetlen\u00fcl \u00e9s\u00a0<\/span><i><span style=\"font-family: Times New Roman CE;\">gyorsan\u00a0<\/span><\/i><span style=\"font-family: Times New Roman CE;\">k\u00e9pesek\u00a0<\/span><i><span style=\"font-family: Times New Roman CE;\">reag\u00e1lni az\u00a0<\/span><\/i><span style=\"font-family: Times New Roman CE;\">\u00faj ig\u00e9nyekre, alkalmasak \u00faj m\u00f3dszerek kipr\u00f3b\u00e1l\u00e1s\u00e1ra,\u00a0<\/span><i><span style=\"font-family: Times New Roman CE;\">modellk\u00eds\u00e9rletek\u00a0<\/span><\/i><span style=\"font-family: Times New Roman CE;\">lefolytat\u00e1s\u00e1ra.<\/span><br \/>\n<span style=\"font-family: Times New Roman CE;\">b) Megszervezik a t\u00e1rsadalmi munk\u00e1sok,\u00a0<\/span><i><span style=\"font-family: Times New Roman CE;\">\u00f6nk\u00e9ntes seg\u00edt\u0151k,\u00a0<\/span><\/i><span style=\"font-family: Times New Roman CE;\">a nonprofit szervezetek kulcsembereinek\u00a0<\/span><i><span style=\"font-family: Times New Roman CE;\">k\u00e9pz\u00e9s\u00e9t<\/span><\/i><br \/>\n<span style=\"font-family: Times New Roman CE;\">c) Adom\u00e1nyok, p\u00e1ly\u00e1zatok,\u00a0<\/span><i><span style=\"font-family: Times New Roman CE;\">\u00f6nk\u00e9ntes munka\u00a0<\/span><\/i><span style=\"font-family: Times New Roman CE;\">form\u00e1j\u00e1ban \u00faj, az \u00e1llami int\u00e9zm\u00e9nyek sz\u00e1m\u00e1ra el\u00e9rhetetlen forr\u00e1sokat vonnak be.<\/span><br \/>\n<span style=\"font-family: Times New Roman CE;\">d) Kezdem\u00e9nyez\u0151leg l\u00e9pnek fel (az \u00e9letsz\u00ednvonal k\u00fcl\u00f6nbs\u00e9gek kiegyenl\u00edt\u00e9s\u00e9re) a fogyat\u00e9kosok \u00e9s a szoci\u00e1lis helyzet\u00fck miatt r\u00e1szorul\u00f3k helyzet\u00e9nek jav\u00edt\u00e1sa \u00e9rdek\u00e9ben (ad\u00f3kedvezm\u00e9nyek), juttat\u00e1sok m\u00e9rt\u00e9ke, az eloszt\u00e1s rendszere, akci\u00f3k ind\u00edt\u00e1sa r\u00e9v\u00e9n.<\/span><br \/>\n<span style=\"font-family: Times New Roman CE;\">e) K\u00e9pviselhetik az \u00e1ltal\u00e1nos\u00a0<\/span><i><span style=\"font-family: Times New Roman CE;\">emberi jogokat.\u00a0<\/span><\/i><span style=\"font-family: Times New Roman CE;\">K\u00fcl\u00f6n figyelmet ford\u00edthatnak a gyermekek, az id\u0151sek, az elesettek (menek\u00fcltek, hajl\u00e9ktalanok stb.), az eg\u00e9szs\u00e9gk\u00e1rosodottak \u00e9s a betegek jogaira.<\/span><br \/>\n<span style=\"font-family: Times New Roman CE;\">f) \u00d6nseg\u00edt\u0151 csoportokat, k\u00f6z\u00f6ss\u00e9geket hozhatnak l\u00e9tre.<\/span><br \/>\n<span style=\"font-family: Times New Roman CE;\">g) Az &#8222;erny\u0151szervezetek&#8221; fontos szerepet j\u00e1tszanak az ell\u00e1t\u00e1s min\u0151s\u00e9g\u00e9nek a v\u00e9delm\u00e9ben, kontrollj\u00e1ban, az ezt honor\u00e1l\u00f3 p\u00e9nzeloszt\u00e1s befoly\u00e1sol\u00e1s\u00e1ban (\u00e9rtsd: tags\u00e1g, mint min\u0151s\u00e9gi garancia).<\/span><\/p>\n<p><b><span style=\"font-family: Times New Roman CE;\">A c\u00e9lok megval\u00f3s\u00edt\u00e1s\u00e1nak eszk\u00f6zrendszere<\/span><\/b><\/p>\n<p><i><span style=\"font-family: Times New Roman CE;\">1. Az \u00e1llami, a piaci \u00e9s a nonprofit int\u00e9zm\u00e9nyek, szervezetek<\/span><\/i><br \/>\n<span style=\"font-family: Times New Roman CE;\">A bevezet\u0151ben jelzett &#8222;egyes&#8221; rendszer kialak\u00edt\u00e1s\u00e1nak alapja az \u00e1llam szerep\u00e9nek fel\u00fclvizsg\u00e1lata. A modern t\u00e1rsadalmak fejl\u0151d\u00e9s\u00e9ben megfigyelhet\u0151, hogy sem a piac, sem a nonprofit szektor, sem az \u00f6nkorm\u00e1nyzat \u00e9s az \u00e1llam, sem pedig a civil inform\u00e1lis szf\u00e9ra, \u00f6nmag\u00e1ban nem alkalmas a szoci\u00e1lis probl\u00e9m\u00e1k megold\u00e1s\u00e1ra.<\/span><br \/>\n<span style=\"font-family: Times New Roman CE;\">A magyar szoci\u00e1lpolitikai fejl\u0151d\u00e9s \u00fatja ma a t\u00fals\u00falyos \u00e1llami szerepv\u00e1llal\u00e1s helyett a vegyes rendszerre val\u00f3 \u00e1tt\u00e9r\u00e9s folyamata. Amikor teh\u00e1t az \u00e1llam \u00e9s a nonprofit szf\u00e9ra kapcsolat\u00e1r\u00f3l gondolkodunk, az \u00e1llami szerepv\u00e1llal\u00e1s cs\u00f6kken\u00e9s\u00e9nek mik\u00e9ntj\u00e9t is \u00e9rintj\u00fck. Az \u00e1llam kivonul\u00e1sa csak \u00fagy \u00e9s olyan \u00fctemben k\u00edv\u00e1natos, ahogyan ki\u00e9p\u00fcl egy jobban m\u0171k\u00f6d\u0151 vegyes rendszer.<\/span><br \/>\n<span style=\"font-family: Times New Roman CE;\">Ebben a folyamatban m\u00e1r nem az \u00e1llam \u00e1ltal t\u00e1mogatott nonprofit szf\u00e9r\u00e1r\u00f3l besz\u00e9lhet\u00fcnk, hanem az \u00e1llam, a nonprofit \u00e9s a piaci szf\u00e9ra egy\u00fcttm\u0171k\u00f6d\u00e9s\u00e9n alapul\u00f3\u00a0<\/span><i><span style=\"font-family: Times New Roman CE;\">vegyes szoci\u00e1lpolitikai rendszerr\u0151l,\u00a0<\/span><\/i><span style=\"font-family: Times New Roman CE;\">ami egy olyan magasabb szint\u0171 egy\u00fcttm\u0171k\u00f6d\u00e9sen alapul a h\u00e1rom szektor k\u00f6z\u00f6tt, amely a demokratikus piacgazdas\u00e1g logik\u00e1ja szerint veszi sz\u00e1m\u00edt\u00e1sba az egyes szektorok el\u0151nyeit \u00e9s h\u00e1tr\u00e1nyait.<\/span><br \/>\n<i><span style=\"font-family: Times New Roman CE;\">a) Az \u00e1llami ell\u00e1t\u00e1s el\u0151nyei:<\/span><\/i><br \/>\n<span style=\"font-family: Times New Roman CE;\">&#8211; jogelv\u0171s\u00e9g biztos\u00edt\u00e1sa,<\/span><br \/>\n<span style=\"font-family: Times New Roman CE;\">&#8211; \u00e1llami garanci\u00e1k az alapvet\u0151 feladatok megfelel\u0151 sz\u00ednvonalon t\u00f6rt\u00e9n\u0151 ell\u00e1t\u00e1s\u00e1ra,<\/span><br \/>\n<span style=\"font-family: Times New Roman CE;\">&#8211; az egyenl\u0151s\u00e9g elv\u00e9nek, mint t\u00e1rsadalmi \u00e9rt\u00e9knek a v\u00e9delme,<\/span><br \/>\n<span style=\"font-family: Times New Roman CE;\">&#8211; az \u00fajraeloszt\u00f3 mechanizmusok m\u0171k\u00f6dtet\u00e9s\u00e9n kereszt\u00fcl alapvet\u0151 ell\u00e1t\u00e1si biztons\u00e1g a r\u00e1szorul\u00f3k v\u00e9delm\u00e9ben,<\/span><br \/>\n<span style=\"font-family: Times New Roman CE;\">&#8211; jelenleg a k\u00f6lts\u00e9gvet\u00e9sen kereszt\u00fcl a legnagyobb p\u00e9nzforr\u00e1s biztos\u00edt\u00e1sa,<\/span><br \/>\n<span style=\"font-family: Times New Roman CE;\">&#8211; az ell\u00e1t\u00e1sban, a szolg\u00e1ltat\u00e1sokban dolgoz\u00f3k foglalkoztat\u00e1si biztons\u00e1ga.<\/span><\/p>\n<p><i><span style=\"font-family: Times New Roman CE;\">Az \u00e1llami ell\u00e1t\u00e1s h\u00e1tr\u00e1nyai:<\/span><\/i><br \/>\n<span style=\"font-family: Times New Roman CE;\">&#8211; a strukt\u00far\u00e1k v\u00e1ltozatlans\u00e1g\u00e1hoz f\u0171z\u0151d\u0151 \u00e9rdek \u00e9rv\u00e9nyes\u00fcl\u00e9se,<\/span><br \/>\n<span style=\"font-family: Times New Roman CE;\">&#8211; az \u00faj megold\u00e1sok lass\u00fa \u00e1tv\u00e9tele \u00e9s terjed\u00e9se,<\/span><br \/>\n<span style=\"font-family: Times New Roman CE;\">&#8211; a k\u00f6lts\u00e9gvet\u00e9si forr\u00e1sokhoz val\u00f3 hozz\u00e1f\u00e9r\u00e9s a monopolhelyzet fenntart\u00e1s\u00e1ra \u00f6szt\u00f6n\u00f6z,<\/span><br \/>\n<span style=\"font-family: Times New Roman CE;\">&#8211; az \u00e1llami int\u00e9zm\u00e9nyekre sok esetben jellemz\u0151 pazarl\u00f3 gazd\u00e1lkod\u00e1s, mert az ott dolgoz\u00f3k nem \u00e9rdekeltek a megtakar\u00edt\u00e1sokban,<\/span><br \/>\n<span style=\"font-family: Times New Roman CE;\">&#8211; az \u00e9rintett \u00e9s r\u00e1szorul\u00f3 emberek \u00e9s csoportjaik nem k\u00e9pesek bekapcsol\u00f3dni a tev\u00e9kenys\u00e9g szervez\u00e9s\u00e9be, kontrollj\u00e1ba, mert alapvet\u0151en f\u00fcgg\u0151 viszonyban, kiszolg\u00e1ltatott helyzetben vannak,<\/span><br \/>\n<span style=\"font-family: Times New Roman CE;\">&#8211; a t\u00f6bbp\u00e1rtrendszer\u0171 demokr\u00e1ci\u00e1kban a hatalmon lev\u0151k gyakran nem a sz\u00fcks\u00e9gletek, hanem a szavazati nyeres\u00e9g szempontj\u00e1b\u00f3l d\u00f6ntenek a k\u00f6zpontos\u00edtott forr\u00e1sok felhaszn\u00e1l\u00e1s\u00e1r\u00f3l.<\/span><br \/>\n<span style=\"font-family: Times New Roman CE;\">b) A\u00a0<\/span><i><span style=\"font-family: Times New Roman CE;\">piaci ell\u00e1t\u00e1s el\u0151nyei:<\/span><\/i><br \/>\n<span style=\"font-family: Times New Roman CE;\">&#8211; \u00e1ltal\u00e1ban a kereslet minden ir\u00e1ny\u00fa, rugalmas, a min\u0151s\u00e9get el\u0151nyben r\u00e9szes\u00edt\u0151 kiel\u00e9g\u00edt\u00e9s\u00e9ben foglalhat\u00f3k \u00f6ssze.<\/span><\/p>\n<p><i><span style=\"font-family: Times New Roman CE;\">H\u00e1tr\u00e1nyai\u00a0<\/span><\/i><span style=\"font-family: Times New Roman CE;\">els\u0151sorban a piaci viszonyok kialakulatlans\u00e1g\u00e1b\u00f3l \u00e9s a fizet\u0151k\u00e9pes kereslet, valamint a r\u00e1szorul\u00f3k helyzete k\u00f6z\u00f6tti szakad\u00e9kb\u00f3l fakadnak.<\/span><br \/>\n<span style=\"font-family: Times New Roman CE;\">&#8211; a piac els\u0151sorban a fizet\u0151k\u00e9pes kereslet kiel\u00e9g\u00edt\u00e9s\u00e9ben \u00e9rdekelt,<\/span><br \/>\n<span style=\"font-family: Times New Roman CE;\">&#8211; gyakori, hogy a kereslet jelent\u0151s r\u00e9sz\u00e9t k\u00f6lts\u00e9gcs\u00f6kken\u00e9ssel \u00e9s az ezzel j\u00e1r\u00f3 jelent\u0151s min\u0151s\u00e9groml\u00e1ssal k\u00e9pes csak kiel\u00e9g\u00edteni,<\/span><br \/>\n<span style=\"font-family: Times New Roman CE;\">&#8211; a t\u00e1rsadalom, a r\u00e1szorul\u00f3k jelent\u0151s csoportjai (f\u0151leg vid\u00e9ken) nem tartj\u00e1k elfogadhat\u00f3nak, hogy az ell\u00e1t\u00e1s\u00e9rt fizetni kell.<\/span><br \/>\n<i><span style=\"font-family: Times New Roman CE;\">c) A nonprofit ell\u00e1t\u00e1s el\u0151nyei:<\/span><\/i><br \/>\n<span style=\"font-family: Times New Roman CE;\">&#8211; az ell\u00e1t\u00e1s \u00f6sszekapcsol\u00f3dik olyan alapvet\u0151 demokratikus \u00e9rt\u00e9kek megval\u00f3sul\u00e1s\u00e1val, mint a szolidarit\u00e1s, r\u00e9szv\u00e9tel, kezdem\u00e9nyez\u00e9s, f\u00fcggetlens\u00e9g,<\/span><br \/>\n<span style=\"font-family: Times New Roman CE;\">&#8211; a r\u00e1szorul\u00f3k egy r\u00e9sz\u00e9t bevonja a megval\u00f3s\u00edt\u00e1sba, \u00edgy foglalkoztat\u00e1st is biztos\u00edt,<\/span><br \/>\n<span style=\"font-family: Times New Roman CE;\">&#8211; olyan sz\u00fcks\u00e9gletek kiel\u00e9g\u00edt\u00e9s\u00e9re, ell\u00e1t\u00e1s\u00e1ra is v\u00e1llalkozik, amelyet a piac, vagy az \u00e1llam nem biztos\u00edt.<\/span><\/p>\n<p><i><span style=\"font-family: Times New Roman CE;\">H\u00e1tr\u00e1nyok:<\/span><\/i><br \/>\n<span style=\"font-family: Times New Roman CE;\">&#8211; a nonprofit szervezetek m\u0171k\u00f6dtet\u00e9s\u00e9re az anyagi bizonytalans\u00e1g jellemz\u0151, ebb\u0151l k\u00f6vetkezik a folyamatos ell\u00e1t\u00e1s bizonytalans\u00e1ga is,<\/span><br \/>\n<span style=\"font-family: Times New Roman CE;\">&#8211; az ell\u00e1t\u00e1s szakmai sz\u00ednvonal\u00e1nak min\u0151s\u00e9ge nehezen ellen\u0151rizhet\u0151,<\/span><br \/>\n<span style=\"font-family: Times New Roman CE;\">&#8211; a nonprofit szervezetek rendszere m\u00e9g kialakulatlan, er\u0151teljes bels\u0151 megosztotts\u00e1g, rivaliz\u00e1l\u00e1s jellemezni,<\/span><br \/>\n<span style=\"font-family: Times New Roman CE;\">&#8211; a hagyom\u00e1nyos strukt\u00far\u00e1k (az orsz\u00e1gos szervezetek) \u00e9s az \u00faj kisebb szervezetek m\u0171k\u00f6dtet\u00e9si felt\u00e9telei, a forr\u00e1sokhoz val\u00f3 hozz\u00e1jut\u00e1s\u00e1hoz val\u00f3 es\u00e9ly nem egyenl\u0151.<\/span><\/p>\n<p><i><span style=\"font-family: Times New Roman CE;\">A vegyes rendszer mag\u00e1ban rejti azt az elvi lehet\u0151s\u00e9get, hogy az el\u0151ny\u00f6ket maximaliz\u00e1l\u00f3 \u00e9s egyben a h\u00e1tr\u00e1nyokat minimaliz\u00e1l\u00f3 egy\u00fcttm\u0171k\u00f6d\u00e9si mechanizmus alak\u00edthat\u00f3 ki.<\/span><\/i><\/p>\n<p><span style=\"font-family: Times New Roman CE;\">A kliensek \u00e9rdekeinek \u00e9rv\u00e9nyes\u00edt\u00e9se hossz\u00fa t\u00e1von csak az \u00e9rdekk\u00e9pviseleti szervezetek r\u00e9szv\u00e9tel\u00e9vel kialak\u00edtott kompromisszumk\u00f6t\u00e9ssel, k\u00f6z\u00f6s tervez\u00e9ssel lehets\u00e9ges.<\/span><\/p>\n","protected":false},"excerpt":{"rendered":"<p>\u00d6sszhangban a miniszt\u00e9riumok \u00e9s \u00f6nkorm\u00e1nyzatok feladatk\u00f6r\u00e9vel a civil szervezetek \u00e1ltal\u00e1nos t\u00e1rsadalmi szerep\u00fck mellett az \u00e9letsz\u00ednvonal-politika, az eg\u00e9szs\u00e9g\u00fcgy, a szoci\u00e1lpolitika, a csal\u00e1d-, gyermek- \u00e9s ifj\u00fas\u00e1gv\u00e9delem ter\u00fclet\u00e9n speci\u00e1lis szerepv\u00e1llal\u00e1saikkal (indik\u00e1tor- vagy k\u00f6zvet\u00edt\u0151 szerepek, az \u00e1llami ell\u00e1t\u00e1st kieg\u00e9sz\u00edt\u0151 szerepek \u00e9s szoci\u00e1lis szerepek) kieg\u00e9sz\u00edtik, illetve helyettes\u00edtik az \u00e1llami-\u00f6nkorm\u00e1nyzati int\u00e9zm\u00e9nyek tev\u00e9kenys\u00e9g\u00e9t.<\/p>\n","protected":false},"author":4,"featured_media":0,"comment_status":"open","ping_status":"open","sticky":false,"template":"","format":"standard","meta":{"_acf_changed":false,"footnotes":""},"categories":[361,8,7],"tags":[],"coauthors":[47],"class_list":["post-5228","post","type-post","status-publish","format-standard","hentry","category-parola-1995-5","category-parola-folyoirat","category-repertorium"],"acf":[],"yoast_head":"<!-- This site is optimized with the Yoast SEO plugin v26.7 - https:\/\/yoast.com\/wordpress\/plugins\/seo\/ -->\n<title>A nonprofit szervezetek r\u00e9szv\u00e9tele az \u00e1llami \u00e9s \u00f6nkorm\u00e1nyzati feladatok ell\u00e1t\u00e1s\u00e1ban ll. r\u00e9sz - Parola Foly\u00f3irat<\/title>\n<meta name=\"robots\" content=\"index, follow, max-snippet:-1, max-image-preview:large, max-video-preview:-1\" \/>\n<link rel=\"canonical\" href=\"https:\/\/kofe.hu\/parola\/parola-folyoirat\/a-nonprofit-szervezetek-reszvetele-az-allami-es-onkormanyzati-feladatok-ellatasaban-ll-resz\/\" \/>\n<meta property=\"og:locale\" content=\"hu_HU\" \/>\n<meta property=\"og:type\" content=\"article\" \/>\n<meta property=\"og:title\" content=\"A nonprofit szervezetek r\u00e9szv\u00e9tele az \u00e1llami \u00e9s \u00f6nkorm\u00e1nyzati feladatok ell\u00e1t\u00e1s\u00e1ban ll. r\u00e9sz - Parola Foly\u00f3irat\" \/>\n<meta property=\"og:description\" content=\"\u00d6sszhangban a miniszt\u00e9riumok \u00e9s \u00f6nkorm\u00e1nyzatok feladatk\u00f6r\u00e9vel a civil szervezetek \u00e1ltal\u00e1nos t\u00e1rsadalmi szerep\u00fck mellett az \u00e9letsz\u00ednvonal-politika, az eg\u00e9szs\u00e9g\u00fcgy, a szoci\u00e1lpolitika, a csal\u00e1d-, gyermek- \u00e9s ifj\u00fas\u00e1gv\u00e9delem ter\u00fclet\u00e9n speci\u00e1lis szerepv\u00e1llal\u00e1saikkal (indik\u00e1tor- vagy k\u00f6zvet\u00edt\u0151 szerepek, az \u00e1llami ell\u00e1t\u00e1st kieg\u00e9sz\u00edt\u0151 szerepek \u00e9s szoci\u00e1lis szerepek) kieg\u00e9sz\u00edtik, illetve helyettes\u00edtik az \u00e1llami-\u00f6nkorm\u00e1nyzati int\u00e9zm\u00e9nyek tev\u00e9kenys\u00e9g\u00e9t.\" \/>\n<meta property=\"og:url\" content=\"https:\/\/kofe.hu\/parola\/parola-folyoirat\/a-nonprofit-szervezetek-reszvetele-az-allami-es-onkormanyzati-feladatok-ellatasaban-ll-resz\/\" \/>\n<meta property=\"og:site_name\" content=\"Parola Foly\u00f3irat\" \/>\n<meta property=\"article:published_time\" content=\"2020-08-04T13:11:55+00:00\" \/>\n<meta name=\"author\" content=\"Parola\" \/>\n<meta name=\"twitter:card\" content=\"summary_large_image\" \/>\n<meta name=\"twitter:label1\" content=\"Szerz\u0151:\" \/>\n\t<meta name=\"twitter:data1\" content=\"Parola\" \/>\n\t<meta name=\"twitter:label2\" content=\"Becs\u00fclt olvas\u00e1si id\u0151\" \/>\n\t<meta name=\"twitter:data2\" content=\"8 perc\" \/>\n\t<meta name=\"twitter:label3\" content=\"Written by\" \/>\n\t<meta name=\"twitter:data3\" content=\"Parola\" \/>\n<script type=\"application\/ld+json\" class=\"yoast-schema-graph\">{\"@context\":\"https:\/\/schema.org\",\"@graph\":[{\"@type\":\"Article\",\"@id\":\"https:\/\/kofe.hu\/parola\/parola-folyoirat\/a-nonprofit-szervezetek-reszvetele-az-allami-es-onkormanyzati-feladatok-ellatasaban-ll-resz\/#article\",\"isPartOf\":{\"@id\":\"https:\/\/kofe.hu\/parola\/parola-folyoirat\/a-nonprofit-szervezetek-reszvetele-az-allami-es-onkormanyzati-feladatok-ellatasaban-ll-resz\/\"},\"author\":{\"name\":\"Parola\",\"@id\":\"https:\/\/kofe.hu\/parola\/#\/schema\/person\/b39ea6ec0995233537351d7e33281aeb\"},\"headline\":\"A nonprofit szervezetek r\u00e9szv\u00e9tele az \u00e1llami \u00e9s \u00f6nkorm\u00e1nyzati feladatok ell\u00e1t\u00e1s\u00e1ban ll. r\u00e9sz\",\"datePublished\":\"2020-08-04T13:11:55+00:00\",\"mainEntityOfPage\":{\"@id\":\"https:\/\/kofe.hu\/parola\/parola-folyoirat\/a-nonprofit-szervezetek-reszvetele-az-allami-es-onkormanyzati-feladatok-ellatasaban-ll-resz\/\"},\"wordCount\":1527,\"commentCount\":0,\"articleSection\":[\"Parola 1995\/5\",\"Parola Foly\u00f3irat\",\"Repert\u00f3rium\"],\"inLanguage\":\"hu\",\"potentialAction\":[{\"@type\":\"CommentAction\",\"name\":\"Comment\",\"target\":[\"https:\/\/kofe.hu\/parola\/parola-folyoirat\/a-nonprofit-szervezetek-reszvetele-az-allami-es-onkormanyzati-feladatok-ellatasaban-ll-resz\/#respond\"]}]},{\"@type\":\"WebPage\",\"@id\":\"https:\/\/kofe.hu\/parola\/parola-folyoirat\/a-nonprofit-szervezetek-reszvetele-az-allami-es-onkormanyzati-feladatok-ellatasaban-ll-resz\/\",\"url\":\"https:\/\/kofe.hu\/parola\/parola-folyoirat\/a-nonprofit-szervezetek-reszvetele-az-allami-es-onkormanyzati-feladatok-ellatasaban-ll-resz\/\",\"name\":\"A nonprofit szervezetek r\u00e9szv\u00e9tele az \u00e1llami \u00e9s \u00f6nkorm\u00e1nyzati feladatok ell\u00e1t\u00e1s\u00e1ban ll. r\u00e9sz - Parola Foly\u00f3irat\",\"isPartOf\":{\"@id\":\"https:\/\/kofe.hu\/parola\/#website\"},\"datePublished\":\"2020-08-04T13:11:55+00:00\",\"author\":{\"@id\":\"https:\/\/kofe.hu\/parola\/#\/schema\/person\/b39ea6ec0995233537351d7e33281aeb\"},\"breadcrumb\":{\"@id\":\"https:\/\/kofe.hu\/parola\/parola-folyoirat\/a-nonprofit-szervezetek-reszvetele-az-allami-es-onkormanyzati-feladatok-ellatasaban-ll-resz\/#breadcrumb\"},\"inLanguage\":\"hu\",\"potentialAction\":[{\"@type\":\"ReadAction\",\"target\":[\"https:\/\/kofe.hu\/parola\/parola-folyoirat\/a-nonprofit-szervezetek-reszvetele-az-allami-es-onkormanyzati-feladatok-ellatasaban-ll-resz\/\"]}]},{\"@type\":\"BreadcrumbList\",\"@id\":\"https:\/\/kofe.hu\/parola\/parola-folyoirat\/a-nonprofit-szervezetek-reszvetele-az-allami-es-onkormanyzati-feladatok-ellatasaban-ll-resz\/#breadcrumb\",\"itemListElement\":[{\"@type\":\"ListItem\",\"position\":1,\"name\":\"Home\",\"item\":\"https:\/\/kofe.hu\/parola\/\"},{\"@type\":\"ListItem\",\"position\":2,\"name\":\"A nonprofit szervezetek r\u00e9szv\u00e9tele az \u00e1llami \u00e9s \u00f6nkorm\u00e1nyzati feladatok ell\u00e1t\u00e1s\u00e1ban ll. r\u00e9sz\"}]},{\"@type\":\"WebSite\",\"@id\":\"https:\/\/kofe.hu\/parola\/#website\",\"url\":\"https:\/\/kofe.hu\/parola\/\",\"name\":\"Parola Foly\u00f3irat\",\"description\":\"\",\"potentialAction\":[{\"@type\":\"SearchAction\",\"target\":{\"@type\":\"EntryPoint\",\"urlTemplate\":\"https:\/\/kofe.hu\/parola\/?s={search_term_string}\"},\"query-input\":{\"@type\":\"PropertyValueSpecification\",\"valueRequired\":true,\"valueName\":\"search_term_string\"}}],\"inLanguage\":\"hu\"},{\"@type\":\"Person\",\"@id\":\"https:\/\/kofe.hu\/parola\/#\/schema\/person\/b39ea6ec0995233537351d7e33281aeb\",\"name\":\"Parola\",\"image\":{\"@type\":\"ImageObject\",\"inLanguage\":\"hu\",\"@id\":\"https:\/\/kofe.hu\/parola\/#\/schema\/person\/image\/ef1d7dc4d1949d5457aa415351763853\",\"url\":\"https:\/\/secure.gravatar.com\/avatar\/c18c00ea50048aa7adb99e5d11e4250d05111e33b2bea02671439eb7912c945e?s=96&d=mm&r=g\",\"contentUrl\":\"https:\/\/secure.gravatar.com\/avatar\/c18c00ea50048aa7adb99e5d11e4250d05111e33b2bea02671439eb7912c945e?s=96&d=mm&r=g\",\"caption\":\"Parola\"},\"url\":\"https:\/\/kofe.hu\/parola\/szerzok\/parola\/\"}]}<\/script>\n<!-- \/ Yoast SEO plugin. -->","yoast_head_json":{"title":"A nonprofit szervezetek r\u00e9szv\u00e9tele az \u00e1llami \u00e9s \u00f6nkorm\u00e1nyzati feladatok ell\u00e1t\u00e1s\u00e1ban ll. r\u00e9sz - Parola Foly\u00f3irat","robots":{"index":"index","follow":"follow","max-snippet":"max-snippet:-1","max-image-preview":"max-image-preview:large","max-video-preview":"max-video-preview:-1"},"canonical":"https:\/\/kofe.hu\/parola\/parola-folyoirat\/a-nonprofit-szervezetek-reszvetele-az-allami-es-onkormanyzati-feladatok-ellatasaban-ll-resz\/","og_locale":"hu_HU","og_type":"article","og_title":"A nonprofit szervezetek r\u00e9szv\u00e9tele az \u00e1llami \u00e9s \u00f6nkorm\u00e1nyzati feladatok ell\u00e1t\u00e1s\u00e1ban ll. r\u00e9sz - Parola Foly\u00f3irat","og_description":"\u00d6sszhangban a miniszt\u00e9riumok \u00e9s \u00f6nkorm\u00e1nyzatok feladatk\u00f6r\u00e9vel a civil szervezetek \u00e1ltal\u00e1nos t\u00e1rsadalmi szerep\u00fck mellett az \u00e9letsz\u00ednvonal-politika, az eg\u00e9szs\u00e9g\u00fcgy, a szoci\u00e1lpolitika, a csal\u00e1d-, gyermek- \u00e9s ifj\u00fas\u00e1gv\u00e9delem ter\u00fclet\u00e9n speci\u00e1lis szerepv\u00e1llal\u00e1saikkal (indik\u00e1tor- vagy k\u00f6zvet\u00edt\u0151 szerepek, az \u00e1llami ell\u00e1t\u00e1st kieg\u00e9sz\u00edt\u0151 szerepek \u00e9s szoci\u00e1lis szerepek) kieg\u00e9sz\u00edtik, illetve helyettes\u00edtik az \u00e1llami-\u00f6nkorm\u00e1nyzati int\u00e9zm\u00e9nyek tev\u00e9kenys\u00e9g\u00e9t.","og_url":"https:\/\/kofe.hu\/parola\/parola-folyoirat\/a-nonprofit-szervezetek-reszvetele-az-allami-es-onkormanyzati-feladatok-ellatasaban-ll-resz\/","og_site_name":"Parola Foly\u00f3irat","article_published_time":"2020-08-04T13:11:55+00:00","author":"Parola","twitter_card":"summary_large_image","twitter_misc":{"Szerz\u0151:":"Parola","Becs\u00fclt olvas\u00e1si id\u0151":"8 perc","Written by":"Parola"},"schema":{"@context":"https:\/\/schema.org","@graph":[{"@type":"Article","@id":"https:\/\/kofe.hu\/parola\/parola-folyoirat\/a-nonprofit-szervezetek-reszvetele-az-allami-es-onkormanyzati-feladatok-ellatasaban-ll-resz\/#article","isPartOf":{"@id":"https:\/\/kofe.hu\/parola\/parola-folyoirat\/a-nonprofit-szervezetek-reszvetele-az-allami-es-onkormanyzati-feladatok-ellatasaban-ll-resz\/"},"author":{"name":"Parola","@id":"https:\/\/kofe.hu\/parola\/#\/schema\/person\/b39ea6ec0995233537351d7e33281aeb"},"headline":"A nonprofit szervezetek r\u00e9szv\u00e9tele az \u00e1llami \u00e9s \u00f6nkorm\u00e1nyzati feladatok ell\u00e1t\u00e1s\u00e1ban ll. r\u00e9sz","datePublished":"2020-08-04T13:11:55+00:00","mainEntityOfPage":{"@id":"https:\/\/kofe.hu\/parola\/parola-folyoirat\/a-nonprofit-szervezetek-reszvetele-az-allami-es-onkormanyzati-feladatok-ellatasaban-ll-resz\/"},"wordCount":1527,"commentCount":0,"articleSection":["Parola 1995\/5","Parola Foly\u00f3irat","Repert\u00f3rium"],"inLanguage":"hu","potentialAction":[{"@type":"CommentAction","name":"Comment","target":["https:\/\/kofe.hu\/parola\/parola-folyoirat\/a-nonprofit-szervezetek-reszvetele-az-allami-es-onkormanyzati-feladatok-ellatasaban-ll-resz\/#respond"]}]},{"@type":"WebPage","@id":"https:\/\/kofe.hu\/parola\/parola-folyoirat\/a-nonprofit-szervezetek-reszvetele-az-allami-es-onkormanyzati-feladatok-ellatasaban-ll-resz\/","url":"https:\/\/kofe.hu\/parola\/parola-folyoirat\/a-nonprofit-szervezetek-reszvetele-az-allami-es-onkormanyzati-feladatok-ellatasaban-ll-resz\/","name":"A nonprofit szervezetek r\u00e9szv\u00e9tele az \u00e1llami \u00e9s \u00f6nkorm\u00e1nyzati feladatok ell\u00e1t\u00e1s\u00e1ban ll. r\u00e9sz - Parola Foly\u00f3irat","isPartOf":{"@id":"https:\/\/kofe.hu\/parola\/#website"},"datePublished":"2020-08-04T13:11:55+00:00","author":{"@id":"https:\/\/kofe.hu\/parola\/#\/schema\/person\/b39ea6ec0995233537351d7e33281aeb"},"breadcrumb":{"@id":"https:\/\/kofe.hu\/parola\/parola-folyoirat\/a-nonprofit-szervezetek-reszvetele-az-allami-es-onkormanyzati-feladatok-ellatasaban-ll-resz\/#breadcrumb"},"inLanguage":"hu","potentialAction":[{"@type":"ReadAction","target":["https:\/\/kofe.hu\/parola\/parola-folyoirat\/a-nonprofit-szervezetek-reszvetele-az-allami-es-onkormanyzati-feladatok-ellatasaban-ll-resz\/"]}]},{"@type":"BreadcrumbList","@id":"https:\/\/kofe.hu\/parola\/parola-folyoirat\/a-nonprofit-szervezetek-reszvetele-az-allami-es-onkormanyzati-feladatok-ellatasaban-ll-resz\/#breadcrumb","itemListElement":[{"@type":"ListItem","position":1,"name":"Home","item":"https:\/\/kofe.hu\/parola\/"},{"@type":"ListItem","position":2,"name":"A nonprofit szervezetek r\u00e9szv\u00e9tele az \u00e1llami \u00e9s \u00f6nkorm\u00e1nyzati feladatok ell\u00e1t\u00e1s\u00e1ban ll. r\u00e9sz"}]},{"@type":"WebSite","@id":"https:\/\/kofe.hu\/parola\/#website","url":"https:\/\/kofe.hu\/parola\/","name":"Parola Foly\u00f3irat","description":"","potentialAction":[{"@type":"SearchAction","target":{"@type":"EntryPoint","urlTemplate":"https:\/\/kofe.hu\/parola\/?s={search_term_string}"},"query-input":{"@type":"PropertyValueSpecification","valueRequired":true,"valueName":"search_term_string"}}],"inLanguage":"hu"},{"@type":"Person","@id":"https:\/\/kofe.hu\/parola\/#\/schema\/person\/b39ea6ec0995233537351d7e33281aeb","name":"Parola","image":{"@type":"ImageObject","inLanguage":"hu","@id":"https:\/\/kofe.hu\/parola\/#\/schema\/person\/image\/ef1d7dc4d1949d5457aa415351763853","url":"https:\/\/secure.gravatar.com\/avatar\/c18c00ea50048aa7adb99e5d11e4250d05111e33b2bea02671439eb7912c945e?s=96&d=mm&r=g","contentUrl":"https:\/\/secure.gravatar.com\/avatar\/c18c00ea50048aa7adb99e5d11e4250d05111e33b2bea02671439eb7912c945e?s=96&d=mm&r=g","caption":"Parola"},"url":"https:\/\/kofe.hu\/parola\/szerzok\/parola\/"}]}},"_links":{"self":[{"href":"https:\/\/kofe.hu\/parola\/wp-json\/wp\/v2\/posts\/5228","targetHints":{"allow":["GET"]}}],"collection":[{"href":"https:\/\/kofe.hu\/parola\/wp-json\/wp\/v2\/posts"}],"about":[{"href":"https:\/\/kofe.hu\/parola\/wp-json\/wp\/v2\/types\/post"}],"author":[{"embeddable":true,"href":"https:\/\/kofe.hu\/parola\/wp-json\/wp\/v2\/users\/4"}],"replies":[{"embeddable":true,"href":"https:\/\/kofe.hu\/parola\/wp-json\/wp\/v2\/comments?post=5228"}],"version-history":[{"count":1,"href":"https:\/\/kofe.hu\/parola\/wp-json\/wp\/v2\/posts\/5228\/revisions"}],"predecessor-version":[{"id":5229,"href":"https:\/\/kofe.hu\/parola\/wp-json\/wp\/v2\/posts\/5228\/revisions\/5229"}],"wp:attachment":[{"href":"https:\/\/kofe.hu\/parola\/wp-json\/wp\/v2\/media?parent=5228"}],"wp:term":[{"taxonomy":"category","embeddable":true,"href":"https:\/\/kofe.hu\/parola\/wp-json\/wp\/v2\/categories?post=5228"},{"taxonomy":"post_tag","embeddable":true,"href":"https:\/\/kofe.hu\/parola\/wp-json\/wp\/v2\/tags?post=5228"},{"taxonomy":"author","embeddable":true,"href":"https:\/\/kofe.hu\/parola\/wp-json\/wp\/v2\/coauthors?post=5228"}],"curies":[{"name":"wp","href":"https:\/\/api.w.org\/{rel}","templated":true}]}}