{"id":5226,"date":"2020-08-04T13:10:18","date_gmt":"2020-08-04T13:10:18","guid":{"rendered":"https:\/\/kofe.hu\/parola\/?p=5226"},"modified":"2020-08-04T13:10:18","modified_gmt":"2020-08-04T13:10:18","slug":"szerdak-vasarnapok","status":"publish","type":"post","link":"https:\/\/kofe.hu\/parola\/parola-folyoirat\/szerdak-vasarnapok\/","title":{"rendered":"Szerd\u00e1k, vas\u00e1rnapok"},"content":{"rendered":"<p style=\"text-align: justify;\"><span style=\"font-family: Times New Roman CE;\">Id\u00e9n \u00fcnnepli megalakul\u00e1s\u00e1nak 100. \u00e9vfordul\u00f3j\u00e1t a S\u00f3shalmi Olvas\u00f3k\u00f6r. Az \u00fcnnepi megeml\u00e9kez\u00e9sre val\u00f3sz\u00edn\u0171leg \u0151sszel ker\u00fclhet sor, hiszen a tags\u00e1g z\u00f6m\u00e9t a H\u00f3dmez\u0151v\u00e1s\u00e1rhely \u00e9s Sz\u00e9kkutas k\u00f6z\u00f6tt elhelyezked\u0151 tanyavil\u00e1g lakoss\u00e1ga adja.<\/span><\/p>\n<p style=\"text-align: justify;\"><!--more--><br \/>\n<span style=\"font-family: Times New Roman CE;\">Igaz, az ut\u00f3bbi \u00e9vtizedekben t\u00f6bben bek\u00f6lt\u00f6ztek V\u00e1s\u00e1rhelyre, Sz\u00e9kkutasra, \u00e1m szeretett olvas\u00f3k\u00f6r\u00fckh\u00f6z nem lettek h\u0171tlenek. Havonta visszaj\u00e1rnak a s\u00f3shalmi iskol\u00e1ba, hogy tal\u00e1lkozzanak, elbesz\u00e9lgessenek egym\u00e1ssal.\u00a0<\/span><i><span style=\"font-family: Times New Roman CE;\">Ken\u00e9z S\u00e1ndor<\/span><\/i><span style=\"font-family: Times New Roman CE;\">\u00a0tan\u00edt\u00f3 \u00far az olvas\u00f3k\u00f6r kult\u00far-mindenese nyugd\u00edjaz\u00e1s\u00e1ig tan\u00edtotta a tanyasi gyerekeket, \u00edr\u00e1sra-olvas\u00e1sra, embers\u00e9gre. Feles\u00e9g\u00e9vel, Julink\u00e1val egy\u00fctt. Ez\u00fattal az olvas\u00f3k\u00f6r \u00e9let\u00e9r\u0151l k\u00e9rdezt\u00fck a tan\u00edt\u00f3 urat.<\/span><br \/>\n<span style=\"font-family: Times New Roman CE;\">\u2013 Az olvas\u00f3k\u00f6r 1885-ben alakult \u2013 kezdte a t\u00f6rt\u00e9netet Ken\u00e9z tan\u00edt\u00f3 \u00fat \u2013, \u00e9s b\u00e1rmennyire hihetetlen, ez az egyetlen olvas\u00f3k\u00f6r, amely szinte megszak\u00edt\u00e1s n\u00e9lk\u00fcl m\u0171k\u00f6dik. Voltak ugyan kisebb sz\u00fcnetek a \u201chivatalos\u201d m\u0171k\u00f6d\u00e9sben, de a tanyai lakoss\u00e1g \u00f6sszetartoz\u00e1sa nem sz\u0171nt meg. A k\u00e9t vil\u00e1gh\u00e1bor\u00fa k\u00f6z\u00f6tt, majd a m\u00e1sodik vil\u00e1gh\u00e1bor\u00fa ut\u00e1n nem volt t\u00fal nagy a tagl\u00e9tsz\u00e1m, hiszen a tanyavil\u00e1gban t\u00f6bb olvas\u00f3k\u00f6r m\u0171k\u00f6d\u00f6tt k\u00f6zel egym\u00e1shoz. Az \u00f6tvenes \u00e9vekben egy tollvon\u00e1ssal felsz\u00e1molt\u00e1k ugyan az olvas\u00f3k\u00f6rt, \u00e1m val\u00f3j\u00e1ban nem siker\u00fclt eltemetni. A mozgalom tov\u00e1bb \u00e9lt. A R\u00e1kosi- \u00e9s K\u00e1d\u00e1r rendszer alatt illegalit\u00e1sban m\u0171k\u00f6dt\u00fcnk. Kital\u00e1ltuk, hogy minden \u00e9v augusztus els\u0151 vas\u00e1rnapj\u00e1n tal\u00e1lkozunk M\u00e1rt\u00e9lyon. Most m\u00e1r nyugodtan elmondhatom, \u00edgy ment ez \u00e9vr\u0151l \u00e9vre. S\u0151t, volt olyan \u00e9v is, amikor t\u00f6bbsz\u00f6r \u00f6sszej\u00f6tt\u00fcnk M\u00e1rt\u00e9lyon. Ennek hagyom\u00e1nyak\u00e9nt a rendszerv\u00e1lt\u00e1s ut\u00e1n is minden \u00e9vben megrendezz\u00fck a m\u00e1rt\u00e9lyi tal\u00e1lkoz\u00f3t. Legut\u00f3bb is k\u00f6zel sz\u00e1zan j\u00f6ttek el.<\/span><br \/>\n<span style=\"font-family: Times New Roman CE;\">\u2013\u00a0<\/span><i><span style=\"font-family: Times New Roman CE;\">Hogyan telnek napjaik?<\/span><\/i><br \/>\n<span style=\"font-family: Times New Roman CE;\">\u2013 Hivatalos \u201c\u00fajj\u00e1alakul\u00e1sunk\u201d 1987-ben els\u0151 volt a v\u00e1s\u00e1rhelyi olvas\u00f3k\u00f6r\u00f6k k\u00f6z\u00f6tt, \u00fagy tudom, a megy\u00e9ben is. Az \u00fajraszervez\u00e9sben jelent\u0151s szerepet v\u00e1llalt M. Horv\u00e1th M\u00e1rton, olvas\u00f3k\u00f6r\u00fcnk eln\u00f6ke. Tagl\u00e9tsz\u00e1munk m\u00e1ra meghaladja a k\u00e9tsz\u00e1zat. Az id\u00e9n t\u00f6bb mint h\u00faszan csatlakoztak hozz\u00e1nk. Aminek k\u00fcl\u00f6n is \u00f6r\u00fclhet\u00fcnk, j\u00f6nnek a fiatalok. Igaz a tanyavil\u00e1g eln\u00e9ptelened\u00e9se, a v\u00e1rosba k\u00f6lt\u00f6z\u00e9sek miatt tags\u00e1gunknak csup\u00e1n 30-40 sz\u00e1zal\u00e9ka tanyasi lakos, viszont az elk\u00f6lt\u00f6z\u00f6ttek nem hagyt\u00e1k itt az olvas\u00f3k\u00f6rt. Tags\u00e1gukat megtartva rendszeresen r\u00e9szt vesznek a k\u00f6z\u00f6s munk\u00e1ban \u00e9s az \u00f6sszej\u00f6veteleken. Sz\u00e9kkutas \u00e9s V\u00e1s\u00e1rhely k\u00f6zels\u00e9ge j\u00f3 lehet\u0151s\u00e9get ad az ottani m\u0171vel\u0151d\u00e9si k\u00f6zpontokkal val\u00f3 egy\u00fcttm\u0171k\u00f6d\u00e9sre. A kutasi \u00e9nekkarosok \u00e9s citerazenekarosok egyben olvas\u00f3k\u00f6r\u00fcnknek is tagjai. Ha csak tehetik, \u00e9vente ak\u00e1r t\u00f6bbsz\u00f6r fell\u00e9pnek itt, S\u00f3shalmon.<\/span><br \/>\n<span style=\"font-family: Times New Roman CE;\">\u2013\u00a0<\/span><i><span style=\"font-family: Times New Roman CE;\">Milyen programokat szerveznek?<\/span><\/i><br \/>\n<span style=\"font-family: Times New Roman CE;\">\u2013 Ny\u00e1ron kir\u00e1ndul\u00e1sokat tesz\u00fcnk az orsz\u00e1g t\u00e1volabbi r\u00e9szeibe. Nem az\u00e9rt, hogy ne legy\u00fcnk itthon, hanem, hogy megismerj\u00fck m\u00e1s vid\u00e9kek lak\u00f3it, haz\u00e1nk t\u00e1jait, nevezetess\u00e9geit, t\u00f6rt\u00e9nelmi vid\u00e9keinket. Az ott \u00e9l\u0151 emberek kult\u00far\u00e1j\u00e1t \u00e9s hagyom\u00e1nyait. A m\u00e1r eml\u00edtett m\u00e1rt\u00e9lyi tal\u00e1lkoz\u00f3t minden \u00e9vben megrendezz\u00fck. A tanul\u00e1s, \u00f6nk\u00e9pz\u00e9s \u00e9s ismeretterjeszt\u0151 el\u0151ad\u00e1sok ideje az \u0151szi, t\u00e9li h\u00f3napokra esik. Ilyenkor t\u00f6bb t\u00e9m\u00e1ban szakembereket h\u00edvunk meg egy-egy el\u0151ad\u00e1sra. csup\u00e1n n\u00e9h\u00e1ny t\u00e9m\u00e1t: kert\u00e9szet, n\u00f6v\u00e9nytermeszt\u00e9s, \u00e1llatteny\u00e9szt\u00e9s, irodalom. Rendezt\u00fcnk m\u00e1r irodalmi estet, n\u00f3taestet \u2013 \u00e9s m\u00e9g sorolhatn\u00e1m. A V\u00e1s\u00e1rhelyi \u0150szi T\u00e1rlat ideje alatt olvas\u00f3k\u00f6r\u00fcnkben is bemutatjuk n\u00e9h\u00e1ny m\u0171v\u00e9sz alkot\u00e1sait. T\u00f6bb helyi \u00e9s k\u00f6rny\u00e9kbeli m\u0171v\u00e9sznek biztos\u00edtottunk ki\u00e1ll\u00edt\u00e1si lehet\u0151s\u00e9get, akik \u00f6r\u00f6mmel \u00e9ltek a lehet\u0151s\u00e9ggel. J\u00f3 a kapcsolatunk a N\u00e9meth L\u00e1szl\u00f3 V\u00e1rosi K\u00f6nyvt\u00e1rral. Kihelyezett \u201cmini\u201d k\u00f6nyvt\u00e1rat m\u0171k\u00f6dtet\u00fcnk. Minden szerd\u00e1n k\u00f6z\u00f6s besz\u00e9lget\u00e9sre j\u00f6v\u00fcnk \u00f6ssze, itt pr\u00f3b\u00e1l a citerazenekar. N\u00e9pszer\u0171ek, l\u00e1togatottak ezek az est\u00e9k. Term\u00e9szetesen itt \u00fcnnepelj\u00fck egy\u00fctt a nemzeti \u00fcnnepeinket is. \u00dagy tapasztalom, az ut\u00f3bbi id\u0151ben n\u0151 az \u00e9rdekl\u0151d\u00e9s programjaink ir\u00e1nt, a tags\u00e1g gyarapszik.<\/span><\/p>\n","protected":false},"excerpt":{"rendered":"<p>Id\u00e9n \u00fcnnepli megalakul\u00e1s\u00e1nak 100. \u00e9vfordul\u00f3j\u00e1t a S\u00f3shalmi Olvas\u00f3k\u00f6r. Az \u00fcnnepi megeml\u00e9kez\u00e9sre val\u00f3sz\u00edn\u0171leg \u0151sszel ker\u00fclhet sor, hiszen a tags\u00e1g z\u00f6m\u00e9t a H\u00f3dmez\u0151v\u00e1s\u00e1rhely \u00e9s Sz\u00e9kkutas k\u00f6z\u00f6tt elhelyezked\u0151 tanyavil\u00e1g lakoss\u00e1ga adja.<\/p>\n","protected":false},"author":498,"featured_media":0,"comment_status":"open","ping_status":"open","sticky":false,"template":"","format":"standard","meta":{"_acf_changed":false,"footnotes":""},"categories":[361,8,7],"tags":[],"coauthors":[663],"class_list":["post-5226","post","type-post","status-publish","format-standard","hentry","category-parola-1995-5","category-parola-folyoirat","category-repertorium"],"acf":[],"yoast_head":"<!-- This site is optimized with the Yoast SEO plugin v26.7 - https:\/\/yoast.com\/wordpress\/plugins\/seo\/ -->\n<title>Szerd\u00e1k, vas\u00e1rnapok - Parola Foly\u00f3irat<\/title>\n<meta name=\"robots\" content=\"index, follow, max-snippet:-1, max-image-preview:large, max-video-preview:-1\" \/>\n<link rel=\"canonical\" href=\"https:\/\/kofe.hu\/parola\/parola-folyoirat\/szerdak-vasarnapok\/\" \/>\n<meta property=\"og:locale\" content=\"hu_HU\" \/>\n<meta property=\"og:type\" content=\"article\" \/>\n<meta property=\"og:title\" content=\"Szerd\u00e1k, vas\u00e1rnapok - Parola Foly\u00f3irat\" \/>\n<meta property=\"og:description\" content=\"Id\u00e9n \u00fcnnepli megalakul\u00e1s\u00e1nak 100. \u00e9vfordul\u00f3j\u00e1t a S\u00f3shalmi Olvas\u00f3k\u00f6r. Az \u00fcnnepi megeml\u00e9kez\u00e9sre val\u00f3sz\u00edn\u0171leg \u0151sszel ker\u00fclhet sor, hiszen a tags\u00e1g z\u00f6m\u00e9t a H\u00f3dmez\u0151v\u00e1s\u00e1rhely \u00e9s Sz\u00e9kkutas k\u00f6z\u00f6tt elhelyezked\u0151 tanyavil\u00e1g lakoss\u00e1ga adja.\" \/>\n<meta property=\"og:url\" content=\"https:\/\/kofe.hu\/parola\/parola-folyoirat\/szerdak-vasarnapok\/\" \/>\n<meta property=\"og:site_name\" content=\"Parola Foly\u00f3irat\" \/>\n<meta property=\"article:published_time\" content=\"2020-08-04T13:10:18+00:00\" \/>\n<meta name=\"author\" content=\"Hegyi M\u00e1rton\" \/>\n<meta name=\"twitter:card\" content=\"summary_large_image\" \/>\n<meta name=\"twitter:label1\" content=\"Szerz\u0151:\" \/>\n\t<meta name=\"twitter:data1\" content=\"Hegyi M\u00e1rton\" \/>\n\t<meta name=\"twitter:label2\" content=\"Becs\u00fclt olvas\u00e1si id\u0151\" \/>\n\t<meta name=\"twitter:data2\" content=\"4 perc\" \/>\n\t<meta name=\"twitter:label3\" content=\"Written by\" \/>\n\t<meta name=\"twitter:data3\" content=\"Hegyi M\u00e1rton\" \/>\n<script type=\"application\/ld+json\" class=\"yoast-schema-graph\">{\"@context\":\"https:\/\/schema.org\",\"@graph\":[{\"@type\":\"Article\",\"@id\":\"https:\/\/kofe.hu\/parola\/parola-folyoirat\/szerdak-vasarnapok\/#article\",\"isPartOf\":{\"@id\":\"https:\/\/kofe.hu\/parola\/parola-folyoirat\/szerdak-vasarnapok\/\"},\"author\":{\"name\":\"Hegyi M\u00e1rton\",\"@id\":\"https:\/\/kofe.hu\/parola\/#\/schema\/person\/86d94b3c5a63e65ebb3c11b6e30694c0\"},\"headline\":\"Szerd\u00e1k, vas\u00e1rnapok\",\"datePublished\":\"2020-08-04T13:10:18+00:00\",\"mainEntityOfPage\":{\"@id\":\"https:\/\/kofe.hu\/parola\/parola-folyoirat\/szerdak-vasarnapok\/\"},\"wordCount\":822,\"commentCount\":0,\"articleSection\":[\"Parola 1995\/5\",\"Parola Foly\u00f3irat\",\"Repert\u00f3rium\"],\"inLanguage\":\"hu\",\"potentialAction\":[{\"@type\":\"CommentAction\",\"name\":\"Comment\",\"target\":[\"https:\/\/kofe.hu\/parola\/parola-folyoirat\/szerdak-vasarnapok\/#respond\"]}]},{\"@type\":\"WebPage\",\"@id\":\"https:\/\/kofe.hu\/parola\/parola-folyoirat\/szerdak-vasarnapok\/\",\"url\":\"https:\/\/kofe.hu\/parola\/parola-folyoirat\/szerdak-vasarnapok\/\",\"name\":\"Szerd\u00e1k, vas\u00e1rnapok - Parola Foly\u00f3irat\",\"isPartOf\":{\"@id\":\"https:\/\/kofe.hu\/parola\/#website\"},\"datePublished\":\"2020-08-04T13:10:18+00:00\",\"author\":{\"@id\":\"https:\/\/kofe.hu\/parola\/#\/schema\/person\/86d94b3c5a63e65ebb3c11b6e30694c0\"},\"breadcrumb\":{\"@id\":\"https:\/\/kofe.hu\/parola\/parola-folyoirat\/szerdak-vasarnapok\/#breadcrumb\"},\"inLanguage\":\"hu\",\"potentialAction\":[{\"@type\":\"ReadAction\",\"target\":[\"https:\/\/kofe.hu\/parola\/parola-folyoirat\/szerdak-vasarnapok\/\"]}]},{\"@type\":\"BreadcrumbList\",\"@id\":\"https:\/\/kofe.hu\/parola\/parola-folyoirat\/szerdak-vasarnapok\/#breadcrumb\",\"itemListElement\":[{\"@type\":\"ListItem\",\"position\":1,\"name\":\"Home\",\"item\":\"https:\/\/kofe.hu\/parola\/\"},{\"@type\":\"ListItem\",\"position\":2,\"name\":\"Szerd\u00e1k, vas\u00e1rnapok\"}]},{\"@type\":\"WebSite\",\"@id\":\"https:\/\/kofe.hu\/parola\/#website\",\"url\":\"https:\/\/kofe.hu\/parola\/\",\"name\":\"Parola Foly\u00f3irat\",\"description\":\"\",\"potentialAction\":[{\"@type\":\"SearchAction\",\"target\":{\"@type\":\"EntryPoint\",\"urlTemplate\":\"https:\/\/kofe.hu\/parola\/?s={search_term_string}\"},\"query-input\":{\"@type\":\"PropertyValueSpecification\",\"valueRequired\":true,\"valueName\":\"search_term_string\"}}],\"inLanguage\":\"hu\"},{\"@type\":\"Person\",\"@id\":\"https:\/\/kofe.hu\/parola\/#\/schema\/person\/86d94b3c5a63e65ebb3c11b6e30694c0\",\"name\":\"Hegyi M\u00e1rton\",\"image\":{\"@type\":\"ImageObject\",\"inLanguage\":\"hu\",\"@id\":\"https:\/\/kofe.hu\/parola\/#\/schema\/person\/image\/0f248448b1ef60e93ed8aa225c505214\",\"url\":\"https:\/\/secure.gravatar.com\/avatar\/eda62c5abd4b7b6226581e1033719a446c0748f785a507d6dc057e790bccf019?s=96&d=mm&r=g\",\"contentUrl\":\"https:\/\/secure.gravatar.com\/avatar\/eda62c5abd4b7b6226581e1033719a446c0748f785a507d6dc057e790bccf019?s=96&d=mm&r=g\",\"caption\":\"Hegyi M\u00e1rton\"},\"url\":\"https:\/\/kofe.hu\/parola\/szerzok\/hegyi-marton\/\"}]}<\/script>\n<!-- \/ Yoast SEO plugin. -->","yoast_head_json":{"title":"Szerd\u00e1k, vas\u00e1rnapok - Parola Foly\u00f3irat","robots":{"index":"index","follow":"follow","max-snippet":"max-snippet:-1","max-image-preview":"max-image-preview:large","max-video-preview":"max-video-preview:-1"},"canonical":"https:\/\/kofe.hu\/parola\/parola-folyoirat\/szerdak-vasarnapok\/","og_locale":"hu_HU","og_type":"article","og_title":"Szerd\u00e1k, vas\u00e1rnapok - Parola Foly\u00f3irat","og_description":"Id\u00e9n \u00fcnnepli megalakul\u00e1s\u00e1nak 100. \u00e9vfordul\u00f3j\u00e1t a S\u00f3shalmi Olvas\u00f3k\u00f6r. Az \u00fcnnepi megeml\u00e9kez\u00e9sre val\u00f3sz\u00edn\u0171leg \u0151sszel ker\u00fclhet sor, hiszen a tags\u00e1g z\u00f6m\u00e9t a H\u00f3dmez\u0151v\u00e1s\u00e1rhely \u00e9s Sz\u00e9kkutas k\u00f6z\u00f6tt elhelyezked\u0151 tanyavil\u00e1g lakoss\u00e1ga adja.","og_url":"https:\/\/kofe.hu\/parola\/parola-folyoirat\/szerdak-vasarnapok\/","og_site_name":"Parola Foly\u00f3irat","article_published_time":"2020-08-04T13:10:18+00:00","author":"Hegyi M\u00e1rton","twitter_card":"summary_large_image","twitter_misc":{"Szerz\u0151:":"Hegyi M\u00e1rton","Becs\u00fclt olvas\u00e1si id\u0151":"4 perc","Written by":"Hegyi M\u00e1rton"},"schema":{"@context":"https:\/\/schema.org","@graph":[{"@type":"Article","@id":"https:\/\/kofe.hu\/parola\/parola-folyoirat\/szerdak-vasarnapok\/#article","isPartOf":{"@id":"https:\/\/kofe.hu\/parola\/parola-folyoirat\/szerdak-vasarnapok\/"},"author":{"name":"Hegyi M\u00e1rton","@id":"https:\/\/kofe.hu\/parola\/#\/schema\/person\/86d94b3c5a63e65ebb3c11b6e30694c0"},"headline":"Szerd\u00e1k, vas\u00e1rnapok","datePublished":"2020-08-04T13:10:18+00:00","mainEntityOfPage":{"@id":"https:\/\/kofe.hu\/parola\/parola-folyoirat\/szerdak-vasarnapok\/"},"wordCount":822,"commentCount":0,"articleSection":["Parola 1995\/5","Parola Foly\u00f3irat","Repert\u00f3rium"],"inLanguage":"hu","potentialAction":[{"@type":"CommentAction","name":"Comment","target":["https:\/\/kofe.hu\/parola\/parola-folyoirat\/szerdak-vasarnapok\/#respond"]}]},{"@type":"WebPage","@id":"https:\/\/kofe.hu\/parola\/parola-folyoirat\/szerdak-vasarnapok\/","url":"https:\/\/kofe.hu\/parola\/parola-folyoirat\/szerdak-vasarnapok\/","name":"Szerd\u00e1k, vas\u00e1rnapok - Parola Foly\u00f3irat","isPartOf":{"@id":"https:\/\/kofe.hu\/parola\/#website"},"datePublished":"2020-08-04T13:10:18+00:00","author":{"@id":"https:\/\/kofe.hu\/parola\/#\/schema\/person\/86d94b3c5a63e65ebb3c11b6e30694c0"},"breadcrumb":{"@id":"https:\/\/kofe.hu\/parola\/parola-folyoirat\/szerdak-vasarnapok\/#breadcrumb"},"inLanguage":"hu","potentialAction":[{"@type":"ReadAction","target":["https:\/\/kofe.hu\/parola\/parola-folyoirat\/szerdak-vasarnapok\/"]}]},{"@type":"BreadcrumbList","@id":"https:\/\/kofe.hu\/parola\/parola-folyoirat\/szerdak-vasarnapok\/#breadcrumb","itemListElement":[{"@type":"ListItem","position":1,"name":"Home","item":"https:\/\/kofe.hu\/parola\/"},{"@type":"ListItem","position":2,"name":"Szerd\u00e1k, vas\u00e1rnapok"}]},{"@type":"WebSite","@id":"https:\/\/kofe.hu\/parola\/#website","url":"https:\/\/kofe.hu\/parola\/","name":"Parola Foly\u00f3irat","description":"","potentialAction":[{"@type":"SearchAction","target":{"@type":"EntryPoint","urlTemplate":"https:\/\/kofe.hu\/parola\/?s={search_term_string}"},"query-input":{"@type":"PropertyValueSpecification","valueRequired":true,"valueName":"search_term_string"}}],"inLanguage":"hu"},{"@type":"Person","@id":"https:\/\/kofe.hu\/parola\/#\/schema\/person\/86d94b3c5a63e65ebb3c11b6e30694c0","name":"Hegyi M\u00e1rton","image":{"@type":"ImageObject","inLanguage":"hu","@id":"https:\/\/kofe.hu\/parola\/#\/schema\/person\/image\/0f248448b1ef60e93ed8aa225c505214","url":"https:\/\/secure.gravatar.com\/avatar\/eda62c5abd4b7b6226581e1033719a446c0748f785a507d6dc057e790bccf019?s=96&d=mm&r=g","contentUrl":"https:\/\/secure.gravatar.com\/avatar\/eda62c5abd4b7b6226581e1033719a446c0748f785a507d6dc057e790bccf019?s=96&d=mm&r=g","caption":"Hegyi M\u00e1rton"},"url":"https:\/\/kofe.hu\/parola\/szerzok\/hegyi-marton\/"}]}},"_links":{"self":[{"href":"https:\/\/kofe.hu\/parola\/wp-json\/wp\/v2\/posts\/5226","targetHints":{"allow":["GET"]}}],"collection":[{"href":"https:\/\/kofe.hu\/parola\/wp-json\/wp\/v2\/posts"}],"about":[{"href":"https:\/\/kofe.hu\/parola\/wp-json\/wp\/v2\/types\/post"}],"author":[{"embeddable":true,"href":"https:\/\/kofe.hu\/parola\/wp-json\/wp\/v2\/users\/498"}],"replies":[{"embeddable":true,"href":"https:\/\/kofe.hu\/parola\/wp-json\/wp\/v2\/comments?post=5226"}],"version-history":[{"count":1,"href":"https:\/\/kofe.hu\/parola\/wp-json\/wp\/v2\/posts\/5226\/revisions"}],"predecessor-version":[{"id":5227,"href":"https:\/\/kofe.hu\/parola\/wp-json\/wp\/v2\/posts\/5226\/revisions\/5227"}],"wp:attachment":[{"href":"https:\/\/kofe.hu\/parola\/wp-json\/wp\/v2\/media?parent=5226"}],"wp:term":[{"taxonomy":"category","embeddable":true,"href":"https:\/\/kofe.hu\/parola\/wp-json\/wp\/v2\/categories?post=5226"},{"taxonomy":"post_tag","embeddable":true,"href":"https:\/\/kofe.hu\/parola\/wp-json\/wp\/v2\/tags?post=5226"},{"taxonomy":"author","embeddable":true,"href":"https:\/\/kofe.hu\/parola\/wp-json\/wp\/v2\/coauthors?post=5226"}],"curies":[{"name":"wp","href":"https:\/\/api.w.org\/{rel}","templated":true}]}}