{"id":5224,"date":"2020-08-04T13:08:52","date_gmt":"2020-08-04T13:08:52","guid":{"rendered":"https:\/\/kofe.hu\/parola\/?p=5224"},"modified":"2020-08-04T13:08:52","modified_gmt":"2020-08-04T13:08:52","slug":"a-civil-egyesuletek-es-tarsaskorok-nyugat-magyarorszagi-randevuja-1995-nov-11-12","status":"publish","type":"post","link":"https:\/\/kofe.hu\/parola\/parola-folyoirat\/a-civil-egyesuletek-es-tarsaskorok-nyugat-magyarorszagi-randevuja-1995-nov-11-12\/","title":{"rendered":"A Civil egyes\u00fcletek \u00e9s t\u00e1rsask\u00f6r\u00f6k nyugat-magyarorsz\u00e1gi randev\u00faja 1995. nov. 11-12."},"content":{"rendered":"<p style=\"text-align: justify;\"><span style=\"font-family: Times New Roman CE;\">&#8222;A CET sok\u00e1ig a felsz\u00edn alatt tart\u00f3zkodik, nagyritk\u00e1n el\u0151bukkan, megmutatja hatalmas h\u00e1t\u00e1t \u00e9s ism\u00e9t al\u00e1mer\u00fcl&#8230;&#8221; \u00cdgy esik ez meg a cet nev\u00e9t visel\u0151 szervezettel, vagy ink\u00e1bb mozgalommal is imm\u00e1r harmadik \u00e9ve. A Budapestr\u0151l 1992-ben indult t\u00e1rsask\u00f6ri mozgalom nem akart m\u00e1st, mint kapcsolatot teremteni, inform\u00e1ci\u00f3t cser\u00e9lni a sok tekintetben hasonl\u00f3 helyzetben l\u00e9v\u0151 civil szervezetek k\u00f6z\u00f6tt.<\/span><\/p>\n<p><!--more--><\/p>\n<p style=\"text-align: justify;\"><span style=\"font-family: Times New Roman CE;\"> Saj\u00e1toss\u00e1gk\u00e9nt tal\u00e1n azt lehetne mondani kezdem\u00e9nyez\u0151ir\u0151l, hogy a t\u00e1rsas egy\u00fcttl\u00e9t fontoss\u00e1g\u00e1t hangs\u00falyozz\u00e1k, a &#8222;kir\u00e1lyi k\u00f6z\u00e9rzet\u201d el\u00e9r\u00e9s\u00e9t-megtart\u00e1s\u00e1t tekintik a bar\u00e1ti egy\u00fcttl\u00e9tek legf\u0151bb \u00e9rt\u00e9k\u00e9nek. S emellett persze a toleranci\u00e1t, az egym\u00e1s becs\u00fcl\u00e9s\u00e9t, a m\u00e1sok c\u00e9ljainak tiszteletben tart\u00e1s\u00e1t, a szolidarit\u00e1st. Nem akarnak \u00e9rdekeket k\u00e9pvisel\u0151 sz\u00f6vets\u00e9g, civil parlament lenni, csup\u00e1n egym\u00e1sra figyelve akarj\u00e1k megoldani mindazokat a probl\u00e9m\u00e1kat, melyek egyar\u00e1nt \u00e9rintenek szinte mindenkit a civil szf\u00e9r\u00e1ban. A h\u00e1rom \u00e9ve asztalt\u00e1rsas\u00e1gk\u00e9nt indul\u00f3 mozgalom ma m\u00e1r jelent\u0151sen kisz\u00e9lesedett. Ezt igazolta az a tal\u00e1lkoz\u00f3, melyet &#8211; hagyom\u00e1nyosan minden \u00e9vben J\u00f3n\u00e1s napj\u00e1hoz kapcsolva &#8211; id\u00e9n Gy\u0151rv\u00e1ron rendezett a CET. H\u00e1zigazd\u00e1ja a Faluh\u00e1z Bar\u00e1ti K\u00f6r \u00e9s a Vas Megyei K\u00f6z\u00f6ss\u00e9gszolg\u00e1lat volt.<\/span><br \/>\n<span style=\"font-family: Times New Roman CE;\">Hajd\u00fa-Bihar, Csongr\u00e1d, Fej\u00e9r, Somogy, Zala \u00e9s Vas megy\u00e9kb\u0151l, valamint Budapestr\u0151l mintegy 60 r\u00e9sztvev\u0151 \u00e9rkezett &#8211; valamennyien egy-egy kisebb-nagyobb civil szervezet k\u00e9pviselet\u00e9ben. A k\u00e9pviselt t\u00e1rsask\u00f6r\u00f6k rendk\u00edv\u00fcl tarka k\u00e9pet mutattak: volt k\u00f6zt\u00fck helyi \u00fajs\u00e1g szerkeszt\u0151s\u00e9ge, falusz\u00e9p\u00edt\u0151 k\u00f6r, telep\u00fcl\u00e9sfejleszt\u0151 k\u00f6z\u00f6ss\u00e9g, gyermek\u00f6nkorm\u00e1nyzat. Tal\u00e1lkoz\u00e1suk menet\u00e9t 4 t\u00e9mak\u00f6r k\u00f6r\u00e9 szervezett besz\u00e9lget\u00e9sek adt\u00e1k.<\/span><br \/>\n<span style=\"font-family: Times New Roman CE;\">E t\u00e9m\u00e1k mindegyike egy-egy szelet\u00e9t \u00f6lelte \u00e1t a civil t\u00e1rsadalom \u00e9p\u00edtkez\u0151 folyamat\u00e1nak.<\/span><br \/>\n<i><span style=\"font-family: Times New Roman CE;\">&#8222;Int\u00e9zm\u00e9nyek t\u00e1rsadalmas\u00edt\u00e1sa&#8221;\u00a0<\/span><\/i><span style=\"font-family: Times New Roman CE;\">c\u00edmet viselte a legt\u00f6bb \u00e9rdekl\u0151d\u0151t vonz\u00f3 t\u00e9ma. A besz\u00e9lget\u00e9sb\u0151l kider\u00fclt: nem felt\u00e9tlen\u00fcl \u00fczemeltet\u0151i szeretn\u00e9nek lenni a civil szervezetek a k\u00f6zint\u00e9zm\u00e9nyeknek, csup\u00e1n a jogos birtokbav\u00e9tel k\u00fcl\u00f6nb\u00f6z\u0151 lehet\u0151s\u00e9g\u00e9vel k\u00edv\u00e1nnak \u00e9lni saj\u00e1t telep\u00fcl\u00e9s\u00fck\u00f6n, Ugyanakkor persze volt mit tanulni \u00e9pp a gy\u0151rv\u00e1riak p\u00e9ld\u00e1j\u00e1n: mennyi buktat\u00f3t rejt mag\u00e1ban, s milyen sok eredm\u00e9nyt hozhat az a gyakorlat, ami ebben a faluban gy\u00f6keret verni l\u00e1tszik.<\/span><br \/>\n<i><span style=\"font-family: Times New Roman CE;\">&#8222;Gyermekek a demokr\u00e1ci\u00e1ban &#8211; demokr\u00e1cia a gyermekek \u00e1ltal&#8221;. A\u00a0<\/span><\/i><span style=\"font-family: Times New Roman CE;\">c\u00edm francia mint\u00e1ra haz\u00e1nkban is meggy\u00f6keresed\u0151 gyermek\u00f6nkorm\u00e1nyzatok tapasztalatainak megismer\u00e9s\u00e9t rejti. J\u00f3 leck\u00e9t kaptunk mi feln\u0151ttek azokt\u00f3l a gyerekekt\u0151l, kik saj\u00e1t telep\u00fcl\u00e9s\u00fck, vagy iskol\u00e1juk k\u00e9pvisel\u0151ik\u00e9nt vallottak a demokr\u00e1ci\u00e1r\u00f3l, mes\u00e9ltek a napi gyakorlat apr\u00f3 r\u00e9szleteir\u0151l. Leny\u0171g\u00f6z\u0151 \u00e9lm\u00e9nyt, sz\u00e1momra irigys\u00e9get is jelentett a vel\u00fck val\u00f3 tal\u00e1lkoz\u00e1s. S szerepl\u00e9s\u00fckkel bizony\u00edtott\u00e1k: meg lehet \u00e9s meg is kell tanulni saj\u00e1t b\u0151r\u00fcnk\u00f6n a demokr\u00e1ci\u00e1t, s ak\u00e1rmilyen rossz mint\u00e1kat l\u00e1tunk magunk k\u00f6r\u00fcl, \u00e1tseg\u00edthet ezen a naiv j\u00f3akarat, a tiszt\u00e1nl\u00e1t\u00e1s element\u00e1ris ig\u00e9nye. Az ott megsz\u00f3lal\u00f3 gyermekek saj\u00e1t sorsukkal igazolj\u00e1k ezt.<\/span><br \/>\n<i><span style=\"font-family: Times New Roman CE;\">&#8222;Helyi nyilv\u00e1noss\u00e1g &#8211; t\u00e9rs\u00e9gi egy\u00fcttgondolkod\u00e1s\u201d:\u00a0<\/span><\/i><span style=\"font-family: Times New Roman CE;\">Az egyik a demokr\u00e1cia sz\u00fcks\u00e9ges velej\u00e1r\u00f3jak\u00e9nt, a m\u00e1sik az el\u0151bbi eredm\u00e9nyek\u00e9nt kapott hangs\u00falyt az eszmecser\u00e9n. Elhangzottak praktikus tan\u00e1csok a &#8222;lapcsin\u00e1l\u00e1s&#8221; mindennapjaib\u00f3l, s kialakult a k\u00e9p arr\u00f3l is, hogy mi minden szolg\u00e1lhatja a nyilv\u00e1noss\u00e1g k\u00f6telez\u0151 jelenl\u00e9t\u00e9t egy telep\u00fcl\u00e9sen. &#8222;Vannak-e m\u00e9g kispadok?&#8221; k\u00e9rdezte valaki, s v\u00e1laszk\u00e9nt a k\u00e1bel TV, aut\u00f3ra (vagy \u00e9pp csacsifogatra) szerelt hangosbemond\u00f3 &#8211; no \u00e9s persze a technika megannyi csod\u00e1ja &#8211; adta meg a v\u00e1laszt. Minden j\u00f3 lehet valamire, csak tudni kell: &#8222;mire legyen j\u00f3&#8221;.<\/span><br \/>\n<span style=\"font-family: Times New Roman CE;\">A negyedik t\u00e9ma maga a &#8222;CET&#8217;. Mint r\u00f6vid\u00edt\u00e9s, jelenthet \u00e9ppen m\u00e1st is:\u00a0<\/span><i><span style=\"font-family: Times New Roman CE;\">&#8222;Civil Er\u0151forr\u00e1sfejleszt\u0151\u00a0<\/span><\/i><span style=\"font-family: Times New Roman CE;\">T\u00e1rsas\u00e1g&#8221; n\u00e9ven \u00e9s feladattal egy \u00fajfajta finansz\u00edroz\u00e1si rendszer k\u00e9pe bontakozott ki el\u0151tt\u00fcnk. A fundraising (forr\u00e1skeres\u00e9s, vagy &#8222;tal\u00e1l\u00e1s&#8221;) mer\u0151ben \u00faj v\u00e1lfaj\u00e1val ismerkedhett\u00fcnk meg. L\u00e9nyege: a civil szektorban tev\u00e9kenyked\u0151k bebizony\u00edthatj\u00e1k, hogy munk\u00e1juk anyagiakban is kifejezhet\u0151 \u00e9rt\u00e9ket k\u00e9pvisel, ugyanakkor a potenci\u00e1lis t\u00e1mogat\u00f3k megtal\u00e1l\u00e1s\u00e1val megsokszorozhatj\u00e1k azt a forr\u00e1st, ami k\u00f6zc\u00e9l\u00fa m\u0171k\u00f6d\u00e9s\u00fck anyagi alapja lehet. Mintak\u00e9nt a tengerent\u00falon bev\u00e1lt &#8222;k\u00f6z\u00f6ss\u00e9gi alap\u00edtv\u00e1ny szervezete szolg\u00e1lhat, ami a n\u00e1lunk ismert mag\u00e1n- \u00e9s k\u00f6zalap\u00edtv\u00e1nyi forma el\u0151nyeit egyes\u00edti. Mindezek\u00e9rt cser\u00e9be tart\u00f3s, biztos anyagi h\u00e1tteret \u00edg\u00e9r a konstrukci\u00f3. \u00c9rdemes lenne behat\u00f3bban foglalkozni vele.<\/span><br \/>\n<span style=\"font-family: Times New Roman CE;\">A m\u00e1sf\u00e9l napos egy\u00fcttl\u00e9t k\u00edn\u00e1lt persze vid\u00e1m pillanatokat is. A h\u00e1zigazd\u00e1k kitettek maguk\u00e9rt &#8211; a k\u00f6rny\u00e9ken j\u00f3l ismert gy\u0151rv\u00e1ri vend\u00e9gszeretet ez\u00fattal is bar\u00e1tokat szerzett Vas megy\u00e9nek. A m\u00e1sodik napon egy\u00fctt elk\u00f6lt\u00f6tt eb\u00e9d ut\u00e1n meg\u00e1llapodtak a r\u00e9sztvev\u0151k a k\u00f6vetkez\u0151 Kaszin\u00f3 szervez\u00e9s\u00e9ben, s n\u00e9h\u00e1ny fontos tennival\u00f3ban is, mely el\u0151tt\u00fck \u00e1ll. \u00c9rz\u00e9keny-vid\u00e1m b\u00facs\u00fa k\u00f6vetkezett, a vend\u00e9gek a sz\u00e9lr\u00f3zsa minden ir\u00e1ny\u00e1ban indultak \u00fatnak&#8230; s a CET \u00faszik tov\u00e1bb, hogy legk\u00f6zelebb Csurg\u00f3n, vagy Debrecenben bukkanjon ism\u00e9t a felsz\u00ednre J\u00f3n\u00e1s nap t\u00e1j\u00e9k\u00e1n.<\/span><br \/>\n<span style=\"font-family: Times New Roman CE;\">Tov\u00e1bbi Inform\u00e1ci\u00f3k, kapcsol\u00f3d\u00e1si lehet\u0151s\u00e9g: CET Civil Egyes\u00fcletek T\u00e1rsask\u00f6r\u00f6k Koordin\u00e1ci\u00f3ja, 1121 Budapest, Holl\u00f3s \u00fat 5. Fax: 175-4203.<\/span><\/p>\n","protected":false},"excerpt":{"rendered":"<p>&#8222;A CET sok\u00e1ig a felsz\u00edn alatt tart\u00f3zkodik, nagyritk\u00e1n el\u0151bukkan, megmutatja hatalmas h\u00e1t\u00e1t \u00e9s ism\u00e9t al\u00e1mer\u00fcl&#8230;&#8221; \u00cdgy esik ez meg a cet nev\u00e9t visel\u0151 szervezettel, vagy ink\u00e1bb mozgalommal is imm\u00e1r harmadik \u00e9ve. A Budapestr\u0151l 1992-ben indult t\u00e1rsask\u00f6ri mozgalom nem akart m\u00e1st, mint kapcsolatot teremteni, inform\u00e1ci\u00f3t cser\u00e9lni a sok tekintetben hasonl\u00f3 helyzetben l\u00e9v\u0151 civil szervezetek k\u00f6z\u00f6tt.<\/p>\n","protected":false},"author":279,"featured_media":0,"comment_status":"open","ping_status":"open","sticky":false,"template":"","format":"standard","meta":{"_acf_changed":false,"footnotes":""},"categories":[361,8,7],"tags":[],"coauthors":[343],"class_list":["post-5224","post","type-post","status-publish","format-standard","hentry","category-parola-1995-5","category-parola-folyoirat","category-repertorium"],"acf":[],"yoast_head":"<!-- This site is optimized with the Yoast SEO plugin v26.7 - https:\/\/yoast.com\/wordpress\/plugins\/seo\/ -->\n<title>A Civil egyes\u00fcletek \u00e9s t\u00e1rsask\u00f6r\u00f6k nyugat-magyarorsz\u00e1gi randev\u00faja 1995. nov. 11-12. - Parola Foly\u00f3irat<\/title>\n<meta name=\"robots\" content=\"index, follow, max-snippet:-1, max-image-preview:large, max-video-preview:-1\" \/>\n<link rel=\"canonical\" href=\"https:\/\/kofe.hu\/parola\/parola-folyoirat\/a-civil-egyesuletek-es-tarsaskorok-nyugat-magyarorszagi-randevuja-1995-nov-11-12\/\" \/>\n<meta property=\"og:locale\" content=\"hu_HU\" \/>\n<meta property=\"og:type\" content=\"article\" \/>\n<meta property=\"og:title\" content=\"A Civil egyes\u00fcletek \u00e9s t\u00e1rsask\u00f6r\u00f6k nyugat-magyarorsz\u00e1gi randev\u00faja 1995. nov. 11-12. - Parola Foly\u00f3irat\" \/>\n<meta property=\"og:description\" content=\"&#8222;A CET sok\u00e1ig a felsz\u00edn alatt tart\u00f3zkodik, nagyritk\u00e1n el\u0151bukkan, megmutatja hatalmas h\u00e1t\u00e1t \u00e9s ism\u00e9t al\u00e1mer\u00fcl&#8230;&#8221; \u00cdgy esik ez meg a cet nev\u00e9t visel\u0151 szervezettel, vagy ink\u00e1bb mozgalommal is imm\u00e1r harmadik \u00e9ve. A Budapestr\u0151l 1992-ben indult t\u00e1rsask\u00f6ri mozgalom nem akart m\u00e1st, mint kapcsolatot teremteni, inform\u00e1ci\u00f3t cser\u00e9lni a sok tekintetben hasonl\u00f3 helyzetben l\u00e9v\u0151 civil szervezetek k\u00f6z\u00f6tt.\" \/>\n<meta property=\"og:url\" content=\"https:\/\/kofe.hu\/parola\/parola-folyoirat\/a-civil-egyesuletek-es-tarsaskorok-nyugat-magyarorszagi-randevuja-1995-nov-11-12\/\" \/>\n<meta property=\"og:site_name\" content=\"Parola Foly\u00f3irat\" \/>\n<meta property=\"article:published_time\" content=\"2020-08-04T13:08:52+00:00\" \/>\n<meta name=\"author\" content=\"P\u00f3sfay P\u00e9ter\" \/>\n<meta name=\"twitter:card\" content=\"summary_large_image\" \/>\n<meta name=\"twitter:label1\" content=\"Szerz\u0151:\" \/>\n\t<meta name=\"twitter:data1\" content=\"P\u00f3sfay P\u00e9ter\" \/>\n\t<meta name=\"twitter:label2\" content=\"Becs\u00fclt olvas\u00e1si id\u0151\" \/>\n\t<meta name=\"twitter:data2\" content=\"5 perc\" \/>\n\t<meta name=\"twitter:label3\" content=\"Written by\" \/>\n\t<meta name=\"twitter:data3\" content=\"P\u00f3sfay P\u00e9ter\" \/>\n<script type=\"application\/ld+json\" class=\"yoast-schema-graph\">{\"@context\":\"https:\/\/schema.org\",\"@graph\":[{\"@type\":\"Article\",\"@id\":\"https:\/\/kofe.hu\/parola\/parola-folyoirat\/a-civil-egyesuletek-es-tarsaskorok-nyugat-magyarorszagi-randevuja-1995-nov-11-12\/#article\",\"isPartOf\":{\"@id\":\"https:\/\/kofe.hu\/parola\/parola-folyoirat\/a-civil-egyesuletek-es-tarsaskorok-nyugat-magyarorszagi-randevuja-1995-nov-11-12\/\"},\"author\":{\"name\":\"P\u00f3sfay P\u00e9ter\",\"@id\":\"https:\/\/kofe.hu\/parola\/#\/schema\/person\/d7bad4b03df409a1077460df5f617521\"},\"headline\":\"A Civil egyes\u00fcletek \u00e9s t\u00e1rsask\u00f6r\u00f6k nyugat-magyarorsz\u00e1gi randev\u00faja 1995. nov. 11-12.\",\"datePublished\":\"2020-08-04T13:08:52+00:00\",\"mainEntityOfPage\":{\"@id\":\"https:\/\/kofe.hu\/parola\/parola-folyoirat\/a-civil-egyesuletek-es-tarsaskorok-nyugat-magyarorszagi-randevuja-1995-nov-11-12\/\"},\"wordCount\":1069,\"commentCount\":0,\"articleSection\":[\"Parola 1995\/5\",\"Parola Foly\u00f3irat\",\"Repert\u00f3rium\"],\"inLanguage\":\"hu\",\"potentialAction\":[{\"@type\":\"CommentAction\",\"name\":\"Comment\",\"target\":[\"https:\/\/kofe.hu\/parola\/parola-folyoirat\/a-civil-egyesuletek-es-tarsaskorok-nyugat-magyarorszagi-randevuja-1995-nov-11-12\/#respond\"]}]},{\"@type\":\"WebPage\",\"@id\":\"https:\/\/kofe.hu\/parola\/parola-folyoirat\/a-civil-egyesuletek-es-tarsaskorok-nyugat-magyarorszagi-randevuja-1995-nov-11-12\/\",\"url\":\"https:\/\/kofe.hu\/parola\/parola-folyoirat\/a-civil-egyesuletek-es-tarsaskorok-nyugat-magyarorszagi-randevuja-1995-nov-11-12\/\",\"name\":\"A Civil egyes\u00fcletek \u00e9s t\u00e1rsask\u00f6r\u00f6k nyugat-magyarorsz\u00e1gi randev\u00faja 1995. nov. 11-12. - Parola Foly\u00f3irat\",\"isPartOf\":{\"@id\":\"https:\/\/kofe.hu\/parola\/#website\"},\"datePublished\":\"2020-08-04T13:08:52+00:00\",\"author\":{\"@id\":\"https:\/\/kofe.hu\/parola\/#\/schema\/person\/d7bad4b03df409a1077460df5f617521\"},\"breadcrumb\":{\"@id\":\"https:\/\/kofe.hu\/parola\/parola-folyoirat\/a-civil-egyesuletek-es-tarsaskorok-nyugat-magyarorszagi-randevuja-1995-nov-11-12\/#breadcrumb\"},\"inLanguage\":\"hu\",\"potentialAction\":[{\"@type\":\"ReadAction\",\"target\":[\"https:\/\/kofe.hu\/parola\/parola-folyoirat\/a-civil-egyesuletek-es-tarsaskorok-nyugat-magyarorszagi-randevuja-1995-nov-11-12\/\"]}]},{\"@type\":\"BreadcrumbList\",\"@id\":\"https:\/\/kofe.hu\/parola\/parola-folyoirat\/a-civil-egyesuletek-es-tarsaskorok-nyugat-magyarorszagi-randevuja-1995-nov-11-12\/#breadcrumb\",\"itemListElement\":[{\"@type\":\"ListItem\",\"position\":1,\"name\":\"Home\",\"item\":\"https:\/\/kofe.hu\/parola\/\"},{\"@type\":\"ListItem\",\"position\":2,\"name\":\"A Civil egyes\u00fcletek \u00e9s t\u00e1rsask\u00f6r\u00f6k nyugat-magyarorsz\u00e1gi randev\u00faja 1995. nov. 11-12.\"}]},{\"@type\":\"WebSite\",\"@id\":\"https:\/\/kofe.hu\/parola\/#website\",\"url\":\"https:\/\/kofe.hu\/parola\/\",\"name\":\"Parola Foly\u00f3irat\",\"description\":\"\",\"potentialAction\":[{\"@type\":\"SearchAction\",\"target\":{\"@type\":\"EntryPoint\",\"urlTemplate\":\"https:\/\/kofe.hu\/parola\/?s={search_term_string}\"},\"query-input\":{\"@type\":\"PropertyValueSpecification\",\"valueRequired\":true,\"valueName\":\"search_term_string\"}}],\"inLanguage\":\"hu\"},{\"@type\":\"Person\",\"@id\":\"https:\/\/kofe.hu\/parola\/#\/schema\/person\/d7bad4b03df409a1077460df5f617521\",\"name\":\"P\u00f3sfay P\u00e9ter\",\"image\":{\"@type\":\"ImageObject\",\"inLanguage\":\"hu\",\"@id\":\"https:\/\/kofe.hu\/parola\/#\/schema\/person\/image\/9ba235ad15f7fd560a3f953325934951\",\"url\":\"https:\/\/secure.gravatar.com\/avatar\/95af986f93ad8c2ffb1f387e97a5fb49cb162bf751c939e48e19f50caa3b3b87?s=96&d=mm&r=g\",\"contentUrl\":\"https:\/\/secure.gravatar.com\/avatar\/95af986f93ad8c2ffb1f387e97a5fb49cb162bf751c939e48e19f50caa3b3b87?s=96&d=mm&r=g\",\"caption\":\"P\u00f3sfay P\u00e9ter\"},\"url\":\"https:\/\/kofe.hu\/parola\/szerzok\/posfay-peter\/\"}]}<\/script>\n<!-- \/ Yoast SEO plugin. -->","yoast_head_json":{"title":"A Civil egyes\u00fcletek \u00e9s t\u00e1rsask\u00f6r\u00f6k nyugat-magyarorsz\u00e1gi randev\u00faja 1995. nov. 11-12. - Parola Foly\u00f3irat","robots":{"index":"index","follow":"follow","max-snippet":"max-snippet:-1","max-image-preview":"max-image-preview:large","max-video-preview":"max-video-preview:-1"},"canonical":"https:\/\/kofe.hu\/parola\/parola-folyoirat\/a-civil-egyesuletek-es-tarsaskorok-nyugat-magyarorszagi-randevuja-1995-nov-11-12\/","og_locale":"hu_HU","og_type":"article","og_title":"A Civil egyes\u00fcletek \u00e9s t\u00e1rsask\u00f6r\u00f6k nyugat-magyarorsz\u00e1gi randev\u00faja 1995. nov. 11-12. - Parola Foly\u00f3irat","og_description":"&#8222;A CET sok\u00e1ig a felsz\u00edn alatt tart\u00f3zkodik, nagyritk\u00e1n el\u0151bukkan, megmutatja hatalmas h\u00e1t\u00e1t \u00e9s ism\u00e9t al\u00e1mer\u00fcl&#8230;&#8221; \u00cdgy esik ez meg a cet nev\u00e9t visel\u0151 szervezettel, vagy ink\u00e1bb mozgalommal is imm\u00e1r harmadik \u00e9ve. A Budapestr\u0151l 1992-ben indult t\u00e1rsask\u00f6ri mozgalom nem akart m\u00e1st, mint kapcsolatot teremteni, inform\u00e1ci\u00f3t cser\u00e9lni a sok tekintetben hasonl\u00f3 helyzetben l\u00e9v\u0151 civil szervezetek k\u00f6z\u00f6tt.","og_url":"https:\/\/kofe.hu\/parola\/parola-folyoirat\/a-civil-egyesuletek-es-tarsaskorok-nyugat-magyarorszagi-randevuja-1995-nov-11-12\/","og_site_name":"Parola Foly\u00f3irat","article_published_time":"2020-08-04T13:08:52+00:00","author":"P\u00f3sfay P\u00e9ter","twitter_card":"summary_large_image","twitter_misc":{"Szerz\u0151:":"P\u00f3sfay P\u00e9ter","Becs\u00fclt olvas\u00e1si id\u0151":"5 perc","Written by":"P\u00f3sfay P\u00e9ter"},"schema":{"@context":"https:\/\/schema.org","@graph":[{"@type":"Article","@id":"https:\/\/kofe.hu\/parola\/parola-folyoirat\/a-civil-egyesuletek-es-tarsaskorok-nyugat-magyarorszagi-randevuja-1995-nov-11-12\/#article","isPartOf":{"@id":"https:\/\/kofe.hu\/parola\/parola-folyoirat\/a-civil-egyesuletek-es-tarsaskorok-nyugat-magyarorszagi-randevuja-1995-nov-11-12\/"},"author":{"name":"P\u00f3sfay P\u00e9ter","@id":"https:\/\/kofe.hu\/parola\/#\/schema\/person\/d7bad4b03df409a1077460df5f617521"},"headline":"A Civil egyes\u00fcletek \u00e9s t\u00e1rsask\u00f6r\u00f6k nyugat-magyarorsz\u00e1gi randev\u00faja 1995. nov. 11-12.","datePublished":"2020-08-04T13:08:52+00:00","mainEntityOfPage":{"@id":"https:\/\/kofe.hu\/parola\/parola-folyoirat\/a-civil-egyesuletek-es-tarsaskorok-nyugat-magyarorszagi-randevuja-1995-nov-11-12\/"},"wordCount":1069,"commentCount":0,"articleSection":["Parola 1995\/5","Parola Foly\u00f3irat","Repert\u00f3rium"],"inLanguage":"hu","potentialAction":[{"@type":"CommentAction","name":"Comment","target":["https:\/\/kofe.hu\/parola\/parola-folyoirat\/a-civil-egyesuletek-es-tarsaskorok-nyugat-magyarorszagi-randevuja-1995-nov-11-12\/#respond"]}]},{"@type":"WebPage","@id":"https:\/\/kofe.hu\/parola\/parola-folyoirat\/a-civil-egyesuletek-es-tarsaskorok-nyugat-magyarorszagi-randevuja-1995-nov-11-12\/","url":"https:\/\/kofe.hu\/parola\/parola-folyoirat\/a-civil-egyesuletek-es-tarsaskorok-nyugat-magyarorszagi-randevuja-1995-nov-11-12\/","name":"A Civil egyes\u00fcletek \u00e9s t\u00e1rsask\u00f6r\u00f6k nyugat-magyarorsz\u00e1gi randev\u00faja 1995. nov. 11-12. - Parola Foly\u00f3irat","isPartOf":{"@id":"https:\/\/kofe.hu\/parola\/#website"},"datePublished":"2020-08-04T13:08:52+00:00","author":{"@id":"https:\/\/kofe.hu\/parola\/#\/schema\/person\/d7bad4b03df409a1077460df5f617521"},"breadcrumb":{"@id":"https:\/\/kofe.hu\/parola\/parola-folyoirat\/a-civil-egyesuletek-es-tarsaskorok-nyugat-magyarorszagi-randevuja-1995-nov-11-12\/#breadcrumb"},"inLanguage":"hu","potentialAction":[{"@type":"ReadAction","target":["https:\/\/kofe.hu\/parola\/parola-folyoirat\/a-civil-egyesuletek-es-tarsaskorok-nyugat-magyarorszagi-randevuja-1995-nov-11-12\/"]}]},{"@type":"BreadcrumbList","@id":"https:\/\/kofe.hu\/parola\/parola-folyoirat\/a-civil-egyesuletek-es-tarsaskorok-nyugat-magyarorszagi-randevuja-1995-nov-11-12\/#breadcrumb","itemListElement":[{"@type":"ListItem","position":1,"name":"Home","item":"https:\/\/kofe.hu\/parola\/"},{"@type":"ListItem","position":2,"name":"A Civil egyes\u00fcletek \u00e9s t\u00e1rsask\u00f6r\u00f6k nyugat-magyarorsz\u00e1gi randev\u00faja 1995. nov. 11-12."}]},{"@type":"WebSite","@id":"https:\/\/kofe.hu\/parola\/#website","url":"https:\/\/kofe.hu\/parola\/","name":"Parola Foly\u00f3irat","description":"","potentialAction":[{"@type":"SearchAction","target":{"@type":"EntryPoint","urlTemplate":"https:\/\/kofe.hu\/parola\/?s={search_term_string}"},"query-input":{"@type":"PropertyValueSpecification","valueRequired":true,"valueName":"search_term_string"}}],"inLanguage":"hu"},{"@type":"Person","@id":"https:\/\/kofe.hu\/parola\/#\/schema\/person\/d7bad4b03df409a1077460df5f617521","name":"P\u00f3sfay P\u00e9ter","image":{"@type":"ImageObject","inLanguage":"hu","@id":"https:\/\/kofe.hu\/parola\/#\/schema\/person\/image\/9ba235ad15f7fd560a3f953325934951","url":"https:\/\/secure.gravatar.com\/avatar\/95af986f93ad8c2ffb1f387e97a5fb49cb162bf751c939e48e19f50caa3b3b87?s=96&d=mm&r=g","contentUrl":"https:\/\/secure.gravatar.com\/avatar\/95af986f93ad8c2ffb1f387e97a5fb49cb162bf751c939e48e19f50caa3b3b87?s=96&d=mm&r=g","caption":"P\u00f3sfay P\u00e9ter"},"url":"https:\/\/kofe.hu\/parola\/szerzok\/posfay-peter\/"}]}},"_links":{"self":[{"href":"https:\/\/kofe.hu\/parola\/wp-json\/wp\/v2\/posts\/5224","targetHints":{"allow":["GET"]}}],"collection":[{"href":"https:\/\/kofe.hu\/parola\/wp-json\/wp\/v2\/posts"}],"about":[{"href":"https:\/\/kofe.hu\/parola\/wp-json\/wp\/v2\/types\/post"}],"author":[{"embeddable":true,"href":"https:\/\/kofe.hu\/parola\/wp-json\/wp\/v2\/users\/279"}],"replies":[{"embeddable":true,"href":"https:\/\/kofe.hu\/parola\/wp-json\/wp\/v2\/comments?post=5224"}],"version-history":[{"count":1,"href":"https:\/\/kofe.hu\/parola\/wp-json\/wp\/v2\/posts\/5224\/revisions"}],"predecessor-version":[{"id":5225,"href":"https:\/\/kofe.hu\/parola\/wp-json\/wp\/v2\/posts\/5224\/revisions\/5225"}],"wp:attachment":[{"href":"https:\/\/kofe.hu\/parola\/wp-json\/wp\/v2\/media?parent=5224"}],"wp:term":[{"taxonomy":"category","embeddable":true,"href":"https:\/\/kofe.hu\/parola\/wp-json\/wp\/v2\/categories?post=5224"},{"taxonomy":"post_tag","embeddable":true,"href":"https:\/\/kofe.hu\/parola\/wp-json\/wp\/v2\/tags?post=5224"},{"taxonomy":"author","embeddable":true,"href":"https:\/\/kofe.hu\/parola\/wp-json\/wp\/v2\/coauthors?post=5224"}],"curies":[{"name":"wp","href":"https:\/\/api.w.org\/{rel}","templated":true}]}}