{"id":5220,"date":"2020-08-04T13:06:01","date_gmt":"2020-08-04T13:06:01","guid":{"rendered":"https:\/\/kofe.hu\/parola\/?p=5220"},"modified":"2020-08-04T13:06:01","modified_gmt":"2020-08-04T13:06:01","slug":"rogos-ut-a-demokraciaba-avagy-angolok-burok-xhoszak-zuluk-es-szotok-foldjen","status":"publish","type":"post","link":"https:\/\/kofe.hu\/parola\/parola-folyoirat\/rogos-ut-a-demokraciaba-avagy-angolok-burok-xhoszak-zuluk-es-szotok-foldjen\/","title":{"rendered":"R\u00f6g\u00f6s \u00fat a demokr\u00e1ci\u00e1ba, avagy angolok, b\u00farok, xhosz\u00e1k, zuluk \u00e9s szotok f\u00f6ldj\u00e9n"},"content":{"rendered":"<p style=\"text-align: justify;\"><span style=\"font-family: Times New Roman CE;\">1995 november\u00e9ben kiv\u00e9telesen \u00e9rdekes utaz\u00e1son vehettem r\u00e9szt: a\u00a0<\/span><i><span style=\"font-family: Times New Roman CE;\">The Prince of Wales Business Leaders Forum\u00a0<\/span><\/i><span style=\"font-family: Times New Roman CE;\">megh\u00edv\u00e1s\u00e1ra, egy nemzetk\u00f6zi csoport tagjak\u00e9nt a D\u00e9l-Afrikai K\u00f6zt\u00e1rsas\u00e1gban j\u00e1rtam, ahol egy h\u00e9ten kereszt\u00fcl v\u00e1rosmeg\u00faj\u00edt\u00e1si \u00e9s fejleszt\u00e9si tervekkel ismerkedhett\u00fcnk Johannesburgban \u00e9s k\u00f6rny\u00e9k\u00e9n, illetve Pretori\u00e1ban. <\/span><\/p>\n<p><!--more--><\/p>\n<p style=\"text-align: justify;\"><span style=\"font-family: Times New Roman CE;\">Tal\u00e1lkoztunk egyes\u00fcleti \u00e9s alap\u00edtv\u00e1nyi vezet\u0151kkel, \u00fczletemberekkel, a johannesburgi polg\u00e1rmesterrel \u00e9s a polg\u00e1rmesteri hivatal igazgat\u00f3j\u00e1val, a tartom\u00e1nyi korm\u00e1ny egyes tagjaival, a d\u00e9l-afrikai K\u00f6z\u00f6ss\u00e9gfejleszt\u00e9si Egyes\u00fclet igazgat\u00f3j\u00e1val, nagy- \u00e9s kisv\u00e1llalkoz\u00f3kkal, a legels\u0151 fekete n\u0151vel, aki hivat\u00e1sos idegenvezet\u0151k\u00e9nt dolgozhat, gazdagokkal \u00e9s szeg\u00e9nyekkel, feh\u00e9rekkel, feket\u00e9kkel \u00e9s d\u00e9l-afrikai indiaiakkal egyar\u00e1nt. &#8222;Nyelvleck\u00e9t&#8221; kaptunk a kilenc tartom\u00e1nyb\u00f3l \u00e1ll\u00f3, 41 milli\u00f3 lakos\u00fa orsz\u00e1g tizenegy hivatalos nyelv\u00e9b\u0151l, k\u00f6zt\u00fck a k\u00fcl\u00f6nlegesen \u00e9rdekes xhosz\u00e1b\u00f3l, amelyet a nyugati vil\u00e1g a folyamatos besz\u00e9d alatt hallatott, er\u0151s nyelvcsattog\u00e1sokr\u00f3l hottentott\u00e1nak nevez.<\/span><br \/>\n<span style=\"font-family: Times New Roman CE;\">M\u00e1r az indul\u00e1s el\u0151tt alapos t\u00f6rt\u00e9nelmi \u00e9s f\u00f6ldrajzi dokument\u00e1ci\u00f3t kaptunk k\u00e9zhez, amelyb\u0151l felk\u00e9sz\u00fclhett\u00fcnk, mit fogunk l\u00e1tni \u00e9s milyen szemmel n\u00e9zz\u00fcnk majd k\u00f6r\u00fcl ebben az orsz\u00e1gban, amely tizenh\u00e1romszor nagyobb Magyarorsz\u00e1gn\u00e1l (azaz nagyobb, mint Hollandia, Belgium, Olaszorsz\u00e1g, Franciaorsz\u00e1g \u00e9s N\u00e9metorsz\u00e1g egy\u00fcttv\u00e9ve); amelynek csaknem h\u00e1romezer km hossz\u00fa tengerpartj\u00e1n mind\u00f6ssze hat, term\u00e9szetes kik\u00f6t\u0151nek alkalmas hely akad; ahol a sivatagt\u00f3l a szavann\u00e1n \u00e1t a mediterr\u00e1n n\u00f6v\u00e9nyzetig minden megtal\u00e1lhat\u00f3, \u00e9s ahol &#8211; haz\u00e1nkhoz hasonl\u00f3an &#8211; hosszabb fejl\u0151d\u00e9si folyamat eredm\u00e9nyek\u00e9ppen, b\u00e9k\u00e9s k\u00f6r\u00fclm\u00e9nyek k\u00f6z\u00f6tt t\u00e9rnek \u00e1t egy diktat\u00f3rikus \u00e1llamform\u00e1b\u00f3l a demokr\u00e1ci\u00e1ba. Ha egyetlen mondatban kellene \u00f6sszegeznem benyom\u00e1saimat, azt hiszem, azt az \u00fczenetet k\u00f6zvet\u00edten\u00e9m, hogy minden megl\u00e9v\u0151 neh\u00e9zs\u00e9g, \u00f6r\u00f6kl\u00f6tt vagy \u00faj fesz\u00fclts\u00e9g ellen\u00e9re az emberekben pezseg a lelkesed\u00e9s \u00e9s a tenniakar\u00e1s.<\/span><\/p>\n<p><span style=\"font-family: Times New Roman CE;\">D\u00e9l-Afrika a sz\u00e1mok t\u00fckr\u00e9ben, avagy az ellentmond\u00e1sok f\u00f6ldje<\/span><\/p>\n<p><span style=\"font-family: Times New Roman CE;\">D\u00f6bbenetes ellentmond\u00e1sok fesz\u00fclnek egym\u00e1snak ebben az orsz\u00e1gban. Term\u00e9szeti gazdags\u00e1g\u00e1hoz, kedvez\u0151 f\u00f6ldrajzi adotts\u00e1gaihoz (\u00e1sv\u00e1nyi kincseik, arany, gy\u00e9m\u00e1nt, k\u0151sz\u00e9n, f\u00e9mek, a lakoss\u00e1g ig\u00e9nyeit kiel\u00e9g\u00edt\u0151, s\u0151t export\u00e1l\u00f3 mez\u0151gazdas\u00e1g \u00e9s \u00e9lelmiszertermel\u00e9s, kellemes \u00e9ghajlat, gy\u00f6ny\u00f6r\u0171 t\u00e1jak) elk\u00e9peszt\u0151 emberi szeg\u00e9nys\u00e9g t\u00e1rsul. A 41 milli\u00f3 lakosb\u00f3l 18 milli\u00f3an \u00e9lnek a szeg\u00e9nys\u00e9gi k\u00fcsz\u00f6b alatt (havi 750 rand, azaz kb. 30.000 Ft egy csal\u00e1dra), 20 milli\u00f3 embernek nincs ihat\u00f3 iv\u00f3vize, 7 milli\u00f3an laknak b\u00e1dogvityill\u00f3kban, b\u00f3d\u00e9v\u00e1rosokban \u00e9s naponta 35-en halnak meg tuberkul\u00f3zisban.<\/span><br \/>\n<span style=\"font-family: Times New Roman CE;\">A politikai demokr\u00e1ci\u00e1t siker\u00fclt kialak\u00edtani, t\u00f6bb mint 20 milli\u00f3 ember vett r\u00e9szt az els\u0151 olyan parlamenti v\u00e1laszt\u00e1sokon, ahol imm\u00e1r a faji megk\u00fcl\u00f6nb\u00f6ztet\u00e9s nem sz\u00e1m\u00edtott. Ugyanakkor f\u00e9lelmetes a gazdas\u00e1gi egyenl\u0151tlens\u00e9g: a lakoss\u00e1g leggazdagabb 5%-a birtokolja a gazdags\u00e1g 88%-\u00e1t. A &#8222;hum\u00e1n fejletts\u00e9gi index&#8221; (oktat\u00e1si helyzet, \u00edrni-olvasni tud\u00e1s, v\u00e1rhat\u00f3 \u00e9lettartam, j\u00f6vedelem) tekintet\u00e9ben 173 nemzetet \u00f6sszevetve &#8222;feh\u00e9r D\u00e9l-Afrika&#8221; a 19., m\u00edg &#8222;fekete D\u00e9l-Afrika&#8221; a 119. helyet foglalja el. Fejlett ipara \u00e9s kereskedelme vil\u00e1gsz\u00ednvonalra k\u00e9pes, oktatj\u00e1k a legfejlettebb technol\u00f3gi\u00e1kat, ezzel szemben egyes r\u00e9gi\u00f3kban a munkan\u00e9lk\u00fclis\u00e9g meghaladja az 50%-ot, \u00e9s a munkaer\u0151piacon naponta munk\u00e1t keres\u0151 1000 emberb\u0151l kevesebb, mint 100 tal\u00e1l munkahelyet mag\u00e1nak a leg\u00e1lis gazdas\u00e1gban. \u00datjai, aut\u00f3p\u00e1ly\u00e1i, l\u00e9gi \u00f6sszek\u00f6ttet\u00e9sei, energiaell\u00e1t\u00e1sa, t\u00e1vk\u00f6zl\u00e9se els\u0151 oszt\u00e1ly\u00fa, de eloszl\u00e1suk egyenetlen, \u00e9s a vid\u00e9ki t\u00e9rs\u00e9gekben csak korl\u00e1tozottan \u00e1llnak rendelkez\u00e9sre. Idegenforgalma az &#8222;Egy eg\u00e9sz vil\u00e1g egyetlen orsz\u00e1gban&#8221; jelmondatot haszn\u00e1lja az orsz\u00e1g roppant v\u00e1ltozatoss\u00e1ga miatt, de a turizmus szempontj\u00e1b\u00f3l igen h\u00e1tr\u00e1nyos, hogy itt tal\u00e1ljuk a vil\u00e1g egyik legmagasabb b\u0171n\u00f6z\u00e9si ar\u00e1ny\u00e1t.<\/span><br \/>\n<span style=\"font-family: Times New Roman CE;\">V\u00e9gezet\u00fcl k\u00e9t ismer\u0151s ellentmond\u00e1st eml\u00edten\u00e9k. Az orsz\u00e1gban zajl\u00f3 demokratikus \u00e1talakul\u00e1si folyamatot nemzetk\u00f6zi j\u00f3indulat \u00e9s figyelem k\u00eds\u00e9rte, ugyanakkor az elszigetelts\u00e9g \u00e9vei ut\u00e1n k\u00edm\u00e9letlen versenyk\u00f6r\u00fclm\u00e9nyek k\u00f6z\u00e9 is ker\u00fcltek, ahol helyt kell(ene) \u00e1llniuk. A m\u00e1sik: az egys\u00e9gre, megb\u00e9k\u00e9l\u00e9sre, pozit\u00edv v\u00e1ltoztat\u00e1sra t\u00f6rekv\u0151 &#8222;m\u00e9zeshetek&#8221; ut\u00e1n az embereknek most kell szembes\u00fclni\u00fck azzal, hogy a lak\u00e1s\u00e9p\u00edt\u00e9sre, eg\u00e9szs\u00e9g\u00fcgyre, foglalkoztat\u00e1sra stb. vonatkoz\u00f3 v\u00e1laszt\u00e1si \u00edg\u00e9retek eddig teljes\u00edtetlen\u00fcl maradtak.<\/span><br \/>\n<span style=\"font-family: Times New Roman CE;\">A poszt-apartheid strat\u00e9gi\u00e1nak a legl\u00e9nyegesebb eleme a Rekonstrukci\u00f3s \u00e9s Fejleszt\u00e9si Program Reconstruction and Development Programme, RDP), amelynek az alapvet\u0151 c\u00e9lja az, hogy\u00a0<\/span><i><span style=\"font-family: Times New Roman CE;\">a korm\u00e1nyzat \u00e9s a civil t\u00e1rsadalom k\u00f6z\u00f6tt partneri viszonyt \u00e9p\u00edtsen ki abb\u00f3l a c\u00e9lb\u00f3l, hogy \u00f6szt\u00f6n\u00f6zze az orsz\u00e1g gazdas\u00e1g\u00e1t \u00e9s ugyanakkor kiel\u00e9g\u00edtse a lakoss\u00e1g alapvet\u0151 ig\u00e9nyeit. Az\u00a0<\/span><\/i><span style=\"font-family: Times New Roman CE;\">Afrikai Nemzeti Kongresszus (ANC) \u00e1ltal m\u00e9g 1994 el\u0151tt kidolgozott RDP a cselekv\u00e9s \u00e1ltal\u00e1nos kereteit adja meg, orsz\u00e1gos, tartom\u00e1nyi \u00e9s helyi \u00f6nkorm\u00e1nyzati szinten t\u00f6rt\u00e9n\u0151 megval\u00f3s\u00edt\u00e1s\u00e1ba a lehet\u0151 legt\u00f6bb d\u00e9l-afrikai polg\u00e1rt szeretn\u00e9k bevonni. N\u00e9gy kulcsk\u00e9rd\u00e9sre \u00e9p\u00fcl:<\/span><br \/>\n<span style=\"font-family: Times New Roman CE;\">1. Az alapvet\u0151 sz\u00fcks\u00e9gletek kiel\u00e9g\u00edt\u00e9se (k\u00f6zmunka r\u00e9v\u00e9n munkahelyteremt\u00e9s, lak\u00e1s\u00e9p\u00edt\u00e9s, villamos\u00edt\u00e1s, energiaell\u00e1t\u00e1s, k\u00f6rnyezetv\u00e9delem, t\u00e1pl\u00e1lkoz\u00e1s, eg\u00e9szs\u00e9g\u00fcgyi ell\u00e1t\u00e1s, f\u00f6ldreform, v\u00edzell\u00e1t\u00e1s \u00e9s csatorn\u00e1z\u00e1s, t\u00e1vk\u00f6zl\u00e9s \u00e9s k\u00f6zleked\u00e9s, t\u00e1rsadalmi biztons\u00e1g)<\/span><br \/>\n<span style=\"font-family: Times New Roman CE;\">2. Emberi er\u0151forr\u00e1sok fejleszt\u00e9se (oktat\u00e1s, k\u00e9pz\u00e9s, m\u0171v\u00e9szetek \u00e9s kult\u00fara, sport, pihen\u00e9s, az ifj\u00fas\u00e1g fejleszt\u00e9se)<\/span><br \/>\n<span style=\"font-family: Times New Roman CE;\">3. Gazdas\u00e1gi fejleszt\u00e9s (ipar, kereskedelem, p\u00e9nz\u00fcgyi szektor, infrastrukt\u00fara, munka\u00fcgyi jogok)<\/span><br \/>\n<span style=\"font-family: Times New Roman CE;\">4. Az \u00e1llam \u00e9s a t\u00e1rsadalom demokratikusabb\u00e1 t\u00e9tele (orsz\u00e1gos, tartom\u00e1nyi \u00e9s helyi \u00f6nkorm\u00e1nyzatok, az \u00e1llami szektor \u00e1tszervez\u00e9se, igazs\u00e1g\u00fcgyi k\u00e9rd\u00e9sek, a civil t\u00e1rsadalom fejleszt\u00e9se).<\/span><br \/>\n<span style=\"font-family: Times New Roman CE;\">A program megval\u00f3s\u00edt\u00e1s\u00e1ban a k\u00f6vetkez\u0151 alapelveket kell szem el\u0151tt tartani: fenntarthat\u00f3s\u00e1g, a programmal val\u00f3 azonosul\u00e1s (a n\u00e9p vezet\u0151 szerepe), a b\u00e9ke \u00e9s biztons\u00e1g szavatol\u00e1sa mindenki sz\u00e1m\u00e1ra, a rekonstrukci\u00f3 \u00e9s a fejleszt\u00e9s \u00f6sszekapcsol\u00e1sa, valamint a nemzet\u00e9p\u00edt\u00e9s, azaz D\u00e9l-Afrika fejlett \u00e9s elmaradott komponenseinek k\u00f6zel\u00edt\u00e9se.<\/span><b><span style=\"font-family: Times New Roman CE;\">A k\u00f6zbiztons\u00e1g, avagy &#8222;Hozz\u00e1szoktam, hogy a munk\u00e1ssz\u00e1ll\u00e1son \u00f6tpercenk\u00e9nt l\u00f6v\u00f6ld\u00f6znek&#8221;<\/span><\/b><\/p>\n<p><span style=\"font-family: Times New Roman CE;\">D\u00e9l-Afrika &#8222;dicsekedhet&#8217; a vil\u00e1g egyik legmagasabb b\u0171n\u00f6z\u00e9si ar\u00e1ny\u00e1val. A politikai felszabadul\u00e1s n\u00f6vekv\u0151 b\u0171n\u00f6z\u00e9si hull\u00e1mmal j\u00e1rt egy\u00fctt. Az \u00dczleti Kamara \u00fcgyvezet\u0151je, Piet Liebenberg egyik \u00fajs\u00e1gnyilatkozat\u00e1ban kifejezte aggodalm\u00e1t, hogy a n\u00f6vekv\u0151 \u00e9s lassan ellen\u0151rizhetetlenn\u00e9 v\u00e1l\u00f3 b\u0171n\u00f6z\u00e9s a gengszterek orsz\u00e1g\u00e1v\u00e1 teszi haz\u00e1j\u00e1t. Tizenh\u00e9t m\u00e1sodpercenk\u00e9nt k\u00f6vetnek el egy-egy s\u00falyosabb b\u0171ncselekm\u00e9nyt, 29 percenk\u00e9nt t\u00f6rt\u00e9nik gyilkoss\u00e1g. A gyilkoss\u00e1gi r\u00e1ta \u00f6tsz\u00f6r\u00f6se az Egyes\u00fclt \u00c1llamokban tapasztaltnak. Nem jobb a helyzet a t\u00f6bbi b\u0171ncselekm\u00e9nnyel sem. 1994-ben 10%-kal n\u0151tt a fegyveres rabl\u00e1sok, 56%-kal a bankrabl\u00e1sok \u00e9s 35%-kal a fegyveres, er\u0151szakos aut\u00f3rabl\u00e1sok sz\u00e1ma. A rend\u0151rs\u00e9g jelenleg 22000 p\u00e9nz\u00fcgyi csal\u00e1ssal foglalkozik, \u00f6sszesen h\u00e9tmilli\u00e1rd rand (280 milli\u00e1rd Ft) \u00e9rt\u00e9kben. A megnyitott \u00e9szaki hat\u00e1rokon \u00e1t a bev\u00e1ndorl\u00f3 gazdas\u00e1gi menek\u00fcltekkel p\u00e1rhuzamosan k\u00e1b\u00edt\u00f3szer is \u00e1rad az orsz\u00e1gba. A k\u00f6zbiztons\u00e1gra k\u00f6lt\u00f6tt \u00f6sszeg nem v\u00e1ltozott, de t\u00f6bbfel\u00e9 oszlik el, hiszen imm\u00e1r a teljes lakoss\u00e1gra ford\u00edt\u00f3dik. \u00c9ppen ez\u00e9rt a k\u00f6zbiztons\u00e1g dr\u00e1mai roml\u00e1s\u00e1t k\u00fcl\u00f6n\u00f6sen a feh\u00e9r kisebbs\u00e9g \u00e9rzi, hiszen \u0151k a kor\u00e1bbi id\u0151szakban &#8222;v\u00e9dettek&#8221; voltak. H\u00f3feh\u00e9r, t\u00e1gas vill\u00e1ikat nemritk\u00e1n 3 m\u00e9ter magas, vastag k\u0151fallal ker\u00edtik k\u00f6r\u00fcl, amelynek a tetej\u00e9n vastag sz\u00f6gesdr\u00f3ttekercs is v\u00e9di a ter\u00fcletet az illet\u00e9ktelen behatol\u00f3kt\u00f3l. &#8222;Benn\u00fcnket soha nem v\u00e9dett meg senki semmit\u0151l&#8221;- mondja\u00a0<\/span><i><span style=\"font-family: Times New Roman CE;\">Thandi Chaane,\u00a0<\/span><\/i><span style=\"font-family: Times New Roman CE;\">Gauteng tartom\u00e1ny oktat\u00e1si miniszterhelyettese, aki kor\u00e1bban Sowetoban lakott, \u00e9s civil szervezetekben szerezte vezet\u0151i tapasztalatait. &#8222;A szomsz\u00e9dos munk\u00e1ssz\u00e1ll\u00e1son \u00f6tpercenk\u00e9nt volt l\u00f6v\u00f6ld\u00f6z\u00e9s. A t\u00fcntet\u00e9sekr\u0151l nem is sz\u00f3lva.&#8221; Felemeli hossz\u00fa ruh\u00e1j\u00e1t, l\u00e1bsz\u00e1r\u00e1n m\u00e9ly sebhelyet mutat. &#8222;Ez egy goly\u00f3 helye. A testemen m\u00e9g k\u00e9t ilyet viselek.&#8221; A rend\u0151rs\u00e9g motiv\u00e1ci\u00f3ja gyenge, \u00e1llom\u00e1nya kisebb a sz\u00fcks\u00e9gesn\u00e9l, elfogadotts\u00e1ga, hiteless\u00e9ge k\u00e9rd\u00e9ses. F\u00e9l\u0151, hogy ilyen k\u00f6r\u00fclm\u00e9nyek k\u00f6z\u00f6tt a szaktud\u00e1s \u00e9s a t\u0151ke sz\u00f6k\u00e9se felgyorsul, a k\u00fclf\u00f6ldi befektet\u0151k pedig ink\u00e1bb m\u00e1shov\u00e1 viszik a p\u00e9nz\u00fcket.<\/span><br \/>\n<span style=\"font-family: Times New Roman CE;\">A probl\u00e9ma megold\u00e1s\u00e1val ebben az \u00e9vben t\u00f6bb konferencia is foglalkozott, csodaszert azonban itt sem tal\u00e1ltak. N\u00e9h\u00e1ny, k\u00fcl\u00f6n\u00f6sen &#8222;forr\u00f3&#8221; helysz\u00ednen a hadsereg seg\u00edts\u00e9g\u00e9hez is folyamodnak, m\u00e1sutt k\u00f6z\u00f6ss\u00e9gi kezdem\u00e9nyez\u00e9sek sz\u00fcletnek, k\u00f6zepes sikerrel.\u00a0<\/span><i><span style=\"font-family: Times New Roman CE;\">Mandela eln\u00f6k\u00a0<\/span><\/i><span style=\"font-family: Times New Roman CE;\">pedig nemr\u00e9giben \u00faj erk\u00f6lcsi keresztes hadj\u00e1ratra sz\u00f3l\u00edtotta fel n\u00e9p\u00e9t, hiszen az er\u0151szak \u00e9s a f\u00e9lelem l\u00e9gk\u00f6r\u00e9ben lehetetlen beruh\u00e1zni \u00e9s fejleszteni.<\/span><\/p>\n<p style=\"text-align: justify;\"><b><span style=\"font-family: Times New Roman CE;\">Az oktat\u00e1s, avagy az akarat hegyeket mozgathat meg<\/span><\/b><\/p>\n<p style=\"text-align: justify;\"><span style=\"font-family: Times New Roman CE;\">D\u00e9l-Afrika feln\u0151tt lakoss\u00e1g\u00e1nak kb. 40%-a, azaz 8 milli\u00f3 ember \u00edr\u00e1studatlan. &#8222;Ez jelenti sz\u00e1munkra a legnagyobb h\u00e1tr\u00e1nyt. Gyorsan kell cselekedn\u00fcnk, mert emiatt az \u00e1tmenetben m\u00e1sok megel\u0151zhetnek benn\u00fcnket\u201d &#8211; mondja\u00a0<\/span><i><span style=\"font-family: Times New Roman CE;\">Nicky Padayachee orvosprofesszor,\u00a0<\/span><\/i><span style=\"font-family: Times New Roman CE;\">a Johannesburgi Polg\u00e1rmesteri Hivatal igazgat\u00f3ja. A The Economist 1995 m\u00e1jusi sz\u00e1ma szerint ahhoz, hogy D\u00e9l-Afrika hossz\u00fa t\u00e1von versenyk\u00e9pess\u00e9 \u00e9s vir\u00e1gz\u00f3v\u00e1 v\u00e1ljon, mindenk\u00e9ppen jav\u00edtania kell sz\u00e1nalmas iskolarendszer\u00e9n \u00e9s a nyomor\u00fas\u00e1gos k\u00e9pzetts\u00e9gi szinten. A probl\u00e9ma t\u00f6bb okban gy\u00f6kerezik: a n\u00e9ger tan\u00e1rok gyenge szakk\u00e9pzetts\u00e9ge (80%-uknak m\u00e9g \u00e9retts\u00e9gije sincs), az oktat\u00e1s\u00fcgy p\u00e9nzhi\u00e1nya, a tanterv tartalmi hi\u00e1nyoss\u00e1gai, a gyenge vizsgaeredm\u00e9nyek, a v\u00e1ltoz\u00f3 min\u0151s\u00e9g\u0171, \u00e9s munkak\u00f6r\u00fclm\u00e9nyek k\u00f6z\u00f6tt kev\u00e9ss\u00e9 hasznos\u00edthat\u00f3 szerzett ismeretanyag, \u00e9s az iskola\u00e9p\u00fclethi\u00e1ny.<\/span><br \/>\n<span style=\"font-family: Times New Roman CE;\">Soha \u00e9letemben nem tal\u00e1lkoztam m\u00e9g emberekkel, akik ennyire tudat\u00e1ban lettek volna annak, hogy\u00a0<\/span><i><span style=\"font-family: Times New Roman CE;\">felemelked\u00e9s\u00fckh\u00f6z tanulniuk kell.\u00a0<\/span><\/i><span style=\"font-family: Times New Roman CE;\">Soha ennyiszer nem hallottam elism\u00e9telni: a tanul\u00e1s menthet meg benn\u00fcnket, a tanul\u00e1ssal v\u00e1lhatunk egyenrang\u00fav\u00e1, a tanul\u00e1s \u00e1ltal l\u00e9phet\u00fcnk be a nemzetk\u00f6zi v\u00e9rkering\u00e9sbe. (Kell\u0151en irigykedtem is.) Pretori\u00e1ban l\u00e1togat\u00e1st tett\u00fcnk egy felekezeti mag\u00e1niskol\u00e1ban,\u00a0<\/span><i><span style=\"font-family: Times New Roman CE;\">a St Alban\u2019s College-<\/span><\/i><span style=\"font-family: Times New Roman CE;\">ban, amely a klasszikus iskolai tan\u00edt\u00e1si forma mellett 1985 \u00f3ta t\u00e1voktat\u00e1st \u00e9s kieg\u00e9sz\u00edt\u0151, felz\u00e1rk\u00f3ztat\u00f3 c\u00e9l\u00fa oktat\u00e1st is folytat. A h\u00e1tr\u00e1nyos helyzet\u0171 fekete k\u00f6z\u00f6ss\u00e9g sz\u00e1m\u00e1ra k\u00fcl\u00f6nf\u00e9le form\u00e1kat dolgoztak ki. Hetente n\u00e9gy d\u00e9lut\u00e1non \u00e9retts\u00e9gi el\u0151k\u00e9sz\u00edt\u0151 tanfolyamot tartanak matematik\u00e1b\u00f3l, term\u00e9szettudom\u00e1nyokb\u00f3l \u00e9s angolb\u00f3l. A Pretoria News c. napilappal \u00e9s a D\u00e9l-Afrikai Tan\u00e1rok Demokratikus Sz\u00f6vets\u00e9g\u00e9vel egy\u00fcttm\u0171k\u00f6dve tananyagot jelentetnek meg naponta az eml\u00edtett napilapban, amelyet 2-3000 di\u00e1k f\u00e9l \u00e1ron kaphat meg, gy\u0171jthet \u00f6ssze \u00e9s \u00e1ll\u00edthatja bel\u0151l\u00fck \u00f6ssze saj\u00e1t tank\u00f6nyv\u00e9t (r\u00e9gebbi leck\u00e9k is beszerezhet\u0151k ut\u00f3lag 30 centes \u00e1ron). Pretoria egyik n\u00e9ger v\u00e1rosr\u00e9sze\u00a0<\/span><i><span style=\"font-family: Times New Roman CE;\">Mamelodi,\u00a0<\/span><\/i><span style=\"font-family: Times New Roman CE;\">ahol az emberek egy r\u00e9sze b\u00f3d\u00e9kban, b\u00e1dogvityill\u00f3kban \u00e9l, m\u00e1sok olyan f\u00f6ldszintes h\u00e1zakban, amelyek 3-4 apr\u00f3, \u00e1ltal\u00e1ban szoba-konyh\u00e1s lak\u00e1sb\u00f3l \u00e1llanak. \u00d6tsz\u00e1z\u00f6tven ideval\u00f3si 8-10 \u00e9ves nebul\u00f3nak kiseg\u00edt\u0151 angol \u00f3r\u00e1kat tartanak. A St Alban\u2019s College \u00e9lenj\u00e1r az oktat\u00e1si technol\u00f3gia alkalmaz\u00e1s\u00e1ban is. &#8222;A hagyom\u00e1nyos felfog\u00e1s szerint az oktat\u00e1s ann\u00e1l hat\u00e9konyabb, min\u00e9l kevesebb di\u00e1k jut egy tan\u00e1rra. Ez igaz, de az oktat\u00e1st ann\u00e1l k\u00f6lts\u00e9gesebb\u00e9, azaz sz\u00e9les t\u00f6megek sz\u00e1m\u00e1ra el\u00e9rhetetlenn\u00e9, elitist\u00e1v\u00e1 teszi. A mindenki sz\u00e1m\u00e1ra el\u00e9rhet\u0151 oktat\u00e1s viszont nem ad versenyk\u00e9pes tud\u00e1st. Mi azt gondoltuk, takar\u00e9koskodjunk a tan\u00e1ron, \u00e9s k\u00f6lts\u00fck ezt a p\u00e9nzt technik\u00e1ra.&#8221; &#8211; mondta\u00a0<\/span><i><span style=\"font-family: Times New Roman CE;\">Jenny Williams,\u00a0<\/span><\/i><span style=\"font-family: Times New Roman CE;\">az iskola k\u00f6z\u00f6ss\u00e9gfejleszt\u00e9si igazgat\u00f3ja. Szponzorok, k\u00fclf\u00f6ldi korm\u00e1nyok, helyi v\u00e1llalatok \u00e9s int\u00e9zm\u00e9nyek seg\u00edts\u00e9g\u00e9vel berendeztek egy Technol\u00f3giai Oktat\u00f3k\u00f6zpontot, amely n\u00e9gy teremb\u0151l \u00e1ll. K\u00e9t teremben 52-52 sz\u00e1m\u00edt\u00f3g\u00e9p-\u00e1llom\u00e1s van, ahol oktat\u00f3programok alapj\u00e1n egy\u00e9ni munka folyik. A m\u00e1sik k\u00e9t terem interakt\u00edv multim\u00e9dia laborat\u00f3rium 50 tanul\u00f3 sz\u00e1m\u00e1ra. L\u00e9zerlemezek, vide\u00f3k \u00e9s kamer\u00e1k seg\u00edts\u00e9g\u00e9vel, sz\u00e1m\u00edt\u00f3g\u00e9ppel koordin\u00e1lt interakt\u00edv tanul\u00e1s-tan\u00edt\u00e1s folyik sokf\u00e9le t\u00e1rgyb\u00f3l \u00e9s sokf\u00e9le tananyagcsomagra \u00e9p\u00edtve. A k\u00f6zpontot tan\u00e1rok tov\u00e1bbk\u00e9pz\u00e9s\u00e9re, iskolaigazgat\u00f3k menedzsment-oktat\u00e1s\u00e1ra is haszn\u00e1lj\u00e1k. Az oktat\u00e1si programot a helyi k\u00f6z\u00f6ss\u00e9gek bevon\u00e1s\u00e1val, az \u00e1ltaluk ig\u00e9nyelt t\u00e9m\u00e1kban \u00e9s szinteken dolgozt\u00e1k ki.<\/span><br \/>\n<i><span style=\"font-family: Times New Roman CE;\">Soweto,\u00a0<\/span><\/i><span style=\"font-family: Times New Roman CE;\">ahol 1976-ban az orsz\u00e1g t\u00f6bbi r\u00e9sz\u00e9re is \u00e1tterjed\u0151 zavarg\u00e1sok t\u00f6rtek ki, ugyanolyan n\u00e9ger v\u00e1ros Johannesburg mellett, mint Mamelodi Pretoria mellett. K\u00e9tsz\u00e1zezer ember lakik farostlemezekb\u0151l, b\u00e1doglapokb\u00f3l, kem\u00e9nypap\u00edrb\u00f3l \u00f6sszet\u00e1kolt b\u00f3d\u00e9kban, amelyek tetej\u00e9t l\u00e9cek \u00e9s \u00f6reg gumiabroncsok, oldal\u00e1t k\u00f6vek \u00e9s egy\u00e9b t\u00e1maszt\u00e9kok v\u00e9dik att\u00f3l, hogy a sz\u00e9l el ne vigye. Vizet t\u00f6bb kilom\u00e9ter t\u00e1vols\u00e1gb\u00f3l hoznak, fa, n\u00f6v\u00e9nyzet, burkolt \u00fat szinte nincs. Az egyik ilyen telepen a sz\u00fcl\u0151k iskol\u00e1t szerettek volna l\u00e9tes\u00edteni gyerekeiknek. Ezzel egyidej\u0171leg a Safmarine elnevez\u00e9s\u0171 haj\u00f3z\u00e1si v\u00e1llalat Fokv\u00e1rosban leselejtezett \u00e9s felaj\u00e1nlott 36 enyh\u00e9n rozsd\u00e1sod\u00f3 \u00e1rusz\u00e1ll\u00edt\u00f3 kont\u00e9nert. A d\u00e9l-afrikai Coca-Cola v\u00e1llalat mag\u00e1ra v\u00e1llalta a sz\u00e1ll\u00edt\u00e1s \u00e9s az \u00e1talak\u00edt\u00e1s k\u00f6lts\u00e9geit. A kont\u00e9nereket kettes\u00e9vel egym\u00e1s mell\u00e9 \u00e1ll\u00edtott\u00e1k, a k\u00f6z\u00f6s falat kivett\u00e9k, a szob\u00e1csk\u00e1kat \u00e1tfestett\u00e9k, ablakokat \u00e9s ajt\u00f3t v\u00e1gtak r\u00e1juk, mindegyikbe ker\u00fclt egy t\u00e1bla is, \u00e9s m\u00e1r k\u00e9sz is volt az iskola. Egy \u00e9ve m\u0171k\u00f6dik, sokkal gazdagabb az\u00f3ta sem lett. Egy-egy ilyen, k\u00f6nnyen felforr\u00f3sod\u00f3 &#8222;vasdobozban&#8221; vagy 40 gyermek \u00fcld\u00f6g\u00e9l kis sz\u00e9keken, el\u0151l \u00e1ll a tan\u00e1r egy kr\u00e9t\u00e1val a kez\u00e9ben \u00e9s magyar\u00e1z. A tan\u00e1rok fizet\u00e9s\u00e9t az els\u0151 h\u00e9t h\u00f3napban a sz\u00fcl\u0151k k\u00f6z\u00f6ss\u00e9ge \u00e1llta, \u00e9s \u0151k v\u00e1llalt\u00e1k a karbantart\u00e1st is. Az\u00f3ta a tartom\u00e1nyi miniszt\u00e9rium adn\u00e1 a b\u00e9reket, csakhogy nem mindig jut r\u00e1 p\u00e9nz. De a kor\u00e1bbi\u00a0<\/span><i><span style=\"font-family: Times New Roman CE;\">semmib\u0151l\u00a0<\/span><\/i><span style=\"font-family: Times New Roman CE;\">m\u00e9giscsak lett\u00a0<\/span><i><span style=\"font-family: Times New Roman CE;\">valami;\u00a0<\/span><\/i><span style=\"font-family: Times New Roman CE;\">a telep egyetlen, val\u00f3s \u00e9s \u00e9get\u0151 ig\u00e9nyeket kiel\u00e9g\u00edt\u0151 iskol\u00e1ja, amelynek megval\u00f3s\u00edt\u00e1sa a helyi k\u00f6z\u00f6ss\u00e9g, a miniszt\u00e9rium \u00e9s t\u00f6bb v\u00e1llalat partneri egy\u00fcttm\u0171k\u00f6d\u00e9s\u00e9nek eredm\u00e9nye. N\u00e9zel\u0151dtem, \u00e9s eszembe jutottak a magyar kisiskol\u00e1k, ahol megvannak az iskola\u00e9p\u00fcletek, a szakk\u00e9pzett tan\u00e1rok, csakhogy sokhely\u00fctt m\u00e1r nincs elegend\u0151 gyermek bel\u00e9j\u00fck&#8230;<\/span><\/p>\n<p><b><span style=\"font-family: Times New Roman CE;\">V\u00e1llalkoz\u00e1sfejleszt\u00e9s, avagy tilt\u00e1s helyett t\u00e1mogat\u00e1s<\/span><\/b><\/p>\n<p><span style=\"font-family: Times New Roman CE;\">Johannesburg sz\u00edv\u00e9ben, a j\u00f6v\u0151 sz\u00e1zadot id\u00e9z\u0151 felh\u0151karcol\u00f3k t\u00f6v\u00e9ben \u00e9pp\u00fagy, mint a b\u00f3d\u00e9v\u00e1rosok sz\u00e9l\u00e9n a kop\u00e1r, kiaszott mez\u0151n, mindenhol haszn\u00e1lt ruh\u00e1t, cip\u0151t, z\u00f6lds\u00e9get, gy\u00fcm\u00f6lcs\u00f6t, haszn\u00e1lt eszk\u00f6z\u00f6ket, l\u00e1mp\u00e1kat, ezt-azt a f\u00f6ldre kiter\u00edt\u0151 \u00e9s \u00e1rus\u00edt\u00f3 emberek \u00e1lldog\u00e1lnak. M\u00e1sutt eur\u00f3pai szemnek elk\u00e9peszt\u0151 k\u00fcllem\u0171 kalyiba-sorban keresked\u0151k eg\u00e9sz sora rendezkedett be. Feketekereskedelem, feketegazdas\u00e1g? Igen, az. Mindenki tiszt\u00e1ban van vele, hogy ezek az emberek nem enged\u00e9llyel rendelkez\u0151, ter\u00fcletfoglal\u00e1si d\u00edjat fizet\u0151, ad\u00f3z\u00f3 \u00e1llampolg\u00e1rok, tev\u00e9kenys\u00e9g\u00fcket m\u00e9gsem tiltj\u00e1k, hanem ellenkez\u0151leg, bizonyos keretek k\u00f6z\u00f6tt t\u00e1mogatj\u00e1k is. Sokkal jobb ugyanis, ha ilyen m\u00f3don eltartj\u00e1k \u00f6nmagukat, net\u00e1n csal\u00e1djukat is, mintha kolduln\u00e1nak vagy er\u0151szakos \u00faton szerezn\u00e9k meg, amire sz\u00fcks\u00e9g\u00fck van. A m\u00e1sfajta szeml\u00e9letre jellemz\u0151, hogy ezeket az embereket kis- vagy mikrov\u00e1llalkoz\u00f3nak nevezik. A t\u00e1mogat\u00e1sukra l\u00e9trehozott szervezetek egyike a Get Ahead (kb. Gyer\u00fcnk El\u0151re) Alap\u00edtv\u00e1ny, amely nonprofit v\u00e1llalatk\u00e9nt m\u0171k\u00f6dik. A feket\u00e9k \u00e1ltal l\u00e9trehozott \u00e9s vezetett, val\u00f3s helyi ig\u00e9nyekre \u00e9s k\u00f6z\u00f6ss\u00e9gekre \u00e9p\u00edt\u0151 alap\u00edtv\u00e1ny vezet\u0151s\u00e9g\u00e9nek tagja Fokv\u00e1ros \u00e9rseke, a B\u00e9ke Nobel-d\u00edjas\u00a0<\/span><i><span style=\"font-family: Times New Roman CE;\">Desmond Tutu\u00a0<\/span><\/i><span style=\"font-family: Times New Roman CE;\">is.<\/span><br \/>\n<span style=\"font-family: Times New Roman CE;\">A Get Ahead Alap\u00edtv\u00e1ny \u00fcgyvezet\u0151je,\u00a0<\/span><i><span style=\"font-family: Times New Roman CE;\">Don MacRobert\u00a0<\/span><\/i><span style=\"font-family: Times New Roman CE;\">elmondta, szervezet\u00fck arra t\u00f6rekszik, hogy a fekete lakoss\u00e1g k\u00f6r\u00e9ben l\u00e9tez\u0151 inform\u00e1lis gazdas\u00e1gi szektort munkahelyteremt\u00e9ssel, mikrohitelek ny\u00fajt\u00e1s\u00e1val \u00e9s k\u00e9pz\u00e9sek szervez\u00e9s\u00e9vel er\u0151s\u00edtse \u00e9s k\u00e9pess\u00e9 tegye a leg\u00e1lis gazdas\u00e1gba t\u00f6rt\u00e9n\u0151 \u00e1tmenetre. Az el\u0151zm\u00e9nyekhez hozz\u00e1tartozik, hogy a jogszab\u00e1lyok, valamint a l\u00e9tez\u0151 gyakorlat hossz\u00fa \u00e9veken kereszt\u00fcl egy\u00e1ltal\u00e1n nem tette lehet\u0151v\u00e9 a feket\u00e9knek, hogy az orsz\u00e1g gazdas\u00e1gi \u00e9let\u00e9ben r\u00e9szt vegyenek. Ezek a megtakar\u00edt\u00e1sokkal, tisztess\u00e9ges lak\u00e1ssal, munkahellyel nem rendelkez\u0151 emberek a bankok szem\u00e9ben term\u00e9szetesen hitelk\u00e9ptelenek. Az alap\u00edtv\u00e1nyt\u00f3l azonban kaphatnak kis\u00f6sszeg\u0171, 200-2000 rand k\u00f6z\u00f6tti hiteleket, amennyi elegend\u0151 lesz arra, hogy az els\u0151 kupac haszn\u00e1lt ruh\u00e1t megvehess\u00e9k, beszerezzenek egy varr\u00f3g\u00e9pet, vagy beind\u00edtsanak valamilyen szolg\u00e1ltat\u00e1st vagy egy piriny\u00f3 \u00fczletet. A Get Ahead kik\u00eds\u00e9rletezett egy rendszert, amelyben ezeket a hiteleket nem egy\u00e9neknek, hanem csoportoknak ny\u00fajtja 4, 6 vagy 12 h\u00f3napra, piaci kamatfelt\u00e9telekkel, amely a gyors visszafizet\u00e9sre \u00f6szt\u00f6n\u00f6z. A csoportos k\u00f6lcs\u00f6nz\u00e9s meglep\u0151en magas, 90%-ot meghalad\u00f3 visszafizet\u00e9si ar\u00e1nyt eredm\u00e9nyez. Ez a mikrohitelez\u00e9si rendszer nagyon alacsony k\u00f6lts\u00e9gekkel m\u00e1r sokezer embernek teremtett munkalehet\u0151s\u00e9get.<\/span><br \/>\n<span style=\"font-family: Times New Roman CE;\">A hitelny\u00fajt\u00e1son k\u00edv\u00fcl m\u00e1sfajta t\u00e1mogat\u00e1sokat is k\u00edn\u00e1lnak. Saj\u00e1t szakiskol\u00e1jukban m\u00f3d ny\u00edlik egyes szakm\u00e1k (\u00fcvegez\u00e9s, hegeszt\u00e9s, aut\u00f3szerel\u00e9s, villanyszerel\u00e9s) elsaj\u00e1t\u00edt\u00e1s\u00e1ra. A v\u00e1llalkoz\u00e1sba kezd\u0151knek elemi szint\u0171 k\u00e9pz\u00e9seket is tartanak arr\u00f3l, hogyan vezess\u00e9k, \u00e9rt\u00e9kelj\u00e9k, \u00e9rtelmezz\u00e9k bev\u00e9teleiket \u00e9s kiad\u00e1saikat. Marketing tev\u00e9kenys\u00e9ggel el\u0151seg\u00edtik a fekete kisv\u00e1llalkoz\u00f3k \u00e1ltal el\u0151\u00e1ll\u00edtott term\u00e9kek kereskedelmi forgalomba hozatal\u00e1t is.<\/span><br \/>\n<span style=\"font-family: Times New Roman CE;\">Besz\u00e1mol\u00f3mat a Get Ahead Alap\u00edtv\u00e1ny sz\u00f3r\u00f3lapj\u00e1r\u00f3l \u00e1tvett n\u00e9h\u00e1ny mondattal z\u00e1rom, mert \u00fagy gondolom, t\u00f6k\u00e9letesen kifejezik D\u00e9l-Afrika mai t\u00f6rekv\u00e9seit: &#8222;Most, hogy a politikai csat\u00e1t megv\u00edvtuk \u00e9s megnyert\u00fck, itt az ideje, hogy D\u00e9l-Afrika az orsz\u00e1g t\u00e1rsadalmi \u00e9s gazdas\u00e1gi probl\u00e9m\u00e1ival foglalkozzon. A Rekonstrukci\u00f3s \u00e9s Fejleszt\u00e9si Program legnagyobb kih\u00edv\u00e1sa az, hogy minden d\u00e9l-afrikai polg\u00e1rt gazdas\u00e1gilag is felszabad\u00edtson. A fekete k\u00f6z\u00f6ss\u00e9gek egyre akt\u00edvabban kapcsol\u00f3dnak be D\u00e9l-Afrika gazdas\u00e1g\u00e1ba. A fekete v\u00e1rosokban lak\u00f3 embereknek\u00a0<\/span><i><span style=\"font-family: Times New Roman CE;\">meg kell adni\u00a0<\/span><\/i><span style=\"font-family: Times New Roman CE;\">mindazt a t\u00e1mogat\u00e1st, amelyet k\u00e9rnek \u00e9s amelyet meg\u00e9rdemelnek.&#8221;<\/span><\/p>\n","protected":false},"excerpt":{"rendered":"<p>1995 november\u00e9ben kiv\u00e9telesen \u00e9rdekes utaz\u00e1son vehettem r\u00e9szt: a\u00a0The Prince of Wales Business Leaders Forum\u00a0megh\u00edv\u00e1s\u00e1ra, egy nemzetk\u00f6zi csoport tagjak\u00e9nt a D\u00e9l-Afrikai K\u00f6zt\u00e1rsas\u00e1gban j\u00e1rtam, ahol egy h\u00e9ten kereszt\u00fcl v\u00e1rosmeg\u00faj\u00edt\u00e1si \u00e9s fejleszt\u00e9si tervekkel ismerkedhett\u00fcnk Johannesburgban \u00e9s k\u00f6rny\u00e9k\u00e9n, illetve Pretori\u00e1ban.<\/p>\n","protected":false},"author":238,"featured_media":0,"comment_status":"open","ping_status":"open","sticky":false,"template":"","format":"standard","meta":{"_acf_changed":false,"footnotes":""},"categories":[361,8,7],"tags":[],"coauthors":[287],"class_list":["post-5220","post","type-post","status-publish","format-standard","hentry","category-parola-1995-5","category-parola-folyoirat","category-repertorium"],"acf":[],"yoast_head":"<!-- This site is optimized with the Yoast SEO plugin v26.7 - https:\/\/yoast.com\/wordpress\/plugins\/seo\/ -->\n<title>R\u00f6g\u00f6s \u00fat a demokr\u00e1ci\u00e1ba, avagy angolok, b\u00farok, xhosz\u00e1k, zuluk \u00e9s szotok f\u00f6ldj\u00e9n - Parola Foly\u00f3irat<\/title>\n<meta name=\"robots\" content=\"index, follow, max-snippet:-1, max-image-preview:large, max-video-preview:-1\" \/>\n<link rel=\"canonical\" href=\"https:\/\/kofe.hu\/parola\/parola-folyoirat\/rogos-ut-a-demokraciaba-avagy-angolok-burok-xhoszak-zuluk-es-szotok-foldjen\/\" \/>\n<meta property=\"og:locale\" content=\"hu_HU\" \/>\n<meta property=\"og:type\" content=\"article\" \/>\n<meta property=\"og:title\" content=\"R\u00f6g\u00f6s \u00fat a demokr\u00e1ci\u00e1ba, avagy angolok, b\u00farok, xhosz\u00e1k, zuluk \u00e9s szotok f\u00f6ldj\u00e9n - Parola Foly\u00f3irat\" \/>\n<meta property=\"og:description\" content=\"1995 november\u00e9ben kiv\u00e9telesen \u00e9rdekes utaz\u00e1son vehettem r\u00e9szt: a\u00a0The Prince of Wales Business Leaders Forum\u00a0megh\u00edv\u00e1s\u00e1ra, egy nemzetk\u00f6zi csoport tagjak\u00e9nt a D\u00e9l-Afrikai K\u00f6zt\u00e1rsas\u00e1gban j\u00e1rtam, ahol egy h\u00e9ten kereszt\u00fcl v\u00e1rosmeg\u00faj\u00edt\u00e1si \u00e9s fejleszt\u00e9si tervekkel ismerkedhett\u00fcnk Johannesburgban \u00e9s k\u00f6rny\u00e9k\u00e9n, illetve Pretori\u00e1ban.\" \/>\n<meta property=\"og:url\" content=\"https:\/\/kofe.hu\/parola\/parola-folyoirat\/rogos-ut-a-demokraciaba-avagy-angolok-burok-xhoszak-zuluk-es-szotok-foldjen\/\" \/>\n<meta property=\"og:site_name\" content=\"Parola Foly\u00f3irat\" \/>\n<meta property=\"article:published_time\" content=\"2020-08-04T13:06:01+00:00\" \/>\n<meta name=\"author\" content=\"Solymosi Judit\" \/>\n<meta name=\"twitter:card\" content=\"summary_large_image\" \/>\n<meta name=\"twitter:label1\" content=\"Szerz\u0151:\" \/>\n\t<meta name=\"twitter:data1\" content=\"Solymosi Judit\" \/>\n\t<meta name=\"twitter:label2\" content=\"Becs\u00fclt olvas\u00e1si id\u0151\" \/>\n\t<meta name=\"twitter:data2\" content=\"17 perc\" \/>\n\t<meta name=\"twitter:label3\" content=\"Written by\" \/>\n\t<meta name=\"twitter:data3\" content=\"Solymosi Judit\" \/>\n<script type=\"application\/ld+json\" class=\"yoast-schema-graph\">{\"@context\":\"https:\/\/schema.org\",\"@graph\":[{\"@type\":\"Article\",\"@id\":\"https:\/\/kofe.hu\/parola\/parola-folyoirat\/rogos-ut-a-demokraciaba-avagy-angolok-burok-xhoszak-zuluk-es-szotok-foldjen\/#article\",\"isPartOf\":{\"@id\":\"https:\/\/kofe.hu\/parola\/parola-folyoirat\/rogos-ut-a-demokraciaba-avagy-angolok-burok-xhoszak-zuluk-es-szotok-foldjen\/\"},\"author\":{\"name\":\"Solymosi Judit\",\"@id\":\"https:\/\/kofe.hu\/parola\/#\/schema\/person\/39f7df93a3284f8e4df107f71c50e7f0\"},\"headline\":\"R\u00f6g\u00f6s \u00fat a demokr\u00e1ci\u00e1ba, avagy angolok, b\u00farok, xhosz\u00e1k, zuluk \u00e9s szotok f\u00f6ldj\u00e9n\",\"datePublished\":\"2020-08-04T13:06:01+00:00\",\"mainEntityOfPage\":{\"@id\":\"https:\/\/kofe.hu\/parola\/parola-folyoirat\/rogos-ut-a-demokraciaba-avagy-angolok-burok-xhoszak-zuluk-es-szotok-foldjen\/\"},\"wordCount\":3489,\"commentCount\":0,\"articleSection\":[\"Parola 1995\/5\",\"Parola Foly\u00f3irat\",\"Repert\u00f3rium\"],\"inLanguage\":\"hu\",\"potentialAction\":[{\"@type\":\"CommentAction\",\"name\":\"Comment\",\"target\":[\"https:\/\/kofe.hu\/parola\/parola-folyoirat\/rogos-ut-a-demokraciaba-avagy-angolok-burok-xhoszak-zuluk-es-szotok-foldjen\/#respond\"]}]},{\"@type\":\"WebPage\",\"@id\":\"https:\/\/kofe.hu\/parola\/parola-folyoirat\/rogos-ut-a-demokraciaba-avagy-angolok-burok-xhoszak-zuluk-es-szotok-foldjen\/\",\"url\":\"https:\/\/kofe.hu\/parola\/parola-folyoirat\/rogos-ut-a-demokraciaba-avagy-angolok-burok-xhoszak-zuluk-es-szotok-foldjen\/\",\"name\":\"R\u00f6g\u00f6s \u00fat a demokr\u00e1ci\u00e1ba, avagy angolok, b\u00farok, xhosz\u00e1k, zuluk \u00e9s szotok f\u00f6ldj\u00e9n - Parola Foly\u00f3irat\",\"isPartOf\":{\"@id\":\"https:\/\/kofe.hu\/parola\/#website\"},\"datePublished\":\"2020-08-04T13:06:01+00:00\",\"author\":{\"@id\":\"https:\/\/kofe.hu\/parola\/#\/schema\/person\/39f7df93a3284f8e4df107f71c50e7f0\"},\"breadcrumb\":{\"@id\":\"https:\/\/kofe.hu\/parola\/parola-folyoirat\/rogos-ut-a-demokraciaba-avagy-angolok-burok-xhoszak-zuluk-es-szotok-foldjen\/#breadcrumb\"},\"inLanguage\":\"hu\",\"potentialAction\":[{\"@type\":\"ReadAction\",\"target\":[\"https:\/\/kofe.hu\/parola\/parola-folyoirat\/rogos-ut-a-demokraciaba-avagy-angolok-burok-xhoszak-zuluk-es-szotok-foldjen\/\"]}]},{\"@type\":\"BreadcrumbList\",\"@id\":\"https:\/\/kofe.hu\/parola\/parola-folyoirat\/rogos-ut-a-demokraciaba-avagy-angolok-burok-xhoszak-zuluk-es-szotok-foldjen\/#breadcrumb\",\"itemListElement\":[{\"@type\":\"ListItem\",\"position\":1,\"name\":\"Home\",\"item\":\"https:\/\/kofe.hu\/parola\/\"},{\"@type\":\"ListItem\",\"position\":2,\"name\":\"R\u00f6g\u00f6s \u00fat a demokr\u00e1ci\u00e1ba, avagy angolok, b\u00farok, xhosz\u00e1k, zuluk \u00e9s szotok f\u00f6ldj\u00e9n\"}]},{\"@type\":\"WebSite\",\"@id\":\"https:\/\/kofe.hu\/parola\/#website\",\"url\":\"https:\/\/kofe.hu\/parola\/\",\"name\":\"Parola Foly\u00f3irat\",\"description\":\"\",\"potentialAction\":[{\"@type\":\"SearchAction\",\"target\":{\"@type\":\"EntryPoint\",\"urlTemplate\":\"https:\/\/kofe.hu\/parola\/?s={search_term_string}\"},\"query-input\":{\"@type\":\"PropertyValueSpecification\",\"valueRequired\":true,\"valueName\":\"search_term_string\"}}],\"inLanguage\":\"hu\"},{\"@type\":\"Person\",\"@id\":\"https:\/\/kofe.hu\/parola\/#\/schema\/person\/39f7df93a3284f8e4df107f71c50e7f0\",\"name\":\"Solymosi Judit\",\"image\":{\"@type\":\"ImageObject\",\"inLanguage\":\"hu\",\"@id\":\"https:\/\/kofe.hu\/parola\/#\/schema\/person\/image\/abe2bf51056bcf517f25d92a92e367b4\",\"url\":\"https:\/\/secure.gravatar.com\/avatar\/e4e569e6fbbfcb02d4120ec00ae8645c04144a3d974395c387c0246197103368?s=96&d=mm&r=g\",\"contentUrl\":\"https:\/\/secure.gravatar.com\/avatar\/e4e569e6fbbfcb02d4120ec00ae8645c04144a3d974395c387c0246197103368?s=96&d=mm&r=g\",\"caption\":\"Solymosi Judit\"},\"url\":\"https:\/\/kofe.hu\/parola\/szerzok\/solymosi-judit\/\"}]}<\/script>\n<!-- \/ Yoast SEO plugin. -->","yoast_head_json":{"title":"R\u00f6g\u00f6s \u00fat a demokr\u00e1ci\u00e1ba, avagy angolok, b\u00farok, xhosz\u00e1k, zuluk \u00e9s szotok f\u00f6ldj\u00e9n - Parola Foly\u00f3irat","robots":{"index":"index","follow":"follow","max-snippet":"max-snippet:-1","max-image-preview":"max-image-preview:large","max-video-preview":"max-video-preview:-1"},"canonical":"https:\/\/kofe.hu\/parola\/parola-folyoirat\/rogos-ut-a-demokraciaba-avagy-angolok-burok-xhoszak-zuluk-es-szotok-foldjen\/","og_locale":"hu_HU","og_type":"article","og_title":"R\u00f6g\u00f6s \u00fat a demokr\u00e1ci\u00e1ba, avagy angolok, b\u00farok, xhosz\u00e1k, zuluk \u00e9s szotok f\u00f6ldj\u00e9n - Parola Foly\u00f3irat","og_description":"1995 november\u00e9ben kiv\u00e9telesen \u00e9rdekes utaz\u00e1son vehettem r\u00e9szt: a\u00a0The Prince of Wales Business Leaders Forum\u00a0megh\u00edv\u00e1s\u00e1ra, egy nemzetk\u00f6zi csoport tagjak\u00e9nt a D\u00e9l-Afrikai K\u00f6zt\u00e1rsas\u00e1gban j\u00e1rtam, ahol egy h\u00e9ten kereszt\u00fcl v\u00e1rosmeg\u00faj\u00edt\u00e1si \u00e9s fejleszt\u00e9si tervekkel ismerkedhett\u00fcnk Johannesburgban \u00e9s k\u00f6rny\u00e9k\u00e9n, illetve Pretori\u00e1ban.","og_url":"https:\/\/kofe.hu\/parola\/parola-folyoirat\/rogos-ut-a-demokraciaba-avagy-angolok-burok-xhoszak-zuluk-es-szotok-foldjen\/","og_site_name":"Parola Foly\u00f3irat","article_published_time":"2020-08-04T13:06:01+00:00","author":"Solymosi Judit","twitter_card":"summary_large_image","twitter_misc":{"Szerz\u0151:":"Solymosi Judit","Becs\u00fclt olvas\u00e1si id\u0151":"17 perc","Written by":"Solymosi Judit"},"schema":{"@context":"https:\/\/schema.org","@graph":[{"@type":"Article","@id":"https:\/\/kofe.hu\/parola\/parola-folyoirat\/rogos-ut-a-demokraciaba-avagy-angolok-burok-xhoszak-zuluk-es-szotok-foldjen\/#article","isPartOf":{"@id":"https:\/\/kofe.hu\/parola\/parola-folyoirat\/rogos-ut-a-demokraciaba-avagy-angolok-burok-xhoszak-zuluk-es-szotok-foldjen\/"},"author":{"name":"Solymosi Judit","@id":"https:\/\/kofe.hu\/parola\/#\/schema\/person\/39f7df93a3284f8e4df107f71c50e7f0"},"headline":"R\u00f6g\u00f6s \u00fat a demokr\u00e1ci\u00e1ba, avagy angolok, b\u00farok, xhosz\u00e1k, zuluk \u00e9s szotok f\u00f6ldj\u00e9n","datePublished":"2020-08-04T13:06:01+00:00","mainEntityOfPage":{"@id":"https:\/\/kofe.hu\/parola\/parola-folyoirat\/rogos-ut-a-demokraciaba-avagy-angolok-burok-xhoszak-zuluk-es-szotok-foldjen\/"},"wordCount":3489,"commentCount":0,"articleSection":["Parola 1995\/5","Parola Foly\u00f3irat","Repert\u00f3rium"],"inLanguage":"hu","potentialAction":[{"@type":"CommentAction","name":"Comment","target":["https:\/\/kofe.hu\/parola\/parola-folyoirat\/rogos-ut-a-demokraciaba-avagy-angolok-burok-xhoszak-zuluk-es-szotok-foldjen\/#respond"]}]},{"@type":"WebPage","@id":"https:\/\/kofe.hu\/parola\/parola-folyoirat\/rogos-ut-a-demokraciaba-avagy-angolok-burok-xhoszak-zuluk-es-szotok-foldjen\/","url":"https:\/\/kofe.hu\/parola\/parola-folyoirat\/rogos-ut-a-demokraciaba-avagy-angolok-burok-xhoszak-zuluk-es-szotok-foldjen\/","name":"R\u00f6g\u00f6s \u00fat a demokr\u00e1ci\u00e1ba, avagy angolok, b\u00farok, xhosz\u00e1k, zuluk \u00e9s szotok f\u00f6ldj\u00e9n - Parola Foly\u00f3irat","isPartOf":{"@id":"https:\/\/kofe.hu\/parola\/#website"},"datePublished":"2020-08-04T13:06:01+00:00","author":{"@id":"https:\/\/kofe.hu\/parola\/#\/schema\/person\/39f7df93a3284f8e4df107f71c50e7f0"},"breadcrumb":{"@id":"https:\/\/kofe.hu\/parola\/parola-folyoirat\/rogos-ut-a-demokraciaba-avagy-angolok-burok-xhoszak-zuluk-es-szotok-foldjen\/#breadcrumb"},"inLanguage":"hu","potentialAction":[{"@type":"ReadAction","target":["https:\/\/kofe.hu\/parola\/parola-folyoirat\/rogos-ut-a-demokraciaba-avagy-angolok-burok-xhoszak-zuluk-es-szotok-foldjen\/"]}]},{"@type":"BreadcrumbList","@id":"https:\/\/kofe.hu\/parola\/parola-folyoirat\/rogos-ut-a-demokraciaba-avagy-angolok-burok-xhoszak-zuluk-es-szotok-foldjen\/#breadcrumb","itemListElement":[{"@type":"ListItem","position":1,"name":"Home","item":"https:\/\/kofe.hu\/parola\/"},{"@type":"ListItem","position":2,"name":"R\u00f6g\u00f6s \u00fat a demokr\u00e1ci\u00e1ba, avagy angolok, b\u00farok, xhosz\u00e1k, zuluk \u00e9s szotok f\u00f6ldj\u00e9n"}]},{"@type":"WebSite","@id":"https:\/\/kofe.hu\/parola\/#website","url":"https:\/\/kofe.hu\/parola\/","name":"Parola Foly\u00f3irat","description":"","potentialAction":[{"@type":"SearchAction","target":{"@type":"EntryPoint","urlTemplate":"https:\/\/kofe.hu\/parola\/?s={search_term_string}"},"query-input":{"@type":"PropertyValueSpecification","valueRequired":true,"valueName":"search_term_string"}}],"inLanguage":"hu"},{"@type":"Person","@id":"https:\/\/kofe.hu\/parola\/#\/schema\/person\/39f7df93a3284f8e4df107f71c50e7f0","name":"Solymosi Judit","image":{"@type":"ImageObject","inLanguage":"hu","@id":"https:\/\/kofe.hu\/parola\/#\/schema\/person\/image\/abe2bf51056bcf517f25d92a92e367b4","url":"https:\/\/secure.gravatar.com\/avatar\/e4e569e6fbbfcb02d4120ec00ae8645c04144a3d974395c387c0246197103368?s=96&d=mm&r=g","contentUrl":"https:\/\/secure.gravatar.com\/avatar\/e4e569e6fbbfcb02d4120ec00ae8645c04144a3d974395c387c0246197103368?s=96&d=mm&r=g","caption":"Solymosi Judit"},"url":"https:\/\/kofe.hu\/parola\/szerzok\/solymosi-judit\/"}]}},"_links":{"self":[{"href":"https:\/\/kofe.hu\/parola\/wp-json\/wp\/v2\/posts\/5220","targetHints":{"allow":["GET"]}}],"collection":[{"href":"https:\/\/kofe.hu\/parola\/wp-json\/wp\/v2\/posts"}],"about":[{"href":"https:\/\/kofe.hu\/parola\/wp-json\/wp\/v2\/types\/post"}],"author":[{"embeddable":true,"href":"https:\/\/kofe.hu\/parola\/wp-json\/wp\/v2\/users\/238"}],"replies":[{"embeddable":true,"href":"https:\/\/kofe.hu\/parola\/wp-json\/wp\/v2\/comments?post=5220"}],"version-history":[{"count":1,"href":"https:\/\/kofe.hu\/parola\/wp-json\/wp\/v2\/posts\/5220\/revisions"}],"predecessor-version":[{"id":5221,"href":"https:\/\/kofe.hu\/parola\/wp-json\/wp\/v2\/posts\/5220\/revisions\/5221"}],"wp:attachment":[{"href":"https:\/\/kofe.hu\/parola\/wp-json\/wp\/v2\/media?parent=5220"}],"wp:term":[{"taxonomy":"category","embeddable":true,"href":"https:\/\/kofe.hu\/parola\/wp-json\/wp\/v2\/categories?post=5220"},{"taxonomy":"post_tag","embeddable":true,"href":"https:\/\/kofe.hu\/parola\/wp-json\/wp\/v2\/tags?post=5220"},{"taxonomy":"author","embeddable":true,"href":"https:\/\/kofe.hu\/parola\/wp-json\/wp\/v2\/coauthors?post=5220"}],"curies":[{"name":"wp","href":"https:\/\/api.w.org\/{rel}","templated":true}]}}