{"id":5119,"date":"2020-08-04T11:22:38","date_gmt":"2020-08-04T11:22:38","guid":{"rendered":"https:\/\/kofe.hu\/parola\/?p=5119"},"modified":"2020-08-04T11:22:38","modified_gmt":"2020-08-04T11:22:38","slug":"angliai-elmenyek","status":"publish","type":"post","link":"https:\/\/kofe.hu\/parola\/parola-folyoirat\/angliai-elmenyek\/","title":{"rendered":"Angliai \u00e9lm\u00e9nyek"},"content":{"rendered":"<p style=\"text-align: justify;\"><span style=\"font-family: Times New Roman CE;\">J\u00falius 29-\u00e9n \u00e9rkezett haza Angli\u00e1b\u00f3l az a 14 f\u0151s csoport, amely a K\u00f6z\u00f6ss\u00e9gfejleszt\u0151k Hajd\u00fa-Bihar Megyei Egyes\u00fclet\u00e9nek szervez\u00e9s\u00e9ben h\u00e9t napot t\u00f6lt\u00f6tt a Yorkshire-i Todmorden v\u00e1rosk\u00e1ban. A debreceni, illetve Hajd\u00fa-Bihar megyei di\u00e1kokb\u00f3l \u00e1ll\u00f3 t\u00e1rsas\u00e1g a Red Water Arts m\u0171v\u00e9szeti mag\u00e1niskola vend\u00e9gszeretet\u00e9t \u00e9lvezte.<\/span><\/p>\n<p style=\"text-align: justify;\"><!--more--><br \/>\n<span style=\"font-family: Times New Roman CE;\">Az 1992 \u00f3ta m\u0171k\u00f6d\u0151 K\u00f6z\u00f6ss\u00e9gfejleszt\u0151k Hajd\u00fa-Bihar Megyei Egyes\u00fclete a helyi cselekv\u00e9sek seg\u00edt\u00e9s\u00e9n dolgoz\u00f3 \u00f6nk\u00e9ntes szakmai szervezet. C\u00e9lkit\u0171z\u00e9sei k\u00f6z\u00f6tt szerepel a k\u00fcl\u00f6nb\u00f6z\u0151 telep\u00fcl\u00e9sek, r\u00e9gi\u00f3k, orsz\u00e1gok kisk\u00f6z\u00f6ss\u00e9gei k\u00f6z\u00f6tti kapcsolatok \u00e9letre h\u00edv\u00e1sa, \u00e1pol\u00e1sa is.<\/span><br \/>\n<span style=\"font-family: Times New Roman CE;\">Az angol Red Water Arts vezet\u0151inek kezdem\u00e9nyez\u00e9s\u00e9re el\u0151sz\u00f6r az angol fiatalok hasonl\u00f3 deleg\u00e1ci\u00f3j\u00e1t l\u00e1ttuk vend\u00e9g\u00fcl tavaly j\u00faliusban Debrecenben, bemutatva nekik megy\u00e9nk n\u00e9phagyom\u00e1nyait. Ittl\u00e9t\u00fck els\u0151 napj\u00e1t\u00f3l kezdve r\u00e9szt vettek a programok lebonyol\u00edt\u00e1s\u00e1ban a majdan kiutaz\u00f3 magyar gyerekek, akiket \u00edgy szem\u00e9lyes ismer\u0151s\u00f6k, bar\u00e1tok fogadtak j\u00falius 22-\u00e9n a Red Water Arts kapuj\u00e1ban. Az \u00e9v sor\u00e1n v\u00e1ltott levelek, telefonok, a tavalyi \u00e9lm\u00e9nyek felid\u00e9z\u00e9se m\u00e1ris \u00f6r\u00f6mteliv\u00e9 tette a tal\u00e1lkoz\u00e1st, s ezt csak fokozta, hogy n\u00e9h\u00e1nyan k\u00f6z\u00fcl\u00fck bar\u00e1taikat, sz\u00fcleiket is elhozt\u00e1k els\u0151 angliai \u00fcdv\u00f6zl\u00e9s\u00fcnkre.<\/span><br \/>\n<span style=\"font-family: Times New Roman CE;\">Legels\u0151 \u00e9s az egy h\u00e9t alatt \u00fajra \u00e9s \u00fajra megism\u00e9tl\u0151d\u0151 benyom\u00e1suk a hangulatos k\u00f6z\u00e9p-angliai t\u00e1j sz\u00e9ps\u00e9ge \u00e9s az angolok v\u00e9gtelen kedvess\u00e9ge f\u00f6l\u00f6tt \u00e9rzett \u00f6r\u00f6m volt.<\/span><br \/>\n<span style=\"font-family: Times New Roman CE;\">M\u00e1r a m\u00e1sodik napon, a kisv\u00e1rosban tett s\u00e9ta, a facip\u0151-m\u00fazeum megtekint\u00e9se ut\u00e1n a Rochdale-canal \u00f3don zsilipei k\u00f6z\u00f6tt az egyetlen lovacska \u00e1ltal vontatott kishaj\u00f3n ismeretlen bar\u00e1tokra tal\u00e1ltunk. A s\u00e9tahaj\u00f3\u00fat ut\u00e1n egy kedves h\u00e1zasp\u00e1r te\u00e1ra invit\u00e1lt minket otthon\u00e1ba, ahol megcsod\u00e1lhattuk orvos h\u00e1zigazd\u00e1nk m\u0171v\u00e9szi sz\u00e9ps\u00e9g\u0171 amat\u0151r term\u00e9szetfot\u00f3it \u00e9s Kelet-Eur\u00f3p\u00e1r\u00f3l besz\u00e9lgett\u00fcnk. Az er\u0151s, \u00e9s tejjel igaz\u00e1n finom angol te\u00e1t sokan megszerett\u00fck.<\/span><br \/>\n<span style=\"font-family: Times New Roman CE;\">Ez tartotta benn\u00fcnk a lelket a tengerparti Blacpool-ban is, ahol az ipari m\u00e9ret\u0171 t\u00f6megsz\u00f3rakoztat\u00e1s l\u00e1tv\u00e1ny\u00e1t\u00f3l f\u00e1radtam a k\u00f6zmond\u00e1sosan b\u0151s\u00e9ges angol es\u0151 el\u0151l sz\u00e1mtalan kis te\u00e1z\u00f3 egyik\u00e9be h\u00faz\u00f3dtunk be.<\/span><br \/>\n<span style=\"font-family: Times New Roman CE;\">Michael Pamsell-t\u0151l a Red Water Arts vezet\u0151j\u00e9t\u0151l az angol fiatalok helyzet\u00e9r\u0151l \u00e9rdekl\u0151dt\u00fcnk. Megtudtuk, hogy ifj\u00fa bar\u00e1taink t\u00f6bbs\u00e9ge csonka csal\u00e1dban \u00e9l. Tov\u00e1bbtanul\u00e1sukat jelent\u0151s k\u00f6lcs\u00f6n\u00f6kb\u0151l csak \u00f6ner\u0151b\u0151l tudj\u00e1k fedezni. A Red Water Arts \u00e9ppen az \u0151 \u00e9s gyakran beilleszked\u00e9si zavarokkal is k\u00fczd\u0151 fiatalabb t\u00e1rsaik megseg\u00edt\u00e9s\u00e9n f\u00e1radozik. Hogy tennival\u00f3juk b\u0151ven lesz m\u00e9g, azt az ifj\u00fas\u00e1gi k\u00f6z\u00f6ss\u00e9gi h\u00e1zba tett l\u00e1togat\u00e1sunkon tapasztaltuk. Itt 12-25 \u00e9ves fiatalokt\u00f3l magunk is hallottuk, hogy intenz\u00edv doh\u00e1nyz\u00e1s mellett milyen gyakori a drog probl\u00e9ma, ami nem csoda, hiszen ezekhez a szerekhez gyakran hozz\u00e1 lehet jutni. A mi sz\u00f3haszn\u00e1latunkkal vesz\u00e9lyeztetett gyerekekb\u0151l \u00e1ll\u00f3 r\u00e9teg szocializ\u00e1ci\u00f3ja alacsony szint\u0171, \u00e9letes\u00e9lyeik legt\u00f6bbsz\u00f6r a munkan\u00e9lk\u00fcli seg\u00e9lyig terjednek, gyakori k\u00f6z\u00f6tt\u00fck a 16-17 \u00e9ves l\u00e1nyanya.<\/span><br \/>\n<span style=\"font-family: Times New Roman CE;\">H\u00e1zigazd\u00e1nk bevallottan a mi ottl\u00e9t\u00fcnket arra is felhaszn\u00e1lt\u00e1k, hogy ezeket a gyerekeket inform\u00e1ci\u00f3szeg\u00e9ny k\u00f6rnyezet\u00fckb\u0151l kimozd\u00edtva m\u00e1s \u00e9rt\u00e9kek, viselked\u00e9si norm\u00e1k fel\u00e9 terelj\u00e9k. Tett\u00e9k ezt azzal a meghat\u00f3an tapintatos pedag\u00f3giai ,tr\u00fckkel&#8221;, hogy a ,magyar gyerekeket seg\u00edts\u00e9k angolul tanulni&#8221;. A neves debreceni gimn\u00e1ziumokba j\u00e1r\u00f3 gyerekeink t\u00f6bbs\u00e9g\u00e9nek nem voltak nyelvi gondjai, sz\u00edvesen kezdem\u00e9nyeztek besz\u00e9lget\u00e9st a helyiekkel. Utunk egyik legfontosabb hozad\u00e9ka ez az utols\u00f3 estig tart\u00f3 folyamatos k\u00e9toldal\u00fa besz\u00e9lget\u00e9s \u00e9s bar\u00e1tkoz\u00e1s volt.<\/span><br \/>\n<span style=\"font-family: Times New Roman CE;\">A program l\u00e1tnival\u00f3kban is b\u0151velkedett. A tenger \u00e9l\u0151vil\u00e1g\u00e1t bemutat\u00f3 term\u00e9szettudom\u00e1nyi ki\u00e1ll\u00edt\u00e1son c\u00e1p\u00e1kat, r\u00e1j\u00e1kat csod\u00e1lhattunk, s\u0151t simogathattunk meg. Manchesterben csaknem egy teljes napot t\u00f6lt\u00f6tt\u00fcnk a technikat\u00f6rt\u00e9neti m\u00fazeumban, a legnagyobb \u00e9lm\u00e9ny\u00fcnk a t\u00f3vid\u00e9kre tett k\u00e9tnapos kir\u00e1ndul\u00e1s volt, ahol a Hayrigde-i term\u00e9szetv\u00e9delmi ter\u00fclet vend\u00e9gei voltunk. A tipikus angol k\u0151ker\u00edt\u00e9sekkel szabdalt \u00fcde legel\u0151k, misztikus p\u00e1r\u00e1ban \u00e1ll\u00f3 erd\u0151k \u00e9s sz\u0171nni nem akar\u00f3 apr\u00f3szem\u0171 es\u0151 k\u00f6zepette \u00e9rkezt\u00fcnk oda.<\/span><br \/>\n<span style=\"font-family: Times New Roman CE;\">Ez a k\u00e9t nap az erd\u0151 \u00e9s a fa jegy\u00e9ben telt el.<\/span><br \/>\n<span style=\"font-family: Times New Roman CE;\">L\u00e1ttunk sz\u00e9n\u00e9get\u00e9st r\u00e9gi \u00e9s \u00faj m\u00f3don, megmutatt\u00e1k a m\u00e9g m\u0171k\u00f6d\u0151 c\u00e9rnaors\u00f3kat k\u00e9sz\u00edt\u0151 150 \u00e9ves gy\u00e1rat. A k\u00fcl\u00f6n erre a c\u00e9lra termesztett g\u0151z\u00f6lt t\u00f6lgyf\u00e1b\u00f3l val\u00f3 kosarak k\u00e9sz\u00edt\u00e9s\u00e9t Owen Jones, az emberi er\u0151vel hajtott faeszterg\u00e1k m\u0171k\u00f6d\u00e9s\u00e9t Paul Girling m\u0171hely\u00e9ben ismerhett\u00fck meg. A k\u00f6rny\u00e9k erd\u0151inek gazdag fafajt\u00e1it \u00e9s sepr\u0171k\u00e9sz\u00edt\u00e9s\u00e9t Bill Hogart mutatta be nek\u00fcnk. Szem\u00e9ly\u00fckben olyan elhivatott embereket ismerhett\u00fcnk meg, akik mindent megtesznek a term\u00e9szeti \u00e9rt\u00e9kek megbecs\u00fcl\u00e9s\u00e9\u00e9rt, a k\u00f6rnyezet v\u00e9delm\u00e9\u00e9rt, a k\u00e9zm\u0171ves hagyom\u00e1nyok \u00e9letben tart\u00e1s\u00e1\u00e9rt.<\/span><br \/>\n<span style=\"font-family: Times New Roman CE;\">E k\u00e9t nap koron\u00e1ja a White Hart nev\u0171 \u00edr vend\u00e9gl\u0151ben elt\u00f6lt\u00f6tt este volt, Bouth v\u00e1rosk\u00e1ban. Helyi k\u00eds\u00e9r\u0151nk a szimpatikus fafarag\u00f3 \u00e9s \u00e9letm\u0171v\u00e9sz Walter Lloyd j\u00f3volt\u00e1b\u00f3l a tradicion\u00e1lis \u00edr n\u00e9pzen\u00e9t j\u00e1tsz\u00f3 ,Tara&#8221; egy\u00fcttes sz\u00f3rakoztatott minket a finom vacsora ut\u00e1n.<\/span><br \/>\n<span style=\"font-family: Times New Roman CE;\">Red Water Arts-beli h\u00e1ziasszonyunk, Sue, \u00edr sz\u00e1rmaz\u00e1s\u00e1t \u00e9s ragyog\u00f3 temperamentum\u00e1t kamatoztatva \u00edr dalokra \u00e9s t\u00e1ncokra is megtan\u00edtott benn\u00fcnket. A tavalyi, csap\u00f3kerti t\u00e1nch\u00e1zhoz foghat\u00f3, fergeteges hangulat\u00fa este volt.<\/span><br \/>\n<span style=\"font-family: Times New Roman CE;\">M\u00e1snap a t\u00f3vid\u00e9k fest\u0151i vid\u00e9k\u00e9n tov\u00e1bbutazva m\u00e9g egy meglepet\u00e9s v\u00e1rt r\u00e1nk. A gy\u00f6ny\u00f6r\u0171 szabadt\u00e9ri faszobrokat bemutat\u00f3 Grizedale Forest Centre ki\u00e1ll\u00edt\u00f3term\u00e9ben viszontl\u00e1thattuk a tavalyi magyar program k\u00e9peit, a debreceni utc\u00e1kat, a biharnagybajomi kocsim\u00fazeumot \u00e9s sok m\u00e1s kedves fot\u00f3t. H\u00e1zigazd\u00e1ink n\u00e9h\u00e1ny tabl\u00f3n \u00edgy mutatt\u00e1k be a sz\u00e9lesebb k\u00f6z\u00f6ns\u00e9gnek bar\u00e1ts\u00e1gunk t\u00f6rt\u00e9net\u00e9t.<\/span><br \/>\n<span style=\"font-family: Times New Roman CE;\">Elm\u00e9ly\u00fclt munk\u00e1val telt az utols\u00f3 nap. A Red Water Arts st\u00fadi\u00f3iban lin\u00f3metsz\u00e9ssel \u00e9s dr\u00e1maj\u00e1t\u00e9kkal pr\u00f3b\u00e1lkoztunk. A h\u00e1zigazd\u00e1nk \u00e9s az anim\u00e1torok \u00e1ltal a vezetett foglalkoz\u00e1sokon term\u00e9szetesen angol bar\u00e1taink is vel\u00fcnk dolgoztak, vel\u00fcnk \u00f6r\u00fcltek az est\u00e9re elk\u00e9sz\u00fclt alkot\u00e1soknak.<\/span><br \/>\n<span style=\"font-family: Times New Roman CE;\">K\u00f6z\u00f6s r\u0151zsegy\u0171jt\u00e9s, szabadt\u0171z\u00f6n s\u00fcl\u0151 finoms\u00e1gok, hatalmas parti z\u00e1rta a hetet. K\u00f6lcs\u00f6n\u00f6s aj\u00e1nd\u00e9koz\u00e1sok, c\u00edmcser\u00e9k, b\u00facs\u00fazkod\u00e1sok. A kedv\u00fcnk\u00e9rt fell\u00e9p\u0151 Mad Susan nev\u0171 remek helyi rockzenekarban k\u00e9zr\u0151l k\u00e9zre j\u00e1rnak a hangszerek. H\u00e1zigazd\u00e1nk Patrick fia improviz\u00e1l a dobon, egy angol kisfi\u00fanak szeretettel \u00e1t\u00e1ll\u00edtj\u00e1k a basszusgit\u00e1r hevederj\u00e9t, hogy j\u00e1tszhasson, egy magyar l\u00e1ny zenekari k\u00eds\u00e9rettel spiritu\u00e1l\u00e9t \u00e9nekel&#8230; A hangulat a tet\u0151fok\u00e1n, \u00e1lland\u00f3 k\u00eds\u00e9r\u0151ink a 12-14 \u00e9ves Dana, Charlotte \u00e9s Trevis h\u00e1tizs\u00e1kjukat cipelve hazafel\u00e9 k\u00e9sz\u00fcl\u0151dnek. Kicsit elszorult sz\u00edvvel \u00e1lljuk \u0151ket k\u00f6r\u00fcl, a t\u0171z mellett nem l\u00e1tszik, hogy szem\u00fcnk f\u00e9nyesebb. A torkunkban l\u00e9v\u0151 gomb\u00f3cot a mindig vid\u00e1m, kedvesen vad\u00f3c Charlotte szavainak hallat\u00e1n nevetj\u00fck ki magunkb\u00f3l. ,Szeretlek everybody!&#8221;<\/span><\/p>\n","protected":false},"excerpt":{"rendered":"<p>J\u00falius 29-\u00e9n \u00e9rkezett haza Angli\u00e1b\u00f3l az a 14 f\u0151s csoport, amely a K\u00f6z\u00f6ss\u00e9gfejleszt\u0151k Hajd\u00fa-Bihar Megyei Egyes\u00fclet\u00e9nek szervez\u00e9s\u00e9ben h\u00e9t napot t\u00f6lt\u00f6tt a Yorkshire-i Todmorden v\u00e1rosk\u00e1ban. A debreceni, illetve Hajd\u00fa-Bihar megyei di\u00e1kokb\u00f3l \u00e1ll\u00f3 t\u00e1rsas\u00e1g a Red Water Arts m\u0171v\u00e9szeti mag\u00e1niskola vend\u00e9gszeretet\u00e9t \u00e9lvezte.<\/p>\n","protected":false},"author":242,"featured_media":0,"comment_status":"open","ping_status":"open","sticky":false,"template":"","format":"standard","meta":{"_acf_changed":false,"footnotes":""},"categories":[338,8,7],"tags":[],"coauthors":[291],"class_list":["post-5119","post","type-post","status-publish","format-standard","hentry","category-parola-1994-4","category-parola-folyoirat","category-repertorium"],"acf":[],"yoast_head":"<!-- This site is optimized with the Yoast SEO plugin v26.7 - https:\/\/yoast.com\/wordpress\/plugins\/seo\/ -->\n<title>Angliai \u00e9lm\u00e9nyek - Parola Foly\u00f3irat<\/title>\n<meta name=\"robots\" content=\"index, follow, max-snippet:-1, max-image-preview:large, max-video-preview:-1\" \/>\n<link rel=\"canonical\" href=\"https:\/\/kofe.hu\/parola\/parola-folyoirat\/angliai-elmenyek\/\" \/>\n<meta property=\"og:locale\" content=\"hu_HU\" \/>\n<meta property=\"og:type\" content=\"article\" \/>\n<meta property=\"og:title\" content=\"Angliai \u00e9lm\u00e9nyek - Parola Foly\u00f3irat\" \/>\n<meta property=\"og:description\" content=\"J\u00falius 29-\u00e9n \u00e9rkezett haza Angli\u00e1b\u00f3l az a 14 f\u0151s csoport, amely a K\u00f6z\u00f6ss\u00e9gfejleszt\u0151k Hajd\u00fa-Bihar Megyei Egyes\u00fclet\u00e9nek szervez\u00e9s\u00e9ben h\u00e9t napot t\u00f6lt\u00f6tt a Yorkshire-i Todmorden v\u00e1rosk\u00e1ban. A debreceni, illetve Hajd\u00fa-Bihar megyei di\u00e1kokb\u00f3l \u00e1ll\u00f3 t\u00e1rsas\u00e1g a Red Water Arts m\u0171v\u00e9szeti mag\u00e1niskola vend\u00e9gszeretet\u00e9t \u00e9lvezte.\" \/>\n<meta property=\"og:url\" content=\"https:\/\/kofe.hu\/parola\/parola-folyoirat\/angliai-elmenyek\/\" \/>\n<meta property=\"og:site_name\" content=\"Parola Foly\u00f3irat\" \/>\n<meta property=\"article:published_time\" content=\"2020-08-04T11:22:38+00:00\" \/>\n<meta name=\"author\" content=\"Varga Matild\" \/>\n<meta name=\"twitter:card\" content=\"summary_large_image\" \/>\n<meta name=\"twitter:label1\" content=\"Szerz\u0151:\" \/>\n\t<meta name=\"twitter:data1\" content=\"Varga Matild\" \/>\n\t<meta name=\"twitter:label2\" content=\"Becs\u00fclt olvas\u00e1si id\u0151\" \/>\n\t<meta name=\"twitter:data2\" content=\"7 perc\" \/>\n\t<meta name=\"twitter:label3\" content=\"Written by\" \/>\n\t<meta name=\"twitter:data3\" content=\"Varga Matild\" \/>\n<script type=\"application\/ld+json\" class=\"yoast-schema-graph\">{\"@context\":\"https:\/\/schema.org\",\"@graph\":[{\"@type\":\"Article\",\"@id\":\"https:\/\/kofe.hu\/parola\/parola-folyoirat\/angliai-elmenyek\/#article\",\"isPartOf\":{\"@id\":\"https:\/\/kofe.hu\/parola\/parola-folyoirat\/angliai-elmenyek\/\"},\"author\":{\"name\":\"Varga Matild\",\"@id\":\"https:\/\/kofe.hu\/parola\/#\/schema\/person\/7e592f6b518b7f4fc9eb86633d425b47\"},\"headline\":\"Angliai \u00e9lm\u00e9nyek\",\"datePublished\":\"2020-08-04T11:22:38+00:00\",\"mainEntityOfPage\":{\"@id\":\"https:\/\/kofe.hu\/parola\/parola-folyoirat\/angliai-elmenyek\/\"},\"wordCount\":1388,\"commentCount\":0,\"articleSection\":[\"Parola 1994\/4\",\"Parola Foly\u00f3irat\",\"Repert\u00f3rium\"],\"inLanguage\":\"hu\",\"potentialAction\":[{\"@type\":\"CommentAction\",\"name\":\"Comment\",\"target\":[\"https:\/\/kofe.hu\/parola\/parola-folyoirat\/angliai-elmenyek\/#respond\"]}]},{\"@type\":\"WebPage\",\"@id\":\"https:\/\/kofe.hu\/parola\/parola-folyoirat\/angliai-elmenyek\/\",\"url\":\"https:\/\/kofe.hu\/parola\/parola-folyoirat\/angliai-elmenyek\/\",\"name\":\"Angliai \u00e9lm\u00e9nyek - Parola Foly\u00f3irat\",\"isPartOf\":{\"@id\":\"https:\/\/kofe.hu\/parola\/#website\"},\"datePublished\":\"2020-08-04T11:22:38+00:00\",\"author\":{\"@id\":\"https:\/\/kofe.hu\/parola\/#\/schema\/person\/7e592f6b518b7f4fc9eb86633d425b47\"},\"breadcrumb\":{\"@id\":\"https:\/\/kofe.hu\/parola\/parola-folyoirat\/angliai-elmenyek\/#breadcrumb\"},\"inLanguage\":\"hu\",\"potentialAction\":[{\"@type\":\"ReadAction\",\"target\":[\"https:\/\/kofe.hu\/parola\/parola-folyoirat\/angliai-elmenyek\/\"]}]},{\"@type\":\"BreadcrumbList\",\"@id\":\"https:\/\/kofe.hu\/parola\/parola-folyoirat\/angliai-elmenyek\/#breadcrumb\",\"itemListElement\":[{\"@type\":\"ListItem\",\"position\":1,\"name\":\"Home\",\"item\":\"https:\/\/kofe.hu\/parola\/\"},{\"@type\":\"ListItem\",\"position\":2,\"name\":\"Angliai \u00e9lm\u00e9nyek\"}]},{\"@type\":\"WebSite\",\"@id\":\"https:\/\/kofe.hu\/parola\/#website\",\"url\":\"https:\/\/kofe.hu\/parola\/\",\"name\":\"Parola Foly\u00f3irat\",\"description\":\"\",\"potentialAction\":[{\"@type\":\"SearchAction\",\"target\":{\"@type\":\"EntryPoint\",\"urlTemplate\":\"https:\/\/kofe.hu\/parola\/?s={search_term_string}\"},\"query-input\":{\"@type\":\"PropertyValueSpecification\",\"valueRequired\":true,\"valueName\":\"search_term_string\"}}],\"inLanguage\":\"hu\"},{\"@type\":\"Person\",\"@id\":\"https:\/\/kofe.hu\/parola\/#\/schema\/person\/7e592f6b518b7f4fc9eb86633d425b47\",\"name\":\"Varga Matild\",\"image\":{\"@type\":\"ImageObject\",\"inLanguage\":\"hu\",\"@id\":\"https:\/\/kofe.hu\/parola\/#\/schema\/person\/image\/ed5652f1a996d3084d225d960d6225a7\",\"url\":\"https:\/\/secure.gravatar.com\/avatar\/d951242cc40684bce4a24055cd2fef31e39880d9137fca6599a6ca353dc62a21?s=96&d=mm&r=g\",\"contentUrl\":\"https:\/\/secure.gravatar.com\/avatar\/d951242cc40684bce4a24055cd2fef31e39880d9137fca6599a6ca353dc62a21?s=96&d=mm&r=g\",\"caption\":\"Varga Matild\"},\"url\":\"https:\/\/kofe.hu\/parola\/szerzok\/varga-matild\/\"}]}<\/script>\n<!-- \/ Yoast SEO plugin. -->","yoast_head_json":{"title":"Angliai \u00e9lm\u00e9nyek - Parola Foly\u00f3irat","robots":{"index":"index","follow":"follow","max-snippet":"max-snippet:-1","max-image-preview":"max-image-preview:large","max-video-preview":"max-video-preview:-1"},"canonical":"https:\/\/kofe.hu\/parola\/parola-folyoirat\/angliai-elmenyek\/","og_locale":"hu_HU","og_type":"article","og_title":"Angliai \u00e9lm\u00e9nyek - Parola Foly\u00f3irat","og_description":"J\u00falius 29-\u00e9n \u00e9rkezett haza Angli\u00e1b\u00f3l az a 14 f\u0151s csoport, amely a K\u00f6z\u00f6ss\u00e9gfejleszt\u0151k Hajd\u00fa-Bihar Megyei Egyes\u00fclet\u00e9nek szervez\u00e9s\u00e9ben h\u00e9t napot t\u00f6lt\u00f6tt a Yorkshire-i Todmorden v\u00e1rosk\u00e1ban. A debreceni, illetve Hajd\u00fa-Bihar megyei di\u00e1kokb\u00f3l \u00e1ll\u00f3 t\u00e1rsas\u00e1g a Red Water Arts m\u0171v\u00e9szeti mag\u00e1niskola vend\u00e9gszeretet\u00e9t \u00e9lvezte.","og_url":"https:\/\/kofe.hu\/parola\/parola-folyoirat\/angliai-elmenyek\/","og_site_name":"Parola Foly\u00f3irat","article_published_time":"2020-08-04T11:22:38+00:00","author":"Varga Matild","twitter_card":"summary_large_image","twitter_misc":{"Szerz\u0151:":"Varga Matild","Becs\u00fclt olvas\u00e1si id\u0151":"7 perc","Written by":"Varga Matild"},"schema":{"@context":"https:\/\/schema.org","@graph":[{"@type":"Article","@id":"https:\/\/kofe.hu\/parola\/parola-folyoirat\/angliai-elmenyek\/#article","isPartOf":{"@id":"https:\/\/kofe.hu\/parola\/parola-folyoirat\/angliai-elmenyek\/"},"author":{"name":"Varga Matild","@id":"https:\/\/kofe.hu\/parola\/#\/schema\/person\/7e592f6b518b7f4fc9eb86633d425b47"},"headline":"Angliai \u00e9lm\u00e9nyek","datePublished":"2020-08-04T11:22:38+00:00","mainEntityOfPage":{"@id":"https:\/\/kofe.hu\/parola\/parola-folyoirat\/angliai-elmenyek\/"},"wordCount":1388,"commentCount":0,"articleSection":["Parola 1994\/4","Parola Foly\u00f3irat","Repert\u00f3rium"],"inLanguage":"hu","potentialAction":[{"@type":"CommentAction","name":"Comment","target":["https:\/\/kofe.hu\/parola\/parola-folyoirat\/angliai-elmenyek\/#respond"]}]},{"@type":"WebPage","@id":"https:\/\/kofe.hu\/parola\/parola-folyoirat\/angliai-elmenyek\/","url":"https:\/\/kofe.hu\/parola\/parola-folyoirat\/angliai-elmenyek\/","name":"Angliai \u00e9lm\u00e9nyek - Parola Foly\u00f3irat","isPartOf":{"@id":"https:\/\/kofe.hu\/parola\/#website"},"datePublished":"2020-08-04T11:22:38+00:00","author":{"@id":"https:\/\/kofe.hu\/parola\/#\/schema\/person\/7e592f6b518b7f4fc9eb86633d425b47"},"breadcrumb":{"@id":"https:\/\/kofe.hu\/parola\/parola-folyoirat\/angliai-elmenyek\/#breadcrumb"},"inLanguage":"hu","potentialAction":[{"@type":"ReadAction","target":["https:\/\/kofe.hu\/parola\/parola-folyoirat\/angliai-elmenyek\/"]}]},{"@type":"BreadcrumbList","@id":"https:\/\/kofe.hu\/parola\/parola-folyoirat\/angliai-elmenyek\/#breadcrumb","itemListElement":[{"@type":"ListItem","position":1,"name":"Home","item":"https:\/\/kofe.hu\/parola\/"},{"@type":"ListItem","position":2,"name":"Angliai \u00e9lm\u00e9nyek"}]},{"@type":"WebSite","@id":"https:\/\/kofe.hu\/parola\/#website","url":"https:\/\/kofe.hu\/parola\/","name":"Parola Foly\u00f3irat","description":"","potentialAction":[{"@type":"SearchAction","target":{"@type":"EntryPoint","urlTemplate":"https:\/\/kofe.hu\/parola\/?s={search_term_string}"},"query-input":{"@type":"PropertyValueSpecification","valueRequired":true,"valueName":"search_term_string"}}],"inLanguage":"hu"},{"@type":"Person","@id":"https:\/\/kofe.hu\/parola\/#\/schema\/person\/7e592f6b518b7f4fc9eb86633d425b47","name":"Varga Matild","image":{"@type":"ImageObject","inLanguage":"hu","@id":"https:\/\/kofe.hu\/parola\/#\/schema\/person\/image\/ed5652f1a996d3084d225d960d6225a7","url":"https:\/\/secure.gravatar.com\/avatar\/d951242cc40684bce4a24055cd2fef31e39880d9137fca6599a6ca353dc62a21?s=96&d=mm&r=g","contentUrl":"https:\/\/secure.gravatar.com\/avatar\/d951242cc40684bce4a24055cd2fef31e39880d9137fca6599a6ca353dc62a21?s=96&d=mm&r=g","caption":"Varga Matild"},"url":"https:\/\/kofe.hu\/parola\/szerzok\/varga-matild\/"}]}},"_links":{"self":[{"href":"https:\/\/kofe.hu\/parola\/wp-json\/wp\/v2\/posts\/5119","targetHints":{"allow":["GET"]}}],"collection":[{"href":"https:\/\/kofe.hu\/parola\/wp-json\/wp\/v2\/posts"}],"about":[{"href":"https:\/\/kofe.hu\/parola\/wp-json\/wp\/v2\/types\/post"}],"author":[{"embeddable":true,"href":"https:\/\/kofe.hu\/parola\/wp-json\/wp\/v2\/users\/242"}],"replies":[{"embeddable":true,"href":"https:\/\/kofe.hu\/parola\/wp-json\/wp\/v2\/comments?post=5119"}],"version-history":[{"count":1,"href":"https:\/\/kofe.hu\/parola\/wp-json\/wp\/v2\/posts\/5119\/revisions"}],"predecessor-version":[{"id":5120,"href":"https:\/\/kofe.hu\/parola\/wp-json\/wp\/v2\/posts\/5119\/revisions\/5120"}],"wp:attachment":[{"href":"https:\/\/kofe.hu\/parola\/wp-json\/wp\/v2\/media?parent=5119"}],"wp:term":[{"taxonomy":"category","embeddable":true,"href":"https:\/\/kofe.hu\/parola\/wp-json\/wp\/v2\/categories?post=5119"},{"taxonomy":"post_tag","embeddable":true,"href":"https:\/\/kofe.hu\/parola\/wp-json\/wp\/v2\/tags?post=5119"},{"taxonomy":"author","embeddable":true,"href":"https:\/\/kofe.hu\/parola\/wp-json\/wp\/v2\/coauthors?post=5119"}],"curies":[{"name":"wp","href":"https:\/\/api.w.org\/{rel}","templated":true}]}}