{"id":5111,"date":"2020-08-04T11:15:51","date_gmt":"2020-08-04T11:15:51","guid":{"rendered":"https:\/\/kofe.hu\/parola\/?p=5111"},"modified":"2020-08-04T11:15:51","modified_gmt":"2020-08-04T11:15:51","slug":"muvelodesi-otthoni-alternativak-a-puspokladanyi-varians-i","status":"publish","type":"post","link":"https:\/\/kofe.hu\/parola\/parola-folyoirat\/muvelodesi-otthoni-alternativak-a-puspokladanyi-varians-i\/","title":{"rendered":"M\u0171vel\u0151d\u00e9si otthoni alternat\u00edv\u00e1k: A p\u00fcsp\u00f6klad\u00e1nyi vari\u00e1ns I."},"content":{"rendered":"<p style=\"text-align: justify;\"><span style=\"font-family: Times New Roman CE;\">c\u00edmmel \u00e9vekkel ezel\u0151tt esettanulm\u00e1ny-gy\u0171jtem\u00e9ny kiad\u00e1s\u00e1t tervezt\u00fck, de r\u00e1 kellett j\u00f6nn\u00fcnk, hogy meg\u00fajult vil\u00e1gunk kor\u00e1ntsem teremtett ezen int\u00e9zm\u00e9nyrendszer m\u0171k\u00f6d\u00e9s\u00e9ben (\u00e9s persze m\u0171k\u00f6dtet\u00e9s\u00e9ben) annyi \u00fajfajta vari\u00e1ci\u00f3t, amellyel megt\u00f6lthett\u00fcnk volna 3-4 nyomdai \u00edvet.<\/span><\/p>\n<p><!--more--><\/p>\n<p style=\"text-align: justify;\"><span style=\"font-family: Times New Roman CE;\"> Arra gondoltunk ezt k\u00f6vet\u0151en, hogy szakmai tan\u00e1cskoz\u00e1sokat szervez\u00fcnk azokra a helysz\u00ednekre avagy azokr\u00f3l az \u00fajdons\u00e1gokr\u00f3l, amelyeket meg\u00fajult \u00e1llapot\u00fanak tapasztaltunk. Szervezt\u00fcnk teh\u00e1t f\u00f3rumot Haj\u00f3sra \u00e9s J\u00e1szszentl\u00e1szl\u00f3ra, rendezt\u00fcnk t\u00f6bb region\u00e1lis megbesz\u00e9l\u00e9st a m\u0171vel\u0151d\u00e9si otthonok egyes\u00fcleti m\u0171k\u00f6dtet\u00e9s\u00e9r\u0151l, \u00e9s a francia p\u00e9ld\u00e1r\u00f3l az\u00f3ta kiadv\u00e1nyunk is megjelent. A kiskunhalasi \u00e9s a p\u00fcsp\u00f6klad\u00e1nyi p\u00e9ld\u00e1val k\u00f6rbej\u00e1rtuk az orsz\u00e1got az elm\u00falt \u00e9v sor\u00e1n, b\u00e1r szomor\u00faan tapasztaltuk, hogy egy-egy helysz\u00ednen ink\u00e1bb n\u00e9pm\u0171vel\u0151k, mintsem polg\u00e1rmesterek \u00e9s jegyz\u0151k, felel\u0151s \u00f6nkorm\u00e1nyzati k\u00e9pvisel\u0151k voltak a t\u00e9ma ir\u00e1nt \u00e9rdekl\u0151d\u0151k. Persze nem a szakmai \u00e9rdekl\u0151d\u00e9st \u00e9rz\u00e9kelt\u00fck lehangoltan, hanem a felel\u0151s vezet\u0151k ez ir\u00e1nti k\u00f6z\u00f6mb\u00f6ss\u00e9g\u00e9t, b\u00e1r tagadhatatlan, hogy az \u00fat, a v\u00edz, a csatorna, a szennyv\u00edztiszt\u00edt\u00e1s, az iskola visszatelep\u00edt\u00e9se vagy ak\u00e1r a hajdani k\u00f6z\u00f6s vagyon megoszt\u00e1sa \u00e9s nem utols\u00f3sorban az \u00fajfajta k\u00f6zhatalom gyakorl\u00e1sa elvonta \u00e9s elvonhatta a figyelmet a k\u00f6zm\u0171vel\u0151d\u00e9s helyb\u00e9li \u00e1llapot\u00e1r\u00f3l ugyan\u00fagy, mint a helyi m\u0171vel\u0151d\u00e9si-k\u00f6z\u00e9leti aktivit\u00e1s \u00e1ltalunk k\u00f6telez\u0151nek v\u00e9lt serkent\u00e9s\u00e9r\u0151l.<\/span><br \/>\n<span style=\"font-family: Times New Roman CE;\">Be kell valljam: magam azt hittem, hogy az elm\u00falt n\u00e9gy \u00e9v sor\u00e1n a fenntart\u00f3i-m\u0171k\u00f6dtet\u0151i k\u00f6rben jeles v\u00e1ltoz\u00e1sok t\u00f6rt\u00e9nnek majd. Felt\u00e9teleztem az egyes\u00fcleti, az egyh\u00e1zi, a p\u00e1rtokhoz \u00e9s a szakszervezetekhez, az ipartest\u00fcletekhez \u00e9s a nagyobb v\u00e1llalkoz\u00f3khoz kapcsol\u00f3d\u00f3 int\u00e9zm\u00e9nyeket, mint ahogy azt is, hogy az akkor \u00faj korm\u00e1nyzatnak sz\u00edv\u00fcgye lesz a kult\u00fara, a m\u0171vel\u0151d\u00e9s \u00e9s az ebb\u00e9li \u00e1llampolg\u00e1ri \u00f6ntev\u00e9kenys\u00e9g serkent\u00e9se, gy\u00e1mol\u00edt\u00e1sa. Abban is bizakodtam, hogy a n\u00e9pm\u0171vel\u0151k az akkor meg\u00e9lt hatalmas v\u00e1ltoz\u00e1sok vez\u00e9rl\u0151i, a civil t\u00e1rsadalom ki\u00e9p\u00fcl\u00e9s\u00e9nek legf\u0151bb szorgalmaz\u00f3i, mintegy helyb\u00e9li szak\u00e9rt\u0151i lesznek, ily m\u00f3don t\u00e9ve magukat nemcsak fontoss\u00e1, hanem n\u00e9lk\u00fcl\u00f6zhetetlenn\u00e9. Rem\u00e9nykedtem, hogy a m\u0171vel\u0151d\u00e9si otthon m\u0171k\u00f6dtet\u00e9se mellett marad idej\u00fck \u00e9s energi\u00e1juk, fant\u00e1zi\u00e1juk \u00e9s kedv\u00fck, nem utols\u00f3 sorban elhivatotts\u00e1guk a helyi t\u00e1rsadalom nem hatalmi szempont\u00fa f\u00f6l\u00e9p\u00edt\u00e9s\u00e9re ann\u00e1l is ink\u00e1bb, mert helyben nincs m\u00e1s \u00e9rtelmis\u00e9gi, aki e hi\u00e1nyp\u00f3tl\u00e1sban k\u00f6zrem\u0171k\u00f6dhetne.<\/span><br \/>\n<span style=\"font-family: Times New Roman CE;\">Csalatkoztam? &#8211; tal\u00e1n igen. A ,tal\u00e1n&#8221; sz\u00f3csk\u00e1t lehet, hogy jobb \u00e9rz\u00e9seim megtart\u00e1sa v\u00e9gett, puszt\u00e1n \u00f6nv\u00e9delemb\u0151l \u00edrom, b\u00e1r ki tudja, hogy mi van a j\u00f6vend\u0151 m\u00e9h\u00e9ben, mi k\u00e9sz\u00fcl \u00e9s form\u00e1l\u00f3dik csendben \u00e9s titokban a mai zavarhelyzet felsz\u00edne alatt. Gondolom, lesz m\u00f3d \u00e9s lehet\u0151s\u00e9g e has\u00e1bokon err\u0151l k\u00f6z\u00f6sen sz\u00f3t v\u00e1ltani, mint ahogy lehet\u0151s\u00e9get ker\u00edt\u00fcnk arra, hogy az erre utal\u00f3 jegyeket tavalyi f\u00f6lm\u00e9r\u00e9s\u00fcnk elemez\u00e9se ut\u00e1n e sorozatban k\u00f6zz\u00e9tegy\u00fck. V\u00e1rjuk teh\u00e1t a megjegyz\u00e9seket \u00e9s a hozz\u00e1sz\u00f3l\u00e1sokat ak\u00e1r a most \u00e9s a k\u00e9s\u0151bbiekben e felc\u00edm alatt megjelent dokumentumokhoz \u00e9s eszmefuttat\u00e1sokhoz, de persze az alternat\u00edv\u00e1kat m\u00e1sk\u00e9ppen \u00e9s m\u00e1s m\u00f3don megtal\u00e1l\u00f3kt\u00f3l \u00e9ppen \u00fagy.<\/span><br \/>\n<span style=\"font-family: Times New Roman CE;\">Ennyi bevezet\u0151 besz\u00e9ly ut\u00e1n k\u00f6vetkezz\u00e9k a leg\u00e9rdekesebb (megjegyzem: a legradik\u00e1lisabb) v\u00e1ltoz\u00e1s, a p\u00fcsp\u00f6klad\u00e1nyi polg\u00e1rmesteri el\u0151terjeszt\u00e9s m\u00e9g 1991-b\u0151l (\u00e9s ezt k\u00f6vet\u0151en k\u00f6vetkez\u0151 sz\u00e1munkban az ekk\u00e9nt kialak\u00edtott helyzetr\u0151l sz\u00f3l\u00f3 besz\u00e1mol\u00f3 is) okul\u00e1sul \u00e9s vitak\u00e9ppen:<\/span><\/p>\n<p><span style=\"font-family: Times New Roman CE;\">Beke P\u00e1l<\/span><br \/>\n<span style=\"font-family: Times New Roman CE;\">Javaslat<\/span><br \/>\n<span style=\"font-family: Times New Roman CE;\">a k\u00f6zm\u0171vel\u0151d\u00e9s szervezet\u00e9nek \u00e9s t\u00e1mogat\u00e1si<\/span><br \/>\n<span style=\"font-family: Times New Roman CE;\">rendszer\u00e9nek \u00e1tszervez\u00e9s\u00e9re P\u00fcsp\u00f6klad\u00e1nyban<\/span><\/p>\n<p><span style=\"font-family: Times New Roman CE;\">1. A jelenlegi rendszer ellentmond\u00e1sai<\/span><br \/>\n<span style=\"font-family: Times New Roman CE;\">Bevezet\u00e9sk\u00e9nt \u00e1t kell tekinten\u00fcnk azokat a folyamatokat \u00e9s probl\u00e9m\u00e1kat, melyek a jelenlegi helyzet megv\u00e1ltoztat\u00e1s\u00e1t indokolj\u00e1k.<\/span><br \/>\n<span style=\"font-family: Times New Roman CE;\">Az elm\u00falt rendszer \u00e9vtizedei alatt az emberek k\u00f6z\u00f6tti kapcsolatok sz\u00e9tzil\u00e1l\u00f3dtak. Megsz\u0171ntek a civil szervezetek, k\u00f6z\u00f6ss\u00e9gek; a szolidarit\u00e1s, a j\u00f3t\u00e9konys\u00e1g, a mecenat\u00fara, az \u00f6ntev\u00e9kenys\u00e9g, a politikamentes egy\u00fcttl\u00e9t r\u00e9szben nemk\u00edv\u00e1natoss\u00e1 v\u00e1lt, r\u00e9szben az egyenl\u0151sdi miatt a felt\u00e9telei sem alakulhattak ki.<\/span><br \/>\n<span style=\"font-family: Times New Roman CE;\">A szocialista kult\u00fara fontoss\u00e1g\u00e1t hangs\u00falyozva, a paternalista \u00e1llam k\u00e9nytelen volt mesters\u00e9gesen l\u00e9trehozni a k\u00f6zm\u0171vel\u0151d\u00e9s centrumait, a m\u0171vel\u0151d\u00e9si k\u00f6zpontok orsz\u00e1gos h\u00e1l\u00f3zat\u00e1t. A modernked\u0151, monument\u00e1lis beruh\u00e1z\u00e1sok k\u00f6lts\u00e9gig\u00e9nyess\u00e9ge mellett ezek a k\u00f6zpontok &#8211; ,a kult\u00fara fellegv\u00e1rai&#8221; &#8211; \u00e9vtizedekig szinte kiz\u00e1r\u00f3lagos c\u00edmzettjei voltak a k\u00f6lts\u00e9gvet\u00e9si t\u00e1mogat\u00e1soknak. Ha elv\u00e9tve alakultak is kultur\u00e1lis c\u00e9lra \u00f6ntev\u00e9keny szervezetek, anyagiak h\u00edj\u00e1n ,labd\u00e1ba sem r\u00faghattak&#8221; a hivat\u00e1sos n\u00e9pm\u0171vel\u0151 szervezetek mellett &#8211; lesz\u00e1m\u00edtva az ut\u00f3bbi \u00e9vek n\u00e9h\u00e1ny er\u0151tlen pr\u00f3b\u00e1lkoz\u00e1s\u00e1t a k\u00f6zponti p\u00e1ly\u00e1zatok megjelen\u00e9s\u00e9vel. Az infl\u00e1ci\u00f3 n\u00f6veked\u00e9s\u00e9vel pedig a t\u00falm\u00e9retezett k\u00f6zpontok \u00fagy ,nyelt\u00e9k&#8221; a p\u00e9nzt, hogy egyre kevesebb jutott ,val\u00f3di&#8221; n\u00e9pm\u0171vel\u00e9sre.<\/span><br \/>\n<span style=\"font-family: Times New Roman CE;\">A bev\u00e9telek ut\u00e1ni hajsza a kommersz kult\u00fara fel\u00e9 k\u00e9nyszer\u00edtette a m\u0171vel\u0151d\u00e9si h\u00e1zakat.<\/span><br \/>\n<span style=\"font-family: Times New Roman CE;\">Az oktat\u00e1si int\u00e9zm\u00e9nyrendszer elszeg\u00e9nyed\u00e9se a pedag\u00f3gusokat is kiszor\u00edtotta az \u00f6ntev\u00e9keny n\u00e9pm\u0171vel\u00e9sb\u0151l. Tehetetlens\u00e9g\u00e9t felismerve, az \u00e1llam v\u00e9g\u00fcl a szakmai elv\u00e1r\u00e1sokt\u00f3l is eltekintett. Mind\u00f6ssze egy k\u00f6vetelm\u00e9ny maradt: a sz\u0171k\u00f6s k\u00f6lts\u00e9gvet\u00e9si t\u00e1mogat\u00e1s ellen\u00e9re \u00e9letben tartani, m\u0171k\u00f6dtetni a l\u00e9trehozott int\u00e9zm\u00e9nyeket, elker\u00fclni a drasztikus ,fogy\u00f3k\u00far\u00e1t&#8221;. A l\u00e9tfenntart\u00e1s els\u0151dleges \u00e9rdek\u00e9v\u00e9 v\u00e1lt a k\u00f6zm\u0171vel\u0151d\u00e9sben dolgoz\u00f3knak is, az int\u00e9zm\u00e9ny m\u0171k\u00f6dtet\u00e9se egyetlen alternat\u00edva maradt a munkan\u00e9lk\u00fclis\u00e9ggel szemben. Az \u00e9rdekk\u00e9pviseletek aktiviz\u00e1l\u00f3dtak, a szakemberek \u00e9rdekl\u0151d\u00e9s\u00e9ben el\u0151t\u00e9rbe ker\u00fcltek a kommersz kultur\u00e1lis szolg\u00e1ltat\u00e1sok.<\/span><br \/>\n<span style=\"font-family: Times New Roman CE;\">A civil t\u00e1rsadalom \u00f6nszervez\u0151d\u00e9se, a m\u0171v\u00e9szi \u00e9rt\u00e9kek felismer\u00e9se, \u0151rz\u00e9se \u00e9s terjeszt\u00e9se, a t\u00e1rsadalmi mobilit\u00e1s konfliktusainak kezel\u00e9se, a fizet\u0151k\u00e9ptelen r\u00e9tegek \u00e9s koroszt\u00e1lyok m\u0171vel\u0151d\u00e9s\u00e9t \u00e9s sz\u00f3rakoztat\u00e1s\u00e1t seg\u00edt\u0151, megold\u00f3 koncepci\u00f3k, m\u00f3dszerek kidolgoz\u00e1sa \u00e9s alkalmaz\u00e1sa h\u00e1tt\u00e9rbe szorult.<\/span><\/p>\n<p><span style=\"font-family: Times New Roman CE;\">A felsorolt probl\u00e9m\u00e1k P\u00fcsp\u00f6klad\u00e1nyban is jellemz\u0151ek:<\/span><br \/>\n<span style=\"font-family: Times New Roman CE;\">&#8211; a m\u0171vel\u0151d\u00e9si k\u00f6zpont fenntart\u00e1s\u00e1hoz a k\u00f6lts\u00e9gvet\u00e9s, t\u00e1mogat\u00e1s mellett a kommersz kultur\u00e1lis szolg\u00e1ltat\u00e1sok bev\u00e9telei n\u00e9lk\u00fcl\u00f6zhetetlenek,<\/span><br \/>\n<span style=\"font-family: Times New Roman CE;\">&#8211; a megl\u00e9v\u0151 \u00e9s sorra alakul\u00f3 \u00f6ntev\u00e9keny szervezeteknek es\u00e9ly\u00fck sincs a t\u00e9rnyer\u00e9sre az elhanyagolhat\u00f3 m\u00e9rt\u00e9k\u0171 k\u00f6lts\u00e9gvet\u00e9si t\u00e1mogat\u00e1s mellett,<\/span><br \/>\n<span style=\"font-family: Times New Roman CE;\">&#8211; az \u00f6nkorm\u00e1nyzat nem hat\u00e1roz meg t\u00e1mogatott k\u00f6zm\u0171vel\u0151d\u00e9si feladatokat, nem ad egyenl\u0151 es\u00e9lyt az ezek megold\u00e1s\u00e1ra v\u00e1llalkoz\u00f3k sz\u00e1m\u00e1ra, nincs szabad p\u00e9nzforr\u00e1sa az \u00faj \u00f6tletek, az \u00fajonnan felmer\u00fcl\u0151 t\u00e1rsadalmi ig\u00e9nyek finansz\u00edroz\u00e1s\u00e1ra.<\/span><br \/>\n<span style=\"font-family: Times New Roman CE;\">A megold\u00e1s k\u00e9zenfekv\u0151: meg kell hat\u00e1rozni az \u00f6nkorm\u00e1nyzat \u00e1ltal t\u00e1mogatand\u00f3 c\u00e9lokat \u00e9s feladatokat, majd l\u00e9trehozni egy olyan finansz\u00edroz\u00e1si sziszt\u00e9m\u00e1t, mely a rendelkez\u00e9sre \u00e1ll\u00f3 forr\u00e1sokat k\u00f6zvetlen\u00fcl azokhoz juttatja el, akik a feladatok megold\u00e1s\u00e1ra v\u00e1llalkoznak.<\/span><br \/>\n<span style=\"font-family: Times New Roman CE;\">Ez persze \u00edgy egyszer\u0171nek t\u0171nik, de \u00e1tgondolva, t\u00f6bb probl\u00e9ma is felvet\u0151dik.<\/span><\/p>\n<p><span style=\"font-family: Times New Roman CE;\">2. Az \u00faj rendszer alapelvei<\/span><br \/>\n<span style=\"font-family: Times New Roman CE;\">Sz\u00e9t kell v\u00e1lasztani a kommersz \u00e9s a t\u00e1mogatand\u00f3 kult\u00far\u00e1t an\u00e9lk\u00fcl, hogy a megszokott szolg\u00e1ltat\u00e1sok nagyobb sz\u00e1mban megsz\u0171nn\u00e9nek. V\u00e1llalkoz\u00f3kat kell tal\u00e1lni a diszk\u00f3ra, a mozira, a vide\u00f3z\u00e1sra, a tanfolyamszervez\u00e9sre. K\u00fcl\u00f6n csoportot alkotnak azok a feladatok, melyekre bizonyos m\u00e9rt\u00e9k\u0171 fizet\u0151k\u00e9pes kereslet van, de amelyeket egy\u00fattal k\u00f6lts\u00e9gvet\u00e9si t\u00e1mogat\u00e1ssal kedvezm\u00e9nyess\u00e9 k\u00edv\u00e1nunk tenni (pl. sz\u00fcnidei gyerekt\u00e1borok). A t\u00e1mogatott feladatok csoportj\u00e1ba tartoznak olyanok, melyeknek v\u00e9grehajt\u00e1s\u00e1ra bizonyos szervezetek tev\u00e9kenys\u00e9ge ir\u00e1nyul (pl. hagyom\u00e1ny\u0151rz\u0151 egy\u00fcttesek; m\u0171v\u00e9szeti csoportok). Ezeket a szervezeteket normat\u00edv m\u00f3don is t\u00e1mogatni kell, biztos\u00edtani m\u0171k\u00f6d\u00e9si felt\u00e9teleiket, de az alapfeladatukon t\u00fal egy\u00e9b v\u00e1rosi jelent\u0151s\u00e9g\u0171 egyszeri, vagy rendszeres akci\u00f3kat is felv\u00e1llalhatnak, melyeket k\u00fcl\u00f6n kell finansz\u00edrozni. A t\u00e1mogatand\u00f3 feladatok m\u00e1sik r\u00e9sze nem k\u00f6t\u0151dik megl\u00e9v\u0151 \u00e1lland\u00f3 szervezethez, azokat b\u00e1rki felv\u00e1llalhatja, akinek tapasztalata, elk\u00e9pzel\u00e9se, \u00e9rdekl\u0151d\u00e9se van a t\u00e9m\u00e1val kapcsolatban. Ezeket p\u00e1ly\u00e1ztatni kell, szakszer\u0171 zs\u0171rinek kell elb\u00edr\u00e1lni a p\u00e1ly\u00e1zatokat, majd \u00e9rt\u00e9kelni a feladatok v\u00e9grehajt\u00e1s\u00e1t, az \u00f6sszegek felhaszn\u00e1l\u00e1s\u00e1t. (A feladatokra p\u00e1ly\u00e1z\u00f3kat nevezem v\u00e1llalkoz\u00f3knak, teh\u00e1t itt nem a piacgazdas\u00e1g v\u00e1llalkoz\u00f3ir\u00f3l van sz\u00f3.)<\/span><br \/>\n<span style=\"font-family: Times New Roman CE;\">A t\u00e1mogatand\u00f3 feladatok kiv\u00e1laszt\u00e1sa nagy k\u00f6r\u00fcltekint\u00e9st ig\u00e9nyel, fontos, hogy azok a k\u00f6zv\u00e9lem\u00e9ny sz\u00e1m\u00e1ra is elismert c\u00e9lok legyenek, k\u00f6z\u00fcggy\u00e9 v\u00e1ljanak &#8211; csak ekkor sz\u00e1m\u00edthatunk arra, hogy k\u00fcls\u0151 szponzorok is felsorakoznak a t\u00e1mogat\u00f3k k\u00f6z\u00e9.<\/span><br \/>\n<span style=\"font-family: Times New Roman CE;\">\u00c9s itt el\u00e9rkezt\u00fcnk az egyik kulcsfontoss\u00e1g\u00fa t\u00e9nyez\u0151h\u00f6z: nagyon pontosan kell felm\u00e9rni az egyes feladatok v\u00e9grehajt\u00e1s\u00e1nak k\u00f6lts\u00e9gig\u00e9ny\u00e9t (b\u00e9r, anyag, eszk\u00f6z, teremb\u00e9rlet, stb.)<\/span><br \/>\n<span style=\"font-family: Times New Roman CE;\">Kezdetben v\u00e1rhat\u00f3an az \u00f6nkorm\u00e1nyzati t\u00e1mogat\u00e1s domin\u00e1l, de ha a feladatot k\u00f6r\u00fcltekint\u0151en v\u00e1lasztottuk ki, akkor sz\u00e1m\u00edtani lehet a szponzorok megjelen\u00e9s\u00e9re. A t\u00e1mogat\u00e1s \u00f6sszege megfelel\u0151 j\u00f6vedelmet biztos\u00edtson a v\u00e1llalkoz\u00f3 sz\u00e1m\u00e1ra, \u00f6szt\u00f6n\u00f6zz\u00f6n a min\u0151s\u00e9gre, az \u00f6nkorm\u00e1nyzat egy\u00e9b c\u00e9ljainak (pl. v\u00e1rosr\u00e9szek k\u00f6zm\u0171vel\u0151d\u00e9se) megval\u00f3s\u00edt\u00e1s\u00e1ra.<\/span><br \/>\n<span style=\"font-family: Times New Roman CE;\">Ki \u00e9s hogyan kapja meg a t\u00e1mogat\u00e1sokat?<\/span><br \/>\n<span style=\"font-family: Times New Roman CE;\">M\u00e1r sz\u00f3ltunk a t\u00e1mogatand\u00f3 c\u00e9lra l\u00e9trehozott \u00f6ntev\u00e9keny csoportokr\u00f3l, amelyek normat\u00edv, vagy c\u00e9lir\u00e1nyos t\u00e1mogat\u00e1st kapnak. Ehhez maguknak kell megtal\u00e1lniuk a t\u00e1rsas\u00e1gi form\u00e1t \u00e9s a p\u00e9nz felhaszn\u00e1l\u00e1s\u00e1nak m\u00f3dj\u00e1t. A bev\u00e9teles, de t\u00e1mogatott lakoss\u00e1gi szolg\u00e1ltat\u00e1sok kaphatnak b\u00e9rjelleg\u0171 t\u00e1mogat\u00e1st, vagy a dologi kiad\u00e1sok \u00e1tv\u00e1llal\u00e1s\u00e1ban fejez\u0151dik ki a seg\u00edts\u00e9g &#8211; ebben az esetben el kell sz\u00e1molni a p\u00e9nzzel. (Ha a t\u00e1mogat\u00e1s nem elsz\u00e1mol\u00e1sk\u00f6teles, akkor a zs\u0171ri a feladat v\u00e9grehajt\u00e1s\u00e1t \u00e9rt\u00e9keli, \u00edgy a v\u00e1llalkoz\u00f3 a k\u00f6vetkez\u0151 p\u00e1ly\u00e1zatn\u00e1l l\u00e9v\u0151 es\u00e9lyeit kock\u00e1ztatja.)<\/span><br \/>\n<span style=\"font-family: Times New Roman CE;\">A t\u00e1mogatott feladatokra ki\u00edrt p\u00e1ly\u00e1zatokon szervezetek, csoportok \u00e9s egy\u00e9nek vehetnek r\u00e9szt. A b\u00e9ralapot is tartalmaz\u00f3 t\u00e1mogat\u00e1sra megb\u00edz\u00e1si szerz\u0151d\u00e9st k\u00f6tnek a hivatallal, \u00f6n\u00e1ll\u00f3an fizetik a TB-j\u00e1rul\u00e9kot, \u00f6n\u00e1ll\u00f3an ad\u00f3znak. A dologi k\u00f6lts\u00e9gekkel t\u00e9telesen el kell sz\u00e1molniuk. A normat\u00edv \u00e9s a p\u00e1ly\u00e1ztatott t\u00e1mogat\u00e1son k\u00edv\u00fcl sz\u00fcks\u00e9g van egy szabad k\u00f6zm\u0171vel\u0151d\u00e9si alapra (tartal\u00e9kra) is, melyb\u0151l az \u00e9v k\u00f6zben felmer\u00fcl\u0151, el\u0151re nem tervezhet\u0151 ig\u00e9nyek kiel\u00e9g\u00edthet\u0151k, az \u00faj kezdem\u00e9nyez\u00e9sek t\u00e1mogathat\u00f3k.<\/span><\/p>\n<p><span style=\"font-family: Times New Roman CE;\">3. Az \u00e1tt\u00e9r\u00e9s feladatai<\/span><br \/>\n<span style=\"font-family: Times New Roman CE;\">Mindezek ut\u00e1n term\u00e9szetszer\u0171en ad\u00f3dik a k\u00e9rd\u00e9s, mi lesz a jelenlegi szervezettel, az \u00faj rendszer bevezet\u00e9se ut\u00e1n. A m\u0171vel\u0151d\u00e9si k\u00f6zpont \u00e9p\u00fclet\u00e9nek egy id\u0151 ut\u00e1n \u00f6nfenntart\u00f3an, k\u00f6lts\u00e9gvet\u00e9si t\u00e1mogat\u00e1s n\u00e9lk\u00fcl kellene \u00fczemelnie. \u00dagy kell b\u00e9rbe adni (egy r\u00e9sz\u00e9t hossz\u00fat\u00e1vra, m\u00e1sik r\u00e9sz\u00e9t egyedi c\u00e9lokra), hogy a bev\u00e9telb\u0151l a fenntart\u00e1sa, \u00e1llagmeg\u00f3v\u00e1sa biztos\u00edthat\u00f3 legyen. A k\u00f6nyvt\u00e1r kollekt\u00edv\u00e1ja, vagy egy gondnok b\u00e9rbe adhatja a helyis\u00e9geket, szervezheti a takar\u00edt\u00e1st, a karbantart\u00e1st. A helyis\u00e9gek egy r\u00e9sz\u00e9t a t\u00e1mogatott k\u00f6zm\u0171vel\u0151d\u00e9s is ig\u00e9nybe veheti, vagy m\u00e1s helysz\u00ednt kereshet a feladat v\u00e9grehajt\u00e1s\u00e1ra.<\/span><br \/>\n<span style=\"font-family: Times New Roman CE;\">A k\u00f6zm\u0171vel\u0151d\u00e9sben tov\u00e1bbra is dolgozni k\u00edv\u00e1n\u00f3 szakemberek szellemi szabadfoglalkoz\u00e1s\u00fak\u00e9nt, \u00fan. kultur\u00e1lis menedzserk\u00e9nt r\u00e9szt vehetnek a p\u00e1ly\u00e1zati rendszerben, csatlakozhatnak kultur\u00e1lis feladatokat (is) v\u00e9gz\u0151 szervezetekhez. A menedzserek tev\u00e9kenys\u00e9g\u00e9hez egy telefonos irod\u00e1t tov\u00e1bbra is biztos\u00edtunk. A m\u0171vel\u0151d\u00e9si k\u00f6zpont eddigi \u00e9ves k\u00f6lts\u00e9gvet\u00e9s\u00e9nek a fentiek szerinti ,felszabad\u00edt\u00e1sa&#8221; k\u00f6vetkezt\u00e9ben v\u00e1rhat\u00f3an nemhogy f\u00f6l\u00f6slegess\u00e9 v\u00e1ln\u00e1nak a szakemberek, hanem m\u00e9g t\u00f6bb elhivatott \u00e9s tehets\u00e9ges embert, illetve szervezetet mozg\u00f3s\u00edthatunk a k\u00f6zm\u0171vel\u0151d\u00e9s sz\u00ednvonal\u00e1nak emel\u00e9se \u00e9rdek\u00e9ben.<\/span><br \/>\n<span style=\"font-family: Times New Roman CE;\">Az \u00e1tt\u00e9r\u00e9s 1992. j\u00fanius 30-ig t\u00f6rt\u00e9nne meg, ezen id\u0151pontig a dolgoz\u00f3k a jelenlegi b\u00e9r\u00fcket megkapn\u00e1k, felk\u00e9sz\u00fclhetnek a p\u00e1ly\u00e1zati rendszerben val\u00f3 r\u00e9szv\u00e9tel\u00fckre; az \u00e9p\u00fcletr\u00e9szek b\u00e9rbead\u00e1sa lebonyol\u00edthat\u00f3.<\/span><br \/>\n<span style=\"font-family: Times New Roman CE;\">V\u00e9gezet\u00fcl tekints\u00fck \u00e1t azokat a teend\u0151ket, melyeket v\u00e9gre kell hajtanunk az \u00faj rendszerre val\u00f3 \u00e1tt\u00e9r\u00e9s \u00e9rdek\u00e9ben:<\/span><br \/>\n<span style=\"font-family: Times New Roman CE;\">&#8211; sz\u00e1mba kell venni a k\u00f6zm\u0171vel\u0151d\u00e9s sz\u00ednter\u00e9\u00fcl sz\u00f3ba j\u00f6het\u0151 int\u00e9zm\u00e9nyi \u00e9p\u00fcleteket, helysz\u00edneket, ezek egy m2-re es\u0151 rezsik\u00f6lts\u00e9g\u00e9t, megtervezni hasznos\u00edt\u00e1sukat,<\/span><br \/>\n<span style=\"font-family: Times New Roman CE;\">&#8211; meg kell hat\u00e1rozni a t\u00e1mogatand\u00f3 k\u00f6zm\u0171vel\u0151d\u00e9si feladatokat ell\u00e1t\u00f3 szervezeteket, azok normat\u00edv t\u00e1mogat\u00e1s\u00e1nak m\u00e9rt\u00e9k\u00e9t, az \u00f6nkorm\u00e1nyzat elv\u00e1r\u00e1sait,<\/span><br \/>\n<span style=\"font-family: Times New Roman CE;\">&#8211; \u00f6ssze kell \u00e1ll\u00edtani az \u00f6nkorm\u00e1nyzat c\u00e9ljainak \u00e9s elv\u00e1r\u00e1sainak megfelel\u0151en a feladatok k\u00f6lts\u00e9gig\u00e9ny\u00e9t (b\u00e9r-dologi bont\u00e1sban),<\/span><br \/>\n<span style=\"font-family: Times New Roman CE;\">&#8211; meg kell hat\u00e1rozni a p\u00e1ly\u00e1zati rendszert, l\u00e9tre kell hozni a ki\u00edr\u00f3-elb\u00edr\u00e1l\u00f3 szervezetet (k\u00f6zm\u0171vel\u0151d\u00e9si kurat\u00f3rium),<\/span><br \/>\n<span style=\"font-family: Times New Roman CE;\">&#8211; a k\u00f6lts\u00e9gvet\u00e9sben r\u00f6gz\u00edteni kell a feladatok fedezet\u00e9t \u00e9s a szabad k\u00f6zm\u0171vel\u0151d\u00e9si alapot,<\/span><\/p>\n<p><span style=\"font-family: Times New Roman CE;\">Hat\u00e1rozati javaslat:<\/span><\/p>\n<p><span style=\"font-family: Times New Roman CE;\">P\u00fcsp\u00f6klad\u00e1ny V\u00e1ros \u00d6nkorm\u00e1nyzata 1992. j\u00fanius 30-\u00e1val megsz\u00fcnteti a V\u00e1rosi M\u0171vel\u0151d\u00e9si K\u00f6zpont \u00f6n\u00e1ll\u00f3 int\u00e9zm\u00e9nyt, \u00e9s 1992. j\u00falius 1-j\u00e9t\u0151l \u00e1tt\u00e9r a k\u00f6zm\u0171vel\u0151d\u00e9s p\u00e1ly\u00e1zati rendszer\u0171 finansz\u00edroz\u00e1s\u00e1ra.<\/span><br \/>\n<span style=\"font-family: Times New Roman CE;\">Ennek \u00e9rdek\u00e9ben:<\/span><br \/>\n<span style=\"font-family: Times New Roman CE;\">a) Megb\u00edzza a v\u00e1rosgazd\u00e1lkod\u00e1si irod\u00e1t, hogy az 1992. \u00e9vi k\u00f6lts\u00e9gvet\u00e9si javaslatban biztos\u00edtsa az int\u00e9zm\u00e9ny els\u0151 f\u00e9l\u00e9ves m\u0171k\u00f6dtet\u00e9s\u00e9t, a m\u00e1sodik f\u00e9l\u00e9ves k\u00f6lts\u00e9gvet\u00e9st elk\u00fcl\u00f6n\u00edtve tartal\u00e9kolja.<\/span><br \/>\n<span style=\"font-family: Times New Roman CE;\">Hat\u00e1rid\u0151: 1992. janu\u00e1r<\/span><br \/>\n<span style=\"font-family: Times New Roman CE;\">Felel\u0151s: v\u00e1rosgazd\u00e1lkod\u00e1si irodavezet\u0151<\/span><br \/>\n<span style=\"font-family: Times New Roman CE;\">b) Megb\u00edzza az int\u00e9zm\u00e9nyfelel\u0151st, hogy a V\u00e1rosi M\u0171vel\u0151d\u00e9si K\u00f6zpont dolgoz\u00f3inak \u00e9s a k\u00f6zm\u0171vel\u0151d\u00e9sben tev\u00e9kenyked\u0151 szervezetek, csoportok bevon\u00e1s\u00e1val v\u00e9gezze el a javaslatban szerepl\u0151 feladatokat, tegyen el\u0151terjeszt\u00e9st megfelel\u0151 int\u00e9zked\u00e9sekre a test\u00fclet \u00e9s annak bizotts\u00e1ga fel\u00e9.<\/span><br \/>\n<span style=\"font-family: Times New Roman CE;\">Hat\u00e1rid\u0151: 1992. j\u00fanius<\/span><br \/>\n<span style=\"font-family: Times New Roman CE;\">Felel\u0151s: int\u00e9zm\u00e9nyfelel\u0151s<\/span><br \/>\n<span style=\"font-family: Times New Roman CE;\">A hat\u00e1rozat v\u00e9grehajt\u00e1s\u00e1\u00e9rt felel\u0151s: Dr. Farkas Dezs\u0151 polg\u00e1rmester. Hat\u00e1rid\u0151: \u00e9rtelemszer\u0171en.<\/span><\/p>\n<p><span style=\"font-family: Times New Roman CE;\">P\u00fcsp\u00f6klad\u00e1ny, 1991. december 10.<\/span><\/p>\n","protected":false},"excerpt":{"rendered":"<p>c\u00edmmel \u00e9vekkel ezel\u0151tt esettanulm\u00e1ny-gy\u0171jtem\u00e9ny kiad\u00e1s\u00e1t tervezt\u00fck, de r\u00e1 kellett j\u00f6nn\u00fcnk, hogy meg\u00fajult vil\u00e1gunk kor\u00e1ntsem teremtett ezen int\u00e9zm\u00e9nyrendszer m\u0171k\u00f6d\u00e9s\u00e9ben (\u00e9s persze m\u0171k\u00f6dtet\u00e9s\u00e9ben) annyi \u00fajfajta vari\u00e1ci\u00f3t, amellyel megt\u00f6lthett\u00fcnk volna 3-4 nyomdai \u00edvet.<\/p>\n","protected":false},"author":45,"featured_media":0,"comment_status":"open","ping_status":"open","sticky":false,"template":"","format":"standard","meta":{"_acf_changed":false,"footnotes":""},"categories":[338,8,7],"tags":[],"coauthors":[62,640],"class_list":["post-5111","post","type-post","status-publish","format-standard","hentry","category-parola-1994-4","category-parola-folyoirat","category-repertorium"],"acf":[],"yoast_head":"<!-- This site is optimized with the Yoast SEO plugin v26.7 - https:\/\/yoast.com\/wordpress\/plugins\/seo\/ -->\n<title>M\u0171vel\u0151d\u00e9si otthoni alternat\u00edv\u00e1k: A p\u00fcsp\u00f6klad\u00e1nyi vari\u00e1ns I. - Parola Foly\u00f3irat<\/title>\n<meta name=\"robots\" content=\"index, follow, max-snippet:-1, max-image-preview:large, max-video-preview:-1\" \/>\n<link rel=\"canonical\" href=\"https:\/\/kofe.hu\/parola\/parola-folyoirat\/muvelodesi-otthoni-alternativak-a-puspokladanyi-varians-i\/\" \/>\n<meta property=\"og:locale\" content=\"hu_HU\" \/>\n<meta property=\"og:type\" content=\"article\" \/>\n<meta property=\"og:title\" content=\"M\u0171vel\u0151d\u00e9si otthoni alternat\u00edv\u00e1k: A p\u00fcsp\u00f6klad\u00e1nyi vari\u00e1ns I. - Parola Foly\u00f3irat\" \/>\n<meta property=\"og:description\" content=\"c\u00edmmel \u00e9vekkel ezel\u0151tt esettanulm\u00e1ny-gy\u0171jtem\u00e9ny kiad\u00e1s\u00e1t tervezt\u00fck, de r\u00e1 kellett j\u00f6nn\u00fcnk, hogy meg\u00fajult vil\u00e1gunk kor\u00e1ntsem teremtett ezen int\u00e9zm\u00e9nyrendszer m\u0171k\u00f6d\u00e9s\u00e9ben (\u00e9s persze m\u0171k\u00f6dtet\u00e9s\u00e9ben) annyi \u00fajfajta vari\u00e1ci\u00f3t, amellyel megt\u00f6lthett\u00fcnk volna 3-4 nyomdai \u00edvet.\" \/>\n<meta property=\"og:url\" content=\"https:\/\/kofe.hu\/parola\/parola-folyoirat\/muvelodesi-otthoni-alternativak-a-puspokladanyi-varians-i\/\" \/>\n<meta property=\"og:site_name\" content=\"Parola Foly\u00f3irat\" \/>\n<meta property=\"article:published_time\" content=\"2020-08-04T11:15:51+00:00\" \/>\n<meta name=\"author\" content=\"Beke P\u00e1l, dr. Farkas Dezs\u0151\" \/>\n<meta name=\"twitter:card\" content=\"summary_large_image\" \/>\n<meta name=\"twitter:label1\" content=\"Szerz\u0151:\" \/>\n\t<meta name=\"twitter:data1\" content=\"Beke P\u00e1l\" \/>\n\t<meta name=\"twitter:label2\" content=\"Becs\u00fclt olvas\u00e1si id\u0151\" \/>\n\t<meta name=\"twitter:data2\" content=\"14 perc\" \/>\n\t<meta name=\"twitter:label3\" content=\"Written by\" \/>\n\t<meta name=\"twitter:data3\" content=\"Beke P\u00e1l, dr. Farkas Dezs\u0151\" \/>\n<script type=\"application\/ld+json\" class=\"yoast-schema-graph\">{\"@context\":\"https:\/\/schema.org\",\"@graph\":[{\"@type\":\"Article\",\"@id\":\"https:\/\/kofe.hu\/parola\/parola-folyoirat\/muvelodesi-otthoni-alternativak-a-puspokladanyi-varians-i\/#article\",\"isPartOf\":{\"@id\":\"https:\/\/kofe.hu\/parola\/parola-folyoirat\/muvelodesi-otthoni-alternativak-a-puspokladanyi-varians-i\/\"},\"author\":{\"name\":\"Beke P\u00e1l\",\"@id\":\"https:\/\/kofe.hu\/parola\/#\/schema\/person\/e218f9357a879ddd7f2cc215cbc1f9e4\"},\"headline\":\"M\u0171vel\u0151d\u00e9si otthoni alternat\u00edv\u00e1k: A p\u00fcsp\u00f6klad\u00e1nyi vari\u00e1ns I.\",\"datePublished\":\"2020-08-04T11:15:51+00:00\",\"mainEntityOfPage\":{\"@id\":\"https:\/\/kofe.hu\/parola\/parola-folyoirat\/muvelodesi-otthoni-alternativak-a-puspokladanyi-varians-i\/\"},\"wordCount\":2822,\"commentCount\":0,\"articleSection\":[\"Parola 1994\/4\",\"Parola Foly\u00f3irat\",\"Repert\u00f3rium\"],\"inLanguage\":\"hu\",\"potentialAction\":[{\"@type\":\"CommentAction\",\"name\":\"Comment\",\"target\":[\"https:\/\/kofe.hu\/parola\/parola-folyoirat\/muvelodesi-otthoni-alternativak-a-puspokladanyi-varians-i\/#respond\"]}]},{\"@type\":\"WebPage\",\"@id\":\"https:\/\/kofe.hu\/parola\/parola-folyoirat\/muvelodesi-otthoni-alternativak-a-puspokladanyi-varians-i\/\",\"url\":\"https:\/\/kofe.hu\/parola\/parola-folyoirat\/muvelodesi-otthoni-alternativak-a-puspokladanyi-varians-i\/\",\"name\":\"M\u0171vel\u0151d\u00e9si otthoni alternat\u00edv\u00e1k: A p\u00fcsp\u00f6klad\u00e1nyi vari\u00e1ns I. - Parola Foly\u00f3irat\",\"isPartOf\":{\"@id\":\"https:\/\/kofe.hu\/parola\/#website\"},\"datePublished\":\"2020-08-04T11:15:51+00:00\",\"author\":{\"@id\":\"https:\/\/kofe.hu\/parola\/#\/schema\/person\/e218f9357a879ddd7f2cc215cbc1f9e4\"},\"breadcrumb\":{\"@id\":\"https:\/\/kofe.hu\/parola\/parola-folyoirat\/muvelodesi-otthoni-alternativak-a-puspokladanyi-varians-i\/#breadcrumb\"},\"inLanguage\":\"hu\",\"potentialAction\":[{\"@type\":\"ReadAction\",\"target\":[\"https:\/\/kofe.hu\/parola\/parola-folyoirat\/muvelodesi-otthoni-alternativak-a-puspokladanyi-varians-i\/\"]}]},{\"@type\":\"BreadcrumbList\",\"@id\":\"https:\/\/kofe.hu\/parola\/parola-folyoirat\/muvelodesi-otthoni-alternativak-a-puspokladanyi-varians-i\/#breadcrumb\",\"itemListElement\":[{\"@type\":\"ListItem\",\"position\":1,\"name\":\"Home\",\"item\":\"https:\/\/kofe.hu\/parola\/\"},{\"@type\":\"ListItem\",\"position\":2,\"name\":\"M\u0171vel\u0151d\u00e9si otthoni alternat\u00edv\u00e1k: A p\u00fcsp\u00f6klad\u00e1nyi vari\u00e1ns I.\"}]},{\"@type\":\"WebSite\",\"@id\":\"https:\/\/kofe.hu\/parola\/#website\",\"url\":\"https:\/\/kofe.hu\/parola\/\",\"name\":\"Parola Foly\u00f3irat\",\"description\":\"\",\"potentialAction\":[{\"@type\":\"SearchAction\",\"target\":{\"@type\":\"EntryPoint\",\"urlTemplate\":\"https:\/\/kofe.hu\/parola\/?s={search_term_string}\"},\"query-input\":{\"@type\":\"PropertyValueSpecification\",\"valueRequired\":true,\"valueName\":\"search_term_string\"}}],\"inLanguage\":\"hu\"},{\"@type\":\"Person\",\"@id\":\"https:\/\/kofe.hu\/parola\/#\/schema\/person\/e218f9357a879ddd7f2cc215cbc1f9e4\",\"name\":\"Beke P\u00e1l\",\"image\":{\"@type\":\"ImageObject\",\"inLanguage\":\"hu\",\"@id\":\"https:\/\/kofe.hu\/parola\/#\/schema\/person\/image\/23494c9101089ad44ae88ce9d2f56aac\",\"url\":\"https:\/\/secure.gravatar.com\/avatar\/?s=96&d=mm&r=g\",\"contentUrl\":\"https:\/\/secure.gravatar.com\/avatar\/?s=96&d=mm&r=g\",\"caption\":\"Beke P\u00e1l\"},\"url\":\"https:\/\/kofe.hu\/parola\/szerzok\/beke-pal\/\"}]}<\/script>\n<!-- \/ Yoast SEO plugin. -->","yoast_head_json":{"title":"M\u0171vel\u0151d\u00e9si otthoni alternat\u00edv\u00e1k: A p\u00fcsp\u00f6klad\u00e1nyi vari\u00e1ns I. - Parola Foly\u00f3irat","robots":{"index":"index","follow":"follow","max-snippet":"max-snippet:-1","max-image-preview":"max-image-preview:large","max-video-preview":"max-video-preview:-1"},"canonical":"https:\/\/kofe.hu\/parola\/parola-folyoirat\/muvelodesi-otthoni-alternativak-a-puspokladanyi-varians-i\/","og_locale":"hu_HU","og_type":"article","og_title":"M\u0171vel\u0151d\u00e9si otthoni alternat\u00edv\u00e1k: A p\u00fcsp\u00f6klad\u00e1nyi vari\u00e1ns I. - Parola Foly\u00f3irat","og_description":"c\u00edmmel \u00e9vekkel ezel\u0151tt esettanulm\u00e1ny-gy\u0171jtem\u00e9ny kiad\u00e1s\u00e1t tervezt\u00fck, de r\u00e1 kellett j\u00f6nn\u00fcnk, hogy meg\u00fajult vil\u00e1gunk kor\u00e1ntsem teremtett ezen int\u00e9zm\u00e9nyrendszer m\u0171k\u00f6d\u00e9s\u00e9ben (\u00e9s persze m\u0171k\u00f6dtet\u00e9s\u00e9ben) annyi \u00fajfajta vari\u00e1ci\u00f3t, amellyel megt\u00f6lthett\u00fcnk volna 3-4 nyomdai \u00edvet.","og_url":"https:\/\/kofe.hu\/parola\/parola-folyoirat\/muvelodesi-otthoni-alternativak-a-puspokladanyi-varians-i\/","og_site_name":"Parola Foly\u00f3irat","article_published_time":"2020-08-04T11:15:51+00:00","author":"Beke P\u00e1l, dr. Farkas Dezs\u0151","twitter_card":"summary_large_image","twitter_misc":{"Szerz\u0151:":"Beke P\u00e1l","Becs\u00fclt olvas\u00e1si id\u0151":"14 perc","Written by":"Beke P\u00e1l, dr. Farkas Dezs\u0151"},"schema":{"@context":"https:\/\/schema.org","@graph":[{"@type":"Article","@id":"https:\/\/kofe.hu\/parola\/parola-folyoirat\/muvelodesi-otthoni-alternativak-a-puspokladanyi-varians-i\/#article","isPartOf":{"@id":"https:\/\/kofe.hu\/parola\/parola-folyoirat\/muvelodesi-otthoni-alternativak-a-puspokladanyi-varians-i\/"},"author":{"name":"Beke P\u00e1l","@id":"https:\/\/kofe.hu\/parola\/#\/schema\/person\/e218f9357a879ddd7f2cc215cbc1f9e4"},"headline":"M\u0171vel\u0151d\u00e9si otthoni alternat\u00edv\u00e1k: A p\u00fcsp\u00f6klad\u00e1nyi vari\u00e1ns I.","datePublished":"2020-08-04T11:15:51+00:00","mainEntityOfPage":{"@id":"https:\/\/kofe.hu\/parola\/parola-folyoirat\/muvelodesi-otthoni-alternativak-a-puspokladanyi-varians-i\/"},"wordCount":2822,"commentCount":0,"articleSection":["Parola 1994\/4","Parola Foly\u00f3irat","Repert\u00f3rium"],"inLanguage":"hu","potentialAction":[{"@type":"CommentAction","name":"Comment","target":["https:\/\/kofe.hu\/parola\/parola-folyoirat\/muvelodesi-otthoni-alternativak-a-puspokladanyi-varians-i\/#respond"]}]},{"@type":"WebPage","@id":"https:\/\/kofe.hu\/parola\/parola-folyoirat\/muvelodesi-otthoni-alternativak-a-puspokladanyi-varians-i\/","url":"https:\/\/kofe.hu\/parola\/parola-folyoirat\/muvelodesi-otthoni-alternativak-a-puspokladanyi-varians-i\/","name":"M\u0171vel\u0151d\u00e9si otthoni alternat\u00edv\u00e1k: A p\u00fcsp\u00f6klad\u00e1nyi vari\u00e1ns I. - Parola Foly\u00f3irat","isPartOf":{"@id":"https:\/\/kofe.hu\/parola\/#website"},"datePublished":"2020-08-04T11:15:51+00:00","author":{"@id":"https:\/\/kofe.hu\/parola\/#\/schema\/person\/e218f9357a879ddd7f2cc215cbc1f9e4"},"breadcrumb":{"@id":"https:\/\/kofe.hu\/parola\/parola-folyoirat\/muvelodesi-otthoni-alternativak-a-puspokladanyi-varians-i\/#breadcrumb"},"inLanguage":"hu","potentialAction":[{"@type":"ReadAction","target":["https:\/\/kofe.hu\/parola\/parola-folyoirat\/muvelodesi-otthoni-alternativak-a-puspokladanyi-varians-i\/"]}]},{"@type":"BreadcrumbList","@id":"https:\/\/kofe.hu\/parola\/parola-folyoirat\/muvelodesi-otthoni-alternativak-a-puspokladanyi-varians-i\/#breadcrumb","itemListElement":[{"@type":"ListItem","position":1,"name":"Home","item":"https:\/\/kofe.hu\/parola\/"},{"@type":"ListItem","position":2,"name":"M\u0171vel\u0151d\u00e9si otthoni alternat\u00edv\u00e1k: A p\u00fcsp\u00f6klad\u00e1nyi vari\u00e1ns I."}]},{"@type":"WebSite","@id":"https:\/\/kofe.hu\/parola\/#website","url":"https:\/\/kofe.hu\/parola\/","name":"Parola Foly\u00f3irat","description":"","potentialAction":[{"@type":"SearchAction","target":{"@type":"EntryPoint","urlTemplate":"https:\/\/kofe.hu\/parola\/?s={search_term_string}"},"query-input":{"@type":"PropertyValueSpecification","valueRequired":true,"valueName":"search_term_string"}}],"inLanguage":"hu"},{"@type":"Person","@id":"https:\/\/kofe.hu\/parola\/#\/schema\/person\/e218f9357a879ddd7f2cc215cbc1f9e4","name":"Beke P\u00e1l","image":{"@type":"ImageObject","inLanguage":"hu","@id":"https:\/\/kofe.hu\/parola\/#\/schema\/person\/image\/23494c9101089ad44ae88ce9d2f56aac","url":"https:\/\/secure.gravatar.com\/avatar\/?s=96&d=mm&r=g","contentUrl":"https:\/\/secure.gravatar.com\/avatar\/?s=96&d=mm&r=g","caption":"Beke P\u00e1l"},"url":"https:\/\/kofe.hu\/parola\/szerzok\/beke-pal\/"}]}},"_links":{"self":[{"href":"https:\/\/kofe.hu\/parola\/wp-json\/wp\/v2\/posts\/5111","targetHints":{"allow":["GET"]}}],"collection":[{"href":"https:\/\/kofe.hu\/parola\/wp-json\/wp\/v2\/posts"}],"about":[{"href":"https:\/\/kofe.hu\/parola\/wp-json\/wp\/v2\/types\/post"}],"author":[{"embeddable":true,"href":"https:\/\/kofe.hu\/parola\/wp-json\/wp\/v2\/users\/45"}],"replies":[{"embeddable":true,"href":"https:\/\/kofe.hu\/parola\/wp-json\/wp\/v2\/comments?post=5111"}],"version-history":[{"count":1,"href":"https:\/\/kofe.hu\/parola\/wp-json\/wp\/v2\/posts\/5111\/revisions"}],"predecessor-version":[{"id":5112,"href":"https:\/\/kofe.hu\/parola\/wp-json\/wp\/v2\/posts\/5111\/revisions\/5112"}],"wp:attachment":[{"href":"https:\/\/kofe.hu\/parola\/wp-json\/wp\/v2\/media?parent=5111"}],"wp:term":[{"taxonomy":"category","embeddable":true,"href":"https:\/\/kofe.hu\/parola\/wp-json\/wp\/v2\/categories?post=5111"},{"taxonomy":"post_tag","embeddable":true,"href":"https:\/\/kofe.hu\/parola\/wp-json\/wp\/v2\/tags?post=5111"},{"taxonomy":"author","embeddable":true,"href":"https:\/\/kofe.hu\/parola\/wp-json\/wp\/v2\/coauthors?post=5111"}],"curies":[{"name":"wp","href":"https:\/\/api.w.org\/{rel}","templated":true}]}}