{"id":4295,"date":"2020-07-30T12:19:06","date_gmt":"2020-07-30T12:19:06","guid":{"rendered":"https:\/\/kofe.hu\/parola\/?p=4295"},"modified":"2020-07-30T17:27:36","modified_gmt":"2020-07-30T17:27:36","slug":"a-kozossegek-megujulasanak-utjai","status":"publish","type":"post","link":"https:\/\/kofe.hu\/parola\/parola-folyoirat\/a-kozossegek-megujulasanak-utjai\/","title":{"rendered":"A k\u00f6z\u00f6ss\u00e9gek meg\u00fajul\u00e1s\u00e1nak \u00fatjai"},"content":{"rendered":"<p style=\"text-align: justify;\"><span style=\"font-family: Times New Roman CE;\">Oliver Stone JFK c\u00edm\u0171 filmje a k\u00f6zelm\u00faltban ism\u00e9t felkeltette az \u00e9rdekl\u0151d\u00e9st Kennedy eln\u00f6k munk\u00e1ja \u00e9s besz\u00e9dei ir\u00e1nt. Az eln\u00f6k egyik besz\u00e9de olyan \u00fczenetet tartalmaz, amely k\u00fcl\u00f6n\u00f6sen alkalmazhat\u00f3 a k\u00f6z\u00f6ss\u00e9gi \u00fajj\u00e1sz\u00fclet\u00e9s kih\u00edv\u00e1s\u00e1ra. Kennedy azt s\u00fcrgette, hogy hallgat\u00f3s\u00e1ga ne csak azt a k\u00e9rd\u00e9st tegye fel, hogy &#8222;Mi\u00e9rt&#8221;, hanem tegye meg a k\u00f6vetkez\u0151 l\u00e9p\u00e9st is, \u00e9s azt k\u00e9rdezze: &#8222;Mi\u00e9rt ne?&#8217;<\/span><\/p>\n<p style=\"text-align: justify;\"><!--more--><br \/>\n<span style=\"font-family: Times New Roman CE;\">Kennedy arra \u00f6szt\u00f6k\u00e9lte az embereket, legyen meg a sz\u00fcks\u00e9ges \u00f6nbizalmuk \u00e9s k\u00e9pzel\u0151erej\u00fck, pr\u00f3b\u00e1lj\u00e1k meg megv\u00e1ltoztatni a dolgokat az\u00e1ltal, hogy megk\u00e9rdezik: &#8222;Mi\u00e9rt nem lehetnek a dolgok m\u00e1smilyenek?&#8221; Nek\u00fcnk is magabiztosan ki kell mondanunk: ,Mi\u00e9rt ne teremts\u00fcnk egy alternat\u00edv\u00e1t, amely ai emberek sz\u00fcks\u00e9gletein \u00e9s tapasztalatain<\/span><br \/>\n<span style=\"font-family: Times New Roman CE;\">Ez a l\u00e1t\u00e1sm\u00f3d alapvet\u0151 t\u00e9nyez\u0151je a k\u00f6z\u00f6ss\u00e9gi bekapcsol\u00f3d\u00e1snak. H\u00e1t akkor mire van sz\u00fcks\u00e9g az ilyen t\u00edpus\u00fa munka t\u00e1mogat\u00e1s\u00e1hoz \u00e9s ahhoz, hogy el\u00e9rj\u00fck: t\u00f6rt\u00e9njen valami?<\/span><br \/>\n<span style=\"font-family: Times New Roman CE;\">K\u00fcl\u00f6nb\u00f6z\u0151 munkater\u00fcletek \u00e9s szakm\u00e1k \u00f6sszefog\u00e1s\u00e1ra, egy\u00fcttm\u0171k\u00f6d\u00e9sre \u00e9p\u00fcl\u0151 munkacsoportos megk\u00f6zel\u00edt\u00e9s<\/span><br \/>\n<span style=\"font-family: Times New Roman CE;\">Nagyon sokf\u00e9le szak\u00e9rtelmet \u00e9s gyakorlatot kell \u00f6sszehoznunk ahhoz, hogy a sok \u00f6sszetev\u0151j\u0171, komplex helyi k\u00e9rd\u00e9sekkel foglalkozhassunk. Szerepelnie kell a k\u00f6z\u00f6ss\u00e9gfejleszt\u00e9sben, k\u00f6z\u00f6ss\u00e9gi m\u0171vel\u0151d\u00e9sben, tervez\u00e9sben, \u00e9p\u00edt\u00e9szetben, szervez\u00e9sben, menedzsel\u00e9sben \u00e9s kamp\u00e1nyok lebonyol\u00edt\u00e1s\u00e1ban szerzett j\u00e1rtass\u00e1gnak. A helyi k\u00f6z\u00f6ss\u00e9geknek sz\u00fcks\u00e9g\u00fck van arra, hogy a megfelel\u0151 id\u0151ben hozz\u00e1jussanak az \u00e9rz\u0151 \u00e9s hat\u00e9kony m\u00f3don ny\u00fajtott megfelel\u0151 seg\u00edts\u00e9ghez.<\/span><\/p>\n<p><span style=\"font-family: Times New Roman CE;\">K\u00f6z\u00f6ss\u00e9gfejleszt\u00e9s<\/span><\/p>\n<p><span style=\"font-family: Times New Roman CE;\">Sikeres k\u00f6z\u00f6ss\u00e9g meg\u00fajul\u00e1si p\u00e9ld\u00e1k bizonyig\u00e1k az olyan k\u00f6z\u00f6ss\u00e9gfejleszt\u00e9s szil\u00e1rds\u00e1g\u00e1t, amelynek siker\u00fcl:<\/span><br \/>\n<span style=\"font-family: Times New Roman CE;\">&#8211; bevonnia a helyi embereket a k\u00e9rd\u00e9sek, a sz\u00fcks\u00e9gletek \u00e9s a lehets\u00e9ges megold\u00e1sok meghat\u00e1roz\u00e1s\u00e1ba,<\/span><br \/>\n<span style=\"font-family: Times New Roman CE;\">&#8211; k\u00e9pess\u00e9 tennie a kezdem\u00e9nyez\u00e9sre a helyi embereket az\u00e1ltal, hogy seg\u00edt\u00fcnk kifejleszteni megfelel\u0151 k\u00e9szs\u00e9geiket, tud\u00e1st \u00e9s \u00f6nbizalmat adunk nekik,<\/span><br \/>\n<span style=\"font-family: Times New Roman CE;\">&#8211; k\u00e9pess\u00e9 tennie a helyi embereket arra, hogy belesz\u00f3lhassanak a hat\u00e1rozathozatalba \u00e9s hallathass\u00e1k szavukat a politikai rendszerekben.<\/span><br \/>\n<span style=\"font-family: Times New Roman CE;\">Ugyanakkor fokoz\u00f3d\u00f3 vesz\u00e9ly fenyegeti az ilyen hossz\u00fa t\u00e1v\u00fa k\u00f6z\u00f6ss\u00e9gfejleszt\u00e9si folyamatokat t\u00e1mogat\u00f3 forr\u00e1sokat, mivel a helyi \u00f6nkorm\u00e1nyzatok visszafogj\u00e1k a kiad\u00e1sokat.<\/span><br \/>\n<span style=\"font-family: Times New Roman CE;\">K\u00f6z\u0151ss\u00e9gi m\u0171vel\u0151d\u00e9s<\/span><br \/>\n<span style=\"font-family: Times New Roman CE;\">A k\u00f6z\u00f6ss\u00e9gi m\u0171vel\u0151d\u00e9s jelent\u0151s m\u00e9rt\u00e9kben el\u0151seg\u00edti a k\u00f6z\u00f6ss\u00e9gi bekapcsol\u00f3d\u00e1st az\u00e1ltal, hogy kifejleszti azoknak a k\u00e9rd\u00e9seknek a kritikai tudatos\u00edt\u00e1s\u00e1t, amelyekkel a helyi k\u00f6z\u00f6ss\u00e9geknek szembe kell n\u00e9zni\u00fck.<\/span><\/p>\n<p><span style=\"font-family: Times New Roman CE;\">Szakmai tan\u00e1csad\u00e1s<\/span><\/p>\n<p><span style=\"font-family: Times New Roman CE;\">A szakmai seg\u00edts\u00e9g fontos jellegzetess\u00e9ge, hogy a megfelel\u0151 id\u0151pontban kell megfelel\u0151 \u00e9s el\u00e9rhet\u0151 form\u00e1ban rendelkez\u00e9sre \u00e1llnia. A szakmai seg\u00edts\u00e9gnek nem szabad megfosztani a helyi k\u00f6z\u00f6ss\u00e9get az ir\u00e1ny\u00edt\u00e1st\u00f3l \u00e9s az ellen\u0151rz\u00e9st\u0151l.<\/span><\/p>\n<p><span style=\"font-family: Times New Roman CE;\">K\u00e9pess\u00e9gfejleszt\u00e9s<\/span><\/p>\n<p><span style=\"font-family: Times New Roman CE;\">A k\u00e9pess\u00e9gfejleszt\u00e9s tudatosan \u00e9p\u00edti \u00e9s fejleszti a k\u00f6z\u00f6ss\u00e9g erej\u00e9t, hogy egyre ig\u00e9nyesebb feladatokba \u00e9s projektekbe v\u00e1ghassanak bele a sz\u00e9lesebb helyi k\u00f6z\u00f6ss\u00e9g jav\u00e1ra. Ma m\u00e1r sok sikeres helyi p\u00e9lda van a k\u00f6z\u00f6ss\u00e9gek \u00e9letk\u00e9pes gazdas\u00e1gi v\u00e1llalkoz\u00e1saira, amelyek bev\u00e9telt biztos\u00edtanak, munkahelyeket teremtenek \u00e9s kapcsolatban \u00e1llnak a helyi k\u00f6rnyezet \u00e9s infrastrukt\u00fara jav\u00edt\u00e1s\u00e1t c\u00e9lz\u00f3 projektekkel.<\/span><br \/>\n<span style=\"font-family: Times New Roman CE;\">K\u00f6z\u00f6ss\u00e9gi tulajdon<\/span><br \/>\n<span style=\"font-family: Times New Roman CE;\">\u00c9letfontoss\u00e1g\u00fa, hogy a k\u00f6z\u00f6ss\u00e9g teljes m\u00e9rt\u00e9kben a kezdem\u00e9nyez\u00e9s gazd\u00e1j\u00e1nak \u00e9rezze mag\u00e1t, vil\u00e1gos legyen, milyen haszon sz\u00e1rmazik ebb\u0151l a k\u00f6z\u00f6ss\u00e9gre n\u00e9zve \u00e9s megfelel\u0151 rendszer m\u0171k\u00f6dj\u00e9k a kezdem\u00e9nyez\u00e9s \u00e9s a forr\u00e1sok k\u00f6z\u00f6ss\u00e9gi menedzsel\u00e9s\u00e9re. A v\u00e1rosfel\u00faj\u00edt\u00e1s t\u00f6rt\u00e9net\u00e9ben, k\u00fcl\u00f6n\u00f6sen a lak\u00e1s\u00e9p\u00edt\u00e9sek ter\u00fclet\u00e9n, rengeteg p\u00e9ld\u00e1t tal\u00e1lunk arra, hogy anyagi forr\u00e1sokban b\u0151velked\u0151 tervek megbuktak, mert hi\u00e1nyzott a lakoss\u00e1g azonosul\u00e1sa, nem \u00e9rezt\u00e9k a terv gazd\u00e1inak magukat, \u00e9s ez elidegened\u00e9shez \u00e9s elutas\u00edt\u00e1shoz vezetett.<\/span><\/p>\n<p><span style=\"font-family: Times New Roman CE;\">Partneri kapcsolatok<\/span><\/p>\n<p><span style=\"font-family: Times New Roman CE;\">A k\u00f6z\u00f6ss\u00e9gi meg\u00fajul\u00e1s sok sikeres p\u00e9ld\u00e1j\u00e1ban megfigyelhet\u0151, hogy partneri kapcsolatok alakulnak ki a k\u00fcl\u00f6nf\u00e9le szervezetek \u00e9s szektorok, mint pl. az \u00f6nk\u00e9ntes \u00e9s a k\u00f6z\u00f6ss\u00e9gi, az \u00e1llami \u00e9s a mag\u00e1nszektor k\u00f6z\u00f6tt. A t\u00f6bb partner \u00e1ltali megk\u00f6zel\u00edt\u00e9s el\u0151nye az, hogy sokkal sz\u00e9lesebb k\u00f6r\u0171 szak\u00e9rtelmet \u00e9s forr\u00e1sokat biztos\u00edt egy-egy k\u00e9rd\u00e9s vonatkoz\u00e1s\u00e1ban. Van azonban egy kulcsfontoss\u00e1g\u00fa szempont, amely felett gyakran elsiklanak, \u00e9spedig az, hogy a partnerek k\u00f6z\u00f6tt a kapcsolat az egyenl\u0151s\u00e9gen alapuljon. A k\u00f6z\u00f6ss\u00e9gnek egyenl\u0151 \u00e9rdekelts\u00e9ggel kell rendelkeznie, \u00e9s nem valamilyen kiskor\u00fa partnernek kell lennie, akit valamilyen h\u00e1ts\u00f3 gondolatk\u00e9nt m\u00e9g odaragasztottak.<\/span><br \/>\n<span style=\"font-family: Times New Roman CE;\">Vil\u00e1gos, hogy orsz\u00e1gszerte nagyon sok m\u00e9g a tennival\u00f3 annak \u00e9rdek\u00e9ben, hogy rendszeresebben \u00e9s egys\u00e9gesebben biztos\u00edtsuk a sz\u00fcks\u00e9ges t\u00e1mogat\u00e1st \u00e9s a fejleszt\u00e9si rendszereket. Mire van teh\u00e1t m\u00e9g sz\u00fcks\u00e9g ahhoz, hogy el\u0151mozd\u00edtsuk a k\u00f6z\u00f6ss\u00e9gek bekapcsol\u00f3d\u00e1s\u00e1t a fejleszt\u00e9si k\u00e9rd\u00e9sekbe?<\/span><\/p>\n<p><span style=\"font-family: Times New Roman CE;\">1. Elismer\u00e9s<\/span><br \/>\n<span style=\"font-family: Times New Roman CE;\">A d\u00f6nt\u00e9shoz\u00f3k oldal\u00e1r\u00f3l t\u00f6rt\u00e9n\u0151 elismer\u00e9s \u00e9letfontoss\u00e1g\u00fa el\u0151felt\u00e9tele a tov\u00e1bbi cselekv\u00e9snek. A k\u00f6z\u00f6ss\u00e9g pozit\u00edv hozz\u00e1j\u00e1rul\u00e1s\u00e1t \u00e9s sikereit felt\u00e9tlen\u00fcl el kell ismerni.<\/span><br \/>\n<span style=\"font-family: Times New Roman CE;\">2. A k\u00f6z\u00f6ss\u00e9gi bekapcsol\u00f3d\u00e1s el\u0151mozd\u00edt\u00e1sa<\/span><br \/>\n<span style=\"font-family: Times New Roman CE;\">Ezen a t\u00e9ren nemr\u00e9giben az a fejlem\u00e9ny t\u00f6rt\u00e9nt, hogy a korm\u00e1ny &#8222;V\u00e1rosi Kih\u00edv\u00e1s Programj\u00e1ba&#8221; bevett\u00e9k k\u00f6vetelm\u00e9nyk\u00e9nt annak bizony\u00edt\u00e1s\u00e1t, hogy a helyi k\u00f6z\u00f6ss\u00e9geket is bekapcsolt\u00e1k a javaslatok kidolgoz\u00e1s\u00e1ba. Az ilyen k\u00edv\u00e1nalmak megfogalmaz\u00e1sa nagyon fontos \u00f6szt\u00f6nz\u00e9st jelent mind az \u00e1llami, mind a mag\u00e1nszektornak ahhoz, hogy a k\u00f6z\u00f6ss\u00e9gek bevon\u00e1s\u00e1nak megadj\u00e1k mindazt a jelent\u0151s\u00e9get, amelyet meg\u00e9rdemel \u00e9s ig\u00e9nyel.<\/span><br \/>\n<span style=\"font-family: Times New Roman CE;\">3. T\u00f6rv\u00e9nyhoz\u00e1s<\/span><br \/>\n<span style=\"font-family: Times New Roman CE;\">Arra van sz\u00fcks\u00e9g\u00fcnk, hogy a t\u00f6rv\u00e9nykez\u00e9s megtestes\u00edtse a k\u00f6z\u00f6ss\u00e9gi bekapcsol\u00f3d\u00e1s alapelveit. A t\u00e1mogat\u00e1sok \u00e9s az infrastrukt\u00fara jelenlegi toldozott-foldozott form\u00e1ja egyenes k\u00f6vetkezm\u00e9nye a t\u00f6rv\u00e9nyhoz\u00e1si hi\u00e1nyoss\u00e1goknak \u00e9s r\u00e1mutat az ilyen munka sz\u00fcks\u00e9gess\u00e9g\u00e9re.<\/span><br \/>\n<span style=\"font-family: Times New Roman CE;\">4. Infrastrukt\u00fara \u00e9s forr\u00e1sok<\/span><br \/>\n<span style=\"font-family: Times New Roman CE;\">Meg kell tal\u00e1lni azokat a m\u00f3dokat, amelyekkel a sz\u00fcks\u00e9ges infrastrukt\u00fara \u00e9s a forr\u00e1sok fejleszthet\u0151ek, ha azt akarjuk, hogy a siker megism\u00e9tl\u0151dj\u00e9k \u00e9s b\u00edzzanak benne az eg\u00e9sz orsz\u00e1gban.<\/span><br \/>\n<span style=\"font-family: Times New Roman CE;\">5. Finansz\u00edroz\u00e1s<\/span><br \/>\n<span style=\"font-family: Times New Roman CE;\">A sz\u00fcks\u00e9ges anyagi eszk\u00f6z\u00f6k nem \u00f3ri\u00e1siak, k\u00fcl\u00f6n\u00f6sen ha a fejleszt\u00e9si tervnek a gazdas\u00e1gi \u00e9rt\u00e9k\u00e9vel vetj\u00fck \u00f6ssze \u0151ket. A korm\u00e1nyzatnak ki kell alak\u00edtania a k\u00f6z\u00f6ss\u00e9g bevon\u00e1si infrastrukt\u00fara finansz\u00edroz\u00e1s\u00e1nak strat\u00e9gi\u00e1j\u00e1t, k\u00fcl\u00f6nben val\u00f3ss\u00e1 v\u00e1lik az a vesz\u00e9ly, hogy nem lehet fenntartani azt, amit m\u00e1r el\u00e9rt\u00fcnk.<\/span><br \/>\n<span style=\"font-family: Times New Roman CE;\">6. A mag\u00e1nszektor kezdem\u00e9nyez\u00e9sei<\/span><br \/>\n<span style=\"font-family: Times New Roman CE;\">Eg\u00e9szen vil\u00e1gos, hogy a mag\u00e1nszektor fejleszt\u0151i igen sokat nyerhetnek azon, ha harmonikusabb kapcsolatot alak\u00edtanak ki a helyi k\u00f6z\u00f6ss\u00e9gekkel. A mag\u00e1nszektor elfogadhat egy &#8222;k\u00f3dexet&#8221; a j\u00f3 gyakorlati p\u00e9ld\u00e1kr\u00f3l, \u00e9s anyagi t\u00e1mogat\u00e1st is ny\u00fajthat az &#8222;egy sz\u00e1zal\u00e9kot a k\u00f6z\u00f6ss\u00e9gnek&#8221; elv alapj\u00e1n, hasonlatosan az &#8222;egy sz\u00e1zal\u00e9kot a m\u0171v\u00e9szet\u00e9rt&#8221; m\u00e1r bev\u00e1lt s\u00e9m\u00e1j\u00e1hoz.<\/span><br \/>\n<span style=\"font-family: Times New Roman CE;\">7. Tapasztalatcsere<\/span><br \/>\n<span style=\"font-family: Times New Roman CE;\">Tudatos\u00edtani kell a j\u00f3 gyakorlati p\u00e9ld\u00e1kat a k\u00f6z\u00f6ss\u00e9gi bekapcsol\u00f3d\u00e1s ter\u00fclet\u00e9n, a tanuls\u00e1gos tapasztalatok \u00e1tv\u00e9tele \u00e9rdek\u00e9ben.<\/span><br \/>\n<span style=\"font-family: Times New Roman CE;\">8. A &#8222;norma&#8221;<\/span><br \/>\n<span style=\"font-family: Times New Roman CE;\">Befejez\u00e9s\u00fcl, a k\u00f6z\u00f6ss\u00e9gi bekapcsol\u00f3d\u00e1st olyan fokra kell fejleszten\u00fcnk, ahol ezt m\u00e1r &#8222;norm\u00e1nak&#8221; \u00e9s nem &#8222;kiv\u00e9telnek&#8221; tekintik. A k\u00f6z\u00f6ss\u00e9gek bekapcsol\u00f3d\u00e1s\u00e1t olyan j\u00f3 \u00e9s term\u00e9szetes gyakorlatnak kell tekinteni, amelyet t\u00f6rv\u00e9nyek \u00e9s p\u00e9nzeszk\u00f6z\u00f6k is t\u00e1mogatnak. Ily m\u00f3don rem\u00e9lhet\u0151leg jobban alak\u00edthatjuk telep\u00fcl\u00e9seinket \u00e9s v\u00e1rosainkat.<\/span><\/p>\n","protected":false},"excerpt":{"rendered":"<p>Oliver Stone JFK c\u00edm\u0171 filmje a k\u00f6zelm\u00faltban ism\u00e9t felkeltette az \u00e9rdekl\u0151d\u00e9st Kennedy eln\u00f6k munk\u00e1ja \u00e9s besz\u00e9dei ir\u00e1nt. Az eln\u00f6k egyik besz\u00e9de olyan \u00fczenetet tartalmaz, amely k\u00fcl\u00f6n\u00f6sen alkalmazhat\u00f3 a k\u00f6z\u00f6ss\u00e9gi \u00fajj\u00e1sz\u00fclet\u00e9s kih\u00edv\u00e1s\u00e1ra. Kennedy azt s\u00fcrgette, hogy hallgat\u00f3s\u00e1ga ne csak azt a k\u00e9rd\u00e9st tegye fel, hogy &#8222;Mi\u00e9rt&#8221;, hanem tegye meg a k\u00f6vetkez\u0151 l\u00e9p\u00e9st is, \u00e9s azt k\u00e9rdezze: [&hellip;]<\/p>\n","protected":false},"author":469,"featured_media":4141,"comment_status":"open","ping_status":"open","sticky":false,"template":"","format":"standard","meta":{"_acf_changed":false,"footnotes":""},"categories":[252,8,7],"tags":[],"coauthors":[631],"class_list":["post-4295","post","type-post","status-publish","format-standard","has-post-thumbnail","hentry","category-parola-1992-4","category-parola-folyoirat","category-repertorium"],"acf":[],"yoast_head":"<!-- This site is optimized with the Yoast SEO plugin v26.7 - https:\/\/yoast.com\/wordpress\/plugins\/seo\/ -->\n<title>A k\u00f6z\u00f6ss\u00e9gek meg\u00fajul\u00e1s\u00e1nak \u00fatjai - Parola Foly\u00f3irat<\/title>\n<meta name=\"robots\" content=\"index, follow, max-snippet:-1, max-image-preview:large, max-video-preview:-1\" \/>\n<link rel=\"canonical\" href=\"https:\/\/kofe.hu\/parola\/parola-folyoirat\/a-kozossegek-megujulasanak-utjai\/\" \/>\n<meta property=\"og:locale\" content=\"hu_HU\" \/>\n<meta property=\"og:type\" content=\"article\" \/>\n<meta property=\"og:title\" content=\"A k\u00f6z\u00f6ss\u00e9gek meg\u00fajul\u00e1s\u00e1nak \u00fatjai - Parola Foly\u00f3irat\" \/>\n<meta property=\"og:description\" content=\"Oliver Stone JFK c\u00edm\u0171 filmje a k\u00f6zelm\u00faltban ism\u00e9t felkeltette az \u00e9rdekl\u0151d\u00e9st Kennedy eln\u00f6k munk\u00e1ja \u00e9s besz\u00e9dei ir\u00e1nt. Az eln\u00f6k egyik besz\u00e9de olyan \u00fczenetet tartalmaz, amely k\u00fcl\u00f6n\u00f6sen alkalmazhat\u00f3 a k\u00f6z\u00f6ss\u00e9gi \u00fajj\u00e1sz\u00fclet\u00e9s kih\u00edv\u00e1s\u00e1ra. Kennedy azt s\u00fcrgette, hogy hallgat\u00f3s\u00e1ga ne csak azt a k\u00e9rd\u00e9st tegye fel, hogy &#8222;Mi\u00e9rt&#8221;, hanem tegye meg a k\u00f6vetkez\u0151 l\u00e9p\u00e9st is, \u00e9s azt k\u00e9rdezze: [&hellip;]\" \/>\n<meta property=\"og:url\" content=\"https:\/\/kofe.hu\/parola\/parola-folyoirat\/a-kozossegek-megujulasanak-utjai\/\" \/>\n<meta property=\"og:site_name\" content=\"Parola Foly\u00f3irat\" \/>\n<meta property=\"article:published_time\" content=\"2020-07-30T12:19:06+00:00\" \/>\n<meta property=\"article:modified_time\" content=\"2020-07-30T17:27:36+00:00\" \/>\n<meta property=\"og:image\" content=\"https:\/\/kofe.hu\/parola\/wp-content\/uploads\/2020\/06\/92.4.jpeg\" \/>\n\t<meta property=\"og:image:width\" content=\"1372\" \/>\n\t<meta property=\"og:image:height\" content=\"1981\" \/>\n\t<meta property=\"og:image:type\" content=\"image\/jpeg\" \/>\n<meta name=\"author\" content=\"John Armstrong\" \/>\n<meta name=\"twitter:card\" content=\"summary_large_image\" \/>\n<meta name=\"twitter:label1\" content=\"Szerz\u0151:\" \/>\n\t<meta name=\"twitter:data1\" content=\"John Armstrong\" \/>\n\t<meta name=\"twitter:label2\" content=\"Becs\u00fclt olvas\u00e1si id\u0151\" \/>\n\t<meta name=\"twitter:data2\" content=\"7 perc\" \/>\n\t<meta name=\"twitter:label3\" content=\"Written by\" \/>\n\t<meta name=\"twitter:data3\" content=\"John Armstrong\" \/>\n<script type=\"application\/ld+json\" class=\"yoast-schema-graph\">{\"@context\":\"https:\/\/schema.org\",\"@graph\":[{\"@type\":\"Article\",\"@id\":\"https:\/\/kofe.hu\/parola\/parola-folyoirat\/a-kozossegek-megujulasanak-utjai\/#article\",\"isPartOf\":{\"@id\":\"https:\/\/kofe.hu\/parola\/parola-folyoirat\/a-kozossegek-megujulasanak-utjai\/\"},\"author\":{\"name\":\"John Armstrong\",\"@id\":\"https:\/\/kofe.hu\/parola\/#\/schema\/person\/c7d9d0bc1cbd4b6b1d4354e48685790e\"},\"headline\":\"A k\u00f6z\u00f6ss\u00e9gek meg\u00fajul\u00e1s\u00e1nak \u00fatjai\",\"datePublished\":\"2020-07-30T12:19:06+00:00\",\"dateModified\":\"2020-07-30T17:27:36+00:00\",\"mainEntityOfPage\":{\"@id\":\"https:\/\/kofe.hu\/parola\/parola-folyoirat\/a-kozossegek-megujulasanak-utjai\/\"},\"wordCount\":1506,\"commentCount\":0,\"image\":{\"@id\":\"https:\/\/kofe.hu\/parola\/parola-folyoirat\/a-kozossegek-megujulasanak-utjai\/#primaryimage\"},\"thumbnailUrl\":\"https:\/\/kofe.hu\/parola\/wp-content\/uploads\/2020\/06\/92.4.jpeg\",\"articleSection\":[\"Parola 1992\/4\",\"Parola Foly\u00f3irat\",\"Repert\u00f3rium\"],\"inLanguage\":\"hu\",\"potentialAction\":[{\"@type\":\"CommentAction\",\"name\":\"Comment\",\"target\":[\"https:\/\/kofe.hu\/parola\/parola-folyoirat\/a-kozossegek-megujulasanak-utjai\/#respond\"]}]},{\"@type\":\"WebPage\",\"@id\":\"https:\/\/kofe.hu\/parola\/parola-folyoirat\/a-kozossegek-megujulasanak-utjai\/\",\"url\":\"https:\/\/kofe.hu\/parola\/parola-folyoirat\/a-kozossegek-megujulasanak-utjai\/\",\"name\":\"A k\u00f6z\u00f6ss\u00e9gek meg\u00fajul\u00e1s\u00e1nak \u00fatjai - Parola Foly\u00f3irat\",\"isPartOf\":{\"@id\":\"https:\/\/kofe.hu\/parola\/#website\"},\"primaryImageOfPage\":{\"@id\":\"https:\/\/kofe.hu\/parola\/parola-folyoirat\/a-kozossegek-megujulasanak-utjai\/#primaryimage\"},\"image\":{\"@id\":\"https:\/\/kofe.hu\/parola\/parola-folyoirat\/a-kozossegek-megujulasanak-utjai\/#primaryimage\"},\"thumbnailUrl\":\"https:\/\/kofe.hu\/parola\/wp-content\/uploads\/2020\/06\/92.4.jpeg\",\"datePublished\":\"2020-07-30T12:19:06+00:00\",\"dateModified\":\"2020-07-30T17:27:36+00:00\",\"author\":{\"@id\":\"https:\/\/kofe.hu\/parola\/#\/schema\/person\/c7d9d0bc1cbd4b6b1d4354e48685790e\"},\"breadcrumb\":{\"@id\":\"https:\/\/kofe.hu\/parola\/parola-folyoirat\/a-kozossegek-megujulasanak-utjai\/#breadcrumb\"},\"inLanguage\":\"hu\",\"potentialAction\":[{\"@type\":\"ReadAction\",\"target\":[\"https:\/\/kofe.hu\/parola\/parola-folyoirat\/a-kozossegek-megujulasanak-utjai\/\"]}]},{\"@type\":\"ImageObject\",\"inLanguage\":\"hu\",\"@id\":\"https:\/\/kofe.hu\/parola\/parola-folyoirat\/a-kozossegek-megujulasanak-utjai\/#primaryimage\",\"url\":\"https:\/\/kofe.hu\/parola\/wp-content\/uploads\/2020\/06\/92.4.jpeg\",\"contentUrl\":\"https:\/\/kofe.hu\/parola\/wp-content\/uploads\/2020\/06\/92.4.jpeg\",\"width\":1372,\"height\":1981},{\"@type\":\"BreadcrumbList\",\"@id\":\"https:\/\/kofe.hu\/parola\/parola-folyoirat\/a-kozossegek-megujulasanak-utjai\/#breadcrumb\",\"itemListElement\":[{\"@type\":\"ListItem\",\"position\":1,\"name\":\"Home\",\"item\":\"https:\/\/kofe.hu\/parola\/\"},{\"@type\":\"ListItem\",\"position\":2,\"name\":\"A k\u00f6z\u00f6ss\u00e9gek meg\u00fajul\u00e1s\u00e1nak \u00fatjai\"}]},{\"@type\":\"WebSite\",\"@id\":\"https:\/\/kofe.hu\/parola\/#website\",\"url\":\"https:\/\/kofe.hu\/parola\/\",\"name\":\"Parola Foly\u00f3irat\",\"description\":\"\",\"potentialAction\":[{\"@type\":\"SearchAction\",\"target\":{\"@type\":\"EntryPoint\",\"urlTemplate\":\"https:\/\/kofe.hu\/parola\/?s={search_term_string}\"},\"query-input\":{\"@type\":\"PropertyValueSpecification\",\"valueRequired\":true,\"valueName\":\"search_term_string\"}}],\"inLanguage\":\"hu\"},{\"@type\":\"Person\",\"@id\":\"https:\/\/kofe.hu\/parola\/#\/schema\/person\/c7d9d0bc1cbd4b6b1d4354e48685790e\",\"name\":\"John Armstrong\",\"image\":{\"@type\":\"ImageObject\",\"inLanguage\":\"hu\",\"@id\":\"https:\/\/kofe.hu\/parola\/#\/schema\/person\/image\/2b44476577c46b0f2ef561aa1e77bf66\",\"url\":\"https:\/\/secure.gravatar.com\/avatar\/193c9b06bd4c50c34f766b559fbcec2f2bb13e1a4098b81c807eb358b17dbec9?s=96&d=mm&r=g\",\"contentUrl\":\"https:\/\/secure.gravatar.com\/avatar\/193c9b06bd4c50c34f766b559fbcec2f2bb13e1a4098b81c807eb358b17dbec9?s=96&d=mm&r=g\",\"caption\":\"John Armstrong\"},\"url\":\"https:\/\/kofe.hu\/parola\/szerzok\/john-armstrong\/\"}]}<\/script>\n<!-- \/ Yoast SEO plugin. -->","yoast_head_json":{"title":"A k\u00f6z\u00f6ss\u00e9gek meg\u00fajul\u00e1s\u00e1nak \u00fatjai - Parola Foly\u00f3irat","robots":{"index":"index","follow":"follow","max-snippet":"max-snippet:-1","max-image-preview":"max-image-preview:large","max-video-preview":"max-video-preview:-1"},"canonical":"https:\/\/kofe.hu\/parola\/parola-folyoirat\/a-kozossegek-megujulasanak-utjai\/","og_locale":"hu_HU","og_type":"article","og_title":"A k\u00f6z\u00f6ss\u00e9gek meg\u00fajul\u00e1s\u00e1nak \u00fatjai - Parola Foly\u00f3irat","og_description":"Oliver Stone JFK c\u00edm\u0171 filmje a k\u00f6zelm\u00faltban ism\u00e9t felkeltette az \u00e9rdekl\u0151d\u00e9st Kennedy eln\u00f6k munk\u00e1ja \u00e9s besz\u00e9dei ir\u00e1nt. Az eln\u00f6k egyik besz\u00e9de olyan \u00fczenetet tartalmaz, amely k\u00fcl\u00f6n\u00f6sen alkalmazhat\u00f3 a k\u00f6z\u00f6ss\u00e9gi \u00fajj\u00e1sz\u00fclet\u00e9s kih\u00edv\u00e1s\u00e1ra. Kennedy azt s\u00fcrgette, hogy hallgat\u00f3s\u00e1ga ne csak azt a k\u00e9rd\u00e9st tegye fel, hogy &#8222;Mi\u00e9rt&#8221;, hanem tegye meg a k\u00f6vetkez\u0151 l\u00e9p\u00e9st is, \u00e9s azt k\u00e9rdezze: [&hellip;]","og_url":"https:\/\/kofe.hu\/parola\/parola-folyoirat\/a-kozossegek-megujulasanak-utjai\/","og_site_name":"Parola Foly\u00f3irat","article_published_time":"2020-07-30T12:19:06+00:00","article_modified_time":"2020-07-30T17:27:36+00:00","og_image":[{"width":1372,"height":1981,"url":"https:\/\/kofe.hu\/parola\/wp-content\/uploads\/2020\/06\/92.4.jpeg","type":"image\/jpeg"}],"author":"John Armstrong","twitter_card":"summary_large_image","twitter_misc":{"Szerz\u0151:":"John Armstrong","Becs\u00fclt olvas\u00e1si id\u0151":"7 perc","Written by":"John Armstrong"},"schema":{"@context":"https:\/\/schema.org","@graph":[{"@type":"Article","@id":"https:\/\/kofe.hu\/parola\/parola-folyoirat\/a-kozossegek-megujulasanak-utjai\/#article","isPartOf":{"@id":"https:\/\/kofe.hu\/parola\/parola-folyoirat\/a-kozossegek-megujulasanak-utjai\/"},"author":{"name":"John Armstrong","@id":"https:\/\/kofe.hu\/parola\/#\/schema\/person\/c7d9d0bc1cbd4b6b1d4354e48685790e"},"headline":"A k\u00f6z\u00f6ss\u00e9gek meg\u00fajul\u00e1s\u00e1nak \u00fatjai","datePublished":"2020-07-30T12:19:06+00:00","dateModified":"2020-07-30T17:27:36+00:00","mainEntityOfPage":{"@id":"https:\/\/kofe.hu\/parola\/parola-folyoirat\/a-kozossegek-megujulasanak-utjai\/"},"wordCount":1506,"commentCount":0,"image":{"@id":"https:\/\/kofe.hu\/parola\/parola-folyoirat\/a-kozossegek-megujulasanak-utjai\/#primaryimage"},"thumbnailUrl":"https:\/\/kofe.hu\/parola\/wp-content\/uploads\/2020\/06\/92.4.jpeg","articleSection":["Parola 1992\/4","Parola Foly\u00f3irat","Repert\u00f3rium"],"inLanguage":"hu","potentialAction":[{"@type":"CommentAction","name":"Comment","target":["https:\/\/kofe.hu\/parola\/parola-folyoirat\/a-kozossegek-megujulasanak-utjai\/#respond"]}]},{"@type":"WebPage","@id":"https:\/\/kofe.hu\/parola\/parola-folyoirat\/a-kozossegek-megujulasanak-utjai\/","url":"https:\/\/kofe.hu\/parola\/parola-folyoirat\/a-kozossegek-megujulasanak-utjai\/","name":"A k\u00f6z\u00f6ss\u00e9gek meg\u00fajul\u00e1s\u00e1nak \u00fatjai - Parola Foly\u00f3irat","isPartOf":{"@id":"https:\/\/kofe.hu\/parola\/#website"},"primaryImageOfPage":{"@id":"https:\/\/kofe.hu\/parola\/parola-folyoirat\/a-kozossegek-megujulasanak-utjai\/#primaryimage"},"image":{"@id":"https:\/\/kofe.hu\/parola\/parola-folyoirat\/a-kozossegek-megujulasanak-utjai\/#primaryimage"},"thumbnailUrl":"https:\/\/kofe.hu\/parola\/wp-content\/uploads\/2020\/06\/92.4.jpeg","datePublished":"2020-07-30T12:19:06+00:00","dateModified":"2020-07-30T17:27:36+00:00","author":{"@id":"https:\/\/kofe.hu\/parola\/#\/schema\/person\/c7d9d0bc1cbd4b6b1d4354e48685790e"},"breadcrumb":{"@id":"https:\/\/kofe.hu\/parola\/parola-folyoirat\/a-kozossegek-megujulasanak-utjai\/#breadcrumb"},"inLanguage":"hu","potentialAction":[{"@type":"ReadAction","target":["https:\/\/kofe.hu\/parola\/parola-folyoirat\/a-kozossegek-megujulasanak-utjai\/"]}]},{"@type":"ImageObject","inLanguage":"hu","@id":"https:\/\/kofe.hu\/parola\/parola-folyoirat\/a-kozossegek-megujulasanak-utjai\/#primaryimage","url":"https:\/\/kofe.hu\/parola\/wp-content\/uploads\/2020\/06\/92.4.jpeg","contentUrl":"https:\/\/kofe.hu\/parola\/wp-content\/uploads\/2020\/06\/92.4.jpeg","width":1372,"height":1981},{"@type":"BreadcrumbList","@id":"https:\/\/kofe.hu\/parola\/parola-folyoirat\/a-kozossegek-megujulasanak-utjai\/#breadcrumb","itemListElement":[{"@type":"ListItem","position":1,"name":"Home","item":"https:\/\/kofe.hu\/parola\/"},{"@type":"ListItem","position":2,"name":"A k\u00f6z\u00f6ss\u00e9gek meg\u00fajul\u00e1s\u00e1nak \u00fatjai"}]},{"@type":"WebSite","@id":"https:\/\/kofe.hu\/parola\/#website","url":"https:\/\/kofe.hu\/parola\/","name":"Parola Foly\u00f3irat","description":"","potentialAction":[{"@type":"SearchAction","target":{"@type":"EntryPoint","urlTemplate":"https:\/\/kofe.hu\/parola\/?s={search_term_string}"},"query-input":{"@type":"PropertyValueSpecification","valueRequired":true,"valueName":"search_term_string"}}],"inLanguage":"hu"},{"@type":"Person","@id":"https:\/\/kofe.hu\/parola\/#\/schema\/person\/c7d9d0bc1cbd4b6b1d4354e48685790e","name":"John Armstrong","image":{"@type":"ImageObject","inLanguage":"hu","@id":"https:\/\/kofe.hu\/parola\/#\/schema\/person\/image\/2b44476577c46b0f2ef561aa1e77bf66","url":"https:\/\/secure.gravatar.com\/avatar\/193c9b06bd4c50c34f766b559fbcec2f2bb13e1a4098b81c807eb358b17dbec9?s=96&d=mm&r=g","contentUrl":"https:\/\/secure.gravatar.com\/avatar\/193c9b06bd4c50c34f766b559fbcec2f2bb13e1a4098b81c807eb358b17dbec9?s=96&d=mm&r=g","caption":"John Armstrong"},"url":"https:\/\/kofe.hu\/parola\/szerzok\/john-armstrong\/"}]}},"_links":{"self":[{"href":"https:\/\/kofe.hu\/parola\/wp-json\/wp\/v2\/posts\/4295","targetHints":{"allow":["GET"]}}],"collection":[{"href":"https:\/\/kofe.hu\/parola\/wp-json\/wp\/v2\/posts"}],"about":[{"href":"https:\/\/kofe.hu\/parola\/wp-json\/wp\/v2\/types\/post"}],"author":[{"embeddable":true,"href":"https:\/\/kofe.hu\/parola\/wp-json\/wp\/v2\/users\/469"}],"replies":[{"embeddable":true,"href":"https:\/\/kofe.hu\/parola\/wp-json\/wp\/v2\/comments?post=4295"}],"version-history":[{"count":2,"href":"https:\/\/kofe.hu\/parola\/wp-json\/wp\/v2\/posts\/4295\/revisions"}],"predecessor-version":[{"id":5034,"href":"https:\/\/kofe.hu\/parola\/wp-json\/wp\/v2\/posts\/4295\/revisions\/5034"}],"wp:featuredmedia":[{"embeddable":true,"href":"https:\/\/kofe.hu\/parola\/wp-json\/wp\/v2\/media\/4141"}],"wp:attachment":[{"href":"https:\/\/kofe.hu\/parola\/wp-json\/wp\/v2\/media?parent=4295"}],"wp:term":[{"taxonomy":"category","embeddable":true,"href":"https:\/\/kofe.hu\/parola\/wp-json\/wp\/v2\/categories?post=4295"},{"taxonomy":"post_tag","embeddable":true,"href":"https:\/\/kofe.hu\/parola\/wp-json\/wp\/v2\/tags?post=4295"},{"taxonomy":"author","embeddable":true,"href":"https:\/\/kofe.hu\/parola\/wp-json\/wp\/v2\/coauthors?post=4295"}],"curies":[{"name":"wp","href":"https:\/\/api.w.org\/{rel}","templated":true}]}}