{"id":4102,"date":"2020-07-30T11:00:18","date_gmt":"2020-07-30T11:00:18","guid":{"rendered":"https:\/\/kofe.hu\/parola\/?p=4102"},"modified":"2020-07-30T11:00:18","modified_gmt":"2020-07-30T11:00:18","slug":"a-turizmus-mint-fejleszto-munkalehetoseg","status":"publish","type":"post","link":"https:\/\/kofe.hu\/parola\/parola-folyoirat\/a-turizmus-mint-fejleszto-munkalehetoseg\/","title":{"rendered":"A turizmus, mint fejleszt\u0151 munkalehet\u0151s\u00e9g"},"content":{"rendered":"<p style=\"text-align: justify;\"><span style=\"font-family: Times New Roman CE;\">K\u00fclf\u00f6ldi p\u00e9ld\u00e1kat is ismerve, vitathatatlan, hogy a korszer\u0171 termel\u00e9s \u00e9s szolg\u00e1ltat\u00e1s mellett a legnagyobb gazdas\u00e1gi \u00e9s szellemi h\u00faz\u00f3er\u0151 a turizmus. A magyar falvaknak az adotts\u00e1gaikb\u00f3l kell \u00e9p\u00edtkezni\u00fck, a t\u0151keer\u0151s beruh\u00e1z\u00e1sok kora egyel\u0151re lej\u00e1rt. A k\u00fclf\u00f6ldi beruh\u00e1z\u00f3k els\u0151sorban az olcs\u00f3 munkaer\u0151t keresik, \u00e9s nem \u00e9rdek\u00fck a lakoss\u00e1g gazdagod\u00e1sa \u00e9s kultur\u00e1lis fejl\u0151d\u00e9se. Mindez nem jelenti azt, hogy nem kell minden lehets\u00e9ges \u00e9s ad\u00f3d\u00f3 alkalmat megragadni, s\u0151t, el\u00e9be is menni, hiszen mindannyian tudjuk, hogy m\u00e1r nem l\u00e9tezik egyetlen megold\u00e1s \u00a6 a fejl\u0151d\u00e9s sok apr\u00f3, egy\u00e9ni vagy csoportos fejleszt\u00e9sb\u0151l val\u00f3s\u00edthat\u00f3 meg.<\/span><\/p>\n<p style=\"text-align: justify;\"><!--more--><br \/>\n<span style=\"font-family: Times New Roman CE;\">A turizmus az\u00e9rt korszer\u0171 munka- \u00e9s kereseti lehet\u0151s\u00e9g, mert olyan egyedis\u00e9gre \u00e9p\u00edt, aminek m\u00e1sutt nem lehet konkurrenci\u00e1ja, hiszen minden falub\u00f3l csak egy van. S\u0151t, az is elmondhat\u00f3, hogy a k\u00f6rny\u00e9k hasonl\u00f3 fejl\u0151d\u00e9s\u00e9vel ezek az el\u0151ny\u00f6k k\u00f6lcs\u00f6n\u00f6sen kieg\u00e9sz\u00edten\u00e9k egym\u00e1st \u00a6 a v\u00e1rosok sz\u00f3rakoz\u00e1si lehet\u0151s\u00e9geikkel, strandjaikkal, sz\u00ednh\u00e1zaikkal stb. egy p\u00e1r napos-hetes falusi nyaral\u00e1st remek\u00fcl kieg\u00e9sz\u00edten\u00e9nek \u00e9s viszont is \u00a6 a falusi k\u00f6rnyezet, a csend \u00e9s nyugalom, a term\u00e9szet \u00e9s az \u00e1llatok k\u00f6zels\u00e9ge, a lovagl\u00e1s, a s\u00e9takocsiz\u00e1s, a tehenek fej\u00e9s\u00e9nek l\u00e1tv\u00e1nya, a sz\u00fcret, a keny\u00e9rs\u00fct\u00e9s, vad\u00e1szat, r\u00e9gi mesters\u00e9gek \u00a6 sz\u00f6v\u00e9s, farag\u00e1s stb. l\u00e1tv\u00e1nya \u00e9s kipr\u00f3b\u00e1l\u00e1sa, bogr\u00e1cs\u00e9telek \u00e9s falusi cukr\u00e1szat \u00a6 mind-mind feledhetetlen falusi nyaral\u00e1sokat \u00edg\u00e9rnek.<\/span><br \/>\n<span style=\"font-family: Times New Roman CE;\">A turizmus az\u00e9rt is k\u00edv\u00e1natos, mert kultur\u00e1lis fejleszt\u0151 hat\u00e1s\u00fa. Az igazi vend\u00e9gl\u00e1t\u00e1shoz nem el\u00e9g a h\u00e1zat kitakar\u00edtani \u00e9s lek\u00f6lt\u00f6zni a h\u00e1zikonyh\u00e1ba \u00a6 az idegen \u00e9pp az\u00e9rt j\u00f6n, hogy olyan \u00e9lethelyzeteket, embereket, termel\u00e9st \u00e9s szok\u00e1sokat ismerjen meg, amelyek a sz\u00e1m\u00e1ra idegenek, vagy \u00a6 a fejlett ipari t\u00e1rsadalmakra gondolunk most \u00a6 a m\u00faltat jelenti \u00e9s nosztalgi\u00e1t v\u00e1lt ki. A turizmus sokoldal\u00fa kapcsolatki\u00e9p\u00edt\u00e9st, t\u00e1j\u00e9koz\u00f3d\u00e1st, a vend\u00e9gekkel val\u00f3 kommunik\u00e1l\u00e1st, b\u00e1tors\u00e1got \u00e9s nyitotts\u00e1got ig\u00e9nyel. Mindehhez \u00e1lland\u00f3 tanul\u00e1sra, t\u00e1j\u00e9koz\u00f3d\u00e1sra van sz\u00fcks\u00e9g.<\/span><br \/>\n<span style=\"font-family: Times New Roman CE;\">A turizmus h\u00faz\u00f3\u00e1gazat \u00a6 fejleszti a benne r\u00e9sztvev\u0151k \u00e9s az eg\u00e9sz falu kult\u00far\u00e1j\u00e1t, termel\u00e9s\u00e9t, a szolg\u00e1ltat\u00e1sokat, az ell\u00e1t\u00e1s sz\u00ednvonal\u00e1t, n\u00f6veln\u00e9 a fizet\u0151k\u00e9pes keresletet. P\u00e9ks\u00e9g, cukr\u00e1szda, malom (mell\u00e9kterm\u00e9k-feldolgoz\u00e1si lehet\u0151s\u00e9gek), h\u00fas- \u00e9s tejterm\u00e9k feldolgoz\u00e1s, panzi\u00f3, vend\u00e9gl\u0151, utaz\u00e1si- \u00e9s programiroda, \u00f6n\u00e1ll\u00f3 kapcsolatszervez\u0151 \u00fcgyn\u00f6ks\u00e9g stb. l\u00e9trehoz\u00e1sa \u00e9s m\u0171k\u00f6dtet\u00e9se mind k\u00f6vetkezm\u00e9nye lehet.<\/span><br \/>\n<span style=\"font-family: Times New Roman CE;\">A turizmusnak a magyar falvakban \u00e1ltal\u00e1ban nincs hagyom\u00e1nya, ellenkez\u0151leg, mivel az emberek meglehet\u0151sen z\u00e1rtan \u00e9lnek, vil\u00e1guk csak egy sz\u0171k k\u00f6rzetre terjed ki, s idegenekkel nincs kommunik\u00e1ci\u00f3s gyakorlatuk, s\u0151t, a m\u00e1ss\u00e1g szokatlan sz\u00e1mukra, s a falusi vend\u00e9gl\u00e1t\u00e1s lehet\u0151s\u00e9g\u00e9nek emleget\u00e9se bizonytalan reakci\u00f3kat v\u00e1lt ki bel\u0151l\u00fck. Vannak, akik \u00fagy \u00e9rzik, hogy a saj\u00e1t lak\u00e1s\u00e1b\u00f3l senki sem csin\u00e1lna \u00fczletet, m\u00e1sok \u00fagy gondolj\u00e1k, hogy ez a n\u00e9p mindenre hajland\u00f3, amivel p\u00e9nzt lehet keresni.<\/span><br \/>\n<span style=\"font-family: Times New Roman CE;\">A turizmus legf\u0151bb akad\u00e1lyai ma bels\u0151, emberi akad\u00e1lyok \u00e9s nem a t\u0151kehi\u00e1ny. Az emberek f\u00e9lnek az idegenekt\u0151l, \u00e9l benn\u00fck a f\u00e9lelem a len\u00e9z\u00e9st\u0151l, az ismeretlent\u0151l, nincs praxisuk. Nem ismernek olyan embereket,akik ilyesmivel foglalkoznak. Elsz\u00e1n\u00e1s eset\u00e9n a t\u0151ke megszerezhet\u0151, ha m\u00e1st\u00f3l nem, a k\u00fclf\u00f6ldiekt\u0151l, akik azt\u00e1n \u00e9vekig lenyaralj\u00e1k befektet\u00e9s\u00fcket.<\/span><br \/>\n<span style=\"font-family: Times New Roman CE;\">Ha egyes falvakban m\u00e9gis \u00fagy gondolj\u00e1k, hogy a falusi vend\u00e9gl\u00e1t\u00e1s k\u00f6z\u00e9p- \u00e9s hossz\u00fat\u00e1v\u00fa terveikben fokozatosan teret nyerhet, el lehet kezdeni a r\u00e1 val\u00f3 felk\u00e9sz\u00fcl\u00e9st. Hossz\u00fa folyamat ez, t\u00f6bb eleme van, els\u0151sorban a gyerekekkel \u00e9s fiatalokkal kellene ilyen ir\u00e1ny\u00fa felk\u00e9sz\u00edt\u0151 munk\u00e1t v\u00e9gezni, de a feln\u0151tt koroszt\u00e1lyok k\u00e9szs\u00e9g\u00e9nek n\u00f6vel\u00e9se sem elhanyagolhat\u00f3.<\/span><br \/>\n<span style=\"font-family: Times New Roman CE;\">Els\u0151dleges felt\u00e9tele a turizmusnak a lokalit\u00e1s, a hely jelleg\u00e9nek kidolgoz\u00e1sa-hangs\u00falyoz\u00e1sa, image-\u00e1nak megteremt\u00e9se, a megl\u00e9v\u0151 \u00e9rt\u00e9kek v\u00e9delme \u00e9s a v\u00e1gyott image-nak megfelel\u0151 fejleszt\u00e9se. Ezzel p\u00e1rhuzamosan megkezd\u0151dhet a lakoss\u00e1g \u00e9rz\u00e9kenny\u00e9 t\u00e9tele a vend\u00e9gl\u00e1t\u00e1ssal kapcsolatban.<\/span><br \/>\n<span style=\"font-family: Times New Roman CE;\">Az idegenforgalmi gondolat meghonos\u00edt\u00e1sa a falu fejleszt\u00e9s\u00e9nek m\u00e1s ter\u00fcleteivel is \u00f6sszef\u00fcgg \u00a6 b\u00e1rmilyen utaz\u00e1s vagy vend\u00e9gfogad\u00e1s, idegenekkel tal\u00e1lkoz\u00e1s \u00e9s megm\u00e9rettet\u00e9s, t\u00f6rt\u00e9njen az egyszer\u0171 pihen\u00e9s, vil\u00e1gl\u00e1t\u00e1s vagy \u00e9ppen a v\u00e1llalkoz\u00e1sra felk\u00e9sz\u00edt\u00e9s c\u00e9lj\u00e1b\u00f3l, seg\u00edtheti az emberek szeml\u00e9let\u00e9nek kedvez\u0151 alakul\u00e1s\u00e1t.<\/span><br \/>\n<span style=\"font-family: Times New Roman CE;\">M\u00e1r az \u00e1ltal\u00e1nos iskola v\u00e9gezhet szakemberek seg\u00edts\u00e9g\u00e9vel kialak\u00edtott, tudatos felk\u00e9sz\u00edt\u0151 tev\u00e9kenys\u00e9get. A nyelvtanul\u00e1s, a csereutaz\u00e1sok, a helyi hagyom\u00e1nyok visszatanul\u00e1sa \u00e9s \u00e1pol\u00e1sa, a h\u00e1ziasszony k\u00e9pz\u00e9s stb. mind-mind e tudat kialak\u00edt\u00e1s\u00e1nak lehet\u0151s\u00e9ge lenne.<\/span><br \/>\n<span style=\"font-family: Times New Roman CE;\">Az \u00f6nkorm\u00e1nyzat \u00f6szt\u00f6nd\u00edjas tanul\u00e1si lehet\u0151s\u00e9get adhat olyan tehets\u00e9ges gyerekeknek, akik v\u00e1llalj\u00e1k, hogy v\u00e9gz\u00e9s ut\u00e1n visszaj\u00f6nnek \u00e9s a turizmus piackutat\u00f3i, kapcsolatszervez\u0151i lesznek.<\/span><br \/>\n<span style=\"font-family: Times New Roman CE;\">A fiatalok \u00a6 akikben a k\u00e9szs\u00e9g adott \u00e9s felismerik az \u00fcgy fontoss\u00e1g\u00e1t \u00a6 k\u00fclf\u00f6ldi munkav\u00e1llal\u00e1ssal, nyelvtanul\u00e1ssal, cserekapcsolatokkal sokat tehetnek saj\u00e1t v\u00e1llalkoz\u00f3v\u00e1 v\u00e1l\u00e1suk \u00e9rdek\u00e9ben. Term\u00e9szetesen mindezeket inform\u00e1ci\u00f3kkal kell seg\u00edteni. K\u00edv\u00e1natos, hogy a fiatalok ne olcs\u00f3 munkaerej\u00fcket vigy\u00e9k csak a k\u00fclf\u00f6ldi piacra, de nyelvtanfolyamokon is r\u00e9szt vegyenek \u00e9s a vend\u00e9gmunk\u00e1t ne \u00fagy tekints\u00e9k, hogy valamennyire megszedik magukat \u00a6 mialatt esetleg itthoni kapcsolataik t\u00f6nkremennek -, hanem tanul\u00e1si, szakmaszerz\u00e9si folyamatnak. Nem v\u00e9letlen, hogy a r\u00e9gi iparosok, pl. nyomd\u00e1szok k\u00fclf\u00f6ldi m\u0171helyekbe k\u00fcldt\u00e9k dolgozni seg\u00e9djeiket, hogy ott elsaj\u00e1t\u00edts\u00e1k az \u00faj technik\u00e1kat, \u00e9s itthon azt\u00e1n az \u00e9lmez\u0151nyben versenyk\u00e9pesek legyenek.<\/span><br \/>\n<span style=\"font-family: Times New Roman CE;\">A k\u00f6z\u00e9pkoroszt\u00e1lyok sz\u00e1m\u00e1ra els\u0151sorban a k\u00f6lcs\u00f6n\u00f6ss\u00e9gen alapul\u00f3 cserekapcsolatok j\u00e1rhat\u00f3k, mert semmi sem fejleszti ink\u00e1bb az ember ig\u00e9nyess\u00e9g\u00e9t, mint a gyakorlati tapasztal\u00e1s.<\/span><br \/>\n<span style=\"font-family: Times New Roman CE;\">Az \u00f6nkorm\u00e1nyzat testv\u00e9rv\u00e1rosi kapcsolatokat \u00e9p\u00edthetne ki.<\/span><br \/>\n<span style=\"font-family: Times New Roman CE;\">Mindezek ut\u00e1n ill. mellett bizony\u00e1ra meglazul annyira a vend\u00e9gl\u00e1t\u00e1s talaja, hogy a tudatos felk\u00e9sz\u00fcl\u00e9s is lehets\u00e9gess\u00e9 v\u00e1lna:<\/span><br \/>\n<span style=\"font-family: Times New Roman CE;\">Sz\u00fcks\u00e9ges lenne a vend\u00e9gfogad\u00e1s tanul\u00e1sa. Ennek \u00e9rdek\u00e9ben belf\u00f6ldi utaz\u00e1sokat lehetne szervezni idegenforgalmi helyekre, pl. Holl\u00f3k\u0151re, a Balaton telep\u00fcl\u00e9seire stb. Idegenforgalmi tanfolyamokat ill. szakiskolai beiskol\u00e1z\u00e1sokat lehetne szorgalmazni.<\/span><br \/>\n<span style=\"font-family: Times New Roman CE;\">Tanulm\u00e1nyozni kellene a falusi- \u00e9s tany\u00e1s vend\u00e9gl\u00e1t\u00e1s fort\u00e9lyait, a k\u00fclf\u00f6ldi ig\u00e9nyeket, \u00e9s ennek megfelel\u0151en kellene a h\u00e1zakat korszer\u0171s\u00edteni, m\u00e9ghozz\u00e1 helyi v\u00e1llalkoz\u00e1sban, helyi \u00e9p\u00edt\u0151sz\u00f6vetkezettel \u00a6 mely ugyancsak munkalehet\u0151s\u00e9get adna \u00a6, k\u00fclf\u00f6ldi hitellel, melyet valamely, helybeliek \u00e1ltal felkutatott k\u00fclf\u00f6ldi szervezet ny\u00fajtana, cser\u00e9be egy t\u00f6bb \u00e9ves nyaral\u00e1si lehet\u0151s\u00e9g\u00e9rt.<\/span><br \/>\n<span style=\"font-family: Times New Roman CE;\">\u00dcd\u00fcl\u0151sz\u00f6vetkezet alak\u00edt\u00e1sa lenne fontos ahhoz, hogy saj\u00e1t lehet\u0151s\u00e9geiket \u00e9s saj\u00e1t munk\u00e1juk eredm\u00e9ny\u00e9t a helyi polg\u00e1rok maguk f\u00f6l\u00f6zz\u00e9k le, \u00e9s ne \u00e9l\u0151sk\u00f6dj\u00f6n rajtuk idegen szervezet. Ez a sz\u00f6vetkezet k\u00f6tn\u00e9 a szerz\u0151d\u00e9seket, biztos\u00edtan\u00e1 a vend\u00e9geket. Term\u00e9szetesen nem csak helyi, de k\u00f6rny\u00e9kbeli tagjai is lehetnek, de a vezet\u00e9s \u00e9s a f\u0151 \u00e9rdekelts\u00e9g helyi legyen.<\/span><br \/>\n<span style=\"font-family: Times New Roman CE;\">Az idegenforgalom szempontj\u00e1b\u00f3l kellene megvizsg\u00e1lni a helyi kereskedelem \u00e9s szolg\u00e1ltat\u00e1s lehet\u0151s\u00e9geit.<\/span><br \/>\n<span style=\"font-family: Times New Roman CE;\">Gondolkodni lehetne pl. azon, hogy nem kellene-e a faluk\u00f6zpontban kialak\u00edtani az \u00fczletsort. Vannak-e ki\u00fcr\u00fclt \u00e9s az \u00f6nkorm\u00e1nyzat \u00e1ltal megv\u00e1s\u00e1rolhat\u00f3, vagy \u00e9ppen m\u00e1r az \u0151 tulajdon\u00e1ban \u00e1ll\u00f3 h\u00e1zak a F\u0151 utc\u00e1n? Az \u00f6nkorm\u00e1ny zat nem nyithatna valamilyen boltot, szolg\u00e1ltat\u00e1st? Olyat k\u00e9ne, ami a k\u00f6rny\u00e9ken nincs. V\u00e9gig k\u00e9ne gondolni, mi az, ami hi\u00e1nyzik (a helybeli lakoss\u00e1g sz\u00fcks\u00e9gletei mellett \u00a6 tiszt\u00edt\u00f3, cip\u00e9sz, l\u00e1tszer\u00e9sz, ortop\u00e9d szak\u00fczlet, k\u00f6lcs\u00f6nz\u0151, h\u00e1ztart\u00e1si \u00e9s mez\u0151gazdas\u00e1gi g\u00e9pjav\u00edt\u00f3, trafik, h\u00e1ztart\u00e1si bolt stb. \u00a6 mag\u00e1nv\u00e1llalkoz\u00e1sban fokozatosan megjelenhetn\u00e9nek a k\u00fclf\u00f6ldiek ig\u00e9nyei is \u00a6 fogorvos, pedik\u0171r-manik\u0171r, fodr\u00e1sz, stb., gondoljunk csak az osztr\u00e1kok Sopronban kiel\u00e9g\u00fcl\u0151 ig\u00e9nyeire!) A vend\u00e9gl\u00e1t\u00e1shoz a m\u00e1r fent eml\u00edtett lovagl\u00e1si, vad\u00e1szati stb. lehet\u0151s\u00e9geket is mag\u00e1nv\u00e1llalkoz\u00e1sban lehetne biztos\u00edtani.<\/span><\/p>\n<p><span style=\"font-family: Times New Roman CE;\">E l\u00e9p\u00e9sekn\u00e9l a fokozatoss\u00e1g a fontos. Mint minden v\u00e1llalkoz\u00e1sn\u00e1l, itt is arra kellene t\u00f6rekedni, hogy az emberek a v\u00e1llalkoz\u00e1st egzisztenci\u00e1juk (ha van) megtart\u00e1sa mellett, el\u0151sz\u00f6r kicsiben, majd fokozatosan \u00e1t\u00e1llva v\u00e9gezz\u00e9k.<\/span><\/p>\n","protected":false},"excerpt":{"rendered":"<p>K\u00fclf\u00f6ldi p\u00e9ld\u00e1kat is ismerve, vitathatatlan, hogy a korszer\u0171 termel\u00e9s \u00e9s szolg\u00e1ltat\u00e1s mellett a legnagyobb gazdas\u00e1gi \u00e9s szellemi h\u00faz\u00f3er\u0151 a turizmus. A magyar falvaknak az adotts\u00e1gaikb\u00f3l kell \u00e9p\u00edtkezni\u00fck, a t\u0151keer\u0151s beruh\u00e1z\u00e1sok kora egyel\u0151re lej\u00e1rt. A k\u00fclf\u00f6ldi beruh\u00e1z\u00f3k els\u0151sorban az olcs\u00f3 munkaer\u0151t keresik, \u00e9s nem \u00e9rdek\u00fck a lakoss\u00e1g gazdagod\u00e1sa \u00e9s kultur\u00e1lis fejl\u0151d\u00e9se. Mindez nem jelenti azt, hogy [&hellip;]<\/p>\n","protected":false},"author":16,"featured_media":0,"comment_status":"open","ping_status":"open","sticky":false,"template":"","format":"standard","meta":{"_acf_changed":false,"footnotes":""},"categories":[227,8,7],"tags":[],"coauthors":[21],"class_list":["post-4102","post","type-post","status-publish","format-standard","hentry","category-parola-1991-4","category-parola-folyoirat","category-repertorium"],"acf":[],"yoast_head":"<!-- This site is optimized with the Yoast SEO plugin v26.7 - https:\/\/yoast.com\/wordpress\/plugins\/seo\/ -->\n<title>A turizmus, mint fejleszt\u0151 munkalehet\u0151s\u00e9g - Parola Foly\u00f3irat<\/title>\n<meta name=\"robots\" content=\"index, follow, max-snippet:-1, max-image-preview:large, max-video-preview:-1\" \/>\n<link rel=\"canonical\" href=\"https:\/\/kofe.hu\/parola\/parola-folyoirat\/a-turizmus-mint-fejleszto-munkalehetoseg\/\" \/>\n<meta property=\"og:locale\" content=\"hu_HU\" \/>\n<meta property=\"og:type\" content=\"article\" \/>\n<meta property=\"og:title\" content=\"A turizmus, mint fejleszt\u0151 munkalehet\u0151s\u00e9g - Parola Foly\u00f3irat\" \/>\n<meta property=\"og:description\" content=\"K\u00fclf\u00f6ldi p\u00e9ld\u00e1kat is ismerve, vitathatatlan, hogy a korszer\u0171 termel\u00e9s \u00e9s szolg\u00e1ltat\u00e1s mellett a legnagyobb gazdas\u00e1gi \u00e9s szellemi h\u00faz\u00f3er\u0151 a turizmus. A magyar falvaknak az adotts\u00e1gaikb\u00f3l kell \u00e9p\u00edtkezni\u00fck, a t\u0151keer\u0151s beruh\u00e1z\u00e1sok kora egyel\u0151re lej\u00e1rt. A k\u00fclf\u00f6ldi beruh\u00e1z\u00f3k els\u0151sorban az olcs\u00f3 munkaer\u0151t keresik, \u00e9s nem \u00e9rdek\u00fck a lakoss\u00e1g gazdagod\u00e1sa \u00e9s kultur\u00e1lis fejl\u0151d\u00e9se. Mindez nem jelenti azt, hogy [&hellip;]\" \/>\n<meta property=\"og:url\" content=\"https:\/\/kofe.hu\/parola\/parola-folyoirat\/a-turizmus-mint-fejleszto-munkalehetoseg\/\" \/>\n<meta property=\"og:site_name\" content=\"Parola Foly\u00f3irat\" \/>\n<meta property=\"article:published_time\" content=\"2020-07-30T11:00:18+00:00\" \/>\n<meta name=\"author\" content=\"Vercseg Ilona\" \/>\n<meta name=\"twitter:card\" content=\"summary_large_image\" \/>\n<meta name=\"twitter:label1\" content=\"Szerz\u0151:\" \/>\n\t<meta name=\"twitter:data1\" content=\"Vercseg Ilona\" \/>\n\t<meta name=\"twitter:label2\" content=\"Becs\u00fclt olvas\u00e1si id\u0151\" \/>\n\t<meta name=\"twitter:data2\" content=\"8 perc\" \/>\n\t<meta name=\"twitter:label3\" content=\"Written by\" \/>\n\t<meta name=\"twitter:data3\" content=\"Vercseg Ilona\" \/>\n<script type=\"application\/ld+json\" class=\"yoast-schema-graph\">{\"@context\":\"https:\/\/schema.org\",\"@graph\":[{\"@type\":\"Article\",\"@id\":\"https:\/\/kofe.hu\/parola\/parola-folyoirat\/a-turizmus-mint-fejleszto-munkalehetoseg\/#article\",\"isPartOf\":{\"@id\":\"https:\/\/kofe.hu\/parola\/parola-folyoirat\/a-turizmus-mint-fejleszto-munkalehetoseg\/\"},\"author\":{\"name\":\"Vercseg Ilona\",\"@id\":\"https:\/\/kofe.hu\/parola\/#\/schema\/person\/a53b1ec59d5e50541cf361a8ca24bc81\"},\"headline\":\"A turizmus, mint fejleszt\u0151 munkalehet\u0151s\u00e9g\",\"datePublished\":\"2020-07-30T11:00:18+00:00\",\"mainEntityOfPage\":{\"@id\":\"https:\/\/kofe.hu\/parola\/parola-folyoirat\/a-turizmus-mint-fejleszto-munkalehetoseg\/\"},\"wordCount\":1617,\"commentCount\":0,\"articleSection\":[\"Parola 1991\/4\",\"Parola Foly\u00f3irat\",\"Repert\u00f3rium\"],\"inLanguage\":\"hu\",\"potentialAction\":[{\"@type\":\"CommentAction\",\"name\":\"Comment\",\"target\":[\"https:\/\/kofe.hu\/parola\/parola-folyoirat\/a-turizmus-mint-fejleszto-munkalehetoseg\/#respond\"]}]},{\"@type\":\"WebPage\",\"@id\":\"https:\/\/kofe.hu\/parola\/parola-folyoirat\/a-turizmus-mint-fejleszto-munkalehetoseg\/\",\"url\":\"https:\/\/kofe.hu\/parola\/parola-folyoirat\/a-turizmus-mint-fejleszto-munkalehetoseg\/\",\"name\":\"A turizmus, mint fejleszt\u0151 munkalehet\u0151s\u00e9g - Parola Foly\u00f3irat\",\"isPartOf\":{\"@id\":\"https:\/\/kofe.hu\/parola\/#website\"},\"datePublished\":\"2020-07-30T11:00:18+00:00\",\"author\":{\"@id\":\"https:\/\/kofe.hu\/parola\/#\/schema\/person\/a53b1ec59d5e50541cf361a8ca24bc81\"},\"breadcrumb\":{\"@id\":\"https:\/\/kofe.hu\/parola\/parola-folyoirat\/a-turizmus-mint-fejleszto-munkalehetoseg\/#breadcrumb\"},\"inLanguage\":\"hu\",\"potentialAction\":[{\"@type\":\"ReadAction\",\"target\":[\"https:\/\/kofe.hu\/parola\/parola-folyoirat\/a-turizmus-mint-fejleszto-munkalehetoseg\/\"]}]},{\"@type\":\"BreadcrumbList\",\"@id\":\"https:\/\/kofe.hu\/parola\/parola-folyoirat\/a-turizmus-mint-fejleszto-munkalehetoseg\/#breadcrumb\",\"itemListElement\":[{\"@type\":\"ListItem\",\"position\":1,\"name\":\"Home\",\"item\":\"https:\/\/kofe.hu\/parola\/\"},{\"@type\":\"ListItem\",\"position\":2,\"name\":\"A turizmus, mint fejleszt\u0151 munkalehet\u0151s\u00e9g\"}]},{\"@type\":\"WebSite\",\"@id\":\"https:\/\/kofe.hu\/parola\/#website\",\"url\":\"https:\/\/kofe.hu\/parola\/\",\"name\":\"Parola Foly\u00f3irat\",\"description\":\"\",\"potentialAction\":[{\"@type\":\"SearchAction\",\"target\":{\"@type\":\"EntryPoint\",\"urlTemplate\":\"https:\/\/kofe.hu\/parola\/?s={search_term_string}\"},\"query-input\":{\"@type\":\"PropertyValueSpecification\",\"valueRequired\":true,\"valueName\":\"search_term_string\"}}],\"inLanguage\":\"hu\"},{\"@type\":\"Person\",\"@id\":\"https:\/\/kofe.hu\/parola\/#\/schema\/person\/a53b1ec59d5e50541cf361a8ca24bc81\",\"name\":\"Vercseg Ilona\",\"image\":{\"@type\":\"ImageObject\",\"inLanguage\":\"hu\",\"@id\":\"https:\/\/kofe.hu\/parola\/#\/schema\/person\/image\/fae1a4bd5dc421c3e09d0b889ef311f4\",\"url\":\"https:\/\/secure.gravatar.com\/avatar\/721c3be425f40f7ccc756f5b124920edaef51708f25b0975485fb5b2fa1e3c72?s=96&d=mm&r=g\",\"contentUrl\":\"https:\/\/secure.gravatar.com\/avatar\/721c3be425f40f7ccc756f5b124920edaef51708f25b0975485fb5b2fa1e3c72?s=96&d=mm&r=g\",\"caption\":\"Vercseg Ilona\"},\"url\":\"https:\/\/kofe.hu\/parola\/szerzok\/vercseg-ilona\/\"}]}<\/script>\n<!-- \/ Yoast SEO plugin. -->","yoast_head_json":{"title":"A turizmus, mint fejleszt\u0151 munkalehet\u0151s\u00e9g - Parola Foly\u00f3irat","robots":{"index":"index","follow":"follow","max-snippet":"max-snippet:-1","max-image-preview":"max-image-preview:large","max-video-preview":"max-video-preview:-1"},"canonical":"https:\/\/kofe.hu\/parola\/parola-folyoirat\/a-turizmus-mint-fejleszto-munkalehetoseg\/","og_locale":"hu_HU","og_type":"article","og_title":"A turizmus, mint fejleszt\u0151 munkalehet\u0151s\u00e9g - Parola Foly\u00f3irat","og_description":"K\u00fclf\u00f6ldi p\u00e9ld\u00e1kat is ismerve, vitathatatlan, hogy a korszer\u0171 termel\u00e9s \u00e9s szolg\u00e1ltat\u00e1s mellett a legnagyobb gazdas\u00e1gi \u00e9s szellemi h\u00faz\u00f3er\u0151 a turizmus. A magyar falvaknak az adotts\u00e1gaikb\u00f3l kell \u00e9p\u00edtkezni\u00fck, a t\u0151keer\u0151s beruh\u00e1z\u00e1sok kora egyel\u0151re lej\u00e1rt. A k\u00fclf\u00f6ldi beruh\u00e1z\u00f3k els\u0151sorban az olcs\u00f3 munkaer\u0151t keresik, \u00e9s nem \u00e9rdek\u00fck a lakoss\u00e1g gazdagod\u00e1sa \u00e9s kultur\u00e1lis fejl\u0151d\u00e9se. Mindez nem jelenti azt, hogy [&hellip;]","og_url":"https:\/\/kofe.hu\/parola\/parola-folyoirat\/a-turizmus-mint-fejleszto-munkalehetoseg\/","og_site_name":"Parola Foly\u00f3irat","article_published_time":"2020-07-30T11:00:18+00:00","author":"Vercseg Ilona","twitter_card":"summary_large_image","twitter_misc":{"Szerz\u0151:":"Vercseg Ilona","Becs\u00fclt olvas\u00e1si id\u0151":"8 perc","Written by":"Vercseg Ilona"},"schema":{"@context":"https:\/\/schema.org","@graph":[{"@type":"Article","@id":"https:\/\/kofe.hu\/parola\/parola-folyoirat\/a-turizmus-mint-fejleszto-munkalehetoseg\/#article","isPartOf":{"@id":"https:\/\/kofe.hu\/parola\/parola-folyoirat\/a-turizmus-mint-fejleszto-munkalehetoseg\/"},"author":{"name":"Vercseg Ilona","@id":"https:\/\/kofe.hu\/parola\/#\/schema\/person\/a53b1ec59d5e50541cf361a8ca24bc81"},"headline":"A turizmus, mint fejleszt\u0151 munkalehet\u0151s\u00e9g","datePublished":"2020-07-30T11:00:18+00:00","mainEntityOfPage":{"@id":"https:\/\/kofe.hu\/parola\/parola-folyoirat\/a-turizmus-mint-fejleszto-munkalehetoseg\/"},"wordCount":1617,"commentCount":0,"articleSection":["Parola 1991\/4","Parola Foly\u00f3irat","Repert\u00f3rium"],"inLanguage":"hu","potentialAction":[{"@type":"CommentAction","name":"Comment","target":["https:\/\/kofe.hu\/parola\/parola-folyoirat\/a-turizmus-mint-fejleszto-munkalehetoseg\/#respond"]}]},{"@type":"WebPage","@id":"https:\/\/kofe.hu\/parola\/parola-folyoirat\/a-turizmus-mint-fejleszto-munkalehetoseg\/","url":"https:\/\/kofe.hu\/parola\/parola-folyoirat\/a-turizmus-mint-fejleszto-munkalehetoseg\/","name":"A turizmus, mint fejleszt\u0151 munkalehet\u0151s\u00e9g - Parola Foly\u00f3irat","isPartOf":{"@id":"https:\/\/kofe.hu\/parola\/#website"},"datePublished":"2020-07-30T11:00:18+00:00","author":{"@id":"https:\/\/kofe.hu\/parola\/#\/schema\/person\/a53b1ec59d5e50541cf361a8ca24bc81"},"breadcrumb":{"@id":"https:\/\/kofe.hu\/parola\/parola-folyoirat\/a-turizmus-mint-fejleszto-munkalehetoseg\/#breadcrumb"},"inLanguage":"hu","potentialAction":[{"@type":"ReadAction","target":["https:\/\/kofe.hu\/parola\/parola-folyoirat\/a-turizmus-mint-fejleszto-munkalehetoseg\/"]}]},{"@type":"BreadcrumbList","@id":"https:\/\/kofe.hu\/parola\/parola-folyoirat\/a-turizmus-mint-fejleszto-munkalehetoseg\/#breadcrumb","itemListElement":[{"@type":"ListItem","position":1,"name":"Home","item":"https:\/\/kofe.hu\/parola\/"},{"@type":"ListItem","position":2,"name":"A turizmus, mint fejleszt\u0151 munkalehet\u0151s\u00e9g"}]},{"@type":"WebSite","@id":"https:\/\/kofe.hu\/parola\/#website","url":"https:\/\/kofe.hu\/parola\/","name":"Parola Foly\u00f3irat","description":"","potentialAction":[{"@type":"SearchAction","target":{"@type":"EntryPoint","urlTemplate":"https:\/\/kofe.hu\/parola\/?s={search_term_string}"},"query-input":{"@type":"PropertyValueSpecification","valueRequired":true,"valueName":"search_term_string"}}],"inLanguage":"hu"},{"@type":"Person","@id":"https:\/\/kofe.hu\/parola\/#\/schema\/person\/a53b1ec59d5e50541cf361a8ca24bc81","name":"Vercseg Ilona","image":{"@type":"ImageObject","inLanguage":"hu","@id":"https:\/\/kofe.hu\/parola\/#\/schema\/person\/image\/fae1a4bd5dc421c3e09d0b889ef311f4","url":"https:\/\/secure.gravatar.com\/avatar\/721c3be425f40f7ccc756f5b124920edaef51708f25b0975485fb5b2fa1e3c72?s=96&d=mm&r=g","contentUrl":"https:\/\/secure.gravatar.com\/avatar\/721c3be425f40f7ccc756f5b124920edaef51708f25b0975485fb5b2fa1e3c72?s=96&d=mm&r=g","caption":"Vercseg Ilona"},"url":"https:\/\/kofe.hu\/parola\/szerzok\/vercseg-ilona\/"}]}},"_links":{"self":[{"href":"https:\/\/kofe.hu\/parola\/wp-json\/wp\/v2\/posts\/4102","targetHints":{"allow":["GET"]}}],"collection":[{"href":"https:\/\/kofe.hu\/parola\/wp-json\/wp\/v2\/posts"}],"about":[{"href":"https:\/\/kofe.hu\/parola\/wp-json\/wp\/v2\/types\/post"}],"author":[{"embeddable":true,"href":"https:\/\/kofe.hu\/parola\/wp-json\/wp\/v2\/users\/16"}],"replies":[{"embeddable":true,"href":"https:\/\/kofe.hu\/parola\/wp-json\/wp\/v2\/comments?post=4102"}],"version-history":[{"count":1,"href":"https:\/\/kofe.hu\/parola\/wp-json\/wp\/v2\/posts\/4102\/revisions"}],"predecessor-version":[{"id":4103,"href":"https:\/\/kofe.hu\/parola\/wp-json\/wp\/v2\/posts\/4102\/revisions\/4103"}],"wp:attachment":[{"href":"https:\/\/kofe.hu\/parola\/wp-json\/wp\/v2\/media?parent=4102"}],"wp:term":[{"taxonomy":"category","embeddable":true,"href":"https:\/\/kofe.hu\/parola\/wp-json\/wp\/v2\/categories?post=4102"},{"taxonomy":"post_tag","embeddable":true,"href":"https:\/\/kofe.hu\/parola\/wp-json\/wp\/v2\/tags?post=4102"},{"taxonomy":"author","embeddable":true,"href":"https:\/\/kofe.hu\/parola\/wp-json\/wp\/v2\/coauthors?post=4102"}],"curies":[{"name":"wp","href":"https:\/\/api.w.org\/{rel}","templated":true}]}}